{"id":14312,"date":"2022-08-30T15:32:10","date_gmt":"2022-08-30T18:32:10","guid":{"rendered":"https:\/\/www.mpc.pr.gov.br\/?p=14312"},"modified":"2022-09-29T15:13:31","modified_gmt":"2022-09-29T18:13:31","slug":"ex-prefeito-de-diamante-do-norte-e-multado-por-permitir-o-uso-de-estrutura-do-municipio-sem-realizar-licitacao","status":"publish","type":"post","link":"https:\/\/www.mpc.pr.gov.br\/index.php\/ex-prefeito-de-diamante-do-norte-e-multado-por-permitir-o-uso-de-estrutura-do-municipio-sem-realizar-licitacao\/","title":{"rendered":"Ex-Prefeito de Diamante do Norte \u00e9 multado por permitir o uso de estrutura do Munic\u00edpio sem realizar licita\u00e7\u00e3o"},"content":{"rendered":"<figure id=\"attachment_14315\" aria-describedby=\"caption-attachment-14315\" style=\"width: 300px\" class=\"wp-caption alignleft\"><img decoding=\"async\" class=\"wp-image-14315 size-medium\" src=\"https:\/\/www.mpc.pr.gov.br\/wp-content\/uploads\/2022\/08\/Prefeitura-de-Diamante-do-Norte-300x154.jpg\" alt=\"\" width=\"300\" height=\"154\" srcset=\"https:\/\/www.mpc.pr.gov.br\/wp-content\/uploads\/2022\/08\/Prefeitura-de-Diamante-do-Norte-300x154.jpg 300w, https:\/\/www.mpc.pr.gov.br\/wp-content\/uploads\/2022\/08\/Prefeitura-de-Diamante-do-Norte.jpg 640w\" sizes=\"(max-width: 300px) 100vw, 300px\" \/><figcaption id=\"caption-attachment-14315\" class=\"wp-caption-text\">Prefeitura do munic\u00edpio paranaense de Diamante do Norte. Foto: Divulga\u00e7\u00e3o.<\/figcaption><\/figure>\n<p><span data-contrast=\"auto\">Acompanhando o opinativo do Minist\u00e9rio P\u00fablico de Contas do Paran\u00e1 (MPC-PR), o Tribunal de Contas do Estado (TCE-PR) negou provimento ao Recurso de Revista proposto pelo ex-Prefeito Municipal de Diamante do Norte (gest\u00e3o 2013-2020), mantendo a decis\u00e3o do <a href=\"https:\/\/www.mpc.pr.gov.br\/wp-content\/uploads\/2022\/08\/50-Acordao-2005-21-STP.pdf\">Ac\u00f3rd\u00e3o n\u00ba 2005\/21<\/a>, na qual foi determinada a aplica\u00e7\u00e3o de multa ao gestor municipal.<\/span><span data-ccp-props=\"{&quot;201341983&quot;:0,&quot;335551550&quot;:6,&quot;335551620&quot;:6,&quot;335559739&quot;:160,&quot;335559740&quot;:360}\">\u00a0<\/span><\/p>\n<p><span data-contrast=\"auto\">A decis\u00e3o do Tribunal Pleno ocorreu no \u00e2mbito da Representa\u00e7\u00e3o da <a href=\"http:\/\/www.planalto.gov.br\/ccivil_03\/LEIS\/L8666cons.htm\">Lei n\u00ba 8.666\/93<\/a> proposta pela C\u00e2mara Municipal de Diamante do Norte em face do Munic\u00edpio. Segundo a Representante, haveria ind\u00edcios de irregularidades nos processos licitat\u00f3rios de Inexigibilidade n\u00ba 01 e 02\/2017 e no Preg\u00e3o Presencial n\u00ba 013\/2017, instaurados para a realiza\u00e7\u00e3o do evento Expodiamante.<\/span><span data-ccp-props=\"{&quot;201341983&quot;:0,&quot;335551550&quot;:6,&quot;335551620&quot;:6,&quot;335559739&quot;:160,&quot;335559740&quot;:360}\">\u00a0<\/span><\/p>\n<h4><b><span data-contrast=\"auto\">Instru\u00e7\u00e3o do Processo<\/span><\/b><span data-ccp-props=\"{&quot;201341983&quot;:0,&quot;335551550&quot;:6,&quot;335551620&quot;:6,&quot;335559739&quot;:160,&quot;335559740&quot;:360}\">\u00a0<\/span><\/h4>\n<p><span data-contrast=\"auto\">Na Representa\u00e7\u00e3o, a C\u00e2mara Municipal alega que faltou clareza na descri\u00e7\u00e3o do objeto do Preg\u00e3o Presencial, que previu que o evento ocorreria nos dias 4 e 7 de maio de 2017, sem informa\u00e7\u00f5es sobre os dias 5 e 6 de maio. Observa ainda, que a empresa vencedora utilizou estrutura e espa\u00e7o p\u00fablico para realizar evento pr\u00f3prio (iniciativa privada) nos dias 5 e 6 de maio \u201cdesocupados\u201d pelo Munic\u00edpio, cobrando ingresso dos visitantes e, ainda, sem a realiza\u00e7\u00e3o de licita\u00e7\u00e3o ou qualquer procedimento espec\u00edfico.\u00a0<\/span><span data-ccp-props=\"{&quot;201341983&quot;:0,&quot;335551550&quot;:6,&quot;335551620&quot;:6,&quot;335559739&quot;:160,&quot;335559740&quot;:360}\">\u00a0<\/span><\/p>\n<p><span data-contrast=\"auto\">Para o Legislativo Municipal, a aus\u00eancia de previs\u00e3o no certame de explora\u00e7\u00e3o da infraestrutura do evento Expodiamante pela pr\u00f3pria empresa vencedora da licita\u00e7\u00e3o, configura favorecimento (ainda que sem dolo) da contratada em detrimento de outras empresas que poderiam se interessar pela mesma oportunidade.\u00a0\u00a0<\/span><span data-ccp-props=\"{&quot;201341983&quot;:0,&quot;335551550&quot;:6,&quot;335551620&quot;:6,&quot;335559739&quot;:160,&quot;335559740&quot;:360}\">\u00a0<\/span><\/p>\n<p><span data-contrast=\"auto\">Em sede de contradit\u00f3rio, o ex-Prefeito Municipal alegou que, de fato, o Munic\u00edpio n\u00e3o realizou nenhum evento nos dias 5 e 6 de maio de 2017, tendo a empresa vencedora pago o valor de R$ 200,00 referente \u00e0 taxa de utiliza\u00e7\u00e3o de \u00e1rea de dom\u00ednio p\u00fablico para que realizasse seu pr\u00f3prio evento.\u00a0<\/span><span data-ccp-props=\"{&quot;201341983&quot;:0,&quot;335551550&quot;:6,&quot;335551620&quot;:6,&quot;335559739&quot;:160,&quot;335559740&quot;:360}\">\u00a0<\/span><\/p>\n<p><span data-contrast=\"auto\">Instadas a se manifestar, a Coordenadoria de Gest\u00e3o Municipal (CGM) e o Minist\u00e9rio P\u00fablico de Contas opinaram pela proced\u00eancia parcial da Representa\u00e7\u00e3o, em raz\u00e3o da explora\u00e7\u00e3o do espa\u00e7o p\u00fablico pela contratada. Al\u00e9m disso, sugeriram a aplica\u00e7\u00e3o da multa constante no artigo 87, IV, \u201cg\u201d da <a href=\"https:\/\/www1.tce.pr.gov.br\/multimidia\/2005\/12\/pdf\/00084392.pdf\">Lei n\u00ba 113\/2005<\/a> ao ex-Prefeito Municipal.\u00a0\u00a0<\/span><span data-ccp-props=\"{&quot;201341983&quot;:0,&quot;335551550&quot;:6,&quot;335551620&quot;:6,&quot;335559739&quot;:160,&quot;335559740&quot;:360}\">\u00a0<\/span><\/p>\n<h4><b><span data-contrast=\"auto\">Decis\u00e3o<\/span><\/b><span data-ccp-props=\"{&quot;201341983&quot;:0,&quot;335551550&quot;:6,&quot;335551620&quot;:6,&quot;335559739&quot;:160,&quot;335559740&quot;:360}\">\u00a0<\/span><\/h4>\n<p><span data-contrast=\"auto\">O relator do processo, Conselheiro Artag\u00e3o de Mattos Le\u00e3o, acompanhou os opinativos uniformes da unidade t\u00e9cnica e do MPC-PR pela parcial proced\u00eancia da Representa\u00e7\u00e3o. Destacou que apesar do evento ter sido contratado apenas para os dias 4 e 7 de maio de 2017, com direito a instala\u00e7\u00e3o de palcos para shows, tel\u00f5es digitais, cen\u00e1rios com cortinas de Led, plataformas e pavilh\u00f5es, o mesmo foi utilizado pela empresa vencedora do certame, sem a realiza\u00e7\u00e3o de qualquer procedimento licitat\u00f3rio de permiss\u00e3o, concess\u00e3o ou autoriza\u00e7\u00e3o, em contrariedade aos precedentes do TCE-PR.\u00a0<\/span><span data-ccp-props=\"{&quot;201341983&quot;:0,&quot;335551550&quot;:6,&quot;335551620&quot;:6,&quot;335559739&quot;:160,&quot;335559740&quot;:360}\">\u00a0<\/span><\/p>\n<p><span data-contrast=\"auto\">Nesse sentido, conforme a decis\u00e3o expressa no <a href=\"https:\/\/www.mpc.pr.gov.br\/wp-content\/uploads\/2022\/08\/50-Acordao-2005-21-STP.pdf\">Ac\u00f3rd\u00e3o n\u00ba 2005\/21<\/a>, o Pleno acompanhou o voto do relator e determinou a aplica\u00e7\u00e3o da multa ao ex-Prefeito, em raz\u00e3o da aus\u00eancia de licita\u00e7\u00e3o para utiliza\u00e7\u00e3o da estrutura arcada pelo Munic\u00edpio.<\/span><span data-ccp-props=\"{&quot;201341983&quot;:0,&quot;335551550&quot;:6,&quot;335551620&quot;:6,&quot;335559739&quot;:160,&quot;335559740&quot;:360}\">\u00a0<\/span><\/p>\n<h4><b><span data-contrast=\"auto\">Recurso de Revista<\/span><\/b><span data-ccp-props=\"{&quot;201341983&quot;:0,&quot;335551550&quot;:6,&quot;335551620&quot;:6,&quot;335559739&quot;:160,&quot;335559740&quot;:360}\">\u00a0<\/span><\/h4>\n<p><span data-contrast=\"auto\">Em sede Recursal, o Munic\u00edpio destacou novamente que a empresa respons\u00e1vel em realizar o evento realizou o pagamento de uma taxa de utiliza\u00e7\u00e3o de \u00e1rea de dom\u00ednio p\u00fablico, cujo valor \u00e9 definido por meio da Lei Municipal n\u00ba 142\/2015. Alegou que n\u00e3o houve m\u00e1-f\u00e9 ou dolo, ainda que n\u00e3o tenha empregado a melhor t\u00e9cnica administrativa.\u00a0<\/span><span data-ccp-props=\"{&quot;201341983&quot;:0,&quot;335551550&quot;:6,&quot;335551620&quot;:6,&quot;335559739&quot;:160,&quot;335559740&quot;:360}\">\u00a0<\/span><\/p>\n<p><span data-contrast=\"auto\">Em nova decis\u00e3o, por meio do <a href=\"https:\/\/www.mpc.pr.gov.br\/wp-content\/uploads\/2022\/08\/65-Acordao-128-22-STP.pdf\">Ac\u00f3rd\u00e3o n\u00ba 128\/22<\/a>, o Tribunal Pleno negou provimento ao recurso, pois, em que pese n\u00e3o tenha se vislumbrado a ocorr\u00eancia de m\u00e1-f\u00e9 ou dolo, restou verificada a inobserv\u00e2ncia da Lei de Licita\u00e7\u00f5es e dos princ\u00edpios contidos no artigo 37 da <a href=\"http:\/\/www.planalto.gov.br\/ccivil_03\/constituicao\/constituicao.htm\">Constitui\u00e7\u00e3o Federal<\/a>, em especial os da impessoalidade e da publicidade, n\u00e3o sendo poss\u00edvel o afastamento da multa administrativa.<\/span><span data-ccp-props=\"{&quot;201341983&quot;:0,&quot;335551550&quot;:6,&quot;335551620&quot;:6,&quot;335559739&quot;:160,&quot;335559740&quot;:360}\">\u00a0<\/span><\/p>\n<blockquote><p><span style=\"color: #820007;\"><strong><u>Informa\u00e7\u00e3o para consulta processual<\/u><\/strong><\/span><\/p>\n<table border=\"0\" width=\"572\" cellspacing=\"0\" cellpadding=\"0\">\n<tbody>\n<tr>\n<td><strong>Processo n\u00ba<\/strong>:<\/td>\n<td>572445\/21<\/td>\n<\/tr>\n<tr>\n<td><strong>Ac\u00f3rd\u00e3o n\u00ba<\/strong>:<\/td>\n<td>128\/22 &#8211; Tribunal Pleno<\/td>\n<\/tr>\n<tr>\n<td><strong>Assunto<\/strong>:<\/td>\n<td>Recurso de Revista<\/td>\n<\/tr>\n<tr>\n<td><strong>Entidade<\/strong>:<\/td>\n<td>Munic\u00edpio de Diamante do Norte<\/td>\n<\/tr>\n<tr>\n<td><strong>Relator<\/strong>:<\/td>\n<td>Conselheiro Fernando Augusto Mello Guimar\u00e3es<\/td>\n<\/tr>\n<\/tbody>\n<\/table>\n<\/blockquote>\n","protected":false},"excerpt":{"rendered":"<p>Acompanhando o opinativo do Minist\u00e9rio P\u00fablico de Contas do Paran\u00e1 (MPC-PR), o Tribunal de Contas do Estado (TCE-PR) negou provimento ao Recurso de Revista proposto pelo ex-Prefeito Municipal de Diamante do Norte (gest\u00e3o 2013-2020), mantendo a decis\u00e3o do Ac\u00f3rd\u00e3o n\u00ba 2005\/21, na qual foi determinada a aplica\u00e7\u00e3o de multa ao gestor municipal.\u00a0 A decis\u00e3o do [&hellip;]<\/p>\n","protected":false},"author":1,"featured_media":14315,"comment_status":"open","ping_status":"open","sticky":false,"template":"","format":"standard","meta":{"_monsterinsights_skip_tracking":false,"_monsterinsights_sitenote_active":false,"_monsterinsights_sitenote_note":"","_monsterinsights_sitenote_category":0,"footnotes":""},"categories":[7],"tags":[361,85,43,13,135,39,71],"class_list":["post-14312","post","type-post","status-publish","format-standard","has-post-thumbnail","hentry","category-todas-as-noticias","tag-diamante-do-norte","tag-lei-n-8-666-93","tag-licitacao","tag-mpc-pr","tag-representacao-da-lei-n-8-666-93","tag-tce-pr","tag-tribunal-pleno","entry","has-media"],"yoast_head":"<!-- This site is optimized with the Yoast SEO plugin v27.3 - https:\/\/yoast.com\/product\/yoast-seo-wordpress\/ -->\n<title>Ex-Prefeito de Diamante do Norte \u00e9 multado por permitir o uso de estrutura do Munic\u00edpio sem realizar licita\u00e7\u00e3o - Minist\u00e9rio P\u00fablico de Contas do Estado do Paran\u00e1<\/title>\n<meta name=\"robots\" content=\"index, follow, max-snippet:-1, max-image-preview:large, max-video-preview:-1\" \/>\n<link rel=\"canonical\" href=\"https:\/\/www.mpc.pr.gov.br\/index.php\/ex-prefeito-de-diamante-do-norte-e-multado-por-permitir-o-uso-de-estrutura-do-municipio-sem-realizar-licitacao\/\" \/>\n<meta property=\"og:locale\" content=\"pt_BR\" \/>\n<meta property=\"og:type\" content=\"article\" \/>\n<meta property=\"og:title\" content=\"Ex-Prefeito de Diamante do Norte \u00e9 multado por permitir o uso de estrutura do Munic\u00edpio sem realizar licita\u00e7\u00e3o - Minist\u00e9rio P\u00fablico de Contas do Estado do Paran\u00e1\" \/>\n<meta property=\"og:description\" content=\"Acompanhando o opinativo do Minist\u00e9rio P\u00fablico de Contas do Paran\u00e1 (MPC-PR), o Tribunal de Contas do Estado (TCE-PR) negou provimento ao Recurso de Revista proposto pelo ex-Prefeito Municipal de Diamante do Norte (gest\u00e3o 2013-2020), mantendo a decis\u00e3o do Ac\u00f3rd\u00e3o n\u00ba 2005\/21, na qual foi determinada a aplica\u00e7\u00e3o de multa ao gestor municipal.\u00a0 A decis\u00e3o do [&hellip;]\" \/>\n<meta property=\"og:url\" content=\"https:\/\/www.mpc.pr.gov.br\/index.php\/ex-prefeito-de-diamante-do-norte-e-multado-por-permitir-o-uso-de-estrutura-do-municipio-sem-realizar-licitacao\/\" \/>\n<meta property=\"og:site_name\" content=\"Minist\u00e9rio P\u00fablico de Contas do Estado do Paran\u00e1\" \/>\n<meta property=\"article:publisher\" content=\"https:\/\/www.facebook.com\/mpc.pr\" \/>\n<meta property=\"article:published_time\" content=\"2022-08-30T18:32:10+00:00\" \/>\n<meta property=\"article:modified_time\" content=\"2022-09-29T18:13:31+00:00\" \/>\n<meta property=\"og:image\" content=\"https:\/\/www.mpc.pr.gov.br\/wp-content\/uploads\/2022\/08\/Prefeitura-de-Diamante-do-Norte.jpg\" \/>\n\t<meta property=\"og:image:width\" content=\"640\" \/>\n\t<meta property=\"og:image:height\" content=\"329\" \/>\n\t<meta property=\"og:image:type\" content=\"image\/jpeg\" \/>\n<meta name=\"author\" content=\"mpcontaspr\" \/>\n<meta name=\"twitter:card\" content=\"summary_large_image\" \/>\n<meta name=\"twitter:label1\" content=\"Escrito por\" \/>\n\t<meta name=\"twitter:data1\" content=\"mpcontaspr\" \/>\n\t<meta name=\"twitter:label2\" content=\"Est. tempo de leitura\" \/>\n\t<meta name=\"twitter:data2\" content=\"4 minutos\" \/>\n<script type=\"application\/ld+json\" class=\"yoast-schema-graph\">{\"@context\":\"https:\\\/\\\/schema.org\",\"@graph\":[{\"@type\":\"Article\",\"@id\":\"https:\\\/\\\/www.mpc.pr.gov.br\\\/index.php\\\/ex-prefeito-de-diamante-do-norte-e-multado-por-permitir-o-uso-de-estrutura-do-municipio-sem-realizar-licitacao\\\/#article\",\"isPartOf\":{\"@id\":\"https:\\\/\\\/www.mpc.pr.gov.br\\\/index.php\\\/ex-prefeito-de-diamante-do-norte-e-multado-por-permitir-o-uso-de-estrutura-do-municipio-sem-realizar-licitacao\\\/\"},\"author\":{\"name\":\"mpcontaspr\",\"@id\":\"https:\\\/\\\/www.mpc.pr.gov.br\\\/#\\\/schema\\\/person\\\/2d83cb8980538d0ec174e8a6284f5e11\"},\"headline\":\"Ex-Prefeito de Diamante do Norte \u00e9 multado por permitir o uso de estrutura do Munic\u00edpio sem realizar licita\u00e7\u00e3o\",\"datePublished\":\"2022-08-30T18:32:10+00:00\",\"dateModified\":\"2022-09-29T18:13:31+00:00\",\"mainEntityOfPage\":{\"@id\":\"https:\\\/\\\/www.mpc.pr.gov.br\\\/index.php\\\/ex-prefeito-de-diamante-do-norte-e-multado-por-permitir-o-uso-de-estrutura-do-municipio-sem-realizar-licitacao\\\/\"},\"wordCount\":727,\"commentCount\":0,\"publisher\":{\"@id\":\"https:\\\/\\\/www.mpc.pr.gov.br\\\/#organization\"},\"image\":{\"@id\":\"https:\\\/\\\/www.mpc.pr.gov.br\\\/index.php\\\/ex-prefeito-de-diamante-do-norte-e-multado-por-permitir-o-uso-de-estrutura-do-municipio-sem-realizar-licitacao\\\/#primaryimage\"},\"thumbnailUrl\":\"https:\\\/\\\/www.mpc.pr.gov.br\\\/wp-content\\\/uploads\\\/2022\\\/08\\\/Prefeitura-de-Diamante-do-Norte.jpg\",\"keywords\":[\"Diamante do Norte\",\"Lei n\u00b0 8.666\\\/93\",\"Licita\u00e7\u00e3o\",\"MPC-PR\",\"Representa\u00e7\u00e3o da Lei n\u00b0 8.666\\\/93\",\"TCE-PR\",\"Tribunal Pleno\"],\"articleSection\":[\"Todas as not\u00edcias\"],\"inLanguage\":\"pt-BR\",\"potentialAction\":[{\"@type\":\"CommentAction\",\"name\":\"Comment\",\"target\":[\"https:\\\/\\\/www.mpc.pr.gov.br\\\/index.php\\\/ex-prefeito-de-diamante-do-norte-e-multado-por-permitir-o-uso-de-estrutura-do-municipio-sem-realizar-licitacao\\\/#respond\"]}]},{\"@type\":\"WebPage\",\"@id\":\"https:\\\/\\\/www.mpc.pr.gov.br\\\/index.php\\\/ex-prefeito-de-diamante-do-norte-e-multado-por-permitir-o-uso-de-estrutura-do-municipio-sem-realizar-licitacao\\\/\",\"url\":\"https:\\\/\\\/www.mpc.pr.gov.br\\\/index.php\\\/ex-prefeito-de-diamante-do-norte-e-multado-por-permitir-o-uso-de-estrutura-do-municipio-sem-realizar-licitacao\\\/\",\"name\":\"Ex-Prefeito de Diamante do Norte \u00e9 multado por permitir o uso de estrutura do Munic\u00edpio sem realizar licita\u00e7\u00e3o - Minist\u00e9rio P\u00fablico de Contas do Estado do Paran\u00e1\",\"isPartOf\":{\"@id\":\"https:\\\/\\\/www.mpc.pr.gov.br\\\/#website\"},\"primaryImageOfPage\":{\"@id\":\"https:\\\/\\\/www.mpc.pr.gov.br\\\/index.php\\\/ex-prefeito-de-diamante-do-norte-e-multado-por-permitir-o-uso-de-estrutura-do-municipio-sem-realizar-licitacao\\\/#primaryimage\"},\"image\":{\"@id\":\"https:\\\/\\\/www.mpc.pr.gov.br\\\/index.php\\\/ex-prefeito-de-diamante-do-norte-e-multado-por-permitir-o-uso-de-estrutura-do-municipio-sem-realizar-licitacao\\\/#primaryimage\"},\"thumbnailUrl\":\"https:\\\/\\\/www.mpc.pr.gov.br\\\/wp-content\\\/uploads\\\/2022\\\/08\\\/Prefeitura-de-Diamante-do-Norte.jpg\",\"datePublished\":\"2022-08-30T18:32:10+00:00\",\"dateModified\":\"2022-09-29T18:13:31+00:00\",\"breadcrumb\":{\"@id\":\"https:\\\/\\\/www.mpc.pr.gov.br\\\/index.php\\\/ex-prefeito-de-diamante-do-norte-e-multado-por-permitir-o-uso-de-estrutura-do-municipio-sem-realizar-licitacao\\\/#breadcrumb\"},\"inLanguage\":\"pt-BR\",\"potentialAction\":[{\"@type\":\"ReadAction\",\"target\":[\"https:\\\/\\\/www.mpc.pr.gov.br\\\/index.php\\\/ex-prefeito-de-diamante-do-norte-e-multado-por-permitir-o-uso-de-estrutura-do-municipio-sem-realizar-licitacao\\\/\"]}]},{\"@type\":\"ImageObject\",\"inLanguage\":\"pt-BR\",\"@id\":\"https:\\\/\\\/www.mpc.pr.gov.br\\\/index.php\\\/ex-prefeito-de-diamante-do-norte-e-multado-por-permitir-o-uso-de-estrutura-do-municipio-sem-realizar-licitacao\\\/#primaryimage\",\"url\":\"https:\\\/\\\/www.mpc.pr.gov.br\\\/wp-content\\\/uploads\\\/2022\\\/08\\\/Prefeitura-de-Diamante-do-Norte.jpg\",\"contentUrl\":\"https:\\\/\\\/www.mpc.pr.gov.br\\\/wp-content\\\/uploads\\\/2022\\\/08\\\/Prefeitura-de-Diamante-do-Norte.jpg\",\"width\":640,\"height\":329,\"caption\":\"Prefeitura do munic\u00edpio paranaense de Diamante do Norte. Foto: Divulga\u00e7\u00e3o.\"},{\"@type\":\"BreadcrumbList\",\"@id\":\"https:\\\/\\\/www.mpc.pr.gov.br\\\/index.php\\\/ex-prefeito-de-diamante-do-norte-e-multado-por-permitir-o-uso-de-estrutura-do-municipio-sem-realizar-licitacao\\\/#breadcrumb\",\"itemListElement\":[{\"@type\":\"ListItem\",\"position\":1,\"name\":\"In\u00edcio\",\"item\":\"https:\\\/\\\/www.mpc.pr.gov.br\\\/\"},{\"@type\":\"ListItem\",\"position\":2,\"name\":\"Ex-Prefeito de Diamante do Norte \u00e9 multado por permitir o uso de estrutura do Munic\u00edpio sem realizar licita\u00e7\u00e3o\"}]},{\"@type\":\"WebSite\",\"@id\":\"https:\\\/\\\/www.mpc.pr.gov.br\\\/#website\",\"url\":\"https:\\\/\\\/www.mpc.pr.gov.br\\\/\",\"name\":\"Minist\u00e9rio P\u00fablico de Contas do Estado do Paran\u00e1\",\"description\":\"\",\"publisher\":{\"@id\":\"https:\\\/\\\/www.mpc.pr.gov.br\\\/#organization\"},\"potentialAction\":[{\"@type\":\"SearchAction\",\"target\":{\"@type\":\"EntryPoint\",\"urlTemplate\":\"https:\\\/\\\/www.mpc.pr.gov.br\\\/?s={search_term_string}\"},\"query-input\":{\"@type\":\"PropertyValueSpecification\",\"valueRequired\":true,\"valueName\":\"search_term_string\"}}],\"inLanguage\":\"pt-BR\"},{\"@type\":\"Organization\",\"@id\":\"https:\\\/\\\/www.mpc.pr.gov.br\\\/#organization\",\"name\":\"Minist\u00e9rio P\u00fablico de Contas do Estado do Paran\u00e1\",\"url\":\"https:\\\/\\\/www.mpc.pr.gov.br\\\/\",\"logo\":{\"@type\":\"ImageObject\",\"inLanguage\":\"pt-BR\",\"@id\":\"https:\\\/\\\/www.mpc.pr.gov.br\\\/#\\\/schema\\\/logo\\\/image\\\/\",\"url\":\"https:\\\/\\\/www.mpc.pr.gov.br\\\/wp-content\\\/uploads\\\/2020\\\/06\\\/99423647_1593460364143890_6706793420720963584_n-1-e1591387983167.png\",\"contentUrl\":\"https:\\\/\\\/www.mpc.pr.gov.br\\\/wp-content\\\/uploads\\\/2020\\\/06\\\/99423647_1593460364143890_6706793420720963584_n-1-e1591387983167.png\",\"width\":243,\"height\":73,\"caption\":\"Minist\u00e9rio P\u00fablico de Contas do Estado do Paran\u00e1\"},\"image\":{\"@id\":\"https:\\\/\\\/www.mpc.pr.gov.br\\\/#\\\/schema\\\/logo\\\/image\\\/\"},\"sameAs\":[\"https:\\\/\\\/www.facebook.com\\\/mpc.pr\",\"https:\\\/\\\/www.instagram.com\\\/mpc.pr\\\/?hl=pt-br\",\"https:\\\/\\\/www.youtube.com\\\/channel\\\/UCHri5oEM8DV0ztX57E0sBSw\"]},{\"@type\":\"Person\",\"@id\":\"https:\\\/\\\/www.mpc.pr.gov.br\\\/#\\\/schema\\\/person\\\/2d83cb8980538d0ec174e8a6284f5e11\",\"name\":\"mpcontaspr\",\"image\":{\"@type\":\"ImageObject\",\"inLanguage\":\"pt-BR\",\"@id\":\"https:\\\/\\\/secure.gravatar.com\\\/avatar\\\/1aef51541db7622e05fd639336c9c9f312c2a618396e2b6ca96846362fc5403f?s=96&d=mm&r=g\",\"url\":\"https:\\\/\\\/secure.gravatar.com\\\/avatar\\\/1aef51541db7622e05fd639336c9c9f312c2a618396e2b6ca96846362fc5403f?s=96&d=mm&r=g\",\"contentUrl\":\"https:\\\/\\\/secure.gravatar.com\\\/avatar\\\/1aef51541db7622e05fd639336c9c9f312c2a618396e2b6ca96846362fc5403f?s=96&d=mm&r=g\",\"caption\":\"mpcontaspr\"},\"sameAs\":[\"http:\\\/\\\/www.mpc.pr.gov.br\"]}]}<\/script>\n<!-- \/ Yoast SEO plugin. -->","yoast_head_json":{"title":"Ex-Prefeito de Diamante do Norte \u00e9 multado por permitir o uso de estrutura do Munic\u00edpio sem realizar licita\u00e7\u00e3o - Minist\u00e9rio P\u00fablico de Contas do Estado do Paran\u00e1","robots":{"index":"index","follow":"follow","max-snippet":"max-snippet:-1","max-image-preview":"max-image-preview:large","max-video-preview":"max-video-preview:-1"},"canonical":"https:\/\/www.mpc.pr.gov.br\/index.php\/ex-prefeito-de-diamante-do-norte-e-multado-por-permitir-o-uso-de-estrutura-do-municipio-sem-realizar-licitacao\/","og_locale":"pt_BR","og_type":"article","og_title":"Ex-Prefeito de Diamante do Norte \u00e9 multado por permitir o uso de estrutura do Munic\u00edpio sem realizar licita\u00e7\u00e3o - Minist\u00e9rio P\u00fablico de Contas do Estado do Paran\u00e1","og_description":"Acompanhando o opinativo do Minist\u00e9rio P\u00fablico de Contas do Paran\u00e1 (MPC-PR), o Tribunal de Contas do Estado (TCE-PR) negou provimento ao Recurso de Revista proposto pelo ex-Prefeito Municipal de Diamante do Norte (gest\u00e3o 2013-2020), mantendo a decis\u00e3o do Ac\u00f3rd\u00e3o n\u00ba 2005\/21, na qual foi determinada a aplica\u00e7\u00e3o de multa ao gestor municipal.\u00a0 A decis\u00e3o do [&hellip;]","og_url":"https:\/\/www.mpc.pr.gov.br\/index.php\/ex-prefeito-de-diamante-do-norte-e-multado-por-permitir-o-uso-de-estrutura-do-municipio-sem-realizar-licitacao\/","og_site_name":"Minist\u00e9rio P\u00fablico de Contas do Estado do Paran\u00e1","article_publisher":"https:\/\/www.facebook.com\/mpc.pr","article_published_time":"2022-08-30T18:32:10+00:00","article_modified_time":"2022-09-29T18:13:31+00:00","og_image":[{"width":640,"height":329,"url":"https:\/\/www.mpc.pr.gov.br\/wp-content\/uploads\/2022\/08\/Prefeitura-de-Diamante-do-Norte.jpg","type":"image\/jpeg"}],"author":"mpcontaspr","twitter_card":"summary_large_image","twitter_misc":{"Escrito por":"mpcontaspr","Est. tempo de leitura":"4 minutos"},"schema":{"@context":"https:\/\/schema.org","@graph":[{"@type":"Article","@id":"https:\/\/www.mpc.pr.gov.br\/index.php\/ex-prefeito-de-diamante-do-norte-e-multado-por-permitir-o-uso-de-estrutura-do-municipio-sem-realizar-licitacao\/#article","isPartOf":{"@id":"https:\/\/www.mpc.pr.gov.br\/index.php\/ex-prefeito-de-diamante-do-norte-e-multado-por-permitir-o-uso-de-estrutura-do-municipio-sem-realizar-licitacao\/"},"author":{"name":"mpcontaspr","@id":"https:\/\/www.mpc.pr.gov.br\/#\/schema\/person\/2d83cb8980538d0ec174e8a6284f5e11"},"headline":"Ex-Prefeito de Diamante do Norte \u00e9 multado por permitir o uso de estrutura do Munic\u00edpio sem realizar licita\u00e7\u00e3o","datePublished":"2022-08-30T18:32:10+00:00","dateModified":"2022-09-29T18:13:31+00:00","mainEntityOfPage":{"@id":"https:\/\/www.mpc.pr.gov.br\/index.php\/ex-prefeito-de-diamante-do-norte-e-multado-por-permitir-o-uso-de-estrutura-do-municipio-sem-realizar-licitacao\/"},"wordCount":727,"commentCount":0,"publisher":{"@id":"https:\/\/www.mpc.pr.gov.br\/#organization"},"image":{"@id":"https:\/\/www.mpc.pr.gov.br\/index.php\/ex-prefeito-de-diamante-do-norte-e-multado-por-permitir-o-uso-de-estrutura-do-municipio-sem-realizar-licitacao\/#primaryimage"},"thumbnailUrl":"https:\/\/www.mpc.pr.gov.br\/wp-content\/uploads\/2022\/08\/Prefeitura-de-Diamante-do-Norte.jpg","keywords":["Diamante do Norte","Lei n\u00b0 8.666\/93","Licita\u00e7\u00e3o","MPC-PR","Representa\u00e7\u00e3o da Lei n\u00b0 8.666\/93","TCE-PR","Tribunal Pleno"],"articleSection":["Todas as not\u00edcias"],"inLanguage":"pt-BR","potentialAction":[{"@type":"CommentAction","name":"Comment","target":["https:\/\/www.mpc.pr.gov.br\/index.php\/ex-prefeito-de-diamante-do-norte-e-multado-por-permitir-o-uso-de-estrutura-do-municipio-sem-realizar-licitacao\/#respond"]}]},{"@type":"WebPage","@id":"https:\/\/www.mpc.pr.gov.br\/index.php\/ex-prefeito-de-diamante-do-norte-e-multado-por-permitir-o-uso-de-estrutura-do-municipio-sem-realizar-licitacao\/","url":"https:\/\/www.mpc.pr.gov.br\/index.php\/ex-prefeito-de-diamante-do-norte-e-multado-por-permitir-o-uso-de-estrutura-do-municipio-sem-realizar-licitacao\/","name":"Ex-Prefeito de Diamante do Norte \u00e9 multado por permitir o uso de estrutura do Munic\u00edpio sem realizar licita\u00e7\u00e3o - Minist\u00e9rio P\u00fablico de Contas do Estado do Paran\u00e1","isPartOf":{"@id":"https:\/\/www.mpc.pr.gov.br\/#website"},"primaryImageOfPage":{"@id":"https:\/\/www.mpc.pr.gov.br\/index.php\/ex-prefeito-de-diamante-do-norte-e-multado-por-permitir-o-uso-de-estrutura-do-municipio-sem-realizar-licitacao\/#primaryimage"},"image":{"@id":"https:\/\/www.mpc.pr.gov.br\/index.php\/ex-prefeito-de-diamante-do-norte-e-multado-por-permitir-o-uso-de-estrutura-do-municipio-sem-realizar-licitacao\/#primaryimage"},"thumbnailUrl":"https:\/\/www.mpc.pr.gov.br\/wp-content\/uploads\/2022\/08\/Prefeitura-de-Diamante-do-Norte.jpg","datePublished":"2022-08-30T18:32:10+00:00","dateModified":"2022-09-29T18:13:31+00:00","breadcrumb":{"@id":"https:\/\/www.mpc.pr.gov.br\/index.php\/ex-prefeito-de-diamante-do-norte-e-multado-por-permitir-o-uso-de-estrutura-do-municipio-sem-realizar-licitacao\/#breadcrumb"},"inLanguage":"pt-BR","potentialAction":[{"@type":"ReadAction","target":["https:\/\/www.mpc.pr.gov.br\/index.php\/ex-prefeito-de-diamante-do-norte-e-multado-por-permitir-o-uso-de-estrutura-do-municipio-sem-realizar-licitacao\/"]}]},{"@type":"ImageObject","inLanguage":"pt-BR","@id":"https:\/\/www.mpc.pr.gov.br\/index.php\/ex-prefeito-de-diamante-do-norte-e-multado-por-permitir-o-uso-de-estrutura-do-municipio-sem-realizar-licitacao\/#primaryimage","url":"https:\/\/www.mpc.pr.gov.br\/wp-content\/uploads\/2022\/08\/Prefeitura-de-Diamante-do-Norte.jpg","contentUrl":"https:\/\/www.mpc.pr.gov.br\/wp-content\/uploads\/2022\/08\/Prefeitura-de-Diamante-do-Norte.jpg","width":640,"height":329,"caption":"Prefeitura do munic\u00edpio paranaense de Diamante do Norte. Foto: Divulga\u00e7\u00e3o."},{"@type":"BreadcrumbList","@id":"https:\/\/www.mpc.pr.gov.br\/index.php\/ex-prefeito-de-diamante-do-norte-e-multado-por-permitir-o-uso-de-estrutura-do-municipio-sem-realizar-licitacao\/#breadcrumb","itemListElement":[{"@type":"ListItem","position":1,"name":"In\u00edcio","item":"https:\/\/www.mpc.pr.gov.br\/"},{"@type":"ListItem","position":2,"name":"Ex-Prefeito de Diamante do Norte \u00e9 multado por permitir o uso de estrutura do Munic\u00edpio sem realizar licita\u00e7\u00e3o"}]},{"@type":"WebSite","@id":"https:\/\/www.mpc.pr.gov.br\/#website","url":"https:\/\/www.mpc.pr.gov.br\/","name":"Minist\u00e9rio P\u00fablico de Contas do Estado do Paran\u00e1","description":"","publisher":{"@id":"https:\/\/www.mpc.pr.gov.br\/#organization"},"potentialAction":[{"@type":"SearchAction","target":{"@type":"EntryPoint","urlTemplate":"https:\/\/www.mpc.pr.gov.br\/?s={search_term_string}"},"query-input":{"@type":"PropertyValueSpecification","valueRequired":true,"valueName":"search_term_string"}}],"inLanguage":"pt-BR"},{"@type":"Organization","@id":"https:\/\/www.mpc.pr.gov.br\/#organization","name":"Minist\u00e9rio P\u00fablico de Contas do Estado do Paran\u00e1","url":"https:\/\/www.mpc.pr.gov.br\/","logo":{"@type":"ImageObject","inLanguage":"pt-BR","@id":"https:\/\/www.mpc.pr.gov.br\/#\/schema\/logo\/image\/","url":"https:\/\/www.mpc.pr.gov.br\/wp-content\/uploads\/2020\/06\/99423647_1593460364143890_6706793420720963584_n-1-e1591387983167.png","contentUrl":"https:\/\/www.mpc.pr.gov.br\/wp-content\/uploads\/2020\/06\/99423647_1593460364143890_6706793420720963584_n-1-e1591387983167.png","width":243,"height":73,"caption":"Minist\u00e9rio P\u00fablico de Contas do Estado do Paran\u00e1"},"image":{"@id":"https:\/\/www.mpc.pr.gov.br\/#\/schema\/logo\/image\/"},"sameAs":["https:\/\/www.facebook.com\/mpc.pr","https:\/\/www.instagram.com\/mpc.pr\/?hl=pt-br","https:\/\/www.youtube.com\/channel\/UCHri5oEM8DV0ztX57E0sBSw"]},{"@type":"Person","@id":"https:\/\/www.mpc.pr.gov.br\/#\/schema\/person\/2d83cb8980538d0ec174e8a6284f5e11","name":"mpcontaspr","image":{"@type":"ImageObject","inLanguage":"pt-BR","@id":"https:\/\/secure.gravatar.com\/avatar\/1aef51541db7622e05fd639336c9c9f312c2a618396e2b6ca96846362fc5403f?s=96&d=mm&r=g","url":"https:\/\/secure.gravatar.com\/avatar\/1aef51541db7622e05fd639336c9c9f312c2a618396e2b6ca96846362fc5403f?s=96&d=mm&r=g","contentUrl":"https:\/\/secure.gravatar.com\/avatar\/1aef51541db7622e05fd639336c9c9f312c2a618396e2b6ca96846362fc5403f?s=96&d=mm&r=g","caption":"mpcontaspr"},"sameAs":["http:\/\/www.mpc.pr.gov.br"]}]}},"rttpg_featured_image_url":{"full":["https:\/\/www.mpc.pr.gov.br\/wp-content\/uploads\/2022\/08\/Prefeitura-de-Diamante-do-Norte.jpg",640,329,false],"landscape":["https:\/\/www.mpc.pr.gov.br\/wp-content\/uploads\/2022\/08\/Prefeitura-de-Diamante-do-Norte.jpg",640,329,false],"portraits":["https:\/\/www.mpc.pr.gov.br\/wp-content\/uploads\/2022\/08\/Prefeitura-de-Diamante-do-Norte.jpg",640,329,false],"thumbnail":["https:\/\/www.mpc.pr.gov.br\/wp-content\/uploads\/2022\/08\/Prefeitura-de-Diamante-do-Norte-150x150.jpg",150,150,true],"medium":["https:\/\/www.mpc.pr.gov.br\/wp-content\/uploads\/2022\/08\/Prefeitura-de-Diamante-do-Norte-300x154.jpg",300,154,true],"large":["https:\/\/www.mpc.pr.gov.br\/wp-content\/uploads\/2022\/08\/Prefeitura-de-Diamante-do-Norte.jpg",640,329,false],"1536x1536":["https:\/\/www.mpc.pr.gov.br\/wp-content\/uploads\/2022\/08\/Prefeitura-de-Diamante-do-Norte.jpg",640,329,false],"2048x2048":["https:\/\/www.mpc.pr.gov.br\/wp-content\/uploads\/2022\/08\/Prefeitura-de-Diamante-do-Norte.jpg",640,329,false],"ocean-thumb-m":["https:\/\/www.mpc.pr.gov.br\/wp-content\/uploads\/2022\/08\/Prefeitura-de-Diamante-do-Norte-600x329.jpg",600,329,true],"ocean-thumb-ml":["https:\/\/www.mpc.pr.gov.br\/wp-content\/uploads\/2022\/08\/Prefeitura-de-Diamante-do-Norte.jpg",640,329,false],"ocean-thumb-l":["https:\/\/www.mpc.pr.gov.br\/wp-content\/uploads\/2022\/08\/Prefeitura-de-Diamante-do-Norte.jpg",640,329,false]},"rttpg_author":{"display_name":"mpcontaspr","author_link":"https:\/\/www.mpc.pr.gov.br\/index.php\/author\/mpcontaspr\/"},"rttpg_comment":0,"rttpg_category":"<a href=\"https:\/\/www.mpc.pr.gov.br\/index.php\/category\/todas-as-noticias\/\" rel=\"category tag\">Todas as not\u00edcias<\/a>","rttpg_excerpt":"Acompanhando o opinativo do Minist\u00e9rio P\u00fablico de Contas do Paran\u00e1 (MPC-PR), o Tribunal de Contas do Estado (TCE-PR) negou provimento ao Recurso de Revista proposto pelo ex-Prefeito Municipal de Diamante do Norte (gest\u00e3o 2013-2020), mantendo a decis\u00e3o do Ac\u00f3rd\u00e3o n\u00ba 2005\/21, na qual foi determinada a aplica\u00e7\u00e3o de multa ao gestor municipal.\u00a0 A decis\u00e3o do&hellip;","_links":{"self":[{"href":"https:\/\/www.mpc.pr.gov.br\/index.php\/wp-json\/wp\/v2\/posts\/14312","targetHints":{"allow":["GET"]}}],"collection":[{"href":"https:\/\/www.mpc.pr.gov.br\/index.php\/wp-json\/wp\/v2\/posts"}],"about":[{"href":"https:\/\/www.mpc.pr.gov.br\/index.php\/wp-json\/wp\/v2\/types\/post"}],"author":[{"embeddable":true,"href":"https:\/\/www.mpc.pr.gov.br\/index.php\/wp-json\/wp\/v2\/users\/1"}],"replies":[{"embeddable":true,"href":"https:\/\/www.mpc.pr.gov.br\/index.php\/wp-json\/wp\/v2\/comments?post=14312"}],"version-history":[{"count":1,"href":"https:\/\/www.mpc.pr.gov.br\/index.php\/wp-json\/wp\/v2\/posts\/14312\/revisions"}],"predecessor-version":[{"id":14316,"href":"https:\/\/www.mpc.pr.gov.br\/index.php\/wp-json\/wp\/v2\/posts\/14312\/revisions\/14316"}],"wp:featuredmedia":[{"embeddable":true,"href":"https:\/\/www.mpc.pr.gov.br\/index.php\/wp-json\/wp\/v2\/media\/14315"}],"wp:attachment":[{"href":"https:\/\/www.mpc.pr.gov.br\/index.php\/wp-json\/wp\/v2\/media?parent=14312"}],"wp:term":[{"taxonomy":"category","embeddable":true,"href":"https:\/\/www.mpc.pr.gov.br\/index.php\/wp-json\/wp\/v2\/categories?post=14312"},{"taxonomy":"post_tag","embeddable":true,"href":"https:\/\/www.mpc.pr.gov.br\/index.php\/wp-json\/wp\/v2\/tags?post=14312"}],"curies":[{"name":"wp","href":"https:\/\/api.w.org\/{rel}","templated":true}]}}