{"id":14322,"date":"2022-09-05T14:48:07","date_gmt":"2022-09-05T17:48:07","guid":{"rendered":"https:\/\/www.mpc.pr.gov.br\/?p=14322"},"modified":"2022-10-13T11:40:05","modified_gmt":"2022-10-13T14:40:05","slug":"terceirizacao-de-servicos-ordinarios-de-contabilidade-e-irregular-reforca-tce-pr","status":"publish","type":"post","link":"https:\/\/www.mpc.pr.gov.br\/index.php\/terceirizacao-de-servicos-ordinarios-de-contabilidade-e-irregular-reforca-tce-pr\/","title":{"rendered":"Terceiriza\u00e7\u00e3o de servi\u00e7os ordin\u00e1rios de contabilidade \u00e9 irregular, refor\u00e7a TCE-PR"},"content":{"rendered":"<figure id=\"attachment_14323\" aria-describedby=\"caption-attachment-14323\" style=\"width: 300px\" class=\"wp-caption alignleft\"><img fetchpriority=\"high\" decoding=\"async\" class=\"wp-image-14323 size-medium\" src=\"https:\/\/www.mpc.pr.gov.br\/wp-content\/uploads\/2022\/09\/Contabilidade-divulgacao-tce-300x215.jpg\" alt=\"\" width=\"300\" height=\"215\" srcset=\"https:\/\/www.mpc.pr.gov.br\/wp-content\/uploads\/2022\/09\/Contabilidade-divulgacao-tce-300x215.jpg 300w, https:\/\/www.mpc.pr.gov.br\/wp-content\/uploads\/2022\/09\/Contabilidade-divulgacao-tce.jpg 582w\" sizes=\"(max-width: 300px) 100vw, 300px\" \/><figcaption id=\"caption-attachment-14323\" class=\"wp-caption-text\">A Contabilidade \u00e9 uma \u00e1rea do conhecimento essencial para o bom funcionamento da administra\u00e7\u00e3o p\u00fablica. Imagem: Divulga\u00e7\u00e3o.<\/figcaption><\/figure>\n<p>Ao julgar procedente Representa\u00e7\u00e3o formulada pelo Minist\u00e9rio P\u00fablico de Contas (MPC-PR) contra o Munic\u00edpio de Boa Vista da Aparecida, na Regi\u00e3o Oeste do Paran\u00e1, o Pleno do Tribunal de Contas do Estado (TCE-PR) refor\u00e7ou que \u00e9 irregular a terceiriza\u00e7\u00e3o de servi\u00e7os ordin\u00e1rios de contabilidade por parte da administra\u00e7\u00e3o p\u00fablica.<\/p>\n<p>Conforme o relator do processo, conselheiro Nestor Baptista, a pr\u00e1tica afronta tanto o\u00a0<a href=\"http:\/\/www1.tce.pr.gov.br\/conteudo\/prejulgado-n%C2%BA-6\/82361\/area\/242\">Prejulgado n\u00ba 6<\/a>\u00a0do TCE-PR quanto o artigo 39 da Constitui\u00e7\u00e3o Federal. Ambos os textos determinam que atividades desse tipo sejam exercidas exclusivamente por servidores efetivos, devidamente aprovados em concurso p\u00fablico &#8211; a n\u00e3o ser que as quest\u00f5es a serem tratadas exijam not\u00f3ria especializa\u00e7\u00e3o; que fique demonstrada a singularidade do objeto a ser contratado; ou que a demanda seja de alta complexidade.<\/p>\n<p>No caso da Prefeitura de Boa Vista da Aparecida, foi realizada a contrata\u00e7\u00e3o, em 2018, de uma microempresa para desempenhar fun\u00e7\u00f5es t\u00edpicas e permanentes de contabilidade da administra\u00e7\u00e3o municipal &#8211; o que n\u00e3o encontra guarida nas exce\u00e7\u00f5es previstas acima.<\/p>\n<h4><strong>Decis\u00e3o<\/strong><\/h4>\n<p>Diante da impropriedade, o relator manifestou-se pela emiss\u00e3o de duas determina\u00e7\u00f5es ao munic\u00edpio. Enquanto a primeira diz respeito \u00e0 necessidade de a administra\u00e7\u00e3o rescindir imediatamente o contrato irregular, a segundo estabelece que o gestor se abstenha de celebrar nova contrata\u00e7\u00e3o da mesma esp\u00e9cie.<\/p>\n<p>Finalmente, Baptista defendeu a imposi\u00e7\u00e3o de multas individuais de R$ 5.150,80 ao prefeito de Boa Vista da Aparecida e ao respons\u00e1vel pela empresa contratada indevidamente. As san\u00e7\u00f5es est\u00e3o previstas no artigo 87, inciso IV, da Lei Org\u00e2nica do TCE-PR (Lei Complementar Estadual n\u00ba 113\/2005). Cada uma delas corresponde a 40 vezes o valor da Unidade Padr\u00e3o Fiscal do Estado do Paran\u00e1 (UPF-PR). O indexador, que tem atualiza\u00e7\u00e3o mensal, valia R$ 128,77 em agosto, quando o processo foi julgado.<\/p>\n<p>Os demais membros do \u00f3rg\u00e3o colegiado do TCE-PR acompanharam, de forma un\u00e2nime, o voto do relator na sess\u00e3o de plen\u00e1rio virtual n\u00ba 9\/2022, conclu\u00edda em 4 de agosto. Cabe recurso contra a decis\u00e3o contida no Ac\u00f3rd\u00e3o n\u00ba 1376\/22 &#8211; Tribunal Pleno, publicado no dia 15 do mesmo m\u00eas, na\u00a0<a href=\"https:\/\/www1.tce.pr.gov.br\/conteudo\/diario-eletronico-2814-2022-de-15-de-agosto-de-2022\/342152\/area\/10\">edi\u00e7\u00e3o n\u00ba 2.814 do Di\u00e1rio Eletr\u00f4nico do TCE-PR (DETC)<\/a>.<\/p>\n<blockquote><p><span style=\"color: #820007;\"><strong><u>Informa\u00e7\u00e3o para consulta processual<\/u><\/strong><\/span><\/p>\n<table border=\"0\" width=\"581\" cellspacing=\"0\" cellpadding=\"0\">\n<tbody>\n<tr>\n<td><strong>Processo n\u00ba<\/strong>:<\/td>\n<td>448140\/21<\/td>\n<\/tr>\n<tr>\n<td><strong>Ac\u00f3rd\u00e3o n\u00ba<\/strong>:<\/td>\n<td>1376\/22 &#8211; Tribunal Pleno<\/td>\n<\/tr>\n<tr>\n<td><strong>Assunto<\/strong>:<\/td>\n<td>Representa\u00e7\u00e3o<\/td>\n<\/tr>\n<tr>\n<td><strong>Entidade<\/strong>:<\/td>\n<td>Munic\u00edpio de Boa Vista da Aparecida<\/td>\n<\/tr>\n<tr>\n<td><strong>Relator<\/strong>:<\/td>\n<td>Conselheiro Nestor Baptista<\/td>\n<\/tr>\n<\/tbody>\n<\/table>\n<\/blockquote>\n<p>&nbsp;<\/p>\n<blockquote><p><em><strong>Fonte: Diretoria de Comunica\u00e7\u00e3o Social do <a href=\"https:\/\/www1.tce.pr.gov.br\/\">TCE-PR<\/a>.<\/strong><\/em><\/p><\/blockquote>\n","protected":false},"excerpt":{"rendered":"<p>Ao julgar procedente Representa\u00e7\u00e3o formulada pelo Minist\u00e9rio P\u00fablico de Contas (MPC-PR) contra o Munic\u00edpio de Boa Vista da Aparecida, na Regi\u00e3o Oeste do Paran\u00e1, o Pleno do Tribunal de Contas do Estado (TCE-PR) refor\u00e7ou que \u00e9 irregular a terceiriza\u00e7\u00e3o de servi\u00e7os ordin\u00e1rios de contabilidade por parte da administra\u00e7\u00e3o p\u00fablica. Conforme o relator do processo, conselheiro [&hellip;]<\/p>\n","protected":false},"author":1,"featured_media":14323,"comment_status":"open","ping_status":"open","sticky":false,"template":"","format":"standard","meta":{"_monsterinsights_skip_tracking":false,"_monsterinsights_sitenote_active":false,"_monsterinsights_sitenote_note":"","_monsterinsights_sitenote_category":0,"footnotes":""},"categories":[7],"tags":[199,362,13,39,124,71],"class_list":["post-14322","post","type-post","status-publish","format-standard","has-post-thumbnail","hentry","category-todas-as-noticias","tag-boa-vista-da-aparecida","tag-contabilidade","tag-mpc-pr","tag-tce-pr","tag-terceirizacao","tag-tribunal-pleno","entry","has-media"],"yoast_head":"<!-- This site is optimized with the Yoast SEO plugin v27.3 - https:\/\/yoast.com\/product\/yoast-seo-wordpress\/ -->\n<title>Terceiriza\u00e7\u00e3o de servi\u00e7os ordin\u00e1rios de contabilidade \u00e9 irregular, refor\u00e7a TCE-PR - Minist\u00e9rio P\u00fablico de Contas do Estado do Paran\u00e1<\/title>\n<meta name=\"robots\" content=\"index, follow, max-snippet:-1, max-image-preview:large, max-video-preview:-1\" \/>\n<link rel=\"canonical\" href=\"https:\/\/www.mpc.pr.gov.br\/index.php\/terceirizacao-de-servicos-ordinarios-de-contabilidade-e-irregular-reforca-tce-pr\/\" \/>\n<meta property=\"og:locale\" content=\"pt_BR\" \/>\n<meta property=\"og:type\" content=\"article\" \/>\n<meta property=\"og:title\" content=\"Terceiriza\u00e7\u00e3o de servi\u00e7os ordin\u00e1rios de contabilidade \u00e9 irregular, refor\u00e7a TCE-PR - Minist\u00e9rio P\u00fablico de Contas do Estado do Paran\u00e1\" \/>\n<meta property=\"og:description\" content=\"Ao julgar procedente Representa\u00e7\u00e3o formulada pelo Minist\u00e9rio P\u00fablico de Contas (MPC-PR) contra o Munic\u00edpio de Boa Vista da Aparecida, na Regi\u00e3o Oeste do Paran\u00e1, o Pleno do Tribunal de Contas do Estado (TCE-PR) refor\u00e7ou que \u00e9 irregular a terceiriza\u00e7\u00e3o de servi\u00e7os ordin\u00e1rios de contabilidade por parte da administra\u00e7\u00e3o p\u00fablica. Conforme o relator do processo, conselheiro [&hellip;]\" \/>\n<meta property=\"og:url\" content=\"https:\/\/www.mpc.pr.gov.br\/index.php\/terceirizacao-de-servicos-ordinarios-de-contabilidade-e-irregular-reforca-tce-pr\/\" \/>\n<meta property=\"og:site_name\" content=\"Minist\u00e9rio P\u00fablico de Contas do Estado do Paran\u00e1\" \/>\n<meta property=\"article:publisher\" content=\"https:\/\/www.facebook.com\/mpc.pr\" \/>\n<meta property=\"article:published_time\" content=\"2022-09-05T17:48:07+00:00\" \/>\n<meta property=\"article:modified_time\" content=\"2022-10-13T14:40:05+00:00\" \/>\n<meta property=\"og:image\" content=\"https:\/\/www.mpc.pr.gov.br\/wp-content\/uploads\/2022\/09\/Contabilidade-divulgacao-tce.jpg\" \/>\n\t<meta property=\"og:image:width\" content=\"582\" \/>\n\t<meta property=\"og:image:height\" content=\"417\" \/>\n\t<meta property=\"og:image:type\" content=\"image\/jpeg\" \/>\n<meta name=\"author\" content=\"mpcontaspr\" \/>\n<meta name=\"twitter:card\" content=\"summary_large_image\" \/>\n<meta name=\"twitter:label1\" content=\"Escrito por\" \/>\n\t<meta name=\"twitter:data1\" content=\"mpcontaspr\" \/>\n\t<meta name=\"twitter:label2\" content=\"Est. tempo de leitura\" \/>\n\t<meta name=\"twitter:data2\" content=\"3 minutos\" \/>\n<script type=\"application\/ld+json\" class=\"yoast-schema-graph\">{\"@context\":\"https:\\\/\\\/schema.org\",\"@graph\":[{\"@type\":\"Article\",\"@id\":\"https:\\\/\\\/www.mpc.pr.gov.br\\\/index.php\\\/terceirizacao-de-servicos-ordinarios-de-contabilidade-e-irregular-reforca-tce-pr\\\/#article\",\"isPartOf\":{\"@id\":\"https:\\\/\\\/www.mpc.pr.gov.br\\\/index.php\\\/terceirizacao-de-servicos-ordinarios-de-contabilidade-e-irregular-reforca-tce-pr\\\/\"},\"author\":{\"name\":\"mpcontaspr\",\"@id\":\"https:\\\/\\\/www.mpc.pr.gov.br\\\/#\\\/schema\\\/person\\\/2d83cb8980538d0ec174e8a6284f5e11\"},\"headline\":\"Terceiriza\u00e7\u00e3o de servi\u00e7os ordin\u00e1rios de contabilidade \u00e9 irregular, refor\u00e7a TCE-PR\",\"datePublished\":\"2022-09-05T17:48:07+00:00\",\"dateModified\":\"2022-10-13T14:40:05+00:00\",\"mainEntityOfPage\":{\"@id\":\"https:\\\/\\\/www.mpc.pr.gov.br\\\/index.php\\\/terceirizacao-de-servicos-ordinarios-de-contabilidade-e-irregular-reforca-tce-pr\\\/\"},\"wordCount\":455,\"commentCount\":0,\"publisher\":{\"@id\":\"https:\\\/\\\/www.mpc.pr.gov.br\\\/#organization\"},\"image\":{\"@id\":\"https:\\\/\\\/www.mpc.pr.gov.br\\\/index.php\\\/terceirizacao-de-servicos-ordinarios-de-contabilidade-e-irregular-reforca-tce-pr\\\/#primaryimage\"},\"thumbnailUrl\":\"https:\\\/\\\/www.mpc.pr.gov.br\\\/wp-content\\\/uploads\\\/2022\\\/09\\\/Contabilidade-divulgacao-tce.jpg\",\"keywords\":[\"Boa Vista da Aparecida\",\"Contabilidade\",\"MPC-PR\",\"TCE-PR\",\"Terceiriza\u00e7\u00e3o\",\"Tribunal Pleno\"],\"articleSection\":[\"Todas as not\u00edcias\"],\"inLanguage\":\"pt-BR\",\"potentialAction\":[{\"@type\":\"CommentAction\",\"name\":\"Comment\",\"target\":[\"https:\\\/\\\/www.mpc.pr.gov.br\\\/index.php\\\/terceirizacao-de-servicos-ordinarios-de-contabilidade-e-irregular-reforca-tce-pr\\\/#respond\"]}]},{\"@type\":\"WebPage\",\"@id\":\"https:\\\/\\\/www.mpc.pr.gov.br\\\/index.php\\\/terceirizacao-de-servicos-ordinarios-de-contabilidade-e-irregular-reforca-tce-pr\\\/\",\"url\":\"https:\\\/\\\/www.mpc.pr.gov.br\\\/index.php\\\/terceirizacao-de-servicos-ordinarios-de-contabilidade-e-irregular-reforca-tce-pr\\\/\",\"name\":\"Terceiriza\u00e7\u00e3o de servi\u00e7os ordin\u00e1rios de contabilidade \u00e9 irregular, refor\u00e7a TCE-PR - Minist\u00e9rio P\u00fablico de Contas do Estado do Paran\u00e1\",\"isPartOf\":{\"@id\":\"https:\\\/\\\/www.mpc.pr.gov.br\\\/#website\"},\"primaryImageOfPage\":{\"@id\":\"https:\\\/\\\/www.mpc.pr.gov.br\\\/index.php\\\/terceirizacao-de-servicos-ordinarios-de-contabilidade-e-irregular-reforca-tce-pr\\\/#primaryimage\"},\"image\":{\"@id\":\"https:\\\/\\\/www.mpc.pr.gov.br\\\/index.php\\\/terceirizacao-de-servicos-ordinarios-de-contabilidade-e-irregular-reforca-tce-pr\\\/#primaryimage\"},\"thumbnailUrl\":\"https:\\\/\\\/www.mpc.pr.gov.br\\\/wp-content\\\/uploads\\\/2022\\\/09\\\/Contabilidade-divulgacao-tce.jpg\",\"datePublished\":\"2022-09-05T17:48:07+00:00\",\"dateModified\":\"2022-10-13T14:40:05+00:00\",\"breadcrumb\":{\"@id\":\"https:\\\/\\\/www.mpc.pr.gov.br\\\/index.php\\\/terceirizacao-de-servicos-ordinarios-de-contabilidade-e-irregular-reforca-tce-pr\\\/#breadcrumb\"},\"inLanguage\":\"pt-BR\",\"potentialAction\":[{\"@type\":\"ReadAction\",\"target\":[\"https:\\\/\\\/www.mpc.pr.gov.br\\\/index.php\\\/terceirizacao-de-servicos-ordinarios-de-contabilidade-e-irregular-reforca-tce-pr\\\/\"]}]},{\"@type\":\"ImageObject\",\"inLanguage\":\"pt-BR\",\"@id\":\"https:\\\/\\\/www.mpc.pr.gov.br\\\/index.php\\\/terceirizacao-de-servicos-ordinarios-de-contabilidade-e-irregular-reforca-tce-pr\\\/#primaryimage\",\"url\":\"https:\\\/\\\/www.mpc.pr.gov.br\\\/wp-content\\\/uploads\\\/2022\\\/09\\\/Contabilidade-divulgacao-tce.jpg\",\"contentUrl\":\"https:\\\/\\\/www.mpc.pr.gov.br\\\/wp-content\\\/uploads\\\/2022\\\/09\\\/Contabilidade-divulgacao-tce.jpg\",\"width\":582,\"height\":417,\"caption\":\"A Contabilidade \u00e9 uma \u00e1rea do conhecimento essencial para o bom funcionamento da administra\u00e7\u00e3o p\u00fablica. Imagem: Divulga\u00e7\u00e3o.\"},{\"@type\":\"BreadcrumbList\",\"@id\":\"https:\\\/\\\/www.mpc.pr.gov.br\\\/index.php\\\/terceirizacao-de-servicos-ordinarios-de-contabilidade-e-irregular-reforca-tce-pr\\\/#breadcrumb\",\"itemListElement\":[{\"@type\":\"ListItem\",\"position\":1,\"name\":\"In\u00edcio\",\"item\":\"https:\\\/\\\/www.mpc.pr.gov.br\\\/\"},{\"@type\":\"ListItem\",\"position\":2,\"name\":\"Terceiriza\u00e7\u00e3o de servi\u00e7os ordin\u00e1rios de contabilidade \u00e9 irregular, refor\u00e7a TCE-PR\"}]},{\"@type\":\"WebSite\",\"@id\":\"https:\\\/\\\/www.mpc.pr.gov.br\\\/#website\",\"url\":\"https:\\\/\\\/www.mpc.pr.gov.br\\\/\",\"name\":\"Minist\u00e9rio P\u00fablico de Contas do Estado do Paran\u00e1\",\"description\":\"\",\"publisher\":{\"@id\":\"https:\\\/\\\/www.mpc.pr.gov.br\\\/#organization\"},\"potentialAction\":[{\"@type\":\"SearchAction\",\"target\":{\"@type\":\"EntryPoint\",\"urlTemplate\":\"https:\\\/\\\/www.mpc.pr.gov.br\\\/?s={search_term_string}\"},\"query-input\":{\"@type\":\"PropertyValueSpecification\",\"valueRequired\":true,\"valueName\":\"search_term_string\"}}],\"inLanguage\":\"pt-BR\"},{\"@type\":\"Organization\",\"@id\":\"https:\\\/\\\/www.mpc.pr.gov.br\\\/#organization\",\"name\":\"Minist\u00e9rio P\u00fablico de Contas do Estado do Paran\u00e1\",\"url\":\"https:\\\/\\\/www.mpc.pr.gov.br\\\/\",\"logo\":{\"@type\":\"ImageObject\",\"inLanguage\":\"pt-BR\",\"@id\":\"https:\\\/\\\/www.mpc.pr.gov.br\\\/#\\\/schema\\\/logo\\\/image\\\/\",\"url\":\"https:\\\/\\\/www.mpc.pr.gov.br\\\/wp-content\\\/uploads\\\/2020\\\/06\\\/99423647_1593460364143890_6706793420720963584_n-1-e1591387983167.png\",\"contentUrl\":\"https:\\\/\\\/www.mpc.pr.gov.br\\\/wp-content\\\/uploads\\\/2020\\\/06\\\/99423647_1593460364143890_6706793420720963584_n-1-e1591387983167.png\",\"width\":243,\"height\":73,\"caption\":\"Minist\u00e9rio P\u00fablico de Contas do Estado do Paran\u00e1\"},\"image\":{\"@id\":\"https:\\\/\\\/www.mpc.pr.gov.br\\\/#\\\/schema\\\/logo\\\/image\\\/\"},\"sameAs\":[\"https:\\\/\\\/www.facebook.com\\\/mpc.pr\",\"https:\\\/\\\/www.instagram.com\\\/mpc.pr\\\/?hl=pt-br\",\"https:\\\/\\\/www.youtube.com\\\/channel\\\/UCHri5oEM8DV0ztX57E0sBSw\"]},{\"@type\":\"Person\",\"@id\":\"https:\\\/\\\/www.mpc.pr.gov.br\\\/#\\\/schema\\\/person\\\/2d83cb8980538d0ec174e8a6284f5e11\",\"name\":\"mpcontaspr\",\"image\":{\"@type\":\"ImageObject\",\"inLanguage\":\"pt-BR\",\"@id\":\"https:\\\/\\\/secure.gravatar.com\\\/avatar\\\/1aef51541db7622e05fd639336c9c9f312c2a618396e2b6ca96846362fc5403f?s=96&d=mm&r=g\",\"url\":\"https:\\\/\\\/secure.gravatar.com\\\/avatar\\\/1aef51541db7622e05fd639336c9c9f312c2a618396e2b6ca96846362fc5403f?s=96&d=mm&r=g\",\"contentUrl\":\"https:\\\/\\\/secure.gravatar.com\\\/avatar\\\/1aef51541db7622e05fd639336c9c9f312c2a618396e2b6ca96846362fc5403f?s=96&d=mm&r=g\",\"caption\":\"mpcontaspr\"},\"sameAs\":[\"http:\\\/\\\/www.mpc.pr.gov.br\"]}]}<\/script>\n<!-- \/ Yoast SEO plugin. -->","yoast_head_json":{"title":"Terceiriza\u00e7\u00e3o de servi\u00e7os ordin\u00e1rios de contabilidade \u00e9 irregular, refor\u00e7a TCE-PR - Minist\u00e9rio P\u00fablico de Contas do Estado do Paran\u00e1","robots":{"index":"index","follow":"follow","max-snippet":"max-snippet:-1","max-image-preview":"max-image-preview:large","max-video-preview":"max-video-preview:-1"},"canonical":"https:\/\/www.mpc.pr.gov.br\/index.php\/terceirizacao-de-servicos-ordinarios-de-contabilidade-e-irregular-reforca-tce-pr\/","og_locale":"pt_BR","og_type":"article","og_title":"Terceiriza\u00e7\u00e3o de servi\u00e7os ordin\u00e1rios de contabilidade \u00e9 irregular, refor\u00e7a TCE-PR - Minist\u00e9rio P\u00fablico de Contas do Estado do Paran\u00e1","og_description":"Ao julgar procedente Representa\u00e7\u00e3o formulada pelo Minist\u00e9rio P\u00fablico de Contas (MPC-PR) contra o Munic\u00edpio de Boa Vista da Aparecida, na Regi\u00e3o Oeste do Paran\u00e1, o Pleno do Tribunal de Contas do Estado (TCE-PR) refor\u00e7ou que \u00e9 irregular a terceiriza\u00e7\u00e3o de servi\u00e7os ordin\u00e1rios de contabilidade por parte da administra\u00e7\u00e3o p\u00fablica. Conforme o relator do processo, conselheiro [&hellip;]","og_url":"https:\/\/www.mpc.pr.gov.br\/index.php\/terceirizacao-de-servicos-ordinarios-de-contabilidade-e-irregular-reforca-tce-pr\/","og_site_name":"Minist\u00e9rio P\u00fablico de Contas do Estado do Paran\u00e1","article_publisher":"https:\/\/www.facebook.com\/mpc.pr","article_published_time":"2022-09-05T17:48:07+00:00","article_modified_time":"2022-10-13T14:40:05+00:00","og_image":[{"width":582,"height":417,"url":"https:\/\/www.mpc.pr.gov.br\/wp-content\/uploads\/2022\/09\/Contabilidade-divulgacao-tce.jpg","type":"image\/jpeg"}],"author":"mpcontaspr","twitter_card":"summary_large_image","twitter_misc":{"Escrito por":"mpcontaspr","Est. tempo de leitura":"3 minutos"},"schema":{"@context":"https:\/\/schema.org","@graph":[{"@type":"Article","@id":"https:\/\/www.mpc.pr.gov.br\/index.php\/terceirizacao-de-servicos-ordinarios-de-contabilidade-e-irregular-reforca-tce-pr\/#article","isPartOf":{"@id":"https:\/\/www.mpc.pr.gov.br\/index.php\/terceirizacao-de-servicos-ordinarios-de-contabilidade-e-irregular-reforca-tce-pr\/"},"author":{"name":"mpcontaspr","@id":"https:\/\/www.mpc.pr.gov.br\/#\/schema\/person\/2d83cb8980538d0ec174e8a6284f5e11"},"headline":"Terceiriza\u00e7\u00e3o de servi\u00e7os ordin\u00e1rios de contabilidade \u00e9 irregular, refor\u00e7a TCE-PR","datePublished":"2022-09-05T17:48:07+00:00","dateModified":"2022-10-13T14:40:05+00:00","mainEntityOfPage":{"@id":"https:\/\/www.mpc.pr.gov.br\/index.php\/terceirizacao-de-servicos-ordinarios-de-contabilidade-e-irregular-reforca-tce-pr\/"},"wordCount":455,"commentCount":0,"publisher":{"@id":"https:\/\/www.mpc.pr.gov.br\/#organization"},"image":{"@id":"https:\/\/www.mpc.pr.gov.br\/index.php\/terceirizacao-de-servicos-ordinarios-de-contabilidade-e-irregular-reforca-tce-pr\/#primaryimage"},"thumbnailUrl":"https:\/\/www.mpc.pr.gov.br\/wp-content\/uploads\/2022\/09\/Contabilidade-divulgacao-tce.jpg","keywords":["Boa Vista da Aparecida","Contabilidade","MPC-PR","TCE-PR","Terceiriza\u00e7\u00e3o","Tribunal Pleno"],"articleSection":["Todas as not\u00edcias"],"inLanguage":"pt-BR","potentialAction":[{"@type":"CommentAction","name":"Comment","target":["https:\/\/www.mpc.pr.gov.br\/index.php\/terceirizacao-de-servicos-ordinarios-de-contabilidade-e-irregular-reforca-tce-pr\/#respond"]}]},{"@type":"WebPage","@id":"https:\/\/www.mpc.pr.gov.br\/index.php\/terceirizacao-de-servicos-ordinarios-de-contabilidade-e-irregular-reforca-tce-pr\/","url":"https:\/\/www.mpc.pr.gov.br\/index.php\/terceirizacao-de-servicos-ordinarios-de-contabilidade-e-irregular-reforca-tce-pr\/","name":"Terceiriza\u00e7\u00e3o de servi\u00e7os ordin\u00e1rios de contabilidade \u00e9 irregular, refor\u00e7a TCE-PR - Minist\u00e9rio P\u00fablico de Contas do Estado do Paran\u00e1","isPartOf":{"@id":"https:\/\/www.mpc.pr.gov.br\/#website"},"primaryImageOfPage":{"@id":"https:\/\/www.mpc.pr.gov.br\/index.php\/terceirizacao-de-servicos-ordinarios-de-contabilidade-e-irregular-reforca-tce-pr\/#primaryimage"},"image":{"@id":"https:\/\/www.mpc.pr.gov.br\/index.php\/terceirizacao-de-servicos-ordinarios-de-contabilidade-e-irregular-reforca-tce-pr\/#primaryimage"},"thumbnailUrl":"https:\/\/www.mpc.pr.gov.br\/wp-content\/uploads\/2022\/09\/Contabilidade-divulgacao-tce.jpg","datePublished":"2022-09-05T17:48:07+00:00","dateModified":"2022-10-13T14:40:05+00:00","breadcrumb":{"@id":"https:\/\/www.mpc.pr.gov.br\/index.php\/terceirizacao-de-servicos-ordinarios-de-contabilidade-e-irregular-reforca-tce-pr\/#breadcrumb"},"inLanguage":"pt-BR","potentialAction":[{"@type":"ReadAction","target":["https:\/\/www.mpc.pr.gov.br\/index.php\/terceirizacao-de-servicos-ordinarios-de-contabilidade-e-irregular-reforca-tce-pr\/"]}]},{"@type":"ImageObject","inLanguage":"pt-BR","@id":"https:\/\/www.mpc.pr.gov.br\/index.php\/terceirizacao-de-servicos-ordinarios-de-contabilidade-e-irregular-reforca-tce-pr\/#primaryimage","url":"https:\/\/www.mpc.pr.gov.br\/wp-content\/uploads\/2022\/09\/Contabilidade-divulgacao-tce.jpg","contentUrl":"https:\/\/www.mpc.pr.gov.br\/wp-content\/uploads\/2022\/09\/Contabilidade-divulgacao-tce.jpg","width":582,"height":417,"caption":"A Contabilidade \u00e9 uma \u00e1rea do conhecimento essencial para o bom funcionamento da administra\u00e7\u00e3o p\u00fablica. Imagem: Divulga\u00e7\u00e3o."},{"@type":"BreadcrumbList","@id":"https:\/\/www.mpc.pr.gov.br\/index.php\/terceirizacao-de-servicos-ordinarios-de-contabilidade-e-irregular-reforca-tce-pr\/#breadcrumb","itemListElement":[{"@type":"ListItem","position":1,"name":"In\u00edcio","item":"https:\/\/www.mpc.pr.gov.br\/"},{"@type":"ListItem","position":2,"name":"Terceiriza\u00e7\u00e3o de servi\u00e7os ordin\u00e1rios de contabilidade \u00e9 irregular, refor\u00e7a TCE-PR"}]},{"@type":"WebSite","@id":"https:\/\/www.mpc.pr.gov.br\/#website","url":"https:\/\/www.mpc.pr.gov.br\/","name":"Minist\u00e9rio P\u00fablico de Contas do Estado do Paran\u00e1","description":"","publisher":{"@id":"https:\/\/www.mpc.pr.gov.br\/#organization"},"potentialAction":[{"@type":"SearchAction","target":{"@type":"EntryPoint","urlTemplate":"https:\/\/www.mpc.pr.gov.br\/?s={search_term_string}"},"query-input":{"@type":"PropertyValueSpecification","valueRequired":true,"valueName":"search_term_string"}}],"inLanguage":"pt-BR"},{"@type":"Organization","@id":"https:\/\/www.mpc.pr.gov.br\/#organization","name":"Minist\u00e9rio P\u00fablico de Contas do Estado do Paran\u00e1","url":"https:\/\/www.mpc.pr.gov.br\/","logo":{"@type":"ImageObject","inLanguage":"pt-BR","@id":"https:\/\/www.mpc.pr.gov.br\/#\/schema\/logo\/image\/","url":"https:\/\/www.mpc.pr.gov.br\/wp-content\/uploads\/2020\/06\/99423647_1593460364143890_6706793420720963584_n-1-e1591387983167.png","contentUrl":"https:\/\/www.mpc.pr.gov.br\/wp-content\/uploads\/2020\/06\/99423647_1593460364143890_6706793420720963584_n-1-e1591387983167.png","width":243,"height":73,"caption":"Minist\u00e9rio P\u00fablico de Contas do Estado do Paran\u00e1"},"image":{"@id":"https:\/\/www.mpc.pr.gov.br\/#\/schema\/logo\/image\/"},"sameAs":["https:\/\/www.facebook.com\/mpc.pr","https:\/\/www.instagram.com\/mpc.pr\/?hl=pt-br","https:\/\/www.youtube.com\/channel\/UCHri5oEM8DV0ztX57E0sBSw"]},{"@type":"Person","@id":"https:\/\/www.mpc.pr.gov.br\/#\/schema\/person\/2d83cb8980538d0ec174e8a6284f5e11","name":"mpcontaspr","image":{"@type":"ImageObject","inLanguage":"pt-BR","@id":"https:\/\/secure.gravatar.com\/avatar\/1aef51541db7622e05fd639336c9c9f312c2a618396e2b6ca96846362fc5403f?s=96&d=mm&r=g","url":"https:\/\/secure.gravatar.com\/avatar\/1aef51541db7622e05fd639336c9c9f312c2a618396e2b6ca96846362fc5403f?s=96&d=mm&r=g","contentUrl":"https:\/\/secure.gravatar.com\/avatar\/1aef51541db7622e05fd639336c9c9f312c2a618396e2b6ca96846362fc5403f?s=96&d=mm&r=g","caption":"mpcontaspr"},"sameAs":["http:\/\/www.mpc.pr.gov.br"]}]}},"rttpg_featured_image_url":{"full":["https:\/\/www.mpc.pr.gov.br\/wp-content\/uploads\/2022\/09\/Contabilidade-divulgacao-tce.jpg",582,417,false],"landscape":["https:\/\/www.mpc.pr.gov.br\/wp-content\/uploads\/2022\/09\/Contabilidade-divulgacao-tce.jpg",582,417,false],"portraits":["https:\/\/www.mpc.pr.gov.br\/wp-content\/uploads\/2022\/09\/Contabilidade-divulgacao-tce.jpg",582,417,false],"thumbnail":["https:\/\/www.mpc.pr.gov.br\/wp-content\/uploads\/2022\/09\/Contabilidade-divulgacao-tce-150x150.jpg",150,150,true],"medium":["https:\/\/www.mpc.pr.gov.br\/wp-content\/uploads\/2022\/09\/Contabilidade-divulgacao-tce-300x215.jpg",300,215,true],"large":["https:\/\/www.mpc.pr.gov.br\/wp-content\/uploads\/2022\/09\/Contabilidade-divulgacao-tce.jpg",582,417,false],"1536x1536":["https:\/\/www.mpc.pr.gov.br\/wp-content\/uploads\/2022\/09\/Contabilidade-divulgacao-tce.jpg",582,417,false],"2048x2048":["https:\/\/www.mpc.pr.gov.br\/wp-content\/uploads\/2022\/09\/Contabilidade-divulgacao-tce.jpg",582,417,false],"ocean-thumb-m":["https:\/\/www.mpc.pr.gov.br\/wp-content\/uploads\/2022\/09\/Contabilidade-divulgacao-tce.jpg",582,417,false],"ocean-thumb-ml":["https:\/\/www.mpc.pr.gov.br\/wp-content\/uploads\/2022\/09\/Contabilidade-divulgacao-tce.jpg",582,417,false],"ocean-thumb-l":["https:\/\/www.mpc.pr.gov.br\/wp-content\/uploads\/2022\/09\/Contabilidade-divulgacao-tce.jpg",582,417,false]},"rttpg_author":{"display_name":"mpcontaspr","author_link":"https:\/\/www.mpc.pr.gov.br\/index.php\/author\/mpcontaspr\/"},"rttpg_comment":0,"rttpg_category":"<a href=\"https:\/\/www.mpc.pr.gov.br\/index.php\/category\/todas-as-noticias\/\" rel=\"category tag\">Todas as not\u00edcias<\/a>","rttpg_excerpt":"Ao julgar procedente Representa\u00e7\u00e3o formulada pelo Minist\u00e9rio P\u00fablico de Contas (MPC-PR) contra o Munic\u00edpio de Boa Vista da Aparecida, na Regi\u00e3o Oeste do Paran\u00e1, o Pleno do Tribunal de Contas do Estado (TCE-PR) refor\u00e7ou que \u00e9 irregular a terceiriza\u00e7\u00e3o de servi\u00e7os ordin\u00e1rios de contabilidade por parte da administra\u00e7\u00e3o p\u00fablica. Conforme o relator do processo, conselheiro&hellip;","_links":{"self":[{"href":"https:\/\/www.mpc.pr.gov.br\/index.php\/wp-json\/wp\/v2\/posts\/14322","targetHints":{"allow":["GET"]}}],"collection":[{"href":"https:\/\/www.mpc.pr.gov.br\/index.php\/wp-json\/wp\/v2\/posts"}],"about":[{"href":"https:\/\/www.mpc.pr.gov.br\/index.php\/wp-json\/wp\/v2\/types\/post"}],"author":[{"embeddable":true,"href":"https:\/\/www.mpc.pr.gov.br\/index.php\/wp-json\/wp\/v2\/users\/1"}],"replies":[{"embeddable":true,"href":"https:\/\/www.mpc.pr.gov.br\/index.php\/wp-json\/wp\/v2\/comments?post=14322"}],"version-history":[{"count":1,"href":"https:\/\/www.mpc.pr.gov.br\/index.php\/wp-json\/wp\/v2\/posts\/14322\/revisions"}],"predecessor-version":[{"id":14324,"href":"https:\/\/www.mpc.pr.gov.br\/index.php\/wp-json\/wp\/v2\/posts\/14322\/revisions\/14324"}],"wp:featuredmedia":[{"embeddable":true,"href":"https:\/\/www.mpc.pr.gov.br\/index.php\/wp-json\/wp\/v2\/media\/14323"}],"wp:attachment":[{"href":"https:\/\/www.mpc.pr.gov.br\/index.php\/wp-json\/wp\/v2\/media?parent=14322"}],"wp:term":[{"taxonomy":"category","embeddable":true,"href":"https:\/\/www.mpc.pr.gov.br\/index.php\/wp-json\/wp\/v2\/categories?post=14322"},{"taxonomy":"post_tag","embeddable":true,"href":"https:\/\/www.mpc.pr.gov.br\/index.php\/wp-json\/wp\/v2\/tags?post=14322"}],"curies":[{"name":"wp","href":"https:\/\/api.w.org\/{rel}","templated":true}]}}