{"id":14431,"date":"2022-09-29T15:13:03","date_gmt":"2022-09-29T18:13:03","guid":{"rendered":"https:\/\/www.mpc.pr.gov.br\/?p=14431"},"modified":"2022-11-04T14:34:25","modified_gmt":"2022-11-04T17:34:25","slug":"procuradoria-da-republica-confirma-constitucionalidade-do-prejulgado-n-28-do-tribunal-de-contas","status":"publish","type":"post","link":"https:\/\/www.mpc.pr.gov.br\/index.php\/procuradoria-da-republica-confirma-constitucionalidade-do-prejulgado-n-28-do-tribunal-de-contas\/","title":{"rendered":"Procuradoria da Rep\u00fablica confirma constitucionalidade do Prejulgado n\u00b0 28 do Tribunal de Contas"},"content":{"rendered":"<figure id=\"attachment_14432\" aria-describedby=\"caption-attachment-14432\" style=\"width: 300px\" class=\"wp-caption alignleft\"><img fetchpriority=\"high\" decoding=\"async\" class=\"wp-image-14432 size-medium\" src=\"https:\/\/www.mpc.pr.gov.br\/wp-content\/uploads\/2022\/09\/Foto-tce-pr-sede-300x212.jpg\" alt=\"\" width=\"300\" height=\"212\" srcset=\"https:\/\/www.mpc.pr.gov.br\/wp-content\/uploads\/2022\/09\/Foto-tce-pr-sede-300x212.jpg 300w, https:\/\/www.mpc.pr.gov.br\/wp-content\/uploads\/2022\/09\/Foto-tce-pr-sede.jpg 640w\" sizes=\"(max-width: 300px) 100vw, 300px\" \/><figcaption id=\"caption-attachment-14432\" class=\"wp-caption-text\">Edif\u00edcio-Sede do TCE-PR, localizado no bairro Centro C\u00edvico, em Curitiba. Foto: Wagner Ara\u00fajo\/Divulga\u00e7\u00e3o TCE-PR.<\/figcaption><\/figure>\n<p>O Minist\u00e9rio P\u00fablico Federal (MPF) opinou pela negativa de provimento ao recurso em mandado de seguran\u00e7a n\u00b0 69.979\/PR\u00a0\u00a0interposto pela Paranagu\u00e1 Previd\u00eancia contra a decis\u00e3o do Tribunal de Justi\u00e7a do Paran\u00e1 (TJ-PR), que convalidava a decis\u00e3o do Tribunal de Contas do Paran\u00e1 (TCE-PR), <span data-contrast=\"none\">proferida no <a href=\"https:\/\/www.mpc.pr.gov.br\/wp-content\/uploads\/2021\/06\/Acordao-1331-21.pdf\">Ac\u00f3rd\u00e3o n\u00ba 1331\/21<\/a>, na qual julgou-se parcialmente procedente a <a href=\"https:\/\/www.mpc.pr.gov.br\/wp-content\/uploads\/2021\/06\/Representacao-no-331782-21.pdf\">Representa\u00e7\u00e3o n\u00ba 331782\/21<\/a> do Minist\u00e9rio P\u00fablico de Contas do Paran\u00e1 (MPC-PR). <\/span>Na referida representa\u00e7\u00e3o, o \u00f3rg\u00e3o ministerial de contas apontou irregularidades na concess\u00e3o de aposentadorias, em raz\u00e3o da incorreta interpreta\u00e7\u00e3o das regras de transi\u00e7\u00e3o fixadas pelas Emendas Constitucionais n\u00ba <span data-contrast=\"none\"> <a href=\"http:\/\/www.planalto.gov.br\/ccivil_03\/constituicao\/emendas\/emc\/emc41.htm\">41\/03<\/a>, n\u00ba <a href=\"http:\/\/www.planalto.gov.br\/ccivil_03\/constituicao\/emendas\/emc\/emc47.htm\">47\/05<\/a> e n\u00ba <a href=\"http:\/\/www.planalto.gov.br\/ccivil_03\/constituicao\/emendas\/emc\/emc70.htm\">70\/12<\/a>. <\/span><span data-ccp-props=\"{&quot;201341983&quot;:0,&quot;335551550&quot;:6,&quot;335551620&quot;:6,&quot;335559739&quot;:160,&quot;335559740&quot;:360}\">\u00a0<\/span><\/p>\n<p><span data-contrast=\"none\">A decis\u00e3o do TCE-PR determinou que a entidade previdenci\u00e1ria se abstivesse de oferecer aos seus segurados a possibilidade de aposentadoria com base nas regras de transi\u00e7\u00e3o das citadas Emendas Constitucionais, para os casos em que n\u00e3o se comprovar o reconhecimento do regime estatut\u00e1rio at\u00e9 as datas limites de cada Emenda, bem como a necessidade da autarquia proceder \u00e0 revis\u00e3o de todas as aposentadorias e pens\u00f5es concedidas em desacordo com os enunciados fixados no <a href=\"https:\/\/www1.tce.pr.gov.br\/multimidia\/2021\/6\/pdf\/00357359.pdf\">Prejulgado n\u00ba 28<\/a> da Corte de Contas.\u00a0\u00a0\u00a0<\/span><span data-ccp-props=\"{&quot;201341983&quot;:0,&quot;335551550&quot;:6,&quot;335551620&quot;:6,&quot;335559739&quot;:160,&quot;335559740&quot;:360}\">\u00a0<\/span><\/p>\n<p>A Paranagu\u00e1 Previd\u00eancia impetrou mandado de seguran\u00e7a apreciado pelo \u00d3rg\u00e3o Especial do Tribunal de Justi\u00e7a do Estado do Paran\u00e1, que indeferiu a liminar pleiteada. Alegando omiss\u00e3o na decis\u00e3o, apresentou Embargos de Declara\u00e7\u00e3o, contudo, os membros do TJ-PR conclu\u00edram que n\u00e3o procedem as alega\u00e7\u00f5es do recorrente, inexistindo quaisquer omiss\u00f5es na decis\u00e3o do Tribunal de Justi\u00e7a que convalidou o entendimento do Tribunal de Contas, firmado no Prejulgado 28,\u00a0\u00a0que deu ensejo \u00e0 cautelar determinada pelo <a href=\"https:\/\/www.mpc.pr.gov.br\/wp-content\/uploads\/2021\/06\/Acordao-1331-21.pdf\">Ac\u00f3rd\u00e3o n\u00ba 1331\/21<\/a>, do TCE\/PR.<\/p>\n<p><span data-contrast=\"none\">Por sua vez, no \u00e2mbito do MPF, o Subprocurador-Geral da Rep\u00fablica, ilustre Brasilino Pereira dos Santos, destacou a decis\u00e3o acertada do TCE-PR em negar registro das aposentadorias irregulares. Conforme o <a href=\"https:\/\/www.mpc.pr.gov.br\/wp-content\/uploads\/2022\/09\/Parecer-MPF-2022-0166125-1.pdf\">Parecer n\u00b0 2022\/0166125-1<\/a>, observou que em rela\u00e7\u00e3o aos servidores efetivos que tiveram seus empregos transformados em cargos p\u00fablicos, entende-se que no caso das migra\u00e7\u00f5es de regime realizadas ap\u00f3s a Constitui\u00e7\u00e3o Federal de 1988, ser\u00e3o aceitas para fins de registro desde que efetuadas at\u00e9 as datas limites de ingresso estipuladas pelas Emendas Constitucionais. <\/span><span data-ccp-props=\"{&quot;201341983&quot;:0,&quot;335551550&quot;:6,&quot;335551620&quot;:6,&quot;335559739&quot;:160,&quot;335559740&quot;:360}\">\u00a0<\/span><\/p>\n<p>De maneira complementar o Subprocurador-Geral da Rep\u00fablica, citando\u00a0\u00a0jurisprud\u00eancia do Supremo Tribunal Federal (STF) e do Superior Tribunal de Justi\u00e7a (STJ), por fim, concluiu pelo n\u00e3o provimento do recurso em mandado de seguran\u00e7a, ressalvando a constitucionalidade do <a href=\"https:\/\/www1.tce.pr.gov.br\/multimidia\/2021\/6\/pdf\/00357359.pdf\">Prejulgado n\u00b0 28<\/a> do TCE-PR, bem como a legitimidade do <a href=\"https:\/\/www.mpc.pr.gov.br\/wp-content\/uploads\/2021\/06\/Acordao-1331-21.pdf\">Ac\u00f3rd\u00e3o n\u00b0 1331\/21.<\/a><\/p>\n<p>Com a emiss\u00e3o do Parecer da Subprocuradoria da Rep\u00fablica, o\u00a0\u00a0recurso em\u00a0\u00a0mandado de seguran\u00e7a n\u00b0 69.979\/PR, que est\u00e1 sob a relatoria do Ministro Gurgel de Faria, est\u00e1 em condi\u00e7\u00f5es de ser apreciado em seu\u00a0m\u00e9rito pela Primeira Turma do STJ.<\/p>\n<h4><b><span data-contrast=\"none\">Entenda o caso<\/span><\/b><span data-ccp-props=\"{&quot;201341983&quot;:0,&quot;335551550&quot;:6,&quot;335551620&quot;:6,&quot;335559739&quot;:160,&quot;335559740&quot;:360}\">\u00a0<\/span><\/h4>\n<p><span data-contrast=\"none\">Conforme disposto na <a href=\"https:\/\/www.mpc.pr.gov.br\/wp-content\/uploads\/2021\/06\/Representacao-no-331782-21.pdf\">Representa\u00e7\u00e3o n\u00ba 331782\/21<\/a>, o Minist\u00e9rio P\u00fablico de Contas do Paran\u00e1 observou que reiteradamente a Paranagu\u00e1 Previd\u00eancia t\u00eam praticado a incorreta interpreta\u00e7\u00e3o das Emendas Constitucionais n\u00ba 41\/03, n\u00ba 47\/05 e n\u00ba 70\/12, as quais versam sobre a obrigatoriedade de os servidores estarem subordinados a RPPS e vinculados a regime jur\u00eddico estatut\u00e1rio at\u00e9 a data limite contida na legisla\u00e7\u00e3o. Tal fato, inclusive, resultou na expedi\u00e7\u00e3o pelo TCE-PR de mais de <a href=\"https:\/\/www.mpc.pr.gov.br\/index.php\/acolhendo-propostas-do-mp-de-contas-tce-pr-expede-17-medidas-cautelares-a-paranagua-previdencia\/\">17 medidas cautelares \u00e0 entidade previdenci\u00e1ria, conforme noticiado em 21 de maio de 2021<\/a><\/span><span data-contrast=\"none\">.\u00a0\u00a0<\/span><span data-ccp-props=\"{&quot;201341983&quot;:0,&quot;335551550&quot;:6,&quot;335551620&quot;:6,&quot;335559739&quot;:160,&quot;335559740&quot;:360}\">\u00a0<\/span><\/p>\n<p><span data-contrast=\"none\">O equ\u00edvoco no c\u00e1lculo dos proventos pode resultar em s\u00e9rios danos aos cofres dos entes previdenci\u00e1rios, uma vez que a concess\u00e3o de aposentadoria irregular acaba ocasionando \u00e0s entidades, m\u00eas a m\u00eas, o pagamento de benef\u00edcio previdenci\u00e1rio em valor acima daqueles calculados pela regra geral da m\u00e9dia aritm\u00e9tica simples (80% maiores remunera\u00e7\u00f5es de contribui\u00e7\u00e3o do servidor). Estes pagamentos a maior s\u00e3o considerados irrepet\u00edveis em raz\u00e3o do car\u00e1ter alimentar de que se revestem, o que caracteriza poss\u00edvel irreparabilidade do dano causado \u00e0s entidades e, por extens\u00e3o, ao er\u00e1rio e aos cidad\u00e3os, que em \u00faltima inst\u00e2ncia suportar\u00e3o os \u00f4nus dos pagamentos indevidos.\u00a0\u00a0\u00a0<\/span><span data-ccp-props=\"{&quot;201341983&quot;:0,&quot;335551550&quot;:6,&quot;335551620&quot;:6,&quot;335559739&quot;:160,&quot;335559740&quot;:360}\">\u00a0<\/span><\/p>\n<p><span data-contrast=\"none\">Ainda, importante destacar que a quest\u00e3o previdenci\u00e1ria impacta diretamente nas finan\u00e7as dos entes federativos subnacionais. Confira-se, neste sentido, que o Fundo Financeiro da autarquia previdenci\u00e1ria de Paranagu\u00e1 encerrou o exerc\u00edcio de 2019 com d\u00e9ficit atuarial de R$ 257,316 milh\u00f5es, cuja cobertura advir\u00e1 do aporte de recursos mensais pela Prefeitura, conforme informa\u00e7\u00f5es constantes de Laudo Atuarial juntado nos autos de presta\u00e7\u00e3o de contas anual n\u00ba 274246\/20 (exerc\u00edcio de 2019)<\/span><span data-ccp-props=\"{&quot;201341983&quot;:0,&quot;335551550&quot;:6,&quot;335551620&quot;:6,&quot;335559739&quot;:160,&quot;335559740&quot;:360}\">\u00a0<\/span><\/p>\n<h4><b><span data-contrast=\"none\">Orienta\u00e7\u00f5es do MPC-PR\u00a0<\/span><\/b><span data-ccp-props=\"{&quot;201341983&quot;:0,&quot;335551550&quot;:6,&quot;335551620&quot;:6,&quot;335559739&quot;:160,&quot;335559740&quot;:360}\">\u00a0<\/span><\/h4>\n<p><span data-contrast=\"none\">A fim de resguardar o er\u00e1rio e o equil\u00edbrio atuarial dos citados RPPS, o Minist\u00e9rio P\u00fablico de Contas tem orientado as entidades a promoverem a revis\u00e3o de todas as aposentadorias e pens\u00f5es concedidas em desacordo com os enunciados fixados no Prejulgado n\u00ba 28, conforme expresso nos Pareceres Ministeriais n\u00ba <a href=\"https:\/\/www.mpc.pr.gov.br\/wp-content\/uploads\/2021\/09\/Peca-54-Parecer-449-21.pdf\">449\/21<\/a> e n\u00ba <a href=\"https:\/\/www.mpc.pr.gov.br\/wp-content\/uploads\/2021\/09\/Parecer-519-21.pdf\">519\/21<\/a>.\u00a0<\/span><span data-ccp-props=\"{&quot;201341983&quot;:0,&quot;335551550&quot;:6,&quot;335551620&quot;:6,&quot;335559739&quot;:160,&quot;335559740&quot;:360}\">\u00a0<\/span><\/p>\n<p><span data-contrast=\"none\">Em rela\u00e7\u00e3o aos atos emitidos a mais de cinco anos, bem como em rela\u00e7\u00e3o aos atos j\u00e1 registrados pelo TCE-PR, o MP de Contas recomenda que seja instaurado procedimento administrativo de revis\u00e3o de proventos, elaborando-se o c\u00e1lculo em conformidade com a legisla\u00e7\u00e3o de reg\u00eancia aplic\u00e1vel. Tamb\u00e9m devem ser intimados os segurados e\/ou pensionistas afetados, assegurando o exerc\u00edcio do contradit\u00f3rio e ampla defesa, a fim de dar-lhes ci\u00eancia do valor dos proventos revisados e a possibilidade de op\u00e7\u00e3o pelo retorno \u00e0 atividade, de modo que passar\u00e3o a receber a remunera\u00e7\u00e3o do cargo acrescida do abono de perman\u00eancia.\u00a0\u00a0\u00a0<\/span><span data-ccp-props=\"{&quot;201341983&quot;:0,&quot;335551550&quot;:6,&quot;335551620&quot;:6,&quot;335559739&quot;:160,&quot;335559740&quot;:360}\">\u00a0<\/span><\/p>\n<p><span data-contrast=\"none\">Por fim, de modo a garantir a eficaz e correta corre\u00e7\u00e3o das irregularidades, o \u00f3rg\u00e3o ministerial orienta que as entidades dever\u00e3o disponibilizar a op\u00e7\u00e3o aos servidores pela perman\u00eancia na inatividade ou pelo retorno \u00e0 atividade (quando poss\u00edvel lhes conceder esta possibilidade de escolha), e adotar as medidas administrativas decorrentes, promovendo o retorno do servidor ao quadro ou a edi\u00e7\u00e3o do ato revisional, com registro dos valores correspondentes no Sistema SIAP e efetiva implanta\u00e7\u00e3o do novo valor na folha de pagamento dos benef\u00edcios previdenci\u00e1rios.<\/span><span data-ccp-props=\"{&quot;201341983&quot;:0,&quot;335551550&quot;:6,&quot;335551620&quot;:6,&quot;335559739&quot;:160,&quot;335559740&quot;:360}\">\u00a0<\/span><\/p>\n","protected":false},"excerpt":{"rendered":"<p>O Minist\u00e9rio P\u00fablico Federal (MPF) opinou pela negativa de provimento ao recurso em mandado de seguran\u00e7a n\u00b0 69.979\/PR\u00a0\u00a0interposto pela Paranagu\u00e1 Previd\u00eancia contra a decis\u00e3o do Tribunal de Justi\u00e7a do Paran\u00e1 (TJ-PR), que convalidava a decis\u00e3o do Tribunal de Contas do Paran\u00e1 (TCE-PR), proferida no Ac\u00f3rd\u00e3o n\u00ba 1331\/21, na qual julgou-se parcialmente procedente a Representa\u00e7\u00e3o n\u00ba [&hellip;]<\/p>\n","protected":false},"author":1,"featured_media":14432,"comment_status":"open","ping_status":"open","sticky":false,"template":"","format":"standard","meta":{"_monsterinsights_skip_tracking":false,"_monsterinsights_sitenote_active":false,"_monsterinsights_sitenote_note":"","_monsterinsights_sitenote_category":0,"footnotes":""},"categories":[7],"tags":[29,164,368,13,87,263,49,39,329],"class_list":["post-14431","post","type-post","status-publish","format-standard","has-post-thumbnail","hentry","category-todas-as-noticias","tag-aposentadoria","tag-ato-de-inativacao","tag-ministerio-publico-federal","tag-mpc-pr","tag-paranagua","tag-paranagua-previdencia","tag-representacao","tag-tce-pr","tag-tribunal-de-justica-do-parana","entry","has-media"],"yoast_head":"<!-- This site is optimized with the Yoast SEO plugin v27.3 - https:\/\/yoast.com\/product\/yoast-seo-wordpress\/ -->\n<title>Procuradoria da Rep\u00fablica confirma constitucionalidade do Prejulgado n\u00b0 28 do Tribunal de Contas - Minist\u00e9rio P\u00fablico de Contas do Estado do Paran\u00e1<\/title>\n<meta name=\"robots\" content=\"index, follow, max-snippet:-1, max-image-preview:large, max-video-preview:-1\" \/>\n<link rel=\"canonical\" href=\"https:\/\/www.mpc.pr.gov.br\/index.php\/procuradoria-da-republica-confirma-constitucionalidade-do-prejulgado-n-28-do-tribunal-de-contas\/\" \/>\n<meta property=\"og:locale\" content=\"pt_BR\" \/>\n<meta property=\"og:type\" content=\"article\" \/>\n<meta property=\"og:title\" content=\"Procuradoria da Rep\u00fablica confirma constitucionalidade do Prejulgado n\u00b0 28 do Tribunal de Contas - Minist\u00e9rio P\u00fablico de Contas do Estado do Paran\u00e1\" \/>\n<meta property=\"og:description\" content=\"O Minist\u00e9rio P\u00fablico Federal (MPF) opinou pela negativa de provimento ao recurso em mandado de seguran\u00e7a n\u00b0 69.979\/PR\u00a0\u00a0interposto pela Paranagu\u00e1 Previd\u00eancia contra a decis\u00e3o do Tribunal de Justi\u00e7a do Paran\u00e1 (TJ-PR), que convalidava a decis\u00e3o do Tribunal de Contas do Paran\u00e1 (TCE-PR), proferida no Ac\u00f3rd\u00e3o n\u00ba 1331\/21, na qual julgou-se parcialmente procedente a Representa\u00e7\u00e3o n\u00ba [&hellip;]\" \/>\n<meta property=\"og:url\" content=\"https:\/\/www.mpc.pr.gov.br\/index.php\/procuradoria-da-republica-confirma-constitucionalidade-do-prejulgado-n-28-do-tribunal-de-contas\/\" \/>\n<meta property=\"og:site_name\" content=\"Minist\u00e9rio P\u00fablico de Contas do Estado do Paran\u00e1\" \/>\n<meta property=\"article:publisher\" content=\"https:\/\/www.facebook.com\/mpc.pr\" \/>\n<meta property=\"article:published_time\" content=\"2022-09-29T18:13:03+00:00\" \/>\n<meta property=\"article:modified_time\" content=\"2022-11-04T17:34:25+00:00\" \/>\n<meta property=\"og:image\" content=\"https:\/\/www.mpc.pr.gov.br\/wp-content\/uploads\/2022\/09\/Foto-tce-pr-sede.jpg\" \/>\n\t<meta property=\"og:image:width\" content=\"640\" \/>\n\t<meta property=\"og:image:height\" content=\"452\" \/>\n\t<meta property=\"og:image:type\" content=\"image\/jpeg\" \/>\n<meta name=\"author\" content=\"mpcontaspr\" \/>\n<meta name=\"twitter:card\" content=\"summary_large_image\" \/>\n<meta name=\"twitter:label1\" content=\"Escrito por\" \/>\n\t<meta name=\"twitter:data1\" content=\"mpcontaspr\" \/>\n\t<meta name=\"twitter:label2\" content=\"Est. tempo de leitura\" \/>\n\t<meta name=\"twitter:data2\" content=\"6 minutos\" \/>\n<script type=\"application\/ld+json\" class=\"yoast-schema-graph\">{\"@context\":\"https:\\\/\\\/schema.org\",\"@graph\":[{\"@type\":\"Article\",\"@id\":\"https:\\\/\\\/www.mpc.pr.gov.br\\\/index.php\\\/procuradoria-da-republica-confirma-constitucionalidade-do-prejulgado-n-28-do-tribunal-de-contas\\\/#article\",\"isPartOf\":{\"@id\":\"https:\\\/\\\/www.mpc.pr.gov.br\\\/index.php\\\/procuradoria-da-republica-confirma-constitucionalidade-do-prejulgado-n-28-do-tribunal-de-contas\\\/\"},\"author\":{\"name\":\"mpcontaspr\",\"@id\":\"https:\\\/\\\/www.mpc.pr.gov.br\\\/#\\\/schema\\\/person\\\/2d83cb8980538d0ec174e8a6284f5e11\"},\"headline\":\"Procuradoria da Rep\u00fablica confirma constitucionalidade do Prejulgado n\u00b0 28 do Tribunal de Contas\",\"datePublished\":\"2022-09-29T18:13:03+00:00\",\"dateModified\":\"2022-11-04T17:34:25+00:00\",\"mainEntityOfPage\":{\"@id\":\"https:\\\/\\\/www.mpc.pr.gov.br\\\/index.php\\\/procuradoria-da-republica-confirma-constitucionalidade-do-prejulgado-n-28-do-tribunal-de-contas\\\/\"},\"wordCount\":1066,\"commentCount\":0,\"publisher\":{\"@id\":\"https:\\\/\\\/www.mpc.pr.gov.br\\\/#organization\"},\"image\":{\"@id\":\"https:\\\/\\\/www.mpc.pr.gov.br\\\/index.php\\\/procuradoria-da-republica-confirma-constitucionalidade-do-prejulgado-n-28-do-tribunal-de-contas\\\/#primaryimage\"},\"thumbnailUrl\":\"https:\\\/\\\/www.mpc.pr.gov.br\\\/wp-content\\\/uploads\\\/2022\\\/09\\\/Foto-tce-pr-sede.jpg\",\"keywords\":[\"Aposentadoria\",\"Ato de Inativa\u00e7\u00e3o\",\"Minist\u00e9rio P\u00fablico Federal\",\"MPC-PR\",\"Paranagu\u00e1\",\"Paranagu\u00e1 Previd\u00eancia\",\"Representa\u00e7\u00e3o\",\"TCE-PR\",\"Tribunal de Justi\u00e7a do Paran\u00e1\"],\"articleSection\":[\"Todas as not\u00edcias\"],\"inLanguage\":\"pt-BR\",\"potentialAction\":[{\"@type\":\"CommentAction\",\"name\":\"Comment\",\"target\":[\"https:\\\/\\\/www.mpc.pr.gov.br\\\/index.php\\\/procuradoria-da-republica-confirma-constitucionalidade-do-prejulgado-n-28-do-tribunal-de-contas\\\/#respond\"]}]},{\"@type\":\"WebPage\",\"@id\":\"https:\\\/\\\/www.mpc.pr.gov.br\\\/index.php\\\/procuradoria-da-republica-confirma-constitucionalidade-do-prejulgado-n-28-do-tribunal-de-contas\\\/\",\"url\":\"https:\\\/\\\/www.mpc.pr.gov.br\\\/index.php\\\/procuradoria-da-republica-confirma-constitucionalidade-do-prejulgado-n-28-do-tribunal-de-contas\\\/\",\"name\":\"Procuradoria da Rep\u00fablica confirma constitucionalidade do Prejulgado n\u00b0 28 do Tribunal de Contas - Minist\u00e9rio P\u00fablico de Contas do Estado do Paran\u00e1\",\"isPartOf\":{\"@id\":\"https:\\\/\\\/www.mpc.pr.gov.br\\\/#website\"},\"primaryImageOfPage\":{\"@id\":\"https:\\\/\\\/www.mpc.pr.gov.br\\\/index.php\\\/procuradoria-da-republica-confirma-constitucionalidade-do-prejulgado-n-28-do-tribunal-de-contas\\\/#primaryimage\"},\"image\":{\"@id\":\"https:\\\/\\\/www.mpc.pr.gov.br\\\/index.php\\\/procuradoria-da-republica-confirma-constitucionalidade-do-prejulgado-n-28-do-tribunal-de-contas\\\/#primaryimage\"},\"thumbnailUrl\":\"https:\\\/\\\/www.mpc.pr.gov.br\\\/wp-content\\\/uploads\\\/2022\\\/09\\\/Foto-tce-pr-sede.jpg\",\"datePublished\":\"2022-09-29T18:13:03+00:00\",\"dateModified\":\"2022-11-04T17:34:25+00:00\",\"breadcrumb\":{\"@id\":\"https:\\\/\\\/www.mpc.pr.gov.br\\\/index.php\\\/procuradoria-da-republica-confirma-constitucionalidade-do-prejulgado-n-28-do-tribunal-de-contas\\\/#breadcrumb\"},\"inLanguage\":\"pt-BR\",\"potentialAction\":[{\"@type\":\"ReadAction\",\"target\":[\"https:\\\/\\\/www.mpc.pr.gov.br\\\/index.php\\\/procuradoria-da-republica-confirma-constitucionalidade-do-prejulgado-n-28-do-tribunal-de-contas\\\/\"]}]},{\"@type\":\"ImageObject\",\"inLanguage\":\"pt-BR\",\"@id\":\"https:\\\/\\\/www.mpc.pr.gov.br\\\/index.php\\\/procuradoria-da-republica-confirma-constitucionalidade-do-prejulgado-n-28-do-tribunal-de-contas\\\/#primaryimage\",\"url\":\"https:\\\/\\\/www.mpc.pr.gov.br\\\/wp-content\\\/uploads\\\/2022\\\/09\\\/Foto-tce-pr-sede.jpg\",\"contentUrl\":\"https:\\\/\\\/www.mpc.pr.gov.br\\\/wp-content\\\/uploads\\\/2022\\\/09\\\/Foto-tce-pr-sede.jpg\",\"width\":640,\"height\":452,\"caption\":\"Edif\u00edcio-Sede do TCE-PR, localizado no bairro Centro C\u00edvico, em Curitiba. Foto: Wagner Ara\u00fajo\\\/Divulga\u00e7\u00e3o TCE-PR.\"},{\"@type\":\"BreadcrumbList\",\"@id\":\"https:\\\/\\\/www.mpc.pr.gov.br\\\/index.php\\\/procuradoria-da-republica-confirma-constitucionalidade-do-prejulgado-n-28-do-tribunal-de-contas\\\/#breadcrumb\",\"itemListElement\":[{\"@type\":\"ListItem\",\"position\":1,\"name\":\"In\u00edcio\",\"item\":\"https:\\\/\\\/www.mpc.pr.gov.br\\\/\"},{\"@type\":\"ListItem\",\"position\":2,\"name\":\"Procuradoria da Rep\u00fablica confirma constitucionalidade do Prejulgado n\u00b0 28 do Tribunal de Contas\"}]},{\"@type\":\"WebSite\",\"@id\":\"https:\\\/\\\/www.mpc.pr.gov.br\\\/#website\",\"url\":\"https:\\\/\\\/www.mpc.pr.gov.br\\\/\",\"name\":\"Minist\u00e9rio P\u00fablico de Contas do Estado do Paran\u00e1\",\"description\":\"\",\"publisher\":{\"@id\":\"https:\\\/\\\/www.mpc.pr.gov.br\\\/#organization\"},\"potentialAction\":[{\"@type\":\"SearchAction\",\"target\":{\"@type\":\"EntryPoint\",\"urlTemplate\":\"https:\\\/\\\/www.mpc.pr.gov.br\\\/?s={search_term_string}\"},\"query-input\":{\"@type\":\"PropertyValueSpecification\",\"valueRequired\":true,\"valueName\":\"search_term_string\"}}],\"inLanguage\":\"pt-BR\"},{\"@type\":\"Organization\",\"@id\":\"https:\\\/\\\/www.mpc.pr.gov.br\\\/#organization\",\"name\":\"Minist\u00e9rio P\u00fablico de Contas do Estado do Paran\u00e1\",\"url\":\"https:\\\/\\\/www.mpc.pr.gov.br\\\/\",\"logo\":{\"@type\":\"ImageObject\",\"inLanguage\":\"pt-BR\",\"@id\":\"https:\\\/\\\/www.mpc.pr.gov.br\\\/#\\\/schema\\\/logo\\\/image\\\/\",\"url\":\"https:\\\/\\\/www.mpc.pr.gov.br\\\/wp-content\\\/uploads\\\/2020\\\/06\\\/99423647_1593460364143890_6706793420720963584_n-1-e1591387983167.png\",\"contentUrl\":\"https:\\\/\\\/www.mpc.pr.gov.br\\\/wp-content\\\/uploads\\\/2020\\\/06\\\/99423647_1593460364143890_6706793420720963584_n-1-e1591387983167.png\",\"width\":243,\"height\":73,\"caption\":\"Minist\u00e9rio P\u00fablico de Contas do Estado do Paran\u00e1\"},\"image\":{\"@id\":\"https:\\\/\\\/www.mpc.pr.gov.br\\\/#\\\/schema\\\/logo\\\/image\\\/\"},\"sameAs\":[\"https:\\\/\\\/www.facebook.com\\\/mpc.pr\",\"https:\\\/\\\/www.instagram.com\\\/mpc.pr\\\/?hl=pt-br\",\"https:\\\/\\\/www.youtube.com\\\/channel\\\/UCHri5oEM8DV0ztX57E0sBSw\"]},{\"@type\":\"Person\",\"@id\":\"https:\\\/\\\/www.mpc.pr.gov.br\\\/#\\\/schema\\\/person\\\/2d83cb8980538d0ec174e8a6284f5e11\",\"name\":\"mpcontaspr\",\"image\":{\"@type\":\"ImageObject\",\"inLanguage\":\"pt-BR\",\"@id\":\"https:\\\/\\\/secure.gravatar.com\\\/avatar\\\/1aef51541db7622e05fd639336c9c9f312c2a618396e2b6ca96846362fc5403f?s=96&d=mm&r=g\",\"url\":\"https:\\\/\\\/secure.gravatar.com\\\/avatar\\\/1aef51541db7622e05fd639336c9c9f312c2a618396e2b6ca96846362fc5403f?s=96&d=mm&r=g\",\"contentUrl\":\"https:\\\/\\\/secure.gravatar.com\\\/avatar\\\/1aef51541db7622e05fd639336c9c9f312c2a618396e2b6ca96846362fc5403f?s=96&d=mm&r=g\",\"caption\":\"mpcontaspr\"},\"sameAs\":[\"http:\\\/\\\/www.mpc.pr.gov.br\"]}]}<\/script>\n<!-- \/ Yoast SEO plugin. -->","yoast_head_json":{"title":"Procuradoria da Rep\u00fablica confirma constitucionalidade do Prejulgado n\u00b0 28 do Tribunal de Contas - Minist\u00e9rio P\u00fablico de Contas do Estado do Paran\u00e1","robots":{"index":"index","follow":"follow","max-snippet":"max-snippet:-1","max-image-preview":"max-image-preview:large","max-video-preview":"max-video-preview:-1"},"canonical":"https:\/\/www.mpc.pr.gov.br\/index.php\/procuradoria-da-republica-confirma-constitucionalidade-do-prejulgado-n-28-do-tribunal-de-contas\/","og_locale":"pt_BR","og_type":"article","og_title":"Procuradoria da Rep\u00fablica confirma constitucionalidade do Prejulgado n\u00b0 28 do Tribunal de Contas - Minist\u00e9rio P\u00fablico de Contas do Estado do Paran\u00e1","og_description":"O Minist\u00e9rio P\u00fablico Federal (MPF) opinou pela negativa de provimento ao recurso em mandado de seguran\u00e7a n\u00b0 69.979\/PR\u00a0\u00a0interposto pela Paranagu\u00e1 Previd\u00eancia contra a decis\u00e3o do Tribunal de Justi\u00e7a do Paran\u00e1 (TJ-PR), que convalidava a decis\u00e3o do Tribunal de Contas do Paran\u00e1 (TCE-PR), proferida no Ac\u00f3rd\u00e3o n\u00ba 1331\/21, na qual julgou-se parcialmente procedente a Representa\u00e7\u00e3o n\u00ba [&hellip;]","og_url":"https:\/\/www.mpc.pr.gov.br\/index.php\/procuradoria-da-republica-confirma-constitucionalidade-do-prejulgado-n-28-do-tribunal-de-contas\/","og_site_name":"Minist\u00e9rio P\u00fablico de Contas do Estado do Paran\u00e1","article_publisher":"https:\/\/www.facebook.com\/mpc.pr","article_published_time":"2022-09-29T18:13:03+00:00","article_modified_time":"2022-11-04T17:34:25+00:00","og_image":[{"width":640,"height":452,"url":"https:\/\/www.mpc.pr.gov.br\/wp-content\/uploads\/2022\/09\/Foto-tce-pr-sede.jpg","type":"image\/jpeg"}],"author":"mpcontaspr","twitter_card":"summary_large_image","twitter_misc":{"Escrito por":"mpcontaspr","Est. tempo de leitura":"6 minutos"},"schema":{"@context":"https:\/\/schema.org","@graph":[{"@type":"Article","@id":"https:\/\/www.mpc.pr.gov.br\/index.php\/procuradoria-da-republica-confirma-constitucionalidade-do-prejulgado-n-28-do-tribunal-de-contas\/#article","isPartOf":{"@id":"https:\/\/www.mpc.pr.gov.br\/index.php\/procuradoria-da-republica-confirma-constitucionalidade-do-prejulgado-n-28-do-tribunal-de-contas\/"},"author":{"name":"mpcontaspr","@id":"https:\/\/www.mpc.pr.gov.br\/#\/schema\/person\/2d83cb8980538d0ec174e8a6284f5e11"},"headline":"Procuradoria da Rep\u00fablica confirma constitucionalidade do Prejulgado n\u00b0 28 do Tribunal de Contas","datePublished":"2022-09-29T18:13:03+00:00","dateModified":"2022-11-04T17:34:25+00:00","mainEntityOfPage":{"@id":"https:\/\/www.mpc.pr.gov.br\/index.php\/procuradoria-da-republica-confirma-constitucionalidade-do-prejulgado-n-28-do-tribunal-de-contas\/"},"wordCount":1066,"commentCount":0,"publisher":{"@id":"https:\/\/www.mpc.pr.gov.br\/#organization"},"image":{"@id":"https:\/\/www.mpc.pr.gov.br\/index.php\/procuradoria-da-republica-confirma-constitucionalidade-do-prejulgado-n-28-do-tribunal-de-contas\/#primaryimage"},"thumbnailUrl":"https:\/\/www.mpc.pr.gov.br\/wp-content\/uploads\/2022\/09\/Foto-tce-pr-sede.jpg","keywords":["Aposentadoria","Ato de Inativa\u00e7\u00e3o","Minist\u00e9rio P\u00fablico Federal","MPC-PR","Paranagu\u00e1","Paranagu\u00e1 Previd\u00eancia","Representa\u00e7\u00e3o","TCE-PR","Tribunal de Justi\u00e7a do Paran\u00e1"],"articleSection":["Todas as not\u00edcias"],"inLanguage":"pt-BR","potentialAction":[{"@type":"CommentAction","name":"Comment","target":["https:\/\/www.mpc.pr.gov.br\/index.php\/procuradoria-da-republica-confirma-constitucionalidade-do-prejulgado-n-28-do-tribunal-de-contas\/#respond"]}]},{"@type":"WebPage","@id":"https:\/\/www.mpc.pr.gov.br\/index.php\/procuradoria-da-republica-confirma-constitucionalidade-do-prejulgado-n-28-do-tribunal-de-contas\/","url":"https:\/\/www.mpc.pr.gov.br\/index.php\/procuradoria-da-republica-confirma-constitucionalidade-do-prejulgado-n-28-do-tribunal-de-contas\/","name":"Procuradoria da Rep\u00fablica confirma constitucionalidade do Prejulgado n\u00b0 28 do Tribunal de Contas - Minist\u00e9rio P\u00fablico de Contas do Estado do Paran\u00e1","isPartOf":{"@id":"https:\/\/www.mpc.pr.gov.br\/#website"},"primaryImageOfPage":{"@id":"https:\/\/www.mpc.pr.gov.br\/index.php\/procuradoria-da-republica-confirma-constitucionalidade-do-prejulgado-n-28-do-tribunal-de-contas\/#primaryimage"},"image":{"@id":"https:\/\/www.mpc.pr.gov.br\/index.php\/procuradoria-da-republica-confirma-constitucionalidade-do-prejulgado-n-28-do-tribunal-de-contas\/#primaryimage"},"thumbnailUrl":"https:\/\/www.mpc.pr.gov.br\/wp-content\/uploads\/2022\/09\/Foto-tce-pr-sede.jpg","datePublished":"2022-09-29T18:13:03+00:00","dateModified":"2022-11-04T17:34:25+00:00","breadcrumb":{"@id":"https:\/\/www.mpc.pr.gov.br\/index.php\/procuradoria-da-republica-confirma-constitucionalidade-do-prejulgado-n-28-do-tribunal-de-contas\/#breadcrumb"},"inLanguage":"pt-BR","potentialAction":[{"@type":"ReadAction","target":["https:\/\/www.mpc.pr.gov.br\/index.php\/procuradoria-da-republica-confirma-constitucionalidade-do-prejulgado-n-28-do-tribunal-de-contas\/"]}]},{"@type":"ImageObject","inLanguage":"pt-BR","@id":"https:\/\/www.mpc.pr.gov.br\/index.php\/procuradoria-da-republica-confirma-constitucionalidade-do-prejulgado-n-28-do-tribunal-de-contas\/#primaryimage","url":"https:\/\/www.mpc.pr.gov.br\/wp-content\/uploads\/2022\/09\/Foto-tce-pr-sede.jpg","contentUrl":"https:\/\/www.mpc.pr.gov.br\/wp-content\/uploads\/2022\/09\/Foto-tce-pr-sede.jpg","width":640,"height":452,"caption":"Edif\u00edcio-Sede do TCE-PR, localizado no bairro Centro C\u00edvico, em Curitiba. Foto: Wagner Ara\u00fajo\/Divulga\u00e7\u00e3o TCE-PR."},{"@type":"BreadcrumbList","@id":"https:\/\/www.mpc.pr.gov.br\/index.php\/procuradoria-da-republica-confirma-constitucionalidade-do-prejulgado-n-28-do-tribunal-de-contas\/#breadcrumb","itemListElement":[{"@type":"ListItem","position":1,"name":"In\u00edcio","item":"https:\/\/www.mpc.pr.gov.br\/"},{"@type":"ListItem","position":2,"name":"Procuradoria da Rep\u00fablica confirma constitucionalidade do Prejulgado n\u00b0 28 do Tribunal de Contas"}]},{"@type":"WebSite","@id":"https:\/\/www.mpc.pr.gov.br\/#website","url":"https:\/\/www.mpc.pr.gov.br\/","name":"Minist\u00e9rio P\u00fablico de Contas do Estado do Paran\u00e1","description":"","publisher":{"@id":"https:\/\/www.mpc.pr.gov.br\/#organization"},"potentialAction":[{"@type":"SearchAction","target":{"@type":"EntryPoint","urlTemplate":"https:\/\/www.mpc.pr.gov.br\/?s={search_term_string}"},"query-input":{"@type":"PropertyValueSpecification","valueRequired":true,"valueName":"search_term_string"}}],"inLanguage":"pt-BR"},{"@type":"Organization","@id":"https:\/\/www.mpc.pr.gov.br\/#organization","name":"Minist\u00e9rio P\u00fablico de Contas do Estado do Paran\u00e1","url":"https:\/\/www.mpc.pr.gov.br\/","logo":{"@type":"ImageObject","inLanguage":"pt-BR","@id":"https:\/\/www.mpc.pr.gov.br\/#\/schema\/logo\/image\/","url":"https:\/\/www.mpc.pr.gov.br\/wp-content\/uploads\/2020\/06\/99423647_1593460364143890_6706793420720963584_n-1-e1591387983167.png","contentUrl":"https:\/\/www.mpc.pr.gov.br\/wp-content\/uploads\/2020\/06\/99423647_1593460364143890_6706793420720963584_n-1-e1591387983167.png","width":243,"height":73,"caption":"Minist\u00e9rio P\u00fablico de Contas do Estado do Paran\u00e1"},"image":{"@id":"https:\/\/www.mpc.pr.gov.br\/#\/schema\/logo\/image\/"},"sameAs":["https:\/\/www.facebook.com\/mpc.pr","https:\/\/www.instagram.com\/mpc.pr\/?hl=pt-br","https:\/\/www.youtube.com\/channel\/UCHri5oEM8DV0ztX57E0sBSw"]},{"@type":"Person","@id":"https:\/\/www.mpc.pr.gov.br\/#\/schema\/person\/2d83cb8980538d0ec174e8a6284f5e11","name":"mpcontaspr","image":{"@type":"ImageObject","inLanguage":"pt-BR","@id":"https:\/\/secure.gravatar.com\/avatar\/1aef51541db7622e05fd639336c9c9f312c2a618396e2b6ca96846362fc5403f?s=96&d=mm&r=g","url":"https:\/\/secure.gravatar.com\/avatar\/1aef51541db7622e05fd639336c9c9f312c2a618396e2b6ca96846362fc5403f?s=96&d=mm&r=g","contentUrl":"https:\/\/secure.gravatar.com\/avatar\/1aef51541db7622e05fd639336c9c9f312c2a618396e2b6ca96846362fc5403f?s=96&d=mm&r=g","caption":"mpcontaspr"},"sameAs":["http:\/\/www.mpc.pr.gov.br"]}]}},"rttpg_featured_image_url":{"full":["https:\/\/www.mpc.pr.gov.br\/wp-content\/uploads\/2022\/09\/Foto-tce-pr-sede.jpg",640,452,false],"landscape":["https:\/\/www.mpc.pr.gov.br\/wp-content\/uploads\/2022\/09\/Foto-tce-pr-sede.jpg",640,452,false],"portraits":["https:\/\/www.mpc.pr.gov.br\/wp-content\/uploads\/2022\/09\/Foto-tce-pr-sede.jpg",640,452,false],"thumbnail":["https:\/\/www.mpc.pr.gov.br\/wp-content\/uploads\/2022\/09\/Foto-tce-pr-sede-150x150.jpg",150,150,true],"medium":["https:\/\/www.mpc.pr.gov.br\/wp-content\/uploads\/2022\/09\/Foto-tce-pr-sede-300x212.jpg",300,212,true],"large":["https:\/\/www.mpc.pr.gov.br\/wp-content\/uploads\/2022\/09\/Foto-tce-pr-sede.jpg",640,452,false],"1536x1536":["https:\/\/www.mpc.pr.gov.br\/wp-content\/uploads\/2022\/09\/Foto-tce-pr-sede.jpg",640,452,false],"2048x2048":["https:\/\/www.mpc.pr.gov.br\/wp-content\/uploads\/2022\/09\/Foto-tce-pr-sede.jpg",640,452,false],"ocean-thumb-m":["https:\/\/www.mpc.pr.gov.br\/wp-content\/uploads\/2022\/09\/Foto-tce-pr-sede-600x452.jpg",600,452,true],"ocean-thumb-ml":["https:\/\/www.mpc.pr.gov.br\/wp-content\/uploads\/2022\/09\/Foto-tce-pr-sede-640x450.jpg",640,450,true],"ocean-thumb-l":["https:\/\/www.mpc.pr.gov.br\/wp-content\/uploads\/2022\/09\/Foto-tce-pr-sede.jpg",640,452,false]},"rttpg_author":{"display_name":"mpcontaspr","author_link":"https:\/\/www.mpc.pr.gov.br\/index.php\/author\/mpcontaspr\/"},"rttpg_comment":0,"rttpg_category":"<a href=\"https:\/\/www.mpc.pr.gov.br\/index.php\/category\/todas-as-noticias\/\" rel=\"category tag\">Todas as not\u00edcias<\/a>","rttpg_excerpt":"O Minist\u00e9rio P\u00fablico Federal (MPF) opinou pela negativa de provimento ao recurso em mandado de seguran\u00e7a n\u00b0 69.979\/PR\u00a0\u00a0interposto pela Paranagu\u00e1 Previd\u00eancia contra a decis\u00e3o do Tribunal de Justi\u00e7a do Paran\u00e1 (TJ-PR), que convalidava a decis\u00e3o do Tribunal de Contas do Paran\u00e1 (TCE-PR), proferida no Ac\u00f3rd\u00e3o n\u00ba 1331\/21, na qual julgou-se parcialmente procedente a Representa\u00e7\u00e3o n\u00ba&hellip;","_links":{"self":[{"href":"https:\/\/www.mpc.pr.gov.br\/index.php\/wp-json\/wp\/v2\/posts\/14431","targetHints":{"allow":["GET"]}}],"collection":[{"href":"https:\/\/www.mpc.pr.gov.br\/index.php\/wp-json\/wp\/v2\/posts"}],"about":[{"href":"https:\/\/www.mpc.pr.gov.br\/index.php\/wp-json\/wp\/v2\/types\/post"}],"author":[{"embeddable":true,"href":"https:\/\/www.mpc.pr.gov.br\/index.php\/wp-json\/wp\/v2\/users\/1"}],"replies":[{"embeddable":true,"href":"https:\/\/www.mpc.pr.gov.br\/index.php\/wp-json\/wp\/v2\/comments?post=14431"}],"version-history":[{"count":13,"href":"https:\/\/www.mpc.pr.gov.br\/index.php\/wp-json\/wp\/v2\/posts\/14431\/revisions"}],"predecessor-version":[{"id":14447,"href":"https:\/\/www.mpc.pr.gov.br\/index.php\/wp-json\/wp\/v2\/posts\/14431\/revisions\/14447"}],"wp:featuredmedia":[{"embeddable":true,"href":"https:\/\/www.mpc.pr.gov.br\/index.php\/wp-json\/wp\/v2\/media\/14432"}],"wp:attachment":[{"href":"https:\/\/www.mpc.pr.gov.br\/index.php\/wp-json\/wp\/v2\/media?parent=14431"}],"wp:term":[{"taxonomy":"category","embeddable":true,"href":"https:\/\/www.mpc.pr.gov.br\/index.php\/wp-json\/wp\/v2\/categories?post=14431"},{"taxonomy":"post_tag","embeddable":true,"href":"https:\/\/www.mpc.pr.gov.br\/index.php\/wp-json\/wp\/v2\/tags?post=14431"}],"curies":[{"name":"wp","href":"https:\/\/api.w.org\/{rel}","templated":true}]}}