{"id":14990,"date":"2022-12-02T11:25:36","date_gmt":"2022-12-02T14:25:36","guid":{"rendered":"https:\/\/www.mpc.pr.gov.br\/?p=14990"},"modified":"2023-01-13T14:30:27","modified_gmt":"2023-01-13T17:30:27","slug":"fundeb-nao-pode-ser-utilizado-para-cobrir-deficit-atuarial-de-rpps","status":"publish","type":"post","link":"https:\/\/www.mpc.pr.gov.br\/index.php\/fundeb-nao-pode-ser-utilizado-para-cobrir-deficit-atuarial-de-rpps\/","title":{"rendered":"FUNDEB n\u00e3o pode ser utilizado para cobrir d\u00e9ficit atuarial de RPPS"},"content":{"rendered":"<figure id=\"attachment_14318\" aria-describedby=\"caption-attachment-14318\" style=\"width: 300px\" class=\"wp-caption alignleft\"><img fetchpriority=\"high\" decoding=\"async\" class=\"wp-image-14318 size-medium\" src=\"https:\/\/www.mpc.pr.gov.br\/wp-content\/uploads\/2022\/08\/Educacao-300x201.jpeg\" alt=\"\" width=\"300\" height=\"201\" srcset=\"https:\/\/www.mpc.pr.gov.br\/wp-content\/uploads\/2022\/08\/Educacao-300x201.jpeg 300w, https:\/\/www.mpc.pr.gov.br\/wp-content\/uploads\/2022\/08\/Educacao.jpeg 768w\" sizes=\"(max-width: 300px) 100vw, 300px\" \/><figcaption id=\"caption-attachment-14318\" class=\"wp-caption-text\">Foto: Divulga\u00e7\u00e3o Fundeb.<\/figcaption><\/figure>\n<p><span data-contrast=\"none\">Em resposta \u00e0 Consulta formulada pelo Munic\u00edpio de Bela Vista do Para\u00edso, acompanhando o opinativo do Minist\u00e9rio P\u00fablico de Contas do Paran\u00e1 (MPC-PR), o Tribunal de Contas do Estado (TCE-PR) orientou que o ente municipal n\u00e3o utilize os recursos do <a href=\"https:\/\/www.fnde.gov.br\/financiamento\/fundeb\">Fundo de Manuten\u00e7\u00e3o e Desenvolvimento da Educa\u00e7\u00e3o B\u00e1sica (FUNDEB)<\/a>, atrav\u00e9s da cota de 70% destinada ao pagamento de profissionais da educa\u00e7\u00e3o, para pagamento de aportes para amortiza\u00e7\u00e3o de d\u00e9ficit atuarial do Regime Pr\u00f3prio de Previd\u00eancia Social (RPPS).<\/span><span data-ccp-props=\"{&quot;201341983&quot;:0,&quot;335551550&quot;:6,&quot;335551620&quot;:6,&quot;335559739&quot;:160,&quot;335559740&quot;:360}\">\u00a0<\/span><\/p>\n<p><span data-contrast=\"none\">Conforme a decis\u00e3o expressa pelo Tribunal Pleno no Ac\u00f3rd\u00e3o n\u00ba 2451\/22, tal pr\u00e1tica ofende o artigo 212-A da <a href=\"https:\/\/www.planalto.gov.br\/ccivil_03\/constituicao\/constituicao.htm\">Constitui\u00e7\u00e3o Federal<\/a> e artigos 26 e 29 da <a href=\"https:\/\/www.in.gov.br\/en\/web\/dou\/-\/lei-n-14.113-de-25-de-dezembro-de-2020-296390151\">Lei n\u00ba 14.113\/20<\/a>.<\/span><span data-ccp-props=\"{&quot;201341983&quot;:0,&quot;335551550&quot;:6,&quot;335551620&quot;:6,&quot;335559739&quot;:160,&quot;335559740&quot;:360}\">\u00a0<\/span><\/p>\n<h4><b><span data-contrast=\"none\">Instru\u00e7\u00e3o do Processo<\/span><\/b><span data-ccp-props=\"{&quot;201341983&quot;:0,&quot;335551550&quot;:6,&quot;335551620&quot;:6,&quot;335559739&quot;:160,&quot;335559740&quot;:360}\">\u00a0<\/span><\/h4>\n<p><span data-contrast=\"none\">Na peti\u00e7\u00e3o inicial, o Munic\u00edpio de Bela Vista do Para\u00edso questionou sobre a possibilidade de pagamento do aporte para amortiza\u00e7\u00e3o do d\u00e9ficit atuarial, sobre a base de c\u00e1lculo da folha de profissionais do magist\u00e9rio com os recursos da fonte 101-Fundeb70, tendo em vista o car\u00e1ter de contribui\u00e7\u00e3o patronal.<\/span><span data-ccp-props=\"{&quot;201341983&quot;:0,&quot;335551550&quot;:6,&quot;335551620&quot;:6,&quot;335559739&quot;:160,&quot;335559740&quot;:360}\">\u00a0<\/span><\/p>\n<p><span data-contrast=\"none\">Anexo ao processo, o parecer jur\u00eddico do Munic\u00edpio opinou pela possibilidade do uso do FUNDEB para amortiza\u00e7\u00e3o do d\u00e9ficit atuarial do RPPS, uma vez que possui custo suplementar ou extraordin\u00e1rio, configurando-se encargo social do tipo contribui\u00e7\u00e3o patronal e, portanto, seria uma despesa tribut\u00e1ria amparada pelo inciso I do artigo 26 da Lei do FUNDEB n\u00ba 14.113\/20.<\/span><span data-ccp-props=\"{&quot;201341983&quot;:0,&quot;335551550&quot;:6,&quot;335551620&quot;:6,&quot;335559739&quot;:160,&quot;335559740&quot;:360}\">\u00a0<\/span><\/p>\n<p><span data-contrast=\"none\">Instada a se manifestar, a Coordenadoria de Gest\u00e3o Municipal (CGM) opinou pela impossibilidade da utiliza\u00e7\u00e3o dos recursos do FUNDEB para o pagamento de aportes ao RPPS. Nesse sentido, destacou que a Lei n\u00ba 14.113\/20 \u00e9 clara ao dispor sobre o destino dos recursos do FUNDEB, de modo que destinam-se \u00e0 manuten\u00e7\u00e3o e ao desenvolvimento da educa\u00e7\u00e3o b\u00e1sica p\u00fablica e \u00e0 valoriza\u00e7\u00e3o dos profissionais da educa\u00e7\u00e3o. Ademais, o artigo 29 da Lei menciona expressamente a veda\u00e7\u00e3o da utiliza\u00e7\u00e3o dos recursos do fundo para pagamento de aposentadorias e pens\u00f5es, bem como para financiar despesas n\u00e3o consideradas de manuten\u00e7\u00e3o e desenvolvimento da educa\u00e7\u00e3o b\u00e1sica.\u00a0<\/span><span data-ccp-props=\"{&quot;201341983&quot;:0,&quot;335551550&quot;:6,&quot;335551620&quot;:6,&quot;335559739&quot;:160,&quot;335559740&quot;:360}\">\u00a0<\/span><\/p>\n<p><span data-contrast=\"none\">Por fim, a unidade t\u00e9cnica ainda observou que usar esses recursos para diminuir o d\u00e9ficit atuarial beneficiaria todos os servidores vinculados ao RPPS, e n\u00e3o somente as aposentadorias e pens\u00f5es dos profissionais de educa\u00e7\u00e3o b\u00e1sica.\u00a0<\/span><span data-ccp-props=\"{&quot;201341983&quot;:0,&quot;335551550&quot;:6,&quot;335551620&quot;:6,&quot;335559739&quot;:160,&quot;335559740&quot;:360}\">\u00a0<\/span><\/p>\n<p><span data-contrast=\"none\">Corroborando com o entendimento da CGM, o Minist\u00e9rio P\u00fablico de Contas destacou a jurisprud\u00eancia do <a href=\"https:\/\/portal.stf.jus.br\/\">Supremo Tribunal Federal (STF)<\/a> ao julgar A\u00e7\u00e3o Declarat\u00f3ria de Inconstitucionalidade (ADI 5719\/SP) com o mesmo tema, em que se decidiu que o d\u00e9ficit do RPPS n\u00e3o pode ser inclu\u00eddo no c\u00f4mputo das despesas destinadas a manuten\u00e7\u00e3o e desenvolvimento do ensino, o que tamb\u00e9m se aplica ao FUNDEB. Assim, mediante o <a href=\"https:\/\/www.mpc.pr.gov.br\/wp-content\/uploads\/2022\/12\/Parecer-88-22.pdf\">Parecer n\u00ba 88\/22<\/a>, concluiu o opinativo propondo resposta ao consulente nos seguintes termos: \u201c<\/span><i><span data-contrast=\"none\">N\u00e3o \u00e9 poss\u00edvel o aporte ao regime pr\u00f3prio de previd\u00eancia social por meio de recursos da cota de 70% do FUNDEB destinado ao pagamento de profissionais da educa\u00e7\u00e3o, tendo em vista que tal pr\u00e1tica viola o disposto nos artigos 22, inciso XXIV; 24, inciso IX; 167, inciso IV; e 212, caput, da Constitui\u00e7\u00e3o Federal, nos termos do decidido na ADI 5719\/SP do STF\u201d<\/span><\/i><span data-contrast=\"none\">.<\/span><span data-ccp-props=\"{&quot;201341983&quot;:0,&quot;335551550&quot;:6,&quot;335551620&quot;:6,&quot;335559739&quot;:160,&quot;335559740&quot;:360}\">\u00a0<\/span><\/p>\n<h4><b><span data-contrast=\"none\">Decis\u00e3o<\/span><\/b><span data-ccp-props=\"{&quot;201341983&quot;:0,&quot;335551550&quot;:6,&quot;335551620&quot;:6,&quot;335559739&quot;:160,&quot;335559740&quot;:360}\">\u00a0<\/span><\/h4>\n<p><span data-contrast=\"none\">Em sede de julgamento, o relator Conselheiro Ivan Lelis Bonilha acompanhou o entendimento da unidade t\u00e9cnica e do MPC-PR. Observou que a Constitui\u00e7\u00e3o Federal reserva especial destina\u00e7\u00e3o a 70% dos recursos do Fundo, que dever\u00e3o ser dirigidos ao pagamento de profissionais da educa\u00e7\u00e3o b\u00e1sica em efetivo exerc\u00edcio, assim como o art. 25 da Lei do FUNDEB estabelece que os recursos sejam destinados apenas aos profissionais da educa\u00e7\u00e3o b\u00e1sica em exerc\u00edcio. Logo, o aporte questionado pelo consulente para amortizar o d\u00e9ficit atuarial de Regime Pr\u00f3prio de Previd\u00eancia Social descumpriria essa finalidade, pois o pagamento seria gen\u00e9rico, ou seja, destinado a todo o RPPS.<\/span><span data-ccp-props=\"{&quot;201341983&quot;:0,&quot;335551550&quot;:6,&quot;335551620&quot;:6,&quot;335559739&quot;:160,&quot;335559740&quot;:360}\">\u00a0<\/span><\/p>\n<p><span data-contrast=\"none\">Acompanhando o voto do relator, por meio do <a href=\"https:\/\/www.mpc.pr.gov.br\/wp-content\/uploads\/2022\/12\/Acordao-2212-22.pdf\">Ac\u00f3rd\u00e3o n\u00ba 2212\/22<\/a>, o Plano do TCE-PR deu conhecimento da consulta para, no m\u00e9rito, respond\u00ea-la nos seguintes termos: <\/span><i><span data-contrast=\"none\">\u201cN\u00e3o \u00e9 poss\u00edvel a utiliza\u00e7\u00e3o dos recursos do FUNDEB, atrav\u00e9s da cota de 70% destinada ao pagamento de profissionais da educa\u00e7\u00e3o, para pagamento de aportes para amortiza\u00e7\u00e3o de d\u00e9ficit atuarial do RPPS. A pr\u00e1tica ofende o artigo 212-A da Constitui\u00e7\u00e3o Federal e artigos 26 e 29 da Lei n\u00ba 14.113\/20.\u201d<\/span><\/i><span data-ccp-props=\"{&quot;201341983&quot;:0,&quot;335551550&quot;:6,&quot;335551620&quot;:6,&quot;335559739&quot;:160,&quot;335559740&quot;:360}\">\u00a0<\/span><\/p>\n<blockquote><p><span style=\"color: #820007;\"><strong><u>Informa\u00e7\u00e3o para consulta processual<\/u><\/strong><\/span><\/p>\n<table border=\"0\" width=\"572\" cellspacing=\"0\" cellpadding=\"0\">\n<tbody>\n<tr>\n<td><strong>Processo n\u00ba<\/strong>:<\/td>\n<td>589976\/21<\/td>\n<\/tr>\n<tr>\n<td><strong>Ac\u00f3rd\u00e3o n\u00ba<\/strong>:<\/td>\n<td>2212\/22 &#8211; Tribunal Pleno<\/td>\n<\/tr>\n<tr>\n<td><strong>Assunto<\/strong>:<\/td>\n<td>Consulta<\/td>\n<\/tr>\n<tr>\n<td><strong>Entidade<\/strong>:<\/td>\n<td>Munic\u00edpio de Bela Vista do Para\u00edso<\/td>\n<\/tr>\n<tr>\n<td><strong>Relator<\/strong>:<\/td>\n<td><span data-contrast=\"none\">Conselheiro Ivan Lelis Bonilha<\/span><\/td>\n<\/tr>\n<\/tbody>\n<\/table>\n<\/blockquote>\n","protected":false},"excerpt":{"rendered":"<p>Em resposta \u00e0 Consulta formulada pelo Munic\u00edpio de Bela Vista do Para\u00edso, acompanhando o opinativo do Minist\u00e9rio P\u00fablico de Contas do Paran\u00e1 (MPC-PR), o Tribunal de Contas do Estado (TCE-PR) orientou que o ente municipal n\u00e3o utilize os recursos do Fundo de Manuten\u00e7\u00e3o e Desenvolvimento da Educa\u00e7\u00e3o B\u00e1sica (FUNDEB), atrav\u00e9s da cota de 70% destinada [&hellip;]<\/p>\n","protected":false},"author":1,"featured_media":14318,"comment_status":"open","ping_status":"open","sticky":false,"template":"","format":"standard","meta":{"_monsterinsights_skip_tracking":false,"_monsterinsights_sitenote_active":false,"_monsterinsights_sitenote_note":"","_monsterinsights_sitenote_category":0,"footnotes":""},"categories":[7],"tags":[29,375,197,65,13,376,39,71],"class_list":["post-14990","post","type-post","status-publish","format-standard","has-post-thumbnail","hentry","category-todas-as-noticias","tag-aposentadoria","tag-bela-vista-do-paraiso","tag-consulta","tag-fundeb","tag-mpc-pr","tag-rpps","tag-tce-pr","tag-tribunal-pleno","entry","has-media"],"yoast_head":"<!-- This site is optimized with the Yoast SEO plugin v27.3 - https:\/\/yoast.com\/product\/yoast-seo-wordpress\/ -->\n<title>FUNDEB n\u00e3o pode ser utilizado para cobrir d\u00e9ficit atuarial de RPPS - Minist\u00e9rio P\u00fablico de Contas do Estado do Paran\u00e1<\/title>\n<meta name=\"robots\" content=\"index, follow, max-snippet:-1, max-image-preview:large, max-video-preview:-1\" \/>\n<link rel=\"canonical\" href=\"https:\/\/www.mpc.pr.gov.br\/index.php\/fundeb-nao-pode-ser-utilizado-para-cobrir-deficit-atuarial-de-rpps\/\" \/>\n<meta property=\"og:locale\" content=\"pt_BR\" \/>\n<meta property=\"og:type\" content=\"article\" \/>\n<meta property=\"og:title\" content=\"FUNDEB n\u00e3o pode ser utilizado para cobrir d\u00e9ficit atuarial de RPPS - Minist\u00e9rio P\u00fablico de Contas do Estado do Paran\u00e1\" \/>\n<meta property=\"og:description\" content=\"Em resposta \u00e0 Consulta formulada pelo Munic\u00edpio de Bela Vista do Para\u00edso, acompanhando o opinativo do Minist\u00e9rio P\u00fablico de Contas do Paran\u00e1 (MPC-PR), o Tribunal de Contas do Estado (TCE-PR) orientou que o ente municipal n\u00e3o utilize os recursos do Fundo de Manuten\u00e7\u00e3o e Desenvolvimento da Educa\u00e7\u00e3o B\u00e1sica (FUNDEB), atrav\u00e9s da cota de 70% destinada [&hellip;]\" \/>\n<meta property=\"og:url\" content=\"https:\/\/www.mpc.pr.gov.br\/index.php\/fundeb-nao-pode-ser-utilizado-para-cobrir-deficit-atuarial-de-rpps\/\" \/>\n<meta property=\"og:site_name\" content=\"Minist\u00e9rio P\u00fablico de Contas do Estado do Paran\u00e1\" \/>\n<meta property=\"article:publisher\" content=\"https:\/\/www.facebook.com\/mpc.pr\" \/>\n<meta property=\"article:published_time\" content=\"2022-12-02T14:25:36+00:00\" \/>\n<meta property=\"article:modified_time\" content=\"2023-01-13T17:30:27+00:00\" \/>\n<meta property=\"og:image\" content=\"https:\/\/www.mpc.pr.gov.br\/wp-content\/uploads\/2022\/08\/Educacao.jpeg\" \/>\n\t<meta property=\"og:image:width\" content=\"768\" \/>\n\t<meta property=\"og:image:height\" content=\"514\" \/>\n\t<meta property=\"og:image:type\" content=\"image\/jpeg\" \/>\n<meta name=\"author\" content=\"mpcontaspr\" \/>\n<meta name=\"twitter:card\" content=\"summary_large_image\" \/>\n<meta name=\"twitter:label1\" content=\"Escrito por\" \/>\n\t<meta name=\"twitter:data1\" content=\"mpcontaspr\" \/>\n\t<meta name=\"twitter:label2\" content=\"Est. tempo de leitura\" \/>\n\t<meta name=\"twitter:data2\" content=\"5 minutos\" \/>\n<script type=\"application\/ld+json\" class=\"yoast-schema-graph\">{\"@context\":\"https:\\\/\\\/schema.org\",\"@graph\":[{\"@type\":\"Article\",\"@id\":\"https:\\\/\\\/www.mpc.pr.gov.br\\\/index.php\\\/fundeb-nao-pode-ser-utilizado-para-cobrir-deficit-atuarial-de-rpps\\\/#article\",\"isPartOf\":{\"@id\":\"https:\\\/\\\/www.mpc.pr.gov.br\\\/index.php\\\/fundeb-nao-pode-ser-utilizado-para-cobrir-deficit-atuarial-de-rpps\\\/\"},\"author\":{\"name\":\"mpcontaspr\",\"@id\":\"https:\\\/\\\/www.mpc.pr.gov.br\\\/#\\\/schema\\\/person\\\/2d83cb8980538d0ec174e8a6284f5e11\"},\"headline\":\"FUNDEB n\u00e3o pode ser utilizado para cobrir d\u00e9ficit atuarial de RPPS\",\"datePublished\":\"2022-12-02T14:25:36+00:00\",\"dateModified\":\"2023-01-13T17:30:27+00:00\",\"mainEntityOfPage\":{\"@id\":\"https:\\\/\\\/www.mpc.pr.gov.br\\\/index.php\\\/fundeb-nao-pode-ser-utilizado-para-cobrir-deficit-atuarial-de-rpps\\\/\"},\"wordCount\":798,\"commentCount\":0,\"publisher\":{\"@id\":\"https:\\\/\\\/www.mpc.pr.gov.br\\\/#organization\"},\"image\":{\"@id\":\"https:\\\/\\\/www.mpc.pr.gov.br\\\/index.php\\\/fundeb-nao-pode-ser-utilizado-para-cobrir-deficit-atuarial-de-rpps\\\/#primaryimage\"},\"thumbnailUrl\":\"https:\\\/\\\/www.mpc.pr.gov.br\\\/wp-content\\\/uploads\\\/2022\\\/08\\\/Educacao.jpeg\",\"keywords\":[\"Aposentadoria\",\"Bela Vista do Para\u00edso\",\"Consulta\",\"Fundeb\",\"MPC-PR\",\"RPPS\",\"TCE-PR\",\"Tribunal Pleno\"],\"articleSection\":[\"Todas as not\u00edcias\"],\"inLanguage\":\"pt-BR\",\"potentialAction\":[{\"@type\":\"CommentAction\",\"name\":\"Comment\",\"target\":[\"https:\\\/\\\/www.mpc.pr.gov.br\\\/index.php\\\/fundeb-nao-pode-ser-utilizado-para-cobrir-deficit-atuarial-de-rpps\\\/#respond\"]}]},{\"@type\":\"WebPage\",\"@id\":\"https:\\\/\\\/www.mpc.pr.gov.br\\\/index.php\\\/fundeb-nao-pode-ser-utilizado-para-cobrir-deficit-atuarial-de-rpps\\\/\",\"url\":\"https:\\\/\\\/www.mpc.pr.gov.br\\\/index.php\\\/fundeb-nao-pode-ser-utilizado-para-cobrir-deficit-atuarial-de-rpps\\\/\",\"name\":\"FUNDEB n\u00e3o pode ser utilizado para cobrir d\u00e9ficit atuarial de RPPS - Minist\u00e9rio P\u00fablico de Contas do Estado do Paran\u00e1\",\"isPartOf\":{\"@id\":\"https:\\\/\\\/www.mpc.pr.gov.br\\\/#website\"},\"primaryImageOfPage\":{\"@id\":\"https:\\\/\\\/www.mpc.pr.gov.br\\\/index.php\\\/fundeb-nao-pode-ser-utilizado-para-cobrir-deficit-atuarial-de-rpps\\\/#primaryimage\"},\"image\":{\"@id\":\"https:\\\/\\\/www.mpc.pr.gov.br\\\/index.php\\\/fundeb-nao-pode-ser-utilizado-para-cobrir-deficit-atuarial-de-rpps\\\/#primaryimage\"},\"thumbnailUrl\":\"https:\\\/\\\/www.mpc.pr.gov.br\\\/wp-content\\\/uploads\\\/2022\\\/08\\\/Educacao.jpeg\",\"datePublished\":\"2022-12-02T14:25:36+00:00\",\"dateModified\":\"2023-01-13T17:30:27+00:00\",\"breadcrumb\":{\"@id\":\"https:\\\/\\\/www.mpc.pr.gov.br\\\/index.php\\\/fundeb-nao-pode-ser-utilizado-para-cobrir-deficit-atuarial-de-rpps\\\/#breadcrumb\"},\"inLanguage\":\"pt-BR\",\"potentialAction\":[{\"@type\":\"ReadAction\",\"target\":[\"https:\\\/\\\/www.mpc.pr.gov.br\\\/index.php\\\/fundeb-nao-pode-ser-utilizado-para-cobrir-deficit-atuarial-de-rpps\\\/\"]}]},{\"@type\":\"ImageObject\",\"inLanguage\":\"pt-BR\",\"@id\":\"https:\\\/\\\/www.mpc.pr.gov.br\\\/index.php\\\/fundeb-nao-pode-ser-utilizado-para-cobrir-deficit-atuarial-de-rpps\\\/#primaryimage\",\"url\":\"https:\\\/\\\/www.mpc.pr.gov.br\\\/wp-content\\\/uploads\\\/2022\\\/08\\\/Educacao.jpeg\",\"contentUrl\":\"https:\\\/\\\/www.mpc.pr.gov.br\\\/wp-content\\\/uploads\\\/2022\\\/08\\\/Educacao.jpeg\",\"width\":768,\"height\":514,\"caption\":\"Foto: Divulga\u00e7\u00e3o Fundeb.\"},{\"@type\":\"BreadcrumbList\",\"@id\":\"https:\\\/\\\/www.mpc.pr.gov.br\\\/index.php\\\/fundeb-nao-pode-ser-utilizado-para-cobrir-deficit-atuarial-de-rpps\\\/#breadcrumb\",\"itemListElement\":[{\"@type\":\"ListItem\",\"position\":1,\"name\":\"In\u00edcio\",\"item\":\"https:\\\/\\\/www.mpc.pr.gov.br\\\/\"},{\"@type\":\"ListItem\",\"position\":2,\"name\":\"FUNDEB n\u00e3o pode ser utilizado para cobrir d\u00e9ficit atuarial de RPPS\"}]},{\"@type\":\"WebSite\",\"@id\":\"https:\\\/\\\/www.mpc.pr.gov.br\\\/#website\",\"url\":\"https:\\\/\\\/www.mpc.pr.gov.br\\\/\",\"name\":\"Minist\u00e9rio P\u00fablico de Contas do Estado do Paran\u00e1\",\"description\":\"\",\"publisher\":{\"@id\":\"https:\\\/\\\/www.mpc.pr.gov.br\\\/#organization\"},\"potentialAction\":[{\"@type\":\"SearchAction\",\"target\":{\"@type\":\"EntryPoint\",\"urlTemplate\":\"https:\\\/\\\/www.mpc.pr.gov.br\\\/?s={search_term_string}\"},\"query-input\":{\"@type\":\"PropertyValueSpecification\",\"valueRequired\":true,\"valueName\":\"search_term_string\"}}],\"inLanguage\":\"pt-BR\"},{\"@type\":\"Organization\",\"@id\":\"https:\\\/\\\/www.mpc.pr.gov.br\\\/#organization\",\"name\":\"Minist\u00e9rio P\u00fablico de Contas do Estado do Paran\u00e1\",\"url\":\"https:\\\/\\\/www.mpc.pr.gov.br\\\/\",\"logo\":{\"@type\":\"ImageObject\",\"inLanguage\":\"pt-BR\",\"@id\":\"https:\\\/\\\/www.mpc.pr.gov.br\\\/#\\\/schema\\\/logo\\\/image\\\/\",\"url\":\"https:\\\/\\\/www.mpc.pr.gov.br\\\/wp-content\\\/uploads\\\/2020\\\/06\\\/99423647_1593460364143890_6706793420720963584_n-1-e1591387983167.png\",\"contentUrl\":\"https:\\\/\\\/www.mpc.pr.gov.br\\\/wp-content\\\/uploads\\\/2020\\\/06\\\/99423647_1593460364143890_6706793420720963584_n-1-e1591387983167.png\",\"width\":243,\"height\":73,\"caption\":\"Minist\u00e9rio P\u00fablico de Contas do Estado do Paran\u00e1\"},\"image\":{\"@id\":\"https:\\\/\\\/www.mpc.pr.gov.br\\\/#\\\/schema\\\/logo\\\/image\\\/\"},\"sameAs\":[\"https:\\\/\\\/www.facebook.com\\\/mpc.pr\",\"https:\\\/\\\/www.instagram.com\\\/mpc.pr\\\/?hl=pt-br\",\"https:\\\/\\\/www.youtube.com\\\/channel\\\/UCHri5oEM8DV0ztX57E0sBSw\"]},{\"@type\":\"Person\",\"@id\":\"https:\\\/\\\/www.mpc.pr.gov.br\\\/#\\\/schema\\\/person\\\/2d83cb8980538d0ec174e8a6284f5e11\",\"name\":\"mpcontaspr\",\"image\":{\"@type\":\"ImageObject\",\"inLanguage\":\"pt-BR\",\"@id\":\"https:\\\/\\\/secure.gravatar.com\\\/avatar\\\/1aef51541db7622e05fd639336c9c9f312c2a618396e2b6ca96846362fc5403f?s=96&d=mm&r=g\",\"url\":\"https:\\\/\\\/secure.gravatar.com\\\/avatar\\\/1aef51541db7622e05fd639336c9c9f312c2a618396e2b6ca96846362fc5403f?s=96&d=mm&r=g\",\"contentUrl\":\"https:\\\/\\\/secure.gravatar.com\\\/avatar\\\/1aef51541db7622e05fd639336c9c9f312c2a618396e2b6ca96846362fc5403f?s=96&d=mm&r=g\",\"caption\":\"mpcontaspr\"},\"sameAs\":[\"http:\\\/\\\/www.mpc.pr.gov.br\"]}]}<\/script>\n<!-- \/ Yoast SEO plugin. -->","yoast_head_json":{"title":"FUNDEB n\u00e3o pode ser utilizado para cobrir d\u00e9ficit atuarial de RPPS - Minist\u00e9rio P\u00fablico de Contas do Estado do Paran\u00e1","robots":{"index":"index","follow":"follow","max-snippet":"max-snippet:-1","max-image-preview":"max-image-preview:large","max-video-preview":"max-video-preview:-1"},"canonical":"https:\/\/www.mpc.pr.gov.br\/index.php\/fundeb-nao-pode-ser-utilizado-para-cobrir-deficit-atuarial-de-rpps\/","og_locale":"pt_BR","og_type":"article","og_title":"FUNDEB n\u00e3o pode ser utilizado para cobrir d\u00e9ficit atuarial de RPPS - Minist\u00e9rio P\u00fablico de Contas do Estado do Paran\u00e1","og_description":"Em resposta \u00e0 Consulta formulada pelo Munic\u00edpio de Bela Vista do Para\u00edso, acompanhando o opinativo do Minist\u00e9rio P\u00fablico de Contas do Paran\u00e1 (MPC-PR), o Tribunal de Contas do Estado (TCE-PR) orientou que o ente municipal n\u00e3o utilize os recursos do Fundo de Manuten\u00e7\u00e3o e Desenvolvimento da Educa\u00e7\u00e3o B\u00e1sica (FUNDEB), atrav\u00e9s da cota de 70% destinada [&hellip;]","og_url":"https:\/\/www.mpc.pr.gov.br\/index.php\/fundeb-nao-pode-ser-utilizado-para-cobrir-deficit-atuarial-de-rpps\/","og_site_name":"Minist\u00e9rio P\u00fablico de Contas do Estado do Paran\u00e1","article_publisher":"https:\/\/www.facebook.com\/mpc.pr","article_published_time":"2022-12-02T14:25:36+00:00","article_modified_time":"2023-01-13T17:30:27+00:00","og_image":[{"width":768,"height":514,"url":"https:\/\/www.mpc.pr.gov.br\/wp-content\/uploads\/2022\/08\/Educacao.jpeg","type":"image\/jpeg"}],"author":"mpcontaspr","twitter_card":"summary_large_image","twitter_misc":{"Escrito por":"mpcontaspr","Est. tempo de leitura":"5 minutos"},"schema":{"@context":"https:\/\/schema.org","@graph":[{"@type":"Article","@id":"https:\/\/www.mpc.pr.gov.br\/index.php\/fundeb-nao-pode-ser-utilizado-para-cobrir-deficit-atuarial-de-rpps\/#article","isPartOf":{"@id":"https:\/\/www.mpc.pr.gov.br\/index.php\/fundeb-nao-pode-ser-utilizado-para-cobrir-deficit-atuarial-de-rpps\/"},"author":{"name":"mpcontaspr","@id":"https:\/\/www.mpc.pr.gov.br\/#\/schema\/person\/2d83cb8980538d0ec174e8a6284f5e11"},"headline":"FUNDEB n\u00e3o pode ser utilizado para cobrir d\u00e9ficit atuarial de RPPS","datePublished":"2022-12-02T14:25:36+00:00","dateModified":"2023-01-13T17:30:27+00:00","mainEntityOfPage":{"@id":"https:\/\/www.mpc.pr.gov.br\/index.php\/fundeb-nao-pode-ser-utilizado-para-cobrir-deficit-atuarial-de-rpps\/"},"wordCount":798,"commentCount":0,"publisher":{"@id":"https:\/\/www.mpc.pr.gov.br\/#organization"},"image":{"@id":"https:\/\/www.mpc.pr.gov.br\/index.php\/fundeb-nao-pode-ser-utilizado-para-cobrir-deficit-atuarial-de-rpps\/#primaryimage"},"thumbnailUrl":"https:\/\/www.mpc.pr.gov.br\/wp-content\/uploads\/2022\/08\/Educacao.jpeg","keywords":["Aposentadoria","Bela Vista do Para\u00edso","Consulta","Fundeb","MPC-PR","RPPS","TCE-PR","Tribunal Pleno"],"articleSection":["Todas as not\u00edcias"],"inLanguage":"pt-BR","potentialAction":[{"@type":"CommentAction","name":"Comment","target":["https:\/\/www.mpc.pr.gov.br\/index.php\/fundeb-nao-pode-ser-utilizado-para-cobrir-deficit-atuarial-de-rpps\/#respond"]}]},{"@type":"WebPage","@id":"https:\/\/www.mpc.pr.gov.br\/index.php\/fundeb-nao-pode-ser-utilizado-para-cobrir-deficit-atuarial-de-rpps\/","url":"https:\/\/www.mpc.pr.gov.br\/index.php\/fundeb-nao-pode-ser-utilizado-para-cobrir-deficit-atuarial-de-rpps\/","name":"FUNDEB n\u00e3o pode ser utilizado para cobrir d\u00e9ficit atuarial de RPPS - Minist\u00e9rio P\u00fablico de Contas do Estado do Paran\u00e1","isPartOf":{"@id":"https:\/\/www.mpc.pr.gov.br\/#website"},"primaryImageOfPage":{"@id":"https:\/\/www.mpc.pr.gov.br\/index.php\/fundeb-nao-pode-ser-utilizado-para-cobrir-deficit-atuarial-de-rpps\/#primaryimage"},"image":{"@id":"https:\/\/www.mpc.pr.gov.br\/index.php\/fundeb-nao-pode-ser-utilizado-para-cobrir-deficit-atuarial-de-rpps\/#primaryimage"},"thumbnailUrl":"https:\/\/www.mpc.pr.gov.br\/wp-content\/uploads\/2022\/08\/Educacao.jpeg","datePublished":"2022-12-02T14:25:36+00:00","dateModified":"2023-01-13T17:30:27+00:00","breadcrumb":{"@id":"https:\/\/www.mpc.pr.gov.br\/index.php\/fundeb-nao-pode-ser-utilizado-para-cobrir-deficit-atuarial-de-rpps\/#breadcrumb"},"inLanguage":"pt-BR","potentialAction":[{"@type":"ReadAction","target":["https:\/\/www.mpc.pr.gov.br\/index.php\/fundeb-nao-pode-ser-utilizado-para-cobrir-deficit-atuarial-de-rpps\/"]}]},{"@type":"ImageObject","inLanguage":"pt-BR","@id":"https:\/\/www.mpc.pr.gov.br\/index.php\/fundeb-nao-pode-ser-utilizado-para-cobrir-deficit-atuarial-de-rpps\/#primaryimage","url":"https:\/\/www.mpc.pr.gov.br\/wp-content\/uploads\/2022\/08\/Educacao.jpeg","contentUrl":"https:\/\/www.mpc.pr.gov.br\/wp-content\/uploads\/2022\/08\/Educacao.jpeg","width":768,"height":514,"caption":"Foto: Divulga\u00e7\u00e3o Fundeb."},{"@type":"BreadcrumbList","@id":"https:\/\/www.mpc.pr.gov.br\/index.php\/fundeb-nao-pode-ser-utilizado-para-cobrir-deficit-atuarial-de-rpps\/#breadcrumb","itemListElement":[{"@type":"ListItem","position":1,"name":"In\u00edcio","item":"https:\/\/www.mpc.pr.gov.br\/"},{"@type":"ListItem","position":2,"name":"FUNDEB n\u00e3o pode ser utilizado para cobrir d\u00e9ficit atuarial de RPPS"}]},{"@type":"WebSite","@id":"https:\/\/www.mpc.pr.gov.br\/#website","url":"https:\/\/www.mpc.pr.gov.br\/","name":"Minist\u00e9rio P\u00fablico de Contas do Estado do Paran\u00e1","description":"","publisher":{"@id":"https:\/\/www.mpc.pr.gov.br\/#organization"},"potentialAction":[{"@type":"SearchAction","target":{"@type":"EntryPoint","urlTemplate":"https:\/\/www.mpc.pr.gov.br\/?s={search_term_string}"},"query-input":{"@type":"PropertyValueSpecification","valueRequired":true,"valueName":"search_term_string"}}],"inLanguage":"pt-BR"},{"@type":"Organization","@id":"https:\/\/www.mpc.pr.gov.br\/#organization","name":"Minist\u00e9rio P\u00fablico de Contas do Estado do Paran\u00e1","url":"https:\/\/www.mpc.pr.gov.br\/","logo":{"@type":"ImageObject","inLanguage":"pt-BR","@id":"https:\/\/www.mpc.pr.gov.br\/#\/schema\/logo\/image\/","url":"https:\/\/www.mpc.pr.gov.br\/wp-content\/uploads\/2020\/06\/99423647_1593460364143890_6706793420720963584_n-1-e1591387983167.png","contentUrl":"https:\/\/www.mpc.pr.gov.br\/wp-content\/uploads\/2020\/06\/99423647_1593460364143890_6706793420720963584_n-1-e1591387983167.png","width":243,"height":73,"caption":"Minist\u00e9rio P\u00fablico de Contas do Estado do Paran\u00e1"},"image":{"@id":"https:\/\/www.mpc.pr.gov.br\/#\/schema\/logo\/image\/"},"sameAs":["https:\/\/www.facebook.com\/mpc.pr","https:\/\/www.instagram.com\/mpc.pr\/?hl=pt-br","https:\/\/www.youtube.com\/channel\/UCHri5oEM8DV0ztX57E0sBSw"]},{"@type":"Person","@id":"https:\/\/www.mpc.pr.gov.br\/#\/schema\/person\/2d83cb8980538d0ec174e8a6284f5e11","name":"mpcontaspr","image":{"@type":"ImageObject","inLanguage":"pt-BR","@id":"https:\/\/secure.gravatar.com\/avatar\/1aef51541db7622e05fd639336c9c9f312c2a618396e2b6ca96846362fc5403f?s=96&d=mm&r=g","url":"https:\/\/secure.gravatar.com\/avatar\/1aef51541db7622e05fd639336c9c9f312c2a618396e2b6ca96846362fc5403f?s=96&d=mm&r=g","contentUrl":"https:\/\/secure.gravatar.com\/avatar\/1aef51541db7622e05fd639336c9c9f312c2a618396e2b6ca96846362fc5403f?s=96&d=mm&r=g","caption":"mpcontaspr"},"sameAs":["http:\/\/www.mpc.pr.gov.br"]}]}},"rttpg_featured_image_url":{"full":["https:\/\/www.mpc.pr.gov.br\/wp-content\/uploads\/2022\/08\/Educacao.jpeg",768,514,false],"landscape":["https:\/\/www.mpc.pr.gov.br\/wp-content\/uploads\/2022\/08\/Educacao.jpeg",768,514,false],"portraits":["https:\/\/www.mpc.pr.gov.br\/wp-content\/uploads\/2022\/08\/Educacao.jpeg",768,514,false],"thumbnail":["https:\/\/www.mpc.pr.gov.br\/wp-content\/uploads\/2022\/08\/Educacao-150x150.jpeg",150,150,true],"medium":["https:\/\/www.mpc.pr.gov.br\/wp-content\/uploads\/2022\/08\/Educacao-300x201.jpeg",300,201,true],"large":["https:\/\/www.mpc.pr.gov.br\/wp-content\/uploads\/2022\/08\/Educacao.jpeg",768,514,false],"1536x1536":["https:\/\/www.mpc.pr.gov.br\/wp-content\/uploads\/2022\/08\/Educacao.jpeg",768,514,false],"2048x2048":["https:\/\/www.mpc.pr.gov.br\/wp-content\/uploads\/2022\/08\/Educacao.jpeg",768,514,false],"ocean-thumb-m":["https:\/\/www.mpc.pr.gov.br\/wp-content\/uploads\/2022\/08\/Educacao-600x514.jpeg",600,514,true],"ocean-thumb-ml":["https:\/\/www.mpc.pr.gov.br\/wp-content\/uploads\/2022\/08\/Educacao-768x450.jpeg",768,450,true],"ocean-thumb-l":["https:\/\/www.mpc.pr.gov.br\/wp-content\/uploads\/2022\/08\/Educacao.jpeg",768,514,false]},"rttpg_author":{"display_name":"mpcontaspr","author_link":"https:\/\/www.mpc.pr.gov.br\/index.php\/author\/mpcontaspr\/"},"rttpg_comment":0,"rttpg_category":"<a href=\"https:\/\/www.mpc.pr.gov.br\/index.php\/category\/todas-as-noticias\/\" rel=\"category tag\">Todas as not\u00edcias<\/a>","rttpg_excerpt":"Em resposta \u00e0 Consulta formulada pelo Munic\u00edpio de Bela Vista do Para\u00edso, acompanhando o opinativo do Minist\u00e9rio P\u00fablico de Contas do Paran\u00e1 (MPC-PR), o Tribunal de Contas do Estado (TCE-PR) orientou que o ente municipal n\u00e3o utilize os recursos do Fundo de Manuten\u00e7\u00e3o e Desenvolvimento da Educa\u00e7\u00e3o B\u00e1sica (FUNDEB), atrav\u00e9s da cota de 70% destinada&hellip;","_links":{"self":[{"href":"https:\/\/www.mpc.pr.gov.br\/index.php\/wp-json\/wp\/v2\/posts\/14990","targetHints":{"allow":["GET"]}}],"collection":[{"href":"https:\/\/www.mpc.pr.gov.br\/index.php\/wp-json\/wp\/v2\/posts"}],"about":[{"href":"https:\/\/www.mpc.pr.gov.br\/index.php\/wp-json\/wp\/v2\/types\/post"}],"author":[{"embeddable":true,"href":"https:\/\/www.mpc.pr.gov.br\/index.php\/wp-json\/wp\/v2\/users\/1"}],"replies":[{"embeddable":true,"href":"https:\/\/www.mpc.pr.gov.br\/index.php\/wp-json\/wp\/v2\/comments?post=14990"}],"version-history":[{"count":1,"href":"https:\/\/www.mpc.pr.gov.br\/index.php\/wp-json\/wp\/v2\/posts\/14990\/revisions"}],"predecessor-version":[{"id":14994,"href":"https:\/\/www.mpc.pr.gov.br\/index.php\/wp-json\/wp\/v2\/posts\/14990\/revisions\/14994"}],"wp:featuredmedia":[{"embeddable":true,"href":"https:\/\/www.mpc.pr.gov.br\/index.php\/wp-json\/wp\/v2\/media\/14318"}],"wp:attachment":[{"href":"https:\/\/www.mpc.pr.gov.br\/index.php\/wp-json\/wp\/v2\/media?parent=14990"}],"wp:term":[{"taxonomy":"category","embeddable":true,"href":"https:\/\/www.mpc.pr.gov.br\/index.php\/wp-json\/wp\/v2\/categories?post=14990"},{"taxonomy":"post_tag","embeddable":true,"href":"https:\/\/www.mpc.pr.gov.br\/index.php\/wp-json\/wp\/v2\/tags?post=14990"}],"curies":[{"name":"wp","href":"https:\/\/api.w.org\/{rel}","templated":true}]}}