{"id":15019,"date":"2022-12-06T15:19:05","date_gmt":"2022-12-06T18:19:05","guid":{"rendered":"https:\/\/www.mpc.pr.gov.br\/?p=15019"},"modified":"2023-01-19T11:00:34","modified_gmt":"2023-01-19T14:00:34","slug":"tce-pr-mantem-multas-a-ex-prefeito-de-boa-vista-da-aparecida-por-terceirizacao-indevida-de-servicos-publicos-de-saude","status":"publish","type":"post","link":"https:\/\/www.mpc.pr.gov.br\/index.php\/tce-pr-mantem-multas-a-ex-prefeito-de-boa-vista-da-aparecida-por-terceirizacao-indevida-de-servicos-publicos-de-saude\/","title":{"rendered":"TCE-PR mant\u00e9m multas a ex-prefeito de Boa vista da Aparecida por terceiriza\u00e7\u00e3o indevida de servi\u00e7os p\u00fablicos de sa\u00fade"},"content":{"rendered":"<p><img fetchpriority=\"high\" decoding=\"async\" class=\"wp-image-12685 size-medium alignleft\" src=\"https:\/\/www.mpc.pr.gov.br\/wp-content\/uploads\/2021\/08\/Licitacao-300x259.jpg\" alt=\"\" width=\"300\" height=\"259\" srcset=\"https:\/\/www.mpc.pr.gov.br\/wp-content\/uploads\/2021\/08\/Licitacao-300x259.jpg 300w, https:\/\/www.mpc.pr.gov.br\/wp-content\/uploads\/2021\/08\/Licitacao.jpg 640w\" sizes=\"(max-width: 300px) 100vw, 300px\" \/><\/p>\n<p><span data-contrast=\"none\">O Tribunal de Contas do Paran\u00e1 (TCE-PR) negou provimento ao Recurso de Revista interposto pelo ex-Prefeito de Boa Vista da Aparecida, Wolnei Antonio Savaris, contra o <a href=\"https:\/\/www.mpc.pr.gov.br\/wp-content\/uploads\/2021\/02\/Acordao-767-20.pdf\">Ac\u00f3rd\u00e3o de Parecer Pr\u00e9vio n\u00ba 767\/20<\/a> da Primeira C\u00e2mara, que recomendou a irregularidade das contas do Munic\u00edpio, referentes ao exerc\u00edcio financeiro de 2013.\u00a0<\/span><span data-ccp-props=\"{&quot;201341983&quot;:0,&quot;335551550&quot;:6,&quot;335551620&quot;:6,&quot;335559739&quot;:160,&quot;335559740&quot;:360}\">\u00a0<\/span><\/p>\n<p><span data-contrast=\"none\">Na \u00e9poca, acompanhando o opinativo do Minist\u00e9rio P\u00fablico de Contas do Paran\u00e1 (MPC-PR), as contas foram julgadas irregulares em raz\u00e3o da constata\u00e7\u00e3o de terceiriza\u00e7\u00e3o indevida de servi\u00e7os de sa\u00fade e contabiliza\u00e7\u00e3o das despesas em desacordo com o artigo 18 da Lei de Responsabilidade Fiscal (LRF). Al\u00e9m disso, tamb\u00e9m foi verificado que fun\u00e7\u00f5es t\u00e9cnicas de contabilidade foram realizadas de forma contr\u00e1ria ao Prejulgado n\u00ba 06 e a falta de inscri\u00e7\u00e3o na D\u00edvida Fundada de Precat\u00f3rios notificados entre 04\/05\/2000 e 01\/07\/2012. Dessa forma, al\u00e9m da recomenda\u00e7\u00e3o pela irregularidade da presta\u00e7\u00e3o de contas, o TCE-PR aplicou por duas vezes a multa prevista nos artigos 87, IV, g da LC 113\/2005, ao ex-Prefeito Wolnei Ant\u00f4nio Savares.<\/span><span data-ccp-props=\"{&quot;201341983&quot;:0,&quot;335551550&quot;:6,&quot;335551620&quot;:6,&quot;335559739&quot;:160,&quot;335559740&quot;:360}\">\u00a0<\/span><\/p>\n<p><b><span data-contrast=\"none\">Recurso de Revista<\/span><\/b><span data-ccp-props=\"{&quot;201341983&quot;:0,&quot;335551550&quot;:6,&quot;335551620&quot;:6,&quot;335559739&quot;:160,&quot;335559740&quot;:360}\">\u00a0<\/span><\/p>\n<p><span data-contrast=\"none\">Recorrendo da decis\u00e3o da Primeira C\u00e2mara da Corte de Contas, o ex-Prefeito Municipal de Boa Vista da Aparecida utilizou do opinativo t\u00e9cnico da Coordenadoria de Gest\u00e3o Municipal (CGM) para embasar seus argumentos e reverter o cen\u00e1rio de irregularidade, destacando que durante a instru\u00e7\u00e3o a unidade t\u00e9cnica prop\u00f4s a ressalva do equ\u00edvoco ocorrido na contabiliza\u00e7\u00e3o de despesas com pessoal, visto que o erro n\u00e3o afetou o resultado do Balan\u00e7o da Entidade, apenas o \u00edndice de despesa com pessoal, que permaneceu dentro do limite estabelecido por Lei. Esclareceu que a terceiriza\u00e7\u00e3o dos servi\u00e7os de sa\u00fade foi a \u00fanica alternativa para manter a continuidade dos atendimentos \u00e0 popula\u00e7\u00e3o, uma vez que o concurso p\u00fablico realizado foi deserto.\u00a0\u00a0<\/span><span data-ccp-props=\"{&quot;201341983&quot;:0,&quot;335551550&quot;:6,&quot;335551620&quot;:6,&quot;335559739&quot;:160,&quot;335559740&quot;:360}\">\u00a0<\/span><\/p>\n<p><span data-contrast=\"none\">Em nova manifesta\u00e7\u00e3o, a CGM opinou pelo n\u00e3o provimento do Recurso, pelo fato de que n\u00e3o foram apresentadas justificativas ou documentos capazes de sanar as irregularidades identificadas, de modo que persistiram as inconformidades na contrata\u00e7\u00e3o de servi\u00e7os t\u00edpicos de sa\u00fade e omiss\u00e3o de contabiliza\u00e7\u00e3o dos pagamentos no elemento de despesa 34.\u00a0<\/span><span data-ccp-props=\"{&quot;201341983&quot;:0,&quot;335551550&quot;:6,&quot;335551620&quot;:6,&quot;335559739&quot;:160,&quot;335559740&quot;:360}\">\u00a0<\/span><\/p>\n<p><span data-contrast=\"none\">Instado a se manifestar, por meio do <a href=\"https:\/\/www.mpc.pr.gov.br\/wp-content\/uploads\/2022\/12\/Parecer-833-22.pdf\">Parecer n\u00ba 833\/22<\/a>, o Minist\u00e9rio P\u00fablico de Contas acompanhou o opinativo da unidade t\u00e9cnica pelo n\u00e3o provimento do recurso e manuten\u00e7\u00e3o integral da decis\u00e3o recorrida, visto que o recorrente n\u00e3o inovou nos argumentos e justificativas apresentadas, inexistindo fundamentos para que se reforme a decis\u00e3o.\u00a0<\/span><span data-ccp-props=\"{&quot;201341983&quot;:0,&quot;335551550&quot;:6,&quot;335551620&quot;:6,&quot;335559739&quot;:160,&quot;335559740&quot;:360}\">\u00a0<\/span><\/p>\n<p><b><span data-contrast=\"none\">Decis\u00e3o<\/span><\/b><span data-ccp-props=\"{&quot;201341983&quot;:0,&quot;335551550&quot;:6,&quot;335551620&quot;:6,&quot;335559739&quot;:160,&quot;335559740&quot;:360}\">\u00a0<\/span><\/p>\n<p><span data-contrast=\"none\">Em sede de novo julgamento, o relator Conselheiro Artag\u00e3o de Mattos Le\u00e3o acolheu os opinativos uniformes da CGM e MPC-PR, e votou pelo conhecimento e n\u00e3o provimento do recurso. Destacou que, em que pesem as raz\u00f5es recursais do interessado pautarem-se sobre a necessidade da presta\u00e7\u00e3o dos servi\u00e7os m\u00e9dicos contratados, o recorrente n\u00e3o foi capaz de demonstrar que os \u00edndices de despesa tenham sido corrigidos em contabiliza\u00e7\u00f5es seguintes, pelo que a omiss\u00e3o na contabiliza\u00e7\u00e3o dos pagamentos no elemento de despesas 34 continuou a existir. Do mesmo modo, em nenhum momento o ex-Prefeito demonstrou que a realidade atinente \u00e0 precariza\u00e7\u00e3o nos servi\u00e7os m\u00e9dicos municipais tenha, de fato, sido minimizada de forma efetiva antes do exerc\u00edcio de 2015, valendo-se da terceiriza\u00e7\u00e3o em detrimento da realiza\u00e7\u00e3o de concurso p\u00fablico para o preenchimento das vagas efetivas que se encontravam em aberto.<\/span><span data-ccp-props=\"{&quot;201341983&quot;:0,&quot;335551550&quot;:6,&quot;335551620&quot;:6,&quot;335559739&quot;:160,&quot;335559740&quot;:360}\">\u00a0<\/span><\/p>\n<p><span data-contrast=\"none\">Deste modo, acompanhando o voto do relator mediante o <a href=\"https:\/\/www.mpc.pr.gov.br\/wp-content\/uploads\/2022\/12\/Acordao-2441-22.pdf\">Ac\u00f3rd\u00e3o n\u00ba 2441\/22<\/a>, os membros do Tribunal Pleno julgaram pelo n\u00e3o provimento do recurso e manuten\u00e7\u00e3o integral da decis\u00e3o original proferida no <a href=\"https:\/\/www.mpc.pr.gov.br\/wp-content\/uploads\/2021\/02\/Acordao-767-20.pdf\">Ac\u00f3rd\u00e3o de Parecer Pr\u00e9vio n\u00ba 767\/20<\/a>.<\/span><span data-ccp-props=\"{&quot;201341983&quot;:0,&quot;335551550&quot;:6,&quot;335551620&quot;:6,&quot;335559739&quot;:160,&quot;335559740&quot;:360}\">\u00a0<\/span><\/p>\n<blockquote><p><span style=\"color: #820007;\"><strong><u>Informa\u00e7\u00e3o para consulta processual<\/u><\/strong><\/span><\/p>\n<table border=\"0\" width=\"572\" cellspacing=\"0\" cellpadding=\"0\">\n<tbody>\n<tr>\n<td><strong>Processo n\u00ba<\/strong>:<\/td>\n<td>25889\/21<\/td>\n<\/tr>\n<tr>\n<td><strong>Ac\u00f3rd\u00e3o n\u00ba<\/strong>:<\/td>\n<td>2441\/22 &#8211; Tribunal Pleno<\/td>\n<\/tr>\n<tr>\n<td><strong>Assunto<\/strong>:<\/td>\n<td>Recurso de Revista<\/td>\n<\/tr>\n<tr>\n<td><strong>Entidade<\/strong>:<\/td>\n<td>Munic\u00edpio de Boa Vista da Aparecida<\/td>\n<\/tr>\n<tr>\n<td><strong>Relator<\/strong>:<\/td>\n<td><span data-contrast=\"none\">Conselheiro Artag\u00e3o de Mattos Le\u00e3o <\/span><\/td>\n<\/tr>\n<\/tbody>\n<\/table>\n<\/blockquote>\n","protected":false},"excerpt":{"rendered":"<p>O Tribunal de Contas do Paran\u00e1 (TCE-PR) negou provimento ao Recurso de Revista interposto pelo ex-Prefeito de Boa Vista da Aparecida, Wolnei Antonio Savaris, contra o Ac\u00f3rd\u00e3o de Parecer Pr\u00e9vio n\u00ba 767\/20 da Primeira C\u00e2mara, que recomendou a irregularidade das contas do Munic\u00edpio, referentes ao exerc\u00edcio financeiro de 2013.\u00a0\u00a0 Na \u00e9poca, acompanhando o opinativo do [&hellip;]<\/p>\n","protected":false},"author":1,"featured_media":12685,"comment_status":"open","ping_status":"open","sticky":false,"template":"","format":"standard","meta":{"_monsterinsights_skip_tracking":false,"_monsterinsights_sitenote_active":false,"_monsterinsights_sitenote_note":"","_monsterinsights_sitenote_category":0,"footnotes":""},"categories":[7],"tags":[199,13,310,77,123,39,124,71],"class_list":["post-15019","post","type-post","status-publish","format-standard","has-post-thumbnail","hentry","category-todas-as-noticias","tag-boa-vista-da-aparecida","tag-mpc-pr","tag-multa","tag-recurso-de-revisao","tag-saude","tag-tce-pr","tag-terceirizacao","tag-tribunal-pleno","entry","has-media"],"yoast_head":"<!-- This site is optimized with the Yoast SEO plugin v27.3 - https:\/\/yoast.com\/product\/yoast-seo-wordpress\/ -->\n<title>TCE-PR mant\u00e9m multas a ex-prefeito de Boa vista da Aparecida por terceiriza\u00e7\u00e3o indevida de servi\u00e7os p\u00fablicos de sa\u00fade - Minist\u00e9rio P\u00fablico de Contas do Estado do Paran\u00e1<\/title>\n<meta name=\"robots\" content=\"index, follow, max-snippet:-1, max-image-preview:large, max-video-preview:-1\" \/>\n<link rel=\"canonical\" href=\"https:\/\/www.mpc.pr.gov.br\/index.php\/tce-pr-mantem-multas-a-ex-prefeito-de-boa-vista-da-aparecida-por-terceirizacao-indevida-de-servicos-publicos-de-saude\/\" \/>\n<meta property=\"og:locale\" content=\"pt_BR\" \/>\n<meta property=\"og:type\" content=\"article\" \/>\n<meta property=\"og:title\" content=\"TCE-PR mant\u00e9m multas a ex-prefeito de Boa vista da Aparecida por terceiriza\u00e7\u00e3o indevida de servi\u00e7os p\u00fablicos de sa\u00fade - Minist\u00e9rio P\u00fablico de Contas do Estado do Paran\u00e1\" \/>\n<meta property=\"og:description\" content=\"O Tribunal de Contas do Paran\u00e1 (TCE-PR) negou provimento ao Recurso de Revista interposto pelo ex-Prefeito de Boa Vista da Aparecida, Wolnei Antonio Savaris, contra o Ac\u00f3rd\u00e3o de Parecer Pr\u00e9vio n\u00ba 767\/20 da Primeira C\u00e2mara, que recomendou a irregularidade das contas do Munic\u00edpio, referentes ao exerc\u00edcio financeiro de 2013.\u00a0\u00a0 Na \u00e9poca, acompanhando o opinativo do [&hellip;]\" \/>\n<meta property=\"og:url\" content=\"https:\/\/www.mpc.pr.gov.br\/index.php\/tce-pr-mantem-multas-a-ex-prefeito-de-boa-vista-da-aparecida-por-terceirizacao-indevida-de-servicos-publicos-de-saude\/\" \/>\n<meta property=\"og:site_name\" content=\"Minist\u00e9rio P\u00fablico de Contas do Estado do Paran\u00e1\" \/>\n<meta property=\"article:publisher\" content=\"https:\/\/www.facebook.com\/mpc.pr\" \/>\n<meta property=\"article:published_time\" content=\"2022-12-06T18:19:05+00:00\" \/>\n<meta property=\"article:modified_time\" content=\"2023-01-19T14:00:34+00:00\" \/>\n<meta property=\"og:image\" content=\"https:\/\/www.mpc.pr.gov.br\/wp-content\/uploads\/2021\/08\/Licitacao.jpg\" \/>\n\t<meta property=\"og:image:width\" content=\"640\" \/>\n\t<meta property=\"og:image:height\" content=\"553\" \/>\n\t<meta property=\"og:image:type\" content=\"image\/jpeg\" \/>\n<meta name=\"author\" content=\"mpcontaspr\" \/>\n<meta name=\"twitter:card\" content=\"summary_large_image\" \/>\n<meta name=\"twitter:label1\" content=\"Escrito por\" \/>\n\t<meta name=\"twitter:data1\" content=\"mpcontaspr\" \/>\n\t<meta name=\"twitter:label2\" content=\"Est. tempo de leitura\" \/>\n\t<meta name=\"twitter:data2\" content=\"4 minutos\" \/>\n<script type=\"application\/ld+json\" class=\"yoast-schema-graph\">{\"@context\":\"https:\\\/\\\/schema.org\",\"@graph\":[{\"@type\":\"Article\",\"@id\":\"https:\\\/\\\/www.mpc.pr.gov.br\\\/index.php\\\/tce-pr-mantem-multas-a-ex-prefeito-de-boa-vista-da-aparecida-por-terceirizacao-indevida-de-servicos-publicos-de-saude\\\/#article\",\"isPartOf\":{\"@id\":\"https:\\\/\\\/www.mpc.pr.gov.br\\\/index.php\\\/tce-pr-mantem-multas-a-ex-prefeito-de-boa-vista-da-aparecida-por-terceirizacao-indevida-de-servicos-publicos-de-saude\\\/\"},\"author\":{\"name\":\"mpcontaspr\",\"@id\":\"https:\\\/\\\/www.mpc.pr.gov.br\\\/#\\\/schema\\\/person\\\/2d83cb8980538d0ec174e8a6284f5e11\"},\"headline\":\"TCE-PR mant\u00e9m multas a ex-prefeito de Boa vista da Aparecida por terceiriza\u00e7\u00e3o indevida de servi\u00e7os p\u00fablicos de sa\u00fade\",\"datePublished\":\"2022-12-06T18:19:05+00:00\",\"dateModified\":\"2023-01-19T14:00:34+00:00\",\"mainEntityOfPage\":{\"@id\":\"https:\\\/\\\/www.mpc.pr.gov.br\\\/index.php\\\/tce-pr-mantem-multas-a-ex-prefeito-de-boa-vista-da-aparecida-por-terceirizacao-indevida-de-servicos-publicos-de-saude\\\/\"},\"wordCount\":682,\"commentCount\":0,\"publisher\":{\"@id\":\"https:\\\/\\\/www.mpc.pr.gov.br\\\/#organization\"},\"image\":{\"@id\":\"https:\\\/\\\/www.mpc.pr.gov.br\\\/index.php\\\/tce-pr-mantem-multas-a-ex-prefeito-de-boa-vista-da-aparecida-por-terceirizacao-indevida-de-servicos-publicos-de-saude\\\/#primaryimage\"},\"thumbnailUrl\":\"https:\\\/\\\/www.mpc.pr.gov.br\\\/wp-content\\\/uploads\\\/2021\\\/08\\\/Licitacao.jpg\",\"keywords\":[\"Boa Vista da Aparecida\",\"MPC-PR\",\"Multa\",\"Recurso de Revis\u00e3o\",\"Sa\u00fade\",\"TCE-PR\",\"Terceiriza\u00e7\u00e3o\",\"Tribunal Pleno\"],\"articleSection\":[\"Todas as not\u00edcias\"],\"inLanguage\":\"pt-BR\",\"potentialAction\":[{\"@type\":\"CommentAction\",\"name\":\"Comment\",\"target\":[\"https:\\\/\\\/www.mpc.pr.gov.br\\\/index.php\\\/tce-pr-mantem-multas-a-ex-prefeito-de-boa-vista-da-aparecida-por-terceirizacao-indevida-de-servicos-publicos-de-saude\\\/#respond\"]}]},{\"@type\":\"WebPage\",\"@id\":\"https:\\\/\\\/www.mpc.pr.gov.br\\\/index.php\\\/tce-pr-mantem-multas-a-ex-prefeito-de-boa-vista-da-aparecida-por-terceirizacao-indevida-de-servicos-publicos-de-saude\\\/\",\"url\":\"https:\\\/\\\/www.mpc.pr.gov.br\\\/index.php\\\/tce-pr-mantem-multas-a-ex-prefeito-de-boa-vista-da-aparecida-por-terceirizacao-indevida-de-servicos-publicos-de-saude\\\/\",\"name\":\"TCE-PR mant\u00e9m multas a ex-prefeito de Boa vista da Aparecida por terceiriza\u00e7\u00e3o indevida de servi\u00e7os p\u00fablicos de sa\u00fade - Minist\u00e9rio P\u00fablico de Contas do Estado do Paran\u00e1\",\"isPartOf\":{\"@id\":\"https:\\\/\\\/www.mpc.pr.gov.br\\\/#website\"},\"primaryImageOfPage\":{\"@id\":\"https:\\\/\\\/www.mpc.pr.gov.br\\\/index.php\\\/tce-pr-mantem-multas-a-ex-prefeito-de-boa-vista-da-aparecida-por-terceirizacao-indevida-de-servicos-publicos-de-saude\\\/#primaryimage\"},\"image\":{\"@id\":\"https:\\\/\\\/www.mpc.pr.gov.br\\\/index.php\\\/tce-pr-mantem-multas-a-ex-prefeito-de-boa-vista-da-aparecida-por-terceirizacao-indevida-de-servicos-publicos-de-saude\\\/#primaryimage\"},\"thumbnailUrl\":\"https:\\\/\\\/www.mpc.pr.gov.br\\\/wp-content\\\/uploads\\\/2021\\\/08\\\/Licitacao.jpg\",\"datePublished\":\"2022-12-06T18:19:05+00:00\",\"dateModified\":\"2023-01-19T14:00:34+00:00\",\"breadcrumb\":{\"@id\":\"https:\\\/\\\/www.mpc.pr.gov.br\\\/index.php\\\/tce-pr-mantem-multas-a-ex-prefeito-de-boa-vista-da-aparecida-por-terceirizacao-indevida-de-servicos-publicos-de-saude\\\/#breadcrumb\"},\"inLanguage\":\"pt-BR\",\"potentialAction\":[{\"@type\":\"ReadAction\",\"target\":[\"https:\\\/\\\/www.mpc.pr.gov.br\\\/index.php\\\/tce-pr-mantem-multas-a-ex-prefeito-de-boa-vista-da-aparecida-por-terceirizacao-indevida-de-servicos-publicos-de-saude\\\/\"]}]},{\"@type\":\"ImageObject\",\"inLanguage\":\"pt-BR\",\"@id\":\"https:\\\/\\\/www.mpc.pr.gov.br\\\/index.php\\\/tce-pr-mantem-multas-a-ex-prefeito-de-boa-vista-da-aparecida-por-terceirizacao-indevida-de-servicos-publicos-de-saude\\\/#primaryimage\",\"url\":\"https:\\\/\\\/www.mpc.pr.gov.br\\\/wp-content\\\/uploads\\\/2021\\\/08\\\/Licitacao.jpg\",\"contentUrl\":\"https:\\\/\\\/www.mpc.pr.gov.br\\\/wp-content\\\/uploads\\\/2021\\\/08\\\/Licitacao.jpg\",\"width\":640,\"height\":553,\"caption\":\"Preg\u00e3o \u00e9 uma das modalidades de licita\u00e7\u00e3o na administra\u00e7\u00e3o p\u00fablica, utilizada para a aquisi\u00e7\u00e3o de bens e servi\u00e7os comuns Ilustra\u00e7\u00e3o: N\u00facleo de Imagem\\\/Diretoria de Comunica\u00e7\u00e3o Social TCE-PR.\"},{\"@type\":\"BreadcrumbList\",\"@id\":\"https:\\\/\\\/www.mpc.pr.gov.br\\\/index.php\\\/tce-pr-mantem-multas-a-ex-prefeito-de-boa-vista-da-aparecida-por-terceirizacao-indevida-de-servicos-publicos-de-saude\\\/#breadcrumb\",\"itemListElement\":[{\"@type\":\"ListItem\",\"position\":1,\"name\":\"In\u00edcio\",\"item\":\"https:\\\/\\\/www.mpc.pr.gov.br\\\/\"},{\"@type\":\"ListItem\",\"position\":2,\"name\":\"TCE-PR mant\u00e9m multas a ex-prefeito de Boa vista da Aparecida por terceiriza\u00e7\u00e3o indevida de servi\u00e7os p\u00fablicos de sa\u00fade\"}]},{\"@type\":\"WebSite\",\"@id\":\"https:\\\/\\\/www.mpc.pr.gov.br\\\/#website\",\"url\":\"https:\\\/\\\/www.mpc.pr.gov.br\\\/\",\"name\":\"Minist\u00e9rio P\u00fablico de Contas do Estado do Paran\u00e1\",\"description\":\"\",\"publisher\":{\"@id\":\"https:\\\/\\\/www.mpc.pr.gov.br\\\/#organization\"},\"potentialAction\":[{\"@type\":\"SearchAction\",\"target\":{\"@type\":\"EntryPoint\",\"urlTemplate\":\"https:\\\/\\\/www.mpc.pr.gov.br\\\/?s={search_term_string}\"},\"query-input\":{\"@type\":\"PropertyValueSpecification\",\"valueRequired\":true,\"valueName\":\"search_term_string\"}}],\"inLanguage\":\"pt-BR\"},{\"@type\":\"Organization\",\"@id\":\"https:\\\/\\\/www.mpc.pr.gov.br\\\/#organization\",\"name\":\"Minist\u00e9rio P\u00fablico de Contas do Estado do Paran\u00e1\",\"url\":\"https:\\\/\\\/www.mpc.pr.gov.br\\\/\",\"logo\":{\"@type\":\"ImageObject\",\"inLanguage\":\"pt-BR\",\"@id\":\"https:\\\/\\\/www.mpc.pr.gov.br\\\/#\\\/schema\\\/logo\\\/image\\\/\",\"url\":\"https:\\\/\\\/www.mpc.pr.gov.br\\\/wp-content\\\/uploads\\\/2020\\\/06\\\/99423647_1593460364143890_6706793420720963584_n-1-e1591387983167.png\",\"contentUrl\":\"https:\\\/\\\/www.mpc.pr.gov.br\\\/wp-content\\\/uploads\\\/2020\\\/06\\\/99423647_1593460364143890_6706793420720963584_n-1-e1591387983167.png\",\"width\":243,\"height\":73,\"caption\":\"Minist\u00e9rio P\u00fablico de Contas do Estado do Paran\u00e1\"},\"image\":{\"@id\":\"https:\\\/\\\/www.mpc.pr.gov.br\\\/#\\\/schema\\\/logo\\\/image\\\/\"},\"sameAs\":[\"https:\\\/\\\/www.facebook.com\\\/mpc.pr\",\"https:\\\/\\\/www.instagram.com\\\/mpc.pr\\\/?hl=pt-br\",\"https:\\\/\\\/www.youtube.com\\\/channel\\\/UCHri5oEM8DV0ztX57E0sBSw\"]},{\"@type\":\"Person\",\"@id\":\"https:\\\/\\\/www.mpc.pr.gov.br\\\/#\\\/schema\\\/person\\\/2d83cb8980538d0ec174e8a6284f5e11\",\"name\":\"mpcontaspr\",\"image\":{\"@type\":\"ImageObject\",\"inLanguage\":\"pt-BR\",\"@id\":\"https:\\\/\\\/secure.gravatar.com\\\/avatar\\\/1aef51541db7622e05fd639336c9c9f312c2a618396e2b6ca96846362fc5403f?s=96&d=mm&r=g\",\"url\":\"https:\\\/\\\/secure.gravatar.com\\\/avatar\\\/1aef51541db7622e05fd639336c9c9f312c2a618396e2b6ca96846362fc5403f?s=96&d=mm&r=g\",\"contentUrl\":\"https:\\\/\\\/secure.gravatar.com\\\/avatar\\\/1aef51541db7622e05fd639336c9c9f312c2a618396e2b6ca96846362fc5403f?s=96&d=mm&r=g\",\"caption\":\"mpcontaspr\"},\"sameAs\":[\"http:\\\/\\\/www.mpc.pr.gov.br\"]}]}<\/script>\n<!-- \/ Yoast SEO plugin. -->","yoast_head_json":{"title":"TCE-PR mant\u00e9m multas a ex-prefeito de Boa vista da Aparecida por terceiriza\u00e7\u00e3o indevida de servi\u00e7os p\u00fablicos de sa\u00fade - Minist\u00e9rio P\u00fablico de Contas do Estado do Paran\u00e1","robots":{"index":"index","follow":"follow","max-snippet":"max-snippet:-1","max-image-preview":"max-image-preview:large","max-video-preview":"max-video-preview:-1"},"canonical":"https:\/\/www.mpc.pr.gov.br\/index.php\/tce-pr-mantem-multas-a-ex-prefeito-de-boa-vista-da-aparecida-por-terceirizacao-indevida-de-servicos-publicos-de-saude\/","og_locale":"pt_BR","og_type":"article","og_title":"TCE-PR mant\u00e9m multas a ex-prefeito de Boa vista da Aparecida por terceiriza\u00e7\u00e3o indevida de servi\u00e7os p\u00fablicos de sa\u00fade - Minist\u00e9rio P\u00fablico de Contas do Estado do Paran\u00e1","og_description":"O Tribunal de Contas do Paran\u00e1 (TCE-PR) negou provimento ao Recurso de Revista interposto pelo ex-Prefeito de Boa Vista da Aparecida, Wolnei Antonio Savaris, contra o Ac\u00f3rd\u00e3o de Parecer Pr\u00e9vio n\u00ba 767\/20 da Primeira C\u00e2mara, que recomendou a irregularidade das contas do Munic\u00edpio, referentes ao exerc\u00edcio financeiro de 2013.\u00a0\u00a0 Na \u00e9poca, acompanhando o opinativo do [&hellip;]","og_url":"https:\/\/www.mpc.pr.gov.br\/index.php\/tce-pr-mantem-multas-a-ex-prefeito-de-boa-vista-da-aparecida-por-terceirizacao-indevida-de-servicos-publicos-de-saude\/","og_site_name":"Minist\u00e9rio P\u00fablico de Contas do Estado do Paran\u00e1","article_publisher":"https:\/\/www.facebook.com\/mpc.pr","article_published_time":"2022-12-06T18:19:05+00:00","article_modified_time":"2023-01-19T14:00:34+00:00","og_image":[{"width":640,"height":553,"url":"https:\/\/www.mpc.pr.gov.br\/wp-content\/uploads\/2021\/08\/Licitacao.jpg","type":"image\/jpeg"}],"author":"mpcontaspr","twitter_card":"summary_large_image","twitter_misc":{"Escrito por":"mpcontaspr","Est. tempo de leitura":"4 minutos"},"schema":{"@context":"https:\/\/schema.org","@graph":[{"@type":"Article","@id":"https:\/\/www.mpc.pr.gov.br\/index.php\/tce-pr-mantem-multas-a-ex-prefeito-de-boa-vista-da-aparecida-por-terceirizacao-indevida-de-servicos-publicos-de-saude\/#article","isPartOf":{"@id":"https:\/\/www.mpc.pr.gov.br\/index.php\/tce-pr-mantem-multas-a-ex-prefeito-de-boa-vista-da-aparecida-por-terceirizacao-indevida-de-servicos-publicos-de-saude\/"},"author":{"name":"mpcontaspr","@id":"https:\/\/www.mpc.pr.gov.br\/#\/schema\/person\/2d83cb8980538d0ec174e8a6284f5e11"},"headline":"TCE-PR mant\u00e9m multas a ex-prefeito de Boa vista da Aparecida por terceiriza\u00e7\u00e3o indevida de servi\u00e7os p\u00fablicos de sa\u00fade","datePublished":"2022-12-06T18:19:05+00:00","dateModified":"2023-01-19T14:00:34+00:00","mainEntityOfPage":{"@id":"https:\/\/www.mpc.pr.gov.br\/index.php\/tce-pr-mantem-multas-a-ex-prefeito-de-boa-vista-da-aparecida-por-terceirizacao-indevida-de-servicos-publicos-de-saude\/"},"wordCount":682,"commentCount":0,"publisher":{"@id":"https:\/\/www.mpc.pr.gov.br\/#organization"},"image":{"@id":"https:\/\/www.mpc.pr.gov.br\/index.php\/tce-pr-mantem-multas-a-ex-prefeito-de-boa-vista-da-aparecida-por-terceirizacao-indevida-de-servicos-publicos-de-saude\/#primaryimage"},"thumbnailUrl":"https:\/\/www.mpc.pr.gov.br\/wp-content\/uploads\/2021\/08\/Licitacao.jpg","keywords":["Boa Vista da Aparecida","MPC-PR","Multa","Recurso de Revis\u00e3o","Sa\u00fade","TCE-PR","Terceiriza\u00e7\u00e3o","Tribunal Pleno"],"articleSection":["Todas as not\u00edcias"],"inLanguage":"pt-BR","potentialAction":[{"@type":"CommentAction","name":"Comment","target":["https:\/\/www.mpc.pr.gov.br\/index.php\/tce-pr-mantem-multas-a-ex-prefeito-de-boa-vista-da-aparecida-por-terceirizacao-indevida-de-servicos-publicos-de-saude\/#respond"]}]},{"@type":"WebPage","@id":"https:\/\/www.mpc.pr.gov.br\/index.php\/tce-pr-mantem-multas-a-ex-prefeito-de-boa-vista-da-aparecida-por-terceirizacao-indevida-de-servicos-publicos-de-saude\/","url":"https:\/\/www.mpc.pr.gov.br\/index.php\/tce-pr-mantem-multas-a-ex-prefeito-de-boa-vista-da-aparecida-por-terceirizacao-indevida-de-servicos-publicos-de-saude\/","name":"TCE-PR mant\u00e9m multas a ex-prefeito de Boa vista da Aparecida por terceiriza\u00e7\u00e3o indevida de servi\u00e7os p\u00fablicos de sa\u00fade - Minist\u00e9rio P\u00fablico de Contas do Estado do Paran\u00e1","isPartOf":{"@id":"https:\/\/www.mpc.pr.gov.br\/#website"},"primaryImageOfPage":{"@id":"https:\/\/www.mpc.pr.gov.br\/index.php\/tce-pr-mantem-multas-a-ex-prefeito-de-boa-vista-da-aparecida-por-terceirizacao-indevida-de-servicos-publicos-de-saude\/#primaryimage"},"image":{"@id":"https:\/\/www.mpc.pr.gov.br\/index.php\/tce-pr-mantem-multas-a-ex-prefeito-de-boa-vista-da-aparecida-por-terceirizacao-indevida-de-servicos-publicos-de-saude\/#primaryimage"},"thumbnailUrl":"https:\/\/www.mpc.pr.gov.br\/wp-content\/uploads\/2021\/08\/Licitacao.jpg","datePublished":"2022-12-06T18:19:05+00:00","dateModified":"2023-01-19T14:00:34+00:00","breadcrumb":{"@id":"https:\/\/www.mpc.pr.gov.br\/index.php\/tce-pr-mantem-multas-a-ex-prefeito-de-boa-vista-da-aparecida-por-terceirizacao-indevida-de-servicos-publicos-de-saude\/#breadcrumb"},"inLanguage":"pt-BR","potentialAction":[{"@type":"ReadAction","target":["https:\/\/www.mpc.pr.gov.br\/index.php\/tce-pr-mantem-multas-a-ex-prefeito-de-boa-vista-da-aparecida-por-terceirizacao-indevida-de-servicos-publicos-de-saude\/"]}]},{"@type":"ImageObject","inLanguage":"pt-BR","@id":"https:\/\/www.mpc.pr.gov.br\/index.php\/tce-pr-mantem-multas-a-ex-prefeito-de-boa-vista-da-aparecida-por-terceirizacao-indevida-de-servicos-publicos-de-saude\/#primaryimage","url":"https:\/\/www.mpc.pr.gov.br\/wp-content\/uploads\/2021\/08\/Licitacao.jpg","contentUrl":"https:\/\/www.mpc.pr.gov.br\/wp-content\/uploads\/2021\/08\/Licitacao.jpg","width":640,"height":553,"caption":"Preg\u00e3o \u00e9 uma das modalidades de licita\u00e7\u00e3o na administra\u00e7\u00e3o p\u00fablica, utilizada para a aquisi\u00e7\u00e3o de bens e servi\u00e7os comuns Ilustra\u00e7\u00e3o: N\u00facleo de Imagem\/Diretoria de Comunica\u00e7\u00e3o Social TCE-PR."},{"@type":"BreadcrumbList","@id":"https:\/\/www.mpc.pr.gov.br\/index.php\/tce-pr-mantem-multas-a-ex-prefeito-de-boa-vista-da-aparecida-por-terceirizacao-indevida-de-servicos-publicos-de-saude\/#breadcrumb","itemListElement":[{"@type":"ListItem","position":1,"name":"In\u00edcio","item":"https:\/\/www.mpc.pr.gov.br\/"},{"@type":"ListItem","position":2,"name":"TCE-PR mant\u00e9m multas a ex-prefeito de Boa vista da Aparecida por terceiriza\u00e7\u00e3o indevida de servi\u00e7os p\u00fablicos de sa\u00fade"}]},{"@type":"WebSite","@id":"https:\/\/www.mpc.pr.gov.br\/#website","url":"https:\/\/www.mpc.pr.gov.br\/","name":"Minist\u00e9rio P\u00fablico de Contas do Estado do Paran\u00e1","description":"","publisher":{"@id":"https:\/\/www.mpc.pr.gov.br\/#organization"},"potentialAction":[{"@type":"SearchAction","target":{"@type":"EntryPoint","urlTemplate":"https:\/\/www.mpc.pr.gov.br\/?s={search_term_string}"},"query-input":{"@type":"PropertyValueSpecification","valueRequired":true,"valueName":"search_term_string"}}],"inLanguage":"pt-BR"},{"@type":"Organization","@id":"https:\/\/www.mpc.pr.gov.br\/#organization","name":"Minist\u00e9rio P\u00fablico de Contas do Estado do Paran\u00e1","url":"https:\/\/www.mpc.pr.gov.br\/","logo":{"@type":"ImageObject","inLanguage":"pt-BR","@id":"https:\/\/www.mpc.pr.gov.br\/#\/schema\/logo\/image\/","url":"https:\/\/www.mpc.pr.gov.br\/wp-content\/uploads\/2020\/06\/99423647_1593460364143890_6706793420720963584_n-1-e1591387983167.png","contentUrl":"https:\/\/www.mpc.pr.gov.br\/wp-content\/uploads\/2020\/06\/99423647_1593460364143890_6706793420720963584_n-1-e1591387983167.png","width":243,"height":73,"caption":"Minist\u00e9rio P\u00fablico de Contas do Estado do Paran\u00e1"},"image":{"@id":"https:\/\/www.mpc.pr.gov.br\/#\/schema\/logo\/image\/"},"sameAs":["https:\/\/www.facebook.com\/mpc.pr","https:\/\/www.instagram.com\/mpc.pr\/?hl=pt-br","https:\/\/www.youtube.com\/channel\/UCHri5oEM8DV0ztX57E0sBSw"]},{"@type":"Person","@id":"https:\/\/www.mpc.pr.gov.br\/#\/schema\/person\/2d83cb8980538d0ec174e8a6284f5e11","name":"mpcontaspr","image":{"@type":"ImageObject","inLanguage":"pt-BR","@id":"https:\/\/secure.gravatar.com\/avatar\/1aef51541db7622e05fd639336c9c9f312c2a618396e2b6ca96846362fc5403f?s=96&d=mm&r=g","url":"https:\/\/secure.gravatar.com\/avatar\/1aef51541db7622e05fd639336c9c9f312c2a618396e2b6ca96846362fc5403f?s=96&d=mm&r=g","contentUrl":"https:\/\/secure.gravatar.com\/avatar\/1aef51541db7622e05fd639336c9c9f312c2a618396e2b6ca96846362fc5403f?s=96&d=mm&r=g","caption":"mpcontaspr"},"sameAs":["http:\/\/www.mpc.pr.gov.br"]}]}},"rttpg_featured_image_url":{"full":["https:\/\/www.mpc.pr.gov.br\/wp-content\/uploads\/2021\/08\/Licitacao.jpg",640,553,false],"landscape":["https:\/\/www.mpc.pr.gov.br\/wp-content\/uploads\/2021\/08\/Licitacao.jpg",640,553,false],"portraits":["https:\/\/www.mpc.pr.gov.br\/wp-content\/uploads\/2021\/08\/Licitacao.jpg",640,553,false],"thumbnail":["https:\/\/www.mpc.pr.gov.br\/wp-content\/uploads\/2021\/08\/Licitacao-150x150.jpg",150,150,true],"medium":["https:\/\/www.mpc.pr.gov.br\/wp-content\/uploads\/2021\/08\/Licitacao-300x259.jpg",300,259,true],"large":["https:\/\/www.mpc.pr.gov.br\/wp-content\/uploads\/2021\/08\/Licitacao.jpg",640,553,false],"1536x1536":["https:\/\/www.mpc.pr.gov.br\/wp-content\/uploads\/2021\/08\/Licitacao.jpg",640,553,false],"2048x2048":["https:\/\/www.mpc.pr.gov.br\/wp-content\/uploads\/2021\/08\/Licitacao.jpg",640,553,false],"ocean-thumb-m":["https:\/\/www.mpc.pr.gov.br\/wp-content\/uploads\/2021\/08\/Licitacao.jpg",600,518,false],"ocean-thumb-ml":["https:\/\/www.mpc.pr.gov.br\/wp-content\/uploads\/2021\/08\/Licitacao.jpg",521,450,false],"ocean-thumb-l":["https:\/\/www.mpc.pr.gov.br\/wp-content\/uploads\/2021\/08\/Licitacao.jpg",640,553,false]},"rttpg_author":{"display_name":"mpcontaspr","author_link":"https:\/\/www.mpc.pr.gov.br\/index.php\/author\/mpcontaspr\/"},"rttpg_comment":0,"rttpg_category":"<a href=\"https:\/\/www.mpc.pr.gov.br\/index.php\/category\/todas-as-noticias\/\" rel=\"category tag\">Todas as not\u00edcias<\/a>","rttpg_excerpt":"O Tribunal de Contas do Paran\u00e1 (TCE-PR) negou provimento ao Recurso de Revista interposto pelo ex-Prefeito de Boa Vista da Aparecida, Wolnei Antonio Savaris, contra o Ac\u00f3rd\u00e3o de Parecer Pr\u00e9vio n\u00ba 767\/20 da Primeira C\u00e2mara, que recomendou a irregularidade das contas do Munic\u00edpio, referentes ao exerc\u00edcio financeiro de 2013.\u00a0\u00a0 Na \u00e9poca, acompanhando o opinativo do&hellip;","_links":{"self":[{"href":"https:\/\/www.mpc.pr.gov.br\/index.php\/wp-json\/wp\/v2\/posts\/15019","targetHints":{"allow":["GET"]}}],"collection":[{"href":"https:\/\/www.mpc.pr.gov.br\/index.php\/wp-json\/wp\/v2\/posts"}],"about":[{"href":"https:\/\/www.mpc.pr.gov.br\/index.php\/wp-json\/wp\/v2\/types\/post"}],"author":[{"embeddable":true,"href":"https:\/\/www.mpc.pr.gov.br\/index.php\/wp-json\/wp\/v2\/users\/1"}],"replies":[{"embeddable":true,"href":"https:\/\/www.mpc.pr.gov.br\/index.php\/wp-json\/wp\/v2\/comments?post=15019"}],"version-history":[{"count":2,"href":"https:\/\/www.mpc.pr.gov.br\/index.php\/wp-json\/wp\/v2\/posts\/15019\/revisions"}],"predecessor-version":[{"id":15023,"href":"https:\/\/www.mpc.pr.gov.br\/index.php\/wp-json\/wp\/v2\/posts\/15019\/revisions\/15023"}],"wp:featuredmedia":[{"embeddable":true,"href":"https:\/\/www.mpc.pr.gov.br\/index.php\/wp-json\/wp\/v2\/media\/12685"}],"wp:attachment":[{"href":"https:\/\/www.mpc.pr.gov.br\/index.php\/wp-json\/wp\/v2\/media?parent=15019"}],"wp:term":[{"taxonomy":"category","embeddable":true,"href":"https:\/\/www.mpc.pr.gov.br\/index.php\/wp-json\/wp\/v2\/categories?post=15019"},{"taxonomy":"post_tag","embeddable":true,"href":"https:\/\/www.mpc.pr.gov.br\/index.php\/wp-json\/wp\/v2\/tags?post=15019"}],"curies":[{"name":"wp","href":"https:\/\/api.w.org\/{rel}","templated":true}]}}