{"id":15249,"date":"2023-02-28T15:24:51","date_gmt":"2023-02-28T18:24:51","guid":{"rendered":"https:\/\/www.mpc.pr.gov.br\/?p=15249"},"modified":"2023-03-13T10:54:17","modified_gmt":"2023-03-13T13:54:17","slug":"camara-de-santa-terezinha-de-itaipu-deve-restituir-diarias-pagas-indevidamente-a-agentes-no-ano-de-2014","status":"publish","type":"post","link":"https:\/\/www.mpc.pr.gov.br\/index.php\/camara-de-santa-terezinha-de-itaipu-deve-restituir-diarias-pagas-indevidamente-a-agentes-no-ano-de-2014\/","title":{"rendered":"C\u00e2mara de Santa Terezinha de Itaipu deve restituir di\u00e1rias pagas indevidamente a agentes no ano de 2014"},"content":{"rendered":"<figure id=\"attachment_15250\" aria-describedby=\"caption-attachment-15250\" style=\"width: 300px\" class=\"wp-caption alignleft\"><img fetchpriority=\"high\" decoding=\"async\" class=\"size-medium wp-image-15250\" src=\"https:\/\/www.mpc.pr.gov.br\/wp-content\/uploads\/2023\/02\/Camara-de-Santa-Terezinha-de-Itaipu-300x225.jpg\" alt=\"\" width=\"300\" height=\"225\" srcset=\"https:\/\/www.mpc.pr.gov.br\/wp-content\/uploads\/2023\/02\/Camara-de-Santa-Terezinha-de-Itaipu-300x225.jpg 300w, https:\/\/www.mpc.pr.gov.br\/wp-content\/uploads\/2023\/02\/Camara-de-Santa-Terezinha-de-Itaipu.jpg 613w\" sizes=\"(max-width: 300px) 100vw, 300px\" \/><figcaption id=\"caption-attachment-15250\" class=\"wp-caption-text\">C\u00e2mara de Santa Terezinha de Itaipu, munic\u00edpio da regi\u00e3o Oeste do Paran\u00e1. Foto: Divulga\u00e7\u00e3o.<\/figcaption><\/figure>\n<p><span data-contrast=\"auto\">O Pleno do Tribunal de Contas do do Paran\u00e1 (TCE-PR) negou provimento ao recurso proposto pela C\u00e2mara de Santa Terezinha de Itaipu contra a decis\u00e3o contida no <a href=\"https:\/\/www.mpc.pr.gov.br\/wp-content\/uploads\/2023\/02\/Acordao-6298-16.pdf\">Ac\u00f3rd\u00e3o n\u00ba 6298\/16<\/a>, a qual determinou a irregularidade da Tomada de Contas Extraordin\u00e1ria <\/span><span data-contrast=\"none\">instaurada a partir <\/span><span data-contrast=\"auto\">da constata\u00e7\u00e3o de desvio de finalidade no recebimento e pagamento de di\u00e1rias aos agentes p\u00fablicos na gest\u00e3o de 2014, al\u00e9m de terceiriza\u00e7\u00e3o indevida nos servi\u00e7os de contabilidade e assessoria jur\u00eddica.\u00a0<\/span><span data-ccp-props=\"{&quot;201341983&quot;:0,&quot;335551550&quot;:6,&quot;335551620&quot;:6,&quot;335559731&quot;:708,&quot;335559739&quot;:160,&quot;335559740&quot;:360}\">\u00a0<\/span><\/p>\n<p><span class=\"NormalTextRun SCXW239921878 BCX0\">Na fase recursal, as partes apresentaram Recurso de Revista e Embargos de Declara\u00e7\u00e3o<\/span><span class=\"NormalTextRun SCXW239921878 BCX0\">. C<\/span><span class=\"NormalTextRun SCXW239921878 BCX0\">ontudo, o Pleno do TCE-PR decidiu, para ambos, lhes dar conhecimento e negar provimento<\/span><span class=\"NormalTextRun SCXW239921878 BCX0\">, mantendo<\/span><span class=\"NormalTextRun SCXW239921878 BCX0\"> assim a <\/span><span class=\"NormalTextRun SCXW239921878 BCX0\">d<\/span><span class=\"NormalTextRun SCXW239921878 BCX0\">ecis\u00e3o original.<\/span><\/p>\n<h4><span data-contrast=\"none\">\u00a0<\/span><b><span data-contrast=\"none\">Instru\u00e7\u00e3o do processo<\/span><\/b><span data-ccp-props=\"{&quot;201341983&quot;:0,&quot;335551550&quot;:6,&quot;335551620&quot;:6,&quot;335559739&quot;:160,&quot;335559740&quot;:360}\">\u00a0<\/span><\/h4>\n<p><span data-contrast=\"auto\">Por meio do Procedimento de Acompanhamento Remoto (PROAR) n\u00ba 847 identificou-se que<\/span><span data-contrast=\"none\"> os servidores da C\u00e2mara de Santa Terezinha de Itaipu realizaram diversas viagens para participar de cursos de aperfei\u00e7oamento profissional no ano de 2014. Considerando a frequ\u00eancia com que as viagens ocorriam e, consequentemente, recebiam as indeniza\u00e7\u00f5es de di\u00e1rias, os agentes receberam naquele ano um valor que representava mais de 50% do seu sal\u00e1rio, chegando a somar aproximadamente 200% de ganho do m\u00eas, o dobro da remunera\u00e7\u00e3o usual do agente. <\/span><span data-ccp-props=\"{&quot;201341983&quot;:0,&quot;335551550&quot;:6,&quot;335551620&quot;:6,&quot;335559731&quot;:708,&quot;335559739&quot;:160,&quot;335559740&quot;:360}\">\u00a0<\/span><\/p>\n<p><span data-contrast=\"none\">O ex-Presidente da C\u00e2mara Municipal de Santa Terezinha de Itaipu (exerc\u00edcio 2014) apresentou defesa, informando que diante do d\u00e9ficit de servidores efetivos foi necess\u00e1ria a contrata\u00e7\u00e3o de servidores tempor\u00e1rios, de modo que os cursos de aperfei\u00e7oamento profissional serviram para aprimorar a presta\u00e7\u00e3o do servi\u00e7o p\u00fablico.\u00a0 Embora alguns cursos tenham sido realizados nos Estados de Santa Catarina e Mato Grosso do Sul, afirmou que a escolha ocorreu de acordo com a disponibilidade das empresas ofertantes. <\/span><span data-ccp-props=\"{&quot;201341983&quot;:0,&quot;335551550&quot;:6,&quot;335551620&quot;:6,&quot;335559731&quot;:708,&quot;335559739&quot;:160,&quot;335559740&quot;:360}\">\u00a0<\/span><\/p>\n<p><span data-contrast=\"none\">A Diretoria de Contas Municipais (DCM), concluiu pela necessidade de ressarcimento dos valores recebidos a t\u00edtulo de di\u00e1rias. Ainda, atentou ao fato de que mesmo existindo no quadro de servidores da C\u00e2mara Municipal dois profissionais de Direito e de Ci\u00eancias Cont\u00e1beis, o legislativo promoveu a contrata\u00e7\u00e3o de servi\u00e7os de assessoria e acompanhamento de gest\u00e3o e servi\u00e7os cont\u00e1beis, atividades que poderiam ser realizadas pelos servidores efetivos.\u00a0\u00a0<\/span><span data-ccp-props=\"{&quot;201341983&quot;:0,&quot;335551550&quot;:6,&quot;335551620&quot;:6,&quot;335559731&quot;:708,&quot;335559739&quot;:160,&quot;335559740&quot;:360}\">\u00a0<\/span><\/p>\n<p><span data-contrast=\"none\">O Minist\u00e9rio P\u00fablico de Contas do Paran\u00e1 (MPC-PR), por meio do <a href=\"https:\/\/www.mpc.pr.gov.br\/wp-content\/uploads\/2023\/02\/Parecer-8188-16.pdf\">Parecer n\u00ba 8188\/16<\/a>, corroborou o entendimento da unidade t\u00e9cnica pela manuten\u00e7\u00e3o das irregularidades com di\u00e1rias e terceiriza\u00e7\u00e3o indevida, al\u00e9m do ressarcimento dos valores. Destacou que a contrata\u00e7\u00e3o de comissionados foi medida antiecon\u00f4mica e ineficaz quando comparada com os valores que seriam gastos com terceiriza\u00e7\u00e3o pontual e legal dos servi\u00e7os. Al\u00e9m disso, o pagamento expressivo de di\u00e1rias configura desvio de finalidade e afronta aos princ\u00edpios da economicidade, impessoalidade e moralidade na Administra\u00e7\u00e3o P\u00fablica, restando clara a inten\u00e7\u00e3o de aumentar a remunera\u00e7\u00e3o dos agentes atrav\u00e9s do somat\u00f3rio de di\u00e1rias indenizadas.\u00a0<\/span><span data-ccp-props=\"{&quot;201341983&quot;:0,&quot;335551550&quot;:6,&quot;335551620&quot;:6,&quot;335559731&quot;:708,&quot;335559739&quot;:160,&quot;335559740&quot;:360}\">\u00a0<\/span><\/p>\n<p><span data-contrast=\"none\">A decis\u00e3o da Primeira C\u00e2mara do TCE-PR <a href=\"https:\/\/www.mpc.pr.gov.br\/wp-content\/uploads\/2023\/02\/Acordao-6298-16.pdf\">(Ac\u00f3rd\u00e3o n\u00ba 6298\/16<\/a>), de relatoria do Conselheiro Jose Durval Mattos do Amaral, acatou as instru\u00e7\u00f5es da Coordenadoria de Fiscaliza\u00e7\u00e3o Municipal (COFIM) e MPC-PR, votando pela irregularidade na terceiriza\u00e7\u00e3o dos servi\u00e7os de contabilidade e assessoria jur\u00eddica, bem como determinando a restitui\u00e7\u00e3o integral dos valores recebidos a t\u00edtulo de di\u00e1rias indevidas pelo rol de funcion\u00e1rios citados e de maneira solid\u00e1ria pelo ex-Presidente da C\u00e2mara Municipal Sr. Valter Larssen, conforme os montantes especificados nos autos. <\/span><span data-ccp-props=\"{&quot;201341983&quot;:0,&quot;335551550&quot;:6,&quot;335551620&quot;:6,&quot;335559731&quot;:708,&quot;335559739&quot;:160,&quot;335559740&quot;:360}\">\u00a0<\/span><\/p>\n<h4><strong>Recursos<\/strong><\/h4>\n<p><span data-contrast=\"none\">Os interessados apresentaram Recurso de Revista visando obter a reforma da decis\u00e3o origin\u00e1ria. Em novo julgamento, os membros do Tribunal Pleno do TCE-PR votaram unanimemente pelo n\u00e3o provimento do Recurso (<a href=\"https:\/\/www.mpc.pr.gov.br\/wp-content\/uploads\/2023\/02\/Acordao-2508-22.pdf\">Ac\u00f3rd\u00e3o n\u00ba 2508\/22<\/a>), considerando que no decorrer das instru\u00e7\u00f5es foi amplamente demonstrado que as di\u00e1rias foram concedidas em quantidade desproporcional e irrazo\u00e1vel, caracterizando o desvirtuamento da verba de car\u00e1ter indenizat\u00f3rio para fins de incremento da remunera\u00e7\u00e3o, em ofensa \u00e0 moralidade administrativa. De todo modo, mesmo que a C\u00e2mara Municipal tenha regulamentado a concess\u00e3o de di\u00e1rias atr\u00e1s das Resolu\u00e7\u00f5es n\u00ba 60\/2009 e 64\/2011, inexiste qualquer normativa que defina limites m\u00e1ximos de quantidade e valor.\u00a0<\/span><span data-ccp-props=\"{&quot;201341983&quot;:0,&quot;335551550&quot;:6,&quot;335551620&quot;:6,&quot;335559731&quot;:708,&quot;335559739&quot;:160,&quot;335559740&quot;:360}\">\u00a0<\/span><\/p>\n<p><span data-contrast=\"none\">Diante do exposto, votaram pela manuten\u00e7\u00e3o da decis\u00e3o contida no <a href=\"https:\/\/www.mpc.pr.gov.br\/wp-content\/uploads\/2023\/02\/Acordao-6298-16.pdf\">Ac\u00f3rd\u00e3o n\u00ba 6298\/16<\/a>, com a restitui\u00e7\u00e3o integral dos recursos recebidos a t\u00edtulo de di\u00e1rias indevidas. Ademais, acompanhando o entendimento do MPC-PR, determinaram o encaminhamento de c\u00f3pia da decis\u00e3o ao ju\u00edzo da 3\u00aa Vara Criminal da Comarca de Foz do Igua\u00e7u para ci\u00eancia, tendo em vista os desdobramentos dos autos de a\u00e7\u00e3o penal em curso da qual se obteve conhecimento durante o andamento do processo. Por fim, tamb\u00e9m determinaram que a<\/span><span data-contrast=\"auto\"> Diretoria Jur\u00eddica realize o acompanhamento dos desdobramentos dos autos da citada a\u00e7\u00e3o penal<\/span><span data-contrast=\"none\">.<\/span><span data-ccp-props=\"{&quot;201341983&quot;:0,&quot;335551550&quot;:6,&quot;335551620&quot;:6,&quot;335559731&quot;:708,&quot;335559739&quot;:160,&quot;335559740&quot;:360}\">\u00a0<\/span><\/p>\n<p><span data-contrast=\"auto\">N\u00e3o obstante, os interessados apresentaram <\/span><span data-contrast=\"none\">Embargos de Declara\u00e7\u00e3o<\/span><span data-contrast=\"auto\">. Ap\u00f3s an\u00e1lise, e, conforme decis\u00e3o contida no <a href=\"https:\/\/www.mpc.pr.gov.br\/wp-content\/uploads\/2023\/02\/Acordao-52-23.pdf\">Ac\u00f3rd\u00e3o n\u00ba 52\/23<\/a>, o Relator Conselheiro Ivens Zschoerper Linhares ponderou que as partes utilizaram os Embargos na pretens\u00e3o de modificar a decis\u00e3o recorrida, o que seria invi\u00e1vel nesta via processual, n\u00e3o sendo o correto instrumento escolhido para tanto. Pontuou que n\u00e3o houve sequer tentativa dos embargantes em enquadrar a argumenta\u00e7\u00e3o nas hip\u00f3teses de obscuridade, d\u00favida, contradi\u00e7\u00e3o ou omiss\u00e3o. Face ao exposto, proferiu o voto no sentido de que o Tribunal Pleno conhe\u00e7a dos presentes embargos declarat\u00f3rios para, no m\u00e9rito, negar-lhes provimento, mantendo a decis\u00e3o original <\/span><span data-contrast=\"none\">(Ac\u00f3rd\u00e3o n\u00ba 6298\/16).<\/span><span data-ccp-props=\"{&quot;201341983&quot;:0,&quot;335551550&quot;:6,&quot;335551620&quot;:6,&quot;335559731&quot;:708,&quot;335559739&quot;:160,&quot;335559740&quot;:360}\">\u00a0<\/span><\/p>\n<blockquote>\n<h4><span style=\"color: #820007;\"><strong><u>Informa\u00e7\u00e3o para consulta processual<\/u><\/strong><\/span><\/h4>\n<table border=\"0\" width=\"629\" cellspacing=\"0\" cellpadding=\"0\">\n<tbody>\n<tr>\n<td><strong>Processo<\/strong>\u00a0<strong>n\u00ba<\/strong>:<\/td>\n<td>643745\/22<\/td>\n<\/tr>\n<tr>\n<td><strong>Ac\u00f3rd\u00e3o n\u00ba:<\/strong><\/td>\n<td>52\/23 &#8211; Tribunal Pleno<\/td>\n<\/tr>\n<tr>\n<td><strong>Assunto<\/strong>:<\/td>\n<td>Embargos de Declara\u00e7\u00e3o<\/td>\n<\/tr>\n<tr>\n<td><strong>Entidade<\/strong>:<\/td>\n<td>C\u00e2mara Municipal de Santa Terezinha de Itaipu<\/td>\n<\/tr>\n<tr>\n<td><strong>Relator<\/strong>:<\/td>\n<td>Conselheiro Ivens Zschoerper Linhares<\/td>\n<\/tr>\n<\/tbody>\n<\/table>\n<\/blockquote>\n","protected":false},"excerpt":{"rendered":"<p>O Pleno do Tribunal de Contas do do Paran\u00e1 (TCE-PR) negou provimento ao recurso proposto pela C\u00e2mara de Santa Terezinha de Itaipu contra a decis\u00e3o contida no Ac\u00f3rd\u00e3o n\u00ba 6298\/16, a qual determinou a irregularidade da Tomada de Contas Extraordin\u00e1ria instaurada a partir da constata\u00e7\u00e3o de desvio de finalidade no recebimento e pagamento de di\u00e1rias [&hellip;]<\/p>\n","protected":false},"author":1,"featured_media":15250,"comment_status":"open","ping_status":"open","sticky":false,"template":"","format":"standard","meta":{"_monsterinsights_skip_tracking":false,"_monsterinsights_sitenote_active":false,"_monsterinsights_sitenote_note":"","_monsterinsights_sitenote_category":0,"footnotes":""},"categories":[7],"tags":[78,155,13,149,346,297,39,71],"class_list":["post-15249","post","type-post","status-publish","format-standard","has-post-thumbnail","hentry","category-todas-as-noticias","tag-camara-municipal","tag-embargos-de-declaracao","tag-mpc-pr","tag-primeira-camara","tag-recurso","tag-santa-terezinha-de-itaipu","tag-tce-pr","tag-tribunal-pleno","entry","has-media"],"yoast_head":"<!-- This site is optimized with the Yoast SEO plugin v27.3 - https:\/\/yoast.com\/product\/yoast-seo-wordpress\/ -->\n<title>C\u00e2mara de Santa Terezinha de Itaipu deve restituir di\u00e1rias pagas indevidamente a agentes no ano de 2014 - Minist\u00e9rio P\u00fablico de Contas do Estado do Paran\u00e1<\/title>\n<meta name=\"robots\" content=\"index, follow, max-snippet:-1, max-image-preview:large, max-video-preview:-1\" \/>\n<link rel=\"canonical\" href=\"https:\/\/www.mpc.pr.gov.br\/index.php\/camara-de-santa-terezinha-de-itaipu-deve-restituir-diarias-pagas-indevidamente-a-agentes-no-ano-de-2014\/\" \/>\n<meta property=\"og:locale\" content=\"pt_BR\" \/>\n<meta property=\"og:type\" content=\"article\" \/>\n<meta property=\"og:title\" content=\"C\u00e2mara de Santa Terezinha de Itaipu deve restituir di\u00e1rias pagas indevidamente a agentes no ano de 2014 - Minist\u00e9rio P\u00fablico de Contas do Estado do Paran\u00e1\" \/>\n<meta property=\"og:description\" content=\"O Pleno do Tribunal de Contas do do Paran\u00e1 (TCE-PR) negou provimento ao recurso proposto pela C\u00e2mara de Santa Terezinha de Itaipu contra a decis\u00e3o contida no Ac\u00f3rd\u00e3o n\u00ba 6298\/16, a qual determinou a irregularidade da Tomada de Contas Extraordin\u00e1ria instaurada a partir da constata\u00e7\u00e3o de desvio de finalidade no recebimento e pagamento de di\u00e1rias [&hellip;]\" \/>\n<meta property=\"og:url\" content=\"https:\/\/www.mpc.pr.gov.br\/index.php\/camara-de-santa-terezinha-de-itaipu-deve-restituir-diarias-pagas-indevidamente-a-agentes-no-ano-de-2014\/\" \/>\n<meta property=\"og:site_name\" content=\"Minist\u00e9rio P\u00fablico de Contas do Estado do Paran\u00e1\" \/>\n<meta property=\"article:publisher\" content=\"https:\/\/www.facebook.com\/mpc.pr\" \/>\n<meta property=\"article:published_time\" content=\"2023-02-28T18:24:51+00:00\" \/>\n<meta property=\"article:modified_time\" content=\"2023-03-13T13:54:17+00:00\" \/>\n<meta property=\"og:image\" content=\"https:\/\/www.mpc.pr.gov.br\/wp-content\/uploads\/2023\/02\/Camara-de-Santa-Terezinha-de-Itaipu.jpg\" \/>\n\t<meta property=\"og:image:width\" content=\"613\" \/>\n\t<meta property=\"og:image:height\" content=\"460\" \/>\n\t<meta property=\"og:image:type\" content=\"image\/jpeg\" \/>\n<meta name=\"author\" content=\"mpcontaspr\" \/>\n<meta name=\"twitter:card\" content=\"summary_large_image\" \/>\n<meta name=\"twitter:label1\" content=\"Escrito por\" \/>\n\t<meta name=\"twitter:data1\" content=\"mpcontaspr\" \/>\n\t<meta name=\"twitter:label2\" content=\"Est. tempo de leitura\" \/>\n\t<meta name=\"twitter:data2\" content=\"5 minutos\" \/>\n<script type=\"application\/ld+json\" class=\"yoast-schema-graph\">{\"@context\":\"https:\\\/\\\/schema.org\",\"@graph\":[{\"@type\":\"Article\",\"@id\":\"https:\\\/\\\/www.mpc.pr.gov.br\\\/index.php\\\/camara-de-santa-terezinha-de-itaipu-deve-restituir-diarias-pagas-indevidamente-a-agentes-no-ano-de-2014\\\/#article\",\"isPartOf\":{\"@id\":\"https:\\\/\\\/www.mpc.pr.gov.br\\\/index.php\\\/camara-de-santa-terezinha-de-itaipu-deve-restituir-diarias-pagas-indevidamente-a-agentes-no-ano-de-2014\\\/\"},\"author\":{\"name\":\"mpcontaspr\",\"@id\":\"https:\\\/\\\/www.mpc.pr.gov.br\\\/#\\\/schema\\\/person\\\/2d83cb8980538d0ec174e8a6284f5e11\"},\"headline\":\"C\u00e2mara de Santa Terezinha de Itaipu deve restituir di\u00e1rias pagas indevidamente a agentes no ano de 2014\",\"datePublished\":\"2023-02-28T18:24:51+00:00\",\"dateModified\":\"2023-03-13T13:54:17+00:00\",\"mainEntityOfPage\":{\"@id\":\"https:\\\/\\\/www.mpc.pr.gov.br\\\/index.php\\\/camara-de-santa-terezinha-de-itaipu-deve-restituir-diarias-pagas-indevidamente-a-agentes-no-ano-de-2014\\\/\"},\"wordCount\":1003,\"commentCount\":0,\"publisher\":{\"@id\":\"https:\\\/\\\/www.mpc.pr.gov.br\\\/#organization\"},\"image\":{\"@id\":\"https:\\\/\\\/www.mpc.pr.gov.br\\\/index.php\\\/camara-de-santa-terezinha-de-itaipu-deve-restituir-diarias-pagas-indevidamente-a-agentes-no-ano-de-2014\\\/#primaryimage\"},\"thumbnailUrl\":\"https:\\\/\\\/www.mpc.pr.gov.br\\\/wp-content\\\/uploads\\\/2023\\\/02\\\/Camara-de-Santa-Terezinha-de-Itaipu.jpg\",\"keywords\":[\"C\u00e2mara Municipal\",\"Embargos de Declara\u00e7\u00e3o\",\"MPC-PR\",\"Primeira C\u00e2mara\",\"Recurso\",\"Santa Terezinha de Itaipu\",\"TCE-PR\",\"Tribunal Pleno\"],\"articleSection\":[\"Todas as not\u00edcias\"],\"inLanguage\":\"pt-BR\",\"potentialAction\":[{\"@type\":\"CommentAction\",\"name\":\"Comment\",\"target\":[\"https:\\\/\\\/www.mpc.pr.gov.br\\\/index.php\\\/camara-de-santa-terezinha-de-itaipu-deve-restituir-diarias-pagas-indevidamente-a-agentes-no-ano-de-2014\\\/#respond\"]}]},{\"@type\":\"WebPage\",\"@id\":\"https:\\\/\\\/www.mpc.pr.gov.br\\\/index.php\\\/camara-de-santa-terezinha-de-itaipu-deve-restituir-diarias-pagas-indevidamente-a-agentes-no-ano-de-2014\\\/\",\"url\":\"https:\\\/\\\/www.mpc.pr.gov.br\\\/index.php\\\/camara-de-santa-terezinha-de-itaipu-deve-restituir-diarias-pagas-indevidamente-a-agentes-no-ano-de-2014\\\/\",\"name\":\"C\u00e2mara de Santa Terezinha de Itaipu deve restituir di\u00e1rias pagas indevidamente a agentes no ano de 2014 - Minist\u00e9rio P\u00fablico de Contas do Estado do Paran\u00e1\",\"isPartOf\":{\"@id\":\"https:\\\/\\\/www.mpc.pr.gov.br\\\/#website\"},\"primaryImageOfPage\":{\"@id\":\"https:\\\/\\\/www.mpc.pr.gov.br\\\/index.php\\\/camara-de-santa-terezinha-de-itaipu-deve-restituir-diarias-pagas-indevidamente-a-agentes-no-ano-de-2014\\\/#primaryimage\"},\"image\":{\"@id\":\"https:\\\/\\\/www.mpc.pr.gov.br\\\/index.php\\\/camara-de-santa-terezinha-de-itaipu-deve-restituir-diarias-pagas-indevidamente-a-agentes-no-ano-de-2014\\\/#primaryimage\"},\"thumbnailUrl\":\"https:\\\/\\\/www.mpc.pr.gov.br\\\/wp-content\\\/uploads\\\/2023\\\/02\\\/Camara-de-Santa-Terezinha-de-Itaipu.jpg\",\"datePublished\":\"2023-02-28T18:24:51+00:00\",\"dateModified\":\"2023-03-13T13:54:17+00:00\",\"breadcrumb\":{\"@id\":\"https:\\\/\\\/www.mpc.pr.gov.br\\\/index.php\\\/camara-de-santa-terezinha-de-itaipu-deve-restituir-diarias-pagas-indevidamente-a-agentes-no-ano-de-2014\\\/#breadcrumb\"},\"inLanguage\":\"pt-BR\",\"potentialAction\":[{\"@type\":\"ReadAction\",\"target\":[\"https:\\\/\\\/www.mpc.pr.gov.br\\\/index.php\\\/camara-de-santa-terezinha-de-itaipu-deve-restituir-diarias-pagas-indevidamente-a-agentes-no-ano-de-2014\\\/\"]}]},{\"@type\":\"ImageObject\",\"inLanguage\":\"pt-BR\",\"@id\":\"https:\\\/\\\/www.mpc.pr.gov.br\\\/index.php\\\/camara-de-santa-terezinha-de-itaipu-deve-restituir-diarias-pagas-indevidamente-a-agentes-no-ano-de-2014\\\/#primaryimage\",\"url\":\"https:\\\/\\\/www.mpc.pr.gov.br\\\/wp-content\\\/uploads\\\/2023\\\/02\\\/Camara-de-Santa-Terezinha-de-Itaipu.jpg\",\"contentUrl\":\"https:\\\/\\\/www.mpc.pr.gov.br\\\/wp-content\\\/uploads\\\/2023\\\/02\\\/Camara-de-Santa-Terezinha-de-Itaipu.jpg\",\"width\":613,\"height\":460,\"caption\":\"C\u00e2mara de Santa Terezinha de Itaipu, munic\u00edpio da regi\u00e3o Oeste do Paran\u00e1. Foto: Divulga\u00e7\u00e3o.\"},{\"@type\":\"BreadcrumbList\",\"@id\":\"https:\\\/\\\/www.mpc.pr.gov.br\\\/index.php\\\/camara-de-santa-terezinha-de-itaipu-deve-restituir-diarias-pagas-indevidamente-a-agentes-no-ano-de-2014\\\/#breadcrumb\",\"itemListElement\":[{\"@type\":\"ListItem\",\"position\":1,\"name\":\"In\u00edcio\",\"item\":\"https:\\\/\\\/www.mpc.pr.gov.br\\\/\"},{\"@type\":\"ListItem\",\"position\":2,\"name\":\"C\u00e2mara de Santa Terezinha de Itaipu deve restituir di\u00e1rias pagas indevidamente a agentes no ano de 2014\"}]},{\"@type\":\"WebSite\",\"@id\":\"https:\\\/\\\/www.mpc.pr.gov.br\\\/#website\",\"url\":\"https:\\\/\\\/www.mpc.pr.gov.br\\\/\",\"name\":\"Minist\u00e9rio P\u00fablico de Contas do Estado do Paran\u00e1\",\"description\":\"\",\"publisher\":{\"@id\":\"https:\\\/\\\/www.mpc.pr.gov.br\\\/#organization\"},\"potentialAction\":[{\"@type\":\"SearchAction\",\"target\":{\"@type\":\"EntryPoint\",\"urlTemplate\":\"https:\\\/\\\/www.mpc.pr.gov.br\\\/?s={search_term_string}\"},\"query-input\":{\"@type\":\"PropertyValueSpecification\",\"valueRequired\":true,\"valueName\":\"search_term_string\"}}],\"inLanguage\":\"pt-BR\"},{\"@type\":\"Organization\",\"@id\":\"https:\\\/\\\/www.mpc.pr.gov.br\\\/#organization\",\"name\":\"Minist\u00e9rio P\u00fablico de Contas do Estado do Paran\u00e1\",\"url\":\"https:\\\/\\\/www.mpc.pr.gov.br\\\/\",\"logo\":{\"@type\":\"ImageObject\",\"inLanguage\":\"pt-BR\",\"@id\":\"https:\\\/\\\/www.mpc.pr.gov.br\\\/#\\\/schema\\\/logo\\\/image\\\/\",\"url\":\"https:\\\/\\\/www.mpc.pr.gov.br\\\/wp-content\\\/uploads\\\/2020\\\/06\\\/99423647_1593460364143890_6706793420720963584_n-1-e1591387983167.png\",\"contentUrl\":\"https:\\\/\\\/www.mpc.pr.gov.br\\\/wp-content\\\/uploads\\\/2020\\\/06\\\/99423647_1593460364143890_6706793420720963584_n-1-e1591387983167.png\",\"width\":243,\"height\":73,\"caption\":\"Minist\u00e9rio P\u00fablico de Contas do Estado do Paran\u00e1\"},\"image\":{\"@id\":\"https:\\\/\\\/www.mpc.pr.gov.br\\\/#\\\/schema\\\/logo\\\/image\\\/\"},\"sameAs\":[\"https:\\\/\\\/www.facebook.com\\\/mpc.pr\",\"https:\\\/\\\/www.instagram.com\\\/mpc.pr\\\/?hl=pt-br\",\"https:\\\/\\\/www.youtube.com\\\/channel\\\/UCHri5oEM8DV0ztX57E0sBSw\"]},{\"@type\":\"Person\",\"@id\":\"https:\\\/\\\/www.mpc.pr.gov.br\\\/#\\\/schema\\\/person\\\/2d83cb8980538d0ec174e8a6284f5e11\",\"name\":\"mpcontaspr\",\"image\":{\"@type\":\"ImageObject\",\"inLanguage\":\"pt-BR\",\"@id\":\"https:\\\/\\\/secure.gravatar.com\\\/avatar\\\/1aef51541db7622e05fd639336c9c9f312c2a618396e2b6ca96846362fc5403f?s=96&d=mm&r=g\",\"url\":\"https:\\\/\\\/secure.gravatar.com\\\/avatar\\\/1aef51541db7622e05fd639336c9c9f312c2a618396e2b6ca96846362fc5403f?s=96&d=mm&r=g\",\"contentUrl\":\"https:\\\/\\\/secure.gravatar.com\\\/avatar\\\/1aef51541db7622e05fd639336c9c9f312c2a618396e2b6ca96846362fc5403f?s=96&d=mm&r=g\",\"caption\":\"mpcontaspr\"},\"sameAs\":[\"http:\\\/\\\/www.mpc.pr.gov.br\"]}]}<\/script>\n<!-- \/ Yoast SEO plugin. -->","yoast_head_json":{"title":"C\u00e2mara de Santa Terezinha de Itaipu deve restituir di\u00e1rias pagas indevidamente a agentes no ano de 2014 - Minist\u00e9rio P\u00fablico de Contas do Estado do Paran\u00e1","robots":{"index":"index","follow":"follow","max-snippet":"max-snippet:-1","max-image-preview":"max-image-preview:large","max-video-preview":"max-video-preview:-1"},"canonical":"https:\/\/www.mpc.pr.gov.br\/index.php\/camara-de-santa-terezinha-de-itaipu-deve-restituir-diarias-pagas-indevidamente-a-agentes-no-ano-de-2014\/","og_locale":"pt_BR","og_type":"article","og_title":"C\u00e2mara de Santa Terezinha de Itaipu deve restituir di\u00e1rias pagas indevidamente a agentes no ano de 2014 - Minist\u00e9rio P\u00fablico de Contas do Estado do Paran\u00e1","og_description":"O Pleno do Tribunal de Contas do do Paran\u00e1 (TCE-PR) negou provimento ao recurso proposto pela C\u00e2mara de Santa Terezinha de Itaipu contra a decis\u00e3o contida no Ac\u00f3rd\u00e3o n\u00ba 6298\/16, a qual determinou a irregularidade da Tomada de Contas Extraordin\u00e1ria instaurada a partir da constata\u00e7\u00e3o de desvio de finalidade no recebimento e pagamento de di\u00e1rias [&hellip;]","og_url":"https:\/\/www.mpc.pr.gov.br\/index.php\/camara-de-santa-terezinha-de-itaipu-deve-restituir-diarias-pagas-indevidamente-a-agentes-no-ano-de-2014\/","og_site_name":"Minist\u00e9rio P\u00fablico de Contas do Estado do Paran\u00e1","article_publisher":"https:\/\/www.facebook.com\/mpc.pr","article_published_time":"2023-02-28T18:24:51+00:00","article_modified_time":"2023-03-13T13:54:17+00:00","og_image":[{"width":613,"height":460,"url":"https:\/\/www.mpc.pr.gov.br\/wp-content\/uploads\/2023\/02\/Camara-de-Santa-Terezinha-de-Itaipu.jpg","type":"image\/jpeg"}],"author":"mpcontaspr","twitter_card":"summary_large_image","twitter_misc":{"Escrito por":"mpcontaspr","Est. tempo de leitura":"5 minutos"},"schema":{"@context":"https:\/\/schema.org","@graph":[{"@type":"Article","@id":"https:\/\/www.mpc.pr.gov.br\/index.php\/camara-de-santa-terezinha-de-itaipu-deve-restituir-diarias-pagas-indevidamente-a-agentes-no-ano-de-2014\/#article","isPartOf":{"@id":"https:\/\/www.mpc.pr.gov.br\/index.php\/camara-de-santa-terezinha-de-itaipu-deve-restituir-diarias-pagas-indevidamente-a-agentes-no-ano-de-2014\/"},"author":{"name":"mpcontaspr","@id":"https:\/\/www.mpc.pr.gov.br\/#\/schema\/person\/2d83cb8980538d0ec174e8a6284f5e11"},"headline":"C\u00e2mara de Santa Terezinha de Itaipu deve restituir di\u00e1rias pagas indevidamente a agentes no ano de 2014","datePublished":"2023-02-28T18:24:51+00:00","dateModified":"2023-03-13T13:54:17+00:00","mainEntityOfPage":{"@id":"https:\/\/www.mpc.pr.gov.br\/index.php\/camara-de-santa-terezinha-de-itaipu-deve-restituir-diarias-pagas-indevidamente-a-agentes-no-ano-de-2014\/"},"wordCount":1003,"commentCount":0,"publisher":{"@id":"https:\/\/www.mpc.pr.gov.br\/#organization"},"image":{"@id":"https:\/\/www.mpc.pr.gov.br\/index.php\/camara-de-santa-terezinha-de-itaipu-deve-restituir-diarias-pagas-indevidamente-a-agentes-no-ano-de-2014\/#primaryimage"},"thumbnailUrl":"https:\/\/www.mpc.pr.gov.br\/wp-content\/uploads\/2023\/02\/Camara-de-Santa-Terezinha-de-Itaipu.jpg","keywords":["C\u00e2mara Municipal","Embargos de Declara\u00e7\u00e3o","MPC-PR","Primeira C\u00e2mara","Recurso","Santa Terezinha de Itaipu","TCE-PR","Tribunal Pleno"],"articleSection":["Todas as not\u00edcias"],"inLanguage":"pt-BR","potentialAction":[{"@type":"CommentAction","name":"Comment","target":["https:\/\/www.mpc.pr.gov.br\/index.php\/camara-de-santa-terezinha-de-itaipu-deve-restituir-diarias-pagas-indevidamente-a-agentes-no-ano-de-2014\/#respond"]}]},{"@type":"WebPage","@id":"https:\/\/www.mpc.pr.gov.br\/index.php\/camara-de-santa-terezinha-de-itaipu-deve-restituir-diarias-pagas-indevidamente-a-agentes-no-ano-de-2014\/","url":"https:\/\/www.mpc.pr.gov.br\/index.php\/camara-de-santa-terezinha-de-itaipu-deve-restituir-diarias-pagas-indevidamente-a-agentes-no-ano-de-2014\/","name":"C\u00e2mara de Santa Terezinha de Itaipu deve restituir di\u00e1rias pagas indevidamente a agentes no ano de 2014 - Minist\u00e9rio P\u00fablico de Contas do Estado do Paran\u00e1","isPartOf":{"@id":"https:\/\/www.mpc.pr.gov.br\/#website"},"primaryImageOfPage":{"@id":"https:\/\/www.mpc.pr.gov.br\/index.php\/camara-de-santa-terezinha-de-itaipu-deve-restituir-diarias-pagas-indevidamente-a-agentes-no-ano-de-2014\/#primaryimage"},"image":{"@id":"https:\/\/www.mpc.pr.gov.br\/index.php\/camara-de-santa-terezinha-de-itaipu-deve-restituir-diarias-pagas-indevidamente-a-agentes-no-ano-de-2014\/#primaryimage"},"thumbnailUrl":"https:\/\/www.mpc.pr.gov.br\/wp-content\/uploads\/2023\/02\/Camara-de-Santa-Terezinha-de-Itaipu.jpg","datePublished":"2023-02-28T18:24:51+00:00","dateModified":"2023-03-13T13:54:17+00:00","breadcrumb":{"@id":"https:\/\/www.mpc.pr.gov.br\/index.php\/camara-de-santa-terezinha-de-itaipu-deve-restituir-diarias-pagas-indevidamente-a-agentes-no-ano-de-2014\/#breadcrumb"},"inLanguage":"pt-BR","potentialAction":[{"@type":"ReadAction","target":["https:\/\/www.mpc.pr.gov.br\/index.php\/camara-de-santa-terezinha-de-itaipu-deve-restituir-diarias-pagas-indevidamente-a-agentes-no-ano-de-2014\/"]}]},{"@type":"ImageObject","inLanguage":"pt-BR","@id":"https:\/\/www.mpc.pr.gov.br\/index.php\/camara-de-santa-terezinha-de-itaipu-deve-restituir-diarias-pagas-indevidamente-a-agentes-no-ano-de-2014\/#primaryimage","url":"https:\/\/www.mpc.pr.gov.br\/wp-content\/uploads\/2023\/02\/Camara-de-Santa-Terezinha-de-Itaipu.jpg","contentUrl":"https:\/\/www.mpc.pr.gov.br\/wp-content\/uploads\/2023\/02\/Camara-de-Santa-Terezinha-de-Itaipu.jpg","width":613,"height":460,"caption":"C\u00e2mara de Santa Terezinha de Itaipu, munic\u00edpio da regi\u00e3o Oeste do Paran\u00e1. Foto: Divulga\u00e7\u00e3o."},{"@type":"BreadcrumbList","@id":"https:\/\/www.mpc.pr.gov.br\/index.php\/camara-de-santa-terezinha-de-itaipu-deve-restituir-diarias-pagas-indevidamente-a-agentes-no-ano-de-2014\/#breadcrumb","itemListElement":[{"@type":"ListItem","position":1,"name":"In\u00edcio","item":"https:\/\/www.mpc.pr.gov.br\/"},{"@type":"ListItem","position":2,"name":"C\u00e2mara de Santa Terezinha de Itaipu deve restituir di\u00e1rias pagas indevidamente a agentes no ano de 2014"}]},{"@type":"WebSite","@id":"https:\/\/www.mpc.pr.gov.br\/#website","url":"https:\/\/www.mpc.pr.gov.br\/","name":"Minist\u00e9rio P\u00fablico de Contas do Estado do Paran\u00e1","description":"","publisher":{"@id":"https:\/\/www.mpc.pr.gov.br\/#organization"},"potentialAction":[{"@type":"SearchAction","target":{"@type":"EntryPoint","urlTemplate":"https:\/\/www.mpc.pr.gov.br\/?s={search_term_string}"},"query-input":{"@type":"PropertyValueSpecification","valueRequired":true,"valueName":"search_term_string"}}],"inLanguage":"pt-BR"},{"@type":"Organization","@id":"https:\/\/www.mpc.pr.gov.br\/#organization","name":"Minist\u00e9rio P\u00fablico de Contas do Estado do Paran\u00e1","url":"https:\/\/www.mpc.pr.gov.br\/","logo":{"@type":"ImageObject","inLanguage":"pt-BR","@id":"https:\/\/www.mpc.pr.gov.br\/#\/schema\/logo\/image\/","url":"https:\/\/www.mpc.pr.gov.br\/wp-content\/uploads\/2020\/06\/99423647_1593460364143890_6706793420720963584_n-1-e1591387983167.png","contentUrl":"https:\/\/www.mpc.pr.gov.br\/wp-content\/uploads\/2020\/06\/99423647_1593460364143890_6706793420720963584_n-1-e1591387983167.png","width":243,"height":73,"caption":"Minist\u00e9rio P\u00fablico de Contas do Estado do Paran\u00e1"},"image":{"@id":"https:\/\/www.mpc.pr.gov.br\/#\/schema\/logo\/image\/"},"sameAs":["https:\/\/www.facebook.com\/mpc.pr","https:\/\/www.instagram.com\/mpc.pr\/?hl=pt-br","https:\/\/www.youtube.com\/channel\/UCHri5oEM8DV0ztX57E0sBSw"]},{"@type":"Person","@id":"https:\/\/www.mpc.pr.gov.br\/#\/schema\/person\/2d83cb8980538d0ec174e8a6284f5e11","name":"mpcontaspr","image":{"@type":"ImageObject","inLanguage":"pt-BR","@id":"https:\/\/secure.gravatar.com\/avatar\/1aef51541db7622e05fd639336c9c9f312c2a618396e2b6ca96846362fc5403f?s=96&d=mm&r=g","url":"https:\/\/secure.gravatar.com\/avatar\/1aef51541db7622e05fd639336c9c9f312c2a618396e2b6ca96846362fc5403f?s=96&d=mm&r=g","contentUrl":"https:\/\/secure.gravatar.com\/avatar\/1aef51541db7622e05fd639336c9c9f312c2a618396e2b6ca96846362fc5403f?s=96&d=mm&r=g","caption":"mpcontaspr"},"sameAs":["http:\/\/www.mpc.pr.gov.br"]}]}},"rttpg_featured_image_url":{"full":["https:\/\/www.mpc.pr.gov.br\/wp-content\/uploads\/2023\/02\/Camara-de-Santa-Terezinha-de-Itaipu.jpg",613,460,false],"landscape":["https:\/\/www.mpc.pr.gov.br\/wp-content\/uploads\/2023\/02\/Camara-de-Santa-Terezinha-de-Itaipu.jpg",613,460,false],"portraits":["https:\/\/www.mpc.pr.gov.br\/wp-content\/uploads\/2023\/02\/Camara-de-Santa-Terezinha-de-Itaipu.jpg",613,460,false],"thumbnail":["https:\/\/www.mpc.pr.gov.br\/wp-content\/uploads\/2023\/02\/Camara-de-Santa-Terezinha-de-Itaipu-150x150.jpg",150,150,true],"medium":["https:\/\/www.mpc.pr.gov.br\/wp-content\/uploads\/2023\/02\/Camara-de-Santa-Terezinha-de-Itaipu-300x225.jpg",300,225,true],"large":["https:\/\/www.mpc.pr.gov.br\/wp-content\/uploads\/2023\/02\/Camara-de-Santa-Terezinha-de-Itaipu.jpg",613,460,false],"1536x1536":["https:\/\/www.mpc.pr.gov.br\/wp-content\/uploads\/2023\/02\/Camara-de-Santa-Terezinha-de-Itaipu.jpg",613,460,false],"2048x2048":["https:\/\/www.mpc.pr.gov.br\/wp-content\/uploads\/2023\/02\/Camara-de-Santa-Terezinha-de-Itaipu.jpg",613,460,false],"ocean-thumb-m":["https:\/\/www.mpc.pr.gov.br\/wp-content\/uploads\/2023\/02\/Camara-de-Santa-Terezinha-de-Itaipu-600x460.jpg",600,460,true],"ocean-thumb-ml":["https:\/\/www.mpc.pr.gov.br\/wp-content\/uploads\/2023\/02\/Camara-de-Santa-Terezinha-de-Itaipu-613x450.jpg",613,450,true],"ocean-thumb-l":["https:\/\/www.mpc.pr.gov.br\/wp-content\/uploads\/2023\/02\/Camara-de-Santa-Terezinha-de-Itaipu.jpg",613,460,false]},"rttpg_author":{"display_name":"mpcontaspr","author_link":"https:\/\/www.mpc.pr.gov.br\/index.php\/author\/mpcontaspr\/"},"rttpg_comment":0,"rttpg_category":"<a href=\"https:\/\/www.mpc.pr.gov.br\/index.php\/category\/todas-as-noticias\/\" rel=\"category tag\">Todas as not\u00edcias<\/a>","rttpg_excerpt":"O Pleno do Tribunal de Contas do do Paran\u00e1 (TCE-PR) negou provimento ao recurso proposto pela C\u00e2mara de Santa Terezinha de Itaipu contra a decis\u00e3o contida no Ac\u00f3rd\u00e3o n\u00ba 6298\/16, a qual determinou a irregularidade da Tomada de Contas Extraordin\u00e1ria instaurada a partir da constata\u00e7\u00e3o de desvio de finalidade no recebimento e pagamento de di\u00e1rias&hellip;","_links":{"self":[{"href":"https:\/\/www.mpc.pr.gov.br\/index.php\/wp-json\/wp\/v2\/posts\/15249","targetHints":{"allow":["GET"]}}],"collection":[{"href":"https:\/\/www.mpc.pr.gov.br\/index.php\/wp-json\/wp\/v2\/posts"}],"about":[{"href":"https:\/\/www.mpc.pr.gov.br\/index.php\/wp-json\/wp\/v2\/types\/post"}],"author":[{"embeddable":true,"href":"https:\/\/www.mpc.pr.gov.br\/index.php\/wp-json\/wp\/v2\/users\/1"}],"replies":[{"embeddable":true,"href":"https:\/\/www.mpc.pr.gov.br\/index.php\/wp-json\/wp\/v2\/comments?post=15249"}],"version-history":[{"count":4,"href":"https:\/\/www.mpc.pr.gov.br\/index.php\/wp-json\/wp\/v2\/posts\/15249\/revisions"}],"predecessor-version":[{"id":15264,"href":"https:\/\/www.mpc.pr.gov.br\/index.php\/wp-json\/wp\/v2\/posts\/15249\/revisions\/15264"}],"wp:featuredmedia":[{"embeddable":true,"href":"https:\/\/www.mpc.pr.gov.br\/index.php\/wp-json\/wp\/v2\/media\/15250"}],"wp:attachment":[{"href":"https:\/\/www.mpc.pr.gov.br\/index.php\/wp-json\/wp\/v2\/media?parent=15249"}],"wp:term":[{"taxonomy":"category","embeddable":true,"href":"https:\/\/www.mpc.pr.gov.br\/index.php\/wp-json\/wp\/v2\/categories?post=15249"},{"taxonomy":"post_tag","embeddable":true,"href":"https:\/\/www.mpc.pr.gov.br\/index.php\/wp-json\/wp\/v2\/tags?post=15249"}],"curies":[{"name":"wp","href":"https:\/\/api.w.org\/{rel}","templated":true}]}}