{"id":15333,"date":"2023-03-15T14:37:05","date_gmt":"2023-03-15T17:37:05","guid":{"rendered":"https:\/\/www.mpc.pr.gov.br\/?p=15333"},"modified":"2023-03-29T11:36:04","modified_gmt":"2023-03-29T14:36:04","slug":"municipio-de-cantagalo-e-multado-por-falta-de-controles-eficazes-na-gestao-de-combustivel","status":"publish","type":"post","link":"https:\/\/www.mpc.pr.gov.br\/index.php\/municipio-de-cantagalo-e-multado-por-falta-de-controles-eficazes-na-gestao-de-combustivel\/","title":{"rendered":"Munic\u00edpio de Cantagalo \u00e9 multado por falta de controles eficazes na gest\u00e3o de combust\u00edvel"},"content":{"rendered":"<figure id=\"attachment_15336\" aria-describedby=\"caption-attachment-15336\" style=\"width: 300px\" class=\"wp-caption alignleft\"><img decoding=\"async\" class=\"size-medium wp-image-15336\" src=\"https:\/\/www.mpc.pr.gov.br\/wp-content\/uploads\/2023\/03\/Cantagalo-300x152.jpg\" alt=\"\" width=\"300\" height=\"152\" srcset=\"https:\/\/www.mpc.pr.gov.br\/wp-content\/uploads\/2023\/03\/Cantagalo-300x152.jpg 300w, https:\/\/www.mpc.pr.gov.br\/wp-content\/uploads\/2023\/03\/Cantagalo.jpg 640w\" sizes=\"(max-width: 300px) 100vw, 300px\" \/><figcaption id=\"caption-attachment-15336\" class=\"wp-caption-text\">Vista a\u00e9rea de Cantagalo, munic\u00edpio da Regi\u00e3o Centro-Sul do Paran\u00e1. Foto: Divulga\u00e7\u00e3o.<\/figcaption><\/figure>\n<p><span data-contrast=\"auto\">Os membros do Pleno do Tribunal de Contas do Paran\u00e1 (TCE-PR) votaram pela proced\u00eancia da Representa\u00e7\u00e3o que noticiava suposta irregularidade na gest\u00e3o do estoque de combust\u00edvel no Munic\u00edpio de Cantagalo em 31 de dezembro de 2020. Foram identificadas falhas no sistema de controle e ofensa aos artigos 94, 95 e 96 da <a href=\"https:\/\/www.planalto.gov.br\/ccivil_03\/leis\/l4320.htm\">Lei n\u00ba 4320\/64<\/a>, o que motivou a aplica\u00e7\u00e3o de multa ao ex-Prefeito Municipal (gest\u00e3o 2017\/2020) e ao Controlador Interno respons\u00e1vel.\u00a0<\/span><span data-ccp-props=\"{&quot;134233117&quot;:false,&quot;134233118&quot;:false,&quot;201341983&quot;:0,&quot;335551550&quot;:6,&quot;335551620&quot;:6,&quot;335559685&quot;:0,&quot;335559731&quot;:0,&quot;335559737&quot;:0,&quot;335559738&quot;:0,&quot;335559739&quot;:160,&quot;335559740&quot;:360}\">\u00a0<\/span><\/p>\n<p><span data-contrast=\"auto\">A den\u00fancia foi protocolada pelo atual Prefeito Municipal, Jo\u00e3o Konjunski, ap\u00f3s fiscaliza\u00e7\u00e3o realizada pelos Vereadores rec\u00e9m-eleitos, que constataram que os tanques de combust\u00edveis respons\u00e1veis por abastecer a frota de maquin\u00e1rios e ve\u00edculos oficiais do Munic\u00edpio encontravam-se \u201czerados\u201d. Dessa forma, o gestor requereu a apura\u00e7\u00e3o da discrep\u00e2ncia entre o saldo no sistema e o saldo real do estoque nos tanques, na quantia de mais de onze mil litros de combust\u00edvel.<\/span><span data-ccp-props=\"{&quot;134233117&quot;:false,&quot;134233118&quot;:false,&quot;201341983&quot;:0,&quot;335551550&quot;:6,&quot;335551620&quot;:6,&quot;335559685&quot;:0,&quot;335559731&quot;:0,&quot;335559737&quot;:0,&quot;335559738&quot;:0,&quot;335559739&quot;:160,&quot;335559740&quot;:360}\">\u00a0<\/span><\/p>\n<h4><b><span data-contrast=\"auto\">Instru\u00e7\u00e3o do Processo<\/span><\/b><span data-ccp-props=\"{&quot;134233117&quot;:false,&quot;134233118&quot;:false,&quot;201341983&quot;:0,&quot;335551550&quot;:6,&quot;335551620&quot;:6,&quot;335559685&quot;:0,&quot;335559737&quot;:0,&quot;335559738&quot;:0,&quot;335559739&quot;:160,&quot;335559740&quot;:360}\">\u00a0<\/span><\/h4>\n<p><span data-contrast=\"auto\">Na den\u00fancia, o Prefeito Jo\u00e3o Konjunski informou que o balan\u00e7o patrimonial indicava um estoque de combust\u00edvel no valor de R$ 14.051,59 e 11.448,032 litros de \u00f3leo diesel (S10 e S500), sendo que, na realidade, os mencionados tanques estavam vazios. Quando indagado sobre quais medidas foram adotadas para apura\u00e7\u00e3o das irregularidades, o gestor-informou que foram encaminhados pedidos de investiga\u00e7\u00e3o \u00e0 C\u00e2mara Municipal, ao Minist\u00e9rio P\u00fablico do Paran\u00e1 e ao TCE-PR, de modo que o dano ao er\u00e1rio, se constatado, seria em torno de aproximadamente R$ 53.118,72 (valor corrigido monetariamente).\u00a0<\/span><span data-ccp-props=\"{&quot;134233117&quot;:false,&quot;134233118&quot;:false,&quot;201341983&quot;:0,&quot;335551550&quot;:6,&quot;335551620&quot;:6,&quot;335559685&quot;:0,&quot;335559731&quot;:0,&quot;335559737&quot;:0,&quot;335559738&quot;:0,&quot;335559739&quot;:160,&quot;335559740&quot;:360}\">\u00a0<\/span><\/p>\n<p><span data-contrast=\"auto\">Em sede de contradit\u00f3rio, o controlador interno do Munic\u00edpio informou que o caminh\u00e3o respons\u00e1vel pelo abastecimento descarregava o combust\u00edvel nos tanques alojados no p\u00e1tio de m\u00e1quinas, sendo recebido pelo funcion\u00e1rio que se encontrava no local. O controle de abastecimento era de responsabilidade compartilhada entre quatro servidores, de modo que cada um portava a chave do cadeado do tanque de armazenamento de combust\u00edvel. Os lan\u00e7amentos eram todos manuais, sendo repassados posteriormente para uma planilha eletr\u00f4nica.\u00a0<\/span><span data-ccp-props=\"{&quot;134233117&quot;:false,&quot;134233118&quot;:false,&quot;201341983&quot;:0,&quot;335551550&quot;:6,&quot;335551620&quot;:6,&quot;335559685&quot;:0,&quot;335559731&quot;:0,&quot;335559737&quot;:0,&quot;335559738&quot;:0,&quot;335559739&quot;:160,&quot;335559740&quot;:360}\">\u00a0<\/span><\/p>\n<p><span data-contrast=\"auto\">O departamento de Controle Interno do Munic\u00edpio, ao tomar conhecimento dos fatos, expediu recomenda\u00e7\u00e3o para que: fossem apuradas as discrep\u00e2ncias do saldo no sistema; fosse implementando um novo sistema de abastecimento de caminh\u00f5es e maquin\u00e1rios; e designa\u00e7\u00e3o de servidor respons\u00e1vel pela gest\u00e3o da frota municipal. Complementou sua defesa informando que al\u00e9m das recomenda\u00e7\u00f5es tamb\u00e9m foram implementadas c\u00e2meras de seguran\u00e7a sobre os tanques, instalados novos cadeados e adquirida uma bomba el\u00e9trica para melhor aferi\u00e7\u00e3o.\u00a0<\/span><span data-ccp-props=\"{&quot;134233117&quot;:false,&quot;134233118&quot;:false,&quot;201341983&quot;:0,&quot;335551550&quot;:6,&quot;335551620&quot;:6,&quot;335559685&quot;:0,&quot;335559731&quot;:0,&quot;335559737&quot;:0,&quot;335559738&quot;:0,&quot;335559739&quot;:160,&quot;335559740&quot;:360}\">\u00a0<\/span><\/p>\n<p><span data-contrast=\"auto\">A Coordenadoria de Gest\u00e3o Municipal (CGM), opinou pela proced\u00eancia da Representa\u00e7\u00e3o, ao considerar que os procedimentos adotados pelo Munic\u00edpio eram prop\u00edcios a erros e facilitavam poss\u00edveis desvios, uma vez que a responsabilidade pelo abastecimento era compartilhada e n\u00e3o havia um controle concomitante da quantidade presente em estoque. Embora n\u00e3o seja poss\u00edvel identificar se efetivamente houve desvio, \u00e9 clara a viola\u00e7\u00e3o dos artigos 94, 95 e 96 da <a href=\"https:\/\/www.planalto.gov.br\/ccivil_03\/leis\/l4320.htm\">Lei n\u00ba 4.320\/64<\/a> (que instituiu as normas gerais de direito financeiro para elabora\u00e7\u00e3o e controle dos lan\u00e7amentos e balan\u00e7os dos entes federativos).\u00a0<\/span><span data-ccp-props=\"{&quot;134233117&quot;:false,&quot;134233118&quot;:false,&quot;201341983&quot;:0,&quot;335551550&quot;:6,&quot;335551620&quot;:6,&quot;335559685&quot;:0,&quot;335559731&quot;:0,&quot;335559737&quot;:0,&quot;335559738&quot;:0,&quot;335559739&quot;:160,&quot;335559740&quot;:360}\">\u00a0<\/span><\/p>\n<p><span data-contrast=\"auto\">O Minist\u00e9rio P\u00fablico de Contas do Paran\u00e1 (MPC-PR), por sua vez, mediante <a href=\"https:\/\/www.mpc.pr.gov.br\/wp-content\/uploads\/2023\/03\/Parecer-809-22.pdf\">Parecer n\u00ba 809\/22<\/a>, acompanhou o entendimento da unidade t\u00e9cnica pelo conhecimento e proced\u00eancia da Representa\u00e7\u00e3o, inclusive em rela\u00e7\u00e3o a expedi\u00e7\u00e3o de determina\u00e7\u00e3o ao Munic\u00edpio de Cantagalo para que instaure procedimento administrativo com vistas \u00e0 apura\u00e7\u00e3o de responsabilidades e esclarecimento do real destino do estoque de combust\u00edvel municipal.\u00a0<\/span><span data-ccp-props=\"{&quot;134233117&quot;:false,&quot;134233118&quot;:false,&quot;201341983&quot;:0,&quot;335551550&quot;:6,&quot;335551620&quot;:6,&quot;335559685&quot;:0,&quot;335559731&quot;:0,&quot;335559737&quot;:0,&quot;335559738&quot;:0,&quot;335559739&quot;:160,&quot;335559740&quot;:360}\">\u00a0<\/span><\/p>\n<h4><b><span data-contrast=\"auto\">Decis\u00e3o<\/span><\/b><span data-ccp-props=\"{&quot;134233117&quot;:false,&quot;134233118&quot;:false,&quot;201341983&quot;:0,&quot;335551550&quot;:6,&quot;335551620&quot;:6,&quot;335559685&quot;:0,&quot;335559731&quot;:0,&quot;335559737&quot;:0,&quot;335559738&quot;:0,&quot;335559739&quot;:160,&quot;335559740&quot;:360}\">\u00a0<\/span><\/h4>\n<p><span data-contrast=\"auto\">Em sede de julgamento, conforme decis\u00e3o contida no <a href=\"https:\/\/www.mpc.pr.gov.br\/wp-content\/uploads\/2023\/03\/Acordao-2839-22.pdf\">Ac\u00f3rd\u00e3o n\u00ba 2839\/22<\/a>, o Relator Conselheiro Ivens Zschoerper Linhares acompanhou o entendimento da unidade t\u00e9cnica, ao reconhecer que o conjunto probat\u00f3rio produziu elementos suficientes para constatar a falha no recebimento, guarda e operacionaliza\u00e7\u00e3o (utiliza\u00e7\u00e3o) do combust\u00edvel, em clara viola\u00e7\u00e3o aos artigos da Lei n\u00ba 4.320\/64, uma vez observada a precariedade do sistema adotado para a gest\u00e3o dos combust\u00edveis.\u00a0<\/span><span data-ccp-props=\"{&quot;134233117&quot;:false,&quot;134233118&quot;:false,&quot;201341983&quot;:0,&quot;335551550&quot;:6,&quot;335551620&quot;:6,&quot;335559685&quot;:0,&quot;335559731&quot;:0,&quot;335559737&quot;:0,&quot;335559738&quot;:0,&quot;335559739&quot;:160,&quot;335559740&quot;:360}\">\u00a0<\/span><\/p>\n<p><span data-contrast=\"auto\">Em que pese serem compreens\u00edveis os argumentos da defesa, no sentido de que a aus\u00eancia de equipe de apoio junto \u00e0 Controladoria Interna tornou invi\u00e1vel a realiza\u00e7\u00e3o de uma fiscaliza\u00e7\u00e3o e acompanhamento efetivo dos atos de gest\u00e3o, tem-se que os mesmos perdem for\u00e7a diante do fato de que o interessado teve ao menos 03 anos para detectar a situa\u00e7\u00e3o irregular que apenas veio \u00e0 tona por vistoria realizada pelos vereadores rec\u00e9m-eleitos, motivo pelo qual se justifica a aplica\u00e7\u00e3o de multa aos respons\u00e1veis.<\/span><span data-ccp-props=\"{&quot;134233117&quot;:false,&quot;134233118&quot;:false,&quot;201341983&quot;:0,&quot;335551550&quot;:6,&quot;335551620&quot;:6,&quot;335559685&quot;:0,&quot;335559731&quot;:0,&quot;335559737&quot;:0,&quot;335559738&quot;:0,&quot;335559739&quot;:160,&quot;335559740&quot;:360}\">\u00a0<\/span><\/p>\n<p><span data-contrast=\"auto\">Assim, os membros do Tribunal Pleno do TCE-PR votaram por unanimidade pela proced\u00eancia da Representa\u00e7\u00e3o e aplica\u00e7\u00e3o da multa prevista no artigo 87, inciso IV, \u201cg\u201d da <a href=\"https:\/\/www1.tce.pr.gov.br\/conteudo\/lei-complementar-113-2005\/242201\/area\/54\">Lei Complementar Estadual n\u00ba 113\/2005<\/a> ao Prefeito o Municipal \u00e0 \u00e9poca dos fatos, Jos\u00e9 <\/span><span data-contrast=\"auto\">Abil Abreu Pontarolo, e ao Controlador Interno respons\u00e1vel.<\/span><span data-ccp-props=\"{&quot;134233117&quot;:false,&quot;134233118&quot;:false,&quot;201341983&quot;:0,&quot;335551550&quot;:6,&quot;335551620&quot;:6,&quot;335559685&quot;:0,&quot;335559731&quot;:0,&quot;335559737&quot;:0,&quot;335559738&quot;:0,&quot;335559739&quot;:160,&quot;335559740&quot;:360}\">\u00a0<\/span><\/p>\n<blockquote>\n<h4><span style=\"color: #820007;\"><strong><u>Informa\u00e7\u00e3o para consulta processual<\/u><\/strong><\/span><\/h4>\n<table border=\"0\" width=\"629\" cellspacing=\"0\" cellpadding=\"0\">\n<tbody>\n<tr>\n<td><strong>Processo<\/strong>\u00a0<strong>n\u00ba<\/strong>:<\/td>\n<td><span class=\"TextRun SCXW25787168 BCX0\" lang=\"PT-PT\" xml:lang=\"PT-PT\" data-contrast=\"auto\"><span class=\"NormalTextRun SCXW25787168 BCX0\">507520\/21<\/span><\/span><\/td>\n<\/tr>\n<tr>\n<td><strong>Ac\u00f3rd\u00e3o n\u00ba:<\/strong><\/td>\n<td>2839\/22 &#8211; Tribunal Pleno<\/td>\n<\/tr>\n<tr>\n<td><strong>Assunto<\/strong>:<\/td>\n<td>Representa\u00e7\u00e3o<\/td>\n<\/tr>\n<tr>\n<td><strong>Entidade<\/strong>:<\/td>\n<td>Munic\u00edpio de Cantagalo<\/td>\n<\/tr>\n<tr>\n<td><strong>Relator<\/strong>:<\/td>\n<td>Conselheiro Ivens Zschoerper Linhares<\/td>\n<\/tr>\n<\/tbody>\n<\/table>\n<\/blockquote>\n","protected":false},"excerpt":{"rendered":"<p>Os membros do Pleno do Tribunal de Contas do Paran\u00e1 (TCE-PR) votaram pela proced\u00eancia da Representa\u00e7\u00e3o que noticiava suposta irregularidade na gest\u00e3o do estoque de combust\u00edvel no Munic\u00edpio de Cantagalo em 31 de dezembro de 2020. Foram identificadas falhas no sistema de controle e ofensa aos artigos 94, 95 e 96 da Lei n\u00ba 4320\/64, [&hellip;]<\/p>\n","protected":false},"author":1,"featured_media":15336,"comment_status":"open","ping_status":"open","sticky":false,"template":"","format":"standard","meta":{"_monsterinsights_skip_tracking":false,"_monsterinsights_sitenote_active":false,"_monsterinsights_sitenote_note":"","_monsterinsights_sitenote_category":0,"footnotes":""},"categories":[7],"tags":[400,13,49,39,71],"class_list":["post-15333","post","type-post","status-publish","format-standard","has-post-thumbnail","hentry","category-todas-as-noticias","tag-cantagalo","tag-mpc-pr","tag-representacao","tag-tce-pr","tag-tribunal-pleno","entry","has-media"],"yoast_head":"<!-- This site is optimized with the Yoast SEO plugin v27.3 - https:\/\/yoast.com\/product\/yoast-seo-wordpress\/ -->\n<title>Munic\u00edpio de Cantagalo \u00e9 multado por falta de controles eficazes na gest\u00e3o de combust\u00edvel - Minist\u00e9rio P\u00fablico de Contas do Estado do Paran\u00e1<\/title>\n<meta name=\"robots\" content=\"index, follow, max-snippet:-1, max-image-preview:large, max-video-preview:-1\" \/>\n<link rel=\"canonical\" href=\"https:\/\/www.mpc.pr.gov.br\/index.php\/municipio-de-cantagalo-e-multado-por-falta-de-controles-eficazes-na-gestao-de-combustivel\/\" \/>\n<meta property=\"og:locale\" content=\"pt_BR\" \/>\n<meta property=\"og:type\" content=\"article\" \/>\n<meta property=\"og:title\" content=\"Munic\u00edpio de Cantagalo \u00e9 multado por falta de controles eficazes na gest\u00e3o de combust\u00edvel - Minist\u00e9rio P\u00fablico de Contas do Estado do Paran\u00e1\" \/>\n<meta property=\"og:description\" content=\"Os membros do Pleno do Tribunal de Contas do Paran\u00e1 (TCE-PR) votaram pela proced\u00eancia da Representa\u00e7\u00e3o que noticiava suposta irregularidade na gest\u00e3o do estoque de combust\u00edvel no Munic\u00edpio de Cantagalo em 31 de dezembro de 2020. Foram identificadas falhas no sistema de controle e ofensa aos artigos 94, 95 e 96 da Lei n\u00ba 4320\/64, [&hellip;]\" \/>\n<meta property=\"og:url\" content=\"https:\/\/www.mpc.pr.gov.br\/index.php\/municipio-de-cantagalo-e-multado-por-falta-de-controles-eficazes-na-gestao-de-combustivel\/\" \/>\n<meta property=\"og:site_name\" content=\"Minist\u00e9rio P\u00fablico de Contas do Estado do Paran\u00e1\" \/>\n<meta property=\"article:publisher\" content=\"https:\/\/www.facebook.com\/mpc.pr\" \/>\n<meta property=\"article:published_time\" content=\"2023-03-15T17:37:05+00:00\" \/>\n<meta property=\"article:modified_time\" content=\"2023-03-29T14:36:04+00:00\" \/>\n<meta property=\"og:image\" content=\"https:\/\/www.mpc.pr.gov.br\/wp-content\/uploads\/2023\/03\/Cantagalo.jpg\" \/>\n\t<meta property=\"og:image:width\" content=\"640\" \/>\n\t<meta property=\"og:image:height\" content=\"325\" \/>\n\t<meta property=\"og:image:type\" content=\"image\/jpeg\" \/>\n<meta name=\"author\" content=\"mpcontaspr\" \/>\n<meta name=\"twitter:card\" content=\"summary_large_image\" \/>\n<meta name=\"twitter:label1\" content=\"Escrito por\" \/>\n\t<meta name=\"twitter:data1\" content=\"mpcontaspr\" \/>\n\t<meta name=\"twitter:label2\" content=\"Est. tempo de leitura\" \/>\n\t<meta name=\"twitter:data2\" content=\"5 minutos\" \/>\n<script type=\"application\/ld+json\" class=\"yoast-schema-graph\">{\"@context\":\"https:\\\/\\\/schema.org\",\"@graph\":[{\"@type\":\"Article\",\"@id\":\"https:\\\/\\\/www.mpc.pr.gov.br\\\/index.php\\\/municipio-de-cantagalo-e-multado-por-falta-de-controles-eficazes-na-gestao-de-combustivel\\\/#article\",\"isPartOf\":{\"@id\":\"https:\\\/\\\/www.mpc.pr.gov.br\\\/index.php\\\/municipio-de-cantagalo-e-multado-por-falta-de-controles-eficazes-na-gestao-de-combustivel\\\/\"},\"author\":{\"name\":\"mpcontaspr\",\"@id\":\"https:\\\/\\\/www.mpc.pr.gov.br\\\/#\\\/schema\\\/person\\\/2d83cb8980538d0ec174e8a6284f5e11\"},\"headline\":\"Munic\u00edpio de Cantagalo \u00e9 multado por falta de controles eficazes na gest\u00e3o de combust\u00edvel\",\"datePublished\":\"2023-03-15T17:37:05+00:00\",\"dateModified\":\"2023-03-29T14:36:04+00:00\",\"mainEntityOfPage\":{\"@id\":\"https:\\\/\\\/www.mpc.pr.gov.br\\\/index.php\\\/municipio-de-cantagalo-e-multado-por-falta-de-controles-eficazes-na-gestao-de-combustivel\\\/\"},\"wordCount\":874,\"commentCount\":0,\"publisher\":{\"@id\":\"https:\\\/\\\/www.mpc.pr.gov.br\\\/#organization\"},\"image\":{\"@id\":\"https:\\\/\\\/www.mpc.pr.gov.br\\\/index.php\\\/municipio-de-cantagalo-e-multado-por-falta-de-controles-eficazes-na-gestao-de-combustivel\\\/#primaryimage\"},\"thumbnailUrl\":\"https:\\\/\\\/www.mpc.pr.gov.br\\\/wp-content\\\/uploads\\\/2023\\\/03\\\/Cantagalo.jpg\",\"keywords\":[\"Cantagalo\",\"MPC-PR\",\"Representa\u00e7\u00e3o\",\"TCE-PR\",\"Tribunal Pleno\"],\"articleSection\":[\"Todas as not\u00edcias\"],\"inLanguage\":\"pt-BR\",\"potentialAction\":[{\"@type\":\"CommentAction\",\"name\":\"Comment\",\"target\":[\"https:\\\/\\\/www.mpc.pr.gov.br\\\/index.php\\\/municipio-de-cantagalo-e-multado-por-falta-de-controles-eficazes-na-gestao-de-combustivel\\\/#respond\"]}]},{\"@type\":\"WebPage\",\"@id\":\"https:\\\/\\\/www.mpc.pr.gov.br\\\/index.php\\\/municipio-de-cantagalo-e-multado-por-falta-de-controles-eficazes-na-gestao-de-combustivel\\\/\",\"url\":\"https:\\\/\\\/www.mpc.pr.gov.br\\\/index.php\\\/municipio-de-cantagalo-e-multado-por-falta-de-controles-eficazes-na-gestao-de-combustivel\\\/\",\"name\":\"Munic\u00edpio de Cantagalo \u00e9 multado por falta de controles eficazes na gest\u00e3o de combust\u00edvel - Minist\u00e9rio P\u00fablico de Contas do Estado do Paran\u00e1\",\"isPartOf\":{\"@id\":\"https:\\\/\\\/www.mpc.pr.gov.br\\\/#website\"},\"primaryImageOfPage\":{\"@id\":\"https:\\\/\\\/www.mpc.pr.gov.br\\\/index.php\\\/municipio-de-cantagalo-e-multado-por-falta-de-controles-eficazes-na-gestao-de-combustivel\\\/#primaryimage\"},\"image\":{\"@id\":\"https:\\\/\\\/www.mpc.pr.gov.br\\\/index.php\\\/municipio-de-cantagalo-e-multado-por-falta-de-controles-eficazes-na-gestao-de-combustivel\\\/#primaryimage\"},\"thumbnailUrl\":\"https:\\\/\\\/www.mpc.pr.gov.br\\\/wp-content\\\/uploads\\\/2023\\\/03\\\/Cantagalo.jpg\",\"datePublished\":\"2023-03-15T17:37:05+00:00\",\"dateModified\":\"2023-03-29T14:36:04+00:00\",\"breadcrumb\":{\"@id\":\"https:\\\/\\\/www.mpc.pr.gov.br\\\/index.php\\\/municipio-de-cantagalo-e-multado-por-falta-de-controles-eficazes-na-gestao-de-combustivel\\\/#breadcrumb\"},\"inLanguage\":\"pt-BR\",\"potentialAction\":[{\"@type\":\"ReadAction\",\"target\":[\"https:\\\/\\\/www.mpc.pr.gov.br\\\/index.php\\\/municipio-de-cantagalo-e-multado-por-falta-de-controles-eficazes-na-gestao-de-combustivel\\\/\"]}]},{\"@type\":\"ImageObject\",\"inLanguage\":\"pt-BR\",\"@id\":\"https:\\\/\\\/www.mpc.pr.gov.br\\\/index.php\\\/municipio-de-cantagalo-e-multado-por-falta-de-controles-eficazes-na-gestao-de-combustivel\\\/#primaryimage\",\"url\":\"https:\\\/\\\/www.mpc.pr.gov.br\\\/wp-content\\\/uploads\\\/2023\\\/03\\\/Cantagalo.jpg\",\"contentUrl\":\"https:\\\/\\\/www.mpc.pr.gov.br\\\/wp-content\\\/uploads\\\/2023\\\/03\\\/Cantagalo.jpg\",\"width\":640,\"height\":325,\"caption\":\"Vista a\u00e9rea de Cantagalo, munic\u00edpio da Regi\u00e3o Centro-Sul do Paran\u00e1. Foto: Divulga\u00e7\u00e3o.\"},{\"@type\":\"BreadcrumbList\",\"@id\":\"https:\\\/\\\/www.mpc.pr.gov.br\\\/index.php\\\/municipio-de-cantagalo-e-multado-por-falta-de-controles-eficazes-na-gestao-de-combustivel\\\/#breadcrumb\",\"itemListElement\":[{\"@type\":\"ListItem\",\"position\":1,\"name\":\"In\u00edcio\",\"item\":\"https:\\\/\\\/www.mpc.pr.gov.br\\\/\"},{\"@type\":\"ListItem\",\"position\":2,\"name\":\"Munic\u00edpio de Cantagalo \u00e9 multado por falta de controles eficazes na gest\u00e3o de combust\u00edvel\"}]},{\"@type\":\"WebSite\",\"@id\":\"https:\\\/\\\/www.mpc.pr.gov.br\\\/#website\",\"url\":\"https:\\\/\\\/www.mpc.pr.gov.br\\\/\",\"name\":\"Minist\u00e9rio P\u00fablico de Contas do Estado do Paran\u00e1\",\"description\":\"\",\"publisher\":{\"@id\":\"https:\\\/\\\/www.mpc.pr.gov.br\\\/#organization\"},\"potentialAction\":[{\"@type\":\"SearchAction\",\"target\":{\"@type\":\"EntryPoint\",\"urlTemplate\":\"https:\\\/\\\/www.mpc.pr.gov.br\\\/?s={search_term_string}\"},\"query-input\":{\"@type\":\"PropertyValueSpecification\",\"valueRequired\":true,\"valueName\":\"search_term_string\"}}],\"inLanguage\":\"pt-BR\"},{\"@type\":\"Organization\",\"@id\":\"https:\\\/\\\/www.mpc.pr.gov.br\\\/#organization\",\"name\":\"Minist\u00e9rio P\u00fablico de Contas do Estado do Paran\u00e1\",\"url\":\"https:\\\/\\\/www.mpc.pr.gov.br\\\/\",\"logo\":{\"@type\":\"ImageObject\",\"inLanguage\":\"pt-BR\",\"@id\":\"https:\\\/\\\/www.mpc.pr.gov.br\\\/#\\\/schema\\\/logo\\\/image\\\/\",\"url\":\"https:\\\/\\\/www.mpc.pr.gov.br\\\/wp-content\\\/uploads\\\/2020\\\/06\\\/99423647_1593460364143890_6706793420720963584_n-1-e1591387983167.png\",\"contentUrl\":\"https:\\\/\\\/www.mpc.pr.gov.br\\\/wp-content\\\/uploads\\\/2020\\\/06\\\/99423647_1593460364143890_6706793420720963584_n-1-e1591387983167.png\",\"width\":243,\"height\":73,\"caption\":\"Minist\u00e9rio P\u00fablico de Contas do Estado do Paran\u00e1\"},\"image\":{\"@id\":\"https:\\\/\\\/www.mpc.pr.gov.br\\\/#\\\/schema\\\/logo\\\/image\\\/\"},\"sameAs\":[\"https:\\\/\\\/www.facebook.com\\\/mpc.pr\",\"https:\\\/\\\/www.instagram.com\\\/mpc.pr\\\/?hl=pt-br\",\"https:\\\/\\\/www.youtube.com\\\/channel\\\/UCHri5oEM8DV0ztX57E0sBSw\"]},{\"@type\":\"Person\",\"@id\":\"https:\\\/\\\/www.mpc.pr.gov.br\\\/#\\\/schema\\\/person\\\/2d83cb8980538d0ec174e8a6284f5e11\",\"name\":\"mpcontaspr\",\"image\":{\"@type\":\"ImageObject\",\"inLanguage\":\"pt-BR\",\"@id\":\"https:\\\/\\\/secure.gravatar.com\\\/avatar\\\/1aef51541db7622e05fd639336c9c9f312c2a618396e2b6ca96846362fc5403f?s=96&d=mm&r=g\",\"url\":\"https:\\\/\\\/secure.gravatar.com\\\/avatar\\\/1aef51541db7622e05fd639336c9c9f312c2a618396e2b6ca96846362fc5403f?s=96&d=mm&r=g\",\"contentUrl\":\"https:\\\/\\\/secure.gravatar.com\\\/avatar\\\/1aef51541db7622e05fd639336c9c9f312c2a618396e2b6ca96846362fc5403f?s=96&d=mm&r=g\",\"caption\":\"mpcontaspr\"},\"sameAs\":[\"http:\\\/\\\/www.mpc.pr.gov.br\"]}]}<\/script>\n<!-- \/ Yoast SEO plugin. -->","yoast_head_json":{"title":"Munic\u00edpio de Cantagalo \u00e9 multado por falta de controles eficazes na gest\u00e3o de combust\u00edvel - Minist\u00e9rio P\u00fablico de Contas do Estado do Paran\u00e1","robots":{"index":"index","follow":"follow","max-snippet":"max-snippet:-1","max-image-preview":"max-image-preview:large","max-video-preview":"max-video-preview:-1"},"canonical":"https:\/\/www.mpc.pr.gov.br\/index.php\/municipio-de-cantagalo-e-multado-por-falta-de-controles-eficazes-na-gestao-de-combustivel\/","og_locale":"pt_BR","og_type":"article","og_title":"Munic\u00edpio de Cantagalo \u00e9 multado por falta de controles eficazes na gest\u00e3o de combust\u00edvel - Minist\u00e9rio P\u00fablico de Contas do Estado do Paran\u00e1","og_description":"Os membros do Pleno do Tribunal de Contas do Paran\u00e1 (TCE-PR) votaram pela proced\u00eancia da Representa\u00e7\u00e3o que noticiava suposta irregularidade na gest\u00e3o do estoque de combust\u00edvel no Munic\u00edpio de Cantagalo em 31 de dezembro de 2020. Foram identificadas falhas no sistema de controle e ofensa aos artigos 94, 95 e 96 da Lei n\u00ba 4320\/64, [&hellip;]","og_url":"https:\/\/www.mpc.pr.gov.br\/index.php\/municipio-de-cantagalo-e-multado-por-falta-de-controles-eficazes-na-gestao-de-combustivel\/","og_site_name":"Minist\u00e9rio P\u00fablico de Contas do Estado do Paran\u00e1","article_publisher":"https:\/\/www.facebook.com\/mpc.pr","article_published_time":"2023-03-15T17:37:05+00:00","article_modified_time":"2023-03-29T14:36:04+00:00","og_image":[{"width":640,"height":325,"url":"https:\/\/www.mpc.pr.gov.br\/wp-content\/uploads\/2023\/03\/Cantagalo.jpg","type":"image\/jpeg"}],"author":"mpcontaspr","twitter_card":"summary_large_image","twitter_misc":{"Escrito por":"mpcontaspr","Est. tempo de leitura":"5 minutos"},"schema":{"@context":"https:\/\/schema.org","@graph":[{"@type":"Article","@id":"https:\/\/www.mpc.pr.gov.br\/index.php\/municipio-de-cantagalo-e-multado-por-falta-de-controles-eficazes-na-gestao-de-combustivel\/#article","isPartOf":{"@id":"https:\/\/www.mpc.pr.gov.br\/index.php\/municipio-de-cantagalo-e-multado-por-falta-de-controles-eficazes-na-gestao-de-combustivel\/"},"author":{"name":"mpcontaspr","@id":"https:\/\/www.mpc.pr.gov.br\/#\/schema\/person\/2d83cb8980538d0ec174e8a6284f5e11"},"headline":"Munic\u00edpio de Cantagalo \u00e9 multado por falta de controles eficazes na gest\u00e3o de combust\u00edvel","datePublished":"2023-03-15T17:37:05+00:00","dateModified":"2023-03-29T14:36:04+00:00","mainEntityOfPage":{"@id":"https:\/\/www.mpc.pr.gov.br\/index.php\/municipio-de-cantagalo-e-multado-por-falta-de-controles-eficazes-na-gestao-de-combustivel\/"},"wordCount":874,"commentCount":0,"publisher":{"@id":"https:\/\/www.mpc.pr.gov.br\/#organization"},"image":{"@id":"https:\/\/www.mpc.pr.gov.br\/index.php\/municipio-de-cantagalo-e-multado-por-falta-de-controles-eficazes-na-gestao-de-combustivel\/#primaryimage"},"thumbnailUrl":"https:\/\/www.mpc.pr.gov.br\/wp-content\/uploads\/2023\/03\/Cantagalo.jpg","keywords":["Cantagalo","MPC-PR","Representa\u00e7\u00e3o","TCE-PR","Tribunal Pleno"],"articleSection":["Todas as not\u00edcias"],"inLanguage":"pt-BR","potentialAction":[{"@type":"CommentAction","name":"Comment","target":["https:\/\/www.mpc.pr.gov.br\/index.php\/municipio-de-cantagalo-e-multado-por-falta-de-controles-eficazes-na-gestao-de-combustivel\/#respond"]}]},{"@type":"WebPage","@id":"https:\/\/www.mpc.pr.gov.br\/index.php\/municipio-de-cantagalo-e-multado-por-falta-de-controles-eficazes-na-gestao-de-combustivel\/","url":"https:\/\/www.mpc.pr.gov.br\/index.php\/municipio-de-cantagalo-e-multado-por-falta-de-controles-eficazes-na-gestao-de-combustivel\/","name":"Munic\u00edpio de Cantagalo \u00e9 multado por falta de controles eficazes na gest\u00e3o de combust\u00edvel - Minist\u00e9rio P\u00fablico de Contas do Estado do Paran\u00e1","isPartOf":{"@id":"https:\/\/www.mpc.pr.gov.br\/#website"},"primaryImageOfPage":{"@id":"https:\/\/www.mpc.pr.gov.br\/index.php\/municipio-de-cantagalo-e-multado-por-falta-de-controles-eficazes-na-gestao-de-combustivel\/#primaryimage"},"image":{"@id":"https:\/\/www.mpc.pr.gov.br\/index.php\/municipio-de-cantagalo-e-multado-por-falta-de-controles-eficazes-na-gestao-de-combustivel\/#primaryimage"},"thumbnailUrl":"https:\/\/www.mpc.pr.gov.br\/wp-content\/uploads\/2023\/03\/Cantagalo.jpg","datePublished":"2023-03-15T17:37:05+00:00","dateModified":"2023-03-29T14:36:04+00:00","breadcrumb":{"@id":"https:\/\/www.mpc.pr.gov.br\/index.php\/municipio-de-cantagalo-e-multado-por-falta-de-controles-eficazes-na-gestao-de-combustivel\/#breadcrumb"},"inLanguage":"pt-BR","potentialAction":[{"@type":"ReadAction","target":["https:\/\/www.mpc.pr.gov.br\/index.php\/municipio-de-cantagalo-e-multado-por-falta-de-controles-eficazes-na-gestao-de-combustivel\/"]}]},{"@type":"ImageObject","inLanguage":"pt-BR","@id":"https:\/\/www.mpc.pr.gov.br\/index.php\/municipio-de-cantagalo-e-multado-por-falta-de-controles-eficazes-na-gestao-de-combustivel\/#primaryimage","url":"https:\/\/www.mpc.pr.gov.br\/wp-content\/uploads\/2023\/03\/Cantagalo.jpg","contentUrl":"https:\/\/www.mpc.pr.gov.br\/wp-content\/uploads\/2023\/03\/Cantagalo.jpg","width":640,"height":325,"caption":"Vista a\u00e9rea de Cantagalo, munic\u00edpio da Regi\u00e3o Centro-Sul do Paran\u00e1. Foto: Divulga\u00e7\u00e3o."},{"@type":"BreadcrumbList","@id":"https:\/\/www.mpc.pr.gov.br\/index.php\/municipio-de-cantagalo-e-multado-por-falta-de-controles-eficazes-na-gestao-de-combustivel\/#breadcrumb","itemListElement":[{"@type":"ListItem","position":1,"name":"In\u00edcio","item":"https:\/\/www.mpc.pr.gov.br\/"},{"@type":"ListItem","position":2,"name":"Munic\u00edpio de Cantagalo \u00e9 multado por falta de controles eficazes na gest\u00e3o de combust\u00edvel"}]},{"@type":"WebSite","@id":"https:\/\/www.mpc.pr.gov.br\/#website","url":"https:\/\/www.mpc.pr.gov.br\/","name":"Minist\u00e9rio P\u00fablico de Contas do Estado do Paran\u00e1","description":"","publisher":{"@id":"https:\/\/www.mpc.pr.gov.br\/#organization"},"potentialAction":[{"@type":"SearchAction","target":{"@type":"EntryPoint","urlTemplate":"https:\/\/www.mpc.pr.gov.br\/?s={search_term_string}"},"query-input":{"@type":"PropertyValueSpecification","valueRequired":true,"valueName":"search_term_string"}}],"inLanguage":"pt-BR"},{"@type":"Organization","@id":"https:\/\/www.mpc.pr.gov.br\/#organization","name":"Minist\u00e9rio P\u00fablico de Contas do Estado do Paran\u00e1","url":"https:\/\/www.mpc.pr.gov.br\/","logo":{"@type":"ImageObject","inLanguage":"pt-BR","@id":"https:\/\/www.mpc.pr.gov.br\/#\/schema\/logo\/image\/","url":"https:\/\/www.mpc.pr.gov.br\/wp-content\/uploads\/2020\/06\/99423647_1593460364143890_6706793420720963584_n-1-e1591387983167.png","contentUrl":"https:\/\/www.mpc.pr.gov.br\/wp-content\/uploads\/2020\/06\/99423647_1593460364143890_6706793420720963584_n-1-e1591387983167.png","width":243,"height":73,"caption":"Minist\u00e9rio P\u00fablico de Contas do Estado do Paran\u00e1"},"image":{"@id":"https:\/\/www.mpc.pr.gov.br\/#\/schema\/logo\/image\/"},"sameAs":["https:\/\/www.facebook.com\/mpc.pr","https:\/\/www.instagram.com\/mpc.pr\/?hl=pt-br","https:\/\/www.youtube.com\/channel\/UCHri5oEM8DV0ztX57E0sBSw"]},{"@type":"Person","@id":"https:\/\/www.mpc.pr.gov.br\/#\/schema\/person\/2d83cb8980538d0ec174e8a6284f5e11","name":"mpcontaspr","image":{"@type":"ImageObject","inLanguage":"pt-BR","@id":"https:\/\/secure.gravatar.com\/avatar\/1aef51541db7622e05fd639336c9c9f312c2a618396e2b6ca96846362fc5403f?s=96&d=mm&r=g","url":"https:\/\/secure.gravatar.com\/avatar\/1aef51541db7622e05fd639336c9c9f312c2a618396e2b6ca96846362fc5403f?s=96&d=mm&r=g","contentUrl":"https:\/\/secure.gravatar.com\/avatar\/1aef51541db7622e05fd639336c9c9f312c2a618396e2b6ca96846362fc5403f?s=96&d=mm&r=g","caption":"mpcontaspr"},"sameAs":["http:\/\/www.mpc.pr.gov.br"]}]}},"rttpg_featured_image_url":{"full":["https:\/\/www.mpc.pr.gov.br\/wp-content\/uploads\/2023\/03\/Cantagalo.jpg",640,325,false],"landscape":["https:\/\/www.mpc.pr.gov.br\/wp-content\/uploads\/2023\/03\/Cantagalo.jpg",640,325,false],"portraits":["https:\/\/www.mpc.pr.gov.br\/wp-content\/uploads\/2023\/03\/Cantagalo.jpg",640,325,false],"thumbnail":["https:\/\/www.mpc.pr.gov.br\/wp-content\/uploads\/2023\/03\/Cantagalo-150x150.jpg",150,150,true],"medium":["https:\/\/www.mpc.pr.gov.br\/wp-content\/uploads\/2023\/03\/Cantagalo-300x152.jpg",300,152,true],"large":["https:\/\/www.mpc.pr.gov.br\/wp-content\/uploads\/2023\/03\/Cantagalo.jpg",640,325,false],"1536x1536":["https:\/\/www.mpc.pr.gov.br\/wp-content\/uploads\/2023\/03\/Cantagalo.jpg",640,325,false],"2048x2048":["https:\/\/www.mpc.pr.gov.br\/wp-content\/uploads\/2023\/03\/Cantagalo.jpg",640,325,false],"ocean-thumb-m":["https:\/\/www.mpc.pr.gov.br\/wp-content\/uploads\/2023\/03\/Cantagalo-600x325.jpg",600,325,true],"ocean-thumb-ml":["https:\/\/www.mpc.pr.gov.br\/wp-content\/uploads\/2023\/03\/Cantagalo.jpg",640,325,false],"ocean-thumb-l":["https:\/\/www.mpc.pr.gov.br\/wp-content\/uploads\/2023\/03\/Cantagalo.jpg",640,325,false]},"rttpg_author":{"display_name":"mpcontaspr","author_link":"https:\/\/www.mpc.pr.gov.br\/index.php\/author\/mpcontaspr\/"},"rttpg_comment":0,"rttpg_category":"<a href=\"https:\/\/www.mpc.pr.gov.br\/index.php\/category\/todas-as-noticias\/\" rel=\"category tag\">Todas as not\u00edcias<\/a>","rttpg_excerpt":"Os membros do Pleno do Tribunal de Contas do Paran\u00e1 (TCE-PR) votaram pela proced\u00eancia da Representa\u00e7\u00e3o que noticiava suposta irregularidade na gest\u00e3o do estoque de combust\u00edvel no Munic\u00edpio de Cantagalo em 31 de dezembro de 2020. Foram identificadas falhas no sistema de controle e ofensa aos artigos 94, 95 e 96 da Lei n\u00ba 4320\/64,&hellip;","_links":{"self":[{"href":"https:\/\/www.mpc.pr.gov.br\/index.php\/wp-json\/wp\/v2\/posts\/15333","targetHints":{"allow":["GET"]}}],"collection":[{"href":"https:\/\/www.mpc.pr.gov.br\/index.php\/wp-json\/wp\/v2\/posts"}],"about":[{"href":"https:\/\/www.mpc.pr.gov.br\/index.php\/wp-json\/wp\/v2\/types\/post"}],"author":[{"embeddable":true,"href":"https:\/\/www.mpc.pr.gov.br\/index.php\/wp-json\/wp\/v2\/users\/1"}],"replies":[{"embeddable":true,"href":"https:\/\/www.mpc.pr.gov.br\/index.php\/wp-json\/wp\/v2\/comments?post=15333"}],"version-history":[{"count":2,"href":"https:\/\/www.mpc.pr.gov.br\/index.php\/wp-json\/wp\/v2\/posts\/15333\/revisions"}],"predecessor-version":[{"id":15338,"href":"https:\/\/www.mpc.pr.gov.br\/index.php\/wp-json\/wp\/v2\/posts\/15333\/revisions\/15338"}],"wp:featuredmedia":[{"embeddable":true,"href":"https:\/\/www.mpc.pr.gov.br\/index.php\/wp-json\/wp\/v2\/media\/15336"}],"wp:attachment":[{"href":"https:\/\/www.mpc.pr.gov.br\/index.php\/wp-json\/wp\/v2\/media?parent=15333"}],"wp:term":[{"taxonomy":"category","embeddable":true,"href":"https:\/\/www.mpc.pr.gov.br\/index.php\/wp-json\/wp\/v2\/categories?post=15333"},{"taxonomy":"post_tag","embeddable":true,"href":"https:\/\/www.mpc.pr.gov.br\/index.php\/wp-json\/wp\/v2\/tags?post=15333"}],"curies":[{"name":"wp","href":"https:\/\/api.w.org\/{rel}","templated":true}]}}