{"id":15714,"date":"2023-05-05T10:04:24","date_gmt":"2023-05-05T13:04:24","guid":{"rendered":"https:\/\/www.mpc.pr.gov.br\/?p=15714"},"modified":"2023-05-18T11:14:40","modified_gmt":"2023-05-18T14:14:40","slug":"ex-prefeito-de-ponta-grossa-e-multado-por-extrapolar-o-limite-de-gastos-com-pessoal","status":"publish","type":"post","link":"https:\/\/www.mpc.pr.gov.br\/index.php\/ex-prefeito-de-ponta-grossa-e-multado-por-extrapolar-o-limite-de-gastos-com-pessoal\/","title":{"rendered":"Ex-Prefeito de Ponta Grossa \u00e9 multado por extrapolar o limite de gastos com pessoal"},"content":{"rendered":"<figure id=\"attachment_9243\" aria-describedby=\"caption-attachment-9243\" style=\"width: 300px\" class=\"wp-caption alignleft\"><img fetchpriority=\"high\" decoding=\"async\" class=\"size-full wp-image-9243\" src=\"https:\/\/www.mpc.pr.gov.br\/wp-content\/uploads\/2020\/04\/FISCALIZAR-01.jpg\" alt=\"\" width=\"300\" height=\"236\" \/><figcaption id=\"caption-attachment-9243\" class=\"wp-caption-text\">Fiscalizar os gastos com pessoal, principal item de despesa dos \u00f3rg\u00e3os p\u00fablicos, \u00e9 atribui\u00e7\u00e3o do TCE-PR. Ilustra\u00e7\u00e3o: N\u00facleo de Imagem\/Diretoria de Comunica\u00e7\u00e3o Social.<\/figcaption><\/figure>\n<p><span data-contrast=\"auto\">O Pleno do Tribunal de Contas do Estado do Paran\u00e1 (TCE-PR) julgou parcialmente procedente a den\u00fancia formulada pelo Sindicato dos Servidores P\u00fablicos Municipais de Ponta Grossa em face do Munic\u00edpio. Na decis\u00e3o, foi aplicada multa administrativa ao ex-Prefeito Marcelo Rangel Cruz de Oliveira (gest\u00e3o 2013\/2020), por ter, nos exerc\u00edcios de 2016 e 2018, promovido o provimento de cargos p\u00fablicos, admiss\u00f5es e\/ou contrata\u00e7\u00f5es al\u00e9m dos limites de despesa com pessoal estabelecidos pela <a href=\"https:\/\/www.planalto.gov.br\/ccivil_03\/leis\/lcp\/lcp101.htm\">Lei de Responsabilidade Fiscal (Lei Complementar n\u00ba 101\/2000)<\/a>.<\/span><span data-ccp-props=\"{&quot;201341983&quot;:0,&quot;335551550&quot;:6,&quot;335551620&quot;:6,&quot;335559731&quot;:708,&quot;335559739&quot;:160,&quot;335559740&quot;:360}\">\u00a0<\/span><\/p>\n<p><span data-contrast=\"auto\">Conforme estipulado pela <a href=\"https:\/\/www.planalto.gov.br\/ccivil_03\/leis\/lcp\/lcp101.htm\">LRF<\/a>, o total das despesas com pessoal do Poder Executivo Municipal n\u00e3o podem ultrapassar 54% da receita corrente l\u00edquida. Ocorre que, durante o exerc\u00edcio financeiro de 2016, verificou-se que as despesas com pessoal do Munic\u00edpio de Ponta Grossa somaram R$ 353,5 milh\u00f5es e, em 2018, identificou-se o mesmo cen\u00e1rio de extrapola\u00e7\u00e3o do limite, somando R$ 425,7 milh\u00f5es em despesas de pessoal, correspondente a 54,85% e 55,62% da receita corrente l\u00edquida, respectivamente.<\/span><span data-ccp-props=\"{&quot;201341983&quot;:0,&quot;335551550&quot;:6,&quot;335551620&quot;:6,&quot;335559731&quot;:708,&quot;335559739&quot;:160,&quot;335559740&quot;:360}\">\u00a0<\/span><\/p>\n<h4><b><span data-contrast=\"auto\">Contradit\u00f3rio<\/span><\/b><span data-ccp-props=\"{&quot;201341983&quot;:0,&quot;335551550&quot;:6,&quot;335551620&quot;:6,&quot;335559739&quot;:160,&quot;335559740&quot;:360}\">\u00a0<\/span><\/h4>\n<p><span data-contrast=\"auto\">A defesa apresentada pelo gestor \u00e0 \u00e9poca sustentou que as nomea\u00e7\u00f5es ocorreram em sede de substitui\u00e7\u00e3o de servidores, sem que houvesse a cria\u00e7\u00e3o de novos cargos. Alegou que suas a\u00e7\u00f5es estavam amparadas pela exce\u00e7\u00e3o do <a href=\"https:\/\/www.planalto.gov.br\/ccivil_03\/leis\/lcp\/lcp101.htm\">artigo 22, inciso IV da LRF<\/a>, a qual prev\u00ea a possibilidade de provimentos de cargos p\u00fablicos (acima do limite de despesas com pessoal) quando da reposi\u00e7\u00e3o decorrente de aposentadoria ou falecimento de servidores das \u00e1reas de educa\u00e7\u00e3o, sa\u00fade e seguran\u00e7a.\u00a0<\/span><span data-ccp-props=\"{&quot;201341983&quot;:0,&quot;335551550&quot;:6,&quot;335551620&quot;:6,&quot;335559731&quot;:708,&quot;335559739&quot;:160,&quot;335559740&quot;:360}\">\u00a0<\/span><\/p>\n<p><span data-contrast=\"auto\">Destacou, ainda, a Uniformiza\u00e7\u00e3o de Jurisprud\u00eancia n\u00ba 11 do TCE-PR, de modo que, em sua interpreta\u00e7\u00e3o, n\u00e3o haveria ilegalidade na extrapola\u00e7\u00e3o do limite de despesa com pessoal quando esta decorreu da reposi\u00e7\u00e3o de servidores nas \u00e1reas de educa\u00e7\u00e3o, sa\u00fade e seguran\u00e7a.<\/span><span data-ccp-props=\"{&quot;201341983&quot;:0,&quot;335551550&quot;:6,&quot;335551620&quot;:6,&quot;335559731&quot;:708,&quot;335559739&quot;:160,&quot;335559740&quot;:360}\">\u00a0<\/span><\/p>\n<p><span data-contrast=\"auto\">Contudo, apesar das manifesta\u00e7\u00f5es, n\u00e3o juntou aos autos quaisquer documentos comprobat\u00f3rios que demonstrassem, detalhadamente, quais seriam as aposentadorias, falecimentos, exonera\u00e7\u00f5es e demiss\u00f5es que teriam sido repostas pelas novas contrata\u00e7\u00f5es e\/ou nomea\u00e7\u00f5es.\u00a0<\/span><span data-ccp-props=\"{&quot;201341983&quot;:0,&quot;335551550&quot;:6,&quot;335551620&quot;:6,&quot;335559731&quot;:708,&quot;335559739&quot;:160,&quot;335559740&quot;:360}\">\u00a0<\/span><\/p>\n<h4><b><span data-contrast=\"auto\">Instru\u00e7\u00e3o<\/span><\/b><span data-ccp-props=\"{&quot;201341983&quot;:0,&quot;335551550&quot;:6,&quot;335551620&quot;:6,&quot;335559739&quot;:160,&quot;335559740&quot;:360}\">\u00a0<\/span><\/h4>\n<p><span data-contrast=\"auto\">A Coordenadoria de Gest\u00e3o Municipal (CGM) destacou que, anteriormente, j\u00e1 foi comprovada a extrapola\u00e7\u00e3o do limite nos anos de 2016 e 2018, sem que houvesse a ado\u00e7\u00e3o de medidas que buscassem a sua redu\u00e7\u00e3o, mesmo atrav\u00e9s do Alerta enviado por esta Corte no ano de 2016.\u00a0<\/span><span data-ccp-props=\"{&quot;134233117&quot;:false,&quot;134233118&quot;:false,&quot;201341983&quot;:0,&quot;335551550&quot;:6,&quot;335551620&quot;:6,&quot;335559685&quot;:0,&quot;335559731&quot;:708,&quot;335559737&quot;:0,&quot;335559738&quot;:0,&quot;335559739&quot;:160,&quot;335559740&quot;:360}\">\u00a0<\/span><\/p>\n<p><span data-contrast=\"auto\">Al\u00e9m disso, evidenciou que com a mudan\u00e7a de gest\u00e3o, os gastos com pessoal foram reduzidos drasticamente ao longo dos anos, sendo que em 2020 a despesa caiu para 52,73, em 2021 caiu para 50,66% e, atualmente, em 2022, est\u00e1 em 46,90%. Os n\u00fameros comprovam que a gest\u00e3o atual do Munic\u00edpio de Ponta Grossa conseguiu diminuir os gastos com pessoal, enquanto nos quatro anos da gest\u00e3o do ex-Prefeito n\u00e3o houve altera\u00e7\u00e3o deste panorama f\u00e1tico. Por este motivo, a CGM concluiu sua instru\u00e7\u00e3o opinando pela proced\u00eancia da den\u00fancia e aplica\u00e7\u00e3o de multa ao ex-Prefeito.\u00a0<\/span><span data-ccp-props=\"{&quot;134233117&quot;:false,&quot;134233118&quot;:false,&quot;201341983&quot;:0,&quot;335551550&quot;:6,&quot;335551620&quot;:6,&quot;335559685&quot;:0,&quot;335559731&quot;:708,&quot;335559737&quot;:0,&quot;335559738&quot;:0,&quot;335559739&quot;:160,&quot;335559740&quot;:360}\">\u00a0<\/span><\/p>\n<p><span data-contrast=\"auto\">Mediante o <a href=\"https:\/\/www.mpc.pr.gov.br\/wp-content\/uploads\/2023\/05\/Parecer-938-22-mpc-pr.pdf\">Parecer n\u00b0 938\/22<\/a>, o Minist\u00e9rio P\u00fablico de Contas do Paran\u00e1 (MPC-PR) corroborou com o entendimento da unidade t\u00e9cnica pela proced\u00eancia da den\u00fancia e aplica\u00e7\u00e3o de multa, frisando que, apesar da apresenta\u00e7\u00e3o de defesa pelos interessados, n\u00e3o foram juntados aos autos quaisquer tipos de provas que corroborassem as afirma\u00e7\u00f5es da defesa.<\/span><span data-ccp-props=\"{&quot;134233117&quot;:false,&quot;134233118&quot;:false,&quot;201341983&quot;:0,&quot;335551550&quot;:6,&quot;335551620&quot;:6,&quot;335559685&quot;:0,&quot;335559731&quot;:708,&quot;335559737&quot;:0,&quot;335559738&quot;:0,&quot;335559739&quot;:160,&quot;335559740&quot;:360}\">\u00a0<\/span><\/p>\n<h4><b><span data-contrast=\"auto\">Decis\u00e3o<\/span><\/b><span data-ccp-props=\"{&quot;134233117&quot;:false,&quot;134233118&quot;:false,&quot;201341983&quot;:0,&quot;335551550&quot;:6,&quot;335551620&quot;:6,&quot;335559685&quot;:0,&quot;335559731&quot;:0,&quot;335559737&quot;:0,&quot;335559738&quot;:0,&quot;335559739&quot;:160,&quot;335559740&quot;:360}\">\u00a0<\/span><\/h4>\n<p><span data-contrast=\"auto\">Conforme voto do relator Conselheiro Ivens Zschoerper Linhares, proferido no <a href=\"https:\/\/www.mpc.pr.gov.br\/wp-content\/uploads\/2023\/05\/Acordao-644-22-tce-pr-mpc-pr.pdf\">Ac\u00f3rd\u00e3o n\u00ba 644\/23<\/a>, restou evidente que o Munic\u00edpio de Ponta Grossa extrapolou n\u00e3o somente o limite prudencial, mas tamb\u00e9m o limite m\u00e1ximo estabelecido pela <a href=\"https:\/\/www.planalto.gov.br\/ccivil_03\/leis\/lcp\/lcp101.htm\">LRF<\/a> para as despesas com pessoal. Apesar dos alertas emitidos pelo TCE-PR e pela pr\u00f3pria Controladoria do Munic\u00edpio, t\u00eam-se que, ao inv\u00e9s de serem adotadas medidas para conter os gastos, verificou-se que o Poder Executivo contratou 931 servidores em 2016 e 379 em 2018, n\u00e3o havendo qualquer evid\u00eancia nos autos que sinalize a legal aplica\u00e7\u00e3o da exce\u00e7\u00e3o prevista no <a href=\"https:\/\/www.planalto.gov.br\/ccivil_03\/leis\/lcp\/lcp101.htm\">artigo 22, inciso IV da LRF<\/a>.\u00a0<\/span><span data-ccp-props=\"{&quot;134233117&quot;:false,&quot;134233118&quot;:false,&quot;201341983&quot;:0,&quot;335551550&quot;:6,&quot;335551620&quot;:6,&quot;335559685&quot;:0,&quot;335559731&quot;:708,&quot;335559737&quot;:0,&quot;335559738&quot;:0,&quot;335559739&quot;:160,&quot;335559740&quot;:360}\">\u00a0<\/span><\/p>\n<p><span data-contrast=\"auto\">Ainda, as mencionadas contrata\u00e7\u00f5es foram feitas para diversos cargos, como: agentes administrativos, assistentes de administra\u00e7\u00e3o, auxiliares de servi\u00e7os gerais, encarregados, escritur\u00e1rios, motoristas e telefonistas, cargos que, nitidamente, n\u00e3o se amoldam \u00e0 exce\u00e7\u00e3o prevista pela Lei.\u00a0<\/span><span data-ccp-props=\"{&quot;134233117&quot;:false,&quot;134233118&quot;:false,&quot;201341983&quot;:0,&quot;335551550&quot;:6,&quot;335551620&quot;:6,&quot;335559685&quot;:0,&quot;335559731&quot;:708,&quot;335559737&quot;:0,&quot;335559738&quot;:0,&quot;335559739&quot;:160,&quot;335559740&quot;:360}\">\u00a0<\/span><\/p>\n<p><span data-contrast=\"auto\">Diante do exposto, uma vez n\u00e3o justificada a quebra dos limites legais da despesa com pessoal nos exerc\u00edcios de 2016 e 2018, o Pleno julgou parcialmente procedente a Den\u00fancia, e, consequentemente, aplicou a multa administrativa prevista no <a href=\"https:\/\/www1.tce.pr.gov.br\/conteudo\/lei-organica-e-regimento-interno-biblioteca-biblioteca\/107\">artigo 87, inciso IV, letra \u201cg\u201d da Lei Complementar 113\/2005<\/a> ao ex-Prefeito Marcelo Rangel Cruz de Oliveira, por ter dado causa ao provimento de cargos p\u00fablicos \u00e0 revelia do limite de despesa com pessoal estabelecido na <a href=\"https:\/\/www.planalto.gov.br\/ccivil_03\/leis\/lcp\/lcp101.htm\">LRF<\/a>. <\/span><span data-ccp-props=\"{&quot;134233117&quot;:false,&quot;134233118&quot;:false,&quot;201341983&quot;:0,&quot;335551550&quot;:6,&quot;335551620&quot;:6,&quot;335559685&quot;:0,&quot;335559731&quot;:708,&quot;335559737&quot;:0,&quot;335559738&quot;:0,&quot;335559739&quot;:160,&quot;335559740&quot;:360}\">\u00a0<\/span><\/p>\n<blockquote>\n<h4><span style=\"color: #820007;\"><strong><u>Informa\u00e7\u00e3o para consulta processual<\/u><\/strong><\/span><\/h4>\n<table border=\"0\" width=\"629\" cellspacing=\"0\" cellpadding=\"0\">\n<tbody>\n<tr>\n<td><strong>Processo<\/strong>\u00a0<strong>n\u00ba<\/strong>:<\/td>\n<td><span class=\"TextRun SCXW262100605 BCX0\" lang=\"PT-BR\" xml:lang=\"PT-BR\" data-contrast=\"auto\"><span class=\"NormalTextRun SCXW262100605 BCX0\">171943\/20<\/span><\/span><\/td>\n<\/tr>\n<tr>\n<td><strong>Ac\u00f3rd\u00e3o n\u00ba<\/strong><\/td>\n<td>644\/23 &#8211; Tribunal Pleno<\/td>\n<\/tr>\n<tr>\n<td><strong>Assunto<\/strong>:<\/td>\n<td>Den\u00fancia<\/td>\n<\/tr>\n<tr>\n<td><strong>Entidade<\/strong>:<\/td>\n<td>Munic\u00edpio de Ponta Grossa<\/td>\n<\/tr>\n<tr>\n<td><strong>Relator<\/strong>:<\/td>\n<td>Conselheiro Ivens Zschoerper Linhares<\/td>\n<\/tr>\n<\/tbody>\n<\/table>\n<\/blockquote>\n","protected":false},"excerpt":{"rendered":"<p>O Pleno do Tribunal de Contas do Estado do Paran\u00e1 (TCE-PR) julgou parcialmente procedente a den\u00fancia formulada pelo Sindicato dos Servidores P\u00fablicos Municipais de Ponta Grossa em face do Munic\u00edpio. Na decis\u00e3o, foi aplicada multa administrativa ao ex-Prefeito Marcelo Rangel Cruz de Oliveira (gest\u00e3o 2013\/2020), por ter, nos exerc\u00edcios de 2016 e 2018, promovido o [&hellip;]<\/p>\n","protected":false},"author":1,"featured_media":9243,"comment_status":"open","ping_status":"open","sticky":false,"template":"","format":"standard","meta":{"_monsterinsights_skip_tracking":false,"_monsterinsights_sitenote_active":false,"_monsterinsights_sitenote_note":"","_monsterinsights_sitenote_category":0,"footnotes":""},"categories":[7],"tags":[141,291,208,195,13,41,39,71],"class_list":["post-15714","post","type-post","status-publish","format-standard","has-post-thumbnail","hentry","category-todas-as-noticias","tag-denuncia","tag-despesas-com-pessoal","tag-gastos-com-pessoal","tag-lei-de-responsabilidade-fiscal","tag-mpc-pr","tag-ponta-grossa","tag-tce-pr","tag-tribunal-pleno","entry","has-media"],"yoast_head":"<!-- This site is optimized with the Yoast SEO plugin v27.3 - https:\/\/yoast.com\/product\/yoast-seo-wordpress\/ -->\n<title>Ex-Prefeito de Ponta Grossa \u00e9 multado por extrapolar o limite de gastos com pessoal - Minist\u00e9rio P\u00fablico de Contas do Estado do Paran\u00e1<\/title>\n<meta name=\"robots\" content=\"index, follow, max-snippet:-1, max-image-preview:large, max-video-preview:-1\" \/>\n<link rel=\"canonical\" href=\"https:\/\/www.mpc.pr.gov.br\/index.php\/ex-prefeito-de-ponta-grossa-e-multado-por-extrapolar-o-limite-de-gastos-com-pessoal\/\" \/>\n<meta property=\"og:locale\" content=\"pt_BR\" \/>\n<meta property=\"og:type\" content=\"article\" \/>\n<meta property=\"og:title\" content=\"Ex-Prefeito de Ponta Grossa \u00e9 multado por extrapolar o limite de gastos com pessoal - Minist\u00e9rio P\u00fablico de Contas do Estado do Paran\u00e1\" \/>\n<meta property=\"og:description\" content=\"O Pleno do Tribunal de Contas do Estado do Paran\u00e1 (TCE-PR) julgou parcialmente procedente a den\u00fancia formulada pelo Sindicato dos Servidores P\u00fablicos Municipais de Ponta Grossa em face do Munic\u00edpio. Na decis\u00e3o, foi aplicada multa administrativa ao ex-Prefeito Marcelo Rangel Cruz de Oliveira (gest\u00e3o 2013\/2020), por ter, nos exerc\u00edcios de 2016 e 2018, promovido o [&hellip;]\" \/>\n<meta property=\"og:url\" content=\"https:\/\/www.mpc.pr.gov.br\/index.php\/ex-prefeito-de-ponta-grossa-e-multado-por-extrapolar-o-limite-de-gastos-com-pessoal\/\" \/>\n<meta property=\"og:site_name\" content=\"Minist\u00e9rio P\u00fablico de Contas do Estado do Paran\u00e1\" \/>\n<meta property=\"article:publisher\" content=\"https:\/\/www.facebook.com\/mpc.pr\" \/>\n<meta property=\"article:published_time\" content=\"2023-05-05T13:04:24+00:00\" \/>\n<meta property=\"article:modified_time\" content=\"2023-05-18T14:14:40+00:00\" \/>\n<meta property=\"og:image\" content=\"https:\/\/www.mpc.pr.gov.br\/wp-content\/uploads\/2020\/04\/FISCALIZAR-01.jpg\" \/>\n\t<meta property=\"og:image:width\" content=\"300\" \/>\n\t<meta property=\"og:image:height\" content=\"236\" \/>\n\t<meta property=\"og:image:type\" content=\"image\/jpeg\" \/>\n<meta name=\"author\" content=\"mpcontaspr\" \/>\n<meta name=\"twitter:card\" content=\"summary_large_image\" \/>\n<meta name=\"twitter:label1\" content=\"Escrito por\" \/>\n\t<meta name=\"twitter:data1\" content=\"mpcontaspr\" \/>\n\t<meta name=\"twitter:label2\" content=\"Est. tempo de leitura\" \/>\n\t<meta name=\"twitter:data2\" content=\"5 minutos\" \/>\n<script type=\"application\/ld+json\" class=\"yoast-schema-graph\">{\"@context\":\"https:\\\/\\\/schema.org\",\"@graph\":[{\"@type\":\"Article\",\"@id\":\"https:\\\/\\\/www.mpc.pr.gov.br\\\/index.php\\\/ex-prefeito-de-ponta-grossa-e-multado-por-extrapolar-o-limite-de-gastos-com-pessoal\\\/#article\",\"isPartOf\":{\"@id\":\"https:\\\/\\\/www.mpc.pr.gov.br\\\/index.php\\\/ex-prefeito-de-ponta-grossa-e-multado-por-extrapolar-o-limite-de-gastos-com-pessoal\\\/\"},\"author\":{\"name\":\"mpcontaspr\",\"@id\":\"https:\\\/\\\/www.mpc.pr.gov.br\\\/#\\\/schema\\\/person\\\/2d83cb8980538d0ec174e8a6284f5e11\"},\"headline\":\"Ex-Prefeito de Ponta Grossa \u00e9 multado por extrapolar o limite de gastos com pessoal\",\"datePublished\":\"2023-05-05T13:04:24+00:00\",\"dateModified\":\"2023-05-18T14:14:40+00:00\",\"mainEntityOfPage\":{\"@id\":\"https:\\\/\\\/www.mpc.pr.gov.br\\\/index.php\\\/ex-prefeito-de-ponta-grossa-e-multado-por-extrapolar-o-limite-de-gastos-com-pessoal\\\/\"},\"wordCount\":844,\"commentCount\":0,\"publisher\":{\"@id\":\"https:\\\/\\\/www.mpc.pr.gov.br\\\/#organization\"},\"image\":{\"@id\":\"https:\\\/\\\/www.mpc.pr.gov.br\\\/index.php\\\/ex-prefeito-de-ponta-grossa-e-multado-por-extrapolar-o-limite-de-gastos-com-pessoal\\\/#primaryimage\"},\"thumbnailUrl\":\"https:\\\/\\\/www.mpc.pr.gov.br\\\/wp-content\\\/uploads\\\/2020\\\/04\\\/FISCALIZAR-01.jpg\",\"keywords\":[\"Den\u00fancia\",\"Despesas com pessoal\",\"Gastos com pessoal\",\"Lei de Responsabilidade Fiscal\",\"MPC-PR\",\"Ponta Grossa\",\"TCE-PR\",\"Tribunal Pleno\"],\"articleSection\":[\"Todas as not\u00edcias\"],\"inLanguage\":\"pt-BR\",\"potentialAction\":[{\"@type\":\"CommentAction\",\"name\":\"Comment\",\"target\":[\"https:\\\/\\\/www.mpc.pr.gov.br\\\/index.php\\\/ex-prefeito-de-ponta-grossa-e-multado-por-extrapolar-o-limite-de-gastos-com-pessoal\\\/#respond\"]}]},{\"@type\":\"WebPage\",\"@id\":\"https:\\\/\\\/www.mpc.pr.gov.br\\\/index.php\\\/ex-prefeito-de-ponta-grossa-e-multado-por-extrapolar-o-limite-de-gastos-com-pessoal\\\/\",\"url\":\"https:\\\/\\\/www.mpc.pr.gov.br\\\/index.php\\\/ex-prefeito-de-ponta-grossa-e-multado-por-extrapolar-o-limite-de-gastos-com-pessoal\\\/\",\"name\":\"Ex-Prefeito de Ponta Grossa \u00e9 multado por extrapolar o limite de gastos com pessoal - Minist\u00e9rio P\u00fablico de Contas do Estado do Paran\u00e1\",\"isPartOf\":{\"@id\":\"https:\\\/\\\/www.mpc.pr.gov.br\\\/#website\"},\"primaryImageOfPage\":{\"@id\":\"https:\\\/\\\/www.mpc.pr.gov.br\\\/index.php\\\/ex-prefeito-de-ponta-grossa-e-multado-por-extrapolar-o-limite-de-gastos-com-pessoal\\\/#primaryimage\"},\"image\":{\"@id\":\"https:\\\/\\\/www.mpc.pr.gov.br\\\/index.php\\\/ex-prefeito-de-ponta-grossa-e-multado-por-extrapolar-o-limite-de-gastos-com-pessoal\\\/#primaryimage\"},\"thumbnailUrl\":\"https:\\\/\\\/www.mpc.pr.gov.br\\\/wp-content\\\/uploads\\\/2020\\\/04\\\/FISCALIZAR-01.jpg\",\"datePublished\":\"2023-05-05T13:04:24+00:00\",\"dateModified\":\"2023-05-18T14:14:40+00:00\",\"breadcrumb\":{\"@id\":\"https:\\\/\\\/www.mpc.pr.gov.br\\\/index.php\\\/ex-prefeito-de-ponta-grossa-e-multado-por-extrapolar-o-limite-de-gastos-com-pessoal\\\/#breadcrumb\"},\"inLanguage\":\"pt-BR\",\"potentialAction\":[{\"@type\":\"ReadAction\",\"target\":[\"https:\\\/\\\/www.mpc.pr.gov.br\\\/index.php\\\/ex-prefeito-de-ponta-grossa-e-multado-por-extrapolar-o-limite-de-gastos-com-pessoal\\\/\"]}]},{\"@type\":\"ImageObject\",\"inLanguage\":\"pt-BR\",\"@id\":\"https:\\\/\\\/www.mpc.pr.gov.br\\\/index.php\\\/ex-prefeito-de-ponta-grossa-e-multado-por-extrapolar-o-limite-de-gastos-com-pessoal\\\/#primaryimage\",\"url\":\"https:\\\/\\\/www.mpc.pr.gov.br\\\/wp-content\\\/uploads\\\/2020\\\/04\\\/FISCALIZAR-01.jpg\",\"contentUrl\":\"https:\\\/\\\/www.mpc.pr.gov.br\\\/wp-content\\\/uploads\\\/2020\\\/04\\\/FISCALIZAR-01.jpg\",\"width\":300,\"height\":236,\"caption\":\"Fiscalizar os gastos com pessoal, principal item de despesa dos \u00f3rg\u00e3os p\u00fablicos, \u00e9 atribui\u00e7\u00e3o do TCE-PR. Ilustra\u00e7\u00e3o: N\u00facleo de Imagem\\\/Diretoria de Comunica\u00e7\u00e3o Social.\"},{\"@type\":\"BreadcrumbList\",\"@id\":\"https:\\\/\\\/www.mpc.pr.gov.br\\\/index.php\\\/ex-prefeito-de-ponta-grossa-e-multado-por-extrapolar-o-limite-de-gastos-com-pessoal\\\/#breadcrumb\",\"itemListElement\":[{\"@type\":\"ListItem\",\"position\":1,\"name\":\"In\u00edcio\",\"item\":\"https:\\\/\\\/www.mpc.pr.gov.br\\\/\"},{\"@type\":\"ListItem\",\"position\":2,\"name\":\"Ex-Prefeito de Ponta Grossa \u00e9 multado por extrapolar o limite de gastos com pessoal\"}]},{\"@type\":\"WebSite\",\"@id\":\"https:\\\/\\\/www.mpc.pr.gov.br\\\/#website\",\"url\":\"https:\\\/\\\/www.mpc.pr.gov.br\\\/\",\"name\":\"Minist\u00e9rio P\u00fablico de Contas do Estado do Paran\u00e1\",\"description\":\"\",\"publisher\":{\"@id\":\"https:\\\/\\\/www.mpc.pr.gov.br\\\/#organization\"},\"potentialAction\":[{\"@type\":\"SearchAction\",\"target\":{\"@type\":\"EntryPoint\",\"urlTemplate\":\"https:\\\/\\\/www.mpc.pr.gov.br\\\/?s={search_term_string}\"},\"query-input\":{\"@type\":\"PropertyValueSpecification\",\"valueRequired\":true,\"valueName\":\"search_term_string\"}}],\"inLanguage\":\"pt-BR\"},{\"@type\":\"Organization\",\"@id\":\"https:\\\/\\\/www.mpc.pr.gov.br\\\/#organization\",\"name\":\"Minist\u00e9rio P\u00fablico de Contas do Estado do Paran\u00e1\",\"url\":\"https:\\\/\\\/www.mpc.pr.gov.br\\\/\",\"logo\":{\"@type\":\"ImageObject\",\"inLanguage\":\"pt-BR\",\"@id\":\"https:\\\/\\\/www.mpc.pr.gov.br\\\/#\\\/schema\\\/logo\\\/image\\\/\",\"url\":\"https:\\\/\\\/www.mpc.pr.gov.br\\\/wp-content\\\/uploads\\\/2020\\\/06\\\/99423647_1593460364143890_6706793420720963584_n-1-e1591387983167.png\",\"contentUrl\":\"https:\\\/\\\/www.mpc.pr.gov.br\\\/wp-content\\\/uploads\\\/2020\\\/06\\\/99423647_1593460364143890_6706793420720963584_n-1-e1591387983167.png\",\"width\":243,\"height\":73,\"caption\":\"Minist\u00e9rio P\u00fablico de Contas do Estado do Paran\u00e1\"},\"image\":{\"@id\":\"https:\\\/\\\/www.mpc.pr.gov.br\\\/#\\\/schema\\\/logo\\\/image\\\/\"},\"sameAs\":[\"https:\\\/\\\/www.facebook.com\\\/mpc.pr\",\"https:\\\/\\\/www.instagram.com\\\/mpc.pr\\\/?hl=pt-br\",\"https:\\\/\\\/www.youtube.com\\\/channel\\\/UCHri5oEM8DV0ztX57E0sBSw\"]},{\"@type\":\"Person\",\"@id\":\"https:\\\/\\\/www.mpc.pr.gov.br\\\/#\\\/schema\\\/person\\\/2d83cb8980538d0ec174e8a6284f5e11\",\"name\":\"mpcontaspr\",\"image\":{\"@type\":\"ImageObject\",\"inLanguage\":\"pt-BR\",\"@id\":\"https:\\\/\\\/secure.gravatar.com\\\/avatar\\\/1aef51541db7622e05fd639336c9c9f312c2a618396e2b6ca96846362fc5403f?s=96&d=mm&r=g\",\"url\":\"https:\\\/\\\/secure.gravatar.com\\\/avatar\\\/1aef51541db7622e05fd639336c9c9f312c2a618396e2b6ca96846362fc5403f?s=96&d=mm&r=g\",\"contentUrl\":\"https:\\\/\\\/secure.gravatar.com\\\/avatar\\\/1aef51541db7622e05fd639336c9c9f312c2a618396e2b6ca96846362fc5403f?s=96&d=mm&r=g\",\"caption\":\"mpcontaspr\"},\"sameAs\":[\"http:\\\/\\\/www.mpc.pr.gov.br\"]}]}<\/script>\n<!-- \/ Yoast SEO plugin. -->","yoast_head_json":{"title":"Ex-Prefeito de Ponta Grossa \u00e9 multado por extrapolar o limite de gastos com pessoal - Minist\u00e9rio P\u00fablico de Contas do Estado do Paran\u00e1","robots":{"index":"index","follow":"follow","max-snippet":"max-snippet:-1","max-image-preview":"max-image-preview:large","max-video-preview":"max-video-preview:-1"},"canonical":"https:\/\/www.mpc.pr.gov.br\/index.php\/ex-prefeito-de-ponta-grossa-e-multado-por-extrapolar-o-limite-de-gastos-com-pessoal\/","og_locale":"pt_BR","og_type":"article","og_title":"Ex-Prefeito de Ponta Grossa \u00e9 multado por extrapolar o limite de gastos com pessoal - Minist\u00e9rio P\u00fablico de Contas do Estado do Paran\u00e1","og_description":"O Pleno do Tribunal de Contas do Estado do Paran\u00e1 (TCE-PR) julgou parcialmente procedente a den\u00fancia formulada pelo Sindicato dos Servidores P\u00fablicos Municipais de Ponta Grossa em face do Munic\u00edpio. Na decis\u00e3o, foi aplicada multa administrativa ao ex-Prefeito Marcelo Rangel Cruz de Oliveira (gest\u00e3o 2013\/2020), por ter, nos exerc\u00edcios de 2016 e 2018, promovido o [&hellip;]","og_url":"https:\/\/www.mpc.pr.gov.br\/index.php\/ex-prefeito-de-ponta-grossa-e-multado-por-extrapolar-o-limite-de-gastos-com-pessoal\/","og_site_name":"Minist\u00e9rio P\u00fablico de Contas do Estado do Paran\u00e1","article_publisher":"https:\/\/www.facebook.com\/mpc.pr","article_published_time":"2023-05-05T13:04:24+00:00","article_modified_time":"2023-05-18T14:14:40+00:00","og_image":[{"width":300,"height":236,"url":"https:\/\/www.mpc.pr.gov.br\/wp-content\/uploads\/2020\/04\/FISCALIZAR-01.jpg","type":"image\/jpeg"}],"author":"mpcontaspr","twitter_card":"summary_large_image","twitter_misc":{"Escrito por":"mpcontaspr","Est. tempo de leitura":"5 minutos"},"schema":{"@context":"https:\/\/schema.org","@graph":[{"@type":"Article","@id":"https:\/\/www.mpc.pr.gov.br\/index.php\/ex-prefeito-de-ponta-grossa-e-multado-por-extrapolar-o-limite-de-gastos-com-pessoal\/#article","isPartOf":{"@id":"https:\/\/www.mpc.pr.gov.br\/index.php\/ex-prefeito-de-ponta-grossa-e-multado-por-extrapolar-o-limite-de-gastos-com-pessoal\/"},"author":{"name":"mpcontaspr","@id":"https:\/\/www.mpc.pr.gov.br\/#\/schema\/person\/2d83cb8980538d0ec174e8a6284f5e11"},"headline":"Ex-Prefeito de Ponta Grossa \u00e9 multado por extrapolar o limite de gastos com pessoal","datePublished":"2023-05-05T13:04:24+00:00","dateModified":"2023-05-18T14:14:40+00:00","mainEntityOfPage":{"@id":"https:\/\/www.mpc.pr.gov.br\/index.php\/ex-prefeito-de-ponta-grossa-e-multado-por-extrapolar-o-limite-de-gastos-com-pessoal\/"},"wordCount":844,"commentCount":0,"publisher":{"@id":"https:\/\/www.mpc.pr.gov.br\/#organization"},"image":{"@id":"https:\/\/www.mpc.pr.gov.br\/index.php\/ex-prefeito-de-ponta-grossa-e-multado-por-extrapolar-o-limite-de-gastos-com-pessoal\/#primaryimage"},"thumbnailUrl":"https:\/\/www.mpc.pr.gov.br\/wp-content\/uploads\/2020\/04\/FISCALIZAR-01.jpg","keywords":["Den\u00fancia","Despesas com pessoal","Gastos com pessoal","Lei de Responsabilidade Fiscal","MPC-PR","Ponta Grossa","TCE-PR","Tribunal Pleno"],"articleSection":["Todas as not\u00edcias"],"inLanguage":"pt-BR","potentialAction":[{"@type":"CommentAction","name":"Comment","target":["https:\/\/www.mpc.pr.gov.br\/index.php\/ex-prefeito-de-ponta-grossa-e-multado-por-extrapolar-o-limite-de-gastos-com-pessoal\/#respond"]}]},{"@type":"WebPage","@id":"https:\/\/www.mpc.pr.gov.br\/index.php\/ex-prefeito-de-ponta-grossa-e-multado-por-extrapolar-o-limite-de-gastos-com-pessoal\/","url":"https:\/\/www.mpc.pr.gov.br\/index.php\/ex-prefeito-de-ponta-grossa-e-multado-por-extrapolar-o-limite-de-gastos-com-pessoal\/","name":"Ex-Prefeito de Ponta Grossa \u00e9 multado por extrapolar o limite de gastos com pessoal - Minist\u00e9rio P\u00fablico de Contas do Estado do Paran\u00e1","isPartOf":{"@id":"https:\/\/www.mpc.pr.gov.br\/#website"},"primaryImageOfPage":{"@id":"https:\/\/www.mpc.pr.gov.br\/index.php\/ex-prefeito-de-ponta-grossa-e-multado-por-extrapolar-o-limite-de-gastos-com-pessoal\/#primaryimage"},"image":{"@id":"https:\/\/www.mpc.pr.gov.br\/index.php\/ex-prefeito-de-ponta-grossa-e-multado-por-extrapolar-o-limite-de-gastos-com-pessoal\/#primaryimage"},"thumbnailUrl":"https:\/\/www.mpc.pr.gov.br\/wp-content\/uploads\/2020\/04\/FISCALIZAR-01.jpg","datePublished":"2023-05-05T13:04:24+00:00","dateModified":"2023-05-18T14:14:40+00:00","breadcrumb":{"@id":"https:\/\/www.mpc.pr.gov.br\/index.php\/ex-prefeito-de-ponta-grossa-e-multado-por-extrapolar-o-limite-de-gastos-com-pessoal\/#breadcrumb"},"inLanguage":"pt-BR","potentialAction":[{"@type":"ReadAction","target":["https:\/\/www.mpc.pr.gov.br\/index.php\/ex-prefeito-de-ponta-grossa-e-multado-por-extrapolar-o-limite-de-gastos-com-pessoal\/"]}]},{"@type":"ImageObject","inLanguage":"pt-BR","@id":"https:\/\/www.mpc.pr.gov.br\/index.php\/ex-prefeito-de-ponta-grossa-e-multado-por-extrapolar-o-limite-de-gastos-com-pessoal\/#primaryimage","url":"https:\/\/www.mpc.pr.gov.br\/wp-content\/uploads\/2020\/04\/FISCALIZAR-01.jpg","contentUrl":"https:\/\/www.mpc.pr.gov.br\/wp-content\/uploads\/2020\/04\/FISCALIZAR-01.jpg","width":300,"height":236,"caption":"Fiscalizar os gastos com pessoal, principal item de despesa dos \u00f3rg\u00e3os p\u00fablicos, \u00e9 atribui\u00e7\u00e3o do TCE-PR. Ilustra\u00e7\u00e3o: N\u00facleo de Imagem\/Diretoria de Comunica\u00e7\u00e3o Social."},{"@type":"BreadcrumbList","@id":"https:\/\/www.mpc.pr.gov.br\/index.php\/ex-prefeito-de-ponta-grossa-e-multado-por-extrapolar-o-limite-de-gastos-com-pessoal\/#breadcrumb","itemListElement":[{"@type":"ListItem","position":1,"name":"In\u00edcio","item":"https:\/\/www.mpc.pr.gov.br\/"},{"@type":"ListItem","position":2,"name":"Ex-Prefeito de Ponta Grossa \u00e9 multado por extrapolar o limite de gastos com pessoal"}]},{"@type":"WebSite","@id":"https:\/\/www.mpc.pr.gov.br\/#website","url":"https:\/\/www.mpc.pr.gov.br\/","name":"Minist\u00e9rio P\u00fablico de Contas do Estado do Paran\u00e1","description":"","publisher":{"@id":"https:\/\/www.mpc.pr.gov.br\/#organization"},"potentialAction":[{"@type":"SearchAction","target":{"@type":"EntryPoint","urlTemplate":"https:\/\/www.mpc.pr.gov.br\/?s={search_term_string}"},"query-input":{"@type":"PropertyValueSpecification","valueRequired":true,"valueName":"search_term_string"}}],"inLanguage":"pt-BR"},{"@type":"Organization","@id":"https:\/\/www.mpc.pr.gov.br\/#organization","name":"Minist\u00e9rio P\u00fablico de Contas do Estado do Paran\u00e1","url":"https:\/\/www.mpc.pr.gov.br\/","logo":{"@type":"ImageObject","inLanguage":"pt-BR","@id":"https:\/\/www.mpc.pr.gov.br\/#\/schema\/logo\/image\/","url":"https:\/\/www.mpc.pr.gov.br\/wp-content\/uploads\/2020\/06\/99423647_1593460364143890_6706793420720963584_n-1-e1591387983167.png","contentUrl":"https:\/\/www.mpc.pr.gov.br\/wp-content\/uploads\/2020\/06\/99423647_1593460364143890_6706793420720963584_n-1-e1591387983167.png","width":243,"height":73,"caption":"Minist\u00e9rio P\u00fablico de Contas do Estado do Paran\u00e1"},"image":{"@id":"https:\/\/www.mpc.pr.gov.br\/#\/schema\/logo\/image\/"},"sameAs":["https:\/\/www.facebook.com\/mpc.pr","https:\/\/www.instagram.com\/mpc.pr\/?hl=pt-br","https:\/\/www.youtube.com\/channel\/UCHri5oEM8DV0ztX57E0sBSw"]},{"@type":"Person","@id":"https:\/\/www.mpc.pr.gov.br\/#\/schema\/person\/2d83cb8980538d0ec174e8a6284f5e11","name":"mpcontaspr","image":{"@type":"ImageObject","inLanguage":"pt-BR","@id":"https:\/\/secure.gravatar.com\/avatar\/1aef51541db7622e05fd639336c9c9f312c2a618396e2b6ca96846362fc5403f?s=96&d=mm&r=g","url":"https:\/\/secure.gravatar.com\/avatar\/1aef51541db7622e05fd639336c9c9f312c2a618396e2b6ca96846362fc5403f?s=96&d=mm&r=g","contentUrl":"https:\/\/secure.gravatar.com\/avatar\/1aef51541db7622e05fd639336c9c9f312c2a618396e2b6ca96846362fc5403f?s=96&d=mm&r=g","caption":"mpcontaspr"},"sameAs":["http:\/\/www.mpc.pr.gov.br"]}]}},"rttpg_featured_image_url":{"full":["https:\/\/www.mpc.pr.gov.br\/wp-content\/uploads\/2020\/04\/FISCALIZAR-01.jpg",300,236,false],"landscape":["https:\/\/www.mpc.pr.gov.br\/wp-content\/uploads\/2020\/04\/FISCALIZAR-01.jpg",300,236,false],"portraits":["https:\/\/www.mpc.pr.gov.br\/wp-content\/uploads\/2020\/04\/FISCALIZAR-01.jpg",300,236,false],"thumbnail":["https:\/\/www.mpc.pr.gov.br\/wp-content\/uploads\/2020\/04\/FISCALIZAR-01-150x150.jpg",150,150,true],"medium":["https:\/\/www.mpc.pr.gov.br\/wp-content\/uploads\/2020\/04\/FISCALIZAR-01.jpg",300,236,false],"large":["https:\/\/www.mpc.pr.gov.br\/wp-content\/uploads\/2020\/04\/FISCALIZAR-01.jpg",300,236,false],"1536x1536":["https:\/\/www.mpc.pr.gov.br\/wp-content\/uploads\/2020\/04\/FISCALIZAR-01.jpg",300,236,false],"2048x2048":["https:\/\/www.mpc.pr.gov.br\/wp-content\/uploads\/2020\/04\/FISCALIZAR-01.jpg",300,236,false],"ocean-thumb-m":["https:\/\/www.mpc.pr.gov.br\/wp-content\/uploads\/2020\/04\/FISCALIZAR-01.jpg",300,236,false],"ocean-thumb-ml":["https:\/\/www.mpc.pr.gov.br\/wp-content\/uploads\/2020\/04\/FISCALIZAR-01.jpg",300,236,false],"ocean-thumb-l":["https:\/\/www.mpc.pr.gov.br\/wp-content\/uploads\/2020\/04\/FISCALIZAR-01.jpg",300,236,false]},"rttpg_author":{"display_name":"mpcontaspr","author_link":"https:\/\/www.mpc.pr.gov.br\/index.php\/author\/mpcontaspr\/"},"rttpg_comment":0,"rttpg_category":"<a href=\"https:\/\/www.mpc.pr.gov.br\/index.php\/category\/todas-as-noticias\/\" rel=\"category tag\">Todas as not\u00edcias<\/a>","rttpg_excerpt":"O Pleno do Tribunal de Contas do Estado do Paran\u00e1 (TCE-PR) julgou parcialmente procedente a den\u00fancia formulada pelo Sindicato dos Servidores P\u00fablicos Municipais de Ponta Grossa em face do Munic\u00edpio. Na decis\u00e3o, foi aplicada multa administrativa ao ex-Prefeito Marcelo Rangel Cruz de Oliveira (gest\u00e3o 2013\/2020), por ter, nos exerc\u00edcios de 2016 e 2018, promovido o&hellip;","_links":{"self":[{"href":"https:\/\/www.mpc.pr.gov.br\/index.php\/wp-json\/wp\/v2\/posts\/15714","targetHints":{"allow":["GET"]}}],"collection":[{"href":"https:\/\/www.mpc.pr.gov.br\/index.php\/wp-json\/wp\/v2\/posts"}],"about":[{"href":"https:\/\/www.mpc.pr.gov.br\/index.php\/wp-json\/wp\/v2\/types\/post"}],"author":[{"embeddable":true,"href":"https:\/\/www.mpc.pr.gov.br\/index.php\/wp-json\/wp\/v2\/users\/1"}],"replies":[{"embeddable":true,"href":"https:\/\/www.mpc.pr.gov.br\/index.php\/wp-json\/wp\/v2\/comments?post=15714"}],"version-history":[{"count":2,"href":"https:\/\/www.mpc.pr.gov.br\/index.php\/wp-json\/wp\/v2\/posts\/15714\/revisions"}],"predecessor-version":[{"id":15718,"href":"https:\/\/www.mpc.pr.gov.br\/index.php\/wp-json\/wp\/v2\/posts\/15714\/revisions\/15718"}],"wp:featuredmedia":[{"embeddable":true,"href":"https:\/\/www.mpc.pr.gov.br\/index.php\/wp-json\/wp\/v2\/media\/9243"}],"wp:attachment":[{"href":"https:\/\/www.mpc.pr.gov.br\/index.php\/wp-json\/wp\/v2\/media?parent=15714"}],"wp:term":[{"taxonomy":"category","embeddable":true,"href":"https:\/\/www.mpc.pr.gov.br\/index.php\/wp-json\/wp\/v2\/categories?post=15714"},{"taxonomy":"post_tag","embeddable":true,"href":"https:\/\/www.mpc.pr.gov.br\/index.php\/wp-json\/wp\/v2\/tags?post=15714"}],"curies":[{"name":"wp","href":"https:\/\/api.w.org\/{rel}","templated":true}]}}