{"id":15734,"date":"2023-05-11T13:23:47","date_gmt":"2023-05-11T16:23:47","guid":{"rendered":"https:\/\/www.mpc.pr.gov.br\/?p=15734"},"modified":"2023-05-29T14:08:22","modified_gmt":"2023-05-29T17:08:22","slug":"ex-prefeito-de-sao-joao-e-multado-por-infracao-a-lei-de-responsabilidade-fiscal","status":"publish","type":"post","link":"https:\/\/www.mpc.pr.gov.br\/index.php\/ex-prefeito-de-sao-joao-e-multado-por-infracao-a-lei-de-responsabilidade-fiscal\/","title":{"rendered":"Ex-Prefeito de S\u00e3o Jo\u00e3o \u00e9 multado por infra\u00e7\u00e3o \u00e0 Lei de Responsabilidade Fiscal"},"content":{"rendered":"<figure id=\"attachment_15728\" aria-describedby=\"caption-attachment-15728\" style=\"width: 300px\" class=\"wp-caption alignleft\"><img fetchpriority=\"high\" decoding=\"async\" class=\"size-medium wp-image-15728\" src=\"https:\/\/www.mpc.pr.gov.br\/wp-content\/uploads\/2023\/05\/Sao-Joao-300x245.jpg\" alt=\"\" width=\"300\" height=\"245\" srcset=\"https:\/\/www.mpc.pr.gov.br\/wp-content\/uploads\/2023\/05\/Sao-Joao-300x245.jpg 300w, https:\/\/www.mpc.pr.gov.br\/wp-content\/uploads\/2023\/05\/Sao-Joao.jpg 566w\" sizes=\"(max-width: 300px) 100vw, 300px\" \/><figcaption id=\"caption-attachment-15728\" class=\"wp-caption-text\">Vista da sede urbana de S\u00e3o Jo\u00e3o, munic\u00edpio da Regi\u00e3o Sudoeste do Paran\u00e1. Foto: Divulga\u00e7\u00e3o.<\/figcaption><\/figure>\n<p><span data-contrast=\"auto\">A Segunda C\u00e2mara do Tribunal de Contas do Paran\u00e1 (TCE-PR) recomendou a irregularidade das contas do Prefeito Municipal de S\u00e3o Jo\u00e3o, referente ao exerc\u00edcio de 2020, de responsabilidade do Altair Jos\u00e9 Gasparetto (gest\u00f5es 2013-2016 e 2017-2020). A decis\u00e3o, expressa no <a href=\"https:\/\/www.mpc.pr.gov.br\/wp-content\/uploads\/2023\/05\/Acordao-141-23-mpc-pr-tce-pr.pdf\">Ac\u00f3rd\u00e3o de Parecer Pr\u00e9vio n\u00b0 141\/23<\/a>, ocorreu em raz\u00e3o da <\/span><span data-contrast=\"auto\">exist\u00eancia de obriga\u00e7\u00e3o de despesa n\u00e3o cumprida integralmente dentro do exerc\u00edcio, sem disponibilidade suficiente de caixa, em ofensa aos crit\u00e9rios fixados no <a href=\"https:\/\/www1.tce.pr.gov.br\/conteudo\/prejulgado-n%C2%BA-15\/82352\/area\/242\">Prejulgado n\u00b0 15<\/a>.<\/span><span data-ccp-props=\"{&quot;201341983&quot;:0,&quot;335551550&quot;:6,&quot;335551620&quot;:6,&quot;335559739&quot;:160,&quot;335559740&quot;:360}\">\u00a0<\/span><\/p>\n<p><span data-contrast=\"auto\">Tal irregularidade tamb\u00e9m motivou a aplica\u00e7\u00e3o de multa administrativa, prevista no art. 87, inciso IV, al\u00ednea \u201cg\u201d, da <a href=\"https:\/\/www1.tce.pr.gov.br\/conteudo\/lei-organica-e-regimento-interno-biblioteca-biblioteca\/107\">Lei Complementar Estadual n\u00ba 113\/2005<\/a>, ao ex-Prefeito, uma vez que configura infra\u00e7\u00e3o \u00e0 <a href=\"https:\/\/www.planalto.gov.br\/ccivil_03\/leis\/lcp\/lcp101.htm\">Lei de Responsabilidade Fiscal (Lei Complementar n\u00b0 101\/2000)<\/a>.<\/span><span data-ccp-props=\"{&quot;201341983&quot;:0,&quot;335551550&quot;:6,&quot;335551620&quot;:6,&quot;335559739&quot;:160,&quot;335559740&quot;:360}\">\u00a0<\/span><\/p>\n<h4><b><span data-contrast=\"auto\">Instru\u00e7\u00e3o do Processo<\/span><\/b><span data-ccp-props=\"{&quot;201341983&quot;:0,&quot;335551550&quot;:6,&quot;335551620&quot;:6,&quot;335559739&quot;:160,&quot;335559740&quot;:360}\">\u00a0<\/span><\/h4>\n<p><span data-contrast=\"auto\">Em manifesta\u00e7\u00e3o conclusiva, a Coordenadoria de Gest\u00e3o Municipal (CGM) opinou pela irregularidade das contas com aplica\u00e7\u00e3o de multas. Destacou que foram identificadas irregularidades relacionadas as despesas com publicidade institucional realizadas nos tr\u00eas meses que antecederam as elei\u00e7\u00f5es de 2020, no valor somado de R$ 15.210,00. Al\u00e9m disso, tamb\u00e9m observou a exist\u00eancia de obriga\u00e7\u00f5es de despesas contra\u00eddas nos \u00faltimos dois quadrimestres do mandato do ex-Prefeito, com parcelas a serem pagas no exerc\u00edcio seguinte, sem disponibilidade de caixa.<\/span><span data-ccp-props=\"{&quot;201341983&quot;:0,&quot;335551550&quot;:6,&quot;335551620&quot;:6,&quot;335559739&quot;:160,&quot;335559740&quot;:360}\">\u00a0<\/span><\/p>\n<p><span data-contrast=\"auto\">Por sua vez, o Minist\u00e9rio P\u00fablico de Contas do Paran\u00e1 (MPC-PR) divergiu parcialmente da unidade t\u00e9cnica, apenas quanto ao item relacionado as despesas com publicidade. Mediante o <a href=\"https:\/\/www.mpc.pr.gov.br\/wp-content\/uploads\/2023\/05\/Parecer-945-22-mpc-pr.pdf\">Parecer n\u00b0 945\/22<\/a>, se manifestou pela convers\u00e3o desse apontamento em ressalva, pois conforme esclarecimentos apresentados pelo gestor, a totalidade dos gastos fazem refer\u00eancia a avisos da Secretaria de Sa\u00fade, Educa\u00e7\u00e3o e Agricultura, de modo que os gastos com publicidade institucional realizados entre agosto e outubro de 2020 n\u00e3o tiveram o cond\u00e3o de afetar a igualdade de oportunidades entre os candidatos.<\/span><span data-ccp-props=\"{&quot;201341983&quot;:0,&quot;335551550&quot;:6,&quot;335551620&quot;:6,&quot;335559739&quot;:160,&quot;335559740&quot;:360}\">\u00a0<\/span><\/p>\n<h4><b><span data-contrast=\"auto\">Decis\u00e3o<\/span><\/b><span data-ccp-props=\"{&quot;201341983&quot;:0,&quot;335551550&quot;:6,&quot;335551620&quot;:6,&quot;335559739&quot;:160,&quot;335559740&quot;:360}\">\u00a0<\/span><\/h4>\n<p><span data-contrast=\"auto\">Em sede de decis\u00e3o, o relator Conselheiro Ivan Lelis Bonilha acolheu os argumentos apresentados pelo MPC-PR, e votou pela convers\u00e3o em ressalva do item referente as despesas com publicidade institucional no per\u00edodo que antecedeu as elei\u00e7\u00f5es.<\/span><span data-ccp-props=\"{&quot;201341983&quot;:0,&quot;335551550&quot;:6,&quot;335551620&quot;:6,&quot;335559739&quot;:160,&quot;335559740&quot;:360}\">\u00a0<\/span><\/p>\n<p><span data-contrast=\"auto\">Quanto \u00e0s obriga\u00e7\u00f5es de despesa n\u00e3o cumpridas integralmente dentro do exerc\u00edcio, sem disponibilidade suficiente de caixa, o relator observou que mesmo ap\u00f3s os ajustes efetuados pela unidade t\u00e9cnica, com base nos documentos apresentados pela defesa, permaneceu um d\u00e9ficit correspondente a R$ 63.789,06 nas opera\u00e7\u00f5es de cr\u00e9dito.<\/span><span data-ccp-props=\"{&quot;201341983&quot;:0,&quot;335551550&quot;:6,&quot;335551620&quot;:6,&quot;335559739&quot;:160,&quot;335559740&quot;:360}\">\u00a0<\/span><\/p>\n<p><span data-contrast=\"auto\">Assim, em conformidade com os opinativos uniformes da CGM e MPC-PR, o relator votou pela irregularidade das contas, bem como pela aplica\u00e7\u00e3o de multa ao ex-Prefeito, em raz\u00e3o da infra\u00e7\u00e3o \u00e0 Lei de Responsabilidade Fiscal pela constata\u00e7\u00e3o da exist\u00eancia de obriga\u00e7\u00e3o de despesa n\u00e3o cumprida integralmente dentro do exerc\u00edcio, sem disponibilidade suficiente de caixa.<\/span><span data-ccp-props=\"{&quot;201341983&quot;:0,&quot;335551550&quot;:6,&quot;335551620&quot;:6,&quot;335559739&quot;:160,&quot;335559740&quot;:360}\">\u00a0<\/span><\/p>\n<p><span data-contrast=\"auto\">Os membros da Segunda C\u00e2mara acompanharam integralmente o voto do relator e determinaram, ap\u00f3s o tr\u00e2nsito em julgado, o encaminhamento dos autos ao Gabinete da Presid\u00eancia para comunica\u00e7\u00e3o da decis\u00e3o ao Poder Legislativo do Munic\u00edpio de S\u00e3o Jo\u00e3o, nos termos do art. 217-A do <a href=\"https:\/\/www1.tce.pr.gov.br\/conteudo\/lei-organica-e-regimento-interno-biblioteca-biblioteca\/107\">Regimento Interno<\/a>.<\/span><span data-ccp-props=\"{&quot;201341983&quot;:0,&quot;335551550&quot;:6,&quot;335551620&quot;:6,&quot;335559739&quot;:160,&quot;335559740&quot;:360}\">\u00a0<\/span><\/p>\n<h4><strong>Presta\u00e7\u00e3o de Contas do Chefe do Poder Executivo<\/strong><\/h4>\n<p>A presta\u00e7\u00e3o de contas de governo \u00e9 o meio pelo qual, anualmente, o Governador do Estado e os Prefeitos Municipais mostram os resultados da atua\u00e7\u00e3o governamental, no exerc\u00edcio das fun\u00e7\u00f5es pol\u00edticas de planejamento, organiza\u00e7\u00e3o, dire\u00e7\u00e3o e controle das pol\u00edticas p\u00fablicas contidas nas leis or\u00e7ament\u00e1rias, correspondente a um exerc\u00edcio financeiro.<\/p>\n<p>Importante destacar que diferentemente das contas de gest\u00e3o, as contas do governo s\u00e3o julgadas pelo Poder Legislativo, ou seja, pela Assembleia Legislativa quando na esfera Estadual e pela C\u00e2mara de Vereadores quando na esfera municipal, ap\u00f3s a emiss\u00e3o de Parecer Pr\u00e9vio, de car\u00e1ter opinativo, pelo Tribunal de Contas, que pode ou n\u00e3o ser acolhido.<\/p>\n<p>Se voc\u00ea quiser saber mais sobre esse assunto, confira abaixo a v\u00eddeo aula produzida pelo MPC-PR sobre esse tema.<\/p>\n<p><iframe src=\"https:\/\/www.youtube.com\/embed\/soanbglUJe4\" width=\"560\" height=\"315\" frameborder=\"0\" allowfullscreen=\"allowfullscreen\" data-mce-fragment=\"1\"><\/iframe><\/p>\n<blockquote>\n<h4><span style=\"color: #820007;\"><strong><u>Informa\u00e7\u00e3o para consulta processual<\/u><\/strong><\/span><\/h4>\n<table border=\"0\" width=\"629\" cellspacing=\"0\" cellpadding=\"0\">\n<tbody>\n<tr>\n<td><strong>Processo<\/strong>\u00a0<strong>n\u00ba<\/strong>:<\/td>\n<td><span class=\"TextRun SCXW262100605 BCX0\" lang=\"PT-BR\" xml:lang=\"PT-BR\" data-contrast=\"auto\"><span class=\"NormalTextRun SCXW262100605 BCX0\">185107\/21<\/span><\/span><\/td>\n<\/tr>\n<tr>\n<td><strong>Ac\u00f3rd\u00e3o n\u00ba<\/strong><\/td>\n<td>141\/23 &#8211; Segunda C\u00e2mara<\/td>\n<\/tr>\n<tr>\n<td><strong>Assunto<\/strong>:<\/td>\n<td>Presta\u00e7\u00e3o de Contas do Prefeito Municipal<\/td>\n<\/tr>\n<tr>\n<td><strong>Entidade<\/strong>:<\/td>\n<td>Munic\u00edpio de S\u00e3o Jo\u00e3o<\/td>\n<\/tr>\n<tr>\n<td><strong>Relator<\/strong>:<\/td>\n<td>Conselheiro <span class=\"TextRun SCXW93325971 BCX0\" lang=\"PT-BR\" xml:lang=\"PT-BR\" data-contrast=\"auto\"><span class=\"NormalTextRun SCXW93325971 BCX0\">Ivan Lelis Bonilha<\/span><\/span><\/td>\n<\/tr>\n<\/tbody>\n<\/table>\n<\/blockquote>\n","protected":false},"excerpt":{"rendered":"<p>A Segunda C\u00e2mara do Tribunal de Contas do Paran\u00e1 (TCE-PR) recomendou a irregularidade das contas do Prefeito Municipal de S\u00e3o Jo\u00e3o, referente ao exerc\u00edcio de 2020, de responsabilidade do Altair Jos\u00e9 Gasparetto (gest\u00f5es 2013-2016 e 2017-2020). A decis\u00e3o, expressa no Ac\u00f3rd\u00e3o de Parecer Pr\u00e9vio n\u00b0 141\/23, ocorreu em raz\u00e3o da exist\u00eancia de obriga\u00e7\u00e3o de despesa [&hellip;]<\/p>\n","protected":false},"author":1,"featured_media":15728,"comment_status":"open","ping_status":"open","sticky":false,"template":"","format":"standard","meta":{"_monsterinsights_skip_tracking":false,"_monsterinsights_sitenote_active":false,"_monsterinsights_sitenote_note":"","_monsterinsights_sitenote_category":0,"footnotes":""},"categories":[7],"tags":[195,13,51,415,39],"class_list":["post-15734","post","type-post","status-publish","format-standard","has-post-thumbnail","hentry","category-todas-as-noticias","tag-lei-de-responsabilidade-fiscal","tag-mpc-pr","tag-prestacao-de-contas","tag-sao-joao","tag-tce-pr","entry","has-media"],"yoast_head":"<!-- This site is optimized with the Yoast SEO plugin v27.3 - https:\/\/yoast.com\/product\/yoast-seo-wordpress\/ -->\n<title>Ex-Prefeito de S\u00e3o Jo\u00e3o \u00e9 multado por infra\u00e7\u00e3o \u00e0 Lei de Responsabilidade Fiscal - Minist\u00e9rio P\u00fablico de Contas do Estado do Paran\u00e1<\/title>\n<meta name=\"robots\" content=\"index, follow, max-snippet:-1, max-image-preview:large, max-video-preview:-1\" \/>\n<link rel=\"canonical\" href=\"https:\/\/www.mpc.pr.gov.br\/index.php\/ex-prefeito-de-sao-joao-e-multado-por-infracao-a-lei-de-responsabilidade-fiscal\/\" \/>\n<meta property=\"og:locale\" content=\"pt_BR\" \/>\n<meta property=\"og:type\" content=\"article\" \/>\n<meta property=\"og:title\" content=\"Ex-Prefeito de S\u00e3o Jo\u00e3o \u00e9 multado por infra\u00e7\u00e3o \u00e0 Lei de Responsabilidade Fiscal - Minist\u00e9rio P\u00fablico de Contas do Estado do Paran\u00e1\" \/>\n<meta property=\"og:description\" content=\"A Segunda C\u00e2mara do Tribunal de Contas do Paran\u00e1 (TCE-PR) recomendou a irregularidade das contas do Prefeito Municipal de S\u00e3o Jo\u00e3o, referente ao exerc\u00edcio de 2020, de responsabilidade do Altair Jos\u00e9 Gasparetto (gest\u00f5es 2013-2016 e 2017-2020). A decis\u00e3o, expressa no Ac\u00f3rd\u00e3o de Parecer Pr\u00e9vio n\u00b0 141\/23, ocorreu em raz\u00e3o da exist\u00eancia de obriga\u00e7\u00e3o de despesa [&hellip;]\" \/>\n<meta property=\"og:url\" content=\"https:\/\/www.mpc.pr.gov.br\/index.php\/ex-prefeito-de-sao-joao-e-multado-por-infracao-a-lei-de-responsabilidade-fiscal\/\" \/>\n<meta property=\"og:site_name\" content=\"Minist\u00e9rio P\u00fablico de Contas do Estado do Paran\u00e1\" \/>\n<meta property=\"article:publisher\" content=\"https:\/\/www.facebook.com\/mpc.pr\" \/>\n<meta property=\"article:published_time\" content=\"2023-05-11T16:23:47+00:00\" \/>\n<meta property=\"article:modified_time\" content=\"2023-05-29T17:08:22+00:00\" \/>\n<meta property=\"og:image\" content=\"https:\/\/www.mpc.pr.gov.br\/wp-content\/uploads\/2023\/05\/Sao-Joao.jpg\" \/>\n\t<meta property=\"og:image:width\" content=\"566\" \/>\n\t<meta property=\"og:image:height\" content=\"462\" \/>\n\t<meta property=\"og:image:type\" content=\"image\/jpeg\" \/>\n<meta name=\"author\" content=\"mpcontaspr\" \/>\n<meta name=\"twitter:card\" content=\"summary_large_image\" \/>\n<meta name=\"twitter:label1\" content=\"Escrito por\" \/>\n\t<meta name=\"twitter:data1\" content=\"mpcontaspr\" \/>\n\t<meta name=\"twitter:label2\" content=\"Est. tempo de leitura\" \/>\n\t<meta name=\"twitter:data2\" content=\"4 minutos\" \/>\n<script type=\"application\/ld+json\" class=\"yoast-schema-graph\">{\"@context\":\"https:\\\/\\\/schema.org\",\"@graph\":[{\"@type\":\"Article\",\"@id\":\"https:\\\/\\\/www.mpc.pr.gov.br\\\/index.php\\\/ex-prefeito-de-sao-joao-e-multado-por-infracao-a-lei-de-responsabilidade-fiscal\\\/#article\",\"isPartOf\":{\"@id\":\"https:\\\/\\\/www.mpc.pr.gov.br\\\/index.php\\\/ex-prefeito-de-sao-joao-e-multado-por-infracao-a-lei-de-responsabilidade-fiscal\\\/\"},\"author\":{\"name\":\"mpcontaspr\",\"@id\":\"https:\\\/\\\/www.mpc.pr.gov.br\\\/#\\\/schema\\\/person\\\/2d83cb8980538d0ec174e8a6284f5e11\"},\"headline\":\"Ex-Prefeito de S\u00e3o Jo\u00e3o \u00e9 multado por infra\u00e7\u00e3o \u00e0 Lei de Responsabilidade Fiscal\",\"datePublished\":\"2023-05-11T16:23:47+00:00\",\"dateModified\":\"2023-05-29T17:08:22+00:00\",\"mainEntityOfPage\":{\"@id\":\"https:\\\/\\\/www.mpc.pr.gov.br\\\/index.php\\\/ex-prefeito-de-sao-joao-e-multado-por-infracao-a-lei-de-responsabilidade-fiscal\\\/\"},\"wordCount\":748,\"commentCount\":0,\"publisher\":{\"@id\":\"https:\\\/\\\/www.mpc.pr.gov.br\\\/#organization\"},\"image\":{\"@id\":\"https:\\\/\\\/www.mpc.pr.gov.br\\\/index.php\\\/ex-prefeito-de-sao-joao-e-multado-por-infracao-a-lei-de-responsabilidade-fiscal\\\/#primaryimage\"},\"thumbnailUrl\":\"https:\\\/\\\/www.mpc.pr.gov.br\\\/wp-content\\\/uploads\\\/2023\\\/05\\\/Sao-Joao.jpg\",\"keywords\":[\"Lei de Responsabilidade Fiscal\",\"MPC-PR\",\"Presta\u00e7\u00e3o de Contas\",\"S\u00e3o Jo\u00e3o\",\"TCE-PR\"],\"articleSection\":[\"Todas as not\u00edcias\"],\"inLanguage\":\"pt-BR\",\"potentialAction\":[{\"@type\":\"CommentAction\",\"name\":\"Comment\",\"target\":[\"https:\\\/\\\/www.mpc.pr.gov.br\\\/index.php\\\/ex-prefeito-de-sao-joao-e-multado-por-infracao-a-lei-de-responsabilidade-fiscal\\\/#respond\"]}]},{\"@type\":\"WebPage\",\"@id\":\"https:\\\/\\\/www.mpc.pr.gov.br\\\/index.php\\\/ex-prefeito-de-sao-joao-e-multado-por-infracao-a-lei-de-responsabilidade-fiscal\\\/\",\"url\":\"https:\\\/\\\/www.mpc.pr.gov.br\\\/index.php\\\/ex-prefeito-de-sao-joao-e-multado-por-infracao-a-lei-de-responsabilidade-fiscal\\\/\",\"name\":\"Ex-Prefeito de S\u00e3o Jo\u00e3o \u00e9 multado por infra\u00e7\u00e3o \u00e0 Lei de Responsabilidade Fiscal - Minist\u00e9rio P\u00fablico de Contas do Estado do Paran\u00e1\",\"isPartOf\":{\"@id\":\"https:\\\/\\\/www.mpc.pr.gov.br\\\/#website\"},\"primaryImageOfPage\":{\"@id\":\"https:\\\/\\\/www.mpc.pr.gov.br\\\/index.php\\\/ex-prefeito-de-sao-joao-e-multado-por-infracao-a-lei-de-responsabilidade-fiscal\\\/#primaryimage\"},\"image\":{\"@id\":\"https:\\\/\\\/www.mpc.pr.gov.br\\\/index.php\\\/ex-prefeito-de-sao-joao-e-multado-por-infracao-a-lei-de-responsabilidade-fiscal\\\/#primaryimage\"},\"thumbnailUrl\":\"https:\\\/\\\/www.mpc.pr.gov.br\\\/wp-content\\\/uploads\\\/2023\\\/05\\\/Sao-Joao.jpg\",\"datePublished\":\"2023-05-11T16:23:47+00:00\",\"dateModified\":\"2023-05-29T17:08:22+00:00\",\"breadcrumb\":{\"@id\":\"https:\\\/\\\/www.mpc.pr.gov.br\\\/index.php\\\/ex-prefeito-de-sao-joao-e-multado-por-infracao-a-lei-de-responsabilidade-fiscal\\\/#breadcrumb\"},\"inLanguage\":\"pt-BR\",\"potentialAction\":[{\"@type\":\"ReadAction\",\"target\":[\"https:\\\/\\\/www.mpc.pr.gov.br\\\/index.php\\\/ex-prefeito-de-sao-joao-e-multado-por-infracao-a-lei-de-responsabilidade-fiscal\\\/\"]}]},{\"@type\":\"ImageObject\",\"inLanguage\":\"pt-BR\",\"@id\":\"https:\\\/\\\/www.mpc.pr.gov.br\\\/index.php\\\/ex-prefeito-de-sao-joao-e-multado-por-infracao-a-lei-de-responsabilidade-fiscal\\\/#primaryimage\",\"url\":\"https:\\\/\\\/www.mpc.pr.gov.br\\\/wp-content\\\/uploads\\\/2023\\\/05\\\/Sao-Joao.jpg\",\"contentUrl\":\"https:\\\/\\\/www.mpc.pr.gov.br\\\/wp-content\\\/uploads\\\/2023\\\/05\\\/Sao-Joao.jpg\",\"width\":566,\"height\":462,\"caption\":\"Vista da sede urbana de S\u00e3o Jo\u00e3o, munic\u00edpio da Regi\u00e3o Sudoeste do Paran\u00e1. Foto: Divulga\u00e7\u00e3o.\"},{\"@type\":\"BreadcrumbList\",\"@id\":\"https:\\\/\\\/www.mpc.pr.gov.br\\\/index.php\\\/ex-prefeito-de-sao-joao-e-multado-por-infracao-a-lei-de-responsabilidade-fiscal\\\/#breadcrumb\",\"itemListElement\":[{\"@type\":\"ListItem\",\"position\":1,\"name\":\"In\u00edcio\",\"item\":\"https:\\\/\\\/www.mpc.pr.gov.br\\\/\"},{\"@type\":\"ListItem\",\"position\":2,\"name\":\"Ex-Prefeito de S\u00e3o Jo\u00e3o \u00e9 multado por infra\u00e7\u00e3o \u00e0 Lei de Responsabilidade Fiscal\"}]},{\"@type\":\"WebSite\",\"@id\":\"https:\\\/\\\/www.mpc.pr.gov.br\\\/#website\",\"url\":\"https:\\\/\\\/www.mpc.pr.gov.br\\\/\",\"name\":\"Minist\u00e9rio P\u00fablico de Contas do Estado do Paran\u00e1\",\"description\":\"\",\"publisher\":{\"@id\":\"https:\\\/\\\/www.mpc.pr.gov.br\\\/#organization\"},\"potentialAction\":[{\"@type\":\"SearchAction\",\"target\":{\"@type\":\"EntryPoint\",\"urlTemplate\":\"https:\\\/\\\/www.mpc.pr.gov.br\\\/?s={search_term_string}\"},\"query-input\":{\"@type\":\"PropertyValueSpecification\",\"valueRequired\":true,\"valueName\":\"search_term_string\"}}],\"inLanguage\":\"pt-BR\"},{\"@type\":\"Organization\",\"@id\":\"https:\\\/\\\/www.mpc.pr.gov.br\\\/#organization\",\"name\":\"Minist\u00e9rio P\u00fablico de Contas do Estado do Paran\u00e1\",\"url\":\"https:\\\/\\\/www.mpc.pr.gov.br\\\/\",\"logo\":{\"@type\":\"ImageObject\",\"inLanguage\":\"pt-BR\",\"@id\":\"https:\\\/\\\/www.mpc.pr.gov.br\\\/#\\\/schema\\\/logo\\\/image\\\/\",\"url\":\"https:\\\/\\\/www.mpc.pr.gov.br\\\/wp-content\\\/uploads\\\/2020\\\/06\\\/99423647_1593460364143890_6706793420720963584_n-1-e1591387983167.png\",\"contentUrl\":\"https:\\\/\\\/www.mpc.pr.gov.br\\\/wp-content\\\/uploads\\\/2020\\\/06\\\/99423647_1593460364143890_6706793420720963584_n-1-e1591387983167.png\",\"width\":243,\"height\":73,\"caption\":\"Minist\u00e9rio P\u00fablico de Contas do Estado do Paran\u00e1\"},\"image\":{\"@id\":\"https:\\\/\\\/www.mpc.pr.gov.br\\\/#\\\/schema\\\/logo\\\/image\\\/\"},\"sameAs\":[\"https:\\\/\\\/www.facebook.com\\\/mpc.pr\",\"https:\\\/\\\/www.instagram.com\\\/mpc.pr\\\/?hl=pt-br\",\"https:\\\/\\\/www.youtube.com\\\/channel\\\/UCHri5oEM8DV0ztX57E0sBSw\"]},{\"@type\":\"Person\",\"@id\":\"https:\\\/\\\/www.mpc.pr.gov.br\\\/#\\\/schema\\\/person\\\/2d83cb8980538d0ec174e8a6284f5e11\",\"name\":\"mpcontaspr\",\"image\":{\"@type\":\"ImageObject\",\"inLanguage\":\"pt-BR\",\"@id\":\"https:\\\/\\\/secure.gravatar.com\\\/avatar\\\/1aef51541db7622e05fd639336c9c9f312c2a618396e2b6ca96846362fc5403f?s=96&d=mm&r=g\",\"url\":\"https:\\\/\\\/secure.gravatar.com\\\/avatar\\\/1aef51541db7622e05fd639336c9c9f312c2a618396e2b6ca96846362fc5403f?s=96&d=mm&r=g\",\"contentUrl\":\"https:\\\/\\\/secure.gravatar.com\\\/avatar\\\/1aef51541db7622e05fd639336c9c9f312c2a618396e2b6ca96846362fc5403f?s=96&d=mm&r=g\",\"caption\":\"mpcontaspr\"},\"sameAs\":[\"http:\\\/\\\/www.mpc.pr.gov.br\"]}]}<\/script>\n<!-- \/ Yoast SEO plugin. -->","yoast_head_json":{"title":"Ex-Prefeito de S\u00e3o Jo\u00e3o \u00e9 multado por infra\u00e7\u00e3o \u00e0 Lei de Responsabilidade Fiscal - Minist\u00e9rio P\u00fablico de Contas do Estado do Paran\u00e1","robots":{"index":"index","follow":"follow","max-snippet":"max-snippet:-1","max-image-preview":"max-image-preview:large","max-video-preview":"max-video-preview:-1"},"canonical":"https:\/\/www.mpc.pr.gov.br\/index.php\/ex-prefeito-de-sao-joao-e-multado-por-infracao-a-lei-de-responsabilidade-fiscal\/","og_locale":"pt_BR","og_type":"article","og_title":"Ex-Prefeito de S\u00e3o Jo\u00e3o \u00e9 multado por infra\u00e7\u00e3o \u00e0 Lei de Responsabilidade Fiscal - Minist\u00e9rio P\u00fablico de Contas do Estado do Paran\u00e1","og_description":"A Segunda C\u00e2mara do Tribunal de Contas do Paran\u00e1 (TCE-PR) recomendou a irregularidade das contas do Prefeito Municipal de S\u00e3o Jo\u00e3o, referente ao exerc\u00edcio de 2020, de responsabilidade do Altair Jos\u00e9 Gasparetto (gest\u00f5es 2013-2016 e 2017-2020). A decis\u00e3o, expressa no Ac\u00f3rd\u00e3o de Parecer Pr\u00e9vio n\u00b0 141\/23, ocorreu em raz\u00e3o da exist\u00eancia de obriga\u00e7\u00e3o de despesa [&hellip;]","og_url":"https:\/\/www.mpc.pr.gov.br\/index.php\/ex-prefeito-de-sao-joao-e-multado-por-infracao-a-lei-de-responsabilidade-fiscal\/","og_site_name":"Minist\u00e9rio P\u00fablico de Contas do Estado do Paran\u00e1","article_publisher":"https:\/\/www.facebook.com\/mpc.pr","article_published_time":"2023-05-11T16:23:47+00:00","article_modified_time":"2023-05-29T17:08:22+00:00","og_image":[{"width":566,"height":462,"url":"https:\/\/www.mpc.pr.gov.br\/wp-content\/uploads\/2023\/05\/Sao-Joao.jpg","type":"image\/jpeg"}],"author":"mpcontaspr","twitter_card":"summary_large_image","twitter_misc":{"Escrito por":"mpcontaspr","Est. tempo de leitura":"4 minutos"},"schema":{"@context":"https:\/\/schema.org","@graph":[{"@type":"Article","@id":"https:\/\/www.mpc.pr.gov.br\/index.php\/ex-prefeito-de-sao-joao-e-multado-por-infracao-a-lei-de-responsabilidade-fiscal\/#article","isPartOf":{"@id":"https:\/\/www.mpc.pr.gov.br\/index.php\/ex-prefeito-de-sao-joao-e-multado-por-infracao-a-lei-de-responsabilidade-fiscal\/"},"author":{"name":"mpcontaspr","@id":"https:\/\/www.mpc.pr.gov.br\/#\/schema\/person\/2d83cb8980538d0ec174e8a6284f5e11"},"headline":"Ex-Prefeito de S\u00e3o Jo\u00e3o \u00e9 multado por infra\u00e7\u00e3o \u00e0 Lei de Responsabilidade Fiscal","datePublished":"2023-05-11T16:23:47+00:00","dateModified":"2023-05-29T17:08:22+00:00","mainEntityOfPage":{"@id":"https:\/\/www.mpc.pr.gov.br\/index.php\/ex-prefeito-de-sao-joao-e-multado-por-infracao-a-lei-de-responsabilidade-fiscal\/"},"wordCount":748,"commentCount":0,"publisher":{"@id":"https:\/\/www.mpc.pr.gov.br\/#organization"},"image":{"@id":"https:\/\/www.mpc.pr.gov.br\/index.php\/ex-prefeito-de-sao-joao-e-multado-por-infracao-a-lei-de-responsabilidade-fiscal\/#primaryimage"},"thumbnailUrl":"https:\/\/www.mpc.pr.gov.br\/wp-content\/uploads\/2023\/05\/Sao-Joao.jpg","keywords":["Lei de Responsabilidade Fiscal","MPC-PR","Presta\u00e7\u00e3o de Contas","S\u00e3o Jo\u00e3o","TCE-PR"],"articleSection":["Todas as not\u00edcias"],"inLanguage":"pt-BR","potentialAction":[{"@type":"CommentAction","name":"Comment","target":["https:\/\/www.mpc.pr.gov.br\/index.php\/ex-prefeito-de-sao-joao-e-multado-por-infracao-a-lei-de-responsabilidade-fiscal\/#respond"]}]},{"@type":"WebPage","@id":"https:\/\/www.mpc.pr.gov.br\/index.php\/ex-prefeito-de-sao-joao-e-multado-por-infracao-a-lei-de-responsabilidade-fiscal\/","url":"https:\/\/www.mpc.pr.gov.br\/index.php\/ex-prefeito-de-sao-joao-e-multado-por-infracao-a-lei-de-responsabilidade-fiscal\/","name":"Ex-Prefeito de S\u00e3o Jo\u00e3o \u00e9 multado por infra\u00e7\u00e3o \u00e0 Lei de Responsabilidade Fiscal - Minist\u00e9rio P\u00fablico de Contas do Estado do Paran\u00e1","isPartOf":{"@id":"https:\/\/www.mpc.pr.gov.br\/#website"},"primaryImageOfPage":{"@id":"https:\/\/www.mpc.pr.gov.br\/index.php\/ex-prefeito-de-sao-joao-e-multado-por-infracao-a-lei-de-responsabilidade-fiscal\/#primaryimage"},"image":{"@id":"https:\/\/www.mpc.pr.gov.br\/index.php\/ex-prefeito-de-sao-joao-e-multado-por-infracao-a-lei-de-responsabilidade-fiscal\/#primaryimage"},"thumbnailUrl":"https:\/\/www.mpc.pr.gov.br\/wp-content\/uploads\/2023\/05\/Sao-Joao.jpg","datePublished":"2023-05-11T16:23:47+00:00","dateModified":"2023-05-29T17:08:22+00:00","breadcrumb":{"@id":"https:\/\/www.mpc.pr.gov.br\/index.php\/ex-prefeito-de-sao-joao-e-multado-por-infracao-a-lei-de-responsabilidade-fiscal\/#breadcrumb"},"inLanguage":"pt-BR","potentialAction":[{"@type":"ReadAction","target":["https:\/\/www.mpc.pr.gov.br\/index.php\/ex-prefeito-de-sao-joao-e-multado-por-infracao-a-lei-de-responsabilidade-fiscal\/"]}]},{"@type":"ImageObject","inLanguage":"pt-BR","@id":"https:\/\/www.mpc.pr.gov.br\/index.php\/ex-prefeito-de-sao-joao-e-multado-por-infracao-a-lei-de-responsabilidade-fiscal\/#primaryimage","url":"https:\/\/www.mpc.pr.gov.br\/wp-content\/uploads\/2023\/05\/Sao-Joao.jpg","contentUrl":"https:\/\/www.mpc.pr.gov.br\/wp-content\/uploads\/2023\/05\/Sao-Joao.jpg","width":566,"height":462,"caption":"Vista da sede urbana de S\u00e3o Jo\u00e3o, munic\u00edpio da Regi\u00e3o Sudoeste do Paran\u00e1. Foto: Divulga\u00e7\u00e3o."},{"@type":"BreadcrumbList","@id":"https:\/\/www.mpc.pr.gov.br\/index.php\/ex-prefeito-de-sao-joao-e-multado-por-infracao-a-lei-de-responsabilidade-fiscal\/#breadcrumb","itemListElement":[{"@type":"ListItem","position":1,"name":"In\u00edcio","item":"https:\/\/www.mpc.pr.gov.br\/"},{"@type":"ListItem","position":2,"name":"Ex-Prefeito de S\u00e3o Jo\u00e3o \u00e9 multado por infra\u00e7\u00e3o \u00e0 Lei de Responsabilidade Fiscal"}]},{"@type":"WebSite","@id":"https:\/\/www.mpc.pr.gov.br\/#website","url":"https:\/\/www.mpc.pr.gov.br\/","name":"Minist\u00e9rio P\u00fablico de Contas do Estado do Paran\u00e1","description":"","publisher":{"@id":"https:\/\/www.mpc.pr.gov.br\/#organization"},"potentialAction":[{"@type":"SearchAction","target":{"@type":"EntryPoint","urlTemplate":"https:\/\/www.mpc.pr.gov.br\/?s={search_term_string}"},"query-input":{"@type":"PropertyValueSpecification","valueRequired":true,"valueName":"search_term_string"}}],"inLanguage":"pt-BR"},{"@type":"Organization","@id":"https:\/\/www.mpc.pr.gov.br\/#organization","name":"Minist\u00e9rio P\u00fablico de Contas do Estado do Paran\u00e1","url":"https:\/\/www.mpc.pr.gov.br\/","logo":{"@type":"ImageObject","inLanguage":"pt-BR","@id":"https:\/\/www.mpc.pr.gov.br\/#\/schema\/logo\/image\/","url":"https:\/\/www.mpc.pr.gov.br\/wp-content\/uploads\/2020\/06\/99423647_1593460364143890_6706793420720963584_n-1-e1591387983167.png","contentUrl":"https:\/\/www.mpc.pr.gov.br\/wp-content\/uploads\/2020\/06\/99423647_1593460364143890_6706793420720963584_n-1-e1591387983167.png","width":243,"height":73,"caption":"Minist\u00e9rio P\u00fablico de Contas do Estado do Paran\u00e1"},"image":{"@id":"https:\/\/www.mpc.pr.gov.br\/#\/schema\/logo\/image\/"},"sameAs":["https:\/\/www.facebook.com\/mpc.pr","https:\/\/www.instagram.com\/mpc.pr\/?hl=pt-br","https:\/\/www.youtube.com\/channel\/UCHri5oEM8DV0ztX57E0sBSw"]},{"@type":"Person","@id":"https:\/\/www.mpc.pr.gov.br\/#\/schema\/person\/2d83cb8980538d0ec174e8a6284f5e11","name":"mpcontaspr","image":{"@type":"ImageObject","inLanguage":"pt-BR","@id":"https:\/\/secure.gravatar.com\/avatar\/1aef51541db7622e05fd639336c9c9f312c2a618396e2b6ca96846362fc5403f?s=96&d=mm&r=g","url":"https:\/\/secure.gravatar.com\/avatar\/1aef51541db7622e05fd639336c9c9f312c2a618396e2b6ca96846362fc5403f?s=96&d=mm&r=g","contentUrl":"https:\/\/secure.gravatar.com\/avatar\/1aef51541db7622e05fd639336c9c9f312c2a618396e2b6ca96846362fc5403f?s=96&d=mm&r=g","caption":"mpcontaspr"},"sameAs":["http:\/\/www.mpc.pr.gov.br"]}]}},"rttpg_featured_image_url":{"full":["https:\/\/www.mpc.pr.gov.br\/wp-content\/uploads\/2023\/05\/Sao-Joao.jpg",566,462,false],"landscape":["https:\/\/www.mpc.pr.gov.br\/wp-content\/uploads\/2023\/05\/Sao-Joao.jpg",566,462,false],"portraits":["https:\/\/www.mpc.pr.gov.br\/wp-content\/uploads\/2023\/05\/Sao-Joao.jpg",566,462,false],"thumbnail":["https:\/\/www.mpc.pr.gov.br\/wp-content\/uploads\/2023\/05\/Sao-Joao-150x150.jpg",150,150,true],"medium":["https:\/\/www.mpc.pr.gov.br\/wp-content\/uploads\/2023\/05\/Sao-Joao-300x245.jpg",300,245,true],"large":["https:\/\/www.mpc.pr.gov.br\/wp-content\/uploads\/2023\/05\/Sao-Joao.jpg",566,462,false],"1536x1536":["https:\/\/www.mpc.pr.gov.br\/wp-content\/uploads\/2023\/05\/Sao-Joao.jpg",566,462,false],"2048x2048":["https:\/\/www.mpc.pr.gov.br\/wp-content\/uploads\/2023\/05\/Sao-Joao.jpg",566,462,false],"ocean-thumb-m":["https:\/\/www.mpc.pr.gov.br\/wp-content\/uploads\/2023\/05\/Sao-Joao.jpg",566,462,false],"ocean-thumb-ml":["https:\/\/www.mpc.pr.gov.br\/wp-content\/uploads\/2023\/05\/Sao-Joao-566x450.jpg",566,450,true],"ocean-thumb-l":["https:\/\/www.mpc.pr.gov.br\/wp-content\/uploads\/2023\/05\/Sao-Joao.jpg",566,462,false]},"rttpg_author":{"display_name":"mpcontaspr","author_link":"https:\/\/www.mpc.pr.gov.br\/index.php\/author\/mpcontaspr\/"},"rttpg_comment":0,"rttpg_category":"<a href=\"https:\/\/www.mpc.pr.gov.br\/index.php\/category\/todas-as-noticias\/\" rel=\"category tag\">Todas as not\u00edcias<\/a>","rttpg_excerpt":"A Segunda C\u00e2mara do Tribunal de Contas do Paran\u00e1 (TCE-PR) recomendou a irregularidade das contas do Prefeito Municipal de S\u00e3o Jo\u00e3o, referente ao exerc\u00edcio de 2020, de responsabilidade do Altair Jos\u00e9 Gasparetto (gest\u00f5es 2013-2016 e 2017-2020). A decis\u00e3o, expressa no Ac\u00f3rd\u00e3o de Parecer Pr\u00e9vio n\u00b0 141\/23, ocorreu em raz\u00e3o da exist\u00eancia de obriga\u00e7\u00e3o de despesa&hellip;","_links":{"self":[{"href":"https:\/\/www.mpc.pr.gov.br\/index.php\/wp-json\/wp\/v2\/posts\/15734","targetHints":{"allow":["GET"]}}],"collection":[{"href":"https:\/\/www.mpc.pr.gov.br\/index.php\/wp-json\/wp\/v2\/posts"}],"about":[{"href":"https:\/\/www.mpc.pr.gov.br\/index.php\/wp-json\/wp\/v2\/types\/post"}],"author":[{"embeddable":true,"href":"https:\/\/www.mpc.pr.gov.br\/index.php\/wp-json\/wp\/v2\/users\/1"}],"replies":[{"embeddable":true,"href":"https:\/\/www.mpc.pr.gov.br\/index.php\/wp-json\/wp\/v2\/comments?post=15734"}],"version-history":[{"count":1,"href":"https:\/\/www.mpc.pr.gov.br\/index.php\/wp-json\/wp\/v2\/posts\/15734\/revisions"}],"predecessor-version":[{"id":15737,"href":"https:\/\/www.mpc.pr.gov.br\/index.php\/wp-json\/wp\/v2\/posts\/15734\/revisions\/15737"}],"wp:featuredmedia":[{"embeddable":true,"href":"https:\/\/www.mpc.pr.gov.br\/index.php\/wp-json\/wp\/v2\/media\/15728"}],"wp:attachment":[{"href":"https:\/\/www.mpc.pr.gov.br\/index.php\/wp-json\/wp\/v2\/media?parent=15734"}],"wp:term":[{"taxonomy":"category","embeddable":true,"href":"https:\/\/www.mpc.pr.gov.br\/index.php\/wp-json\/wp\/v2\/categories?post=15734"},{"taxonomy":"post_tag","embeddable":true,"href":"https:\/\/www.mpc.pr.gov.br\/index.php\/wp-json\/wp\/v2\/tags?post=15734"}],"curies":[{"name":"wp","href":"https:\/\/api.w.org\/{rel}","templated":true}]}}