{"id":15792,"date":"2023-05-23T13:41:49","date_gmt":"2023-05-23T16:41:49","guid":{"rendered":"https:\/\/www.mpc.pr.gov.br\/?p=15792"},"modified":"2023-06-12T11:09:24","modified_gmt":"2023-06-12T14:09:24","slug":"apos-parecer-do-mpc-pr-prefeitura-de-curitiba-recebe-recomendacoes-para-atualizacao-de-dados-no-sim-am","status":"publish","type":"post","link":"https:\/\/www.mpc.pr.gov.br\/index.php\/apos-parecer-do-mpc-pr-prefeitura-de-curitiba-recebe-recomendacoes-para-atualizacao-de-dados-no-sim-am\/","title":{"rendered":"Ap\u00f3s Parecer do MPC-PR, Prefeitura de Curitiba recebe recomenda\u00e7\u00f5es para atualiza\u00e7\u00e3o de dados no SIM-AM"},"content":{"rendered":"<figure id=\"attachment_11975\" aria-describedby=\"caption-attachment-11975\" style=\"width: 300px\" class=\"wp-caption alignleft\"><img fetchpriority=\"high\" decoding=\"async\" class=\"size-medium wp-image-11975\" src=\"https:\/\/www.mpc.pr.gov.br\/wp-content\/uploads\/2021\/04\/Prefeitura-de-Curitiba-300x243.jpg\" alt=\"\" width=\"300\" height=\"243\" srcset=\"https:\/\/www.mpc.pr.gov.br\/wp-content\/uploads\/2021\/04\/Prefeitura-de-Curitiba-300x243.jpg 300w, https:\/\/www.mpc.pr.gov.br\/wp-content\/uploads\/2021\/04\/Prefeitura-de-Curitiba.jpg 640w\" sizes=\"(max-width: 300px) 100vw, 300px\" \/><figcaption id=\"caption-attachment-11975\" class=\"wp-caption-text\">Sede da Prefeitura de Curitiba, no bairro Centro C\u00edvico. Foto: Wagner Ara\u00fajo\/Divulga\u00e7\u00e3o TCE-PR.<\/figcaption><\/figure>\n<p><span data-contrast=\"none\">A Primeira C\u00e2mara do Tribunal de Contas do Paran\u00e1 (TCE-PR) julgou regulares, com ressalvas, as contas objeto da Tomada de Contas Extraordin\u00e1ria instaurada em face do Munic\u00edpio de Curitiba, por solicita\u00e7\u00e3o da Coordenadoria de Obras P\u00fablicas (COP). Acompanhando o opinativo t\u00e9cnico e do Minist\u00e9rio P\u00fablico de Contas do Paran\u00e1 (MPC-PR), tamb\u00e9m foram expedidas duas recomenda\u00e7\u00f5es \u00e0 Prefeitura Municipal, relativas \u00e0 inser\u00e7\u00e3o de dados no <a href=\"https:\/\/www1.tce.pr.gov.br\/conteudo\/sim-sistema-de-informacao-municipal\/213\/area\/251\">Sistema de Informa\u00e7\u00e3o Municipal \u2013 Acompanhamento Mensal (SIM-AM)<\/a>.<\/span><span data-ccp-props=\"{&quot;201341983&quot;:0,&quot;335551550&quot;:6,&quot;335551620&quot;:6,&quot;335559739&quot;:160,&quot;335559740&quot;:360}\">\u00a0<\/span><\/p>\n<p><span data-contrast=\"none\">A Tomada de Contas Extraordin\u00e1ria teve como base o Relat\u00f3rio de Auditoria n\u00ba 19\/2021, no qual a COP apontou seis Achados de auditoria, dos quais cinco foram considerados como sanados ap\u00f3s a fase de discuss\u00e3o da Matriz de Achados Preliminar. Dessa an\u00e1lise, restou um \u00fanico achado referente a irregularidades decorrentes da inser\u00e7\u00e3o de informa\u00e7\u00f5es no Portal de Informa\u00e7\u00f5es para Todos \u2013 M\u00f3dulo \u201cSistema de Informa\u00e7\u00e3o Municipal \u2013 Acompanhamento Mensal\u201d (PIT\/SIM-AM) do TCE-PR, bem como no Portal Municipal de responsabilidade da Prefeitura de Curitiba.<\/span><span data-ccp-props=\"{&quot;201341983&quot;:0,&quot;335551550&quot;:6,&quot;335551620&quot;:6,&quot;335559739&quot;:160,&quot;335559740&quot;:360}\">\u00a0<\/span><\/p>\n<p><span data-contrast=\"none\">No decorrer da instru\u00e7\u00e3o processual, o relator Conselheiro Ivens Zschoerper Linhares acompanhou a manifesta\u00e7\u00e3o do MPC-PR ao entender que n\u00e3o houve irregularidade pass\u00edvel de penalidade, assim como verificou que a municipalidade tomou medidas visando solucionar integralmente as impropriedades e evitar a reincid\u00eancia das falhas.\u00a0<\/span><span data-ccp-props=\"{&quot;201341983&quot;:0,&quot;335551550&quot;:6,&quot;335551620&quot;:6,&quot;335559739&quot;:160,&quot;335559740&quot;:360}\">\u00a0<\/span><\/p>\n<h4><b><span data-contrast=\"none\">Instru\u00e7\u00e3o do Processo<\/span><\/b><span data-ccp-props=\"{&quot;201341983&quot;:0,&quot;335551550&quot;:6,&quot;335551620&quot;:6,&quot;335559739&quot;:160,&quot;335559740&quot;:360}\">\u00a0<\/span><\/h4>\n<p><span data-contrast=\"none\">Na inicial, a Coordenadoria de Obras P\u00fablicas apontou como respons\u00e1veis pelas irregularidades apontadas o servidor respons\u00e1vel pelo M\u00f3dulo de Obras P\u00fablicas do SIM-AM, Contador e a Controladora em Finan\u00e7as, aos quais sugeriu a aplica\u00e7\u00e3o individual da multa prevista no artigo 87, IV, \u201cg\u201d, da <a href=\"https:\/\/www1.tce.pr.gov.br\/conteudo\/lei-organica-e-regimento-interno-biblioteca-biblioteca\/107#:~:text=A%20disponibiliza%C3%A7%C3%A3o%20da%20Lei%20Org%C3%A2nica,jurisdicionados%20e%20t%C3%A9cnicos%20da%20Casa.\">Lei Complementar n\u00ba 113\/2005<\/a>.\u00a0<\/span><span data-ccp-props=\"{&quot;201341983&quot;:0,&quot;335551550&quot;:6,&quot;335551620&quot;:6,&quot;335559739&quot;:160,&quot;335559740&quot;:360}\">\u00a0<\/span><\/p>\n<p><span data-contrast=\"none\">Instados a se manifestar, os interessados apresentaram defesa, tendo o Munic\u00edpio de Curitiba pontuado que, atendendo \u00e0s orienta\u00e7\u00f5es da unidade t\u00e9cnica, iniciou a corre\u00e7\u00e3o das falhas nos sistemas SIM-AM e PIT; criou o m\u00f3dulo de coleta de dados das obras p\u00fablicas; promoveu a integra\u00e7\u00e3o das ferramentas; e est\u00e1 qualificando os respons\u00e1veis pela implanta\u00e7\u00e3o dos documentos.<\/span><span data-ccp-props=\"{&quot;201341983&quot;:0,&quot;335551550&quot;:6,&quot;335551620&quot;:6,&quot;335559739&quot;:160,&quot;335559740&quot;:360}\">\u00a0<\/span><\/p>\n<p><span data-contrast=\"none\">Em instru\u00e7\u00e3o conclusiva, a Coordenadoria de Gest\u00e3o Municipal (CGM), manifestou-se pelo afastamento das multas inicialmente sugeridas pela COP, com o consequente arquivamento do feito.<\/span><span data-ccp-props=\"{&quot;201341983&quot;:0,&quot;335551550&quot;:6,&quot;335551620&quot;:6,&quot;335559739&quot;:160,&quot;335559740&quot;:360}\">\u00a0<\/span><\/p>\n<p><span data-contrast=\"none\">Por sua vez, o Minist\u00e9rio P\u00fablico de Contas opinou pela proced\u00eancia da Tomada de Contas Extraordin\u00e1ria, de modo a julgar as contas regulares com ressalva, por entender que a Prefeitura de Curitiba est\u00e1 adotando medidas para regularizar a situa\u00e7\u00e3o e evitar falhas futuras. Mediante o <a href=\"https:\/\/www.mpc.pr.gov.br\/wp-content\/uploads\/2023\/05\/Parecer-1050-22-mpc-pr.pdf\">Parecer n\u00b0 1050\/22<\/a>, o MPC-PR sugeriu a expedi\u00e7\u00e3o de recomenda\u00e7\u00e3o para que \u201co ente cadastre novas interven\u00e7\u00f5es no SIM-AM t\u00e3o logo o contrato seja assinado, seguindo a periodicidade mensal estabelecida pela <a href=\"https:\/\/www1.tce.pr.gov.br\/conteudo\/instrucao-normativa-n-84-de-20-de-dezembro-de-2012\/237581\/area\/10#:~:text=Instru%C3%A7%C3%A3o%20Normativa%20n.-,84%2C%20de%2020%20de%20dezembro%20de%202012.,este%2C%20e%20d%C3%A1%20outras%20provid%C3%AAncias.&amp;text=Dispon%C3%ADvel%20em%3A%20Di%C3%A1rio%20Eletr%C3%B4nico%20do,%2C%20Curitiba%2C%20PR%2C%20n.\">Instru\u00e7\u00e3o Normativa n\u00ba 84\/2012 do TCE-PR<\/a>, o que dever\u00e1 tamb\u00e9m ocorrer com a documenta\u00e7\u00e3o de acompanhamento, cujas datas dever\u00e3o coincidir com as constantes nos boletins de medi\u00e7\u00e3o (com fotos), ou eventuais termos de paralisa\u00e7\u00e3o. O mesmo deve ser aplicado aos termos de recebimento provis\u00f3rio e definitivo, de modo a possibilitar a realiza\u00e7\u00e3o dos controles externo e social de forma tempestiva.<\/span><span data-ccp-props=\"{&quot;201341983&quot;:0,&quot;335551550&quot;:6,&quot;335551620&quot;:6,&quot;335559739&quot;:160,&quot;335559740&quot;:360}\">\u00a0<\/span><\/p>\n<h4><b><span data-contrast=\"none\">Decis\u00e3o<\/span><\/b><span data-ccp-props=\"{&quot;201341983&quot;:0,&quot;335551550&quot;:6,&quot;335551620&quot;:6,&quot;335559739&quot;:160,&quot;335559740&quot;:360}\">\u00a0<\/span><\/h4>\n<p><span data-contrast=\"none\">Em sede de decis\u00e3o, expressa no <a href=\"https:\/\/www.mpc.pr.gov.br\/wp-content\/uploads\/2023\/05\/Acordao-1078-23-tce-pr-mpc-pr.pdf\">Ac\u00f3rd\u00e3o n\u00b0 1078\/23<\/a>, o relator concluiu que, apesar das irregularidades apontadas, n\u00e3o houve qualquer dano ao er\u00e1rio. Al\u00e9m disso, restou comprovado que n\u00e3o cabia \u00e0s partes citadas no processo a elabora\u00e7\u00e3o e valida\u00e7\u00e3o das informa\u00e7\u00f5es das obras p\u00fablicas encaminhadas ao Tribunal de Contas, pois estavam incumbidas somente pelo envio dos dados e do fechamento mensal do SIM-AM (M\u00f3dulo de Obras) e PIT.\u00a0<\/span><span data-ccp-props=\"{&quot;201341983&quot;:0,&quot;335551550&quot;:6,&quot;335551620&quot;:6,&quot;335559739&quot;:160,&quot;335559740&quot;:360}\">\u00a0<\/span><\/p>\n<p><span data-contrast=\"none\">Por fim, conforme as defesas apresentadas, o Relator destacou que o Munic\u00edpio j\u00e1 estava buscando sanar as inconsist\u00eancias objetos do achado antes mesmo da atua\u00e7\u00e3o deste Tribunal. Assim, votou pela regularidade com ressalva das contas, bem como a expedi\u00e7\u00e3o da recomenda\u00e7\u00e3o proposta pelo Minist\u00e9rio P\u00fablico de Contas.<\/span><span data-ccp-props=\"{&quot;201341983&quot;:0,&quot;335551550&quot;:6,&quot;335551620&quot;:6,&quot;335559739&quot;:160,&quot;335559740&quot;:360}\">\u00a0<\/span><\/p>\n<p><span data-contrast=\"none\">Os membros da Primeira C\u00e2mara acompanharam, por unanimidade, o voto do Relator, determinando tamb\u00e9m que, al\u00e9m da recomenda\u00e7\u00e3o sugerida pelo MPC-PR, seja expedida a recomenda\u00e7\u00e3o sugerida pela Coordenadoria de Obras P\u00fablicas, para que o ente municipal elabore procedimento formal que defina a utiliza\u00e7\u00e3o do sistema SIM-AM, especificamente o m\u00f3dulo de obras p\u00fablicas, de maneira integrada aos demais m\u00f3dulos, para que sirva como ferramenta gerencial e de transpar\u00eancia p\u00fablica, al\u00e9m de disciplinar as responsabilidades dos agentes e setores envolvidos na presta\u00e7\u00e3o e valida\u00e7\u00e3o das informa\u00e7\u00f5es enviadas ao SIM-AM, contemplando a valida\u00e7\u00e3o no PIT, conforme orienta\u00e7\u00f5es contidas na documenta\u00e7\u00e3o pr\u00f3pria e nos treinamentos disponibilizados no portal do TCEPR, com destaque para \u201cSIM-AM: M\u00f3dulo de Obras P\u00fablicas \u2013 Envio de Informa\u00e7\u00f5es e Vincula\u00e7\u00e3o com Atoteca.<\/span><span data-ccp-props=\"{&quot;201341983&quot;:0,&quot;335551550&quot;:6,&quot;335551620&quot;:6,&quot;335559739&quot;:160,&quot;335559740&quot;:360}\">\u00a0<\/span><\/p>\n<blockquote>\n<h4><span style=\"color: #820007;\"><strong><u>Informa\u00e7\u00e3o para consulta processual<\/u><\/strong><\/span><\/h4>\n<table border=\"0\" width=\"629\" cellspacing=\"0\" cellpadding=\"0\">\n<tbody>\n<tr>\n<td><strong>Processo<\/strong>\u00a0<strong>n\u00ba<\/strong>:<\/td>\n<td><span class=\"TextRun SCXW15784079 BCX0\" lang=\"PT-PT\" xml:lang=\"PT-PT\" data-contrast=\"auto\"><span class=\"NormalTextRun SCXW15784079 BCX0\">764566\/21<\/span><\/span><\/td>\n<\/tr>\n<tr>\n<td><strong>Ac\u00f3rd\u00e3o n\u00ba<\/strong><\/td>\n<td>1078\/23 &#8211; Primeira C\u00e2mara<\/td>\n<\/tr>\n<tr>\n<td><strong>Assunto<\/strong>:<\/td>\n<td>Tomada de Contas Extraordin\u00e1ria<\/td>\n<\/tr>\n<tr>\n<td><strong>Entidade<\/strong>:<\/td>\n<td>Munic\u00edpio de Curitiba<\/td>\n<\/tr>\n<tr>\n<td><strong>Relator<\/strong>:<\/td>\n<td>Conselheiro Ivens Zschoerper Linhares<\/td>\n<\/tr>\n<\/tbody>\n<\/table>\n<\/blockquote>\n","protected":false},"excerpt":{"rendered":"<p>A Primeira C\u00e2mara do Tribunal de Contas do Paran\u00e1 (TCE-PR) julgou regulares, com ressalvas, as contas objeto da Tomada de Contas Extraordin\u00e1ria instaurada em face do Munic\u00edpio de Curitiba, por solicita\u00e7\u00e3o da Coordenadoria de Obras P\u00fablicas (COP). Acompanhando o opinativo t\u00e9cnico e do Minist\u00e9rio P\u00fablico de Contas do Paran\u00e1 (MPC-PR), tamb\u00e9m foram expedidas duas recomenda\u00e7\u00f5es [&hellip;]<\/p>\n","protected":false},"author":1,"featured_media":11975,"comment_status":"open","ping_status":"open","sticky":false,"template":"","format":"standard","meta":{"_monsterinsights_skip_tracking":false,"_monsterinsights_sitenote_active":false,"_monsterinsights_sitenote_note":"","_monsterinsights_sitenote_category":0,"footnotes":""},"categories":[7],"tags":[249,13,149,32,39,201],"class_list":["post-15792","post","type-post","status-publish","format-standard","has-post-thumbnail","hentry","category-todas-as-noticias","tag-curitiba","tag-mpc-pr","tag-primeira-camara","tag-recomendacoes","tag-tce-pr","tag-tomada-de-contas-extraordinaria","entry","has-media"],"yoast_head":"<!-- This site is optimized with the Yoast SEO plugin v27.3 - https:\/\/yoast.com\/product\/yoast-seo-wordpress\/ -->\n<title>Ap\u00f3s Parecer do MPC-PR, Prefeitura de Curitiba recebe recomenda\u00e7\u00f5es para atualiza\u00e7\u00e3o de dados no SIM-AM - Minist\u00e9rio P\u00fablico de Contas do Estado do Paran\u00e1<\/title>\n<meta name=\"robots\" content=\"index, follow, max-snippet:-1, max-image-preview:large, max-video-preview:-1\" \/>\n<link rel=\"canonical\" href=\"https:\/\/www.mpc.pr.gov.br\/index.php\/apos-parecer-do-mpc-pr-prefeitura-de-curitiba-recebe-recomendacoes-para-atualizacao-de-dados-no-sim-am\/\" \/>\n<meta property=\"og:locale\" content=\"pt_BR\" \/>\n<meta property=\"og:type\" content=\"article\" \/>\n<meta property=\"og:title\" content=\"Ap\u00f3s Parecer do MPC-PR, Prefeitura de Curitiba recebe recomenda\u00e7\u00f5es para atualiza\u00e7\u00e3o de dados no SIM-AM - Minist\u00e9rio P\u00fablico de Contas do Estado do Paran\u00e1\" \/>\n<meta property=\"og:description\" content=\"A Primeira C\u00e2mara do Tribunal de Contas do Paran\u00e1 (TCE-PR) julgou regulares, com ressalvas, as contas objeto da Tomada de Contas Extraordin\u00e1ria instaurada em face do Munic\u00edpio de Curitiba, por solicita\u00e7\u00e3o da Coordenadoria de Obras P\u00fablicas (COP). Acompanhando o opinativo t\u00e9cnico e do Minist\u00e9rio P\u00fablico de Contas do Paran\u00e1 (MPC-PR), tamb\u00e9m foram expedidas duas recomenda\u00e7\u00f5es [&hellip;]\" \/>\n<meta property=\"og:url\" content=\"https:\/\/www.mpc.pr.gov.br\/index.php\/apos-parecer-do-mpc-pr-prefeitura-de-curitiba-recebe-recomendacoes-para-atualizacao-de-dados-no-sim-am\/\" \/>\n<meta property=\"og:site_name\" content=\"Minist\u00e9rio P\u00fablico de Contas do Estado do Paran\u00e1\" \/>\n<meta property=\"article:publisher\" content=\"https:\/\/www.facebook.com\/mpc.pr\" \/>\n<meta property=\"article:published_time\" content=\"2023-05-23T16:41:49+00:00\" \/>\n<meta property=\"article:modified_time\" content=\"2023-06-12T14:09:24+00:00\" \/>\n<meta property=\"og:image\" content=\"https:\/\/www.mpc.pr.gov.br\/wp-content\/uploads\/2021\/04\/Prefeitura-de-Curitiba.jpg\" \/>\n\t<meta property=\"og:image:width\" content=\"640\" \/>\n\t<meta property=\"og:image:height\" content=\"518\" \/>\n\t<meta property=\"og:image:type\" content=\"image\/jpeg\" \/>\n<meta name=\"author\" content=\"mpcontaspr\" \/>\n<meta name=\"twitter:card\" content=\"summary_large_image\" \/>\n<meta name=\"twitter:label1\" content=\"Escrito por\" \/>\n\t<meta name=\"twitter:data1\" content=\"mpcontaspr\" \/>\n\t<meta name=\"twitter:label2\" content=\"Est. tempo de leitura\" \/>\n\t<meta name=\"twitter:data2\" content=\"5 minutos\" \/>\n<script type=\"application\/ld+json\" class=\"yoast-schema-graph\">{\"@context\":\"https:\\\/\\\/schema.org\",\"@graph\":[{\"@type\":\"Article\",\"@id\":\"https:\\\/\\\/www.mpc.pr.gov.br\\\/index.php\\\/apos-parecer-do-mpc-pr-prefeitura-de-curitiba-recebe-recomendacoes-para-atualizacao-de-dados-no-sim-am\\\/#article\",\"isPartOf\":{\"@id\":\"https:\\\/\\\/www.mpc.pr.gov.br\\\/index.php\\\/apos-parecer-do-mpc-pr-prefeitura-de-curitiba-recebe-recomendacoes-para-atualizacao-de-dados-no-sim-am\\\/\"},\"author\":{\"name\":\"mpcontaspr\",\"@id\":\"https:\\\/\\\/www.mpc.pr.gov.br\\\/#\\\/schema\\\/person\\\/2d83cb8980538d0ec174e8a6284f5e11\"},\"headline\":\"Ap\u00f3s Parecer do MPC-PR, Prefeitura de Curitiba recebe recomenda\u00e7\u00f5es para atualiza\u00e7\u00e3o de dados no SIM-AM\",\"datePublished\":\"2023-05-23T16:41:49+00:00\",\"dateModified\":\"2023-06-12T14:09:24+00:00\",\"mainEntityOfPage\":{\"@id\":\"https:\\\/\\\/www.mpc.pr.gov.br\\\/index.php\\\/apos-parecer-do-mpc-pr-prefeitura-de-curitiba-recebe-recomendacoes-para-atualizacao-de-dados-no-sim-am\\\/\"},\"wordCount\":872,\"commentCount\":0,\"publisher\":{\"@id\":\"https:\\\/\\\/www.mpc.pr.gov.br\\\/#organization\"},\"image\":{\"@id\":\"https:\\\/\\\/www.mpc.pr.gov.br\\\/index.php\\\/apos-parecer-do-mpc-pr-prefeitura-de-curitiba-recebe-recomendacoes-para-atualizacao-de-dados-no-sim-am\\\/#primaryimage\"},\"thumbnailUrl\":\"https:\\\/\\\/www.mpc.pr.gov.br\\\/wp-content\\\/uploads\\\/2021\\\/04\\\/Prefeitura-de-Curitiba.jpg\",\"keywords\":[\"Curitiba\",\"MPC-PR\",\"Primeira C\u00e2mara\",\"Recomenda\u00e7\u00f5es\",\"TCE-PR\",\"Tomada de Contas Extraordin\u00e1ria\"],\"articleSection\":[\"Todas as not\u00edcias\"],\"inLanguage\":\"pt-BR\",\"potentialAction\":[{\"@type\":\"CommentAction\",\"name\":\"Comment\",\"target\":[\"https:\\\/\\\/www.mpc.pr.gov.br\\\/index.php\\\/apos-parecer-do-mpc-pr-prefeitura-de-curitiba-recebe-recomendacoes-para-atualizacao-de-dados-no-sim-am\\\/#respond\"]}]},{\"@type\":\"WebPage\",\"@id\":\"https:\\\/\\\/www.mpc.pr.gov.br\\\/index.php\\\/apos-parecer-do-mpc-pr-prefeitura-de-curitiba-recebe-recomendacoes-para-atualizacao-de-dados-no-sim-am\\\/\",\"url\":\"https:\\\/\\\/www.mpc.pr.gov.br\\\/index.php\\\/apos-parecer-do-mpc-pr-prefeitura-de-curitiba-recebe-recomendacoes-para-atualizacao-de-dados-no-sim-am\\\/\",\"name\":\"Ap\u00f3s Parecer do MPC-PR, Prefeitura de Curitiba recebe recomenda\u00e7\u00f5es para atualiza\u00e7\u00e3o de dados no SIM-AM - Minist\u00e9rio P\u00fablico de Contas do Estado do Paran\u00e1\",\"isPartOf\":{\"@id\":\"https:\\\/\\\/www.mpc.pr.gov.br\\\/#website\"},\"primaryImageOfPage\":{\"@id\":\"https:\\\/\\\/www.mpc.pr.gov.br\\\/index.php\\\/apos-parecer-do-mpc-pr-prefeitura-de-curitiba-recebe-recomendacoes-para-atualizacao-de-dados-no-sim-am\\\/#primaryimage\"},\"image\":{\"@id\":\"https:\\\/\\\/www.mpc.pr.gov.br\\\/index.php\\\/apos-parecer-do-mpc-pr-prefeitura-de-curitiba-recebe-recomendacoes-para-atualizacao-de-dados-no-sim-am\\\/#primaryimage\"},\"thumbnailUrl\":\"https:\\\/\\\/www.mpc.pr.gov.br\\\/wp-content\\\/uploads\\\/2021\\\/04\\\/Prefeitura-de-Curitiba.jpg\",\"datePublished\":\"2023-05-23T16:41:49+00:00\",\"dateModified\":\"2023-06-12T14:09:24+00:00\",\"breadcrumb\":{\"@id\":\"https:\\\/\\\/www.mpc.pr.gov.br\\\/index.php\\\/apos-parecer-do-mpc-pr-prefeitura-de-curitiba-recebe-recomendacoes-para-atualizacao-de-dados-no-sim-am\\\/#breadcrumb\"},\"inLanguage\":\"pt-BR\",\"potentialAction\":[{\"@type\":\"ReadAction\",\"target\":[\"https:\\\/\\\/www.mpc.pr.gov.br\\\/index.php\\\/apos-parecer-do-mpc-pr-prefeitura-de-curitiba-recebe-recomendacoes-para-atualizacao-de-dados-no-sim-am\\\/\"]}]},{\"@type\":\"ImageObject\",\"inLanguage\":\"pt-BR\",\"@id\":\"https:\\\/\\\/www.mpc.pr.gov.br\\\/index.php\\\/apos-parecer-do-mpc-pr-prefeitura-de-curitiba-recebe-recomendacoes-para-atualizacao-de-dados-no-sim-am\\\/#primaryimage\",\"url\":\"https:\\\/\\\/www.mpc.pr.gov.br\\\/wp-content\\\/uploads\\\/2021\\\/04\\\/Prefeitura-de-Curitiba.jpg\",\"contentUrl\":\"https:\\\/\\\/www.mpc.pr.gov.br\\\/wp-content\\\/uploads\\\/2021\\\/04\\\/Prefeitura-de-Curitiba.jpg\",\"width\":640,\"height\":518,\"caption\":\"Sede da Prefeitura de Curitiba, no bairro Centro C\u00edvico. Foto: Wagner Ara\u00fajo\\\/Divulga\u00e7\u00e3o TCE-PR.\"},{\"@type\":\"BreadcrumbList\",\"@id\":\"https:\\\/\\\/www.mpc.pr.gov.br\\\/index.php\\\/apos-parecer-do-mpc-pr-prefeitura-de-curitiba-recebe-recomendacoes-para-atualizacao-de-dados-no-sim-am\\\/#breadcrumb\",\"itemListElement\":[{\"@type\":\"ListItem\",\"position\":1,\"name\":\"In\u00edcio\",\"item\":\"https:\\\/\\\/www.mpc.pr.gov.br\\\/\"},{\"@type\":\"ListItem\",\"position\":2,\"name\":\"Ap\u00f3s Parecer do MPC-PR, Prefeitura de Curitiba recebe recomenda\u00e7\u00f5es para atualiza\u00e7\u00e3o de dados no SIM-AM\"}]},{\"@type\":\"WebSite\",\"@id\":\"https:\\\/\\\/www.mpc.pr.gov.br\\\/#website\",\"url\":\"https:\\\/\\\/www.mpc.pr.gov.br\\\/\",\"name\":\"Minist\u00e9rio P\u00fablico de Contas do Estado do Paran\u00e1\",\"description\":\"\",\"publisher\":{\"@id\":\"https:\\\/\\\/www.mpc.pr.gov.br\\\/#organization\"},\"potentialAction\":[{\"@type\":\"SearchAction\",\"target\":{\"@type\":\"EntryPoint\",\"urlTemplate\":\"https:\\\/\\\/www.mpc.pr.gov.br\\\/?s={search_term_string}\"},\"query-input\":{\"@type\":\"PropertyValueSpecification\",\"valueRequired\":true,\"valueName\":\"search_term_string\"}}],\"inLanguage\":\"pt-BR\"},{\"@type\":\"Organization\",\"@id\":\"https:\\\/\\\/www.mpc.pr.gov.br\\\/#organization\",\"name\":\"Minist\u00e9rio P\u00fablico de Contas do Estado do Paran\u00e1\",\"url\":\"https:\\\/\\\/www.mpc.pr.gov.br\\\/\",\"logo\":{\"@type\":\"ImageObject\",\"inLanguage\":\"pt-BR\",\"@id\":\"https:\\\/\\\/www.mpc.pr.gov.br\\\/#\\\/schema\\\/logo\\\/image\\\/\",\"url\":\"https:\\\/\\\/www.mpc.pr.gov.br\\\/wp-content\\\/uploads\\\/2020\\\/06\\\/99423647_1593460364143890_6706793420720963584_n-1-e1591387983167.png\",\"contentUrl\":\"https:\\\/\\\/www.mpc.pr.gov.br\\\/wp-content\\\/uploads\\\/2020\\\/06\\\/99423647_1593460364143890_6706793420720963584_n-1-e1591387983167.png\",\"width\":243,\"height\":73,\"caption\":\"Minist\u00e9rio P\u00fablico de Contas do Estado do Paran\u00e1\"},\"image\":{\"@id\":\"https:\\\/\\\/www.mpc.pr.gov.br\\\/#\\\/schema\\\/logo\\\/image\\\/\"},\"sameAs\":[\"https:\\\/\\\/www.facebook.com\\\/mpc.pr\",\"https:\\\/\\\/www.instagram.com\\\/mpc.pr\\\/?hl=pt-br\",\"https:\\\/\\\/www.youtube.com\\\/channel\\\/UCHri5oEM8DV0ztX57E0sBSw\"]},{\"@type\":\"Person\",\"@id\":\"https:\\\/\\\/www.mpc.pr.gov.br\\\/#\\\/schema\\\/person\\\/2d83cb8980538d0ec174e8a6284f5e11\",\"name\":\"mpcontaspr\",\"image\":{\"@type\":\"ImageObject\",\"inLanguage\":\"pt-BR\",\"@id\":\"https:\\\/\\\/secure.gravatar.com\\\/avatar\\\/1aef51541db7622e05fd639336c9c9f312c2a618396e2b6ca96846362fc5403f?s=96&d=mm&r=g\",\"url\":\"https:\\\/\\\/secure.gravatar.com\\\/avatar\\\/1aef51541db7622e05fd639336c9c9f312c2a618396e2b6ca96846362fc5403f?s=96&d=mm&r=g\",\"contentUrl\":\"https:\\\/\\\/secure.gravatar.com\\\/avatar\\\/1aef51541db7622e05fd639336c9c9f312c2a618396e2b6ca96846362fc5403f?s=96&d=mm&r=g\",\"caption\":\"mpcontaspr\"},\"sameAs\":[\"http:\\\/\\\/www.mpc.pr.gov.br\"]}]}<\/script>\n<!-- \/ Yoast SEO plugin. -->","yoast_head_json":{"title":"Ap\u00f3s Parecer do MPC-PR, Prefeitura de Curitiba recebe recomenda\u00e7\u00f5es para atualiza\u00e7\u00e3o de dados no SIM-AM - Minist\u00e9rio P\u00fablico de Contas do Estado do Paran\u00e1","robots":{"index":"index","follow":"follow","max-snippet":"max-snippet:-1","max-image-preview":"max-image-preview:large","max-video-preview":"max-video-preview:-1"},"canonical":"https:\/\/www.mpc.pr.gov.br\/index.php\/apos-parecer-do-mpc-pr-prefeitura-de-curitiba-recebe-recomendacoes-para-atualizacao-de-dados-no-sim-am\/","og_locale":"pt_BR","og_type":"article","og_title":"Ap\u00f3s Parecer do MPC-PR, Prefeitura de Curitiba recebe recomenda\u00e7\u00f5es para atualiza\u00e7\u00e3o de dados no SIM-AM - Minist\u00e9rio P\u00fablico de Contas do Estado do Paran\u00e1","og_description":"A Primeira C\u00e2mara do Tribunal de Contas do Paran\u00e1 (TCE-PR) julgou regulares, com ressalvas, as contas objeto da Tomada de Contas Extraordin\u00e1ria instaurada em face do Munic\u00edpio de Curitiba, por solicita\u00e7\u00e3o da Coordenadoria de Obras P\u00fablicas (COP). Acompanhando o opinativo t\u00e9cnico e do Minist\u00e9rio P\u00fablico de Contas do Paran\u00e1 (MPC-PR), tamb\u00e9m foram expedidas duas recomenda\u00e7\u00f5es [&hellip;]","og_url":"https:\/\/www.mpc.pr.gov.br\/index.php\/apos-parecer-do-mpc-pr-prefeitura-de-curitiba-recebe-recomendacoes-para-atualizacao-de-dados-no-sim-am\/","og_site_name":"Minist\u00e9rio P\u00fablico de Contas do Estado do Paran\u00e1","article_publisher":"https:\/\/www.facebook.com\/mpc.pr","article_published_time":"2023-05-23T16:41:49+00:00","article_modified_time":"2023-06-12T14:09:24+00:00","og_image":[{"width":640,"height":518,"url":"https:\/\/www.mpc.pr.gov.br\/wp-content\/uploads\/2021\/04\/Prefeitura-de-Curitiba.jpg","type":"image\/jpeg"}],"author":"mpcontaspr","twitter_card":"summary_large_image","twitter_misc":{"Escrito por":"mpcontaspr","Est. tempo de leitura":"5 minutos"},"schema":{"@context":"https:\/\/schema.org","@graph":[{"@type":"Article","@id":"https:\/\/www.mpc.pr.gov.br\/index.php\/apos-parecer-do-mpc-pr-prefeitura-de-curitiba-recebe-recomendacoes-para-atualizacao-de-dados-no-sim-am\/#article","isPartOf":{"@id":"https:\/\/www.mpc.pr.gov.br\/index.php\/apos-parecer-do-mpc-pr-prefeitura-de-curitiba-recebe-recomendacoes-para-atualizacao-de-dados-no-sim-am\/"},"author":{"name":"mpcontaspr","@id":"https:\/\/www.mpc.pr.gov.br\/#\/schema\/person\/2d83cb8980538d0ec174e8a6284f5e11"},"headline":"Ap\u00f3s Parecer do MPC-PR, Prefeitura de Curitiba recebe recomenda\u00e7\u00f5es para atualiza\u00e7\u00e3o de dados no SIM-AM","datePublished":"2023-05-23T16:41:49+00:00","dateModified":"2023-06-12T14:09:24+00:00","mainEntityOfPage":{"@id":"https:\/\/www.mpc.pr.gov.br\/index.php\/apos-parecer-do-mpc-pr-prefeitura-de-curitiba-recebe-recomendacoes-para-atualizacao-de-dados-no-sim-am\/"},"wordCount":872,"commentCount":0,"publisher":{"@id":"https:\/\/www.mpc.pr.gov.br\/#organization"},"image":{"@id":"https:\/\/www.mpc.pr.gov.br\/index.php\/apos-parecer-do-mpc-pr-prefeitura-de-curitiba-recebe-recomendacoes-para-atualizacao-de-dados-no-sim-am\/#primaryimage"},"thumbnailUrl":"https:\/\/www.mpc.pr.gov.br\/wp-content\/uploads\/2021\/04\/Prefeitura-de-Curitiba.jpg","keywords":["Curitiba","MPC-PR","Primeira C\u00e2mara","Recomenda\u00e7\u00f5es","TCE-PR","Tomada de Contas Extraordin\u00e1ria"],"articleSection":["Todas as not\u00edcias"],"inLanguage":"pt-BR","potentialAction":[{"@type":"CommentAction","name":"Comment","target":["https:\/\/www.mpc.pr.gov.br\/index.php\/apos-parecer-do-mpc-pr-prefeitura-de-curitiba-recebe-recomendacoes-para-atualizacao-de-dados-no-sim-am\/#respond"]}]},{"@type":"WebPage","@id":"https:\/\/www.mpc.pr.gov.br\/index.php\/apos-parecer-do-mpc-pr-prefeitura-de-curitiba-recebe-recomendacoes-para-atualizacao-de-dados-no-sim-am\/","url":"https:\/\/www.mpc.pr.gov.br\/index.php\/apos-parecer-do-mpc-pr-prefeitura-de-curitiba-recebe-recomendacoes-para-atualizacao-de-dados-no-sim-am\/","name":"Ap\u00f3s Parecer do MPC-PR, Prefeitura de Curitiba recebe recomenda\u00e7\u00f5es para atualiza\u00e7\u00e3o de dados no SIM-AM - Minist\u00e9rio P\u00fablico de Contas do Estado do Paran\u00e1","isPartOf":{"@id":"https:\/\/www.mpc.pr.gov.br\/#website"},"primaryImageOfPage":{"@id":"https:\/\/www.mpc.pr.gov.br\/index.php\/apos-parecer-do-mpc-pr-prefeitura-de-curitiba-recebe-recomendacoes-para-atualizacao-de-dados-no-sim-am\/#primaryimage"},"image":{"@id":"https:\/\/www.mpc.pr.gov.br\/index.php\/apos-parecer-do-mpc-pr-prefeitura-de-curitiba-recebe-recomendacoes-para-atualizacao-de-dados-no-sim-am\/#primaryimage"},"thumbnailUrl":"https:\/\/www.mpc.pr.gov.br\/wp-content\/uploads\/2021\/04\/Prefeitura-de-Curitiba.jpg","datePublished":"2023-05-23T16:41:49+00:00","dateModified":"2023-06-12T14:09:24+00:00","breadcrumb":{"@id":"https:\/\/www.mpc.pr.gov.br\/index.php\/apos-parecer-do-mpc-pr-prefeitura-de-curitiba-recebe-recomendacoes-para-atualizacao-de-dados-no-sim-am\/#breadcrumb"},"inLanguage":"pt-BR","potentialAction":[{"@type":"ReadAction","target":["https:\/\/www.mpc.pr.gov.br\/index.php\/apos-parecer-do-mpc-pr-prefeitura-de-curitiba-recebe-recomendacoes-para-atualizacao-de-dados-no-sim-am\/"]}]},{"@type":"ImageObject","inLanguage":"pt-BR","@id":"https:\/\/www.mpc.pr.gov.br\/index.php\/apos-parecer-do-mpc-pr-prefeitura-de-curitiba-recebe-recomendacoes-para-atualizacao-de-dados-no-sim-am\/#primaryimage","url":"https:\/\/www.mpc.pr.gov.br\/wp-content\/uploads\/2021\/04\/Prefeitura-de-Curitiba.jpg","contentUrl":"https:\/\/www.mpc.pr.gov.br\/wp-content\/uploads\/2021\/04\/Prefeitura-de-Curitiba.jpg","width":640,"height":518,"caption":"Sede da Prefeitura de Curitiba, no bairro Centro C\u00edvico. Foto: Wagner Ara\u00fajo\/Divulga\u00e7\u00e3o TCE-PR."},{"@type":"BreadcrumbList","@id":"https:\/\/www.mpc.pr.gov.br\/index.php\/apos-parecer-do-mpc-pr-prefeitura-de-curitiba-recebe-recomendacoes-para-atualizacao-de-dados-no-sim-am\/#breadcrumb","itemListElement":[{"@type":"ListItem","position":1,"name":"In\u00edcio","item":"https:\/\/www.mpc.pr.gov.br\/"},{"@type":"ListItem","position":2,"name":"Ap\u00f3s Parecer do MPC-PR, Prefeitura de Curitiba recebe recomenda\u00e7\u00f5es para atualiza\u00e7\u00e3o de dados no SIM-AM"}]},{"@type":"WebSite","@id":"https:\/\/www.mpc.pr.gov.br\/#website","url":"https:\/\/www.mpc.pr.gov.br\/","name":"Minist\u00e9rio P\u00fablico de Contas do Estado do Paran\u00e1","description":"","publisher":{"@id":"https:\/\/www.mpc.pr.gov.br\/#organization"},"potentialAction":[{"@type":"SearchAction","target":{"@type":"EntryPoint","urlTemplate":"https:\/\/www.mpc.pr.gov.br\/?s={search_term_string}"},"query-input":{"@type":"PropertyValueSpecification","valueRequired":true,"valueName":"search_term_string"}}],"inLanguage":"pt-BR"},{"@type":"Organization","@id":"https:\/\/www.mpc.pr.gov.br\/#organization","name":"Minist\u00e9rio P\u00fablico de Contas do Estado do Paran\u00e1","url":"https:\/\/www.mpc.pr.gov.br\/","logo":{"@type":"ImageObject","inLanguage":"pt-BR","@id":"https:\/\/www.mpc.pr.gov.br\/#\/schema\/logo\/image\/","url":"https:\/\/www.mpc.pr.gov.br\/wp-content\/uploads\/2020\/06\/99423647_1593460364143890_6706793420720963584_n-1-e1591387983167.png","contentUrl":"https:\/\/www.mpc.pr.gov.br\/wp-content\/uploads\/2020\/06\/99423647_1593460364143890_6706793420720963584_n-1-e1591387983167.png","width":243,"height":73,"caption":"Minist\u00e9rio P\u00fablico de Contas do Estado do Paran\u00e1"},"image":{"@id":"https:\/\/www.mpc.pr.gov.br\/#\/schema\/logo\/image\/"},"sameAs":["https:\/\/www.facebook.com\/mpc.pr","https:\/\/www.instagram.com\/mpc.pr\/?hl=pt-br","https:\/\/www.youtube.com\/channel\/UCHri5oEM8DV0ztX57E0sBSw"]},{"@type":"Person","@id":"https:\/\/www.mpc.pr.gov.br\/#\/schema\/person\/2d83cb8980538d0ec174e8a6284f5e11","name":"mpcontaspr","image":{"@type":"ImageObject","inLanguage":"pt-BR","@id":"https:\/\/secure.gravatar.com\/avatar\/1aef51541db7622e05fd639336c9c9f312c2a618396e2b6ca96846362fc5403f?s=96&d=mm&r=g","url":"https:\/\/secure.gravatar.com\/avatar\/1aef51541db7622e05fd639336c9c9f312c2a618396e2b6ca96846362fc5403f?s=96&d=mm&r=g","contentUrl":"https:\/\/secure.gravatar.com\/avatar\/1aef51541db7622e05fd639336c9c9f312c2a618396e2b6ca96846362fc5403f?s=96&d=mm&r=g","caption":"mpcontaspr"},"sameAs":["http:\/\/www.mpc.pr.gov.br"]}]}},"rttpg_featured_image_url":{"full":["https:\/\/www.mpc.pr.gov.br\/wp-content\/uploads\/2021\/04\/Prefeitura-de-Curitiba.jpg",640,518,false],"landscape":["https:\/\/www.mpc.pr.gov.br\/wp-content\/uploads\/2021\/04\/Prefeitura-de-Curitiba.jpg",640,518,false],"portraits":["https:\/\/www.mpc.pr.gov.br\/wp-content\/uploads\/2021\/04\/Prefeitura-de-Curitiba.jpg",640,518,false],"thumbnail":["https:\/\/www.mpc.pr.gov.br\/wp-content\/uploads\/2021\/04\/Prefeitura-de-Curitiba-150x150.jpg",150,150,true],"medium":["https:\/\/www.mpc.pr.gov.br\/wp-content\/uploads\/2021\/04\/Prefeitura-de-Curitiba-300x243.jpg",300,243,true],"large":["https:\/\/www.mpc.pr.gov.br\/wp-content\/uploads\/2021\/04\/Prefeitura-de-Curitiba.jpg",640,518,false],"1536x1536":["https:\/\/www.mpc.pr.gov.br\/wp-content\/uploads\/2021\/04\/Prefeitura-de-Curitiba.jpg",640,518,false],"2048x2048":["https:\/\/www.mpc.pr.gov.br\/wp-content\/uploads\/2021\/04\/Prefeitura-de-Curitiba.jpg",640,518,false],"ocean-thumb-m":["https:\/\/www.mpc.pr.gov.br\/wp-content\/uploads\/2021\/04\/Prefeitura-de-Curitiba.jpg",600,486,false],"ocean-thumb-ml":["https:\/\/www.mpc.pr.gov.br\/wp-content\/uploads\/2021\/04\/Prefeitura-de-Curitiba.jpg",556,450,false],"ocean-thumb-l":["https:\/\/www.mpc.pr.gov.br\/wp-content\/uploads\/2021\/04\/Prefeitura-de-Curitiba.jpg",640,518,false]},"rttpg_author":{"display_name":"mpcontaspr","author_link":"https:\/\/www.mpc.pr.gov.br\/index.php\/author\/mpcontaspr\/"},"rttpg_comment":0,"rttpg_category":"<a href=\"https:\/\/www.mpc.pr.gov.br\/index.php\/category\/todas-as-noticias\/\" rel=\"category tag\">Todas as not\u00edcias<\/a>","rttpg_excerpt":"A Primeira C\u00e2mara do Tribunal de Contas do Paran\u00e1 (TCE-PR) julgou regulares, com ressalvas, as contas objeto da Tomada de Contas Extraordin\u00e1ria instaurada em face do Munic\u00edpio de Curitiba, por solicita\u00e7\u00e3o da Coordenadoria de Obras P\u00fablicas (COP). Acompanhando o opinativo t\u00e9cnico e do Minist\u00e9rio P\u00fablico de Contas do Paran\u00e1 (MPC-PR), tamb\u00e9m foram expedidas duas recomenda\u00e7\u00f5es&hellip;","_links":{"self":[{"href":"https:\/\/www.mpc.pr.gov.br\/index.php\/wp-json\/wp\/v2\/posts\/15792","targetHints":{"allow":["GET"]}}],"collection":[{"href":"https:\/\/www.mpc.pr.gov.br\/index.php\/wp-json\/wp\/v2\/posts"}],"about":[{"href":"https:\/\/www.mpc.pr.gov.br\/index.php\/wp-json\/wp\/v2\/types\/post"}],"author":[{"embeddable":true,"href":"https:\/\/www.mpc.pr.gov.br\/index.php\/wp-json\/wp\/v2\/users\/1"}],"replies":[{"embeddable":true,"href":"https:\/\/www.mpc.pr.gov.br\/index.php\/wp-json\/wp\/v2\/comments?post=15792"}],"version-history":[{"count":1,"href":"https:\/\/www.mpc.pr.gov.br\/index.php\/wp-json\/wp\/v2\/posts\/15792\/revisions"}],"predecessor-version":[{"id":15795,"href":"https:\/\/www.mpc.pr.gov.br\/index.php\/wp-json\/wp\/v2\/posts\/15792\/revisions\/15795"}],"wp:featuredmedia":[{"embeddable":true,"href":"https:\/\/www.mpc.pr.gov.br\/index.php\/wp-json\/wp\/v2\/media\/11975"}],"wp:attachment":[{"href":"https:\/\/www.mpc.pr.gov.br\/index.php\/wp-json\/wp\/v2\/media?parent=15792"}],"wp:term":[{"taxonomy":"category","embeddable":true,"href":"https:\/\/www.mpc.pr.gov.br\/index.php\/wp-json\/wp\/v2\/categories?post=15792"},{"taxonomy":"post_tag","embeddable":true,"href":"https:\/\/www.mpc.pr.gov.br\/index.php\/wp-json\/wp\/v2\/tags?post=15792"}],"curies":[{"name":"wp","href":"https:\/\/api.w.org\/{rel}","templated":true}]}}