{"id":15805,"date":"2023-05-29T14:07:12","date_gmt":"2023-05-29T17:07:12","guid":{"rendered":"https:\/\/www.mpc.pr.gov.br\/?p=15805"},"modified":"2023-06-20T10:49:15","modified_gmt":"2023-06-20T13:49:15","slug":"pregoeiro-de-foz-do-iguacu-tem-multas-afastadas","status":"publish","type":"post","link":"https:\/\/www.mpc.pr.gov.br\/index.php\/pregoeiro-de-foz-do-iguacu-tem-multas-afastadas\/","title":{"rendered":"Pregoeiro de Foz do Igua\u00e7u tem multas afastadas"},"content":{"rendered":"<figure id=\"attachment_15809\" aria-describedby=\"caption-attachment-15809\" style=\"width: 300px\" class=\"wp-caption alignleft\"><img fetchpriority=\"high\" decoding=\"async\" class=\"size-medium wp-image-15809\" src=\"https:\/\/www.mpc.pr.gov.br\/wp-content\/uploads\/2023\/05\/Foz-do-Iguacu-300x209.jpg\" alt=\"\" width=\"300\" height=\"209\" srcset=\"https:\/\/www.mpc.pr.gov.br\/wp-content\/uploads\/2023\/05\/Foz-do-Iguacu-300x209.jpg 300w, https:\/\/www.mpc.pr.gov.br\/wp-content\/uploads\/2023\/05\/Foz-do-Iguacu.jpg 640w\" sizes=\"(max-width: 300px) 100vw, 300px\" \/><figcaption id=\"caption-attachment-15809\" class=\"wp-caption-text\">Cataratas do Igua\u00e7u, ponto tur\u00edstico de Foz do Igua\u00e7u. Foto: Divulga\u00e7\u00e3o.<\/figcaption><\/figure>\n<p><span data-contrast=\"auto\">O Pleno do Tribunal de Contas do Paran\u00e1 (TCE-PR) deu proced\u00eancia parcial ao Pedido de Rescis\u00e3o proposto pelo pregoeiro do Munic\u00edpio de Foz do Igua\u00e7u, contra o Ac\u00f3rd\u00e3o n\u00ba 2901\/14, com o objetivo de excluir as multas administrativas aplicadas contra si. A decis\u00e3o acompanhou a manifesta\u00e7\u00e3o do Minist\u00e9rio P\u00fablico de Contas do Paran\u00e1 (MPC-PR), o qual observou que as irregularidades verificadas n\u00e3o eram de responsabilidade do pregoeiro, de modo que as san\u00e7\u00f5es aplicadas violaram o disposto no art. 3\u00ba da Lei n\u00ba 10.520\/2002.<\/span><span data-ccp-props=\"{&quot;134233117&quot;:false,&quot;134233118&quot;:false,&quot;201341983&quot;:0,&quot;335551550&quot;:6,&quot;335551620&quot;:6,&quot;335559685&quot;:0,&quot;335559737&quot;:0,&quot;335559738&quot;:0,&quot;335559739&quot;:160,&quot;335559740&quot;:360}\">\u00a0<\/span><\/p>\n<p><span data-contrast=\"auto\">Conforme verificado nos autos, o Ac\u00f3rd\u00e3o n\u00ba 2901\/17 havia julgado parcialmente procedente a Representa\u00e7\u00e3o da <a href=\"http:\/\/www.planalto.gov.br\/ccivil_03\/leis\/l8666cons.htm\">Lei n\u00b0 8.666\/93<\/a>, relativa ao Preg\u00e3o Presencial n\u00ba 01\/2014 aberto para registro de pre\u00e7os para a aquisi\u00e7\u00e3o de uniformes escolares para alunos da rede p\u00fablica de Educa\u00e7\u00e3o Infantil. Al\u00e9m disso, foi aplicada ao Pregoeiro por duas vezes a multa prevista no art. 87, inc. III, \u2018d\u2019 da <a href=\"https:\/\/www1.tce.pr.gov.br\/conteudo\/lei-organica-e-regimento-interno-biblioteca-biblioteca\/107\">Lei Org\u00e2nica do TCE-PR<\/a>, em raz\u00e3o da fixa\u00e7\u00e3o de curto prazo para apresenta\u00e7\u00e3o de amostras e pela falta de republica\u00e7\u00e3o do Edital, em ofensa ao art. 21, \u00a7 4\u00ba, da <a href=\"http:\/\/www.planalto.gov.br\/ccivil_03\/leis\/l8666cons.htm\">Lei n\u00b0 8.666\/93<\/a>, al\u00e9m da injustificada escolha do crit\u00e9rio de adjudica\u00e7\u00e3o pelo menor pre\u00e7o global, em detrimento da adjudica\u00e7\u00e3o por item, com infra\u00e7\u00e3o art. 23, \u00a7 1\u00ba, da <a href=\"http:\/\/www.planalto.gov.br\/ccivil_03\/leis\/l8666cons.htm\">Lei n\u00b0 8.666\/93<\/a>.<\/span><span data-ccp-props=\"{&quot;134233117&quot;:false,&quot;134233118&quot;:false,&quot;201341983&quot;:0,&quot;335551550&quot;:6,&quot;335551620&quot;:6,&quot;335559685&quot;:0,&quot;335559737&quot;:0,&quot;335559738&quot;:0,&quot;335559739&quot;:160,&quot;335559740&quot;:360}\">\u00a0<\/span><\/p>\n<p><b><span data-contrast=\"auto\">Instru\u00e7\u00e3o do Processo<\/span><\/b><span data-ccp-props=\"{&quot;134233117&quot;:false,&quot;134233118&quot;:false,&quot;201341983&quot;:0,&quot;335551550&quot;:6,&quot;335551620&quot;:6,&quot;335559685&quot;:0,&quot;335559737&quot;:0,&quot;335559738&quot;:0,&quot;335559739&quot;:160,&quot;335559740&quot;:360}\">\u00a0<\/span><\/p>\n<p><span data-contrast=\"auto\">Em s\u00edntese, o recorrente sustentou a necessidade de reforma da referida decis\u00e3o com o afastamento das multas, alegando que a escolha do crit\u00e9rio de adjudica\u00e7\u00e3o do edital pelo menor pre\u00e7o global foi amparada no parecer jur\u00eddico do Munic\u00edpio, sendo descabidas as san\u00e7\u00f5es imputadas, uma vez que, no exerc\u00edcio de suas fun\u00e7\u00f5es como pregoeiro, apenas cumpriu as determina\u00e7\u00f5es constantes do edital, conforme o disposto no art. 9\u00ba da Lei n\u00ba 3.555\/00. Por fim, defendeu que a exig\u00eancia de republica\u00e7\u00e3o do edital ultrapassa as atribui\u00e7\u00f5es que lhe eram conferidas, conforme disp\u00f5e o art. 8\u00ba do Decreto Federal n\u00ba 3.555\/00, que regulamentou a Lei n\u00ba 10.520\/05.\u00a0<\/span><span data-ccp-props=\"{&quot;134233117&quot;:false,&quot;134233118&quot;:false,&quot;201341983&quot;:0,&quot;335551550&quot;:6,&quot;335551620&quot;:6,&quot;335559685&quot;:0,&quot;335559737&quot;:0,&quot;335559738&quot;:0,&quot;335559739&quot;:160,&quot;335559740&quot;:360}\">\u00a0<\/span><\/p>\n<p><span data-contrast=\"auto\">Instada a se manifestar, a Coordenadoria de Gest\u00e3o Municipal (CGM) opinou conclusivamente pela improced\u00ean<\/span><span data-contrast=\"auto\">cia do pedido rescis\u00f3rio, por entender que o pregoeiro buscou apenas uma mera rean\u00e1lise dos fatos para que lhe fosse dada uma intepreta\u00e7\u00e3o mais favor\u00e1vel.<\/span><span data-ccp-props=\"{&quot;134233117&quot;:false,&quot;134233118&quot;:false,&quot;201341983&quot;:0,&quot;335551550&quot;:6,&quot;335551620&quot;:6,&quot;335559685&quot;:0,&quot;335559737&quot;:0,&quot;335559738&quot;:0,&quot;335559739&quot;:160,&quot;335559740&quot;:360}\">\u00a0<\/span><\/p>\n<p><span data-contrast=\"auto\">Por sua vez, mediante o <a href=\"https:\/\/www.mpc.pr.gov.br\/wp-content\/uploads\/2023\/05\/Parecer-1125-22-mpc-pr.pdf\">Parecer n\u00b0 1125\/22<\/a>, o Minist\u00e9rio P\u00fablico de Contas entendeu que, embora censur\u00e1vel a atitude do requerente em ter deixado de apresentar a tese de aus\u00eancia de responsabiliza\u00e7\u00e3o nas peti\u00e7\u00f5es defensivas juntadas no curso dos autos da Representa\u00e7\u00e3o da <a href=\"http:\/\/www.planalto.gov.br\/ccivil_03\/leis\/l8666cons.htm\">Lei n\u00b0 8.666\/93<\/a> (processo n\u00ba 81456\/14), fato \u00e9 que as san\u00e7\u00f5es aplicadas pelo Tribunal Pleno violaram o disposto no art. 3\u00ba da Lei n\u00ba 10.520\/2002. Assim, opinou pela proced\u00eancia do Pedido de Rescis\u00e3o, a fim de excluir as multas aplicadas ao pregoeiro. <\/span><span data-ccp-props=\"{&quot;134233117&quot;:false,&quot;134233118&quot;:false,&quot;201341983&quot;:0,&quot;335551550&quot;:6,&quot;335551620&quot;:6,&quot;335559685&quot;:0,&quot;335559737&quot;:0,&quot;335559738&quot;:0,&quot;335559739&quot;:160,&quot;335559740&quot;:360}\">\u00a0<\/span><\/p>\n<p><b><span data-contrast=\"auto\">Decis\u00e3o<\/span><\/b><span data-ccp-props=\"{&quot;134233117&quot;:false,&quot;134233118&quot;:false,&quot;201341983&quot;:0,&quot;335551550&quot;:6,&quot;335551620&quot;:6,&quot;335559685&quot;:0,&quot;335559737&quot;:0,&quot;335559738&quot;:0,&quot;335559739&quot;:160,&quot;335559740&quot;:360}\">\u00a0<\/span><\/p>\n<p><span data-contrast=\"auto\">O relator Conselheiro Maur\u00edcio Requi\u00e3o de Mello e Silva deu raz\u00e3o a manifesta\u00e7\u00e3o do MPC-PR, ao destacar que, conforme se observa do art. 3\u00ba, inciso I, da Lei n\u00ba 10.520\/2002, cabe \u00e0 autoridade competente estabelecer os crit\u00e9rios definidos no Edital, n\u00e3o competindo ao pregoeiro, pelo princ\u00edpio da segrega\u00e7\u00e3o das fun\u00e7\u00f5es, promover qualquer altera\u00e7\u00e3o no instrumento convocat\u00f3rio. Da mesma forma, a republica\u00e7\u00e3o do edital tamb\u00e9m n\u00e3o poderia ter sido feita pelo recorrente pois, mais uma vez, a referida quest\u00e3o ultrapassa as atribui\u00e7\u00f5es que lhe eram conferidas, conforme disp\u00f5e o art. 9\u00ba do Decreto Federal n\u00ba 3.555\/00, sendo que a compet\u00eancia para execu\u00e7\u00e3o de tal ato era do Departamento de Compras e Suprimentos.<\/span><span data-ccp-props=\"{&quot;134233117&quot;:false,&quot;134233118&quot;:false,&quot;201341983&quot;:0,&quot;335551550&quot;:6,&quot;335551620&quot;:6,&quot;335559685&quot;:0,&quot;335559737&quot;:0,&quot;335559738&quot;:0,&quot;335559739&quot;:160,&quot;335559740&quot;:360}\">\u00a0<\/span><\/p>\n<p><span data-contrast=\"auto\">Quanto a escolha do crit\u00e9rio de adjudica\u00e7\u00e3o pelo menor pre\u00e7o global, em detrimento da adjudica\u00e7\u00e3o por item, o relator verificou que tal condi\u00e7\u00e3o foi definida no Termo de Refer\u00eancia elaborado pela Secretaria Municipal de Educa\u00e7\u00e3o, com aprova\u00e7\u00e3o da Procuradoria Geral do Munic\u00edpio e posterior anu\u00eancia do Chefe do Poder Executivo de Foz do Igua\u00e7u, n\u00e3o tendo o pregoeiro o dever e nem poder para realizar tal ato.<\/span><span data-ccp-props=\"{&quot;134233117&quot;:false,&quot;134233118&quot;:false,&quot;201341983&quot;:0,&quot;335551550&quot;:6,&quot;335551620&quot;:6,&quot;335559685&quot;:0,&quot;335559737&quot;:0,&quot;335559738&quot;:0,&quot;335559739&quot;:160,&quot;335559740&quot;:360}\">\u00a0<\/span><\/p>\n<p><span data-contrast=\"auto\">Diante dos fatos expostos, acompanhando o parecer ministerial, o relator entendeu que o recorrente n\u00e3o pode ser ele responsabilizado pelas irregularidades identificadas, de modo que votou pela rescis\u00e3o parcial do Ac\u00f3rd\u00e3o n\u00b0 2901\/14, a fim de excluir a multa administrativa duplicada, imposta ao pregoeiro de Foz de Igua\u00e7u.<\/span><span data-ccp-props=\"{&quot;134233117&quot;:false,&quot;134233118&quot;:false,&quot;201341983&quot;:0,&quot;335551550&quot;:6,&quot;335551620&quot;:6,&quot;335559685&quot;:0,&quot;335559737&quot;:0,&quot;335559738&quot;:0,&quot;335559739&quot;:160,&quot;335559740&quot;:360}\">\u00a0<\/span><\/p>\n<p><span data-contrast=\"auto\">Mediante o <a href=\"https:\/\/www.mpc.pr.gov.br\/wp-content\/uploads\/2023\/05\/Acordao-1177-23-tce-pr-mpc-pr.pdf\">Ac\u00f3rd\u00e3o n\u00b0 1177\/23<\/a>, os membros do Tribunal Pleno acompanharam, por unanimidade, o voto do relator.<\/span><span data-ccp-props=\"{&quot;134233117&quot;:false,&quot;134233118&quot;:false,&quot;201341983&quot;:0,&quot;335551550&quot;:6,&quot;335551620&quot;:6,&quot;335559685&quot;:0,&quot;335559737&quot;:0,&quot;335559738&quot;:0,&quot;335559739&quot;:160,&quot;335559740&quot;:360}\">\u00a0<\/span><\/p>\n<blockquote>\n<h4><span style=\"color: #820007;\"><strong><u>Informa\u00e7\u00e3o para consulta processual<\/u><\/strong><\/span><\/h4>\n<table border=\"0\" width=\"629\" cellspacing=\"0\" cellpadding=\"0\">\n<tbody>\n<tr>\n<td><strong>Processo<\/strong>\u00a0<strong>n\u00ba<\/strong>:<\/td>\n<td><span class=\"TextRun SCXW15784079 BCX0\" lang=\"PT-PT\" xml:lang=\"PT-PT\" data-contrast=\"auto\"><span class=\"NormalTextRun SCXW15784079 BCX0\">458967\/19<\/span><\/span><\/td>\n<\/tr>\n<tr>\n<td><strong>Ac\u00f3rd\u00e3o n\u00ba<\/strong><\/td>\n<td>1177\/23 &#8211; Tribunal Pleno<\/td>\n<\/tr>\n<tr>\n<td><strong>Assunto<\/strong>:<\/td>\n<td>Pedido de Rescis\u00e3o<\/td>\n<\/tr>\n<tr>\n<td><strong>Entidade<\/strong>:<\/td>\n<td>Munic\u00edpio de Foz do Igua\u00e7u<\/td>\n<\/tr>\n<tr>\n<td><strong>Relator<\/strong>:<\/td>\n<td>Conselheiro Maur\u00edcio Requi\u00e3o de Mello e Silva<\/td>\n<\/tr>\n<\/tbody>\n<\/table>\n<\/blockquote>\n","protected":false},"excerpt":{"rendered":"<p>O Pleno do Tribunal de Contas do Paran\u00e1 (TCE-PR) deu proced\u00eancia parcial ao Pedido de Rescis\u00e3o proposto pelo pregoeiro do Munic\u00edpio de Foz do Igua\u00e7u, contra o Ac\u00f3rd\u00e3o n\u00ba 2901\/14, com o objetivo de excluir as multas administrativas aplicadas contra si. A decis\u00e3o acompanhou a manifesta\u00e7\u00e3o do Minist\u00e9rio P\u00fablico de Contas do Paran\u00e1 (MPC-PR), o [&hellip;]<\/p>\n","protected":false},"author":1,"featured_media":15809,"comment_status":"open","ping_status":"open","sticky":false,"template":"","format":"standard","meta":{"_monsterinsights_skip_tracking":false,"_monsterinsights_sitenote_active":false,"_monsterinsights_sitenote_note":"","_monsterinsights_sitenote_category":0,"footnotes":""},"categories":[7],"tags":[48,13,347,135,39,71],"class_list":["post-15805","post","type-post","status-publish","format-standard","has-post-thumbnail","hentry","category-todas-as-noticias","tag-foz-do-iguacu","tag-mpc-pr","tag-pedido-de-rescisao","tag-representacao-da-lei-n-8-666-93","tag-tce-pr","tag-tribunal-pleno","entry","has-media"],"yoast_head":"<!-- This site is optimized with the Yoast SEO plugin v27.3 - https:\/\/yoast.com\/product\/yoast-seo-wordpress\/ -->\n<title>Pregoeiro de Foz do Igua\u00e7u tem multas afastadas - Minist\u00e9rio P\u00fablico de Contas do Estado do Paran\u00e1<\/title>\n<meta name=\"robots\" content=\"index, follow, max-snippet:-1, max-image-preview:large, max-video-preview:-1\" \/>\n<link rel=\"canonical\" href=\"https:\/\/www.mpc.pr.gov.br\/index.php\/pregoeiro-de-foz-do-iguacu-tem-multas-afastadas\/\" \/>\n<meta property=\"og:locale\" content=\"pt_BR\" \/>\n<meta property=\"og:type\" content=\"article\" \/>\n<meta property=\"og:title\" content=\"Pregoeiro de Foz do Igua\u00e7u tem multas afastadas - Minist\u00e9rio P\u00fablico de Contas do Estado do Paran\u00e1\" \/>\n<meta property=\"og:description\" content=\"O Pleno do Tribunal de Contas do Paran\u00e1 (TCE-PR) deu proced\u00eancia parcial ao Pedido de Rescis\u00e3o proposto pelo pregoeiro do Munic\u00edpio de Foz do Igua\u00e7u, contra o Ac\u00f3rd\u00e3o n\u00ba 2901\/14, com o objetivo de excluir as multas administrativas aplicadas contra si. A decis\u00e3o acompanhou a manifesta\u00e7\u00e3o do Minist\u00e9rio P\u00fablico de Contas do Paran\u00e1 (MPC-PR), o [&hellip;]\" \/>\n<meta property=\"og:url\" content=\"https:\/\/www.mpc.pr.gov.br\/index.php\/pregoeiro-de-foz-do-iguacu-tem-multas-afastadas\/\" \/>\n<meta property=\"og:site_name\" content=\"Minist\u00e9rio P\u00fablico de Contas do Estado do Paran\u00e1\" \/>\n<meta property=\"article:publisher\" content=\"https:\/\/www.facebook.com\/mpc.pr\" \/>\n<meta property=\"article:published_time\" content=\"2023-05-29T17:07:12+00:00\" \/>\n<meta property=\"article:modified_time\" content=\"2023-06-20T13:49:15+00:00\" \/>\n<meta property=\"og:image\" content=\"https:\/\/www.mpc.pr.gov.br\/wp-content\/uploads\/2023\/05\/Foz-do-Iguacu.jpg\" \/>\n\t<meta property=\"og:image:width\" content=\"640\" \/>\n\t<meta property=\"og:image:height\" content=\"446\" \/>\n\t<meta property=\"og:image:type\" content=\"image\/jpeg\" \/>\n<meta name=\"author\" content=\"mpcontaspr\" \/>\n<meta name=\"twitter:card\" content=\"summary_large_image\" \/>\n<meta name=\"twitter:label1\" content=\"Escrito por\" \/>\n\t<meta name=\"twitter:data1\" content=\"mpcontaspr\" \/>\n\t<meta name=\"twitter:label2\" content=\"Est. tempo de leitura\" \/>\n\t<meta name=\"twitter:data2\" content=\"5 minutos\" \/>\n<script type=\"application\/ld+json\" class=\"yoast-schema-graph\">{\"@context\":\"https:\\\/\\\/schema.org\",\"@graph\":[{\"@type\":\"Article\",\"@id\":\"https:\\\/\\\/www.mpc.pr.gov.br\\\/index.php\\\/pregoeiro-de-foz-do-iguacu-tem-multas-afastadas\\\/#article\",\"isPartOf\":{\"@id\":\"https:\\\/\\\/www.mpc.pr.gov.br\\\/index.php\\\/pregoeiro-de-foz-do-iguacu-tem-multas-afastadas\\\/\"},\"author\":{\"name\":\"mpcontaspr\",\"@id\":\"https:\\\/\\\/www.mpc.pr.gov.br\\\/#\\\/schema\\\/person\\\/2d83cb8980538d0ec174e8a6284f5e11\"},\"headline\":\"Pregoeiro de Foz do Igua\u00e7u tem multas afastadas\",\"datePublished\":\"2023-05-29T17:07:12+00:00\",\"dateModified\":\"2023-06-20T13:49:15+00:00\",\"mainEntityOfPage\":{\"@id\":\"https:\\\/\\\/www.mpc.pr.gov.br\\\/index.php\\\/pregoeiro-de-foz-do-iguacu-tem-multas-afastadas\\\/\"},\"wordCount\":818,\"commentCount\":0,\"publisher\":{\"@id\":\"https:\\\/\\\/www.mpc.pr.gov.br\\\/#organization\"},\"image\":{\"@id\":\"https:\\\/\\\/www.mpc.pr.gov.br\\\/index.php\\\/pregoeiro-de-foz-do-iguacu-tem-multas-afastadas\\\/#primaryimage\"},\"thumbnailUrl\":\"https:\\\/\\\/www.mpc.pr.gov.br\\\/wp-content\\\/uploads\\\/2023\\\/05\\\/Foz-do-Iguacu.jpg\",\"keywords\":[\"Foz do Igua\u00e7u\",\"MPC-PR\",\"Pedido de Rescis\u00e3o\",\"Representa\u00e7\u00e3o da Lei n\u00b0 8.666\\\/93\",\"TCE-PR\",\"Tribunal Pleno\"],\"articleSection\":[\"Todas as not\u00edcias\"],\"inLanguage\":\"pt-BR\",\"potentialAction\":[{\"@type\":\"CommentAction\",\"name\":\"Comment\",\"target\":[\"https:\\\/\\\/www.mpc.pr.gov.br\\\/index.php\\\/pregoeiro-de-foz-do-iguacu-tem-multas-afastadas\\\/#respond\"]}]},{\"@type\":\"WebPage\",\"@id\":\"https:\\\/\\\/www.mpc.pr.gov.br\\\/index.php\\\/pregoeiro-de-foz-do-iguacu-tem-multas-afastadas\\\/\",\"url\":\"https:\\\/\\\/www.mpc.pr.gov.br\\\/index.php\\\/pregoeiro-de-foz-do-iguacu-tem-multas-afastadas\\\/\",\"name\":\"Pregoeiro de Foz do Igua\u00e7u tem multas afastadas - Minist\u00e9rio P\u00fablico de Contas do Estado do Paran\u00e1\",\"isPartOf\":{\"@id\":\"https:\\\/\\\/www.mpc.pr.gov.br\\\/#website\"},\"primaryImageOfPage\":{\"@id\":\"https:\\\/\\\/www.mpc.pr.gov.br\\\/index.php\\\/pregoeiro-de-foz-do-iguacu-tem-multas-afastadas\\\/#primaryimage\"},\"image\":{\"@id\":\"https:\\\/\\\/www.mpc.pr.gov.br\\\/index.php\\\/pregoeiro-de-foz-do-iguacu-tem-multas-afastadas\\\/#primaryimage\"},\"thumbnailUrl\":\"https:\\\/\\\/www.mpc.pr.gov.br\\\/wp-content\\\/uploads\\\/2023\\\/05\\\/Foz-do-Iguacu.jpg\",\"datePublished\":\"2023-05-29T17:07:12+00:00\",\"dateModified\":\"2023-06-20T13:49:15+00:00\",\"breadcrumb\":{\"@id\":\"https:\\\/\\\/www.mpc.pr.gov.br\\\/index.php\\\/pregoeiro-de-foz-do-iguacu-tem-multas-afastadas\\\/#breadcrumb\"},\"inLanguage\":\"pt-BR\",\"potentialAction\":[{\"@type\":\"ReadAction\",\"target\":[\"https:\\\/\\\/www.mpc.pr.gov.br\\\/index.php\\\/pregoeiro-de-foz-do-iguacu-tem-multas-afastadas\\\/\"]}]},{\"@type\":\"ImageObject\",\"inLanguage\":\"pt-BR\",\"@id\":\"https:\\\/\\\/www.mpc.pr.gov.br\\\/index.php\\\/pregoeiro-de-foz-do-iguacu-tem-multas-afastadas\\\/#primaryimage\",\"url\":\"https:\\\/\\\/www.mpc.pr.gov.br\\\/wp-content\\\/uploads\\\/2023\\\/05\\\/Foz-do-Iguacu.jpg\",\"contentUrl\":\"https:\\\/\\\/www.mpc.pr.gov.br\\\/wp-content\\\/uploads\\\/2023\\\/05\\\/Foz-do-Iguacu.jpg\",\"width\":640,\"height\":446,\"caption\":\"Cataratas do Igua\u00e7u, ponto tur\u00edstico de Foz do Igua\u00e7u. Foto: Divulga\u00e7\u00e3o.\"},{\"@type\":\"BreadcrumbList\",\"@id\":\"https:\\\/\\\/www.mpc.pr.gov.br\\\/index.php\\\/pregoeiro-de-foz-do-iguacu-tem-multas-afastadas\\\/#breadcrumb\",\"itemListElement\":[{\"@type\":\"ListItem\",\"position\":1,\"name\":\"In\u00edcio\",\"item\":\"https:\\\/\\\/www.mpc.pr.gov.br\\\/\"},{\"@type\":\"ListItem\",\"position\":2,\"name\":\"Pregoeiro de Foz do Igua\u00e7u tem multas afastadas\"}]},{\"@type\":\"WebSite\",\"@id\":\"https:\\\/\\\/www.mpc.pr.gov.br\\\/#website\",\"url\":\"https:\\\/\\\/www.mpc.pr.gov.br\\\/\",\"name\":\"Minist\u00e9rio P\u00fablico de Contas do Estado do Paran\u00e1\",\"description\":\"\",\"publisher\":{\"@id\":\"https:\\\/\\\/www.mpc.pr.gov.br\\\/#organization\"},\"potentialAction\":[{\"@type\":\"SearchAction\",\"target\":{\"@type\":\"EntryPoint\",\"urlTemplate\":\"https:\\\/\\\/www.mpc.pr.gov.br\\\/?s={search_term_string}\"},\"query-input\":{\"@type\":\"PropertyValueSpecification\",\"valueRequired\":true,\"valueName\":\"search_term_string\"}}],\"inLanguage\":\"pt-BR\"},{\"@type\":\"Organization\",\"@id\":\"https:\\\/\\\/www.mpc.pr.gov.br\\\/#organization\",\"name\":\"Minist\u00e9rio P\u00fablico de Contas do Estado do Paran\u00e1\",\"url\":\"https:\\\/\\\/www.mpc.pr.gov.br\\\/\",\"logo\":{\"@type\":\"ImageObject\",\"inLanguage\":\"pt-BR\",\"@id\":\"https:\\\/\\\/www.mpc.pr.gov.br\\\/#\\\/schema\\\/logo\\\/image\\\/\",\"url\":\"https:\\\/\\\/www.mpc.pr.gov.br\\\/wp-content\\\/uploads\\\/2020\\\/06\\\/99423647_1593460364143890_6706793420720963584_n-1-e1591387983167.png\",\"contentUrl\":\"https:\\\/\\\/www.mpc.pr.gov.br\\\/wp-content\\\/uploads\\\/2020\\\/06\\\/99423647_1593460364143890_6706793420720963584_n-1-e1591387983167.png\",\"width\":243,\"height\":73,\"caption\":\"Minist\u00e9rio P\u00fablico de Contas do Estado do Paran\u00e1\"},\"image\":{\"@id\":\"https:\\\/\\\/www.mpc.pr.gov.br\\\/#\\\/schema\\\/logo\\\/image\\\/\"},\"sameAs\":[\"https:\\\/\\\/www.facebook.com\\\/mpc.pr\",\"https:\\\/\\\/www.instagram.com\\\/mpc.pr\\\/?hl=pt-br\",\"https:\\\/\\\/www.youtube.com\\\/channel\\\/UCHri5oEM8DV0ztX57E0sBSw\"]},{\"@type\":\"Person\",\"@id\":\"https:\\\/\\\/www.mpc.pr.gov.br\\\/#\\\/schema\\\/person\\\/2d83cb8980538d0ec174e8a6284f5e11\",\"name\":\"mpcontaspr\",\"image\":{\"@type\":\"ImageObject\",\"inLanguage\":\"pt-BR\",\"@id\":\"https:\\\/\\\/secure.gravatar.com\\\/avatar\\\/1aef51541db7622e05fd639336c9c9f312c2a618396e2b6ca96846362fc5403f?s=96&d=mm&r=g\",\"url\":\"https:\\\/\\\/secure.gravatar.com\\\/avatar\\\/1aef51541db7622e05fd639336c9c9f312c2a618396e2b6ca96846362fc5403f?s=96&d=mm&r=g\",\"contentUrl\":\"https:\\\/\\\/secure.gravatar.com\\\/avatar\\\/1aef51541db7622e05fd639336c9c9f312c2a618396e2b6ca96846362fc5403f?s=96&d=mm&r=g\",\"caption\":\"mpcontaspr\"},\"sameAs\":[\"http:\\\/\\\/www.mpc.pr.gov.br\"]}]}<\/script>\n<!-- \/ Yoast SEO plugin. -->","yoast_head_json":{"title":"Pregoeiro de Foz do Igua\u00e7u tem multas afastadas - Minist\u00e9rio P\u00fablico de Contas do Estado do Paran\u00e1","robots":{"index":"index","follow":"follow","max-snippet":"max-snippet:-1","max-image-preview":"max-image-preview:large","max-video-preview":"max-video-preview:-1"},"canonical":"https:\/\/www.mpc.pr.gov.br\/index.php\/pregoeiro-de-foz-do-iguacu-tem-multas-afastadas\/","og_locale":"pt_BR","og_type":"article","og_title":"Pregoeiro de Foz do Igua\u00e7u tem multas afastadas - Minist\u00e9rio P\u00fablico de Contas do Estado do Paran\u00e1","og_description":"O Pleno do Tribunal de Contas do Paran\u00e1 (TCE-PR) deu proced\u00eancia parcial ao Pedido de Rescis\u00e3o proposto pelo pregoeiro do Munic\u00edpio de Foz do Igua\u00e7u, contra o Ac\u00f3rd\u00e3o n\u00ba 2901\/14, com o objetivo de excluir as multas administrativas aplicadas contra si. A decis\u00e3o acompanhou a manifesta\u00e7\u00e3o do Minist\u00e9rio P\u00fablico de Contas do Paran\u00e1 (MPC-PR), o [&hellip;]","og_url":"https:\/\/www.mpc.pr.gov.br\/index.php\/pregoeiro-de-foz-do-iguacu-tem-multas-afastadas\/","og_site_name":"Minist\u00e9rio P\u00fablico de Contas do Estado do Paran\u00e1","article_publisher":"https:\/\/www.facebook.com\/mpc.pr","article_published_time":"2023-05-29T17:07:12+00:00","article_modified_time":"2023-06-20T13:49:15+00:00","og_image":[{"width":640,"height":446,"url":"https:\/\/www.mpc.pr.gov.br\/wp-content\/uploads\/2023\/05\/Foz-do-Iguacu.jpg","type":"image\/jpeg"}],"author":"mpcontaspr","twitter_card":"summary_large_image","twitter_misc":{"Escrito por":"mpcontaspr","Est. tempo de leitura":"5 minutos"},"schema":{"@context":"https:\/\/schema.org","@graph":[{"@type":"Article","@id":"https:\/\/www.mpc.pr.gov.br\/index.php\/pregoeiro-de-foz-do-iguacu-tem-multas-afastadas\/#article","isPartOf":{"@id":"https:\/\/www.mpc.pr.gov.br\/index.php\/pregoeiro-de-foz-do-iguacu-tem-multas-afastadas\/"},"author":{"name":"mpcontaspr","@id":"https:\/\/www.mpc.pr.gov.br\/#\/schema\/person\/2d83cb8980538d0ec174e8a6284f5e11"},"headline":"Pregoeiro de Foz do Igua\u00e7u tem multas afastadas","datePublished":"2023-05-29T17:07:12+00:00","dateModified":"2023-06-20T13:49:15+00:00","mainEntityOfPage":{"@id":"https:\/\/www.mpc.pr.gov.br\/index.php\/pregoeiro-de-foz-do-iguacu-tem-multas-afastadas\/"},"wordCount":818,"commentCount":0,"publisher":{"@id":"https:\/\/www.mpc.pr.gov.br\/#organization"},"image":{"@id":"https:\/\/www.mpc.pr.gov.br\/index.php\/pregoeiro-de-foz-do-iguacu-tem-multas-afastadas\/#primaryimage"},"thumbnailUrl":"https:\/\/www.mpc.pr.gov.br\/wp-content\/uploads\/2023\/05\/Foz-do-Iguacu.jpg","keywords":["Foz do Igua\u00e7u","MPC-PR","Pedido de Rescis\u00e3o","Representa\u00e7\u00e3o da Lei n\u00b0 8.666\/93","TCE-PR","Tribunal Pleno"],"articleSection":["Todas as not\u00edcias"],"inLanguage":"pt-BR","potentialAction":[{"@type":"CommentAction","name":"Comment","target":["https:\/\/www.mpc.pr.gov.br\/index.php\/pregoeiro-de-foz-do-iguacu-tem-multas-afastadas\/#respond"]}]},{"@type":"WebPage","@id":"https:\/\/www.mpc.pr.gov.br\/index.php\/pregoeiro-de-foz-do-iguacu-tem-multas-afastadas\/","url":"https:\/\/www.mpc.pr.gov.br\/index.php\/pregoeiro-de-foz-do-iguacu-tem-multas-afastadas\/","name":"Pregoeiro de Foz do Igua\u00e7u tem multas afastadas - Minist\u00e9rio P\u00fablico de Contas do Estado do Paran\u00e1","isPartOf":{"@id":"https:\/\/www.mpc.pr.gov.br\/#website"},"primaryImageOfPage":{"@id":"https:\/\/www.mpc.pr.gov.br\/index.php\/pregoeiro-de-foz-do-iguacu-tem-multas-afastadas\/#primaryimage"},"image":{"@id":"https:\/\/www.mpc.pr.gov.br\/index.php\/pregoeiro-de-foz-do-iguacu-tem-multas-afastadas\/#primaryimage"},"thumbnailUrl":"https:\/\/www.mpc.pr.gov.br\/wp-content\/uploads\/2023\/05\/Foz-do-Iguacu.jpg","datePublished":"2023-05-29T17:07:12+00:00","dateModified":"2023-06-20T13:49:15+00:00","breadcrumb":{"@id":"https:\/\/www.mpc.pr.gov.br\/index.php\/pregoeiro-de-foz-do-iguacu-tem-multas-afastadas\/#breadcrumb"},"inLanguage":"pt-BR","potentialAction":[{"@type":"ReadAction","target":["https:\/\/www.mpc.pr.gov.br\/index.php\/pregoeiro-de-foz-do-iguacu-tem-multas-afastadas\/"]}]},{"@type":"ImageObject","inLanguage":"pt-BR","@id":"https:\/\/www.mpc.pr.gov.br\/index.php\/pregoeiro-de-foz-do-iguacu-tem-multas-afastadas\/#primaryimage","url":"https:\/\/www.mpc.pr.gov.br\/wp-content\/uploads\/2023\/05\/Foz-do-Iguacu.jpg","contentUrl":"https:\/\/www.mpc.pr.gov.br\/wp-content\/uploads\/2023\/05\/Foz-do-Iguacu.jpg","width":640,"height":446,"caption":"Cataratas do Igua\u00e7u, ponto tur\u00edstico de Foz do Igua\u00e7u. Foto: Divulga\u00e7\u00e3o."},{"@type":"BreadcrumbList","@id":"https:\/\/www.mpc.pr.gov.br\/index.php\/pregoeiro-de-foz-do-iguacu-tem-multas-afastadas\/#breadcrumb","itemListElement":[{"@type":"ListItem","position":1,"name":"In\u00edcio","item":"https:\/\/www.mpc.pr.gov.br\/"},{"@type":"ListItem","position":2,"name":"Pregoeiro de Foz do Igua\u00e7u tem multas afastadas"}]},{"@type":"WebSite","@id":"https:\/\/www.mpc.pr.gov.br\/#website","url":"https:\/\/www.mpc.pr.gov.br\/","name":"Minist\u00e9rio P\u00fablico de Contas do Estado do Paran\u00e1","description":"","publisher":{"@id":"https:\/\/www.mpc.pr.gov.br\/#organization"},"potentialAction":[{"@type":"SearchAction","target":{"@type":"EntryPoint","urlTemplate":"https:\/\/www.mpc.pr.gov.br\/?s={search_term_string}"},"query-input":{"@type":"PropertyValueSpecification","valueRequired":true,"valueName":"search_term_string"}}],"inLanguage":"pt-BR"},{"@type":"Organization","@id":"https:\/\/www.mpc.pr.gov.br\/#organization","name":"Minist\u00e9rio P\u00fablico de Contas do Estado do Paran\u00e1","url":"https:\/\/www.mpc.pr.gov.br\/","logo":{"@type":"ImageObject","inLanguage":"pt-BR","@id":"https:\/\/www.mpc.pr.gov.br\/#\/schema\/logo\/image\/","url":"https:\/\/www.mpc.pr.gov.br\/wp-content\/uploads\/2020\/06\/99423647_1593460364143890_6706793420720963584_n-1-e1591387983167.png","contentUrl":"https:\/\/www.mpc.pr.gov.br\/wp-content\/uploads\/2020\/06\/99423647_1593460364143890_6706793420720963584_n-1-e1591387983167.png","width":243,"height":73,"caption":"Minist\u00e9rio P\u00fablico de Contas do Estado do Paran\u00e1"},"image":{"@id":"https:\/\/www.mpc.pr.gov.br\/#\/schema\/logo\/image\/"},"sameAs":["https:\/\/www.facebook.com\/mpc.pr","https:\/\/www.instagram.com\/mpc.pr\/?hl=pt-br","https:\/\/www.youtube.com\/channel\/UCHri5oEM8DV0ztX57E0sBSw"]},{"@type":"Person","@id":"https:\/\/www.mpc.pr.gov.br\/#\/schema\/person\/2d83cb8980538d0ec174e8a6284f5e11","name":"mpcontaspr","image":{"@type":"ImageObject","inLanguage":"pt-BR","@id":"https:\/\/secure.gravatar.com\/avatar\/1aef51541db7622e05fd639336c9c9f312c2a618396e2b6ca96846362fc5403f?s=96&d=mm&r=g","url":"https:\/\/secure.gravatar.com\/avatar\/1aef51541db7622e05fd639336c9c9f312c2a618396e2b6ca96846362fc5403f?s=96&d=mm&r=g","contentUrl":"https:\/\/secure.gravatar.com\/avatar\/1aef51541db7622e05fd639336c9c9f312c2a618396e2b6ca96846362fc5403f?s=96&d=mm&r=g","caption":"mpcontaspr"},"sameAs":["http:\/\/www.mpc.pr.gov.br"]}]}},"rttpg_featured_image_url":{"full":["https:\/\/www.mpc.pr.gov.br\/wp-content\/uploads\/2023\/05\/Foz-do-Iguacu.jpg",640,446,false],"landscape":["https:\/\/www.mpc.pr.gov.br\/wp-content\/uploads\/2023\/05\/Foz-do-Iguacu.jpg",640,446,false],"portraits":["https:\/\/www.mpc.pr.gov.br\/wp-content\/uploads\/2023\/05\/Foz-do-Iguacu.jpg",640,446,false],"thumbnail":["https:\/\/www.mpc.pr.gov.br\/wp-content\/uploads\/2023\/05\/Foz-do-Iguacu-150x150.jpg",150,150,true],"medium":["https:\/\/www.mpc.pr.gov.br\/wp-content\/uploads\/2023\/05\/Foz-do-Iguacu-300x209.jpg",300,209,true],"large":["https:\/\/www.mpc.pr.gov.br\/wp-content\/uploads\/2023\/05\/Foz-do-Iguacu.jpg",640,446,false],"1536x1536":["https:\/\/www.mpc.pr.gov.br\/wp-content\/uploads\/2023\/05\/Foz-do-Iguacu.jpg",640,446,false],"2048x2048":["https:\/\/www.mpc.pr.gov.br\/wp-content\/uploads\/2023\/05\/Foz-do-Iguacu.jpg",640,446,false],"ocean-thumb-m":["https:\/\/www.mpc.pr.gov.br\/wp-content\/uploads\/2023\/05\/Foz-do-Iguacu-600x446.jpg",600,446,true],"ocean-thumb-ml":["https:\/\/www.mpc.pr.gov.br\/wp-content\/uploads\/2023\/05\/Foz-do-Iguacu.jpg",640,446,false],"ocean-thumb-l":["https:\/\/www.mpc.pr.gov.br\/wp-content\/uploads\/2023\/05\/Foz-do-Iguacu.jpg",640,446,false]},"rttpg_author":{"display_name":"mpcontaspr","author_link":"https:\/\/www.mpc.pr.gov.br\/index.php\/author\/mpcontaspr\/"},"rttpg_comment":0,"rttpg_category":"<a href=\"https:\/\/www.mpc.pr.gov.br\/index.php\/category\/todas-as-noticias\/\" rel=\"category tag\">Todas as not\u00edcias<\/a>","rttpg_excerpt":"O Pleno do Tribunal de Contas do Paran\u00e1 (TCE-PR) deu proced\u00eancia parcial ao Pedido de Rescis\u00e3o proposto pelo pregoeiro do Munic\u00edpio de Foz do Igua\u00e7u, contra o Ac\u00f3rd\u00e3o n\u00ba 2901\/14, com o objetivo de excluir as multas administrativas aplicadas contra si. A decis\u00e3o acompanhou a manifesta\u00e7\u00e3o do Minist\u00e9rio P\u00fablico de Contas do Paran\u00e1 (MPC-PR), o&hellip;","_links":{"self":[{"href":"https:\/\/www.mpc.pr.gov.br\/index.php\/wp-json\/wp\/v2\/posts\/15805","targetHints":{"allow":["GET"]}}],"collection":[{"href":"https:\/\/www.mpc.pr.gov.br\/index.php\/wp-json\/wp\/v2\/posts"}],"about":[{"href":"https:\/\/www.mpc.pr.gov.br\/index.php\/wp-json\/wp\/v2\/types\/post"}],"author":[{"embeddable":true,"href":"https:\/\/www.mpc.pr.gov.br\/index.php\/wp-json\/wp\/v2\/users\/1"}],"replies":[{"embeddable":true,"href":"https:\/\/www.mpc.pr.gov.br\/index.php\/wp-json\/wp\/v2\/comments?post=15805"}],"version-history":[{"count":4,"href":"https:\/\/www.mpc.pr.gov.br\/index.php\/wp-json\/wp\/v2\/posts\/15805\/revisions"}],"predecessor-version":[{"id":15812,"href":"https:\/\/www.mpc.pr.gov.br\/index.php\/wp-json\/wp\/v2\/posts\/15805\/revisions\/15812"}],"wp:featuredmedia":[{"embeddable":true,"href":"https:\/\/www.mpc.pr.gov.br\/index.php\/wp-json\/wp\/v2\/media\/15809"}],"wp:attachment":[{"href":"https:\/\/www.mpc.pr.gov.br\/index.php\/wp-json\/wp\/v2\/media?parent=15805"}],"wp:term":[{"taxonomy":"category","embeddable":true,"href":"https:\/\/www.mpc.pr.gov.br\/index.php\/wp-json\/wp\/v2\/categories?post=15805"},{"taxonomy":"post_tag","embeddable":true,"href":"https:\/\/www.mpc.pr.gov.br\/index.php\/wp-json\/wp\/v2\/tags?post=15805"}],"curies":[{"name":"wp","href":"https:\/\/api.w.org\/{rel}","templated":true}]}}