{"id":15813,"date":"2023-05-31T13:46:00","date_gmt":"2023-05-31T16:46:00","guid":{"rendered":"https:\/\/www.mpc.pr.gov.br\/?p=15813"},"modified":"2023-06-22T11:28:38","modified_gmt":"2023-06-22T14:28:38","slug":"contas-da-camara-municipal-de-santa-amelia-sao-julgadas-irregulares-em-razao-de-despesas-indevidas-em-contratos","status":"publish","type":"post","link":"https:\/\/www.mpc.pr.gov.br\/index.php\/contas-da-camara-municipal-de-santa-amelia-sao-julgadas-irregulares-em-razao-de-despesas-indevidas-em-contratos\/","title":{"rendered":"Contas da C\u00e2mara Municipal de Santa Am\u00e9lia s\u00e3o julgadas irregulares em raz\u00e3o de despesas indevidas em contratos"},"content":{"rendered":"<figure id=\"attachment_15816\" aria-describedby=\"caption-attachment-15816\" style=\"width: 300px\" class=\"wp-caption alignleft\"><img fetchpriority=\"high\" decoding=\"async\" class=\"size-medium wp-image-15816\" src=\"https:\/\/www.mpc.pr.gov.br\/wp-content\/uploads\/2023\/05\/Contratos-01-300x238.jpg\" alt=\"\" width=\"300\" height=\"238\" srcset=\"https:\/\/www.mpc.pr.gov.br\/wp-content\/uploads\/2023\/05\/Contratos-01-300x238.jpg 300w, https:\/\/www.mpc.pr.gov.br\/wp-content\/uploads\/2023\/05\/Contratos-01.jpg 640w\" sizes=\"(max-width: 300px) 100vw, 300px\" \/><figcaption id=\"caption-attachment-15816\" class=\"wp-caption-text\">A licita\u00e7\u00e3o \u00e9 a regra geral para a contrata\u00e7\u00e3o de bens e servi\u00e7os pela administra\u00e7\u00e3o p\u00fablica. Foto: Divulga\u00e7\u00e3o.<\/figcaption><\/figure>\n<p><span data-contrast=\"none\">O Pleno do Tribunal de Contas do Estado (TCE-PR) julgou procedente a Tomada de Contas Extraordin\u00e1ria interposta em face dos ex-Presidentes da C\u00e2mara de Vereadores de Santa Am\u00e9lia, nas gest\u00f5es de 2013 a 2014 e 2015 a 2016, e da empresa D.P. de Campos Kurivayashi \u2013 ME. Na decis\u00e3o, tamb\u00e9m foi determinada a restitui\u00e7\u00e3o solid\u00e1ria por parte dos envolvidos aos cofres p\u00fablicos, totalizando mais de R$ 31.000,00.<\/span><span data-ccp-props=\"{&quot;201341983&quot;:0,&quot;335551550&quot;:6,&quot;335551620&quot;:6,&quot;335559731&quot;:708,&quot;335559739&quot;:0,&quot;335559740&quot;:360}\">\u00a0<\/span><\/p>\n<p><span data-contrast=\"none\">O processo foi instaurado ap\u00f3s o Minist\u00e9rio P\u00fablico de Contas do Paran\u00e1 (MPC-PR), nos autos da R<\/span><span data-contrast=\"auto\">epresenta\u00e7\u00e3o n\u00ba 629586\/17 (instaurada a partir de comunica\u00e7\u00e3o do Minist\u00e9rio P\u00fablico do Estado) acerca de contrata\u00e7\u00f5es em suposta ofensa ao princ\u00edpio da impessoalidade), <\/span><span data-contrast=\"none\">detectar ind\u00edcios de irregularidades na formaliza\u00e7\u00e3o de contratos de presta\u00e7\u00e3o de servi\u00e7os de contabilidade, os quais possu\u00edam objetos id\u00eanticos e que caracterizaram duplicidade de pagamentos para a presta\u00e7\u00e3o dos mesmos servi\u00e7os.<\/span><span data-ccp-props=\"{&quot;201341983&quot;:0,&quot;335551550&quot;:6,&quot;335551620&quot;:6,&quot;335559731&quot;:708,&quot;335559739&quot;:0,&quot;335559740&quot;:360}\">\u00a0<\/span><\/p>\n<p><span data-contrast=\"none\">Conforme verificado, todos os contratos firmados pelo ente municipal e a <\/span><span data-contrast=\"none\">empresa D.P. de Campos Kurivayashi \u2013 ME<\/span><span data-contrast=\"none\">\u00a0traziam como mesmo objeto a presta\u00e7\u00e3o de servi\u00e7os cont\u00e1beis. Embora algumas descri\u00e7\u00f5es fossem diferentes, verificou-se que a reda\u00e7\u00e3o adotada para descrever as obriga\u00e7\u00f5es da empresa era id\u00eantica, totalizando, entre os anos de 2013 e 2014, ao menos oito contrata\u00e7\u00f5es para servi\u00e7os cont\u00e1beis de cursos e treinamentos para contador, sendo que \u00e0 \u00e9poca dos fatos n\u00e3o existia contador efetivo na C\u00e2mara de Vereadores.\u00a0<\/span><span data-ccp-props=\"{&quot;201341983&quot;:0,&quot;335551550&quot;:6,&quot;335551620&quot;:6,&quot;335559731&quot;:708,&quot;335559739&quot;:0,&quot;335559740&quot;:360}\">\u00a0<\/span><\/p>\n<h4><b><span data-contrast=\"none\">Instru\u00e7\u00e3o do processo<\/span><\/b><\/h4>\n<p><span data-contrast=\"none\">Foram inclu\u00eddos no polo passivo e devidamente citados a C\u00e2mara de Santa Am\u00e9lia e os ex-gestores Vanderlei Diniz da Luz (presidente da C\u00e2mara entre 01\/01\/2013 e 30\/11\/2013), Fernando Fabr\u00edcio Pagliaci (presidente da C\u00e2mara entre 01\/12\/2013 e 31\/12\/2014), Waldecir Edson Pagliaci (presidente da C\u00e2mara nos exerc\u00edcios de 2015\/2016), bem como a empresa D.P. de Campos Kurivayashi \u2013 ME, na pessoa de seu representante legal.<\/span><span data-ccp-props=\"{&quot;201341983&quot;:0,&quot;335551550&quot;:6,&quot;335551620&quot;:6,&quot;335559731&quot;:708,&quot;335559739&quot;:0,&quot;335559740&quot;:360}\">\u00a0<\/span><\/p>\n<p><span data-contrast=\"none\">Em sede de contradit\u00f3rio, as partes informaram <\/span><span data-contrast=\"auto\">que em setembro de 2013 foi publicado Edital para realiza\u00e7\u00e3o de concurso p\u00fablico para o cargo de contador, no entanto, o \u00fanico candidato aprovado n\u00e3o se interessou em assumir o cargo. Por fim, alegaram que diante da necessidade de manter ativo os servi\u00e7os de contabilidade, foi realizada licita\u00e7\u00e3o visando a contrata\u00e7\u00e3o de empresa para executar tais atividades.<\/span><span data-ccp-props=\"{&quot;201341983&quot;:0,&quot;335551550&quot;:6,&quot;335551620&quot;:6,&quot;335559731&quot;:708,&quot;335559739&quot;:0,&quot;335559740&quot;:360}\">\u00a0<\/span><\/p>\n<p><span data-contrast=\"auto\">Com base em informa\u00e7\u00f5es levantadas pela Coordenadoria de Sistemas e Informa\u00e7\u00f5es da Fiscaliza\u00e7\u00e3o (COSIF), a Coordenadoria de Gest\u00e3o Municipal (CGM) considerou que a C\u00e2mara tomou medidas para realiza\u00e7\u00e3o de concursos p\u00fablicos visando \u00e0 nomea\u00e7\u00e3o de contador efetivo, de modo que n\u00e3o vislumbrou viola\u00e7\u00e3o do <a href=\"https:\/\/www1.tce.pr.gov.br\/conteudo\/prejulgado-n%C2%BA-6\/82361\/area\/242\">Prejulgado n\u00ba 6<\/a>. Contudo, verificou-se o pagamento em duplicidade pela presta\u00e7\u00e3o de servi\u00e7os da mesma natureza, conforme verificado nos contratos n\u00ba 02 e 06\/2013; contratos n\u00ba 01 e 02\/2014; e contrato decorrente de dispensa de licita\u00e7\u00e3o n\u00ba 05\/2014 e o contrato n\u00ba 03\/2014.\u00a0<\/span><span data-ccp-props=\"{&quot;201341983&quot;:0,&quot;335551550&quot;:6,&quot;335551620&quot;:6,&quot;335559731&quot;:708,&quot;335559739&quot;:0,&quot;335559740&quot;:360}\">\u00a0<\/span><\/p>\n<p><span data-contrast=\"auto\">Ao final, a CGM opinou pela proced\u00eancia parcial da Tomada de Contas Extraordin\u00e1ria, julgando-se irregular o pagamento em duplicidade pela presta\u00e7\u00e3o de servi\u00e7os da mesma natureza, al\u00e9m da ado\u00e7\u00e3o de medidas sancionat\u00f3rias e ressarcit\u00f3rias exclusivamente em face de Vanderlei Diniz da Luz (Presidente da C\u00e2mara entre 01\/01\/2013 e 30\/11\/2013) e da empresa contratada.<\/span><span data-ccp-props=\"{&quot;201341983&quot;:0,&quot;335551550&quot;:6,&quot;335551620&quot;:6,&quot;335559731&quot;:708,&quot;335559739&quot;:0,&quot;335559740&quot;:360}\">\u00a0<\/span><\/p>\n<p><span data-contrast=\"auto\">Instado a se manifestar, o Minist\u00e9rio P\u00fablico de Contas divergiu parcialmente da unidade t\u00e9cnica, especificamente em rela\u00e7\u00e3o \u00e0 imputa\u00e7\u00e3o de responsabilidade, a qual entende que deve ser atribu\u00edda a Fernando Fabr\u00edcio Pagliaci, Presidente da C\u00e2mara entre 01\/12\/2013 e 31\/12\/2014. Mediante o <a href=\"https:\/\/www.mpc.pr.gov.br\/wp-content\/uploads\/2023\/05\/Parecer-284-22-mpc-pr.pdf\">Parecer n\u00ba 284\/22<\/a>, opinou que al\u00e9m da restitui\u00e7\u00e3o solid\u00e1ria dos valores em face da empresa, tamb\u00e9m deve ser declarada a sua inidoneidade, na forma do artigo 9\u00ba da <a href=\"https:\/\/www1.tce.pr.gov.br\/conteudo\/lei-organica-e-regimento-interno-biblioteca-biblioteca\/107\">Lei Org\u00e2nica do TCE-PR<\/a>, por conta da celebra\u00e7\u00e3o dos contratos com sobreposi\u00e7\u00e3o de objetos e datas.\u00a0<\/span><span data-ccp-props=\"{&quot;201341983&quot;:0,&quot;335551550&quot;:6,&quot;335551620&quot;:6,&quot;335559731&quot;:708,&quot;335559739&quot;:0,&quot;335559740&quot;:360}\">\u00a0<\/span><\/p>\n<p><span data-contrast=\"auto\">Quanto ao <a href=\"https:\/\/www1.tce.pr.gov.br\/conteudo\/prejulgado-n%C2%BA-6\/82361\/area\/242\">Prejulgado n\u00ba 6<\/a>, o MPC-PR opinou que a infra\u00e7\u00e3o foi devidamente caracterizada pois, embora tenha sido justificada a terceiriza\u00e7\u00e3o dos servi\u00e7os de contabilidade no ano de 2013, apenas no ano de 2016 houve deflagra\u00e7\u00e3o de novo concurso p\u00fablico com a finalidade de contratar servidor efetivo de contabilidade.\u00a0<\/span><span data-ccp-props=\"{&quot;201341983&quot;:0,&quot;335551550&quot;:6,&quot;335551620&quot;:6,&quot;335559731&quot;:708,&quot;335559739&quot;:0,&quot;335559740&quot;:360}\">\u00a0<\/span><\/p>\n<p><span data-contrast=\"auto\">Em manifesta\u00e7\u00e3o conclusiva, o \u00f3rg\u00e3o ministerial opinou pela proced\u00eancia da Tomada de Contas Extraordin\u00e1ria, julgando-se irregulares os apontamentos de viola\u00e7\u00e3o ao <a href=\"https:\/\/www1.tce.pr.gov.br\/conteudo\/prejulgado-n%C2%BA-6\/82361\/area\/242\">Prejulgado n\u00ba 6<\/a>.\u00a0 Sugeriu a aplica\u00e7\u00e3o de multa aos ex-gestores Fernando Fabr\u00edcio Pagliaci e Waldecir Edson, por terem dado causa \u00e0 omiss\u00e3o de deflagar concurso p\u00fablico para o provimento do cargo de contador nos exerc\u00edcios de 2014 e 2015, cuja consequ\u00eancia foi a indevida perpetua\u00e7\u00e3o da terceiriza\u00e7\u00e3o de servi\u00e7os cont\u00e1beis at\u00e9 o in\u00edcio de 2017, e sobreposi\u00e7\u00e3o de pagamentos realizados \u00e0 empresa D.P. de Campos Kurivayashi \u2013 ME<\/span><span data-contrast=\"none\">.<\/span><span data-ccp-props=\"{&quot;201341983&quot;:0,&quot;335551550&quot;:6,&quot;335551620&quot;:6,&quot;335559731&quot;:708,&quot;335559739&quot;:0,&quot;335559740&quot;:360}\">\u00a0<\/span><\/p>\n<h4>Decis\u00e3o<\/h4>\n<p><span data-contrast=\"auto\">Em sede de julgamento, o relator Conselheiro Fabio de Souza Camargo destacou a inobserv\u00e2ncia do <a href=\"https:\/\/www1.tce.pr.gov.br\/conteudo\/prejulgado-n%C2%BA-6\/82361\/area\/242\">Prejulgado n\u00ba 6<\/a>, a qual foi agravada pela aus\u00eancia de justificativas sobre a demora para realiza\u00e7\u00e3o de novo concurso p\u00fabico, que ocorreu somente em setembro de 2016, na gest\u00e3o do senhor Waldecir Edson Pagliaci. Por este motivo acolheu a proposta do Minist\u00e9rio P\u00fablico de Contas pela aplica\u00e7\u00e3o de multa administrativa a Fernando Fabricio Pagliaci e Waldecir Edson Pagliaci.<\/span><span data-ccp-props=\"{&quot;201341983&quot;:0,&quot;335551550&quot;:6,&quot;335551620&quot;:6,&quot;335559739&quot;:0,&quot;335559740&quot;:360}\">\u00a0<\/span><\/p>\n<p><span data-contrast=\"auto\">Al\u00e9m disso, ponderou que embora a celebra\u00e7\u00e3o do contrato n\u00ba 02\/2013 tenha sido justificada, em virtude de inexistir contador na C\u00e2mara Municipal, os demais contratos foram desnecess\u00e1rios, visto que traziam como objeto a presta\u00e7\u00e3o de servi\u00e7os cont\u00e1beis e o mesmo rol (descri\u00e7\u00f5es id\u00eanticas) das responsabilidades atribu\u00eddas \u00e0 empresa <\/span><span data-contrast=\"none\">contratada.\u00a0<\/span><span data-ccp-props=\"{&quot;201341983&quot;:0,&quot;335551550&quot;:6,&quot;335551620&quot;:6,&quot;335559731&quot;:708,&quot;335559739&quot;:0,&quot;335559740&quot;:360}\">\u00a0<\/span><\/p>\n<p><span data-contrast=\"auto\">Destacou, ainda, a falta de organiza\u00e7\u00e3o dos documentos juntados pelos interessados e a aus\u00eancia de boa vontade em esclarecer as d\u00favidas levantadas, de modo que, conforme fundamenta\u00e7\u00e3o contida no <a href=\"https:\/\/www.mpc.pr.gov.br\/wp-content\/uploads\/2023\/05\/Acordao-1045-23-tce-pr-mpc-pr.pdf\">Ac\u00f3rd\u00e3o n\u00ba 1045\/23<\/a>, os membros da Segunda C\u00e2mara<\/span> <span data-contrast=\"none\"> acompanharam e voto do relator, e decidiram, por julgar procedente a presente Tomada de Contas Extraordin\u00e1ria, considerando:<\/span><span data-ccp-props=\"{&quot;201341983&quot;:0,&quot;335551550&quot;:6,&quot;335551620&quot;:6,&quot;335559731&quot;:708,&quot;335559739&quot;:0,&quot;335559740&quot;:360}\">\u00a0<\/span><\/p>\n<ul>\n<li data-leveltext=\"\uf0b7\" data-font=\"Symbol\" data-listid=\"1\" data-list-defn-props=\"{&quot;335552541&quot;:1,&quot;335559684&quot;:-2,&quot;335559685&quot;:720,&quot;335559991&quot;:360,&quot;469769226&quot;:&quot;Symbol&quot;,&quot;469769242&quot;:[8226],&quot;469777803&quot;:&quot;left&quot;,&quot;469777804&quot;:&quot;\uf0b7&quot;,&quot;469777815&quot;:&quot;hybridMultilevel&quot;}\" aria-setsize=\"-1\" data-aria-posinset=\"1\" data-aria-level=\"1\"><span data-contrast=\"none\">Irregular as contas tomadas da empresa D.P. de Campos Kurivayashi \u2013 ME e de Vanderlei Diniz da Luz, em virtude da realiza\u00e7\u00e3o de despesas indevidas, determinando-se a devolu\u00e7\u00e3o solid\u00e1ria<\/span><span data-contrast=\"auto\"> do valor de R$ 6.500,00;<\/span><span data-ccp-props=\"{&quot;201341983&quot;:0,&quot;335551550&quot;:6,&quot;335551620&quot;:6,&quot;335559739&quot;:0,&quot;335559740&quot;:360}\">\u00a0<\/span><\/li>\n<li data-leveltext=\"\uf0b7\" data-font=\"Symbol\" data-listid=\"1\" data-list-defn-props=\"{&quot;335552541&quot;:1,&quot;335559684&quot;:-2,&quot;335559685&quot;:720,&quot;335559991&quot;:360,&quot;469769226&quot;:&quot;Symbol&quot;,&quot;469769242&quot;:[8226],&quot;469777803&quot;:&quot;left&quot;,&quot;469777804&quot;:&quot;\uf0b7&quot;,&quot;469777815&quot;:&quot;hybridMultilevel&quot;}\" aria-setsize=\"-1\" data-aria-posinset=\"2\" data-aria-level=\"1\"><span data-contrast=\"none\">Irregular as contas tomadas de Fernando Fabricio Pagliaci e Waldecir Edson Pagliaci, al\u00e9m de aplica\u00e7\u00e3o de multa, em raz\u00e3o aus\u00eancia de realiza\u00e7\u00e3o de concurso p\u00fablico para o cargo de<br \/>\ncontador, nos exerc\u00edcios de 2014 e de 2015, em contrariedade ao\u00a0<a href=\"https:\/\/www1.tce.pr.gov.br\/conteudo\/prejulgado-n%C2%BA-6\/82361\/area\/242\">Prejulgado n\u00ba 6<\/a>.; e realiza\u00e7\u00e3o de despesas indevidas com a celebra\u00e7\u00e3o de contratos;\u00a0<\/span><\/li>\n<li data-leveltext=\"\uf0b7\" data-font=\"Symbol\" data-listid=\"1\" data-list-defn-props=\"{&quot;335552541&quot;:1,&quot;335559684&quot;:-2,&quot;335559685&quot;:720,&quot;335559991&quot;:360,&quot;469769226&quot;:&quot;Symbol&quot;,&quot;469769242&quot;:[8226],&quot;469777803&quot;:&quot;left&quot;,&quot;469777804&quot;:&quot;\uf0b7&quot;,&quot;469777815&quot;:&quot;hybridMultilevel&quot;}\" aria-setsize=\"-1\" data-aria-posinset=\"2\" data-aria-level=\"1\"><span data-contrast=\"none\">E determinar a restitui\u00e7\u00e3o solid\u00e1ria do valor de R$ 24.800,00 por Fernando Fabricio Pagliaci e pela empresa D.P. de Campos Kurivayashi \u2013 ME.<\/span><span data-ccp-props=\"{&quot;134233117&quot;:false,&quot;134233118&quot;:false,&quot;201341983&quot;:0,&quot;335551550&quot;:6,&quot;335551620&quot;:6,&quot;335559685&quot;:720,&quot;335559737&quot;:0,&quot;335559738&quot;:0,&quot;335559739&quot;:0,&quot;335559740&quot;:360,&quot;335559991&quot;:360}\">\u00a0<\/span><\/li>\n<\/ul>\n<p><span data-contrast=\"none\">Ap\u00f3s tr\u00e2nsito em julgado, determinou-se o encaminhamento dos autos \u00e0 Coordenadoria de Monitoramento e Execu\u00e7\u00f5es para provid\u00eancias, e, consequentemente, para arquivamento e encerramento dos autos.\u00a0<\/span><span data-ccp-props=\"{&quot;134233117&quot;:false,&quot;134233118&quot;:false,&quot;201341983&quot;:0,&quot;335551550&quot;:6,&quot;335551620&quot;:6,&quot;335559685&quot;:0,&quot;335559737&quot;:0,&quot;335559738&quot;:0,&quot;335559739&quot;:0,&quot;335559740&quot;:360}\">\u00a0<\/span><\/p>\n<blockquote>\n<h4><span style=\"color: #820007;\"><strong><u>Informa\u00e7\u00e3o para consulta processual<\/u><\/strong><\/span><\/h4>\n<table border=\"0\" width=\"629\" cellspacing=\"0\" cellpadding=\"0\">\n<tbody>\n<tr>\n<td><strong>Processo<\/strong>\u00a0<strong>n\u00ba<\/strong>:<\/td>\n<td><span class=\"TextRun SCXW15784079 BCX0\" lang=\"PT-PT\" xml:lang=\"PT-PT\" data-contrast=\"auto\"><span class=\"NormalTextRun SCXW15784079 BCX0\">129641\/18<\/span><\/span><\/td>\n<\/tr>\n<tr>\n<td><strong>Ac\u00f3rd\u00e3o n\u00ba<\/strong><\/td>\n<td>1045\/23 &#8211; Segunda C\u00e2mara<\/td>\n<\/tr>\n<tr>\n<td><strong>Assunto<\/strong>:<\/td>\n<td>Tomada de Contas Extraordin\u00e1ria<\/td>\n<\/tr>\n<tr>\n<td><strong>Entidade<\/strong>:<\/td>\n<td>C\u00e2mara Municipal de Santa Am\u00e9lia<\/td>\n<\/tr>\n<tr>\n<td><strong>Relator<\/strong>:<\/td>\n<td>Conselheiro Fabio de Souza Camargo<\/td>\n<\/tr>\n<\/tbody>\n<\/table>\n<\/blockquote>\n","protected":false},"excerpt":{"rendered":"<p>O Pleno do Tribunal de Contas do Estado (TCE-PR) julgou procedente a Tomada de Contas Extraordin\u00e1ria interposta em face dos ex-Presidentes da C\u00e2mara de Vereadores de Santa Am\u00e9lia, nas gest\u00f5es de 2013 a 2014 e 2015 a 2016, e da empresa D.P. de Campos Kurivayashi \u2013 ME. Na decis\u00e3o, tamb\u00e9m foi determinada a restitui\u00e7\u00e3o solid\u00e1ria [&hellip;]<\/p>\n","protected":false},"author":1,"featured_media":15816,"comment_status":"open","ping_status":"open","sticky":false,"template":"","format":"standard","meta":{"_monsterinsights_skip_tracking":false,"_monsterinsights_sitenote_active":false,"_monsterinsights_sitenote_note":"","_monsterinsights_sitenote_category":0,"footnotes":""},"categories":[7],"tags":[78,13,220,425,88,39,201],"class_list":["post-15813","post","type-post","status-publish","format-standard","has-post-thumbnail","hentry","category-todas-as-noticias","tag-camara-municipal","tag-mpc-pr","tag-prejulgado-no-6","tag-santa-amelia","tag-segunda-camara","tag-tce-pr","tag-tomada-de-contas-extraordinaria","entry","has-media"],"yoast_head":"<!-- This site is optimized with the Yoast SEO plugin v27.3 - https:\/\/yoast.com\/product\/yoast-seo-wordpress\/ -->\n<title>Contas da C\u00e2mara Municipal de Santa Am\u00e9lia s\u00e3o julgadas irregulares em raz\u00e3o de despesas indevidas em contratos - Minist\u00e9rio P\u00fablico de Contas do Estado do Paran\u00e1<\/title>\n<meta name=\"robots\" content=\"index, follow, max-snippet:-1, max-image-preview:large, max-video-preview:-1\" \/>\n<link rel=\"canonical\" href=\"https:\/\/www.mpc.pr.gov.br\/index.php\/contas-da-camara-municipal-de-santa-amelia-sao-julgadas-irregulares-em-razao-de-despesas-indevidas-em-contratos\/\" \/>\n<meta property=\"og:locale\" content=\"pt_BR\" \/>\n<meta property=\"og:type\" content=\"article\" \/>\n<meta property=\"og:title\" content=\"Contas da C\u00e2mara Municipal de Santa Am\u00e9lia s\u00e3o julgadas irregulares em raz\u00e3o de despesas indevidas em contratos - Minist\u00e9rio P\u00fablico de Contas do Estado do Paran\u00e1\" \/>\n<meta property=\"og:description\" content=\"O Pleno do Tribunal de Contas do Estado (TCE-PR) julgou procedente a Tomada de Contas Extraordin\u00e1ria interposta em face dos ex-Presidentes da C\u00e2mara de Vereadores de Santa Am\u00e9lia, nas gest\u00f5es de 2013 a 2014 e 2015 a 2016, e da empresa D.P. de Campos Kurivayashi \u2013 ME. Na decis\u00e3o, tamb\u00e9m foi determinada a restitui\u00e7\u00e3o solid\u00e1ria [&hellip;]\" \/>\n<meta property=\"og:url\" content=\"https:\/\/www.mpc.pr.gov.br\/index.php\/contas-da-camara-municipal-de-santa-amelia-sao-julgadas-irregulares-em-razao-de-despesas-indevidas-em-contratos\/\" \/>\n<meta property=\"og:site_name\" content=\"Minist\u00e9rio P\u00fablico de Contas do Estado do Paran\u00e1\" \/>\n<meta property=\"article:publisher\" content=\"https:\/\/www.facebook.com\/mpc.pr\" \/>\n<meta property=\"article:published_time\" content=\"2023-05-31T16:46:00+00:00\" \/>\n<meta property=\"article:modified_time\" content=\"2023-06-22T14:28:38+00:00\" \/>\n<meta property=\"og:image\" content=\"https:\/\/www.mpc.pr.gov.br\/wp-content\/uploads\/2023\/05\/Contratos-01.jpg\" \/>\n\t<meta property=\"og:image:width\" content=\"640\" \/>\n\t<meta property=\"og:image:height\" content=\"507\" \/>\n\t<meta property=\"og:image:type\" content=\"image\/jpeg\" \/>\n<meta name=\"author\" content=\"mpcontaspr\" \/>\n<meta name=\"twitter:card\" content=\"summary_large_image\" \/>\n<meta name=\"twitter:label1\" content=\"Escrito por\" \/>\n\t<meta name=\"twitter:data1\" content=\"mpcontaspr\" \/>\n\t<meta name=\"twitter:label2\" content=\"Est. tempo de leitura\" \/>\n\t<meta name=\"twitter:data2\" content=\"7 minutos\" \/>\n<script type=\"application\/ld+json\" class=\"yoast-schema-graph\">{\"@context\":\"https:\\\/\\\/schema.org\",\"@graph\":[{\"@type\":\"Article\",\"@id\":\"https:\\\/\\\/www.mpc.pr.gov.br\\\/index.php\\\/contas-da-camara-municipal-de-santa-amelia-sao-julgadas-irregulares-em-razao-de-despesas-indevidas-em-contratos\\\/#article\",\"isPartOf\":{\"@id\":\"https:\\\/\\\/www.mpc.pr.gov.br\\\/index.php\\\/contas-da-camara-municipal-de-santa-amelia-sao-julgadas-irregulares-em-razao-de-despesas-indevidas-em-contratos\\\/\"},\"author\":{\"name\":\"mpcontaspr\",\"@id\":\"https:\\\/\\\/www.mpc.pr.gov.br\\\/#\\\/schema\\\/person\\\/2d83cb8980538d0ec174e8a6284f5e11\"},\"headline\":\"Contas da C\u00e2mara Municipal de Santa Am\u00e9lia s\u00e3o julgadas irregulares em raz\u00e3o de despesas indevidas em contratos\",\"datePublished\":\"2023-05-31T16:46:00+00:00\",\"dateModified\":\"2023-06-22T14:28:38+00:00\",\"mainEntityOfPage\":{\"@id\":\"https:\\\/\\\/www.mpc.pr.gov.br\\\/index.php\\\/contas-da-camara-municipal-de-santa-amelia-sao-julgadas-irregulares-em-razao-de-despesas-indevidas-em-contratos\\\/\"},\"wordCount\":1217,\"commentCount\":0,\"publisher\":{\"@id\":\"https:\\\/\\\/www.mpc.pr.gov.br\\\/#organization\"},\"image\":{\"@id\":\"https:\\\/\\\/www.mpc.pr.gov.br\\\/index.php\\\/contas-da-camara-municipal-de-santa-amelia-sao-julgadas-irregulares-em-razao-de-despesas-indevidas-em-contratos\\\/#primaryimage\"},\"thumbnailUrl\":\"https:\\\/\\\/www.mpc.pr.gov.br\\\/wp-content\\\/uploads\\\/2023\\\/05\\\/Contratos-01.jpg\",\"keywords\":[\"C\u00e2mara Municipal\",\"MPC-PR\",\"Prejulgado n\u00ba 6\",\"Santa Am\u00e9lia\",\"Segunda C\u00e2mara\",\"TCE-PR\",\"Tomada de Contas Extraordin\u00e1ria\"],\"articleSection\":[\"Todas as not\u00edcias\"],\"inLanguage\":\"pt-BR\",\"potentialAction\":[{\"@type\":\"CommentAction\",\"name\":\"Comment\",\"target\":[\"https:\\\/\\\/www.mpc.pr.gov.br\\\/index.php\\\/contas-da-camara-municipal-de-santa-amelia-sao-julgadas-irregulares-em-razao-de-despesas-indevidas-em-contratos\\\/#respond\"]}]},{\"@type\":\"WebPage\",\"@id\":\"https:\\\/\\\/www.mpc.pr.gov.br\\\/index.php\\\/contas-da-camara-municipal-de-santa-amelia-sao-julgadas-irregulares-em-razao-de-despesas-indevidas-em-contratos\\\/\",\"url\":\"https:\\\/\\\/www.mpc.pr.gov.br\\\/index.php\\\/contas-da-camara-municipal-de-santa-amelia-sao-julgadas-irregulares-em-razao-de-despesas-indevidas-em-contratos\\\/\",\"name\":\"Contas da C\u00e2mara Municipal de Santa Am\u00e9lia s\u00e3o julgadas irregulares em raz\u00e3o de despesas indevidas em contratos - Minist\u00e9rio P\u00fablico de Contas do Estado do Paran\u00e1\",\"isPartOf\":{\"@id\":\"https:\\\/\\\/www.mpc.pr.gov.br\\\/#website\"},\"primaryImageOfPage\":{\"@id\":\"https:\\\/\\\/www.mpc.pr.gov.br\\\/index.php\\\/contas-da-camara-municipal-de-santa-amelia-sao-julgadas-irregulares-em-razao-de-despesas-indevidas-em-contratos\\\/#primaryimage\"},\"image\":{\"@id\":\"https:\\\/\\\/www.mpc.pr.gov.br\\\/index.php\\\/contas-da-camara-municipal-de-santa-amelia-sao-julgadas-irregulares-em-razao-de-despesas-indevidas-em-contratos\\\/#primaryimage\"},\"thumbnailUrl\":\"https:\\\/\\\/www.mpc.pr.gov.br\\\/wp-content\\\/uploads\\\/2023\\\/05\\\/Contratos-01.jpg\",\"datePublished\":\"2023-05-31T16:46:00+00:00\",\"dateModified\":\"2023-06-22T14:28:38+00:00\",\"breadcrumb\":{\"@id\":\"https:\\\/\\\/www.mpc.pr.gov.br\\\/index.php\\\/contas-da-camara-municipal-de-santa-amelia-sao-julgadas-irregulares-em-razao-de-despesas-indevidas-em-contratos\\\/#breadcrumb\"},\"inLanguage\":\"pt-BR\",\"potentialAction\":[{\"@type\":\"ReadAction\",\"target\":[\"https:\\\/\\\/www.mpc.pr.gov.br\\\/index.php\\\/contas-da-camara-municipal-de-santa-amelia-sao-julgadas-irregulares-em-razao-de-despesas-indevidas-em-contratos\\\/\"]}]},{\"@type\":\"ImageObject\",\"inLanguage\":\"pt-BR\",\"@id\":\"https:\\\/\\\/www.mpc.pr.gov.br\\\/index.php\\\/contas-da-camara-municipal-de-santa-amelia-sao-julgadas-irregulares-em-razao-de-despesas-indevidas-em-contratos\\\/#primaryimage\",\"url\":\"https:\\\/\\\/www.mpc.pr.gov.br\\\/wp-content\\\/uploads\\\/2023\\\/05\\\/Contratos-01.jpg\",\"contentUrl\":\"https:\\\/\\\/www.mpc.pr.gov.br\\\/wp-content\\\/uploads\\\/2023\\\/05\\\/Contratos-01.jpg\",\"width\":640,\"height\":507,\"caption\":\"A licita\u00e7\u00e3o \u00e9 a regra geral para a contrata\u00e7\u00e3o de bens e servi\u00e7os pela administra\u00e7\u00e3o p\u00fablica. Foto: Divulga\u00e7\u00e3o.\"},{\"@type\":\"BreadcrumbList\",\"@id\":\"https:\\\/\\\/www.mpc.pr.gov.br\\\/index.php\\\/contas-da-camara-municipal-de-santa-amelia-sao-julgadas-irregulares-em-razao-de-despesas-indevidas-em-contratos\\\/#breadcrumb\",\"itemListElement\":[{\"@type\":\"ListItem\",\"position\":1,\"name\":\"In\u00edcio\",\"item\":\"https:\\\/\\\/www.mpc.pr.gov.br\\\/\"},{\"@type\":\"ListItem\",\"position\":2,\"name\":\"Contas da C\u00e2mara Municipal de Santa Am\u00e9lia s\u00e3o julgadas irregulares em raz\u00e3o de despesas indevidas em contratos\"}]},{\"@type\":\"WebSite\",\"@id\":\"https:\\\/\\\/www.mpc.pr.gov.br\\\/#website\",\"url\":\"https:\\\/\\\/www.mpc.pr.gov.br\\\/\",\"name\":\"Minist\u00e9rio P\u00fablico de Contas do Estado do Paran\u00e1\",\"description\":\"\",\"publisher\":{\"@id\":\"https:\\\/\\\/www.mpc.pr.gov.br\\\/#organization\"},\"potentialAction\":[{\"@type\":\"SearchAction\",\"target\":{\"@type\":\"EntryPoint\",\"urlTemplate\":\"https:\\\/\\\/www.mpc.pr.gov.br\\\/?s={search_term_string}\"},\"query-input\":{\"@type\":\"PropertyValueSpecification\",\"valueRequired\":true,\"valueName\":\"search_term_string\"}}],\"inLanguage\":\"pt-BR\"},{\"@type\":\"Organization\",\"@id\":\"https:\\\/\\\/www.mpc.pr.gov.br\\\/#organization\",\"name\":\"Minist\u00e9rio P\u00fablico de Contas do Estado do Paran\u00e1\",\"url\":\"https:\\\/\\\/www.mpc.pr.gov.br\\\/\",\"logo\":{\"@type\":\"ImageObject\",\"inLanguage\":\"pt-BR\",\"@id\":\"https:\\\/\\\/www.mpc.pr.gov.br\\\/#\\\/schema\\\/logo\\\/image\\\/\",\"url\":\"https:\\\/\\\/www.mpc.pr.gov.br\\\/wp-content\\\/uploads\\\/2020\\\/06\\\/99423647_1593460364143890_6706793420720963584_n-1-e1591387983167.png\",\"contentUrl\":\"https:\\\/\\\/www.mpc.pr.gov.br\\\/wp-content\\\/uploads\\\/2020\\\/06\\\/99423647_1593460364143890_6706793420720963584_n-1-e1591387983167.png\",\"width\":243,\"height\":73,\"caption\":\"Minist\u00e9rio P\u00fablico de Contas do Estado do Paran\u00e1\"},\"image\":{\"@id\":\"https:\\\/\\\/www.mpc.pr.gov.br\\\/#\\\/schema\\\/logo\\\/image\\\/\"},\"sameAs\":[\"https:\\\/\\\/www.facebook.com\\\/mpc.pr\",\"https:\\\/\\\/www.instagram.com\\\/mpc.pr\\\/?hl=pt-br\",\"https:\\\/\\\/www.youtube.com\\\/channel\\\/UCHri5oEM8DV0ztX57E0sBSw\"]},{\"@type\":\"Person\",\"@id\":\"https:\\\/\\\/www.mpc.pr.gov.br\\\/#\\\/schema\\\/person\\\/2d83cb8980538d0ec174e8a6284f5e11\",\"name\":\"mpcontaspr\",\"image\":{\"@type\":\"ImageObject\",\"inLanguage\":\"pt-BR\",\"@id\":\"https:\\\/\\\/secure.gravatar.com\\\/avatar\\\/1aef51541db7622e05fd639336c9c9f312c2a618396e2b6ca96846362fc5403f?s=96&d=mm&r=g\",\"url\":\"https:\\\/\\\/secure.gravatar.com\\\/avatar\\\/1aef51541db7622e05fd639336c9c9f312c2a618396e2b6ca96846362fc5403f?s=96&d=mm&r=g\",\"contentUrl\":\"https:\\\/\\\/secure.gravatar.com\\\/avatar\\\/1aef51541db7622e05fd639336c9c9f312c2a618396e2b6ca96846362fc5403f?s=96&d=mm&r=g\",\"caption\":\"mpcontaspr\"},\"sameAs\":[\"http:\\\/\\\/www.mpc.pr.gov.br\"]}]}<\/script>\n<!-- \/ Yoast SEO plugin. -->","yoast_head_json":{"title":"Contas da C\u00e2mara Municipal de Santa Am\u00e9lia s\u00e3o julgadas irregulares em raz\u00e3o de despesas indevidas em contratos - Minist\u00e9rio P\u00fablico de Contas do Estado do Paran\u00e1","robots":{"index":"index","follow":"follow","max-snippet":"max-snippet:-1","max-image-preview":"max-image-preview:large","max-video-preview":"max-video-preview:-1"},"canonical":"https:\/\/www.mpc.pr.gov.br\/index.php\/contas-da-camara-municipal-de-santa-amelia-sao-julgadas-irregulares-em-razao-de-despesas-indevidas-em-contratos\/","og_locale":"pt_BR","og_type":"article","og_title":"Contas da C\u00e2mara Municipal de Santa Am\u00e9lia s\u00e3o julgadas irregulares em raz\u00e3o de despesas indevidas em contratos - Minist\u00e9rio P\u00fablico de Contas do Estado do Paran\u00e1","og_description":"O Pleno do Tribunal de Contas do Estado (TCE-PR) julgou procedente a Tomada de Contas Extraordin\u00e1ria interposta em face dos ex-Presidentes da C\u00e2mara de Vereadores de Santa Am\u00e9lia, nas gest\u00f5es de 2013 a 2014 e 2015 a 2016, e da empresa D.P. de Campos Kurivayashi \u2013 ME. Na decis\u00e3o, tamb\u00e9m foi determinada a restitui\u00e7\u00e3o solid\u00e1ria [&hellip;]","og_url":"https:\/\/www.mpc.pr.gov.br\/index.php\/contas-da-camara-municipal-de-santa-amelia-sao-julgadas-irregulares-em-razao-de-despesas-indevidas-em-contratos\/","og_site_name":"Minist\u00e9rio P\u00fablico de Contas do Estado do Paran\u00e1","article_publisher":"https:\/\/www.facebook.com\/mpc.pr","article_published_time":"2023-05-31T16:46:00+00:00","article_modified_time":"2023-06-22T14:28:38+00:00","og_image":[{"width":640,"height":507,"url":"https:\/\/www.mpc.pr.gov.br\/wp-content\/uploads\/2023\/05\/Contratos-01.jpg","type":"image\/jpeg"}],"author":"mpcontaspr","twitter_card":"summary_large_image","twitter_misc":{"Escrito por":"mpcontaspr","Est. tempo de leitura":"7 minutos"},"schema":{"@context":"https:\/\/schema.org","@graph":[{"@type":"Article","@id":"https:\/\/www.mpc.pr.gov.br\/index.php\/contas-da-camara-municipal-de-santa-amelia-sao-julgadas-irregulares-em-razao-de-despesas-indevidas-em-contratos\/#article","isPartOf":{"@id":"https:\/\/www.mpc.pr.gov.br\/index.php\/contas-da-camara-municipal-de-santa-amelia-sao-julgadas-irregulares-em-razao-de-despesas-indevidas-em-contratos\/"},"author":{"name":"mpcontaspr","@id":"https:\/\/www.mpc.pr.gov.br\/#\/schema\/person\/2d83cb8980538d0ec174e8a6284f5e11"},"headline":"Contas da C\u00e2mara Municipal de Santa Am\u00e9lia s\u00e3o julgadas irregulares em raz\u00e3o de despesas indevidas em contratos","datePublished":"2023-05-31T16:46:00+00:00","dateModified":"2023-06-22T14:28:38+00:00","mainEntityOfPage":{"@id":"https:\/\/www.mpc.pr.gov.br\/index.php\/contas-da-camara-municipal-de-santa-amelia-sao-julgadas-irregulares-em-razao-de-despesas-indevidas-em-contratos\/"},"wordCount":1217,"commentCount":0,"publisher":{"@id":"https:\/\/www.mpc.pr.gov.br\/#organization"},"image":{"@id":"https:\/\/www.mpc.pr.gov.br\/index.php\/contas-da-camara-municipal-de-santa-amelia-sao-julgadas-irregulares-em-razao-de-despesas-indevidas-em-contratos\/#primaryimage"},"thumbnailUrl":"https:\/\/www.mpc.pr.gov.br\/wp-content\/uploads\/2023\/05\/Contratos-01.jpg","keywords":["C\u00e2mara Municipal","MPC-PR","Prejulgado n\u00ba 6","Santa Am\u00e9lia","Segunda C\u00e2mara","TCE-PR","Tomada de Contas Extraordin\u00e1ria"],"articleSection":["Todas as not\u00edcias"],"inLanguage":"pt-BR","potentialAction":[{"@type":"CommentAction","name":"Comment","target":["https:\/\/www.mpc.pr.gov.br\/index.php\/contas-da-camara-municipal-de-santa-amelia-sao-julgadas-irregulares-em-razao-de-despesas-indevidas-em-contratos\/#respond"]}]},{"@type":"WebPage","@id":"https:\/\/www.mpc.pr.gov.br\/index.php\/contas-da-camara-municipal-de-santa-amelia-sao-julgadas-irregulares-em-razao-de-despesas-indevidas-em-contratos\/","url":"https:\/\/www.mpc.pr.gov.br\/index.php\/contas-da-camara-municipal-de-santa-amelia-sao-julgadas-irregulares-em-razao-de-despesas-indevidas-em-contratos\/","name":"Contas da C\u00e2mara Municipal de Santa Am\u00e9lia s\u00e3o julgadas irregulares em raz\u00e3o de despesas indevidas em contratos - Minist\u00e9rio P\u00fablico de Contas do Estado do Paran\u00e1","isPartOf":{"@id":"https:\/\/www.mpc.pr.gov.br\/#website"},"primaryImageOfPage":{"@id":"https:\/\/www.mpc.pr.gov.br\/index.php\/contas-da-camara-municipal-de-santa-amelia-sao-julgadas-irregulares-em-razao-de-despesas-indevidas-em-contratos\/#primaryimage"},"image":{"@id":"https:\/\/www.mpc.pr.gov.br\/index.php\/contas-da-camara-municipal-de-santa-amelia-sao-julgadas-irregulares-em-razao-de-despesas-indevidas-em-contratos\/#primaryimage"},"thumbnailUrl":"https:\/\/www.mpc.pr.gov.br\/wp-content\/uploads\/2023\/05\/Contratos-01.jpg","datePublished":"2023-05-31T16:46:00+00:00","dateModified":"2023-06-22T14:28:38+00:00","breadcrumb":{"@id":"https:\/\/www.mpc.pr.gov.br\/index.php\/contas-da-camara-municipal-de-santa-amelia-sao-julgadas-irregulares-em-razao-de-despesas-indevidas-em-contratos\/#breadcrumb"},"inLanguage":"pt-BR","potentialAction":[{"@type":"ReadAction","target":["https:\/\/www.mpc.pr.gov.br\/index.php\/contas-da-camara-municipal-de-santa-amelia-sao-julgadas-irregulares-em-razao-de-despesas-indevidas-em-contratos\/"]}]},{"@type":"ImageObject","inLanguage":"pt-BR","@id":"https:\/\/www.mpc.pr.gov.br\/index.php\/contas-da-camara-municipal-de-santa-amelia-sao-julgadas-irregulares-em-razao-de-despesas-indevidas-em-contratos\/#primaryimage","url":"https:\/\/www.mpc.pr.gov.br\/wp-content\/uploads\/2023\/05\/Contratos-01.jpg","contentUrl":"https:\/\/www.mpc.pr.gov.br\/wp-content\/uploads\/2023\/05\/Contratos-01.jpg","width":640,"height":507,"caption":"A licita\u00e7\u00e3o \u00e9 a regra geral para a contrata\u00e7\u00e3o de bens e servi\u00e7os pela administra\u00e7\u00e3o p\u00fablica. Foto: Divulga\u00e7\u00e3o."},{"@type":"BreadcrumbList","@id":"https:\/\/www.mpc.pr.gov.br\/index.php\/contas-da-camara-municipal-de-santa-amelia-sao-julgadas-irregulares-em-razao-de-despesas-indevidas-em-contratos\/#breadcrumb","itemListElement":[{"@type":"ListItem","position":1,"name":"In\u00edcio","item":"https:\/\/www.mpc.pr.gov.br\/"},{"@type":"ListItem","position":2,"name":"Contas da C\u00e2mara Municipal de Santa Am\u00e9lia s\u00e3o julgadas irregulares em raz\u00e3o de despesas indevidas em contratos"}]},{"@type":"WebSite","@id":"https:\/\/www.mpc.pr.gov.br\/#website","url":"https:\/\/www.mpc.pr.gov.br\/","name":"Minist\u00e9rio P\u00fablico de Contas do Estado do Paran\u00e1","description":"","publisher":{"@id":"https:\/\/www.mpc.pr.gov.br\/#organization"},"potentialAction":[{"@type":"SearchAction","target":{"@type":"EntryPoint","urlTemplate":"https:\/\/www.mpc.pr.gov.br\/?s={search_term_string}"},"query-input":{"@type":"PropertyValueSpecification","valueRequired":true,"valueName":"search_term_string"}}],"inLanguage":"pt-BR"},{"@type":"Organization","@id":"https:\/\/www.mpc.pr.gov.br\/#organization","name":"Minist\u00e9rio P\u00fablico de Contas do Estado do Paran\u00e1","url":"https:\/\/www.mpc.pr.gov.br\/","logo":{"@type":"ImageObject","inLanguage":"pt-BR","@id":"https:\/\/www.mpc.pr.gov.br\/#\/schema\/logo\/image\/","url":"https:\/\/www.mpc.pr.gov.br\/wp-content\/uploads\/2020\/06\/99423647_1593460364143890_6706793420720963584_n-1-e1591387983167.png","contentUrl":"https:\/\/www.mpc.pr.gov.br\/wp-content\/uploads\/2020\/06\/99423647_1593460364143890_6706793420720963584_n-1-e1591387983167.png","width":243,"height":73,"caption":"Minist\u00e9rio P\u00fablico de Contas do Estado do Paran\u00e1"},"image":{"@id":"https:\/\/www.mpc.pr.gov.br\/#\/schema\/logo\/image\/"},"sameAs":["https:\/\/www.facebook.com\/mpc.pr","https:\/\/www.instagram.com\/mpc.pr\/?hl=pt-br","https:\/\/www.youtube.com\/channel\/UCHri5oEM8DV0ztX57E0sBSw"]},{"@type":"Person","@id":"https:\/\/www.mpc.pr.gov.br\/#\/schema\/person\/2d83cb8980538d0ec174e8a6284f5e11","name":"mpcontaspr","image":{"@type":"ImageObject","inLanguage":"pt-BR","@id":"https:\/\/secure.gravatar.com\/avatar\/1aef51541db7622e05fd639336c9c9f312c2a618396e2b6ca96846362fc5403f?s=96&d=mm&r=g","url":"https:\/\/secure.gravatar.com\/avatar\/1aef51541db7622e05fd639336c9c9f312c2a618396e2b6ca96846362fc5403f?s=96&d=mm&r=g","contentUrl":"https:\/\/secure.gravatar.com\/avatar\/1aef51541db7622e05fd639336c9c9f312c2a618396e2b6ca96846362fc5403f?s=96&d=mm&r=g","caption":"mpcontaspr"},"sameAs":["http:\/\/www.mpc.pr.gov.br"]}]}},"rttpg_featured_image_url":{"full":["https:\/\/www.mpc.pr.gov.br\/wp-content\/uploads\/2023\/05\/Contratos-01.jpg",640,507,false],"landscape":["https:\/\/www.mpc.pr.gov.br\/wp-content\/uploads\/2023\/05\/Contratos-01.jpg",640,507,false],"portraits":["https:\/\/www.mpc.pr.gov.br\/wp-content\/uploads\/2023\/05\/Contratos-01.jpg",640,507,false],"thumbnail":["https:\/\/www.mpc.pr.gov.br\/wp-content\/uploads\/2023\/05\/Contratos-01-150x150.jpg",150,150,true],"medium":["https:\/\/www.mpc.pr.gov.br\/wp-content\/uploads\/2023\/05\/Contratos-01-300x238.jpg",300,238,true],"large":["https:\/\/www.mpc.pr.gov.br\/wp-content\/uploads\/2023\/05\/Contratos-01.jpg",640,507,false],"1536x1536":["https:\/\/www.mpc.pr.gov.br\/wp-content\/uploads\/2023\/05\/Contratos-01.jpg",640,507,false],"2048x2048":["https:\/\/www.mpc.pr.gov.br\/wp-content\/uploads\/2023\/05\/Contratos-01.jpg",640,507,false],"ocean-thumb-m":["https:\/\/www.mpc.pr.gov.br\/wp-content\/uploads\/2023\/05\/Contratos-01-600x507.jpg",600,507,true],"ocean-thumb-ml":["https:\/\/www.mpc.pr.gov.br\/wp-content\/uploads\/2023\/05\/Contratos-01-640x450.jpg",640,450,true],"ocean-thumb-l":["https:\/\/www.mpc.pr.gov.br\/wp-content\/uploads\/2023\/05\/Contratos-01.jpg",640,507,false]},"rttpg_author":{"display_name":"mpcontaspr","author_link":"https:\/\/www.mpc.pr.gov.br\/index.php\/author\/mpcontaspr\/"},"rttpg_comment":0,"rttpg_category":"<a href=\"https:\/\/www.mpc.pr.gov.br\/index.php\/category\/todas-as-noticias\/\" rel=\"category tag\">Todas as not\u00edcias<\/a>","rttpg_excerpt":"O Pleno do Tribunal de Contas do Estado (TCE-PR) julgou procedente a Tomada de Contas Extraordin\u00e1ria interposta em face dos ex-Presidentes da C\u00e2mara de Vereadores de Santa Am\u00e9lia, nas gest\u00f5es de 2013 a 2014 e 2015 a 2016, e da empresa D.P. de Campos Kurivayashi \u2013 ME. Na decis\u00e3o, tamb\u00e9m foi determinada a restitui\u00e7\u00e3o solid\u00e1ria&hellip;","_links":{"self":[{"href":"https:\/\/www.mpc.pr.gov.br\/index.php\/wp-json\/wp\/v2\/posts\/15813","targetHints":{"allow":["GET"]}}],"collection":[{"href":"https:\/\/www.mpc.pr.gov.br\/index.php\/wp-json\/wp\/v2\/posts"}],"about":[{"href":"https:\/\/www.mpc.pr.gov.br\/index.php\/wp-json\/wp\/v2\/types\/post"}],"author":[{"embeddable":true,"href":"https:\/\/www.mpc.pr.gov.br\/index.php\/wp-json\/wp\/v2\/users\/1"}],"replies":[{"embeddable":true,"href":"https:\/\/www.mpc.pr.gov.br\/index.php\/wp-json\/wp\/v2\/comments?post=15813"}],"version-history":[{"count":1,"href":"https:\/\/www.mpc.pr.gov.br\/index.php\/wp-json\/wp\/v2\/posts\/15813\/revisions"}],"predecessor-version":[{"id":15817,"href":"https:\/\/www.mpc.pr.gov.br\/index.php\/wp-json\/wp\/v2\/posts\/15813\/revisions\/15817"}],"wp:featuredmedia":[{"embeddable":true,"href":"https:\/\/www.mpc.pr.gov.br\/index.php\/wp-json\/wp\/v2\/media\/15816"}],"wp:attachment":[{"href":"https:\/\/www.mpc.pr.gov.br\/index.php\/wp-json\/wp\/v2\/media?parent=15813"}],"wp:term":[{"taxonomy":"category","embeddable":true,"href":"https:\/\/www.mpc.pr.gov.br\/index.php\/wp-json\/wp\/v2\/categories?post=15813"},{"taxonomy":"post_tag","embeddable":true,"href":"https:\/\/www.mpc.pr.gov.br\/index.php\/wp-json\/wp\/v2\/tags?post=15813"}],"curies":[{"name":"wp","href":"https:\/\/api.w.org\/{rel}","templated":true}]}}