{"id":15855,"date":"2023-06-20T10:48:39","date_gmt":"2023-06-20T13:48:39","guid":{"rendered":"https:\/\/www.mpc.pr.gov.br\/?p=15855"},"modified":"2023-07-04T13:58:09","modified_gmt":"2023-07-04T16:58:09","slug":"contas-de-2020-ex-prefeito-de-santo-antonio-do-caiua-e-multado-por-descumprir-a-lei-de-responsabilidade-fiscal","status":"publish","type":"post","link":"https:\/\/www.mpc.pr.gov.br\/index.php\/contas-de-2020-ex-prefeito-de-santo-antonio-do-caiua-e-multado-por-descumprir-a-lei-de-responsabilidade-fiscal\/","title":{"rendered":"Contas de 2020: Ex-Prefeito de Santo Ant\u00f4nio do Caiu\u00e1 \u00e9 multado por descumprir a Lei de Responsabilidade Fiscal"},"content":{"rendered":"<figure id=\"attachment_11987\" aria-describedby=\"caption-attachment-11987\" style=\"width: 300px\" class=\"wp-caption alignleft\"><img fetchpriority=\"high\" decoding=\"async\" class=\"size-medium wp-image-11987\" src=\"https:\/\/www.mpc.pr.gov.br\/wp-content\/uploads\/2021\/04\/Prestacao-de-Contas-300x250.jpg\" alt=\"\" width=\"300\" height=\"250\" srcset=\"https:\/\/www.mpc.pr.gov.br\/wp-content\/uploads\/2021\/04\/Prestacao-de-Contas-300x250.jpg 300w, https:\/\/www.mpc.pr.gov.br\/wp-content\/uploads\/2021\/04\/Prestacao-de-Contas.jpg 500w\" sizes=\"(max-width: 300px) 100vw, 300px\" \/><figcaption id=\"caption-attachment-11987\" class=\"wp-caption-text\">Todos os \u00f3rg\u00e3os da administra\u00e7\u00e3o p\u00fablica municipal e estadual paranaense devem prestar contas anualmente ao TCE-PR. Imagem: Divulga\u00e7\u00e3o.<\/figcaption><\/figure>\n<p><span data-contrast=\"auto\">A Primeira C\u00e2mara do Tribunal de Contas do Estado (TCE-PR) emitiu o <a href=\"https:\/\/www.mpc.pr.gov.br\/wp-content\/uploads\/2023\/06\/Acordao-155-23-tce-pr-mpc-pr.pdf\">Ac\u00f3rd\u00e3o de Parecer Pr\u00e9vio n\u00b0 155\/23<\/a>, recomendado a irregularidade das contas do exerc\u00edcio financeiro de 2020 do Munic\u00edpio de Santo Ant\u00f4nio do Caiu\u00e1, sob responsabilidade do ex-Prefeito Osmar Stachovski (gest\u00e3o 2017-2020). Na decis\u00e3o, acompanhando as manifesta\u00e7\u00f5es uniformes da unidade t\u00e9cnica e do Minist\u00e9rio P\u00fablico de Contas do Paran\u00e1 (MPC-PR), tamb\u00e9m foi determinada a aplica\u00e7\u00e3o de multas ao ex-gestor.<\/span><span data-ccp-props=\"{&quot;201341983&quot;:0,&quot;335551550&quot;:6,&quot;335551620&quot;:6,&quot;335559739&quot;:160,&quot;335559740&quot;:360}\">\u00a0<\/span><\/p>\n<p><span data-contrast=\"auto\">Os motivos que levaram a desaprova\u00e7\u00e3o da presta\u00e7\u00e3o de contas foram a infra\u00e7\u00e3o ao art. 42 da<a href=\"https:\/\/www.planalto.gov.br\/ccivil_03\/leis\/lcp\/lcp101.htm\"> Lei de Responsabilidade Fiscal \u2013 LRF<\/a> (<a href=\"https:\/\/www.planalto.gov.br\/ccivil_03\/leis\/lcp\/lcp101.htm\">Lei Complementar n\u00b0 101\/2000<\/a>) e aos crit\u00e9rios fixados no <a href=\"https:\/\/www1.tce.pr.gov.br\/conteudo\/prejulgado-n%C2%BA-15\/82352\/area\/242\">Prejulgado n\u00b0 15 do TCE-PR<\/a>, em raz\u00e3o do encerramento do mandato com obriga\u00e7\u00f5es financeiras superiores \u00e0s disponibilidades de caixa; bem como em raz\u00e3o do resultado deficit\u00e1rio das fontes n\u00e3o vinculadas, no percentual acumulado apurado de 5,28%. <\/span><span data-ccp-props=\"{&quot;201341983&quot;:0,&quot;335551550&quot;:6,&quot;335551620&quot;:6,&quot;335559739&quot;:160,&quot;335559740&quot;:360}\">\u00a0<\/span><\/p>\n<h4><b><span data-contrast=\"auto\">Instru\u00e7\u00e3o do Processo<\/span><\/b><span data-ccp-props=\"{&quot;201341983&quot;:0,&quot;335551550&quot;:6,&quot;335551620&quot;:6,&quot;335559739&quot;:160,&quot;335559740&quot;:360}\">\u00a0<\/span><\/h4>\n<p><span data-contrast=\"auto\">Ap\u00f3s an\u00e1lise dos autos, a Coordenadoria de Gest\u00e3o Municipal (CGM) apontou que o exerc\u00edcio de 2020 foi encerrado com o resultado financeiro acumulado negativo no valor de R$ 727.354,16, equivalente a 5,28% da receita arrecadada de fontes n\u00e3o vinculadas a programas, conv\u00eanios, opera\u00e7\u00f5es de cr\u00e9dito e Regime Pr\u00f3prio de Previd\u00eancia Social (RPPS) \u2013 fontes livres (R$ 13.784.997,29).\u00a0<\/span><span data-ccp-props=\"{&quot;201341983&quot;:0,&quot;335551550&quot;:6,&quot;335551620&quot;:6,&quot;335559739&quot;:160,&quot;335559740&quot;:360}\">\u00a0<\/span><\/p>\n<p><span data-contrast=\"auto\">Ademais, contatou-se que o ex-Prefeito encerrou o mandato com obriga\u00e7\u00f5es financeiras superiores \u00e0s disponibilidades de caixa, no montante de R$ 1.341.049,17, relativamente aos saldos de \u201cRecursos Ordin\u00e1rios\/Livres\u201d, e de R$ 148.271,40, em rela\u00e7\u00e3o ao saldo de \u201cTransfer\u00eancias do FUNDEB\u201d. Tais impropriedades caracterizam afronta ao artigo 42 da L<a href=\"https:\/\/www.planalto.gov.br\/ccivil_03\/leis\/lcp\/lcp101.htm\">ei de Responsabilidade Fiscal<\/a> e aos crit\u00e9rios fixados no <a href=\"https:\/\/www1.tce.pr.gov.br\/conteudo\/prejulgado-n%C2%BA-15\/82352\/area\/242\">Prejulgado n\u00ba 15 do TCE-PR<\/a>.<\/span><span data-ccp-props=\"{&quot;201341983&quot;:0,&quot;335551550&quot;:6,&quot;335551620&quot;:6,&quot;335559739&quot;:160,&quot;335559740&quot;:360}\">\u00a0<\/span><\/p>\n<p><span data-contrast=\"auto\">Acrescenta-se, ainda, a absoluta aus\u00eancia de manifesta\u00e7\u00e3o do ex-gestor quando concedidas oportunidades de defesa. Assim, a CGM entende que restou configurada a irregularidade das contas, sugerindo a aplica\u00e7\u00e3o, por duas vezes, da multa prevista no art. 87, IV, \u201cg\u201d, da <a href=\"https:\/\/www1.tce.pr.gov.br\/conteudo\/lei-organica-e-regimento-interno-biblioteca-biblioteca\/107#:~:text=A%20disponibiliza%C3%A7%C3%A3o%20da%20Lei%20Org%C3%A2nica,jurisdicionados%20e%20t%C3%A9cnicos%20da%20Casa.\">Lei Org\u00e2nica do Tribunal de Contas<\/a>.\u00a0<\/span><span data-ccp-props=\"{&quot;201341983&quot;:0,&quot;335551550&quot;:6,&quot;335551620&quot;:6,&quot;335559739&quot;:160,&quot;335559740&quot;:360}\">\u00a0<\/span><\/p>\n<p><span data-contrast=\"auto\">Instado a se manifestar, mediante o <a href=\"https:\/\/www.mpc.pr.gov.br\/wp-content\/uploads\/2023\/06\/Parecer-36-23-mpc-pr.pdf\">Parecer n\u00b0 36\/23<\/a>, o Minist\u00e9rio P\u00fablico de Contas corroborou integralmente com o opinativo da unidade t\u00e9cnica, recomendando a irregularidade das contas do Munic\u00edpio de Santo Ant\u00f4nio do Caiu\u00e1, relativas ao exerc\u00edcio financeiro de 2020, com aplica\u00e7\u00e3o de multas.<\/span><span data-ccp-props=\"{&quot;201341983&quot;:0,&quot;335551550&quot;:6,&quot;335551620&quot;:6,&quot;335559739&quot;:160,&quot;335559740&quot;:360}\">\u00a0<\/span><\/p>\n<h4><b><span data-contrast=\"auto\">Decis\u00e3o<\/span><\/b><span data-ccp-props=\"{&quot;201341983&quot;:0,&quot;335551550&quot;:6,&quot;335551620&quot;:6,&quot;335559739&quot;:160,&quot;335559740&quot;:360}\">\u00a0<\/span><\/h4>\n<p><span data-contrast=\"auto\">Em sede de julgamento, os membros da Primeira C\u00e2mara acompanharam, por unanimidade, o voto do relator Conselheiro Ivens Zschoerper Linhares, decidindo pela emiss\u00e3o do <a href=\"https:\/\/www.mpc.pr.gov.br\/wp-content\/uploads\/2023\/06\/Acordao-155-23-tce-pr-mpc-pr.pdf\">Ac\u00f3rd\u00e3o de Parecer Pr\u00e9vio n\u00b0 155\/23<\/a> recomendado a irregularidade das contas do ex-Prefeito Osmar Stachovski, em virtude do d\u00e9ficit or\u00e7ament\u00e1rio\/financeiro de fontes n\u00e3o vinculadas, acumulado, de 5,28%; e das obriga\u00e7\u00f5es de despesas contra\u00eddas nos \u00faltimos dois quadrimestres do mandato com parcelas a serem pagas no exerc\u00edcio seguinte, sem suficiente disponibilidade de caixa e da falta de reconhecimento de despesa previdenci\u00e1ria. Al\u00e9m disso, tamb\u00e9m foi determinada a aplica\u00e7\u00e3o, por duas vezes, da multa prevista no art. 87, IV, \u201cg\u201d, da <a href=\"https:\/\/www1.tce.pr.gov.br\/conteudo\/lei-organica-e-regimento-interno-biblioteca-biblioteca\/107#:~:text=A%20disponibiliza%C3%A7%C3%A3o%20da%20Lei%20Org%C3%A2nica,jurisdicionados%20e%20t%C3%A9cnicos%20da%20Casa.\">Lei Org\u00e2nica do TCE-PR<\/a> ao ex-gestor.<\/span><span data-ccp-props=\"{&quot;134233117&quot;:false,&quot;134233118&quot;:false,&quot;201341983&quot;:0,&quot;335551550&quot;:6,&quot;335551620&quot;:6,&quot;335559685&quot;:0,&quot;335559737&quot;:0,&quot;335559738&quot;:0,&quot;335559739&quot;:160,&quot;335559740&quot;:360}\">\u00a0<\/span><\/p>\n<p><span data-contrast=\"auto\">A decis\u00e3o transitou em julgado em 2 de junho de 2023 e, na sequ\u00eancia, foi encaminhada \u00e0 C\u00e2mara Municipal de Santo Ant\u00f4nio do Caiu\u00e1. Conforme disp\u00f5e a legisla\u00e7\u00e3o, cabe aos vereadores o julgamento das contas do chefe do Poder Executivo Municipal (Prefeito).<\/span><\/p>\n<h4><strong>Presta\u00e7\u00e3o de Contas do Chefe do Poder Executivo<\/strong><\/h4>\n<p>A presta\u00e7\u00e3o de contas de governo \u00e9 o meio pelo qual, anualmente, o Governador do Estado e os Prefeitos Municipais mostram os resultados da atua\u00e7\u00e3o governamental, no exerc\u00edcio das fun\u00e7\u00f5es pol\u00edticas de planejamento, organiza\u00e7\u00e3o, dire\u00e7\u00e3o e controle das pol\u00edticas p\u00fablicas contidas nas leis or\u00e7ament\u00e1rias, correspondente a um exerc\u00edcio financeiro.<\/p>\n<p>Importante destacar que diferentemente das contas de gest\u00e3o, as contas do governo s\u00e3o julgadas pelo Poder Legislativo, ou seja, pela Assembleia Legislativa quando na esfera Estadual e pela C\u00e2mara de Vereadores quando na esfera municipal, ap\u00f3s a emiss\u00e3o de Parecer Pr\u00e9vio, de car\u00e1ter opinativo, pelo Tribunal de Contas, que pode ou n\u00e3o ser acolhido.<\/p>\n<p>Se voc\u00ea quiser saber mais sobre esse assunto, confira abaixo a v\u00eddeo aula produzida pelo MPC-PR sobre esse tema.<\/p>\n<p><iframe src=\"https:\/\/www.youtube.com\/embed\/soanbglUJe4\" width=\"560\" height=\"315\" frameborder=\"0\" allowfullscreen=\"allowfullscreen\" data-mce-fragment=\"1\"><\/iframe><\/p>\n<blockquote>\n<h4><span style=\"color: #820007;\"><strong><u>Informa\u00e7\u00e3o para consulta processual<\/u><\/strong><\/span><\/h4>\n<table border=\"0\" width=\"629\" cellspacing=\"0\" cellpadding=\"0\">\n<tbody>\n<tr>\n<td><strong>Processo<\/strong>\u00a0<strong>n\u00ba<\/strong>:<\/td>\n<td><span class=\"TextRun SCXW15784079 BCX0\" lang=\"PT-PT\" xml:lang=\"PT-PT\" data-contrast=\"auto\"><span class=\"NormalTextRun SCXW15784079 BCX0\"><span class=\"TextRun SCXW15716124 BCX0\" lang=\"PT-BR\" xml:lang=\"PT-BR\" data-contrast=\"auto\"><span class=\"NormalTextRun SCXW15716124 BCX0\"><span class=\"TextRun SCXW167975302 BCX0\" lang=\"PT-BR\" xml:lang=\"PT-BR\" data-contrast=\"auto\"><span class=\"NormalTextRun SCXW167975302 BCX0\">655611\/22<\/span><\/span><\/span><\/span><\/span><\/span><\/td>\n<\/tr>\n<tr>\n<td><strong>Ac\u00f3rd\u00e3o n\u00ba<\/strong><\/td>\n<td>968\/23 &#8211; Tribunal Pleno<\/td>\n<\/tr>\n<tr>\n<td><strong>Assunto<\/strong>:<\/td>\n<td>Representa\u00e7\u00e3o<\/td>\n<\/tr>\n<tr>\n<td><strong>Entidade<\/strong>:<\/td>\n<td>Munic\u00edpio de <span data-contrast=\"auto\">Mari\u00f3polis<\/span><\/td>\n<\/tr>\n<tr>\n<td><strong>Relator<\/strong>:<\/td>\n<td><span data-contrast=\"auto\">Conselheiro Ivens Zschoerper Linhares<\/span><\/td>\n<\/tr>\n<\/tbody>\n<\/table>\n<\/blockquote>\n<p>&nbsp;<\/p>\n","protected":false},"excerpt":{"rendered":"<p>A Primeira C\u00e2mara do Tribunal de Contas do Estado (TCE-PR) emitiu o Ac\u00f3rd\u00e3o de Parecer Pr\u00e9vio n\u00b0 155\/23, recomendado a irregularidade das contas do exerc\u00edcio financeiro de 2020 do Munic\u00edpio de Santo Ant\u00f4nio do Caiu\u00e1, sob responsabilidade do ex-Prefeito Osmar Stachovski (gest\u00e3o 2017-2020). Na decis\u00e3o, acompanhando as manifesta\u00e7\u00f5es uniformes da unidade t\u00e9cnica e do Minist\u00e9rio [&hellip;]<\/p>\n","protected":false},"author":1,"featured_media":11987,"comment_status":"open","ping_status":"open","sticky":false,"template":"","format":"standard","meta":{"_monsterinsights_skip_tracking":false,"_monsterinsights_sitenote_active":false,"_monsterinsights_sitenote_note":"","_monsterinsights_sitenote_category":0,"footnotes":""},"categories":[7],"tags":[195,13,429,51,149,428,39],"class_list":["post-15855","post","type-post","status-publish","format-standard","has-post-thumbnail","hentry","category-todas-as-noticias","tag-lei-de-responsabilidade-fiscal","tag-mpc-pr","tag-prejulgado-n-15","tag-prestacao-de-contas","tag-primeira-camara","tag-santo-antonio-do-caiua","tag-tce-pr","entry","has-media"],"yoast_head":"<!-- This site is optimized with the Yoast SEO plugin v27.3 - https:\/\/yoast.com\/product\/yoast-seo-wordpress\/ -->\n<title>Contas de 2020: Ex-Prefeito de Santo Ant\u00f4nio do Caiu\u00e1 \u00e9 multado por descumprir a Lei de Responsabilidade Fiscal - Minist\u00e9rio P\u00fablico de Contas do Estado do Paran\u00e1<\/title>\n<meta name=\"robots\" content=\"index, follow, max-snippet:-1, max-image-preview:large, max-video-preview:-1\" \/>\n<link rel=\"canonical\" href=\"https:\/\/www.mpc.pr.gov.br\/index.php\/contas-de-2020-ex-prefeito-de-santo-antonio-do-caiua-e-multado-por-descumprir-a-lei-de-responsabilidade-fiscal\/\" \/>\n<meta property=\"og:locale\" content=\"pt_BR\" \/>\n<meta property=\"og:type\" content=\"article\" \/>\n<meta property=\"og:title\" content=\"Contas de 2020: Ex-Prefeito de Santo Ant\u00f4nio do Caiu\u00e1 \u00e9 multado por descumprir a Lei de Responsabilidade Fiscal - Minist\u00e9rio P\u00fablico de Contas do Estado do Paran\u00e1\" \/>\n<meta property=\"og:description\" content=\"A Primeira C\u00e2mara do Tribunal de Contas do Estado (TCE-PR) emitiu o Ac\u00f3rd\u00e3o de Parecer Pr\u00e9vio n\u00b0 155\/23, recomendado a irregularidade das contas do exerc\u00edcio financeiro de 2020 do Munic\u00edpio de Santo Ant\u00f4nio do Caiu\u00e1, sob responsabilidade do ex-Prefeito Osmar Stachovski (gest\u00e3o 2017-2020). Na decis\u00e3o, acompanhando as manifesta\u00e7\u00f5es uniformes da unidade t\u00e9cnica e do Minist\u00e9rio [&hellip;]\" \/>\n<meta property=\"og:url\" content=\"https:\/\/www.mpc.pr.gov.br\/index.php\/contas-de-2020-ex-prefeito-de-santo-antonio-do-caiua-e-multado-por-descumprir-a-lei-de-responsabilidade-fiscal\/\" \/>\n<meta property=\"og:site_name\" content=\"Minist\u00e9rio P\u00fablico de Contas do Estado do Paran\u00e1\" \/>\n<meta property=\"article:publisher\" content=\"https:\/\/www.facebook.com\/mpc.pr\" \/>\n<meta property=\"article:published_time\" content=\"2023-06-20T13:48:39+00:00\" \/>\n<meta property=\"article:modified_time\" content=\"2023-07-04T16:58:09+00:00\" \/>\n<meta property=\"og:image\" content=\"https:\/\/www.mpc.pr.gov.br\/wp-content\/uploads\/2021\/04\/Prestacao-de-Contas.jpg\" \/>\n\t<meta property=\"og:image:width\" content=\"500\" \/>\n\t<meta property=\"og:image:height\" content=\"417\" \/>\n\t<meta property=\"og:image:type\" content=\"image\/jpeg\" \/>\n<meta name=\"author\" content=\"mpcontaspr\" \/>\n<meta name=\"twitter:card\" content=\"summary_large_image\" \/>\n<meta name=\"twitter:label1\" content=\"Escrito por\" \/>\n\t<meta name=\"twitter:data1\" content=\"mpcontaspr\" \/>\n\t<meta name=\"twitter:label2\" content=\"Est. tempo de leitura\" \/>\n\t<meta name=\"twitter:data2\" content=\"4 minutos\" \/>\n<script type=\"application\/ld+json\" class=\"yoast-schema-graph\">{\"@context\":\"https:\\\/\\\/schema.org\",\"@graph\":[{\"@type\":\"Article\",\"@id\":\"https:\\\/\\\/www.mpc.pr.gov.br\\\/index.php\\\/contas-de-2020-ex-prefeito-de-santo-antonio-do-caiua-e-multado-por-descumprir-a-lei-de-responsabilidade-fiscal\\\/#article\",\"isPartOf\":{\"@id\":\"https:\\\/\\\/www.mpc.pr.gov.br\\\/index.php\\\/contas-de-2020-ex-prefeito-de-santo-antonio-do-caiua-e-multado-por-descumprir-a-lei-de-responsabilidade-fiscal\\\/\"},\"author\":{\"name\":\"mpcontaspr\",\"@id\":\"https:\\\/\\\/www.mpc.pr.gov.br\\\/#\\\/schema\\\/person\\\/2d83cb8980538d0ec174e8a6284f5e11\"},\"headline\":\"Contas de 2020: Ex-Prefeito de Santo Ant\u00f4nio do Caiu\u00e1 \u00e9 multado por descumprir a Lei de Responsabilidade Fiscal\",\"datePublished\":\"2023-06-20T13:48:39+00:00\",\"dateModified\":\"2023-07-04T16:58:09+00:00\",\"mainEntityOfPage\":{\"@id\":\"https:\\\/\\\/www.mpc.pr.gov.br\\\/index.php\\\/contas-de-2020-ex-prefeito-de-santo-antonio-do-caiua-e-multado-por-descumprir-a-lei-de-responsabilidade-fiscal\\\/\"},\"wordCount\":779,\"commentCount\":0,\"publisher\":{\"@id\":\"https:\\\/\\\/www.mpc.pr.gov.br\\\/#organization\"},\"image\":{\"@id\":\"https:\\\/\\\/www.mpc.pr.gov.br\\\/index.php\\\/contas-de-2020-ex-prefeito-de-santo-antonio-do-caiua-e-multado-por-descumprir-a-lei-de-responsabilidade-fiscal\\\/#primaryimage\"},\"thumbnailUrl\":\"https:\\\/\\\/www.mpc.pr.gov.br\\\/wp-content\\\/uploads\\\/2021\\\/04\\\/Prestacao-de-Contas.jpg\",\"keywords\":[\"Lei de Responsabilidade Fiscal\",\"MPC-PR\",\"Prejulgado n\u00b0 15\",\"Presta\u00e7\u00e3o de Contas\",\"Primeira C\u00e2mara\",\"Santo Ant\u00f4nio do Caiu\u00e1\",\"TCE-PR\"],\"articleSection\":[\"Todas as not\u00edcias\"],\"inLanguage\":\"pt-BR\",\"potentialAction\":[{\"@type\":\"CommentAction\",\"name\":\"Comment\",\"target\":[\"https:\\\/\\\/www.mpc.pr.gov.br\\\/index.php\\\/contas-de-2020-ex-prefeito-de-santo-antonio-do-caiua-e-multado-por-descumprir-a-lei-de-responsabilidade-fiscal\\\/#respond\"]}]},{\"@type\":\"WebPage\",\"@id\":\"https:\\\/\\\/www.mpc.pr.gov.br\\\/index.php\\\/contas-de-2020-ex-prefeito-de-santo-antonio-do-caiua-e-multado-por-descumprir-a-lei-de-responsabilidade-fiscal\\\/\",\"url\":\"https:\\\/\\\/www.mpc.pr.gov.br\\\/index.php\\\/contas-de-2020-ex-prefeito-de-santo-antonio-do-caiua-e-multado-por-descumprir-a-lei-de-responsabilidade-fiscal\\\/\",\"name\":\"Contas de 2020: Ex-Prefeito de Santo Ant\u00f4nio do Caiu\u00e1 \u00e9 multado por descumprir a Lei de Responsabilidade Fiscal - Minist\u00e9rio P\u00fablico de Contas do Estado do Paran\u00e1\",\"isPartOf\":{\"@id\":\"https:\\\/\\\/www.mpc.pr.gov.br\\\/#website\"},\"primaryImageOfPage\":{\"@id\":\"https:\\\/\\\/www.mpc.pr.gov.br\\\/index.php\\\/contas-de-2020-ex-prefeito-de-santo-antonio-do-caiua-e-multado-por-descumprir-a-lei-de-responsabilidade-fiscal\\\/#primaryimage\"},\"image\":{\"@id\":\"https:\\\/\\\/www.mpc.pr.gov.br\\\/index.php\\\/contas-de-2020-ex-prefeito-de-santo-antonio-do-caiua-e-multado-por-descumprir-a-lei-de-responsabilidade-fiscal\\\/#primaryimage\"},\"thumbnailUrl\":\"https:\\\/\\\/www.mpc.pr.gov.br\\\/wp-content\\\/uploads\\\/2021\\\/04\\\/Prestacao-de-Contas.jpg\",\"datePublished\":\"2023-06-20T13:48:39+00:00\",\"dateModified\":\"2023-07-04T16:58:09+00:00\",\"breadcrumb\":{\"@id\":\"https:\\\/\\\/www.mpc.pr.gov.br\\\/index.php\\\/contas-de-2020-ex-prefeito-de-santo-antonio-do-caiua-e-multado-por-descumprir-a-lei-de-responsabilidade-fiscal\\\/#breadcrumb\"},\"inLanguage\":\"pt-BR\",\"potentialAction\":[{\"@type\":\"ReadAction\",\"target\":[\"https:\\\/\\\/www.mpc.pr.gov.br\\\/index.php\\\/contas-de-2020-ex-prefeito-de-santo-antonio-do-caiua-e-multado-por-descumprir-a-lei-de-responsabilidade-fiscal\\\/\"]}]},{\"@type\":\"ImageObject\",\"inLanguage\":\"pt-BR\",\"@id\":\"https:\\\/\\\/www.mpc.pr.gov.br\\\/index.php\\\/contas-de-2020-ex-prefeito-de-santo-antonio-do-caiua-e-multado-por-descumprir-a-lei-de-responsabilidade-fiscal\\\/#primaryimage\",\"url\":\"https:\\\/\\\/www.mpc.pr.gov.br\\\/wp-content\\\/uploads\\\/2021\\\/04\\\/Prestacao-de-Contas.jpg\",\"contentUrl\":\"https:\\\/\\\/www.mpc.pr.gov.br\\\/wp-content\\\/uploads\\\/2021\\\/04\\\/Prestacao-de-Contas.jpg\",\"width\":500,\"height\":417,\"caption\":\"Todos os \u00f3rg\u00e3os da administra\u00e7\u00e3o p\u00fablica municipal e estadual paranaense devem prestar contas anualmente ao TCE-PR. Imagem: Divulga\u00e7\u00e3o.\"},{\"@type\":\"BreadcrumbList\",\"@id\":\"https:\\\/\\\/www.mpc.pr.gov.br\\\/index.php\\\/contas-de-2020-ex-prefeito-de-santo-antonio-do-caiua-e-multado-por-descumprir-a-lei-de-responsabilidade-fiscal\\\/#breadcrumb\",\"itemListElement\":[{\"@type\":\"ListItem\",\"position\":1,\"name\":\"In\u00edcio\",\"item\":\"https:\\\/\\\/www.mpc.pr.gov.br\\\/\"},{\"@type\":\"ListItem\",\"position\":2,\"name\":\"Contas de 2020: Ex-Prefeito de Santo Ant\u00f4nio do Caiu\u00e1 \u00e9 multado por descumprir a Lei de Responsabilidade Fiscal\"}]},{\"@type\":\"WebSite\",\"@id\":\"https:\\\/\\\/www.mpc.pr.gov.br\\\/#website\",\"url\":\"https:\\\/\\\/www.mpc.pr.gov.br\\\/\",\"name\":\"Minist\u00e9rio P\u00fablico de Contas do Estado do Paran\u00e1\",\"description\":\"\",\"publisher\":{\"@id\":\"https:\\\/\\\/www.mpc.pr.gov.br\\\/#organization\"},\"potentialAction\":[{\"@type\":\"SearchAction\",\"target\":{\"@type\":\"EntryPoint\",\"urlTemplate\":\"https:\\\/\\\/www.mpc.pr.gov.br\\\/?s={search_term_string}\"},\"query-input\":{\"@type\":\"PropertyValueSpecification\",\"valueRequired\":true,\"valueName\":\"search_term_string\"}}],\"inLanguage\":\"pt-BR\"},{\"@type\":\"Organization\",\"@id\":\"https:\\\/\\\/www.mpc.pr.gov.br\\\/#organization\",\"name\":\"Minist\u00e9rio P\u00fablico de Contas do Estado do Paran\u00e1\",\"url\":\"https:\\\/\\\/www.mpc.pr.gov.br\\\/\",\"logo\":{\"@type\":\"ImageObject\",\"inLanguage\":\"pt-BR\",\"@id\":\"https:\\\/\\\/www.mpc.pr.gov.br\\\/#\\\/schema\\\/logo\\\/image\\\/\",\"url\":\"https:\\\/\\\/www.mpc.pr.gov.br\\\/wp-content\\\/uploads\\\/2020\\\/06\\\/99423647_1593460364143890_6706793420720963584_n-1-e1591387983167.png\",\"contentUrl\":\"https:\\\/\\\/www.mpc.pr.gov.br\\\/wp-content\\\/uploads\\\/2020\\\/06\\\/99423647_1593460364143890_6706793420720963584_n-1-e1591387983167.png\",\"width\":243,\"height\":73,\"caption\":\"Minist\u00e9rio P\u00fablico de Contas do Estado do Paran\u00e1\"},\"image\":{\"@id\":\"https:\\\/\\\/www.mpc.pr.gov.br\\\/#\\\/schema\\\/logo\\\/image\\\/\"},\"sameAs\":[\"https:\\\/\\\/www.facebook.com\\\/mpc.pr\",\"https:\\\/\\\/www.instagram.com\\\/mpc.pr\\\/?hl=pt-br\",\"https:\\\/\\\/www.youtube.com\\\/channel\\\/UCHri5oEM8DV0ztX57E0sBSw\"]},{\"@type\":\"Person\",\"@id\":\"https:\\\/\\\/www.mpc.pr.gov.br\\\/#\\\/schema\\\/person\\\/2d83cb8980538d0ec174e8a6284f5e11\",\"name\":\"mpcontaspr\",\"image\":{\"@type\":\"ImageObject\",\"inLanguage\":\"pt-BR\",\"@id\":\"https:\\\/\\\/secure.gravatar.com\\\/avatar\\\/1aef51541db7622e05fd639336c9c9f312c2a618396e2b6ca96846362fc5403f?s=96&d=mm&r=g\",\"url\":\"https:\\\/\\\/secure.gravatar.com\\\/avatar\\\/1aef51541db7622e05fd639336c9c9f312c2a618396e2b6ca96846362fc5403f?s=96&d=mm&r=g\",\"contentUrl\":\"https:\\\/\\\/secure.gravatar.com\\\/avatar\\\/1aef51541db7622e05fd639336c9c9f312c2a618396e2b6ca96846362fc5403f?s=96&d=mm&r=g\",\"caption\":\"mpcontaspr\"},\"sameAs\":[\"http:\\\/\\\/www.mpc.pr.gov.br\"]}]}<\/script>\n<!-- \/ Yoast SEO plugin. -->","yoast_head_json":{"title":"Contas de 2020: Ex-Prefeito de Santo Ant\u00f4nio do Caiu\u00e1 \u00e9 multado por descumprir a Lei de Responsabilidade Fiscal - Minist\u00e9rio P\u00fablico de Contas do Estado do Paran\u00e1","robots":{"index":"index","follow":"follow","max-snippet":"max-snippet:-1","max-image-preview":"max-image-preview:large","max-video-preview":"max-video-preview:-1"},"canonical":"https:\/\/www.mpc.pr.gov.br\/index.php\/contas-de-2020-ex-prefeito-de-santo-antonio-do-caiua-e-multado-por-descumprir-a-lei-de-responsabilidade-fiscal\/","og_locale":"pt_BR","og_type":"article","og_title":"Contas de 2020: Ex-Prefeito de Santo Ant\u00f4nio do Caiu\u00e1 \u00e9 multado por descumprir a Lei de Responsabilidade Fiscal - Minist\u00e9rio P\u00fablico de Contas do Estado do Paran\u00e1","og_description":"A Primeira C\u00e2mara do Tribunal de Contas do Estado (TCE-PR) emitiu o Ac\u00f3rd\u00e3o de Parecer Pr\u00e9vio n\u00b0 155\/23, recomendado a irregularidade das contas do exerc\u00edcio financeiro de 2020 do Munic\u00edpio de Santo Ant\u00f4nio do Caiu\u00e1, sob responsabilidade do ex-Prefeito Osmar Stachovski (gest\u00e3o 2017-2020). Na decis\u00e3o, acompanhando as manifesta\u00e7\u00f5es uniformes da unidade t\u00e9cnica e do Minist\u00e9rio [&hellip;]","og_url":"https:\/\/www.mpc.pr.gov.br\/index.php\/contas-de-2020-ex-prefeito-de-santo-antonio-do-caiua-e-multado-por-descumprir-a-lei-de-responsabilidade-fiscal\/","og_site_name":"Minist\u00e9rio P\u00fablico de Contas do Estado do Paran\u00e1","article_publisher":"https:\/\/www.facebook.com\/mpc.pr","article_published_time":"2023-06-20T13:48:39+00:00","article_modified_time":"2023-07-04T16:58:09+00:00","og_image":[{"width":500,"height":417,"url":"https:\/\/www.mpc.pr.gov.br\/wp-content\/uploads\/2021\/04\/Prestacao-de-Contas.jpg","type":"image\/jpeg"}],"author":"mpcontaspr","twitter_card":"summary_large_image","twitter_misc":{"Escrito por":"mpcontaspr","Est. tempo de leitura":"4 minutos"},"schema":{"@context":"https:\/\/schema.org","@graph":[{"@type":"Article","@id":"https:\/\/www.mpc.pr.gov.br\/index.php\/contas-de-2020-ex-prefeito-de-santo-antonio-do-caiua-e-multado-por-descumprir-a-lei-de-responsabilidade-fiscal\/#article","isPartOf":{"@id":"https:\/\/www.mpc.pr.gov.br\/index.php\/contas-de-2020-ex-prefeito-de-santo-antonio-do-caiua-e-multado-por-descumprir-a-lei-de-responsabilidade-fiscal\/"},"author":{"name":"mpcontaspr","@id":"https:\/\/www.mpc.pr.gov.br\/#\/schema\/person\/2d83cb8980538d0ec174e8a6284f5e11"},"headline":"Contas de 2020: Ex-Prefeito de Santo Ant\u00f4nio do Caiu\u00e1 \u00e9 multado por descumprir a Lei de Responsabilidade Fiscal","datePublished":"2023-06-20T13:48:39+00:00","dateModified":"2023-07-04T16:58:09+00:00","mainEntityOfPage":{"@id":"https:\/\/www.mpc.pr.gov.br\/index.php\/contas-de-2020-ex-prefeito-de-santo-antonio-do-caiua-e-multado-por-descumprir-a-lei-de-responsabilidade-fiscal\/"},"wordCount":779,"commentCount":0,"publisher":{"@id":"https:\/\/www.mpc.pr.gov.br\/#organization"},"image":{"@id":"https:\/\/www.mpc.pr.gov.br\/index.php\/contas-de-2020-ex-prefeito-de-santo-antonio-do-caiua-e-multado-por-descumprir-a-lei-de-responsabilidade-fiscal\/#primaryimage"},"thumbnailUrl":"https:\/\/www.mpc.pr.gov.br\/wp-content\/uploads\/2021\/04\/Prestacao-de-Contas.jpg","keywords":["Lei de Responsabilidade Fiscal","MPC-PR","Prejulgado n\u00b0 15","Presta\u00e7\u00e3o de Contas","Primeira C\u00e2mara","Santo Ant\u00f4nio do Caiu\u00e1","TCE-PR"],"articleSection":["Todas as not\u00edcias"],"inLanguage":"pt-BR","potentialAction":[{"@type":"CommentAction","name":"Comment","target":["https:\/\/www.mpc.pr.gov.br\/index.php\/contas-de-2020-ex-prefeito-de-santo-antonio-do-caiua-e-multado-por-descumprir-a-lei-de-responsabilidade-fiscal\/#respond"]}]},{"@type":"WebPage","@id":"https:\/\/www.mpc.pr.gov.br\/index.php\/contas-de-2020-ex-prefeito-de-santo-antonio-do-caiua-e-multado-por-descumprir-a-lei-de-responsabilidade-fiscal\/","url":"https:\/\/www.mpc.pr.gov.br\/index.php\/contas-de-2020-ex-prefeito-de-santo-antonio-do-caiua-e-multado-por-descumprir-a-lei-de-responsabilidade-fiscal\/","name":"Contas de 2020: Ex-Prefeito de Santo Ant\u00f4nio do Caiu\u00e1 \u00e9 multado por descumprir a Lei de Responsabilidade Fiscal - Minist\u00e9rio P\u00fablico de Contas do Estado do Paran\u00e1","isPartOf":{"@id":"https:\/\/www.mpc.pr.gov.br\/#website"},"primaryImageOfPage":{"@id":"https:\/\/www.mpc.pr.gov.br\/index.php\/contas-de-2020-ex-prefeito-de-santo-antonio-do-caiua-e-multado-por-descumprir-a-lei-de-responsabilidade-fiscal\/#primaryimage"},"image":{"@id":"https:\/\/www.mpc.pr.gov.br\/index.php\/contas-de-2020-ex-prefeito-de-santo-antonio-do-caiua-e-multado-por-descumprir-a-lei-de-responsabilidade-fiscal\/#primaryimage"},"thumbnailUrl":"https:\/\/www.mpc.pr.gov.br\/wp-content\/uploads\/2021\/04\/Prestacao-de-Contas.jpg","datePublished":"2023-06-20T13:48:39+00:00","dateModified":"2023-07-04T16:58:09+00:00","breadcrumb":{"@id":"https:\/\/www.mpc.pr.gov.br\/index.php\/contas-de-2020-ex-prefeito-de-santo-antonio-do-caiua-e-multado-por-descumprir-a-lei-de-responsabilidade-fiscal\/#breadcrumb"},"inLanguage":"pt-BR","potentialAction":[{"@type":"ReadAction","target":["https:\/\/www.mpc.pr.gov.br\/index.php\/contas-de-2020-ex-prefeito-de-santo-antonio-do-caiua-e-multado-por-descumprir-a-lei-de-responsabilidade-fiscal\/"]}]},{"@type":"ImageObject","inLanguage":"pt-BR","@id":"https:\/\/www.mpc.pr.gov.br\/index.php\/contas-de-2020-ex-prefeito-de-santo-antonio-do-caiua-e-multado-por-descumprir-a-lei-de-responsabilidade-fiscal\/#primaryimage","url":"https:\/\/www.mpc.pr.gov.br\/wp-content\/uploads\/2021\/04\/Prestacao-de-Contas.jpg","contentUrl":"https:\/\/www.mpc.pr.gov.br\/wp-content\/uploads\/2021\/04\/Prestacao-de-Contas.jpg","width":500,"height":417,"caption":"Todos os \u00f3rg\u00e3os da administra\u00e7\u00e3o p\u00fablica municipal e estadual paranaense devem prestar contas anualmente ao TCE-PR. Imagem: Divulga\u00e7\u00e3o."},{"@type":"BreadcrumbList","@id":"https:\/\/www.mpc.pr.gov.br\/index.php\/contas-de-2020-ex-prefeito-de-santo-antonio-do-caiua-e-multado-por-descumprir-a-lei-de-responsabilidade-fiscal\/#breadcrumb","itemListElement":[{"@type":"ListItem","position":1,"name":"In\u00edcio","item":"https:\/\/www.mpc.pr.gov.br\/"},{"@type":"ListItem","position":2,"name":"Contas de 2020: Ex-Prefeito de Santo Ant\u00f4nio do Caiu\u00e1 \u00e9 multado por descumprir a Lei de Responsabilidade Fiscal"}]},{"@type":"WebSite","@id":"https:\/\/www.mpc.pr.gov.br\/#website","url":"https:\/\/www.mpc.pr.gov.br\/","name":"Minist\u00e9rio P\u00fablico de Contas do Estado do Paran\u00e1","description":"","publisher":{"@id":"https:\/\/www.mpc.pr.gov.br\/#organization"},"potentialAction":[{"@type":"SearchAction","target":{"@type":"EntryPoint","urlTemplate":"https:\/\/www.mpc.pr.gov.br\/?s={search_term_string}"},"query-input":{"@type":"PropertyValueSpecification","valueRequired":true,"valueName":"search_term_string"}}],"inLanguage":"pt-BR"},{"@type":"Organization","@id":"https:\/\/www.mpc.pr.gov.br\/#organization","name":"Minist\u00e9rio P\u00fablico de Contas do Estado do Paran\u00e1","url":"https:\/\/www.mpc.pr.gov.br\/","logo":{"@type":"ImageObject","inLanguage":"pt-BR","@id":"https:\/\/www.mpc.pr.gov.br\/#\/schema\/logo\/image\/","url":"https:\/\/www.mpc.pr.gov.br\/wp-content\/uploads\/2020\/06\/99423647_1593460364143890_6706793420720963584_n-1-e1591387983167.png","contentUrl":"https:\/\/www.mpc.pr.gov.br\/wp-content\/uploads\/2020\/06\/99423647_1593460364143890_6706793420720963584_n-1-e1591387983167.png","width":243,"height":73,"caption":"Minist\u00e9rio P\u00fablico de Contas do Estado do Paran\u00e1"},"image":{"@id":"https:\/\/www.mpc.pr.gov.br\/#\/schema\/logo\/image\/"},"sameAs":["https:\/\/www.facebook.com\/mpc.pr","https:\/\/www.instagram.com\/mpc.pr\/?hl=pt-br","https:\/\/www.youtube.com\/channel\/UCHri5oEM8DV0ztX57E0sBSw"]},{"@type":"Person","@id":"https:\/\/www.mpc.pr.gov.br\/#\/schema\/person\/2d83cb8980538d0ec174e8a6284f5e11","name":"mpcontaspr","image":{"@type":"ImageObject","inLanguage":"pt-BR","@id":"https:\/\/secure.gravatar.com\/avatar\/1aef51541db7622e05fd639336c9c9f312c2a618396e2b6ca96846362fc5403f?s=96&d=mm&r=g","url":"https:\/\/secure.gravatar.com\/avatar\/1aef51541db7622e05fd639336c9c9f312c2a618396e2b6ca96846362fc5403f?s=96&d=mm&r=g","contentUrl":"https:\/\/secure.gravatar.com\/avatar\/1aef51541db7622e05fd639336c9c9f312c2a618396e2b6ca96846362fc5403f?s=96&d=mm&r=g","caption":"mpcontaspr"},"sameAs":["http:\/\/www.mpc.pr.gov.br"]}]}},"rttpg_featured_image_url":{"full":["https:\/\/www.mpc.pr.gov.br\/wp-content\/uploads\/2021\/04\/Prestacao-de-Contas.jpg",500,417,false],"landscape":["https:\/\/www.mpc.pr.gov.br\/wp-content\/uploads\/2021\/04\/Prestacao-de-Contas.jpg",500,417,false],"portraits":["https:\/\/www.mpc.pr.gov.br\/wp-content\/uploads\/2021\/04\/Prestacao-de-Contas.jpg",500,417,false],"thumbnail":["https:\/\/www.mpc.pr.gov.br\/wp-content\/uploads\/2021\/04\/Prestacao-de-Contas-150x150.jpg",150,150,true],"medium":["https:\/\/www.mpc.pr.gov.br\/wp-content\/uploads\/2021\/04\/Prestacao-de-Contas-300x250.jpg",300,250,true],"large":["https:\/\/www.mpc.pr.gov.br\/wp-content\/uploads\/2021\/04\/Prestacao-de-Contas.jpg",500,417,false],"1536x1536":["https:\/\/www.mpc.pr.gov.br\/wp-content\/uploads\/2021\/04\/Prestacao-de-Contas.jpg",500,417,false],"2048x2048":["https:\/\/www.mpc.pr.gov.br\/wp-content\/uploads\/2021\/04\/Prestacao-de-Contas.jpg",500,417,false],"ocean-thumb-m":["https:\/\/www.mpc.pr.gov.br\/wp-content\/uploads\/2021\/04\/Prestacao-de-Contas.jpg",500,417,false],"ocean-thumb-ml":["https:\/\/www.mpc.pr.gov.br\/wp-content\/uploads\/2021\/04\/Prestacao-de-Contas.jpg",500,417,false],"ocean-thumb-l":["https:\/\/www.mpc.pr.gov.br\/wp-content\/uploads\/2021\/04\/Prestacao-de-Contas.jpg",500,417,false]},"rttpg_author":{"display_name":"mpcontaspr","author_link":"https:\/\/www.mpc.pr.gov.br\/index.php\/author\/mpcontaspr\/"},"rttpg_comment":0,"rttpg_category":"<a href=\"https:\/\/www.mpc.pr.gov.br\/index.php\/category\/todas-as-noticias\/\" rel=\"category tag\">Todas as not\u00edcias<\/a>","rttpg_excerpt":"A Primeira C\u00e2mara do Tribunal de Contas do Estado (TCE-PR) emitiu o Ac\u00f3rd\u00e3o de Parecer Pr\u00e9vio n\u00b0 155\/23, recomendado a irregularidade das contas do exerc\u00edcio financeiro de 2020 do Munic\u00edpio de Santo Ant\u00f4nio do Caiu\u00e1, sob responsabilidade do ex-Prefeito Osmar Stachovski (gest\u00e3o 2017-2020). Na decis\u00e3o, acompanhando as manifesta\u00e7\u00f5es uniformes da unidade t\u00e9cnica e do Minist\u00e9rio&hellip;","_links":{"self":[{"href":"https:\/\/www.mpc.pr.gov.br\/index.php\/wp-json\/wp\/v2\/posts\/15855","targetHints":{"allow":["GET"]}}],"collection":[{"href":"https:\/\/www.mpc.pr.gov.br\/index.php\/wp-json\/wp\/v2\/posts"}],"about":[{"href":"https:\/\/www.mpc.pr.gov.br\/index.php\/wp-json\/wp\/v2\/types\/post"}],"author":[{"embeddable":true,"href":"https:\/\/www.mpc.pr.gov.br\/index.php\/wp-json\/wp\/v2\/users\/1"}],"replies":[{"embeddable":true,"href":"https:\/\/www.mpc.pr.gov.br\/index.php\/wp-json\/wp\/v2\/comments?post=15855"}],"version-history":[{"count":2,"href":"https:\/\/www.mpc.pr.gov.br\/index.php\/wp-json\/wp\/v2\/posts\/15855\/revisions"}],"predecessor-version":[{"id":15859,"href":"https:\/\/www.mpc.pr.gov.br\/index.php\/wp-json\/wp\/v2\/posts\/15855\/revisions\/15859"}],"wp:featuredmedia":[{"embeddable":true,"href":"https:\/\/www.mpc.pr.gov.br\/index.php\/wp-json\/wp\/v2\/media\/11987"}],"wp:attachment":[{"href":"https:\/\/www.mpc.pr.gov.br\/index.php\/wp-json\/wp\/v2\/media?parent=15855"}],"wp:term":[{"taxonomy":"category","embeddable":true,"href":"https:\/\/www.mpc.pr.gov.br\/index.php\/wp-json\/wp\/v2\/categories?post=15855"},{"taxonomy":"post_tag","embeddable":true,"href":"https:\/\/www.mpc.pr.gov.br\/index.php\/wp-json\/wp\/v2\/tags?post=15855"}],"curies":[{"name":"wp","href":"https:\/\/api.w.org\/{rel}","templated":true}]}}