{"id":16030,"date":"2023-07-17T13:12:38","date_gmt":"2023-07-17T16:12:38","guid":{"rendered":"https:\/\/www.mpc.pr.gov.br\/?p=16030"},"modified":"2023-08-02T10:17:22","modified_gmt":"2023-08-02T13:17:22","slug":"tce-pr-da-10-meses-para-campina-grande-do-sul-realizar-concurso-para-medicos","status":"publish","type":"post","link":"https:\/\/www.mpc.pr.gov.br\/index.php\/tce-pr-da-10-meses-para-campina-grande-do-sul-realizar-concurso-para-medicos\/","title":{"rendered":"TCE-PR d\u00e1 10 meses para Campina Grande do Sul realizar concurso para m\u00e9dicos"},"content":{"rendered":"<figure id=\"attachment_16031\" aria-describedby=\"caption-attachment-16031\" style=\"width: 300px\" class=\"wp-caption alignleft\"><img fetchpriority=\"high\" decoding=\"async\" class=\"size-medium wp-image-16031\" src=\"https:\/\/www.mpc.pr.gov.br\/wp-content\/uploads\/2023\/07\/saude-00155-300x265.jpg\" alt=\"\" width=\"300\" height=\"265\" srcset=\"https:\/\/www.mpc.pr.gov.br\/wp-content\/uploads\/2023\/07\/saude-00155-300x265.jpg 300w, https:\/\/www.mpc.pr.gov.br\/wp-content\/uploads\/2023\/07\/saude-00155.jpg 502w\" sizes=\"(max-width: 300px) 100vw, 300px\" \/><figcaption id=\"caption-attachment-16031\" class=\"wp-caption-text\">Sa\u00fade \u00e9 um servi\u00e7o essencial que a administra\u00e7\u00e3o p\u00fablica deve oferecer \u00e0 popula\u00e7\u00e3o. Imagem: Divulga\u00e7\u00e3o.<\/figcaption><\/figure>\n<p>O Pleno do Tribunal de Contas do Estado do Paran\u00e1 (TCE-PR) determinou que a Prefeitura de Campina Grande do Sul comprove, em at\u00e9 dez meses, a realiza\u00e7\u00e3o de concurso p\u00fablico para a nomea\u00e7\u00e3o de m\u00e9dicos nesse munic\u00edpio da Regi\u00e3o Metropolitana de Curitiba. O prazo passar\u00e1 a contar a partir do tr\u00e2nsito em julgado da decis\u00e3o, da qual cabe recurso.<\/p>\n<p>Os conselheiros recomendaram ainda que a administra\u00e7\u00e3o municipal passe a sempre lan\u00e7ar os gastos decorrentes de contratos de terceiriza\u00e7\u00e3o de m\u00e3o de obra na aten\u00e7\u00e3o b\u00e1sica em Sa\u00fade na rubrica &#8220;Outras Despesas de Pessoal&#8221;.<\/p>\n<p>As decis\u00f5es foram tomadas pelos integrantes do Tribunal Pleno ao julgarem parcialmente procedente Representa\u00e7\u00e3o instaurada pelo Minist\u00e9rio P\u00fablico de Contas (MPC-PR) diante do munic\u00edpio, em virtude de falhas identificadas em rela\u00e7\u00e3o ao tema no ente pelo \u00f3rg\u00e3o ministerial.<\/p>\n<h4><strong>Decis\u00e3o<\/strong><\/h4>\n<p>Conforme o ac\u00f3rd\u00e3o, apesar de a prefeitura contar com dez cargos de m\u00e9dico, apenas quatro deles se encontram ocupados com profissionais efetivos &#8211; sendo que o \u00faltimo concurso p\u00fablico para o posto foi realizado h\u00e1 cinco anos.<\/p>\n<p>&#8220;Nesse contexto, em que pese o esfor\u00e7o do Munic\u00edpio de Campina Grande do Sul em garantir a efetiva presta\u00e7\u00e3o de servi\u00e7os m\u00e9dicos, por meio de processos seletivos simplificados e terceiriza\u00e7\u00f5es, observa-se que alguns procedimentos contemplam atendimento b\u00e1sico \u00e0 popula\u00e7\u00e3o, de responsabilidade do ente municipal&#8221;, afirmou em seu voto o relator do processo, conselheiro Ivan Bonilha.<\/p>\n<p>&#8220;Al\u00e9m disso, a exist\u00eancia da categoria funcional no quadro de pessoal demonstra que as contrata\u00e7\u00f5es realizadas constituem terceiriza\u00e7\u00e3o substitutiva de atividade reservada a servidor p\u00fablico&#8221;, concluiu ele.<\/p>\n<p>Os demais membros do \u00f3rg\u00e3o colegiado do Tribunal acompanharam, de forma un\u00e2nime, o voto do relator na Sess\u00e3o de Plen\u00e1rio Virtual n\u00ba 11\/2023, conclu\u00edda em 22 de junho. Cabe recurso contra a decis\u00e3o contida no Ac\u00f3rd\u00e3o n\u00ba 1646\/23 &#8211; Tribunal Pleno, veiculado no dia 4 de julho, na\u00a0<a href=\"https:\/\/www1.tce.pr.gov.br\/conteudo\/diario-eletronico-3013-2023-de-04-de-julho-de-2023\/348749\/area\/10\">edi\u00e7\u00e3o n\u00ba 3.013 do Di\u00e1rio Eletr\u00f4nico do TCE-PR (DETC)<\/a>.<\/p>\n<blockquote>\n<h4><span style=\"color: #820007;\"><strong><u>Informa\u00e7\u00e3o para consulta processual<\/u><\/strong><\/span><\/h4>\n<table border=\"0\" width=\"572\" cellspacing=\"0\" cellpadding=\"0\">\n<tbody>\n<tr>\n<td><strong>Processo n\u00ba<\/strong>:<\/td>\n<td>531869\/19<\/td>\n<\/tr>\n<tr>\n<td><strong>Ac\u00f3rd\u00e3o n\u00ba<\/strong>:<\/td>\n<td>1646\/23 &#8211; Tribunal Pleno<\/td>\n<\/tr>\n<tr>\n<td><strong>Assunto<\/strong>:<\/td>\n<td>Representa\u00e7\u00e3o<\/td>\n<\/tr>\n<tr>\n<td><strong>Entidade<\/strong>:<\/td>\n<td>Munic\u00edpio de Campina Grande do Sul<\/td>\n<\/tr>\n<tr>\n<td><strong>Interessados:<\/strong><\/td>\n<td>Bihl Elerian Zanetti, Fl\u00e1vio de Azambuja Berti, Luiz Carlos Assun\u00e7\u00e3o e Minist\u00e9rio P\u00fablico junto ao Tribunal de Contas do Estado do Paran\u00e1<\/td>\n<\/tr>\n<tr>\n<td><strong>Relator<\/strong>:<\/td>\n<td>Conselheiro Ivan Lelis Bonilha<\/td>\n<\/tr>\n<\/tbody>\n<\/table>\n<\/blockquote>\n<blockquote><p><em><strong>Fonte: Diretoria de Comunica\u00e7\u00e3o Social do TCE-PR.<\/strong><\/em><\/p><\/blockquote>\n","protected":false},"excerpt":{"rendered":"<p>O Pleno do Tribunal de Contas do Estado do Paran\u00e1 (TCE-PR) determinou que a Prefeitura de Campina Grande do Sul comprove, em at\u00e9 dez meses, a realiza\u00e7\u00e3o de concurso p\u00fablico para a nomea\u00e7\u00e3o de m\u00e9dicos nesse munic\u00edpio da Regi\u00e3o Metropolitana de Curitiba. O prazo passar\u00e1 a contar a partir do tr\u00e2nsito em julgado da decis\u00e3o, [&hellip;]<\/p>\n","protected":false},"author":1,"featured_media":16031,"comment_status":"open","ping_status":"open","sticky":false,"template":"","format":"standard","meta":{"_monsterinsights_skip_tracking":false,"_monsterinsights_sitenote_active":false,"_monsterinsights_sitenote_note":"","_monsterinsights_sitenote_category":0,"footnotes":""},"categories":[7],"tags":[436,158,13,125,49,123,39,71],"class_list":["post-16030","post","type-post","status-publish","format-standard","has-post-thumbnail","hentry","category-todas-as-noticias","tag-campina-grande-do-sul","tag-medicos","tag-mpc-pr","tag-projeto-de-fiscalizacao-das-terceirizacoes-de-medicos-plantonistas","tag-representacao","tag-saude","tag-tce-pr","tag-tribunal-pleno","entry","has-media"],"yoast_head":"<!-- This site is optimized with the Yoast SEO plugin v27.3 - https:\/\/yoast.com\/product\/yoast-seo-wordpress\/ -->\n<title>TCE-PR d\u00e1 10 meses para Campina Grande do Sul realizar concurso para m\u00e9dicos - Minist\u00e9rio P\u00fablico de Contas do Estado do Paran\u00e1<\/title>\n<meta name=\"description\" content=\"O Pleno do Tribunal de Contas do Estado do Paran\u00e1 (TCE-PR) determinou que a Prefeitura de Campina Grande do Sul comprove, em at\u00e9 dez meses, a realiza\u00e7\u00e3o de concurso p\u00fablico para a nomea\u00e7\u00e3o de m\u00e9dicos nesse munic\u00edpio da Regi\u00e3o Metropolitana de Curitiba. O prazo passar\u00e1 a contar a partir do tr\u00e2nsito em julgado da decis\u00e3o, da qual cabe recurso.\" \/>\n<meta name=\"robots\" content=\"index, follow, max-snippet:-1, max-image-preview:large, max-video-preview:-1\" \/>\n<link rel=\"canonical\" href=\"https:\/\/www.mpc.pr.gov.br\/index.php\/tce-pr-da-10-meses-para-campina-grande-do-sul-realizar-concurso-para-medicos\/\" \/>\n<meta property=\"og:locale\" content=\"pt_BR\" \/>\n<meta property=\"og:type\" content=\"article\" \/>\n<meta property=\"og:title\" content=\"TCE-PR d\u00e1 10 meses para Campina Grande do Sul realizar concurso para m\u00e9dicos - Minist\u00e9rio P\u00fablico de Contas do Estado do Paran\u00e1\" \/>\n<meta property=\"og:description\" content=\"O Pleno do Tribunal de Contas do Estado do Paran\u00e1 (TCE-PR) determinou que a Prefeitura de Campina Grande do Sul comprove, em at\u00e9 dez meses, a realiza\u00e7\u00e3o de concurso p\u00fablico para a nomea\u00e7\u00e3o de m\u00e9dicos nesse munic\u00edpio da Regi\u00e3o Metropolitana de Curitiba. O prazo passar\u00e1 a contar a partir do tr\u00e2nsito em julgado da decis\u00e3o, da qual cabe recurso.\" \/>\n<meta property=\"og:url\" content=\"https:\/\/www.mpc.pr.gov.br\/index.php\/tce-pr-da-10-meses-para-campina-grande-do-sul-realizar-concurso-para-medicos\/\" \/>\n<meta property=\"og:site_name\" content=\"Minist\u00e9rio P\u00fablico de Contas do Estado do Paran\u00e1\" \/>\n<meta property=\"article:publisher\" content=\"https:\/\/www.facebook.com\/mpc.pr\" \/>\n<meta property=\"article:published_time\" content=\"2023-07-17T16:12:38+00:00\" \/>\n<meta property=\"article:modified_time\" content=\"2023-08-02T13:17:22+00:00\" \/>\n<meta property=\"og:image\" content=\"https:\/\/www.mpc.pr.gov.br\/wp-content\/uploads\/2023\/07\/saude-00155.jpg\" \/>\n\t<meta property=\"og:image:width\" content=\"502\" \/>\n\t<meta property=\"og:image:height\" content=\"444\" \/>\n\t<meta property=\"og:image:type\" content=\"image\/jpeg\" \/>\n<meta name=\"author\" content=\"mpcontaspr\" \/>\n<meta name=\"twitter:card\" content=\"summary_large_image\" \/>\n<meta name=\"twitter:label1\" content=\"Escrito por\" \/>\n\t<meta name=\"twitter:data1\" content=\"mpcontaspr\" \/>\n\t<meta name=\"twitter:label2\" content=\"Est. tempo de leitura\" \/>\n\t<meta name=\"twitter:data2\" content=\"2 minutos\" \/>\n<script type=\"application\/ld+json\" class=\"yoast-schema-graph\">{\"@context\":\"https:\\\/\\\/schema.org\",\"@graph\":[{\"@type\":\"Article\",\"@id\":\"https:\\\/\\\/www.mpc.pr.gov.br\\\/index.php\\\/tce-pr-da-10-meses-para-campina-grande-do-sul-realizar-concurso-para-medicos\\\/#article\",\"isPartOf\":{\"@id\":\"https:\\\/\\\/www.mpc.pr.gov.br\\\/index.php\\\/tce-pr-da-10-meses-para-campina-grande-do-sul-realizar-concurso-para-medicos\\\/\"},\"author\":{\"name\":\"mpcontaspr\",\"@id\":\"https:\\\/\\\/www.mpc.pr.gov.br\\\/#\\\/schema\\\/person\\\/2d83cb8980538d0ec174e8a6284f5e11\"},\"headline\":\"TCE-PR d\u00e1 10 meses para Campina Grande do Sul realizar concurso para m\u00e9dicos\",\"datePublished\":\"2023-07-17T16:12:38+00:00\",\"dateModified\":\"2023-08-02T13:17:22+00:00\",\"mainEntityOfPage\":{\"@id\":\"https:\\\/\\\/www.mpc.pr.gov.br\\\/index.php\\\/tce-pr-da-10-meses-para-campina-grande-do-sul-realizar-concurso-para-medicos\\\/\"},\"wordCount\":457,\"commentCount\":0,\"publisher\":{\"@id\":\"https:\\\/\\\/www.mpc.pr.gov.br\\\/#organization\"},\"image\":{\"@id\":\"https:\\\/\\\/www.mpc.pr.gov.br\\\/index.php\\\/tce-pr-da-10-meses-para-campina-grande-do-sul-realizar-concurso-para-medicos\\\/#primaryimage\"},\"thumbnailUrl\":\"https:\\\/\\\/www.mpc.pr.gov.br\\\/wp-content\\\/uploads\\\/2023\\\/07\\\/saude-00155.jpg\",\"keywords\":[\"Campina Grande do Sul\",\"M\u00e9dicos\",\"MPC-PR\",\"Projeto de Fiscaliza\u00e7\u00e3o das Terceiriza\u00e7\u00f5es de M\u00e9dicos Plantonistas\",\"Representa\u00e7\u00e3o\",\"Sa\u00fade\",\"TCE-PR\",\"Tribunal Pleno\"],\"articleSection\":[\"Todas as not\u00edcias\"],\"inLanguage\":\"pt-BR\",\"potentialAction\":[{\"@type\":\"CommentAction\",\"name\":\"Comment\",\"target\":[\"https:\\\/\\\/www.mpc.pr.gov.br\\\/index.php\\\/tce-pr-da-10-meses-para-campina-grande-do-sul-realizar-concurso-para-medicos\\\/#respond\"]}]},{\"@type\":\"WebPage\",\"@id\":\"https:\\\/\\\/www.mpc.pr.gov.br\\\/index.php\\\/tce-pr-da-10-meses-para-campina-grande-do-sul-realizar-concurso-para-medicos\\\/\",\"url\":\"https:\\\/\\\/www.mpc.pr.gov.br\\\/index.php\\\/tce-pr-da-10-meses-para-campina-grande-do-sul-realizar-concurso-para-medicos\\\/\",\"name\":\"TCE-PR d\u00e1 10 meses para Campina Grande do Sul realizar concurso para m\u00e9dicos - Minist\u00e9rio P\u00fablico de Contas do Estado do Paran\u00e1\",\"isPartOf\":{\"@id\":\"https:\\\/\\\/www.mpc.pr.gov.br\\\/#website\"},\"primaryImageOfPage\":{\"@id\":\"https:\\\/\\\/www.mpc.pr.gov.br\\\/index.php\\\/tce-pr-da-10-meses-para-campina-grande-do-sul-realizar-concurso-para-medicos\\\/#primaryimage\"},\"image\":{\"@id\":\"https:\\\/\\\/www.mpc.pr.gov.br\\\/index.php\\\/tce-pr-da-10-meses-para-campina-grande-do-sul-realizar-concurso-para-medicos\\\/#primaryimage\"},\"thumbnailUrl\":\"https:\\\/\\\/www.mpc.pr.gov.br\\\/wp-content\\\/uploads\\\/2023\\\/07\\\/saude-00155.jpg\",\"datePublished\":\"2023-07-17T16:12:38+00:00\",\"dateModified\":\"2023-08-02T13:17:22+00:00\",\"description\":\"O Pleno do Tribunal de Contas do Estado do Paran\u00e1 (TCE-PR) determinou que a Prefeitura de Campina Grande do Sul comprove, em at\u00e9 dez meses, a realiza\u00e7\u00e3o de concurso p\u00fablico para a nomea\u00e7\u00e3o de m\u00e9dicos nesse munic\u00edpio da Regi\u00e3o Metropolitana de Curitiba. O prazo passar\u00e1 a contar a partir do tr\u00e2nsito em julgado da decis\u00e3o, da qual cabe recurso.\",\"breadcrumb\":{\"@id\":\"https:\\\/\\\/www.mpc.pr.gov.br\\\/index.php\\\/tce-pr-da-10-meses-para-campina-grande-do-sul-realizar-concurso-para-medicos\\\/#breadcrumb\"},\"inLanguage\":\"pt-BR\",\"potentialAction\":[{\"@type\":\"ReadAction\",\"target\":[\"https:\\\/\\\/www.mpc.pr.gov.br\\\/index.php\\\/tce-pr-da-10-meses-para-campina-grande-do-sul-realizar-concurso-para-medicos\\\/\"]}]},{\"@type\":\"ImageObject\",\"inLanguage\":\"pt-BR\",\"@id\":\"https:\\\/\\\/www.mpc.pr.gov.br\\\/index.php\\\/tce-pr-da-10-meses-para-campina-grande-do-sul-realizar-concurso-para-medicos\\\/#primaryimage\",\"url\":\"https:\\\/\\\/www.mpc.pr.gov.br\\\/wp-content\\\/uploads\\\/2023\\\/07\\\/saude-00155.jpg\",\"contentUrl\":\"https:\\\/\\\/www.mpc.pr.gov.br\\\/wp-content\\\/uploads\\\/2023\\\/07\\\/saude-00155.jpg\",\"width\":502,\"height\":444,\"caption\":\"Sa\u00fade \u00e9 um servi\u00e7o essencial que a administra\u00e7\u00e3o p\u00fablica deve oferecer \u00e0 popula\u00e7\u00e3o. Imagem: Divulga\u00e7\u00e3o.\"},{\"@type\":\"BreadcrumbList\",\"@id\":\"https:\\\/\\\/www.mpc.pr.gov.br\\\/index.php\\\/tce-pr-da-10-meses-para-campina-grande-do-sul-realizar-concurso-para-medicos\\\/#breadcrumb\",\"itemListElement\":[{\"@type\":\"ListItem\",\"position\":1,\"name\":\"In\u00edcio\",\"item\":\"https:\\\/\\\/www.mpc.pr.gov.br\\\/\"},{\"@type\":\"ListItem\",\"position\":2,\"name\":\"TCE-PR d\u00e1 10 meses para Campina Grande do Sul realizar concurso para m\u00e9dicos\"}]},{\"@type\":\"WebSite\",\"@id\":\"https:\\\/\\\/www.mpc.pr.gov.br\\\/#website\",\"url\":\"https:\\\/\\\/www.mpc.pr.gov.br\\\/\",\"name\":\"Minist\u00e9rio P\u00fablico de Contas do Estado do Paran\u00e1\",\"description\":\"\",\"publisher\":{\"@id\":\"https:\\\/\\\/www.mpc.pr.gov.br\\\/#organization\"},\"potentialAction\":[{\"@type\":\"SearchAction\",\"target\":{\"@type\":\"EntryPoint\",\"urlTemplate\":\"https:\\\/\\\/www.mpc.pr.gov.br\\\/?s={search_term_string}\"},\"query-input\":{\"@type\":\"PropertyValueSpecification\",\"valueRequired\":true,\"valueName\":\"search_term_string\"}}],\"inLanguage\":\"pt-BR\"},{\"@type\":\"Organization\",\"@id\":\"https:\\\/\\\/www.mpc.pr.gov.br\\\/#organization\",\"name\":\"Minist\u00e9rio P\u00fablico de Contas do Estado do Paran\u00e1\",\"url\":\"https:\\\/\\\/www.mpc.pr.gov.br\\\/\",\"logo\":{\"@type\":\"ImageObject\",\"inLanguage\":\"pt-BR\",\"@id\":\"https:\\\/\\\/www.mpc.pr.gov.br\\\/#\\\/schema\\\/logo\\\/image\\\/\",\"url\":\"https:\\\/\\\/www.mpc.pr.gov.br\\\/wp-content\\\/uploads\\\/2020\\\/06\\\/99423647_1593460364143890_6706793420720963584_n-1-e1591387983167.png\",\"contentUrl\":\"https:\\\/\\\/www.mpc.pr.gov.br\\\/wp-content\\\/uploads\\\/2020\\\/06\\\/99423647_1593460364143890_6706793420720963584_n-1-e1591387983167.png\",\"width\":243,\"height\":73,\"caption\":\"Minist\u00e9rio P\u00fablico de Contas do Estado do Paran\u00e1\"},\"image\":{\"@id\":\"https:\\\/\\\/www.mpc.pr.gov.br\\\/#\\\/schema\\\/logo\\\/image\\\/\"},\"sameAs\":[\"https:\\\/\\\/www.facebook.com\\\/mpc.pr\",\"https:\\\/\\\/www.instagram.com\\\/mpc.pr\\\/?hl=pt-br\",\"https:\\\/\\\/www.youtube.com\\\/channel\\\/UCHri5oEM8DV0ztX57E0sBSw\"]},{\"@type\":\"Person\",\"@id\":\"https:\\\/\\\/www.mpc.pr.gov.br\\\/#\\\/schema\\\/person\\\/2d83cb8980538d0ec174e8a6284f5e11\",\"name\":\"mpcontaspr\",\"image\":{\"@type\":\"ImageObject\",\"inLanguage\":\"pt-BR\",\"@id\":\"https:\\\/\\\/secure.gravatar.com\\\/avatar\\\/1aef51541db7622e05fd639336c9c9f312c2a618396e2b6ca96846362fc5403f?s=96&d=mm&r=g\",\"url\":\"https:\\\/\\\/secure.gravatar.com\\\/avatar\\\/1aef51541db7622e05fd639336c9c9f312c2a618396e2b6ca96846362fc5403f?s=96&d=mm&r=g\",\"contentUrl\":\"https:\\\/\\\/secure.gravatar.com\\\/avatar\\\/1aef51541db7622e05fd639336c9c9f312c2a618396e2b6ca96846362fc5403f?s=96&d=mm&r=g\",\"caption\":\"mpcontaspr\"},\"sameAs\":[\"http:\\\/\\\/www.mpc.pr.gov.br\"]}]}<\/script>\n<!-- \/ Yoast SEO plugin. -->","yoast_head_json":{"title":"TCE-PR d\u00e1 10 meses para Campina Grande do Sul realizar concurso para m\u00e9dicos - Minist\u00e9rio P\u00fablico de Contas do Estado do Paran\u00e1","description":"O Pleno do Tribunal de Contas do Estado do Paran\u00e1 (TCE-PR) determinou que a Prefeitura de Campina Grande do Sul comprove, em at\u00e9 dez meses, a realiza\u00e7\u00e3o de concurso p\u00fablico para a nomea\u00e7\u00e3o de m\u00e9dicos nesse munic\u00edpio da Regi\u00e3o Metropolitana de Curitiba. O prazo passar\u00e1 a contar a partir do tr\u00e2nsito em julgado da decis\u00e3o, da qual cabe recurso.","robots":{"index":"index","follow":"follow","max-snippet":"max-snippet:-1","max-image-preview":"max-image-preview:large","max-video-preview":"max-video-preview:-1"},"canonical":"https:\/\/www.mpc.pr.gov.br\/index.php\/tce-pr-da-10-meses-para-campina-grande-do-sul-realizar-concurso-para-medicos\/","og_locale":"pt_BR","og_type":"article","og_title":"TCE-PR d\u00e1 10 meses para Campina Grande do Sul realizar concurso para m\u00e9dicos - Minist\u00e9rio P\u00fablico de Contas do Estado do Paran\u00e1","og_description":"O Pleno do Tribunal de Contas do Estado do Paran\u00e1 (TCE-PR) determinou que a Prefeitura de Campina Grande do Sul comprove, em at\u00e9 dez meses, a realiza\u00e7\u00e3o de concurso p\u00fablico para a nomea\u00e7\u00e3o de m\u00e9dicos nesse munic\u00edpio da Regi\u00e3o Metropolitana de Curitiba. O prazo passar\u00e1 a contar a partir do tr\u00e2nsito em julgado da decis\u00e3o, da qual cabe recurso.","og_url":"https:\/\/www.mpc.pr.gov.br\/index.php\/tce-pr-da-10-meses-para-campina-grande-do-sul-realizar-concurso-para-medicos\/","og_site_name":"Minist\u00e9rio P\u00fablico de Contas do Estado do Paran\u00e1","article_publisher":"https:\/\/www.facebook.com\/mpc.pr","article_published_time":"2023-07-17T16:12:38+00:00","article_modified_time":"2023-08-02T13:17:22+00:00","og_image":[{"width":502,"height":444,"url":"https:\/\/www.mpc.pr.gov.br\/wp-content\/uploads\/2023\/07\/saude-00155.jpg","type":"image\/jpeg"}],"author":"mpcontaspr","twitter_card":"summary_large_image","twitter_misc":{"Escrito por":"mpcontaspr","Est. tempo de leitura":"2 minutos"},"schema":{"@context":"https:\/\/schema.org","@graph":[{"@type":"Article","@id":"https:\/\/www.mpc.pr.gov.br\/index.php\/tce-pr-da-10-meses-para-campina-grande-do-sul-realizar-concurso-para-medicos\/#article","isPartOf":{"@id":"https:\/\/www.mpc.pr.gov.br\/index.php\/tce-pr-da-10-meses-para-campina-grande-do-sul-realizar-concurso-para-medicos\/"},"author":{"name":"mpcontaspr","@id":"https:\/\/www.mpc.pr.gov.br\/#\/schema\/person\/2d83cb8980538d0ec174e8a6284f5e11"},"headline":"TCE-PR d\u00e1 10 meses para Campina Grande do Sul realizar concurso para m\u00e9dicos","datePublished":"2023-07-17T16:12:38+00:00","dateModified":"2023-08-02T13:17:22+00:00","mainEntityOfPage":{"@id":"https:\/\/www.mpc.pr.gov.br\/index.php\/tce-pr-da-10-meses-para-campina-grande-do-sul-realizar-concurso-para-medicos\/"},"wordCount":457,"commentCount":0,"publisher":{"@id":"https:\/\/www.mpc.pr.gov.br\/#organization"},"image":{"@id":"https:\/\/www.mpc.pr.gov.br\/index.php\/tce-pr-da-10-meses-para-campina-grande-do-sul-realizar-concurso-para-medicos\/#primaryimage"},"thumbnailUrl":"https:\/\/www.mpc.pr.gov.br\/wp-content\/uploads\/2023\/07\/saude-00155.jpg","keywords":["Campina Grande do Sul","M\u00e9dicos","MPC-PR","Projeto de Fiscaliza\u00e7\u00e3o das Terceiriza\u00e7\u00f5es de M\u00e9dicos Plantonistas","Representa\u00e7\u00e3o","Sa\u00fade","TCE-PR","Tribunal Pleno"],"articleSection":["Todas as not\u00edcias"],"inLanguage":"pt-BR","potentialAction":[{"@type":"CommentAction","name":"Comment","target":["https:\/\/www.mpc.pr.gov.br\/index.php\/tce-pr-da-10-meses-para-campina-grande-do-sul-realizar-concurso-para-medicos\/#respond"]}]},{"@type":"WebPage","@id":"https:\/\/www.mpc.pr.gov.br\/index.php\/tce-pr-da-10-meses-para-campina-grande-do-sul-realizar-concurso-para-medicos\/","url":"https:\/\/www.mpc.pr.gov.br\/index.php\/tce-pr-da-10-meses-para-campina-grande-do-sul-realizar-concurso-para-medicos\/","name":"TCE-PR d\u00e1 10 meses para Campina Grande do Sul realizar concurso para m\u00e9dicos - Minist\u00e9rio P\u00fablico de Contas do Estado do Paran\u00e1","isPartOf":{"@id":"https:\/\/www.mpc.pr.gov.br\/#website"},"primaryImageOfPage":{"@id":"https:\/\/www.mpc.pr.gov.br\/index.php\/tce-pr-da-10-meses-para-campina-grande-do-sul-realizar-concurso-para-medicos\/#primaryimage"},"image":{"@id":"https:\/\/www.mpc.pr.gov.br\/index.php\/tce-pr-da-10-meses-para-campina-grande-do-sul-realizar-concurso-para-medicos\/#primaryimage"},"thumbnailUrl":"https:\/\/www.mpc.pr.gov.br\/wp-content\/uploads\/2023\/07\/saude-00155.jpg","datePublished":"2023-07-17T16:12:38+00:00","dateModified":"2023-08-02T13:17:22+00:00","description":"O Pleno do Tribunal de Contas do Estado do Paran\u00e1 (TCE-PR) determinou que a Prefeitura de Campina Grande do Sul comprove, em at\u00e9 dez meses, a realiza\u00e7\u00e3o de concurso p\u00fablico para a nomea\u00e7\u00e3o de m\u00e9dicos nesse munic\u00edpio da Regi\u00e3o Metropolitana de Curitiba. O prazo passar\u00e1 a contar a partir do tr\u00e2nsito em julgado da decis\u00e3o, da qual cabe recurso.","breadcrumb":{"@id":"https:\/\/www.mpc.pr.gov.br\/index.php\/tce-pr-da-10-meses-para-campina-grande-do-sul-realizar-concurso-para-medicos\/#breadcrumb"},"inLanguage":"pt-BR","potentialAction":[{"@type":"ReadAction","target":["https:\/\/www.mpc.pr.gov.br\/index.php\/tce-pr-da-10-meses-para-campina-grande-do-sul-realizar-concurso-para-medicos\/"]}]},{"@type":"ImageObject","inLanguage":"pt-BR","@id":"https:\/\/www.mpc.pr.gov.br\/index.php\/tce-pr-da-10-meses-para-campina-grande-do-sul-realizar-concurso-para-medicos\/#primaryimage","url":"https:\/\/www.mpc.pr.gov.br\/wp-content\/uploads\/2023\/07\/saude-00155.jpg","contentUrl":"https:\/\/www.mpc.pr.gov.br\/wp-content\/uploads\/2023\/07\/saude-00155.jpg","width":502,"height":444,"caption":"Sa\u00fade \u00e9 um servi\u00e7o essencial que a administra\u00e7\u00e3o p\u00fablica deve oferecer \u00e0 popula\u00e7\u00e3o. Imagem: Divulga\u00e7\u00e3o."},{"@type":"BreadcrumbList","@id":"https:\/\/www.mpc.pr.gov.br\/index.php\/tce-pr-da-10-meses-para-campina-grande-do-sul-realizar-concurso-para-medicos\/#breadcrumb","itemListElement":[{"@type":"ListItem","position":1,"name":"In\u00edcio","item":"https:\/\/www.mpc.pr.gov.br\/"},{"@type":"ListItem","position":2,"name":"TCE-PR d\u00e1 10 meses para Campina Grande do Sul realizar concurso para m\u00e9dicos"}]},{"@type":"WebSite","@id":"https:\/\/www.mpc.pr.gov.br\/#website","url":"https:\/\/www.mpc.pr.gov.br\/","name":"Minist\u00e9rio P\u00fablico de Contas do Estado do Paran\u00e1","description":"","publisher":{"@id":"https:\/\/www.mpc.pr.gov.br\/#organization"},"potentialAction":[{"@type":"SearchAction","target":{"@type":"EntryPoint","urlTemplate":"https:\/\/www.mpc.pr.gov.br\/?s={search_term_string}"},"query-input":{"@type":"PropertyValueSpecification","valueRequired":true,"valueName":"search_term_string"}}],"inLanguage":"pt-BR"},{"@type":"Organization","@id":"https:\/\/www.mpc.pr.gov.br\/#organization","name":"Minist\u00e9rio P\u00fablico de Contas do Estado do Paran\u00e1","url":"https:\/\/www.mpc.pr.gov.br\/","logo":{"@type":"ImageObject","inLanguage":"pt-BR","@id":"https:\/\/www.mpc.pr.gov.br\/#\/schema\/logo\/image\/","url":"https:\/\/www.mpc.pr.gov.br\/wp-content\/uploads\/2020\/06\/99423647_1593460364143890_6706793420720963584_n-1-e1591387983167.png","contentUrl":"https:\/\/www.mpc.pr.gov.br\/wp-content\/uploads\/2020\/06\/99423647_1593460364143890_6706793420720963584_n-1-e1591387983167.png","width":243,"height":73,"caption":"Minist\u00e9rio P\u00fablico de Contas do Estado do Paran\u00e1"},"image":{"@id":"https:\/\/www.mpc.pr.gov.br\/#\/schema\/logo\/image\/"},"sameAs":["https:\/\/www.facebook.com\/mpc.pr","https:\/\/www.instagram.com\/mpc.pr\/?hl=pt-br","https:\/\/www.youtube.com\/channel\/UCHri5oEM8DV0ztX57E0sBSw"]},{"@type":"Person","@id":"https:\/\/www.mpc.pr.gov.br\/#\/schema\/person\/2d83cb8980538d0ec174e8a6284f5e11","name":"mpcontaspr","image":{"@type":"ImageObject","inLanguage":"pt-BR","@id":"https:\/\/secure.gravatar.com\/avatar\/1aef51541db7622e05fd639336c9c9f312c2a618396e2b6ca96846362fc5403f?s=96&d=mm&r=g","url":"https:\/\/secure.gravatar.com\/avatar\/1aef51541db7622e05fd639336c9c9f312c2a618396e2b6ca96846362fc5403f?s=96&d=mm&r=g","contentUrl":"https:\/\/secure.gravatar.com\/avatar\/1aef51541db7622e05fd639336c9c9f312c2a618396e2b6ca96846362fc5403f?s=96&d=mm&r=g","caption":"mpcontaspr"},"sameAs":["http:\/\/www.mpc.pr.gov.br"]}]}},"rttpg_featured_image_url":{"full":["https:\/\/www.mpc.pr.gov.br\/wp-content\/uploads\/2023\/07\/saude-00155.jpg",502,444,false],"landscape":["https:\/\/www.mpc.pr.gov.br\/wp-content\/uploads\/2023\/07\/saude-00155.jpg",502,444,false],"portraits":["https:\/\/www.mpc.pr.gov.br\/wp-content\/uploads\/2023\/07\/saude-00155.jpg",502,444,false],"thumbnail":["https:\/\/www.mpc.pr.gov.br\/wp-content\/uploads\/2023\/07\/saude-00155-150x150.jpg",150,150,true],"medium":["https:\/\/www.mpc.pr.gov.br\/wp-content\/uploads\/2023\/07\/saude-00155-300x265.jpg",300,265,true],"large":["https:\/\/www.mpc.pr.gov.br\/wp-content\/uploads\/2023\/07\/saude-00155.jpg",502,444,false],"1536x1536":["https:\/\/www.mpc.pr.gov.br\/wp-content\/uploads\/2023\/07\/saude-00155.jpg",502,444,false],"2048x2048":["https:\/\/www.mpc.pr.gov.br\/wp-content\/uploads\/2023\/07\/saude-00155.jpg",502,444,false],"ocean-thumb-m":["https:\/\/www.mpc.pr.gov.br\/wp-content\/uploads\/2023\/07\/saude-00155.jpg",502,444,false],"ocean-thumb-ml":["https:\/\/www.mpc.pr.gov.br\/wp-content\/uploads\/2023\/07\/saude-00155.jpg",502,444,false],"ocean-thumb-l":["https:\/\/www.mpc.pr.gov.br\/wp-content\/uploads\/2023\/07\/saude-00155.jpg",502,444,false]},"rttpg_author":{"display_name":"mpcontaspr","author_link":"https:\/\/www.mpc.pr.gov.br\/index.php\/author\/mpcontaspr\/"},"rttpg_comment":0,"rttpg_category":"<a href=\"https:\/\/www.mpc.pr.gov.br\/index.php\/category\/todas-as-noticias\/\" rel=\"category tag\">Todas as not\u00edcias<\/a>","rttpg_excerpt":"O Pleno do Tribunal de Contas do Estado do Paran\u00e1 (TCE-PR) determinou que a Prefeitura de Campina Grande do Sul comprove, em at\u00e9 dez meses, a realiza\u00e7\u00e3o de concurso p\u00fablico para a nomea\u00e7\u00e3o de m\u00e9dicos nesse munic\u00edpio da Regi\u00e3o Metropolitana de Curitiba. O prazo passar\u00e1 a contar a partir do tr\u00e2nsito em julgado da decis\u00e3o,&hellip;","_links":{"self":[{"href":"https:\/\/www.mpc.pr.gov.br\/index.php\/wp-json\/wp\/v2\/posts\/16030","targetHints":{"allow":["GET"]}}],"collection":[{"href":"https:\/\/www.mpc.pr.gov.br\/index.php\/wp-json\/wp\/v2\/posts"}],"about":[{"href":"https:\/\/www.mpc.pr.gov.br\/index.php\/wp-json\/wp\/v2\/types\/post"}],"author":[{"embeddable":true,"href":"https:\/\/www.mpc.pr.gov.br\/index.php\/wp-json\/wp\/v2\/users\/1"}],"replies":[{"embeddable":true,"href":"https:\/\/www.mpc.pr.gov.br\/index.php\/wp-json\/wp\/v2\/comments?post=16030"}],"version-history":[{"count":1,"href":"https:\/\/www.mpc.pr.gov.br\/index.php\/wp-json\/wp\/v2\/posts\/16030\/revisions"}],"predecessor-version":[{"id":16032,"href":"https:\/\/www.mpc.pr.gov.br\/index.php\/wp-json\/wp\/v2\/posts\/16030\/revisions\/16032"}],"wp:featuredmedia":[{"embeddable":true,"href":"https:\/\/www.mpc.pr.gov.br\/index.php\/wp-json\/wp\/v2\/media\/16031"}],"wp:attachment":[{"href":"https:\/\/www.mpc.pr.gov.br\/index.php\/wp-json\/wp\/v2\/media?parent=16030"}],"wp:term":[{"taxonomy":"category","embeddable":true,"href":"https:\/\/www.mpc.pr.gov.br\/index.php\/wp-json\/wp\/v2\/categories?post=16030"},{"taxonomy":"post_tag","embeddable":true,"href":"https:\/\/www.mpc.pr.gov.br\/index.php\/wp-json\/wp\/v2\/tags?post=16030"}],"curies":[{"name":"wp","href":"https:\/\/api.w.org\/{rel}","templated":true}]}}