{"id":16055,"date":"2023-07-26T09:57:32","date_gmt":"2023-07-26T12:57:32","guid":{"rendered":"https:\/\/www.mpc.pr.gov.br\/?p=16055"},"modified":"2023-08-08T09:48:44","modified_gmt":"2023-08-08T12:48:44","slug":"representacao-do-mpc-pr-aponta-irregularidades-na-terceirizacao-de-servicos-de-contabilidade-pelo-municipio-de-porto-rico","status":"publish","type":"post","link":"https:\/\/www.mpc.pr.gov.br\/index.php\/representacao-do-mpc-pr-aponta-irregularidades-na-terceirizacao-de-servicos-de-contabilidade-pelo-municipio-de-porto-rico\/","title":{"rendered":"Representa\u00e7\u00e3o do MPC-PR aponta irregularidades na terceiriza\u00e7\u00e3o de servi\u00e7os de contabilidade pelo Munic\u00edpio de Porto Rico"},"content":{"rendered":"<figure id=\"attachment_16056\" aria-describedby=\"caption-attachment-16056\" style=\"width: 300px\" class=\"wp-caption alignleft\"><img fetchpriority=\"high\" decoding=\"async\" class=\"size-medium wp-image-16056\" src=\"https:\/\/www.mpc.pr.gov.br\/wp-content\/uploads\/2023\/07\/Porto-Rico-300x219.jpg\" alt=\"\" width=\"300\" height=\"219\" srcset=\"https:\/\/www.mpc.pr.gov.br\/wp-content\/uploads\/2023\/07\/Porto-Rico-300x219.jpg 300w, https:\/\/www.mpc.pr.gov.br\/wp-content\/uploads\/2023\/07\/Porto-Rico.jpg 640w\" sizes=\"(max-width: 300px) 100vw, 300px\" \/><figcaption id=\"caption-attachment-16056\" class=\"wp-caption-text\">Vista a\u00e9rea da sede urbana de Porto Rico, munic\u00edpio da Regi\u00e3o Norte do Estado banhado pelo Rio Paran\u00e1. Foto: Divulga\u00e7\u00e3o.<\/figcaption><\/figure>\n<p><span data-contrast=\"auto\">O Pleno do Tribunal de Contas do Estado do Paran\u00e1 (TCE-PR) decidiu por julgar parcialmente procedente o processo de Representa\u00e7\u00e3o instaurado pelo Minist\u00e9rio P\u00fablico de Contas (MPC-PR) em face do Munic\u00edpio de Porto Rico, em raz\u00e3o da ocorr\u00eancia de irregularidades na terceiriza\u00e7\u00e3o de servi\u00e7os de contabilidade, em afronta ao <a href=\"https:\/\/www.mpc.pr.gov.br\/wp-content\/uploads\/2023\/07\/Prejulgado-no-6-TCE-PR.pdf\">Prejulgado n\u00ba 6<\/a>.<\/span><span data-ccp-props=\"{&quot;201341983&quot;:0,&quot;335551550&quot;:6,&quot;335551620&quot;:6,&quot;335559731&quot;:708,&quot;335559739&quot;:160,&quot;335559740&quot;:360}\">\u00a0<\/span><\/p>\n<p><span data-contrast=\"auto\">Na inicial, o Minist\u00e9rio P\u00fablico de Contas do Paran\u00e1 (MPC-PR) relatou que o Contrato n\u00ba 37\/2022, firmado em 30\/03\/2022, teria por objeto a presta\u00e7\u00e3o de servi\u00e7os relacionados \u00e0 contabilidade do Munic\u00edpio, ainda que existam servidores efetivos no cargo de contador no quadro de pessoal do Poder Executivo. Ocorre que o rol de atividades a serem desempenhadas pela empresa Magma Assessoria e Gest\u00e3o Cont\u00e1bil Ltda. seriam corriqueiras da administra\u00e7\u00e3o, inclusive em rela\u00e7\u00e3o \u00e0s atribui\u00e7\u00f5es do cargo efetivo de contador.<\/span><span data-ccp-props=\"{&quot;201341983&quot;:0,&quot;335551550&quot;:6,&quot;335551620&quot;:6,&quot;335559731&quot;:708,&quot;335559739&quot;:160,&quot;335559740&quot;:360}\">\u00a0<\/span><\/p>\n<h4><b><span data-contrast=\"auto\">Defesas<\/span><\/b><span data-ccp-props=\"{&quot;134233117&quot;:false,&quot;134233118&quot;:false,&quot;201341983&quot;:0,&quot;335551550&quot;:6,&quot;335551620&quot;:6,&quot;335559685&quot;:0,&quot;335559737&quot;:0,&quot;335559738&quot;:0,&quot;335559739&quot;:160,&quot;335559740&quot;:360}\">\u00a0<\/span><\/h4>\n<p><span data-contrast=\"auto\">Ao exercer o direito de contradit\u00f3rio e ampla defesa, o Munic\u00edpio de Porto Rico, representado pelo Prefeito Municipal \u00c1lvaro de Freitas Neto, justificou que a contrata\u00e7\u00e3o teria ocorrido para que a empresa Magma atuasse para prestar apoio, assessoramento, treinamentos, capacita\u00e7\u00e3o e consultoria cont\u00e1bil, abrangendo um extensivo rol de servi\u00e7os t\u00e9cnicos especializados.\u00a0<\/span><span data-ccp-props=\"{&quot;134233117&quot;:false,&quot;134233118&quot;:false,&quot;201341983&quot;:0,&quot;335551550&quot;:6,&quot;335551620&quot;:6,&quot;335559685&quot;:0,&quot;335559731&quot;:708,&quot;335559737&quot;:0,&quot;335559738&quot;:0,&quot;335559739&quot;:160,&quot;335559740&quot;:360}\">\u00a0<\/span><\/p>\n<p><span data-contrast=\"auto\">Sobre a contrata\u00e7\u00e3o direta, informou que o procedimento respeitou todos os preceitos da <a href=\"https:\/\/www.planalto.gov.br\/ccivil_03\/_ato2019-2022\/2021\/lei\/l14133.htm\">Lei de Licita\u00e7\u00f5es,<\/a> tendo a contrata\u00e7\u00e3o sido realizada de maneira razo\u00e1vel, proporcional e com vistas a atender a necessidade do Munic\u00edpio. Requereu o indeferimento da Representa\u00e7\u00e3o.<\/span><span data-ccp-props=\"{&quot;134233117&quot;:false,&quot;134233118&quot;:false,&quot;201341983&quot;:0,&quot;335551550&quot;:6,&quot;335551620&quot;:6,&quot;335559685&quot;:0,&quot;335559731&quot;:708,&quot;335559737&quot;:0,&quot;335559738&quot;:0,&quot;335559739&quot;:160,&quot;335559740&quot;:360}\">\u00a0<\/span><\/p>\n<p><span data-contrast=\"auto\">A Controladora Interna do Munic\u00edpio, por sua vez, sustentou que a contrata\u00e7\u00e3o da empresa foi amparada por parecer favor\u00e1vel emitido pelo Departamento Jur\u00eddico municipal, sendo a atua\u00e7\u00e3o da empresa destinada t\u00e3o somente para apoio t\u00e9cnico.\u00a0<\/span><span data-ccp-props=\"{&quot;134233117&quot;:false,&quot;134233118&quot;:false,&quot;201341983&quot;:0,&quot;335551550&quot;:6,&quot;335551620&quot;:6,&quot;335559685&quot;:0,&quot;335559731&quot;:708,&quot;335559737&quot;:0,&quot;335559738&quot;:0,&quot;335559739&quot;:160,&quot;335559740&quot;:360}\">\u00a0<\/span><\/p>\n<p><span data-contrast=\"auto\">Oportunizado o contradit\u00f3rio para a empresa Magma <\/span><span data-contrast=\"auto\">Assessoria e Gest\u00e3o Cont\u00e1bil Ltda, esta apresentou defesa informando que todo m\u00eas era enviado um relat\u00f3rio justificando ao Munic\u00edpio com o detalhamento dos servi\u00e7os prestados, os quais n\u00e3o tinham como cond\u00e3o substituir a fun\u00e7\u00e3o do Contador Municipal.\u00a0<\/span><span data-ccp-props=\"{&quot;134233117&quot;:false,&quot;134233118&quot;:false,&quot;201341983&quot;:0,&quot;335551550&quot;:6,&quot;335551620&quot;:6,&quot;335559685&quot;:0,&quot;335559731&quot;:708,&quot;335559737&quot;:0,&quot;335559738&quot;:0,&quot;335559739&quot;:160,&quot;335559740&quot;:360}\">\u00a0<\/span><\/p>\n<h4><b><span data-contrast=\"auto\">Instru\u00e7\u00e3o T\u00e9cnica<\/span><\/b><span data-ccp-props=\"{&quot;134233117&quot;:false,&quot;134233118&quot;:false,&quot;201341983&quot;:0,&quot;335551550&quot;:6,&quot;335551620&quot;:6,&quot;335559685&quot;:0,&quot;335559731&quot;:0,&quot;335559737&quot;:0,&quot;335559738&quot;:0,&quot;335559739&quot;:160,&quot;335559740&quot;:360}\">\u00a0<\/span><\/h4>\n<p><span data-contrast=\"auto\">Instada a se manifestar, a Coordenadoria de Gest\u00e3o Municipal (CGM), conforme Instru\u00e7\u00e3o n\u00ba 1062\/23, iniciou sua argumenta\u00e7\u00e3o mencionando o fato de que o Prefeito Municipal era o fiscal do <\/span><span data-contrast=\"auto\">Contrato n\u00ba 37\/2022<\/span><span data-contrast=\"auto\">, o que a princ\u00edpio poderia ocasionar alguns conflitos de interesse, al\u00e9m de ser um desrespeito ao princ\u00edpio da segrega\u00e7\u00e3o de fun\u00e7\u00f5es previsto no artigo 5\u00ba da <a href=\"https:\/\/www.planalto.gov.br\/ccivil_03\/_ato2019-2022\/2021\/lei\/l14133.htm\">Lei de Licita\u00e7\u00f5es n\u00ba 14.133\/21<\/a>.\u00a0 <\/span><span data-ccp-props=\"{&quot;134233117&quot;:false,&quot;134233118&quot;:false,&quot;201341983&quot;:0,&quot;335551550&quot;:6,&quot;335551620&quot;:6,&quot;335559685&quot;:0,&quot;335559731&quot;:708,&quot;335559737&quot;:0,&quot;335559738&quot;:0,&quot;335559739&quot;:160,&quot;335559740&quot;:360}\">\u00a0<\/span><\/p>\n<p><span data-contrast=\"auto\">Em rela\u00e7\u00e3o ao Prejulgado n\u00ba 6 do TCE-PR, que discorre sobre contrata\u00e7\u00e3o de consultorias pelos Munic\u00edpios, entendeu que n\u00e3o \u00e9 o caso de se aplicar a exce\u00e7\u00e3o prevista no Prejulgado, uma vez que a contrata\u00e7\u00e3o de consultorias cont\u00e1beis \u00e9 permitida apenas para quest\u00f5es que exijam not\u00f3ria especializa\u00e7\u00e3o, sendo necess\u00e1rio demonstrar a singularidade do objeto.\u00a0<\/span><span data-ccp-props=\"{&quot;134233117&quot;:false,&quot;134233118&quot;:false,&quot;201341983&quot;:0,&quot;335551550&quot;:6,&quot;335551620&quot;:6,&quot;335559685&quot;:0,&quot;335559731&quot;:708,&quot;335559737&quot;:0,&quot;335559738&quot;:0,&quot;335559739&quot;:160,&quot;335559740&quot;:360}\">\u00a0<\/span><\/p>\n<p><span data-contrast=\"auto\">Ocorre que, no caso em tela, as alega\u00e7\u00f5es da defesa comprovam que os servi\u00e7os objeto de terceiriza\u00e7\u00e3o eram os mesmos das atribui\u00e7\u00f5es<\/span><span data-contrast=\"auto\"> de um contador efetivo, o que caracteriza desempenho das atividades permanentes da Administra\u00e7\u00e3o.\u00a0<\/span><span data-ccp-props=\"{&quot;134233117&quot;:false,&quot;134233118&quot;:false,&quot;201341983&quot;:0,&quot;335551550&quot;:6,&quot;335551620&quot;:6,&quot;335559685&quot;:0,&quot;335559731&quot;:708,&quot;335559737&quot;:0,&quot;335559738&quot;:0,&quot;335559739&quot;:160,&quot;335559740&quot;:360}\">\u00a0<\/span><\/p>\n<p><span data-contrast=\"auto\">Diante disso, concluiu que o Munic\u00edpio de Porto Rico n\u00e3o logrou \u00eaxito em demonstrar a excepcionalidade do objeto contratado, violando o Prejulgado n\u00b0 6 desta Corte e, por conseguinte, o artigo 37, inciso II, da Constitui\u00e7\u00e3o Federal. Concluiu pela proced\u00eancia parcial da Representa\u00e7\u00e3o e aplica\u00e7\u00e3o da multa prevista no artigo 87, IV, g, da <a href=\"https:\/\/www1.tce.pr.gov.br\/multimidia\/2022\/5\/pdf\/00365632.pdf\">Lei Org\u00e2nica do TCE-PR<\/a>.<\/span><span data-ccp-props=\"{&quot;134233117&quot;:false,&quot;134233118&quot;:false,&quot;201341983&quot;:0,&quot;335551550&quot;:6,&quot;335551620&quot;:6,&quot;335559685&quot;:0,&quot;335559731&quot;:708,&quot;335559737&quot;:0,&quot;335559738&quot;:0,&quot;335559739&quot;:160,&quot;335559740&quot;:360}\">\u00a0<\/span><\/p>\n<p><span data-contrast=\"auto\">O Minist\u00e9rio P\u00fablico de Contas, mediante <a href=\"https:\/\/www.mpc.pr.gov.br\/wp-content\/uploads\/2023\/07\/Municipio-de-Porto-Rico-Parecer-Ministerial-234-23.pdf\">Parecer n\u00ba 234\/23<\/a>, opinou na mesma linha de entendimento que a CGM, pela parcial proced\u00eancia da Representa\u00e7\u00e3o, considerando que n\u00e3o foi demonstrada a excepcionalidade do objeto contratado para que se justificasse a consultoria cont\u00e1bil.\u00a0<\/span><span data-ccp-props=\"{&quot;134233117&quot;:false,&quot;134233118&quot;:false,&quot;201341983&quot;:0,&quot;335551550&quot;:6,&quot;335551620&quot;:6,&quot;335559685&quot;:0,&quot;335559731&quot;:708,&quot;335559737&quot;:0,&quot;335559738&quot;:0,&quot;335559739&quot;:160,&quot;335559740&quot;:360}\">\u00a0<\/span><\/p>\n<h4>Decis\u00e3o<\/h4>\n<p><span data-contrast=\"auto\">O Conselheiro relator Ivens Zschoerper Linhares deu raz\u00e3o aos opinativos da Coordenadoria de Gest\u00e3o Municipal (CGM) e Minist\u00e9rio P\u00fablico de Contas (MPC-PR), ao constatar que efetivamente houve a malversa\u00e7\u00e3o do Contrato n\u00ba 37\/2022.\u00a0\u00a0<\/span><span data-ccp-props=\"{&quot;134233117&quot;:false,&quot;134233118&quot;:false,&quot;201341983&quot;:0,&quot;335551550&quot;:6,&quot;335551620&quot;:6,&quot;335559685&quot;:0,&quot;335559731&quot;:708,&quot;335559737&quot;:0,&quot;335559738&quot;:0,&quot;335559739&quot;:160,&quot;335559740&quot;:360}\">\u00a0<\/span><\/p>\n<p><span data-contrast=\"auto\">Em seu voto, conforme <a href=\"https:\/\/www.mpc.pr.gov.br\/wp-content\/uploads\/2023\/07\/Municipio-de-Porto-Rico-Acordao-1886-23-STP.pdf\">Ac\u00f3rd\u00e3o n\u00ba 1886\/23<\/a> do Tribunal Pleno, discorreu sobre o artigo 39 da Constitui\u00e7\u00e3o do Estado do Paran\u00e1, que veda a <\/span><span data-contrast=\"auto\">terceiriza\u00e7\u00e3o das atividades que possam ser realizadas por servidores do quadro permanente do Munic\u00edpio. No caso, ficou claro que as premissas do Prejulgado n\u00ba 6 foram violadas quando n\u00e3o houve\u00a0a demonstra\u00e7\u00e3o de\u00a0necessidade de not\u00f3ria especializa\u00e7\u00e3o para atender demandas de alta complexidade\u00a0do Munic\u00edpio de Porto Rico.\u00a0<\/span><span data-ccp-props=\"{&quot;134233117&quot;:false,&quot;134233118&quot;:false,&quot;201341983&quot;:0,&quot;335551550&quot;:6,&quot;335551620&quot;:6,&quot;335559685&quot;:0,&quot;335559731&quot;:708,&quot;335559737&quot;:0,&quot;335559738&quot;:0,&quot;335559739&quot;:160,&quot;335559740&quot;:360}\">\u00a0<\/span><\/p>\n<p><span data-contrast=\"auto\">Por este motivo, votou pela parcial proced\u00eancia da Representa\u00e7\u00e3o, sem aplica\u00e7\u00e3o das multas propostas anteriormente, visto que o servi\u00e7o contratado foi efetivamente prestado e eventual ressarcimento poderia configurar enriquecimento sem causa para a Administra\u00e7\u00e3o P\u00fablica.\u00a0<\/span><\/p>\n<blockquote>\n<h4><span style=\"color: #820007;\"><strong><u>Informa\u00e7\u00e3o para consulta processual<\/u><\/strong><\/span><\/h4>\n<table border=\"0\" width=\"572\" cellspacing=\"0\" cellpadding=\"0\">\n<tbody>\n<tr>\n<td><strong>Processo n\u00ba<\/strong>:<\/td>\n<td>631267\/22<\/td>\n<\/tr>\n<tr>\n<td><strong>Ac\u00f3rd\u00e3o n\u00ba<\/strong>:<\/td>\n<td>1886\/23 &#8211; Tribunal Pleno<\/td>\n<\/tr>\n<tr>\n<td><strong>Assunto<\/strong>:<\/td>\n<td>Representa\u00e7\u00e3o<\/td>\n<\/tr>\n<tr>\n<td><strong>Entidade<\/strong>:<\/td>\n<td>Munic\u00edpio de Porto Rico<\/td>\n<\/tr>\n<tr>\n<td><strong>Relator<\/strong>:<\/td>\n<td>Conselheiro <span data-contrast=\"auto\">Ivens Zschoerper Linhares<\/span><\/td>\n<\/tr>\n<\/tbody>\n<\/table>\n<\/blockquote>\n","protected":false},"excerpt":{"rendered":"<p>O Pleno do Tribunal de Contas do Estado do Paran\u00e1 (TCE-PR) decidiu por julgar parcialmente procedente o processo de Representa\u00e7\u00e3o instaurado pelo Minist\u00e9rio P\u00fablico de Contas (MPC-PR) em face do Munic\u00edpio de Porto Rico, em raz\u00e3o da ocorr\u00eancia de irregularidades na terceiriza\u00e7\u00e3o de servi\u00e7os de contabilidade, em afronta ao Prejulgado n\u00ba 6.\u00a0 Na inicial, o [&hellip;]<\/p>\n","protected":false},"author":1,"featured_media":16056,"comment_status":"open","ping_status":"open","sticky":false,"template":"","format":"standard","meta":{"_monsterinsights_skip_tracking":false,"_monsterinsights_sitenote_active":false,"_monsterinsights_sitenote_note":"","_monsterinsights_sitenote_category":0,"footnotes":""},"categories":[7],"tags":[438,13,439,220,49,39,71],"class_list":["post-16055","post","type-post","status-publish","format-standard","has-post-thumbnail","hentry","category-todas-as-noticias","tag-lei-de-licitacoes","tag-mpc-pr","tag-municipio-de-porto-rico","tag-prejulgado-no-6","tag-representacao","tag-tce-pr","tag-tribunal-pleno","entry","has-media"],"yoast_head":"<!-- This site is optimized with the Yoast SEO plugin v27.3 - https:\/\/yoast.com\/product\/yoast-seo-wordpress\/ -->\n<title>Representa\u00e7\u00e3o do MPC-PR aponta irregularidades na terceiriza\u00e7\u00e3o de servi\u00e7os de contabilidade pelo Munic\u00edpio de Porto Rico - Minist\u00e9rio P\u00fablico de Contas do Estado do Paran\u00e1<\/title>\n<meta name=\"robots\" content=\"index, follow, max-snippet:-1, max-image-preview:large, max-video-preview:-1\" \/>\n<link rel=\"canonical\" href=\"https:\/\/www.mpc.pr.gov.br\/index.php\/representacao-do-mpc-pr-aponta-irregularidades-na-terceirizacao-de-servicos-de-contabilidade-pelo-municipio-de-porto-rico\/\" \/>\n<meta property=\"og:locale\" content=\"pt_BR\" \/>\n<meta property=\"og:type\" content=\"article\" \/>\n<meta property=\"og:title\" content=\"Representa\u00e7\u00e3o do MPC-PR aponta irregularidades na terceiriza\u00e7\u00e3o de servi\u00e7os de contabilidade pelo Munic\u00edpio de Porto Rico - Minist\u00e9rio P\u00fablico de Contas do Estado do Paran\u00e1\" \/>\n<meta property=\"og:description\" content=\"O Pleno do Tribunal de Contas do Estado do Paran\u00e1 (TCE-PR) decidiu por julgar parcialmente procedente o processo de Representa\u00e7\u00e3o instaurado pelo Minist\u00e9rio P\u00fablico de Contas (MPC-PR) em face do Munic\u00edpio de Porto Rico, em raz\u00e3o da ocorr\u00eancia de irregularidades na terceiriza\u00e7\u00e3o de servi\u00e7os de contabilidade, em afronta ao Prejulgado n\u00ba 6.\u00a0 Na inicial, o [&hellip;]\" \/>\n<meta property=\"og:url\" content=\"https:\/\/www.mpc.pr.gov.br\/index.php\/representacao-do-mpc-pr-aponta-irregularidades-na-terceirizacao-de-servicos-de-contabilidade-pelo-municipio-de-porto-rico\/\" \/>\n<meta property=\"og:site_name\" content=\"Minist\u00e9rio P\u00fablico de Contas do Estado do Paran\u00e1\" \/>\n<meta property=\"article:publisher\" content=\"https:\/\/www.facebook.com\/mpc.pr\" \/>\n<meta property=\"article:published_time\" content=\"2023-07-26T12:57:32+00:00\" \/>\n<meta property=\"article:modified_time\" content=\"2023-08-08T12:48:44+00:00\" \/>\n<meta property=\"og:image\" content=\"https:\/\/www.mpc.pr.gov.br\/wp-content\/uploads\/2023\/07\/Porto-Rico.jpg\" \/>\n\t<meta property=\"og:image:width\" content=\"640\" \/>\n\t<meta property=\"og:image:height\" content=\"468\" \/>\n\t<meta property=\"og:image:type\" content=\"image\/jpeg\" \/>\n<meta name=\"author\" content=\"mpcontaspr\" \/>\n<meta name=\"twitter:card\" content=\"summary_large_image\" \/>\n<meta name=\"twitter:label1\" content=\"Escrito por\" \/>\n\t<meta name=\"twitter:data1\" content=\"mpcontaspr\" \/>\n\t<meta name=\"twitter:label2\" content=\"Est. tempo de leitura\" \/>\n\t<meta name=\"twitter:data2\" content=\"5 minutos\" \/>\n<script type=\"application\/ld+json\" class=\"yoast-schema-graph\">{\"@context\":\"https:\\\/\\\/schema.org\",\"@graph\":[{\"@type\":\"Article\",\"@id\":\"https:\\\/\\\/www.mpc.pr.gov.br\\\/index.php\\\/representacao-do-mpc-pr-aponta-irregularidades-na-terceirizacao-de-servicos-de-contabilidade-pelo-municipio-de-porto-rico\\\/#article\",\"isPartOf\":{\"@id\":\"https:\\\/\\\/www.mpc.pr.gov.br\\\/index.php\\\/representacao-do-mpc-pr-aponta-irregularidades-na-terceirizacao-de-servicos-de-contabilidade-pelo-municipio-de-porto-rico\\\/\"},\"author\":{\"name\":\"mpcontaspr\",\"@id\":\"https:\\\/\\\/www.mpc.pr.gov.br\\\/#\\\/schema\\\/person\\\/2d83cb8980538d0ec174e8a6284f5e11\"},\"headline\":\"Representa\u00e7\u00e3o do MPC-PR aponta irregularidades na terceiriza\u00e7\u00e3o de servi\u00e7os de contabilidade pelo Munic\u00edpio de Porto Rico\",\"datePublished\":\"2023-07-26T12:57:32+00:00\",\"dateModified\":\"2023-08-08T12:48:44+00:00\",\"mainEntityOfPage\":{\"@id\":\"https:\\\/\\\/www.mpc.pr.gov.br\\\/index.php\\\/representacao-do-mpc-pr-aponta-irregularidades-na-terceirizacao-de-servicos-de-contabilidade-pelo-municipio-de-porto-rico\\\/\"},\"wordCount\":863,\"commentCount\":0,\"publisher\":{\"@id\":\"https:\\\/\\\/www.mpc.pr.gov.br\\\/#organization\"},\"image\":{\"@id\":\"https:\\\/\\\/www.mpc.pr.gov.br\\\/index.php\\\/representacao-do-mpc-pr-aponta-irregularidades-na-terceirizacao-de-servicos-de-contabilidade-pelo-municipio-de-porto-rico\\\/#primaryimage\"},\"thumbnailUrl\":\"https:\\\/\\\/www.mpc.pr.gov.br\\\/wp-content\\\/uploads\\\/2023\\\/07\\\/Porto-Rico.jpg\",\"keywords\":[\"Lei de Licita\u00e7\u00f5es\",\"MPC-PR\",\"Munic\u00edpio de Porto Rico\",\"Prejulgado n\u00ba 6\",\"Representa\u00e7\u00e3o\",\"TCE-PR\",\"Tribunal Pleno\"],\"articleSection\":[\"Todas as not\u00edcias\"],\"inLanguage\":\"pt-BR\",\"potentialAction\":[{\"@type\":\"CommentAction\",\"name\":\"Comment\",\"target\":[\"https:\\\/\\\/www.mpc.pr.gov.br\\\/index.php\\\/representacao-do-mpc-pr-aponta-irregularidades-na-terceirizacao-de-servicos-de-contabilidade-pelo-municipio-de-porto-rico\\\/#respond\"]}]},{\"@type\":\"WebPage\",\"@id\":\"https:\\\/\\\/www.mpc.pr.gov.br\\\/index.php\\\/representacao-do-mpc-pr-aponta-irregularidades-na-terceirizacao-de-servicos-de-contabilidade-pelo-municipio-de-porto-rico\\\/\",\"url\":\"https:\\\/\\\/www.mpc.pr.gov.br\\\/index.php\\\/representacao-do-mpc-pr-aponta-irregularidades-na-terceirizacao-de-servicos-de-contabilidade-pelo-municipio-de-porto-rico\\\/\",\"name\":\"Representa\u00e7\u00e3o do MPC-PR aponta irregularidades na terceiriza\u00e7\u00e3o de servi\u00e7os de contabilidade pelo Munic\u00edpio de Porto Rico - Minist\u00e9rio P\u00fablico de Contas do Estado do Paran\u00e1\",\"isPartOf\":{\"@id\":\"https:\\\/\\\/www.mpc.pr.gov.br\\\/#website\"},\"primaryImageOfPage\":{\"@id\":\"https:\\\/\\\/www.mpc.pr.gov.br\\\/index.php\\\/representacao-do-mpc-pr-aponta-irregularidades-na-terceirizacao-de-servicos-de-contabilidade-pelo-municipio-de-porto-rico\\\/#primaryimage\"},\"image\":{\"@id\":\"https:\\\/\\\/www.mpc.pr.gov.br\\\/index.php\\\/representacao-do-mpc-pr-aponta-irregularidades-na-terceirizacao-de-servicos-de-contabilidade-pelo-municipio-de-porto-rico\\\/#primaryimage\"},\"thumbnailUrl\":\"https:\\\/\\\/www.mpc.pr.gov.br\\\/wp-content\\\/uploads\\\/2023\\\/07\\\/Porto-Rico.jpg\",\"datePublished\":\"2023-07-26T12:57:32+00:00\",\"dateModified\":\"2023-08-08T12:48:44+00:00\",\"breadcrumb\":{\"@id\":\"https:\\\/\\\/www.mpc.pr.gov.br\\\/index.php\\\/representacao-do-mpc-pr-aponta-irregularidades-na-terceirizacao-de-servicos-de-contabilidade-pelo-municipio-de-porto-rico\\\/#breadcrumb\"},\"inLanguage\":\"pt-BR\",\"potentialAction\":[{\"@type\":\"ReadAction\",\"target\":[\"https:\\\/\\\/www.mpc.pr.gov.br\\\/index.php\\\/representacao-do-mpc-pr-aponta-irregularidades-na-terceirizacao-de-servicos-de-contabilidade-pelo-municipio-de-porto-rico\\\/\"]}]},{\"@type\":\"ImageObject\",\"inLanguage\":\"pt-BR\",\"@id\":\"https:\\\/\\\/www.mpc.pr.gov.br\\\/index.php\\\/representacao-do-mpc-pr-aponta-irregularidades-na-terceirizacao-de-servicos-de-contabilidade-pelo-municipio-de-porto-rico\\\/#primaryimage\",\"url\":\"https:\\\/\\\/www.mpc.pr.gov.br\\\/wp-content\\\/uploads\\\/2023\\\/07\\\/Porto-Rico.jpg\",\"contentUrl\":\"https:\\\/\\\/www.mpc.pr.gov.br\\\/wp-content\\\/uploads\\\/2023\\\/07\\\/Porto-Rico.jpg\",\"width\":640,\"height\":468,\"caption\":\"Vista a\u00e9rea da sede urbana de Porto Rico, munic\u00edpio da Regi\u00e3o Norte do Estado banhado pelo Rio Paran\u00e1. Foto: Divulga\u00e7\u00e3o.\"},{\"@type\":\"BreadcrumbList\",\"@id\":\"https:\\\/\\\/www.mpc.pr.gov.br\\\/index.php\\\/representacao-do-mpc-pr-aponta-irregularidades-na-terceirizacao-de-servicos-de-contabilidade-pelo-municipio-de-porto-rico\\\/#breadcrumb\",\"itemListElement\":[{\"@type\":\"ListItem\",\"position\":1,\"name\":\"In\u00edcio\",\"item\":\"https:\\\/\\\/www.mpc.pr.gov.br\\\/\"},{\"@type\":\"ListItem\",\"position\":2,\"name\":\"Representa\u00e7\u00e3o do MPC-PR aponta irregularidades na terceiriza\u00e7\u00e3o de servi\u00e7os de contabilidade pelo Munic\u00edpio de Porto Rico\"}]},{\"@type\":\"WebSite\",\"@id\":\"https:\\\/\\\/www.mpc.pr.gov.br\\\/#website\",\"url\":\"https:\\\/\\\/www.mpc.pr.gov.br\\\/\",\"name\":\"Minist\u00e9rio P\u00fablico de Contas do Estado do Paran\u00e1\",\"description\":\"\",\"publisher\":{\"@id\":\"https:\\\/\\\/www.mpc.pr.gov.br\\\/#organization\"},\"potentialAction\":[{\"@type\":\"SearchAction\",\"target\":{\"@type\":\"EntryPoint\",\"urlTemplate\":\"https:\\\/\\\/www.mpc.pr.gov.br\\\/?s={search_term_string}\"},\"query-input\":{\"@type\":\"PropertyValueSpecification\",\"valueRequired\":true,\"valueName\":\"search_term_string\"}}],\"inLanguage\":\"pt-BR\"},{\"@type\":\"Organization\",\"@id\":\"https:\\\/\\\/www.mpc.pr.gov.br\\\/#organization\",\"name\":\"Minist\u00e9rio P\u00fablico de Contas do Estado do Paran\u00e1\",\"url\":\"https:\\\/\\\/www.mpc.pr.gov.br\\\/\",\"logo\":{\"@type\":\"ImageObject\",\"inLanguage\":\"pt-BR\",\"@id\":\"https:\\\/\\\/www.mpc.pr.gov.br\\\/#\\\/schema\\\/logo\\\/image\\\/\",\"url\":\"https:\\\/\\\/www.mpc.pr.gov.br\\\/wp-content\\\/uploads\\\/2020\\\/06\\\/99423647_1593460364143890_6706793420720963584_n-1-e1591387983167.png\",\"contentUrl\":\"https:\\\/\\\/www.mpc.pr.gov.br\\\/wp-content\\\/uploads\\\/2020\\\/06\\\/99423647_1593460364143890_6706793420720963584_n-1-e1591387983167.png\",\"width\":243,\"height\":73,\"caption\":\"Minist\u00e9rio P\u00fablico de Contas do Estado do Paran\u00e1\"},\"image\":{\"@id\":\"https:\\\/\\\/www.mpc.pr.gov.br\\\/#\\\/schema\\\/logo\\\/image\\\/\"},\"sameAs\":[\"https:\\\/\\\/www.facebook.com\\\/mpc.pr\",\"https:\\\/\\\/www.instagram.com\\\/mpc.pr\\\/?hl=pt-br\",\"https:\\\/\\\/www.youtube.com\\\/channel\\\/UCHri5oEM8DV0ztX57E0sBSw\"]},{\"@type\":\"Person\",\"@id\":\"https:\\\/\\\/www.mpc.pr.gov.br\\\/#\\\/schema\\\/person\\\/2d83cb8980538d0ec174e8a6284f5e11\",\"name\":\"mpcontaspr\",\"image\":{\"@type\":\"ImageObject\",\"inLanguage\":\"pt-BR\",\"@id\":\"https:\\\/\\\/secure.gravatar.com\\\/avatar\\\/1aef51541db7622e05fd639336c9c9f312c2a618396e2b6ca96846362fc5403f?s=96&d=mm&r=g\",\"url\":\"https:\\\/\\\/secure.gravatar.com\\\/avatar\\\/1aef51541db7622e05fd639336c9c9f312c2a618396e2b6ca96846362fc5403f?s=96&d=mm&r=g\",\"contentUrl\":\"https:\\\/\\\/secure.gravatar.com\\\/avatar\\\/1aef51541db7622e05fd639336c9c9f312c2a618396e2b6ca96846362fc5403f?s=96&d=mm&r=g\",\"caption\":\"mpcontaspr\"},\"sameAs\":[\"http:\\\/\\\/www.mpc.pr.gov.br\"]}]}<\/script>\n<!-- \/ Yoast SEO plugin. -->","yoast_head_json":{"title":"Representa\u00e7\u00e3o do MPC-PR aponta irregularidades na terceiriza\u00e7\u00e3o de servi\u00e7os de contabilidade pelo Munic\u00edpio de Porto Rico - Minist\u00e9rio P\u00fablico de Contas do Estado do Paran\u00e1","robots":{"index":"index","follow":"follow","max-snippet":"max-snippet:-1","max-image-preview":"max-image-preview:large","max-video-preview":"max-video-preview:-1"},"canonical":"https:\/\/www.mpc.pr.gov.br\/index.php\/representacao-do-mpc-pr-aponta-irregularidades-na-terceirizacao-de-servicos-de-contabilidade-pelo-municipio-de-porto-rico\/","og_locale":"pt_BR","og_type":"article","og_title":"Representa\u00e7\u00e3o do MPC-PR aponta irregularidades na terceiriza\u00e7\u00e3o de servi\u00e7os de contabilidade pelo Munic\u00edpio de Porto Rico - Minist\u00e9rio P\u00fablico de Contas do Estado do Paran\u00e1","og_description":"O Pleno do Tribunal de Contas do Estado do Paran\u00e1 (TCE-PR) decidiu por julgar parcialmente procedente o processo de Representa\u00e7\u00e3o instaurado pelo Minist\u00e9rio P\u00fablico de Contas (MPC-PR) em face do Munic\u00edpio de Porto Rico, em raz\u00e3o da ocorr\u00eancia de irregularidades na terceiriza\u00e7\u00e3o de servi\u00e7os de contabilidade, em afronta ao Prejulgado n\u00ba 6.\u00a0 Na inicial, o [&hellip;]","og_url":"https:\/\/www.mpc.pr.gov.br\/index.php\/representacao-do-mpc-pr-aponta-irregularidades-na-terceirizacao-de-servicos-de-contabilidade-pelo-municipio-de-porto-rico\/","og_site_name":"Minist\u00e9rio P\u00fablico de Contas do Estado do Paran\u00e1","article_publisher":"https:\/\/www.facebook.com\/mpc.pr","article_published_time":"2023-07-26T12:57:32+00:00","article_modified_time":"2023-08-08T12:48:44+00:00","og_image":[{"width":640,"height":468,"url":"https:\/\/www.mpc.pr.gov.br\/wp-content\/uploads\/2023\/07\/Porto-Rico.jpg","type":"image\/jpeg"}],"author":"mpcontaspr","twitter_card":"summary_large_image","twitter_misc":{"Escrito por":"mpcontaspr","Est. tempo de leitura":"5 minutos"},"schema":{"@context":"https:\/\/schema.org","@graph":[{"@type":"Article","@id":"https:\/\/www.mpc.pr.gov.br\/index.php\/representacao-do-mpc-pr-aponta-irregularidades-na-terceirizacao-de-servicos-de-contabilidade-pelo-municipio-de-porto-rico\/#article","isPartOf":{"@id":"https:\/\/www.mpc.pr.gov.br\/index.php\/representacao-do-mpc-pr-aponta-irregularidades-na-terceirizacao-de-servicos-de-contabilidade-pelo-municipio-de-porto-rico\/"},"author":{"name":"mpcontaspr","@id":"https:\/\/www.mpc.pr.gov.br\/#\/schema\/person\/2d83cb8980538d0ec174e8a6284f5e11"},"headline":"Representa\u00e7\u00e3o do MPC-PR aponta irregularidades na terceiriza\u00e7\u00e3o de servi\u00e7os de contabilidade pelo Munic\u00edpio de Porto Rico","datePublished":"2023-07-26T12:57:32+00:00","dateModified":"2023-08-08T12:48:44+00:00","mainEntityOfPage":{"@id":"https:\/\/www.mpc.pr.gov.br\/index.php\/representacao-do-mpc-pr-aponta-irregularidades-na-terceirizacao-de-servicos-de-contabilidade-pelo-municipio-de-porto-rico\/"},"wordCount":863,"commentCount":0,"publisher":{"@id":"https:\/\/www.mpc.pr.gov.br\/#organization"},"image":{"@id":"https:\/\/www.mpc.pr.gov.br\/index.php\/representacao-do-mpc-pr-aponta-irregularidades-na-terceirizacao-de-servicos-de-contabilidade-pelo-municipio-de-porto-rico\/#primaryimage"},"thumbnailUrl":"https:\/\/www.mpc.pr.gov.br\/wp-content\/uploads\/2023\/07\/Porto-Rico.jpg","keywords":["Lei de Licita\u00e7\u00f5es","MPC-PR","Munic\u00edpio de Porto Rico","Prejulgado n\u00ba 6","Representa\u00e7\u00e3o","TCE-PR","Tribunal Pleno"],"articleSection":["Todas as not\u00edcias"],"inLanguage":"pt-BR","potentialAction":[{"@type":"CommentAction","name":"Comment","target":["https:\/\/www.mpc.pr.gov.br\/index.php\/representacao-do-mpc-pr-aponta-irregularidades-na-terceirizacao-de-servicos-de-contabilidade-pelo-municipio-de-porto-rico\/#respond"]}]},{"@type":"WebPage","@id":"https:\/\/www.mpc.pr.gov.br\/index.php\/representacao-do-mpc-pr-aponta-irregularidades-na-terceirizacao-de-servicos-de-contabilidade-pelo-municipio-de-porto-rico\/","url":"https:\/\/www.mpc.pr.gov.br\/index.php\/representacao-do-mpc-pr-aponta-irregularidades-na-terceirizacao-de-servicos-de-contabilidade-pelo-municipio-de-porto-rico\/","name":"Representa\u00e7\u00e3o do MPC-PR aponta irregularidades na terceiriza\u00e7\u00e3o de servi\u00e7os de contabilidade pelo Munic\u00edpio de Porto Rico - Minist\u00e9rio P\u00fablico de Contas do Estado do Paran\u00e1","isPartOf":{"@id":"https:\/\/www.mpc.pr.gov.br\/#website"},"primaryImageOfPage":{"@id":"https:\/\/www.mpc.pr.gov.br\/index.php\/representacao-do-mpc-pr-aponta-irregularidades-na-terceirizacao-de-servicos-de-contabilidade-pelo-municipio-de-porto-rico\/#primaryimage"},"image":{"@id":"https:\/\/www.mpc.pr.gov.br\/index.php\/representacao-do-mpc-pr-aponta-irregularidades-na-terceirizacao-de-servicos-de-contabilidade-pelo-municipio-de-porto-rico\/#primaryimage"},"thumbnailUrl":"https:\/\/www.mpc.pr.gov.br\/wp-content\/uploads\/2023\/07\/Porto-Rico.jpg","datePublished":"2023-07-26T12:57:32+00:00","dateModified":"2023-08-08T12:48:44+00:00","breadcrumb":{"@id":"https:\/\/www.mpc.pr.gov.br\/index.php\/representacao-do-mpc-pr-aponta-irregularidades-na-terceirizacao-de-servicos-de-contabilidade-pelo-municipio-de-porto-rico\/#breadcrumb"},"inLanguage":"pt-BR","potentialAction":[{"@type":"ReadAction","target":["https:\/\/www.mpc.pr.gov.br\/index.php\/representacao-do-mpc-pr-aponta-irregularidades-na-terceirizacao-de-servicos-de-contabilidade-pelo-municipio-de-porto-rico\/"]}]},{"@type":"ImageObject","inLanguage":"pt-BR","@id":"https:\/\/www.mpc.pr.gov.br\/index.php\/representacao-do-mpc-pr-aponta-irregularidades-na-terceirizacao-de-servicos-de-contabilidade-pelo-municipio-de-porto-rico\/#primaryimage","url":"https:\/\/www.mpc.pr.gov.br\/wp-content\/uploads\/2023\/07\/Porto-Rico.jpg","contentUrl":"https:\/\/www.mpc.pr.gov.br\/wp-content\/uploads\/2023\/07\/Porto-Rico.jpg","width":640,"height":468,"caption":"Vista a\u00e9rea da sede urbana de Porto Rico, munic\u00edpio da Regi\u00e3o Norte do Estado banhado pelo Rio Paran\u00e1. Foto: Divulga\u00e7\u00e3o."},{"@type":"BreadcrumbList","@id":"https:\/\/www.mpc.pr.gov.br\/index.php\/representacao-do-mpc-pr-aponta-irregularidades-na-terceirizacao-de-servicos-de-contabilidade-pelo-municipio-de-porto-rico\/#breadcrumb","itemListElement":[{"@type":"ListItem","position":1,"name":"In\u00edcio","item":"https:\/\/www.mpc.pr.gov.br\/"},{"@type":"ListItem","position":2,"name":"Representa\u00e7\u00e3o do MPC-PR aponta irregularidades na terceiriza\u00e7\u00e3o de servi\u00e7os de contabilidade pelo Munic\u00edpio de Porto Rico"}]},{"@type":"WebSite","@id":"https:\/\/www.mpc.pr.gov.br\/#website","url":"https:\/\/www.mpc.pr.gov.br\/","name":"Minist\u00e9rio P\u00fablico de Contas do Estado do Paran\u00e1","description":"","publisher":{"@id":"https:\/\/www.mpc.pr.gov.br\/#organization"},"potentialAction":[{"@type":"SearchAction","target":{"@type":"EntryPoint","urlTemplate":"https:\/\/www.mpc.pr.gov.br\/?s={search_term_string}"},"query-input":{"@type":"PropertyValueSpecification","valueRequired":true,"valueName":"search_term_string"}}],"inLanguage":"pt-BR"},{"@type":"Organization","@id":"https:\/\/www.mpc.pr.gov.br\/#organization","name":"Minist\u00e9rio P\u00fablico de Contas do Estado do Paran\u00e1","url":"https:\/\/www.mpc.pr.gov.br\/","logo":{"@type":"ImageObject","inLanguage":"pt-BR","@id":"https:\/\/www.mpc.pr.gov.br\/#\/schema\/logo\/image\/","url":"https:\/\/www.mpc.pr.gov.br\/wp-content\/uploads\/2020\/06\/99423647_1593460364143890_6706793420720963584_n-1-e1591387983167.png","contentUrl":"https:\/\/www.mpc.pr.gov.br\/wp-content\/uploads\/2020\/06\/99423647_1593460364143890_6706793420720963584_n-1-e1591387983167.png","width":243,"height":73,"caption":"Minist\u00e9rio P\u00fablico de Contas do Estado do Paran\u00e1"},"image":{"@id":"https:\/\/www.mpc.pr.gov.br\/#\/schema\/logo\/image\/"},"sameAs":["https:\/\/www.facebook.com\/mpc.pr","https:\/\/www.instagram.com\/mpc.pr\/?hl=pt-br","https:\/\/www.youtube.com\/channel\/UCHri5oEM8DV0ztX57E0sBSw"]},{"@type":"Person","@id":"https:\/\/www.mpc.pr.gov.br\/#\/schema\/person\/2d83cb8980538d0ec174e8a6284f5e11","name":"mpcontaspr","image":{"@type":"ImageObject","inLanguage":"pt-BR","@id":"https:\/\/secure.gravatar.com\/avatar\/1aef51541db7622e05fd639336c9c9f312c2a618396e2b6ca96846362fc5403f?s=96&d=mm&r=g","url":"https:\/\/secure.gravatar.com\/avatar\/1aef51541db7622e05fd639336c9c9f312c2a618396e2b6ca96846362fc5403f?s=96&d=mm&r=g","contentUrl":"https:\/\/secure.gravatar.com\/avatar\/1aef51541db7622e05fd639336c9c9f312c2a618396e2b6ca96846362fc5403f?s=96&d=mm&r=g","caption":"mpcontaspr"},"sameAs":["http:\/\/www.mpc.pr.gov.br"]}]}},"rttpg_featured_image_url":{"full":["https:\/\/www.mpc.pr.gov.br\/wp-content\/uploads\/2023\/07\/Porto-Rico.jpg",640,468,false],"landscape":["https:\/\/www.mpc.pr.gov.br\/wp-content\/uploads\/2023\/07\/Porto-Rico.jpg",640,468,false],"portraits":["https:\/\/www.mpc.pr.gov.br\/wp-content\/uploads\/2023\/07\/Porto-Rico.jpg",640,468,false],"thumbnail":["https:\/\/www.mpc.pr.gov.br\/wp-content\/uploads\/2023\/07\/Porto-Rico-150x150.jpg",150,150,true],"medium":["https:\/\/www.mpc.pr.gov.br\/wp-content\/uploads\/2023\/07\/Porto-Rico-300x219.jpg",300,219,true],"large":["https:\/\/www.mpc.pr.gov.br\/wp-content\/uploads\/2023\/07\/Porto-Rico.jpg",640,468,false],"1536x1536":["https:\/\/www.mpc.pr.gov.br\/wp-content\/uploads\/2023\/07\/Porto-Rico.jpg",640,468,false],"2048x2048":["https:\/\/www.mpc.pr.gov.br\/wp-content\/uploads\/2023\/07\/Porto-Rico.jpg",640,468,false],"ocean-thumb-m":["https:\/\/www.mpc.pr.gov.br\/wp-content\/uploads\/2023\/07\/Porto-Rico-600x468.jpg",600,468,true],"ocean-thumb-ml":["https:\/\/www.mpc.pr.gov.br\/wp-content\/uploads\/2023\/07\/Porto-Rico-640x450.jpg",640,450,true],"ocean-thumb-l":["https:\/\/www.mpc.pr.gov.br\/wp-content\/uploads\/2023\/07\/Porto-Rico.jpg",640,468,false]},"rttpg_author":{"display_name":"mpcontaspr","author_link":"https:\/\/www.mpc.pr.gov.br\/index.php\/author\/mpcontaspr\/"},"rttpg_comment":0,"rttpg_category":"<a href=\"https:\/\/www.mpc.pr.gov.br\/index.php\/category\/todas-as-noticias\/\" rel=\"category tag\">Todas as not\u00edcias<\/a>","rttpg_excerpt":"O Pleno do Tribunal de Contas do Estado do Paran\u00e1 (TCE-PR) decidiu por julgar parcialmente procedente o processo de Representa\u00e7\u00e3o instaurado pelo Minist\u00e9rio P\u00fablico de Contas (MPC-PR) em face do Munic\u00edpio de Porto Rico, em raz\u00e3o da ocorr\u00eancia de irregularidades na terceiriza\u00e7\u00e3o de servi\u00e7os de contabilidade, em afronta ao Prejulgado n\u00ba 6.\u00a0 Na inicial, o&hellip;","_links":{"self":[{"href":"https:\/\/www.mpc.pr.gov.br\/index.php\/wp-json\/wp\/v2\/posts\/16055","targetHints":{"allow":["GET"]}}],"collection":[{"href":"https:\/\/www.mpc.pr.gov.br\/index.php\/wp-json\/wp\/v2\/posts"}],"about":[{"href":"https:\/\/www.mpc.pr.gov.br\/index.php\/wp-json\/wp\/v2\/types\/post"}],"author":[{"embeddable":true,"href":"https:\/\/www.mpc.pr.gov.br\/index.php\/wp-json\/wp\/v2\/users\/1"}],"replies":[{"embeddable":true,"href":"https:\/\/www.mpc.pr.gov.br\/index.php\/wp-json\/wp\/v2\/comments?post=16055"}],"version-history":[{"count":4,"href":"https:\/\/www.mpc.pr.gov.br\/index.php\/wp-json\/wp\/v2\/posts\/16055\/revisions"}],"predecessor-version":[{"id":16078,"href":"https:\/\/www.mpc.pr.gov.br\/index.php\/wp-json\/wp\/v2\/posts\/16055\/revisions\/16078"}],"wp:featuredmedia":[{"embeddable":true,"href":"https:\/\/www.mpc.pr.gov.br\/index.php\/wp-json\/wp\/v2\/media\/16056"}],"wp:attachment":[{"href":"https:\/\/www.mpc.pr.gov.br\/index.php\/wp-json\/wp\/v2\/media?parent=16055"}],"wp:term":[{"taxonomy":"category","embeddable":true,"href":"https:\/\/www.mpc.pr.gov.br\/index.php\/wp-json\/wp\/v2\/categories?post=16055"},{"taxonomy":"post_tag","embeddable":true,"href":"https:\/\/www.mpc.pr.gov.br\/index.php\/wp-json\/wp\/v2\/tags?post=16055"}],"curies":[{"name":"wp","href":"https:\/\/api.w.org\/{rel}","templated":true}]}}