{"id":16097,"date":"2023-08-02T10:18:02","date_gmt":"2023-08-02T13:18:02","guid":{"rendered":"https:\/\/www.mpc.pr.gov.br\/?p=16097"},"modified":"2023-08-16T10:00:46","modified_gmt":"2023-08-16T13:00:46","slug":"contas-de-2014-da-camara-municipal-de-ibipora-sao-julgadas-regulares","status":"publish","type":"post","link":"https:\/\/www.mpc.pr.gov.br\/index.php\/contas-de-2014-da-camara-municipal-de-ibipora-sao-julgadas-regulares\/","title":{"rendered":"Contas de 2014 da C\u00e2mara Municipal de Ibipor\u00e3 s\u00e3o julgadas regulares"},"content":{"rendered":"<figure id=\"attachment_16098\" aria-describedby=\"caption-attachment-16098\" style=\"width: 300px\" class=\"wp-caption alignleft\"><img fetchpriority=\"high\" decoding=\"async\" class=\"size-medium wp-image-16098\" src=\"https:\/\/www.mpc.pr.gov.br\/wp-content\/uploads\/2023\/08\/Ibipora-300x214.jpg\" alt=\"\" width=\"300\" height=\"214\" srcset=\"https:\/\/www.mpc.pr.gov.br\/wp-content\/uploads\/2023\/08\/Ibipora-300x214.jpg 300w, https:\/\/www.mpc.pr.gov.br\/wp-content\/uploads\/2023\/08\/Ibipora.jpg 467w\" sizes=\"(max-width: 300px) 100vw, 300px\" \/><figcaption id=\"caption-attachment-16098\" class=\"wp-caption-text\">Vista a\u00e9rea da cidade de Ibipor\u00e3 &#8211; PR Data: 11\/2009. Foto\/Divulga\u00e7\u00e3o: Ernesto Reghran<\/figcaption><\/figure>\n<p><span data-contrast=\"auto\">A C\u00e2mara Municipal de Ibipor\u00e3 teve suas contas do exerc\u00edcio financeiro de 2014 aprovadas pela Primeira C\u00e2mara do Tribunal de Contas do Estado (TCE-PR). A decis\u00e3o acompanhou a manifesta\u00e7\u00e3o do Minist\u00e9rio P\u00fablico de Contas do Paran\u00e1 (MPC-PR), que opinou pela regularidade das contas, sem aposi\u00e7\u00e3o de ressalvas.<\/span><\/p>\n<p><span data-contrast=\"auto\">Inicialmente, durante a fase instrutiva do processo, foram apontadas irregularidades que indicavam previamente um cen\u00e1rio pela desaprova\u00e7\u00e3o das contas, tendo em vista a exist\u00eancia de conta banc\u00e1ria com diverg\u00eancia de saldo n\u00e3o comprovada. Em defesa, a atual Presidente da C\u00e2mara Municipal de Ibipor\u00e3 informou que as impropriedades citadas ocorreram, por\u00e9m, remetem a fatos ocorridos na gest\u00e3o anterior (2011 &#8211; 2014), pelo desvio de verbas e falsifica\u00e7\u00e3o de extratos pelo antigo Diretor de Secretaria e Contador efetivo da C\u00e2mara. <\/span><span data-ccp-props=\"{&quot;201341983&quot;:0,&quot;335551550&quot;:6,&quot;335551620&quot;:6,&quot;335559739&quot;:160,&quot;335559740&quot;:360}\">\u00a0<\/span><\/p>\n<h4><b><span data-contrast=\"auto\">Desdobramentos<\/span><\/b><span data-ccp-props=\"{&quot;134233117&quot;:false,&quot;134233118&quot;:false,&quot;201341983&quot;:0,&quot;335551550&quot;:6,&quot;335551620&quot;:6,&quot;335559685&quot;:0,&quot;335559737&quot;:0,&quot;335559738&quot;:0,&quot;335559739&quot;:160,&quot;335559740&quot;:360}\">\u00a0<\/span><\/h4>\n<p><span data-contrast=\"auto\">Aberto o prazo para contradit\u00f3rio e ampla defesa, a gestora municipal informou que as condutas de Walter Santana da Silva e \u00canio Gomes Toledo, os quais ocupavam os cargos de Diretor de Secretaria e Contador efetivo da C\u00e2mara, passaram por processo administrativo disciplinar, sendo adotadas todas as medidas necess\u00e1rias para o saneamento das impropriedades e recupera\u00e7\u00e3o das verbas p\u00fablicas, al\u00e9m do envio de comunica\u00e7\u00e3o ao Minist\u00e9rio P\u00fablico Estadual (MPPR) e Tribunal de Contas para as provid\u00eancias que forem cab\u00edveis.<\/span><span data-ccp-props=\"{&quot;201341983&quot;:0,&quot;335551550&quot;:6,&quot;335551620&quot;:6,&quot;335559739&quot;:160,&quot;335559740&quot;:360}\">\u00a0<\/span><\/p>\n<p><span data-contrast=\"auto\">Em seguida, o relator determinou o sobrestamento do processo at\u00e9 que fosse julgado o m\u00e9rito da\u00a0 Tomada de Contas Extraordin\u00e1ria n\u00ba 272958\/15, que se originou devido a Relat\u00f3rio de Inspe\u00e7\u00e3o do qual foram apontados cinco achados e onze respons\u00e1veis por irregularidades cometidas na C\u00e2mara Municipal de Ibipor\u00e3. <\/span><span data-contrast=\"auto\">A\u00a0 Tomada de Contas foi julgada nos termos do <a href=\"https:\/\/www.mpc.pr.gov.br\/wp-content\/uploads\/2023\/08\/Camara-Municipal-de-Ibipora-Acordao-1781-22-TP.pdf\">Ac\u00f3rd\u00e3o n\u00ba 1781\/2022 do Tribunal Pleno<\/a>, em que se decidiu pela irregularidade das condutas do ex-Diretor de Secretaria em rela\u00e7\u00e3o aos Achados n\u00ba 4 e 5, considerando-o respons\u00e1vel pelos desvios de recursos p\u00fablicos e atos fraudulentos perpetrados no ente municipal nos exerc\u00edcios de 2011 a 2014. <\/span><span data-ccp-props=\"{&quot;134233117&quot;:false,&quot;134233118&quot;:false,&quot;201341983&quot;:0,&quot;335551550&quot;:6,&quot;335551620&quot;:6,&quot;335559685&quot;:0,&quot;335559737&quot;:0,&quot;335559738&quot;:0,&quot;335559739&quot;:160,&quot;335559740&quot;:360}\">\u00a0<\/span><\/p>\n<h4><b><span data-contrast=\"auto\">Instru\u00e7\u00e3o e julgamento<\/span><\/b><span data-ccp-props=\"{&quot;134233117&quot;:false,&quot;134233118&quot;:false,&quot;201341983&quot;:0,&quot;335551550&quot;:6,&quot;335551620&quot;:6,&quot;335559685&quot;:0,&quot;335559737&quot;:0,&quot;335559738&quot;:0,&quot;335559739&quot;:160,&quot;335559740&quot;:360}\">\u00a0<\/span><\/h4>\n<p><span data-contrast=\"auto\">Retomada a tramita\u00e7\u00e3o do processo de Presta\u00e7\u00e3o de Contas da C\u00e2mara de Ibipor\u00e3, a Coordenadoria de Gest\u00e3o Municipal (CGM) opinou conclusivamente pela regularidade com ressalvas das contas, considerando que as justificativas apresentadas foram suficientes para afastar as irregularidades indicadas inicialmente, em conformidade com a decis\u00e3o contida no Ac\u00f3rd\u00e3o n\u00ba 1781\/22.<\/span><span data-ccp-props=\"{&quot;134233117&quot;:false,&quot;134233118&quot;:false,&quot;201341983&quot;:0,&quot;335551550&quot;:6,&quot;335551620&quot;:6,&quot;335559685&quot;:0,&quot;335559737&quot;:0,&quot;335559738&quot;:0,&quot;335559739&quot;:160,&quot;335559740&quot;:360}\">\u00a0<\/span><\/p>\n<p><span data-contrast=\"auto\">Por sua vez, o Minist\u00e9rio P\u00fablico de Contas <\/span><span data-contrast=\"auto\">acompanhou a unidade instrutiva quanto \u00e0 regularidade das contas (<a href=\"https:\/\/www.mpc.pr.gov.br\/wp-content\/uploads\/2023\/08\/Camara-Municipal-de-Ibipora-Parecer-Ministerial-1-23.pdf\">Parecer n\u00b0 1\/23<\/a>), divergindo apenas no que diz respeito \u00e0 aposi\u00e7\u00e3o de ressalvas, uma vez que as impropriedades verificadas nos autos foram reconhecidas como de responsabilidade do ent\u00e3o Diretor de Secretaria da C\u00e2mara, isentando a atual Presidente.\u00a0<\/span><\/p>\n<p><span data-contrast=\"auto\">Em sede de julgamento, o relator Conselheiro Jose Durval Mattos do Amaral mencionou que, apesar do contexto que envolveu a Presta\u00e7\u00e3o de Contas, durante a instru\u00e7\u00e3o processual n\u00e3o foram encontradas quaisquer restri\u00e7\u00f5es que impedissem a aprova\u00e7\u00e3o das demonstra\u00e7\u00f5es da execu\u00e7\u00e3o or\u00e7ament\u00e1ria, financeira e patrimonial pela C\u00e2mara Municipal de Ibipor\u00e3 durante o per\u00edodo abrangido pelo processo.<\/span><span data-ccp-props=\"{&quot;134233117&quot;:false,&quot;134233118&quot;:false,&quot;201341983&quot;:0,&quot;335551550&quot;:6,&quot;335551620&quot;:6,&quot;335559685&quot;:0,&quot;335559737&quot;:0,&quot;335559738&quot;:0,&quot;335559739&quot;:160,&quot;335559740&quot;:360}\">\u00a0<\/span><span data-contrast=\"auto\">Quanto a diverg\u00eancia em rela\u00e7\u00e3o \u00e0s ressalvas sugeridas pela unidade t\u00e9cnica, das quais o MPC-PR discordou, o relator acompanhou o voto ministerial em julgar pela regularidade das contas, sem aposi\u00e7\u00e3o de ressalvas, visto que as impropriedades verificadas nos autos n\u00e3o tiveram por causa atos da gestora respons\u00e1vel pelas contas, sendo inexistente o nexo de causalidade entre a conduta da gestora e as falhas objeto das ressalvas.<\/span><\/p>\n<p><span data-contrast=\"auto\">Desta forma, os membros da Primeira C\u00e2mara do TCE-PR, votaram, por unanimidade, em julgar regulares as contas relativas ao exerc\u00edcio de 2014 da C\u00e2mara Municipal de Ibipor\u00e3, conforme fundamenta\u00e7\u00e3o contida no <a href=\"https:\/\/www.mpc.pr.gov.br\/wp-content\/uploads\/2023\/08\/Camara-Municipal-de-Ibipora-Acordao-1995-23-S1C.pdf\">Ac\u00f3rd\u00e3o n\u00ba 1995\/23<\/a>.<\/span><\/p>\n<blockquote>\n<h4><span style=\"color: #820007;\"><strong><u>Informa\u00e7\u00e3o para consulta processual<\/u><\/strong><\/span><\/h4>\n<table style=\"height: 123px;\" border=\"0\" width=\"469\" cellspacing=\"0\" cellpadding=\"0\">\n<tbody>\n<tr>\n<td><strong>Processo n\u00ba<\/strong>:<\/td>\n<td>267407\/15<\/td>\n<\/tr>\n<tr>\n<td><strong>Ac\u00f3rd\u00e3o n\u00ba<\/strong>:<\/td>\n<td>1995\/2023 &#8211; Tribunal Pleno<\/td>\n<\/tr>\n<tr>\n<td><strong>Assunto<\/strong>:<\/td>\n<td>Presta\u00e7\u00e3o de Contas da C\u00e2mara Municipal<\/td>\n<\/tr>\n<tr>\n<td><strong>Entidade<\/strong>:<\/td>\n<td>C\u00e2mara Municipal de Ibipor\u00e3<\/td>\n<\/tr>\n<tr>\n<td><strong>Relator<\/strong>:<\/td>\n<td>Conselheiro <span data-contrast=\"auto\">Jose Durval Mattos do Amaral<\/span><\/td>\n<\/tr>\n<\/tbody>\n<\/table>\n<\/blockquote>\n","protected":false},"excerpt":{"rendered":"<p>A C\u00e2mara Municipal de Ibipor\u00e3 teve suas contas do exerc\u00edcio financeiro de 2014 aprovadas pela Primeira C\u00e2mara do Tribunal de Contas do Estado (TCE-PR). A decis\u00e3o acompanhou a manifesta\u00e7\u00e3o do Minist\u00e9rio P\u00fablico de Contas do Paran\u00e1 (MPC-PR), que opinou pela regularidade das contas, sem aposi\u00e7\u00e3o de ressalvas. Inicialmente, durante a fase instrutiva do processo, foram [&hellip;]<\/p>\n","protected":false},"author":1,"featured_media":16098,"comment_status":"open","ping_status":"open","sticky":false,"template":"","format":"standard","meta":{"_monsterinsights_skip_tracking":false,"_monsterinsights_sitenote_active":false,"_monsterinsights_sitenote_note":"","_monsterinsights_sitenote_category":0,"footnotes":""},"categories":[7],"tags":[441,13,51,39,71],"class_list":["post-16097","post","type-post","status-publish","format-standard","has-post-thumbnail","hentry","category-todas-as-noticias","tag-ibipora","tag-mpc-pr","tag-prestacao-de-contas","tag-tce-pr","tag-tribunal-pleno","entry","has-media"],"yoast_head":"<!-- This site is optimized with the Yoast SEO plugin v27.3 - https:\/\/yoast.com\/product\/yoast-seo-wordpress\/ -->\n<title>Contas de 2014 da C\u00e2mara Municipal de Ibipor\u00e3 s\u00e3o julgadas regulares - Minist\u00e9rio P\u00fablico de Contas do Estado do Paran\u00e1<\/title>\n<meta name=\"robots\" content=\"index, follow, max-snippet:-1, max-image-preview:large, max-video-preview:-1\" \/>\n<link rel=\"canonical\" href=\"https:\/\/www.mpc.pr.gov.br\/index.php\/contas-de-2014-da-camara-municipal-de-ibipora-sao-julgadas-regulares\/\" \/>\n<meta property=\"og:locale\" content=\"pt_BR\" \/>\n<meta property=\"og:type\" content=\"article\" \/>\n<meta property=\"og:title\" content=\"Contas de 2014 da C\u00e2mara Municipal de Ibipor\u00e3 s\u00e3o julgadas regulares - Minist\u00e9rio P\u00fablico de Contas do Estado do Paran\u00e1\" \/>\n<meta property=\"og:description\" content=\"A C\u00e2mara Municipal de Ibipor\u00e3 teve suas contas do exerc\u00edcio financeiro de 2014 aprovadas pela Primeira C\u00e2mara do Tribunal de Contas do Estado (TCE-PR). A decis\u00e3o acompanhou a manifesta\u00e7\u00e3o do Minist\u00e9rio P\u00fablico de Contas do Paran\u00e1 (MPC-PR), que opinou pela regularidade das contas, sem aposi\u00e7\u00e3o de ressalvas. Inicialmente, durante a fase instrutiva do processo, foram [&hellip;]\" \/>\n<meta property=\"og:url\" content=\"https:\/\/www.mpc.pr.gov.br\/index.php\/contas-de-2014-da-camara-municipal-de-ibipora-sao-julgadas-regulares\/\" \/>\n<meta property=\"og:site_name\" content=\"Minist\u00e9rio P\u00fablico de Contas do Estado do Paran\u00e1\" \/>\n<meta property=\"article:publisher\" content=\"https:\/\/www.facebook.com\/mpc.pr\" \/>\n<meta property=\"article:published_time\" content=\"2023-08-02T13:18:02+00:00\" \/>\n<meta property=\"article:modified_time\" content=\"2023-08-16T13:00:46+00:00\" \/>\n<meta property=\"og:image\" content=\"https:\/\/www.mpc.pr.gov.br\/wp-content\/uploads\/2023\/08\/Ibipora.jpg\" \/>\n\t<meta property=\"og:image:width\" content=\"467\" \/>\n\t<meta property=\"og:image:height\" content=\"333\" \/>\n\t<meta property=\"og:image:type\" content=\"image\/jpeg\" \/>\n<meta name=\"author\" content=\"mpcontaspr\" \/>\n<meta name=\"twitter:card\" content=\"summary_large_image\" \/>\n<meta name=\"twitter:label1\" content=\"Escrito por\" \/>\n\t<meta name=\"twitter:data1\" content=\"mpcontaspr\" \/>\n\t<meta name=\"twitter:label2\" content=\"Est. tempo de leitura\" \/>\n\t<meta name=\"twitter:data2\" content=\"4 minutos\" \/>\n<script type=\"application\/ld+json\" class=\"yoast-schema-graph\">{\"@context\":\"https:\\\/\\\/schema.org\",\"@graph\":[{\"@type\":\"Article\",\"@id\":\"https:\\\/\\\/www.mpc.pr.gov.br\\\/index.php\\\/contas-de-2014-da-camara-municipal-de-ibipora-sao-julgadas-regulares\\\/#article\",\"isPartOf\":{\"@id\":\"https:\\\/\\\/www.mpc.pr.gov.br\\\/index.php\\\/contas-de-2014-da-camara-municipal-de-ibipora-sao-julgadas-regulares\\\/\"},\"author\":{\"name\":\"mpcontaspr\",\"@id\":\"https:\\\/\\\/www.mpc.pr.gov.br\\\/#\\\/schema\\\/person\\\/2d83cb8980538d0ec174e8a6284f5e11\"},\"headline\":\"Contas de 2014 da C\u00e2mara Municipal de Ibipor\u00e3 s\u00e3o julgadas regulares\",\"datePublished\":\"2023-08-02T13:18:02+00:00\",\"dateModified\":\"2023-08-16T13:00:46+00:00\",\"mainEntityOfPage\":{\"@id\":\"https:\\\/\\\/www.mpc.pr.gov.br\\\/index.php\\\/contas-de-2014-da-camara-municipal-de-ibipora-sao-julgadas-regulares\\\/\"},\"wordCount\":702,\"commentCount\":0,\"publisher\":{\"@id\":\"https:\\\/\\\/www.mpc.pr.gov.br\\\/#organization\"},\"image\":{\"@id\":\"https:\\\/\\\/www.mpc.pr.gov.br\\\/index.php\\\/contas-de-2014-da-camara-municipal-de-ibipora-sao-julgadas-regulares\\\/#primaryimage\"},\"thumbnailUrl\":\"https:\\\/\\\/www.mpc.pr.gov.br\\\/wp-content\\\/uploads\\\/2023\\\/08\\\/Ibipora.jpg\",\"keywords\":[\"Ibipor\u00e3\",\"MPC-PR\",\"Presta\u00e7\u00e3o de Contas\",\"TCE-PR\",\"Tribunal Pleno\"],\"articleSection\":[\"Todas as not\u00edcias\"],\"inLanguage\":\"pt-BR\",\"potentialAction\":[{\"@type\":\"CommentAction\",\"name\":\"Comment\",\"target\":[\"https:\\\/\\\/www.mpc.pr.gov.br\\\/index.php\\\/contas-de-2014-da-camara-municipal-de-ibipora-sao-julgadas-regulares\\\/#respond\"]}]},{\"@type\":\"WebPage\",\"@id\":\"https:\\\/\\\/www.mpc.pr.gov.br\\\/index.php\\\/contas-de-2014-da-camara-municipal-de-ibipora-sao-julgadas-regulares\\\/\",\"url\":\"https:\\\/\\\/www.mpc.pr.gov.br\\\/index.php\\\/contas-de-2014-da-camara-municipal-de-ibipora-sao-julgadas-regulares\\\/\",\"name\":\"Contas de 2014 da C\u00e2mara Municipal de Ibipor\u00e3 s\u00e3o julgadas regulares - Minist\u00e9rio P\u00fablico de Contas do Estado do Paran\u00e1\",\"isPartOf\":{\"@id\":\"https:\\\/\\\/www.mpc.pr.gov.br\\\/#website\"},\"primaryImageOfPage\":{\"@id\":\"https:\\\/\\\/www.mpc.pr.gov.br\\\/index.php\\\/contas-de-2014-da-camara-municipal-de-ibipora-sao-julgadas-regulares\\\/#primaryimage\"},\"image\":{\"@id\":\"https:\\\/\\\/www.mpc.pr.gov.br\\\/index.php\\\/contas-de-2014-da-camara-municipal-de-ibipora-sao-julgadas-regulares\\\/#primaryimage\"},\"thumbnailUrl\":\"https:\\\/\\\/www.mpc.pr.gov.br\\\/wp-content\\\/uploads\\\/2023\\\/08\\\/Ibipora.jpg\",\"datePublished\":\"2023-08-02T13:18:02+00:00\",\"dateModified\":\"2023-08-16T13:00:46+00:00\",\"breadcrumb\":{\"@id\":\"https:\\\/\\\/www.mpc.pr.gov.br\\\/index.php\\\/contas-de-2014-da-camara-municipal-de-ibipora-sao-julgadas-regulares\\\/#breadcrumb\"},\"inLanguage\":\"pt-BR\",\"potentialAction\":[{\"@type\":\"ReadAction\",\"target\":[\"https:\\\/\\\/www.mpc.pr.gov.br\\\/index.php\\\/contas-de-2014-da-camara-municipal-de-ibipora-sao-julgadas-regulares\\\/\"]}]},{\"@type\":\"ImageObject\",\"inLanguage\":\"pt-BR\",\"@id\":\"https:\\\/\\\/www.mpc.pr.gov.br\\\/index.php\\\/contas-de-2014-da-camara-municipal-de-ibipora-sao-julgadas-regulares\\\/#primaryimage\",\"url\":\"https:\\\/\\\/www.mpc.pr.gov.br\\\/wp-content\\\/uploads\\\/2023\\\/08\\\/Ibipora.jpg\",\"contentUrl\":\"https:\\\/\\\/www.mpc.pr.gov.br\\\/wp-content\\\/uploads\\\/2023\\\/08\\\/Ibipora.jpg\",\"width\":467,\"height\":333,\"caption\":\"Vista a\u00e9rea da cidade de Ibipor\u00e3 - norte do Paran\u00e1 Local: Ibipor\u00e3 - PR Data: 11\\\/2009 Tombo: 09ER250 Autor: Ernesto Reghran\"},{\"@type\":\"BreadcrumbList\",\"@id\":\"https:\\\/\\\/www.mpc.pr.gov.br\\\/index.php\\\/contas-de-2014-da-camara-municipal-de-ibipora-sao-julgadas-regulares\\\/#breadcrumb\",\"itemListElement\":[{\"@type\":\"ListItem\",\"position\":1,\"name\":\"In\u00edcio\",\"item\":\"https:\\\/\\\/www.mpc.pr.gov.br\\\/\"},{\"@type\":\"ListItem\",\"position\":2,\"name\":\"Contas de 2014 da C\u00e2mara Municipal de Ibipor\u00e3 s\u00e3o julgadas regulares\"}]},{\"@type\":\"WebSite\",\"@id\":\"https:\\\/\\\/www.mpc.pr.gov.br\\\/#website\",\"url\":\"https:\\\/\\\/www.mpc.pr.gov.br\\\/\",\"name\":\"Minist\u00e9rio P\u00fablico de Contas do Estado do Paran\u00e1\",\"description\":\"\",\"publisher\":{\"@id\":\"https:\\\/\\\/www.mpc.pr.gov.br\\\/#organization\"},\"potentialAction\":[{\"@type\":\"SearchAction\",\"target\":{\"@type\":\"EntryPoint\",\"urlTemplate\":\"https:\\\/\\\/www.mpc.pr.gov.br\\\/?s={search_term_string}\"},\"query-input\":{\"@type\":\"PropertyValueSpecification\",\"valueRequired\":true,\"valueName\":\"search_term_string\"}}],\"inLanguage\":\"pt-BR\"},{\"@type\":\"Organization\",\"@id\":\"https:\\\/\\\/www.mpc.pr.gov.br\\\/#organization\",\"name\":\"Minist\u00e9rio P\u00fablico de Contas do Estado do Paran\u00e1\",\"url\":\"https:\\\/\\\/www.mpc.pr.gov.br\\\/\",\"logo\":{\"@type\":\"ImageObject\",\"inLanguage\":\"pt-BR\",\"@id\":\"https:\\\/\\\/www.mpc.pr.gov.br\\\/#\\\/schema\\\/logo\\\/image\\\/\",\"url\":\"https:\\\/\\\/www.mpc.pr.gov.br\\\/wp-content\\\/uploads\\\/2020\\\/06\\\/99423647_1593460364143890_6706793420720963584_n-1-e1591387983167.png\",\"contentUrl\":\"https:\\\/\\\/www.mpc.pr.gov.br\\\/wp-content\\\/uploads\\\/2020\\\/06\\\/99423647_1593460364143890_6706793420720963584_n-1-e1591387983167.png\",\"width\":243,\"height\":73,\"caption\":\"Minist\u00e9rio P\u00fablico de Contas do Estado do Paran\u00e1\"},\"image\":{\"@id\":\"https:\\\/\\\/www.mpc.pr.gov.br\\\/#\\\/schema\\\/logo\\\/image\\\/\"},\"sameAs\":[\"https:\\\/\\\/www.facebook.com\\\/mpc.pr\",\"https:\\\/\\\/www.instagram.com\\\/mpc.pr\\\/?hl=pt-br\",\"https:\\\/\\\/www.youtube.com\\\/channel\\\/UCHri5oEM8DV0ztX57E0sBSw\"]},{\"@type\":\"Person\",\"@id\":\"https:\\\/\\\/www.mpc.pr.gov.br\\\/#\\\/schema\\\/person\\\/2d83cb8980538d0ec174e8a6284f5e11\",\"name\":\"mpcontaspr\",\"image\":{\"@type\":\"ImageObject\",\"inLanguage\":\"pt-BR\",\"@id\":\"https:\\\/\\\/secure.gravatar.com\\\/avatar\\\/1aef51541db7622e05fd639336c9c9f312c2a618396e2b6ca96846362fc5403f?s=96&d=mm&r=g\",\"url\":\"https:\\\/\\\/secure.gravatar.com\\\/avatar\\\/1aef51541db7622e05fd639336c9c9f312c2a618396e2b6ca96846362fc5403f?s=96&d=mm&r=g\",\"contentUrl\":\"https:\\\/\\\/secure.gravatar.com\\\/avatar\\\/1aef51541db7622e05fd639336c9c9f312c2a618396e2b6ca96846362fc5403f?s=96&d=mm&r=g\",\"caption\":\"mpcontaspr\"},\"sameAs\":[\"http:\\\/\\\/www.mpc.pr.gov.br\"]}]}<\/script>\n<!-- \/ Yoast SEO plugin. -->","yoast_head_json":{"title":"Contas de 2014 da C\u00e2mara Municipal de Ibipor\u00e3 s\u00e3o julgadas regulares - Minist\u00e9rio P\u00fablico de Contas do Estado do Paran\u00e1","robots":{"index":"index","follow":"follow","max-snippet":"max-snippet:-1","max-image-preview":"max-image-preview:large","max-video-preview":"max-video-preview:-1"},"canonical":"https:\/\/www.mpc.pr.gov.br\/index.php\/contas-de-2014-da-camara-municipal-de-ibipora-sao-julgadas-regulares\/","og_locale":"pt_BR","og_type":"article","og_title":"Contas de 2014 da C\u00e2mara Municipal de Ibipor\u00e3 s\u00e3o julgadas regulares - Minist\u00e9rio P\u00fablico de Contas do Estado do Paran\u00e1","og_description":"A C\u00e2mara Municipal de Ibipor\u00e3 teve suas contas do exerc\u00edcio financeiro de 2014 aprovadas pela Primeira C\u00e2mara do Tribunal de Contas do Estado (TCE-PR). A decis\u00e3o acompanhou a manifesta\u00e7\u00e3o do Minist\u00e9rio P\u00fablico de Contas do Paran\u00e1 (MPC-PR), que opinou pela regularidade das contas, sem aposi\u00e7\u00e3o de ressalvas. Inicialmente, durante a fase instrutiva do processo, foram [&hellip;]","og_url":"https:\/\/www.mpc.pr.gov.br\/index.php\/contas-de-2014-da-camara-municipal-de-ibipora-sao-julgadas-regulares\/","og_site_name":"Minist\u00e9rio P\u00fablico de Contas do Estado do Paran\u00e1","article_publisher":"https:\/\/www.facebook.com\/mpc.pr","article_published_time":"2023-08-02T13:18:02+00:00","article_modified_time":"2023-08-16T13:00:46+00:00","og_image":[{"width":467,"height":333,"url":"https:\/\/www.mpc.pr.gov.br\/wp-content\/uploads\/2023\/08\/Ibipora.jpg","type":"image\/jpeg"}],"author":"mpcontaspr","twitter_card":"summary_large_image","twitter_misc":{"Escrito por":"mpcontaspr","Est. tempo de leitura":"4 minutos"},"schema":{"@context":"https:\/\/schema.org","@graph":[{"@type":"Article","@id":"https:\/\/www.mpc.pr.gov.br\/index.php\/contas-de-2014-da-camara-municipal-de-ibipora-sao-julgadas-regulares\/#article","isPartOf":{"@id":"https:\/\/www.mpc.pr.gov.br\/index.php\/contas-de-2014-da-camara-municipal-de-ibipora-sao-julgadas-regulares\/"},"author":{"name":"mpcontaspr","@id":"https:\/\/www.mpc.pr.gov.br\/#\/schema\/person\/2d83cb8980538d0ec174e8a6284f5e11"},"headline":"Contas de 2014 da C\u00e2mara Municipal de Ibipor\u00e3 s\u00e3o julgadas regulares","datePublished":"2023-08-02T13:18:02+00:00","dateModified":"2023-08-16T13:00:46+00:00","mainEntityOfPage":{"@id":"https:\/\/www.mpc.pr.gov.br\/index.php\/contas-de-2014-da-camara-municipal-de-ibipora-sao-julgadas-regulares\/"},"wordCount":702,"commentCount":0,"publisher":{"@id":"https:\/\/www.mpc.pr.gov.br\/#organization"},"image":{"@id":"https:\/\/www.mpc.pr.gov.br\/index.php\/contas-de-2014-da-camara-municipal-de-ibipora-sao-julgadas-regulares\/#primaryimage"},"thumbnailUrl":"https:\/\/www.mpc.pr.gov.br\/wp-content\/uploads\/2023\/08\/Ibipora.jpg","keywords":["Ibipor\u00e3","MPC-PR","Presta\u00e7\u00e3o de Contas","TCE-PR","Tribunal Pleno"],"articleSection":["Todas as not\u00edcias"],"inLanguage":"pt-BR","potentialAction":[{"@type":"CommentAction","name":"Comment","target":["https:\/\/www.mpc.pr.gov.br\/index.php\/contas-de-2014-da-camara-municipal-de-ibipora-sao-julgadas-regulares\/#respond"]}]},{"@type":"WebPage","@id":"https:\/\/www.mpc.pr.gov.br\/index.php\/contas-de-2014-da-camara-municipal-de-ibipora-sao-julgadas-regulares\/","url":"https:\/\/www.mpc.pr.gov.br\/index.php\/contas-de-2014-da-camara-municipal-de-ibipora-sao-julgadas-regulares\/","name":"Contas de 2014 da C\u00e2mara Municipal de Ibipor\u00e3 s\u00e3o julgadas regulares - Minist\u00e9rio P\u00fablico de Contas do Estado do Paran\u00e1","isPartOf":{"@id":"https:\/\/www.mpc.pr.gov.br\/#website"},"primaryImageOfPage":{"@id":"https:\/\/www.mpc.pr.gov.br\/index.php\/contas-de-2014-da-camara-municipal-de-ibipora-sao-julgadas-regulares\/#primaryimage"},"image":{"@id":"https:\/\/www.mpc.pr.gov.br\/index.php\/contas-de-2014-da-camara-municipal-de-ibipora-sao-julgadas-regulares\/#primaryimage"},"thumbnailUrl":"https:\/\/www.mpc.pr.gov.br\/wp-content\/uploads\/2023\/08\/Ibipora.jpg","datePublished":"2023-08-02T13:18:02+00:00","dateModified":"2023-08-16T13:00:46+00:00","breadcrumb":{"@id":"https:\/\/www.mpc.pr.gov.br\/index.php\/contas-de-2014-da-camara-municipal-de-ibipora-sao-julgadas-regulares\/#breadcrumb"},"inLanguage":"pt-BR","potentialAction":[{"@type":"ReadAction","target":["https:\/\/www.mpc.pr.gov.br\/index.php\/contas-de-2014-da-camara-municipal-de-ibipora-sao-julgadas-regulares\/"]}]},{"@type":"ImageObject","inLanguage":"pt-BR","@id":"https:\/\/www.mpc.pr.gov.br\/index.php\/contas-de-2014-da-camara-municipal-de-ibipora-sao-julgadas-regulares\/#primaryimage","url":"https:\/\/www.mpc.pr.gov.br\/wp-content\/uploads\/2023\/08\/Ibipora.jpg","contentUrl":"https:\/\/www.mpc.pr.gov.br\/wp-content\/uploads\/2023\/08\/Ibipora.jpg","width":467,"height":333,"caption":"Vista a\u00e9rea da cidade de Ibipor\u00e3 - norte do Paran\u00e1 Local: Ibipor\u00e3 - PR Data: 11\/2009 Tombo: 09ER250 Autor: Ernesto Reghran"},{"@type":"BreadcrumbList","@id":"https:\/\/www.mpc.pr.gov.br\/index.php\/contas-de-2014-da-camara-municipal-de-ibipora-sao-julgadas-regulares\/#breadcrumb","itemListElement":[{"@type":"ListItem","position":1,"name":"In\u00edcio","item":"https:\/\/www.mpc.pr.gov.br\/"},{"@type":"ListItem","position":2,"name":"Contas de 2014 da C\u00e2mara Municipal de Ibipor\u00e3 s\u00e3o julgadas regulares"}]},{"@type":"WebSite","@id":"https:\/\/www.mpc.pr.gov.br\/#website","url":"https:\/\/www.mpc.pr.gov.br\/","name":"Minist\u00e9rio P\u00fablico de Contas do Estado do Paran\u00e1","description":"","publisher":{"@id":"https:\/\/www.mpc.pr.gov.br\/#organization"},"potentialAction":[{"@type":"SearchAction","target":{"@type":"EntryPoint","urlTemplate":"https:\/\/www.mpc.pr.gov.br\/?s={search_term_string}"},"query-input":{"@type":"PropertyValueSpecification","valueRequired":true,"valueName":"search_term_string"}}],"inLanguage":"pt-BR"},{"@type":"Organization","@id":"https:\/\/www.mpc.pr.gov.br\/#organization","name":"Minist\u00e9rio P\u00fablico de Contas do Estado do Paran\u00e1","url":"https:\/\/www.mpc.pr.gov.br\/","logo":{"@type":"ImageObject","inLanguage":"pt-BR","@id":"https:\/\/www.mpc.pr.gov.br\/#\/schema\/logo\/image\/","url":"https:\/\/www.mpc.pr.gov.br\/wp-content\/uploads\/2020\/06\/99423647_1593460364143890_6706793420720963584_n-1-e1591387983167.png","contentUrl":"https:\/\/www.mpc.pr.gov.br\/wp-content\/uploads\/2020\/06\/99423647_1593460364143890_6706793420720963584_n-1-e1591387983167.png","width":243,"height":73,"caption":"Minist\u00e9rio P\u00fablico de Contas do Estado do Paran\u00e1"},"image":{"@id":"https:\/\/www.mpc.pr.gov.br\/#\/schema\/logo\/image\/"},"sameAs":["https:\/\/www.facebook.com\/mpc.pr","https:\/\/www.instagram.com\/mpc.pr\/?hl=pt-br","https:\/\/www.youtube.com\/channel\/UCHri5oEM8DV0ztX57E0sBSw"]},{"@type":"Person","@id":"https:\/\/www.mpc.pr.gov.br\/#\/schema\/person\/2d83cb8980538d0ec174e8a6284f5e11","name":"mpcontaspr","image":{"@type":"ImageObject","inLanguage":"pt-BR","@id":"https:\/\/secure.gravatar.com\/avatar\/1aef51541db7622e05fd639336c9c9f312c2a618396e2b6ca96846362fc5403f?s=96&d=mm&r=g","url":"https:\/\/secure.gravatar.com\/avatar\/1aef51541db7622e05fd639336c9c9f312c2a618396e2b6ca96846362fc5403f?s=96&d=mm&r=g","contentUrl":"https:\/\/secure.gravatar.com\/avatar\/1aef51541db7622e05fd639336c9c9f312c2a618396e2b6ca96846362fc5403f?s=96&d=mm&r=g","caption":"mpcontaspr"},"sameAs":["http:\/\/www.mpc.pr.gov.br"]}]}},"rttpg_featured_image_url":{"full":["https:\/\/www.mpc.pr.gov.br\/wp-content\/uploads\/2023\/08\/Ibipora.jpg",467,333,false],"landscape":["https:\/\/www.mpc.pr.gov.br\/wp-content\/uploads\/2023\/08\/Ibipora.jpg",467,333,false],"portraits":["https:\/\/www.mpc.pr.gov.br\/wp-content\/uploads\/2023\/08\/Ibipora.jpg",467,333,false],"thumbnail":["https:\/\/www.mpc.pr.gov.br\/wp-content\/uploads\/2023\/08\/Ibipora-150x150.jpg",150,150,true],"medium":["https:\/\/www.mpc.pr.gov.br\/wp-content\/uploads\/2023\/08\/Ibipora-300x214.jpg",300,214,true],"large":["https:\/\/www.mpc.pr.gov.br\/wp-content\/uploads\/2023\/08\/Ibipora.jpg",467,333,false],"1536x1536":["https:\/\/www.mpc.pr.gov.br\/wp-content\/uploads\/2023\/08\/Ibipora.jpg",467,333,false],"2048x2048":["https:\/\/www.mpc.pr.gov.br\/wp-content\/uploads\/2023\/08\/Ibipora.jpg",467,333,false],"ocean-thumb-m":["https:\/\/www.mpc.pr.gov.br\/wp-content\/uploads\/2023\/08\/Ibipora.jpg",467,333,false],"ocean-thumb-ml":["https:\/\/www.mpc.pr.gov.br\/wp-content\/uploads\/2023\/08\/Ibipora.jpg",467,333,false],"ocean-thumb-l":["https:\/\/www.mpc.pr.gov.br\/wp-content\/uploads\/2023\/08\/Ibipora.jpg",467,333,false]},"rttpg_author":{"display_name":"mpcontaspr","author_link":"https:\/\/www.mpc.pr.gov.br\/index.php\/author\/mpcontaspr\/"},"rttpg_comment":0,"rttpg_category":"<a href=\"https:\/\/www.mpc.pr.gov.br\/index.php\/category\/todas-as-noticias\/\" rel=\"category tag\">Todas as not\u00edcias<\/a>","rttpg_excerpt":"A C\u00e2mara Municipal de Ibipor\u00e3 teve suas contas do exerc\u00edcio financeiro de 2014 aprovadas pela Primeira C\u00e2mara do Tribunal de Contas do Estado (TCE-PR). A decis\u00e3o acompanhou a manifesta\u00e7\u00e3o do Minist\u00e9rio P\u00fablico de Contas do Paran\u00e1 (MPC-PR), que opinou pela regularidade das contas, sem aposi\u00e7\u00e3o de ressalvas. Inicialmente, durante a fase instrutiva do processo, foram&hellip;","_links":{"self":[{"href":"https:\/\/www.mpc.pr.gov.br\/index.php\/wp-json\/wp\/v2\/posts\/16097","targetHints":{"allow":["GET"]}}],"collection":[{"href":"https:\/\/www.mpc.pr.gov.br\/index.php\/wp-json\/wp\/v2\/posts"}],"about":[{"href":"https:\/\/www.mpc.pr.gov.br\/index.php\/wp-json\/wp\/v2\/types\/post"}],"author":[{"embeddable":true,"href":"https:\/\/www.mpc.pr.gov.br\/index.php\/wp-json\/wp\/v2\/users\/1"}],"replies":[{"embeddable":true,"href":"https:\/\/www.mpc.pr.gov.br\/index.php\/wp-json\/wp\/v2\/comments?post=16097"}],"version-history":[{"count":1,"href":"https:\/\/www.mpc.pr.gov.br\/index.php\/wp-json\/wp\/v2\/posts\/16097\/revisions"}],"predecessor-version":[{"id":16102,"href":"https:\/\/www.mpc.pr.gov.br\/index.php\/wp-json\/wp\/v2\/posts\/16097\/revisions\/16102"}],"wp:featuredmedia":[{"embeddable":true,"href":"https:\/\/www.mpc.pr.gov.br\/index.php\/wp-json\/wp\/v2\/media\/16098"}],"wp:attachment":[{"href":"https:\/\/www.mpc.pr.gov.br\/index.php\/wp-json\/wp\/v2\/media?parent=16097"}],"wp:term":[{"taxonomy":"category","embeddable":true,"href":"https:\/\/www.mpc.pr.gov.br\/index.php\/wp-json\/wp\/v2\/categories?post=16097"},{"taxonomy":"post_tag","embeddable":true,"href":"https:\/\/www.mpc.pr.gov.br\/index.php\/wp-json\/wp\/v2\/tags?post=16097"}],"curies":[{"name":"wp","href":"https:\/\/api.w.org\/{rel}","templated":true}]}}