{"id":16103,"date":"2023-08-04T16:42:07","date_gmt":"2023-08-04T19:42:07","guid":{"rendered":"https:\/\/www.mpc.pr.gov.br\/?p=16103"},"modified":"2023-08-25T08:48:52","modified_gmt":"2023-08-25T11:48:52","slug":"entidade-assistencial-de-londrina-tem-contas-de-convenio-julgadas-irregulares","status":"publish","type":"post","link":"https:\/\/www.mpc.pr.gov.br\/index.php\/entidade-assistencial-de-londrina-tem-contas-de-convenio-julgadas-irregulares\/","title":{"rendered":"Entidade assistencial de Londrina tem contas de conv\u00eanio julgadas irregulares"},"content":{"rendered":"<figure id=\"attachment_16107\" aria-describedby=\"caption-attachment-16107\" style=\"width: 300px\" class=\"wp-caption alignleft\"><img fetchpriority=\"high\" decoding=\"async\" class=\"size-medium wp-image-16107\" src=\"https:\/\/www.mpc.pr.gov.br\/wp-content\/uploads\/2023\/08\/Londrina-prefeitura-300x222.png\" alt=\"\" width=\"300\" height=\"222\" srcset=\"https:\/\/www.mpc.pr.gov.br\/wp-content\/uploads\/2023\/08\/Londrina-prefeitura-300x222.png 300w, https:\/\/www.mpc.pr.gov.br\/wp-content\/uploads\/2023\/08\/Londrina-prefeitura.png 631w\" sizes=\"(max-width: 300px) 100vw, 300px\" \/><figcaption id=\"caption-attachment-16107\" class=\"wp-caption-text\">Sede da Prefeitura de Londrina, munic\u00edpio mais populoso do interior do Paran\u00e1. Foto: Wagner Ara\u00fajo\/Divulga\u00e7\u00e3o TCE-PR<\/figcaption><\/figure>\n<p><span data-contrast=\"auto\">A Segunda C\u00e2mara do Tribunal de Contas do Paran\u00e1 (TCE-PR) julgou procedente a Tomada de Contas Especial instaurada pelo Munic\u00edpio de Londrina em face da Associa\u00e7\u00e3o dos Deficientes F\u00edsicos de Londrina (ADEFIL). O motivo foi a aus\u00eancia da presta\u00e7\u00e3o de contas e da n\u00e3o aplica\u00e7\u00e3o das disponibilidades financeiras referentes ao Conv\u00eanio n\u00ba 140\/2011. A parceria tinha por objetivo o atendimento socioassistencial em regime de prote\u00e7\u00e3o social b\u00e1sica, com vig\u00eancia de 23\/12\/2011 a 18\/09\/2014, e repasses no montante de R$ 680.640,00.<\/span><span data-ccp-props=\"{&quot;201341983&quot;:0,&quot;335551550&quot;:6,&quot;335551620&quot;:6,&quot;335559739&quot;:160,&quot;335559740&quot;:360}\">\u00a0<\/span><\/p>\n<p><span data-contrast=\"auto\">Acompanhando o <a href=\"https:\/\/www.mpc.pr.gov.br\/wp-content\/uploads\/2023\/08\/Municipio-de-Londrina-Parecer-Ministerial-318-23.pdf\">Parecer n\u00b0 318\/23 do Minist\u00e9rio P\u00fablico de Contas do Paran\u00e1 (MPC-PR)<\/a>, o relator Conselheiro Fabio de Souza Camargo deixou de determinar a restitui\u00e7\u00e3o dos valores repassados, tendo em vista que a entidade e o seu gestor j\u00e1 foram condenados pelos mesmos atos na esfera judicial por meio de A\u00e7\u00e3o de Improbidade Administrativa, com ressarcimento integral dos valores relativos aos Termos de Conv\u00eanio n\u00ba 140, 141 e 142\/2011. A a\u00e7\u00e3o encontra-se em fase de cumprimento de senten\u00e7a.<\/span><span data-ccp-props=\"{&quot;201341983&quot;:0,&quot;335551550&quot;:6,&quot;335551620&quot;:6,&quot;335559739&quot;:160,&quot;335559740&quot;:360}\">\u00a0<\/span><\/p>\n<h4><b><span data-contrast=\"auto\">Tomada de Contas Especial<\/span><\/b><span data-ccp-props=\"{&quot;134233117&quot;:false,&quot;134233118&quot;:false,&quot;201341983&quot;:0,&quot;335551550&quot;:6,&quot;335551620&quot;:6,&quot;335559685&quot;:0,&quot;335559737&quot;:0,&quot;335559738&quot;:0,&quot;335559739&quot;:160,&quot;335559740&quot;:360}\">\u00a0<\/span><\/h4>\n<p><span data-contrast=\"auto\">Na inicial, o Munic\u00edpio informou a exist\u00eancia de diversas irregularidades para justificar a instaura\u00e7\u00e3o de Tomada de Contas Especial em face da entidade, dentre as quais citou: a inexist\u00eancia de presta\u00e7\u00e3o de contas final; aus\u00eancia de comprova\u00e7\u00e3o de realiza\u00e7\u00e3o de pesquisa de pre\u00e7os para aquisi\u00e7\u00e3o de materiais; aus\u00eancia de aplica\u00e7\u00e3o financeira dos recursos n\u00e3o utilizados; pagamentos realizados em nome da pr\u00f3pria entidade; e lan\u00e7amento de encargos trabalhistas sem comprova\u00e7\u00e3o.<\/span><span data-ccp-props=\"{&quot;201341983&quot;:0,&quot;335551550&quot;:6,&quot;335551620&quot;:6,&quot;335559739&quot;:160,&quot;335559740&quot;:360}\">\u00a0<\/span><\/p>\n<p><span data-contrast=\"auto\">Em seguida, considerando que a entidade n\u00e3o se prestou a regularizar as impropriedades indicadas, a Controladoria-Geral do Munic\u00edpio de Londrina comunicou que a rescis\u00e3o do conv\u00eanio, unilateralmente, pela Concedente, em 18\/09\/2014, sendo necess\u00e1rio o ressarcimento integral dos valores repassados no total de R$ 680.640,00, pendentes de atualiza\u00e7\u00e3o.<\/span><span data-ccp-props=\"{&quot;201341983&quot;:0,&quot;335551550&quot;:6,&quot;335551620&quot;:6,&quot;335559739&quot;:160,&quot;335559740&quot;:360}\">\u00a0<\/span><\/p>\n<h4><b><span data-contrast=\"auto\">Instru\u00e7\u00e3o do Processo<\/span><\/b><span data-ccp-props=\"{&quot;201341983&quot;:0,&quot;335551550&quot;:6,&quot;335551620&quot;:6,&quot;335559739&quot;:160,&quot;335559740&quot;:360}\">\u00a0<\/span><\/h4>\n<p><span data-contrast=\"auto\">A ent\u00e3o denominada Coordenadoria de Fiscaliza\u00e7\u00e3o de Transfer\u00eancias e Contratos (COFIT), ao instruir o processo, acrescentou a ocorr\u00eancia de novas irregularidades, relativas \u00e0 exist\u00eancia de saldo final e \u00e0 falta de diversos documentos de responsabilidade da ADEFIL. Opinou pela cita\u00e7\u00e3o da entidade e de seu ent\u00e3o presidente, Paulo Rogerio Fernandes Lima, bem como de gestores de diversos per\u00edodos do Munic\u00edpio de Londrina para ampla defesa. <\/span><span data-ccp-props=\"{&quot;201341983&quot;:0,&quot;335551550&quot;:6,&quot;335551620&quot;:6,&quot;335559739&quot;:160,&quot;335559740&quot;:360}\">\u00a0<\/span><\/p>\n<p><span class=\"TextRun SCXW251230511 BCX0\" lang=\"PT-PT\" xml:lang=\"PT-PT\" data-contrast=\"auto\"><span class=\"NormalTextRun SCXW251230511 BCX0\">Ap\u00f3s apresenta\u00e7\u00e3o do contradit\u00f3rio pelas partes indicadas, a <\/span><span class=\"NormalTextRun SCXW251230511 BCX0\">Coordenadoria<\/span><span class=\"NormalTextRun SCXW251230511 BCX0\"> de Gest\u00e3o Municipal (CGM), conforme Instru\u00e7\u00e3o n\u00ba 1375\/23,<\/span>\u00a0<span class=\"NormalTextRun SCXW251230511 BCX0\">observou que a<\/span><span class=\"NormalTextRun SCXW251230511 BCX0\"> respeito da execu\u00e7\u00e3o do objeto do conv\u00eanio, o que motivou a instaura\u00e7\u00e3o do <\/span><span class=\"NormalTextRun SCXW251230511 BCX0\">processo<\/span><span class=\"NormalTextRun SCXW251230511 BCX0\"> foi a falta de presta\u00e7\u00e3o de contas<\/span><span class=\"NormalTextRun SCXW251230511 BCX0\">, o que, <\/span><span class=\"NormalTextRun SCXW251230511 BCX0\">ainda assim, constitui irregularidade. <\/span><span class=\"NormalTextRun SCXW251230511 BCX0\">Destacou, tamb\u00e9m, que existe decis\u00e3o em sede de A\u00e7\u00e3o de Improbidade Administrativa proposta pel<\/span><span class=\"NormalTextRun SCXW251230511 BCX0\">o Munic\u00edpio<\/span> <span class=\"NormalTextRun SCXW251230511 BCX0\">ante a<\/span><span class=\"NormalTextRun SCXW251230511 BCX0\"> falta de presta\u00e7\u00e3o de contas do conv\u00eanio, <\/span><span class=\"NormalTextRun SCXW251230511 BCX0\">na qual <\/span><span class=\"NormalTextRun SCXW251230511 BCX0\">a ADEFIL e o <\/span><span class=\"NormalTextRun SCXW251230511 BCX0\">seu <\/span><span class=\"NormalTextRun SCXW251230511 BCX0\">gestor <\/span><span class=\"NormalTextRun SCXW251230511 BCX0\">foram condenados <\/span><span class=\"NormalTextRun SCXW251230511 BCX0\">\u00e0 devolu\u00e7\u00e3o integral dos recursos, encontrando-se, atualmente, em fase de cumprimento de senten\u00e7a.\u00a0<\/span><\/span><span class=\"EOP SCXW251230511 BCX0\" data-ccp-props=\"{&quot;201341983&quot;:0,&quot;335551550&quot;:6,&quot;335551620&quot;:6,&quot;335559739&quot;:160,&quot;335559740&quot;:360}\">\u00a0<\/span><\/p>\n<p><span data-contrast=\"auto\">Por sua vez, o Minist\u00e9rio P\u00fablico de Contas divergiu apenas quanto \u00e0 determina\u00e7\u00e3o de devolu\u00e7\u00e3o dos valores repassados, tendo em vista que a entidade e o seu gestor j\u00e1 foram condenados a restitui\u00e7\u00e3o integral dos valores relativos ao conv\u00eanio, na A\u00e7\u00e3o por Improbidade Administrativa. Assim, mediante o Parecer n\u00b0 318\/23, opinou pela proced\u00eancia do feito, para que sejam julgadas irregulares as contas especialmente tomadas, com aplica\u00e7\u00e3o da multa prevista no artigo 87, IV, \u201cg\u201d, da LC n.\u00ba 113\/2005 a Paulo Rog\u00e9rio Fernandes Lima, em virtude da omiss\u00e3o do dever de prestar contas, n\u00e3o se opondo, ainda, \u00e0 inclus\u00e3o do nome do Presidente da ADEFIL, no per\u00edodo de 01\/01\/2005 a 05\/01\/2017, no cadastro dos agentes p\u00fablicos com contas irregulares para fins de inelegibilidade.<\/span><span data-ccp-props=\"{&quot;201341983&quot;:0,&quot;335551550&quot;:6,&quot;335551620&quot;:6,&quot;335559739&quot;:160,&quot;335559740&quot;:360}\">\u00a0<\/span><\/p>\n<h4><b><span data-contrast=\"auto\">Decis\u00e3o<\/span><\/b><span data-ccp-props=\"{&quot;201341983&quot;:0,&quot;335551550&quot;:6,&quot;335551620&quot;:6,&quot;335559739&quot;:160,&quot;335559740&quot;:360}\">\u00a0<\/span><\/h4>\n<p><span data-contrast=\"auto\">Em sede de julgamento, mediante voto contido no <a href=\"https:\/\/www.mpc.pr.gov.br\/wp-content\/uploads\/2023\/08\/Municipio-de-Londrina-Acordao-1948-23-S2C.pdf\">Ac\u00f3rd\u00e3o n\u00ba 1948\/23 &#8211; Segunda C\u00e2mara do TCE-PR<\/a>, o relator ressaltou que, apesar de intimada, a entidade deixou de se manifestar no processo, de modo que permaneceram sem saneamento as irregularidades constatadas. Acrescenta-se que o Munic\u00edpio de Londrina alegou que \u201ca omiss\u00e3o da entidade tomadora resultou na impossibilidade de estabelecer-se o nexo entre a presta\u00e7\u00e3o do servi\u00e7o e o pleno cumprimento das demais obriga\u00e7\u00f5es exigidas pela lei e pelos \u00f3rg\u00e3os de controle, no que tange \u00e0 aplica\u00e7\u00e3o dos recursos repassados por meio de transfer\u00eancias volunt\u00e1rias\u201d. Assim, votou pela irregularidade da Tomada de Contas Especial da ADEFIL.<\/span><span data-ccp-props=\"{&quot;201341983&quot;:0,&quot;335551550&quot;:6,&quot;335551620&quot;:6,&quot;335559739&quot;:160,&quot;335559740&quot;:360}\">\u00a0<\/span><\/p>\n<p><span data-contrast=\"auto\">O relator tamb\u00e9m acolheu a proposta do MPC-PR, a fim de afastar a san\u00e7\u00e3o de ressarcimento dos valores repassados. Nesse sentido, observou que a senten\u00e7a proferida em A\u00e7\u00e3o de Improbidade Administrativa condenou a ADEFIL e seu presidente \u00e0 devolu\u00e7\u00e3o integral de R$ 2.605.516,73, em raz\u00e3o da aus\u00eancia de comprova\u00e7\u00e3o \u2013 em regular presta\u00e7\u00e3o de contas \u2013 do correto emprego dos recursos p\u00fablicos repassados na execu\u00e7\u00e3o dos Conv\u00eanios n\u00ba 140\/2011, n\u00ba 141\/2011 e n\u00ba 142\/2011. Ainda, a decis\u00e3o aplicou aos r\u00e9us a perda de eventual fun\u00e7\u00e3o p\u00fablica em exerc\u00edcio, o pagamento de multa civil correspondente a 40% do valor do dano, a proibi\u00e7\u00e3o, por 10 anos, de contratar com o Poder P\u00fablico ou de receber benef\u00edcios ou incentivos fiscais, e a suspens\u00e3o dos direitos pol\u00edticos pelo prazo de 8 anos.<\/span><span data-ccp-props=\"{&quot;201341983&quot;:0,&quot;335551550&quot;:6,&quot;335551620&quot;:6,&quot;335559739&quot;:160,&quot;335559740&quot;:360}\">\u00a0<\/span><\/p>\n<p><span data-contrast=\"auto\">Ao darem provimento \u00e0 Tomada de Contas, os membros da Segunda C\u00e2mara acompanharam o voto do relator, julgando irregulares as contas especialmente tomadas da ADEFIL, de responsabilidade de Paulo Rog\u00e9rio Fernandes Lima, em raz\u00e3o da aus\u00eancia de presta\u00e7\u00e3o de contas do conv\u00eanio e da n\u00e3o aplica\u00e7\u00e3o das disponibilidades financeiras do conv\u00eanio.<\/span><span data-ccp-props=\"{&quot;201341983&quot;:0,&quot;335551550&quot;:6,&quot;335551620&quot;:6,&quot;335559739&quot;:160,&quot;335559740&quot;:360}\">\u00a0<\/span><\/p>\n<blockquote>\n<h4><span style=\"color: #820007;\"><strong><u>Informa\u00e7\u00e3o para consulta processual<\/u><\/strong><\/span><\/h4>\n<table style=\"height: 123px;\" border=\"0\" width=\"469\" cellspacing=\"0\" cellpadding=\"0\">\n<tbody>\n<tr>\n<td><strong>Processo n\u00ba<\/strong>:<\/td>\n<td>350851\/15<\/td>\n<\/tr>\n<tr>\n<td><strong>Ac\u00f3rd\u00e3o n\u00ba<\/strong>:<\/td>\n<td>1948\/23 &#8211; Segunda C\u00e2mara<\/td>\n<\/tr>\n<tr>\n<td><strong>Assunto<\/strong>:<\/td>\n<td>Tomada de Contas Especial<\/td>\n<\/tr>\n<tr>\n<td><strong>Entidade<\/strong>:<\/td>\n<td>Munic\u00edpio de Londrina<\/td>\n<\/tr>\n<tr>\n<td><strong>Relator<\/strong>:<\/td>\n<td>Conselheiro Fabio de Souza Camargo<\/td>\n<\/tr>\n<\/tbody>\n<\/table>\n<\/blockquote>\n","protected":false},"excerpt":{"rendered":"<p>A Segunda C\u00e2mara do Tribunal de Contas do Paran\u00e1 (TCE-PR) julgou procedente a Tomada de Contas Especial instaurada pelo Munic\u00edpio de Londrina em face da Associa\u00e7\u00e3o dos Deficientes F\u00edsicos de Londrina (ADEFIL). O motivo foi a aus\u00eancia da presta\u00e7\u00e3o de contas e da n\u00e3o aplica\u00e7\u00e3o das disponibilidades financeiras referentes ao Conv\u00eanio n\u00ba 140\/2011. A parceria [&hellip;]<\/p>\n","protected":false},"author":1,"featured_media":16107,"comment_status":"open","ping_status":"open","sticky":false,"template":"","format":"standard","meta":{"_monsterinsights_skip_tracking":false,"_monsterinsights_sitenote_active":false,"_monsterinsights_sitenote_note":"","_monsterinsights_sitenote_category":0,"footnotes":""},"categories":[7],"tags":[444,443,13,88,39,442],"class_list":["post-16103","post","type-post","status-publish","format-standard","has-post-thumbnail","hentry","category-todas-as-noticias","tag-improbidade-administrativa","tag-londrina","tag-mpc-pr","tag-segunda-camara","tag-tce-pr","tag-tomada-de-contas-especial","entry","has-media"],"yoast_head":"<!-- This site is optimized with the Yoast SEO plugin v27.3 - https:\/\/yoast.com\/product\/yoast-seo-wordpress\/ -->\n<title>Entidade assistencial de Londrina tem contas de conv\u00eanio julgadas irregulares - Minist\u00e9rio P\u00fablico de Contas do Estado do Paran\u00e1<\/title>\n<meta name=\"robots\" content=\"index, follow, max-snippet:-1, max-image-preview:large, max-video-preview:-1\" \/>\n<link rel=\"canonical\" href=\"https:\/\/www.mpc.pr.gov.br\/index.php\/entidade-assistencial-de-londrina-tem-contas-de-convenio-julgadas-irregulares\/\" \/>\n<meta property=\"og:locale\" content=\"pt_BR\" \/>\n<meta property=\"og:type\" content=\"article\" \/>\n<meta property=\"og:title\" content=\"Entidade assistencial de Londrina tem contas de conv\u00eanio julgadas irregulares - Minist\u00e9rio P\u00fablico de Contas do Estado do Paran\u00e1\" \/>\n<meta property=\"og:description\" content=\"A Segunda C\u00e2mara do Tribunal de Contas do Paran\u00e1 (TCE-PR) julgou procedente a Tomada de Contas Especial instaurada pelo Munic\u00edpio de Londrina em face da Associa\u00e7\u00e3o dos Deficientes F\u00edsicos de Londrina (ADEFIL). O motivo foi a aus\u00eancia da presta\u00e7\u00e3o de contas e da n\u00e3o aplica\u00e7\u00e3o das disponibilidades financeiras referentes ao Conv\u00eanio n\u00ba 140\/2011. A parceria [&hellip;]\" \/>\n<meta property=\"og:url\" content=\"https:\/\/www.mpc.pr.gov.br\/index.php\/entidade-assistencial-de-londrina-tem-contas-de-convenio-julgadas-irregulares\/\" \/>\n<meta property=\"og:site_name\" content=\"Minist\u00e9rio P\u00fablico de Contas do Estado do Paran\u00e1\" \/>\n<meta property=\"article:publisher\" content=\"https:\/\/www.facebook.com\/mpc.pr\" \/>\n<meta property=\"article:published_time\" content=\"2023-08-04T19:42:07+00:00\" \/>\n<meta property=\"article:modified_time\" content=\"2023-08-25T11:48:52+00:00\" \/>\n<meta property=\"og:image\" content=\"https:\/\/www.mpc.pr.gov.br\/wp-content\/uploads\/2023\/08\/Londrina-prefeitura.png\" \/>\n\t<meta property=\"og:image:width\" content=\"631\" \/>\n\t<meta property=\"og:image:height\" content=\"467\" \/>\n\t<meta property=\"og:image:type\" content=\"image\/png\" \/>\n<meta name=\"author\" content=\"mpcontaspr\" \/>\n<meta name=\"twitter:card\" content=\"summary_large_image\" \/>\n<meta name=\"twitter:label1\" content=\"Escrito por\" \/>\n\t<meta name=\"twitter:data1\" content=\"mpcontaspr\" \/>\n\t<meta name=\"twitter:label2\" content=\"Est. tempo de leitura\" \/>\n\t<meta name=\"twitter:data2\" content=\"5 minutos\" \/>\n<script type=\"application\/ld+json\" class=\"yoast-schema-graph\">{\"@context\":\"https:\\\/\\\/schema.org\",\"@graph\":[{\"@type\":\"Article\",\"@id\":\"https:\\\/\\\/www.mpc.pr.gov.br\\\/index.php\\\/entidade-assistencial-de-londrina-tem-contas-de-convenio-julgadas-irregulares\\\/#article\",\"isPartOf\":{\"@id\":\"https:\\\/\\\/www.mpc.pr.gov.br\\\/index.php\\\/entidade-assistencial-de-londrina-tem-contas-de-convenio-julgadas-irregulares\\\/\"},\"author\":{\"name\":\"mpcontaspr\",\"@id\":\"https:\\\/\\\/www.mpc.pr.gov.br\\\/#\\\/schema\\\/person\\\/2d83cb8980538d0ec174e8a6284f5e11\"},\"headline\":\"Entidade assistencial de Londrina tem contas de conv\u00eanio julgadas irregulares\",\"datePublished\":\"2023-08-04T19:42:07+00:00\",\"dateModified\":\"2023-08-25T11:48:52+00:00\",\"mainEntityOfPage\":{\"@id\":\"https:\\\/\\\/www.mpc.pr.gov.br\\\/index.php\\\/entidade-assistencial-de-londrina-tem-contas-de-convenio-julgadas-irregulares\\\/\"},\"wordCount\":1010,\"commentCount\":0,\"publisher\":{\"@id\":\"https:\\\/\\\/www.mpc.pr.gov.br\\\/#organization\"},\"image\":{\"@id\":\"https:\\\/\\\/www.mpc.pr.gov.br\\\/index.php\\\/entidade-assistencial-de-londrina-tem-contas-de-convenio-julgadas-irregulares\\\/#primaryimage\"},\"thumbnailUrl\":\"https:\\\/\\\/www.mpc.pr.gov.br\\\/wp-content\\\/uploads\\\/2023\\\/08\\\/Londrina-prefeitura.png\",\"keywords\":[\"Improbidade Administrativa\",\"Londrina\",\"MPC-PR\",\"Segunda C\u00e2mara\",\"TCE-PR\",\"Tomada de Contas Especial\"],\"articleSection\":[\"Todas as not\u00edcias\"],\"inLanguage\":\"pt-BR\",\"potentialAction\":[{\"@type\":\"CommentAction\",\"name\":\"Comment\",\"target\":[\"https:\\\/\\\/www.mpc.pr.gov.br\\\/index.php\\\/entidade-assistencial-de-londrina-tem-contas-de-convenio-julgadas-irregulares\\\/#respond\"]}]},{\"@type\":\"WebPage\",\"@id\":\"https:\\\/\\\/www.mpc.pr.gov.br\\\/index.php\\\/entidade-assistencial-de-londrina-tem-contas-de-convenio-julgadas-irregulares\\\/\",\"url\":\"https:\\\/\\\/www.mpc.pr.gov.br\\\/index.php\\\/entidade-assistencial-de-londrina-tem-contas-de-convenio-julgadas-irregulares\\\/\",\"name\":\"Entidade assistencial de Londrina tem contas de conv\u00eanio julgadas irregulares - Minist\u00e9rio P\u00fablico de Contas do Estado do Paran\u00e1\",\"isPartOf\":{\"@id\":\"https:\\\/\\\/www.mpc.pr.gov.br\\\/#website\"},\"primaryImageOfPage\":{\"@id\":\"https:\\\/\\\/www.mpc.pr.gov.br\\\/index.php\\\/entidade-assistencial-de-londrina-tem-contas-de-convenio-julgadas-irregulares\\\/#primaryimage\"},\"image\":{\"@id\":\"https:\\\/\\\/www.mpc.pr.gov.br\\\/index.php\\\/entidade-assistencial-de-londrina-tem-contas-de-convenio-julgadas-irregulares\\\/#primaryimage\"},\"thumbnailUrl\":\"https:\\\/\\\/www.mpc.pr.gov.br\\\/wp-content\\\/uploads\\\/2023\\\/08\\\/Londrina-prefeitura.png\",\"datePublished\":\"2023-08-04T19:42:07+00:00\",\"dateModified\":\"2023-08-25T11:48:52+00:00\",\"breadcrumb\":{\"@id\":\"https:\\\/\\\/www.mpc.pr.gov.br\\\/index.php\\\/entidade-assistencial-de-londrina-tem-contas-de-convenio-julgadas-irregulares\\\/#breadcrumb\"},\"inLanguage\":\"pt-BR\",\"potentialAction\":[{\"@type\":\"ReadAction\",\"target\":[\"https:\\\/\\\/www.mpc.pr.gov.br\\\/index.php\\\/entidade-assistencial-de-londrina-tem-contas-de-convenio-julgadas-irregulares\\\/\"]}]},{\"@type\":\"ImageObject\",\"inLanguage\":\"pt-BR\",\"@id\":\"https:\\\/\\\/www.mpc.pr.gov.br\\\/index.php\\\/entidade-assistencial-de-londrina-tem-contas-de-convenio-julgadas-irregulares\\\/#primaryimage\",\"url\":\"https:\\\/\\\/www.mpc.pr.gov.br\\\/wp-content\\\/uploads\\\/2023\\\/08\\\/Londrina-prefeitura.png\",\"contentUrl\":\"https:\\\/\\\/www.mpc.pr.gov.br\\\/wp-content\\\/uploads\\\/2023\\\/08\\\/Londrina-prefeitura.png\",\"width\":631,\"height\":467,\"caption\":\"Sede da Prefeitura de Londrina, munic\u00edpio mais populoso do interior do Paran\u00e1. Foto: Wagner Ara\u00fajo\\\/Divulga\u00e7\u00e3o TCE-PR\"},{\"@type\":\"BreadcrumbList\",\"@id\":\"https:\\\/\\\/www.mpc.pr.gov.br\\\/index.php\\\/entidade-assistencial-de-londrina-tem-contas-de-convenio-julgadas-irregulares\\\/#breadcrumb\",\"itemListElement\":[{\"@type\":\"ListItem\",\"position\":1,\"name\":\"In\u00edcio\",\"item\":\"https:\\\/\\\/www.mpc.pr.gov.br\\\/\"},{\"@type\":\"ListItem\",\"position\":2,\"name\":\"Entidade assistencial de Londrina tem contas de conv\u00eanio julgadas irregulares\"}]},{\"@type\":\"WebSite\",\"@id\":\"https:\\\/\\\/www.mpc.pr.gov.br\\\/#website\",\"url\":\"https:\\\/\\\/www.mpc.pr.gov.br\\\/\",\"name\":\"Minist\u00e9rio P\u00fablico de Contas do Estado do Paran\u00e1\",\"description\":\"\",\"publisher\":{\"@id\":\"https:\\\/\\\/www.mpc.pr.gov.br\\\/#organization\"},\"potentialAction\":[{\"@type\":\"SearchAction\",\"target\":{\"@type\":\"EntryPoint\",\"urlTemplate\":\"https:\\\/\\\/www.mpc.pr.gov.br\\\/?s={search_term_string}\"},\"query-input\":{\"@type\":\"PropertyValueSpecification\",\"valueRequired\":true,\"valueName\":\"search_term_string\"}}],\"inLanguage\":\"pt-BR\"},{\"@type\":\"Organization\",\"@id\":\"https:\\\/\\\/www.mpc.pr.gov.br\\\/#organization\",\"name\":\"Minist\u00e9rio P\u00fablico de Contas do Estado do Paran\u00e1\",\"url\":\"https:\\\/\\\/www.mpc.pr.gov.br\\\/\",\"logo\":{\"@type\":\"ImageObject\",\"inLanguage\":\"pt-BR\",\"@id\":\"https:\\\/\\\/www.mpc.pr.gov.br\\\/#\\\/schema\\\/logo\\\/image\\\/\",\"url\":\"https:\\\/\\\/www.mpc.pr.gov.br\\\/wp-content\\\/uploads\\\/2020\\\/06\\\/99423647_1593460364143890_6706793420720963584_n-1-e1591387983167.png\",\"contentUrl\":\"https:\\\/\\\/www.mpc.pr.gov.br\\\/wp-content\\\/uploads\\\/2020\\\/06\\\/99423647_1593460364143890_6706793420720963584_n-1-e1591387983167.png\",\"width\":243,\"height\":73,\"caption\":\"Minist\u00e9rio P\u00fablico de Contas do Estado do Paran\u00e1\"},\"image\":{\"@id\":\"https:\\\/\\\/www.mpc.pr.gov.br\\\/#\\\/schema\\\/logo\\\/image\\\/\"},\"sameAs\":[\"https:\\\/\\\/www.facebook.com\\\/mpc.pr\",\"https:\\\/\\\/www.instagram.com\\\/mpc.pr\\\/?hl=pt-br\",\"https:\\\/\\\/www.youtube.com\\\/channel\\\/UCHri5oEM8DV0ztX57E0sBSw\"]},{\"@type\":\"Person\",\"@id\":\"https:\\\/\\\/www.mpc.pr.gov.br\\\/#\\\/schema\\\/person\\\/2d83cb8980538d0ec174e8a6284f5e11\",\"name\":\"mpcontaspr\",\"image\":{\"@type\":\"ImageObject\",\"inLanguage\":\"pt-BR\",\"@id\":\"https:\\\/\\\/secure.gravatar.com\\\/avatar\\\/1aef51541db7622e05fd639336c9c9f312c2a618396e2b6ca96846362fc5403f?s=96&d=mm&r=g\",\"url\":\"https:\\\/\\\/secure.gravatar.com\\\/avatar\\\/1aef51541db7622e05fd639336c9c9f312c2a618396e2b6ca96846362fc5403f?s=96&d=mm&r=g\",\"contentUrl\":\"https:\\\/\\\/secure.gravatar.com\\\/avatar\\\/1aef51541db7622e05fd639336c9c9f312c2a618396e2b6ca96846362fc5403f?s=96&d=mm&r=g\",\"caption\":\"mpcontaspr\"},\"sameAs\":[\"http:\\\/\\\/www.mpc.pr.gov.br\"]}]}<\/script>\n<!-- \/ Yoast SEO plugin. -->","yoast_head_json":{"title":"Entidade assistencial de Londrina tem contas de conv\u00eanio julgadas irregulares - Minist\u00e9rio P\u00fablico de Contas do Estado do Paran\u00e1","robots":{"index":"index","follow":"follow","max-snippet":"max-snippet:-1","max-image-preview":"max-image-preview:large","max-video-preview":"max-video-preview:-1"},"canonical":"https:\/\/www.mpc.pr.gov.br\/index.php\/entidade-assistencial-de-londrina-tem-contas-de-convenio-julgadas-irregulares\/","og_locale":"pt_BR","og_type":"article","og_title":"Entidade assistencial de Londrina tem contas de conv\u00eanio julgadas irregulares - Minist\u00e9rio P\u00fablico de Contas do Estado do Paran\u00e1","og_description":"A Segunda C\u00e2mara do Tribunal de Contas do Paran\u00e1 (TCE-PR) julgou procedente a Tomada de Contas Especial instaurada pelo Munic\u00edpio de Londrina em face da Associa\u00e7\u00e3o dos Deficientes F\u00edsicos de Londrina (ADEFIL). O motivo foi a aus\u00eancia da presta\u00e7\u00e3o de contas e da n\u00e3o aplica\u00e7\u00e3o das disponibilidades financeiras referentes ao Conv\u00eanio n\u00ba 140\/2011. A parceria [&hellip;]","og_url":"https:\/\/www.mpc.pr.gov.br\/index.php\/entidade-assistencial-de-londrina-tem-contas-de-convenio-julgadas-irregulares\/","og_site_name":"Minist\u00e9rio P\u00fablico de Contas do Estado do Paran\u00e1","article_publisher":"https:\/\/www.facebook.com\/mpc.pr","article_published_time":"2023-08-04T19:42:07+00:00","article_modified_time":"2023-08-25T11:48:52+00:00","og_image":[{"width":631,"height":467,"url":"https:\/\/www.mpc.pr.gov.br\/wp-content\/uploads\/2023\/08\/Londrina-prefeitura.png","type":"image\/png"}],"author":"mpcontaspr","twitter_card":"summary_large_image","twitter_misc":{"Escrito por":"mpcontaspr","Est. tempo de leitura":"5 minutos"},"schema":{"@context":"https:\/\/schema.org","@graph":[{"@type":"Article","@id":"https:\/\/www.mpc.pr.gov.br\/index.php\/entidade-assistencial-de-londrina-tem-contas-de-convenio-julgadas-irregulares\/#article","isPartOf":{"@id":"https:\/\/www.mpc.pr.gov.br\/index.php\/entidade-assistencial-de-londrina-tem-contas-de-convenio-julgadas-irregulares\/"},"author":{"name":"mpcontaspr","@id":"https:\/\/www.mpc.pr.gov.br\/#\/schema\/person\/2d83cb8980538d0ec174e8a6284f5e11"},"headline":"Entidade assistencial de Londrina tem contas de conv\u00eanio julgadas irregulares","datePublished":"2023-08-04T19:42:07+00:00","dateModified":"2023-08-25T11:48:52+00:00","mainEntityOfPage":{"@id":"https:\/\/www.mpc.pr.gov.br\/index.php\/entidade-assistencial-de-londrina-tem-contas-de-convenio-julgadas-irregulares\/"},"wordCount":1010,"commentCount":0,"publisher":{"@id":"https:\/\/www.mpc.pr.gov.br\/#organization"},"image":{"@id":"https:\/\/www.mpc.pr.gov.br\/index.php\/entidade-assistencial-de-londrina-tem-contas-de-convenio-julgadas-irregulares\/#primaryimage"},"thumbnailUrl":"https:\/\/www.mpc.pr.gov.br\/wp-content\/uploads\/2023\/08\/Londrina-prefeitura.png","keywords":["Improbidade Administrativa","Londrina","MPC-PR","Segunda C\u00e2mara","TCE-PR","Tomada de Contas Especial"],"articleSection":["Todas as not\u00edcias"],"inLanguage":"pt-BR","potentialAction":[{"@type":"CommentAction","name":"Comment","target":["https:\/\/www.mpc.pr.gov.br\/index.php\/entidade-assistencial-de-londrina-tem-contas-de-convenio-julgadas-irregulares\/#respond"]}]},{"@type":"WebPage","@id":"https:\/\/www.mpc.pr.gov.br\/index.php\/entidade-assistencial-de-londrina-tem-contas-de-convenio-julgadas-irregulares\/","url":"https:\/\/www.mpc.pr.gov.br\/index.php\/entidade-assistencial-de-londrina-tem-contas-de-convenio-julgadas-irregulares\/","name":"Entidade assistencial de Londrina tem contas de conv\u00eanio julgadas irregulares - Minist\u00e9rio P\u00fablico de Contas do Estado do Paran\u00e1","isPartOf":{"@id":"https:\/\/www.mpc.pr.gov.br\/#website"},"primaryImageOfPage":{"@id":"https:\/\/www.mpc.pr.gov.br\/index.php\/entidade-assistencial-de-londrina-tem-contas-de-convenio-julgadas-irregulares\/#primaryimage"},"image":{"@id":"https:\/\/www.mpc.pr.gov.br\/index.php\/entidade-assistencial-de-londrina-tem-contas-de-convenio-julgadas-irregulares\/#primaryimage"},"thumbnailUrl":"https:\/\/www.mpc.pr.gov.br\/wp-content\/uploads\/2023\/08\/Londrina-prefeitura.png","datePublished":"2023-08-04T19:42:07+00:00","dateModified":"2023-08-25T11:48:52+00:00","breadcrumb":{"@id":"https:\/\/www.mpc.pr.gov.br\/index.php\/entidade-assistencial-de-londrina-tem-contas-de-convenio-julgadas-irregulares\/#breadcrumb"},"inLanguage":"pt-BR","potentialAction":[{"@type":"ReadAction","target":["https:\/\/www.mpc.pr.gov.br\/index.php\/entidade-assistencial-de-londrina-tem-contas-de-convenio-julgadas-irregulares\/"]}]},{"@type":"ImageObject","inLanguage":"pt-BR","@id":"https:\/\/www.mpc.pr.gov.br\/index.php\/entidade-assistencial-de-londrina-tem-contas-de-convenio-julgadas-irregulares\/#primaryimage","url":"https:\/\/www.mpc.pr.gov.br\/wp-content\/uploads\/2023\/08\/Londrina-prefeitura.png","contentUrl":"https:\/\/www.mpc.pr.gov.br\/wp-content\/uploads\/2023\/08\/Londrina-prefeitura.png","width":631,"height":467,"caption":"Sede da Prefeitura de Londrina, munic\u00edpio mais populoso do interior do Paran\u00e1. Foto: Wagner Ara\u00fajo\/Divulga\u00e7\u00e3o TCE-PR"},{"@type":"BreadcrumbList","@id":"https:\/\/www.mpc.pr.gov.br\/index.php\/entidade-assistencial-de-londrina-tem-contas-de-convenio-julgadas-irregulares\/#breadcrumb","itemListElement":[{"@type":"ListItem","position":1,"name":"In\u00edcio","item":"https:\/\/www.mpc.pr.gov.br\/"},{"@type":"ListItem","position":2,"name":"Entidade assistencial de Londrina tem contas de conv\u00eanio julgadas irregulares"}]},{"@type":"WebSite","@id":"https:\/\/www.mpc.pr.gov.br\/#website","url":"https:\/\/www.mpc.pr.gov.br\/","name":"Minist\u00e9rio P\u00fablico de Contas do Estado do Paran\u00e1","description":"","publisher":{"@id":"https:\/\/www.mpc.pr.gov.br\/#organization"},"potentialAction":[{"@type":"SearchAction","target":{"@type":"EntryPoint","urlTemplate":"https:\/\/www.mpc.pr.gov.br\/?s={search_term_string}"},"query-input":{"@type":"PropertyValueSpecification","valueRequired":true,"valueName":"search_term_string"}}],"inLanguage":"pt-BR"},{"@type":"Organization","@id":"https:\/\/www.mpc.pr.gov.br\/#organization","name":"Minist\u00e9rio P\u00fablico de Contas do Estado do Paran\u00e1","url":"https:\/\/www.mpc.pr.gov.br\/","logo":{"@type":"ImageObject","inLanguage":"pt-BR","@id":"https:\/\/www.mpc.pr.gov.br\/#\/schema\/logo\/image\/","url":"https:\/\/www.mpc.pr.gov.br\/wp-content\/uploads\/2020\/06\/99423647_1593460364143890_6706793420720963584_n-1-e1591387983167.png","contentUrl":"https:\/\/www.mpc.pr.gov.br\/wp-content\/uploads\/2020\/06\/99423647_1593460364143890_6706793420720963584_n-1-e1591387983167.png","width":243,"height":73,"caption":"Minist\u00e9rio P\u00fablico de Contas do Estado do Paran\u00e1"},"image":{"@id":"https:\/\/www.mpc.pr.gov.br\/#\/schema\/logo\/image\/"},"sameAs":["https:\/\/www.facebook.com\/mpc.pr","https:\/\/www.instagram.com\/mpc.pr\/?hl=pt-br","https:\/\/www.youtube.com\/channel\/UCHri5oEM8DV0ztX57E0sBSw"]},{"@type":"Person","@id":"https:\/\/www.mpc.pr.gov.br\/#\/schema\/person\/2d83cb8980538d0ec174e8a6284f5e11","name":"mpcontaspr","image":{"@type":"ImageObject","inLanguage":"pt-BR","@id":"https:\/\/secure.gravatar.com\/avatar\/1aef51541db7622e05fd639336c9c9f312c2a618396e2b6ca96846362fc5403f?s=96&d=mm&r=g","url":"https:\/\/secure.gravatar.com\/avatar\/1aef51541db7622e05fd639336c9c9f312c2a618396e2b6ca96846362fc5403f?s=96&d=mm&r=g","contentUrl":"https:\/\/secure.gravatar.com\/avatar\/1aef51541db7622e05fd639336c9c9f312c2a618396e2b6ca96846362fc5403f?s=96&d=mm&r=g","caption":"mpcontaspr"},"sameAs":["http:\/\/www.mpc.pr.gov.br"]}]}},"rttpg_featured_image_url":{"full":["https:\/\/www.mpc.pr.gov.br\/wp-content\/uploads\/2023\/08\/Londrina-prefeitura.png",631,467,false],"landscape":["https:\/\/www.mpc.pr.gov.br\/wp-content\/uploads\/2023\/08\/Londrina-prefeitura.png",631,467,false],"portraits":["https:\/\/www.mpc.pr.gov.br\/wp-content\/uploads\/2023\/08\/Londrina-prefeitura.png",631,467,false],"thumbnail":["https:\/\/www.mpc.pr.gov.br\/wp-content\/uploads\/2023\/08\/Londrina-prefeitura-150x150.png",150,150,true],"medium":["https:\/\/www.mpc.pr.gov.br\/wp-content\/uploads\/2023\/08\/Londrina-prefeitura-300x222.png",300,222,true],"large":["https:\/\/www.mpc.pr.gov.br\/wp-content\/uploads\/2023\/08\/Londrina-prefeitura.png",631,467,false],"1536x1536":["https:\/\/www.mpc.pr.gov.br\/wp-content\/uploads\/2023\/08\/Londrina-prefeitura.png",631,467,false],"2048x2048":["https:\/\/www.mpc.pr.gov.br\/wp-content\/uploads\/2023\/08\/Londrina-prefeitura.png",631,467,false],"ocean-thumb-m":["https:\/\/www.mpc.pr.gov.br\/wp-content\/uploads\/2023\/08\/Londrina-prefeitura-600x467.png",600,467,true],"ocean-thumb-ml":["https:\/\/www.mpc.pr.gov.br\/wp-content\/uploads\/2023\/08\/Londrina-prefeitura-631x450.png",631,450,true],"ocean-thumb-l":["https:\/\/www.mpc.pr.gov.br\/wp-content\/uploads\/2023\/08\/Londrina-prefeitura.png",631,467,false]},"rttpg_author":{"display_name":"mpcontaspr","author_link":"https:\/\/www.mpc.pr.gov.br\/index.php\/author\/mpcontaspr\/"},"rttpg_comment":0,"rttpg_category":"<a href=\"https:\/\/www.mpc.pr.gov.br\/index.php\/category\/todas-as-noticias\/\" rel=\"category tag\">Todas as not\u00edcias<\/a>","rttpg_excerpt":"A Segunda C\u00e2mara do Tribunal de Contas do Paran\u00e1 (TCE-PR) julgou procedente a Tomada de Contas Especial instaurada pelo Munic\u00edpio de Londrina em face da Associa\u00e7\u00e3o dos Deficientes F\u00edsicos de Londrina (ADEFIL). O motivo foi a aus\u00eancia da presta\u00e7\u00e3o de contas e da n\u00e3o aplica\u00e7\u00e3o das disponibilidades financeiras referentes ao Conv\u00eanio n\u00ba 140\/2011. A parceria&hellip;","_links":{"self":[{"href":"https:\/\/www.mpc.pr.gov.br\/index.php\/wp-json\/wp\/v2\/posts\/16103","targetHints":{"allow":["GET"]}}],"collection":[{"href":"https:\/\/www.mpc.pr.gov.br\/index.php\/wp-json\/wp\/v2\/posts"}],"about":[{"href":"https:\/\/www.mpc.pr.gov.br\/index.php\/wp-json\/wp\/v2\/types\/post"}],"author":[{"embeddable":true,"href":"https:\/\/www.mpc.pr.gov.br\/index.php\/wp-json\/wp\/v2\/users\/1"}],"replies":[{"embeddable":true,"href":"https:\/\/www.mpc.pr.gov.br\/index.php\/wp-json\/wp\/v2\/comments?post=16103"}],"version-history":[{"count":2,"href":"https:\/\/www.mpc.pr.gov.br\/index.php\/wp-json\/wp\/v2\/posts\/16103\/revisions"}],"predecessor-version":[{"id":16108,"href":"https:\/\/www.mpc.pr.gov.br\/index.php\/wp-json\/wp\/v2\/posts\/16103\/revisions\/16108"}],"wp:featuredmedia":[{"embeddable":true,"href":"https:\/\/www.mpc.pr.gov.br\/index.php\/wp-json\/wp\/v2\/media\/16107"}],"wp:attachment":[{"href":"https:\/\/www.mpc.pr.gov.br\/index.php\/wp-json\/wp\/v2\/media?parent=16103"}],"wp:term":[{"taxonomy":"category","embeddable":true,"href":"https:\/\/www.mpc.pr.gov.br\/index.php\/wp-json\/wp\/v2\/categories?post=16103"},{"taxonomy":"post_tag","embeddable":true,"href":"https:\/\/www.mpc.pr.gov.br\/index.php\/wp-json\/wp\/v2\/tags?post=16103"}],"curies":[{"name":"wp","href":"https:\/\/api.w.org\/{rel}","templated":true}]}}