{"id":16399,"date":"2023-08-31T14:10:30","date_gmt":"2023-08-31T17:10:30","guid":{"rendered":"https:\/\/www.mpc.pr.gov.br\/?p=16399"},"modified":"2023-09-14T10:22:01","modified_gmt":"2023-09-14T13:22:01","slug":"principio-da-seguranca-juridica-deve-ser-respeitado-nos-processos-de-admissao-de-pessoal","status":"publish","type":"post","link":"https:\/\/www.mpc.pr.gov.br\/index.php\/principio-da-seguranca-juridica-deve-ser-respeitado-nos-processos-de-admissao-de-pessoal\/","title":{"rendered":"Princ\u00edpio da seguran\u00e7a jur\u00eddica deve ser respeitado nos processos de admiss\u00e3o de pessoal"},"content":{"rendered":"<figure id=\"attachment_16400\" aria-describedby=\"caption-attachment-16400\" style=\"width: 300px\" class=\"wp-caption alignleft\"><img fetchpriority=\"high\" decoding=\"async\" class=\"size-medium wp-image-16400\" src=\"https:\/\/www.mpc.pr.gov.br\/wp-content\/uploads\/2023\/08\/Joaquim-Tavora-300x222.jpg\" alt=\"\" width=\"300\" height=\"222\" srcset=\"https:\/\/www.mpc.pr.gov.br\/wp-content\/uploads\/2023\/08\/Joaquim-Tavora-300x222.jpg 300w, https:\/\/www.mpc.pr.gov.br\/wp-content\/uploads\/2023\/08\/Joaquim-Tavora.jpg 640w\" sizes=\"(max-width: 300px) 100vw, 300px\" \/><figcaption id=\"caption-attachment-16400\" class=\"wp-caption-text\">Vista da sede urbana de Joaquim T\u00e1vora, munic\u00edpio do Norte Pioneiro do Paran\u00e1. Foto: Divulga\u00e7\u00e3o<\/figcaption><\/figure>\n<p><span data-contrast=\"auto\">Ap\u00f3s parecer do Minist\u00e9rio P\u00fablico de Contas do Paran\u00e1 (MPC-PR), a Segunda C\u00e2mara do Tribunal de Contas do Estado (TCE-PR) multou o Prefeito de Joaquim T\u00e1vora, Reginaldo Vilela, por ter deixado de encaminhar informa\u00e7\u00f5es solicitadas pela unidade t\u00e9cnica nos autos do processo de admiss\u00e3o de pessoal complementar promovido pelo Munic\u00edpio para provimento de diversos cargos p\u00fablicos, mediante concurso p\u00fablico regulamentado pelo Edital n\u00ba 1\/2015. <\/span><span data-ccp-props=\"{&quot;201341983&quot;:0,&quot;335551550&quot;:6,&quot;335551620&quot;:6,&quot;335559739&quot;:160,&quot;335559740&quot;:360}\">\u00a0<\/span><\/p>\n<p><span data-contrast=\"auto\">Apesar de terem sido identificadas as irregularidades referentes a nomea\u00e7\u00f5es realizadas fora do prazo de vig\u00eancia do concurso, em atendimento ao parecer ministerial e levando em considera\u00e7\u00e3o as peculiaridades do caso que permeiam o instituto da seguran\u00e7a jur\u00eddica, as admiss\u00f5es foram registradas conforme decis\u00e3o do <a href=\"https:\/\/www.mpc.pr.gov.br\/wp-content\/uploads\/2023\/08\/Joaquim-Tavora-Acordao-2136-23-S2C.pdf\">Ac\u00f3rd\u00e3o n\u00ba 2136\/23 da Segunda C\u00e2mara do TCE-PR<\/a>.<\/span><span data-ccp-props=\"{&quot;201341983&quot;:0,&quot;335551550&quot;:6,&quot;335551620&quot;:6,&quot;335559739&quot;:160,&quot;335559740&quot;:360}\">\u00a0<\/span><\/p>\n<h4><b><span data-contrast=\"auto\">Instru\u00e7\u00e3o do Processo<\/span><\/b><span data-ccp-props=\"{&quot;201341983&quot;:0,&quot;335551550&quot;:6,&quot;335551620&quot;:6,&quot;335559739&quot;:160,&quot;335559740&quot;:360}\">\u00a0<\/span><\/h4>\n<p><span data-contrast=\"auto\">Inicialmente, a Coordenadoria de Acompanhamento de Atos de Gest\u00e3o (CAGE) verificou que o Munic\u00edpio n\u00e3o respeitou o prazo para envio das informa\u00e7\u00f5es referentes a quarta fase do processo de sele\u00e7\u00e3o de pessoal, al\u00e9m da ocorr\u00eancia da nomea\u00e7\u00e3o de uma candidata para o cargo de Servente ap\u00f3s o fim do prazo de validade do concurso.\u00a0<\/span><span data-ccp-props=\"{&quot;201341983&quot;:0,&quot;335551550&quot;:6,&quot;335551620&quot;:6,&quot;335559739&quot;:160,&quot;335559740&quot;:360}\">\u00a0<\/span><\/p>\n<p><span data-contrast=\"auto\">Em que pese a concess\u00e3o de prazo para manifesta\u00e7\u00e3o do Munic\u00edpio, o mesmo se manteve inerte, n\u00e3o sendo apresentada qualquer resposta pela entidade de origem. Diante da inexist\u00eancia de manifesta\u00e7\u00e3o, a unidade t\u00e9cnica opinou pela negativa do registro das admiss\u00f5es.\u00a0<\/span><span data-ccp-props=\"{&quot;201341983&quot;:0,&quot;335551550&quot;:6,&quot;335551620&quot;:6,&quot;335559739&quot;:160,&quot;335559740&quot;:360}\">\u00a0<\/span><\/p>\n<p><span data-contrast=\"auto\">Os autos foram encaminhados ao Minist\u00e9rio P\u00fablico de Contas para manifesta\u00e7\u00e3o conclusiva, o qual, por sua vez, divergiu do entendimento proposto pela CAGE. De acordo com o <a href=\"https:\/\/www.mpc.pr.gov.br\/wp-content\/uploads\/2023\/08\/Joaquim-Tavora-Parecer-Ministerial-431-23.pdf\">Parecer n\u00ba 431\/23<\/a>, o \u00f3rg\u00e3o ministerial n\u00e3o visualizou nenhuma ocorr\u00eancia que viesse a impedir o registro das demais nomea\u00e7\u00f5es informadas nos autos.\u00a0<\/span><span data-ccp-props=\"{&quot;134233117&quot;:false,&quot;134233118&quot;:false,&quot;201341983&quot;:0,&quot;335551550&quot;:6,&quot;335551620&quot;:6,&quot;335559685&quot;:0,&quot;335559731&quot;:0,&quot;335559737&quot;:0,&quot;335559738&quot;:0,&quot;335559739&quot;:160,&quot;335559740&quot;:360}\">\u00a0<\/span><\/p>\n<p><span data-contrast=\"auto\">Sobre o caso espec\u00edfico da citada servidora ocupante do cargo de Servente, embora subsista o apontamento de nomea\u00e7\u00e3o quatro dias ap\u00f3s o fim do prazo de validade do certame, se faz necess\u00e1rio considerar que a servidora n\u00e3o deu causa \u00e0 tal impropriedade, de modo que a conduta irregular deve ser atribu\u00edda exclusivamente aos respons\u00e1veis pela condu\u00e7\u00e3o do concurso. Al\u00e9m disto, a servidora foi nomeada em 10\/06\/2019, j\u00e1 tendo ultrapassado o transcurso do prazo constitucional para o alcance da estabilidade, conforme estipulado pelo artigo <a href=\"https:\/\/www.jusbrasil.com.br\/topicos\/869559\/artigo-41-da-constituicao-federal-de-1988\">41 da Constitui\u00e7\u00e3o Federal<\/a>.<\/span><span data-ccp-props=\"{&quot;201341983&quot;:0,&quot;335551550&quot;:6,&quot;335551620&quot;:6,&quot;335559731&quot;:0,&quot;335559739&quot;:160,&quot;335559740&quot;:360}\">\u00a0<\/span><\/p>\n<p><span data-contrast=\"auto\">Diante do exposto, o MPC-PR opinou conclusivamente pelo registro das admiss\u00f5es, com aplica\u00e7\u00e3o da multa prevista no artigo 87, inc. I, \u2018b\u2019 da <a href=\"https:\/\/www.mpc.pr.gov.br\/wp-content\/uploads\/2023\/08\/Lei-Organica-TCE-PR-LC-113-2005.pdf\">Lei Org\u00e2nica do TCE-PR<\/a> ao Prefeito Reginaldo Vilela, visto que deixou de encaminhar as informa\u00e7\u00f5es solicitadas pela unidade t\u00e9cnica.\u00a0<\/span><span data-ccp-props=\"{&quot;201341983&quot;:0,&quot;335551550&quot;:6,&quot;335551620&quot;:6,&quot;335559731&quot;:0,&quot;335559739&quot;:160,&quot;335559740&quot;:360}\">\u00a0<\/span><\/p>\n<h4><b><span data-contrast=\"auto\">Decis\u00e3o<\/span><\/b><span data-ccp-props=\"{&quot;201341983&quot;:0,&quot;335551550&quot;:6,&quot;335551620&quot;:6,&quot;335559731&quot;:0,&quot;335559739&quot;:160,&quot;335559740&quot;:360}\">\u00a0<\/span><\/h4>\n<p><span data-contrast=\"auto\">Conforme voto proferido no <a href=\"https:\/\/www.mpc.pr.gov.br\/wp-content\/uploads\/2023\/08\/Joaquim-Tavora-Acordao-2136-23-S2C.pdf\">Ac\u00f3rd\u00e3o n\u00ba 2136\/23<\/a> da Segunda C\u00e2mara do TCE-PR, o relator Auditor Tiago Alvarez Pedroso entendeu que seria <\/span><span data-contrast=\"auto\">desarrazoado e desproporcional, al\u00e9m de ofender o princ\u00edpio da seguran\u00e7a jur\u00eddica e da prote\u00e7\u00e3o da confian\u00e7a, provocar a rescis\u00e3o do contrato de trabalho da servidora que foi admitida ap\u00f3s o fim da validade do concurso.\u00a0<\/span><span data-ccp-props=\"{&quot;201341983&quot;:0,&quot;335551550&quot;:6,&quot;335551620&quot;:6,&quot;335559731&quot;:0,&quot;335559739&quot;:160,&quot;335559740&quot;:360}\">\u00a0<\/span><\/p>\n<p><span data-contrast=\"auto\">Deste modo, acolheu integralmente os fundamentos do voto do MPC-PR pelo registro de todas as admiss\u00f5es informadas nos autos, propondo a aplica\u00e7\u00e3o da multa prevista no artigo 87, inc. I, \u201cb\u201d, da Lei Org\u00e2nica do TCE-PR ao Prefeito Reginaldo Vilela, por ter deixado de encaminhar as informa\u00e7\u00f5es solicitadas pela CAGE.<\/span><span data-ccp-props=\"{&quot;201341983&quot;:0,&quot;335551550&quot;:6,&quot;335551620&quot;:6,&quot;335559731&quot;:0,&quot;335559739&quot;:160,&quot;335559740&quot;:360}\"><br \/>\n<\/span><\/p>\n<blockquote>\n<h4><span style=\"color: #820007;\"><strong><u>Informa\u00e7\u00e3o para consulta processual<\/u><\/strong><\/span><\/h4>\n<table style=\"height: 123px;\" border=\"0\" width=\"469\" cellspacing=\"0\" cellpadding=\"0\">\n<tbody>\n<tr>\n<td><strong>Processo n\u00ba<\/strong>:<\/td>\n<td>495439\/19<\/td>\n<\/tr>\n<tr>\n<td><strong>Ac\u00f3rd\u00e3o n\u00ba<\/strong>:<\/td>\n<td>2136\/23 &#8211; Segunda C\u00e2mara<\/td>\n<\/tr>\n<tr>\n<td><strong>Assunto<\/strong>:<\/td>\n<td>Admiss\u00e3o de Pessoal<\/td>\n<\/tr>\n<tr>\n<td><strong>Entidade<\/strong>:<\/td>\n<td>Munic\u00edpio de Joaquim T\u00e1vora<\/td>\n<\/tr>\n<tr>\n<td><strong>Relator<\/strong>:<\/td>\n<td><span data-contrast=\"auto\">Auditor Tiago Alvarez Pedroso<\/span><\/td>\n<\/tr>\n<\/tbody>\n<\/table>\n<\/blockquote>\n","protected":false},"excerpt":{"rendered":"<p>Ap\u00f3s parecer do Minist\u00e9rio P\u00fablico de Contas do Paran\u00e1 (MPC-PR), a Segunda C\u00e2mara do Tribunal de Contas do Estado (TCE-PR) multou o Prefeito de Joaquim T\u00e1vora, Reginaldo Vilela, por ter deixado de encaminhar informa\u00e7\u00f5es solicitadas pela unidade t\u00e9cnica nos autos do processo de admiss\u00e3o de pessoal complementar promovido pelo Munic\u00edpio para provimento de diversos cargos [&hellip;]<\/p>\n","protected":false},"author":1,"featured_media":16400,"comment_status":"open","ping_status":"open","sticky":false,"template":"","format":"standard","meta":{"_monsterinsights_skip_tracking":false,"_monsterinsights_sitenote_active":false,"_monsterinsights_sitenote_note":"","_monsterinsights_sitenote_category":0,"footnotes":""},"categories":[7],"tags":[223,450,13,88,451,39],"class_list":["post-16399","post","type-post","status-publish","format-standard","has-post-thumbnail","hentry","category-todas-as-noticias","tag-admissao-de-pessoal","tag-joaquim-tavora","tag-mpc-pr","tag-segunda-camara","tag-seguranca-juridica","tag-tce-pr","entry","has-media"],"yoast_head":"<!-- This site is optimized with the Yoast SEO plugin v27.3 - https:\/\/yoast.com\/product\/yoast-seo-wordpress\/ -->\n<title>Princ\u00edpio da seguran\u00e7a jur\u00eddica deve ser respeitado nos processos de admiss\u00e3o de pessoal - Minist\u00e9rio P\u00fablico de Contas do Estado do Paran\u00e1<\/title>\n<meta name=\"robots\" content=\"index, follow, max-snippet:-1, max-image-preview:large, max-video-preview:-1\" \/>\n<link rel=\"canonical\" href=\"https:\/\/www.mpc.pr.gov.br\/index.php\/principio-da-seguranca-juridica-deve-ser-respeitado-nos-processos-de-admissao-de-pessoal\/\" \/>\n<meta property=\"og:locale\" content=\"pt_BR\" \/>\n<meta property=\"og:type\" content=\"article\" \/>\n<meta property=\"og:title\" content=\"Princ\u00edpio da seguran\u00e7a jur\u00eddica deve ser respeitado nos processos de admiss\u00e3o de pessoal - Minist\u00e9rio P\u00fablico de Contas do Estado do Paran\u00e1\" \/>\n<meta property=\"og:description\" content=\"Ap\u00f3s parecer do Minist\u00e9rio P\u00fablico de Contas do Paran\u00e1 (MPC-PR), a Segunda C\u00e2mara do Tribunal de Contas do Estado (TCE-PR) multou o Prefeito de Joaquim T\u00e1vora, Reginaldo Vilela, por ter deixado de encaminhar informa\u00e7\u00f5es solicitadas pela unidade t\u00e9cnica nos autos do processo de admiss\u00e3o de pessoal complementar promovido pelo Munic\u00edpio para provimento de diversos cargos [&hellip;]\" \/>\n<meta property=\"og:url\" content=\"https:\/\/www.mpc.pr.gov.br\/index.php\/principio-da-seguranca-juridica-deve-ser-respeitado-nos-processos-de-admissao-de-pessoal\/\" \/>\n<meta property=\"og:site_name\" content=\"Minist\u00e9rio P\u00fablico de Contas do Estado do Paran\u00e1\" \/>\n<meta property=\"article:publisher\" content=\"https:\/\/www.facebook.com\/mpc.pr\" \/>\n<meta property=\"article:published_time\" content=\"2023-08-31T17:10:30+00:00\" \/>\n<meta property=\"article:modified_time\" content=\"2023-09-14T13:22:01+00:00\" \/>\n<meta property=\"og:image\" content=\"https:\/\/www.mpc.pr.gov.br\/wp-content\/uploads\/2023\/08\/Joaquim-Tavora.jpg\" \/>\n\t<meta property=\"og:image:width\" content=\"640\" \/>\n\t<meta property=\"og:image:height\" content=\"473\" \/>\n\t<meta property=\"og:image:type\" content=\"image\/jpeg\" \/>\n<meta name=\"author\" content=\"mpcontaspr\" \/>\n<meta name=\"twitter:card\" content=\"summary_large_image\" \/>\n<meta name=\"twitter:label1\" content=\"Escrito por\" \/>\n\t<meta name=\"twitter:data1\" content=\"mpcontaspr\" \/>\n\t<meta name=\"twitter:label2\" content=\"Est. tempo de leitura\" \/>\n\t<meta name=\"twitter:data2\" content=\"4 minutos\" \/>\n<script type=\"application\/ld+json\" class=\"yoast-schema-graph\">{\"@context\":\"https:\\\/\\\/schema.org\",\"@graph\":[{\"@type\":\"Article\",\"@id\":\"https:\\\/\\\/www.mpc.pr.gov.br\\\/index.php\\\/principio-da-seguranca-juridica-deve-ser-respeitado-nos-processos-de-admissao-de-pessoal\\\/#article\",\"isPartOf\":{\"@id\":\"https:\\\/\\\/www.mpc.pr.gov.br\\\/index.php\\\/principio-da-seguranca-juridica-deve-ser-respeitado-nos-processos-de-admissao-de-pessoal\\\/\"},\"author\":{\"name\":\"mpcontaspr\",\"@id\":\"https:\\\/\\\/www.mpc.pr.gov.br\\\/#\\\/schema\\\/person\\\/2d83cb8980538d0ec174e8a6284f5e11\"},\"headline\":\"Princ\u00edpio da seguran\u00e7a jur\u00eddica deve ser respeitado nos processos de admiss\u00e3o de pessoal\",\"datePublished\":\"2023-08-31T17:10:30+00:00\",\"dateModified\":\"2023-09-14T13:22:01+00:00\",\"mainEntityOfPage\":{\"@id\":\"https:\\\/\\\/www.mpc.pr.gov.br\\\/index.php\\\/principio-da-seguranca-juridica-deve-ser-respeitado-nos-processos-de-admissao-de-pessoal\\\/\"},\"wordCount\":641,\"commentCount\":0,\"publisher\":{\"@id\":\"https:\\\/\\\/www.mpc.pr.gov.br\\\/#organization\"},\"image\":{\"@id\":\"https:\\\/\\\/www.mpc.pr.gov.br\\\/index.php\\\/principio-da-seguranca-juridica-deve-ser-respeitado-nos-processos-de-admissao-de-pessoal\\\/#primaryimage\"},\"thumbnailUrl\":\"https:\\\/\\\/www.mpc.pr.gov.br\\\/wp-content\\\/uploads\\\/2023\\\/08\\\/Joaquim-Tavora.jpg\",\"keywords\":[\"Admiss\u00e3o de Pessoal\",\"Joaquim T\u00e1vora\",\"MPC-PR\",\"Segunda C\u00e2mara\",\"Seguran\u00e7a Jur\u00eddica\",\"TCE-PR\"],\"articleSection\":[\"Todas as not\u00edcias\"],\"inLanguage\":\"pt-BR\",\"potentialAction\":[{\"@type\":\"CommentAction\",\"name\":\"Comment\",\"target\":[\"https:\\\/\\\/www.mpc.pr.gov.br\\\/index.php\\\/principio-da-seguranca-juridica-deve-ser-respeitado-nos-processos-de-admissao-de-pessoal\\\/#respond\"]}]},{\"@type\":\"WebPage\",\"@id\":\"https:\\\/\\\/www.mpc.pr.gov.br\\\/index.php\\\/principio-da-seguranca-juridica-deve-ser-respeitado-nos-processos-de-admissao-de-pessoal\\\/\",\"url\":\"https:\\\/\\\/www.mpc.pr.gov.br\\\/index.php\\\/principio-da-seguranca-juridica-deve-ser-respeitado-nos-processos-de-admissao-de-pessoal\\\/\",\"name\":\"Princ\u00edpio da seguran\u00e7a jur\u00eddica deve ser respeitado nos processos de admiss\u00e3o de pessoal - Minist\u00e9rio P\u00fablico de Contas do Estado do Paran\u00e1\",\"isPartOf\":{\"@id\":\"https:\\\/\\\/www.mpc.pr.gov.br\\\/#website\"},\"primaryImageOfPage\":{\"@id\":\"https:\\\/\\\/www.mpc.pr.gov.br\\\/index.php\\\/principio-da-seguranca-juridica-deve-ser-respeitado-nos-processos-de-admissao-de-pessoal\\\/#primaryimage\"},\"image\":{\"@id\":\"https:\\\/\\\/www.mpc.pr.gov.br\\\/index.php\\\/principio-da-seguranca-juridica-deve-ser-respeitado-nos-processos-de-admissao-de-pessoal\\\/#primaryimage\"},\"thumbnailUrl\":\"https:\\\/\\\/www.mpc.pr.gov.br\\\/wp-content\\\/uploads\\\/2023\\\/08\\\/Joaquim-Tavora.jpg\",\"datePublished\":\"2023-08-31T17:10:30+00:00\",\"dateModified\":\"2023-09-14T13:22:01+00:00\",\"breadcrumb\":{\"@id\":\"https:\\\/\\\/www.mpc.pr.gov.br\\\/index.php\\\/principio-da-seguranca-juridica-deve-ser-respeitado-nos-processos-de-admissao-de-pessoal\\\/#breadcrumb\"},\"inLanguage\":\"pt-BR\",\"potentialAction\":[{\"@type\":\"ReadAction\",\"target\":[\"https:\\\/\\\/www.mpc.pr.gov.br\\\/index.php\\\/principio-da-seguranca-juridica-deve-ser-respeitado-nos-processos-de-admissao-de-pessoal\\\/\"]}]},{\"@type\":\"ImageObject\",\"inLanguage\":\"pt-BR\",\"@id\":\"https:\\\/\\\/www.mpc.pr.gov.br\\\/index.php\\\/principio-da-seguranca-juridica-deve-ser-respeitado-nos-processos-de-admissao-de-pessoal\\\/#primaryimage\",\"url\":\"https:\\\/\\\/www.mpc.pr.gov.br\\\/wp-content\\\/uploads\\\/2023\\\/08\\\/Joaquim-Tavora.jpg\",\"contentUrl\":\"https:\\\/\\\/www.mpc.pr.gov.br\\\/wp-content\\\/uploads\\\/2023\\\/08\\\/Joaquim-Tavora.jpg\",\"width\":640,\"height\":473,\"caption\":\"Vista da sede urbana de Joaquim T\u00e1vora, munic\u00edpio do Norte Pioneiro do Paran\u00e1. Foto: Divulga\u00e7\u00e3o\"},{\"@type\":\"BreadcrumbList\",\"@id\":\"https:\\\/\\\/www.mpc.pr.gov.br\\\/index.php\\\/principio-da-seguranca-juridica-deve-ser-respeitado-nos-processos-de-admissao-de-pessoal\\\/#breadcrumb\",\"itemListElement\":[{\"@type\":\"ListItem\",\"position\":1,\"name\":\"In\u00edcio\",\"item\":\"https:\\\/\\\/www.mpc.pr.gov.br\\\/\"},{\"@type\":\"ListItem\",\"position\":2,\"name\":\"Princ\u00edpio da seguran\u00e7a jur\u00eddica deve ser respeitado nos processos de admiss\u00e3o de pessoal\"}]},{\"@type\":\"WebSite\",\"@id\":\"https:\\\/\\\/www.mpc.pr.gov.br\\\/#website\",\"url\":\"https:\\\/\\\/www.mpc.pr.gov.br\\\/\",\"name\":\"Minist\u00e9rio P\u00fablico de Contas do Estado do Paran\u00e1\",\"description\":\"\",\"publisher\":{\"@id\":\"https:\\\/\\\/www.mpc.pr.gov.br\\\/#organization\"},\"potentialAction\":[{\"@type\":\"SearchAction\",\"target\":{\"@type\":\"EntryPoint\",\"urlTemplate\":\"https:\\\/\\\/www.mpc.pr.gov.br\\\/?s={search_term_string}\"},\"query-input\":{\"@type\":\"PropertyValueSpecification\",\"valueRequired\":true,\"valueName\":\"search_term_string\"}}],\"inLanguage\":\"pt-BR\"},{\"@type\":\"Organization\",\"@id\":\"https:\\\/\\\/www.mpc.pr.gov.br\\\/#organization\",\"name\":\"Minist\u00e9rio P\u00fablico de Contas do Estado do Paran\u00e1\",\"url\":\"https:\\\/\\\/www.mpc.pr.gov.br\\\/\",\"logo\":{\"@type\":\"ImageObject\",\"inLanguage\":\"pt-BR\",\"@id\":\"https:\\\/\\\/www.mpc.pr.gov.br\\\/#\\\/schema\\\/logo\\\/image\\\/\",\"url\":\"https:\\\/\\\/www.mpc.pr.gov.br\\\/wp-content\\\/uploads\\\/2020\\\/06\\\/99423647_1593460364143890_6706793420720963584_n-1-e1591387983167.png\",\"contentUrl\":\"https:\\\/\\\/www.mpc.pr.gov.br\\\/wp-content\\\/uploads\\\/2020\\\/06\\\/99423647_1593460364143890_6706793420720963584_n-1-e1591387983167.png\",\"width\":243,\"height\":73,\"caption\":\"Minist\u00e9rio P\u00fablico de Contas do Estado do Paran\u00e1\"},\"image\":{\"@id\":\"https:\\\/\\\/www.mpc.pr.gov.br\\\/#\\\/schema\\\/logo\\\/image\\\/\"},\"sameAs\":[\"https:\\\/\\\/www.facebook.com\\\/mpc.pr\",\"https:\\\/\\\/www.instagram.com\\\/mpc.pr\\\/?hl=pt-br\",\"https:\\\/\\\/www.youtube.com\\\/channel\\\/UCHri5oEM8DV0ztX57E0sBSw\"]},{\"@type\":\"Person\",\"@id\":\"https:\\\/\\\/www.mpc.pr.gov.br\\\/#\\\/schema\\\/person\\\/2d83cb8980538d0ec174e8a6284f5e11\",\"name\":\"mpcontaspr\",\"image\":{\"@type\":\"ImageObject\",\"inLanguage\":\"pt-BR\",\"@id\":\"https:\\\/\\\/secure.gravatar.com\\\/avatar\\\/1aef51541db7622e05fd639336c9c9f312c2a618396e2b6ca96846362fc5403f?s=96&d=mm&r=g\",\"url\":\"https:\\\/\\\/secure.gravatar.com\\\/avatar\\\/1aef51541db7622e05fd639336c9c9f312c2a618396e2b6ca96846362fc5403f?s=96&d=mm&r=g\",\"contentUrl\":\"https:\\\/\\\/secure.gravatar.com\\\/avatar\\\/1aef51541db7622e05fd639336c9c9f312c2a618396e2b6ca96846362fc5403f?s=96&d=mm&r=g\",\"caption\":\"mpcontaspr\"},\"sameAs\":[\"http:\\\/\\\/www.mpc.pr.gov.br\"]}]}<\/script>\n<!-- \/ Yoast SEO plugin. -->","yoast_head_json":{"title":"Princ\u00edpio da seguran\u00e7a jur\u00eddica deve ser respeitado nos processos de admiss\u00e3o de pessoal - Minist\u00e9rio P\u00fablico de Contas do Estado do Paran\u00e1","robots":{"index":"index","follow":"follow","max-snippet":"max-snippet:-1","max-image-preview":"max-image-preview:large","max-video-preview":"max-video-preview:-1"},"canonical":"https:\/\/www.mpc.pr.gov.br\/index.php\/principio-da-seguranca-juridica-deve-ser-respeitado-nos-processos-de-admissao-de-pessoal\/","og_locale":"pt_BR","og_type":"article","og_title":"Princ\u00edpio da seguran\u00e7a jur\u00eddica deve ser respeitado nos processos de admiss\u00e3o de pessoal - Minist\u00e9rio P\u00fablico de Contas do Estado do Paran\u00e1","og_description":"Ap\u00f3s parecer do Minist\u00e9rio P\u00fablico de Contas do Paran\u00e1 (MPC-PR), a Segunda C\u00e2mara do Tribunal de Contas do Estado (TCE-PR) multou o Prefeito de Joaquim T\u00e1vora, Reginaldo Vilela, por ter deixado de encaminhar informa\u00e7\u00f5es solicitadas pela unidade t\u00e9cnica nos autos do processo de admiss\u00e3o de pessoal complementar promovido pelo Munic\u00edpio para provimento de diversos cargos [&hellip;]","og_url":"https:\/\/www.mpc.pr.gov.br\/index.php\/principio-da-seguranca-juridica-deve-ser-respeitado-nos-processos-de-admissao-de-pessoal\/","og_site_name":"Minist\u00e9rio P\u00fablico de Contas do Estado do Paran\u00e1","article_publisher":"https:\/\/www.facebook.com\/mpc.pr","article_published_time":"2023-08-31T17:10:30+00:00","article_modified_time":"2023-09-14T13:22:01+00:00","og_image":[{"width":640,"height":473,"url":"https:\/\/www.mpc.pr.gov.br\/wp-content\/uploads\/2023\/08\/Joaquim-Tavora.jpg","type":"image\/jpeg"}],"author":"mpcontaspr","twitter_card":"summary_large_image","twitter_misc":{"Escrito por":"mpcontaspr","Est. tempo de leitura":"4 minutos"},"schema":{"@context":"https:\/\/schema.org","@graph":[{"@type":"Article","@id":"https:\/\/www.mpc.pr.gov.br\/index.php\/principio-da-seguranca-juridica-deve-ser-respeitado-nos-processos-de-admissao-de-pessoal\/#article","isPartOf":{"@id":"https:\/\/www.mpc.pr.gov.br\/index.php\/principio-da-seguranca-juridica-deve-ser-respeitado-nos-processos-de-admissao-de-pessoal\/"},"author":{"name":"mpcontaspr","@id":"https:\/\/www.mpc.pr.gov.br\/#\/schema\/person\/2d83cb8980538d0ec174e8a6284f5e11"},"headline":"Princ\u00edpio da seguran\u00e7a jur\u00eddica deve ser respeitado nos processos de admiss\u00e3o de pessoal","datePublished":"2023-08-31T17:10:30+00:00","dateModified":"2023-09-14T13:22:01+00:00","mainEntityOfPage":{"@id":"https:\/\/www.mpc.pr.gov.br\/index.php\/principio-da-seguranca-juridica-deve-ser-respeitado-nos-processos-de-admissao-de-pessoal\/"},"wordCount":641,"commentCount":0,"publisher":{"@id":"https:\/\/www.mpc.pr.gov.br\/#organization"},"image":{"@id":"https:\/\/www.mpc.pr.gov.br\/index.php\/principio-da-seguranca-juridica-deve-ser-respeitado-nos-processos-de-admissao-de-pessoal\/#primaryimage"},"thumbnailUrl":"https:\/\/www.mpc.pr.gov.br\/wp-content\/uploads\/2023\/08\/Joaquim-Tavora.jpg","keywords":["Admiss\u00e3o de Pessoal","Joaquim T\u00e1vora","MPC-PR","Segunda C\u00e2mara","Seguran\u00e7a Jur\u00eddica","TCE-PR"],"articleSection":["Todas as not\u00edcias"],"inLanguage":"pt-BR","potentialAction":[{"@type":"CommentAction","name":"Comment","target":["https:\/\/www.mpc.pr.gov.br\/index.php\/principio-da-seguranca-juridica-deve-ser-respeitado-nos-processos-de-admissao-de-pessoal\/#respond"]}]},{"@type":"WebPage","@id":"https:\/\/www.mpc.pr.gov.br\/index.php\/principio-da-seguranca-juridica-deve-ser-respeitado-nos-processos-de-admissao-de-pessoal\/","url":"https:\/\/www.mpc.pr.gov.br\/index.php\/principio-da-seguranca-juridica-deve-ser-respeitado-nos-processos-de-admissao-de-pessoal\/","name":"Princ\u00edpio da seguran\u00e7a jur\u00eddica deve ser respeitado nos processos de admiss\u00e3o de pessoal - Minist\u00e9rio P\u00fablico de Contas do Estado do Paran\u00e1","isPartOf":{"@id":"https:\/\/www.mpc.pr.gov.br\/#website"},"primaryImageOfPage":{"@id":"https:\/\/www.mpc.pr.gov.br\/index.php\/principio-da-seguranca-juridica-deve-ser-respeitado-nos-processos-de-admissao-de-pessoal\/#primaryimage"},"image":{"@id":"https:\/\/www.mpc.pr.gov.br\/index.php\/principio-da-seguranca-juridica-deve-ser-respeitado-nos-processos-de-admissao-de-pessoal\/#primaryimage"},"thumbnailUrl":"https:\/\/www.mpc.pr.gov.br\/wp-content\/uploads\/2023\/08\/Joaquim-Tavora.jpg","datePublished":"2023-08-31T17:10:30+00:00","dateModified":"2023-09-14T13:22:01+00:00","breadcrumb":{"@id":"https:\/\/www.mpc.pr.gov.br\/index.php\/principio-da-seguranca-juridica-deve-ser-respeitado-nos-processos-de-admissao-de-pessoal\/#breadcrumb"},"inLanguage":"pt-BR","potentialAction":[{"@type":"ReadAction","target":["https:\/\/www.mpc.pr.gov.br\/index.php\/principio-da-seguranca-juridica-deve-ser-respeitado-nos-processos-de-admissao-de-pessoal\/"]}]},{"@type":"ImageObject","inLanguage":"pt-BR","@id":"https:\/\/www.mpc.pr.gov.br\/index.php\/principio-da-seguranca-juridica-deve-ser-respeitado-nos-processos-de-admissao-de-pessoal\/#primaryimage","url":"https:\/\/www.mpc.pr.gov.br\/wp-content\/uploads\/2023\/08\/Joaquim-Tavora.jpg","contentUrl":"https:\/\/www.mpc.pr.gov.br\/wp-content\/uploads\/2023\/08\/Joaquim-Tavora.jpg","width":640,"height":473,"caption":"Vista da sede urbana de Joaquim T\u00e1vora, munic\u00edpio do Norte Pioneiro do Paran\u00e1. Foto: Divulga\u00e7\u00e3o"},{"@type":"BreadcrumbList","@id":"https:\/\/www.mpc.pr.gov.br\/index.php\/principio-da-seguranca-juridica-deve-ser-respeitado-nos-processos-de-admissao-de-pessoal\/#breadcrumb","itemListElement":[{"@type":"ListItem","position":1,"name":"In\u00edcio","item":"https:\/\/www.mpc.pr.gov.br\/"},{"@type":"ListItem","position":2,"name":"Princ\u00edpio da seguran\u00e7a jur\u00eddica deve ser respeitado nos processos de admiss\u00e3o de pessoal"}]},{"@type":"WebSite","@id":"https:\/\/www.mpc.pr.gov.br\/#website","url":"https:\/\/www.mpc.pr.gov.br\/","name":"Minist\u00e9rio P\u00fablico de Contas do Estado do Paran\u00e1","description":"","publisher":{"@id":"https:\/\/www.mpc.pr.gov.br\/#organization"},"potentialAction":[{"@type":"SearchAction","target":{"@type":"EntryPoint","urlTemplate":"https:\/\/www.mpc.pr.gov.br\/?s={search_term_string}"},"query-input":{"@type":"PropertyValueSpecification","valueRequired":true,"valueName":"search_term_string"}}],"inLanguage":"pt-BR"},{"@type":"Organization","@id":"https:\/\/www.mpc.pr.gov.br\/#organization","name":"Minist\u00e9rio P\u00fablico de Contas do Estado do Paran\u00e1","url":"https:\/\/www.mpc.pr.gov.br\/","logo":{"@type":"ImageObject","inLanguage":"pt-BR","@id":"https:\/\/www.mpc.pr.gov.br\/#\/schema\/logo\/image\/","url":"https:\/\/www.mpc.pr.gov.br\/wp-content\/uploads\/2020\/06\/99423647_1593460364143890_6706793420720963584_n-1-e1591387983167.png","contentUrl":"https:\/\/www.mpc.pr.gov.br\/wp-content\/uploads\/2020\/06\/99423647_1593460364143890_6706793420720963584_n-1-e1591387983167.png","width":243,"height":73,"caption":"Minist\u00e9rio P\u00fablico de Contas do Estado do Paran\u00e1"},"image":{"@id":"https:\/\/www.mpc.pr.gov.br\/#\/schema\/logo\/image\/"},"sameAs":["https:\/\/www.facebook.com\/mpc.pr","https:\/\/www.instagram.com\/mpc.pr\/?hl=pt-br","https:\/\/www.youtube.com\/channel\/UCHri5oEM8DV0ztX57E0sBSw"]},{"@type":"Person","@id":"https:\/\/www.mpc.pr.gov.br\/#\/schema\/person\/2d83cb8980538d0ec174e8a6284f5e11","name":"mpcontaspr","image":{"@type":"ImageObject","inLanguage":"pt-BR","@id":"https:\/\/secure.gravatar.com\/avatar\/1aef51541db7622e05fd639336c9c9f312c2a618396e2b6ca96846362fc5403f?s=96&d=mm&r=g","url":"https:\/\/secure.gravatar.com\/avatar\/1aef51541db7622e05fd639336c9c9f312c2a618396e2b6ca96846362fc5403f?s=96&d=mm&r=g","contentUrl":"https:\/\/secure.gravatar.com\/avatar\/1aef51541db7622e05fd639336c9c9f312c2a618396e2b6ca96846362fc5403f?s=96&d=mm&r=g","caption":"mpcontaspr"},"sameAs":["http:\/\/www.mpc.pr.gov.br"]}]}},"rttpg_featured_image_url":{"full":["https:\/\/www.mpc.pr.gov.br\/wp-content\/uploads\/2023\/08\/Joaquim-Tavora.jpg",640,473,false],"landscape":["https:\/\/www.mpc.pr.gov.br\/wp-content\/uploads\/2023\/08\/Joaquim-Tavora.jpg",640,473,false],"portraits":["https:\/\/www.mpc.pr.gov.br\/wp-content\/uploads\/2023\/08\/Joaquim-Tavora.jpg",640,473,false],"thumbnail":["https:\/\/www.mpc.pr.gov.br\/wp-content\/uploads\/2023\/08\/Joaquim-Tavora-150x150.jpg",150,150,true],"medium":["https:\/\/www.mpc.pr.gov.br\/wp-content\/uploads\/2023\/08\/Joaquim-Tavora-300x222.jpg",300,222,true],"large":["https:\/\/www.mpc.pr.gov.br\/wp-content\/uploads\/2023\/08\/Joaquim-Tavora.jpg",640,473,false],"1536x1536":["https:\/\/www.mpc.pr.gov.br\/wp-content\/uploads\/2023\/08\/Joaquim-Tavora.jpg",640,473,false],"2048x2048":["https:\/\/www.mpc.pr.gov.br\/wp-content\/uploads\/2023\/08\/Joaquim-Tavora.jpg",640,473,false],"ocean-thumb-m":["https:\/\/www.mpc.pr.gov.br\/wp-content\/uploads\/2023\/08\/Joaquim-Tavora-600x473.jpg",600,473,true],"ocean-thumb-ml":["https:\/\/www.mpc.pr.gov.br\/wp-content\/uploads\/2023\/08\/Joaquim-Tavora-640x450.jpg",640,450,true],"ocean-thumb-l":["https:\/\/www.mpc.pr.gov.br\/wp-content\/uploads\/2023\/08\/Joaquim-Tavora.jpg",640,473,false]},"rttpg_author":{"display_name":"mpcontaspr","author_link":"https:\/\/www.mpc.pr.gov.br\/index.php\/author\/mpcontaspr\/"},"rttpg_comment":0,"rttpg_category":"<a href=\"https:\/\/www.mpc.pr.gov.br\/index.php\/category\/todas-as-noticias\/\" rel=\"category tag\">Todas as not\u00edcias<\/a>","rttpg_excerpt":"Ap\u00f3s parecer do Minist\u00e9rio P\u00fablico de Contas do Paran\u00e1 (MPC-PR), a Segunda C\u00e2mara do Tribunal de Contas do Estado (TCE-PR) multou o Prefeito de Joaquim T\u00e1vora, Reginaldo Vilela, por ter deixado de encaminhar informa\u00e7\u00f5es solicitadas pela unidade t\u00e9cnica nos autos do processo de admiss\u00e3o de pessoal complementar promovido pelo Munic\u00edpio para provimento de diversos cargos&hellip;","_links":{"self":[{"href":"https:\/\/www.mpc.pr.gov.br\/index.php\/wp-json\/wp\/v2\/posts\/16399","targetHints":{"allow":["GET"]}}],"collection":[{"href":"https:\/\/www.mpc.pr.gov.br\/index.php\/wp-json\/wp\/v2\/posts"}],"about":[{"href":"https:\/\/www.mpc.pr.gov.br\/index.php\/wp-json\/wp\/v2\/types\/post"}],"author":[{"embeddable":true,"href":"https:\/\/www.mpc.pr.gov.br\/index.php\/wp-json\/wp\/v2\/users\/1"}],"replies":[{"embeddable":true,"href":"https:\/\/www.mpc.pr.gov.br\/index.php\/wp-json\/wp\/v2\/comments?post=16399"}],"version-history":[{"count":1,"href":"https:\/\/www.mpc.pr.gov.br\/index.php\/wp-json\/wp\/v2\/posts\/16399\/revisions"}],"predecessor-version":[{"id":16403,"href":"https:\/\/www.mpc.pr.gov.br\/index.php\/wp-json\/wp\/v2\/posts\/16399\/revisions\/16403"}],"wp:featuredmedia":[{"embeddable":true,"href":"https:\/\/www.mpc.pr.gov.br\/index.php\/wp-json\/wp\/v2\/media\/16400"}],"wp:attachment":[{"href":"https:\/\/www.mpc.pr.gov.br\/index.php\/wp-json\/wp\/v2\/media?parent=16399"}],"wp:term":[{"taxonomy":"category","embeddable":true,"href":"https:\/\/www.mpc.pr.gov.br\/index.php\/wp-json\/wp\/v2\/categories?post=16399"},{"taxonomy":"post_tag","embeddable":true,"href":"https:\/\/www.mpc.pr.gov.br\/index.php\/wp-json\/wp\/v2\/tags?post=16399"}],"curies":[{"name":"wp","href":"https:\/\/api.w.org\/{rel}","templated":true}]}}