{"id":16430,"date":"2023-09-12T10:10:20","date_gmt":"2023-09-12T13:10:20","guid":{"rendered":"https:\/\/www.mpc.pr.gov.br\/?p=16430"},"modified":"2023-09-28T14:09:48","modified_gmt":"2023-09-28T17:09:48","slug":"diamante-do-norte-deve-regularizar-a-divulgacao-de-dados-de-diarias-no-portal-de-transparencia-municipal","status":"publish","type":"post","link":"https:\/\/www.mpc.pr.gov.br\/index.php\/diamante-do-norte-deve-regularizar-a-divulgacao-de-dados-de-diarias-no-portal-de-transparencia-municipal\/","title":{"rendered":"Diamante do Norte deve regularizar a divulga\u00e7\u00e3o de dados de di\u00e1rias no portal de transpar\u00eancia municipal"},"content":{"rendered":"<figure id=\"attachment_16472\" aria-describedby=\"caption-attachment-16472\" style=\"width: 300px\" class=\"wp-caption alignleft\"><img fetchpriority=\"high\" decoding=\"async\" class=\"size-medium wp-image-16472\" src=\"https:\/\/www.mpc.pr.gov.br\/wp-content\/uploads\/2023\/09\/Diamante-do-Norte-1-300x225.jpg\" alt=\"\" width=\"300\" height=\"225\" srcset=\"https:\/\/www.mpc.pr.gov.br\/wp-content\/uploads\/2023\/09\/Diamante-do-Norte-1-300x225.jpg 300w, https:\/\/www.mpc.pr.gov.br\/wp-content\/uploads\/2023\/09\/Diamante-do-Norte-1-768x576.jpg 768w, https:\/\/www.mpc.pr.gov.br\/wp-content\/uploads\/2023\/09\/Diamante-do-Norte-1.jpg 960w\" sizes=\"(max-width: 300px) 100vw, 300px\" \/><figcaption id=\"caption-attachment-16472\" class=\"wp-caption-text\">Acesso ao Munic\u00edpio de Diamante do Norte. Foto: Divulga\u00e7\u00e3o.<\/figcaption><\/figure>\n<p><span data-contrast=\"auto\">Acolhendo a proposta do Minist\u00e9rio P\u00fablico de Contas do Paran\u00e1 (MPC-PR), o Pleno do Tribunal de Contas do Estado (TCE-PR) determinou que o Munic\u00edpio de Diamante do Norte, no prazo de 60 dias, regularize o <\/span><i><span data-contrast=\"auto\">upload<\/span><\/i><span data-contrast=\"auto\"> de documenta\u00e7\u00f5es relativas \u00e0 concess\u00e3o de di\u00e1rias no exerc\u00edcio de 2021 no portal de transpar\u00eancia municipal, contendo todas as informa\u00e7\u00f5es e respectivas assinaturas. O descumprimento da medida poder\u00e1 resultar na aplica\u00e7\u00e3o da multa prevista no art. 87, inciso III, al\u00ednea b, da Lei Complementar n\u00b0 113\/2005.<\/span><span data-ccp-props=\"{&quot;201341983&quot;:0,&quot;335551550&quot;:6,&quot;335551620&quot;:6,&quot;335559739&quot;:160,&quot;335559740&quot;:360}\">\u00a0<\/span><\/p>\n<p><span data-contrast=\"auto\">A decis\u00e3o ocorreu em sede de an\u00e1lise de den\u00fancia apresentada por cidad\u00e3o interessado, por meio da qual, ao exercer o controle social, noticiou ind\u00edcios de falta de transpar\u00eancia nos atos praticados pelo Poder Executivo Municipal, cujo objeto \u00e9 a comprova\u00e7\u00e3o de di\u00e1rias concedidas \u00e0 servidores e agentes p\u00fablicos.<\/span><span data-ccp-props=\"{&quot;201341983&quot;:0,&quot;335551550&quot;:6,&quot;335551620&quot;:6,&quot;335559739&quot;:160,&quot;335559740&quot;:360}\">\u00a0<\/span><\/p>\n<h4><b><span data-contrast=\"auto\">Instru\u00e7\u00e3o do processo<\/span><\/b><span data-ccp-props=\"{&quot;201341983&quot;:0,&quot;335551550&quot;:6,&quot;335551620&quot;:6,&quot;335559739&quot;:160,&quot;335559740&quot;:360}\">\u00a0<\/span><\/h4>\n<p><span data-contrast=\"auto\">Ap\u00f3s an\u00e1lise do Portal da Transpar\u00eancia de Diamante do Norte, o Relator Conselheiro Artag\u00e3o de Mattos Le\u00e3o determinou a expedi\u00e7\u00e3o de medida cautelar para que, no prazo de 15 dias, o Munic\u00edpio retificasse os registros existentes e passasse a incluir todos os dados relativos \u00e0s viagens oficiais de servidores e agentes p\u00fablicos e demais informa\u00e7\u00f5es imprescind\u00edveis para o controle da despesa p\u00fablica.<\/span><span data-ccp-props=\"{&quot;201341983&quot;:0,&quot;335551550&quot;:6,&quot;335551620&quot;:6,&quot;335559739&quot;:160,&quot;335559740&quot;:360}\">\u00a0<\/span><\/p>\n<p><span data-contrast=\"auto\">Em sua defesa, o Munic\u00edpio alegou que todos os dados solicitados j\u00e1 est\u00e3o dispon\u00edveis no <\/span><i><span data-contrast=\"auto\">site<\/span><\/i><span data-contrast=\"auto\"> da Prefeitura. Esclareceu, ainda, que as di\u00e1rias mais recentes n\u00e3o possuem documentos anexos, pois, primeiramente, s\u00e3o lan\u00e7adas no sistema para gera\u00e7\u00e3o do empenho, para somente depois serem anexados os documentos. Apontou tamb\u00e9m que tal dificuldade de localiza\u00e7\u00e3o das informa\u00e7\u00f5es decorre do sistema que divulga os atos em tempo real, conforme s\u00e3o alimentados nos m\u00f3dulos internos, e o tempo necess\u00e1rio para formaliza\u00e7\u00e3o do processo f\u00edsico e posterior <\/span><i><span data-contrast=\"auto\">upload<\/span><\/i><span data-contrast=\"auto\">.<\/span><span data-ccp-props=\"{&quot;201341983&quot;:0,&quot;335551550&quot;:6,&quot;335551620&quot;:6,&quot;335559739&quot;:160,&quot;335559740&quot;:360}\">\u00a0<\/span><\/p>\n<p><span data-contrast=\"auto\">Instada a se manifestar, a Coordenadoria de Gest\u00e3o Municipal (CGM) opinou pela concess\u00e3o de prazo para finaliza\u00e7\u00e3o das provid\u00eancias, a fim de que o Munic\u00edpio regularize o <\/span><i><span data-contrast=\"auto\">upload<\/span><\/i><span data-contrast=\"auto\"> dos documentos emitidos ao longo do exerc\u00edcio de 2021. Alternativamente, caso n\u00e3o sejam sanadas as irregularidades, prop\u00f4s a aplica\u00e7\u00e3o da multa do art. 87, inciso III, al\u00ednea b, da Lei Complementar n\u00b0 113\/2005.<\/span><span data-ccp-props=\"{&quot;201341983&quot;:0,&quot;335551550&quot;:6,&quot;335551620&quot;:6,&quot;335559739&quot;:160,&quot;335559740&quot;:360}\">\u00a0<\/span><\/p>\n<p><span data-contrast=\"auto\">O Minist\u00e9rio P\u00fablico de Contas, por sua vez, observou que apesar da pronta ado\u00e7\u00e3o de medidas corretivas pelo gestor, elas n\u00e3o foram suficientes para saneamento integral das impropriedades. Sendo assim, mediante o <a href=\"https:\/\/www.mpc.pr.gov.br\/wp-content\/uploads\/2023\/09\/Diamante-do-Norte-Parecer-Ministerial-101-23.pdf\">Parecer n\u00b0 101\/23<\/a>, opinou pela proced\u00eancia da den\u00fancia, com expedi\u00e7\u00e3o de determina\u00e7\u00e3o ao Munic\u00edpio, a fim de que regularize a divulga\u00e7\u00e3o das informa\u00e7\u00f5es relativas \u00e0s di\u00e1rias concedidas em 2021 no Portal de Transpar\u00eancia, incluindo a alimenta\u00e7\u00e3o da correspondente documenta\u00e7\u00e3o, devidamente assinada.\u00a0<\/span><span data-ccp-props=\"{&quot;201341983&quot;:0,&quot;335551550&quot;:6,&quot;335551620&quot;:6,&quot;335559739&quot;:160,&quot;335559740&quot;:360}\">\u00a0<\/span><\/p>\n<h4><b><span data-contrast=\"auto\">Decis\u00e3o<\/span><\/b><span data-ccp-props=\"{&quot;201341983&quot;:0,&quot;335551550&quot;:6,&quot;335551620&quot;:6,&quot;335559739&quot;:160,&quot;335559740&quot;:360}\">\u00a0<\/span><\/h4>\n<p><span data-contrast=\"auto\">Em sede de julgamento, o relator Conselheiro Maur\u00edcio Requi\u00e3o de Mello e Silva acompanhou a manifesta\u00e7\u00e3o do MPC-PR pela proced\u00eancia da den\u00fancia, uma vez que os dados das di\u00e1rias referentes ao exerc\u00edcio de 2021 ainda n\u00e3o haviam sido regularizados.<\/span><span data-ccp-props=\"{&quot;201341983&quot;:0,&quot;335551550&quot;:6,&quot;335551620&quot;:6,&quot;335559739&quot;:160,&quot;335559740&quot;:360}\">\u00a0<\/span><\/p>\n<p><span data-contrast=\"auto\">Dessa forma, com vistas a adequar a juntada das documenta\u00e7\u00f5es em sua completude na aba correspondente e a adotar provid\u00eancias para melhorar a publicidade, transpar\u00eancia e facilidade de acesso dos cidad\u00e3os, o Relator acolheu a proposta ministerial pela expedi\u00e7\u00e3o de determina\u00e7\u00e3o ao Munic\u00edpio.<\/span><span data-ccp-props=\"{&quot;201341983&quot;:0,&quot;335551550&quot;:6,&quot;335551620&quot;:6,&quot;335559739&quot;:160,&quot;335559740&quot;:360}\">\u00a0<\/span><\/p>\n<p><span data-contrast=\"auto\">Conforme decis\u00e3o expressa no <a href=\"https:\/\/www.mpc.pr.gov.br\/wp-content\/uploads\/2023\/09\/Diamante-do-Norte-Acordao-2515-23-STP.pdf\">Ac\u00f3rd\u00e3o n\u00b0 2515\/23<\/a>, os membros do Tribunal Pleno acompanharam, por unanimidade, o voto do Relator, determinando o prazo de 60 dias para que o Munic\u00edpio de Diamante do Norte finalize as dilig\u00eancias j\u00e1 adotadas para regularizar o <\/span><i><span data-contrast=\"auto\">upload<\/span><\/i><span data-contrast=\"auto\"> das documenta\u00e7\u00f5es no portal de transpar\u00eancia municipal, conforme solicitado em medida cautelar, sob pena de aplica\u00e7\u00e3o da multa prevista na Lei Complementar n\u00b0 113\/2005.<\/span><span data-ccp-props=\"{&quot;201341983&quot;:0,&quot;335551550&quot;:6,&quot;335551620&quot;:6,&quot;335559739&quot;:160,&quot;335559740&quot;:360}\">\u00a0<\/span><\/p>\n<blockquote><p><span style=\"color: #820007;\"><strong><u>Informa\u00e7\u00e3o para consulta processual<\/u><\/strong><\/span><\/p>\n<table style=\"height: 123px;\" border=\"0\" width=\"469\" cellspacing=\"0\" cellpadding=\"0\">\n<tbody>\n<tr>\n<td><strong>Processo n\u00ba<\/strong>:<\/td>\n<td>548190\/22<\/td>\n<\/tr>\n<tr>\n<td><strong>Ac\u00f3rd\u00e3o n\u00ba<\/strong>:<\/td>\n<td>2515\/23 &#8211; Tribunal Pleno<\/td>\n<\/tr>\n<tr>\n<td><strong>Assunto<\/strong>:<\/td>\n<td>Den\u00fancia<\/td>\n<\/tr>\n<tr>\n<td><strong>Entidade<\/strong>:<\/td>\n<td>Munic\u00edpio de Diamante do Norte<\/td>\n<\/tr>\n<tr>\n<td><strong>Relator<\/strong>:<\/td>\n<td>Conselheiro Artag\u00e3o de Mattos Le\u00e3o<\/td>\n<\/tr>\n<\/tbody>\n<\/table>\n<\/blockquote>\n","protected":false},"excerpt":{"rendered":"<p>Acolhendo a proposta do Minist\u00e9rio P\u00fablico de Contas do Paran\u00e1 (MPC-PR), o Pleno do Tribunal de Contas do Estado (TCE-PR) determinou que o Munic\u00edpio de Diamante do Norte, no prazo de 60 dias, regularize o upload de documenta\u00e7\u00f5es relativas \u00e0 concess\u00e3o de di\u00e1rias no exerc\u00edcio de 2021 no portal de transpar\u00eancia municipal, contendo todas as [&hellip;]<\/p>\n","protected":false},"author":1,"featured_media":16472,"comment_status":"open","ping_status":"open","sticky":false,"template":"","format":"standard","meta":{"_monsterinsights_skip_tracking":false,"_monsterinsights_sitenote_active":false,"_monsterinsights_sitenote_note":"","_monsterinsights_sitenote_category":0,"footnotes":""},"categories":[7],"tags":[454,141,361,13,453,39,71],"class_list":["post-16430","post","type-post","status-publish","format-standard","has-post-thumbnail","hentry","category-todas-as-noticias","tag-concessao-de-diarias","tag-denuncia","tag-diamante-do-norte","tag-mpc-pr","tag-portal-de-transparencia","tag-tce-pr","tag-tribunal-pleno","entry","has-media"],"yoast_head":"<!-- This site is optimized with the Yoast SEO plugin v27.3 - https:\/\/yoast.com\/product\/yoast-seo-wordpress\/ -->\n<title>Diamante do Norte deve regularizar a divulga\u00e7\u00e3o de dados de di\u00e1rias no portal de transpar\u00eancia municipal - Minist\u00e9rio P\u00fablico de Contas do Estado do Paran\u00e1<\/title>\n<meta name=\"robots\" content=\"index, follow, max-snippet:-1, max-image-preview:large, max-video-preview:-1\" \/>\n<link rel=\"canonical\" href=\"https:\/\/www.mpc.pr.gov.br\/index.php\/diamante-do-norte-deve-regularizar-a-divulgacao-de-dados-de-diarias-no-portal-de-transparencia-municipal\/\" \/>\n<meta property=\"og:locale\" content=\"pt_BR\" \/>\n<meta property=\"og:type\" content=\"article\" \/>\n<meta property=\"og:title\" content=\"Diamante do Norte deve regularizar a divulga\u00e7\u00e3o de dados de di\u00e1rias no portal de transpar\u00eancia municipal - Minist\u00e9rio P\u00fablico de Contas do Estado do Paran\u00e1\" \/>\n<meta property=\"og:description\" content=\"Acolhendo a proposta do Minist\u00e9rio P\u00fablico de Contas do Paran\u00e1 (MPC-PR), o Pleno do Tribunal de Contas do Estado (TCE-PR) determinou que o Munic\u00edpio de Diamante do Norte, no prazo de 60 dias, regularize o upload de documenta\u00e7\u00f5es relativas \u00e0 concess\u00e3o de di\u00e1rias no exerc\u00edcio de 2021 no portal de transpar\u00eancia municipal, contendo todas as [&hellip;]\" \/>\n<meta property=\"og:url\" content=\"https:\/\/www.mpc.pr.gov.br\/index.php\/diamante-do-norte-deve-regularizar-a-divulgacao-de-dados-de-diarias-no-portal-de-transparencia-municipal\/\" \/>\n<meta property=\"og:site_name\" content=\"Minist\u00e9rio P\u00fablico de Contas do Estado do Paran\u00e1\" \/>\n<meta property=\"article:publisher\" content=\"https:\/\/www.facebook.com\/mpc.pr\" \/>\n<meta property=\"article:published_time\" content=\"2023-09-12T13:10:20+00:00\" \/>\n<meta property=\"article:modified_time\" content=\"2023-09-28T17:09:48+00:00\" \/>\n<meta property=\"og:image\" content=\"https:\/\/www.mpc.pr.gov.br\/wp-content\/uploads\/2023\/09\/Diamante-do-Norte-1.jpg\" \/>\n\t<meta property=\"og:image:width\" content=\"960\" \/>\n\t<meta property=\"og:image:height\" content=\"720\" \/>\n\t<meta property=\"og:image:type\" content=\"image\/jpeg\" \/>\n<meta name=\"author\" content=\"mpcontaspr\" \/>\n<meta name=\"twitter:card\" content=\"summary_large_image\" \/>\n<meta name=\"twitter:label1\" content=\"Escrito por\" \/>\n\t<meta name=\"twitter:data1\" content=\"mpcontaspr\" \/>\n\t<meta name=\"twitter:label2\" content=\"Est. tempo de leitura\" \/>\n\t<meta name=\"twitter:data2\" content=\"4 minutos\" \/>\n<script type=\"application\/ld+json\" class=\"yoast-schema-graph\">{\"@context\":\"https:\\\/\\\/schema.org\",\"@graph\":[{\"@type\":\"Article\",\"@id\":\"https:\\\/\\\/www.mpc.pr.gov.br\\\/index.php\\\/diamante-do-norte-deve-regularizar-a-divulgacao-de-dados-de-diarias-no-portal-de-transparencia-municipal\\\/#article\",\"isPartOf\":{\"@id\":\"https:\\\/\\\/www.mpc.pr.gov.br\\\/index.php\\\/diamante-do-norte-deve-regularizar-a-divulgacao-de-dados-de-diarias-no-portal-de-transparencia-municipal\\\/\"},\"author\":{\"name\":\"mpcontaspr\",\"@id\":\"https:\\\/\\\/www.mpc.pr.gov.br\\\/#\\\/schema\\\/person\\\/2d83cb8980538d0ec174e8a6284f5e11\"},\"headline\":\"Diamante do Norte deve regularizar a divulga\u00e7\u00e3o de dados de di\u00e1rias no portal de transpar\u00eancia municipal\",\"datePublished\":\"2023-09-12T13:10:20+00:00\",\"dateModified\":\"2023-09-28T17:09:48+00:00\",\"mainEntityOfPage\":{\"@id\":\"https:\\\/\\\/www.mpc.pr.gov.br\\\/index.php\\\/diamante-do-norte-deve-regularizar-a-divulgacao-de-dados-de-diarias-no-portal-de-transparencia-municipal\\\/\"},\"wordCount\":710,\"commentCount\":0,\"publisher\":{\"@id\":\"https:\\\/\\\/www.mpc.pr.gov.br\\\/#organization\"},\"image\":{\"@id\":\"https:\\\/\\\/www.mpc.pr.gov.br\\\/index.php\\\/diamante-do-norte-deve-regularizar-a-divulgacao-de-dados-de-diarias-no-portal-de-transparencia-municipal\\\/#primaryimage\"},\"thumbnailUrl\":\"https:\\\/\\\/www.mpc.pr.gov.br\\\/wp-content\\\/uploads\\\/2023\\\/09\\\/Diamante-do-Norte-1.jpg\",\"keywords\":[\"Concess\u00e3o de Di\u00e1rias\",\"Den\u00fancia\",\"Diamante do Norte\",\"MPC-PR\",\"Portal de Transpar\u00eancia\",\"TCE-PR\",\"Tribunal Pleno\"],\"articleSection\":[\"Todas as not\u00edcias\"],\"inLanguage\":\"pt-BR\",\"potentialAction\":[{\"@type\":\"CommentAction\",\"name\":\"Comment\",\"target\":[\"https:\\\/\\\/www.mpc.pr.gov.br\\\/index.php\\\/diamante-do-norte-deve-regularizar-a-divulgacao-de-dados-de-diarias-no-portal-de-transparencia-municipal\\\/#respond\"]}]},{\"@type\":\"WebPage\",\"@id\":\"https:\\\/\\\/www.mpc.pr.gov.br\\\/index.php\\\/diamante-do-norte-deve-regularizar-a-divulgacao-de-dados-de-diarias-no-portal-de-transparencia-municipal\\\/\",\"url\":\"https:\\\/\\\/www.mpc.pr.gov.br\\\/index.php\\\/diamante-do-norte-deve-regularizar-a-divulgacao-de-dados-de-diarias-no-portal-de-transparencia-municipal\\\/\",\"name\":\"Diamante do Norte deve regularizar a divulga\u00e7\u00e3o de dados de di\u00e1rias no portal de transpar\u00eancia municipal - Minist\u00e9rio P\u00fablico de Contas do Estado do Paran\u00e1\",\"isPartOf\":{\"@id\":\"https:\\\/\\\/www.mpc.pr.gov.br\\\/#website\"},\"primaryImageOfPage\":{\"@id\":\"https:\\\/\\\/www.mpc.pr.gov.br\\\/index.php\\\/diamante-do-norte-deve-regularizar-a-divulgacao-de-dados-de-diarias-no-portal-de-transparencia-municipal\\\/#primaryimage\"},\"image\":{\"@id\":\"https:\\\/\\\/www.mpc.pr.gov.br\\\/index.php\\\/diamante-do-norte-deve-regularizar-a-divulgacao-de-dados-de-diarias-no-portal-de-transparencia-municipal\\\/#primaryimage\"},\"thumbnailUrl\":\"https:\\\/\\\/www.mpc.pr.gov.br\\\/wp-content\\\/uploads\\\/2023\\\/09\\\/Diamante-do-Norte-1.jpg\",\"datePublished\":\"2023-09-12T13:10:20+00:00\",\"dateModified\":\"2023-09-28T17:09:48+00:00\",\"breadcrumb\":{\"@id\":\"https:\\\/\\\/www.mpc.pr.gov.br\\\/index.php\\\/diamante-do-norte-deve-regularizar-a-divulgacao-de-dados-de-diarias-no-portal-de-transparencia-municipal\\\/#breadcrumb\"},\"inLanguage\":\"pt-BR\",\"potentialAction\":[{\"@type\":\"ReadAction\",\"target\":[\"https:\\\/\\\/www.mpc.pr.gov.br\\\/index.php\\\/diamante-do-norte-deve-regularizar-a-divulgacao-de-dados-de-diarias-no-portal-de-transparencia-municipal\\\/\"]}]},{\"@type\":\"ImageObject\",\"inLanguage\":\"pt-BR\",\"@id\":\"https:\\\/\\\/www.mpc.pr.gov.br\\\/index.php\\\/diamante-do-norte-deve-regularizar-a-divulgacao-de-dados-de-diarias-no-portal-de-transparencia-municipal\\\/#primaryimage\",\"url\":\"https:\\\/\\\/www.mpc.pr.gov.br\\\/wp-content\\\/uploads\\\/2023\\\/09\\\/Diamante-do-Norte-1.jpg\",\"contentUrl\":\"https:\\\/\\\/www.mpc.pr.gov.br\\\/wp-content\\\/uploads\\\/2023\\\/09\\\/Diamante-do-Norte-1.jpg\",\"width\":960,\"height\":720,\"caption\":\"Acesso rodovi\u00e1rio ao Munic\u00edpio de Diamante do Norte. Foto: divulga\u00e7\u00e3o.\"},{\"@type\":\"BreadcrumbList\",\"@id\":\"https:\\\/\\\/www.mpc.pr.gov.br\\\/index.php\\\/diamante-do-norte-deve-regularizar-a-divulgacao-de-dados-de-diarias-no-portal-de-transparencia-municipal\\\/#breadcrumb\",\"itemListElement\":[{\"@type\":\"ListItem\",\"position\":1,\"name\":\"In\u00edcio\",\"item\":\"https:\\\/\\\/www.mpc.pr.gov.br\\\/\"},{\"@type\":\"ListItem\",\"position\":2,\"name\":\"Diamante do Norte deve regularizar a divulga\u00e7\u00e3o de dados de di\u00e1rias no portal de transpar\u00eancia municipal\"}]},{\"@type\":\"WebSite\",\"@id\":\"https:\\\/\\\/www.mpc.pr.gov.br\\\/#website\",\"url\":\"https:\\\/\\\/www.mpc.pr.gov.br\\\/\",\"name\":\"Minist\u00e9rio P\u00fablico de Contas do Estado do Paran\u00e1\",\"description\":\"\",\"publisher\":{\"@id\":\"https:\\\/\\\/www.mpc.pr.gov.br\\\/#organization\"},\"potentialAction\":[{\"@type\":\"SearchAction\",\"target\":{\"@type\":\"EntryPoint\",\"urlTemplate\":\"https:\\\/\\\/www.mpc.pr.gov.br\\\/?s={search_term_string}\"},\"query-input\":{\"@type\":\"PropertyValueSpecification\",\"valueRequired\":true,\"valueName\":\"search_term_string\"}}],\"inLanguage\":\"pt-BR\"},{\"@type\":\"Organization\",\"@id\":\"https:\\\/\\\/www.mpc.pr.gov.br\\\/#organization\",\"name\":\"Minist\u00e9rio P\u00fablico de Contas do Estado do Paran\u00e1\",\"url\":\"https:\\\/\\\/www.mpc.pr.gov.br\\\/\",\"logo\":{\"@type\":\"ImageObject\",\"inLanguage\":\"pt-BR\",\"@id\":\"https:\\\/\\\/www.mpc.pr.gov.br\\\/#\\\/schema\\\/logo\\\/image\\\/\",\"url\":\"https:\\\/\\\/www.mpc.pr.gov.br\\\/wp-content\\\/uploads\\\/2020\\\/06\\\/99423647_1593460364143890_6706793420720963584_n-1-e1591387983167.png\",\"contentUrl\":\"https:\\\/\\\/www.mpc.pr.gov.br\\\/wp-content\\\/uploads\\\/2020\\\/06\\\/99423647_1593460364143890_6706793420720963584_n-1-e1591387983167.png\",\"width\":243,\"height\":73,\"caption\":\"Minist\u00e9rio P\u00fablico de Contas do Estado do Paran\u00e1\"},\"image\":{\"@id\":\"https:\\\/\\\/www.mpc.pr.gov.br\\\/#\\\/schema\\\/logo\\\/image\\\/\"},\"sameAs\":[\"https:\\\/\\\/www.facebook.com\\\/mpc.pr\",\"https:\\\/\\\/www.instagram.com\\\/mpc.pr\\\/?hl=pt-br\",\"https:\\\/\\\/www.youtube.com\\\/channel\\\/UCHri5oEM8DV0ztX57E0sBSw\"]},{\"@type\":\"Person\",\"@id\":\"https:\\\/\\\/www.mpc.pr.gov.br\\\/#\\\/schema\\\/person\\\/2d83cb8980538d0ec174e8a6284f5e11\",\"name\":\"mpcontaspr\",\"image\":{\"@type\":\"ImageObject\",\"inLanguage\":\"pt-BR\",\"@id\":\"https:\\\/\\\/secure.gravatar.com\\\/avatar\\\/1aef51541db7622e05fd639336c9c9f312c2a618396e2b6ca96846362fc5403f?s=96&d=mm&r=g\",\"url\":\"https:\\\/\\\/secure.gravatar.com\\\/avatar\\\/1aef51541db7622e05fd639336c9c9f312c2a618396e2b6ca96846362fc5403f?s=96&d=mm&r=g\",\"contentUrl\":\"https:\\\/\\\/secure.gravatar.com\\\/avatar\\\/1aef51541db7622e05fd639336c9c9f312c2a618396e2b6ca96846362fc5403f?s=96&d=mm&r=g\",\"caption\":\"mpcontaspr\"},\"sameAs\":[\"http:\\\/\\\/www.mpc.pr.gov.br\"]}]}<\/script>\n<!-- \/ Yoast SEO plugin. -->","yoast_head_json":{"title":"Diamante do Norte deve regularizar a divulga\u00e7\u00e3o de dados de di\u00e1rias no portal de transpar\u00eancia municipal - Minist\u00e9rio P\u00fablico de Contas do Estado do Paran\u00e1","robots":{"index":"index","follow":"follow","max-snippet":"max-snippet:-1","max-image-preview":"max-image-preview:large","max-video-preview":"max-video-preview:-1"},"canonical":"https:\/\/www.mpc.pr.gov.br\/index.php\/diamante-do-norte-deve-regularizar-a-divulgacao-de-dados-de-diarias-no-portal-de-transparencia-municipal\/","og_locale":"pt_BR","og_type":"article","og_title":"Diamante do Norte deve regularizar a divulga\u00e7\u00e3o de dados de di\u00e1rias no portal de transpar\u00eancia municipal - Minist\u00e9rio P\u00fablico de Contas do Estado do Paran\u00e1","og_description":"Acolhendo a proposta do Minist\u00e9rio P\u00fablico de Contas do Paran\u00e1 (MPC-PR), o Pleno do Tribunal de Contas do Estado (TCE-PR) determinou que o Munic\u00edpio de Diamante do Norte, no prazo de 60 dias, regularize o upload de documenta\u00e7\u00f5es relativas \u00e0 concess\u00e3o de di\u00e1rias no exerc\u00edcio de 2021 no portal de transpar\u00eancia municipal, contendo todas as [&hellip;]","og_url":"https:\/\/www.mpc.pr.gov.br\/index.php\/diamante-do-norte-deve-regularizar-a-divulgacao-de-dados-de-diarias-no-portal-de-transparencia-municipal\/","og_site_name":"Minist\u00e9rio P\u00fablico de Contas do Estado do Paran\u00e1","article_publisher":"https:\/\/www.facebook.com\/mpc.pr","article_published_time":"2023-09-12T13:10:20+00:00","article_modified_time":"2023-09-28T17:09:48+00:00","og_image":[{"width":960,"height":720,"url":"https:\/\/www.mpc.pr.gov.br\/wp-content\/uploads\/2023\/09\/Diamante-do-Norte-1.jpg","type":"image\/jpeg"}],"author":"mpcontaspr","twitter_card":"summary_large_image","twitter_misc":{"Escrito por":"mpcontaspr","Est. tempo de leitura":"4 minutos"},"schema":{"@context":"https:\/\/schema.org","@graph":[{"@type":"Article","@id":"https:\/\/www.mpc.pr.gov.br\/index.php\/diamante-do-norte-deve-regularizar-a-divulgacao-de-dados-de-diarias-no-portal-de-transparencia-municipal\/#article","isPartOf":{"@id":"https:\/\/www.mpc.pr.gov.br\/index.php\/diamante-do-norte-deve-regularizar-a-divulgacao-de-dados-de-diarias-no-portal-de-transparencia-municipal\/"},"author":{"name":"mpcontaspr","@id":"https:\/\/www.mpc.pr.gov.br\/#\/schema\/person\/2d83cb8980538d0ec174e8a6284f5e11"},"headline":"Diamante do Norte deve regularizar a divulga\u00e7\u00e3o de dados de di\u00e1rias no portal de transpar\u00eancia municipal","datePublished":"2023-09-12T13:10:20+00:00","dateModified":"2023-09-28T17:09:48+00:00","mainEntityOfPage":{"@id":"https:\/\/www.mpc.pr.gov.br\/index.php\/diamante-do-norte-deve-regularizar-a-divulgacao-de-dados-de-diarias-no-portal-de-transparencia-municipal\/"},"wordCount":710,"commentCount":0,"publisher":{"@id":"https:\/\/www.mpc.pr.gov.br\/#organization"},"image":{"@id":"https:\/\/www.mpc.pr.gov.br\/index.php\/diamante-do-norte-deve-regularizar-a-divulgacao-de-dados-de-diarias-no-portal-de-transparencia-municipal\/#primaryimage"},"thumbnailUrl":"https:\/\/www.mpc.pr.gov.br\/wp-content\/uploads\/2023\/09\/Diamante-do-Norte-1.jpg","keywords":["Concess\u00e3o de Di\u00e1rias","Den\u00fancia","Diamante do Norte","MPC-PR","Portal de Transpar\u00eancia","TCE-PR","Tribunal Pleno"],"articleSection":["Todas as not\u00edcias"],"inLanguage":"pt-BR","potentialAction":[{"@type":"CommentAction","name":"Comment","target":["https:\/\/www.mpc.pr.gov.br\/index.php\/diamante-do-norte-deve-regularizar-a-divulgacao-de-dados-de-diarias-no-portal-de-transparencia-municipal\/#respond"]}]},{"@type":"WebPage","@id":"https:\/\/www.mpc.pr.gov.br\/index.php\/diamante-do-norte-deve-regularizar-a-divulgacao-de-dados-de-diarias-no-portal-de-transparencia-municipal\/","url":"https:\/\/www.mpc.pr.gov.br\/index.php\/diamante-do-norte-deve-regularizar-a-divulgacao-de-dados-de-diarias-no-portal-de-transparencia-municipal\/","name":"Diamante do Norte deve regularizar a divulga\u00e7\u00e3o de dados de di\u00e1rias no portal de transpar\u00eancia municipal - Minist\u00e9rio P\u00fablico de Contas do Estado do Paran\u00e1","isPartOf":{"@id":"https:\/\/www.mpc.pr.gov.br\/#website"},"primaryImageOfPage":{"@id":"https:\/\/www.mpc.pr.gov.br\/index.php\/diamante-do-norte-deve-regularizar-a-divulgacao-de-dados-de-diarias-no-portal-de-transparencia-municipal\/#primaryimage"},"image":{"@id":"https:\/\/www.mpc.pr.gov.br\/index.php\/diamante-do-norte-deve-regularizar-a-divulgacao-de-dados-de-diarias-no-portal-de-transparencia-municipal\/#primaryimage"},"thumbnailUrl":"https:\/\/www.mpc.pr.gov.br\/wp-content\/uploads\/2023\/09\/Diamante-do-Norte-1.jpg","datePublished":"2023-09-12T13:10:20+00:00","dateModified":"2023-09-28T17:09:48+00:00","breadcrumb":{"@id":"https:\/\/www.mpc.pr.gov.br\/index.php\/diamante-do-norte-deve-regularizar-a-divulgacao-de-dados-de-diarias-no-portal-de-transparencia-municipal\/#breadcrumb"},"inLanguage":"pt-BR","potentialAction":[{"@type":"ReadAction","target":["https:\/\/www.mpc.pr.gov.br\/index.php\/diamante-do-norte-deve-regularizar-a-divulgacao-de-dados-de-diarias-no-portal-de-transparencia-municipal\/"]}]},{"@type":"ImageObject","inLanguage":"pt-BR","@id":"https:\/\/www.mpc.pr.gov.br\/index.php\/diamante-do-norte-deve-regularizar-a-divulgacao-de-dados-de-diarias-no-portal-de-transparencia-municipal\/#primaryimage","url":"https:\/\/www.mpc.pr.gov.br\/wp-content\/uploads\/2023\/09\/Diamante-do-Norte-1.jpg","contentUrl":"https:\/\/www.mpc.pr.gov.br\/wp-content\/uploads\/2023\/09\/Diamante-do-Norte-1.jpg","width":960,"height":720,"caption":"Acesso rodovi\u00e1rio ao Munic\u00edpio de Diamante do Norte. Foto: divulga\u00e7\u00e3o."},{"@type":"BreadcrumbList","@id":"https:\/\/www.mpc.pr.gov.br\/index.php\/diamante-do-norte-deve-regularizar-a-divulgacao-de-dados-de-diarias-no-portal-de-transparencia-municipal\/#breadcrumb","itemListElement":[{"@type":"ListItem","position":1,"name":"In\u00edcio","item":"https:\/\/www.mpc.pr.gov.br\/"},{"@type":"ListItem","position":2,"name":"Diamante do Norte deve regularizar a divulga\u00e7\u00e3o de dados de di\u00e1rias no portal de transpar\u00eancia municipal"}]},{"@type":"WebSite","@id":"https:\/\/www.mpc.pr.gov.br\/#website","url":"https:\/\/www.mpc.pr.gov.br\/","name":"Minist\u00e9rio P\u00fablico de Contas do Estado do Paran\u00e1","description":"","publisher":{"@id":"https:\/\/www.mpc.pr.gov.br\/#organization"},"potentialAction":[{"@type":"SearchAction","target":{"@type":"EntryPoint","urlTemplate":"https:\/\/www.mpc.pr.gov.br\/?s={search_term_string}"},"query-input":{"@type":"PropertyValueSpecification","valueRequired":true,"valueName":"search_term_string"}}],"inLanguage":"pt-BR"},{"@type":"Organization","@id":"https:\/\/www.mpc.pr.gov.br\/#organization","name":"Minist\u00e9rio P\u00fablico de Contas do Estado do Paran\u00e1","url":"https:\/\/www.mpc.pr.gov.br\/","logo":{"@type":"ImageObject","inLanguage":"pt-BR","@id":"https:\/\/www.mpc.pr.gov.br\/#\/schema\/logo\/image\/","url":"https:\/\/www.mpc.pr.gov.br\/wp-content\/uploads\/2020\/06\/99423647_1593460364143890_6706793420720963584_n-1-e1591387983167.png","contentUrl":"https:\/\/www.mpc.pr.gov.br\/wp-content\/uploads\/2020\/06\/99423647_1593460364143890_6706793420720963584_n-1-e1591387983167.png","width":243,"height":73,"caption":"Minist\u00e9rio P\u00fablico de Contas do Estado do Paran\u00e1"},"image":{"@id":"https:\/\/www.mpc.pr.gov.br\/#\/schema\/logo\/image\/"},"sameAs":["https:\/\/www.facebook.com\/mpc.pr","https:\/\/www.instagram.com\/mpc.pr\/?hl=pt-br","https:\/\/www.youtube.com\/channel\/UCHri5oEM8DV0ztX57E0sBSw"]},{"@type":"Person","@id":"https:\/\/www.mpc.pr.gov.br\/#\/schema\/person\/2d83cb8980538d0ec174e8a6284f5e11","name":"mpcontaspr","image":{"@type":"ImageObject","inLanguage":"pt-BR","@id":"https:\/\/secure.gravatar.com\/avatar\/1aef51541db7622e05fd639336c9c9f312c2a618396e2b6ca96846362fc5403f?s=96&d=mm&r=g","url":"https:\/\/secure.gravatar.com\/avatar\/1aef51541db7622e05fd639336c9c9f312c2a618396e2b6ca96846362fc5403f?s=96&d=mm&r=g","contentUrl":"https:\/\/secure.gravatar.com\/avatar\/1aef51541db7622e05fd639336c9c9f312c2a618396e2b6ca96846362fc5403f?s=96&d=mm&r=g","caption":"mpcontaspr"},"sameAs":["http:\/\/www.mpc.pr.gov.br"]}]}},"rttpg_featured_image_url":{"full":["https:\/\/www.mpc.pr.gov.br\/wp-content\/uploads\/2023\/09\/Diamante-do-Norte-1.jpg",960,720,false],"landscape":["https:\/\/www.mpc.pr.gov.br\/wp-content\/uploads\/2023\/09\/Diamante-do-Norte-1.jpg",960,720,false],"portraits":["https:\/\/www.mpc.pr.gov.br\/wp-content\/uploads\/2023\/09\/Diamante-do-Norte-1.jpg",960,720,false],"thumbnail":["https:\/\/www.mpc.pr.gov.br\/wp-content\/uploads\/2023\/09\/Diamante-do-Norte-1-150x150.jpg",150,150,true],"medium":["https:\/\/www.mpc.pr.gov.br\/wp-content\/uploads\/2023\/09\/Diamante-do-Norte-1-300x225.jpg",300,225,true],"large":["https:\/\/www.mpc.pr.gov.br\/wp-content\/uploads\/2023\/09\/Diamante-do-Norte-1.jpg",960,720,false],"1536x1536":["https:\/\/www.mpc.pr.gov.br\/wp-content\/uploads\/2023\/09\/Diamante-do-Norte-1.jpg",960,720,false],"2048x2048":["https:\/\/www.mpc.pr.gov.br\/wp-content\/uploads\/2023\/09\/Diamante-do-Norte-1.jpg",960,720,false],"ocean-thumb-m":["https:\/\/www.mpc.pr.gov.br\/wp-content\/uploads\/2023\/09\/Diamante-do-Norte-1-600x600.jpg",600,600,true],"ocean-thumb-ml":["https:\/\/www.mpc.pr.gov.br\/wp-content\/uploads\/2023\/09\/Diamante-do-Norte-1-800x450.jpg",800,450,true],"ocean-thumb-l":["https:\/\/www.mpc.pr.gov.br\/wp-content\/uploads\/2023\/09\/Diamante-do-Norte-1-960x700.jpg",960,700,true]},"rttpg_author":{"display_name":"mpcontaspr","author_link":"https:\/\/www.mpc.pr.gov.br\/index.php\/author\/mpcontaspr\/"},"rttpg_comment":0,"rttpg_category":"<a href=\"https:\/\/www.mpc.pr.gov.br\/index.php\/category\/todas-as-noticias\/\" rel=\"category tag\">Todas as not\u00edcias<\/a>","rttpg_excerpt":"Acolhendo a proposta do Minist\u00e9rio P\u00fablico de Contas do Paran\u00e1 (MPC-PR), o Pleno do Tribunal de Contas do Estado (TCE-PR) determinou que o Munic\u00edpio de Diamante do Norte, no prazo de 60 dias, regularize o upload de documenta\u00e7\u00f5es relativas \u00e0 concess\u00e3o de di\u00e1rias no exerc\u00edcio de 2021 no portal de transpar\u00eancia municipal, contendo todas as&hellip;","_links":{"self":[{"href":"https:\/\/www.mpc.pr.gov.br\/index.php\/wp-json\/wp\/v2\/posts\/16430","targetHints":{"allow":["GET"]}}],"collection":[{"href":"https:\/\/www.mpc.pr.gov.br\/index.php\/wp-json\/wp\/v2\/posts"}],"about":[{"href":"https:\/\/www.mpc.pr.gov.br\/index.php\/wp-json\/wp\/v2\/types\/post"}],"author":[{"embeddable":true,"href":"https:\/\/www.mpc.pr.gov.br\/index.php\/wp-json\/wp\/v2\/users\/1"}],"replies":[{"embeddable":true,"href":"https:\/\/www.mpc.pr.gov.br\/index.php\/wp-json\/wp\/v2\/comments?post=16430"}],"version-history":[{"count":2,"href":"https:\/\/www.mpc.pr.gov.br\/index.php\/wp-json\/wp\/v2\/posts\/16430\/revisions"}],"predecessor-version":[{"id":16473,"href":"https:\/\/www.mpc.pr.gov.br\/index.php\/wp-json\/wp\/v2\/posts\/16430\/revisions\/16473"}],"wp:featuredmedia":[{"embeddable":true,"href":"https:\/\/www.mpc.pr.gov.br\/index.php\/wp-json\/wp\/v2\/media\/16472"}],"wp:attachment":[{"href":"https:\/\/www.mpc.pr.gov.br\/index.php\/wp-json\/wp\/v2\/media?parent=16430"}],"wp:term":[{"taxonomy":"category","embeddable":true,"href":"https:\/\/www.mpc.pr.gov.br\/index.php\/wp-json\/wp\/v2\/categories?post=16430"},{"taxonomy":"post_tag","embeddable":true,"href":"https:\/\/www.mpc.pr.gov.br\/index.php\/wp-json\/wp\/v2\/tags?post=16430"}],"curies":[{"name":"wp","href":"https:\/\/api.w.org\/{rel}","templated":true}]}}