{"id":16501,"date":"2023-09-14T10:04:09","date_gmt":"2023-09-14T13:04:09","guid":{"rendered":"https:\/\/www.mpc.pr.gov.br\/?p=16501"},"modified":"2023-10-03T13:57:06","modified_gmt":"2023-10-03T16:57:06","slug":"foz-do-iguacu-tem-certidao-liberatoria-negada-por-descumprimento-de-prazos-da-agenda-de-obrigacoes-municipais","status":"publish","type":"post","link":"https:\/\/www.mpc.pr.gov.br\/index.php\/foz-do-iguacu-tem-certidao-liberatoria-negada-por-descumprimento-de-prazos-da-agenda-de-obrigacoes-municipais\/","title":{"rendered":"Foz do Igua\u00e7u tem certid\u00e3o liberat\u00f3ria negada por descumprimento de prazos da Agenda de Obriga\u00e7\u00f5es Municipais"},"content":{"rendered":"<figure id=\"attachment_16503\" aria-describedby=\"caption-attachment-16503\" style=\"width: 300px\" class=\"wp-caption alignleft\"><img fetchpriority=\"high\" decoding=\"async\" class=\"size-medium wp-image-16503\" src=\"https:\/\/www.mpc.pr.gov.br\/wp-content\/uploads\/2023\/09\/Foz-do-Iguacu-300x203.jpg\" alt=\"\" width=\"300\" height=\"203\" srcset=\"https:\/\/www.mpc.pr.gov.br\/wp-content\/uploads\/2023\/09\/Foz-do-Iguacu-300x203.jpg 300w, https:\/\/www.mpc.pr.gov.br\/wp-content\/uploads\/2023\/09\/Foz-do-Iguacu.jpg 640w\" sizes=\"(max-width: 300px) 100vw, 300px\" \/><figcaption id=\"caption-attachment-16503\" class=\"wp-caption-text\">Vista da \u00e1rea central de Foz do Igua\u00e7u, na Tr\u00edplice Fronteira; ao fundo, o Rio Paran\u00e1 e Ciudad del Este, no Paraguai. Foto: Divulga\u00e7\u00e3o<\/figcaption><\/figure>\n<p><span data-contrast=\"auto\">A Primeira C\u00e2mara do Tribunal de Contas do Estado (TCE-PR) indeferiu o pedido de expedi\u00e7\u00e3o de Certid\u00e3o Liberat\u00f3ria formulado pelo Munic\u00edpio de Foz do Igua\u00e7u em raz\u00e3o do atraso no envio de dados ao Sistema de Informa\u00e7\u00f5es Municipais &#8211; Acompanhamento Mensal (<\/span><span data-contrast=\"auto\">SIM-AM), referente aos meses 1 a 5 de 2023. Conforme decis\u00e3o do Ac\u00f3rd\u00e3o n\u00ba 2600\/23 da Primeira C\u00e2mara do TCE-PR, o Munic\u00edpio fica impedido de receber transfer\u00eancias at\u00e9 que haja a regulariza\u00e7\u00e3o dos pontos necess\u00e1rios, uma vez que a certid\u00e3o \u00e9 exigida como requisito pelos \u00f3rg\u00e3os repassadores de recursos. <\/span><span data-ccp-props=\"{&quot;201341983&quot;:0,&quot;335551550&quot;:6,&quot;335551620&quot;:6,&quot;335559739&quot;:160,&quot;335559740&quot;:360}\">\u00a0<\/span><\/p>\n<p><span data-contrast=\"auto\">A decis\u00e3o acompanhou as manifesta\u00e7\u00f5es uniformes da unidade t\u00e9cnica e do Minist\u00e9rio P\u00fablico de Contas do Paran\u00e1 (MPC-PR), que refor\u00e7aram a import\u00e2ncia da remessa em tempo das informa\u00e7\u00f5es no SIM-AM, pois al\u00e9m de disponibilizar os dados de composi\u00e7\u00e3o da presta\u00e7\u00e3o de contas anual, \u00e9 tamb\u00e9m indispens\u00e1vel para prover a base com os elementos necess\u00e1rios \u00e0 realiza\u00e7\u00e3o da an\u00e1lise de gest\u00e3o fiscal, conforme determinado no art. 1\u00ba, I, da IN 68\/12, a fim de atestar o atendimento dos requisitos considerados essenciais \u00e0 boa gest\u00e3o fiscal conforme defini\u00e7\u00e3o pela <a href=\"https:\/\/www.planalto.gov.br\/ccivil_03\/leis\/lcp\/lcp101.htm\">Lei de Responsabilidade Fiscal \u2013 LRF (Lei Complementar n\u00b0 101\/2000).<\/a><\/span><span data-ccp-props=\"{&quot;201341983&quot;:0,&quot;335551550&quot;:6,&quot;335551620&quot;:6,&quot;335559739&quot;:160,&quot;335559740&quot;:360}\">\u00a0<\/span><\/p>\n<h4><b><span data-contrast=\"auto\">Instru\u00e7\u00e3o do Processo<\/span><\/b><span data-ccp-props=\"{&quot;201341983&quot;:0,&quot;335551550&quot;:6,&quot;335551620&quot;:6,&quot;335559739&quot;:160,&quot;335559740&quot;:360}\">\u00a0<\/span><\/h4>\n<p><span data-contrast=\"auto\">No pedido de Certid\u00e3o Liberat\u00f3ria para fins de recebimento de transfer\u00eancias volunt\u00e1rias, o Prefeito do Munic\u00edpio de Foz do Igua\u00e7u, Francisco Lacerda Brasileiro, alegou que n\u00e3o conseguiu emitir a certid\u00e3o por causa da exist\u00eancia de pend\u00eancias junto \u00e0 Coordenadoria de Monitoramento e Execu\u00e7\u00f5es (CMEX), referente a processo de Tomada de Contas Ordin\u00e1ria n\u00b0 743192\/17 .<\/span><span data-ccp-props=\"{&quot;201341983&quot;:0,&quot;335551550&quot;:6,&quot;335551620&quot;:6,&quot;335559739&quot;:160,&quot;335559740&quot;:360}\">\u00a0<\/span><span data-contrast=\"auto\">Quanto ao atraso na <a href=\"https:\/\/www.mpc.pr.gov.br\/wp-content\/uploads\/2023\/09\/Agenda-de-Obrigacoes-Municipais-2023-TCE-PR.pdf\">Agenda de Obriga\u00e7\u00f5es<\/a>, argumentou que o Munic\u00edpio est\u00e1 \u201cencontrando problemas no envio dos dados devido as diversas altera\u00e7\u00f5es implementadas para o SIM-AM exerc\u00edcio de 2023, em especial o m\u00f3dulo Tribut\u00e1rio\u201d e que est\u00e1 trocando o sistema tecnol\u00f3gico, devido ao encerramento do contrato anterior em 28 de abril de 2023.<\/span><span data-ccp-props=\"{&quot;134233117&quot;:false,&quot;134233118&quot;:false,&quot;201341983&quot;:0,&quot;335551550&quot;:6,&quot;335551620&quot;:6,&quot;335559685&quot;:0,&quot;335559737&quot;:0,&quot;335559738&quot;:0,&quot;335559739&quot;:160,&quot;335559740&quot;:360}\">\u00a0<\/span><\/p>\n<p><span data-contrast=\"auto\">Instada a se manifestar, a Coordenadoria de Gest\u00e3o Municipal (CGM) observou que apesar das dificuldades expostas pelo Munic\u00edpio, tais justificativas n\u00e3o s\u00e3o suficientes para afastar a restri\u00e7\u00e3o \u00e0 obten\u00e7\u00e3o da Certid\u00e3o Liberat\u00f3ria. Assim, do ponto de vista t\u00e9cnico e \u00e0 luz do ordenamento jur\u00eddico vigente, a unidade t\u00e9cnica opinou conclusivamente indeferimento do pedido.\u00a0<\/span><span data-ccp-props=\"{&quot;201341983&quot;:0,&quot;335551550&quot;:6,&quot;335551620&quot;:6,&quot;335559739&quot;:160,&quot;335559740&quot;:360}\">\u00a0<\/span><\/p>\n<p><span data-contrast=\"auto\">Diante dos fatos expostos, mediante o <a href=\"https:\/\/www.mpc.pr.gov.br\/wp-content\/uploads\/2023\/09\/Foz-do-Iguacu-Parecer-Ministerial-659-23.pdf\">Parecer n\u00b0 659\/23<\/a>, o Minist\u00e9rio P\u00fablico de Contas acompanhou o opinativo da unidade t\u00e9cnica pela negativa da emiss\u00e3o da Certid\u00e3o Liberat\u00f3ria, em raz\u00e3o do descumprimento da Agenda de Obriga\u00e7\u00f5es, a qual estabelece os prazos para que os gestores da esfera municipal comprovem \u00e0 Corte de Contas o cumprimento das obriga\u00e7\u00f5es legais, dentre as quais aquelas relativas \u00e0 Lei Complementar Estadual n\u00ba 113\/2005, \u00e0 Lei de Responsabilidade Fiscal e aos \u00edndices constitucionais de investimento em educa\u00e7\u00e3o e sa\u00fade.<\/span><span data-ccp-props=\"{&quot;134233117&quot;:false,&quot;134233118&quot;:false,&quot;201341983&quot;:0,&quot;335551550&quot;:6,&quot;335551620&quot;:6,&quot;335559685&quot;:0,&quot;335559737&quot;:0,&quot;335559738&quot;:0,&quot;335559739&quot;:160,&quot;335559740&quot;:360}\">\u00a0<\/span><\/p>\n<h4><b><span data-contrast=\"auto\">Decis\u00e3o<\/span><\/b><span data-ccp-props=\"{&quot;134233117&quot;:false,&quot;134233118&quot;:false,&quot;201341983&quot;:0,&quot;335551550&quot;:6,&quot;335551620&quot;:6,&quot;335559685&quot;:0,&quot;335559737&quot;:0,&quot;335559738&quot;:0,&quot;335559739&quot;:160,&quot;335559740&quot;:360}\">\u00a0<\/span><\/h4>\n<p><span data-contrast=\"auto\">Em consulta ao sistema do TCE-PR, o relator Conselheiro Jos\u00e9 Durval Mattos do Amaral verificou que, em rela\u00e7\u00e3o ao Processo 743192\/17, foi concedida a prorroga\u00e7\u00e3o do prazo por mais 270 dias a partir do t\u00e9rmino do prazo anterior, para cumprimento da decis\u00e3o.\u00a0<\/span><span data-ccp-props=\"{&quot;134233117&quot;:false,&quot;134233118&quot;:false,&quot;201341983&quot;:0,&quot;335551550&quot;:6,&quot;335551620&quot;:6,&quot;335559685&quot;:0,&quot;335559737&quot;:0,&quot;335559738&quot;:0,&quot;335559739&quot;:160,&quot;335559740&quot;:360}\">\u00a0<\/span><\/p>\n<p><span data-contrast=\"auto\">No entanto, remanesce como pend\u00eancia o atraso no encaminhamento do SIM-AM, relativos aos meses 1 a 5 de 2023. Nesse sentido, observou que n\u00e3o h\u00e1 indica\u00e7\u00e3o da imin\u00eancia de recebimento de transfer\u00eancias volunt\u00e1rias pelo Munic\u00edpio, nem mesmo demonstra\u00e7\u00e3o formal de que a administra\u00e7\u00e3o municipal est\u00e1 tomando as medidas capazes de regularizar e assegurar o encaminhamento dos dados do SIM-AM ao TCE-PR.\u00a0<\/span><span data-ccp-props=\"{&quot;134233117&quot;:false,&quot;134233118&quot;:false,&quot;201341983&quot;:0,&quot;335551550&quot;:6,&quot;335551620&quot;:6,&quot;335559685&quot;:0,&quot;335559737&quot;:0,&quot;335559738&quot;:0,&quot;335559739&quot;:160,&quot;335559740&quot;:360}\">\u00a0<\/span><\/p>\n<p><span data-contrast=\"auto\">Dessa forma, considerando a import\u00e2ncia dos referidos dados para fins do exerc\u00edcio da atividade de controle e fiscaliza\u00e7\u00e3o do TCE-PR, o relator acompanhou os pareceres uniformes da CGM e MPC-PR, decidindo pelo indeferimento do pedido formulado pelo Munic\u00edpio de Foz do Igua\u00e7u, conforme fundamenta\u00e7\u00e3o contida no <a href=\"https:\/\/www.mpc.pr.gov.br\/wp-content\/uploads\/2023\/09\/Foz-do-Iguacu-Acordao-2600-23-S1C.pdf\">Ac\u00f3rd\u00e3o n\u00ba 2600\/23<\/a>, a qual, em suma, considerou que n\u00e3o h\u00e1 elementos h\u00e1beis para emiss\u00e3o da Certid\u00e3o Liberat\u00f3ria.<\/span><\/p>\n<blockquote><p><span style=\"color: #820007;\"><strong><u>Informa\u00e7\u00e3o para consulta processual<\/u><\/strong><\/span><\/p>\n<table style=\"height: 123px;\" border=\"0\" width=\"469\" cellspacing=\"0\" cellpadding=\"0\">\n<tbody>\n<tr>\n<td><strong>Processo n\u00ba<\/strong>:<\/td>\n<td>501286\/23<\/td>\n<\/tr>\n<tr>\n<td><strong>Ac\u00f3rd\u00e3o n\u00ba<\/strong>:<\/td>\n<td>2600\/23 &#8211; Primeira C\u00e2mara<\/td>\n<\/tr>\n<tr>\n<td><strong>Assunto<\/strong>:<\/td>\n<td>Certid\u00e3o Liberat\u00f3ria<\/td>\n<\/tr>\n<tr>\n<td><strong>Entidade<\/strong>:<\/td>\n<td>Munic\u00edpio de Foz do Igua\u00e7u<\/td>\n<\/tr>\n<tr>\n<td><strong>Relator<\/strong>:<\/td>\n<td>Conselheiro Jose Durval Mattos do Amaral<\/td>\n<\/tr>\n<\/tbody>\n<\/table>\n<\/blockquote>\n","protected":false},"excerpt":{"rendered":"<p>A Primeira C\u00e2mara do Tribunal de Contas do Estado (TCE-PR) indeferiu o pedido de expedi\u00e7\u00e3o de Certid\u00e3o Liberat\u00f3ria formulado pelo Munic\u00edpio de Foz do Igua\u00e7u em raz\u00e3o do atraso no envio de dados ao Sistema de Informa\u00e7\u00f5es Municipais &#8211; Acompanhamento Mensal (SIM-AM), referente aos meses 1 a 5 de 2023. Conforme decis\u00e3o do Ac\u00f3rd\u00e3o n\u00ba [&hellip;]<\/p>\n","protected":false},"author":1,"featured_media":16503,"comment_status":"open","ping_status":"open","sticky":false,"template":"","format":"standard","meta":{"_monsterinsights_skip_tracking":false,"_monsterinsights_sitenote_active":false,"_monsterinsights_sitenote_note":"","_monsterinsights_sitenote_category":0,"footnotes":""},"categories":[7],"tags":[397,396,48,13,149,39],"class_list":["post-16501","post","type-post","status-publish","format-standard","has-post-thumbnail","hentry","category-todas-as-noticias","tag-agenda-de-obrigacoes-municipais","tag-certidao-liberatoria","tag-foz-do-iguacu","tag-mpc-pr","tag-primeira-camara","tag-tce-pr","entry","has-media"],"yoast_head":"<!-- This site is optimized with the Yoast SEO plugin v27.3 - https:\/\/yoast.com\/product\/yoast-seo-wordpress\/ -->\n<title>Foz do Igua\u00e7u tem certid\u00e3o liberat\u00f3ria negada por descumprimento de prazos da Agenda de Obriga\u00e7\u00f5es Municipais - Minist\u00e9rio P\u00fablico de Contas do Estado do Paran\u00e1<\/title>\n<meta name=\"robots\" content=\"index, follow, max-snippet:-1, max-image-preview:large, max-video-preview:-1\" \/>\n<link rel=\"canonical\" href=\"https:\/\/www.mpc.pr.gov.br\/index.php\/foz-do-iguacu-tem-certidao-liberatoria-negada-por-descumprimento-de-prazos-da-agenda-de-obrigacoes-municipais\/\" \/>\n<meta property=\"og:locale\" content=\"pt_BR\" \/>\n<meta property=\"og:type\" content=\"article\" \/>\n<meta property=\"og:title\" content=\"Foz do Igua\u00e7u tem certid\u00e3o liberat\u00f3ria negada por descumprimento de prazos da Agenda de Obriga\u00e7\u00f5es Municipais - Minist\u00e9rio P\u00fablico de Contas do Estado do Paran\u00e1\" \/>\n<meta property=\"og:description\" content=\"A Primeira C\u00e2mara do Tribunal de Contas do Estado (TCE-PR) indeferiu o pedido de expedi\u00e7\u00e3o de Certid\u00e3o Liberat\u00f3ria formulado pelo Munic\u00edpio de Foz do Igua\u00e7u em raz\u00e3o do atraso no envio de dados ao Sistema de Informa\u00e7\u00f5es Municipais &#8211; Acompanhamento Mensal (SIM-AM), referente aos meses 1 a 5 de 2023. Conforme decis\u00e3o do Ac\u00f3rd\u00e3o n\u00ba [&hellip;]\" \/>\n<meta property=\"og:url\" content=\"https:\/\/www.mpc.pr.gov.br\/index.php\/foz-do-iguacu-tem-certidao-liberatoria-negada-por-descumprimento-de-prazos-da-agenda-de-obrigacoes-municipais\/\" \/>\n<meta property=\"og:site_name\" content=\"Minist\u00e9rio P\u00fablico de Contas do Estado do Paran\u00e1\" \/>\n<meta property=\"article:publisher\" content=\"https:\/\/www.facebook.com\/mpc.pr\" \/>\n<meta property=\"article:published_time\" content=\"2023-09-14T13:04:09+00:00\" \/>\n<meta property=\"article:modified_time\" content=\"2023-10-03T16:57:06+00:00\" \/>\n<meta property=\"og:image\" content=\"https:\/\/www.mpc.pr.gov.br\/wp-content\/uploads\/2023\/09\/Foz-do-Iguacu.jpg\" \/>\n\t<meta property=\"og:image:width\" content=\"640\" \/>\n\t<meta property=\"og:image:height\" content=\"433\" \/>\n\t<meta property=\"og:image:type\" content=\"image\/jpeg\" \/>\n<meta name=\"author\" content=\"mpcontaspr\" \/>\n<meta name=\"twitter:card\" content=\"summary_large_image\" \/>\n<meta name=\"twitter:label1\" content=\"Escrito por\" \/>\n\t<meta name=\"twitter:data1\" content=\"mpcontaspr\" \/>\n\t<meta name=\"twitter:label2\" content=\"Est. tempo de leitura\" \/>\n\t<meta name=\"twitter:data2\" content=\"4 minutos\" \/>\n<script type=\"application\/ld+json\" class=\"yoast-schema-graph\">{\"@context\":\"https:\\\/\\\/schema.org\",\"@graph\":[{\"@type\":\"Article\",\"@id\":\"https:\\\/\\\/www.mpc.pr.gov.br\\\/index.php\\\/foz-do-iguacu-tem-certidao-liberatoria-negada-por-descumprimento-de-prazos-da-agenda-de-obrigacoes-municipais\\\/#article\",\"isPartOf\":{\"@id\":\"https:\\\/\\\/www.mpc.pr.gov.br\\\/index.php\\\/foz-do-iguacu-tem-certidao-liberatoria-negada-por-descumprimento-de-prazos-da-agenda-de-obrigacoes-municipais\\\/\"},\"author\":{\"name\":\"mpcontaspr\",\"@id\":\"https:\\\/\\\/www.mpc.pr.gov.br\\\/#\\\/schema\\\/person\\\/2d83cb8980538d0ec174e8a6284f5e11\"},\"headline\":\"Foz do Igua\u00e7u tem certid\u00e3o liberat\u00f3ria negada por descumprimento de prazos da Agenda de Obriga\u00e7\u00f5es Municipais\",\"datePublished\":\"2023-09-14T13:04:09+00:00\",\"dateModified\":\"2023-10-03T16:57:06+00:00\",\"mainEntityOfPage\":{\"@id\":\"https:\\\/\\\/www.mpc.pr.gov.br\\\/index.php\\\/foz-do-iguacu-tem-certidao-liberatoria-negada-por-descumprimento-de-prazos-da-agenda-de-obrigacoes-municipais\\\/\"},\"wordCount\":766,\"commentCount\":0,\"publisher\":{\"@id\":\"https:\\\/\\\/www.mpc.pr.gov.br\\\/#organization\"},\"image\":{\"@id\":\"https:\\\/\\\/www.mpc.pr.gov.br\\\/index.php\\\/foz-do-iguacu-tem-certidao-liberatoria-negada-por-descumprimento-de-prazos-da-agenda-de-obrigacoes-municipais\\\/#primaryimage\"},\"thumbnailUrl\":\"https:\\\/\\\/www.mpc.pr.gov.br\\\/wp-content\\\/uploads\\\/2023\\\/09\\\/Foz-do-Iguacu.jpg\",\"keywords\":[\"Agenda de Obriga\u00e7\u00f5es Municipais\",\"Certid\u00e3o Liberat\u00f3ria\",\"Foz do Igua\u00e7u\",\"MPC-PR\",\"Primeira C\u00e2mara\",\"TCE-PR\"],\"articleSection\":[\"Todas as not\u00edcias\"],\"inLanguage\":\"pt-BR\",\"potentialAction\":[{\"@type\":\"CommentAction\",\"name\":\"Comment\",\"target\":[\"https:\\\/\\\/www.mpc.pr.gov.br\\\/index.php\\\/foz-do-iguacu-tem-certidao-liberatoria-negada-por-descumprimento-de-prazos-da-agenda-de-obrigacoes-municipais\\\/#respond\"]}]},{\"@type\":\"WebPage\",\"@id\":\"https:\\\/\\\/www.mpc.pr.gov.br\\\/index.php\\\/foz-do-iguacu-tem-certidao-liberatoria-negada-por-descumprimento-de-prazos-da-agenda-de-obrigacoes-municipais\\\/\",\"url\":\"https:\\\/\\\/www.mpc.pr.gov.br\\\/index.php\\\/foz-do-iguacu-tem-certidao-liberatoria-negada-por-descumprimento-de-prazos-da-agenda-de-obrigacoes-municipais\\\/\",\"name\":\"Foz do Igua\u00e7u tem certid\u00e3o liberat\u00f3ria negada por descumprimento de prazos da Agenda de Obriga\u00e7\u00f5es Municipais - Minist\u00e9rio P\u00fablico de Contas do Estado do Paran\u00e1\",\"isPartOf\":{\"@id\":\"https:\\\/\\\/www.mpc.pr.gov.br\\\/#website\"},\"primaryImageOfPage\":{\"@id\":\"https:\\\/\\\/www.mpc.pr.gov.br\\\/index.php\\\/foz-do-iguacu-tem-certidao-liberatoria-negada-por-descumprimento-de-prazos-da-agenda-de-obrigacoes-municipais\\\/#primaryimage\"},\"image\":{\"@id\":\"https:\\\/\\\/www.mpc.pr.gov.br\\\/index.php\\\/foz-do-iguacu-tem-certidao-liberatoria-negada-por-descumprimento-de-prazos-da-agenda-de-obrigacoes-municipais\\\/#primaryimage\"},\"thumbnailUrl\":\"https:\\\/\\\/www.mpc.pr.gov.br\\\/wp-content\\\/uploads\\\/2023\\\/09\\\/Foz-do-Iguacu.jpg\",\"datePublished\":\"2023-09-14T13:04:09+00:00\",\"dateModified\":\"2023-10-03T16:57:06+00:00\",\"breadcrumb\":{\"@id\":\"https:\\\/\\\/www.mpc.pr.gov.br\\\/index.php\\\/foz-do-iguacu-tem-certidao-liberatoria-negada-por-descumprimento-de-prazos-da-agenda-de-obrigacoes-municipais\\\/#breadcrumb\"},\"inLanguage\":\"pt-BR\",\"potentialAction\":[{\"@type\":\"ReadAction\",\"target\":[\"https:\\\/\\\/www.mpc.pr.gov.br\\\/index.php\\\/foz-do-iguacu-tem-certidao-liberatoria-negada-por-descumprimento-de-prazos-da-agenda-de-obrigacoes-municipais\\\/\"]}]},{\"@type\":\"ImageObject\",\"inLanguage\":\"pt-BR\",\"@id\":\"https:\\\/\\\/www.mpc.pr.gov.br\\\/index.php\\\/foz-do-iguacu-tem-certidao-liberatoria-negada-por-descumprimento-de-prazos-da-agenda-de-obrigacoes-municipais\\\/#primaryimage\",\"url\":\"https:\\\/\\\/www.mpc.pr.gov.br\\\/wp-content\\\/uploads\\\/2023\\\/09\\\/Foz-do-Iguacu.jpg\",\"contentUrl\":\"https:\\\/\\\/www.mpc.pr.gov.br\\\/wp-content\\\/uploads\\\/2023\\\/09\\\/Foz-do-Iguacu.jpg\",\"width\":640,\"height\":433,\"caption\":\"Vista da \u00e1rea central de Foz do Igua\u00e7u, na Tr\u00edplice Fronteira; ao fundo, o Rio Paran\u00e1 e Ciudad del Este, no Paraguai. Foto: Divulga\u00e7\u00e3o\"},{\"@type\":\"BreadcrumbList\",\"@id\":\"https:\\\/\\\/www.mpc.pr.gov.br\\\/index.php\\\/foz-do-iguacu-tem-certidao-liberatoria-negada-por-descumprimento-de-prazos-da-agenda-de-obrigacoes-municipais\\\/#breadcrumb\",\"itemListElement\":[{\"@type\":\"ListItem\",\"position\":1,\"name\":\"In\u00edcio\",\"item\":\"https:\\\/\\\/www.mpc.pr.gov.br\\\/\"},{\"@type\":\"ListItem\",\"position\":2,\"name\":\"Foz do Igua\u00e7u tem certid\u00e3o liberat\u00f3ria negada por descumprimento de prazos da Agenda de Obriga\u00e7\u00f5es Municipais\"}]},{\"@type\":\"WebSite\",\"@id\":\"https:\\\/\\\/www.mpc.pr.gov.br\\\/#website\",\"url\":\"https:\\\/\\\/www.mpc.pr.gov.br\\\/\",\"name\":\"Minist\u00e9rio P\u00fablico de Contas do Estado do Paran\u00e1\",\"description\":\"\",\"publisher\":{\"@id\":\"https:\\\/\\\/www.mpc.pr.gov.br\\\/#organization\"},\"potentialAction\":[{\"@type\":\"SearchAction\",\"target\":{\"@type\":\"EntryPoint\",\"urlTemplate\":\"https:\\\/\\\/www.mpc.pr.gov.br\\\/?s={search_term_string}\"},\"query-input\":{\"@type\":\"PropertyValueSpecification\",\"valueRequired\":true,\"valueName\":\"search_term_string\"}}],\"inLanguage\":\"pt-BR\"},{\"@type\":\"Organization\",\"@id\":\"https:\\\/\\\/www.mpc.pr.gov.br\\\/#organization\",\"name\":\"Minist\u00e9rio P\u00fablico de Contas do Estado do Paran\u00e1\",\"url\":\"https:\\\/\\\/www.mpc.pr.gov.br\\\/\",\"logo\":{\"@type\":\"ImageObject\",\"inLanguage\":\"pt-BR\",\"@id\":\"https:\\\/\\\/www.mpc.pr.gov.br\\\/#\\\/schema\\\/logo\\\/image\\\/\",\"url\":\"https:\\\/\\\/www.mpc.pr.gov.br\\\/wp-content\\\/uploads\\\/2020\\\/06\\\/99423647_1593460364143890_6706793420720963584_n-1-e1591387983167.png\",\"contentUrl\":\"https:\\\/\\\/www.mpc.pr.gov.br\\\/wp-content\\\/uploads\\\/2020\\\/06\\\/99423647_1593460364143890_6706793420720963584_n-1-e1591387983167.png\",\"width\":243,\"height\":73,\"caption\":\"Minist\u00e9rio P\u00fablico de Contas do Estado do Paran\u00e1\"},\"image\":{\"@id\":\"https:\\\/\\\/www.mpc.pr.gov.br\\\/#\\\/schema\\\/logo\\\/image\\\/\"},\"sameAs\":[\"https:\\\/\\\/www.facebook.com\\\/mpc.pr\",\"https:\\\/\\\/www.instagram.com\\\/mpc.pr\\\/?hl=pt-br\",\"https:\\\/\\\/www.youtube.com\\\/channel\\\/UCHri5oEM8DV0ztX57E0sBSw\"]},{\"@type\":\"Person\",\"@id\":\"https:\\\/\\\/www.mpc.pr.gov.br\\\/#\\\/schema\\\/person\\\/2d83cb8980538d0ec174e8a6284f5e11\",\"name\":\"mpcontaspr\",\"image\":{\"@type\":\"ImageObject\",\"inLanguage\":\"pt-BR\",\"@id\":\"https:\\\/\\\/secure.gravatar.com\\\/avatar\\\/1aef51541db7622e05fd639336c9c9f312c2a618396e2b6ca96846362fc5403f?s=96&d=mm&r=g\",\"url\":\"https:\\\/\\\/secure.gravatar.com\\\/avatar\\\/1aef51541db7622e05fd639336c9c9f312c2a618396e2b6ca96846362fc5403f?s=96&d=mm&r=g\",\"contentUrl\":\"https:\\\/\\\/secure.gravatar.com\\\/avatar\\\/1aef51541db7622e05fd639336c9c9f312c2a618396e2b6ca96846362fc5403f?s=96&d=mm&r=g\",\"caption\":\"mpcontaspr\"},\"sameAs\":[\"http:\\\/\\\/www.mpc.pr.gov.br\"]}]}<\/script>\n<!-- \/ Yoast SEO plugin. -->","yoast_head_json":{"title":"Foz do Igua\u00e7u tem certid\u00e3o liberat\u00f3ria negada por descumprimento de prazos da Agenda de Obriga\u00e7\u00f5es Municipais - Minist\u00e9rio P\u00fablico de Contas do Estado do Paran\u00e1","robots":{"index":"index","follow":"follow","max-snippet":"max-snippet:-1","max-image-preview":"max-image-preview:large","max-video-preview":"max-video-preview:-1"},"canonical":"https:\/\/www.mpc.pr.gov.br\/index.php\/foz-do-iguacu-tem-certidao-liberatoria-negada-por-descumprimento-de-prazos-da-agenda-de-obrigacoes-municipais\/","og_locale":"pt_BR","og_type":"article","og_title":"Foz do Igua\u00e7u tem certid\u00e3o liberat\u00f3ria negada por descumprimento de prazos da Agenda de Obriga\u00e7\u00f5es Municipais - Minist\u00e9rio P\u00fablico de Contas do Estado do Paran\u00e1","og_description":"A Primeira C\u00e2mara do Tribunal de Contas do Estado (TCE-PR) indeferiu o pedido de expedi\u00e7\u00e3o de Certid\u00e3o Liberat\u00f3ria formulado pelo Munic\u00edpio de Foz do Igua\u00e7u em raz\u00e3o do atraso no envio de dados ao Sistema de Informa\u00e7\u00f5es Municipais &#8211; Acompanhamento Mensal (SIM-AM), referente aos meses 1 a 5 de 2023. Conforme decis\u00e3o do Ac\u00f3rd\u00e3o n\u00ba [&hellip;]","og_url":"https:\/\/www.mpc.pr.gov.br\/index.php\/foz-do-iguacu-tem-certidao-liberatoria-negada-por-descumprimento-de-prazos-da-agenda-de-obrigacoes-municipais\/","og_site_name":"Minist\u00e9rio P\u00fablico de Contas do Estado do Paran\u00e1","article_publisher":"https:\/\/www.facebook.com\/mpc.pr","article_published_time":"2023-09-14T13:04:09+00:00","article_modified_time":"2023-10-03T16:57:06+00:00","og_image":[{"width":640,"height":433,"url":"https:\/\/www.mpc.pr.gov.br\/wp-content\/uploads\/2023\/09\/Foz-do-Iguacu.jpg","type":"image\/jpeg"}],"author":"mpcontaspr","twitter_card":"summary_large_image","twitter_misc":{"Escrito por":"mpcontaspr","Est. tempo de leitura":"4 minutos"},"schema":{"@context":"https:\/\/schema.org","@graph":[{"@type":"Article","@id":"https:\/\/www.mpc.pr.gov.br\/index.php\/foz-do-iguacu-tem-certidao-liberatoria-negada-por-descumprimento-de-prazos-da-agenda-de-obrigacoes-municipais\/#article","isPartOf":{"@id":"https:\/\/www.mpc.pr.gov.br\/index.php\/foz-do-iguacu-tem-certidao-liberatoria-negada-por-descumprimento-de-prazos-da-agenda-de-obrigacoes-municipais\/"},"author":{"name":"mpcontaspr","@id":"https:\/\/www.mpc.pr.gov.br\/#\/schema\/person\/2d83cb8980538d0ec174e8a6284f5e11"},"headline":"Foz do Igua\u00e7u tem certid\u00e3o liberat\u00f3ria negada por descumprimento de prazos da Agenda de Obriga\u00e7\u00f5es Municipais","datePublished":"2023-09-14T13:04:09+00:00","dateModified":"2023-10-03T16:57:06+00:00","mainEntityOfPage":{"@id":"https:\/\/www.mpc.pr.gov.br\/index.php\/foz-do-iguacu-tem-certidao-liberatoria-negada-por-descumprimento-de-prazos-da-agenda-de-obrigacoes-municipais\/"},"wordCount":766,"commentCount":0,"publisher":{"@id":"https:\/\/www.mpc.pr.gov.br\/#organization"},"image":{"@id":"https:\/\/www.mpc.pr.gov.br\/index.php\/foz-do-iguacu-tem-certidao-liberatoria-negada-por-descumprimento-de-prazos-da-agenda-de-obrigacoes-municipais\/#primaryimage"},"thumbnailUrl":"https:\/\/www.mpc.pr.gov.br\/wp-content\/uploads\/2023\/09\/Foz-do-Iguacu.jpg","keywords":["Agenda de Obriga\u00e7\u00f5es Municipais","Certid\u00e3o Liberat\u00f3ria","Foz do Igua\u00e7u","MPC-PR","Primeira C\u00e2mara","TCE-PR"],"articleSection":["Todas as not\u00edcias"],"inLanguage":"pt-BR","potentialAction":[{"@type":"CommentAction","name":"Comment","target":["https:\/\/www.mpc.pr.gov.br\/index.php\/foz-do-iguacu-tem-certidao-liberatoria-negada-por-descumprimento-de-prazos-da-agenda-de-obrigacoes-municipais\/#respond"]}]},{"@type":"WebPage","@id":"https:\/\/www.mpc.pr.gov.br\/index.php\/foz-do-iguacu-tem-certidao-liberatoria-negada-por-descumprimento-de-prazos-da-agenda-de-obrigacoes-municipais\/","url":"https:\/\/www.mpc.pr.gov.br\/index.php\/foz-do-iguacu-tem-certidao-liberatoria-negada-por-descumprimento-de-prazos-da-agenda-de-obrigacoes-municipais\/","name":"Foz do Igua\u00e7u tem certid\u00e3o liberat\u00f3ria negada por descumprimento de prazos da Agenda de Obriga\u00e7\u00f5es Municipais - Minist\u00e9rio P\u00fablico de Contas do Estado do Paran\u00e1","isPartOf":{"@id":"https:\/\/www.mpc.pr.gov.br\/#website"},"primaryImageOfPage":{"@id":"https:\/\/www.mpc.pr.gov.br\/index.php\/foz-do-iguacu-tem-certidao-liberatoria-negada-por-descumprimento-de-prazos-da-agenda-de-obrigacoes-municipais\/#primaryimage"},"image":{"@id":"https:\/\/www.mpc.pr.gov.br\/index.php\/foz-do-iguacu-tem-certidao-liberatoria-negada-por-descumprimento-de-prazos-da-agenda-de-obrigacoes-municipais\/#primaryimage"},"thumbnailUrl":"https:\/\/www.mpc.pr.gov.br\/wp-content\/uploads\/2023\/09\/Foz-do-Iguacu.jpg","datePublished":"2023-09-14T13:04:09+00:00","dateModified":"2023-10-03T16:57:06+00:00","breadcrumb":{"@id":"https:\/\/www.mpc.pr.gov.br\/index.php\/foz-do-iguacu-tem-certidao-liberatoria-negada-por-descumprimento-de-prazos-da-agenda-de-obrigacoes-municipais\/#breadcrumb"},"inLanguage":"pt-BR","potentialAction":[{"@type":"ReadAction","target":["https:\/\/www.mpc.pr.gov.br\/index.php\/foz-do-iguacu-tem-certidao-liberatoria-negada-por-descumprimento-de-prazos-da-agenda-de-obrigacoes-municipais\/"]}]},{"@type":"ImageObject","inLanguage":"pt-BR","@id":"https:\/\/www.mpc.pr.gov.br\/index.php\/foz-do-iguacu-tem-certidao-liberatoria-negada-por-descumprimento-de-prazos-da-agenda-de-obrigacoes-municipais\/#primaryimage","url":"https:\/\/www.mpc.pr.gov.br\/wp-content\/uploads\/2023\/09\/Foz-do-Iguacu.jpg","contentUrl":"https:\/\/www.mpc.pr.gov.br\/wp-content\/uploads\/2023\/09\/Foz-do-Iguacu.jpg","width":640,"height":433,"caption":"Vista da \u00e1rea central de Foz do Igua\u00e7u, na Tr\u00edplice Fronteira; ao fundo, o Rio Paran\u00e1 e Ciudad del Este, no Paraguai. Foto: Divulga\u00e7\u00e3o"},{"@type":"BreadcrumbList","@id":"https:\/\/www.mpc.pr.gov.br\/index.php\/foz-do-iguacu-tem-certidao-liberatoria-negada-por-descumprimento-de-prazos-da-agenda-de-obrigacoes-municipais\/#breadcrumb","itemListElement":[{"@type":"ListItem","position":1,"name":"In\u00edcio","item":"https:\/\/www.mpc.pr.gov.br\/"},{"@type":"ListItem","position":2,"name":"Foz do Igua\u00e7u tem certid\u00e3o liberat\u00f3ria negada por descumprimento de prazos da Agenda de Obriga\u00e7\u00f5es Municipais"}]},{"@type":"WebSite","@id":"https:\/\/www.mpc.pr.gov.br\/#website","url":"https:\/\/www.mpc.pr.gov.br\/","name":"Minist\u00e9rio P\u00fablico de Contas do Estado do Paran\u00e1","description":"","publisher":{"@id":"https:\/\/www.mpc.pr.gov.br\/#organization"},"potentialAction":[{"@type":"SearchAction","target":{"@type":"EntryPoint","urlTemplate":"https:\/\/www.mpc.pr.gov.br\/?s={search_term_string}"},"query-input":{"@type":"PropertyValueSpecification","valueRequired":true,"valueName":"search_term_string"}}],"inLanguage":"pt-BR"},{"@type":"Organization","@id":"https:\/\/www.mpc.pr.gov.br\/#organization","name":"Minist\u00e9rio P\u00fablico de Contas do Estado do Paran\u00e1","url":"https:\/\/www.mpc.pr.gov.br\/","logo":{"@type":"ImageObject","inLanguage":"pt-BR","@id":"https:\/\/www.mpc.pr.gov.br\/#\/schema\/logo\/image\/","url":"https:\/\/www.mpc.pr.gov.br\/wp-content\/uploads\/2020\/06\/99423647_1593460364143890_6706793420720963584_n-1-e1591387983167.png","contentUrl":"https:\/\/www.mpc.pr.gov.br\/wp-content\/uploads\/2020\/06\/99423647_1593460364143890_6706793420720963584_n-1-e1591387983167.png","width":243,"height":73,"caption":"Minist\u00e9rio P\u00fablico de Contas do Estado do Paran\u00e1"},"image":{"@id":"https:\/\/www.mpc.pr.gov.br\/#\/schema\/logo\/image\/"},"sameAs":["https:\/\/www.facebook.com\/mpc.pr","https:\/\/www.instagram.com\/mpc.pr\/?hl=pt-br","https:\/\/www.youtube.com\/channel\/UCHri5oEM8DV0ztX57E0sBSw"]},{"@type":"Person","@id":"https:\/\/www.mpc.pr.gov.br\/#\/schema\/person\/2d83cb8980538d0ec174e8a6284f5e11","name":"mpcontaspr","image":{"@type":"ImageObject","inLanguage":"pt-BR","@id":"https:\/\/secure.gravatar.com\/avatar\/1aef51541db7622e05fd639336c9c9f312c2a618396e2b6ca96846362fc5403f?s=96&d=mm&r=g","url":"https:\/\/secure.gravatar.com\/avatar\/1aef51541db7622e05fd639336c9c9f312c2a618396e2b6ca96846362fc5403f?s=96&d=mm&r=g","contentUrl":"https:\/\/secure.gravatar.com\/avatar\/1aef51541db7622e05fd639336c9c9f312c2a618396e2b6ca96846362fc5403f?s=96&d=mm&r=g","caption":"mpcontaspr"},"sameAs":["http:\/\/www.mpc.pr.gov.br"]}]}},"rttpg_featured_image_url":{"full":["https:\/\/www.mpc.pr.gov.br\/wp-content\/uploads\/2023\/09\/Foz-do-Iguacu.jpg",640,433,false],"landscape":["https:\/\/www.mpc.pr.gov.br\/wp-content\/uploads\/2023\/09\/Foz-do-Iguacu.jpg",640,433,false],"portraits":["https:\/\/www.mpc.pr.gov.br\/wp-content\/uploads\/2023\/09\/Foz-do-Iguacu.jpg",640,433,false],"thumbnail":["https:\/\/www.mpc.pr.gov.br\/wp-content\/uploads\/2023\/09\/Foz-do-Iguacu-150x150.jpg",150,150,true],"medium":["https:\/\/www.mpc.pr.gov.br\/wp-content\/uploads\/2023\/09\/Foz-do-Iguacu-300x203.jpg",300,203,true],"large":["https:\/\/www.mpc.pr.gov.br\/wp-content\/uploads\/2023\/09\/Foz-do-Iguacu.jpg",640,433,false],"1536x1536":["https:\/\/www.mpc.pr.gov.br\/wp-content\/uploads\/2023\/09\/Foz-do-Iguacu.jpg",640,433,false],"2048x2048":["https:\/\/www.mpc.pr.gov.br\/wp-content\/uploads\/2023\/09\/Foz-do-Iguacu.jpg",640,433,false],"ocean-thumb-m":["https:\/\/www.mpc.pr.gov.br\/wp-content\/uploads\/2023\/09\/Foz-do-Iguacu-600x433.jpg",600,433,true],"ocean-thumb-ml":["https:\/\/www.mpc.pr.gov.br\/wp-content\/uploads\/2023\/09\/Foz-do-Iguacu.jpg",640,433,false],"ocean-thumb-l":["https:\/\/www.mpc.pr.gov.br\/wp-content\/uploads\/2023\/09\/Foz-do-Iguacu.jpg",640,433,false]},"rttpg_author":{"display_name":"mpcontaspr","author_link":"https:\/\/www.mpc.pr.gov.br\/index.php\/author\/mpcontaspr\/"},"rttpg_comment":0,"rttpg_category":"<a href=\"https:\/\/www.mpc.pr.gov.br\/index.php\/category\/todas-as-noticias\/\" rel=\"category tag\">Todas as not\u00edcias<\/a>","rttpg_excerpt":"A Primeira C\u00e2mara do Tribunal de Contas do Estado (TCE-PR) indeferiu o pedido de expedi\u00e7\u00e3o de Certid\u00e3o Liberat\u00f3ria formulado pelo Munic\u00edpio de Foz do Igua\u00e7u em raz\u00e3o do atraso no envio de dados ao Sistema de Informa\u00e7\u00f5es Municipais &#8211; Acompanhamento Mensal (SIM-AM), referente aos meses 1 a 5 de 2023. Conforme decis\u00e3o do Ac\u00f3rd\u00e3o n\u00ba&hellip;","_links":{"self":[{"href":"https:\/\/www.mpc.pr.gov.br\/index.php\/wp-json\/wp\/v2\/posts\/16501","targetHints":{"allow":["GET"]}}],"collection":[{"href":"https:\/\/www.mpc.pr.gov.br\/index.php\/wp-json\/wp\/v2\/posts"}],"about":[{"href":"https:\/\/www.mpc.pr.gov.br\/index.php\/wp-json\/wp\/v2\/types\/post"}],"author":[{"embeddable":true,"href":"https:\/\/www.mpc.pr.gov.br\/index.php\/wp-json\/wp\/v2\/users\/1"}],"replies":[{"embeddable":true,"href":"https:\/\/www.mpc.pr.gov.br\/index.php\/wp-json\/wp\/v2\/comments?post=16501"}],"version-history":[{"count":2,"href":"https:\/\/www.mpc.pr.gov.br\/index.php\/wp-json\/wp\/v2\/posts\/16501\/revisions"}],"predecessor-version":[{"id":16517,"href":"https:\/\/www.mpc.pr.gov.br\/index.php\/wp-json\/wp\/v2\/posts\/16501\/revisions\/16517"}],"wp:featuredmedia":[{"embeddable":true,"href":"https:\/\/www.mpc.pr.gov.br\/index.php\/wp-json\/wp\/v2\/media\/16503"}],"wp:attachment":[{"href":"https:\/\/www.mpc.pr.gov.br\/index.php\/wp-json\/wp\/v2\/media?parent=16501"}],"wp:term":[{"taxonomy":"category","embeddable":true,"href":"https:\/\/www.mpc.pr.gov.br\/index.php\/wp-json\/wp\/v2\/categories?post=16501"},{"taxonomy":"post_tag","embeddable":true,"href":"https:\/\/www.mpc.pr.gov.br\/index.php\/wp-json\/wp\/v2\/tags?post=16501"}],"curies":[{"name":"wp","href":"https:\/\/api.w.org\/{rel}","templated":true}]}}