{"id":16518,"date":"2023-09-19T10:47:06","date_gmt":"2023-09-19T13:47:06","guid":{"rendered":"https:\/\/www.mpc.pr.gov.br\/?p=16518"},"modified":"2023-10-06T11:27:47","modified_gmt":"2023-10-06T14:27:47","slug":"instituto-da-concessao-real-de-uso-de-imoveis-deve-ser-priorizado-em-relacao-ao-da-doacao-com-encargos","status":"publish","type":"post","link":"https:\/\/www.mpc.pr.gov.br\/index.php\/instituto-da-concessao-real-de-uso-de-imoveis-deve-ser-priorizado-em-relacao-ao-da-doacao-com-encargos\/","title":{"rendered":"Instituto da concess\u00e3o real de uso de im\u00f3veis deve ser priorizado em rela\u00e7\u00e3o ao da doa\u00e7\u00e3o com encargos"},"content":{"rendered":"<figure id=\"attachment_16520\" aria-describedby=\"caption-attachment-16520\" style=\"width: 300px\" class=\"wp-caption alignleft\"><img fetchpriority=\"high\" decoding=\"async\" class=\"size-medium wp-image-16520\" src=\"https:\/\/www.mpc.pr.gov.br\/wp-content\/uploads\/2023\/09\/Andira-300x225.jpg\" alt=\"\" width=\"300\" height=\"225\" srcset=\"https:\/\/www.mpc.pr.gov.br\/wp-content\/uploads\/2023\/09\/Andira-300x225.jpg 300w, https:\/\/www.mpc.pr.gov.br\/wp-content\/uploads\/2023\/09\/Andira.jpg 640w\" sizes=\"(max-width: 300px) 100vw, 300px\" \/><figcaption id=\"caption-attachment-16520\" class=\"wp-caption-text\">Avenida em Andir\u00e1, Munic\u00edpio do Norte Pioneiro do Paran\u00e1. Foto: divulga\u00e7\u00e3o.<\/figcaption><\/figure>\n<p><span data-contrast=\"auto\">O Munic\u00edpio pode realizar a doa\u00e7\u00e3o de im\u00f3veis com encargos quando cumpridos os requisitos previstos na legisla\u00e7\u00e3o (autoriza\u00e7\u00e3o em lei, interesse p\u00fablico devidamente justificado, pr\u00e9via avalia\u00e7\u00e3o e realiza\u00e7\u00e3o de procedimento licitat\u00f3rio), desde que n\u00e3o seja poss\u00edvel ou mais vantajosa a utiliza\u00e7\u00e3o da concess\u00e3o real de uso e o im\u00f3vel n\u00e3o seja proveniente de desapropria\u00e7\u00e3o, inexistindo a possibilidade de previs\u00e3o de compra do im\u00f3vel pelo donat\u00e1rio.<\/span><\/p>\n<p><span data-contrast=\"auto\">Essa \u00e9 a orienta\u00e7\u00e3o do Pleno do Tribunal de Contas do Paran\u00e1 (TCE-PR), em resposta a Consulta apresentada pelo Munic\u00edpio de Andir\u00e1, que indagou sobre a possibilidade de se realizar doa\u00e7\u00e3o de im\u00f3veis com encargo com cl\u00e1usula de revers\u00e3o e se a avalia\u00e7\u00e3o do im\u00f3vel deve ser feita por comiss\u00e3o espec\u00edfica do Munic\u00edpio ou t\u00e9cnico habilitado.<\/span><span data-ccp-props=\"{&quot;201341983&quot;:0,&quot;335551550&quot;:6,&quot;335551620&quot;:6,&quot;335559731&quot;:708,&quot;335559739&quot;:160,&quot;335559740&quot;:276}\">\u00a0<\/span><\/p>\n<p><b><span data-contrast=\"auto\">Instru\u00e7\u00e3o do Processo<\/span><\/b><span data-ccp-props=\"{&quot;201341983&quot;:0,&quot;335551550&quot;:6,&quot;335551620&quot;:6,&quot;335559731&quot;:0,&quot;335559739&quot;:160,&quot;335559740&quot;:276}\">\u00a0<\/span><\/p>\n<p><span data-contrast=\"auto\">Os crit\u00e9rios de admissibilidade foram analisados pelo relator Conselheiro Jos\u00e9 Durval Mattos do Amaral, mediante o Despacho n\u00ba 810\/22, por meio do qual tomou conhecimento da consulta e determinou o encaminhamento do feito para que a Supervis\u00e3o de Jurisprud\u00eancia e Biblioteca (SJB) prestasse informa\u00e7\u00f5es sobre a exist\u00eancia de prejulgados ou decis\u00f5es sobre o tema que j\u00e1 tramitaram no TCE-PR.<\/span><span data-ccp-props=\"{&quot;134233117&quot;:false,&quot;134233118&quot;:false,&quot;201341983&quot;:0,&quot;335551550&quot;:6,&quot;335551620&quot;:6,&quot;335559685&quot;:0,&quot;335559731&quot;:708,&quot;335559737&quot;:0,&quot;335559738&quot;:0,&quot;335559739&quot;:160,&quot;335559740&quot;:276}\">\u00a0<\/span><\/p>\n<p><span data-contrast=\"auto\">Dando prosseguimento, a Coordenadoria de Gest\u00e3o Municipal (CGM) respondeu os questionamentos da consulta no sentido de que (I) o Munic\u00edpio pode realizar a doa\u00e7\u00e3o de im\u00f3veis com encargos, desde que autorizado e cumpridos os requisitos pela legisla\u00e7\u00e3o regente; e (II) n\u00e3o h\u00e1 possibilidade de previs\u00e3o de cl\u00e1usula de revers\u00e3o de compra do im\u00f3vel, pois o pr\u00f3prio instituto da doa\u00e7\u00e3o condiz em transfer\u00eancia da titularidade da propriedade. <\/span><span data-ccp-props=\"{&quot;201341983&quot;:0,&quot;335551550&quot;:6,&quot;335551620&quot;:6,&quot;335559731&quot;:708,&quot;335559739&quot;:160,&quot;335559740&quot;:276}\">\u00a0<\/span><\/p>\n<p><span data-contrast=\"auto\">Por meio do <a href=\"https:\/\/www.mpc.pr.gov.br\/wp-content\/uploads\/2023\/09\/Andira-Parecer-Ministerial-263-22.pdf\">Parecer n\u00b0 263\/22<\/a>, o Minist\u00e9rio P\u00fablico de Contas do Paran\u00e1 (MPC-PR) destacou que a melhor resolu\u00e7\u00e3o neste caso seria dar prefer\u00eancia ao instituto da concess\u00e3o do direito real do uso do im\u00f3vel, em detrimento ao da doa\u00e7\u00e3o, facultando ao Administrador P\u00fablico a realiza\u00e7\u00e3o de doa\u00e7\u00e3o com encargos quando n\u00e3o for poss\u00edvel ou n\u00e3o for vantajosa a utiliza\u00e7\u00e3o da primeira modalidade. Quanto \u00e0 inclus\u00e3o de cl\u00e1usula de compra e venda no mesmo instrumento em que se faz a doa\u00e7\u00e3o com encargos, a resposta seria pela impossibilidade, visto que os institutos s\u00e3o incompat\u00edveis entre si, cada qual com suas particularidades espec\u00edficas, resultando em uma figura contratual at\u00edpica.\u00a0<\/span><span data-ccp-props=\"{&quot;201341983&quot;:0,&quot;335551550&quot;:6,&quot;335551620&quot;:6,&quot;335559731&quot;:708,&quot;335559739&quot;:160,&quot;335559740&quot;:276}\">\u00a0<\/span><\/p>\n<p><span data-contrast=\"auto\">Ainda, sobre a avalia\u00e7\u00e3o imobili\u00e1ria pr\u00e9via, o MPC-PR entendeu que deve ser realizada por servidores do pr\u00f3prio ente administrativo interessado, desde que detenham expertise para tanto, ou por terceiros, os quais podem ser engenheiros ou arquitetos, com a devida inscri\u00e7\u00e3o no respectivo Conselho de Classe, assim como por corretores de im\u00f3veis, com registro no CRECI.<\/span><span data-ccp-props=\"{&quot;201341983&quot;:0,&quot;335551550&quot;:6,&quot;335551620&quot;:6,&quot;335559731&quot;:708,&quot;335559739&quot;:160,&quot;335559740&quot;:276}\">\u00a0<\/span><\/p>\n<p><b><span data-contrast=\"auto\">Decis\u00e3o<\/span><\/b><span data-ccp-props=\"{&quot;201341983&quot;:0,&quot;335551550&quot;:6,&quot;335551620&quot;:6,&quot;335559731&quot;:0,&quot;335559739&quot;:160,&quot;335559740&quot;:276}\">\u00a0<\/span><\/p>\n<p><span data-contrast=\"auto\">Conforme voto do Conselheiro Jos\u00e9 Durval Mattos do Amaral, a <a href=\"https:\/\/www.planalto.gov.br\/ccivil_03\/_ato2019-2022\/2021\/lei\/l14133.htm\">Lei de Licita\u00e7\u00f5es n\u00ba 14.133\/2021<\/a> deixa clara a possibilidade de realiza\u00e7\u00e3o de doa\u00e7\u00e3o com encargo para a aliena\u00e7\u00e3o de bens p\u00fablicos, consoante o \u00a7 6\u00ba do seu artigo 76. <\/span><span data-contrast=\"auto\">Al\u00e9m disso, a Corte det\u00e9m entendimento jurisprudencial consolidade pelos \u00f3rg\u00e3os colegiados, condicionando a aliena\u00e7\u00e3o de bens p\u00fablicos por meio da concess\u00e3o de direito real de uso.<\/span><span data-ccp-props=\"{&quot;201341983&quot;:0,&quot;335551550&quot;:6,&quot;335551620&quot;:6,&quot;335559731&quot;:708,&quot;335559739&quot;:160,&quot;335559740&quot;:276}\">\u00a0<\/span><\/p>\n<p><span data-contrast=\"auto\">Destacou que existe firme jurisprud\u00eancia no \u00e2mbito do Tribunal de Contas do Paran\u00e1 facultando a utiliza\u00e7\u00e3o residual da doa\u00e7\u00e3o com encargo, t\u00e3o somente cab\u00edvel quando demonstrada a n\u00e3o vantajosidade da concess\u00e3o de direito real de uso. Sobre os outros questionamentos formulados na consulta, acompanhou o entendimento do MPC-PR em responder que a previs\u00e3o de compra e venda do im\u00f3vel \u00e9 incompat\u00edvel com o instituto da doa\u00e7\u00e3o, n\u00e3o podendo ambos serem celebrados em rela\u00e7\u00e3o ao mesmo objeto e em mesmo contrato administrativo.\u00a0<\/span><span data-ccp-props=\"{&quot;201341983&quot;:0,&quot;335551550&quot;:6,&quot;335551620&quot;:6,&quot;335559731&quot;:708,&quot;335559739&quot;:160,&quot;335559740&quot;:276}\">\u00a0<\/span><\/p>\n<p><span data-contrast=\"auto\">Diante do exposto, os membros do Tribunal Pleno, conforme <a href=\"https:\/\/www.mpc.pr.gov.br\/wp-content\/uploads\/2023\/09\/Andira-Acordao-2315-23-STP.pdf\">Ac\u00f3rd\u00e3o n\u00ba 2315\/23<\/a>, decidiram por responder aos questionamentos da consulta formulada pelo Munic\u00edpio de Andir\u00e1 nos termos da fundamenta\u00e7\u00e3o, apenas em rela\u00e7\u00e3o ao t\u00f3pico n\u00ba 1, por se entender que diante da resposta dada ao primeiro questionamento tem-se por prejudicados os questionamentos posteriores.<\/span><span data-ccp-props=\"{&quot;134233117&quot;:false,&quot;134233118&quot;:false,&quot;201341983&quot;:0,&quot;335551550&quot;:6,&quot;335551620&quot;:6,&quot;335559685&quot;:0,&quot;335559731&quot;:708,&quot;335559737&quot;:0,&quot;335559738&quot;:0,&quot;335559739&quot;:160,&quot;335559740&quot;:276}\">\u00a0<\/span><\/p>\n<blockquote><p><span data-ccp-props=\"{&quot;201341983&quot;:0,&quot;335559739&quot;:160,&quot;335559740&quot;:276}\">\u00a0<\/span><span style=\"color: #820007;\"><strong><u>Informa\u00e7\u00e3o para consulta processual<\/u><\/strong><\/span><\/p>\n<table style=\"height: 123px;\" border=\"0\" width=\"469\" cellspacing=\"0\" cellpadding=\"0\">\n<tbody>\n<tr>\n<td><strong>Processo n\u00ba<\/strong>:<\/td>\n<td>475400\/22<\/td>\n<\/tr>\n<tr>\n<td><strong>Ac\u00f3rd\u00e3o n\u00ba<\/strong>:<\/td>\n<td>2315\/23 &#8211; Pleno<\/td>\n<\/tr>\n<tr>\n<td><strong>Assunto<\/strong>:<\/td>\n<td>Consulta<\/td>\n<\/tr>\n<tr>\n<td><strong>Entidade<\/strong>:<\/td>\n<td>Munic\u00edpio de Andir\u00e1<\/td>\n<\/tr>\n<tr>\n<td><strong>Relator<\/strong>:<\/td>\n<td>Conselheiro Jos\u00e9 Durval Mattos do Amaral<\/td>\n<\/tr>\n<\/tbody>\n<\/table>\n<\/blockquote>\n","protected":false},"excerpt":{"rendered":"<p>O Munic\u00edpio pode realizar a doa\u00e7\u00e3o de im\u00f3veis com encargos quando cumpridos os requisitos previstos na legisla\u00e7\u00e3o (autoriza\u00e7\u00e3o em lei, interesse p\u00fablico devidamente justificado, pr\u00e9via avalia\u00e7\u00e3o e realiza\u00e7\u00e3o de procedimento licitat\u00f3rio), desde que n\u00e3o seja poss\u00edvel ou mais vantajosa a utiliza\u00e7\u00e3o da concess\u00e3o real de uso e o im\u00f3vel n\u00e3o seja proveniente de desapropria\u00e7\u00e3o, inexistindo [&hellip;]<\/p>\n","protected":false},"author":1,"featured_media":16520,"comment_status":"open","ping_status":"open","sticky":false,"template":"","format":"standard","meta":{"_monsterinsights_skip_tracking":false,"_monsterinsights_sitenote_active":false,"_monsterinsights_sitenote_note":"","_monsterinsights_sitenote_category":0,"footnotes":""},"categories":[7],"tags":[455,457,197,456,13,39,71],"class_list":["post-16518","post","type-post","status-publish","format-standard","has-post-thumbnail","hentry","category-todas-as-noticias","tag-andira","tag-concessao-real-de-uso","tag-consulta","tag-doacao","tag-mpc-pr","tag-tce-pr","tag-tribunal-pleno","entry","has-media"],"yoast_head":"<!-- This site is optimized with the Yoast SEO plugin v27.3 - https:\/\/yoast.com\/product\/yoast-seo-wordpress\/ -->\n<title>Instituto da concess\u00e3o real de uso de im\u00f3veis deve ser priorizado em rela\u00e7\u00e3o ao da doa\u00e7\u00e3o com encargos - Minist\u00e9rio P\u00fablico de Contas do Estado do Paran\u00e1<\/title>\n<meta name=\"robots\" content=\"index, follow, max-snippet:-1, max-image-preview:large, max-video-preview:-1\" \/>\n<link rel=\"canonical\" href=\"https:\/\/www.mpc.pr.gov.br\/index.php\/instituto-da-concessao-real-de-uso-de-imoveis-deve-ser-priorizado-em-relacao-ao-da-doacao-com-encargos\/\" \/>\n<meta property=\"og:locale\" content=\"pt_BR\" \/>\n<meta property=\"og:type\" content=\"article\" \/>\n<meta property=\"og:title\" content=\"Instituto da concess\u00e3o real de uso de im\u00f3veis deve ser priorizado em rela\u00e7\u00e3o ao da doa\u00e7\u00e3o com encargos - Minist\u00e9rio P\u00fablico de Contas do Estado do Paran\u00e1\" \/>\n<meta property=\"og:description\" content=\"O Munic\u00edpio pode realizar a doa\u00e7\u00e3o de im\u00f3veis com encargos quando cumpridos os requisitos previstos na legisla\u00e7\u00e3o (autoriza\u00e7\u00e3o em lei, interesse p\u00fablico devidamente justificado, pr\u00e9via avalia\u00e7\u00e3o e realiza\u00e7\u00e3o de procedimento licitat\u00f3rio), desde que n\u00e3o seja poss\u00edvel ou mais vantajosa a utiliza\u00e7\u00e3o da concess\u00e3o real de uso e o im\u00f3vel n\u00e3o seja proveniente de desapropria\u00e7\u00e3o, inexistindo [&hellip;]\" \/>\n<meta property=\"og:url\" content=\"https:\/\/www.mpc.pr.gov.br\/index.php\/instituto-da-concessao-real-de-uso-de-imoveis-deve-ser-priorizado-em-relacao-ao-da-doacao-com-encargos\/\" \/>\n<meta property=\"og:site_name\" content=\"Minist\u00e9rio P\u00fablico de Contas do Estado do Paran\u00e1\" \/>\n<meta property=\"article:publisher\" content=\"https:\/\/www.facebook.com\/mpc.pr\" \/>\n<meta property=\"article:published_time\" content=\"2023-09-19T13:47:06+00:00\" \/>\n<meta property=\"article:modified_time\" content=\"2023-10-06T14:27:47+00:00\" \/>\n<meta property=\"og:image\" content=\"https:\/\/www.mpc.pr.gov.br\/wp-content\/uploads\/2023\/09\/Andira.jpg\" \/>\n\t<meta property=\"og:image:width\" content=\"640\" \/>\n\t<meta property=\"og:image:height\" content=\"480\" \/>\n\t<meta property=\"og:image:type\" content=\"image\/jpeg\" \/>\n<meta name=\"author\" content=\"mpcontaspr\" \/>\n<meta name=\"twitter:card\" content=\"summary_large_image\" \/>\n<meta name=\"twitter:label1\" content=\"Escrito por\" \/>\n\t<meta name=\"twitter:data1\" content=\"mpcontaspr\" \/>\n\t<meta name=\"twitter:label2\" content=\"Est. tempo de leitura\" \/>\n\t<meta name=\"twitter:data2\" content=\"4 minutos\" \/>\n<script type=\"application\/ld+json\" class=\"yoast-schema-graph\">{\"@context\":\"https:\\\/\\\/schema.org\",\"@graph\":[{\"@type\":\"Article\",\"@id\":\"https:\\\/\\\/www.mpc.pr.gov.br\\\/index.php\\\/instituto-da-concessao-real-de-uso-de-imoveis-deve-ser-priorizado-em-relacao-ao-da-doacao-com-encargos\\\/#article\",\"isPartOf\":{\"@id\":\"https:\\\/\\\/www.mpc.pr.gov.br\\\/index.php\\\/instituto-da-concessao-real-de-uso-de-imoveis-deve-ser-priorizado-em-relacao-ao-da-doacao-com-encargos\\\/\"},\"author\":{\"name\":\"mpcontaspr\",\"@id\":\"https:\\\/\\\/www.mpc.pr.gov.br\\\/#\\\/schema\\\/person\\\/2d83cb8980538d0ec174e8a6284f5e11\"},\"headline\":\"Instituto da concess\u00e3o real de uso de im\u00f3veis deve ser priorizado em rela\u00e7\u00e3o ao da doa\u00e7\u00e3o com encargos\",\"datePublished\":\"2023-09-19T13:47:06+00:00\",\"dateModified\":\"2023-10-06T14:27:47+00:00\",\"mainEntityOfPage\":{\"@id\":\"https:\\\/\\\/www.mpc.pr.gov.br\\\/index.php\\\/instituto-da-concessao-real-de-uso-de-imoveis-deve-ser-priorizado-em-relacao-ao-da-doacao-com-encargos\\\/\"},\"wordCount\":779,\"commentCount\":0,\"publisher\":{\"@id\":\"https:\\\/\\\/www.mpc.pr.gov.br\\\/#organization\"},\"image\":{\"@id\":\"https:\\\/\\\/www.mpc.pr.gov.br\\\/index.php\\\/instituto-da-concessao-real-de-uso-de-imoveis-deve-ser-priorizado-em-relacao-ao-da-doacao-com-encargos\\\/#primaryimage\"},\"thumbnailUrl\":\"https:\\\/\\\/www.mpc.pr.gov.br\\\/wp-content\\\/uploads\\\/2023\\\/09\\\/Andira.jpg\",\"keywords\":[\"Andir\u00e1\",\"Concess\u00e3o real de uso\",\"Consulta\",\"Doa\u00e7\u00e3o\",\"MPC-PR\",\"TCE-PR\",\"Tribunal Pleno\"],\"articleSection\":[\"Todas as not\u00edcias\"],\"inLanguage\":\"pt-BR\",\"potentialAction\":[{\"@type\":\"CommentAction\",\"name\":\"Comment\",\"target\":[\"https:\\\/\\\/www.mpc.pr.gov.br\\\/index.php\\\/instituto-da-concessao-real-de-uso-de-imoveis-deve-ser-priorizado-em-relacao-ao-da-doacao-com-encargos\\\/#respond\"]}]},{\"@type\":\"WebPage\",\"@id\":\"https:\\\/\\\/www.mpc.pr.gov.br\\\/index.php\\\/instituto-da-concessao-real-de-uso-de-imoveis-deve-ser-priorizado-em-relacao-ao-da-doacao-com-encargos\\\/\",\"url\":\"https:\\\/\\\/www.mpc.pr.gov.br\\\/index.php\\\/instituto-da-concessao-real-de-uso-de-imoveis-deve-ser-priorizado-em-relacao-ao-da-doacao-com-encargos\\\/\",\"name\":\"Instituto da concess\u00e3o real de uso de im\u00f3veis deve ser priorizado em rela\u00e7\u00e3o ao da doa\u00e7\u00e3o com encargos - Minist\u00e9rio P\u00fablico de Contas do Estado do Paran\u00e1\",\"isPartOf\":{\"@id\":\"https:\\\/\\\/www.mpc.pr.gov.br\\\/#website\"},\"primaryImageOfPage\":{\"@id\":\"https:\\\/\\\/www.mpc.pr.gov.br\\\/index.php\\\/instituto-da-concessao-real-de-uso-de-imoveis-deve-ser-priorizado-em-relacao-ao-da-doacao-com-encargos\\\/#primaryimage\"},\"image\":{\"@id\":\"https:\\\/\\\/www.mpc.pr.gov.br\\\/index.php\\\/instituto-da-concessao-real-de-uso-de-imoveis-deve-ser-priorizado-em-relacao-ao-da-doacao-com-encargos\\\/#primaryimage\"},\"thumbnailUrl\":\"https:\\\/\\\/www.mpc.pr.gov.br\\\/wp-content\\\/uploads\\\/2023\\\/09\\\/Andira.jpg\",\"datePublished\":\"2023-09-19T13:47:06+00:00\",\"dateModified\":\"2023-10-06T14:27:47+00:00\",\"breadcrumb\":{\"@id\":\"https:\\\/\\\/www.mpc.pr.gov.br\\\/index.php\\\/instituto-da-concessao-real-de-uso-de-imoveis-deve-ser-priorizado-em-relacao-ao-da-doacao-com-encargos\\\/#breadcrumb\"},\"inLanguage\":\"pt-BR\",\"potentialAction\":[{\"@type\":\"ReadAction\",\"target\":[\"https:\\\/\\\/www.mpc.pr.gov.br\\\/index.php\\\/instituto-da-concessao-real-de-uso-de-imoveis-deve-ser-priorizado-em-relacao-ao-da-doacao-com-encargos\\\/\"]}]},{\"@type\":\"ImageObject\",\"inLanguage\":\"pt-BR\",\"@id\":\"https:\\\/\\\/www.mpc.pr.gov.br\\\/index.php\\\/instituto-da-concessao-real-de-uso-de-imoveis-deve-ser-priorizado-em-relacao-ao-da-doacao-com-encargos\\\/#primaryimage\",\"url\":\"https:\\\/\\\/www.mpc.pr.gov.br\\\/wp-content\\\/uploads\\\/2023\\\/09\\\/Andira.jpg\",\"contentUrl\":\"https:\\\/\\\/www.mpc.pr.gov.br\\\/wp-content\\\/uploads\\\/2023\\\/09\\\/Andira.jpg\",\"width\":640,\"height\":480,\"caption\":\"Avenida em Andir\u00e1, munic\u00edpio do Norte Pioneiro do Paran\u00e1. Foto: divulga\u00e7\u00e3o.\"},{\"@type\":\"BreadcrumbList\",\"@id\":\"https:\\\/\\\/www.mpc.pr.gov.br\\\/index.php\\\/instituto-da-concessao-real-de-uso-de-imoveis-deve-ser-priorizado-em-relacao-ao-da-doacao-com-encargos\\\/#breadcrumb\",\"itemListElement\":[{\"@type\":\"ListItem\",\"position\":1,\"name\":\"In\u00edcio\",\"item\":\"https:\\\/\\\/www.mpc.pr.gov.br\\\/\"},{\"@type\":\"ListItem\",\"position\":2,\"name\":\"Instituto da concess\u00e3o real de uso de im\u00f3veis deve ser priorizado em rela\u00e7\u00e3o ao da doa\u00e7\u00e3o com encargos\"}]},{\"@type\":\"WebSite\",\"@id\":\"https:\\\/\\\/www.mpc.pr.gov.br\\\/#website\",\"url\":\"https:\\\/\\\/www.mpc.pr.gov.br\\\/\",\"name\":\"Minist\u00e9rio P\u00fablico de Contas do Estado do Paran\u00e1\",\"description\":\"\",\"publisher\":{\"@id\":\"https:\\\/\\\/www.mpc.pr.gov.br\\\/#organization\"},\"potentialAction\":[{\"@type\":\"SearchAction\",\"target\":{\"@type\":\"EntryPoint\",\"urlTemplate\":\"https:\\\/\\\/www.mpc.pr.gov.br\\\/?s={search_term_string}\"},\"query-input\":{\"@type\":\"PropertyValueSpecification\",\"valueRequired\":true,\"valueName\":\"search_term_string\"}}],\"inLanguage\":\"pt-BR\"},{\"@type\":\"Organization\",\"@id\":\"https:\\\/\\\/www.mpc.pr.gov.br\\\/#organization\",\"name\":\"Minist\u00e9rio P\u00fablico de Contas do Estado do Paran\u00e1\",\"url\":\"https:\\\/\\\/www.mpc.pr.gov.br\\\/\",\"logo\":{\"@type\":\"ImageObject\",\"inLanguage\":\"pt-BR\",\"@id\":\"https:\\\/\\\/www.mpc.pr.gov.br\\\/#\\\/schema\\\/logo\\\/image\\\/\",\"url\":\"https:\\\/\\\/www.mpc.pr.gov.br\\\/wp-content\\\/uploads\\\/2020\\\/06\\\/99423647_1593460364143890_6706793420720963584_n-1-e1591387983167.png\",\"contentUrl\":\"https:\\\/\\\/www.mpc.pr.gov.br\\\/wp-content\\\/uploads\\\/2020\\\/06\\\/99423647_1593460364143890_6706793420720963584_n-1-e1591387983167.png\",\"width\":243,\"height\":73,\"caption\":\"Minist\u00e9rio P\u00fablico de Contas do Estado do Paran\u00e1\"},\"image\":{\"@id\":\"https:\\\/\\\/www.mpc.pr.gov.br\\\/#\\\/schema\\\/logo\\\/image\\\/\"},\"sameAs\":[\"https:\\\/\\\/www.facebook.com\\\/mpc.pr\",\"https:\\\/\\\/www.instagram.com\\\/mpc.pr\\\/?hl=pt-br\",\"https:\\\/\\\/www.youtube.com\\\/channel\\\/UCHri5oEM8DV0ztX57E0sBSw\"]},{\"@type\":\"Person\",\"@id\":\"https:\\\/\\\/www.mpc.pr.gov.br\\\/#\\\/schema\\\/person\\\/2d83cb8980538d0ec174e8a6284f5e11\",\"name\":\"mpcontaspr\",\"image\":{\"@type\":\"ImageObject\",\"inLanguage\":\"pt-BR\",\"@id\":\"https:\\\/\\\/secure.gravatar.com\\\/avatar\\\/1aef51541db7622e05fd639336c9c9f312c2a618396e2b6ca96846362fc5403f?s=96&d=mm&r=g\",\"url\":\"https:\\\/\\\/secure.gravatar.com\\\/avatar\\\/1aef51541db7622e05fd639336c9c9f312c2a618396e2b6ca96846362fc5403f?s=96&d=mm&r=g\",\"contentUrl\":\"https:\\\/\\\/secure.gravatar.com\\\/avatar\\\/1aef51541db7622e05fd639336c9c9f312c2a618396e2b6ca96846362fc5403f?s=96&d=mm&r=g\",\"caption\":\"mpcontaspr\"},\"sameAs\":[\"http:\\\/\\\/www.mpc.pr.gov.br\"]}]}<\/script>\n<!-- \/ Yoast SEO plugin. -->","yoast_head_json":{"title":"Instituto da concess\u00e3o real de uso de im\u00f3veis deve ser priorizado em rela\u00e7\u00e3o ao da doa\u00e7\u00e3o com encargos - Minist\u00e9rio P\u00fablico de Contas do Estado do Paran\u00e1","robots":{"index":"index","follow":"follow","max-snippet":"max-snippet:-1","max-image-preview":"max-image-preview:large","max-video-preview":"max-video-preview:-1"},"canonical":"https:\/\/www.mpc.pr.gov.br\/index.php\/instituto-da-concessao-real-de-uso-de-imoveis-deve-ser-priorizado-em-relacao-ao-da-doacao-com-encargos\/","og_locale":"pt_BR","og_type":"article","og_title":"Instituto da concess\u00e3o real de uso de im\u00f3veis deve ser priorizado em rela\u00e7\u00e3o ao da doa\u00e7\u00e3o com encargos - Minist\u00e9rio P\u00fablico de Contas do Estado do Paran\u00e1","og_description":"O Munic\u00edpio pode realizar a doa\u00e7\u00e3o de im\u00f3veis com encargos quando cumpridos os requisitos previstos na legisla\u00e7\u00e3o (autoriza\u00e7\u00e3o em lei, interesse p\u00fablico devidamente justificado, pr\u00e9via avalia\u00e7\u00e3o e realiza\u00e7\u00e3o de procedimento licitat\u00f3rio), desde que n\u00e3o seja poss\u00edvel ou mais vantajosa a utiliza\u00e7\u00e3o da concess\u00e3o real de uso e o im\u00f3vel n\u00e3o seja proveniente de desapropria\u00e7\u00e3o, inexistindo [&hellip;]","og_url":"https:\/\/www.mpc.pr.gov.br\/index.php\/instituto-da-concessao-real-de-uso-de-imoveis-deve-ser-priorizado-em-relacao-ao-da-doacao-com-encargos\/","og_site_name":"Minist\u00e9rio P\u00fablico de Contas do Estado do Paran\u00e1","article_publisher":"https:\/\/www.facebook.com\/mpc.pr","article_published_time":"2023-09-19T13:47:06+00:00","article_modified_time":"2023-10-06T14:27:47+00:00","og_image":[{"width":640,"height":480,"url":"https:\/\/www.mpc.pr.gov.br\/wp-content\/uploads\/2023\/09\/Andira.jpg","type":"image\/jpeg"}],"author":"mpcontaspr","twitter_card":"summary_large_image","twitter_misc":{"Escrito por":"mpcontaspr","Est. tempo de leitura":"4 minutos"},"schema":{"@context":"https:\/\/schema.org","@graph":[{"@type":"Article","@id":"https:\/\/www.mpc.pr.gov.br\/index.php\/instituto-da-concessao-real-de-uso-de-imoveis-deve-ser-priorizado-em-relacao-ao-da-doacao-com-encargos\/#article","isPartOf":{"@id":"https:\/\/www.mpc.pr.gov.br\/index.php\/instituto-da-concessao-real-de-uso-de-imoveis-deve-ser-priorizado-em-relacao-ao-da-doacao-com-encargos\/"},"author":{"name":"mpcontaspr","@id":"https:\/\/www.mpc.pr.gov.br\/#\/schema\/person\/2d83cb8980538d0ec174e8a6284f5e11"},"headline":"Instituto da concess\u00e3o real de uso de im\u00f3veis deve ser priorizado em rela\u00e7\u00e3o ao da doa\u00e7\u00e3o com encargos","datePublished":"2023-09-19T13:47:06+00:00","dateModified":"2023-10-06T14:27:47+00:00","mainEntityOfPage":{"@id":"https:\/\/www.mpc.pr.gov.br\/index.php\/instituto-da-concessao-real-de-uso-de-imoveis-deve-ser-priorizado-em-relacao-ao-da-doacao-com-encargos\/"},"wordCount":779,"commentCount":0,"publisher":{"@id":"https:\/\/www.mpc.pr.gov.br\/#organization"},"image":{"@id":"https:\/\/www.mpc.pr.gov.br\/index.php\/instituto-da-concessao-real-de-uso-de-imoveis-deve-ser-priorizado-em-relacao-ao-da-doacao-com-encargos\/#primaryimage"},"thumbnailUrl":"https:\/\/www.mpc.pr.gov.br\/wp-content\/uploads\/2023\/09\/Andira.jpg","keywords":["Andir\u00e1","Concess\u00e3o real de uso","Consulta","Doa\u00e7\u00e3o","MPC-PR","TCE-PR","Tribunal Pleno"],"articleSection":["Todas as not\u00edcias"],"inLanguage":"pt-BR","potentialAction":[{"@type":"CommentAction","name":"Comment","target":["https:\/\/www.mpc.pr.gov.br\/index.php\/instituto-da-concessao-real-de-uso-de-imoveis-deve-ser-priorizado-em-relacao-ao-da-doacao-com-encargos\/#respond"]}]},{"@type":"WebPage","@id":"https:\/\/www.mpc.pr.gov.br\/index.php\/instituto-da-concessao-real-de-uso-de-imoveis-deve-ser-priorizado-em-relacao-ao-da-doacao-com-encargos\/","url":"https:\/\/www.mpc.pr.gov.br\/index.php\/instituto-da-concessao-real-de-uso-de-imoveis-deve-ser-priorizado-em-relacao-ao-da-doacao-com-encargos\/","name":"Instituto da concess\u00e3o real de uso de im\u00f3veis deve ser priorizado em rela\u00e7\u00e3o ao da doa\u00e7\u00e3o com encargos - Minist\u00e9rio P\u00fablico de Contas do Estado do Paran\u00e1","isPartOf":{"@id":"https:\/\/www.mpc.pr.gov.br\/#website"},"primaryImageOfPage":{"@id":"https:\/\/www.mpc.pr.gov.br\/index.php\/instituto-da-concessao-real-de-uso-de-imoveis-deve-ser-priorizado-em-relacao-ao-da-doacao-com-encargos\/#primaryimage"},"image":{"@id":"https:\/\/www.mpc.pr.gov.br\/index.php\/instituto-da-concessao-real-de-uso-de-imoveis-deve-ser-priorizado-em-relacao-ao-da-doacao-com-encargos\/#primaryimage"},"thumbnailUrl":"https:\/\/www.mpc.pr.gov.br\/wp-content\/uploads\/2023\/09\/Andira.jpg","datePublished":"2023-09-19T13:47:06+00:00","dateModified":"2023-10-06T14:27:47+00:00","breadcrumb":{"@id":"https:\/\/www.mpc.pr.gov.br\/index.php\/instituto-da-concessao-real-de-uso-de-imoveis-deve-ser-priorizado-em-relacao-ao-da-doacao-com-encargos\/#breadcrumb"},"inLanguage":"pt-BR","potentialAction":[{"@type":"ReadAction","target":["https:\/\/www.mpc.pr.gov.br\/index.php\/instituto-da-concessao-real-de-uso-de-imoveis-deve-ser-priorizado-em-relacao-ao-da-doacao-com-encargos\/"]}]},{"@type":"ImageObject","inLanguage":"pt-BR","@id":"https:\/\/www.mpc.pr.gov.br\/index.php\/instituto-da-concessao-real-de-uso-de-imoveis-deve-ser-priorizado-em-relacao-ao-da-doacao-com-encargos\/#primaryimage","url":"https:\/\/www.mpc.pr.gov.br\/wp-content\/uploads\/2023\/09\/Andira.jpg","contentUrl":"https:\/\/www.mpc.pr.gov.br\/wp-content\/uploads\/2023\/09\/Andira.jpg","width":640,"height":480,"caption":"Avenida em Andir\u00e1, munic\u00edpio do Norte Pioneiro do Paran\u00e1. Foto: divulga\u00e7\u00e3o."},{"@type":"BreadcrumbList","@id":"https:\/\/www.mpc.pr.gov.br\/index.php\/instituto-da-concessao-real-de-uso-de-imoveis-deve-ser-priorizado-em-relacao-ao-da-doacao-com-encargos\/#breadcrumb","itemListElement":[{"@type":"ListItem","position":1,"name":"In\u00edcio","item":"https:\/\/www.mpc.pr.gov.br\/"},{"@type":"ListItem","position":2,"name":"Instituto da concess\u00e3o real de uso de im\u00f3veis deve ser priorizado em rela\u00e7\u00e3o ao da doa\u00e7\u00e3o com encargos"}]},{"@type":"WebSite","@id":"https:\/\/www.mpc.pr.gov.br\/#website","url":"https:\/\/www.mpc.pr.gov.br\/","name":"Minist\u00e9rio P\u00fablico de Contas do Estado do Paran\u00e1","description":"","publisher":{"@id":"https:\/\/www.mpc.pr.gov.br\/#organization"},"potentialAction":[{"@type":"SearchAction","target":{"@type":"EntryPoint","urlTemplate":"https:\/\/www.mpc.pr.gov.br\/?s={search_term_string}"},"query-input":{"@type":"PropertyValueSpecification","valueRequired":true,"valueName":"search_term_string"}}],"inLanguage":"pt-BR"},{"@type":"Organization","@id":"https:\/\/www.mpc.pr.gov.br\/#organization","name":"Minist\u00e9rio P\u00fablico de Contas do Estado do Paran\u00e1","url":"https:\/\/www.mpc.pr.gov.br\/","logo":{"@type":"ImageObject","inLanguage":"pt-BR","@id":"https:\/\/www.mpc.pr.gov.br\/#\/schema\/logo\/image\/","url":"https:\/\/www.mpc.pr.gov.br\/wp-content\/uploads\/2020\/06\/99423647_1593460364143890_6706793420720963584_n-1-e1591387983167.png","contentUrl":"https:\/\/www.mpc.pr.gov.br\/wp-content\/uploads\/2020\/06\/99423647_1593460364143890_6706793420720963584_n-1-e1591387983167.png","width":243,"height":73,"caption":"Minist\u00e9rio P\u00fablico de Contas do Estado do Paran\u00e1"},"image":{"@id":"https:\/\/www.mpc.pr.gov.br\/#\/schema\/logo\/image\/"},"sameAs":["https:\/\/www.facebook.com\/mpc.pr","https:\/\/www.instagram.com\/mpc.pr\/?hl=pt-br","https:\/\/www.youtube.com\/channel\/UCHri5oEM8DV0ztX57E0sBSw"]},{"@type":"Person","@id":"https:\/\/www.mpc.pr.gov.br\/#\/schema\/person\/2d83cb8980538d0ec174e8a6284f5e11","name":"mpcontaspr","image":{"@type":"ImageObject","inLanguage":"pt-BR","@id":"https:\/\/secure.gravatar.com\/avatar\/1aef51541db7622e05fd639336c9c9f312c2a618396e2b6ca96846362fc5403f?s=96&d=mm&r=g","url":"https:\/\/secure.gravatar.com\/avatar\/1aef51541db7622e05fd639336c9c9f312c2a618396e2b6ca96846362fc5403f?s=96&d=mm&r=g","contentUrl":"https:\/\/secure.gravatar.com\/avatar\/1aef51541db7622e05fd639336c9c9f312c2a618396e2b6ca96846362fc5403f?s=96&d=mm&r=g","caption":"mpcontaspr"},"sameAs":["http:\/\/www.mpc.pr.gov.br"]}]}},"rttpg_featured_image_url":{"full":["https:\/\/www.mpc.pr.gov.br\/wp-content\/uploads\/2023\/09\/Andira.jpg",640,480,false],"landscape":["https:\/\/www.mpc.pr.gov.br\/wp-content\/uploads\/2023\/09\/Andira.jpg",640,480,false],"portraits":["https:\/\/www.mpc.pr.gov.br\/wp-content\/uploads\/2023\/09\/Andira.jpg",640,480,false],"thumbnail":["https:\/\/www.mpc.pr.gov.br\/wp-content\/uploads\/2023\/09\/Andira-150x150.jpg",150,150,true],"medium":["https:\/\/www.mpc.pr.gov.br\/wp-content\/uploads\/2023\/09\/Andira-300x225.jpg",300,225,true],"large":["https:\/\/www.mpc.pr.gov.br\/wp-content\/uploads\/2023\/09\/Andira.jpg",640,480,false],"1536x1536":["https:\/\/www.mpc.pr.gov.br\/wp-content\/uploads\/2023\/09\/Andira.jpg",640,480,false],"2048x2048":["https:\/\/www.mpc.pr.gov.br\/wp-content\/uploads\/2023\/09\/Andira.jpg",640,480,false],"ocean-thumb-m":["https:\/\/www.mpc.pr.gov.br\/wp-content\/uploads\/2023\/09\/Andira-600x480.jpg",600,480,true],"ocean-thumb-ml":["https:\/\/www.mpc.pr.gov.br\/wp-content\/uploads\/2023\/09\/Andira-640x450.jpg",640,450,true],"ocean-thumb-l":["https:\/\/www.mpc.pr.gov.br\/wp-content\/uploads\/2023\/09\/Andira.jpg",640,480,false]},"rttpg_author":{"display_name":"mpcontaspr","author_link":"https:\/\/www.mpc.pr.gov.br\/index.php\/author\/mpcontaspr\/"},"rttpg_comment":0,"rttpg_category":"<a href=\"https:\/\/www.mpc.pr.gov.br\/index.php\/category\/todas-as-noticias\/\" rel=\"category tag\">Todas as not\u00edcias<\/a>","rttpg_excerpt":"O Munic\u00edpio pode realizar a doa\u00e7\u00e3o de im\u00f3veis com encargos quando cumpridos os requisitos previstos na legisla\u00e7\u00e3o (autoriza\u00e7\u00e3o em lei, interesse p\u00fablico devidamente justificado, pr\u00e9via avalia\u00e7\u00e3o e realiza\u00e7\u00e3o de procedimento licitat\u00f3rio), desde que n\u00e3o seja poss\u00edvel ou mais vantajosa a utiliza\u00e7\u00e3o da concess\u00e3o real de uso e o im\u00f3vel n\u00e3o seja proveniente de desapropria\u00e7\u00e3o, inexistindo&hellip;","_links":{"self":[{"href":"https:\/\/www.mpc.pr.gov.br\/index.php\/wp-json\/wp\/v2\/posts\/16518","targetHints":{"allow":["GET"]}}],"collection":[{"href":"https:\/\/www.mpc.pr.gov.br\/index.php\/wp-json\/wp\/v2\/posts"}],"about":[{"href":"https:\/\/www.mpc.pr.gov.br\/index.php\/wp-json\/wp\/v2\/types\/post"}],"author":[{"embeddable":true,"href":"https:\/\/www.mpc.pr.gov.br\/index.php\/wp-json\/wp\/v2\/users\/1"}],"replies":[{"embeddable":true,"href":"https:\/\/www.mpc.pr.gov.br\/index.php\/wp-json\/wp\/v2\/comments?post=16518"}],"version-history":[{"count":2,"href":"https:\/\/www.mpc.pr.gov.br\/index.php\/wp-json\/wp\/v2\/posts\/16518\/revisions"}],"predecessor-version":[{"id":16529,"href":"https:\/\/www.mpc.pr.gov.br\/index.php\/wp-json\/wp\/v2\/posts\/16518\/revisions\/16529"}],"wp:featuredmedia":[{"embeddable":true,"href":"https:\/\/www.mpc.pr.gov.br\/index.php\/wp-json\/wp\/v2\/media\/16520"}],"wp:attachment":[{"href":"https:\/\/www.mpc.pr.gov.br\/index.php\/wp-json\/wp\/v2\/media?parent=16518"}],"wp:term":[{"taxonomy":"category","embeddable":true,"href":"https:\/\/www.mpc.pr.gov.br\/index.php\/wp-json\/wp\/v2\/categories?post=16518"},{"taxonomy":"post_tag","embeddable":true,"href":"https:\/\/www.mpc.pr.gov.br\/index.php\/wp-json\/wp\/v2\/tags?post=16518"}],"curies":[{"name":"wp","href":"https:\/\/api.w.org\/{rel}","templated":true}]}}