{"id":16560,"date":"2023-09-28T14:08:42","date_gmt":"2023-09-28T17:08:42","guid":{"rendered":"https:\/\/www.mpc.pr.gov.br\/?p=16560"},"modified":"2023-10-16T09:53:04","modified_gmt":"2023-10-16T12:53:04","slug":"recurso-e-negado-e-tce-pr-mantem-multa-ao-ex-prefeito-de-campo-largo","status":"publish","type":"post","link":"https:\/\/www.mpc.pr.gov.br\/index.php\/recurso-e-negado-e-tce-pr-mantem-multa-ao-ex-prefeito-de-campo-largo\/","title":{"rendered":"Recurso \u00e9 negado e TCE-PR mant\u00e9m multa ao ex-Prefeito de Campo Largo"},"content":{"rendered":"<figure id=\"attachment_16561\" aria-describedby=\"caption-attachment-16561\" style=\"width: 300px\" class=\"wp-caption alignleft\"><img fetchpriority=\"high\" decoding=\"async\" class=\"size-medium wp-image-16561\" src=\"https:\/\/www.mpc.pr.gov.br\/wp-content\/uploads\/2023\/09\/Campo-Largo-Igreja-Matriz-Nossa-Senhora-da-Piedade-300x225.jpg\" alt=\"\" width=\"300\" height=\"225\" srcset=\"https:\/\/www.mpc.pr.gov.br\/wp-content\/uploads\/2023\/09\/Campo-Largo-Igreja-Matriz-Nossa-Senhora-da-Piedade-300x225.jpg 300w, https:\/\/www.mpc.pr.gov.br\/wp-content\/uploads\/2023\/09\/Campo-Largo-Igreja-Matriz-Nossa-Senhora-da-Piedade-768x576.jpg 768w, https:\/\/www.mpc.pr.gov.br\/wp-content\/uploads\/2023\/09\/Campo-Largo-Igreja-Matriz-Nossa-Senhora-da-Piedade.jpg 800w\" sizes=\"(max-width: 300px) 100vw, 300px\" \/><figcaption id=\"caption-attachment-16561\" class=\"wp-caption-text\">Munic\u00edpio de Campo Largo, Igreja Matriz Nossa Senhora da Piedade. Foto: divulga\u00e7\u00e3o.<\/figcaption><\/figure>\n<p><span data-contrast=\"auto\">O Pleno do Tribunal de Contas do Paran\u00e1 (TCE-PR) julgou improcedente o Recurso de Revista apresentado pelo ex-Prefeito do Munic\u00edpio de Campo Largo, Affonso Portugal Guimar\u00e3es, contra a decis\u00e3o contida no <a href=\"https:\/\/www.mpc.pr.gov.br\/wp-content\/uploads\/2023\/09\/Campo-Largo-Acordao-de-Parecer-Previo-650-20.pdf\">Ac\u00f3rd\u00e3o de Parecer Pr\u00e9vio n\u00b0 650\/20<\/a>. Ap\u00f3s julgamento, foi mantida a recomenda\u00e7\u00e3o pela irregularidade das contas do ex-gestor referente ao exerc\u00edcio financeiro de 2015, com aposi\u00e7\u00e3o de ressalvas e aplica\u00e7\u00e3o de multa.<\/span><span data-ccp-props=\"{&quot;134233117&quot;:false,&quot;134233118&quot;:false,&quot;201341983&quot;:0,&quot;335551550&quot;:6,&quot;335551620&quot;:6,&quot;335559685&quot;:0,&quot;335559737&quot;:0,&quot;335559738&quot;:0,&quot;335559739&quot;:160,&quot;335559740&quot;:360}\">\u00a0<\/span><\/p>\n<p><span data-contrast=\"auto\">A nova decis\u00e3o acompanhou as manifesta\u00e7\u00f5es uniformes da unidade t\u00e9cnica e do Minist\u00e9rio P\u00fablico de Contas do Paran\u00e1 (MPC-PR), os quais destacaram que os argumentos apresentados n\u00e3o foram suficientes para afastar a impropriedade apontada no relat\u00f3rio do controle interno, relativa a inefici\u00eancia de sistemas de controles da administra\u00e7\u00e3o nos estoques municipais.<\/span><span data-ccp-props=\"{&quot;134233117&quot;:false,&quot;134233118&quot;:false,&quot;201341983&quot;:0,&quot;335551550&quot;:6,&quot;335551620&quot;:6,&quot;335559685&quot;:0,&quot;335559737&quot;:0,&quot;335559738&quot;:0,&quot;335559739&quot;:160,&quot;335559740&quot;:360}\">\u00a0<\/span><\/p>\n<h4><b><span data-contrast=\"auto\">Recurso<\/span><\/b><span data-ccp-props=\"{&quot;134233117&quot;:false,&quot;134233118&quot;:false,&quot;201341983&quot;:0,&quot;335551550&quot;:6,&quot;335551620&quot;:6,&quot;335559685&quot;:0,&quot;335559737&quot;:0,&quot;335559738&quot;:0,&quot;335559739&quot;:160,&quot;335559740&quot;:360}\">\u00a0<\/span><\/h4>\n<p><span data-contrast=\"auto\">Nas raz\u00f5es recursais, o ex-Prefeito argumentou que os sistemas de controles de estoques e controle de frequ\u00eancia n\u00e3o apresentaram nenhuma irregularidade ou inefici\u00eancia. Nesse sentido, informou que a situa\u00e7\u00e3o decorreu de inconsist\u00eancias ocasionadas pelas diverg\u00eancias de sistemas, os quais teriam sido integrados em 2016, ap\u00f3s realiza\u00e7\u00e3o de licita\u00e7\u00e3o.<\/span><span data-ccp-props=\"{&quot;134233117&quot;:false,&quot;134233118&quot;:false,&quot;201341983&quot;:0,&quot;335551550&quot;:6,&quot;335551620&quot;:6,&quot;335559685&quot;:0,&quot;335559737&quot;:0,&quot;335559738&quot;:0,&quot;335559739&quot;:160,&quot;335559740&quot;:360}\">\u00a0<\/span><\/p>\n<p><span data-contrast=\"auto\">Quanto a entrega dos dados do SIM-AM com atraso, afirmou que os dados foram entregues tempestivamente, mas que foi necess\u00e1rio a reabertura do SIM-AM para altera\u00e7\u00f5es, estas sim realizadas ap\u00f3s o prazo estabelecido. Ainda, aduziu o afastamento da penalidade pecuni\u00e1ria imposta, em observ\u00e2ncia aos princ\u00edpios da proporcionalidade e razoabilidade, em raz\u00e3o da aus\u00eancia de les\u00e3o ao er\u00e1rio, assim como, de dolo ou culpa do gestor.\u00a0<\/span><span data-ccp-props=\"{&quot;134233117&quot;:false,&quot;134233118&quot;:false,&quot;201341983&quot;:0,&quot;335551550&quot;:6,&quot;335551620&quot;:6,&quot;335559685&quot;:0,&quot;335559737&quot;:0,&quot;335559738&quot;:0,&quot;335559739&quot;:160,&quot;335559740&quot;:360}\">\u00a0<\/span><\/p>\n<p><span data-contrast=\"auto\">J\u00e1 em rela\u00e7\u00e3o a figura do Fiscal de Contratos, aduziu que adotou as medidas necess\u00e1rias para sua cria\u00e7\u00e3o, mas que de fato existiam contratos antigos sem fiscais vinculados. Por fim, quanto ao Comit\u00ea Municipal de Transporte Escolar, informou que embora n\u00e3o tenha sido localizado o ato de publica\u00e7\u00e3o da composi\u00e7\u00e3o, os integrantes se reuniram 6 vezes no ano de 2015.<\/span><span data-ccp-props=\"{&quot;134233117&quot;:false,&quot;134233118&quot;:false,&quot;201341983&quot;:0,&quot;335551550&quot;:6,&quot;335551620&quot;:6,&quot;335559685&quot;:0,&quot;335559737&quot;:0,&quot;335559738&quot;:0,&quot;335559739&quot;:160,&quot;335559740&quot;:360}\">\u00a0<\/span><\/p>\n<h4><b><span data-contrast=\"auto\">Instru\u00e7\u00e3o do Processo<\/span><\/b><span data-ccp-props=\"{&quot;134233117&quot;:false,&quot;134233118&quot;:false,&quot;201341983&quot;:0,&quot;335551550&quot;:6,&quot;335551620&quot;:6,&quot;335559685&quot;:0,&quot;335559737&quot;:0,&quot;335559738&quot;:0,&quot;335559739&quot;:160,&quot;335559740&quot;:360}\">\u00a0<\/span><\/h4>\n<p><span data-contrast=\"auto\">Instada a se manifestar, a Coordenadoria de Gest\u00e3o Municipal (CGM) opinou conclusivamente pelo conhecimento do Recurso de Revista e, no m\u00e9rito, pelo seu n\u00e3o provimento, mantendo-se a \u00edntegra da decis\u00e3o original.\u00a0<\/span><span data-ccp-props=\"{&quot;134233117&quot;:false,&quot;134233118&quot;:false,&quot;201341983&quot;:0,&quot;335551550&quot;:6,&quot;335551620&quot;:6,&quot;335559685&quot;:0,&quot;335559737&quot;:0,&quot;335559738&quot;:0,&quot;335559739&quot;:160,&quot;335559740&quot;:360}\">\u00a0<\/span><\/p>\n<p><span data-contrast=\"auto\">Mediante o <a href=\"https:\/\/www.mpc.pr.gov.br\/wp-content\/uploads\/2023\/09\/Campo-Largo-Parecer-Ministerial-248-23.pdf\">Parecer n\u00b0 248\/23<\/a>, o Minist\u00e9rio P\u00fablico de Contas corroborou com o entendimento da CGM, uma vez que o recorrente n\u00e3o logrou \u00eaxito em apresentar novos argumentos aptos a desconstituir os fundamentos da decis\u00e3o recorrida.<\/span><span data-ccp-props=\"{&quot;134233117&quot;:false,&quot;134233118&quot;:false,&quot;201341983&quot;:0,&quot;335551550&quot;:6,&quot;335551620&quot;:6,&quot;335559685&quot;:0,&quot;335559737&quot;:0,&quot;335559738&quot;:0,&quot;335559739&quot;:160,&quot;335559740&quot;:360}\">\u00a0<\/span><\/p>\n<p><span data-contrast=\"auto\">Al\u00e9m disso, observou que restou demonstrado que a inefici\u00eancia de sistemas de controles da administra\u00e7\u00e3o municipal nos estoques, impropriedade apontada no relat\u00f3rio do controle interno, resultou em preju\u00edzos \u00e0 Administra\u00e7\u00e3o, como por exemplo a perda de medicamentos.\u00a0<\/span><span data-ccp-props=\"{&quot;134233117&quot;:false,&quot;134233118&quot;:false,&quot;201341983&quot;:0,&quot;335551550&quot;:6,&quot;335551620&quot;:6,&quot;335559685&quot;:0,&quot;335559737&quot;:0,&quot;335559738&quot;:0,&quot;335559739&quot;:160,&quot;335559740&quot;:360}\">\u00a0<\/span><\/p>\n<p><span data-contrast=\"auto\">Em rela\u00e7\u00e3o ao atraso no envio de dados ao SIM-AM, a situa\u00e7\u00e3o prejudicou a aprecia\u00e7\u00e3o das contas, considerando o atraso de 77 dias. Ainda assim, as justificativas j\u00e1 foram consideradas pela decis\u00e3o recorrida, a qual ressalvou a impropriedade. O mesmo se aplica a n\u00e3o implanta\u00e7\u00e3o efetiva da fiscaliza\u00e7\u00e3o dos contratos e ao Comit\u00ea Municipal de Transportes, pois a decis\u00e3o recorrida igualmente considerou as justificativas apresentadas, raz\u00e3o pela qual ressalvou as impropriedades.<\/span><span data-ccp-props=\"{&quot;134233117&quot;:false,&quot;134233118&quot;:false,&quot;201341983&quot;:0,&quot;335551550&quot;:6,&quot;335551620&quot;:6,&quot;335559685&quot;:0,&quot;335559737&quot;:0,&quot;335559738&quot;:0,&quot;335559739&quot;:160,&quot;335559740&quot;:360}\">\u00a0<\/span><\/p>\n<h4><b><span data-contrast=\"auto\">Decis\u00e3o<\/span><\/b><span data-ccp-props=\"{&quot;134233117&quot;:false,&quot;134233118&quot;:false,&quot;201341983&quot;:0,&quot;335551550&quot;:6,&quot;335551620&quot;:6,&quot;335559685&quot;:0,&quot;335559737&quot;:0,&quot;335559738&quot;:0,&quot;335559739&quot;:160,&quot;335559740&quot;:360}\">\u00a0<\/span><\/h4>\n<p><span data-contrast=\"auto\">Em sede de julgamento, o relator Conselheiro Maur\u00edcio Requi\u00e3o de Mello e Silva frisou que o assunto j\u00e1 foi debatido e esclarecido na instru\u00e7\u00e3o processual, de modo que as simples alega\u00e7\u00f5es da defesa n\u00e3o se sustentam e n\u00e3o tem suporte f\u00e1tico e ou documental para alterar a decis\u00e3o atacada. Assim, acolhendo as manifesta\u00e7\u00f5es uniformes da unidade t\u00e9cnica e MPC-PR, votou pelo desprovimento do recurso.<\/span><span data-ccp-props=\"{&quot;134233117&quot;:false,&quot;134233118&quot;:false,&quot;201341983&quot;:0,&quot;335551550&quot;:6,&quot;335551620&quot;:6,&quot;335559685&quot;:0,&quot;335559737&quot;:0,&quot;335559738&quot;:0,&quot;335559739&quot;:160,&quot;335559740&quot;:360}\">\u00a0<\/span><\/p>\n<p><span data-contrast=\"auto\">Mediante o <a href=\"https:\/\/www.mpc.pr.gov.br\/wp-content\/uploads\/2023\/09\/Campo-Largo-Acordao-2722-23-STP.pdf\">Ac\u00f3rd\u00e3o n\u00b0 <\/a><\/span><span data-contrast=\"auto\">2722\/23, por unanimidade, os membros do Tribunal Pleno acompanharam o voto do relator pelo desprovimento do recurso, mantendo-se a decis\u00e3o original proferida no Ac\u00f3rd\u00e3o de Parecer Pr\u00e9vio n\u00b0 650\/20.<\/span><span data-ccp-props=\"{&quot;134233117&quot;:false,&quot;134233118&quot;:false,&quot;201341983&quot;:0,&quot;335551550&quot;:6,&quot;335551620&quot;:6,&quot;335559685&quot;:0,&quot;335559737&quot;:0,&quot;335559738&quot;:0,&quot;335559739&quot;:160,&quot;335559740&quot;:360}\">\u00a0<\/span><\/p>\n<p><span data-contrast=\"auto\">Dessa forma, manteve-se a recomenda\u00e7\u00e3o do julgamento pela irregularidade das contas de Affonso Portugal Guimar\u00e3es, ex-Prefeito de Campo Largo, referente ao exerc\u00edcio financeiro de 2015, em decorr\u00eancia da impropriedade apontada no relat\u00f3rio do controle interno relativa a inefici\u00eancia de sistemas de controles da administra\u00e7\u00e3o municipal nos estoques, ressalvando-se a entrega dos dados do SIM-AM com atraso; a n\u00e3o implanta\u00e7\u00e3o efetiva da fiscaliza\u00e7\u00e3o dos contratos; a exist\u00eancia de falhas nos processos de pagamento de obras p\u00fablicas; e a cria\u00e7\u00e3o intempestiva do Comit\u00ea Municipal do Transporte Escolar. Ademais, tamb\u00e9m foi mantida a aplica\u00e7\u00e3o da multa administrativa prevista no art. 87, III, \u201cb\u201d da Lei Complementar Estadual n\u00ba 113\/2005, ao ex-Prefeito, em raz\u00e3o dos atrasos do SIM-AM superiores a 30 dias.<\/span><span data-ccp-props=\"{&quot;134233117&quot;:false,&quot;134233118&quot;:false,&quot;201341983&quot;:0,&quot;335551550&quot;:6,&quot;335551620&quot;:6,&quot;335559685&quot;:0,&quot;335559737&quot;:0,&quot;335559738&quot;:0,&quot;335559739&quot;:160,&quot;335559740&quot;:360}\">\u00a0<\/span><\/p>\n<p><span style=\"color: #820007;\"><strong><u>Informa\u00e7\u00e3o para consulta processual<\/u><\/strong><\/span><\/p>\n<table style=\"height: 123px;\" border=\"0\" width=\"469\" cellspacing=\"0\" cellpadding=\"0\">\n<tbody>\n<tr>\n<td><strong>Processo n\u00ba<\/strong>:<\/td>\n<td>7731960\/20<\/td>\n<\/tr>\n<tr>\n<td><strong>Ac\u00f3rd\u00e3o n\u00ba<\/strong>:<\/td>\n<td>2722\/23 &#8211; Pleno<\/td>\n<\/tr>\n<tr>\n<td><strong>Assunto<\/strong>:<\/td>\n<td>Presta\u00e7\u00e3o de Contas<\/td>\n<\/tr>\n<tr>\n<td><strong>Entidade<\/strong>:<\/td>\n<td>Munic\u00edpio de Campo Largo<\/td>\n<\/tr>\n<tr>\n<td><strong>Relator<\/strong>:<\/td>\n<td>Conselheiro <span data-contrast=\"auto\">Maur\u00edcio Requi\u00e3o de Mello e Silva<\/span><\/td>\n<\/tr>\n<\/tbody>\n<\/table>\n","protected":false},"excerpt":{"rendered":"<p>O Pleno do Tribunal de Contas do Paran\u00e1 (TCE-PR) julgou improcedente o Recurso de Revista apresentado pelo ex-Prefeito do Munic\u00edpio de Campo Largo, Affonso Portugal Guimar\u00e3es, contra a decis\u00e3o contida no Ac\u00f3rd\u00e3o de Parecer Pr\u00e9vio n\u00b0 650\/20. Ap\u00f3s julgamento, foi mantida a recomenda\u00e7\u00e3o pela irregularidade das contas do ex-gestor referente ao exerc\u00edcio financeiro de 2015, [&hellip;]<\/p>\n","protected":false},"author":1,"featured_media":16561,"comment_status":"open","ping_status":"open","sticky":false,"template":"","format":"standard","meta":{"_monsterinsights_skip_tracking":false,"_monsterinsights_sitenote_active":false,"_monsterinsights_sitenote_note":"","_monsterinsights_sitenote_category":0,"footnotes":""},"categories":[7],"tags":[462,13,51,95,463,39,71],"class_list":["post-16560","post","type-post","status-publish","format-standard","has-post-thumbnail","hentry","category-todas-as-noticias","tag-campo-largo","tag-mpc-pr","tag-prestacao-de-contas","tag-recurso-de-revista","tag-sim-am","tag-tce-pr","tag-tribunal-pleno","entry","has-media"],"yoast_head":"<!-- This site is optimized with the Yoast SEO plugin v27.3 - https:\/\/yoast.com\/product\/yoast-seo-wordpress\/ -->\n<title>Recurso \u00e9 negado e TCE-PR mant\u00e9m multa ao ex-Prefeito de Campo Largo - Minist\u00e9rio P\u00fablico de Contas do Estado do Paran\u00e1<\/title>\n<meta name=\"robots\" content=\"index, follow, max-snippet:-1, max-image-preview:large, max-video-preview:-1\" \/>\n<link rel=\"canonical\" href=\"https:\/\/www.mpc.pr.gov.br\/index.php\/recurso-e-negado-e-tce-pr-mantem-multa-ao-ex-prefeito-de-campo-largo\/\" \/>\n<meta property=\"og:locale\" content=\"pt_BR\" \/>\n<meta property=\"og:type\" content=\"article\" \/>\n<meta property=\"og:title\" content=\"Recurso \u00e9 negado e TCE-PR mant\u00e9m multa ao ex-Prefeito de Campo Largo - Minist\u00e9rio P\u00fablico de Contas do Estado do Paran\u00e1\" \/>\n<meta property=\"og:description\" content=\"O Pleno do Tribunal de Contas do Paran\u00e1 (TCE-PR) julgou improcedente o Recurso de Revista apresentado pelo ex-Prefeito do Munic\u00edpio de Campo Largo, Affonso Portugal Guimar\u00e3es, contra a decis\u00e3o contida no Ac\u00f3rd\u00e3o de Parecer Pr\u00e9vio n\u00b0 650\/20. Ap\u00f3s julgamento, foi mantida a recomenda\u00e7\u00e3o pela irregularidade das contas do ex-gestor referente ao exerc\u00edcio financeiro de 2015, [&hellip;]\" \/>\n<meta property=\"og:url\" content=\"https:\/\/www.mpc.pr.gov.br\/index.php\/recurso-e-negado-e-tce-pr-mantem-multa-ao-ex-prefeito-de-campo-largo\/\" \/>\n<meta property=\"og:site_name\" content=\"Minist\u00e9rio P\u00fablico de Contas do Estado do Paran\u00e1\" \/>\n<meta property=\"article:publisher\" content=\"https:\/\/www.facebook.com\/mpc.pr\" \/>\n<meta property=\"article:published_time\" content=\"2023-09-28T17:08:42+00:00\" \/>\n<meta property=\"article:modified_time\" content=\"2023-10-16T12:53:04+00:00\" \/>\n<meta property=\"og:image\" content=\"https:\/\/www.mpc.pr.gov.br\/wp-content\/uploads\/2023\/09\/Campo-Largo-Igreja-Matriz-Nossa-Senhora-da-Piedade.jpg\" \/>\n\t<meta property=\"og:image:width\" content=\"800\" \/>\n\t<meta property=\"og:image:height\" content=\"600\" \/>\n\t<meta property=\"og:image:type\" content=\"image\/jpeg\" \/>\n<meta name=\"author\" content=\"mpcontaspr\" \/>\n<meta name=\"twitter:card\" content=\"summary_large_image\" \/>\n<meta name=\"twitter:label1\" content=\"Escrito por\" \/>\n\t<meta name=\"twitter:data1\" content=\"mpcontaspr\" \/>\n\t<meta name=\"twitter:label2\" content=\"Est. tempo de leitura\" \/>\n\t<meta name=\"twitter:data2\" content=\"5 minutos\" \/>\n<script type=\"application\/ld+json\" class=\"yoast-schema-graph\">{\"@context\":\"https:\\\/\\\/schema.org\",\"@graph\":[{\"@type\":\"Article\",\"@id\":\"https:\\\/\\\/www.mpc.pr.gov.br\\\/index.php\\\/recurso-e-negado-e-tce-pr-mantem-multa-ao-ex-prefeito-de-campo-largo\\\/#article\",\"isPartOf\":{\"@id\":\"https:\\\/\\\/www.mpc.pr.gov.br\\\/index.php\\\/recurso-e-negado-e-tce-pr-mantem-multa-ao-ex-prefeito-de-campo-largo\\\/\"},\"author\":{\"name\":\"mpcontaspr\",\"@id\":\"https:\\\/\\\/www.mpc.pr.gov.br\\\/#\\\/schema\\\/person\\\/2d83cb8980538d0ec174e8a6284f5e11\"},\"headline\":\"Recurso \u00e9 negado e TCE-PR mant\u00e9m multa ao ex-Prefeito de Campo Largo\",\"datePublished\":\"2023-09-28T17:08:42+00:00\",\"dateModified\":\"2023-10-16T12:53:04+00:00\",\"mainEntityOfPage\":{\"@id\":\"https:\\\/\\\/www.mpc.pr.gov.br\\\/index.php\\\/recurso-e-negado-e-tce-pr-mantem-multa-ao-ex-prefeito-de-campo-largo\\\/\"},\"wordCount\":838,\"commentCount\":0,\"publisher\":{\"@id\":\"https:\\\/\\\/www.mpc.pr.gov.br\\\/#organization\"},\"image\":{\"@id\":\"https:\\\/\\\/www.mpc.pr.gov.br\\\/index.php\\\/recurso-e-negado-e-tce-pr-mantem-multa-ao-ex-prefeito-de-campo-largo\\\/#primaryimage\"},\"thumbnailUrl\":\"https:\\\/\\\/www.mpc.pr.gov.br\\\/wp-content\\\/uploads\\\/2023\\\/09\\\/Campo-Largo-Igreja-Matriz-Nossa-Senhora-da-Piedade.jpg\",\"keywords\":[\"Campo Largo\",\"MPC-PR\",\"Presta\u00e7\u00e3o de Contas\",\"Recurso de Revista\",\"SIM-AM\",\"TCE-PR\",\"Tribunal Pleno\"],\"articleSection\":[\"Todas as not\u00edcias\"],\"inLanguage\":\"pt-BR\",\"potentialAction\":[{\"@type\":\"CommentAction\",\"name\":\"Comment\",\"target\":[\"https:\\\/\\\/www.mpc.pr.gov.br\\\/index.php\\\/recurso-e-negado-e-tce-pr-mantem-multa-ao-ex-prefeito-de-campo-largo\\\/#respond\"]}]},{\"@type\":\"WebPage\",\"@id\":\"https:\\\/\\\/www.mpc.pr.gov.br\\\/index.php\\\/recurso-e-negado-e-tce-pr-mantem-multa-ao-ex-prefeito-de-campo-largo\\\/\",\"url\":\"https:\\\/\\\/www.mpc.pr.gov.br\\\/index.php\\\/recurso-e-negado-e-tce-pr-mantem-multa-ao-ex-prefeito-de-campo-largo\\\/\",\"name\":\"Recurso \u00e9 negado e TCE-PR mant\u00e9m multa ao ex-Prefeito de Campo Largo - Minist\u00e9rio P\u00fablico de Contas do Estado do Paran\u00e1\",\"isPartOf\":{\"@id\":\"https:\\\/\\\/www.mpc.pr.gov.br\\\/#website\"},\"primaryImageOfPage\":{\"@id\":\"https:\\\/\\\/www.mpc.pr.gov.br\\\/index.php\\\/recurso-e-negado-e-tce-pr-mantem-multa-ao-ex-prefeito-de-campo-largo\\\/#primaryimage\"},\"image\":{\"@id\":\"https:\\\/\\\/www.mpc.pr.gov.br\\\/index.php\\\/recurso-e-negado-e-tce-pr-mantem-multa-ao-ex-prefeito-de-campo-largo\\\/#primaryimage\"},\"thumbnailUrl\":\"https:\\\/\\\/www.mpc.pr.gov.br\\\/wp-content\\\/uploads\\\/2023\\\/09\\\/Campo-Largo-Igreja-Matriz-Nossa-Senhora-da-Piedade.jpg\",\"datePublished\":\"2023-09-28T17:08:42+00:00\",\"dateModified\":\"2023-10-16T12:53:04+00:00\",\"breadcrumb\":{\"@id\":\"https:\\\/\\\/www.mpc.pr.gov.br\\\/index.php\\\/recurso-e-negado-e-tce-pr-mantem-multa-ao-ex-prefeito-de-campo-largo\\\/#breadcrumb\"},\"inLanguage\":\"pt-BR\",\"potentialAction\":[{\"@type\":\"ReadAction\",\"target\":[\"https:\\\/\\\/www.mpc.pr.gov.br\\\/index.php\\\/recurso-e-negado-e-tce-pr-mantem-multa-ao-ex-prefeito-de-campo-largo\\\/\"]}]},{\"@type\":\"ImageObject\",\"inLanguage\":\"pt-BR\",\"@id\":\"https:\\\/\\\/www.mpc.pr.gov.br\\\/index.php\\\/recurso-e-negado-e-tce-pr-mantem-multa-ao-ex-prefeito-de-campo-largo\\\/#primaryimage\",\"url\":\"https:\\\/\\\/www.mpc.pr.gov.br\\\/wp-content\\\/uploads\\\/2023\\\/09\\\/Campo-Largo-Igreja-Matriz-Nossa-Senhora-da-Piedade.jpg\",\"contentUrl\":\"https:\\\/\\\/www.mpc.pr.gov.br\\\/wp-content\\\/uploads\\\/2023\\\/09\\\/Campo-Largo-Igreja-Matriz-Nossa-Senhora-da-Piedade.jpg\",\"width\":800,\"height\":600,\"caption\":\"Munic\u00edpio de Campo Largo, Igreja Matriz Nossa Senhora da Piedade. Foto: divulga\u00e7\u00e3o.\"},{\"@type\":\"BreadcrumbList\",\"@id\":\"https:\\\/\\\/www.mpc.pr.gov.br\\\/index.php\\\/recurso-e-negado-e-tce-pr-mantem-multa-ao-ex-prefeito-de-campo-largo\\\/#breadcrumb\",\"itemListElement\":[{\"@type\":\"ListItem\",\"position\":1,\"name\":\"In\u00edcio\",\"item\":\"https:\\\/\\\/www.mpc.pr.gov.br\\\/\"},{\"@type\":\"ListItem\",\"position\":2,\"name\":\"Recurso \u00e9 negado e TCE-PR mant\u00e9m multa ao ex-Prefeito de Campo Largo\"}]},{\"@type\":\"WebSite\",\"@id\":\"https:\\\/\\\/www.mpc.pr.gov.br\\\/#website\",\"url\":\"https:\\\/\\\/www.mpc.pr.gov.br\\\/\",\"name\":\"Minist\u00e9rio P\u00fablico de Contas do Estado do Paran\u00e1\",\"description\":\"\",\"publisher\":{\"@id\":\"https:\\\/\\\/www.mpc.pr.gov.br\\\/#organization\"},\"potentialAction\":[{\"@type\":\"SearchAction\",\"target\":{\"@type\":\"EntryPoint\",\"urlTemplate\":\"https:\\\/\\\/www.mpc.pr.gov.br\\\/?s={search_term_string}\"},\"query-input\":{\"@type\":\"PropertyValueSpecification\",\"valueRequired\":true,\"valueName\":\"search_term_string\"}}],\"inLanguage\":\"pt-BR\"},{\"@type\":\"Organization\",\"@id\":\"https:\\\/\\\/www.mpc.pr.gov.br\\\/#organization\",\"name\":\"Minist\u00e9rio P\u00fablico de Contas do Estado do Paran\u00e1\",\"url\":\"https:\\\/\\\/www.mpc.pr.gov.br\\\/\",\"logo\":{\"@type\":\"ImageObject\",\"inLanguage\":\"pt-BR\",\"@id\":\"https:\\\/\\\/www.mpc.pr.gov.br\\\/#\\\/schema\\\/logo\\\/image\\\/\",\"url\":\"https:\\\/\\\/www.mpc.pr.gov.br\\\/wp-content\\\/uploads\\\/2020\\\/06\\\/99423647_1593460364143890_6706793420720963584_n-1-e1591387983167.png\",\"contentUrl\":\"https:\\\/\\\/www.mpc.pr.gov.br\\\/wp-content\\\/uploads\\\/2020\\\/06\\\/99423647_1593460364143890_6706793420720963584_n-1-e1591387983167.png\",\"width\":243,\"height\":73,\"caption\":\"Minist\u00e9rio P\u00fablico de Contas do Estado do Paran\u00e1\"},\"image\":{\"@id\":\"https:\\\/\\\/www.mpc.pr.gov.br\\\/#\\\/schema\\\/logo\\\/image\\\/\"},\"sameAs\":[\"https:\\\/\\\/www.facebook.com\\\/mpc.pr\",\"https:\\\/\\\/www.instagram.com\\\/mpc.pr\\\/?hl=pt-br\",\"https:\\\/\\\/www.youtube.com\\\/channel\\\/UCHri5oEM8DV0ztX57E0sBSw\"]},{\"@type\":\"Person\",\"@id\":\"https:\\\/\\\/www.mpc.pr.gov.br\\\/#\\\/schema\\\/person\\\/2d83cb8980538d0ec174e8a6284f5e11\",\"name\":\"mpcontaspr\",\"image\":{\"@type\":\"ImageObject\",\"inLanguage\":\"pt-BR\",\"@id\":\"https:\\\/\\\/secure.gravatar.com\\\/avatar\\\/1aef51541db7622e05fd639336c9c9f312c2a618396e2b6ca96846362fc5403f?s=96&d=mm&r=g\",\"url\":\"https:\\\/\\\/secure.gravatar.com\\\/avatar\\\/1aef51541db7622e05fd639336c9c9f312c2a618396e2b6ca96846362fc5403f?s=96&d=mm&r=g\",\"contentUrl\":\"https:\\\/\\\/secure.gravatar.com\\\/avatar\\\/1aef51541db7622e05fd639336c9c9f312c2a618396e2b6ca96846362fc5403f?s=96&d=mm&r=g\",\"caption\":\"mpcontaspr\"},\"sameAs\":[\"http:\\\/\\\/www.mpc.pr.gov.br\"]}]}<\/script>\n<!-- \/ Yoast SEO plugin. -->","yoast_head_json":{"title":"Recurso \u00e9 negado e TCE-PR mant\u00e9m multa ao ex-Prefeito de Campo Largo - Minist\u00e9rio P\u00fablico de Contas do Estado do Paran\u00e1","robots":{"index":"index","follow":"follow","max-snippet":"max-snippet:-1","max-image-preview":"max-image-preview:large","max-video-preview":"max-video-preview:-1"},"canonical":"https:\/\/www.mpc.pr.gov.br\/index.php\/recurso-e-negado-e-tce-pr-mantem-multa-ao-ex-prefeito-de-campo-largo\/","og_locale":"pt_BR","og_type":"article","og_title":"Recurso \u00e9 negado e TCE-PR mant\u00e9m multa ao ex-Prefeito de Campo Largo - Minist\u00e9rio P\u00fablico de Contas do Estado do Paran\u00e1","og_description":"O Pleno do Tribunal de Contas do Paran\u00e1 (TCE-PR) julgou improcedente o Recurso de Revista apresentado pelo ex-Prefeito do Munic\u00edpio de Campo Largo, Affonso Portugal Guimar\u00e3es, contra a decis\u00e3o contida no Ac\u00f3rd\u00e3o de Parecer Pr\u00e9vio n\u00b0 650\/20. Ap\u00f3s julgamento, foi mantida a recomenda\u00e7\u00e3o pela irregularidade das contas do ex-gestor referente ao exerc\u00edcio financeiro de 2015, [&hellip;]","og_url":"https:\/\/www.mpc.pr.gov.br\/index.php\/recurso-e-negado-e-tce-pr-mantem-multa-ao-ex-prefeito-de-campo-largo\/","og_site_name":"Minist\u00e9rio P\u00fablico de Contas do Estado do Paran\u00e1","article_publisher":"https:\/\/www.facebook.com\/mpc.pr","article_published_time":"2023-09-28T17:08:42+00:00","article_modified_time":"2023-10-16T12:53:04+00:00","og_image":[{"width":800,"height":600,"url":"https:\/\/www.mpc.pr.gov.br\/wp-content\/uploads\/2023\/09\/Campo-Largo-Igreja-Matriz-Nossa-Senhora-da-Piedade.jpg","type":"image\/jpeg"}],"author":"mpcontaspr","twitter_card":"summary_large_image","twitter_misc":{"Escrito por":"mpcontaspr","Est. tempo de leitura":"5 minutos"},"schema":{"@context":"https:\/\/schema.org","@graph":[{"@type":"Article","@id":"https:\/\/www.mpc.pr.gov.br\/index.php\/recurso-e-negado-e-tce-pr-mantem-multa-ao-ex-prefeito-de-campo-largo\/#article","isPartOf":{"@id":"https:\/\/www.mpc.pr.gov.br\/index.php\/recurso-e-negado-e-tce-pr-mantem-multa-ao-ex-prefeito-de-campo-largo\/"},"author":{"name":"mpcontaspr","@id":"https:\/\/www.mpc.pr.gov.br\/#\/schema\/person\/2d83cb8980538d0ec174e8a6284f5e11"},"headline":"Recurso \u00e9 negado e TCE-PR mant\u00e9m multa ao ex-Prefeito de Campo Largo","datePublished":"2023-09-28T17:08:42+00:00","dateModified":"2023-10-16T12:53:04+00:00","mainEntityOfPage":{"@id":"https:\/\/www.mpc.pr.gov.br\/index.php\/recurso-e-negado-e-tce-pr-mantem-multa-ao-ex-prefeito-de-campo-largo\/"},"wordCount":838,"commentCount":0,"publisher":{"@id":"https:\/\/www.mpc.pr.gov.br\/#organization"},"image":{"@id":"https:\/\/www.mpc.pr.gov.br\/index.php\/recurso-e-negado-e-tce-pr-mantem-multa-ao-ex-prefeito-de-campo-largo\/#primaryimage"},"thumbnailUrl":"https:\/\/www.mpc.pr.gov.br\/wp-content\/uploads\/2023\/09\/Campo-Largo-Igreja-Matriz-Nossa-Senhora-da-Piedade.jpg","keywords":["Campo Largo","MPC-PR","Presta\u00e7\u00e3o de Contas","Recurso de Revista","SIM-AM","TCE-PR","Tribunal Pleno"],"articleSection":["Todas as not\u00edcias"],"inLanguage":"pt-BR","potentialAction":[{"@type":"CommentAction","name":"Comment","target":["https:\/\/www.mpc.pr.gov.br\/index.php\/recurso-e-negado-e-tce-pr-mantem-multa-ao-ex-prefeito-de-campo-largo\/#respond"]}]},{"@type":"WebPage","@id":"https:\/\/www.mpc.pr.gov.br\/index.php\/recurso-e-negado-e-tce-pr-mantem-multa-ao-ex-prefeito-de-campo-largo\/","url":"https:\/\/www.mpc.pr.gov.br\/index.php\/recurso-e-negado-e-tce-pr-mantem-multa-ao-ex-prefeito-de-campo-largo\/","name":"Recurso \u00e9 negado e TCE-PR mant\u00e9m multa ao ex-Prefeito de Campo Largo - Minist\u00e9rio P\u00fablico de Contas do Estado do Paran\u00e1","isPartOf":{"@id":"https:\/\/www.mpc.pr.gov.br\/#website"},"primaryImageOfPage":{"@id":"https:\/\/www.mpc.pr.gov.br\/index.php\/recurso-e-negado-e-tce-pr-mantem-multa-ao-ex-prefeito-de-campo-largo\/#primaryimage"},"image":{"@id":"https:\/\/www.mpc.pr.gov.br\/index.php\/recurso-e-negado-e-tce-pr-mantem-multa-ao-ex-prefeito-de-campo-largo\/#primaryimage"},"thumbnailUrl":"https:\/\/www.mpc.pr.gov.br\/wp-content\/uploads\/2023\/09\/Campo-Largo-Igreja-Matriz-Nossa-Senhora-da-Piedade.jpg","datePublished":"2023-09-28T17:08:42+00:00","dateModified":"2023-10-16T12:53:04+00:00","breadcrumb":{"@id":"https:\/\/www.mpc.pr.gov.br\/index.php\/recurso-e-negado-e-tce-pr-mantem-multa-ao-ex-prefeito-de-campo-largo\/#breadcrumb"},"inLanguage":"pt-BR","potentialAction":[{"@type":"ReadAction","target":["https:\/\/www.mpc.pr.gov.br\/index.php\/recurso-e-negado-e-tce-pr-mantem-multa-ao-ex-prefeito-de-campo-largo\/"]}]},{"@type":"ImageObject","inLanguage":"pt-BR","@id":"https:\/\/www.mpc.pr.gov.br\/index.php\/recurso-e-negado-e-tce-pr-mantem-multa-ao-ex-prefeito-de-campo-largo\/#primaryimage","url":"https:\/\/www.mpc.pr.gov.br\/wp-content\/uploads\/2023\/09\/Campo-Largo-Igreja-Matriz-Nossa-Senhora-da-Piedade.jpg","contentUrl":"https:\/\/www.mpc.pr.gov.br\/wp-content\/uploads\/2023\/09\/Campo-Largo-Igreja-Matriz-Nossa-Senhora-da-Piedade.jpg","width":800,"height":600,"caption":"Munic\u00edpio de Campo Largo, Igreja Matriz Nossa Senhora da Piedade. Foto: divulga\u00e7\u00e3o."},{"@type":"BreadcrumbList","@id":"https:\/\/www.mpc.pr.gov.br\/index.php\/recurso-e-negado-e-tce-pr-mantem-multa-ao-ex-prefeito-de-campo-largo\/#breadcrumb","itemListElement":[{"@type":"ListItem","position":1,"name":"In\u00edcio","item":"https:\/\/www.mpc.pr.gov.br\/"},{"@type":"ListItem","position":2,"name":"Recurso \u00e9 negado e TCE-PR mant\u00e9m multa ao ex-Prefeito de Campo Largo"}]},{"@type":"WebSite","@id":"https:\/\/www.mpc.pr.gov.br\/#website","url":"https:\/\/www.mpc.pr.gov.br\/","name":"Minist\u00e9rio P\u00fablico de Contas do Estado do Paran\u00e1","description":"","publisher":{"@id":"https:\/\/www.mpc.pr.gov.br\/#organization"},"potentialAction":[{"@type":"SearchAction","target":{"@type":"EntryPoint","urlTemplate":"https:\/\/www.mpc.pr.gov.br\/?s={search_term_string}"},"query-input":{"@type":"PropertyValueSpecification","valueRequired":true,"valueName":"search_term_string"}}],"inLanguage":"pt-BR"},{"@type":"Organization","@id":"https:\/\/www.mpc.pr.gov.br\/#organization","name":"Minist\u00e9rio P\u00fablico de Contas do Estado do Paran\u00e1","url":"https:\/\/www.mpc.pr.gov.br\/","logo":{"@type":"ImageObject","inLanguage":"pt-BR","@id":"https:\/\/www.mpc.pr.gov.br\/#\/schema\/logo\/image\/","url":"https:\/\/www.mpc.pr.gov.br\/wp-content\/uploads\/2020\/06\/99423647_1593460364143890_6706793420720963584_n-1-e1591387983167.png","contentUrl":"https:\/\/www.mpc.pr.gov.br\/wp-content\/uploads\/2020\/06\/99423647_1593460364143890_6706793420720963584_n-1-e1591387983167.png","width":243,"height":73,"caption":"Minist\u00e9rio P\u00fablico de Contas do Estado do Paran\u00e1"},"image":{"@id":"https:\/\/www.mpc.pr.gov.br\/#\/schema\/logo\/image\/"},"sameAs":["https:\/\/www.facebook.com\/mpc.pr","https:\/\/www.instagram.com\/mpc.pr\/?hl=pt-br","https:\/\/www.youtube.com\/channel\/UCHri5oEM8DV0ztX57E0sBSw"]},{"@type":"Person","@id":"https:\/\/www.mpc.pr.gov.br\/#\/schema\/person\/2d83cb8980538d0ec174e8a6284f5e11","name":"mpcontaspr","image":{"@type":"ImageObject","inLanguage":"pt-BR","@id":"https:\/\/secure.gravatar.com\/avatar\/1aef51541db7622e05fd639336c9c9f312c2a618396e2b6ca96846362fc5403f?s=96&d=mm&r=g","url":"https:\/\/secure.gravatar.com\/avatar\/1aef51541db7622e05fd639336c9c9f312c2a618396e2b6ca96846362fc5403f?s=96&d=mm&r=g","contentUrl":"https:\/\/secure.gravatar.com\/avatar\/1aef51541db7622e05fd639336c9c9f312c2a618396e2b6ca96846362fc5403f?s=96&d=mm&r=g","caption":"mpcontaspr"},"sameAs":["http:\/\/www.mpc.pr.gov.br"]}]}},"rttpg_featured_image_url":{"full":["https:\/\/www.mpc.pr.gov.br\/wp-content\/uploads\/2023\/09\/Campo-Largo-Igreja-Matriz-Nossa-Senhora-da-Piedade.jpg",800,600,false],"landscape":["https:\/\/www.mpc.pr.gov.br\/wp-content\/uploads\/2023\/09\/Campo-Largo-Igreja-Matriz-Nossa-Senhora-da-Piedade.jpg",800,600,false],"portraits":["https:\/\/www.mpc.pr.gov.br\/wp-content\/uploads\/2023\/09\/Campo-Largo-Igreja-Matriz-Nossa-Senhora-da-Piedade.jpg",800,600,false],"thumbnail":["https:\/\/www.mpc.pr.gov.br\/wp-content\/uploads\/2023\/09\/Campo-Largo-Igreja-Matriz-Nossa-Senhora-da-Piedade-150x150.jpg",150,150,true],"medium":["https:\/\/www.mpc.pr.gov.br\/wp-content\/uploads\/2023\/09\/Campo-Largo-Igreja-Matriz-Nossa-Senhora-da-Piedade-300x225.jpg",300,225,true],"large":["https:\/\/www.mpc.pr.gov.br\/wp-content\/uploads\/2023\/09\/Campo-Largo-Igreja-Matriz-Nossa-Senhora-da-Piedade.jpg",800,600,false],"1536x1536":["https:\/\/www.mpc.pr.gov.br\/wp-content\/uploads\/2023\/09\/Campo-Largo-Igreja-Matriz-Nossa-Senhora-da-Piedade.jpg",800,600,false],"2048x2048":["https:\/\/www.mpc.pr.gov.br\/wp-content\/uploads\/2023\/09\/Campo-Largo-Igreja-Matriz-Nossa-Senhora-da-Piedade.jpg",800,600,false],"ocean-thumb-m":["https:\/\/www.mpc.pr.gov.br\/wp-content\/uploads\/2023\/09\/Campo-Largo-Igreja-Matriz-Nossa-Senhora-da-Piedade-600x600.jpg",600,600,true],"ocean-thumb-ml":["https:\/\/www.mpc.pr.gov.br\/wp-content\/uploads\/2023\/09\/Campo-Largo-Igreja-Matriz-Nossa-Senhora-da-Piedade-800x450.jpg",800,450,true],"ocean-thumb-l":["https:\/\/www.mpc.pr.gov.br\/wp-content\/uploads\/2023\/09\/Campo-Largo-Igreja-Matriz-Nossa-Senhora-da-Piedade.jpg",800,600,false]},"rttpg_author":{"display_name":"mpcontaspr","author_link":"https:\/\/www.mpc.pr.gov.br\/index.php\/author\/mpcontaspr\/"},"rttpg_comment":0,"rttpg_category":"<a href=\"https:\/\/www.mpc.pr.gov.br\/index.php\/category\/todas-as-noticias\/\" rel=\"category tag\">Todas as not\u00edcias<\/a>","rttpg_excerpt":"O Pleno do Tribunal de Contas do Paran\u00e1 (TCE-PR) julgou improcedente o Recurso de Revista apresentado pelo ex-Prefeito do Munic\u00edpio de Campo Largo, Affonso Portugal Guimar\u00e3es, contra a decis\u00e3o contida no Ac\u00f3rd\u00e3o de Parecer Pr\u00e9vio n\u00b0 650\/20. Ap\u00f3s julgamento, foi mantida a recomenda\u00e7\u00e3o pela irregularidade das contas do ex-gestor referente ao exerc\u00edcio financeiro de 2015,&hellip;","_links":{"self":[{"href":"https:\/\/www.mpc.pr.gov.br\/index.php\/wp-json\/wp\/v2\/posts\/16560","targetHints":{"allow":["GET"]}}],"collection":[{"href":"https:\/\/www.mpc.pr.gov.br\/index.php\/wp-json\/wp\/v2\/posts"}],"about":[{"href":"https:\/\/www.mpc.pr.gov.br\/index.php\/wp-json\/wp\/v2\/types\/post"}],"author":[{"embeddable":true,"href":"https:\/\/www.mpc.pr.gov.br\/index.php\/wp-json\/wp\/v2\/users\/1"}],"replies":[{"embeddable":true,"href":"https:\/\/www.mpc.pr.gov.br\/index.php\/wp-json\/wp\/v2\/comments?post=16560"}],"version-history":[{"count":1,"href":"https:\/\/www.mpc.pr.gov.br\/index.php\/wp-json\/wp\/v2\/posts\/16560\/revisions"}],"predecessor-version":[{"id":16565,"href":"https:\/\/www.mpc.pr.gov.br\/index.php\/wp-json\/wp\/v2\/posts\/16560\/revisions\/16565"}],"wp:featuredmedia":[{"embeddable":true,"href":"https:\/\/www.mpc.pr.gov.br\/index.php\/wp-json\/wp\/v2\/media\/16561"}],"wp:attachment":[{"href":"https:\/\/www.mpc.pr.gov.br\/index.php\/wp-json\/wp\/v2\/media?parent=16560"}],"wp:term":[{"taxonomy":"category","embeddable":true,"href":"https:\/\/www.mpc.pr.gov.br\/index.php\/wp-json\/wp\/v2\/categories?post=16560"},{"taxonomy":"post_tag","embeddable":true,"href":"https:\/\/www.mpc.pr.gov.br\/index.php\/wp-json\/wp\/v2\/tags?post=16560"}],"curies":[{"name":"wp","href":"https:\/\/api.w.org\/{rel}","templated":true}]}}