{"id":16587,"date":"2023-10-09T10:15:41","date_gmt":"2023-10-09T13:15:41","guid":{"rendered":"https:\/\/www.mpc.pr.gov.br\/?p=16587"},"modified":"2023-10-23T11:29:39","modified_gmt":"2023-10-23T14:29:39","slug":"municipio-deve-divulgar-dados-dos-procedimentos-licitatorios-no-portal-de-transparencia","status":"publish","type":"post","link":"https:\/\/www.mpc.pr.gov.br\/index.php\/municipio-deve-divulgar-dados-dos-procedimentos-licitatorios-no-portal-de-transparencia\/","title":{"rendered":"Munic\u00edpio deve divulgar dados dos procedimentos licitat\u00f3rios no portal de transpar\u00eancia"},"content":{"rendered":"<figure id=\"attachment_16588\" aria-describedby=\"caption-attachment-16588\" style=\"width: 300px\" class=\"wp-caption alignleft\"><img fetchpriority=\"high\" decoding=\"async\" class=\"size-medium wp-image-16588\" src=\"https:\/\/www.mpc.pr.gov.br\/wp-content\/uploads\/2023\/10\/Japira-Prefeitura-de-Japira-municipio-da-regiao-do-Norte-Pioneiro-do-Parana-300x256.jpg\" alt=\"\" width=\"300\" height=\"256\" srcset=\"https:\/\/www.mpc.pr.gov.br\/wp-content\/uploads\/2023\/10\/Japira-Prefeitura-de-Japira-municipio-da-regiao-do-Norte-Pioneiro-do-Parana-300x256.jpg 300w, https:\/\/www.mpc.pr.gov.br\/wp-content\/uploads\/2023\/10\/Japira-Prefeitura-de-Japira-municipio-da-regiao-do-Norte-Pioneiro-do-Parana.jpg 640w\" sizes=\"(max-width: 300px) 100vw, 300px\" \/><figcaption id=\"caption-attachment-16588\" class=\"wp-caption-text\">Prefeitura de Japira, Munic\u00edpio da regi\u00e3o do Norte Pioneiro do Paran\u00e1. Foto: divulga\u00e7\u00e3o.<\/figcaption><\/figure>\n<p><span data-contrast=\"auto\">Em respeito ao princ\u00edpio da publicidade, o <a href=\"https:\/\/www.japira.pr.gov.br\/\">Munic\u00edpio de Japira<\/a> deve inserir no portal de transpar\u00eancia a \u00edntegra dos seus procedimentos licitat\u00f3rios. Essa foi a determina\u00e7\u00e3o do Pleno do Tribunal de Contas do Estado (TCE-PR), ao julgar parcialmente procedente Representa\u00e7\u00e3o da Lei n\u00b0 8.666\/93 ent\u00e3o proposta pela empresa Prime Consultoria e Assessoria Empresarial Ltda, em face do Preg\u00e3o Eletr\u00f4nico n\u00ba 18\/2023 promovido pelo Munic\u00edpio de Japira, referente a contrata\u00e7\u00e3o de servi\u00e7os de fornecimento de combust\u00edvel em sistema de autoabastecimento.<\/span><span data-ccp-props=\"{&quot;201341983&quot;:0,&quot;335551550&quot;:6,&quot;335551620&quot;:6,&quot;335559739&quot;:160,&quot;335559740&quot;:360}\">\u00a0<\/span><\/p>\n<p><span data-contrast=\"auto\">A decis\u00e3o acompanhou as manifesta\u00e7\u00f5es uniformes da unidade t\u00e9cnica e Minist\u00e9rio P\u00fablico de Contas do Paran\u00e1 (MPC-PR), nas quais apontaram falha na publicidade dos documentos que envolvem o procedimento licitat\u00f3rio, uma vez que no site oficial da municipalidade n\u00e3o foi poss\u00edvel consultar a \u00edntegra do preg\u00e3o eletr\u00f4nico, mas somente o aviso de licita\u00e7\u00e3o.<\/span><span data-ccp-props=\"{&quot;201341983&quot;:0,&quot;335551550&quot;:6,&quot;335551620&quot;:6,&quot;335559739&quot;:160,&quot;335559740&quot;:360}\">\u00a0<\/span><\/p>\n<p><b><span data-contrast=\"auto\">Instru\u00e7\u00e3o do Processo<\/span><\/b><span data-ccp-props=\"{&quot;201341983&quot;:0,&quot;335551550&quot;:6,&quot;335551620&quot;:6,&quot;335559739&quot;:160,&quot;335559740&quot;:360}\">\u00a0<\/span><\/p>\n<p><span data-contrast=\"auto\">Na inicial, a empresa representante alegou que a aquisi\u00e7\u00e3o direta de combust\u00edvel, da maneira como se prop\u00f5e na licita\u00e7\u00e3o, \u00e9 menos eficiente do que os modelos de gerenciamento de frota. Al\u00e9m disso, apontou que o Edital de licita\u00e7\u00e3o estaria restringindo a participa\u00e7\u00e3o das empresas que n\u00e3o se encaixam como empresas de pequeno porte e microempresas, bem como a falta de transpar\u00eancia dos atos que envolvem o procedimento licitat\u00f3rio.<\/span><span data-ccp-props=\"{&quot;201341983&quot;:0,&quot;335551550&quot;:6,&quot;335551620&quot;:6,&quot;335559739&quot;:160,&quot;335559740&quot;:360}\">\u00a0<\/span><\/p>\n<p><span data-contrast=\"auto\">Em sede de contradit\u00f3rio, o Munic\u00edpio de Japira afirmou que, em rela\u00e7\u00e3o \u00e0 restri\u00e7\u00e3o das empresas, esta seria uma veda\u00e7\u00e3o destinada apenas a um lote espec\u00edfico do Preg\u00e3o, de modo que estaria se resguardando 25% do objeto \u00e0s referidas empresas, em conformidade com o <a href=\"https:\/\/www.jusbrasil.com.br\/topicos\/10656526\/artigo-48-lc-n-123-de-14-de-dezembro-de-2006\">artigo 48 da Lei complementar n\u00ba 123\/2006<\/a>. Quanto \u00e0 contrata\u00e7\u00e3o direta de combust\u00edvel, informou que a administra\u00e7\u00e3o possui discricionariedade para escolher as condi\u00e7\u00f5es de execu\u00e7\u00e3o do contrato, tendo sido respeitados os princ\u00edpios norteadores do processo licitat\u00f3rio constantes no <a href=\"https:\/\/www.jusbrasil.com.br\/topicos\/11319793\/artigo-3-da-lei-n-8666-de-21-de-junho-de-1993\">artigo 3\u00ba da Lei n\u00ba 8.666\/93<\/a>. Sustentou que houve absoluta transpar\u00eancia dos atos que envolveram o processo licitat\u00f3rio.<\/span><span data-ccp-props=\"{&quot;134233117&quot;:false,&quot;134233118&quot;:false,&quot;201341983&quot;:0,&quot;335551550&quot;:6,&quot;335551620&quot;:6,&quot;335559685&quot;:0,&quot;335559737&quot;:0,&quot;335559738&quot;:0,&quot;335559739&quot;:160,&quot;335559740&quot;:360}\">\u00a0<\/span><\/p>\n<p><span data-contrast=\"auto\">Instada a se manifestar, a Coordenadoria de Gest\u00e3o Municipal (CGM) observou que n\u00e3o h\u00e1 impedimento de participa\u00e7\u00e3o de empresas de outro porte al\u00e9m das pequenas e microempresas, n\u00e3o se tratando de licita\u00e7\u00e3o exclusiva. No mesmo sentido, apontou que n\u00e3o restou demonstrada as vantagens pr\u00e1ticas da \u201cquarteiriza\u00e7\u00e3o\u201d (modelo de gerenciamento de frota) sobre a aquisi\u00e7\u00e3o direta de combust\u00edveis. Acrescenta-se a isso o fato de que, a princ\u00edpio, a aquisi\u00e7\u00e3o direta se apresenta como mais vantajoso uma vez que elimina a empresa intermedi\u00e1ria na cadeia de fornecimento.<\/span><span data-ccp-props=\"{&quot;134233117&quot;:false,&quot;134233118&quot;:false,&quot;201341983&quot;:0,&quot;335551550&quot;:6,&quot;335551620&quot;:6,&quot;335559685&quot;:0,&quot;335559737&quot;:0,&quot;335559738&quot;:0,&quot;335559739&quot;:160,&quot;335559740&quot;:360}\">\u00a0<\/span><\/p>\n<p><span data-contrast=\"auto\">Dessa forma, a CGM concluiu sua instru\u00e7\u00e3o manifestando-se pela parcial proced\u00eancia da representa\u00e7\u00e3o, apenas no tocante \u00e0 falta de transpar\u00eancia do Munic\u00edpio na publica\u00e7\u00e3o dos atos que envolvem o procedimento licitat\u00f3rio, pois no site oficial da municipalidade n\u00e3o foi poss\u00edvel consultar a \u00edntegra do preg\u00e3o eletr\u00f4nico, mas somente o aviso de licita\u00e7\u00e3o. Por essa raz\u00e3o, sugeriu a expedi\u00e7\u00e3o de determina\u00e7\u00e3o ao Munic\u00edpio para que passe a divulgar a \u00edntegra de seus procedimentos licitat\u00f3rios.<\/span><span data-ccp-props=\"{&quot;134233117&quot;:false,&quot;134233118&quot;:false,&quot;201341983&quot;:0,&quot;335551550&quot;:6,&quot;335551620&quot;:6,&quot;335559685&quot;:0,&quot;335559737&quot;:0,&quot;335559738&quot;:0,&quot;335559739&quot;:160,&quot;335559740&quot;:360}\">\u00a0<\/span><\/p>\n<p><span data-contrast=\"auto\">Mediante o <a href=\"https:\/\/www.mpc.pr.gov.br\/wp-content\/uploads\/2023\/10\/Japira-Parecer-Ministerial-719-23.pdf\">Parecer n\u00b0 719\/23<\/a>, o MPC-PR corroborou o opinativo da unidade t\u00e9cnica pela parcial proced\u00eancia do feito e expedi\u00e7\u00e3o de determina\u00e7\u00e3o ao Munic\u00edpio, diante da falha na publicidade dos documentos que envolvem o procedimento licitat\u00f3rio.<\/span><span data-ccp-props=\"{&quot;134233117&quot;:false,&quot;134233118&quot;:false,&quot;201341983&quot;:0,&quot;335551550&quot;:6,&quot;335551620&quot;:6,&quot;335559685&quot;:0,&quot;335559737&quot;:0,&quot;335559738&quot;:0,&quot;335559739&quot;:160,&quot;335559740&quot;:360}\">\u00a0<\/span><\/p>\n<p><b><span data-contrast=\"auto\">Decis\u00e3o<\/span><\/b><span data-ccp-props=\"{&quot;134233117&quot;:false,&quot;134233118&quot;:false,&quot;201341983&quot;:0,&quot;335551550&quot;:6,&quot;335551620&quot;:6,&quot;335559685&quot;:0,&quot;335559737&quot;:0,&quot;335559738&quot;:0,&quot;335559739&quot;:160,&quot;335559740&quot;:360}\">\u00a0<\/span><\/p>\n<p><span data-contrast=\"auto\">Em sede de julgamento, o Relator Conselheiro Fabio de Souza Camargo observou que n\u00e3o houve a exclusividade absoluta do certame \u00e0s empresas de pequeno porte e microempresas, mas apenas o resguardo de 25% do objeto do certame. Destacou que o resguardo deste percentual est\u00e1 em conformidade com o art. 48, inciso III, da Lei complementar n\u00ba 123\/2006, que dita que \u2013 para cumprir com o tratamento diferenciado e simplificado \u00e0s microempresas e empresas de pequeno porte, objetivando a promo\u00e7\u00e3o do desenvolvimento econ\u00f4mico e social no \u00e2mbito Municipal, previsto no art. 47 da mesma norma \u2013 a administra\u00e7\u00e3o p\u00fablica dever\u00e1 estabelecer, em certames para aquisi\u00e7\u00e3o de bens de natureza divis\u00edvel, cota de at\u00e9 25% do objeto para a contrata\u00e7\u00e3o de microempresas e empresas de pequeno porte.<\/span><span data-ccp-props=\"{&quot;134233117&quot;:false,&quot;134233118&quot;:false,&quot;201341983&quot;:0,&quot;335551550&quot;:6,&quot;335551620&quot;:6,&quot;335559685&quot;:0,&quot;335559737&quot;:0,&quot;335559738&quot;:0,&quot;335559739&quot;:160,&quot;335559740&quot;:360}\">\u00a0<\/span><\/p>\n<p><span data-contrast=\"auto\">No tocante \u00e0 suposta irregularidade na contrata\u00e7\u00e3o direta de combust\u00edvel, o Relator tamb\u00e9m observou que embora a contrata\u00e7\u00e3o na modalidade de \u201cquarteiriza\u00e7\u00e3o\u201d esteja se mostrando positiva e mais ben\u00e9fica para diversos Munic\u00edpios, a escolha da forma de execu\u00e7\u00e3o do contrato est\u00e1 dentro do poder discricion\u00e1rio da administra\u00e7\u00e3o p\u00fablica, al\u00e9m de ser a forma de contrata\u00e7\u00e3o que usualmente \u00e9 adotada em diversos munic\u00edpios. Sendo assim, diante da aus\u00eancia de documentos ou provas que conduzam a conclus\u00e3o de que a contrata\u00e7\u00e3o direta, no presente caso, n\u00e3o \u00e9 a mais vantajosa ao Munic\u00edpio e, n\u00e3o havendo ind\u00edcios de irregularidade decorrente de sobrepre\u00e7o ou direcionamento da licita\u00e7\u00e3o, votou pela improced\u00eancia deste item na Representa\u00e7\u00e3o.<\/span><span data-ccp-props=\"{&quot;134233117&quot;:false,&quot;134233118&quot;:false,&quot;201341983&quot;:0,&quot;335551550&quot;:6,&quot;335551620&quot;:6,&quot;335559685&quot;:0,&quot;335559737&quot;:0,&quot;335559738&quot;:0,&quot;335559739&quot;:160,&quot;335559740&quot;:360}\">\u00a0<\/span><\/p>\n<p><span data-contrast=\"auto\">Por fim, em conformidade com os opinativos uniformes da CGM e MPC-PR, o Relator concluiu que restou comprovada apenas a falta de transpar\u00eancia dos atos que envolvem o procedimento licitat\u00f3rio, em afronta ao art. 3\u00ba, \u00a7 3\u00ba da Lei 8.666\/93. Desse modo, votou pela parcial proced\u00eancia da Representa\u00e7\u00e3o, com consequente expedi\u00e7\u00e3o de determina\u00e7\u00e3o \u00e0 municipalidade, para que insira no seu portal da transpar\u00eancia a \u00edntegra dos seus procedimentos licitat\u00f3rios, em respeito ao princ\u00edpio da publicidade.<\/span><span data-ccp-props=\"{&quot;134233117&quot;:false,&quot;134233118&quot;:false,&quot;201341983&quot;:0,&quot;335551550&quot;:6,&quot;335551620&quot;:6,&quot;335559685&quot;:0,&quot;335559737&quot;:0,&quot;335559738&quot;:0,&quot;335559739&quot;:160,&quot;335559740&quot;:360}\">\u00a0<\/span><\/p>\n<p><span data-contrast=\"auto\">Conforme a decis\u00e3o expressa no<a href=\"https:\/\/www.mpc.pr.gov.br\/wp-content\/uploads\/2023\/10\/Japira-Acordao-2893-23-STP.pdf\"> Ac\u00f3rd\u00e3o n\u00b0 2893\/23<\/a>, os membros do Tribunal Pleno acompanharam, por unanimidade, o voto do Relator, e determinaram que, ap\u00f3s o tr\u00e2nsito em julgado, os autos sejam encaminhados \u00e0 Coordenadoria de Monitoramento e Execu\u00e7\u00f5es (CMEX) para registro e acompanhamento da execu\u00e7\u00e3o da decis\u00e3o. Ainda, destacaram que o cumprimento da determina\u00e7\u00e3o pelo Munic\u00edpio deve ser comprovado por meio do encaminhamento de link do portal da transpar\u00eancia, que demonstre a publicidade de todos os atos que envolvem o Preg\u00e3o Eletr\u00f4nico n\u00ba 18\/2023.<\/span><span data-ccp-props=\"{&quot;134233117&quot;:false,&quot;134233118&quot;:false,&quot;201341983&quot;:0,&quot;335551550&quot;:6,&quot;335551620&quot;:6,&quot;335559685&quot;:0,&quot;335559737&quot;:0,&quot;335559738&quot;:0,&quot;335559739&quot;:160,&quot;335559740&quot;:360}\">\u00a0<\/span><\/p>\n<p><span style=\"color: #820007;\"><strong><u>Informa\u00e7\u00e3o para consulta processual<\/u><\/strong><\/span><\/p>\n<table style=\"height: 123px;\" border=\"0\" width=\"469\" cellspacing=\"0\" cellpadding=\"0\">\n<tbody>\n<tr>\n<td><strong>Processo n\u00ba<\/strong>:<\/td>\n<td>338601\/23<\/td>\n<\/tr>\n<tr>\n<td><strong>Ac\u00f3rd\u00e3o n\u00ba<\/strong>:<\/td>\n<td>2893\/23 &#8211; Pleno<\/td>\n<\/tr>\n<tr>\n<td><strong>Assunto<\/strong>:<\/td>\n<td><span data-contrast=\"auto\">Representa\u00e7\u00e3o da Lei n\u00b0 8.666\/93<\/span><\/td>\n<\/tr>\n<tr>\n<td><strong>Entidade<\/strong>:<\/td>\n<td>Munic\u00edpio de Japira<\/td>\n<\/tr>\n<tr>\n<td><strong>Relator<\/strong>:<\/td>\n<td><span data-contrast=\"auto\">Conselheiro Fabio de Souza Camargo<\/span><\/td>\n<\/tr>\n<\/tbody>\n<\/table>\n","protected":false},"excerpt":{"rendered":"<p>Em respeito ao princ\u00edpio da publicidade, o Munic\u00edpio de Japira deve inserir no portal de transpar\u00eancia a \u00edntegra dos seus procedimentos licitat\u00f3rios. Essa foi a determina\u00e7\u00e3o do Pleno do Tribunal de Contas do Estado (TCE-PR), ao julgar parcialmente procedente Representa\u00e7\u00e3o da Lei n\u00b0 8.666\/93 ent\u00e3o proposta pela empresa Prime Consultoria e Assessoria Empresarial Ltda, em [&hellip;]<\/p>\n","protected":false},"author":1,"featured_media":16588,"comment_status":"open","ping_status":"open","sticky":false,"template":"","format":"standard","meta":{"_monsterinsights_skip_tracking":false,"_monsterinsights_sitenote_active":false,"_monsterinsights_sitenote_note":"","_monsterinsights_sitenote_category":0,"footnotes":""},"categories":[7],"tags":[13,466,465,135,39,71],"class_list":["post-16587","post","type-post","status-publish","format-standard","has-post-thumbnail","hentry","category-todas-as-noticias","tag-mpc-pr","tag-municipio-de-japira","tag-pregao-eletronico","tag-representacao-da-lei-n-8-666-93","tag-tce-pr","tag-tribunal-pleno","entry","has-media"],"yoast_head":"<!-- This site is optimized with the Yoast SEO plugin v27.3 - https:\/\/yoast.com\/product\/yoast-seo-wordpress\/ -->\n<title>Munic\u00edpio deve divulgar dados dos procedimentos licitat\u00f3rios no portal de transpar\u00eancia - Minist\u00e9rio P\u00fablico de Contas do Estado do Paran\u00e1<\/title>\n<meta name=\"robots\" content=\"index, follow, max-snippet:-1, max-image-preview:large, max-video-preview:-1\" \/>\n<link rel=\"canonical\" href=\"https:\/\/www.mpc.pr.gov.br\/index.php\/municipio-deve-divulgar-dados-dos-procedimentos-licitatorios-no-portal-de-transparencia\/\" \/>\n<meta property=\"og:locale\" content=\"pt_BR\" \/>\n<meta property=\"og:type\" content=\"article\" \/>\n<meta property=\"og:title\" content=\"Munic\u00edpio deve divulgar dados dos procedimentos licitat\u00f3rios no portal de transpar\u00eancia - Minist\u00e9rio P\u00fablico de Contas do Estado do Paran\u00e1\" \/>\n<meta property=\"og:description\" content=\"Em respeito ao princ\u00edpio da publicidade, o Munic\u00edpio de Japira deve inserir no portal de transpar\u00eancia a \u00edntegra dos seus procedimentos licitat\u00f3rios. Essa foi a determina\u00e7\u00e3o do Pleno do Tribunal de Contas do Estado (TCE-PR), ao julgar parcialmente procedente Representa\u00e7\u00e3o da Lei n\u00b0 8.666\/93 ent\u00e3o proposta pela empresa Prime Consultoria e Assessoria Empresarial Ltda, em [&hellip;]\" \/>\n<meta property=\"og:url\" content=\"https:\/\/www.mpc.pr.gov.br\/index.php\/municipio-deve-divulgar-dados-dos-procedimentos-licitatorios-no-portal-de-transparencia\/\" \/>\n<meta property=\"og:site_name\" content=\"Minist\u00e9rio P\u00fablico de Contas do Estado do Paran\u00e1\" \/>\n<meta property=\"article:publisher\" content=\"https:\/\/www.facebook.com\/mpc.pr\" \/>\n<meta property=\"article:published_time\" content=\"2023-10-09T13:15:41+00:00\" \/>\n<meta property=\"article:modified_time\" content=\"2023-10-23T14:29:39+00:00\" \/>\n<meta property=\"og:image\" content=\"https:\/\/www.mpc.pr.gov.br\/wp-content\/uploads\/2023\/10\/Japira-Prefeitura-de-Japira-municipio-da-regiao-do-Norte-Pioneiro-do-Parana.jpg\" \/>\n\t<meta property=\"og:image:width\" content=\"640\" \/>\n\t<meta property=\"og:image:height\" content=\"547\" \/>\n\t<meta property=\"og:image:type\" content=\"image\/jpeg\" \/>\n<meta name=\"author\" content=\"mpcontaspr\" \/>\n<meta name=\"twitter:card\" content=\"summary_large_image\" \/>\n<meta name=\"twitter:label1\" content=\"Escrito por\" \/>\n\t<meta name=\"twitter:data1\" content=\"mpcontaspr\" \/>\n\t<meta name=\"twitter:label2\" content=\"Est. tempo de leitura\" \/>\n\t<meta name=\"twitter:data2\" content=\"6 minutos\" \/>\n<script type=\"application\/ld+json\" class=\"yoast-schema-graph\">{\"@context\":\"https:\\\/\\\/schema.org\",\"@graph\":[{\"@type\":\"Article\",\"@id\":\"https:\\\/\\\/www.mpc.pr.gov.br\\\/index.php\\\/municipio-deve-divulgar-dados-dos-procedimentos-licitatorios-no-portal-de-transparencia\\\/#article\",\"isPartOf\":{\"@id\":\"https:\\\/\\\/www.mpc.pr.gov.br\\\/index.php\\\/municipio-deve-divulgar-dados-dos-procedimentos-licitatorios-no-portal-de-transparencia\\\/\"},\"author\":{\"name\":\"mpcontaspr\",\"@id\":\"https:\\\/\\\/www.mpc.pr.gov.br\\\/#\\\/schema\\\/person\\\/2d83cb8980538d0ec174e8a6284f5e11\"},\"headline\":\"Munic\u00edpio deve divulgar dados dos procedimentos licitat\u00f3rios no portal de transpar\u00eancia\",\"datePublished\":\"2023-10-09T13:15:41+00:00\",\"dateModified\":\"2023-10-23T14:29:39+00:00\",\"mainEntityOfPage\":{\"@id\":\"https:\\\/\\\/www.mpc.pr.gov.br\\\/index.php\\\/municipio-deve-divulgar-dados-dos-procedimentos-licitatorios-no-portal-de-transparencia\\\/\"},\"wordCount\":1073,\"commentCount\":0,\"publisher\":{\"@id\":\"https:\\\/\\\/www.mpc.pr.gov.br\\\/#organization\"},\"image\":{\"@id\":\"https:\\\/\\\/www.mpc.pr.gov.br\\\/index.php\\\/municipio-deve-divulgar-dados-dos-procedimentos-licitatorios-no-portal-de-transparencia\\\/#primaryimage\"},\"thumbnailUrl\":\"https:\\\/\\\/www.mpc.pr.gov.br\\\/wp-content\\\/uploads\\\/2023\\\/10\\\/Japira-Prefeitura-de-Japira-municipio-da-regiao-do-Norte-Pioneiro-do-Parana.jpg\",\"keywords\":[\"MPC-PR\",\"Munic\u00edpio de Japira\",\"Preg\u00e3o Eletr\u00f4nico\",\"Representa\u00e7\u00e3o da Lei n\u00b0 8.666\\\/93\",\"TCE-PR\",\"Tribunal Pleno\"],\"articleSection\":[\"Todas as not\u00edcias\"],\"inLanguage\":\"pt-BR\",\"potentialAction\":[{\"@type\":\"CommentAction\",\"name\":\"Comment\",\"target\":[\"https:\\\/\\\/www.mpc.pr.gov.br\\\/index.php\\\/municipio-deve-divulgar-dados-dos-procedimentos-licitatorios-no-portal-de-transparencia\\\/#respond\"]}]},{\"@type\":\"WebPage\",\"@id\":\"https:\\\/\\\/www.mpc.pr.gov.br\\\/index.php\\\/municipio-deve-divulgar-dados-dos-procedimentos-licitatorios-no-portal-de-transparencia\\\/\",\"url\":\"https:\\\/\\\/www.mpc.pr.gov.br\\\/index.php\\\/municipio-deve-divulgar-dados-dos-procedimentos-licitatorios-no-portal-de-transparencia\\\/\",\"name\":\"Munic\u00edpio deve divulgar dados dos procedimentos licitat\u00f3rios no portal de transpar\u00eancia - Minist\u00e9rio P\u00fablico de Contas do Estado do Paran\u00e1\",\"isPartOf\":{\"@id\":\"https:\\\/\\\/www.mpc.pr.gov.br\\\/#website\"},\"primaryImageOfPage\":{\"@id\":\"https:\\\/\\\/www.mpc.pr.gov.br\\\/index.php\\\/municipio-deve-divulgar-dados-dos-procedimentos-licitatorios-no-portal-de-transparencia\\\/#primaryimage\"},\"image\":{\"@id\":\"https:\\\/\\\/www.mpc.pr.gov.br\\\/index.php\\\/municipio-deve-divulgar-dados-dos-procedimentos-licitatorios-no-portal-de-transparencia\\\/#primaryimage\"},\"thumbnailUrl\":\"https:\\\/\\\/www.mpc.pr.gov.br\\\/wp-content\\\/uploads\\\/2023\\\/10\\\/Japira-Prefeitura-de-Japira-municipio-da-regiao-do-Norte-Pioneiro-do-Parana.jpg\",\"datePublished\":\"2023-10-09T13:15:41+00:00\",\"dateModified\":\"2023-10-23T14:29:39+00:00\",\"breadcrumb\":{\"@id\":\"https:\\\/\\\/www.mpc.pr.gov.br\\\/index.php\\\/municipio-deve-divulgar-dados-dos-procedimentos-licitatorios-no-portal-de-transparencia\\\/#breadcrumb\"},\"inLanguage\":\"pt-BR\",\"potentialAction\":[{\"@type\":\"ReadAction\",\"target\":[\"https:\\\/\\\/www.mpc.pr.gov.br\\\/index.php\\\/municipio-deve-divulgar-dados-dos-procedimentos-licitatorios-no-portal-de-transparencia\\\/\"]}]},{\"@type\":\"ImageObject\",\"inLanguage\":\"pt-BR\",\"@id\":\"https:\\\/\\\/www.mpc.pr.gov.br\\\/index.php\\\/municipio-deve-divulgar-dados-dos-procedimentos-licitatorios-no-portal-de-transparencia\\\/#primaryimage\",\"url\":\"https:\\\/\\\/www.mpc.pr.gov.br\\\/wp-content\\\/uploads\\\/2023\\\/10\\\/Japira-Prefeitura-de-Japira-municipio-da-regiao-do-Norte-Pioneiro-do-Parana.jpg\",\"contentUrl\":\"https:\\\/\\\/www.mpc.pr.gov.br\\\/wp-content\\\/uploads\\\/2023\\\/10\\\/Japira-Prefeitura-de-Japira-municipio-da-regiao-do-Norte-Pioneiro-do-Parana.jpg\",\"width\":640,\"height\":547,\"caption\":\"Prefeitura de Japira, Munic\u00edpio da regi\u00e3o do Norte Pioneiro do Paran\u00e1. Foto: divulga\u00e7\u00e3o.\"},{\"@type\":\"BreadcrumbList\",\"@id\":\"https:\\\/\\\/www.mpc.pr.gov.br\\\/index.php\\\/municipio-deve-divulgar-dados-dos-procedimentos-licitatorios-no-portal-de-transparencia\\\/#breadcrumb\",\"itemListElement\":[{\"@type\":\"ListItem\",\"position\":1,\"name\":\"In\u00edcio\",\"item\":\"https:\\\/\\\/www.mpc.pr.gov.br\\\/\"},{\"@type\":\"ListItem\",\"position\":2,\"name\":\"Munic\u00edpio deve divulgar dados dos procedimentos licitat\u00f3rios no portal de transpar\u00eancia\"}]},{\"@type\":\"WebSite\",\"@id\":\"https:\\\/\\\/www.mpc.pr.gov.br\\\/#website\",\"url\":\"https:\\\/\\\/www.mpc.pr.gov.br\\\/\",\"name\":\"Minist\u00e9rio P\u00fablico de Contas do Estado do Paran\u00e1\",\"description\":\"\",\"publisher\":{\"@id\":\"https:\\\/\\\/www.mpc.pr.gov.br\\\/#organization\"},\"potentialAction\":[{\"@type\":\"SearchAction\",\"target\":{\"@type\":\"EntryPoint\",\"urlTemplate\":\"https:\\\/\\\/www.mpc.pr.gov.br\\\/?s={search_term_string}\"},\"query-input\":{\"@type\":\"PropertyValueSpecification\",\"valueRequired\":true,\"valueName\":\"search_term_string\"}}],\"inLanguage\":\"pt-BR\"},{\"@type\":\"Organization\",\"@id\":\"https:\\\/\\\/www.mpc.pr.gov.br\\\/#organization\",\"name\":\"Minist\u00e9rio P\u00fablico de Contas do Estado do Paran\u00e1\",\"url\":\"https:\\\/\\\/www.mpc.pr.gov.br\\\/\",\"logo\":{\"@type\":\"ImageObject\",\"inLanguage\":\"pt-BR\",\"@id\":\"https:\\\/\\\/www.mpc.pr.gov.br\\\/#\\\/schema\\\/logo\\\/image\\\/\",\"url\":\"https:\\\/\\\/www.mpc.pr.gov.br\\\/wp-content\\\/uploads\\\/2020\\\/06\\\/99423647_1593460364143890_6706793420720963584_n-1-e1591387983167.png\",\"contentUrl\":\"https:\\\/\\\/www.mpc.pr.gov.br\\\/wp-content\\\/uploads\\\/2020\\\/06\\\/99423647_1593460364143890_6706793420720963584_n-1-e1591387983167.png\",\"width\":243,\"height\":73,\"caption\":\"Minist\u00e9rio P\u00fablico de Contas do Estado do Paran\u00e1\"},\"image\":{\"@id\":\"https:\\\/\\\/www.mpc.pr.gov.br\\\/#\\\/schema\\\/logo\\\/image\\\/\"},\"sameAs\":[\"https:\\\/\\\/www.facebook.com\\\/mpc.pr\",\"https:\\\/\\\/www.instagram.com\\\/mpc.pr\\\/?hl=pt-br\",\"https:\\\/\\\/www.youtube.com\\\/channel\\\/UCHri5oEM8DV0ztX57E0sBSw\"]},{\"@type\":\"Person\",\"@id\":\"https:\\\/\\\/www.mpc.pr.gov.br\\\/#\\\/schema\\\/person\\\/2d83cb8980538d0ec174e8a6284f5e11\",\"name\":\"mpcontaspr\",\"image\":{\"@type\":\"ImageObject\",\"inLanguage\":\"pt-BR\",\"@id\":\"https:\\\/\\\/secure.gravatar.com\\\/avatar\\\/1aef51541db7622e05fd639336c9c9f312c2a618396e2b6ca96846362fc5403f?s=96&d=mm&r=g\",\"url\":\"https:\\\/\\\/secure.gravatar.com\\\/avatar\\\/1aef51541db7622e05fd639336c9c9f312c2a618396e2b6ca96846362fc5403f?s=96&d=mm&r=g\",\"contentUrl\":\"https:\\\/\\\/secure.gravatar.com\\\/avatar\\\/1aef51541db7622e05fd639336c9c9f312c2a618396e2b6ca96846362fc5403f?s=96&d=mm&r=g\",\"caption\":\"mpcontaspr\"},\"sameAs\":[\"http:\\\/\\\/www.mpc.pr.gov.br\"]}]}<\/script>\n<!-- \/ Yoast SEO plugin. -->","yoast_head_json":{"title":"Munic\u00edpio deve divulgar dados dos procedimentos licitat\u00f3rios no portal de transpar\u00eancia - Minist\u00e9rio P\u00fablico de Contas do Estado do Paran\u00e1","robots":{"index":"index","follow":"follow","max-snippet":"max-snippet:-1","max-image-preview":"max-image-preview:large","max-video-preview":"max-video-preview:-1"},"canonical":"https:\/\/www.mpc.pr.gov.br\/index.php\/municipio-deve-divulgar-dados-dos-procedimentos-licitatorios-no-portal-de-transparencia\/","og_locale":"pt_BR","og_type":"article","og_title":"Munic\u00edpio deve divulgar dados dos procedimentos licitat\u00f3rios no portal de transpar\u00eancia - Minist\u00e9rio P\u00fablico de Contas do Estado do Paran\u00e1","og_description":"Em respeito ao princ\u00edpio da publicidade, o Munic\u00edpio de Japira deve inserir no portal de transpar\u00eancia a \u00edntegra dos seus procedimentos licitat\u00f3rios. Essa foi a determina\u00e7\u00e3o do Pleno do Tribunal de Contas do Estado (TCE-PR), ao julgar parcialmente procedente Representa\u00e7\u00e3o da Lei n\u00b0 8.666\/93 ent\u00e3o proposta pela empresa Prime Consultoria e Assessoria Empresarial Ltda, em [&hellip;]","og_url":"https:\/\/www.mpc.pr.gov.br\/index.php\/municipio-deve-divulgar-dados-dos-procedimentos-licitatorios-no-portal-de-transparencia\/","og_site_name":"Minist\u00e9rio P\u00fablico de Contas do Estado do Paran\u00e1","article_publisher":"https:\/\/www.facebook.com\/mpc.pr","article_published_time":"2023-10-09T13:15:41+00:00","article_modified_time":"2023-10-23T14:29:39+00:00","og_image":[{"width":640,"height":547,"url":"https:\/\/www.mpc.pr.gov.br\/wp-content\/uploads\/2023\/10\/Japira-Prefeitura-de-Japira-municipio-da-regiao-do-Norte-Pioneiro-do-Parana.jpg","type":"image\/jpeg"}],"author":"mpcontaspr","twitter_card":"summary_large_image","twitter_misc":{"Escrito por":"mpcontaspr","Est. tempo de leitura":"6 minutos"},"schema":{"@context":"https:\/\/schema.org","@graph":[{"@type":"Article","@id":"https:\/\/www.mpc.pr.gov.br\/index.php\/municipio-deve-divulgar-dados-dos-procedimentos-licitatorios-no-portal-de-transparencia\/#article","isPartOf":{"@id":"https:\/\/www.mpc.pr.gov.br\/index.php\/municipio-deve-divulgar-dados-dos-procedimentos-licitatorios-no-portal-de-transparencia\/"},"author":{"name":"mpcontaspr","@id":"https:\/\/www.mpc.pr.gov.br\/#\/schema\/person\/2d83cb8980538d0ec174e8a6284f5e11"},"headline":"Munic\u00edpio deve divulgar dados dos procedimentos licitat\u00f3rios no portal de transpar\u00eancia","datePublished":"2023-10-09T13:15:41+00:00","dateModified":"2023-10-23T14:29:39+00:00","mainEntityOfPage":{"@id":"https:\/\/www.mpc.pr.gov.br\/index.php\/municipio-deve-divulgar-dados-dos-procedimentos-licitatorios-no-portal-de-transparencia\/"},"wordCount":1073,"commentCount":0,"publisher":{"@id":"https:\/\/www.mpc.pr.gov.br\/#organization"},"image":{"@id":"https:\/\/www.mpc.pr.gov.br\/index.php\/municipio-deve-divulgar-dados-dos-procedimentos-licitatorios-no-portal-de-transparencia\/#primaryimage"},"thumbnailUrl":"https:\/\/www.mpc.pr.gov.br\/wp-content\/uploads\/2023\/10\/Japira-Prefeitura-de-Japira-municipio-da-regiao-do-Norte-Pioneiro-do-Parana.jpg","keywords":["MPC-PR","Munic\u00edpio de Japira","Preg\u00e3o Eletr\u00f4nico","Representa\u00e7\u00e3o da Lei n\u00b0 8.666\/93","TCE-PR","Tribunal Pleno"],"articleSection":["Todas as not\u00edcias"],"inLanguage":"pt-BR","potentialAction":[{"@type":"CommentAction","name":"Comment","target":["https:\/\/www.mpc.pr.gov.br\/index.php\/municipio-deve-divulgar-dados-dos-procedimentos-licitatorios-no-portal-de-transparencia\/#respond"]}]},{"@type":"WebPage","@id":"https:\/\/www.mpc.pr.gov.br\/index.php\/municipio-deve-divulgar-dados-dos-procedimentos-licitatorios-no-portal-de-transparencia\/","url":"https:\/\/www.mpc.pr.gov.br\/index.php\/municipio-deve-divulgar-dados-dos-procedimentos-licitatorios-no-portal-de-transparencia\/","name":"Munic\u00edpio deve divulgar dados dos procedimentos licitat\u00f3rios no portal de transpar\u00eancia - Minist\u00e9rio P\u00fablico de Contas do Estado do Paran\u00e1","isPartOf":{"@id":"https:\/\/www.mpc.pr.gov.br\/#website"},"primaryImageOfPage":{"@id":"https:\/\/www.mpc.pr.gov.br\/index.php\/municipio-deve-divulgar-dados-dos-procedimentos-licitatorios-no-portal-de-transparencia\/#primaryimage"},"image":{"@id":"https:\/\/www.mpc.pr.gov.br\/index.php\/municipio-deve-divulgar-dados-dos-procedimentos-licitatorios-no-portal-de-transparencia\/#primaryimage"},"thumbnailUrl":"https:\/\/www.mpc.pr.gov.br\/wp-content\/uploads\/2023\/10\/Japira-Prefeitura-de-Japira-municipio-da-regiao-do-Norte-Pioneiro-do-Parana.jpg","datePublished":"2023-10-09T13:15:41+00:00","dateModified":"2023-10-23T14:29:39+00:00","breadcrumb":{"@id":"https:\/\/www.mpc.pr.gov.br\/index.php\/municipio-deve-divulgar-dados-dos-procedimentos-licitatorios-no-portal-de-transparencia\/#breadcrumb"},"inLanguage":"pt-BR","potentialAction":[{"@type":"ReadAction","target":["https:\/\/www.mpc.pr.gov.br\/index.php\/municipio-deve-divulgar-dados-dos-procedimentos-licitatorios-no-portal-de-transparencia\/"]}]},{"@type":"ImageObject","inLanguage":"pt-BR","@id":"https:\/\/www.mpc.pr.gov.br\/index.php\/municipio-deve-divulgar-dados-dos-procedimentos-licitatorios-no-portal-de-transparencia\/#primaryimage","url":"https:\/\/www.mpc.pr.gov.br\/wp-content\/uploads\/2023\/10\/Japira-Prefeitura-de-Japira-municipio-da-regiao-do-Norte-Pioneiro-do-Parana.jpg","contentUrl":"https:\/\/www.mpc.pr.gov.br\/wp-content\/uploads\/2023\/10\/Japira-Prefeitura-de-Japira-municipio-da-regiao-do-Norte-Pioneiro-do-Parana.jpg","width":640,"height":547,"caption":"Prefeitura de Japira, Munic\u00edpio da regi\u00e3o do Norte Pioneiro do Paran\u00e1. Foto: divulga\u00e7\u00e3o."},{"@type":"BreadcrumbList","@id":"https:\/\/www.mpc.pr.gov.br\/index.php\/municipio-deve-divulgar-dados-dos-procedimentos-licitatorios-no-portal-de-transparencia\/#breadcrumb","itemListElement":[{"@type":"ListItem","position":1,"name":"In\u00edcio","item":"https:\/\/www.mpc.pr.gov.br\/"},{"@type":"ListItem","position":2,"name":"Munic\u00edpio deve divulgar dados dos procedimentos licitat\u00f3rios no portal de transpar\u00eancia"}]},{"@type":"WebSite","@id":"https:\/\/www.mpc.pr.gov.br\/#website","url":"https:\/\/www.mpc.pr.gov.br\/","name":"Minist\u00e9rio P\u00fablico de Contas do Estado do Paran\u00e1","description":"","publisher":{"@id":"https:\/\/www.mpc.pr.gov.br\/#organization"},"potentialAction":[{"@type":"SearchAction","target":{"@type":"EntryPoint","urlTemplate":"https:\/\/www.mpc.pr.gov.br\/?s={search_term_string}"},"query-input":{"@type":"PropertyValueSpecification","valueRequired":true,"valueName":"search_term_string"}}],"inLanguage":"pt-BR"},{"@type":"Organization","@id":"https:\/\/www.mpc.pr.gov.br\/#organization","name":"Minist\u00e9rio P\u00fablico de Contas do Estado do Paran\u00e1","url":"https:\/\/www.mpc.pr.gov.br\/","logo":{"@type":"ImageObject","inLanguage":"pt-BR","@id":"https:\/\/www.mpc.pr.gov.br\/#\/schema\/logo\/image\/","url":"https:\/\/www.mpc.pr.gov.br\/wp-content\/uploads\/2020\/06\/99423647_1593460364143890_6706793420720963584_n-1-e1591387983167.png","contentUrl":"https:\/\/www.mpc.pr.gov.br\/wp-content\/uploads\/2020\/06\/99423647_1593460364143890_6706793420720963584_n-1-e1591387983167.png","width":243,"height":73,"caption":"Minist\u00e9rio P\u00fablico de Contas do Estado do Paran\u00e1"},"image":{"@id":"https:\/\/www.mpc.pr.gov.br\/#\/schema\/logo\/image\/"},"sameAs":["https:\/\/www.facebook.com\/mpc.pr","https:\/\/www.instagram.com\/mpc.pr\/?hl=pt-br","https:\/\/www.youtube.com\/channel\/UCHri5oEM8DV0ztX57E0sBSw"]},{"@type":"Person","@id":"https:\/\/www.mpc.pr.gov.br\/#\/schema\/person\/2d83cb8980538d0ec174e8a6284f5e11","name":"mpcontaspr","image":{"@type":"ImageObject","inLanguage":"pt-BR","@id":"https:\/\/secure.gravatar.com\/avatar\/1aef51541db7622e05fd639336c9c9f312c2a618396e2b6ca96846362fc5403f?s=96&d=mm&r=g","url":"https:\/\/secure.gravatar.com\/avatar\/1aef51541db7622e05fd639336c9c9f312c2a618396e2b6ca96846362fc5403f?s=96&d=mm&r=g","contentUrl":"https:\/\/secure.gravatar.com\/avatar\/1aef51541db7622e05fd639336c9c9f312c2a618396e2b6ca96846362fc5403f?s=96&d=mm&r=g","caption":"mpcontaspr"},"sameAs":["http:\/\/www.mpc.pr.gov.br"]}]}},"rttpg_featured_image_url":{"full":["https:\/\/www.mpc.pr.gov.br\/wp-content\/uploads\/2023\/10\/Japira-Prefeitura-de-Japira-municipio-da-regiao-do-Norte-Pioneiro-do-Parana.jpg",640,547,false],"landscape":["https:\/\/www.mpc.pr.gov.br\/wp-content\/uploads\/2023\/10\/Japira-Prefeitura-de-Japira-municipio-da-regiao-do-Norte-Pioneiro-do-Parana.jpg",640,547,false],"portraits":["https:\/\/www.mpc.pr.gov.br\/wp-content\/uploads\/2023\/10\/Japira-Prefeitura-de-Japira-municipio-da-regiao-do-Norte-Pioneiro-do-Parana.jpg",640,547,false],"thumbnail":["https:\/\/www.mpc.pr.gov.br\/wp-content\/uploads\/2023\/10\/Japira-Prefeitura-de-Japira-municipio-da-regiao-do-Norte-Pioneiro-do-Parana-150x150.jpg",150,150,true],"medium":["https:\/\/www.mpc.pr.gov.br\/wp-content\/uploads\/2023\/10\/Japira-Prefeitura-de-Japira-municipio-da-regiao-do-Norte-Pioneiro-do-Parana-300x256.jpg",300,256,true],"large":["https:\/\/www.mpc.pr.gov.br\/wp-content\/uploads\/2023\/10\/Japira-Prefeitura-de-Japira-municipio-da-regiao-do-Norte-Pioneiro-do-Parana.jpg",640,547,false],"1536x1536":["https:\/\/www.mpc.pr.gov.br\/wp-content\/uploads\/2023\/10\/Japira-Prefeitura-de-Japira-municipio-da-regiao-do-Norte-Pioneiro-do-Parana.jpg",640,547,false],"2048x2048":["https:\/\/www.mpc.pr.gov.br\/wp-content\/uploads\/2023\/10\/Japira-Prefeitura-de-Japira-municipio-da-regiao-do-Norte-Pioneiro-do-Parana.jpg",640,547,false],"ocean-thumb-m":["https:\/\/www.mpc.pr.gov.br\/wp-content\/uploads\/2023\/10\/Japira-Prefeitura-de-Japira-municipio-da-regiao-do-Norte-Pioneiro-do-Parana-600x547.jpg",600,547,true],"ocean-thumb-ml":["https:\/\/www.mpc.pr.gov.br\/wp-content\/uploads\/2023\/10\/Japira-Prefeitura-de-Japira-municipio-da-regiao-do-Norte-Pioneiro-do-Parana-640x450.jpg",640,450,true],"ocean-thumb-l":["https:\/\/www.mpc.pr.gov.br\/wp-content\/uploads\/2023\/10\/Japira-Prefeitura-de-Japira-municipio-da-regiao-do-Norte-Pioneiro-do-Parana.jpg",640,547,false]},"rttpg_author":{"display_name":"mpcontaspr","author_link":"https:\/\/www.mpc.pr.gov.br\/index.php\/author\/mpcontaspr\/"},"rttpg_comment":0,"rttpg_category":"<a href=\"https:\/\/www.mpc.pr.gov.br\/index.php\/category\/todas-as-noticias\/\" rel=\"category tag\">Todas as not\u00edcias<\/a>","rttpg_excerpt":"Em respeito ao princ\u00edpio da publicidade, o Munic\u00edpio de Japira deve inserir no portal de transpar\u00eancia a \u00edntegra dos seus procedimentos licitat\u00f3rios. Essa foi a determina\u00e7\u00e3o do Pleno do Tribunal de Contas do Estado (TCE-PR), ao julgar parcialmente procedente Representa\u00e7\u00e3o da Lei n\u00b0 8.666\/93 ent\u00e3o proposta pela empresa Prime Consultoria e Assessoria Empresarial Ltda, em&hellip;","_links":{"self":[{"href":"https:\/\/www.mpc.pr.gov.br\/index.php\/wp-json\/wp\/v2\/posts\/16587","targetHints":{"allow":["GET"]}}],"collection":[{"href":"https:\/\/www.mpc.pr.gov.br\/index.php\/wp-json\/wp\/v2\/posts"}],"about":[{"href":"https:\/\/www.mpc.pr.gov.br\/index.php\/wp-json\/wp\/v2\/types\/post"}],"author":[{"embeddable":true,"href":"https:\/\/www.mpc.pr.gov.br\/index.php\/wp-json\/wp\/v2\/users\/1"}],"replies":[{"embeddable":true,"href":"https:\/\/www.mpc.pr.gov.br\/index.php\/wp-json\/wp\/v2\/comments?post=16587"}],"version-history":[{"count":1,"href":"https:\/\/www.mpc.pr.gov.br\/index.php\/wp-json\/wp\/v2\/posts\/16587\/revisions"}],"predecessor-version":[{"id":16591,"href":"https:\/\/www.mpc.pr.gov.br\/index.php\/wp-json\/wp\/v2\/posts\/16587\/revisions\/16591"}],"wp:featuredmedia":[{"embeddable":true,"href":"https:\/\/www.mpc.pr.gov.br\/index.php\/wp-json\/wp\/v2\/media\/16588"}],"wp:attachment":[{"href":"https:\/\/www.mpc.pr.gov.br\/index.php\/wp-json\/wp\/v2\/media?parent=16587"}],"wp:term":[{"taxonomy":"category","embeddable":true,"href":"https:\/\/www.mpc.pr.gov.br\/index.php\/wp-json\/wp\/v2\/categories?post=16587"},{"taxonomy":"post_tag","embeddable":true,"href":"https:\/\/www.mpc.pr.gov.br\/index.php\/wp-json\/wp\/v2\/tags?post=16587"}],"curies":[{"name":"wp","href":"https:\/\/api.w.org\/{rel}","templated":true}]}}