{"id":16592,"date":"2023-10-11T09:20:53","date_gmt":"2023-10-11T12:20:53","guid":{"rendered":"https:\/\/www.mpc.pr.gov.br\/?p=16592"},"modified":"2023-10-23T11:29:10","modified_gmt":"2023-10-23T14:29:10","slug":"jandaia-do-sul-recebe-recomendacao-para-que-evite-excesso-de-formalidade-em-processos-licitatorios","status":"publish","type":"post","link":"https:\/\/www.mpc.pr.gov.br\/index.php\/jandaia-do-sul-recebe-recomendacao-para-que-evite-excesso-de-formalidade-em-processos-licitatorios\/","title":{"rendered":"Jandaia do Sul recebe recomenda\u00e7\u00e3o para que evite excesso de formalidade em processos licitat\u00f3rios"},"content":{"rendered":"<figure id=\"attachment_16593\" aria-describedby=\"caption-attachment-16593\" style=\"width: 300px\" class=\"wp-caption alignleft\"><img fetchpriority=\"high\" decoding=\"async\" class=\"size-medium wp-image-16593\" src=\"https:\/\/www.mpc.pr.gov.br\/wp-content\/uploads\/2023\/10\/Jandaia-do-Sul--300x203.jpg\" alt=\"\" width=\"300\" height=\"203\" srcset=\"https:\/\/www.mpc.pr.gov.br\/wp-content\/uploads\/2023\/10\/Jandaia-do-Sul--300x203.jpg 300w, https:\/\/www.mpc.pr.gov.br\/wp-content\/uploads\/2023\/10\/Jandaia-do-Sul-.jpg 713w\" sizes=\"(max-width: 300px) 100vw, 300px\" \/><figcaption id=\"caption-attachment-16593\" class=\"wp-caption-text\">Vis\u00e3o a\u00e9rea do Munic\u00edpio de Jandaia do Sul, localizado na regi\u00e3o do norte central do Paran\u00e1. Foto: divulga\u00e7\u00e3o.<\/figcaption><\/figure>\n<p><span data-contrast=\"auto\">A<\/span><span data-contrast=\"auto\">ntes de desclassificar ou inabilitar algum licitante, o Munic\u00edpio que promove a licita\u00e7\u00e3o deve avaliar se \u00e9 poss\u00edvel sanar o respectivo v\u00edcio mediante dilig\u00eancia, caso em que dever\u00e1 faz\u00ea-lo com vistas a ampliar a participa\u00e7\u00e3o nos certames, em atendimento aos princ\u00edpios da razoabilidade, da competitividade, da busca da proposta mais vantajosa e do formalismo moderado.<\/span><span data-ccp-props=\"{&quot;201341983&quot;:0,&quot;335551550&quot;:6,&quot;335551620&quot;:6,&quot;335559739&quot;:160,&quot;335559740&quot;:360}\">\u00a0<\/span><\/p>\n<p><span data-contrast=\"auto\">Essa foi a recomenda\u00e7\u00e3o do Pleno do Tribunal de Contas do Estado (TCE-PR) expedida ao <a href=\"https:\/\/www.jandaiadosul.pr.gov.br\/\">Munic\u00edpio de Jandaia do Sul<\/a>. A decis\u00e3o ocorreu em sede de julgamento pela proced\u00eancia de Representa\u00e7\u00e3o da <a href=\"https:\/\/www.planalto.gov.br\/ccivil_03\/leis\/l8666cons.htm\">Lei n\u00ba 8.666\/93<\/a>, mediante a qual noticiou-se supostas irregularidades ligadas ao Processo Licitat\u00f3rio n\u00ba 123\/2022 &#8211; Tomada de Pre\u00e7os n\u00ba 05\/2022, promovido pelo Munic\u00edpio tendo como objeto a contrata\u00e7\u00e3o de ag\u00eancia de propaganda.<\/span><span data-ccp-props=\"{&quot;201341983&quot;:0,&quot;335551550&quot;:6,&quot;335551620&quot;:6,&quot;335559739&quot;:160,&quot;335559740&quot;:360}\">\u00a0<\/span><\/p>\n<p><span data-contrast=\"auto\">Em s\u00edntese, a empresa representante alegou que houve viola\u00e7\u00e3o do princ\u00edpio da razoabilidade, pois mesmo tendo sido classificada em 1\u00b0 lugar, a Comiss\u00e3o de Licita\u00e7\u00f5es promoveu sua desclassifica\u00e7\u00e3o tendo em vista meras omiss\u00f5es formais, refere \u00e0 aus\u00eancia de assinatura de documentos, que \u201ctinham a \u00fanica e exclusiva finalidade de identificar o proponente\u201d, as quais poderiam ser resolvidas de maneira simples como o ato de diligenciar ao licitante para que promovesse a regulariza\u00e7\u00e3o necess\u00e1ria. Em raz\u00e3o disto, a empresa representante solicitou a concess\u00e3o de medida cautelar para anula\u00e7\u00e3o da decis\u00e3o que a desclassificou, ou, alternativamente, pela suspens\u00e3o imediata do certame.<\/span><span data-ccp-props=\"{&quot;201341983&quot;:0,&quot;335551550&quot;:6,&quot;335551620&quot;:6,&quot;335559739&quot;:160,&quot;335559740&quot;:360}\">\u00a0<\/span><\/p>\n<p><b><span data-contrast=\"auto\">Defesas<\/span><\/b><span data-ccp-props=\"{&quot;201341983&quot;:0,&quot;335551550&quot;:6,&quot;335551620&quot;:6,&quot;335559739&quot;:160,&quot;335559740&quot;:360}\">\u00a0<\/span><\/p>\n<p><span data-contrast=\"auto\">Devidamente intimado, o Munic\u00edpio informou a inexist\u00eancia de contrata\u00e7\u00e3o e\/ou pagamentos at\u00e9 o momento, e que a empresa representante descumpriu o edital, sendo que sua desclassifica\u00e7\u00e3o foi amparada pelos princ\u00edpios de vincula\u00e7\u00e3o ao instrumento convocat\u00f3rio e do julgamento objetivo das propostas, tendo em vista o descumprimento de regra expl\u00edcita prevista no certame. Al\u00e9m disso, aduziu que as regras contidas no edital devem ser cumpridas igualmente por todas as licitantes, para que seja garantida a isonomia necess\u00e1ria ao procedimento licitat\u00f3rio. Por fim, afirmou que a Comiss\u00e3o de Licita\u00e7\u00f5es agiu conforme as normas que regem as licita\u00e7\u00f5es.\u00a0<\/span><span data-ccp-props=\"{&quot;134233117&quot;:false,&quot;134233118&quot;:false,&quot;201341983&quot;:0,&quot;335551550&quot;:6,&quot;335551620&quot;:6,&quot;335559685&quot;:0,&quot;335559737&quot;:0,&quot;335559738&quot;:0,&quot;335559739&quot;:160,&quot;335559740&quot;:360}\">\u00a0<\/span><\/p>\n<p><span data-contrast=\"auto\">Por sua vez, a Presidente da Comiss\u00e3o de Licita\u00e7\u00e3o, mesmo ap\u00f3s intimada, n\u00e3o apresentou contradit\u00f3rio nos autos, conforme consta da Certid\u00e3o de Decurso de Prazo. <\/span><span data-ccp-props=\"{&quot;134233117&quot;:false,&quot;134233118&quot;:false,&quot;201341983&quot;:0,&quot;335551550&quot;:6,&quot;335551620&quot;:6,&quot;335559685&quot;:0,&quot;335559737&quot;:0,&quot;335559738&quot;:0,&quot;335559739&quot;:160,&quot;335559740&quot;:360}\">\u00a0<\/span><\/p>\n<p><b><span data-contrast=\"auto\">Instru\u00e7\u00e3o do Processo<\/span><\/b><span data-ccp-props=\"{&quot;134233117&quot;:false,&quot;134233118&quot;:false,&quot;201341983&quot;:0,&quot;335551550&quot;:6,&quot;335551620&quot;:6,&quot;335559685&quot;:0,&quot;335559737&quot;:0,&quot;335559738&quot;:0,&quot;335559739&quot;:160,&quot;335559740&quot;:360}\">\u00a0<\/span><\/p>\n<p><span data-contrast=\"auto\">Em manifesta\u00e7\u00e3o conclusiva, a Coordenadoria de Gest\u00e3o Municipal (CGM) opinou pela proced\u00eancia da Representa\u00e7\u00e3o da Lei n\u00ba 8.666\/1993 com expedi\u00e7\u00e3o de recomenda\u00e7\u00e3o, em raz\u00e3o do formalismo exacerbado, uma vez que a decis\u00e3o da Comiss\u00e3o de Licita\u00e7\u00f5es foi pautada t\u00e3o somente na aus\u00eancia de assinatura e rubrica nas p\u00e1ginas do Plano de Comunica\u00e7\u00e3o Publicit\u00e1ria. Ou seja, a decis\u00e3o considerou apenas o descumprimento de item formal do edital, afirmando a ofensa ao princ\u00edpio da vincula\u00e7\u00e3o ao instrumento convocat\u00f3rio.<\/span><span data-ccp-props=\"{&quot;134233117&quot;:false,&quot;134233118&quot;:false,&quot;201341983&quot;:0,&quot;335551550&quot;:6,&quot;335551620&quot;:6,&quot;335559685&quot;:0,&quot;335559737&quot;:0,&quot;335559738&quot;:0,&quot;335559739&quot;:160,&quot;335559740&quot;:360}\">\u00a0<\/span><\/p>\n<p><span data-contrast=\"auto\">Mediante o <a href=\"https:\/\/www.mpc.pr.gov.br\/wp-content\/uploads\/2023\/10\/Jandaia-do-Sul-Parecer-Ministerial-919-23.pdf\">Parecer n\u00b0 919\/23<\/a>, o Minist\u00e9rio P\u00fablico de Contas do Paran\u00e1 (MPC-PR) corroborou integralmente o opinativo da unidade t\u00e9cnica, ao destacar que a respeito da formalidade das licita\u00e7\u00f5es, n\u00e3o \u00e9 poss\u00edvel confundi-la com o formalismo excessivo, que compromete at\u00e9 mesmo a isonomia entre os licitantes, al\u00e9m da economicidade, efici\u00eancia e supremacia do interesse p\u00fablico, princ\u00edpios que regem os atos da Administra\u00e7\u00e3o P\u00fablica.\u00a0<\/span><span data-ccp-props=\"{&quot;134233117&quot;:false,&quot;134233118&quot;:false,&quot;201341983&quot;:0,&quot;335551550&quot;:6,&quot;335551620&quot;:6,&quot;335559685&quot;:0,&quot;335559737&quot;:0,&quot;335559738&quot;:0,&quot;335559739&quot;:160,&quot;335559740&quot;:360}\">\u00a0<\/span><\/p>\n<p><span data-contrast=\"auto\">Nesse sentido, ressaltou a jurisprud\u00eancia pac\u00edfica do TCU, no sentido de que \u00e9 excesso de rigor a desclassifica\u00e7\u00e3o de licita\u00e7\u00e3o por erro formal na apresenta\u00e7\u00e3o da proposta e da documenta\u00e7\u00e3o exigida. Ainda, pontuou que a Comiss\u00e3o de Licita\u00e7\u00f5es poderia ter realizado dilig\u00eancias para sanar tal v\u00edcio, por se tratar de erro m\u00ednimo, conforme previs\u00e3o expressa do <a href=\"https:\/\/www.jusbrasil.com.br\/topicos\/11305486\/paragrafo-3-artigo-43-da-lei-n-8666-de-21-de-junho-de-1993\">art. 43, \u00a7 3\u00ba da Lei n\u00ba 8.666\/1993<\/a>.\u00a0<\/span><span data-ccp-props=\"{&quot;134233117&quot;:false,&quot;134233118&quot;:false,&quot;201341983&quot;:0,&quot;335551550&quot;:6,&quot;335551620&quot;:6,&quot;335559685&quot;:0,&quot;335559737&quot;:0,&quot;335559738&quot;:0,&quot;335559739&quot;:160,&quot;335559740&quot;:360}\">\u00a0<\/span><\/p>\n<p><b><span data-contrast=\"auto\">Decis\u00e3o<\/span><\/b><span data-ccp-props=\"{&quot;134233117&quot;:false,&quot;134233118&quot;:false,&quot;201341983&quot;:0,&quot;335551550&quot;:6,&quot;335551620&quot;:6,&quot;335559685&quot;:0,&quot;335559737&quot;:0,&quot;335559738&quot;:0,&quot;335559739&quot;:160,&quot;335559740&quot;:360}\">\u00a0<\/span><\/p>\n<p><span data-contrast=\"auto\">Em sede de julgamento, conforme voto contido no <a href=\"https:\/\/www.mpc.pr.gov.br\/wp-content\/uploads\/2023\/10\/Jandaia-do-Sul-Acordao-2866-23-STP.pdf\">Ac\u00f3rd\u00e3o n\u00b0 2866\/23<\/a>, o Relator Conselheiro Ivan Lelis Bonilha observou que em que pese a boa-f\u00e9 do ente licitante, que tentou cumprir de modo estrito o princ\u00edpio da vincula\u00e7\u00e3o ao instrumento convocat\u00f3rio, houve excesso de formalismo na conduta de desclassificar a empresa representante por raz\u00e3o da falta de rubricas ou assinaturas na proposta, visto que a falha era facilmente san\u00e1vel mediante dilig\u00eancia, o que poderia ter garantido a melhor contrata\u00e7\u00e3o em termos econ\u00f4micos.<\/span><span data-ccp-props=\"{&quot;134233117&quot;:false,&quot;134233118&quot;:false,&quot;201341983&quot;:0,&quot;335551550&quot;:6,&quot;335551620&quot;:6,&quot;335559738&quot;:0,&quot;335559739&quot;:160,&quot;335559740&quot;:360}\">\u00a0<\/span><\/p>\n<p><span data-contrast=\"auto\">Acompanhando a manifesta\u00e7\u00e3o do MPC-PR, destacou que o formalismo moderado tem sido adotado em licita\u00e7\u00f5es com o intuito de garantir maior competitividade, sendo flexibilizadas exig\u00eancias formais que n\u00e3o coloquem em risco a isonomia, assegurando uma contrata\u00e7\u00e3o mais vantajosa \u00e0 Administra\u00e7\u00e3o. Da mesma forma, a possibilidade de realizar dilig\u00eancias est\u00e1 legalmente estabelecida e pode ajudar o ente que promove a licita\u00e7\u00e3o em consolidar as contrata\u00e7\u00f5es mais favor\u00e1veis no que diz respeito ao aspecto econ\u00f4mico.<\/span><span data-ccp-props=\"{&quot;134233117&quot;:false,&quot;134233118&quot;:false,&quot;201341983&quot;:0,&quot;335551550&quot;:6,&quot;335551620&quot;:6,&quot;335559685&quot;:0,&quot;335559737&quot;:0,&quot;335559738&quot;:0,&quot;335559739&quot;:160,&quot;335559740&quot;:360}\">\u00a0<\/span><\/p>\n<p><span data-contrast=\"auto\">Contudo, apesar de configurado o excesso de formalismo pelo ente municipal, o Relator n\u00e3o vislumbrou dolo ou erro grosseiro na conduta dos respons\u00e1veis, os quais estavam apenas buscando cumprir o instrumento convocat\u00f3rio. Assim, em conformidade com os opinativos uniformes da CGM e MPC-PR, votou pela proced\u00eancia da Representa\u00e7\u00e3o, com expedi\u00e7\u00e3o da recomenda\u00e7\u00e3o ao Munic\u00edpio de Jandaia do Sul para que, antes de desclassificar ou inabilitar licitante, avalie se \u00e9 poss\u00edvel sanar o respectivo v\u00edcio mediante simples dilig\u00eancia, caso em que dever\u00e1 faz\u00ea-lo com vistas a ampliar a participa\u00e7\u00e3o nos certames, em atendimento aos princ\u00edpios da razoabilidade, da competitividade, da busca da proposta mais vantajosa e do formalismo moderado.<\/span><span data-ccp-props=\"{&quot;134233117&quot;:false,&quot;134233118&quot;:false,&quot;201341983&quot;:0,&quot;335551550&quot;:6,&quot;335551620&quot;:6,&quot;335559685&quot;:0,&quot;335559737&quot;:0,&quot;335559738&quot;:0,&quot;335559739&quot;:160,&quot;335559740&quot;:360}\">\u00a0<\/span><\/p>\n<p><span style=\"color: #820007;\"><strong><u>Informa\u00e7\u00e3o para consulta processual<\/u><\/strong><\/span><\/p>\n<table style=\"height: 123px;\" border=\"0\" width=\"469\" cellspacing=\"0\" cellpadding=\"0\">\n<tbody>\n<tr>\n<td><strong>Processo n\u00ba<\/strong>:<\/td>\n<td>209283\/23<\/td>\n<\/tr>\n<tr>\n<td><strong>Ac\u00f3rd\u00e3o n\u00ba<\/strong>:<\/td>\n<td>2866\/23 &#8211; Pleno<\/td>\n<\/tr>\n<tr>\n<td><strong>Assunto<\/strong>:<\/td>\n<td>Representa\u00e7\u00e3o da Lei n\u00ba 8.666\/93<\/td>\n<\/tr>\n<tr>\n<td><strong>Entidade<\/strong>:<\/td>\n<td>Munic\u00edpio de Jandaia do Sul<\/td>\n<\/tr>\n<tr>\n<td><strong>Relator<\/strong>:<\/td>\n<td>Conselheiro <span data-contrast=\"auto\">Ivan Lelis Bonilha<\/span><\/td>\n<\/tr>\n<\/tbody>\n<\/table>\n","protected":false},"excerpt":{"rendered":"<p>Antes de desclassificar ou inabilitar algum licitante, o Munic\u00edpio que promove a licita\u00e7\u00e3o deve avaliar se \u00e9 poss\u00edvel sanar o respectivo v\u00edcio mediante dilig\u00eancia, caso em que dever\u00e1 faz\u00ea-lo com vistas a ampliar a participa\u00e7\u00e3o nos certames, em atendimento aos princ\u00edpios da razoabilidade, da competitividade, da busca da proposta mais vantajosa e do formalismo moderado.\u00a0 [&hellip;]<\/p>\n","protected":false},"author":1,"featured_media":16593,"comment_status":"open","ping_status":"open","sticky":false,"template":"","format":"standard","meta":{"_monsterinsights_skip_tracking":false,"_monsterinsights_sitenote_active":false,"_monsterinsights_sitenote_note":"","_monsterinsights_sitenote_category":0,"footnotes":""},"categories":[7],"tags":[433,13,135,39,467,71],"class_list":["post-16592","post","type-post","status-publish","format-standard","has-post-thumbnail","hentry","category-todas-as-noticias","tag-jandaia-do-sul","tag-mpc-pr","tag-representacao-da-lei-n-8-666-93","tag-tce-pr","tag-tomada-de-precos","tag-tribunal-pleno","entry","has-media"],"yoast_head":"<!-- This site is optimized with the Yoast SEO plugin v27.3 - https:\/\/yoast.com\/product\/yoast-seo-wordpress\/ -->\n<title>Jandaia do Sul recebe recomenda\u00e7\u00e3o para que evite excesso de formalidade em processos licitat\u00f3rios - Minist\u00e9rio P\u00fablico de Contas do Estado do Paran\u00e1<\/title>\n<meta name=\"robots\" content=\"index, follow, max-snippet:-1, max-image-preview:large, max-video-preview:-1\" \/>\n<link rel=\"canonical\" href=\"https:\/\/www.mpc.pr.gov.br\/index.php\/jandaia-do-sul-recebe-recomendacao-para-que-evite-excesso-de-formalidade-em-processos-licitatorios\/\" \/>\n<meta property=\"og:locale\" content=\"pt_BR\" \/>\n<meta property=\"og:type\" content=\"article\" \/>\n<meta property=\"og:title\" content=\"Jandaia do Sul recebe recomenda\u00e7\u00e3o para que evite excesso de formalidade em processos licitat\u00f3rios - Minist\u00e9rio P\u00fablico de Contas do Estado do Paran\u00e1\" \/>\n<meta property=\"og:description\" content=\"Antes de desclassificar ou inabilitar algum licitante, o Munic\u00edpio que promove a licita\u00e7\u00e3o deve avaliar se \u00e9 poss\u00edvel sanar o respectivo v\u00edcio mediante dilig\u00eancia, caso em que dever\u00e1 faz\u00ea-lo com vistas a ampliar a participa\u00e7\u00e3o nos certames, em atendimento aos princ\u00edpios da razoabilidade, da competitividade, da busca da proposta mais vantajosa e do formalismo moderado.\u00a0 [&hellip;]\" \/>\n<meta property=\"og:url\" content=\"https:\/\/www.mpc.pr.gov.br\/index.php\/jandaia-do-sul-recebe-recomendacao-para-que-evite-excesso-de-formalidade-em-processos-licitatorios\/\" \/>\n<meta property=\"og:site_name\" content=\"Minist\u00e9rio P\u00fablico de Contas do Estado do Paran\u00e1\" \/>\n<meta property=\"article:publisher\" content=\"https:\/\/www.facebook.com\/mpc.pr\" \/>\n<meta property=\"article:published_time\" content=\"2023-10-11T12:20:53+00:00\" \/>\n<meta property=\"article:modified_time\" content=\"2023-10-23T14:29:10+00:00\" \/>\n<meta property=\"og:image\" content=\"https:\/\/www.mpc.pr.gov.br\/wp-content\/uploads\/2023\/10\/Jandaia-do-Sul-.jpg\" \/>\n\t<meta property=\"og:image:width\" content=\"713\" \/>\n\t<meta property=\"og:image:height\" content=\"483\" \/>\n\t<meta property=\"og:image:type\" content=\"image\/jpeg\" \/>\n<meta name=\"author\" content=\"mpcontaspr\" \/>\n<meta name=\"twitter:card\" content=\"summary_large_image\" \/>\n<meta name=\"twitter:label1\" content=\"Escrito por\" \/>\n\t<meta name=\"twitter:data1\" content=\"mpcontaspr\" \/>\n\t<meta name=\"twitter:label2\" content=\"Est. tempo de leitura\" \/>\n\t<meta name=\"twitter:data2\" content=\"5 minutos\" \/>\n<script type=\"application\/ld+json\" class=\"yoast-schema-graph\">{\"@context\":\"https:\\\/\\\/schema.org\",\"@graph\":[{\"@type\":\"Article\",\"@id\":\"https:\\\/\\\/www.mpc.pr.gov.br\\\/index.php\\\/jandaia-do-sul-recebe-recomendacao-para-que-evite-excesso-de-formalidade-em-processos-licitatorios\\\/#article\",\"isPartOf\":{\"@id\":\"https:\\\/\\\/www.mpc.pr.gov.br\\\/index.php\\\/jandaia-do-sul-recebe-recomendacao-para-que-evite-excesso-de-formalidade-em-processos-licitatorios\\\/\"},\"author\":{\"name\":\"mpcontaspr\",\"@id\":\"https:\\\/\\\/www.mpc.pr.gov.br\\\/#\\\/schema\\\/person\\\/2d83cb8980538d0ec174e8a6284f5e11\"},\"headline\":\"Jandaia do Sul recebe recomenda\u00e7\u00e3o para que evite excesso de formalidade em processos licitat\u00f3rios\",\"datePublished\":\"2023-10-11T12:20:53+00:00\",\"dateModified\":\"2023-10-23T14:29:10+00:00\",\"mainEntityOfPage\":{\"@id\":\"https:\\\/\\\/www.mpc.pr.gov.br\\\/index.php\\\/jandaia-do-sul-recebe-recomendacao-para-que-evite-excesso-de-formalidade-em-processos-licitatorios\\\/\"},\"wordCount\":1004,\"commentCount\":0,\"publisher\":{\"@id\":\"https:\\\/\\\/www.mpc.pr.gov.br\\\/#organization\"},\"image\":{\"@id\":\"https:\\\/\\\/www.mpc.pr.gov.br\\\/index.php\\\/jandaia-do-sul-recebe-recomendacao-para-que-evite-excesso-de-formalidade-em-processos-licitatorios\\\/#primaryimage\"},\"thumbnailUrl\":\"https:\\\/\\\/www.mpc.pr.gov.br\\\/wp-content\\\/uploads\\\/2023\\\/10\\\/Jandaia-do-Sul-.jpg\",\"keywords\":[\"Jandaia do Sul\",\"MPC-PR\",\"Representa\u00e7\u00e3o da Lei n\u00b0 8.666\\\/93\",\"TCE-PR\",\"Tomada de Pre\u00e7os\",\"Tribunal Pleno\"],\"articleSection\":[\"Todas as not\u00edcias\"],\"inLanguage\":\"pt-BR\",\"potentialAction\":[{\"@type\":\"CommentAction\",\"name\":\"Comment\",\"target\":[\"https:\\\/\\\/www.mpc.pr.gov.br\\\/index.php\\\/jandaia-do-sul-recebe-recomendacao-para-que-evite-excesso-de-formalidade-em-processos-licitatorios\\\/#respond\"]}]},{\"@type\":\"WebPage\",\"@id\":\"https:\\\/\\\/www.mpc.pr.gov.br\\\/index.php\\\/jandaia-do-sul-recebe-recomendacao-para-que-evite-excesso-de-formalidade-em-processos-licitatorios\\\/\",\"url\":\"https:\\\/\\\/www.mpc.pr.gov.br\\\/index.php\\\/jandaia-do-sul-recebe-recomendacao-para-que-evite-excesso-de-formalidade-em-processos-licitatorios\\\/\",\"name\":\"Jandaia do Sul recebe recomenda\u00e7\u00e3o para que evite excesso de formalidade em processos licitat\u00f3rios - Minist\u00e9rio P\u00fablico de Contas do Estado do Paran\u00e1\",\"isPartOf\":{\"@id\":\"https:\\\/\\\/www.mpc.pr.gov.br\\\/#website\"},\"primaryImageOfPage\":{\"@id\":\"https:\\\/\\\/www.mpc.pr.gov.br\\\/index.php\\\/jandaia-do-sul-recebe-recomendacao-para-que-evite-excesso-de-formalidade-em-processos-licitatorios\\\/#primaryimage\"},\"image\":{\"@id\":\"https:\\\/\\\/www.mpc.pr.gov.br\\\/index.php\\\/jandaia-do-sul-recebe-recomendacao-para-que-evite-excesso-de-formalidade-em-processos-licitatorios\\\/#primaryimage\"},\"thumbnailUrl\":\"https:\\\/\\\/www.mpc.pr.gov.br\\\/wp-content\\\/uploads\\\/2023\\\/10\\\/Jandaia-do-Sul-.jpg\",\"datePublished\":\"2023-10-11T12:20:53+00:00\",\"dateModified\":\"2023-10-23T14:29:10+00:00\",\"breadcrumb\":{\"@id\":\"https:\\\/\\\/www.mpc.pr.gov.br\\\/index.php\\\/jandaia-do-sul-recebe-recomendacao-para-que-evite-excesso-de-formalidade-em-processos-licitatorios\\\/#breadcrumb\"},\"inLanguage\":\"pt-BR\",\"potentialAction\":[{\"@type\":\"ReadAction\",\"target\":[\"https:\\\/\\\/www.mpc.pr.gov.br\\\/index.php\\\/jandaia-do-sul-recebe-recomendacao-para-que-evite-excesso-de-formalidade-em-processos-licitatorios\\\/\"]}]},{\"@type\":\"ImageObject\",\"inLanguage\":\"pt-BR\",\"@id\":\"https:\\\/\\\/www.mpc.pr.gov.br\\\/index.php\\\/jandaia-do-sul-recebe-recomendacao-para-que-evite-excesso-de-formalidade-em-processos-licitatorios\\\/#primaryimage\",\"url\":\"https:\\\/\\\/www.mpc.pr.gov.br\\\/wp-content\\\/uploads\\\/2023\\\/10\\\/Jandaia-do-Sul-.jpg\",\"contentUrl\":\"https:\\\/\\\/www.mpc.pr.gov.br\\\/wp-content\\\/uploads\\\/2023\\\/10\\\/Jandaia-do-Sul-.jpg\",\"width\":713,\"height\":483,\"caption\":\"Vis\u00e3o a\u00e9rea do Munic\u00edpio de Jandaia do Sul, localizado na regi\u00e3o do norte central do Paran\u00e1. Foto: divulga\u00e7\u00e3o.\"},{\"@type\":\"BreadcrumbList\",\"@id\":\"https:\\\/\\\/www.mpc.pr.gov.br\\\/index.php\\\/jandaia-do-sul-recebe-recomendacao-para-que-evite-excesso-de-formalidade-em-processos-licitatorios\\\/#breadcrumb\",\"itemListElement\":[{\"@type\":\"ListItem\",\"position\":1,\"name\":\"In\u00edcio\",\"item\":\"https:\\\/\\\/www.mpc.pr.gov.br\\\/\"},{\"@type\":\"ListItem\",\"position\":2,\"name\":\"Jandaia do Sul recebe recomenda\u00e7\u00e3o para que evite excesso de formalidade em processos licitat\u00f3rios\"}]},{\"@type\":\"WebSite\",\"@id\":\"https:\\\/\\\/www.mpc.pr.gov.br\\\/#website\",\"url\":\"https:\\\/\\\/www.mpc.pr.gov.br\\\/\",\"name\":\"Minist\u00e9rio P\u00fablico de Contas do Estado do Paran\u00e1\",\"description\":\"\",\"publisher\":{\"@id\":\"https:\\\/\\\/www.mpc.pr.gov.br\\\/#organization\"},\"potentialAction\":[{\"@type\":\"SearchAction\",\"target\":{\"@type\":\"EntryPoint\",\"urlTemplate\":\"https:\\\/\\\/www.mpc.pr.gov.br\\\/?s={search_term_string}\"},\"query-input\":{\"@type\":\"PropertyValueSpecification\",\"valueRequired\":true,\"valueName\":\"search_term_string\"}}],\"inLanguage\":\"pt-BR\"},{\"@type\":\"Organization\",\"@id\":\"https:\\\/\\\/www.mpc.pr.gov.br\\\/#organization\",\"name\":\"Minist\u00e9rio P\u00fablico de Contas do Estado do Paran\u00e1\",\"url\":\"https:\\\/\\\/www.mpc.pr.gov.br\\\/\",\"logo\":{\"@type\":\"ImageObject\",\"inLanguage\":\"pt-BR\",\"@id\":\"https:\\\/\\\/www.mpc.pr.gov.br\\\/#\\\/schema\\\/logo\\\/image\\\/\",\"url\":\"https:\\\/\\\/www.mpc.pr.gov.br\\\/wp-content\\\/uploads\\\/2020\\\/06\\\/99423647_1593460364143890_6706793420720963584_n-1-e1591387983167.png\",\"contentUrl\":\"https:\\\/\\\/www.mpc.pr.gov.br\\\/wp-content\\\/uploads\\\/2020\\\/06\\\/99423647_1593460364143890_6706793420720963584_n-1-e1591387983167.png\",\"width\":243,\"height\":73,\"caption\":\"Minist\u00e9rio P\u00fablico de Contas do Estado do Paran\u00e1\"},\"image\":{\"@id\":\"https:\\\/\\\/www.mpc.pr.gov.br\\\/#\\\/schema\\\/logo\\\/image\\\/\"},\"sameAs\":[\"https:\\\/\\\/www.facebook.com\\\/mpc.pr\",\"https:\\\/\\\/www.instagram.com\\\/mpc.pr\\\/?hl=pt-br\",\"https:\\\/\\\/www.youtube.com\\\/channel\\\/UCHri5oEM8DV0ztX57E0sBSw\"]},{\"@type\":\"Person\",\"@id\":\"https:\\\/\\\/www.mpc.pr.gov.br\\\/#\\\/schema\\\/person\\\/2d83cb8980538d0ec174e8a6284f5e11\",\"name\":\"mpcontaspr\",\"image\":{\"@type\":\"ImageObject\",\"inLanguage\":\"pt-BR\",\"@id\":\"https:\\\/\\\/secure.gravatar.com\\\/avatar\\\/1aef51541db7622e05fd639336c9c9f312c2a618396e2b6ca96846362fc5403f?s=96&d=mm&r=g\",\"url\":\"https:\\\/\\\/secure.gravatar.com\\\/avatar\\\/1aef51541db7622e05fd639336c9c9f312c2a618396e2b6ca96846362fc5403f?s=96&d=mm&r=g\",\"contentUrl\":\"https:\\\/\\\/secure.gravatar.com\\\/avatar\\\/1aef51541db7622e05fd639336c9c9f312c2a618396e2b6ca96846362fc5403f?s=96&d=mm&r=g\",\"caption\":\"mpcontaspr\"},\"sameAs\":[\"http:\\\/\\\/www.mpc.pr.gov.br\"]}]}<\/script>\n<!-- \/ Yoast SEO plugin. -->","yoast_head_json":{"title":"Jandaia do Sul recebe recomenda\u00e7\u00e3o para que evite excesso de formalidade em processos licitat\u00f3rios - Minist\u00e9rio P\u00fablico de Contas do Estado do Paran\u00e1","robots":{"index":"index","follow":"follow","max-snippet":"max-snippet:-1","max-image-preview":"max-image-preview:large","max-video-preview":"max-video-preview:-1"},"canonical":"https:\/\/www.mpc.pr.gov.br\/index.php\/jandaia-do-sul-recebe-recomendacao-para-que-evite-excesso-de-formalidade-em-processos-licitatorios\/","og_locale":"pt_BR","og_type":"article","og_title":"Jandaia do Sul recebe recomenda\u00e7\u00e3o para que evite excesso de formalidade em processos licitat\u00f3rios - Minist\u00e9rio P\u00fablico de Contas do Estado do Paran\u00e1","og_description":"Antes de desclassificar ou inabilitar algum licitante, o Munic\u00edpio que promove a licita\u00e7\u00e3o deve avaliar se \u00e9 poss\u00edvel sanar o respectivo v\u00edcio mediante dilig\u00eancia, caso em que dever\u00e1 faz\u00ea-lo com vistas a ampliar a participa\u00e7\u00e3o nos certames, em atendimento aos princ\u00edpios da razoabilidade, da competitividade, da busca da proposta mais vantajosa e do formalismo moderado.\u00a0 [&hellip;]","og_url":"https:\/\/www.mpc.pr.gov.br\/index.php\/jandaia-do-sul-recebe-recomendacao-para-que-evite-excesso-de-formalidade-em-processos-licitatorios\/","og_site_name":"Minist\u00e9rio P\u00fablico de Contas do Estado do Paran\u00e1","article_publisher":"https:\/\/www.facebook.com\/mpc.pr","article_published_time":"2023-10-11T12:20:53+00:00","article_modified_time":"2023-10-23T14:29:10+00:00","og_image":[{"width":713,"height":483,"url":"https:\/\/www.mpc.pr.gov.br\/wp-content\/uploads\/2023\/10\/Jandaia-do-Sul-.jpg","type":"image\/jpeg"}],"author":"mpcontaspr","twitter_card":"summary_large_image","twitter_misc":{"Escrito por":"mpcontaspr","Est. tempo de leitura":"5 minutos"},"schema":{"@context":"https:\/\/schema.org","@graph":[{"@type":"Article","@id":"https:\/\/www.mpc.pr.gov.br\/index.php\/jandaia-do-sul-recebe-recomendacao-para-que-evite-excesso-de-formalidade-em-processos-licitatorios\/#article","isPartOf":{"@id":"https:\/\/www.mpc.pr.gov.br\/index.php\/jandaia-do-sul-recebe-recomendacao-para-que-evite-excesso-de-formalidade-em-processos-licitatorios\/"},"author":{"name":"mpcontaspr","@id":"https:\/\/www.mpc.pr.gov.br\/#\/schema\/person\/2d83cb8980538d0ec174e8a6284f5e11"},"headline":"Jandaia do Sul recebe recomenda\u00e7\u00e3o para que evite excesso de formalidade em processos licitat\u00f3rios","datePublished":"2023-10-11T12:20:53+00:00","dateModified":"2023-10-23T14:29:10+00:00","mainEntityOfPage":{"@id":"https:\/\/www.mpc.pr.gov.br\/index.php\/jandaia-do-sul-recebe-recomendacao-para-que-evite-excesso-de-formalidade-em-processos-licitatorios\/"},"wordCount":1004,"commentCount":0,"publisher":{"@id":"https:\/\/www.mpc.pr.gov.br\/#organization"},"image":{"@id":"https:\/\/www.mpc.pr.gov.br\/index.php\/jandaia-do-sul-recebe-recomendacao-para-que-evite-excesso-de-formalidade-em-processos-licitatorios\/#primaryimage"},"thumbnailUrl":"https:\/\/www.mpc.pr.gov.br\/wp-content\/uploads\/2023\/10\/Jandaia-do-Sul-.jpg","keywords":["Jandaia do Sul","MPC-PR","Representa\u00e7\u00e3o da Lei n\u00b0 8.666\/93","TCE-PR","Tomada de Pre\u00e7os","Tribunal Pleno"],"articleSection":["Todas as not\u00edcias"],"inLanguage":"pt-BR","potentialAction":[{"@type":"CommentAction","name":"Comment","target":["https:\/\/www.mpc.pr.gov.br\/index.php\/jandaia-do-sul-recebe-recomendacao-para-que-evite-excesso-de-formalidade-em-processos-licitatorios\/#respond"]}]},{"@type":"WebPage","@id":"https:\/\/www.mpc.pr.gov.br\/index.php\/jandaia-do-sul-recebe-recomendacao-para-que-evite-excesso-de-formalidade-em-processos-licitatorios\/","url":"https:\/\/www.mpc.pr.gov.br\/index.php\/jandaia-do-sul-recebe-recomendacao-para-que-evite-excesso-de-formalidade-em-processos-licitatorios\/","name":"Jandaia do Sul recebe recomenda\u00e7\u00e3o para que evite excesso de formalidade em processos licitat\u00f3rios - Minist\u00e9rio P\u00fablico de Contas do Estado do Paran\u00e1","isPartOf":{"@id":"https:\/\/www.mpc.pr.gov.br\/#website"},"primaryImageOfPage":{"@id":"https:\/\/www.mpc.pr.gov.br\/index.php\/jandaia-do-sul-recebe-recomendacao-para-que-evite-excesso-de-formalidade-em-processos-licitatorios\/#primaryimage"},"image":{"@id":"https:\/\/www.mpc.pr.gov.br\/index.php\/jandaia-do-sul-recebe-recomendacao-para-que-evite-excesso-de-formalidade-em-processos-licitatorios\/#primaryimage"},"thumbnailUrl":"https:\/\/www.mpc.pr.gov.br\/wp-content\/uploads\/2023\/10\/Jandaia-do-Sul-.jpg","datePublished":"2023-10-11T12:20:53+00:00","dateModified":"2023-10-23T14:29:10+00:00","breadcrumb":{"@id":"https:\/\/www.mpc.pr.gov.br\/index.php\/jandaia-do-sul-recebe-recomendacao-para-que-evite-excesso-de-formalidade-em-processos-licitatorios\/#breadcrumb"},"inLanguage":"pt-BR","potentialAction":[{"@type":"ReadAction","target":["https:\/\/www.mpc.pr.gov.br\/index.php\/jandaia-do-sul-recebe-recomendacao-para-que-evite-excesso-de-formalidade-em-processos-licitatorios\/"]}]},{"@type":"ImageObject","inLanguage":"pt-BR","@id":"https:\/\/www.mpc.pr.gov.br\/index.php\/jandaia-do-sul-recebe-recomendacao-para-que-evite-excesso-de-formalidade-em-processos-licitatorios\/#primaryimage","url":"https:\/\/www.mpc.pr.gov.br\/wp-content\/uploads\/2023\/10\/Jandaia-do-Sul-.jpg","contentUrl":"https:\/\/www.mpc.pr.gov.br\/wp-content\/uploads\/2023\/10\/Jandaia-do-Sul-.jpg","width":713,"height":483,"caption":"Vis\u00e3o a\u00e9rea do Munic\u00edpio de Jandaia do Sul, localizado na regi\u00e3o do norte central do Paran\u00e1. Foto: divulga\u00e7\u00e3o."},{"@type":"BreadcrumbList","@id":"https:\/\/www.mpc.pr.gov.br\/index.php\/jandaia-do-sul-recebe-recomendacao-para-que-evite-excesso-de-formalidade-em-processos-licitatorios\/#breadcrumb","itemListElement":[{"@type":"ListItem","position":1,"name":"In\u00edcio","item":"https:\/\/www.mpc.pr.gov.br\/"},{"@type":"ListItem","position":2,"name":"Jandaia do Sul recebe recomenda\u00e7\u00e3o para que evite excesso de formalidade em processos licitat\u00f3rios"}]},{"@type":"WebSite","@id":"https:\/\/www.mpc.pr.gov.br\/#website","url":"https:\/\/www.mpc.pr.gov.br\/","name":"Minist\u00e9rio P\u00fablico de Contas do Estado do Paran\u00e1","description":"","publisher":{"@id":"https:\/\/www.mpc.pr.gov.br\/#organization"},"potentialAction":[{"@type":"SearchAction","target":{"@type":"EntryPoint","urlTemplate":"https:\/\/www.mpc.pr.gov.br\/?s={search_term_string}"},"query-input":{"@type":"PropertyValueSpecification","valueRequired":true,"valueName":"search_term_string"}}],"inLanguage":"pt-BR"},{"@type":"Organization","@id":"https:\/\/www.mpc.pr.gov.br\/#organization","name":"Minist\u00e9rio P\u00fablico de Contas do Estado do Paran\u00e1","url":"https:\/\/www.mpc.pr.gov.br\/","logo":{"@type":"ImageObject","inLanguage":"pt-BR","@id":"https:\/\/www.mpc.pr.gov.br\/#\/schema\/logo\/image\/","url":"https:\/\/www.mpc.pr.gov.br\/wp-content\/uploads\/2020\/06\/99423647_1593460364143890_6706793420720963584_n-1-e1591387983167.png","contentUrl":"https:\/\/www.mpc.pr.gov.br\/wp-content\/uploads\/2020\/06\/99423647_1593460364143890_6706793420720963584_n-1-e1591387983167.png","width":243,"height":73,"caption":"Minist\u00e9rio P\u00fablico de Contas do Estado do Paran\u00e1"},"image":{"@id":"https:\/\/www.mpc.pr.gov.br\/#\/schema\/logo\/image\/"},"sameAs":["https:\/\/www.facebook.com\/mpc.pr","https:\/\/www.instagram.com\/mpc.pr\/?hl=pt-br","https:\/\/www.youtube.com\/channel\/UCHri5oEM8DV0ztX57E0sBSw"]},{"@type":"Person","@id":"https:\/\/www.mpc.pr.gov.br\/#\/schema\/person\/2d83cb8980538d0ec174e8a6284f5e11","name":"mpcontaspr","image":{"@type":"ImageObject","inLanguage":"pt-BR","@id":"https:\/\/secure.gravatar.com\/avatar\/1aef51541db7622e05fd639336c9c9f312c2a618396e2b6ca96846362fc5403f?s=96&d=mm&r=g","url":"https:\/\/secure.gravatar.com\/avatar\/1aef51541db7622e05fd639336c9c9f312c2a618396e2b6ca96846362fc5403f?s=96&d=mm&r=g","contentUrl":"https:\/\/secure.gravatar.com\/avatar\/1aef51541db7622e05fd639336c9c9f312c2a618396e2b6ca96846362fc5403f?s=96&d=mm&r=g","caption":"mpcontaspr"},"sameAs":["http:\/\/www.mpc.pr.gov.br"]}]}},"rttpg_featured_image_url":{"full":["https:\/\/www.mpc.pr.gov.br\/wp-content\/uploads\/2023\/10\/Jandaia-do-Sul-.jpg",713,483,false],"landscape":["https:\/\/www.mpc.pr.gov.br\/wp-content\/uploads\/2023\/10\/Jandaia-do-Sul-.jpg",713,483,false],"portraits":["https:\/\/www.mpc.pr.gov.br\/wp-content\/uploads\/2023\/10\/Jandaia-do-Sul-.jpg",713,483,false],"thumbnail":["https:\/\/www.mpc.pr.gov.br\/wp-content\/uploads\/2023\/10\/Jandaia-do-Sul--150x150.jpg",150,150,true],"medium":["https:\/\/www.mpc.pr.gov.br\/wp-content\/uploads\/2023\/10\/Jandaia-do-Sul--300x203.jpg",300,203,true],"large":["https:\/\/www.mpc.pr.gov.br\/wp-content\/uploads\/2023\/10\/Jandaia-do-Sul-.jpg",713,483,false],"1536x1536":["https:\/\/www.mpc.pr.gov.br\/wp-content\/uploads\/2023\/10\/Jandaia-do-Sul-.jpg",713,483,false],"2048x2048":["https:\/\/www.mpc.pr.gov.br\/wp-content\/uploads\/2023\/10\/Jandaia-do-Sul-.jpg",713,483,false],"ocean-thumb-m":["https:\/\/www.mpc.pr.gov.br\/wp-content\/uploads\/2023\/10\/Jandaia-do-Sul--600x483.jpg",600,483,true],"ocean-thumb-ml":["https:\/\/www.mpc.pr.gov.br\/wp-content\/uploads\/2023\/10\/Jandaia-do-Sul--713x450.jpg",713,450,true],"ocean-thumb-l":["https:\/\/www.mpc.pr.gov.br\/wp-content\/uploads\/2023\/10\/Jandaia-do-Sul-.jpg",713,483,false]},"rttpg_author":{"display_name":"mpcontaspr","author_link":"https:\/\/www.mpc.pr.gov.br\/index.php\/author\/mpcontaspr\/"},"rttpg_comment":0,"rttpg_category":"<a href=\"https:\/\/www.mpc.pr.gov.br\/index.php\/category\/todas-as-noticias\/\" rel=\"category tag\">Todas as not\u00edcias<\/a>","rttpg_excerpt":"Antes de desclassificar ou inabilitar algum licitante, o Munic\u00edpio que promove a licita\u00e7\u00e3o deve avaliar se \u00e9 poss\u00edvel sanar o respectivo v\u00edcio mediante dilig\u00eancia, caso em que dever\u00e1 faz\u00ea-lo com vistas a ampliar a participa\u00e7\u00e3o nos certames, em atendimento aos princ\u00edpios da razoabilidade, da competitividade, da busca da proposta mais vantajosa e do formalismo moderado.\u00a0&hellip;","_links":{"self":[{"href":"https:\/\/www.mpc.pr.gov.br\/index.php\/wp-json\/wp\/v2\/posts\/16592","targetHints":{"allow":["GET"]}}],"collection":[{"href":"https:\/\/www.mpc.pr.gov.br\/index.php\/wp-json\/wp\/v2\/posts"}],"about":[{"href":"https:\/\/www.mpc.pr.gov.br\/index.php\/wp-json\/wp\/v2\/types\/post"}],"author":[{"embeddable":true,"href":"https:\/\/www.mpc.pr.gov.br\/index.php\/wp-json\/wp\/v2\/users\/1"}],"replies":[{"embeddable":true,"href":"https:\/\/www.mpc.pr.gov.br\/index.php\/wp-json\/wp\/v2\/comments?post=16592"}],"version-history":[{"count":2,"href":"https:\/\/www.mpc.pr.gov.br\/index.php\/wp-json\/wp\/v2\/posts\/16592\/revisions"}],"predecessor-version":[{"id":16597,"href":"https:\/\/www.mpc.pr.gov.br\/index.php\/wp-json\/wp\/v2\/posts\/16592\/revisions\/16597"}],"wp:featuredmedia":[{"embeddable":true,"href":"https:\/\/www.mpc.pr.gov.br\/index.php\/wp-json\/wp\/v2\/media\/16593"}],"wp:attachment":[{"href":"https:\/\/www.mpc.pr.gov.br\/index.php\/wp-json\/wp\/v2\/media?parent=16592"}],"wp:term":[{"taxonomy":"category","embeddable":true,"href":"https:\/\/www.mpc.pr.gov.br\/index.php\/wp-json\/wp\/v2\/categories?post=16592"},{"taxonomy":"post_tag","embeddable":true,"href":"https:\/\/www.mpc.pr.gov.br\/index.php\/wp-json\/wp\/v2\/tags?post=16592"}],"curies":[{"name":"wp","href":"https:\/\/api.w.org\/{rel}","templated":true}]}}