{"id":16598,"date":"2023-10-16T09:53:47","date_gmt":"2023-10-16T12:53:47","guid":{"rendered":"https:\/\/www.mpc.pr.gov.br\/?p=16598"},"modified":"2023-10-23T11:29:19","modified_gmt":"2023-10-23T14:29:19","slug":"camara-municipal-de-apucarana-deve-assegurar-a-participacao-popular-na-discussao-das-leis-orcamentarias","status":"publish","type":"post","link":"https:\/\/www.mpc.pr.gov.br\/index.php\/camara-municipal-de-apucarana-deve-assegurar-a-participacao-popular-na-discussao-das-leis-orcamentarias\/","title":{"rendered":"C\u00e2mara Municipal de Apucarana deve assegurar a participa\u00e7\u00e3o popular na discuss\u00e3o das leis or\u00e7ament\u00e1rias"},"content":{"rendered":"<figure id=\"attachment_16601\" aria-describedby=\"caption-attachment-16601\" style=\"width: 300px\" class=\"wp-caption alignleft\"><img fetchpriority=\"high\" decoding=\"async\" class=\"size-medium wp-image-16601\" src=\"https:\/\/www.mpc.pr.gov.br\/wp-content\/uploads\/2023\/10\/Apucarana-Vista-da-sede-urbana-de-Apucarana-municipio-da-Regiao-Norte-do-Parana-300x227.jpg\" alt=\"\" width=\"300\" height=\"227\" srcset=\"https:\/\/www.mpc.pr.gov.br\/wp-content\/uploads\/2023\/10\/Apucarana-Vista-da-sede-urbana-de-Apucarana-municipio-da-Regiao-Norte-do-Parana-300x227.jpg 300w, https:\/\/www.mpc.pr.gov.br\/wp-content\/uploads\/2023\/10\/Apucarana-Vista-da-sede-urbana-de-Apucarana-municipio-da-Regiao-Norte-do-Parana.jpg 640w\" sizes=\"(max-width: 300px) 100vw, 300px\" \/><figcaption id=\"caption-attachment-16601\" class=\"wp-caption-text\">Vista da sede urbana de Apucarana, Munic\u00edpio da Regi\u00e3o Norte do Paran\u00e1. Foto: divulga\u00e7\u00e3o.<\/figcaption><\/figure>\n<p><span data-contrast=\"auto\">O Pleno do Tribunal de Contas do Estado (TCE-PR) determinou que a <a href=\"https:\/\/www.apucarana.pr.leg.br\/\">C\u00e2mara Municipal de Apucarana<\/a> deve, nos pr\u00f3ximos exerc\u00edcios, em aten\u00e7\u00e3o ao disposto no art. 48, \u00a7 1\u00ba, inciso I, da Lei Complementar n\u00b0 101\/2000 (Lei de Responsabilidade Fiscal), assegurar a transpar\u00eancia e a promover a participa\u00e7\u00e3o popular, de modo efetivo, tamb\u00e9m na fase de discuss\u00e3o das leis or\u00e7ament\u00e1rias.<\/span><span data-ccp-props=\"{&quot;201341983&quot;:0,&quot;335551550&quot;:6,&quot;335551620&quot;:6,&quot;335559739&quot;:160,&quot;335559740&quot;:276}\">\u00a0<\/span><\/p>\n<p><span data-contrast=\"auto\">A decis\u00e3o ocorreu em sede de an\u00e1lise de den\u00fancia apresentada contra o Poder Legislativo do Munic\u00edpio, na qual foi noticiada suposta viola\u00e7\u00e3o \u00e0 Lei de Responsabilidade Fiscal em raz\u00e3o da aus\u00eancia de realiza\u00e7\u00e3o de audi\u00eancias p\u00fablicas durante o processo de discuss\u00e3o das seguintes leis or\u00e7ament\u00e1rias: LDO 2023, LOA 2023, LDO 2022, LOA 2022, PPA 2022-2025 e LOA 2021.<\/span><span data-ccp-props=\"{&quot;201341983&quot;:0,&quot;335551550&quot;:6,&quot;335551620&quot;:6,&quot;335559739&quot;:160,&quot;335559740&quot;:276}\">\u00a0<\/span><\/p>\n<p><span data-contrast=\"auto\">Durante a instru\u00e7\u00e3o processual, foi demonstrado que a C\u00e2mara Municipal n\u00e3o assegurou a devida participa\u00e7\u00e3o popular na fase de discuss\u00e3o das novas leis or\u00e7ament\u00e1rias de Apucarana, referente ao exerc\u00edcio de 2023. Por este motivo, acompanhando as manifesta\u00e7\u00f5es da unidade t\u00e9cnica e Minist\u00e9rio P\u00fablico de Contas do Paran\u00e1 (MPC-PR), os membros do Pleno do TCE-PR decidiram, unanimamente, julgar procedente a den\u00fancia, com e a expedi\u00e7\u00e3o de determina\u00e7\u00e3o.<\/span><span data-ccp-props=\"{&quot;201341983&quot;:0,&quot;335551550&quot;:6,&quot;335551620&quot;:6,&quot;335559739&quot;:160,&quot;335559740&quot;:276}\">\u00a0<\/span><\/p>\n<p><b><span data-contrast=\"auto\">Instru\u00e7\u00e3o do Processo<\/span><\/b><span data-ccp-props=\"{&quot;134233117&quot;:false,&quot;134233118&quot;:false,&quot;201341983&quot;:0,&quot;335551550&quot;:6,&quot;335551620&quot;:6,&quot;335559685&quot;:0,&quot;335559737&quot;:0,&quot;335559738&quot;:0,&quot;335559739&quot;:160,&quot;335559740&quot;:276}\">\u00a0<\/span><\/p>\n<p><span data-contrast=\"auto\">Inicialmente, o denunciante requereu que o Tribunal de Contas adotasse as <\/span><span data-contrast=\"auto\">provid\u00eancias necess\u00e1rias para determinar a participa\u00e7\u00e3o popular atrav\u00e9s da realiza\u00e7\u00e3o de ao menos uma audi\u00eancia p\u00fablica durante o processo de discuss\u00e3o da LDO 2023, verificando, inclusive, a possibilidade de anular as vota\u00e7\u00f5es da LDO 2023, que foram realizadas na C\u00e2mara Municipal nos dias 16\/05\/2022 e 23\/05\/2022, caso constatada a ofensa \u00e0<a href=\"https:\/\/www.planalto.gov.br\/ccivil_03\/leis\/lcp\/lcp101.htm\"> Lei de Responsabilidade Fiscal (LRF)<\/a>.<\/span><span data-ccp-props=\"{&quot;201341983&quot;:0,&quot;335551550&quot;:6,&quot;335551620&quot;:6,&quot;335559739&quot;:160,&quot;335559740&quot;:276}\">\u00a0<\/span><\/p>\n<p><span data-contrast=\"auto\">A den\u00fancia foi devidamente recebida pelo relator do processo, oportunidade em que foi determinada a intima\u00e7\u00e3o das partes para apresenta\u00e7\u00e3o de defesa. Em resposta, a C\u00e2mara Municipal, por meio de seu representante legal, informou que realizou audi\u00eancia p\u00fablica em conjunto com o Poder Executivo, tendo sido realizada audi\u00eancia com ampla divulga\u00e7\u00e3o e incentivo da participa\u00e7\u00e3o popular na fase de elabora\u00e7\u00e3o, enquanto o projeto de Lei ainda n\u00e3o estava em tr\u00e2mite no Legislativo.\u00a0<\/span><span data-ccp-props=\"{&quot;201341983&quot;:0,&quot;335551550&quot;:6,&quot;335551620&quot;:6,&quot;335559739&quot;:160,&quot;335559740&quot;:276}\">\u00a0<\/span><\/p>\n<p><span data-contrast=\"auto\">Em seguida, a Coordenadoria de Gest\u00e3o Municipal (CGM\u00a0 &#8211; Instru\u00e7\u00e3o n\u00ba 2103\/23) e Minist\u00e9rio P\u00fablico de Contas (MPC-PR &#8211;\u00a0 Parecer n\u00ba 443\/23) apresentaram opinativos com a mesma linha de entendimento, concluindo pela proced\u00eancia da representa\u00e7\u00e3o com emiss\u00e3o de recomenda\u00e7\u00e3o \u00e0 C\u00e2mara Municipal de Apucarana, para que, nos pr\u00f3ximos exerc\u00edcios, a C\u00e2mara observe e cumpra pontualmente o que disp\u00f5e a LRF no que se refere \u00e0 transpar\u00eancia da gest\u00e3o fiscal, promovendo a realiza\u00e7\u00e3o de audi\u00eancia p\u00fablica tamb\u00e9m na fase de discuss\u00e3o das leis or\u00e7ament\u00e1rias, e n\u00e3o apenas na fase de sua elabora\u00e7\u00e3o (<a href=\"https:\/\/www.jusbrasil.com.br\/topicos\/11239122\/paragrafo-1-artigo-48-lc-n-101-de-04-de-maio-de-2000#:~:text=I%20%E2%80%93%20incentivo%20%C3%A0%20participa%C3%A7%C3%A3o%20popular,n%C2%BA%20131%2C%20de%202009).\">artigo 48, \u00a71\u00ba, inciso I da Lei n\u00ba 101\/2000<\/a>).<\/span><span data-ccp-props=\"{&quot;134233117&quot;:false,&quot;134233118&quot;:false,&quot;201341983&quot;:0,&quot;335551550&quot;:6,&quot;335551620&quot;:6,&quot;335559685&quot;:0,&quot;335559737&quot;:0,&quot;335559738&quot;:0,&quot;335559739&quot;:160,&quot;335559740&quot;:276}\">\u00a0<\/span><\/p>\n<p><span data-contrast=\"auto\">Conforme destacado pelo MPC-PR, foi realizada uma \u00fanica audi\u00eancia p\u00fablica em 11\/04\/2022, e esta ocorreu ao tempo da fase de elabora\u00e7\u00e3o da Lei de Diretrizes Or\u00e7ament\u00e1rias do Munic\u00edpio de Apucarana. Entretanto, \u00e0 luz das disposi\u00e7\u00f5es legais que versam sobre a mat\u00e9ria, a participa\u00e7\u00e3o popular deve ser garantida em cada uma das etapas relativas aos Projetos de Lei Or\u00e7ament\u00e1ria, seja na fase de elabora\u00e7\u00e3o, discuss\u00e3o e aprova\u00e7\u00e3o.<\/span><span data-ccp-props=\"{&quot;134233117&quot;:false,&quot;134233118&quot;:false,&quot;201341983&quot;:0,&quot;335551550&quot;:6,&quot;335551620&quot;:6,&quot;335559685&quot;:0,&quot;335559737&quot;:0,&quot;335559738&quot;:0,&quot;335559739&quot;:160,&quot;335559740&quot;:276}\">\u00a0<\/span><\/p>\n<p><span data-contrast=\"auto\">Nesse sentido, h\u00e1 que se assegurar a realiza\u00e7\u00e3o de audi\u00eancias p\u00fablicas, \u00e0s quais deveram ser dada ampla divulga\u00e7\u00e3o, a fim de conferir a devida transpar\u00eancia da gest\u00e3o fiscal e incentivar a participa\u00e7\u00e3o popular durante todo o processo de elabora\u00e7\u00e3o e de discuss\u00e3o dos planos, lei de diretrizes or\u00e7ament\u00e1rias e or\u00e7amentos.<\/span><span data-ccp-props=\"{&quot;134233117&quot;:false,&quot;134233118&quot;:false,&quot;201341983&quot;:0,&quot;335551550&quot;:6,&quot;335551620&quot;:6,&quot;335559685&quot;:0,&quot;335559737&quot;:0,&quot;335559738&quot;:0,&quot;335559739&quot;:160,&quot;335559740&quot;:276}\">\u00a0<\/span><\/p>\n<p><b><span data-contrast=\"auto\">Decis\u00e3o<\/span><\/b><span data-ccp-props=\"{&quot;134233117&quot;:false,&quot;134233118&quot;:false,&quot;201341983&quot;:0,&quot;335551550&quot;:6,&quot;335551620&quot;:6,&quot;335559685&quot;:0,&quot;335559737&quot;:0,&quot;335559738&quot;:0,&quot;335559739&quot;:160,&quot;335559740&quot;:276}\">\u00a0<\/span><\/p>\n<p><span data-contrast=\"auto\">O relator Conselheiro Ivens Zschoerper Linhares, conforme voto contido no <a href=\"https:\/\/www.mpc.pr.gov.br\/wp-content\/uploads\/2023\/10\/Apucarana-Acordao-2900-23-STP.pdf\">Ac\u00f3rd\u00e3o n\u00ba 2900\/23<\/a>, corroborou em grande parte os opinativos da CGM e MPC-PR, julgando procedente a representa\u00e7\u00e3o em face da C\u00e2mara Municipal de Apucarana.\u00a0<\/span><span data-ccp-props=\"{&quot;134233117&quot;:false,&quot;134233118&quot;:false,&quot;201341983&quot;:0,&quot;335551550&quot;:6,&quot;335551620&quot;:6,&quot;335559685&quot;:0,&quot;335559737&quot;:0,&quot;335559738&quot;:0,&quot;335559739&quot;:160,&quot;335559740&quot;:276}\">\u00a0<\/span><\/p>\n<p><span data-contrast=\"auto\">Em suma, discorreu sobre a import\u00e2ncia da participa\u00e7\u00e3o popular no momento de elabora\u00e7\u00e3o das leis or\u00e7ament\u00e1rias, pois confere maior legitimidade e respaldo ao instrumento que se busca confeccionar, al\u00e9m de maximizar sua efetividade a partir da intera\u00e7\u00e3o entre sociedade e Poder P\u00fablico.\u00a0<\/span><span data-ccp-props=\"{&quot;134233117&quot;:false,&quot;134233118&quot;:false,&quot;201341983&quot;:0,&quot;335551550&quot;:6,&quot;335551620&quot;:6,&quot;335559685&quot;:0,&quot;335559737&quot;:0,&quot;335559738&quot;:0,&quot;335559739&quot;:160,&quot;335559740&quot;:276}\">\u00a0<\/span><\/p>\n<p><span data-contrast=\"auto\">Sustentou que, no caso em tela, os elementos acostados aos autos n\u00e3o permitem concluir que a transpar\u00eancia da gest\u00e3o fiscal e a participa\u00e7\u00e3o popular foram devidamente asseguradas tamb\u00e9m na fase de discuss\u00e3o do Projeto de Lei Or\u00e7ament\u00e1ria. Do exame das atas das reuni\u00f5es, verificou-se que as mesmas se resumiram \u00e0 participa\u00e7\u00e3o de <\/span><span data-contrast=\"auto\">vereadores, servidores e ao procurador jur\u00eddico, de modo que n\u00e3o consta qualquer debate ou discuss\u00e3o popular, mas apenas a informa\u00e7\u00e3o de que \u201cos vereadores optaram pela livre tramita\u00e7\u00e3o do projeto\u201d. Tamb\u00e9m, n\u00e3o h\u00e1 qualquer comprova\u00e7\u00e3o de que houve ampla divulga\u00e7\u00e3o das datas das reuni\u00f5es e convoca\u00e7\u00e3o da sociedade para participa\u00e7\u00e3o.<\/span><span data-ccp-props=\"{&quot;134233117&quot;:false,&quot;134233118&quot;:false,&quot;201341983&quot;:0,&quot;335551550&quot;:6,&quot;335551620&quot;:6,&quot;335559685&quot;:0,&quot;335559737&quot;:0,&quot;335559738&quot;:0,&quot;335559739&quot;:160,&quot;335559740&quot;:276}\">\u00a0<\/span><\/p>\n<p><span data-contrast=\"auto\">Diante do exposto, n\u00e3o tendo sido assegurada a participa\u00e7\u00e3o popular na fase de discuss\u00e3o das leis or\u00e7ament\u00e1rias questionadas, restou caracterizada a falha noticiada pelo denunciante. V<\/span><span data-contrast=\"auto\">erificou que n\u00e3o se trata do caso de aplica\u00e7\u00e3o de san\u00e7\u00e3o aos respons\u00e1veis, por n\u00e3o existir qualquer indicativo de dolo ou m\u00e1-f\u00e9, sendo a melhor op\u00e7\u00e3o a expedi\u00e7\u00e3o de determina\u00e7\u00e3o \u00e0 C\u00e2mara Municipal de Apucarana para que, nos pr\u00f3ximos exerc\u00edcios, em aten\u00e7\u00e3o ao disposto no art. 48, \u00a7 1\u00ba, inciso I, da Lei Complementar n\u00b0 101\/2000, passe a assegurar a transpar\u00eancia e a promover a participa\u00e7\u00e3o popular \u2013 de modo efetivo \u2013 tamb\u00e9m na fase de discuss\u00e3o das leis or\u00e7ament\u00e1rias. <\/span><span data-ccp-props=\"{&quot;134233117&quot;:false,&quot;134233118&quot;:false,&quot;201341983&quot;:0,&quot;335551550&quot;:6,&quot;335551620&quot;:6,&quot;335559685&quot;:0,&quot;335559737&quot;:0,&quot;335559738&quot;:0,&quot;335559739&quot;:160,&quot;335559740&quot;:276}\">\u00a0<\/span><\/p>\n<p><span style=\"color: #820007;\"><strong><u>Informa\u00e7\u00e3o para consulta processual<\/u><\/strong><\/span><\/p>\n<table style=\"height: 123px;\" border=\"0\" width=\"469\" cellspacing=\"0\" cellpadding=\"0\">\n<tbody>\n<tr>\n<td><strong>Processo n\u00ba<\/strong>:<\/td>\n<td>344608\/22<\/td>\n<\/tr>\n<tr>\n<td><strong>Ac\u00f3rd\u00e3o n\u00ba<\/strong>:<\/td>\n<td>2900\/23 &#8211; Pleno<\/td>\n<\/tr>\n<tr>\n<td><strong>Assunto<\/strong>:<\/td>\n<td>Representa\u00e7\u00e3o<\/td>\n<\/tr>\n<tr>\n<td><strong>Entidade<\/strong>:<\/td>\n<td>C\u00e2mara Municipal de Apucarana<\/td>\n<\/tr>\n<tr>\n<td><strong>Relator<\/strong>:<\/td>\n<td>Conselheiro <span data-contrast=\"auto\">Ivens Zschoerper Linhares<\/span><\/td>\n<\/tr>\n<\/tbody>\n<\/table>\n","protected":false},"excerpt":{"rendered":"<p>O Pleno do Tribunal de Contas do Estado (TCE-PR) determinou que a C\u00e2mara Municipal de Apucarana deve, nos pr\u00f3ximos exerc\u00edcios, em aten\u00e7\u00e3o ao disposto no art. 48, \u00a7 1\u00ba, inciso I, da Lei Complementar n\u00b0 101\/2000 (Lei de Responsabilidade Fiscal), assegurar a transpar\u00eancia e a promover a participa\u00e7\u00e3o popular, de modo efetivo, tamb\u00e9m na fase [&hellip;]<\/p>\n","protected":false},"author":1,"featured_media":16601,"comment_status":"open","ping_status":"open","sticky":false,"template":"","format":"standard","meta":{"_monsterinsights_skip_tracking":false,"_monsterinsights_sitenote_active":false,"_monsterinsights_sitenote_note":"","_monsterinsights_sitenote_category":0,"footnotes":""},"categories":[7],"tags":[468,469,76,13,39,71],"class_list":["post-16598","post","type-post","status-publish","format-standard","has-post-thumbnail","hentry","category-todas-as-noticias","tag-apucarana","tag-leis-orcamentarias","tag-lrf","tag-mpc-pr","tag-tce-pr","tag-tribunal-pleno","entry","has-media"],"yoast_head":"<!-- This site is optimized with the Yoast SEO plugin v27.3 - https:\/\/yoast.com\/product\/yoast-seo-wordpress\/ -->\n<title>C\u00e2mara Municipal de Apucarana deve assegurar a participa\u00e7\u00e3o popular na discuss\u00e3o das leis or\u00e7ament\u00e1rias - Minist\u00e9rio P\u00fablico de Contas do Estado do Paran\u00e1<\/title>\n<meta name=\"robots\" content=\"index, follow, max-snippet:-1, max-image-preview:large, max-video-preview:-1\" \/>\n<link rel=\"canonical\" href=\"https:\/\/www.mpc.pr.gov.br\/index.php\/camara-municipal-de-apucarana-deve-assegurar-a-participacao-popular-na-discussao-das-leis-orcamentarias\/\" \/>\n<meta property=\"og:locale\" content=\"pt_BR\" \/>\n<meta property=\"og:type\" content=\"article\" \/>\n<meta property=\"og:title\" content=\"C\u00e2mara Municipal de Apucarana deve assegurar a participa\u00e7\u00e3o popular na discuss\u00e3o das leis or\u00e7ament\u00e1rias - Minist\u00e9rio P\u00fablico de Contas do Estado do Paran\u00e1\" \/>\n<meta property=\"og:description\" content=\"O Pleno do Tribunal de Contas do Estado (TCE-PR) determinou que a C\u00e2mara Municipal de Apucarana deve, nos pr\u00f3ximos exerc\u00edcios, em aten\u00e7\u00e3o ao disposto no art. 48, \u00a7 1\u00ba, inciso I, da Lei Complementar n\u00b0 101\/2000 (Lei de Responsabilidade Fiscal), assegurar a transpar\u00eancia e a promover a participa\u00e7\u00e3o popular, de modo efetivo, tamb\u00e9m na fase [&hellip;]\" \/>\n<meta property=\"og:url\" content=\"https:\/\/www.mpc.pr.gov.br\/index.php\/camara-municipal-de-apucarana-deve-assegurar-a-participacao-popular-na-discussao-das-leis-orcamentarias\/\" \/>\n<meta property=\"og:site_name\" content=\"Minist\u00e9rio P\u00fablico de Contas do Estado do Paran\u00e1\" \/>\n<meta property=\"article:publisher\" content=\"https:\/\/www.facebook.com\/mpc.pr\" \/>\n<meta property=\"article:published_time\" content=\"2023-10-16T12:53:47+00:00\" \/>\n<meta property=\"article:modified_time\" content=\"2023-10-23T14:29:19+00:00\" \/>\n<meta property=\"og:image\" content=\"https:\/\/www.mpc.pr.gov.br\/wp-content\/uploads\/2023\/10\/Apucarana-Vista-da-sede-urbana-de-Apucarana-municipio-da-Regiao-Norte-do-Parana.jpg\" \/>\n\t<meta property=\"og:image:width\" content=\"640\" \/>\n\t<meta property=\"og:image:height\" content=\"485\" \/>\n\t<meta property=\"og:image:type\" content=\"image\/jpeg\" \/>\n<meta name=\"author\" content=\"mpcontaspr\" \/>\n<meta name=\"twitter:card\" content=\"summary_large_image\" \/>\n<meta name=\"twitter:label1\" content=\"Escrito por\" \/>\n\t<meta name=\"twitter:data1\" content=\"mpcontaspr\" \/>\n\t<meta name=\"twitter:label2\" content=\"Est. tempo de leitura\" \/>\n\t<meta name=\"twitter:data2\" content=\"5 minutos\" \/>\n<script type=\"application\/ld+json\" class=\"yoast-schema-graph\">{\"@context\":\"https:\\\/\\\/schema.org\",\"@graph\":[{\"@type\":\"Article\",\"@id\":\"https:\\\/\\\/www.mpc.pr.gov.br\\\/index.php\\\/camara-municipal-de-apucarana-deve-assegurar-a-participacao-popular-na-discussao-das-leis-orcamentarias\\\/#article\",\"isPartOf\":{\"@id\":\"https:\\\/\\\/www.mpc.pr.gov.br\\\/index.php\\\/camara-municipal-de-apucarana-deve-assegurar-a-participacao-popular-na-discussao-das-leis-orcamentarias\\\/\"},\"author\":{\"name\":\"mpcontaspr\",\"@id\":\"https:\\\/\\\/www.mpc.pr.gov.br\\\/#\\\/schema\\\/person\\\/2d83cb8980538d0ec174e8a6284f5e11\"},\"headline\":\"C\u00e2mara Municipal de Apucarana deve assegurar a participa\u00e7\u00e3o popular na discuss\u00e3o das leis or\u00e7ament\u00e1rias\",\"datePublished\":\"2023-10-16T12:53:47+00:00\",\"dateModified\":\"2023-10-23T14:29:19+00:00\",\"mainEntityOfPage\":{\"@id\":\"https:\\\/\\\/www.mpc.pr.gov.br\\\/index.php\\\/camara-municipal-de-apucarana-deve-assegurar-a-participacao-popular-na-discussao-das-leis-orcamentarias\\\/\"},\"wordCount\":1033,\"commentCount\":0,\"publisher\":{\"@id\":\"https:\\\/\\\/www.mpc.pr.gov.br\\\/#organization\"},\"image\":{\"@id\":\"https:\\\/\\\/www.mpc.pr.gov.br\\\/index.php\\\/camara-municipal-de-apucarana-deve-assegurar-a-participacao-popular-na-discussao-das-leis-orcamentarias\\\/#primaryimage\"},\"thumbnailUrl\":\"https:\\\/\\\/www.mpc.pr.gov.br\\\/wp-content\\\/uploads\\\/2023\\\/10\\\/Apucarana-Vista-da-sede-urbana-de-Apucarana-municipio-da-Regiao-Norte-do-Parana.jpg\",\"keywords\":[\"Apucarana\",\"Leis Or\u00e7ament\u00e1rias\",\"LRF\",\"MPC-PR\",\"TCE-PR\",\"Tribunal Pleno\"],\"articleSection\":[\"Todas as not\u00edcias\"],\"inLanguage\":\"pt-BR\",\"potentialAction\":[{\"@type\":\"CommentAction\",\"name\":\"Comment\",\"target\":[\"https:\\\/\\\/www.mpc.pr.gov.br\\\/index.php\\\/camara-municipal-de-apucarana-deve-assegurar-a-participacao-popular-na-discussao-das-leis-orcamentarias\\\/#respond\"]}]},{\"@type\":\"WebPage\",\"@id\":\"https:\\\/\\\/www.mpc.pr.gov.br\\\/index.php\\\/camara-municipal-de-apucarana-deve-assegurar-a-participacao-popular-na-discussao-das-leis-orcamentarias\\\/\",\"url\":\"https:\\\/\\\/www.mpc.pr.gov.br\\\/index.php\\\/camara-municipal-de-apucarana-deve-assegurar-a-participacao-popular-na-discussao-das-leis-orcamentarias\\\/\",\"name\":\"C\u00e2mara Municipal de Apucarana deve assegurar a participa\u00e7\u00e3o popular na discuss\u00e3o das leis or\u00e7ament\u00e1rias - Minist\u00e9rio P\u00fablico de Contas do Estado do Paran\u00e1\",\"isPartOf\":{\"@id\":\"https:\\\/\\\/www.mpc.pr.gov.br\\\/#website\"},\"primaryImageOfPage\":{\"@id\":\"https:\\\/\\\/www.mpc.pr.gov.br\\\/index.php\\\/camara-municipal-de-apucarana-deve-assegurar-a-participacao-popular-na-discussao-das-leis-orcamentarias\\\/#primaryimage\"},\"image\":{\"@id\":\"https:\\\/\\\/www.mpc.pr.gov.br\\\/index.php\\\/camara-municipal-de-apucarana-deve-assegurar-a-participacao-popular-na-discussao-das-leis-orcamentarias\\\/#primaryimage\"},\"thumbnailUrl\":\"https:\\\/\\\/www.mpc.pr.gov.br\\\/wp-content\\\/uploads\\\/2023\\\/10\\\/Apucarana-Vista-da-sede-urbana-de-Apucarana-municipio-da-Regiao-Norte-do-Parana.jpg\",\"datePublished\":\"2023-10-16T12:53:47+00:00\",\"dateModified\":\"2023-10-23T14:29:19+00:00\",\"breadcrumb\":{\"@id\":\"https:\\\/\\\/www.mpc.pr.gov.br\\\/index.php\\\/camara-municipal-de-apucarana-deve-assegurar-a-participacao-popular-na-discussao-das-leis-orcamentarias\\\/#breadcrumb\"},\"inLanguage\":\"pt-BR\",\"potentialAction\":[{\"@type\":\"ReadAction\",\"target\":[\"https:\\\/\\\/www.mpc.pr.gov.br\\\/index.php\\\/camara-municipal-de-apucarana-deve-assegurar-a-participacao-popular-na-discussao-das-leis-orcamentarias\\\/\"]}]},{\"@type\":\"ImageObject\",\"inLanguage\":\"pt-BR\",\"@id\":\"https:\\\/\\\/www.mpc.pr.gov.br\\\/index.php\\\/camara-municipal-de-apucarana-deve-assegurar-a-participacao-popular-na-discussao-das-leis-orcamentarias\\\/#primaryimage\",\"url\":\"https:\\\/\\\/www.mpc.pr.gov.br\\\/wp-content\\\/uploads\\\/2023\\\/10\\\/Apucarana-Vista-da-sede-urbana-de-Apucarana-municipio-da-Regiao-Norte-do-Parana.jpg\",\"contentUrl\":\"https:\\\/\\\/www.mpc.pr.gov.br\\\/wp-content\\\/uploads\\\/2023\\\/10\\\/Apucarana-Vista-da-sede-urbana-de-Apucarana-municipio-da-Regiao-Norte-do-Parana.jpg\",\"width\":640,\"height\":485,\"caption\":\"Vista da sede urbana de Apucarana, munic\u00edpio da Regi\u00e3o Norte do Paran\u00e1. Foto: divulga\u00e7\u00e3o.\"},{\"@type\":\"BreadcrumbList\",\"@id\":\"https:\\\/\\\/www.mpc.pr.gov.br\\\/index.php\\\/camara-municipal-de-apucarana-deve-assegurar-a-participacao-popular-na-discussao-das-leis-orcamentarias\\\/#breadcrumb\",\"itemListElement\":[{\"@type\":\"ListItem\",\"position\":1,\"name\":\"In\u00edcio\",\"item\":\"https:\\\/\\\/www.mpc.pr.gov.br\\\/\"},{\"@type\":\"ListItem\",\"position\":2,\"name\":\"C\u00e2mara Municipal de Apucarana deve assegurar a participa\u00e7\u00e3o popular na discuss\u00e3o das leis or\u00e7ament\u00e1rias\"}]},{\"@type\":\"WebSite\",\"@id\":\"https:\\\/\\\/www.mpc.pr.gov.br\\\/#website\",\"url\":\"https:\\\/\\\/www.mpc.pr.gov.br\\\/\",\"name\":\"Minist\u00e9rio P\u00fablico de Contas do Estado do Paran\u00e1\",\"description\":\"\",\"publisher\":{\"@id\":\"https:\\\/\\\/www.mpc.pr.gov.br\\\/#organization\"},\"potentialAction\":[{\"@type\":\"SearchAction\",\"target\":{\"@type\":\"EntryPoint\",\"urlTemplate\":\"https:\\\/\\\/www.mpc.pr.gov.br\\\/?s={search_term_string}\"},\"query-input\":{\"@type\":\"PropertyValueSpecification\",\"valueRequired\":true,\"valueName\":\"search_term_string\"}}],\"inLanguage\":\"pt-BR\"},{\"@type\":\"Organization\",\"@id\":\"https:\\\/\\\/www.mpc.pr.gov.br\\\/#organization\",\"name\":\"Minist\u00e9rio P\u00fablico de Contas do Estado do Paran\u00e1\",\"url\":\"https:\\\/\\\/www.mpc.pr.gov.br\\\/\",\"logo\":{\"@type\":\"ImageObject\",\"inLanguage\":\"pt-BR\",\"@id\":\"https:\\\/\\\/www.mpc.pr.gov.br\\\/#\\\/schema\\\/logo\\\/image\\\/\",\"url\":\"https:\\\/\\\/www.mpc.pr.gov.br\\\/wp-content\\\/uploads\\\/2020\\\/06\\\/99423647_1593460364143890_6706793420720963584_n-1-e1591387983167.png\",\"contentUrl\":\"https:\\\/\\\/www.mpc.pr.gov.br\\\/wp-content\\\/uploads\\\/2020\\\/06\\\/99423647_1593460364143890_6706793420720963584_n-1-e1591387983167.png\",\"width\":243,\"height\":73,\"caption\":\"Minist\u00e9rio P\u00fablico de Contas do Estado do Paran\u00e1\"},\"image\":{\"@id\":\"https:\\\/\\\/www.mpc.pr.gov.br\\\/#\\\/schema\\\/logo\\\/image\\\/\"},\"sameAs\":[\"https:\\\/\\\/www.facebook.com\\\/mpc.pr\",\"https:\\\/\\\/www.instagram.com\\\/mpc.pr\\\/?hl=pt-br\",\"https:\\\/\\\/www.youtube.com\\\/channel\\\/UCHri5oEM8DV0ztX57E0sBSw\"]},{\"@type\":\"Person\",\"@id\":\"https:\\\/\\\/www.mpc.pr.gov.br\\\/#\\\/schema\\\/person\\\/2d83cb8980538d0ec174e8a6284f5e11\",\"name\":\"mpcontaspr\",\"image\":{\"@type\":\"ImageObject\",\"inLanguage\":\"pt-BR\",\"@id\":\"https:\\\/\\\/secure.gravatar.com\\\/avatar\\\/1aef51541db7622e05fd639336c9c9f312c2a618396e2b6ca96846362fc5403f?s=96&d=mm&r=g\",\"url\":\"https:\\\/\\\/secure.gravatar.com\\\/avatar\\\/1aef51541db7622e05fd639336c9c9f312c2a618396e2b6ca96846362fc5403f?s=96&d=mm&r=g\",\"contentUrl\":\"https:\\\/\\\/secure.gravatar.com\\\/avatar\\\/1aef51541db7622e05fd639336c9c9f312c2a618396e2b6ca96846362fc5403f?s=96&d=mm&r=g\",\"caption\":\"mpcontaspr\"},\"sameAs\":[\"http:\\\/\\\/www.mpc.pr.gov.br\"]}]}<\/script>\n<!-- \/ Yoast SEO plugin. -->","yoast_head_json":{"title":"C\u00e2mara Municipal de Apucarana deve assegurar a participa\u00e7\u00e3o popular na discuss\u00e3o das leis or\u00e7ament\u00e1rias - Minist\u00e9rio P\u00fablico de Contas do Estado do Paran\u00e1","robots":{"index":"index","follow":"follow","max-snippet":"max-snippet:-1","max-image-preview":"max-image-preview:large","max-video-preview":"max-video-preview:-1"},"canonical":"https:\/\/www.mpc.pr.gov.br\/index.php\/camara-municipal-de-apucarana-deve-assegurar-a-participacao-popular-na-discussao-das-leis-orcamentarias\/","og_locale":"pt_BR","og_type":"article","og_title":"C\u00e2mara Municipal de Apucarana deve assegurar a participa\u00e7\u00e3o popular na discuss\u00e3o das leis or\u00e7ament\u00e1rias - Minist\u00e9rio P\u00fablico de Contas do Estado do Paran\u00e1","og_description":"O Pleno do Tribunal de Contas do Estado (TCE-PR) determinou que a C\u00e2mara Municipal de Apucarana deve, nos pr\u00f3ximos exerc\u00edcios, em aten\u00e7\u00e3o ao disposto no art. 48, \u00a7 1\u00ba, inciso I, da Lei Complementar n\u00b0 101\/2000 (Lei de Responsabilidade Fiscal), assegurar a transpar\u00eancia e a promover a participa\u00e7\u00e3o popular, de modo efetivo, tamb\u00e9m na fase [&hellip;]","og_url":"https:\/\/www.mpc.pr.gov.br\/index.php\/camara-municipal-de-apucarana-deve-assegurar-a-participacao-popular-na-discussao-das-leis-orcamentarias\/","og_site_name":"Minist\u00e9rio P\u00fablico de Contas do Estado do Paran\u00e1","article_publisher":"https:\/\/www.facebook.com\/mpc.pr","article_published_time":"2023-10-16T12:53:47+00:00","article_modified_time":"2023-10-23T14:29:19+00:00","og_image":[{"width":640,"height":485,"url":"https:\/\/www.mpc.pr.gov.br\/wp-content\/uploads\/2023\/10\/Apucarana-Vista-da-sede-urbana-de-Apucarana-municipio-da-Regiao-Norte-do-Parana.jpg","type":"image\/jpeg"}],"author":"mpcontaspr","twitter_card":"summary_large_image","twitter_misc":{"Escrito por":"mpcontaspr","Est. tempo de leitura":"5 minutos"},"schema":{"@context":"https:\/\/schema.org","@graph":[{"@type":"Article","@id":"https:\/\/www.mpc.pr.gov.br\/index.php\/camara-municipal-de-apucarana-deve-assegurar-a-participacao-popular-na-discussao-das-leis-orcamentarias\/#article","isPartOf":{"@id":"https:\/\/www.mpc.pr.gov.br\/index.php\/camara-municipal-de-apucarana-deve-assegurar-a-participacao-popular-na-discussao-das-leis-orcamentarias\/"},"author":{"name":"mpcontaspr","@id":"https:\/\/www.mpc.pr.gov.br\/#\/schema\/person\/2d83cb8980538d0ec174e8a6284f5e11"},"headline":"C\u00e2mara Municipal de Apucarana deve assegurar a participa\u00e7\u00e3o popular na discuss\u00e3o das leis or\u00e7ament\u00e1rias","datePublished":"2023-10-16T12:53:47+00:00","dateModified":"2023-10-23T14:29:19+00:00","mainEntityOfPage":{"@id":"https:\/\/www.mpc.pr.gov.br\/index.php\/camara-municipal-de-apucarana-deve-assegurar-a-participacao-popular-na-discussao-das-leis-orcamentarias\/"},"wordCount":1033,"commentCount":0,"publisher":{"@id":"https:\/\/www.mpc.pr.gov.br\/#organization"},"image":{"@id":"https:\/\/www.mpc.pr.gov.br\/index.php\/camara-municipal-de-apucarana-deve-assegurar-a-participacao-popular-na-discussao-das-leis-orcamentarias\/#primaryimage"},"thumbnailUrl":"https:\/\/www.mpc.pr.gov.br\/wp-content\/uploads\/2023\/10\/Apucarana-Vista-da-sede-urbana-de-Apucarana-municipio-da-Regiao-Norte-do-Parana.jpg","keywords":["Apucarana","Leis Or\u00e7ament\u00e1rias","LRF","MPC-PR","TCE-PR","Tribunal Pleno"],"articleSection":["Todas as not\u00edcias"],"inLanguage":"pt-BR","potentialAction":[{"@type":"CommentAction","name":"Comment","target":["https:\/\/www.mpc.pr.gov.br\/index.php\/camara-municipal-de-apucarana-deve-assegurar-a-participacao-popular-na-discussao-das-leis-orcamentarias\/#respond"]}]},{"@type":"WebPage","@id":"https:\/\/www.mpc.pr.gov.br\/index.php\/camara-municipal-de-apucarana-deve-assegurar-a-participacao-popular-na-discussao-das-leis-orcamentarias\/","url":"https:\/\/www.mpc.pr.gov.br\/index.php\/camara-municipal-de-apucarana-deve-assegurar-a-participacao-popular-na-discussao-das-leis-orcamentarias\/","name":"C\u00e2mara Municipal de Apucarana deve assegurar a participa\u00e7\u00e3o popular na discuss\u00e3o das leis or\u00e7ament\u00e1rias - Minist\u00e9rio P\u00fablico de Contas do Estado do Paran\u00e1","isPartOf":{"@id":"https:\/\/www.mpc.pr.gov.br\/#website"},"primaryImageOfPage":{"@id":"https:\/\/www.mpc.pr.gov.br\/index.php\/camara-municipal-de-apucarana-deve-assegurar-a-participacao-popular-na-discussao-das-leis-orcamentarias\/#primaryimage"},"image":{"@id":"https:\/\/www.mpc.pr.gov.br\/index.php\/camara-municipal-de-apucarana-deve-assegurar-a-participacao-popular-na-discussao-das-leis-orcamentarias\/#primaryimage"},"thumbnailUrl":"https:\/\/www.mpc.pr.gov.br\/wp-content\/uploads\/2023\/10\/Apucarana-Vista-da-sede-urbana-de-Apucarana-municipio-da-Regiao-Norte-do-Parana.jpg","datePublished":"2023-10-16T12:53:47+00:00","dateModified":"2023-10-23T14:29:19+00:00","breadcrumb":{"@id":"https:\/\/www.mpc.pr.gov.br\/index.php\/camara-municipal-de-apucarana-deve-assegurar-a-participacao-popular-na-discussao-das-leis-orcamentarias\/#breadcrumb"},"inLanguage":"pt-BR","potentialAction":[{"@type":"ReadAction","target":["https:\/\/www.mpc.pr.gov.br\/index.php\/camara-municipal-de-apucarana-deve-assegurar-a-participacao-popular-na-discussao-das-leis-orcamentarias\/"]}]},{"@type":"ImageObject","inLanguage":"pt-BR","@id":"https:\/\/www.mpc.pr.gov.br\/index.php\/camara-municipal-de-apucarana-deve-assegurar-a-participacao-popular-na-discussao-das-leis-orcamentarias\/#primaryimage","url":"https:\/\/www.mpc.pr.gov.br\/wp-content\/uploads\/2023\/10\/Apucarana-Vista-da-sede-urbana-de-Apucarana-municipio-da-Regiao-Norte-do-Parana.jpg","contentUrl":"https:\/\/www.mpc.pr.gov.br\/wp-content\/uploads\/2023\/10\/Apucarana-Vista-da-sede-urbana-de-Apucarana-municipio-da-Regiao-Norte-do-Parana.jpg","width":640,"height":485,"caption":"Vista da sede urbana de Apucarana, munic\u00edpio da Regi\u00e3o Norte do Paran\u00e1. Foto: divulga\u00e7\u00e3o."},{"@type":"BreadcrumbList","@id":"https:\/\/www.mpc.pr.gov.br\/index.php\/camara-municipal-de-apucarana-deve-assegurar-a-participacao-popular-na-discussao-das-leis-orcamentarias\/#breadcrumb","itemListElement":[{"@type":"ListItem","position":1,"name":"In\u00edcio","item":"https:\/\/www.mpc.pr.gov.br\/"},{"@type":"ListItem","position":2,"name":"C\u00e2mara Municipal de Apucarana deve assegurar a participa\u00e7\u00e3o popular na discuss\u00e3o das leis or\u00e7ament\u00e1rias"}]},{"@type":"WebSite","@id":"https:\/\/www.mpc.pr.gov.br\/#website","url":"https:\/\/www.mpc.pr.gov.br\/","name":"Minist\u00e9rio P\u00fablico de Contas do Estado do Paran\u00e1","description":"","publisher":{"@id":"https:\/\/www.mpc.pr.gov.br\/#organization"},"potentialAction":[{"@type":"SearchAction","target":{"@type":"EntryPoint","urlTemplate":"https:\/\/www.mpc.pr.gov.br\/?s={search_term_string}"},"query-input":{"@type":"PropertyValueSpecification","valueRequired":true,"valueName":"search_term_string"}}],"inLanguage":"pt-BR"},{"@type":"Organization","@id":"https:\/\/www.mpc.pr.gov.br\/#organization","name":"Minist\u00e9rio P\u00fablico de Contas do Estado do Paran\u00e1","url":"https:\/\/www.mpc.pr.gov.br\/","logo":{"@type":"ImageObject","inLanguage":"pt-BR","@id":"https:\/\/www.mpc.pr.gov.br\/#\/schema\/logo\/image\/","url":"https:\/\/www.mpc.pr.gov.br\/wp-content\/uploads\/2020\/06\/99423647_1593460364143890_6706793420720963584_n-1-e1591387983167.png","contentUrl":"https:\/\/www.mpc.pr.gov.br\/wp-content\/uploads\/2020\/06\/99423647_1593460364143890_6706793420720963584_n-1-e1591387983167.png","width":243,"height":73,"caption":"Minist\u00e9rio P\u00fablico de Contas do Estado do Paran\u00e1"},"image":{"@id":"https:\/\/www.mpc.pr.gov.br\/#\/schema\/logo\/image\/"},"sameAs":["https:\/\/www.facebook.com\/mpc.pr","https:\/\/www.instagram.com\/mpc.pr\/?hl=pt-br","https:\/\/www.youtube.com\/channel\/UCHri5oEM8DV0ztX57E0sBSw"]},{"@type":"Person","@id":"https:\/\/www.mpc.pr.gov.br\/#\/schema\/person\/2d83cb8980538d0ec174e8a6284f5e11","name":"mpcontaspr","image":{"@type":"ImageObject","inLanguage":"pt-BR","@id":"https:\/\/secure.gravatar.com\/avatar\/1aef51541db7622e05fd639336c9c9f312c2a618396e2b6ca96846362fc5403f?s=96&d=mm&r=g","url":"https:\/\/secure.gravatar.com\/avatar\/1aef51541db7622e05fd639336c9c9f312c2a618396e2b6ca96846362fc5403f?s=96&d=mm&r=g","contentUrl":"https:\/\/secure.gravatar.com\/avatar\/1aef51541db7622e05fd639336c9c9f312c2a618396e2b6ca96846362fc5403f?s=96&d=mm&r=g","caption":"mpcontaspr"},"sameAs":["http:\/\/www.mpc.pr.gov.br"]}]}},"rttpg_featured_image_url":{"full":["https:\/\/www.mpc.pr.gov.br\/wp-content\/uploads\/2023\/10\/Apucarana-Vista-da-sede-urbana-de-Apucarana-municipio-da-Regiao-Norte-do-Parana.jpg",640,485,false],"landscape":["https:\/\/www.mpc.pr.gov.br\/wp-content\/uploads\/2023\/10\/Apucarana-Vista-da-sede-urbana-de-Apucarana-municipio-da-Regiao-Norte-do-Parana.jpg",640,485,false],"portraits":["https:\/\/www.mpc.pr.gov.br\/wp-content\/uploads\/2023\/10\/Apucarana-Vista-da-sede-urbana-de-Apucarana-municipio-da-Regiao-Norte-do-Parana.jpg",640,485,false],"thumbnail":["https:\/\/www.mpc.pr.gov.br\/wp-content\/uploads\/2023\/10\/Apucarana-Vista-da-sede-urbana-de-Apucarana-municipio-da-Regiao-Norte-do-Parana-150x150.jpg",150,150,true],"medium":["https:\/\/www.mpc.pr.gov.br\/wp-content\/uploads\/2023\/10\/Apucarana-Vista-da-sede-urbana-de-Apucarana-municipio-da-Regiao-Norte-do-Parana-300x227.jpg",300,227,true],"large":["https:\/\/www.mpc.pr.gov.br\/wp-content\/uploads\/2023\/10\/Apucarana-Vista-da-sede-urbana-de-Apucarana-municipio-da-Regiao-Norte-do-Parana.jpg",640,485,false],"1536x1536":["https:\/\/www.mpc.pr.gov.br\/wp-content\/uploads\/2023\/10\/Apucarana-Vista-da-sede-urbana-de-Apucarana-municipio-da-Regiao-Norte-do-Parana.jpg",640,485,false],"2048x2048":["https:\/\/www.mpc.pr.gov.br\/wp-content\/uploads\/2023\/10\/Apucarana-Vista-da-sede-urbana-de-Apucarana-municipio-da-Regiao-Norte-do-Parana.jpg",640,485,false],"ocean-thumb-m":["https:\/\/www.mpc.pr.gov.br\/wp-content\/uploads\/2023\/10\/Apucarana-Vista-da-sede-urbana-de-Apucarana-municipio-da-Regiao-Norte-do-Parana-600x485.jpg",600,485,true],"ocean-thumb-ml":["https:\/\/www.mpc.pr.gov.br\/wp-content\/uploads\/2023\/10\/Apucarana-Vista-da-sede-urbana-de-Apucarana-municipio-da-Regiao-Norte-do-Parana-640x450.jpg",640,450,true],"ocean-thumb-l":["https:\/\/www.mpc.pr.gov.br\/wp-content\/uploads\/2023\/10\/Apucarana-Vista-da-sede-urbana-de-Apucarana-municipio-da-Regiao-Norte-do-Parana.jpg",640,485,false]},"rttpg_author":{"display_name":"mpcontaspr","author_link":"https:\/\/www.mpc.pr.gov.br\/index.php\/author\/mpcontaspr\/"},"rttpg_comment":0,"rttpg_category":"<a href=\"https:\/\/www.mpc.pr.gov.br\/index.php\/category\/todas-as-noticias\/\" rel=\"category tag\">Todas as not\u00edcias<\/a>","rttpg_excerpt":"O Pleno do Tribunal de Contas do Estado (TCE-PR) determinou que a C\u00e2mara Municipal de Apucarana deve, nos pr\u00f3ximos exerc\u00edcios, em aten\u00e7\u00e3o ao disposto no art. 48, \u00a7 1\u00ba, inciso I, da Lei Complementar n\u00b0 101\/2000 (Lei de Responsabilidade Fiscal), assegurar a transpar\u00eancia e a promover a participa\u00e7\u00e3o popular, de modo efetivo, tamb\u00e9m na fase&hellip;","_links":{"self":[{"href":"https:\/\/www.mpc.pr.gov.br\/index.php\/wp-json\/wp\/v2\/posts\/16598","targetHints":{"allow":["GET"]}}],"collection":[{"href":"https:\/\/www.mpc.pr.gov.br\/index.php\/wp-json\/wp\/v2\/posts"}],"about":[{"href":"https:\/\/www.mpc.pr.gov.br\/index.php\/wp-json\/wp\/v2\/types\/post"}],"author":[{"embeddable":true,"href":"https:\/\/www.mpc.pr.gov.br\/index.php\/wp-json\/wp\/v2\/users\/1"}],"replies":[{"embeddable":true,"href":"https:\/\/www.mpc.pr.gov.br\/index.php\/wp-json\/wp\/v2\/comments?post=16598"}],"version-history":[{"count":1,"href":"https:\/\/www.mpc.pr.gov.br\/index.php\/wp-json\/wp\/v2\/posts\/16598\/revisions"}],"predecessor-version":[{"id":16602,"href":"https:\/\/www.mpc.pr.gov.br\/index.php\/wp-json\/wp\/v2\/posts\/16598\/revisions\/16602"}],"wp:featuredmedia":[{"embeddable":true,"href":"https:\/\/www.mpc.pr.gov.br\/index.php\/wp-json\/wp\/v2\/media\/16601"}],"wp:attachment":[{"href":"https:\/\/www.mpc.pr.gov.br\/index.php\/wp-json\/wp\/v2\/media?parent=16598"}],"wp:term":[{"taxonomy":"category","embeddable":true,"href":"https:\/\/www.mpc.pr.gov.br\/index.php\/wp-json\/wp\/v2\/categories?post=16598"},{"taxonomy":"post_tag","embeddable":true,"href":"https:\/\/www.mpc.pr.gov.br\/index.php\/wp-json\/wp\/v2\/tags?post=16598"}],"curies":[{"name":"wp","href":"https:\/\/api.w.org\/{rel}","templated":true}]}}