{"id":16633,"date":"2023-10-19T09:47:56","date_gmt":"2023-10-19T12:47:56","guid":{"rendered":"https:\/\/www.mpc.pr.gov.br\/?p=16633"},"modified":"2023-10-26T14:33:27","modified_gmt":"2023-10-26T17:33:27","slug":"xv-congresso-nacional-do-ministerio-publico-de-contas-discute-a-atuacao-do-mpc-na-promocao-do-desenvolvimento-sustentavel","status":"publish","type":"post","link":"https:\/\/www.mpc.pr.gov.br\/index.php\/xv-congresso-nacional-do-ministerio-publico-de-contas-discute-a-atuacao-do-mpc-na-promocao-do-desenvolvimento-sustentavel\/","title":{"rendered":"XV Congresso Nacional do Minist\u00e9rio P\u00fablico de Contas discute a atua\u00e7\u00e3o do MPC na promo\u00e7\u00e3o do desenvolvimento sustent\u00e1vel"},"content":{"rendered":"<p><img fetchpriority=\"high\" decoding=\"async\" class=\"size-medium wp-image-16634 alignleft\" src=\"https:\/\/www.mpc.pr.gov.br\/wp-content\/uploads\/2023\/10\/received_332690779309515-250x300.jpeg\" alt=\"\" width=\"250\" height=\"300\" srcset=\"https:\/\/www.mpc.pr.gov.br\/wp-content\/uploads\/2023\/10\/received_332690779309515-250x300.jpeg 250w, https:\/\/www.mpc.pr.gov.br\/wp-content\/uploads\/2023\/10\/received_332690779309515-855x1024.jpeg 855w, https:\/\/www.mpc.pr.gov.br\/wp-content\/uploads\/2023\/10\/received_332690779309515-768x920.jpeg 768w, https:\/\/www.mpc.pr.gov.br\/wp-content\/uploads\/2023\/10\/received_332690779309515-1282x1536.jpeg 1282w, https:\/\/www.mpc.pr.gov.br\/wp-content\/uploads\/2023\/10\/received_332690779309515.jpeg 1589w\" sizes=\"(max-width: 250px) 100vw, 250px\" \/>Na noite de ontem, dia 18 (quarta-feira), teve in\u00edcio o XV Congresso Nacional do Minist\u00e9rio P\u00fablico de Contas: Farol para o Desenvolvimento Sustent\u00e1vel, realizado em Jo\u00e3o Pessoa (PB). O evento, que segue com a sua programa\u00e7\u00e3o at\u00e9 o dia 20 de outubro (sexta-feira) \u00e9 uma realiza\u00e7\u00e3o da Associa\u00e7\u00e3o Nacional do Minist\u00e9rio P\u00fablico de Contas (AMPCON), em parceria com o Tribunal de Contas e o Minist\u00e9rio P\u00fablico de Contas do Estado da Para\u00edba.\u00a0\u00a0<!--\/data\/user\/0\/com.samsung.android.app.notes\/files\/clipdata\/clipdata_bodytext_231019_094651_579.sdocx--><\/p>\n<p>Com o objetivo de promover o aperfei\u00e7oamento institucional dos Minist\u00e9rios P\u00fablicos de Contas, nesta edi\u00e7\u00e3o o evento busca fomentar ideias e trazer reflex\u00f5es sobre as diversas dimens\u00f5es do desenvolvimento sustent\u00e1vel, desde a sua face ambiental, com a necess\u00e1ria preserva\u00e7\u00e3o do meio-ambiente natural e cultural, sem perder de vista outros olhares igualmente relevantes, como a necessidade de\u00a0 combate a todas as formas de desigualdades, sociais e regionais, e da inadi\u00e1vel promo\u00e7\u00e3o de uma agenda de equidade, garantidora dos padr\u00f5es constitucionais de dignidade devidos \u00e0s popula\u00e7\u00f5es mais vulner\u00e1veis.<\/p>\n<p>O Presidente da AMPCON e Procurador-Geral do Minist\u00e9rio P\u00fablico de Contas do Sergipe (MPC-SE), Jo\u00e3o Augusto dos Anjos Bandeira de Mello, deu as boas-vindas a todos durante a solenidade de abertura do Congresso, em especial aos palestrantes e autoridades convidados.<\/p>\n<p><strong>Painel de abertura <\/strong><\/p>\n<p>Dando sequ\u00eancia ao evento, o Presidente da AMPCON deu in\u00edcio ao painel de abertura, que teve como tema \u201cO desenvolvimento sustent\u00e1vel com foco nas pessoas e a redu\u00e7\u00e3o das desigualdades sociais\u201d.<\/p>\n<p>Entre as palestrantes da noite, a Secret\u00e1ria Nacional de Renda de Cidadania, Eliane Aquino Custodio, destacou a import\u00e2ncia do programa federal Bolsa Fam\u00edlia, que na pr\u00f3xima semana completa 20 anos. &#8220;\u00c9 um programa fundamental, presente em todos os munic\u00edpios do Brasil, e que impulsiona as pessoas para uma vida melhor&#8221;.<\/p>\n<p>Tamb\u00e9m participando do evento, a Coordenadora Geral de Articula\u00e7\u00e3o da Secretaria de Avalia\u00e7\u00e3o, Gest\u00e3o da Informa\u00e7\u00e3o e Cadastro \u00danico, Bruna Barreto Bastos, explicou de forma bastante did\u00e1tica como se da o funcionamento do Cad\u00danico, que hoje conta com cerca de 96,7 milh\u00f5es de pessoas cadastradas. &#8220;O Cad\u00danico \u00e9 um retrato da popula\u00e7\u00e3o mais vulner\u00e1vel do Brasil e funciona como um importante instrumento para o diagn\u00f3stico e cria\u00e7\u00e3o de novos programas sociais que melhor atendam as necessidades da sociedade&#8221;, declarou Bruna.<\/p>\n<p>O primeiro dia do evento reuniu autoridades, procuradores e servidores dos Minist\u00e9rios P\u00fablicos de Contas, conselheiros, conselheiros substitutos e servidores dos Tribunais de Contas.<\/p>\n<p>Representando o Minist\u00e9rio P\u00fablico de Contas do Paran\u00e1 (MPC-PR), participam do evento o Procurador Gabriel Guy L\u00e9ger, e as assessoras Giovanna Menezes Faria, Mykaella Ribeiro Mello e Sofia Moser.<!--\/data\/user\/0\/com.samsung.android.app.notes\/files\/clipdata\/clipdata_bodytext_231019_094410_324.sdocx--><\/p>\n","protected":false},"excerpt":{"rendered":"<p>Na noite de ontem, dia 18 (quarta-feira), teve in\u00edcio o XV Congresso Nacional do Minist\u00e9rio P\u00fablico de Contas: Farol para o Desenvolvimento Sustent\u00e1vel, realizado em Jo\u00e3o Pessoa (PB). O evento, que segue com a sua programa\u00e7\u00e3o at\u00e9 o dia 20 de outubro (sexta-feira) \u00e9 uma realiza\u00e7\u00e3o da Associa\u00e7\u00e3o Nacional do Minist\u00e9rio P\u00fablico de Contas (AMPCON), [&hellip;]<\/p>\n","protected":false},"author":1,"featured_media":16634,"comment_status":"open","ping_status":"open","sticky":false,"template":"","format":"standard","meta":{"_monsterinsights_skip_tracking":false,"_monsterinsights_sitenote_active":false,"_monsterinsights_sitenote_note":"","_monsterinsights_sitenote_category":0,"footnotes":""},"categories":[7],"tags":[63,64,13,350],"class_list":["post-16633","post","type-post","status-publish","format-standard","has-post-thumbnail","hentry","category-todas-as-noticias","tag-ampcon","tag-cnpgc","tag-mpc-pr","tag-objetivos-de-desenvolvimento-sustentavel","entry","has-media"],"yoast_head":"<!-- This site is optimized with the Yoast SEO plugin v27.3 - https:\/\/yoast.com\/product\/yoast-seo-wordpress\/ -->\n<title>XV Congresso Nacional do Minist\u00e9rio P\u00fablico de Contas discute a atua\u00e7\u00e3o do MPC na promo\u00e7\u00e3o do desenvolvimento sustent\u00e1vel - Minist\u00e9rio P\u00fablico de Contas do Estado do Paran\u00e1<\/title>\n<meta name=\"robots\" content=\"index, follow, max-snippet:-1, max-image-preview:large, max-video-preview:-1\" \/>\n<link rel=\"canonical\" href=\"https:\/\/www.mpc.pr.gov.br\/index.php\/xv-congresso-nacional-do-ministerio-publico-de-contas-discute-a-atuacao-do-mpc-na-promocao-do-desenvolvimento-sustentavel\/\" \/>\n<meta property=\"og:locale\" content=\"pt_BR\" \/>\n<meta property=\"og:type\" content=\"article\" \/>\n<meta property=\"og:title\" content=\"XV Congresso Nacional do Minist\u00e9rio P\u00fablico de Contas discute a atua\u00e7\u00e3o do MPC na promo\u00e7\u00e3o do desenvolvimento sustent\u00e1vel - Minist\u00e9rio P\u00fablico de Contas do Estado do Paran\u00e1\" \/>\n<meta property=\"og:description\" content=\"Na noite de ontem, dia 18 (quarta-feira), teve in\u00edcio o XV Congresso Nacional do Minist\u00e9rio P\u00fablico de Contas: Farol para o Desenvolvimento Sustent\u00e1vel, realizado em Jo\u00e3o Pessoa (PB). O evento, que segue com a sua programa\u00e7\u00e3o at\u00e9 o dia 20 de outubro (sexta-feira) \u00e9 uma realiza\u00e7\u00e3o da Associa\u00e7\u00e3o Nacional do Minist\u00e9rio P\u00fablico de Contas (AMPCON), [&hellip;]\" \/>\n<meta property=\"og:url\" content=\"https:\/\/www.mpc.pr.gov.br\/index.php\/xv-congresso-nacional-do-ministerio-publico-de-contas-discute-a-atuacao-do-mpc-na-promocao-do-desenvolvimento-sustentavel\/\" \/>\n<meta property=\"og:site_name\" content=\"Minist\u00e9rio P\u00fablico de Contas do Estado do Paran\u00e1\" \/>\n<meta property=\"article:publisher\" content=\"https:\/\/www.facebook.com\/mpc.pr\" \/>\n<meta property=\"article:published_time\" content=\"2023-10-19T12:47:56+00:00\" \/>\n<meta property=\"article:modified_time\" content=\"2023-10-26T17:33:27+00:00\" \/>\n<meta property=\"og:image\" content=\"https:\/\/www.mpc.pr.gov.br\/wp-content\/uploads\/2023\/10\/received_332690779309515.jpeg\" \/>\n\t<meta property=\"og:image:width\" content=\"1589\" \/>\n\t<meta property=\"og:image:height\" content=\"1904\" \/>\n\t<meta property=\"og:image:type\" content=\"image\/jpeg\" \/>\n<meta name=\"author\" content=\"mpcontaspr\" \/>\n<meta name=\"twitter:card\" content=\"summary_large_image\" \/>\n<meta name=\"twitter:label1\" content=\"Escrito por\" \/>\n\t<meta name=\"twitter:data1\" content=\"mpcontaspr\" \/>\n\t<meta name=\"twitter:label2\" content=\"Est. tempo de leitura\" \/>\n\t<meta name=\"twitter:data2\" content=\"3 minutos\" \/>\n<script type=\"application\/ld+json\" class=\"yoast-schema-graph\">{\"@context\":\"https:\\\/\\\/schema.org\",\"@graph\":[{\"@type\":\"Article\",\"@id\":\"https:\\\/\\\/www.mpc.pr.gov.br\\\/index.php\\\/xv-congresso-nacional-do-ministerio-publico-de-contas-discute-a-atuacao-do-mpc-na-promocao-do-desenvolvimento-sustentavel\\\/#article\",\"isPartOf\":{\"@id\":\"https:\\\/\\\/www.mpc.pr.gov.br\\\/index.php\\\/xv-congresso-nacional-do-ministerio-publico-de-contas-discute-a-atuacao-do-mpc-na-promocao-do-desenvolvimento-sustentavel\\\/\"},\"author\":{\"name\":\"mpcontaspr\",\"@id\":\"https:\\\/\\\/www.mpc.pr.gov.br\\\/#\\\/schema\\\/person\\\/2d83cb8980538d0ec174e8a6284f5e11\"},\"headline\":\"XV Congresso Nacional do Minist\u00e9rio P\u00fablico de Contas discute a atua\u00e7\u00e3o do MPC na promo\u00e7\u00e3o do desenvolvimento sustent\u00e1vel\",\"datePublished\":\"2023-10-19T12:47:56+00:00\",\"dateModified\":\"2023-10-26T17:33:27+00:00\",\"mainEntityOfPage\":{\"@id\":\"https:\\\/\\\/www.mpc.pr.gov.br\\\/index.php\\\/xv-congresso-nacional-do-ministerio-publico-de-contas-discute-a-atuacao-do-mpc-na-promocao-do-desenvolvimento-sustentavel\\\/\"},\"wordCount\":488,\"commentCount\":0,\"publisher\":{\"@id\":\"https:\\\/\\\/www.mpc.pr.gov.br\\\/#organization\"},\"image\":{\"@id\":\"https:\\\/\\\/www.mpc.pr.gov.br\\\/index.php\\\/xv-congresso-nacional-do-ministerio-publico-de-contas-discute-a-atuacao-do-mpc-na-promocao-do-desenvolvimento-sustentavel\\\/#primaryimage\"},\"thumbnailUrl\":\"https:\\\/\\\/www.mpc.pr.gov.br\\\/wp-content\\\/uploads\\\/2023\\\/10\\\/received_332690779309515.jpeg\",\"keywords\":[\"AMPCON\",\"CNPGC\",\"MPC-PR\",\"Objetivos de Desenvolvimento Sustent\u00e1vel\"],\"articleSection\":[\"Todas as not\u00edcias\"],\"inLanguage\":\"pt-BR\",\"potentialAction\":[{\"@type\":\"CommentAction\",\"name\":\"Comment\",\"target\":[\"https:\\\/\\\/www.mpc.pr.gov.br\\\/index.php\\\/xv-congresso-nacional-do-ministerio-publico-de-contas-discute-a-atuacao-do-mpc-na-promocao-do-desenvolvimento-sustentavel\\\/#respond\"]}]},{\"@type\":\"WebPage\",\"@id\":\"https:\\\/\\\/www.mpc.pr.gov.br\\\/index.php\\\/xv-congresso-nacional-do-ministerio-publico-de-contas-discute-a-atuacao-do-mpc-na-promocao-do-desenvolvimento-sustentavel\\\/\",\"url\":\"https:\\\/\\\/www.mpc.pr.gov.br\\\/index.php\\\/xv-congresso-nacional-do-ministerio-publico-de-contas-discute-a-atuacao-do-mpc-na-promocao-do-desenvolvimento-sustentavel\\\/\",\"name\":\"XV Congresso Nacional do Minist\u00e9rio P\u00fablico de Contas discute a atua\u00e7\u00e3o do MPC na promo\u00e7\u00e3o do desenvolvimento sustent\u00e1vel - Minist\u00e9rio P\u00fablico de Contas do Estado do Paran\u00e1\",\"isPartOf\":{\"@id\":\"https:\\\/\\\/www.mpc.pr.gov.br\\\/#website\"},\"primaryImageOfPage\":{\"@id\":\"https:\\\/\\\/www.mpc.pr.gov.br\\\/index.php\\\/xv-congresso-nacional-do-ministerio-publico-de-contas-discute-a-atuacao-do-mpc-na-promocao-do-desenvolvimento-sustentavel\\\/#primaryimage\"},\"image\":{\"@id\":\"https:\\\/\\\/www.mpc.pr.gov.br\\\/index.php\\\/xv-congresso-nacional-do-ministerio-publico-de-contas-discute-a-atuacao-do-mpc-na-promocao-do-desenvolvimento-sustentavel\\\/#primaryimage\"},\"thumbnailUrl\":\"https:\\\/\\\/www.mpc.pr.gov.br\\\/wp-content\\\/uploads\\\/2023\\\/10\\\/received_332690779309515.jpeg\",\"datePublished\":\"2023-10-19T12:47:56+00:00\",\"dateModified\":\"2023-10-26T17:33:27+00:00\",\"breadcrumb\":{\"@id\":\"https:\\\/\\\/www.mpc.pr.gov.br\\\/index.php\\\/xv-congresso-nacional-do-ministerio-publico-de-contas-discute-a-atuacao-do-mpc-na-promocao-do-desenvolvimento-sustentavel\\\/#breadcrumb\"},\"inLanguage\":\"pt-BR\",\"potentialAction\":[{\"@type\":\"ReadAction\",\"target\":[\"https:\\\/\\\/www.mpc.pr.gov.br\\\/index.php\\\/xv-congresso-nacional-do-ministerio-publico-de-contas-discute-a-atuacao-do-mpc-na-promocao-do-desenvolvimento-sustentavel\\\/\"]}]},{\"@type\":\"ImageObject\",\"inLanguage\":\"pt-BR\",\"@id\":\"https:\\\/\\\/www.mpc.pr.gov.br\\\/index.php\\\/xv-congresso-nacional-do-ministerio-publico-de-contas-discute-a-atuacao-do-mpc-na-promocao-do-desenvolvimento-sustentavel\\\/#primaryimage\",\"url\":\"https:\\\/\\\/www.mpc.pr.gov.br\\\/wp-content\\\/uploads\\\/2023\\\/10\\\/received_332690779309515.jpeg\",\"contentUrl\":\"https:\\\/\\\/www.mpc.pr.gov.br\\\/wp-content\\\/uploads\\\/2023\\\/10\\\/received_332690779309515.jpeg\",\"width\":1589,\"height\":1904},{\"@type\":\"BreadcrumbList\",\"@id\":\"https:\\\/\\\/www.mpc.pr.gov.br\\\/index.php\\\/xv-congresso-nacional-do-ministerio-publico-de-contas-discute-a-atuacao-do-mpc-na-promocao-do-desenvolvimento-sustentavel\\\/#breadcrumb\",\"itemListElement\":[{\"@type\":\"ListItem\",\"position\":1,\"name\":\"In\u00edcio\",\"item\":\"https:\\\/\\\/www.mpc.pr.gov.br\\\/\"},{\"@type\":\"ListItem\",\"position\":2,\"name\":\"XV Congresso Nacional do Minist\u00e9rio P\u00fablico de Contas discute a atua\u00e7\u00e3o do MPC na promo\u00e7\u00e3o do desenvolvimento sustent\u00e1vel\"}]},{\"@type\":\"WebSite\",\"@id\":\"https:\\\/\\\/www.mpc.pr.gov.br\\\/#website\",\"url\":\"https:\\\/\\\/www.mpc.pr.gov.br\\\/\",\"name\":\"Minist\u00e9rio P\u00fablico de Contas do Estado do Paran\u00e1\",\"description\":\"\",\"publisher\":{\"@id\":\"https:\\\/\\\/www.mpc.pr.gov.br\\\/#organization\"},\"potentialAction\":[{\"@type\":\"SearchAction\",\"target\":{\"@type\":\"EntryPoint\",\"urlTemplate\":\"https:\\\/\\\/www.mpc.pr.gov.br\\\/?s={search_term_string}\"},\"query-input\":{\"@type\":\"PropertyValueSpecification\",\"valueRequired\":true,\"valueName\":\"search_term_string\"}}],\"inLanguage\":\"pt-BR\"},{\"@type\":\"Organization\",\"@id\":\"https:\\\/\\\/www.mpc.pr.gov.br\\\/#organization\",\"name\":\"Minist\u00e9rio P\u00fablico de Contas do Estado do Paran\u00e1\",\"url\":\"https:\\\/\\\/www.mpc.pr.gov.br\\\/\",\"logo\":{\"@type\":\"ImageObject\",\"inLanguage\":\"pt-BR\",\"@id\":\"https:\\\/\\\/www.mpc.pr.gov.br\\\/#\\\/schema\\\/logo\\\/image\\\/\",\"url\":\"https:\\\/\\\/www.mpc.pr.gov.br\\\/wp-content\\\/uploads\\\/2020\\\/06\\\/99423647_1593460364143890_6706793420720963584_n-1-e1591387983167.png\",\"contentUrl\":\"https:\\\/\\\/www.mpc.pr.gov.br\\\/wp-content\\\/uploads\\\/2020\\\/06\\\/99423647_1593460364143890_6706793420720963584_n-1-e1591387983167.png\",\"width\":243,\"height\":73,\"caption\":\"Minist\u00e9rio P\u00fablico de Contas do Estado do Paran\u00e1\"},\"image\":{\"@id\":\"https:\\\/\\\/www.mpc.pr.gov.br\\\/#\\\/schema\\\/logo\\\/image\\\/\"},\"sameAs\":[\"https:\\\/\\\/www.facebook.com\\\/mpc.pr\",\"https:\\\/\\\/www.instagram.com\\\/mpc.pr\\\/?hl=pt-br\",\"https:\\\/\\\/www.youtube.com\\\/channel\\\/UCHri5oEM8DV0ztX57E0sBSw\"]},{\"@type\":\"Person\",\"@id\":\"https:\\\/\\\/www.mpc.pr.gov.br\\\/#\\\/schema\\\/person\\\/2d83cb8980538d0ec174e8a6284f5e11\",\"name\":\"mpcontaspr\",\"image\":{\"@type\":\"ImageObject\",\"inLanguage\":\"pt-BR\",\"@id\":\"https:\\\/\\\/secure.gravatar.com\\\/avatar\\\/1aef51541db7622e05fd639336c9c9f312c2a618396e2b6ca96846362fc5403f?s=96&d=mm&r=g\",\"url\":\"https:\\\/\\\/secure.gravatar.com\\\/avatar\\\/1aef51541db7622e05fd639336c9c9f312c2a618396e2b6ca96846362fc5403f?s=96&d=mm&r=g\",\"contentUrl\":\"https:\\\/\\\/secure.gravatar.com\\\/avatar\\\/1aef51541db7622e05fd639336c9c9f312c2a618396e2b6ca96846362fc5403f?s=96&d=mm&r=g\",\"caption\":\"mpcontaspr\"},\"sameAs\":[\"http:\\\/\\\/www.mpc.pr.gov.br\"]}]}<\/script>\n<!-- \/ Yoast SEO plugin. -->","yoast_head_json":{"title":"XV Congresso Nacional do Minist\u00e9rio P\u00fablico de Contas discute a atua\u00e7\u00e3o do MPC na promo\u00e7\u00e3o do desenvolvimento sustent\u00e1vel - Minist\u00e9rio P\u00fablico de Contas do Estado do Paran\u00e1","robots":{"index":"index","follow":"follow","max-snippet":"max-snippet:-1","max-image-preview":"max-image-preview:large","max-video-preview":"max-video-preview:-1"},"canonical":"https:\/\/www.mpc.pr.gov.br\/index.php\/xv-congresso-nacional-do-ministerio-publico-de-contas-discute-a-atuacao-do-mpc-na-promocao-do-desenvolvimento-sustentavel\/","og_locale":"pt_BR","og_type":"article","og_title":"XV Congresso Nacional do Minist\u00e9rio P\u00fablico de Contas discute a atua\u00e7\u00e3o do MPC na promo\u00e7\u00e3o do desenvolvimento sustent\u00e1vel - Minist\u00e9rio P\u00fablico de Contas do Estado do Paran\u00e1","og_description":"Na noite de ontem, dia 18 (quarta-feira), teve in\u00edcio o XV Congresso Nacional do Minist\u00e9rio P\u00fablico de Contas: Farol para o Desenvolvimento Sustent\u00e1vel, realizado em Jo\u00e3o Pessoa (PB). O evento, que segue com a sua programa\u00e7\u00e3o at\u00e9 o dia 20 de outubro (sexta-feira) \u00e9 uma realiza\u00e7\u00e3o da Associa\u00e7\u00e3o Nacional do Minist\u00e9rio P\u00fablico de Contas (AMPCON), [&hellip;]","og_url":"https:\/\/www.mpc.pr.gov.br\/index.php\/xv-congresso-nacional-do-ministerio-publico-de-contas-discute-a-atuacao-do-mpc-na-promocao-do-desenvolvimento-sustentavel\/","og_site_name":"Minist\u00e9rio P\u00fablico de Contas do Estado do Paran\u00e1","article_publisher":"https:\/\/www.facebook.com\/mpc.pr","article_published_time":"2023-10-19T12:47:56+00:00","article_modified_time":"2023-10-26T17:33:27+00:00","og_image":[{"width":1589,"height":1904,"url":"https:\/\/www.mpc.pr.gov.br\/wp-content\/uploads\/2023\/10\/received_332690779309515.jpeg","type":"image\/jpeg"}],"author":"mpcontaspr","twitter_card":"summary_large_image","twitter_misc":{"Escrito por":"mpcontaspr","Est. tempo de leitura":"3 minutos"},"schema":{"@context":"https:\/\/schema.org","@graph":[{"@type":"Article","@id":"https:\/\/www.mpc.pr.gov.br\/index.php\/xv-congresso-nacional-do-ministerio-publico-de-contas-discute-a-atuacao-do-mpc-na-promocao-do-desenvolvimento-sustentavel\/#article","isPartOf":{"@id":"https:\/\/www.mpc.pr.gov.br\/index.php\/xv-congresso-nacional-do-ministerio-publico-de-contas-discute-a-atuacao-do-mpc-na-promocao-do-desenvolvimento-sustentavel\/"},"author":{"name":"mpcontaspr","@id":"https:\/\/www.mpc.pr.gov.br\/#\/schema\/person\/2d83cb8980538d0ec174e8a6284f5e11"},"headline":"XV Congresso Nacional do Minist\u00e9rio P\u00fablico de Contas discute a atua\u00e7\u00e3o do MPC na promo\u00e7\u00e3o do desenvolvimento sustent\u00e1vel","datePublished":"2023-10-19T12:47:56+00:00","dateModified":"2023-10-26T17:33:27+00:00","mainEntityOfPage":{"@id":"https:\/\/www.mpc.pr.gov.br\/index.php\/xv-congresso-nacional-do-ministerio-publico-de-contas-discute-a-atuacao-do-mpc-na-promocao-do-desenvolvimento-sustentavel\/"},"wordCount":488,"commentCount":0,"publisher":{"@id":"https:\/\/www.mpc.pr.gov.br\/#organization"},"image":{"@id":"https:\/\/www.mpc.pr.gov.br\/index.php\/xv-congresso-nacional-do-ministerio-publico-de-contas-discute-a-atuacao-do-mpc-na-promocao-do-desenvolvimento-sustentavel\/#primaryimage"},"thumbnailUrl":"https:\/\/www.mpc.pr.gov.br\/wp-content\/uploads\/2023\/10\/received_332690779309515.jpeg","keywords":["AMPCON","CNPGC","MPC-PR","Objetivos de Desenvolvimento Sustent\u00e1vel"],"articleSection":["Todas as not\u00edcias"],"inLanguage":"pt-BR","potentialAction":[{"@type":"CommentAction","name":"Comment","target":["https:\/\/www.mpc.pr.gov.br\/index.php\/xv-congresso-nacional-do-ministerio-publico-de-contas-discute-a-atuacao-do-mpc-na-promocao-do-desenvolvimento-sustentavel\/#respond"]}]},{"@type":"WebPage","@id":"https:\/\/www.mpc.pr.gov.br\/index.php\/xv-congresso-nacional-do-ministerio-publico-de-contas-discute-a-atuacao-do-mpc-na-promocao-do-desenvolvimento-sustentavel\/","url":"https:\/\/www.mpc.pr.gov.br\/index.php\/xv-congresso-nacional-do-ministerio-publico-de-contas-discute-a-atuacao-do-mpc-na-promocao-do-desenvolvimento-sustentavel\/","name":"XV Congresso Nacional do Minist\u00e9rio P\u00fablico de Contas discute a atua\u00e7\u00e3o do MPC na promo\u00e7\u00e3o do desenvolvimento sustent\u00e1vel - Minist\u00e9rio P\u00fablico de Contas do Estado do Paran\u00e1","isPartOf":{"@id":"https:\/\/www.mpc.pr.gov.br\/#website"},"primaryImageOfPage":{"@id":"https:\/\/www.mpc.pr.gov.br\/index.php\/xv-congresso-nacional-do-ministerio-publico-de-contas-discute-a-atuacao-do-mpc-na-promocao-do-desenvolvimento-sustentavel\/#primaryimage"},"image":{"@id":"https:\/\/www.mpc.pr.gov.br\/index.php\/xv-congresso-nacional-do-ministerio-publico-de-contas-discute-a-atuacao-do-mpc-na-promocao-do-desenvolvimento-sustentavel\/#primaryimage"},"thumbnailUrl":"https:\/\/www.mpc.pr.gov.br\/wp-content\/uploads\/2023\/10\/received_332690779309515.jpeg","datePublished":"2023-10-19T12:47:56+00:00","dateModified":"2023-10-26T17:33:27+00:00","breadcrumb":{"@id":"https:\/\/www.mpc.pr.gov.br\/index.php\/xv-congresso-nacional-do-ministerio-publico-de-contas-discute-a-atuacao-do-mpc-na-promocao-do-desenvolvimento-sustentavel\/#breadcrumb"},"inLanguage":"pt-BR","potentialAction":[{"@type":"ReadAction","target":["https:\/\/www.mpc.pr.gov.br\/index.php\/xv-congresso-nacional-do-ministerio-publico-de-contas-discute-a-atuacao-do-mpc-na-promocao-do-desenvolvimento-sustentavel\/"]}]},{"@type":"ImageObject","inLanguage":"pt-BR","@id":"https:\/\/www.mpc.pr.gov.br\/index.php\/xv-congresso-nacional-do-ministerio-publico-de-contas-discute-a-atuacao-do-mpc-na-promocao-do-desenvolvimento-sustentavel\/#primaryimage","url":"https:\/\/www.mpc.pr.gov.br\/wp-content\/uploads\/2023\/10\/received_332690779309515.jpeg","contentUrl":"https:\/\/www.mpc.pr.gov.br\/wp-content\/uploads\/2023\/10\/received_332690779309515.jpeg","width":1589,"height":1904},{"@type":"BreadcrumbList","@id":"https:\/\/www.mpc.pr.gov.br\/index.php\/xv-congresso-nacional-do-ministerio-publico-de-contas-discute-a-atuacao-do-mpc-na-promocao-do-desenvolvimento-sustentavel\/#breadcrumb","itemListElement":[{"@type":"ListItem","position":1,"name":"In\u00edcio","item":"https:\/\/www.mpc.pr.gov.br\/"},{"@type":"ListItem","position":2,"name":"XV Congresso Nacional do Minist\u00e9rio P\u00fablico de Contas discute a atua\u00e7\u00e3o do MPC na promo\u00e7\u00e3o do desenvolvimento sustent\u00e1vel"}]},{"@type":"WebSite","@id":"https:\/\/www.mpc.pr.gov.br\/#website","url":"https:\/\/www.mpc.pr.gov.br\/","name":"Minist\u00e9rio P\u00fablico de Contas do Estado do Paran\u00e1","description":"","publisher":{"@id":"https:\/\/www.mpc.pr.gov.br\/#organization"},"potentialAction":[{"@type":"SearchAction","target":{"@type":"EntryPoint","urlTemplate":"https:\/\/www.mpc.pr.gov.br\/?s={search_term_string}"},"query-input":{"@type":"PropertyValueSpecification","valueRequired":true,"valueName":"search_term_string"}}],"inLanguage":"pt-BR"},{"@type":"Organization","@id":"https:\/\/www.mpc.pr.gov.br\/#organization","name":"Minist\u00e9rio P\u00fablico de Contas do Estado do Paran\u00e1","url":"https:\/\/www.mpc.pr.gov.br\/","logo":{"@type":"ImageObject","inLanguage":"pt-BR","@id":"https:\/\/www.mpc.pr.gov.br\/#\/schema\/logo\/image\/","url":"https:\/\/www.mpc.pr.gov.br\/wp-content\/uploads\/2020\/06\/99423647_1593460364143890_6706793420720963584_n-1-e1591387983167.png","contentUrl":"https:\/\/www.mpc.pr.gov.br\/wp-content\/uploads\/2020\/06\/99423647_1593460364143890_6706793420720963584_n-1-e1591387983167.png","width":243,"height":73,"caption":"Minist\u00e9rio P\u00fablico de Contas do Estado do Paran\u00e1"},"image":{"@id":"https:\/\/www.mpc.pr.gov.br\/#\/schema\/logo\/image\/"},"sameAs":["https:\/\/www.facebook.com\/mpc.pr","https:\/\/www.instagram.com\/mpc.pr\/?hl=pt-br","https:\/\/www.youtube.com\/channel\/UCHri5oEM8DV0ztX57E0sBSw"]},{"@type":"Person","@id":"https:\/\/www.mpc.pr.gov.br\/#\/schema\/person\/2d83cb8980538d0ec174e8a6284f5e11","name":"mpcontaspr","image":{"@type":"ImageObject","inLanguage":"pt-BR","@id":"https:\/\/secure.gravatar.com\/avatar\/1aef51541db7622e05fd639336c9c9f312c2a618396e2b6ca96846362fc5403f?s=96&d=mm&r=g","url":"https:\/\/secure.gravatar.com\/avatar\/1aef51541db7622e05fd639336c9c9f312c2a618396e2b6ca96846362fc5403f?s=96&d=mm&r=g","contentUrl":"https:\/\/secure.gravatar.com\/avatar\/1aef51541db7622e05fd639336c9c9f312c2a618396e2b6ca96846362fc5403f?s=96&d=mm&r=g","caption":"mpcontaspr"},"sameAs":["http:\/\/www.mpc.pr.gov.br"]}]}},"rttpg_featured_image_url":{"full":["https:\/\/www.mpc.pr.gov.br\/wp-content\/uploads\/2023\/10\/received_332690779309515.jpeg",1589,1904,false],"landscape":["https:\/\/www.mpc.pr.gov.br\/wp-content\/uploads\/2023\/10\/received_332690779309515.jpeg",1589,1904,false],"portraits":["https:\/\/www.mpc.pr.gov.br\/wp-content\/uploads\/2023\/10\/received_332690779309515.jpeg",1589,1904,false],"thumbnail":["https:\/\/www.mpc.pr.gov.br\/wp-content\/uploads\/2023\/10\/received_332690779309515-150x150.jpeg",150,150,true],"medium":["https:\/\/www.mpc.pr.gov.br\/wp-content\/uploads\/2023\/10\/received_332690779309515-250x300.jpeg",250,300,true],"large":["https:\/\/www.mpc.pr.gov.br\/wp-content\/uploads\/2023\/10\/received_332690779309515-855x1024.jpeg",855,1024,true],"1536x1536":["https:\/\/www.mpc.pr.gov.br\/wp-content\/uploads\/2023\/10\/received_332690779309515-1282x1536.jpeg",1282,1536,true],"2048x2048":["https:\/\/www.mpc.pr.gov.br\/wp-content\/uploads\/2023\/10\/received_332690779309515.jpeg",1589,1904,false],"ocean-thumb-m":["https:\/\/www.mpc.pr.gov.br\/wp-content\/uploads\/2023\/10\/received_332690779309515-600x600.jpeg",600,600,true],"ocean-thumb-ml":["https:\/\/www.mpc.pr.gov.br\/wp-content\/uploads\/2023\/10\/received_332690779309515-800x450.jpeg",800,450,true],"ocean-thumb-l":["https:\/\/www.mpc.pr.gov.br\/wp-content\/uploads\/2023\/10\/received_332690779309515-1200x700.jpeg",1200,700,true]},"rttpg_author":{"display_name":"mpcontaspr","author_link":"https:\/\/www.mpc.pr.gov.br\/index.php\/author\/mpcontaspr\/"},"rttpg_comment":0,"rttpg_category":"<a href=\"https:\/\/www.mpc.pr.gov.br\/index.php\/category\/todas-as-noticias\/\" rel=\"category tag\">Todas as not\u00edcias<\/a>","rttpg_excerpt":"Na noite de ontem, dia 18 (quarta-feira), teve in\u00edcio o XV Congresso Nacional do Minist\u00e9rio P\u00fablico de Contas: Farol para o Desenvolvimento Sustent\u00e1vel, realizado em Jo\u00e3o Pessoa (PB). O evento, que segue com a sua programa\u00e7\u00e3o at\u00e9 o dia 20 de outubro (sexta-feira) \u00e9 uma realiza\u00e7\u00e3o da Associa\u00e7\u00e3o Nacional do Minist\u00e9rio P\u00fablico de Contas (AMPCON),&hellip;","_links":{"self":[{"href":"https:\/\/www.mpc.pr.gov.br\/index.php\/wp-json\/wp\/v2\/posts\/16633","targetHints":{"allow":["GET"]}}],"collection":[{"href":"https:\/\/www.mpc.pr.gov.br\/index.php\/wp-json\/wp\/v2\/posts"}],"about":[{"href":"https:\/\/www.mpc.pr.gov.br\/index.php\/wp-json\/wp\/v2\/types\/post"}],"author":[{"embeddable":true,"href":"https:\/\/www.mpc.pr.gov.br\/index.php\/wp-json\/wp\/v2\/users\/1"}],"replies":[{"embeddable":true,"href":"https:\/\/www.mpc.pr.gov.br\/index.php\/wp-json\/wp\/v2\/comments?post=16633"}],"version-history":[{"count":1,"href":"https:\/\/www.mpc.pr.gov.br\/index.php\/wp-json\/wp\/v2\/posts\/16633\/revisions"}],"predecessor-version":[{"id":16635,"href":"https:\/\/www.mpc.pr.gov.br\/index.php\/wp-json\/wp\/v2\/posts\/16633\/revisions\/16635"}],"wp:featuredmedia":[{"embeddable":true,"href":"https:\/\/www.mpc.pr.gov.br\/index.php\/wp-json\/wp\/v2\/media\/16634"}],"wp:attachment":[{"href":"https:\/\/www.mpc.pr.gov.br\/index.php\/wp-json\/wp\/v2\/media?parent=16633"}],"wp:term":[{"taxonomy":"category","embeddable":true,"href":"https:\/\/www.mpc.pr.gov.br\/index.php\/wp-json\/wp\/v2\/categories?post=16633"},{"taxonomy":"post_tag","embeddable":true,"href":"https:\/\/www.mpc.pr.gov.br\/index.php\/wp-json\/wp\/v2\/tags?post=16633"}],"curies":[{"name":"wp","href":"https:\/\/api.w.org\/{rel}","templated":true}]}}