{"id":16640,"date":"2023-10-20T13:56:38","date_gmt":"2023-10-20T16:56:38","guid":{"rendered":"https:\/\/www.mpc.pr.gov.br\/?p=16640"},"modified":"2023-11-07T10:10:55","modified_gmt":"2023-11-07T13:10:55","slug":"exigencia-de-registro-perante-o-orgao-de-classe-e-permitida-em-casos-de-evidente-complexidade-do-objeto-licitado","status":"publish","type":"post","link":"https:\/\/www.mpc.pr.gov.br\/index.php\/exigencia-de-registro-perante-o-orgao-de-classe-e-permitida-em-casos-de-evidente-complexidade-do-objeto-licitado\/","title":{"rendered":"Exig\u00eancia de registro perante o \u00f3rg\u00e3o de classe \u00e9 permitida em casos de evidente complexidade do objeto licitado"},"content":{"rendered":"<figure id=\"attachment_16644\" aria-describedby=\"caption-attachment-16644\" style=\"width: 300px\" class=\"wp-caption alignleft\"><img fetchpriority=\"high\" decoding=\"async\" class=\"size-medium wp-image-16644\" src=\"https:\/\/www.mpc.pr.gov.br\/wp-content\/uploads\/2023\/10\/concurso-iat-pr_widelg-300x169.jpg\" alt=\"\" width=\"300\" height=\"169\" srcset=\"https:\/\/www.mpc.pr.gov.br\/wp-content\/uploads\/2023\/10\/concurso-iat-pr_widelg-300x169.jpg 300w, https:\/\/www.mpc.pr.gov.br\/wp-content\/uploads\/2023\/10\/concurso-iat-pr_widelg-1024x576.jpg 1024w, https:\/\/www.mpc.pr.gov.br\/wp-content\/uploads\/2023\/10\/concurso-iat-pr_widelg-768x432.jpg 768w, https:\/\/www.mpc.pr.gov.br\/wp-content\/uploads\/2023\/10\/concurso-iat-pr_widelg-800x450.jpg 800w, https:\/\/www.mpc.pr.gov.br\/wp-content\/uploads\/2023\/10\/concurso-iat-pr_widelg.jpg 1200w\" sizes=\"(max-width: 300px) 100vw, 300px\" \/><figcaption id=\"caption-attachment-16644\" class=\"wp-caption-text\">Sede do Instituto \u00c1gua e Terra, antes conhecido com IAP. Foto: divulga\u00e7\u00e3o.<\/figcaption><\/figure>\n<p><span data-contrast=\"auto\">\u00c9 razo\u00e1vel a exig\u00eancia de certificado de registro perante o Conselho Regional de Engenharia e Agronomia (CREA), bem como a especifica\u00e7\u00e3o da equipe t\u00e9cnica para o projeto de capacita\u00e7\u00e3o cumulativa, nos casos de evidente complexidade e especificidade do objeto licitado. Este \u00e9 o entendimento dos membros do <\/span><span data-contrast=\"auto\">Tribunal de Contas do Estado (TCE-PR) quando do julgamento de Representa\u00e7\u00e3o protocolada em face do <a href=\"https:\/\/www.iat.pr.gov.br\/\">Instituto \u00c1gua e Terra do Paran\u00e1 (IAT)<\/a>, referente a condu\u00e7\u00e3o do Preg\u00e3o Eletr\u00f4nico n\u00ba 18\/2020.<\/span><span data-ccp-props=\"{&quot;134233117&quot;:false,&quot;134233118&quot;:false,&quot;201341983&quot;:0,&quot;335551550&quot;:6,&quot;335551620&quot;:6,&quot;335559685&quot;:0,&quot;335559737&quot;:0,&quot;335559738&quot;:0,&quot;335559739&quot;:160,&quot;335559740&quot;:360}\">\u00a0<\/span><\/p>\n<p><span data-contrast=\"auto\">Na Representa\u00e7\u00e3o, a empresa Notoriun Tecnologia em Software LTDA EPP apontou supostas irregularidades na condu\u00e7\u00e3o do Preg\u00e3o, que tinha por objeto a contrata\u00e7\u00e3o de <\/span><span data-contrast=\"auto\">servi\u00e7os t\u00e9cnicos especializados para a implementa\u00e7\u00e3o da Infraestrutura de Dados Espaciais (IDE) do Estado do Paran\u00e1 e do Portal de Servi\u00e7os Ambientais do IAT.<\/span><span data-contrast=\"auto\"> Alegou, em <\/span><span data-contrast=\"auto\">suma, que o instrumento convocat\u00f3rio restringia de forma imotivada a concorr\u00eancia da licita\u00e7\u00e3o em mais de um crit\u00e9rio, ocasionando em direcionamento do procedimento licitat\u00f3rio com a limita\u00e7\u00e3o de condi\u00e7\u00e3o de capacita\u00e7\u00e3o t\u00e9cnica a uma \u00fanica empresa concorrente.<\/span><span data-ccp-props=\"{&quot;134233117&quot;:false,&quot;134233118&quot;:false,&quot;201341983&quot;:0,&quot;335551550&quot;:6,&quot;335551620&quot;:6,&quot;335559685&quot;:0,&quot;335559737&quot;:0,&quot;335559738&quot;:0,&quot;335559739&quot;:160,&quot;335559740&quot;:360}\">\u00a0<\/span><\/p>\n<p><b><span data-contrast=\"auto\">Instru\u00e7\u00e3o do processo<\/span><\/b><span data-ccp-props=\"{&quot;134233117&quot;:false,&quot;134233118&quot;:false,&quot;201341983&quot;:0,&quot;335551550&quot;:6,&quot;335551620&quot;:6,&quot;335559685&quot;:0,&quot;335559737&quot;:0,&quot;335559738&quot;:0,&quot;335559739&quot;:160,&quot;335559740&quot;:360}\">\u00a0<\/span><\/p>\n<p><span data-contrast=\"auto\">Conforme Despacho do Relator n\u00ba 1496\/20, determinou-se a cita\u00e7\u00e3o do IAT para manifesta\u00e7\u00e3o preliminar, o qual apresentou argumentos no sentido de que: (I) o Preg\u00e3o Eletr\u00f4nico n\u00ba 18\/2020 tinha como objetivo a implanta\u00e7\u00e3o do sistema de Infraestrutura de Dados Espaciais (IDE), que \u00e9 composto por um conjunto de dados cartogr\u00e1ficos e atividades de geoprocessamento, de modo que grande parte do projeto deve ser de responsabilidade de um engenheiro cart\u00f3grafo, agrimensor ou ge\u00f3grafo; (II) que a as atividades a serem desenvolvidas s\u00e3o de trabalho t\u00e9cnico, devendo o profissional, obrigatoriamente, estar habilitado pela CREA, sendo uma exig\u00eancia totalmente razo\u00e1vel para contrata\u00e7\u00e3o de servi\u00e7os t\u00e9cnicos especializados; (III) <\/span><span data-contrast=\"auto\">que houveram outras empresas cadastradas e habilitadas no certame, o qual transcorreu normalmente, comprovando que existem outras empresas qualificadas e que as exig\u00eancias do Edital n\u00e3o foram impeditivas ou que restringissem a competitividade da licita\u00e7\u00e3o.<\/span><span data-ccp-props=\"{&quot;134233117&quot;:false,&quot;134233118&quot;:false,&quot;201341983&quot;:0,&quot;335551550&quot;:6,&quot;335551620&quot;:6,&quot;335559685&quot;:0,&quot;335559737&quot;:0,&quot;335559738&quot;:0,&quot;335559739&quot;:160,&quot;335559740&quot;:360}\">\u00a0<\/span><\/p>\n<p><span data-contrast=\"auto\">Em seguida, os autos foram encaminhados para a Coordenadoria de Gest\u00e3o Estadual (CGE) do TCE-PR, a qual manifestou-se pela improced\u00eancia da Representa\u00e7\u00e3o, considerando que as justificativas apresentadas pelo IAT foram suficientes para afastar as alega\u00e7\u00f5es de irregularidades feitas pela empresa representante. Destacou que, em rela\u00e7\u00e3o ao objeto licitado, ficou claro sua complexidade t\u00e9cnica, sendo proporcional a exig\u00eancia de profissionais da \u00e1rea de engenharia para ocupar o cargo de respons\u00e1vel t\u00e9cnico coordenador geral, sendo imprescind\u00edvel para o desenvolvimento da implanta\u00e7\u00e3o de um projeto deste quilate a devida inscri\u00e7\u00e3o do profissional no \u00f3rg\u00e3o de classe.<\/span><span data-ccp-props=\"{&quot;134233117&quot;:false,&quot;134233118&quot;:false,&quot;201341983&quot;:0,&quot;335551550&quot;:6,&quot;335551620&quot;:6,&quot;335559685&quot;:0,&quot;335559737&quot;:0,&quot;335559738&quot;:0,&quot;335559739&quot;:160,&quot;335559740&quot;:360}\">\u00a0<\/span><\/p>\n<p><span data-contrast=\"auto\">Em rela\u00e7\u00e3o as demais exig\u00eancias do Edital, como especifica\u00e7\u00e3o da equipe t\u00e9cnica para o projeto na fase de habilita\u00e7\u00e3o da proposta, a unidade t\u00e9cnica entendeu que \u201cessas exig\u00eancias requeridas na fase de contrata\u00e7\u00e3o seriam justificadas pela complexidade e especificidade do objeto licitado e que visam resguardar a efici\u00eancia e a qualidade dos servi\u00e7os demandados pela autarquia, guardando proporcionalidade e adequa\u00e7\u00e3o com objeto da contrata\u00e7\u00e3o almejada\u201d.\u00a0<\/span><span data-ccp-props=\"{&quot;134233117&quot;:false,&quot;134233118&quot;:false,&quot;201341983&quot;:0,&quot;335551550&quot;:6,&quot;335551620&quot;:6,&quot;335559685&quot;:0,&quot;335559737&quot;:0,&quot;335559738&quot;:0,&quot;335559739&quot;:160,&quot;335559740&quot;:360}\">\u00a0<\/span><\/p>\n<p><span data-contrast=\"auto\">N\u00e3o obstante, observou que conforme consta na Ata de Sess\u00e3o P\u00fablica do Preg\u00e3o Eletr\u00f4nico n\u00ba 18\/2020, dispon\u00edvel do portal de transpar\u00eancia do Governo do Estado do Paran\u00e1, mais de uma empresa ofertou lances de menor pre\u00e7o, de modo que a irregularidade apontada pela representante de que \u201cas exig\u00eancias de capacita\u00e7\u00e3o t\u00e9cnica limitam a uma \u00fanica empresa concorrente\u201d, n\u00e3o merece prosperar.\u00a0<\/span><span data-ccp-props=\"{&quot;134233117&quot;:false,&quot;134233118&quot;:false,&quot;201341983&quot;:0,&quot;335551550&quot;:6,&quot;335551620&quot;:6,&quot;335559685&quot;:0,&quot;335559737&quot;:0,&quot;335559738&quot;:0,&quot;335559739&quot;:160,&quot;335559740&quot;:360}\">\u00a0<\/span><\/p>\n<p><span data-contrast=\"auto\">Na sequ\u00eancia, o Minist\u00e9rio P\u00fablico de Contas do Paran\u00e1 (MPC-PR), apresentou manifesta\u00e7\u00e3o conforme <a href=\"https:\/\/www.mpc.pr.gov.br\/wp-content\/uploads\/2023\/10\/Parecer-310-23-IAT-.pdf\">Parecer Ministerial n\u00ba 310\/23<\/a>, em que acompanhou o entendimento das outras unidades t\u00e9cnicas do TCE-PR pela improced\u00eancia da Representa\u00e7\u00e3o. A partir dos documentos juntados nos autos, verificou que os esclarecimentos apresentados pelo IAT s\u00e3o plenamente capazes de afastar as irregularidades inicialmente apontadas na Representa\u00e7\u00e3o, de modo que conseguiu comprovar que obedeceu aos requisitos legais, em especial da Lei n\u00ba 15.608\/2007, e, conforme a CGE bem pontuou, n\u00e3o h\u00e1 ind\u00edcios de direcionamento no procedimento licitat\u00f3rio.\u00a0<\/span><span data-ccp-props=\"{&quot;134233117&quot;:false,&quot;134233118&quot;:false,&quot;201341983&quot;:0,&quot;335551550&quot;:6,&quot;335551620&quot;:6,&quot;335559685&quot;:0,&quot;335559737&quot;:0,&quot;335559738&quot;:0,&quot;335559739&quot;:160,&quot;335559740&quot;:360}\">\u00a0<\/span><\/p>\n<p><b><span data-contrast=\"auto\">Decis\u00e3o<\/span><\/b><span data-ccp-props=\"{&quot;134233117&quot;:false,&quot;134233118&quot;:false,&quot;201341983&quot;:0,&quot;335551550&quot;:6,&quot;335551620&quot;:6,&quot;335559685&quot;:0,&quot;335559737&quot;:0,&quot;335559738&quot;:0,&quot;335559739&quot;:160,&quot;335559740&quot;:360}\">\u00a0<\/span><\/p>\n<p><span data-contrast=\"auto\">Acompanhando as manifesta\u00e7\u00f5es uniformes da CGE e MPC-PR, o relator Conselheiro Maur\u00edcio Requi\u00e3o de Mello e Silva, cujo voto consta do <a href=\"https:\/\/www.mpc.pr.gov.br\/wp-content\/uploads\/2023\/10\/Acordao-2105-23-IAT.pdf\">Ac\u00f3rd\u00e3o n\u00ba 2105\/23<\/a>, decidiu pela improced\u00eancia da Representa\u00e7\u00e3o tendo em vista a aus\u00eancia de caracteriza\u00e7\u00e3o de irregularidades.\u00a0<\/span><span data-ccp-props=\"{&quot;134233117&quot;:false,&quot;134233118&quot;:false,&quot;201341983&quot;:0,&quot;335551550&quot;:6,&quot;335551620&quot;:6,&quot;335559685&quot;:0,&quot;335559737&quot;:0,&quot;335559738&quot;:0,&quot;335559739&quot;:160,&quot;335559740&quot;:360}\">\u00a0<\/span><\/p>\n<p><span data-contrast=\"auto\">Conforme an\u00e1lise dos documentos e manifesta\u00e7\u00f5es apresentadas no processo, as argui\u00e7\u00f5es de irregularidades da empresa representante n\u00e3o possuem respaldo, de modo que as exig\u00eancias feitas no Edital de Preg\u00e3o promovido pelo IAT podem ser feitas, inclusive em fase de contrata\u00e7\u00e3o, por se tratar de objeto licitado dotado de complexidade e especificidade, pois almejam assegurar a qualidade e efici\u00eancia dos servi\u00e7os.<\/span><span data-ccp-props=\"{&quot;134233117&quot;:false,&quot;134233118&quot;:false,&quot;201341983&quot;:0,&quot;335551550&quot;:6,&quot;335551620&quot;:6,&quot;335559685&quot;:0,&quot;335559737&quot;:0,&quot;335559738&quot;:0,&quot;335559739&quot;:160,&quot;335559740&quot;:360}\">\u00a0<\/span><\/p>\n<p><span style=\"color: #820007;\"><strong><u>Informa\u00e7\u00e3o para consulta processual<\/u><\/strong><\/span><\/p>\n<table style=\"height: 123px;\" border=\"0\" width=\"469\" cellspacing=\"0\" cellpadding=\"0\">\n<tbody>\n<tr>\n<td><strong>Processo n\u00ba<\/strong>:<\/td>\n<td>672675\/20<\/td>\n<\/tr>\n<tr>\n<td><strong>Ac\u00f3rd\u00e3o n\u00ba<\/strong>:<\/td>\n<td><span class=\"NormalTextRun SCXW188288879 BCX0\">Ac\u00f3rd\u00e3o n\u00b0<\/span> 2105<span class=\"NormalTextRun SCXW188288879 BCX0\">\/23 &#8211; Tribunal Pleno<\/span><\/td>\n<\/tr>\n<tr>\n<td><strong>Assunto<\/strong>:<\/td>\n<td>Representa\u00e7\u00e3o<\/td>\n<\/tr>\n<tr>\n<td><strong>Entidade<\/strong>:<\/td>\n<td>Instituto \u00c1gua e Terra (IAT)<\/td>\n<\/tr>\n<tr>\n<td><strong>Relator<\/strong>:<\/td>\n<td><span class=\"TextRun SCXW210390752 BCX0\" lang=\"PT-PT\" xml:lang=\"PT-PT\" data-contrast=\"auto\"><span class=\"NormalTextRun SCXW210390752 BCX0\">Conselheiro Maur\u00edcio Requi\u00e3o de Mello e Silva<\/span><\/span><\/td>\n<\/tr>\n<\/tbody>\n<\/table>\n","protected":false},"excerpt":{"rendered":"<p>\u00c9 razo\u00e1vel a exig\u00eancia de certificado de registro perante o Conselho Regional de Engenharia e Agronomia (CREA), bem como a especifica\u00e7\u00e3o da equipe t\u00e9cnica para o projeto de capacita\u00e7\u00e3o cumulativa, nos casos de evidente complexidade e especificidade do objeto licitado. Este \u00e9 o entendimento dos membros do Tribunal de Contas do Estado (TCE-PR) quando do [&hellip;]<\/p>\n","protected":false},"author":1,"featured_media":16644,"comment_status":"open","ping_status":"open","sticky":false,"template":"","format":"standard","meta":{"_monsterinsights_skip_tracking":false,"_monsterinsights_sitenote_active":false,"_monsterinsights_sitenote_note":"","_monsterinsights_sitenote_category":0,"footnotes":""},"categories":[7],"tags":[472,471,13,465,49,39,71],"class_list":["post-16640","post","type-post","status-publish","format-standard","has-post-thumbnail","hentry","category-todas-as-noticias","tag-crea","tag-iat","tag-mpc-pr","tag-pregao-eletronico","tag-representacao","tag-tce-pr","tag-tribunal-pleno","entry","has-media"],"yoast_head":"<!-- This site is optimized with the Yoast SEO plugin v27.3 - https:\/\/yoast.com\/product\/yoast-seo-wordpress\/ -->\n<title>Exig\u00eancia de registro perante o \u00f3rg\u00e3o de classe \u00e9 permitida em casos de evidente complexidade do objeto licitado - Minist\u00e9rio P\u00fablico de Contas do Estado do Paran\u00e1<\/title>\n<meta name=\"robots\" content=\"index, follow, max-snippet:-1, max-image-preview:large, max-video-preview:-1\" \/>\n<link rel=\"canonical\" href=\"https:\/\/www.mpc.pr.gov.br\/index.php\/exigencia-de-registro-perante-o-orgao-de-classe-e-permitida-em-casos-de-evidente-complexidade-do-objeto-licitado\/\" \/>\n<meta property=\"og:locale\" content=\"pt_BR\" \/>\n<meta property=\"og:type\" content=\"article\" \/>\n<meta property=\"og:title\" content=\"Exig\u00eancia de registro perante o \u00f3rg\u00e3o de classe \u00e9 permitida em casos de evidente complexidade do objeto licitado - Minist\u00e9rio P\u00fablico de Contas do Estado do Paran\u00e1\" \/>\n<meta property=\"og:description\" content=\"\u00c9 razo\u00e1vel a exig\u00eancia de certificado de registro perante o Conselho Regional de Engenharia e Agronomia (CREA), bem como a especifica\u00e7\u00e3o da equipe t\u00e9cnica para o projeto de capacita\u00e7\u00e3o cumulativa, nos casos de evidente complexidade e especificidade do objeto licitado. Este \u00e9 o entendimento dos membros do Tribunal de Contas do Estado (TCE-PR) quando do [&hellip;]\" \/>\n<meta property=\"og:url\" content=\"https:\/\/www.mpc.pr.gov.br\/index.php\/exigencia-de-registro-perante-o-orgao-de-classe-e-permitida-em-casos-de-evidente-complexidade-do-objeto-licitado\/\" \/>\n<meta property=\"og:site_name\" content=\"Minist\u00e9rio P\u00fablico de Contas do Estado do Paran\u00e1\" \/>\n<meta property=\"article:publisher\" content=\"https:\/\/www.facebook.com\/mpc.pr\" \/>\n<meta property=\"article:published_time\" content=\"2023-10-20T16:56:38+00:00\" \/>\n<meta property=\"article:modified_time\" content=\"2023-11-07T13:10:55+00:00\" \/>\n<meta property=\"og:image\" content=\"https:\/\/www.mpc.pr.gov.br\/wp-content\/uploads\/2023\/10\/concurso-iat-pr_widelg.jpg\" \/>\n\t<meta property=\"og:image:width\" content=\"1200\" \/>\n\t<meta property=\"og:image:height\" content=\"675\" \/>\n\t<meta property=\"og:image:type\" content=\"image\/jpeg\" \/>\n<meta name=\"author\" content=\"mpcontaspr\" \/>\n<meta name=\"twitter:card\" content=\"summary_large_image\" \/>\n<meta name=\"twitter:label1\" content=\"Escrito por\" \/>\n\t<meta name=\"twitter:data1\" content=\"mpcontaspr\" \/>\n\t<meta name=\"twitter:label2\" content=\"Est. tempo de leitura\" \/>\n\t<meta name=\"twitter:data2\" content=\"5 minutos\" \/>\n<script type=\"application\/ld+json\" class=\"yoast-schema-graph\">{\"@context\":\"https:\\\/\\\/schema.org\",\"@graph\":[{\"@type\":\"Article\",\"@id\":\"https:\\\/\\\/www.mpc.pr.gov.br\\\/index.php\\\/exigencia-de-registro-perante-o-orgao-de-classe-e-permitida-em-casos-de-evidente-complexidade-do-objeto-licitado\\\/#article\",\"isPartOf\":{\"@id\":\"https:\\\/\\\/www.mpc.pr.gov.br\\\/index.php\\\/exigencia-de-registro-perante-o-orgao-de-classe-e-permitida-em-casos-de-evidente-complexidade-do-objeto-licitado\\\/\"},\"author\":{\"name\":\"mpcontaspr\",\"@id\":\"https:\\\/\\\/www.mpc.pr.gov.br\\\/#\\\/schema\\\/person\\\/2d83cb8980538d0ec174e8a6284f5e11\"},\"headline\":\"Exig\u00eancia de registro perante o \u00f3rg\u00e3o de classe \u00e9 permitida em casos de evidente complexidade do objeto licitado\",\"datePublished\":\"2023-10-20T16:56:38+00:00\",\"dateModified\":\"2023-11-07T13:10:55+00:00\",\"mainEntityOfPage\":{\"@id\":\"https:\\\/\\\/www.mpc.pr.gov.br\\\/index.php\\\/exigencia-de-registro-perante-o-orgao-de-classe-e-permitida-em-casos-de-evidente-complexidade-do-objeto-licitado\\\/\"},\"wordCount\":889,\"commentCount\":0,\"publisher\":{\"@id\":\"https:\\\/\\\/www.mpc.pr.gov.br\\\/#organization\"},\"image\":{\"@id\":\"https:\\\/\\\/www.mpc.pr.gov.br\\\/index.php\\\/exigencia-de-registro-perante-o-orgao-de-classe-e-permitida-em-casos-de-evidente-complexidade-do-objeto-licitado\\\/#primaryimage\"},\"thumbnailUrl\":\"https:\\\/\\\/www.mpc.pr.gov.br\\\/wp-content\\\/uploads\\\/2023\\\/10\\\/concurso-iat-pr_widelg.jpg\",\"keywords\":[\"CREA\",\"IAT\",\"MPC-PR\",\"Preg\u00e3o Eletr\u00f4nico\",\"Representa\u00e7\u00e3o\",\"TCE-PR\",\"Tribunal Pleno\"],\"articleSection\":[\"Todas as not\u00edcias\"],\"inLanguage\":\"pt-BR\",\"potentialAction\":[{\"@type\":\"CommentAction\",\"name\":\"Comment\",\"target\":[\"https:\\\/\\\/www.mpc.pr.gov.br\\\/index.php\\\/exigencia-de-registro-perante-o-orgao-de-classe-e-permitida-em-casos-de-evidente-complexidade-do-objeto-licitado\\\/#respond\"]}]},{\"@type\":\"WebPage\",\"@id\":\"https:\\\/\\\/www.mpc.pr.gov.br\\\/index.php\\\/exigencia-de-registro-perante-o-orgao-de-classe-e-permitida-em-casos-de-evidente-complexidade-do-objeto-licitado\\\/\",\"url\":\"https:\\\/\\\/www.mpc.pr.gov.br\\\/index.php\\\/exigencia-de-registro-perante-o-orgao-de-classe-e-permitida-em-casos-de-evidente-complexidade-do-objeto-licitado\\\/\",\"name\":\"Exig\u00eancia de registro perante o \u00f3rg\u00e3o de classe \u00e9 permitida em casos de evidente complexidade do objeto licitado - Minist\u00e9rio P\u00fablico de Contas do Estado do Paran\u00e1\",\"isPartOf\":{\"@id\":\"https:\\\/\\\/www.mpc.pr.gov.br\\\/#website\"},\"primaryImageOfPage\":{\"@id\":\"https:\\\/\\\/www.mpc.pr.gov.br\\\/index.php\\\/exigencia-de-registro-perante-o-orgao-de-classe-e-permitida-em-casos-de-evidente-complexidade-do-objeto-licitado\\\/#primaryimage\"},\"image\":{\"@id\":\"https:\\\/\\\/www.mpc.pr.gov.br\\\/index.php\\\/exigencia-de-registro-perante-o-orgao-de-classe-e-permitida-em-casos-de-evidente-complexidade-do-objeto-licitado\\\/#primaryimage\"},\"thumbnailUrl\":\"https:\\\/\\\/www.mpc.pr.gov.br\\\/wp-content\\\/uploads\\\/2023\\\/10\\\/concurso-iat-pr_widelg.jpg\",\"datePublished\":\"2023-10-20T16:56:38+00:00\",\"dateModified\":\"2023-11-07T13:10:55+00:00\",\"breadcrumb\":{\"@id\":\"https:\\\/\\\/www.mpc.pr.gov.br\\\/index.php\\\/exigencia-de-registro-perante-o-orgao-de-classe-e-permitida-em-casos-de-evidente-complexidade-do-objeto-licitado\\\/#breadcrumb\"},\"inLanguage\":\"pt-BR\",\"potentialAction\":[{\"@type\":\"ReadAction\",\"target\":[\"https:\\\/\\\/www.mpc.pr.gov.br\\\/index.php\\\/exigencia-de-registro-perante-o-orgao-de-classe-e-permitida-em-casos-de-evidente-complexidade-do-objeto-licitado\\\/\"]}]},{\"@type\":\"ImageObject\",\"inLanguage\":\"pt-BR\",\"@id\":\"https:\\\/\\\/www.mpc.pr.gov.br\\\/index.php\\\/exigencia-de-registro-perante-o-orgao-de-classe-e-permitida-em-casos-de-evidente-complexidade-do-objeto-licitado\\\/#primaryimage\",\"url\":\"https:\\\/\\\/www.mpc.pr.gov.br\\\/wp-content\\\/uploads\\\/2023\\\/10\\\/concurso-iat-pr_widelg.jpg\",\"contentUrl\":\"https:\\\/\\\/www.mpc.pr.gov.br\\\/wp-content\\\/uploads\\\/2023\\\/10\\\/concurso-iat-pr_widelg.jpg\",\"width\":1200,\"height\":675,\"caption\":\"Sede do Instituto \u00c1gua e Terra, antes conhecido com IAP. Foto: divulga\u00e7\u00e3o.\"},{\"@type\":\"BreadcrumbList\",\"@id\":\"https:\\\/\\\/www.mpc.pr.gov.br\\\/index.php\\\/exigencia-de-registro-perante-o-orgao-de-classe-e-permitida-em-casos-de-evidente-complexidade-do-objeto-licitado\\\/#breadcrumb\",\"itemListElement\":[{\"@type\":\"ListItem\",\"position\":1,\"name\":\"In\u00edcio\",\"item\":\"https:\\\/\\\/www.mpc.pr.gov.br\\\/\"},{\"@type\":\"ListItem\",\"position\":2,\"name\":\"Exig\u00eancia de registro perante o \u00f3rg\u00e3o de classe \u00e9 permitida em casos de evidente complexidade do objeto licitado\"}]},{\"@type\":\"WebSite\",\"@id\":\"https:\\\/\\\/www.mpc.pr.gov.br\\\/#website\",\"url\":\"https:\\\/\\\/www.mpc.pr.gov.br\\\/\",\"name\":\"Minist\u00e9rio P\u00fablico de Contas do Estado do Paran\u00e1\",\"description\":\"\",\"publisher\":{\"@id\":\"https:\\\/\\\/www.mpc.pr.gov.br\\\/#organization\"},\"potentialAction\":[{\"@type\":\"SearchAction\",\"target\":{\"@type\":\"EntryPoint\",\"urlTemplate\":\"https:\\\/\\\/www.mpc.pr.gov.br\\\/?s={search_term_string}\"},\"query-input\":{\"@type\":\"PropertyValueSpecification\",\"valueRequired\":true,\"valueName\":\"search_term_string\"}}],\"inLanguage\":\"pt-BR\"},{\"@type\":\"Organization\",\"@id\":\"https:\\\/\\\/www.mpc.pr.gov.br\\\/#organization\",\"name\":\"Minist\u00e9rio P\u00fablico de Contas do Estado do Paran\u00e1\",\"url\":\"https:\\\/\\\/www.mpc.pr.gov.br\\\/\",\"logo\":{\"@type\":\"ImageObject\",\"inLanguage\":\"pt-BR\",\"@id\":\"https:\\\/\\\/www.mpc.pr.gov.br\\\/#\\\/schema\\\/logo\\\/image\\\/\",\"url\":\"https:\\\/\\\/www.mpc.pr.gov.br\\\/wp-content\\\/uploads\\\/2020\\\/06\\\/99423647_1593460364143890_6706793420720963584_n-1-e1591387983167.png\",\"contentUrl\":\"https:\\\/\\\/www.mpc.pr.gov.br\\\/wp-content\\\/uploads\\\/2020\\\/06\\\/99423647_1593460364143890_6706793420720963584_n-1-e1591387983167.png\",\"width\":243,\"height\":73,\"caption\":\"Minist\u00e9rio P\u00fablico de Contas do Estado do Paran\u00e1\"},\"image\":{\"@id\":\"https:\\\/\\\/www.mpc.pr.gov.br\\\/#\\\/schema\\\/logo\\\/image\\\/\"},\"sameAs\":[\"https:\\\/\\\/www.facebook.com\\\/mpc.pr\",\"https:\\\/\\\/www.instagram.com\\\/mpc.pr\\\/?hl=pt-br\",\"https:\\\/\\\/www.youtube.com\\\/channel\\\/UCHri5oEM8DV0ztX57E0sBSw\"]},{\"@type\":\"Person\",\"@id\":\"https:\\\/\\\/www.mpc.pr.gov.br\\\/#\\\/schema\\\/person\\\/2d83cb8980538d0ec174e8a6284f5e11\",\"name\":\"mpcontaspr\",\"image\":{\"@type\":\"ImageObject\",\"inLanguage\":\"pt-BR\",\"@id\":\"https:\\\/\\\/secure.gravatar.com\\\/avatar\\\/1aef51541db7622e05fd639336c9c9f312c2a618396e2b6ca96846362fc5403f?s=96&d=mm&r=g\",\"url\":\"https:\\\/\\\/secure.gravatar.com\\\/avatar\\\/1aef51541db7622e05fd639336c9c9f312c2a618396e2b6ca96846362fc5403f?s=96&d=mm&r=g\",\"contentUrl\":\"https:\\\/\\\/secure.gravatar.com\\\/avatar\\\/1aef51541db7622e05fd639336c9c9f312c2a618396e2b6ca96846362fc5403f?s=96&d=mm&r=g\",\"caption\":\"mpcontaspr\"},\"sameAs\":[\"http:\\\/\\\/www.mpc.pr.gov.br\"]}]}<\/script>\n<!-- \/ Yoast SEO plugin. -->","yoast_head_json":{"title":"Exig\u00eancia de registro perante o \u00f3rg\u00e3o de classe \u00e9 permitida em casos de evidente complexidade do objeto licitado - Minist\u00e9rio P\u00fablico de Contas do Estado do Paran\u00e1","robots":{"index":"index","follow":"follow","max-snippet":"max-snippet:-1","max-image-preview":"max-image-preview:large","max-video-preview":"max-video-preview:-1"},"canonical":"https:\/\/www.mpc.pr.gov.br\/index.php\/exigencia-de-registro-perante-o-orgao-de-classe-e-permitida-em-casos-de-evidente-complexidade-do-objeto-licitado\/","og_locale":"pt_BR","og_type":"article","og_title":"Exig\u00eancia de registro perante o \u00f3rg\u00e3o de classe \u00e9 permitida em casos de evidente complexidade do objeto licitado - Minist\u00e9rio P\u00fablico de Contas do Estado do Paran\u00e1","og_description":"\u00c9 razo\u00e1vel a exig\u00eancia de certificado de registro perante o Conselho Regional de Engenharia e Agronomia (CREA), bem como a especifica\u00e7\u00e3o da equipe t\u00e9cnica para o projeto de capacita\u00e7\u00e3o cumulativa, nos casos de evidente complexidade e especificidade do objeto licitado. Este \u00e9 o entendimento dos membros do Tribunal de Contas do Estado (TCE-PR) quando do [&hellip;]","og_url":"https:\/\/www.mpc.pr.gov.br\/index.php\/exigencia-de-registro-perante-o-orgao-de-classe-e-permitida-em-casos-de-evidente-complexidade-do-objeto-licitado\/","og_site_name":"Minist\u00e9rio P\u00fablico de Contas do Estado do Paran\u00e1","article_publisher":"https:\/\/www.facebook.com\/mpc.pr","article_published_time":"2023-10-20T16:56:38+00:00","article_modified_time":"2023-11-07T13:10:55+00:00","og_image":[{"width":1200,"height":675,"url":"https:\/\/www.mpc.pr.gov.br\/wp-content\/uploads\/2023\/10\/concurso-iat-pr_widelg.jpg","type":"image\/jpeg"}],"author":"mpcontaspr","twitter_card":"summary_large_image","twitter_misc":{"Escrito por":"mpcontaspr","Est. tempo de leitura":"5 minutos"},"schema":{"@context":"https:\/\/schema.org","@graph":[{"@type":"Article","@id":"https:\/\/www.mpc.pr.gov.br\/index.php\/exigencia-de-registro-perante-o-orgao-de-classe-e-permitida-em-casos-de-evidente-complexidade-do-objeto-licitado\/#article","isPartOf":{"@id":"https:\/\/www.mpc.pr.gov.br\/index.php\/exigencia-de-registro-perante-o-orgao-de-classe-e-permitida-em-casos-de-evidente-complexidade-do-objeto-licitado\/"},"author":{"name":"mpcontaspr","@id":"https:\/\/www.mpc.pr.gov.br\/#\/schema\/person\/2d83cb8980538d0ec174e8a6284f5e11"},"headline":"Exig\u00eancia de registro perante o \u00f3rg\u00e3o de classe \u00e9 permitida em casos de evidente complexidade do objeto licitado","datePublished":"2023-10-20T16:56:38+00:00","dateModified":"2023-11-07T13:10:55+00:00","mainEntityOfPage":{"@id":"https:\/\/www.mpc.pr.gov.br\/index.php\/exigencia-de-registro-perante-o-orgao-de-classe-e-permitida-em-casos-de-evidente-complexidade-do-objeto-licitado\/"},"wordCount":889,"commentCount":0,"publisher":{"@id":"https:\/\/www.mpc.pr.gov.br\/#organization"},"image":{"@id":"https:\/\/www.mpc.pr.gov.br\/index.php\/exigencia-de-registro-perante-o-orgao-de-classe-e-permitida-em-casos-de-evidente-complexidade-do-objeto-licitado\/#primaryimage"},"thumbnailUrl":"https:\/\/www.mpc.pr.gov.br\/wp-content\/uploads\/2023\/10\/concurso-iat-pr_widelg.jpg","keywords":["CREA","IAT","MPC-PR","Preg\u00e3o Eletr\u00f4nico","Representa\u00e7\u00e3o","TCE-PR","Tribunal Pleno"],"articleSection":["Todas as not\u00edcias"],"inLanguage":"pt-BR","potentialAction":[{"@type":"CommentAction","name":"Comment","target":["https:\/\/www.mpc.pr.gov.br\/index.php\/exigencia-de-registro-perante-o-orgao-de-classe-e-permitida-em-casos-de-evidente-complexidade-do-objeto-licitado\/#respond"]}]},{"@type":"WebPage","@id":"https:\/\/www.mpc.pr.gov.br\/index.php\/exigencia-de-registro-perante-o-orgao-de-classe-e-permitida-em-casos-de-evidente-complexidade-do-objeto-licitado\/","url":"https:\/\/www.mpc.pr.gov.br\/index.php\/exigencia-de-registro-perante-o-orgao-de-classe-e-permitida-em-casos-de-evidente-complexidade-do-objeto-licitado\/","name":"Exig\u00eancia de registro perante o \u00f3rg\u00e3o de classe \u00e9 permitida em casos de evidente complexidade do objeto licitado - Minist\u00e9rio P\u00fablico de Contas do Estado do Paran\u00e1","isPartOf":{"@id":"https:\/\/www.mpc.pr.gov.br\/#website"},"primaryImageOfPage":{"@id":"https:\/\/www.mpc.pr.gov.br\/index.php\/exigencia-de-registro-perante-o-orgao-de-classe-e-permitida-em-casos-de-evidente-complexidade-do-objeto-licitado\/#primaryimage"},"image":{"@id":"https:\/\/www.mpc.pr.gov.br\/index.php\/exigencia-de-registro-perante-o-orgao-de-classe-e-permitida-em-casos-de-evidente-complexidade-do-objeto-licitado\/#primaryimage"},"thumbnailUrl":"https:\/\/www.mpc.pr.gov.br\/wp-content\/uploads\/2023\/10\/concurso-iat-pr_widelg.jpg","datePublished":"2023-10-20T16:56:38+00:00","dateModified":"2023-11-07T13:10:55+00:00","breadcrumb":{"@id":"https:\/\/www.mpc.pr.gov.br\/index.php\/exigencia-de-registro-perante-o-orgao-de-classe-e-permitida-em-casos-de-evidente-complexidade-do-objeto-licitado\/#breadcrumb"},"inLanguage":"pt-BR","potentialAction":[{"@type":"ReadAction","target":["https:\/\/www.mpc.pr.gov.br\/index.php\/exigencia-de-registro-perante-o-orgao-de-classe-e-permitida-em-casos-de-evidente-complexidade-do-objeto-licitado\/"]}]},{"@type":"ImageObject","inLanguage":"pt-BR","@id":"https:\/\/www.mpc.pr.gov.br\/index.php\/exigencia-de-registro-perante-o-orgao-de-classe-e-permitida-em-casos-de-evidente-complexidade-do-objeto-licitado\/#primaryimage","url":"https:\/\/www.mpc.pr.gov.br\/wp-content\/uploads\/2023\/10\/concurso-iat-pr_widelg.jpg","contentUrl":"https:\/\/www.mpc.pr.gov.br\/wp-content\/uploads\/2023\/10\/concurso-iat-pr_widelg.jpg","width":1200,"height":675,"caption":"Sede do Instituto \u00c1gua e Terra, antes conhecido com IAP. Foto: divulga\u00e7\u00e3o."},{"@type":"BreadcrumbList","@id":"https:\/\/www.mpc.pr.gov.br\/index.php\/exigencia-de-registro-perante-o-orgao-de-classe-e-permitida-em-casos-de-evidente-complexidade-do-objeto-licitado\/#breadcrumb","itemListElement":[{"@type":"ListItem","position":1,"name":"In\u00edcio","item":"https:\/\/www.mpc.pr.gov.br\/"},{"@type":"ListItem","position":2,"name":"Exig\u00eancia de registro perante o \u00f3rg\u00e3o de classe \u00e9 permitida em casos de evidente complexidade do objeto licitado"}]},{"@type":"WebSite","@id":"https:\/\/www.mpc.pr.gov.br\/#website","url":"https:\/\/www.mpc.pr.gov.br\/","name":"Minist\u00e9rio P\u00fablico de Contas do Estado do Paran\u00e1","description":"","publisher":{"@id":"https:\/\/www.mpc.pr.gov.br\/#organization"},"potentialAction":[{"@type":"SearchAction","target":{"@type":"EntryPoint","urlTemplate":"https:\/\/www.mpc.pr.gov.br\/?s={search_term_string}"},"query-input":{"@type":"PropertyValueSpecification","valueRequired":true,"valueName":"search_term_string"}}],"inLanguage":"pt-BR"},{"@type":"Organization","@id":"https:\/\/www.mpc.pr.gov.br\/#organization","name":"Minist\u00e9rio P\u00fablico de Contas do Estado do Paran\u00e1","url":"https:\/\/www.mpc.pr.gov.br\/","logo":{"@type":"ImageObject","inLanguage":"pt-BR","@id":"https:\/\/www.mpc.pr.gov.br\/#\/schema\/logo\/image\/","url":"https:\/\/www.mpc.pr.gov.br\/wp-content\/uploads\/2020\/06\/99423647_1593460364143890_6706793420720963584_n-1-e1591387983167.png","contentUrl":"https:\/\/www.mpc.pr.gov.br\/wp-content\/uploads\/2020\/06\/99423647_1593460364143890_6706793420720963584_n-1-e1591387983167.png","width":243,"height":73,"caption":"Minist\u00e9rio P\u00fablico de Contas do Estado do Paran\u00e1"},"image":{"@id":"https:\/\/www.mpc.pr.gov.br\/#\/schema\/logo\/image\/"},"sameAs":["https:\/\/www.facebook.com\/mpc.pr","https:\/\/www.instagram.com\/mpc.pr\/?hl=pt-br","https:\/\/www.youtube.com\/channel\/UCHri5oEM8DV0ztX57E0sBSw"]},{"@type":"Person","@id":"https:\/\/www.mpc.pr.gov.br\/#\/schema\/person\/2d83cb8980538d0ec174e8a6284f5e11","name":"mpcontaspr","image":{"@type":"ImageObject","inLanguage":"pt-BR","@id":"https:\/\/secure.gravatar.com\/avatar\/1aef51541db7622e05fd639336c9c9f312c2a618396e2b6ca96846362fc5403f?s=96&d=mm&r=g","url":"https:\/\/secure.gravatar.com\/avatar\/1aef51541db7622e05fd639336c9c9f312c2a618396e2b6ca96846362fc5403f?s=96&d=mm&r=g","contentUrl":"https:\/\/secure.gravatar.com\/avatar\/1aef51541db7622e05fd639336c9c9f312c2a618396e2b6ca96846362fc5403f?s=96&d=mm&r=g","caption":"mpcontaspr"},"sameAs":["http:\/\/www.mpc.pr.gov.br"]}]}},"rttpg_featured_image_url":{"full":["https:\/\/www.mpc.pr.gov.br\/wp-content\/uploads\/2023\/10\/concurso-iat-pr_widelg.jpg",1200,675,false],"landscape":["https:\/\/www.mpc.pr.gov.br\/wp-content\/uploads\/2023\/10\/concurso-iat-pr_widelg.jpg",1200,675,false],"portraits":["https:\/\/www.mpc.pr.gov.br\/wp-content\/uploads\/2023\/10\/concurso-iat-pr_widelg.jpg",1200,675,false],"thumbnail":["https:\/\/www.mpc.pr.gov.br\/wp-content\/uploads\/2023\/10\/concurso-iat-pr_widelg-150x150.jpg",150,150,true],"medium":["https:\/\/www.mpc.pr.gov.br\/wp-content\/uploads\/2023\/10\/concurso-iat-pr_widelg-300x169.jpg",300,169,true],"large":["https:\/\/www.mpc.pr.gov.br\/wp-content\/uploads\/2023\/10\/concurso-iat-pr_widelg-1024x576.jpg",1024,576,true],"1536x1536":["https:\/\/www.mpc.pr.gov.br\/wp-content\/uploads\/2023\/10\/concurso-iat-pr_widelg.jpg",1200,675,false],"2048x2048":["https:\/\/www.mpc.pr.gov.br\/wp-content\/uploads\/2023\/10\/concurso-iat-pr_widelg.jpg",1200,675,false],"ocean-thumb-m":["https:\/\/www.mpc.pr.gov.br\/wp-content\/uploads\/2023\/10\/concurso-iat-pr_widelg-600x600.jpg",600,600,true],"ocean-thumb-ml":["https:\/\/www.mpc.pr.gov.br\/wp-content\/uploads\/2023\/10\/concurso-iat-pr_widelg-800x450.jpg",800,450,true],"ocean-thumb-l":["https:\/\/www.mpc.pr.gov.br\/wp-content\/uploads\/2023\/10\/concurso-iat-pr_widelg.jpg",1200,675,false]},"rttpg_author":{"display_name":"mpcontaspr","author_link":"https:\/\/www.mpc.pr.gov.br\/index.php\/author\/mpcontaspr\/"},"rttpg_comment":0,"rttpg_category":"<a href=\"https:\/\/www.mpc.pr.gov.br\/index.php\/category\/todas-as-noticias\/\" rel=\"category tag\">Todas as not\u00edcias<\/a>","rttpg_excerpt":"\u00c9 razo\u00e1vel a exig\u00eancia de certificado de registro perante o Conselho Regional de Engenharia e Agronomia (CREA), bem como a especifica\u00e7\u00e3o da equipe t\u00e9cnica para o projeto de capacita\u00e7\u00e3o cumulativa, nos casos de evidente complexidade e especificidade do objeto licitado. Este \u00e9 o entendimento dos membros do Tribunal de Contas do Estado (TCE-PR) quando do&hellip;","_links":{"self":[{"href":"https:\/\/www.mpc.pr.gov.br\/index.php\/wp-json\/wp\/v2\/posts\/16640","targetHints":{"allow":["GET"]}}],"collection":[{"href":"https:\/\/www.mpc.pr.gov.br\/index.php\/wp-json\/wp\/v2\/posts"}],"about":[{"href":"https:\/\/www.mpc.pr.gov.br\/index.php\/wp-json\/wp\/v2\/types\/post"}],"author":[{"embeddable":true,"href":"https:\/\/www.mpc.pr.gov.br\/index.php\/wp-json\/wp\/v2\/users\/1"}],"replies":[{"embeddable":true,"href":"https:\/\/www.mpc.pr.gov.br\/index.php\/wp-json\/wp\/v2\/comments?post=16640"}],"version-history":[{"count":1,"href":"https:\/\/www.mpc.pr.gov.br\/index.php\/wp-json\/wp\/v2\/posts\/16640\/revisions"}],"predecessor-version":[{"id":16645,"href":"https:\/\/www.mpc.pr.gov.br\/index.php\/wp-json\/wp\/v2\/posts\/16640\/revisions\/16645"}],"wp:featuredmedia":[{"embeddable":true,"href":"https:\/\/www.mpc.pr.gov.br\/index.php\/wp-json\/wp\/v2\/media\/16644"}],"wp:attachment":[{"href":"https:\/\/www.mpc.pr.gov.br\/index.php\/wp-json\/wp\/v2\/media?parent=16640"}],"wp:term":[{"taxonomy":"category","embeddable":true,"href":"https:\/\/www.mpc.pr.gov.br\/index.php\/wp-json\/wp\/v2\/categories?post=16640"},{"taxonomy":"post_tag","embeddable":true,"href":"https:\/\/www.mpc.pr.gov.br\/index.php\/wp-json\/wp\/v2\/tags?post=16640"}],"curies":[{"name":"wp","href":"https:\/\/api.w.org\/{rel}","templated":true}]}}