{"id":16712,"date":"2023-10-31T10:53:08","date_gmt":"2023-10-31T13:53:08","guid":{"rendered":"https:\/\/www.mpc.pr.gov.br\/?p=16712"},"modified":"2023-11-21T10:18:18","modified_gmt":"2023-11-21T13:18:18","slug":"municipio-deve-respeitar-prazos-do-tce-pr-para-envio-de-dados-relativos-aos-processos-de-selecao-de-pessoal","status":"publish","type":"post","link":"https:\/\/www.mpc.pr.gov.br\/index.php\/municipio-deve-respeitar-prazos-do-tce-pr-para-envio-de-dados-relativos-aos-processos-de-selecao-de-pessoal\/","title":{"rendered":"Munic\u00edpio deve respeitar prazos do TCE-PR para envio de dados relativos aos processos de sele\u00e7\u00e3o de pessoal"},"content":{"rendered":"<p>&nbsp;<\/p>\n<figure id=\"attachment_16714\" aria-describedby=\"caption-attachment-16714\" style=\"width: 300px\" class=\"wp-caption alignleft\"><img fetchpriority=\"high\" decoding=\"async\" class=\"size-medium wp-image-16714\" src=\"https:\/\/www.mpc.pr.gov.br\/wp-content\/uploads\/2023\/10\/CARAMBEI-300x169.jpg\" alt=\"\" width=\"300\" height=\"169\" srcset=\"https:\/\/www.mpc.pr.gov.br\/wp-content\/uploads\/2023\/10\/CARAMBEI-300x169.jpg 300w, https:\/\/www.mpc.pr.gov.br\/wp-content\/uploads\/2023\/10\/CARAMBEI-768x432.jpg 768w, https:\/\/www.mpc.pr.gov.br\/wp-content\/uploads\/2023\/10\/CARAMBEI-800x450.jpg 800w, https:\/\/www.mpc.pr.gov.br\/wp-content\/uploads\/2023\/10\/CARAMBEI.jpg 880w\" sizes=\"(max-width: 300px) 100vw, 300px\" \/><figcaption id=\"caption-attachment-16714\" class=\"wp-caption-text\">Pa\u00e7o Municipal de Carambe\u00ed. Foto: divulga\u00e7\u00e3o.<\/figcaption><\/figure>\n<p><span data-contrast=\"auto\">O Tribunal de Contas do Estado (TCE-PR) aplicou a multa prevista no art. 87, inciso II, al\u00ednea \u201ca\u201d da Lei Complementar n\u00ba 113\/2005 ao servidor do <a href=\"http:\/\/www.carambei.pr.gov.br\/\">Munic\u00edpio de Carambe\u00ed<\/a> respons\u00e1vel pelo envio dos documentos ao Sistema Integrado de Atos de Pessoal (SIAP). A decis\u00e3o acompanhou a manifesta\u00e7\u00e3o do Minist\u00e9rio P\u00fablico de Contas do Paran\u00e1 (MPC-PR) que apontou o descumprimento da <a href=\"https:\/\/www.mpc.pr.gov.br\/wp-content\/uploads\/2023\/10\/Instrucao-Normativa-142-2018-TCE-PR.pdf\">Instru\u00e7\u00e3o Normativa n\u00b0 142\/2018<\/a>, tendo em vista o atraso no envio dos dados referentes a fase 4 do processo de sele\u00e7\u00e3o de pessoal para contrata\u00e7\u00e3o tempor\u00e1ria de Professor, regulamentado pelo Edital n\u00ba 003\/2017.<\/span><span data-ccp-props=\"{&quot;201341983&quot;:0,&quot;335551550&quot;:6,&quot;335551620&quot;:6,&quot;335559739&quot;:160,&quot;335559740&quot;:360}\">\u00a0<\/span><\/p>\n<p><span data-contrast=\"auto\">Por essa raz\u00e3o, o Conselheiro relator Augustinho Zucchi tamb\u00e9m determinou a expedi\u00e7\u00e3o de recomenda\u00e7\u00e3o ao Munic\u00edpio para que se atente aos prazos de envio das informa\u00e7\u00f5es e documentos referentes aos processos de sele\u00e7\u00e3o de pessoal, contidos na norma t\u00e9cnica do TCE-PR.\u00a0<\/span><span data-ccp-props=\"{&quot;201341983&quot;:0,&quot;335551550&quot;:6,&quot;335551620&quot;:6,&quot;335559739&quot;:160,&quot;335559740&quot;:360}\">\u00a0<\/span><\/p>\n<h4><b><span data-contrast=\"auto\">Instru\u00e7\u00e3o do processo<\/span><\/b><span data-ccp-props=\"{&quot;201341983&quot;:0,&quot;335551550&quot;:6,&quot;335551620&quot;:6,&quot;335559739&quot;:160,&quot;335559740&quot;:360}\">\u00a0<\/span><\/h4>\n<p><span data-contrast=\"auto\">Instada a se manifestar, a Coordenadoria de Acompanhamento de Atos de Gest\u00e3o (CAGE) observou que o encaminhamento do processo de admiss\u00e3o de pessoal deve ser feito em quatro etapas, a fim de possibilitar a an\u00e1lise concomitante do processo. No entanto, conforme verificado nos autos, o processo seletivo em an\u00e1lise j\u00e1 foi conclu\u00eddo, raz\u00e3o pela qual aplicou-se no caso em tela um escopo reduzido em rela\u00e7\u00e3o \u00e0s fases I, II e III, priorizando-se aspectos relativos \u00e0 nulidade e quest\u00f5es mais relevantes, nos termos do artigo 21 da <a href=\"https:\/\/www.mpc.pr.gov.br\/wp-content\/uploads\/2023\/10\/Instrucao-Normativa-142-2018-TCE-PR.pdf\">Instru\u00e7\u00e3o Normativa n\u00ba 142\/2018<\/a>.<\/span><span data-ccp-props=\"{&quot;201341983&quot;:0,&quot;335551550&quot;:6,&quot;335551620&quot;:6,&quot;335559739&quot;:160,&quot;335559740&quot;:360}\">\u00a0<\/span><\/p>\n<p><span data-contrast=\"auto\">Tendo em vista que no caso em apre\u00e7o os contratos j\u00e1 se encerraram e negar registro aos admitidos n\u00e3o teria efeitos pr\u00e1ticos, a unidade t\u00e9cnica manifestou-se conclusivamente pelo registro das contrata\u00e7\u00f5es, al\u00e9m do envio de recomenda\u00e7\u00e3o ao Munic\u00edpio para que em futuros processos de sele\u00e7\u00e3o de pessoal atente-se aos prazos de envio das informa\u00e7\u00f5es e documentos referentes aos processos de sele\u00e7\u00e3o de pessoal, contidos na Instru\u00e7\u00e3o Normativa n\u00ba 142\/2018.<\/span><span data-ccp-props=\"{&quot;134233117&quot;:false,&quot;134233118&quot;:false,&quot;201341983&quot;:0,&quot;335551550&quot;:6,&quot;335551620&quot;:6,&quot;335559685&quot;:0,&quot;335559737&quot;:0,&quot;335559738&quot;:0,&quot;335559739&quot;:160,&quot;335559740&quot;:360}\">\u00a0<\/span><\/p>\n<p><span data-contrast=\"auto\">Dando prosseguimento ao tr\u00e2mite dos autos, o Minist\u00e9rio P\u00fablico de Contas do Paran\u00e1 (MPC-PR) manifestou-se mediante o <a href=\"https:\/\/www.mpc.pr.gov.br\/wp-content\/uploads\/2023\/10\/Carambei-Parecer-Ministerial-959-23.pdf\">Parecer n\u00b0 959\/23<\/a>, por meio do qual acompanhou o entendimento da CAGE pelo registro da admiss\u00e3o de pessoal, com a expedi\u00e7\u00e3o de recomenda\u00e7\u00e3o. Por\u00e9m, adicionalmente, tamb\u00e9m sugeriu a aplica\u00e7\u00e3o da multa prevista ao respons\u00e1vel pelo envio dos dados ao SIAP, conforme previsto no art. 87, inciso II, \u201ca\u201d da Lei Complementar n\u00ba 113\/2005, em raz\u00e3o do atraso no envio dos dados e documentos referentes a fase 4 do processo de sele\u00e7\u00e3o de pessoal.<\/span><span data-ccp-props=\"{&quot;201341983&quot;:0,&quot;335551550&quot;:6,&quot;335551620&quot;:6,&quot;335559739&quot;:160,&quot;335559740&quot;:360}\">\u00a0<\/span><\/p>\n<h4><b><span data-contrast=\"auto\">Decis\u00e3o<\/span><\/b><span data-ccp-props=\"{&quot;201341983&quot;:0,&quot;335551550&quot;:6,&quot;335551620&quot;:6,&quot;335559739&quot;:160,&quot;335559740&quot;:360}\">\u00a0<\/span><\/h4>\n<p><span data-contrast=\"auto\">Em sede se julgamento, o Conselheiro relator Augustinho Zucchi considerou que, apesar das irregularidades apontadas, os contratos decorrentes da admiss\u00e3o em an\u00e1lise j\u00e1 expiraram, pois sua vig\u00eancia era de apenas tr\u00eas meses, sendo a negativa de registro uma medida descab\u00edvel. Assim, conforme decis\u00e3o expressa no <a href=\"https:\/\/www.mpc.pr.gov.br\/wp-content\/uploads\/2023\/10\/Carambei-Acordao-3037-23-S2C.pdf\">Ac\u00f3rd\u00e3o n\u00b0 3037\/23<\/a>, a Segunda C\u00e2mara acompanhou o voto do Relator pelo registro das admiss\u00f5es com envio de recomenda\u00e7\u00e3o ao Munic\u00edpio de Carambe\u00ed, al\u00e9m de aplica\u00e7\u00e3o de multa, conforme proposta pelo Minist\u00e9rio P\u00fablico de Contas.<\/span><span data-ccp-props=\"{&quot;201341983&quot;:0,&quot;335551550&quot;:6,&quot;335551620&quot;:6,&quot;335559739&quot;:160,&quot;335559740&quot;:360}\">\u00a0<\/span><\/p>\n<p><span style=\"color: #820007;\"><strong><u>Informa\u00e7\u00e3o para consulta processual<\/u><\/strong><\/span><\/p>\n<table style=\"height: 123px;\" border=\"0\" width=\"469\" cellspacing=\"0\" cellpadding=\"0\">\n<tbody>\n<tr>\n<td><strong>Processo n\u00ba<\/strong>:<\/td>\n<td>391351\/21<\/td>\n<\/tr>\n<tr>\n<td><strong>Ac\u00f3rd\u00e3o n\u00ba<\/strong>:<\/td>\n<td><span class=\"NormalTextRun SCXW188288879 BCX0\">Ac\u00f3rd\u00e3o n\u00b0<\/span> 3037\/23 &#8211; Segunda C\u00e2mara<\/td>\n<\/tr>\n<tr>\n<td><strong>Assunto<\/strong>:<\/td>\n<td>Admiss\u00e3o de Pessoal<\/td>\n<\/tr>\n<tr>\n<td><strong>Entidade<\/strong>:<\/td>\n<td>Munic\u00edpio de Carambe\u00ed<\/td>\n<\/tr>\n<tr>\n<td><strong>Relator<\/strong>:<\/td>\n<td><span class=\"TextRun SCXW210390752 BCX0\" lang=\"PT-PT\" xml:lang=\"PT-PT\" data-contrast=\"auto\"><span class=\"NormalTextRun SCXW210390752 BCX0\">Conselheiro <span data-contrast=\"auto\">Augustinho Zucchi<\/span><\/span><\/span><\/td>\n<\/tr>\n<\/tbody>\n<\/table>\n","protected":false},"excerpt":{"rendered":"<p>&nbsp; O Tribunal de Contas do Estado (TCE-PR) aplicou a multa prevista no art. 87, inciso II, al\u00ednea \u201ca\u201d da Lei Complementar n\u00ba 113\/2005 ao servidor do Munic\u00edpio de Carambe\u00ed respons\u00e1vel pelo envio dos documentos ao Sistema Integrado de Atos de Pessoal (SIAP). A decis\u00e3o acompanhou a manifesta\u00e7\u00e3o do Minist\u00e9rio P\u00fablico de Contas do Paran\u00e1 [&hellip;]<\/p>\n","protected":false},"author":1,"featured_media":16714,"comment_status":"open","ping_status":"open","sticky":false,"template":"","format":"standard","meta":{"_monsterinsights_skip_tracking":false,"_monsterinsights_sitenote_active":false,"_monsterinsights_sitenote_note":"","_monsterinsights_sitenote_category":0,"footnotes":""},"categories":[7],"tags":[223,479,13,88,480,39],"class_list":["post-16712","post","type-post","status-publish","format-standard","has-post-thumbnail","hentry","category-todas-as-noticias","tag-admissao-de-pessoal","tag-carambei","tag-mpc-pr","tag-segunda-camara","tag-siap","tag-tce-pr","entry","has-media"],"yoast_head":"<!-- This site is optimized with the Yoast SEO plugin v27.3 - https:\/\/yoast.com\/product\/yoast-seo-wordpress\/ -->\n<title>Munic\u00edpio deve respeitar prazos do TCE-PR para envio de dados relativos aos processos de sele\u00e7\u00e3o de pessoal - Minist\u00e9rio P\u00fablico de Contas do Estado do Paran\u00e1<\/title>\n<meta name=\"robots\" content=\"index, follow, max-snippet:-1, max-image-preview:large, max-video-preview:-1\" \/>\n<link rel=\"canonical\" href=\"https:\/\/www.mpc.pr.gov.br\/index.php\/municipio-deve-respeitar-prazos-do-tce-pr-para-envio-de-dados-relativos-aos-processos-de-selecao-de-pessoal\/\" \/>\n<meta property=\"og:locale\" content=\"pt_BR\" \/>\n<meta property=\"og:type\" content=\"article\" \/>\n<meta property=\"og:title\" content=\"Munic\u00edpio deve respeitar prazos do TCE-PR para envio de dados relativos aos processos de sele\u00e7\u00e3o de pessoal - Minist\u00e9rio P\u00fablico de Contas do Estado do Paran\u00e1\" \/>\n<meta property=\"og:description\" content=\"&nbsp; O Tribunal de Contas do Estado (TCE-PR) aplicou a multa prevista no art. 87, inciso II, al\u00ednea \u201ca\u201d da Lei Complementar n\u00ba 113\/2005 ao servidor do Munic\u00edpio de Carambe\u00ed respons\u00e1vel pelo envio dos documentos ao Sistema Integrado de Atos de Pessoal (SIAP). A decis\u00e3o acompanhou a manifesta\u00e7\u00e3o do Minist\u00e9rio P\u00fablico de Contas do Paran\u00e1 [&hellip;]\" \/>\n<meta property=\"og:url\" content=\"https:\/\/www.mpc.pr.gov.br\/index.php\/municipio-deve-respeitar-prazos-do-tce-pr-para-envio-de-dados-relativos-aos-processos-de-selecao-de-pessoal\/\" \/>\n<meta property=\"og:site_name\" content=\"Minist\u00e9rio P\u00fablico de Contas do Estado do Paran\u00e1\" \/>\n<meta property=\"article:publisher\" content=\"https:\/\/www.facebook.com\/mpc.pr\" \/>\n<meta property=\"article:published_time\" content=\"2023-10-31T13:53:08+00:00\" \/>\n<meta property=\"article:modified_time\" content=\"2023-11-21T13:18:18+00:00\" \/>\n<meta property=\"og:image\" content=\"https:\/\/www.mpc.pr.gov.br\/wp-content\/uploads\/2023\/10\/CARAMBEI.jpg\" \/>\n\t<meta property=\"og:image:width\" content=\"880\" \/>\n\t<meta property=\"og:image:height\" content=\"495\" \/>\n\t<meta property=\"og:image:type\" content=\"image\/jpeg\" \/>\n<meta name=\"author\" content=\"mpcontaspr\" \/>\n<meta name=\"twitter:card\" content=\"summary_large_image\" \/>\n<meta name=\"twitter:label1\" content=\"Escrito por\" \/>\n\t<meta name=\"twitter:data1\" content=\"mpcontaspr\" \/>\n\t<meta name=\"twitter:label2\" content=\"Est. tempo de leitura\" \/>\n\t<meta name=\"twitter:data2\" content=\"3 minutos\" \/>\n<script type=\"application\/ld+json\" class=\"yoast-schema-graph\">{\"@context\":\"https:\\\/\\\/schema.org\",\"@graph\":[{\"@type\":\"Article\",\"@id\":\"https:\\\/\\\/www.mpc.pr.gov.br\\\/index.php\\\/municipio-deve-respeitar-prazos-do-tce-pr-para-envio-de-dados-relativos-aos-processos-de-selecao-de-pessoal\\\/#article\",\"isPartOf\":{\"@id\":\"https:\\\/\\\/www.mpc.pr.gov.br\\\/index.php\\\/municipio-deve-respeitar-prazos-do-tce-pr-para-envio-de-dados-relativos-aos-processos-de-selecao-de-pessoal\\\/\"},\"author\":{\"name\":\"mpcontaspr\",\"@id\":\"https:\\\/\\\/www.mpc.pr.gov.br\\\/#\\\/schema\\\/person\\\/2d83cb8980538d0ec174e8a6284f5e11\"},\"headline\":\"Munic\u00edpio deve respeitar prazos do TCE-PR para envio de dados relativos aos processos de sele\u00e7\u00e3o de pessoal\",\"datePublished\":\"2023-10-31T13:53:08+00:00\",\"dateModified\":\"2023-11-21T13:18:18+00:00\",\"mainEntityOfPage\":{\"@id\":\"https:\\\/\\\/www.mpc.pr.gov.br\\\/index.php\\\/municipio-deve-respeitar-prazos-do-tce-pr-para-envio-de-dados-relativos-aos-processos-de-selecao-de-pessoal\\\/\"},\"wordCount\":591,\"commentCount\":0,\"publisher\":{\"@id\":\"https:\\\/\\\/www.mpc.pr.gov.br\\\/#organization\"},\"image\":{\"@id\":\"https:\\\/\\\/www.mpc.pr.gov.br\\\/index.php\\\/municipio-deve-respeitar-prazos-do-tce-pr-para-envio-de-dados-relativos-aos-processos-de-selecao-de-pessoal\\\/#primaryimage\"},\"thumbnailUrl\":\"https:\\\/\\\/www.mpc.pr.gov.br\\\/wp-content\\\/uploads\\\/2023\\\/10\\\/CARAMBEI.jpg\",\"keywords\":[\"Admiss\u00e3o de Pessoal\",\"Carambe\u00ed\",\"MPC-PR\",\"Segunda C\u00e2mara\",\"SIAP\",\"TCE-PR\"],\"articleSection\":[\"Todas as not\u00edcias\"],\"inLanguage\":\"pt-BR\",\"potentialAction\":[{\"@type\":\"CommentAction\",\"name\":\"Comment\",\"target\":[\"https:\\\/\\\/www.mpc.pr.gov.br\\\/index.php\\\/municipio-deve-respeitar-prazos-do-tce-pr-para-envio-de-dados-relativos-aos-processos-de-selecao-de-pessoal\\\/#respond\"]}]},{\"@type\":\"WebPage\",\"@id\":\"https:\\\/\\\/www.mpc.pr.gov.br\\\/index.php\\\/municipio-deve-respeitar-prazos-do-tce-pr-para-envio-de-dados-relativos-aos-processos-de-selecao-de-pessoal\\\/\",\"url\":\"https:\\\/\\\/www.mpc.pr.gov.br\\\/index.php\\\/municipio-deve-respeitar-prazos-do-tce-pr-para-envio-de-dados-relativos-aos-processos-de-selecao-de-pessoal\\\/\",\"name\":\"Munic\u00edpio deve respeitar prazos do TCE-PR para envio de dados relativos aos processos de sele\u00e7\u00e3o de pessoal - Minist\u00e9rio P\u00fablico de Contas do Estado do Paran\u00e1\",\"isPartOf\":{\"@id\":\"https:\\\/\\\/www.mpc.pr.gov.br\\\/#website\"},\"primaryImageOfPage\":{\"@id\":\"https:\\\/\\\/www.mpc.pr.gov.br\\\/index.php\\\/municipio-deve-respeitar-prazos-do-tce-pr-para-envio-de-dados-relativos-aos-processos-de-selecao-de-pessoal\\\/#primaryimage\"},\"image\":{\"@id\":\"https:\\\/\\\/www.mpc.pr.gov.br\\\/index.php\\\/municipio-deve-respeitar-prazos-do-tce-pr-para-envio-de-dados-relativos-aos-processos-de-selecao-de-pessoal\\\/#primaryimage\"},\"thumbnailUrl\":\"https:\\\/\\\/www.mpc.pr.gov.br\\\/wp-content\\\/uploads\\\/2023\\\/10\\\/CARAMBEI.jpg\",\"datePublished\":\"2023-10-31T13:53:08+00:00\",\"dateModified\":\"2023-11-21T13:18:18+00:00\",\"breadcrumb\":{\"@id\":\"https:\\\/\\\/www.mpc.pr.gov.br\\\/index.php\\\/municipio-deve-respeitar-prazos-do-tce-pr-para-envio-de-dados-relativos-aos-processos-de-selecao-de-pessoal\\\/#breadcrumb\"},\"inLanguage\":\"pt-BR\",\"potentialAction\":[{\"@type\":\"ReadAction\",\"target\":[\"https:\\\/\\\/www.mpc.pr.gov.br\\\/index.php\\\/municipio-deve-respeitar-prazos-do-tce-pr-para-envio-de-dados-relativos-aos-processos-de-selecao-de-pessoal\\\/\"]}]},{\"@type\":\"ImageObject\",\"inLanguage\":\"pt-BR\",\"@id\":\"https:\\\/\\\/www.mpc.pr.gov.br\\\/index.php\\\/municipio-deve-respeitar-prazos-do-tce-pr-para-envio-de-dados-relativos-aos-processos-de-selecao-de-pessoal\\\/#primaryimage\",\"url\":\"https:\\\/\\\/www.mpc.pr.gov.br\\\/wp-content\\\/uploads\\\/2023\\\/10\\\/CARAMBEI.jpg\",\"contentUrl\":\"https:\\\/\\\/www.mpc.pr.gov.br\\\/wp-content\\\/uploads\\\/2023\\\/10\\\/CARAMBEI.jpg\",\"width\":880,\"height\":495,\"caption\":\"Pa\u00e7o Municipal de Carambe\u00ed. Foto: divulga\u00e7\u00e3o.\"},{\"@type\":\"BreadcrumbList\",\"@id\":\"https:\\\/\\\/www.mpc.pr.gov.br\\\/index.php\\\/municipio-deve-respeitar-prazos-do-tce-pr-para-envio-de-dados-relativos-aos-processos-de-selecao-de-pessoal\\\/#breadcrumb\",\"itemListElement\":[{\"@type\":\"ListItem\",\"position\":1,\"name\":\"In\u00edcio\",\"item\":\"https:\\\/\\\/www.mpc.pr.gov.br\\\/\"},{\"@type\":\"ListItem\",\"position\":2,\"name\":\"Munic\u00edpio deve respeitar prazos do TCE-PR para envio de dados relativos aos processos de sele\u00e7\u00e3o de pessoal\"}]},{\"@type\":\"WebSite\",\"@id\":\"https:\\\/\\\/www.mpc.pr.gov.br\\\/#website\",\"url\":\"https:\\\/\\\/www.mpc.pr.gov.br\\\/\",\"name\":\"Minist\u00e9rio P\u00fablico de Contas do Estado do Paran\u00e1\",\"description\":\"\",\"publisher\":{\"@id\":\"https:\\\/\\\/www.mpc.pr.gov.br\\\/#organization\"},\"potentialAction\":[{\"@type\":\"SearchAction\",\"target\":{\"@type\":\"EntryPoint\",\"urlTemplate\":\"https:\\\/\\\/www.mpc.pr.gov.br\\\/?s={search_term_string}\"},\"query-input\":{\"@type\":\"PropertyValueSpecification\",\"valueRequired\":true,\"valueName\":\"search_term_string\"}}],\"inLanguage\":\"pt-BR\"},{\"@type\":\"Organization\",\"@id\":\"https:\\\/\\\/www.mpc.pr.gov.br\\\/#organization\",\"name\":\"Minist\u00e9rio P\u00fablico de Contas do Estado do Paran\u00e1\",\"url\":\"https:\\\/\\\/www.mpc.pr.gov.br\\\/\",\"logo\":{\"@type\":\"ImageObject\",\"inLanguage\":\"pt-BR\",\"@id\":\"https:\\\/\\\/www.mpc.pr.gov.br\\\/#\\\/schema\\\/logo\\\/image\\\/\",\"url\":\"https:\\\/\\\/www.mpc.pr.gov.br\\\/wp-content\\\/uploads\\\/2020\\\/06\\\/99423647_1593460364143890_6706793420720963584_n-1-e1591387983167.png\",\"contentUrl\":\"https:\\\/\\\/www.mpc.pr.gov.br\\\/wp-content\\\/uploads\\\/2020\\\/06\\\/99423647_1593460364143890_6706793420720963584_n-1-e1591387983167.png\",\"width\":243,\"height\":73,\"caption\":\"Minist\u00e9rio P\u00fablico de Contas do Estado do Paran\u00e1\"},\"image\":{\"@id\":\"https:\\\/\\\/www.mpc.pr.gov.br\\\/#\\\/schema\\\/logo\\\/image\\\/\"},\"sameAs\":[\"https:\\\/\\\/www.facebook.com\\\/mpc.pr\",\"https:\\\/\\\/www.instagram.com\\\/mpc.pr\\\/?hl=pt-br\",\"https:\\\/\\\/www.youtube.com\\\/channel\\\/UCHri5oEM8DV0ztX57E0sBSw\"]},{\"@type\":\"Person\",\"@id\":\"https:\\\/\\\/www.mpc.pr.gov.br\\\/#\\\/schema\\\/person\\\/2d83cb8980538d0ec174e8a6284f5e11\",\"name\":\"mpcontaspr\",\"image\":{\"@type\":\"ImageObject\",\"inLanguage\":\"pt-BR\",\"@id\":\"https:\\\/\\\/secure.gravatar.com\\\/avatar\\\/1aef51541db7622e05fd639336c9c9f312c2a618396e2b6ca96846362fc5403f?s=96&d=mm&r=g\",\"url\":\"https:\\\/\\\/secure.gravatar.com\\\/avatar\\\/1aef51541db7622e05fd639336c9c9f312c2a618396e2b6ca96846362fc5403f?s=96&d=mm&r=g\",\"contentUrl\":\"https:\\\/\\\/secure.gravatar.com\\\/avatar\\\/1aef51541db7622e05fd639336c9c9f312c2a618396e2b6ca96846362fc5403f?s=96&d=mm&r=g\",\"caption\":\"mpcontaspr\"},\"sameAs\":[\"http:\\\/\\\/www.mpc.pr.gov.br\"]}]}<\/script>\n<!-- \/ Yoast SEO plugin. -->","yoast_head_json":{"title":"Munic\u00edpio deve respeitar prazos do TCE-PR para envio de dados relativos aos processos de sele\u00e7\u00e3o de pessoal - Minist\u00e9rio P\u00fablico de Contas do Estado do Paran\u00e1","robots":{"index":"index","follow":"follow","max-snippet":"max-snippet:-1","max-image-preview":"max-image-preview:large","max-video-preview":"max-video-preview:-1"},"canonical":"https:\/\/www.mpc.pr.gov.br\/index.php\/municipio-deve-respeitar-prazos-do-tce-pr-para-envio-de-dados-relativos-aos-processos-de-selecao-de-pessoal\/","og_locale":"pt_BR","og_type":"article","og_title":"Munic\u00edpio deve respeitar prazos do TCE-PR para envio de dados relativos aos processos de sele\u00e7\u00e3o de pessoal - Minist\u00e9rio P\u00fablico de Contas do Estado do Paran\u00e1","og_description":"&nbsp; O Tribunal de Contas do Estado (TCE-PR) aplicou a multa prevista no art. 87, inciso II, al\u00ednea \u201ca\u201d da Lei Complementar n\u00ba 113\/2005 ao servidor do Munic\u00edpio de Carambe\u00ed respons\u00e1vel pelo envio dos documentos ao Sistema Integrado de Atos de Pessoal (SIAP). A decis\u00e3o acompanhou a manifesta\u00e7\u00e3o do Minist\u00e9rio P\u00fablico de Contas do Paran\u00e1 [&hellip;]","og_url":"https:\/\/www.mpc.pr.gov.br\/index.php\/municipio-deve-respeitar-prazos-do-tce-pr-para-envio-de-dados-relativos-aos-processos-de-selecao-de-pessoal\/","og_site_name":"Minist\u00e9rio P\u00fablico de Contas do Estado do Paran\u00e1","article_publisher":"https:\/\/www.facebook.com\/mpc.pr","article_published_time":"2023-10-31T13:53:08+00:00","article_modified_time":"2023-11-21T13:18:18+00:00","og_image":[{"width":880,"height":495,"url":"https:\/\/www.mpc.pr.gov.br\/wp-content\/uploads\/2023\/10\/CARAMBEI.jpg","type":"image\/jpeg"}],"author":"mpcontaspr","twitter_card":"summary_large_image","twitter_misc":{"Escrito por":"mpcontaspr","Est. tempo de leitura":"3 minutos"},"schema":{"@context":"https:\/\/schema.org","@graph":[{"@type":"Article","@id":"https:\/\/www.mpc.pr.gov.br\/index.php\/municipio-deve-respeitar-prazos-do-tce-pr-para-envio-de-dados-relativos-aos-processos-de-selecao-de-pessoal\/#article","isPartOf":{"@id":"https:\/\/www.mpc.pr.gov.br\/index.php\/municipio-deve-respeitar-prazos-do-tce-pr-para-envio-de-dados-relativos-aos-processos-de-selecao-de-pessoal\/"},"author":{"name":"mpcontaspr","@id":"https:\/\/www.mpc.pr.gov.br\/#\/schema\/person\/2d83cb8980538d0ec174e8a6284f5e11"},"headline":"Munic\u00edpio deve respeitar prazos do TCE-PR para envio de dados relativos aos processos de sele\u00e7\u00e3o de pessoal","datePublished":"2023-10-31T13:53:08+00:00","dateModified":"2023-11-21T13:18:18+00:00","mainEntityOfPage":{"@id":"https:\/\/www.mpc.pr.gov.br\/index.php\/municipio-deve-respeitar-prazos-do-tce-pr-para-envio-de-dados-relativos-aos-processos-de-selecao-de-pessoal\/"},"wordCount":591,"commentCount":0,"publisher":{"@id":"https:\/\/www.mpc.pr.gov.br\/#organization"},"image":{"@id":"https:\/\/www.mpc.pr.gov.br\/index.php\/municipio-deve-respeitar-prazos-do-tce-pr-para-envio-de-dados-relativos-aos-processos-de-selecao-de-pessoal\/#primaryimage"},"thumbnailUrl":"https:\/\/www.mpc.pr.gov.br\/wp-content\/uploads\/2023\/10\/CARAMBEI.jpg","keywords":["Admiss\u00e3o de Pessoal","Carambe\u00ed","MPC-PR","Segunda C\u00e2mara","SIAP","TCE-PR"],"articleSection":["Todas as not\u00edcias"],"inLanguage":"pt-BR","potentialAction":[{"@type":"CommentAction","name":"Comment","target":["https:\/\/www.mpc.pr.gov.br\/index.php\/municipio-deve-respeitar-prazos-do-tce-pr-para-envio-de-dados-relativos-aos-processos-de-selecao-de-pessoal\/#respond"]}]},{"@type":"WebPage","@id":"https:\/\/www.mpc.pr.gov.br\/index.php\/municipio-deve-respeitar-prazos-do-tce-pr-para-envio-de-dados-relativos-aos-processos-de-selecao-de-pessoal\/","url":"https:\/\/www.mpc.pr.gov.br\/index.php\/municipio-deve-respeitar-prazos-do-tce-pr-para-envio-de-dados-relativos-aos-processos-de-selecao-de-pessoal\/","name":"Munic\u00edpio deve respeitar prazos do TCE-PR para envio de dados relativos aos processos de sele\u00e7\u00e3o de pessoal - Minist\u00e9rio P\u00fablico de Contas do Estado do Paran\u00e1","isPartOf":{"@id":"https:\/\/www.mpc.pr.gov.br\/#website"},"primaryImageOfPage":{"@id":"https:\/\/www.mpc.pr.gov.br\/index.php\/municipio-deve-respeitar-prazos-do-tce-pr-para-envio-de-dados-relativos-aos-processos-de-selecao-de-pessoal\/#primaryimage"},"image":{"@id":"https:\/\/www.mpc.pr.gov.br\/index.php\/municipio-deve-respeitar-prazos-do-tce-pr-para-envio-de-dados-relativos-aos-processos-de-selecao-de-pessoal\/#primaryimage"},"thumbnailUrl":"https:\/\/www.mpc.pr.gov.br\/wp-content\/uploads\/2023\/10\/CARAMBEI.jpg","datePublished":"2023-10-31T13:53:08+00:00","dateModified":"2023-11-21T13:18:18+00:00","breadcrumb":{"@id":"https:\/\/www.mpc.pr.gov.br\/index.php\/municipio-deve-respeitar-prazos-do-tce-pr-para-envio-de-dados-relativos-aos-processos-de-selecao-de-pessoal\/#breadcrumb"},"inLanguage":"pt-BR","potentialAction":[{"@type":"ReadAction","target":["https:\/\/www.mpc.pr.gov.br\/index.php\/municipio-deve-respeitar-prazos-do-tce-pr-para-envio-de-dados-relativos-aos-processos-de-selecao-de-pessoal\/"]}]},{"@type":"ImageObject","inLanguage":"pt-BR","@id":"https:\/\/www.mpc.pr.gov.br\/index.php\/municipio-deve-respeitar-prazos-do-tce-pr-para-envio-de-dados-relativos-aos-processos-de-selecao-de-pessoal\/#primaryimage","url":"https:\/\/www.mpc.pr.gov.br\/wp-content\/uploads\/2023\/10\/CARAMBEI.jpg","contentUrl":"https:\/\/www.mpc.pr.gov.br\/wp-content\/uploads\/2023\/10\/CARAMBEI.jpg","width":880,"height":495,"caption":"Pa\u00e7o Municipal de Carambe\u00ed. Foto: divulga\u00e7\u00e3o."},{"@type":"BreadcrumbList","@id":"https:\/\/www.mpc.pr.gov.br\/index.php\/municipio-deve-respeitar-prazos-do-tce-pr-para-envio-de-dados-relativos-aos-processos-de-selecao-de-pessoal\/#breadcrumb","itemListElement":[{"@type":"ListItem","position":1,"name":"In\u00edcio","item":"https:\/\/www.mpc.pr.gov.br\/"},{"@type":"ListItem","position":2,"name":"Munic\u00edpio deve respeitar prazos do TCE-PR para envio de dados relativos aos processos de sele\u00e7\u00e3o de pessoal"}]},{"@type":"WebSite","@id":"https:\/\/www.mpc.pr.gov.br\/#website","url":"https:\/\/www.mpc.pr.gov.br\/","name":"Minist\u00e9rio P\u00fablico de Contas do Estado do Paran\u00e1","description":"","publisher":{"@id":"https:\/\/www.mpc.pr.gov.br\/#organization"},"potentialAction":[{"@type":"SearchAction","target":{"@type":"EntryPoint","urlTemplate":"https:\/\/www.mpc.pr.gov.br\/?s={search_term_string}"},"query-input":{"@type":"PropertyValueSpecification","valueRequired":true,"valueName":"search_term_string"}}],"inLanguage":"pt-BR"},{"@type":"Organization","@id":"https:\/\/www.mpc.pr.gov.br\/#organization","name":"Minist\u00e9rio P\u00fablico de Contas do Estado do Paran\u00e1","url":"https:\/\/www.mpc.pr.gov.br\/","logo":{"@type":"ImageObject","inLanguage":"pt-BR","@id":"https:\/\/www.mpc.pr.gov.br\/#\/schema\/logo\/image\/","url":"https:\/\/www.mpc.pr.gov.br\/wp-content\/uploads\/2020\/06\/99423647_1593460364143890_6706793420720963584_n-1-e1591387983167.png","contentUrl":"https:\/\/www.mpc.pr.gov.br\/wp-content\/uploads\/2020\/06\/99423647_1593460364143890_6706793420720963584_n-1-e1591387983167.png","width":243,"height":73,"caption":"Minist\u00e9rio P\u00fablico de Contas do Estado do Paran\u00e1"},"image":{"@id":"https:\/\/www.mpc.pr.gov.br\/#\/schema\/logo\/image\/"},"sameAs":["https:\/\/www.facebook.com\/mpc.pr","https:\/\/www.instagram.com\/mpc.pr\/?hl=pt-br","https:\/\/www.youtube.com\/channel\/UCHri5oEM8DV0ztX57E0sBSw"]},{"@type":"Person","@id":"https:\/\/www.mpc.pr.gov.br\/#\/schema\/person\/2d83cb8980538d0ec174e8a6284f5e11","name":"mpcontaspr","image":{"@type":"ImageObject","inLanguage":"pt-BR","@id":"https:\/\/secure.gravatar.com\/avatar\/1aef51541db7622e05fd639336c9c9f312c2a618396e2b6ca96846362fc5403f?s=96&d=mm&r=g","url":"https:\/\/secure.gravatar.com\/avatar\/1aef51541db7622e05fd639336c9c9f312c2a618396e2b6ca96846362fc5403f?s=96&d=mm&r=g","contentUrl":"https:\/\/secure.gravatar.com\/avatar\/1aef51541db7622e05fd639336c9c9f312c2a618396e2b6ca96846362fc5403f?s=96&d=mm&r=g","caption":"mpcontaspr"},"sameAs":["http:\/\/www.mpc.pr.gov.br"]}]}},"rttpg_featured_image_url":{"full":["https:\/\/www.mpc.pr.gov.br\/wp-content\/uploads\/2023\/10\/CARAMBEI.jpg",880,495,false],"landscape":["https:\/\/www.mpc.pr.gov.br\/wp-content\/uploads\/2023\/10\/CARAMBEI.jpg",880,495,false],"portraits":["https:\/\/www.mpc.pr.gov.br\/wp-content\/uploads\/2023\/10\/CARAMBEI.jpg",880,495,false],"thumbnail":["https:\/\/www.mpc.pr.gov.br\/wp-content\/uploads\/2023\/10\/CARAMBEI-150x150.jpg",150,150,true],"medium":["https:\/\/www.mpc.pr.gov.br\/wp-content\/uploads\/2023\/10\/CARAMBEI-300x169.jpg",300,169,true],"large":["https:\/\/www.mpc.pr.gov.br\/wp-content\/uploads\/2023\/10\/CARAMBEI.jpg",880,495,false],"1536x1536":["https:\/\/www.mpc.pr.gov.br\/wp-content\/uploads\/2023\/10\/CARAMBEI.jpg",880,495,false],"2048x2048":["https:\/\/www.mpc.pr.gov.br\/wp-content\/uploads\/2023\/10\/CARAMBEI.jpg",880,495,false],"ocean-thumb-m":["https:\/\/www.mpc.pr.gov.br\/wp-content\/uploads\/2023\/10\/CARAMBEI-600x495.jpg",600,495,true],"ocean-thumb-ml":["https:\/\/www.mpc.pr.gov.br\/wp-content\/uploads\/2023\/10\/CARAMBEI-800x450.jpg",800,450,true],"ocean-thumb-l":["https:\/\/www.mpc.pr.gov.br\/wp-content\/uploads\/2023\/10\/CARAMBEI.jpg",880,495,false]},"rttpg_author":{"display_name":"mpcontaspr","author_link":"https:\/\/www.mpc.pr.gov.br\/index.php\/author\/mpcontaspr\/"},"rttpg_comment":1,"rttpg_category":"<a href=\"https:\/\/www.mpc.pr.gov.br\/index.php\/category\/todas-as-noticias\/\" rel=\"category tag\">Todas as not\u00edcias<\/a>","rttpg_excerpt":"&nbsp; O Tribunal de Contas do Estado (TCE-PR) aplicou a multa prevista no art. 87, inciso II, al\u00ednea \u201ca\u201d da Lei Complementar n\u00ba 113\/2005 ao servidor do Munic\u00edpio de Carambe\u00ed respons\u00e1vel pelo envio dos documentos ao Sistema Integrado de Atos de Pessoal (SIAP). A decis\u00e3o acompanhou a manifesta\u00e7\u00e3o do Minist\u00e9rio P\u00fablico de Contas do Paran\u00e1&hellip;","_links":{"self":[{"href":"https:\/\/www.mpc.pr.gov.br\/index.php\/wp-json\/wp\/v2\/posts\/16712","targetHints":{"allow":["GET"]}}],"collection":[{"href":"https:\/\/www.mpc.pr.gov.br\/index.php\/wp-json\/wp\/v2\/posts"}],"about":[{"href":"https:\/\/www.mpc.pr.gov.br\/index.php\/wp-json\/wp\/v2\/types\/post"}],"author":[{"embeddable":true,"href":"https:\/\/www.mpc.pr.gov.br\/index.php\/wp-json\/wp\/v2\/users\/1"}],"replies":[{"embeddable":true,"href":"https:\/\/www.mpc.pr.gov.br\/index.php\/wp-json\/wp\/v2\/comments?post=16712"}],"version-history":[{"count":2,"href":"https:\/\/www.mpc.pr.gov.br\/index.php\/wp-json\/wp\/v2\/posts\/16712\/revisions"}],"predecessor-version":[{"id":16724,"href":"https:\/\/www.mpc.pr.gov.br\/index.php\/wp-json\/wp\/v2\/posts\/16712\/revisions\/16724"}],"wp:featuredmedia":[{"embeddable":true,"href":"https:\/\/www.mpc.pr.gov.br\/index.php\/wp-json\/wp\/v2\/media\/16714"}],"wp:attachment":[{"href":"https:\/\/www.mpc.pr.gov.br\/index.php\/wp-json\/wp\/v2\/media?parent=16712"}],"wp:term":[{"taxonomy":"category","embeddable":true,"href":"https:\/\/www.mpc.pr.gov.br\/index.php\/wp-json\/wp\/v2\/categories?post=16712"},{"taxonomy":"post_tag","embeddable":true,"href":"https:\/\/www.mpc.pr.gov.br\/index.php\/wp-json\/wp\/v2\/tags?post=16712"}],"curies":[{"name":"wp","href":"https:\/\/api.w.org\/{rel}","templated":true}]}}