{"id":16718,"date":"2023-11-07T10:10:25","date_gmt":"2023-11-07T13:10:25","guid":{"rendered":"https:\/\/www.mpc.pr.gov.br\/?p=16718"},"modified":"2023-11-23T09:57:56","modified_gmt":"2023-11-23T12:57:56","slug":"servidor-publico-e-multado-por-triplice-acumulacao-de-cargos-na-area-da-saude","status":"publish","type":"post","link":"https:\/\/www.mpc.pr.gov.br\/index.php\/servidor-publico-e-multado-por-triplice-acumulacao-de-cargos-na-area-da-saude\/","title":{"rendered":"Servidor p\u00fablico \u00e9 multado por tr\u00edplice acumula\u00e7\u00e3o de cargos na \u00e1rea da sa\u00fade"},"content":{"rendered":"<figure id=\"attachment_16721\" aria-describedby=\"caption-attachment-16721\" style=\"width: 300px\" class=\"wp-caption alignleft\"><img fetchpriority=\"high\" decoding=\"async\" class=\"size-medium wp-image-16721\" src=\"https:\/\/www.mpc.pr.gov.br\/wp-content\/uploads\/2023\/10\/SESA-300x200.jpg\" alt=\"\" width=\"300\" height=\"200\" srcset=\"https:\/\/www.mpc.pr.gov.br\/wp-content\/uploads\/2023\/10\/SESA-300x200.jpg 300w, https:\/\/www.mpc.pr.gov.br\/wp-content\/uploads\/2023\/10\/SESA-768x512.jpg 768w, https:\/\/www.mpc.pr.gov.br\/wp-content\/uploads\/2023\/10\/SESA.jpg 890w\" sizes=\"(max-width: 300px) 100vw, 300px\" \/><figcaption id=\"caption-attachment-16721\" class=\"wp-caption-text\">Sede da Secretaria de Estado da Sa\u00fade, localizada no Munic\u00edpio de Curitiba. Foto: divulga\u00e7\u00e3o.<\/figcaption><\/figure>\n<p><span data-contrast=\"auto\">Foi por meio da instaura\u00e7\u00e3o de Tomada de Contas Extraordin\u00e1ria, proposta pela 3\u00aa Inspetoria de Controle Externo, que o Tribunal de Contas do Paran\u00e1 (TCE-PR) tomou conhecimento de irregularidades ocorridas em face de tr\u00edplice acumula\u00e7\u00e3o de cargos m\u00e9dicos por parte de servidor efetivo da Secretaria de Estado da Sa\u00fade (SESA), o qual atuava concomitantemente no Fundo Municipal de Sa\u00fade de Curitiba e no Munic\u00edpio de S\u00e3o Jos\u00e9 dos Pinhais, at\u00e9 o ano de 2021.\u00a0<\/span><span data-ccp-props=\"{&quot;201341983&quot;:0,&quot;335551550&quot;:6,&quot;335551620&quot;:6,&quot;335559739&quot;:160,&quot;335559740&quot;:360}\">\u00a0<\/span><\/p>\n<p><span data-contrast=\"auto\">Por unanimidade dos votos, os membros do Tribunal Pleno do TCE-PR acompanharam o opinativo da unidade t\u00e9cnica e Minist\u00e9rio P\u00fablico de Contas do Paran\u00e1 (MPC-PR), e julgaram parcialmente procedente a Tomada de Contas, a fim de aplicar multa administrativa ao referido servidor, em raz\u00e3o da acumula\u00e7\u00e3o irregular de cargos p\u00fablicos. Ademais, tamb\u00e9m foi expedida determina\u00e7\u00e3o ao Munic\u00edpio de S\u00e3o Jos\u00e9 dos Pinhais para que adote as medidas necess\u00e1rias visando a imediata exonera\u00e7\u00e3o do servidor no cargo que procedeu \u00e0 terceira (e irregular) nomea\u00e7\u00e3o.<\/span><span data-ccp-props=\"{&quot;201341983&quot;:0,&quot;335551550&quot;:6,&quot;335551620&quot;:6,&quot;335559739&quot;:160,&quot;335559740&quot;:360}\">\u00a0<\/span><\/p>\n<h4><b><span data-contrast=\"auto\">Defesa<\/span><\/b><span data-ccp-props=\"{&quot;134233117&quot;:false,&quot;134233118&quot;:false,&quot;201341983&quot;:0,&quot;335551550&quot;:6,&quot;335551620&quot;:6,&quot;335559685&quot;:0,&quot;335559737&quot;:0,&quot;335559738&quot;:0,&quot;335559739&quot;:160,&quot;335559740&quot;:360}\">\u00a0<\/span><\/h4>\n<p><span data-contrast=\"auto\">Instada a se manifestar em sede de contradit\u00f3rio, a Secretaria de Estado da Sa\u00fade informou que, ap\u00f3s conhecimento dos fatos, acionou a Comiss\u00e3o de Ac\u00famulo de Cargos de Estado da Administra\u00e7\u00e3o e Previd\u00eancia, a fim de que fosse investigada a legalidade do suposto ac\u00famulo indevido dos cargos, a qual emitiu parecer t\u00e9cnico pela ilegalidade da acumula\u00e7\u00e3o \u201cpor n\u00e3o estar em conformidade com o disposto na previs\u00e3o do art. 37, XVI, al\u00ednea c da Constitui\u00e7\u00e3o Federal.\u201d<\/span><span data-ccp-props=\"{&quot;201341983&quot;:0,&quot;335551550&quot;:6,&quot;335551620&quot;:6,&quot;335559739&quot;:160,&quot;335559740&quot;:360}\">\u00a0<\/span><\/p>\n<p><span data-contrast=\"auto\">Por sua vez, o Munic\u00edpio de S\u00e3o Jos\u00e9 dos Pinhais afirmou que deu in\u00edcio as a\u00e7\u00f5es cab\u00edveis para eliminar as irregularidades apontadas, tal como a instaura\u00e7\u00e3o de processo administrativo para apurar eventual dano ao er\u00e1rio decorrente de poss\u00edvel descumprimento de carga hor\u00e1ria, bem como pela exist\u00eancia de declara\u00e7\u00e3o inver\u00eddica de n\u00e3o ac\u00famulo de cargos, visando verificar eventual infra\u00e7\u00e3o ou improbidade administrativa pelo servidor.<\/span><span data-ccp-props=\"{&quot;201341983&quot;:0,&quot;335551550&quot;:6,&quot;335551620&quot;:6,&quot;335559739&quot;:160,&quot;335559740&quot;:360}\">\u00a0<\/span><\/p>\n<p><span data-contrast=\"auto\">Por fim, o referido servidor n\u00e3o negou exist\u00eancia dos tr\u00eas v\u00ednculos de emprego, nos quais trabalhava 20 horas semanais em cada, alegando em s\u00edntese que: (I) em um dos v\u00ednculos ingressou por meio de teste seletivo na Funda\u00e7\u00e3o Caetano Munhoz da Rocha, a qual foi posteriormente transformada em autarquia, alterando ent\u00e3o seu cargo de funcion\u00e1rio para estatut\u00e1rio em 1991; (II) n\u00e3o existe incompatibilidade de hor\u00e1rios, de modo que n\u00e3o se ultrapassa o limite de 60 horas semanais; (III) n\u00e3o existe les\u00e3o ao er\u00e1rio, sendo pass\u00edvel de tratar o ocorrido como simples irregularidade, pass\u00edvel de nulidade.\u00a0<\/span><span data-ccp-props=\"{&quot;201341983&quot;:0,&quot;335551550&quot;:6,&quot;335551620&quot;:6,&quot;335559739&quot;:160,&quot;335559740&quot;:360}\">\u00a0<\/span><\/p>\n<h4><b><span data-contrast=\"auto\">Instru\u00e7\u00e3o t\u00e9cnica<\/span><\/b><span data-ccp-props=\"{&quot;201341983&quot;:0,&quot;335551550&quot;:6,&quot;335551620&quot;:6,&quot;335559739&quot;:160,&quot;335559740&quot;:360}\">\u00a0<\/span><\/h4>\n<p><span data-contrast=\"auto\">Em nova an\u00e1lise dos autos, a 3\u00aa Inspetoria de Controle Externo (3\u00aa ICE) assistiu raz\u00e3o somente em partes dos argumentos trazidos pela Secretaria de Estado da Sa\u00fade. Nesse sentido, a 3\u00aaICE observou que, em que pese a tese fixada pelo Supremo Tribunal Federal para o tema 1081 (de que existem hip\u00f3teses excepcionais autorizadoras de acumula\u00e7\u00e3o de cargos p\u00fablicos desde que haja compatibilidade de hor\u00e1rios), cabe esclarecer que, em rela\u00e7\u00e3o a essa afirma\u00e7\u00e3o, o ac\u00famulo de <\/span><span data-contrast=\"auto\">tr\u00eas cargos p\u00fablicos \u00e9 vedado pela Constitui\u00e7\u00e3o Federal, independentemente da compatibilidade de hor\u00e1rios entre os cargos.<\/span><span data-ccp-props=\"{&quot;201341983&quot;:0,&quot;335551550&quot;:6,&quot;335551620&quot;:6,&quot;335559739&quot;:160,&quot;335559740&quot;:360}\">\u00a0<\/span><\/p>\n<p><span data-contrast=\"auto\">Quanto ao termo de posse na SESA, emitido em 2008, verificou-se que o servidor ainda n\u00e3o era titular dos outros dois cargos na \u00e9poca. Por\u00e9m, esse fato n\u00e3o impede a abertura de processo administrativo para apurar as irregularidades citadas, de modo que a Inspetoria manteve seu entendimento de que a SESA deve instaurar processo administrativo visando apurar eventual dano ao er\u00e1rio por recebimento indevido decorrente de poss\u00edvel descumprimento de carga hor\u00e1ria, durante o per\u00edodo em que o servidor acumulou tr\u00eas cargos p\u00fablicos.\u00a0<\/span><span data-ccp-props=\"{&quot;201341983&quot;:0,&quot;335551550&quot;:6,&quot;335551620&quot;:6,&quot;335559739&quot;:160,&quot;335559740&quot;:360}\">\u00a0<\/span><\/p>\n<p><span data-contrast=\"auto\">No mesmo sentido, a unidade manteve a proposta de determina\u00e7\u00e3o para que o Munic\u00edpio de S\u00e3o Jos\u00e9 dos Pinhais instaure processo administrativo, visando, sobretudo, apurar eventual infra\u00e7\u00e3o ou improbidade administrativa em raz\u00e3o da exist\u00eancia de declara\u00e7\u00e3o inver\u00eddica de n\u00e3o ac\u00famulo de cargos.<\/span><span data-ccp-props=\"{&quot;201341983&quot;:0,&quot;335551550&quot;:6,&quot;335551620&quot;:6,&quot;335559739&quot;:160,&quot;335559740&quot;:360}\">\u00a0<\/span><\/p>\n<p><span data-contrast=\"auto\">Em rela\u00e7\u00e3o aos argumentos apresentados pelo servidor, a Inspetoria entendeu que<\/span><span data-contrast=\"auto\"> n\u00e3o foram suficientes para desconstituir o Apontamento Preliminar de Acompanhamento (APA). Isto porque, o servidor admitiu ser titular dos tr\u00eas v\u00ednculos, ao passo que a Constitui\u00e7\u00e3o Federal \u00e9 clara ao permitir, excepcionalmente, <\/span><span data-contrast=\"auto\">o ac\u00famulo d<\/span><span data-contrast=\"auto\">e somente dois cargos o<\/span><span data-contrast=\"auto\">u empregos privativos de profissionais de sa\u00fade, n\u00e3o existindo qualquer autoriza\u00e7\u00e3o para o ac\u00famulo de tr\u00eas v\u00ednculos p\u00fablicos, independente da compatibilidade de hor\u00e1rios.\u00a0<\/span><span data-ccp-props=\"{&quot;201341983&quot;:0,&quot;335551550&quot;:6,&quot;335551620&quot;:6,&quot;335559739&quot;:160,&quot;335559740&quot;:360}\">\u00a0<\/span><\/p>\n<p><span data-contrast=\"auto\">Ao final, opinou para que a Tomada de Contas Extraordin\u00e1ria seja julgada procedente, e que os agentes sejam responsabilizados conforme matriz de responsabilidade esbo\u00e7ada no Cap\u00edtulo 4 da pe\u00e7a n\u00ba 3 dos autos, aplicando-lhes as san\u00e7\u00f5es cab\u00edveis.<\/span><span data-ccp-props=\"{&quot;134233117&quot;:false,&quot;134233118&quot;:false,&quot;201341983&quot;:0,&quot;335551550&quot;:6,&quot;335551620&quot;:6,&quot;335559685&quot;:0,&quot;335559737&quot;:0,&quot;335559738&quot;:0,&quot;335559739&quot;:160,&quot;335559740&quot;:360}\">\u00a0<\/span><\/p>\n<h4><b><span data-contrast=\"auto\">Parecer Ministerial<\/span><\/b><span data-ccp-props=\"{&quot;201341983&quot;:0,&quot;335551550&quot;:6,&quot;335551620&quot;:6,&quot;335559739&quot;:160,&quot;335559740&quot;:360}\">\u00a0<\/span><\/h4>\n<p><span data-contrast=\"auto\">Por sua vez, o Minist\u00e9rio P\u00fablico de Contas acompanhou parcialmente o entendimento da 3\u00aa ICE, divergindo apenas no que diz respeito \u00e0s consequ\u00eancias advindas do ac\u00famulo irregular dos cargos.<\/span><span data-ccp-props=\"{&quot;201341983&quot;:0,&quot;335551550&quot;:6,&quot;335551620&quot;:6,&quot;335559739&quot;:160,&quot;335559740&quot;:360}\">\u00a0<\/span><\/p>\n<p><span data-contrast=\"auto\">Conforme fundamenta\u00e7\u00e3o contida no <a href=\"https:\/\/www.mpc.pr.gov.br\/wp-content\/uploads\/2023\/10\/SESA-Parecer-Ministerial-48-23.pdf\">Parecer n\u00ba 48\/23<\/a>, o MPC-PR pontuou que de fato houve preju\u00edzo \u00e0 ordem jur\u00eddica, tendo em vista a <\/span><span data-contrast=\"auto\">manifesta e deliberada inten\u00e7\u00e3o de n\u00e3o se fazer cumprir a regra constitucional, seja por meio de inver\u00eddicas declara\u00e7\u00f5es de n\u00e3o ac\u00famulo, seja pela omiss\u00e3o do gestor respons\u00e1vel pela efetiva\u00e7\u00e3o do terceiro v\u00ednculo em aferir a regularidade da nomea\u00e7\u00e3o. Contudo, entende que deve ser afastada qualquer responsabilidade das autoridades estaduais e do Munic\u00edpio de Curitiba, respons\u00e1veis pelo primeiro e segundo v\u00ednculo, pois at\u00e9 ent\u00e3o existia a compatibilidade destes dois v\u00ednculos em conformidade \u00e0 regra constitucional ao tempo em que foram constitu\u00eddos.\u00a0<\/span><span data-ccp-props=\"{&quot;201341983&quot;:0,&quot;335551550&quot;:6,&quot;335551620&quot;:6,&quot;335559739&quot;:160,&quot;335559740&quot;:360}\">\u00a0<\/span><\/p>\n<p><span data-contrast=\"auto\">Diante do exposto, opinou conclusivamente pela parcial proced\u00eancia e subsequente aplica\u00e7\u00e3o de multa ao mencionado servidor, al\u00e9m de determina\u00e7\u00e3o ao Munic\u00edpio de S\u00e3o Jos\u00e9 dos Pinhais, que procedeu \u00e0 irregular terceira nomea\u00e7\u00e3o, para que promova os atos necess\u00e1rios \u00e0 demiss\u00e3o do servidor, por viola\u00e7\u00e3o aos preceitos constitucionais contidos nos 37, XVI, da Constitui\u00e7\u00e3o da Rep\u00fablica e 27, XVI, da Constitui\u00e7\u00e3o do Estado do Paran\u00e1.<\/span><span data-ccp-props=\"{&quot;134233117&quot;:false,&quot;134233118&quot;:false,&quot;201341983&quot;:0,&quot;335551550&quot;:6,&quot;335551620&quot;:6,&quot;335559685&quot;:0,&quot;335559737&quot;:0,&quot;335559738&quot;:0,&quot;335559739&quot;:160,&quot;335559740&quot;:360}\">\u00a0<\/span><\/p>\n<p><span data-contrast=\"auto\">Sugeriu, por \u00faltimo, que seja dado conhecimento da presente situa\u00e7\u00e3o \u00e0s unidades t\u00e9cnicas do Tribunal de Contas (CGF, CGM e CAGE), a fim de que adotem as provid\u00eancias cab\u00edveis, em suas rotinas de trabalho, para aferir os ac\u00famulos irregulares e a ado\u00e7\u00e3o de medidas efetivas pelo Munic\u00edpio para sanar tais irregularidades.<\/span><span data-ccp-props=\"{&quot;201341983&quot;:0,&quot;335551550&quot;:6,&quot;335551620&quot;:6,&quot;335559739&quot;:160,&quot;335559740&quot;:360}\">\u00a0<\/span><\/p>\n<h4><b><span data-contrast=\"auto\">Decis\u00e3o<\/span><\/b><span data-ccp-props=\"{&quot;134233117&quot;:false,&quot;134233118&quot;:false,&quot;201341983&quot;:0,&quot;335551550&quot;:6,&quot;335551620&quot;:6,&quot;335559685&quot;:0,&quot;335559737&quot;:0,&quot;335559738&quot;:0,&quot;335559739&quot;:160,&quot;335559740&quot;:360}\">\u00a0<\/span><\/h4>\n<p><span data-contrast=\"auto\">Em sede de julgamento, conforme decis\u00e3o expressa no <a href=\"https:\/\/www.mpc.pr.gov.br\/wp-content\/uploads\/2023\/10\/SESA-Acordao-2510-23-TP.pdf\">Ac\u00f3rd\u00e3o n\u00ba 2510\/2023<\/a>, os membros do Tribunal Pleno do TCE-PR, votaram, por unanimidade, em dar proced\u00eancia parcial \u00e0 presente Tomada de Contas Extraordin\u00e1ria, e aplicar multa administrativa prevista no art. 87, IV, g, da Lei Complementar n\u00b0 113\/2005, ao servidor, diante da acumula\u00e7\u00e3o remunerada de tr\u00eas cargos p\u00fablicos e em raz\u00e3o da apresenta\u00e7\u00e3o de declara\u00e7\u00e3o inver\u00eddica de ac\u00famulo de cargos.<\/span><span data-ccp-props=\"{&quot;201341983&quot;:0,&quot;335551550&quot;:6,&quot;335551620&quot;:6,&quot;335559739&quot;:160,&quot;335559740&quot;:360}\">\u00a0<\/span><\/p>\n<p><span data-contrast=\"auto\">Ainda, determinaram que o Munic\u00edpio de S\u00e3o Jos\u00e9 dos Pinhais promova os atos necess\u00e1rios \u00e0 demiss\u00e3o do servidor, por viola\u00e7\u00e3o aos preceitos constitucionais contidos nos 37, XVI, da Constitui\u00e7\u00e3o da Rep\u00fablica e 27, XVI, da Constitui\u00e7\u00e3o do Estado do Paran\u00e1, no prazo de 180 (cento e oitenta) dias, sob as penas da <a href=\"https:\/\/www.mpc.pr.gov.br\/wp-content\/uploads\/2023\/08\/Lei-Organica-TCE-PR-LC-113-2005.pdf\">Lei Org\u00e2nica do TCE-PR n\u00ba 113\/2005<\/a>. <\/span><span data-ccp-props=\"{&quot;201341983&quot;:0,&quot;335551550&quot;:6,&quot;335551620&quot;:6,&quot;335559739&quot;:160,&quot;335559740&quot;:360}\">\u00a0<\/span><\/p>\n<p><span data-contrast=\"auto\">Por fim, o Tribunal Pleno tamb\u00e9m determinou o encaminhamento de <\/span><span data-contrast=\"auto\">c\u00f3pia integral do presente processo de Tomada de Contas Extraordin\u00e1ria ao Minist\u00e9rio P\u00fablico Estadual, na Procuradoria respectiva, com compet\u00eancia para defesa do patrim\u00f4nio P\u00fablico, para ado\u00e7\u00e3o das medidas que entender necess\u00e1rias no \u00e2mbito de sua atua\u00e7\u00e3o.<\/span><span data-ccp-props=\"{&quot;201341983&quot;:0,&quot;335551550&quot;:6,&quot;335551620&quot;:6,&quot;335559739&quot;:160,&quot;335559740&quot;:360}\">\u00a0<\/span><\/p>\n<h4><b><span data-contrast=\"auto\">Recurso<\/span><\/b><span data-ccp-props=\"{&quot;201341983&quot;:0,&quot;335551550&quot;:6,&quot;335551620&quot;:6,&quot;335559739&quot;:160,&quot;335559740&quot;:360}\">\u00a0<\/span><\/h4>\n<p><span data-contrast=\"auto\">Em fase recursal, o Minist\u00e9rio P\u00fablico de Contas apresentou <a href=\"https:\/\/www.mpc.pr.gov.br\/wp-content\/uploads\/2023\/10\/SESA-Embargos-de-Declaracao-MPC.pdf\">Embargos de Declara\u00e7\u00e3o<\/a> contra a decis\u00e3o proferida no Ac\u00f3rd\u00e3o n\u00b0 2510\/2023, visando a corre\u00e7\u00e3o de erro material e omiss\u00e3o de an\u00e1lise.\u00a0<\/span><span data-ccp-props=\"{&quot;201341983&quot;:0,&quot;335551550&quot;:6,&quot;335551620&quot;:6,&quot;335559739&quot;:160,&quot;335559740&quot;:360}\">\u00a0<\/span><\/p>\n<p><span data-contrast=\"auto\">Pontuou que no relat\u00f3rio da decis\u00e3o constou equivocadamente que este Minist\u00e9rio P\u00fablico de Contas, por meio do Parecer n\u00ba 934\/22, teria corroborado integralmente o entendimento da unidade t\u00e9cnica e solicitado o imediato envio de c\u00f3pia do processo ao Minist\u00e9rio P\u00fablico Estadual. Ocorre que o opinativo emitido nos autos \u00e9 o Parecer n\u00ba 48\/23, cuja conclus\u00e3o divergiu parcialmente do entendimento da unidade t\u00e9cnica, assim como n\u00e3o prop\u00f4s a remessa dos autos ao MPE\/PR.<\/span><span data-ccp-props=\"{&quot;201341983&quot;:0,&quot;335551550&quot;:6,&quot;335551620&quot;:6,&quot;335559739&quot;:160,&quot;335559740&quot;:360}\">\u00a0<\/span><\/p>\n<p><span data-contrast=\"auto\">Quanta a omiss\u00e3o, destacou que como consequ\u00eancia da incorreta identifica\u00e7\u00e3o do Parecer emitido nos autos, a decis\u00e3o embargada deixou de apreciar o pleito formulado na parte final do Parecer n\u00ba 48\/23, que diz respeito a notifica\u00e7\u00e3o das unidades t\u00e9cnicas do TCE-PR (CGF, CGM e CAGE), para ado\u00e7\u00e3o de providencias cab\u00edveis.<\/span><span data-ccp-props=\"{&quot;201341983&quot;:0,&quot;335551550&quot;:6,&quot;335551620&quot;:6,&quot;335559739&quot;:160,&quot;335559740&quot;:360}\"> R<\/span><span data-contrast=\"auto\">equer que sejam providos os Embargos de Declara\u00e7\u00e3o, a fim que seja corrigido o erro material e suprida a omiss\u00e3o conforme apontado.<\/span><span data-ccp-props=\"{&quot;201341983&quot;:0,&quot;335551550&quot;:6,&quot;335551620&quot;:6,&quot;335559739&quot;:160,&quot;335559740&quot;:360}\">\u00a0<\/span><\/p>\n<p>Em sede de julgamento, conforme decis\u00e3o contida no <a href=\"https:\/\/www.mpc.pr.gov.br\/wp-content\/uploads\/2023\/11\/SESA-Acordao-3415-23-novo.pdf\">Ac\u00f3rd\u00e3o n\u00ba 3415\/23<\/a>, os membros do Tribunal Pleno acolheram os Embargos de Declara\u00e7\u00e3o propostos pelo MPC-PR, a fim de que seja feita a corre\u00e7\u00e3o da omiss\u00e3o e do material constante do Ac\u00f3rd\u00e3o n\u00ba 2510\/23, conforme exposto na fundamenta\u00e7\u00e3o. O relator Conselheiro Maur\u00edcio Requi\u00e3o de Mello e Silva reiterou, ao final do voto, o pedido de encaminhamento de c\u00f3pia dos autos ao Minist\u00e9rio P\u00fablico Estadual, assim sugerido pela 3\u00aa Inspetoria de Controle Externo.<\/p>\n<p><span style=\"color: #820007;\"><strong><u>Informa\u00e7\u00e3o para consulta processual<\/u><\/strong><\/span><\/p>\n<table style=\"height: 123px;\" border=\"0\" width=\"469\" cellspacing=\"0\" cellpadding=\"0\">\n<tbody>\n<tr>\n<td><strong>Processo n\u00ba<\/strong>:<\/td>\n<td>636266\/21<\/td>\n<\/tr>\n<tr>\n<td><strong>Ac\u00f3rd\u00e3o n\u00ba<\/strong>:<\/td>\n<td><span class=\"NormalTextRun SCXW188288879 BCX0\">Ac\u00f3rd\u00e3o n.\u00b0<\/span> 2510\/23 &#8211; Tribunal Pleno<\/td>\n<\/tr>\n<tr>\n<td><strong>Assunto<\/strong>:<\/td>\n<td>Tomada de Contas Extraordin\u00e1ria<\/td>\n<\/tr>\n<tr>\n<td><strong>Entidade<\/strong>:<\/td>\n<td>Secretaria de Estado da Sa\u00fade<\/td>\n<\/tr>\n<tr>\n<td><strong>Relator<\/strong>:<\/td>\n<td><span class=\"TextRun SCXW210390752 BCX0\" lang=\"PT-PT\" xml:lang=\"PT-PT\" data-contrast=\"auto\"><span class=\"NormalTextRun SCXW210390752 BCX0\">Conselheiro Maur\u00edcio Requi\u00e3o de Mello e Silva<\/span><\/span><\/td>\n<\/tr>\n<\/tbody>\n<\/table>\n","protected":false},"excerpt":{"rendered":"<p>Foi por meio da instaura\u00e7\u00e3o de Tomada de Contas Extraordin\u00e1ria, proposta pela 3\u00aa Inspetoria de Controle Externo, que o Tribunal de Contas do Paran\u00e1 (TCE-PR) tomou conhecimento de irregularidades ocorridas em face de tr\u00edplice acumula\u00e7\u00e3o de cargos m\u00e9dicos por parte de servidor efetivo da Secretaria de Estado da Sa\u00fade (SESA), o qual atuava concomitantemente no [&hellip;]<\/p>\n","protected":false},"author":1,"featured_media":16721,"comment_status":"open","ping_status":"open","sticky":false,"template":"","format":"standard","meta":{"_monsterinsights_skip_tracking":false,"_monsterinsights_sitenote_active":false,"_monsterinsights_sitenote_note":"","_monsterinsights_sitenote_category":0,"footnotes":""},"categories":[7],"tags":[13,481,39,201,71],"class_list":["post-16718","post","type-post","status-publish","format-standard","has-post-thumbnail","hentry","category-todas-as-noticias","tag-mpc-pr","tag-secretaria-de-estado-da-saude","tag-tce-pr","tag-tomada-de-contas-extraordinaria","tag-tribunal-pleno","entry","has-media"],"yoast_head":"<!-- This site is optimized with the Yoast SEO plugin v27.3 - https:\/\/yoast.com\/product\/yoast-seo-wordpress\/ -->\n<title>Servidor p\u00fablico \u00e9 multado por tr\u00edplice acumula\u00e7\u00e3o de cargos na \u00e1rea da sa\u00fade - Minist\u00e9rio P\u00fablico de Contas do Estado do Paran\u00e1<\/title>\n<meta name=\"robots\" content=\"index, follow, max-snippet:-1, max-image-preview:large, max-video-preview:-1\" \/>\n<link rel=\"canonical\" href=\"https:\/\/www.mpc.pr.gov.br\/index.php\/servidor-publico-e-multado-por-triplice-acumulacao-de-cargos-na-area-da-saude\/\" \/>\n<meta property=\"og:locale\" content=\"pt_BR\" \/>\n<meta property=\"og:type\" content=\"article\" \/>\n<meta property=\"og:title\" content=\"Servidor p\u00fablico \u00e9 multado por tr\u00edplice acumula\u00e7\u00e3o de cargos na \u00e1rea da sa\u00fade - Minist\u00e9rio P\u00fablico de Contas do Estado do Paran\u00e1\" \/>\n<meta property=\"og:description\" content=\"Foi por meio da instaura\u00e7\u00e3o de Tomada de Contas Extraordin\u00e1ria, proposta pela 3\u00aa Inspetoria de Controle Externo, que o Tribunal de Contas do Paran\u00e1 (TCE-PR) tomou conhecimento de irregularidades ocorridas em face de tr\u00edplice acumula\u00e7\u00e3o de cargos m\u00e9dicos por parte de servidor efetivo da Secretaria de Estado da Sa\u00fade (SESA), o qual atuava concomitantemente no [&hellip;]\" \/>\n<meta property=\"og:url\" content=\"https:\/\/www.mpc.pr.gov.br\/index.php\/servidor-publico-e-multado-por-triplice-acumulacao-de-cargos-na-area-da-saude\/\" \/>\n<meta property=\"og:site_name\" content=\"Minist\u00e9rio P\u00fablico de Contas do Estado do Paran\u00e1\" \/>\n<meta property=\"article:publisher\" content=\"https:\/\/www.facebook.com\/mpc.pr\" \/>\n<meta property=\"article:published_time\" content=\"2023-11-07T13:10:25+00:00\" \/>\n<meta property=\"article:modified_time\" content=\"2023-11-23T12:57:56+00:00\" \/>\n<meta property=\"og:image\" content=\"https:\/\/www.mpc.pr.gov.br\/wp-content\/uploads\/2023\/10\/SESA.jpg\" \/>\n\t<meta property=\"og:image:width\" content=\"890\" \/>\n\t<meta property=\"og:image:height\" content=\"593\" \/>\n\t<meta property=\"og:image:type\" content=\"image\/jpeg\" \/>\n<meta name=\"author\" content=\"mpcontaspr\" \/>\n<meta name=\"twitter:card\" content=\"summary_large_image\" \/>\n<meta name=\"twitter:label1\" content=\"Escrito por\" \/>\n\t<meta name=\"twitter:data1\" content=\"mpcontaspr\" \/>\n\t<meta name=\"twitter:label2\" content=\"Est. tempo de leitura\" \/>\n\t<meta name=\"twitter:data2\" content=\"9 minutos\" \/>\n<script type=\"application\/ld+json\" class=\"yoast-schema-graph\">{\"@context\":\"https:\\\/\\\/schema.org\",\"@graph\":[{\"@type\":\"Article\",\"@id\":\"https:\\\/\\\/www.mpc.pr.gov.br\\\/index.php\\\/servidor-publico-e-multado-por-triplice-acumulacao-de-cargos-na-area-da-saude\\\/#article\",\"isPartOf\":{\"@id\":\"https:\\\/\\\/www.mpc.pr.gov.br\\\/index.php\\\/servidor-publico-e-multado-por-triplice-acumulacao-de-cargos-na-area-da-saude\\\/\"},\"author\":{\"name\":\"mpcontaspr\",\"@id\":\"https:\\\/\\\/www.mpc.pr.gov.br\\\/#\\\/schema\\\/person\\\/2d83cb8980538d0ec174e8a6284f5e11\"},\"headline\":\"Servidor p\u00fablico \u00e9 multado por tr\u00edplice acumula\u00e7\u00e3o de cargos na \u00e1rea da sa\u00fade\",\"datePublished\":\"2023-11-07T13:10:25+00:00\",\"dateModified\":\"2023-11-23T12:57:56+00:00\",\"mainEntityOfPage\":{\"@id\":\"https:\\\/\\\/www.mpc.pr.gov.br\\\/index.php\\\/servidor-publico-e-multado-por-triplice-acumulacao-de-cargos-na-area-da-saude\\\/\"},\"wordCount\":1685,\"commentCount\":0,\"publisher\":{\"@id\":\"https:\\\/\\\/www.mpc.pr.gov.br\\\/#organization\"},\"image\":{\"@id\":\"https:\\\/\\\/www.mpc.pr.gov.br\\\/index.php\\\/servidor-publico-e-multado-por-triplice-acumulacao-de-cargos-na-area-da-saude\\\/#primaryimage\"},\"thumbnailUrl\":\"https:\\\/\\\/www.mpc.pr.gov.br\\\/wp-content\\\/uploads\\\/2023\\\/10\\\/SESA.jpg\",\"keywords\":[\"MPC-PR\",\"Secretaria de Estado da Sa\u00fade\",\"TCE-PR\",\"Tomada de Contas Extraordin\u00e1ria\",\"Tribunal Pleno\"],\"articleSection\":[\"Todas as not\u00edcias\"],\"inLanguage\":\"pt-BR\",\"potentialAction\":[{\"@type\":\"CommentAction\",\"name\":\"Comment\",\"target\":[\"https:\\\/\\\/www.mpc.pr.gov.br\\\/index.php\\\/servidor-publico-e-multado-por-triplice-acumulacao-de-cargos-na-area-da-saude\\\/#respond\"]}]},{\"@type\":\"WebPage\",\"@id\":\"https:\\\/\\\/www.mpc.pr.gov.br\\\/index.php\\\/servidor-publico-e-multado-por-triplice-acumulacao-de-cargos-na-area-da-saude\\\/\",\"url\":\"https:\\\/\\\/www.mpc.pr.gov.br\\\/index.php\\\/servidor-publico-e-multado-por-triplice-acumulacao-de-cargos-na-area-da-saude\\\/\",\"name\":\"Servidor p\u00fablico \u00e9 multado por tr\u00edplice acumula\u00e7\u00e3o de cargos na \u00e1rea da sa\u00fade - Minist\u00e9rio P\u00fablico de Contas do Estado do Paran\u00e1\",\"isPartOf\":{\"@id\":\"https:\\\/\\\/www.mpc.pr.gov.br\\\/#website\"},\"primaryImageOfPage\":{\"@id\":\"https:\\\/\\\/www.mpc.pr.gov.br\\\/index.php\\\/servidor-publico-e-multado-por-triplice-acumulacao-de-cargos-na-area-da-saude\\\/#primaryimage\"},\"image\":{\"@id\":\"https:\\\/\\\/www.mpc.pr.gov.br\\\/index.php\\\/servidor-publico-e-multado-por-triplice-acumulacao-de-cargos-na-area-da-saude\\\/#primaryimage\"},\"thumbnailUrl\":\"https:\\\/\\\/www.mpc.pr.gov.br\\\/wp-content\\\/uploads\\\/2023\\\/10\\\/SESA.jpg\",\"datePublished\":\"2023-11-07T13:10:25+00:00\",\"dateModified\":\"2023-11-23T12:57:56+00:00\",\"breadcrumb\":{\"@id\":\"https:\\\/\\\/www.mpc.pr.gov.br\\\/index.php\\\/servidor-publico-e-multado-por-triplice-acumulacao-de-cargos-na-area-da-saude\\\/#breadcrumb\"},\"inLanguage\":\"pt-BR\",\"potentialAction\":[{\"@type\":\"ReadAction\",\"target\":[\"https:\\\/\\\/www.mpc.pr.gov.br\\\/index.php\\\/servidor-publico-e-multado-por-triplice-acumulacao-de-cargos-na-area-da-saude\\\/\"]}]},{\"@type\":\"ImageObject\",\"inLanguage\":\"pt-BR\",\"@id\":\"https:\\\/\\\/www.mpc.pr.gov.br\\\/index.php\\\/servidor-publico-e-multado-por-triplice-acumulacao-de-cargos-na-area-da-saude\\\/#primaryimage\",\"url\":\"https:\\\/\\\/www.mpc.pr.gov.br\\\/wp-content\\\/uploads\\\/2023\\\/10\\\/SESA.jpg\",\"contentUrl\":\"https:\\\/\\\/www.mpc.pr.gov.br\\\/wp-content\\\/uploads\\\/2023\\\/10\\\/SESA.jpg\",\"width\":890,\"height\":593,\"caption\":\"Sede da Secretaria de Estado da Sa\u00fade, localizada no Munic\u00edpio de Curitiba. Foto: divulga\u00e7\u00e3o.\"},{\"@type\":\"BreadcrumbList\",\"@id\":\"https:\\\/\\\/www.mpc.pr.gov.br\\\/index.php\\\/servidor-publico-e-multado-por-triplice-acumulacao-de-cargos-na-area-da-saude\\\/#breadcrumb\",\"itemListElement\":[{\"@type\":\"ListItem\",\"position\":1,\"name\":\"In\u00edcio\",\"item\":\"https:\\\/\\\/www.mpc.pr.gov.br\\\/\"},{\"@type\":\"ListItem\",\"position\":2,\"name\":\"Servidor p\u00fablico \u00e9 multado por tr\u00edplice acumula\u00e7\u00e3o de cargos na \u00e1rea da sa\u00fade\"}]},{\"@type\":\"WebSite\",\"@id\":\"https:\\\/\\\/www.mpc.pr.gov.br\\\/#website\",\"url\":\"https:\\\/\\\/www.mpc.pr.gov.br\\\/\",\"name\":\"Minist\u00e9rio P\u00fablico de Contas do Estado do Paran\u00e1\",\"description\":\"\",\"publisher\":{\"@id\":\"https:\\\/\\\/www.mpc.pr.gov.br\\\/#organization\"},\"potentialAction\":[{\"@type\":\"SearchAction\",\"target\":{\"@type\":\"EntryPoint\",\"urlTemplate\":\"https:\\\/\\\/www.mpc.pr.gov.br\\\/?s={search_term_string}\"},\"query-input\":{\"@type\":\"PropertyValueSpecification\",\"valueRequired\":true,\"valueName\":\"search_term_string\"}}],\"inLanguage\":\"pt-BR\"},{\"@type\":\"Organization\",\"@id\":\"https:\\\/\\\/www.mpc.pr.gov.br\\\/#organization\",\"name\":\"Minist\u00e9rio P\u00fablico de Contas do Estado do Paran\u00e1\",\"url\":\"https:\\\/\\\/www.mpc.pr.gov.br\\\/\",\"logo\":{\"@type\":\"ImageObject\",\"inLanguage\":\"pt-BR\",\"@id\":\"https:\\\/\\\/www.mpc.pr.gov.br\\\/#\\\/schema\\\/logo\\\/image\\\/\",\"url\":\"https:\\\/\\\/www.mpc.pr.gov.br\\\/wp-content\\\/uploads\\\/2020\\\/06\\\/99423647_1593460364143890_6706793420720963584_n-1-e1591387983167.png\",\"contentUrl\":\"https:\\\/\\\/www.mpc.pr.gov.br\\\/wp-content\\\/uploads\\\/2020\\\/06\\\/99423647_1593460364143890_6706793420720963584_n-1-e1591387983167.png\",\"width\":243,\"height\":73,\"caption\":\"Minist\u00e9rio P\u00fablico de Contas do Estado do Paran\u00e1\"},\"image\":{\"@id\":\"https:\\\/\\\/www.mpc.pr.gov.br\\\/#\\\/schema\\\/logo\\\/image\\\/\"},\"sameAs\":[\"https:\\\/\\\/www.facebook.com\\\/mpc.pr\",\"https:\\\/\\\/www.instagram.com\\\/mpc.pr\\\/?hl=pt-br\",\"https:\\\/\\\/www.youtube.com\\\/channel\\\/UCHri5oEM8DV0ztX57E0sBSw\"]},{\"@type\":\"Person\",\"@id\":\"https:\\\/\\\/www.mpc.pr.gov.br\\\/#\\\/schema\\\/person\\\/2d83cb8980538d0ec174e8a6284f5e11\",\"name\":\"mpcontaspr\",\"image\":{\"@type\":\"ImageObject\",\"inLanguage\":\"pt-BR\",\"@id\":\"https:\\\/\\\/secure.gravatar.com\\\/avatar\\\/1aef51541db7622e05fd639336c9c9f312c2a618396e2b6ca96846362fc5403f?s=96&d=mm&r=g\",\"url\":\"https:\\\/\\\/secure.gravatar.com\\\/avatar\\\/1aef51541db7622e05fd639336c9c9f312c2a618396e2b6ca96846362fc5403f?s=96&d=mm&r=g\",\"contentUrl\":\"https:\\\/\\\/secure.gravatar.com\\\/avatar\\\/1aef51541db7622e05fd639336c9c9f312c2a618396e2b6ca96846362fc5403f?s=96&d=mm&r=g\",\"caption\":\"mpcontaspr\"},\"sameAs\":[\"http:\\\/\\\/www.mpc.pr.gov.br\"]}]}<\/script>\n<!-- \/ Yoast SEO plugin. -->","yoast_head_json":{"title":"Servidor p\u00fablico \u00e9 multado por tr\u00edplice acumula\u00e7\u00e3o de cargos na \u00e1rea da sa\u00fade - Minist\u00e9rio P\u00fablico de Contas do Estado do Paran\u00e1","robots":{"index":"index","follow":"follow","max-snippet":"max-snippet:-1","max-image-preview":"max-image-preview:large","max-video-preview":"max-video-preview:-1"},"canonical":"https:\/\/www.mpc.pr.gov.br\/index.php\/servidor-publico-e-multado-por-triplice-acumulacao-de-cargos-na-area-da-saude\/","og_locale":"pt_BR","og_type":"article","og_title":"Servidor p\u00fablico \u00e9 multado por tr\u00edplice acumula\u00e7\u00e3o de cargos na \u00e1rea da sa\u00fade - Minist\u00e9rio P\u00fablico de Contas do Estado do Paran\u00e1","og_description":"Foi por meio da instaura\u00e7\u00e3o de Tomada de Contas Extraordin\u00e1ria, proposta pela 3\u00aa Inspetoria de Controle Externo, que o Tribunal de Contas do Paran\u00e1 (TCE-PR) tomou conhecimento de irregularidades ocorridas em face de tr\u00edplice acumula\u00e7\u00e3o de cargos m\u00e9dicos por parte de servidor efetivo da Secretaria de Estado da Sa\u00fade (SESA), o qual atuava concomitantemente no [&hellip;]","og_url":"https:\/\/www.mpc.pr.gov.br\/index.php\/servidor-publico-e-multado-por-triplice-acumulacao-de-cargos-na-area-da-saude\/","og_site_name":"Minist\u00e9rio P\u00fablico de Contas do Estado do Paran\u00e1","article_publisher":"https:\/\/www.facebook.com\/mpc.pr","article_published_time":"2023-11-07T13:10:25+00:00","article_modified_time":"2023-11-23T12:57:56+00:00","og_image":[{"width":890,"height":593,"url":"https:\/\/www.mpc.pr.gov.br\/wp-content\/uploads\/2023\/10\/SESA.jpg","type":"image\/jpeg"}],"author":"mpcontaspr","twitter_card":"summary_large_image","twitter_misc":{"Escrito por":"mpcontaspr","Est. tempo de leitura":"9 minutos"},"schema":{"@context":"https:\/\/schema.org","@graph":[{"@type":"Article","@id":"https:\/\/www.mpc.pr.gov.br\/index.php\/servidor-publico-e-multado-por-triplice-acumulacao-de-cargos-na-area-da-saude\/#article","isPartOf":{"@id":"https:\/\/www.mpc.pr.gov.br\/index.php\/servidor-publico-e-multado-por-triplice-acumulacao-de-cargos-na-area-da-saude\/"},"author":{"name":"mpcontaspr","@id":"https:\/\/www.mpc.pr.gov.br\/#\/schema\/person\/2d83cb8980538d0ec174e8a6284f5e11"},"headline":"Servidor p\u00fablico \u00e9 multado por tr\u00edplice acumula\u00e7\u00e3o de cargos na \u00e1rea da sa\u00fade","datePublished":"2023-11-07T13:10:25+00:00","dateModified":"2023-11-23T12:57:56+00:00","mainEntityOfPage":{"@id":"https:\/\/www.mpc.pr.gov.br\/index.php\/servidor-publico-e-multado-por-triplice-acumulacao-de-cargos-na-area-da-saude\/"},"wordCount":1685,"commentCount":0,"publisher":{"@id":"https:\/\/www.mpc.pr.gov.br\/#organization"},"image":{"@id":"https:\/\/www.mpc.pr.gov.br\/index.php\/servidor-publico-e-multado-por-triplice-acumulacao-de-cargos-na-area-da-saude\/#primaryimage"},"thumbnailUrl":"https:\/\/www.mpc.pr.gov.br\/wp-content\/uploads\/2023\/10\/SESA.jpg","keywords":["MPC-PR","Secretaria de Estado da Sa\u00fade","TCE-PR","Tomada de Contas Extraordin\u00e1ria","Tribunal Pleno"],"articleSection":["Todas as not\u00edcias"],"inLanguage":"pt-BR","potentialAction":[{"@type":"CommentAction","name":"Comment","target":["https:\/\/www.mpc.pr.gov.br\/index.php\/servidor-publico-e-multado-por-triplice-acumulacao-de-cargos-na-area-da-saude\/#respond"]}]},{"@type":"WebPage","@id":"https:\/\/www.mpc.pr.gov.br\/index.php\/servidor-publico-e-multado-por-triplice-acumulacao-de-cargos-na-area-da-saude\/","url":"https:\/\/www.mpc.pr.gov.br\/index.php\/servidor-publico-e-multado-por-triplice-acumulacao-de-cargos-na-area-da-saude\/","name":"Servidor p\u00fablico \u00e9 multado por tr\u00edplice acumula\u00e7\u00e3o de cargos na \u00e1rea da sa\u00fade - Minist\u00e9rio P\u00fablico de Contas do Estado do Paran\u00e1","isPartOf":{"@id":"https:\/\/www.mpc.pr.gov.br\/#website"},"primaryImageOfPage":{"@id":"https:\/\/www.mpc.pr.gov.br\/index.php\/servidor-publico-e-multado-por-triplice-acumulacao-de-cargos-na-area-da-saude\/#primaryimage"},"image":{"@id":"https:\/\/www.mpc.pr.gov.br\/index.php\/servidor-publico-e-multado-por-triplice-acumulacao-de-cargos-na-area-da-saude\/#primaryimage"},"thumbnailUrl":"https:\/\/www.mpc.pr.gov.br\/wp-content\/uploads\/2023\/10\/SESA.jpg","datePublished":"2023-11-07T13:10:25+00:00","dateModified":"2023-11-23T12:57:56+00:00","breadcrumb":{"@id":"https:\/\/www.mpc.pr.gov.br\/index.php\/servidor-publico-e-multado-por-triplice-acumulacao-de-cargos-na-area-da-saude\/#breadcrumb"},"inLanguage":"pt-BR","potentialAction":[{"@type":"ReadAction","target":["https:\/\/www.mpc.pr.gov.br\/index.php\/servidor-publico-e-multado-por-triplice-acumulacao-de-cargos-na-area-da-saude\/"]}]},{"@type":"ImageObject","inLanguage":"pt-BR","@id":"https:\/\/www.mpc.pr.gov.br\/index.php\/servidor-publico-e-multado-por-triplice-acumulacao-de-cargos-na-area-da-saude\/#primaryimage","url":"https:\/\/www.mpc.pr.gov.br\/wp-content\/uploads\/2023\/10\/SESA.jpg","contentUrl":"https:\/\/www.mpc.pr.gov.br\/wp-content\/uploads\/2023\/10\/SESA.jpg","width":890,"height":593,"caption":"Sede da Secretaria de Estado da Sa\u00fade, localizada no Munic\u00edpio de Curitiba. Foto: divulga\u00e7\u00e3o."},{"@type":"BreadcrumbList","@id":"https:\/\/www.mpc.pr.gov.br\/index.php\/servidor-publico-e-multado-por-triplice-acumulacao-de-cargos-na-area-da-saude\/#breadcrumb","itemListElement":[{"@type":"ListItem","position":1,"name":"In\u00edcio","item":"https:\/\/www.mpc.pr.gov.br\/"},{"@type":"ListItem","position":2,"name":"Servidor p\u00fablico \u00e9 multado por tr\u00edplice acumula\u00e7\u00e3o de cargos na \u00e1rea da sa\u00fade"}]},{"@type":"WebSite","@id":"https:\/\/www.mpc.pr.gov.br\/#website","url":"https:\/\/www.mpc.pr.gov.br\/","name":"Minist\u00e9rio P\u00fablico de Contas do Estado do Paran\u00e1","description":"","publisher":{"@id":"https:\/\/www.mpc.pr.gov.br\/#organization"},"potentialAction":[{"@type":"SearchAction","target":{"@type":"EntryPoint","urlTemplate":"https:\/\/www.mpc.pr.gov.br\/?s={search_term_string}"},"query-input":{"@type":"PropertyValueSpecification","valueRequired":true,"valueName":"search_term_string"}}],"inLanguage":"pt-BR"},{"@type":"Organization","@id":"https:\/\/www.mpc.pr.gov.br\/#organization","name":"Minist\u00e9rio P\u00fablico de Contas do Estado do Paran\u00e1","url":"https:\/\/www.mpc.pr.gov.br\/","logo":{"@type":"ImageObject","inLanguage":"pt-BR","@id":"https:\/\/www.mpc.pr.gov.br\/#\/schema\/logo\/image\/","url":"https:\/\/www.mpc.pr.gov.br\/wp-content\/uploads\/2020\/06\/99423647_1593460364143890_6706793420720963584_n-1-e1591387983167.png","contentUrl":"https:\/\/www.mpc.pr.gov.br\/wp-content\/uploads\/2020\/06\/99423647_1593460364143890_6706793420720963584_n-1-e1591387983167.png","width":243,"height":73,"caption":"Minist\u00e9rio P\u00fablico de Contas do Estado do Paran\u00e1"},"image":{"@id":"https:\/\/www.mpc.pr.gov.br\/#\/schema\/logo\/image\/"},"sameAs":["https:\/\/www.facebook.com\/mpc.pr","https:\/\/www.instagram.com\/mpc.pr\/?hl=pt-br","https:\/\/www.youtube.com\/channel\/UCHri5oEM8DV0ztX57E0sBSw"]},{"@type":"Person","@id":"https:\/\/www.mpc.pr.gov.br\/#\/schema\/person\/2d83cb8980538d0ec174e8a6284f5e11","name":"mpcontaspr","image":{"@type":"ImageObject","inLanguage":"pt-BR","@id":"https:\/\/secure.gravatar.com\/avatar\/1aef51541db7622e05fd639336c9c9f312c2a618396e2b6ca96846362fc5403f?s=96&d=mm&r=g","url":"https:\/\/secure.gravatar.com\/avatar\/1aef51541db7622e05fd639336c9c9f312c2a618396e2b6ca96846362fc5403f?s=96&d=mm&r=g","contentUrl":"https:\/\/secure.gravatar.com\/avatar\/1aef51541db7622e05fd639336c9c9f312c2a618396e2b6ca96846362fc5403f?s=96&d=mm&r=g","caption":"mpcontaspr"},"sameAs":["http:\/\/www.mpc.pr.gov.br"]}]}},"rttpg_featured_image_url":{"full":["https:\/\/www.mpc.pr.gov.br\/wp-content\/uploads\/2023\/10\/SESA.jpg",890,593,false],"landscape":["https:\/\/www.mpc.pr.gov.br\/wp-content\/uploads\/2023\/10\/SESA.jpg",890,593,false],"portraits":["https:\/\/www.mpc.pr.gov.br\/wp-content\/uploads\/2023\/10\/SESA.jpg",890,593,false],"thumbnail":["https:\/\/www.mpc.pr.gov.br\/wp-content\/uploads\/2023\/10\/SESA-150x150.jpg",150,150,true],"medium":["https:\/\/www.mpc.pr.gov.br\/wp-content\/uploads\/2023\/10\/SESA-300x200.jpg",300,200,true],"large":["https:\/\/www.mpc.pr.gov.br\/wp-content\/uploads\/2023\/10\/SESA.jpg",890,593,false],"1536x1536":["https:\/\/www.mpc.pr.gov.br\/wp-content\/uploads\/2023\/10\/SESA.jpg",890,593,false],"2048x2048":["https:\/\/www.mpc.pr.gov.br\/wp-content\/uploads\/2023\/10\/SESA.jpg",890,593,false],"ocean-thumb-m":["https:\/\/www.mpc.pr.gov.br\/wp-content\/uploads\/2023\/10\/SESA-600x593.jpg",600,593,true],"ocean-thumb-ml":["https:\/\/www.mpc.pr.gov.br\/wp-content\/uploads\/2023\/10\/SESA-800x450.jpg",800,450,true],"ocean-thumb-l":["https:\/\/www.mpc.pr.gov.br\/wp-content\/uploads\/2023\/10\/SESA.jpg",890,593,false]},"rttpg_author":{"display_name":"mpcontaspr","author_link":"https:\/\/www.mpc.pr.gov.br\/index.php\/author\/mpcontaspr\/"},"rttpg_comment":0,"rttpg_category":"<a href=\"https:\/\/www.mpc.pr.gov.br\/index.php\/category\/todas-as-noticias\/\" rel=\"category tag\">Todas as not\u00edcias<\/a>","rttpg_excerpt":"Foi por meio da instaura\u00e7\u00e3o de Tomada de Contas Extraordin\u00e1ria, proposta pela 3\u00aa Inspetoria de Controle Externo, que o Tribunal de Contas do Paran\u00e1 (TCE-PR) tomou conhecimento de irregularidades ocorridas em face de tr\u00edplice acumula\u00e7\u00e3o de cargos m\u00e9dicos por parte de servidor efetivo da Secretaria de Estado da Sa\u00fade (SESA), o qual atuava concomitantemente no&hellip;","_links":{"self":[{"href":"https:\/\/www.mpc.pr.gov.br\/index.php\/wp-json\/wp\/v2\/posts\/16718","targetHints":{"allow":["GET"]}}],"collection":[{"href":"https:\/\/www.mpc.pr.gov.br\/index.php\/wp-json\/wp\/v2\/posts"}],"about":[{"href":"https:\/\/www.mpc.pr.gov.br\/index.php\/wp-json\/wp\/v2\/types\/post"}],"author":[{"embeddable":true,"href":"https:\/\/www.mpc.pr.gov.br\/index.php\/wp-json\/wp\/v2\/users\/1"}],"replies":[{"embeddable":true,"href":"https:\/\/www.mpc.pr.gov.br\/index.php\/wp-json\/wp\/v2\/comments?post=16718"}],"version-history":[{"count":2,"href":"https:\/\/www.mpc.pr.gov.br\/index.php\/wp-json\/wp\/v2\/posts\/16718\/revisions"}],"predecessor-version":[{"id":16736,"href":"https:\/\/www.mpc.pr.gov.br\/index.php\/wp-json\/wp\/v2\/posts\/16718\/revisions\/16736"}],"wp:featuredmedia":[{"embeddable":true,"href":"https:\/\/www.mpc.pr.gov.br\/index.php\/wp-json\/wp\/v2\/media\/16721"}],"wp:attachment":[{"href":"https:\/\/www.mpc.pr.gov.br\/index.php\/wp-json\/wp\/v2\/media?parent=16718"}],"wp:term":[{"taxonomy":"category","embeddable":true,"href":"https:\/\/www.mpc.pr.gov.br\/index.php\/wp-json\/wp\/v2\/categories?post=16718"},{"taxonomy":"post_tag","embeddable":true,"href":"https:\/\/www.mpc.pr.gov.br\/index.php\/wp-json\/wp\/v2\/tags?post=16718"}],"curies":[{"name":"wp","href":"https:\/\/api.w.org\/{rel}","templated":true}]}}