{"id":16744,"date":"2023-11-09T14:13:42","date_gmt":"2023-11-09T17:13:42","guid":{"rendered":"https:\/\/www.mpc.pr.gov.br\/?p=16744"},"modified":"2023-11-28T10:09:31","modified_gmt":"2023-11-28T13:09:31","slug":"municipio-deve-anular-pregao-em-razao-de-restricao-indevida-na-competitividade-do-certame","status":"publish","type":"post","link":"https:\/\/www.mpc.pr.gov.br\/index.php\/municipio-deve-anular-pregao-em-razao-de-restricao-indevida-na-competitividade-do-certame\/","title":{"rendered":"Munic\u00edpio deve anular preg\u00e3o em raz\u00e3o de restri\u00e7\u00e3o indevida na competitividade do certame"},"content":{"rendered":"<figure id=\"attachment_16746\" aria-describedby=\"caption-attachment-16746\" style=\"width: 300px\" class=\"wp-caption alignleft\"><img fetchpriority=\"high\" decoding=\"async\" class=\"size-medium wp-image-16746\" src=\"https:\/\/www.mpc.pr.gov.br\/wp-content\/uploads\/2023\/11\/FLORESTA-Vista-da-area-central-da-sede-urbana-de-Floresta-municipio-da-regiao-Norte-do-Parana.-Foto-Divulgacao-300x254.jpg\" alt=\"\" width=\"300\" height=\"254\" srcset=\"https:\/\/www.mpc.pr.gov.br\/wp-content\/uploads\/2023\/11\/FLORESTA-Vista-da-area-central-da-sede-urbana-de-Floresta-municipio-da-regiao-Norte-do-Parana.-Foto-Divulgacao-300x254.jpg 300w, https:\/\/www.mpc.pr.gov.br\/wp-content\/uploads\/2023\/11\/FLORESTA-Vista-da-area-central-da-sede-urbana-de-Floresta-municipio-da-regiao-Norte-do-Parana.-Foto-Divulgacao.jpg 640w\" sizes=\"(max-width: 300px) 100vw, 300px\" \/><figcaption id=\"caption-attachment-16746\" class=\"wp-caption-text\">Vista da \u00e1rea central da sede urbana de Floresta, munic\u00edpio da regi\u00e3o Norte do Paran\u00e1. Foto: Divulga\u00e7\u00e3o<\/figcaption><\/figure>\n<p><span data-contrast=\"auto\">O <a href=\"http:\/\/www.floresta.pr.gov.br\/\">Munic\u00edpio de Floresta<\/a>, ao realizar futuros procedimentos licitat\u00f3rios exclusivos para Microempresas (ME) e\/ou Empresas de Pequeno Porte (EPP) situados no munic\u00edpio ou na regi\u00e3o, deve atender ao estabelecido no <a href=\"https:\/\/www.mpc.pr.gov.br\/wp-content\/uploads\/2023\/11\/Prejulgado-27-TCE-PR.pdf\">Prejulgado n\u00ba 27<\/a> do Tribunal de Contas do Estado (TCE-PR). Tal normativa deve ser levada em considera\u00e7\u00e3o especialmente quanto \u00e0 elabora\u00e7\u00e3o de planejamento p\u00fablico detalhado, que conclua que tal limita\u00e7\u00e3o efetivamente vai fomentar o desenvolvimento local e regional.\u00a0<\/span><span data-ccp-props=\"{&quot;134233117&quot;:false,&quot;134233118&quot;:false,&quot;201341983&quot;:0,&quot;335551550&quot;:6,&quot;335551620&quot;:6,&quot;335559685&quot;:0,&quot;335559737&quot;:0,&quot;335559738&quot;:0,&quot;335559739&quot;:160,&quot;335559740&quot;:360}\">\u00a0<\/span><\/p>\n<p><span data-contrast=\"auto\">Essa foi uma das determina\u00e7\u00f5es expedidas pelo Pleno do TCE-PR, ap\u00f3s julgar procedente a Representa\u00e7\u00e3o da <a href=\"https:\/\/www.planalto.gov.br\/ccivil_03\/leis\/l8666cons.htm\">Lei n\u00b0 8.666\/93<\/a>, com pedido cautelar, apresentada pela empresa Focus Equipamentos Eireli em face do Preg\u00e3o Presencial n\u00b0 68\/2022, no valor de m\u00e1ximo global de R$ 594.057,63. O certame tinha como objeto o registro de pre\u00e7os para a \u201caquisi\u00e7\u00e3o de aparelhos condicionadores de ar, pe\u00e7as, juntamente com a presta\u00e7\u00e3o de servi\u00e7o (limpeza e instala\u00e7\u00e3o)\u201d.<\/span><span data-ccp-props=\"{&quot;201341983&quot;:0,&quot;335551550&quot;:6,&quot;335551620&quot;:6,&quot;335559739&quot;:160,&quot;335559740&quot;:360}\">\u00a0<\/span><\/p>\n<p><span data-contrast=\"auto\">Na decis\u00e3o, expressa no <a href=\"https:\/\/www.mpc.pr.gov.br\/wp-content\/uploads\/2023\/11\/FLORESTA-ACORDAO-3422-23-STP.pdf\">Ac\u00f3rd\u00e3o n\u00b0 3422\/23<\/a>, o relator Conselheiro Maur\u00edcio Requi\u00e3o de Mello e Silva acompanhou os opinativos uniformes da Coordenadoria de Gest\u00e3o Municipal (CGM) e Minist\u00e9rio P\u00fablico de Contas do Paran\u00e1 (MPC-PR), e tamb\u00e9m determinou que o Munic\u00edpio promova a anula\u00e7\u00e3o do Preg\u00e3o, uma vez que foi constatada a restri\u00e7\u00e3o irregular na competitividade do procedimento licitat\u00f3rio. <\/span><span data-ccp-props=\"{&quot;201341983&quot;:0,&quot;335551550&quot;:6,&quot;335551620&quot;:6,&quot;335559739&quot;:160,&quot;335559740&quot;:360}\">\u00a0<\/span><\/p>\n<h4><b><span data-contrast=\"auto\">Instru\u00e7\u00e3o do Processo<\/span><\/b><span data-ccp-props=\"{&quot;201341983&quot;:0,&quot;335551550&quot;:6,&quot;335551620&quot;:6,&quot;335559739&quot;:160,&quot;335559740&quot;:360}\">\u00a0<\/span><\/h4>\n<p><span data-contrast=\"auto\">Na inicial, a representante informou que o edital limitou a participa\u00e7\u00e3o no certame \u00e0s ME, EPP e MEI do pr\u00f3prio Munic\u00edpio, de modo que apenas uma empresa participou da licita\u00e7\u00e3o. Nesse sentido, alegou que a referida restri\u00e7\u00e3o n\u00e3o se mostrou vantajosa e questionou, ainda, se interessa mais \u00e0 popula\u00e7\u00e3o fomentar o desenvolvimento de uma empresa local de ar-condicionado ou ter a garantia de que uma licita\u00e7\u00e3o, com o objeto estimado em mais de 500 mil reais, tem a competitividade garantida.<\/span><span data-ccp-props=\"{&quot;201341983&quot;:0,&quot;335551550&quot;:6,&quot;335551620&quot;:6,&quot;335559739&quot;:160,&quot;335559740&quot;:360}\">\u00a0<\/span><\/p>\n<p><span data-contrast=\"auto\">Diante dos ind\u00edcios de irregularidades, mediante o Despacho n\u00b0 115\/22, o relator deferiu a cautelar para a suspens\u00e3o do certame ou a imediata interrup\u00e7\u00e3o do contrato.<\/span><span data-ccp-props=\"{&quot;201341983&quot;:0,&quot;335551550&quot;:6,&quot;335551620&quot;:6,&quot;335559739&quot;:160,&quot;335559740&quot;:360}\">\u00a0<\/span><\/p>\n<p><span data-contrast=\"auto\">Na sequ\u00eancia, a empresa vencedora do certame apresentou defesa, argumentando que sua participa\u00e7\u00e3o foi leg\u00edtima, e que o edital estaria em conson\u00e2ncia com os princ\u00edpios licitat\u00f3rios e a pol\u00edtica de fomento aos fornecedores locais e regionais.\u00a0<\/span><span data-ccp-props=\"{&quot;201341983&quot;:0,&quot;335551550&quot;:6,&quot;335551620&quot;:6,&quot;335559739&quot;:160,&quot;335559740&quot;:360}\">\u00a0<\/span><\/p>\n<p><span data-contrast=\"auto\">No mesmo sentido, o Munic\u00edpio manifestou-se afirmando que o Edital n\u00e3o previa a necessidade de efetiva participa\u00e7\u00e3o de tr\u00eas empresas na licita\u00e7\u00e3o, mas t\u00e3o somente de tr\u00eas fornecedores competitivos enquadrados na exig\u00eancia legal. Ao final, afirmou que existem 27 empresas atuantes no ramo de atividade compat\u00edvel com o objeto licitado, e que a exclusividade na contrata\u00e7\u00e3o de ME, EPP e MEI, estaria abarcada pelo <a href=\"https:\/\/www.mpc.pr.gov.br\/wp-content\/uploads\/2023\/11\/Prejulgado-27-TCE-PR.pdf\">Prejulgado n\u00b0 27<\/a> do TCE.PR.<\/span><span data-ccp-props=\"{&quot;201341983&quot;:0,&quot;335551550&quot;:6,&quot;335551620&quot;:6,&quot;335559739&quot;:160,&quot;335559740&quot;:360}\">\u00a0<\/span><\/p>\n<p><span data-contrast=\"auto\">Instada a se manifestar, a CGM verificou que o ente municipal disp\u00f4s sobre a possibilidade de realiza\u00e7\u00e3o de licita\u00e7\u00e3o exclusiva \u00e0s ME e EPP locais ou regionais atrav\u00e9s da Lei Complementar n\u00ba 01\/2022, em conformidade com o que estabelece o Prejulgado n\u00ba 27, e do Decreto n\u00ba 65\/2022 que regulamentou o programa \u201cFloresta Compra Aqui\u201d, que tem como objetivo fomentar o desenvolvimento econ\u00f4mico e social no \u00e2mbito municipal e regional.<\/span><span data-ccp-props=\"{&quot;201341983&quot;:0,&quot;335551550&quot;:6,&quot;335551620&quot;:6,&quot;335559739&quot;:160,&quot;335559740&quot;:360}\">\u00a0<\/span><\/p>\n<p><span data-contrast=\"auto\">Contudo, concluiu que apesar de existir justificativa no procedimento licitat\u00f3rio e no decreto que regulamentou a hip\u00f3tese, as raz\u00f5es apresentadas s\u00e3o totalmente gen\u00e9ricas, tendo como objetivo estimular a economia local e regional atrav\u00e9s de compras p\u00fablicas, o que basicamente autorizaria a administra\u00e7\u00e3o a restringir todas as suas compras \u00e0s ME e EPP da localidade.\u00a0<\/span><span data-ccp-props=\"{&quot;201341983&quot;:0,&quot;335551550&quot;:6,&quot;335551620&quot;:6,&quot;335559739&quot;:160,&quot;335559740&quot;:360}\">\u00a0<\/span><\/p>\n<p><span data-contrast=\"auto\">Dessa forma, diante da aus\u00eancia de justificativa espec\u00edfica em rela\u00e7\u00e3o ao Preg\u00e3o Presencial n\u00ba 68\/2022 para a ado\u00e7\u00e3o da exclusividade \u00e0s ME e EPP locais, a unidade t\u00e9cnica opinou pela proced\u00eancia da Representa\u00e7\u00e3o e expedi\u00e7\u00e3o de determina\u00e7\u00f5es para que o Munic\u00edpio anule o certame, bem como adeque os editais de seus futuros procedimentos licitat\u00f3rios.<\/span><span data-ccp-props=\"{&quot;201341983&quot;:0,&quot;335551550&quot;:6,&quot;335551620&quot;:6,&quot;335559739&quot;:160,&quot;335559740&quot;:360}\">\u00a0<\/span><\/p>\n<p><span data-contrast=\"auto\">Por meio do <a href=\"https:\/\/www.mpc.pr.gov.br\/wp-content\/uploads\/2023\/11\/FLORESTA-PARECER-MINISTERIAL-529-23.pdf\">Parecer n\u00b0 529\/23<\/a>, o Minist\u00e9rio P\u00fablico de Contas destacou que o edital reflete a inexist\u00eancia de peculiaridade do objeto licitado, pois a aquisi\u00e7\u00e3o de aparelhos de ar-condicionado \u00e9 atividade corriqueira, de contrata\u00e7\u00e3o acess\u00edvel. Acrescentou, ainda, que tal fato \u00e9 evidenciado pela quantidade de empresas fornecedoras, 27 no total, conforme afirmado pela pr\u00f3pria municipalidade.<\/span><span data-ccp-props=\"{&quot;201341983&quot;:0,&quot;335551550&quot;:6,&quot;335551620&quot;:6,&quot;335559739&quot;:160,&quot;335559740&quot;:360}\">\u00a0<\/span><\/p>\n<p><span data-contrast=\"auto\">Sendo assim, verificou-se que de tal previs\u00e3o edital\u00edcia decorreu o cerceamento \u00e0 competitividade, de forma gen\u00e9rica, sem justificativa, o que poderia resultar no sobrepre\u00e7o das propostas e preju\u00edzos aos cofres p\u00fablicos, de modo que acompanhando o opinativo da unidade t\u00e9cnica, o MPC-PR se manifestou pela proced\u00eancia da Representa\u00e7\u00e3o, com expedi\u00e7\u00e3o de determina\u00e7\u00f5es.<\/span><span data-ccp-props=\"{&quot;201341983&quot;:0,&quot;335551550&quot;:6,&quot;335551620&quot;:6,&quot;335559739&quot;:160,&quot;335559740&quot;:360}\">\u00a0<\/span><\/p>\n<h4><b><span data-contrast=\"auto\">Decis\u00e3o<\/span><\/b><span data-ccp-props=\"{&quot;201341983&quot;:0,&quot;335551550&quot;:6,&quot;335551620&quot;:6,&quot;335559739&quot;:160,&quot;335559740&quot;:360}\">\u00a0<\/span><\/h4>\n<p><span data-contrast=\"auto\">Em sede de julgamento, o relator observou que, no caso em an\u00e1lise, o Prejulgado n\u00b0 27 foi desvirtuado, pois referida norma traz cita\u00e7\u00f5es doutrin\u00e1rias explanando que a reserva de mercado para a implementa\u00e7\u00e3o dos objetivos principiol\u00f3gicos definidos pelo artigo 47 da<a href=\"https:\/\/www.planalto.gov.br\/ccivil_03\/leis\/lcp\/lcp123.htm\"> Lei Complementar n\u00b0 123\/06<\/a> deve ser pormenorizadamente justificada, sendo vedada a sua previs\u00e3o gen\u00e9rica, uma vez que a limita\u00e7\u00e3o territorial pode resultar em relevante sobrepre\u00e7o nas licita\u00e7\u00f5es.<\/span><span data-ccp-props=\"{&quot;201341983&quot;:0,&quot;335551550&quot;:6,&quot;335551620&quot;:6,&quot;335559739&quot;:160,&quot;335559740&quot;:360}\">\u00a0<\/span><\/p>\n<p><span data-contrast=\"auto\">Assim, conforme a decis\u00e3o expressa no <a href=\"https:\/\/www.mpc.pr.gov.br\/wp-content\/uploads\/2023\/11\/FLORESTA-ACORDAO-3422-23-STP.pdf\">Ac\u00f3rd\u00e3o n\u00b0 3422\/23<\/a>, acompanhando o voto do relator, os membros do Tribunal Pleno julgaram procedente a Representa\u00e7\u00e3o com a expedi\u00e7\u00e3o de determina\u00e7\u00f5es para que o Munic\u00edpio anule o certame, bem como adeque os editais de seus futuros procedimentos licitat\u00f3rios.<\/span><span data-ccp-props=\"{&quot;201341983&quot;:0,&quot;335551550&quot;:6,&quot;335551620&quot;:6,&quot;335559739&quot;:160,&quot;335559740&quot;:360}\">\u00a0<\/span><\/p>\n<p><span style=\"color: #820007;\"><strong><u>Informa\u00e7\u00e3o para consulta processual<\/u><\/strong><\/span><\/p>\n<table style=\"height: 123px;\" border=\"0\" width=\"469\" cellspacing=\"0\" cellpadding=\"0\">\n<tbody>\n<tr>\n<td><strong>Processo n\u00ba<\/strong>:<\/td>\n<td>765182\/22<\/td>\n<\/tr>\n<tr>\n<td><strong>Ac\u00f3rd\u00e3o n\u00ba<\/strong>:<\/td>\n<td><span class=\"NormalTextRun SCXW188288879 BCX0\">Ac\u00f3rd\u00e3o n.\u00b0<\/span> 3422\/23 &#8211; Tribunal Pleno<\/td>\n<\/tr>\n<tr>\n<td><strong>Assunto<\/strong>:<\/td>\n<td>Representa\u00e7\u00e3o<\/td>\n<\/tr>\n<tr>\n<td><strong>Entidade<\/strong>:<\/td>\n<td>Munic\u00edpio de Floresta<\/td>\n<\/tr>\n<tr>\n<td><strong>Relator<\/strong>:<\/td>\n<td><span class=\"TextRun SCXW210390752 BCX0\" lang=\"PT-PT\" xml:lang=\"PT-PT\" data-contrast=\"auto\"><span class=\"NormalTextRun SCXW210390752 BCX0\">Conselheiro Maur\u00edcio Requi\u00e3o de Mello e Silva<\/span><\/span><\/td>\n<\/tr>\n<\/tbody>\n<\/table>\n","protected":false},"excerpt":{"rendered":"<p>O Munic\u00edpio de Floresta, ao realizar futuros procedimentos licitat\u00f3rios exclusivos para Microempresas (ME) e\/ou Empresas de Pequeno Porte (EPP) situados no munic\u00edpio ou na regi\u00e3o, deve atender ao estabelecido no Prejulgado n\u00ba 27 do Tribunal de Contas do Estado (TCE-PR). Tal normativa deve ser levada em considera\u00e7\u00e3o especialmente quanto \u00e0 elabora\u00e7\u00e3o de planejamento p\u00fablico detalhado, [&hellip;]<\/p>\n","protected":false},"author":1,"featured_media":16746,"comment_status":"open","ping_status":"open","sticky":false,"template":"","format":"standard","meta":{"_monsterinsights_skip_tracking":false,"_monsterinsights_sitenote_active":false,"_monsterinsights_sitenote_note":"","_monsterinsights_sitenote_category":0,"footnotes":""},"categories":[7],"tags":[483,482,13,465,49,39,71],"class_list":["post-16744","post","type-post","status-publish","format-standard","has-post-thumbnail","hentry","category-todas-as-noticias","tag-competitividade","tag-floresta","tag-mpc-pr","tag-pregao-eletronico","tag-representacao","tag-tce-pr","tag-tribunal-pleno","entry","has-media"],"yoast_head":"<!-- This site is optimized with the Yoast SEO plugin v27.3 - https:\/\/yoast.com\/product\/yoast-seo-wordpress\/ -->\n<title>Munic\u00edpio deve anular preg\u00e3o em raz\u00e3o de restri\u00e7\u00e3o indevida na competitividade do certame - Minist\u00e9rio P\u00fablico de Contas do Estado do Paran\u00e1<\/title>\n<meta name=\"robots\" content=\"index, follow, max-snippet:-1, max-image-preview:large, max-video-preview:-1\" \/>\n<link rel=\"canonical\" href=\"https:\/\/www.mpc.pr.gov.br\/index.php\/municipio-deve-anular-pregao-em-razao-de-restricao-indevida-na-competitividade-do-certame\/\" \/>\n<meta property=\"og:locale\" content=\"pt_BR\" \/>\n<meta property=\"og:type\" content=\"article\" \/>\n<meta property=\"og:title\" content=\"Munic\u00edpio deve anular preg\u00e3o em raz\u00e3o de restri\u00e7\u00e3o indevida na competitividade do certame - Minist\u00e9rio P\u00fablico de Contas do Estado do Paran\u00e1\" \/>\n<meta property=\"og:description\" content=\"O Munic\u00edpio de Floresta, ao realizar futuros procedimentos licitat\u00f3rios exclusivos para Microempresas (ME) e\/ou Empresas de Pequeno Porte (EPP) situados no munic\u00edpio ou na regi\u00e3o, deve atender ao estabelecido no Prejulgado n\u00ba 27 do Tribunal de Contas do Estado (TCE-PR). Tal normativa deve ser levada em considera\u00e7\u00e3o especialmente quanto \u00e0 elabora\u00e7\u00e3o de planejamento p\u00fablico detalhado, [&hellip;]\" \/>\n<meta property=\"og:url\" content=\"https:\/\/www.mpc.pr.gov.br\/index.php\/municipio-deve-anular-pregao-em-razao-de-restricao-indevida-na-competitividade-do-certame\/\" \/>\n<meta property=\"og:site_name\" content=\"Minist\u00e9rio P\u00fablico de Contas do Estado do Paran\u00e1\" \/>\n<meta property=\"article:publisher\" content=\"https:\/\/www.facebook.com\/mpc.pr\" \/>\n<meta property=\"article:published_time\" content=\"2023-11-09T17:13:42+00:00\" \/>\n<meta property=\"article:modified_time\" content=\"2023-11-28T13:09:31+00:00\" \/>\n<meta property=\"og:image\" content=\"https:\/\/www.mpc.pr.gov.br\/wp-content\/uploads\/2023\/11\/FLORESTA-Vista-da-area-central-da-sede-urbana-de-Floresta-municipio-da-regiao-Norte-do-Parana.-Foto-Divulgacao.jpg\" \/>\n\t<meta property=\"og:image:width\" content=\"640\" \/>\n\t<meta property=\"og:image:height\" content=\"541\" \/>\n\t<meta property=\"og:image:type\" content=\"image\/jpeg\" \/>\n<meta name=\"author\" content=\"mpcontaspr\" \/>\n<meta name=\"twitter:card\" content=\"summary_large_image\" \/>\n<meta name=\"twitter:label1\" content=\"Escrito por\" \/>\n\t<meta name=\"twitter:data1\" content=\"mpcontaspr\" \/>\n\t<meta name=\"twitter:label2\" content=\"Est. tempo de leitura\" \/>\n\t<meta name=\"twitter:data2\" content=\"5 minutos\" \/>\n<script type=\"application\/ld+json\" class=\"yoast-schema-graph\">{\"@context\":\"https:\\\/\\\/schema.org\",\"@graph\":[{\"@type\":\"Article\",\"@id\":\"https:\\\/\\\/www.mpc.pr.gov.br\\\/index.php\\\/municipio-deve-anular-pregao-em-razao-de-restricao-indevida-na-competitividade-do-certame\\\/#article\",\"isPartOf\":{\"@id\":\"https:\\\/\\\/www.mpc.pr.gov.br\\\/index.php\\\/municipio-deve-anular-pregao-em-razao-de-restricao-indevida-na-competitividade-do-certame\\\/\"},\"author\":{\"name\":\"mpcontaspr\",\"@id\":\"https:\\\/\\\/www.mpc.pr.gov.br\\\/#\\\/schema\\\/person\\\/2d83cb8980538d0ec174e8a6284f5e11\"},\"headline\":\"Munic\u00edpio deve anular preg\u00e3o em raz\u00e3o de restri\u00e7\u00e3o indevida na competitividade do certame\",\"datePublished\":\"2023-11-09T17:13:42+00:00\",\"dateModified\":\"2023-11-28T13:09:31+00:00\",\"mainEntityOfPage\":{\"@id\":\"https:\\\/\\\/www.mpc.pr.gov.br\\\/index.php\\\/municipio-deve-anular-pregao-em-razao-de-restricao-indevida-na-competitividade-do-certame\\\/\"},\"wordCount\":992,\"commentCount\":0,\"publisher\":{\"@id\":\"https:\\\/\\\/www.mpc.pr.gov.br\\\/#organization\"},\"image\":{\"@id\":\"https:\\\/\\\/www.mpc.pr.gov.br\\\/index.php\\\/municipio-deve-anular-pregao-em-razao-de-restricao-indevida-na-competitividade-do-certame\\\/#primaryimage\"},\"thumbnailUrl\":\"https:\\\/\\\/www.mpc.pr.gov.br\\\/wp-content\\\/uploads\\\/2023\\\/11\\\/FLORESTA-Vista-da-area-central-da-sede-urbana-de-Floresta-municipio-da-regiao-Norte-do-Parana.-Foto-Divulgacao.jpg\",\"keywords\":[\"Competitividade\",\"Floresta\",\"MPC-PR\",\"Preg\u00e3o Eletr\u00f4nico\",\"Representa\u00e7\u00e3o\",\"TCE-PR\",\"Tribunal Pleno\"],\"articleSection\":[\"Todas as not\u00edcias\"],\"inLanguage\":\"pt-BR\",\"potentialAction\":[{\"@type\":\"CommentAction\",\"name\":\"Comment\",\"target\":[\"https:\\\/\\\/www.mpc.pr.gov.br\\\/index.php\\\/municipio-deve-anular-pregao-em-razao-de-restricao-indevida-na-competitividade-do-certame\\\/#respond\"]}]},{\"@type\":\"WebPage\",\"@id\":\"https:\\\/\\\/www.mpc.pr.gov.br\\\/index.php\\\/municipio-deve-anular-pregao-em-razao-de-restricao-indevida-na-competitividade-do-certame\\\/\",\"url\":\"https:\\\/\\\/www.mpc.pr.gov.br\\\/index.php\\\/municipio-deve-anular-pregao-em-razao-de-restricao-indevida-na-competitividade-do-certame\\\/\",\"name\":\"Munic\u00edpio deve anular preg\u00e3o em raz\u00e3o de restri\u00e7\u00e3o indevida na competitividade do certame - Minist\u00e9rio P\u00fablico de Contas do Estado do Paran\u00e1\",\"isPartOf\":{\"@id\":\"https:\\\/\\\/www.mpc.pr.gov.br\\\/#website\"},\"primaryImageOfPage\":{\"@id\":\"https:\\\/\\\/www.mpc.pr.gov.br\\\/index.php\\\/municipio-deve-anular-pregao-em-razao-de-restricao-indevida-na-competitividade-do-certame\\\/#primaryimage\"},\"image\":{\"@id\":\"https:\\\/\\\/www.mpc.pr.gov.br\\\/index.php\\\/municipio-deve-anular-pregao-em-razao-de-restricao-indevida-na-competitividade-do-certame\\\/#primaryimage\"},\"thumbnailUrl\":\"https:\\\/\\\/www.mpc.pr.gov.br\\\/wp-content\\\/uploads\\\/2023\\\/11\\\/FLORESTA-Vista-da-area-central-da-sede-urbana-de-Floresta-municipio-da-regiao-Norte-do-Parana.-Foto-Divulgacao.jpg\",\"datePublished\":\"2023-11-09T17:13:42+00:00\",\"dateModified\":\"2023-11-28T13:09:31+00:00\",\"breadcrumb\":{\"@id\":\"https:\\\/\\\/www.mpc.pr.gov.br\\\/index.php\\\/municipio-deve-anular-pregao-em-razao-de-restricao-indevida-na-competitividade-do-certame\\\/#breadcrumb\"},\"inLanguage\":\"pt-BR\",\"potentialAction\":[{\"@type\":\"ReadAction\",\"target\":[\"https:\\\/\\\/www.mpc.pr.gov.br\\\/index.php\\\/municipio-deve-anular-pregao-em-razao-de-restricao-indevida-na-competitividade-do-certame\\\/\"]}]},{\"@type\":\"ImageObject\",\"inLanguage\":\"pt-BR\",\"@id\":\"https:\\\/\\\/www.mpc.pr.gov.br\\\/index.php\\\/municipio-deve-anular-pregao-em-razao-de-restricao-indevida-na-competitividade-do-certame\\\/#primaryimage\",\"url\":\"https:\\\/\\\/www.mpc.pr.gov.br\\\/wp-content\\\/uploads\\\/2023\\\/11\\\/FLORESTA-Vista-da-area-central-da-sede-urbana-de-Floresta-municipio-da-regiao-Norte-do-Parana.-Foto-Divulgacao.jpg\",\"contentUrl\":\"https:\\\/\\\/www.mpc.pr.gov.br\\\/wp-content\\\/uploads\\\/2023\\\/11\\\/FLORESTA-Vista-da-area-central-da-sede-urbana-de-Floresta-municipio-da-regiao-Norte-do-Parana.-Foto-Divulgacao.jpg\",\"width\":640,\"height\":541,\"caption\":\"Vista da \u00e1rea central da sede urbana de Floresta, munic\u00edpio da regi\u00e3o Norte do Paran\u00e1. Foto: Divulga\u00e7\u00e3o\"},{\"@type\":\"BreadcrumbList\",\"@id\":\"https:\\\/\\\/www.mpc.pr.gov.br\\\/index.php\\\/municipio-deve-anular-pregao-em-razao-de-restricao-indevida-na-competitividade-do-certame\\\/#breadcrumb\",\"itemListElement\":[{\"@type\":\"ListItem\",\"position\":1,\"name\":\"In\u00edcio\",\"item\":\"https:\\\/\\\/www.mpc.pr.gov.br\\\/\"},{\"@type\":\"ListItem\",\"position\":2,\"name\":\"Munic\u00edpio deve anular preg\u00e3o em raz\u00e3o de restri\u00e7\u00e3o indevida na competitividade do certame\"}]},{\"@type\":\"WebSite\",\"@id\":\"https:\\\/\\\/www.mpc.pr.gov.br\\\/#website\",\"url\":\"https:\\\/\\\/www.mpc.pr.gov.br\\\/\",\"name\":\"Minist\u00e9rio P\u00fablico de Contas do Estado do Paran\u00e1\",\"description\":\"\",\"publisher\":{\"@id\":\"https:\\\/\\\/www.mpc.pr.gov.br\\\/#organization\"},\"potentialAction\":[{\"@type\":\"SearchAction\",\"target\":{\"@type\":\"EntryPoint\",\"urlTemplate\":\"https:\\\/\\\/www.mpc.pr.gov.br\\\/?s={search_term_string}\"},\"query-input\":{\"@type\":\"PropertyValueSpecification\",\"valueRequired\":true,\"valueName\":\"search_term_string\"}}],\"inLanguage\":\"pt-BR\"},{\"@type\":\"Organization\",\"@id\":\"https:\\\/\\\/www.mpc.pr.gov.br\\\/#organization\",\"name\":\"Minist\u00e9rio P\u00fablico de Contas do Estado do Paran\u00e1\",\"url\":\"https:\\\/\\\/www.mpc.pr.gov.br\\\/\",\"logo\":{\"@type\":\"ImageObject\",\"inLanguage\":\"pt-BR\",\"@id\":\"https:\\\/\\\/www.mpc.pr.gov.br\\\/#\\\/schema\\\/logo\\\/image\\\/\",\"url\":\"https:\\\/\\\/www.mpc.pr.gov.br\\\/wp-content\\\/uploads\\\/2020\\\/06\\\/99423647_1593460364143890_6706793420720963584_n-1-e1591387983167.png\",\"contentUrl\":\"https:\\\/\\\/www.mpc.pr.gov.br\\\/wp-content\\\/uploads\\\/2020\\\/06\\\/99423647_1593460364143890_6706793420720963584_n-1-e1591387983167.png\",\"width\":243,\"height\":73,\"caption\":\"Minist\u00e9rio P\u00fablico de Contas do Estado do Paran\u00e1\"},\"image\":{\"@id\":\"https:\\\/\\\/www.mpc.pr.gov.br\\\/#\\\/schema\\\/logo\\\/image\\\/\"},\"sameAs\":[\"https:\\\/\\\/www.facebook.com\\\/mpc.pr\",\"https:\\\/\\\/www.instagram.com\\\/mpc.pr\\\/?hl=pt-br\",\"https:\\\/\\\/www.youtube.com\\\/channel\\\/UCHri5oEM8DV0ztX57E0sBSw\"]},{\"@type\":\"Person\",\"@id\":\"https:\\\/\\\/www.mpc.pr.gov.br\\\/#\\\/schema\\\/person\\\/2d83cb8980538d0ec174e8a6284f5e11\",\"name\":\"mpcontaspr\",\"image\":{\"@type\":\"ImageObject\",\"inLanguage\":\"pt-BR\",\"@id\":\"https:\\\/\\\/secure.gravatar.com\\\/avatar\\\/1aef51541db7622e05fd639336c9c9f312c2a618396e2b6ca96846362fc5403f?s=96&d=mm&r=g\",\"url\":\"https:\\\/\\\/secure.gravatar.com\\\/avatar\\\/1aef51541db7622e05fd639336c9c9f312c2a618396e2b6ca96846362fc5403f?s=96&d=mm&r=g\",\"contentUrl\":\"https:\\\/\\\/secure.gravatar.com\\\/avatar\\\/1aef51541db7622e05fd639336c9c9f312c2a618396e2b6ca96846362fc5403f?s=96&d=mm&r=g\",\"caption\":\"mpcontaspr\"},\"sameAs\":[\"http:\\\/\\\/www.mpc.pr.gov.br\"]}]}<\/script>\n<!-- \/ Yoast SEO plugin. -->","yoast_head_json":{"title":"Munic\u00edpio deve anular preg\u00e3o em raz\u00e3o de restri\u00e7\u00e3o indevida na competitividade do certame - Minist\u00e9rio P\u00fablico de Contas do Estado do Paran\u00e1","robots":{"index":"index","follow":"follow","max-snippet":"max-snippet:-1","max-image-preview":"max-image-preview:large","max-video-preview":"max-video-preview:-1"},"canonical":"https:\/\/www.mpc.pr.gov.br\/index.php\/municipio-deve-anular-pregao-em-razao-de-restricao-indevida-na-competitividade-do-certame\/","og_locale":"pt_BR","og_type":"article","og_title":"Munic\u00edpio deve anular preg\u00e3o em raz\u00e3o de restri\u00e7\u00e3o indevida na competitividade do certame - Minist\u00e9rio P\u00fablico de Contas do Estado do Paran\u00e1","og_description":"O Munic\u00edpio de Floresta, ao realizar futuros procedimentos licitat\u00f3rios exclusivos para Microempresas (ME) e\/ou Empresas de Pequeno Porte (EPP) situados no munic\u00edpio ou na regi\u00e3o, deve atender ao estabelecido no Prejulgado n\u00ba 27 do Tribunal de Contas do Estado (TCE-PR). Tal normativa deve ser levada em considera\u00e7\u00e3o especialmente quanto \u00e0 elabora\u00e7\u00e3o de planejamento p\u00fablico detalhado, [&hellip;]","og_url":"https:\/\/www.mpc.pr.gov.br\/index.php\/municipio-deve-anular-pregao-em-razao-de-restricao-indevida-na-competitividade-do-certame\/","og_site_name":"Minist\u00e9rio P\u00fablico de Contas do Estado do Paran\u00e1","article_publisher":"https:\/\/www.facebook.com\/mpc.pr","article_published_time":"2023-11-09T17:13:42+00:00","article_modified_time":"2023-11-28T13:09:31+00:00","og_image":[{"width":640,"height":541,"url":"https:\/\/www.mpc.pr.gov.br\/wp-content\/uploads\/2023\/11\/FLORESTA-Vista-da-area-central-da-sede-urbana-de-Floresta-municipio-da-regiao-Norte-do-Parana.-Foto-Divulgacao.jpg","type":"image\/jpeg"}],"author":"mpcontaspr","twitter_card":"summary_large_image","twitter_misc":{"Escrito por":"mpcontaspr","Est. tempo de leitura":"5 minutos"},"schema":{"@context":"https:\/\/schema.org","@graph":[{"@type":"Article","@id":"https:\/\/www.mpc.pr.gov.br\/index.php\/municipio-deve-anular-pregao-em-razao-de-restricao-indevida-na-competitividade-do-certame\/#article","isPartOf":{"@id":"https:\/\/www.mpc.pr.gov.br\/index.php\/municipio-deve-anular-pregao-em-razao-de-restricao-indevida-na-competitividade-do-certame\/"},"author":{"name":"mpcontaspr","@id":"https:\/\/www.mpc.pr.gov.br\/#\/schema\/person\/2d83cb8980538d0ec174e8a6284f5e11"},"headline":"Munic\u00edpio deve anular preg\u00e3o em raz\u00e3o de restri\u00e7\u00e3o indevida na competitividade do certame","datePublished":"2023-11-09T17:13:42+00:00","dateModified":"2023-11-28T13:09:31+00:00","mainEntityOfPage":{"@id":"https:\/\/www.mpc.pr.gov.br\/index.php\/municipio-deve-anular-pregao-em-razao-de-restricao-indevida-na-competitividade-do-certame\/"},"wordCount":992,"commentCount":0,"publisher":{"@id":"https:\/\/www.mpc.pr.gov.br\/#organization"},"image":{"@id":"https:\/\/www.mpc.pr.gov.br\/index.php\/municipio-deve-anular-pregao-em-razao-de-restricao-indevida-na-competitividade-do-certame\/#primaryimage"},"thumbnailUrl":"https:\/\/www.mpc.pr.gov.br\/wp-content\/uploads\/2023\/11\/FLORESTA-Vista-da-area-central-da-sede-urbana-de-Floresta-municipio-da-regiao-Norte-do-Parana.-Foto-Divulgacao.jpg","keywords":["Competitividade","Floresta","MPC-PR","Preg\u00e3o Eletr\u00f4nico","Representa\u00e7\u00e3o","TCE-PR","Tribunal Pleno"],"articleSection":["Todas as not\u00edcias"],"inLanguage":"pt-BR","potentialAction":[{"@type":"CommentAction","name":"Comment","target":["https:\/\/www.mpc.pr.gov.br\/index.php\/municipio-deve-anular-pregao-em-razao-de-restricao-indevida-na-competitividade-do-certame\/#respond"]}]},{"@type":"WebPage","@id":"https:\/\/www.mpc.pr.gov.br\/index.php\/municipio-deve-anular-pregao-em-razao-de-restricao-indevida-na-competitividade-do-certame\/","url":"https:\/\/www.mpc.pr.gov.br\/index.php\/municipio-deve-anular-pregao-em-razao-de-restricao-indevida-na-competitividade-do-certame\/","name":"Munic\u00edpio deve anular preg\u00e3o em raz\u00e3o de restri\u00e7\u00e3o indevida na competitividade do certame - Minist\u00e9rio P\u00fablico de Contas do Estado do Paran\u00e1","isPartOf":{"@id":"https:\/\/www.mpc.pr.gov.br\/#website"},"primaryImageOfPage":{"@id":"https:\/\/www.mpc.pr.gov.br\/index.php\/municipio-deve-anular-pregao-em-razao-de-restricao-indevida-na-competitividade-do-certame\/#primaryimage"},"image":{"@id":"https:\/\/www.mpc.pr.gov.br\/index.php\/municipio-deve-anular-pregao-em-razao-de-restricao-indevida-na-competitividade-do-certame\/#primaryimage"},"thumbnailUrl":"https:\/\/www.mpc.pr.gov.br\/wp-content\/uploads\/2023\/11\/FLORESTA-Vista-da-area-central-da-sede-urbana-de-Floresta-municipio-da-regiao-Norte-do-Parana.-Foto-Divulgacao.jpg","datePublished":"2023-11-09T17:13:42+00:00","dateModified":"2023-11-28T13:09:31+00:00","breadcrumb":{"@id":"https:\/\/www.mpc.pr.gov.br\/index.php\/municipio-deve-anular-pregao-em-razao-de-restricao-indevida-na-competitividade-do-certame\/#breadcrumb"},"inLanguage":"pt-BR","potentialAction":[{"@type":"ReadAction","target":["https:\/\/www.mpc.pr.gov.br\/index.php\/municipio-deve-anular-pregao-em-razao-de-restricao-indevida-na-competitividade-do-certame\/"]}]},{"@type":"ImageObject","inLanguage":"pt-BR","@id":"https:\/\/www.mpc.pr.gov.br\/index.php\/municipio-deve-anular-pregao-em-razao-de-restricao-indevida-na-competitividade-do-certame\/#primaryimage","url":"https:\/\/www.mpc.pr.gov.br\/wp-content\/uploads\/2023\/11\/FLORESTA-Vista-da-area-central-da-sede-urbana-de-Floresta-municipio-da-regiao-Norte-do-Parana.-Foto-Divulgacao.jpg","contentUrl":"https:\/\/www.mpc.pr.gov.br\/wp-content\/uploads\/2023\/11\/FLORESTA-Vista-da-area-central-da-sede-urbana-de-Floresta-municipio-da-regiao-Norte-do-Parana.-Foto-Divulgacao.jpg","width":640,"height":541,"caption":"Vista da \u00e1rea central da sede urbana de Floresta, munic\u00edpio da regi\u00e3o Norte do Paran\u00e1. Foto: Divulga\u00e7\u00e3o"},{"@type":"BreadcrumbList","@id":"https:\/\/www.mpc.pr.gov.br\/index.php\/municipio-deve-anular-pregao-em-razao-de-restricao-indevida-na-competitividade-do-certame\/#breadcrumb","itemListElement":[{"@type":"ListItem","position":1,"name":"In\u00edcio","item":"https:\/\/www.mpc.pr.gov.br\/"},{"@type":"ListItem","position":2,"name":"Munic\u00edpio deve anular preg\u00e3o em raz\u00e3o de restri\u00e7\u00e3o indevida na competitividade do certame"}]},{"@type":"WebSite","@id":"https:\/\/www.mpc.pr.gov.br\/#website","url":"https:\/\/www.mpc.pr.gov.br\/","name":"Minist\u00e9rio P\u00fablico de Contas do Estado do Paran\u00e1","description":"","publisher":{"@id":"https:\/\/www.mpc.pr.gov.br\/#organization"},"potentialAction":[{"@type":"SearchAction","target":{"@type":"EntryPoint","urlTemplate":"https:\/\/www.mpc.pr.gov.br\/?s={search_term_string}"},"query-input":{"@type":"PropertyValueSpecification","valueRequired":true,"valueName":"search_term_string"}}],"inLanguage":"pt-BR"},{"@type":"Organization","@id":"https:\/\/www.mpc.pr.gov.br\/#organization","name":"Minist\u00e9rio P\u00fablico de Contas do Estado do Paran\u00e1","url":"https:\/\/www.mpc.pr.gov.br\/","logo":{"@type":"ImageObject","inLanguage":"pt-BR","@id":"https:\/\/www.mpc.pr.gov.br\/#\/schema\/logo\/image\/","url":"https:\/\/www.mpc.pr.gov.br\/wp-content\/uploads\/2020\/06\/99423647_1593460364143890_6706793420720963584_n-1-e1591387983167.png","contentUrl":"https:\/\/www.mpc.pr.gov.br\/wp-content\/uploads\/2020\/06\/99423647_1593460364143890_6706793420720963584_n-1-e1591387983167.png","width":243,"height":73,"caption":"Minist\u00e9rio P\u00fablico de Contas do Estado do Paran\u00e1"},"image":{"@id":"https:\/\/www.mpc.pr.gov.br\/#\/schema\/logo\/image\/"},"sameAs":["https:\/\/www.facebook.com\/mpc.pr","https:\/\/www.instagram.com\/mpc.pr\/?hl=pt-br","https:\/\/www.youtube.com\/channel\/UCHri5oEM8DV0ztX57E0sBSw"]},{"@type":"Person","@id":"https:\/\/www.mpc.pr.gov.br\/#\/schema\/person\/2d83cb8980538d0ec174e8a6284f5e11","name":"mpcontaspr","image":{"@type":"ImageObject","inLanguage":"pt-BR","@id":"https:\/\/secure.gravatar.com\/avatar\/1aef51541db7622e05fd639336c9c9f312c2a618396e2b6ca96846362fc5403f?s=96&d=mm&r=g","url":"https:\/\/secure.gravatar.com\/avatar\/1aef51541db7622e05fd639336c9c9f312c2a618396e2b6ca96846362fc5403f?s=96&d=mm&r=g","contentUrl":"https:\/\/secure.gravatar.com\/avatar\/1aef51541db7622e05fd639336c9c9f312c2a618396e2b6ca96846362fc5403f?s=96&d=mm&r=g","caption":"mpcontaspr"},"sameAs":["http:\/\/www.mpc.pr.gov.br"]}]}},"rttpg_featured_image_url":{"full":["https:\/\/www.mpc.pr.gov.br\/wp-content\/uploads\/2023\/11\/FLORESTA-Vista-da-area-central-da-sede-urbana-de-Floresta-municipio-da-regiao-Norte-do-Parana.-Foto-Divulgacao.jpg",640,541,false],"landscape":["https:\/\/www.mpc.pr.gov.br\/wp-content\/uploads\/2023\/11\/FLORESTA-Vista-da-area-central-da-sede-urbana-de-Floresta-municipio-da-regiao-Norte-do-Parana.-Foto-Divulgacao.jpg",640,541,false],"portraits":["https:\/\/www.mpc.pr.gov.br\/wp-content\/uploads\/2023\/11\/FLORESTA-Vista-da-area-central-da-sede-urbana-de-Floresta-municipio-da-regiao-Norte-do-Parana.-Foto-Divulgacao.jpg",640,541,false],"thumbnail":["https:\/\/www.mpc.pr.gov.br\/wp-content\/uploads\/2023\/11\/FLORESTA-Vista-da-area-central-da-sede-urbana-de-Floresta-municipio-da-regiao-Norte-do-Parana.-Foto-Divulgacao-150x150.jpg",150,150,true],"medium":["https:\/\/www.mpc.pr.gov.br\/wp-content\/uploads\/2023\/11\/FLORESTA-Vista-da-area-central-da-sede-urbana-de-Floresta-municipio-da-regiao-Norte-do-Parana.-Foto-Divulgacao-300x254.jpg",300,254,true],"large":["https:\/\/www.mpc.pr.gov.br\/wp-content\/uploads\/2023\/11\/FLORESTA-Vista-da-area-central-da-sede-urbana-de-Floresta-municipio-da-regiao-Norte-do-Parana.-Foto-Divulgacao.jpg",640,541,false],"1536x1536":["https:\/\/www.mpc.pr.gov.br\/wp-content\/uploads\/2023\/11\/FLORESTA-Vista-da-area-central-da-sede-urbana-de-Floresta-municipio-da-regiao-Norte-do-Parana.-Foto-Divulgacao.jpg",640,541,false],"2048x2048":["https:\/\/www.mpc.pr.gov.br\/wp-content\/uploads\/2023\/11\/FLORESTA-Vista-da-area-central-da-sede-urbana-de-Floresta-municipio-da-regiao-Norte-do-Parana.-Foto-Divulgacao.jpg",640,541,false],"ocean-thumb-m":["https:\/\/www.mpc.pr.gov.br\/wp-content\/uploads\/2023\/11\/FLORESTA-Vista-da-area-central-da-sede-urbana-de-Floresta-municipio-da-regiao-Norte-do-Parana.-Foto-Divulgacao-600x541.jpg",600,541,true],"ocean-thumb-ml":["https:\/\/www.mpc.pr.gov.br\/wp-content\/uploads\/2023\/11\/FLORESTA-Vista-da-area-central-da-sede-urbana-de-Floresta-municipio-da-regiao-Norte-do-Parana.-Foto-Divulgacao-640x450.jpg",640,450,true],"ocean-thumb-l":["https:\/\/www.mpc.pr.gov.br\/wp-content\/uploads\/2023\/11\/FLORESTA-Vista-da-area-central-da-sede-urbana-de-Floresta-municipio-da-regiao-Norte-do-Parana.-Foto-Divulgacao.jpg",640,541,false]},"rttpg_author":{"display_name":"mpcontaspr","author_link":"https:\/\/www.mpc.pr.gov.br\/index.php\/author\/mpcontaspr\/"},"rttpg_comment":0,"rttpg_category":"<a href=\"https:\/\/www.mpc.pr.gov.br\/index.php\/category\/todas-as-noticias\/\" rel=\"category tag\">Todas as not\u00edcias<\/a>","rttpg_excerpt":"O Munic\u00edpio de Floresta, ao realizar futuros procedimentos licitat\u00f3rios exclusivos para Microempresas (ME) e\/ou Empresas de Pequeno Porte (EPP) situados no munic\u00edpio ou na regi\u00e3o, deve atender ao estabelecido no Prejulgado n\u00ba 27 do Tribunal de Contas do Estado (TCE-PR). Tal normativa deve ser levada em considera\u00e7\u00e3o especialmente quanto \u00e0 elabora\u00e7\u00e3o de planejamento p\u00fablico detalhado,&hellip;","_links":{"self":[{"href":"https:\/\/www.mpc.pr.gov.br\/index.php\/wp-json\/wp\/v2\/posts\/16744","targetHints":{"allow":["GET"]}}],"collection":[{"href":"https:\/\/www.mpc.pr.gov.br\/index.php\/wp-json\/wp\/v2\/posts"}],"about":[{"href":"https:\/\/www.mpc.pr.gov.br\/index.php\/wp-json\/wp\/v2\/types\/post"}],"author":[{"embeddable":true,"href":"https:\/\/www.mpc.pr.gov.br\/index.php\/wp-json\/wp\/v2\/users\/1"}],"replies":[{"embeddable":true,"href":"https:\/\/www.mpc.pr.gov.br\/index.php\/wp-json\/wp\/v2\/comments?post=16744"}],"version-history":[{"count":1,"href":"https:\/\/www.mpc.pr.gov.br\/index.php\/wp-json\/wp\/v2\/posts\/16744\/revisions"}],"predecessor-version":[{"id":16749,"href":"https:\/\/www.mpc.pr.gov.br\/index.php\/wp-json\/wp\/v2\/posts\/16744\/revisions\/16749"}],"wp:featuredmedia":[{"embeddable":true,"href":"https:\/\/www.mpc.pr.gov.br\/index.php\/wp-json\/wp\/v2\/media\/16746"}],"wp:attachment":[{"href":"https:\/\/www.mpc.pr.gov.br\/index.php\/wp-json\/wp\/v2\/media?parent=16744"}],"wp:term":[{"taxonomy":"category","embeddable":true,"href":"https:\/\/www.mpc.pr.gov.br\/index.php\/wp-json\/wp\/v2\/categories?post=16744"},{"taxonomy":"post_tag","embeddable":true,"href":"https:\/\/www.mpc.pr.gov.br\/index.php\/wp-json\/wp\/v2\/tags?post=16744"}],"curies":[{"name":"wp","href":"https:\/\/api.w.org\/{rel}","templated":true}]}}