{"id":16758,"date":"2023-11-13T14:32:18","date_gmt":"2023-11-13T17:32:18","guid":{"rendered":"https:\/\/www.mpc.pr.gov.br\/?p=16758"},"modified":"2023-11-30T14:27:24","modified_gmt":"2023-11-30T17:27:24","slug":"apos-parecer-do-mpc-pr-prestacao-de-contas-de-2020-do-municipio-de-candido-de-abreu-e-julgada-regular","status":"publish","type":"post","link":"https:\/\/www.mpc.pr.gov.br\/index.php\/apos-parecer-do-mpc-pr-prestacao-de-contas-de-2020-do-municipio-de-candido-de-abreu-e-julgada-regular\/","title":{"rendered":"Ap\u00f3s parecer do MPC-PR, presta\u00e7\u00e3o de contas de 2020 do Munic\u00edpio de C\u00e2ndido de Abreu \u00e9 julgada regular"},"content":{"rendered":"<figure id=\"attachment_16760\" aria-describedby=\"caption-attachment-16760\" style=\"width: 300px\" class=\"wp-caption alignleft\"><img fetchpriority=\"high\" decoding=\"async\" class=\"size-medium wp-image-16760\" src=\"https:\/\/www.mpc.pr.gov.br\/wp-content\/uploads\/2023\/11\/CANDIDO-DE-ABREU-300x199.jpg\" alt=\"\" width=\"300\" height=\"199\" srcset=\"https:\/\/www.mpc.pr.gov.br\/wp-content\/uploads\/2023\/11\/CANDIDO-DE-ABREU-300x199.jpg 300w, https:\/\/www.mpc.pr.gov.br\/wp-content\/uploads\/2023\/11\/CANDIDO-DE-ABREU-768x509.jpg 768w, https:\/\/www.mpc.pr.gov.br\/wp-content\/uploads\/2023\/11\/CANDIDO-DE-ABREU.jpg 1024w\" sizes=\"(max-width: 300px) 100vw, 300px\" \/><figcaption id=\"caption-attachment-16760\" class=\"wp-caption-text\">Vista a\u00e9rea do Munic\u00edpio de C\u00e2ndido de Abreu no Estado Paran\u00e1, conhecido como &#8220;Para\u00edso das Serras&#8221;. Foto: divulga\u00e7\u00e3o.<\/figcaption><\/figure>\n<p><span data-contrast=\"auto\">A Primeira C\u00e2mara do Tribunal de Contas do Paran\u00e1 (TCE-PR) emitiu o Ac\u00f3rd\u00e3o de Parecer Pr\u00e9vio n\u00b0 464\/23 recomendando o julgamento pela regularidade com ressalvas das contas do <a href=\"http:\/\/www.candidodeabreu.pr.gov.br\/\">Munic\u00edpio de C\u00e2ndido de Abreu<\/a>, relativas ao exerc\u00edcio financeiro de 2020, de responsabilidade do ex-Prefeito Jos\u00e9 Maria Reis Junior (gest\u00f5es 2013-2016 e 2017-2020).<\/span><span data-ccp-props=\"{&quot;201341983&quot;:0,&quot;335551550&quot;:6,&quot;335551620&quot;:6,&quot;335559739&quot;:160,&quot;335559740&quot;:360}\">\u00a0<\/span><\/p>\n<p><span data-contrast=\"auto\">Na decis\u00e3o, o relator Conselheiro Ivens Zschoerper Linhares acompanhou a manifesta\u00e7\u00e3o do Minist\u00e9rio P\u00fablico de Contas do Paran\u00e1 (MPC-PR), por meio da qual ressalvou o item relacionado ao n\u00e3o encaminhamento de todos os atos legais sobre a nomea\u00e7\u00e3o dos membros do Conselho Municipal de Sa\u00fade. Para o \u00f3rg\u00e3o ministerial, tais apontamentos representam falhas de natureza formal, de modo que, \u00e0 luz dos princ\u00edpios da razoabilidade e da proporcionalidade, podem ser convertidos em causa de ressalva das contas, sem aplica\u00e7\u00e3o de multa ao gestor.<\/span><span data-ccp-props=\"{&quot;201341983&quot;:0,&quot;335551550&quot;:6,&quot;335551620&quot;:6,&quot;335559739&quot;:160,&quot;335559740&quot;:360}\">\u00a0<\/span><\/p>\n<h4><b><span data-contrast=\"auto\">Instru\u00e7\u00e3o do Processo<\/span><\/b><span data-ccp-props=\"{&quot;201341983&quot;:0,&quot;335551550&quot;:6,&quot;335551620&quot;:6,&quot;335559739&quot;:160,&quot;335559740&quot;:360}\">\u00a0<\/span><\/h4>\n<p><span data-contrast=\"auto\">Ap\u00f3s an\u00e1lise dos contradit\u00f3rios, a Coordenadoria de Gest\u00e3o Municipal (CGM) opinou conclusivamente pela irregularidade das contas, em raz\u00e3o do Relat\u00f3rio do Controle Interno encaminhado n\u00e3o apresentar os conte\u00fados m\u00ednimos prescritos pelo TCE-PR, tendo em vista que n\u00e3o foi poss\u00edvel localizar o ato de nomea\u00e7\u00e3o de todos os conselheiros que assinaram o Parecer do Conselho Municipal de Sa\u00fade sobre a avalia\u00e7\u00e3o da gest\u00e3o, e que este deve estar assinado pelo Presidente e demais membros do Conselho, em sua maioria. Por essas raz\u00f5es, sugeriu a aplica\u00e7\u00e3o da multa prevista no art. 87, IV, \u201cg\u201d, da Lei Complementar Estadual n\u00ba 113\/2005, e, ainda, a do art. 87, I, \u201cb\u201d, da mesma lei.\u00a0<\/span><span data-ccp-props=\"{&quot;201341983&quot;:0,&quot;335551550&quot;:6,&quot;335551620&quot;:6,&quot;335559739&quot;:160,&quot;335559740&quot;:360}\">\u00a0<\/span><\/p>\n<p><span data-contrast=\"auto\">Ao final, ainda prop\u00f4s a convers\u00e3o em ressalva do apontamento referente as \u201cDespesas com publicidade institucional realizadas no per\u00edodo que antecede as elei\u00e7\u00f5es (exceto a publica\u00e7\u00e3o legal das normas, regulamentos e editais)\u201d.<\/span><span data-ccp-props=\"{&quot;201341983&quot;:0,&quot;335551550&quot;:6,&quot;335551620&quot;:6,&quot;335559739&quot;:160,&quot;335559740&quot;:360}\">\u00a0<\/span><\/p>\n<p><span data-contrast=\"auto\">Por sua vez, mediante o <a href=\"https:\/\/www.mpc.pr.gov.br\/wp-content\/uploads\/2023\/11\/CANDIDO-DE-ABREU-PARECER-504-23.pdf\">Parecer n\u00b0 504\/23<\/a>, o Minist\u00e9rio P\u00fablico de Contas reiterou seu opinativo emitido anteriormente por meio do <a href=\"https:\/\/www.mpc.pr.gov.br\/wp-content\/uploads\/2023\/11\/CANDIDO-DE-ABREU-PARECER-58-23.pdf\">Parecer n\u00b0 58\/23<\/a>, recomendando o julgamento pela regularidade da presta\u00e7\u00e3o de contas em an\u00e1lise.<\/span><span data-ccp-props=\"{&quot;201341983&quot;:0,&quot;335551550&quot;:6,&quot;335551620&quot;:6,&quot;335559739&quot;:160,&quot;335559740&quot;:360}\">\u00a0<\/span><\/p>\n<p><span data-contrast=\"auto\">Nesse sentido, observou que apesar do Parecer do Conselho Municipal de Sa\u00fade n\u00e3o ter sido assinado pela maioria de seus membros e de n\u00e3o ter sido apresentado o ato de nomea\u00e7\u00e3o da integralidade dos componentes do Conselho, tais apontamentos se caracterizam como falhas de natureza formal.\u00a0\u00a0<\/span><span data-ccp-props=\"{&quot;201341983&quot;:0,&quot;335551550&quot;:6,&quot;335551620&quot;:6,&quot;335559739&quot;:160,&quot;335559740&quot;:360}\">\u00a0<\/span><\/p>\n<p><span data-contrast=\"auto\">Ademais, de acordo com a pr\u00f3pria unidade instrutiva, a impropriedade foi devidamente sanada no posterior exerc\u00edcio de 2021, mediante a edi\u00e7\u00e3o do Decreto n\u00ba 267\/2021. Assim, considerou que a irregularidade suscitada pela unidade t\u00e9cnica poderia ser convertida em ressalva, sem aplica\u00e7\u00e3o de multa ao gestor. E, do mesmo modo, sugeriu a ressalva do item relativo a \u201cincorreta contabiliza\u00e7\u00e3o de despesas com publica\u00e7\u00e3o de atos oficiais&#8221;.<\/span><span data-ccp-props=\"{&quot;201341983&quot;:0,&quot;335551550&quot;:6,&quot;335551620&quot;:6,&quot;335559739&quot;:160,&quot;335559740&quot;:360}\">\u00a0<\/span><\/p>\n<h4><b><span data-contrast=\"auto\">Decis\u00e3o<\/span><\/b><span data-ccp-props=\"{&quot;201341983&quot;:0,&quot;335551550&quot;:6,&quot;335551620&quot;:6,&quot;335559739&quot;:160,&quot;335559740&quot;:360}\">\u00a0<\/span><\/h4>\n<p><span data-contrast=\"auto\">Em sede de julgamento, o relator acompanhou o entendimento esbo\u00e7ado pelo MPC-PR, quanto a convers\u00e3o em ressalva das falhas na composi\u00e7\u00e3o do Conselho Municipal de Sa\u00fade e insuficiente n\u00famero de assinaturas do Parecer emitido por aquele colegiado.\u00a0<\/span><span data-ccp-props=\"{&quot;201341983&quot;:0,&quot;335551550&quot;:6,&quot;335551620&quot;:6,&quot;335559739&quot;:160,&quot;335559740&quot;:360}\">\u00a0<\/span><\/p>\n<p><span data-contrast=\"auto\">Sobre essa quest\u00e3o, acrescentou que considerou em favor do gestor o fato de que, conforme disp\u00f5e o inciso I, art. 7\u00ba, da Lei n\u00ba 633\/2010, caberia ao Conselho Municipal de Sa\u00fade solicitar ao Prefeito a indica\u00e7\u00e3o e substitui\u00e7\u00e3o dos seus membros. Assim, com base no conjunto probat\u00f3rio dos autos e nos elementos de convic\u00e7\u00e3o at\u00e9 ent\u00e3o produzidos, n\u00e3o restou configurado dolo, m\u00e1-f\u00e9, tampouco les\u00e3o ao er\u00e1rio, sendo poss\u00edvel, portanto, a convers\u00e3o em ressalva do item.<\/span><span data-ccp-props=\"{&quot;201341983&quot;:0,&quot;335551550&quot;:6,&quot;335551620&quot;:6,&quot;335559739&quot;:160,&quot;335559740&quot;:360}\">\u00a0<\/span><\/p>\n<p><span data-contrast=\"auto\">Diante do exposto, os membros da Primeira C\u00e2mara acompanharam, por unanimidade, o voto do relator, determinando a emiss\u00e3o do <a href=\"https:\/\/www.mpc.pr.gov.br\/wp-content\/uploads\/2023\/11\/CANDIDO-DE-ABREU-ACORDAO-464-23-S1C.pdf\">Ac\u00f3rd\u00e3o de Parecer Pr\u00e9vio n\u00b0 464\/23<\/a>, recomendando a regularidade das contas do ex-Prefeito do Munic\u00edpio de C\u00e2ndido de Abreu, Jos\u00e9 Maria Reis Junior, relativas ao exerc\u00edcio de 2020, ressalvando-se o n\u00e3o encaminhamento de todos os atos legais dispondo sobre a nomea\u00e7\u00e3o dos membros do Conselho Municipal de Sa\u00fade que assinaram o parecer do referido conselho, e a classifica\u00e7\u00e3o cont\u00e1bil equivocada de despesas com publicidade institucional realizadas no per\u00edodo que antecede as elei\u00e7\u00f5es.<\/span><span data-ccp-props=\"{&quot;201341983&quot;:0,&quot;335551550&quot;:6,&quot;335551620&quot;:6,&quot;335559739&quot;:160,&quot;335559740&quot;:360}\">\u00a0<\/span><\/p>\n<blockquote><p><span style=\"color: #820007;\"><strong><u>Informa\u00e7\u00e3o para consulta processual<\/u><\/strong><\/span><\/p>\n<table style=\"height: 123px;\" border=\"0\" width=\"469\" cellspacing=\"0\" cellpadding=\"0\">\n<tbody>\n<tr>\n<td><strong>Processo n\u00ba<\/strong>:<\/td>\n<td>149356\/21<\/td>\n<\/tr>\n<tr>\n<td><strong>Ac\u00f3rd\u00e3o n\u00ba<\/strong>:<\/td>\n<td><span class=\"NormalTextRun SCXW188288879 BCX0\">Ac\u00f3rd\u00e3o n.\u00b0<\/span> 464\/23 &#8211; Primeira C\u00e2mara<\/td>\n<\/tr>\n<tr>\n<td><strong>Assunto<\/strong>:<\/td>\n<td>Presta\u00e7\u00e3o de Contas<\/td>\n<\/tr>\n<tr>\n<td><strong>Entidade<\/strong>:<\/td>\n<td>Munic\u00edpio de C\u00e2ndido de Abreu<\/td>\n<\/tr>\n<tr>\n<td><strong>Relator<\/strong>:<\/td>\n<td><span data-contrast=\"auto\">Conselheiro Ivens Zschoerper Linhares<\/span><\/td>\n<\/tr>\n<\/tbody>\n<\/table>\n<\/blockquote>\n","protected":false},"excerpt":{"rendered":"<p>A Primeira C\u00e2mara do Tribunal de Contas do Paran\u00e1 (TCE-PR) emitiu o Ac\u00f3rd\u00e3o de Parecer Pr\u00e9vio n\u00b0 464\/23 recomendando o julgamento pela regularidade com ressalvas das contas do Munic\u00edpio de C\u00e2ndido de Abreu, relativas ao exerc\u00edcio financeiro de 2020, de responsabilidade do ex-Prefeito Jos\u00e9 Maria Reis Junior (gest\u00f5es 2013-2016 e 2017-2020).\u00a0 Na decis\u00e3o, o relator [&hellip;]<\/p>\n","protected":false},"author":1,"featured_media":16760,"comment_status":"open","ping_status":"open","sticky":false,"template":"","format":"standard","meta":{"_monsterinsights_skip_tracking":false,"_monsterinsights_sitenote_active":false,"_monsterinsights_sitenote_note":"","_monsterinsights_sitenote_category":0,"footnotes":""},"categories":[7],"tags":[484,13,51,149,39],"class_list":["post-16758","post","type-post","status-publish","format-standard","has-post-thumbnail","hentry","category-todas-as-noticias","tag-candido-de-abreu","tag-mpc-pr","tag-prestacao-de-contas","tag-primeira-camara","tag-tce-pr","entry","has-media"],"yoast_head":"<!-- This site is optimized with the Yoast SEO plugin v27.3 - https:\/\/yoast.com\/product\/yoast-seo-wordpress\/ -->\n<title>Ap\u00f3s parecer do MPC-PR, presta\u00e7\u00e3o de contas de 2020 do Munic\u00edpio de C\u00e2ndido de Abreu \u00e9 julgada regular - Minist\u00e9rio P\u00fablico de Contas do Estado do Paran\u00e1<\/title>\n<meta name=\"robots\" content=\"index, follow, max-snippet:-1, max-image-preview:large, max-video-preview:-1\" \/>\n<link rel=\"canonical\" href=\"https:\/\/www.mpc.pr.gov.br\/index.php\/apos-parecer-do-mpc-pr-prestacao-de-contas-de-2020-do-municipio-de-candido-de-abreu-e-julgada-regular\/\" \/>\n<meta property=\"og:locale\" content=\"pt_BR\" \/>\n<meta property=\"og:type\" content=\"article\" \/>\n<meta property=\"og:title\" content=\"Ap\u00f3s parecer do MPC-PR, presta\u00e7\u00e3o de contas de 2020 do Munic\u00edpio de C\u00e2ndido de Abreu \u00e9 julgada regular - Minist\u00e9rio P\u00fablico de Contas do Estado do Paran\u00e1\" \/>\n<meta property=\"og:description\" content=\"A Primeira C\u00e2mara do Tribunal de Contas do Paran\u00e1 (TCE-PR) emitiu o Ac\u00f3rd\u00e3o de Parecer Pr\u00e9vio n\u00b0 464\/23 recomendando o julgamento pela regularidade com ressalvas das contas do Munic\u00edpio de C\u00e2ndido de Abreu, relativas ao exerc\u00edcio financeiro de 2020, de responsabilidade do ex-Prefeito Jos\u00e9 Maria Reis Junior (gest\u00f5es 2013-2016 e 2017-2020).\u00a0 Na decis\u00e3o, o relator [&hellip;]\" \/>\n<meta property=\"og:url\" content=\"https:\/\/www.mpc.pr.gov.br\/index.php\/apos-parecer-do-mpc-pr-prestacao-de-contas-de-2020-do-municipio-de-candido-de-abreu-e-julgada-regular\/\" \/>\n<meta property=\"og:site_name\" content=\"Minist\u00e9rio P\u00fablico de Contas do Estado do Paran\u00e1\" \/>\n<meta property=\"article:publisher\" content=\"https:\/\/www.facebook.com\/mpc.pr\" \/>\n<meta property=\"article:published_time\" content=\"2023-11-13T17:32:18+00:00\" \/>\n<meta property=\"article:modified_time\" content=\"2023-11-30T17:27:24+00:00\" \/>\n<meta property=\"og:image\" content=\"https:\/\/www.mpc.pr.gov.br\/wp-content\/uploads\/2023\/11\/CANDIDO-DE-ABREU.jpg\" \/>\n\t<meta property=\"og:image:width\" content=\"1024\" \/>\n\t<meta property=\"og:image:height\" content=\"678\" \/>\n\t<meta property=\"og:image:type\" content=\"image\/jpeg\" \/>\n<meta name=\"author\" content=\"mpcontaspr\" \/>\n<meta name=\"twitter:card\" content=\"summary_large_image\" \/>\n<meta name=\"twitter:label1\" content=\"Escrito por\" \/>\n\t<meta name=\"twitter:data1\" content=\"mpcontaspr\" \/>\n\t<meta name=\"twitter:label2\" content=\"Est. tempo de leitura\" \/>\n\t<meta name=\"twitter:data2\" content=\"4 minutos\" \/>\n<script type=\"application\/ld+json\" class=\"yoast-schema-graph\">{\"@context\":\"https:\\\/\\\/schema.org\",\"@graph\":[{\"@type\":\"Article\",\"@id\":\"https:\\\/\\\/www.mpc.pr.gov.br\\\/index.php\\\/apos-parecer-do-mpc-pr-prestacao-de-contas-de-2020-do-municipio-de-candido-de-abreu-e-julgada-regular\\\/#article\",\"isPartOf\":{\"@id\":\"https:\\\/\\\/www.mpc.pr.gov.br\\\/index.php\\\/apos-parecer-do-mpc-pr-prestacao-de-contas-de-2020-do-municipio-de-candido-de-abreu-e-julgada-regular\\\/\"},\"author\":{\"name\":\"mpcontaspr\",\"@id\":\"https:\\\/\\\/www.mpc.pr.gov.br\\\/#\\\/schema\\\/person\\\/2d83cb8980538d0ec174e8a6284f5e11\"},\"headline\":\"Ap\u00f3s parecer do MPC-PR, presta\u00e7\u00e3o de contas de 2020 do Munic\u00edpio de C\u00e2ndido de Abreu \u00e9 julgada regular\",\"datePublished\":\"2023-11-13T17:32:18+00:00\",\"dateModified\":\"2023-11-30T17:27:24+00:00\",\"mainEntityOfPage\":{\"@id\":\"https:\\\/\\\/www.mpc.pr.gov.br\\\/index.php\\\/apos-parecer-do-mpc-pr-prestacao-de-contas-de-2020-do-municipio-de-candido-de-abreu-e-julgada-regular\\\/\"},\"wordCount\":792,\"commentCount\":0,\"publisher\":{\"@id\":\"https:\\\/\\\/www.mpc.pr.gov.br\\\/#organization\"},\"image\":{\"@id\":\"https:\\\/\\\/www.mpc.pr.gov.br\\\/index.php\\\/apos-parecer-do-mpc-pr-prestacao-de-contas-de-2020-do-municipio-de-candido-de-abreu-e-julgada-regular\\\/#primaryimage\"},\"thumbnailUrl\":\"https:\\\/\\\/www.mpc.pr.gov.br\\\/wp-content\\\/uploads\\\/2023\\\/11\\\/CANDIDO-DE-ABREU.jpg\",\"keywords\":[\"C\u00e2ndido de Abreu\",\"MPC-PR\",\"Presta\u00e7\u00e3o de Contas\",\"Primeira C\u00e2mara\",\"TCE-PR\"],\"articleSection\":[\"Todas as not\u00edcias\"],\"inLanguage\":\"pt-BR\",\"potentialAction\":[{\"@type\":\"CommentAction\",\"name\":\"Comment\",\"target\":[\"https:\\\/\\\/www.mpc.pr.gov.br\\\/index.php\\\/apos-parecer-do-mpc-pr-prestacao-de-contas-de-2020-do-municipio-de-candido-de-abreu-e-julgada-regular\\\/#respond\"]}]},{\"@type\":\"WebPage\",\"@id\":\"https:\\\/\\\/www.mpc.pr.gov.br\\\/index.php\\\/apos-parecer-do-mpc-pr-prestacao-de-contas-de-2020-do-municipio-de-candido-de-abreu-e-julgada-regular\\\/\",\"url\":\"https:\\\/\\\/www.mpc.pr.gov.br\\\/index.php\\\/apos-parecer-do-mpc-pr-prestacao-de-contas-de-2020-do-municipio-de-candido-de-abreu-e-julgada-regular\\\/\",\"name\":\"Ap\u00f3s parecer do MPC-PR, presta\u00e7\u00e3o de contas de 2020 do Munic\u00edpio de C\u00e2ndido de Abreu \u00e9 julgada regular - Minist\u00e9rio P\u00fablico de Contas do Estado do Paran\u00e1\",\"isPartOf\":{\"@id\":\"https:\\\/\\\/www.mpc.pr.gov.br\\\/#website\"},\"primaryImageOfPage\":{\"@id\":\"https:\\\/\\\/www.mpc.pr.gov.br\\\/index.php\\\/apos-parecer-do-mpc-pr-prestacao-de-contas-de-2020-do-municipio-de-candido-de-abreu-e-julgada-regular\\\/#primaryimage\"},\"image\":{\"@id\":\"https:\\\/\\\/www.mpc.pr.gov.br\\\/index.php\\\/apos-parecer-do-mpc-pr-prestacao-de-contas-de-2020-do-municipio-de-candido-de-abreu-e-julgada-regular\\\/#primaryimage\"},\"thumbnailUrl\":\"https:\\\/\\\/www.mpc.pr.gov.br\\\/wp-content\\\/uploads\\\/2023\\\/11\\\/CANDIDO-DE-ABREU.jpg\",\"datePublished\":\"2023-11-13T17:32:18+00:00\",\"dateModified\":\"2023-11-30T17:27:24+00:00\",\"breadcrumb\":{\"@id\":\"https:\\\/\\\/www.mpc.pr.gov.br\\\/index.php\\\/apos-parecer-do-mpc-pr-prestacao-de-contas-de-2020-do-municipio-de-candido-de-abreu-e-julgada-regular\\\/#breadcrumb\"},\"inLanguage\":\"pt-BR\",\"potentialAction\":[{\"@type\":\"ReadAction\",\"target\":[\"https:\\\/\\\/www.mpc.pr.gov.br\\\/index.php\\\/apos-parecer-do-mpc-pr-prestacao-de-contas-de-2020-do-municipio-de-candido-de-abreu-e-julgada-regular\\\/\"]}]},{\"@type\":\"ImageObject\",\"inLanguage\":\"pt-BR\",\"@id\":\"https:\\\/\\\/www.mpc.pr.gov.br\\\/index.php\\\/apos-parecer-do-mpc-pr-prestacao-de-contas-de-2020-do-municipio-de-candido-de-abreu-e-julgada-regular\\\/#primaryimage\",\"url\":\"https:\\\/\\\/www.mpc.pr.gov.br\\\/wp-content\\\/uploads\\\/2023\\\/11\\\/CANDIDO-DE-ABREU.jpg\",\"contentUrl\":\"https:\\\/\\\/www.mpc.pr.gov.br\\\/wp-content\\\/uploads\\\/2023\\\/11\\\/CANDIDO-DE-ABREU.jpg\",\"width\":1024,\"height\":678,\"caption\":\"Vista a\u00e9rea do Munic\u00edpio de C\u00e2ndido de Abreu no Estado Paran\u00e1, conhecido como \\\"Para\u00edso das Serras\\\". Foto: divulga\u00e7\u00e3o.\"},{\"@type\":\"BreadcrumbList\",\"@id\":\"https:\\\/\\\/www.mpc.pr.gov.br\\\/index.php\\\/apos-parecer-do-mpc-pr-prestacao-de-contas-de-2020-do-municipio-de-candido-de-abreu-e-julgada-regular\\\/#breadcrumb\",\"itemListElement\":[{\"@type\":\"ListItem\",\"position\":1,\"name\":\"In\u00edcio\",\"item\":\"https:\\\/\\\/www.mpc.pr.gov.br\\\/\"},{\"@type\":\"ListItem\",\"position\":2,\"name\":\"Ap\u00f3s parecer do MPC-PR, presta\u00e7\u00e3o de contas de 2020 do Munic\u00edpio de C\u00e2ndido de Abreu \u00e9 julgada regular\"}]},{\"@type\":\"WebSite\",\"@id\":\"https:\\\/\\\/www.mpc.pr.gov.br\\\/#website\",\"url\":\"https:\\\/\\\/www.mpc.pr.gov.br\\\/\",\"name\":\"Minist\u00e9rio P\u00fablico de Contas do Estado do Paran\u00e1\",\"description\":\"\",\"publisher\":{\"@id\":\"https:\\\/\\\/www.mpc.pr.gov.br\\\/#organization\"},\"potentialAction\":[{\"@type\":\"SearchAction\",\"target\":{\"@type\":\"EntryPoint\",\"urlTemplate\":\"https:\\\/\\\/www.mpc.pr.gov.br\\\/?s={search_term_string}\"},\"query-input\":{\"@type\":\"PropertyValueSpecification\",\"valueRequired\":true,\"valueName\":\"search_term_string\"}}],\"inLanguage\":\"pt-BR\"},{\"@type\":\"Organization\",\"@id\":\"https:\\\/\\\/www.mpc.pr.gov.br\\\/#organization\",\"name\":\"Minist\u00e9rio P\u00fablico de Contas do Estado do Paran\u00e1\",\"url\":\"https:\\\/\\\/www.mpc.pr.gov.br\\\/\",\"logo\":{\"@type\":\"ImageObject\",\"inLanguage\":\"pt-BR\",\"@id\":\"https:\\\/\\\/www.mpc.pr.gov.br\\\/#\\\/schema\\\/logo\\\/image\\\/\",\"url\":\"https:\\\/\\\/www.mpc.pr.gov.br\\\/wp-content\\\/uploads\\\/2020\\\/06\\\/99423647_1593460364143890_6706793420720963584_n-1-e1591387983167.png\",\"contentUrl\":\"https:\\\/\\\/www.mpc.pr.gov.br\\\/wp-content\\\/uploads\\\/2020\\\/06\\\/99423647_1593460364143890_6706793420720963584_n-1-e1591387983167.png\",\"width\":243,\"height\":73,\"caption\":\"Minist\u00e9rio P\u00fablico de Contas do Estado do Paran\u00e1\"},\"image\":{\"@id\":\"https:\\\/\\\/www.mpc.pr.gov.br\\\/#\\\/schema\\\/logo\\\/image\\\/\"},\"sameAs\":[\"https:\\\/\\\/www.facebook.com\\\/mpc.pr\",\"https:\\\/\\\/www.instagram.com\\\/mpc.pr\\\/?hl=pt-br\",\"https:\\\/\\\/www.youtube.com\\\/channel\\\/UCHri5oEM8DV0ztX57E0sBSw\"]},{\"@type\":\"Person\",\"@id\":\"https:\\\/\\\/www.mpc.pr.gov.br\\\/#\\\/schema\\\/person\\\/2d83cb8980538d0ec174e8a6284f5e11\",\"name\":\"mpcontaspr\",\"image\":{\"@type\":\"ImageObject\",\"inLanguage\":\"pt-BR\",\"@id\":\"https:\\\/\\\/secure.gravatar.com\\\/avatar\\\/1aef51541db7622e05fd639336c9c9f312c2a618396e2b6ca96846362fc5403f?s=96&d=mm&r=g\",\"url\":\"https:\\\/\\\/secure.gravatar.com\\\/avatar\\\/1aef51541db7622e05fd639336c9c9f312c2a618396e2b6ca96846362fc5403f?s=96&d=mm&r=g\",\"contentUrl\":\"https:\\\/\\\/secure.gravatar.com\\\/avatar\\\/1aef51541db7622e05fd639336c9c9f312c2a618396e2b6ca96846362fc5403f?s=96&d=mm&r=g\",\"caption\":\"mpcontaspr\"},\"sameAs\":[\"http:\\\/\\\/www.mpc.pr.gov.br\"]}]}<\/script>\n<!-- \/ Yoast SEO plugin. -->","yoast_head_json":{"title":"Ap\u00f3s parecer do MPC-PR, presta\u00e7\u00e3o de contas de 2020 do Munic\u00edpio de C\u00e2ndido de Abreu \u00e9 julgada regular - Minist\u00e9rio P\u00fablico de Contas do Estado do Paran\u00e1","robots":{"index":"index","follow":"follow","max-snippet":"max-snippet:-1","max-image-preview":"max-image-preview:large","max-video-preview":"max-video-preview:-1"},"canonical":"https:\/\/www.mpc.pr.gov.br\/index.php\/apos-parecer-do-mpc-pr-prestacao-de-contas-de-2020-do-municipio-de-candido-de-abreu-e-julgada-regular\/","og_locale":"pt_BR","og_type":"article","og_title":"Ap\u00f3s parecer do MPC-PR, presta\u00e7\u00e3o de contas de 2020 do Munic\u00edpio de C\u00e2ndido de Abreu \u00e9 julgada regular - Minist\u00e9rio P\u00fablico de Contas do Estado do Paran\u00e1","og_description":"A Primeira C\u00e2mara do Tribunal de Contas do Paran\u00e1 (TCE-PR) emitiu o Ac\u00f3rd\u00e3o de Parecer Pr\u00e9vio n\u00b0 464\/23 recomendando o julgamento pela regularidade com ressalvas das contas do Munic\u00edpio de C\u00e2ndido de Abreu, relativas ao exerc\u00edcio financeiro de 2020, de responsabilidade do ex-Prefeito Jos\u00e9 Maria Reis Junior (gest\u00f5es 2013-2016 e 2017-2020).\u00a0 Na decis\u00e3o, o relator [&hellip;]","og_url":"https:\/\/www.mpc.pr.gov.br\/index.php\/apos-parecer-do-mpc-pr-prestacao-de-contas-de-2020-do-municipio-de-candido-de-abreu-e-julgada-regular\/","og_site_name":"Minist\u00e9rio P\u00fablico de Contas do Estado do Paran\u00e1","article_publisher":"https:\/\/www.facebook.com\/mpc.pr","article_published_time":"2023-11-13T17:32:18+00:00","article_modified_time":"2023-11-30T17:27:24+00:00","og_image":[{"width":1024,"height":678,"url":"https:\/\/www.mpc.pr.gov.br\/wp-content\/uploads\/2023\/11\/CANDIDO-DE-ABREU.jpg","type":"image\/jpeg"}],"author":"mpcontaspr","twitter_card":"summary_large_image","twitter_misc":{"Escrito por":"mpcontaspr","Est. tempo de leitura":"4 minutos"},"schema":{"@context":"https:\/\/schema.org","@graph":[{"@type":"Article","@id":"https:\/\/www.mpc.pr.gov.br\/index.php\/apos-parecer-do-mpc-pr-prestacao-de-contas-de-2020-do-municipio-de-candido-de-abreu-e-julgada-regular\/#article","isPartOf":{"@id":"https:\/\/www.mpc.pr.gov.br\/index.php\/apos-parecer-do-mpc-pr-prestacao-de-contas-de-2020-do-municipio-de-candido-de-abreu-e-julgada-regular\/"},"author":{"name":"mpcontaspr","@id":"https:\/\/www.mpc.pr.gov.br\/#\/schema\/person\/2d83cb8980538d0ec174e8a6284f5e11"},"headline":"Ap\u00f3s parecer do MPC-PR, presta\u00e7\u00e3o de contas de 2020 do Munic\u00edpio de C\u00e2ndido de Abreu \u00e9 julgada regular","datePublished":"2023-11-13T17:32:18+00:00","dateModified":"2023-11-30T17:27:24+00:00","mainEntityOfPage":{"@id":"https:\/\/www.mpc.pr.gov.br\/index.php\/apos-parecer-do-mpc-pr-prestacao-de-contas-de-2020-do-municipio-de-candido-de-abreu-e-julgada-regular\/"},"wordCount":792,"commentCount":0,"publisher":{"@id":"https:\/\/www.mpc.pr.gov.br\/#organization"},"image":{"@id":"https:\/\/www.mpc.pr.gov.br\/index.php\/apos-parecer-do-mpc-pr-prestacao-de-contas-de-2020-do-municipio-de-candido-de-abreu-e-julgada-regular\/#primaryimage"},"thumbnailUrl":"https:\/\/www.mpc.pr.gov.br\/wp-content\/uploads\/2023\/11\/CANDIDO-DE-ABREU.jpg","keywords":["C\u00e2ndido de Abreu","MPC-PR","Presta\u00e7\u00e3o de Contas","Primeira C\u00e2mara","TCE-PR"],"articleSection":["Todas as not\u00edcias"],"inLanguage":"pt-BR","potentialAction":[{"@type":"CommentAction","name":"Comment","target":["https:\/\/www.mpc.pr.gov.br\/index.php\/apos-parecer-do-mpc-pr-prestacao-de-contas-de-2020-do-municipio-de-candido-de-abreu-e-julgada-regular\/#respond"]}]},{"@type":"WebPage","@id":"https:\/\/www.mpc.pr.gov.br\/index.php\/apos-parecer-do-mpc-pr-prestacao-de-contas-de-2020-do-municipio-de-candido-de-abreu-e-julgada-regular\/","url":"https:\/\/www.mpc.pr.gov.br\/index.php\/apos-parecer-do-mpc-pr-prestacao-de-contas-de-2020-do-municipio-de-candido-de-abreu-e-julgada-regular\/","name":"Ap\u00f3s parecer do MPC-PR, presta\u00e7\u00e3o de contas de 2020 do Munic\u00edpio de C\u00e2ndido de Abreu \u00e9 julgada regular - Minist\u00e9rio P\u00fablico de Contas do Estado do Paran\u00e1","isPartOf":{"@id":"https:\/\/www.mpc.pr.gov.br\/#website"},"primaryImageOfPage":{"@id":"https:\/\/www.mpc.pr.gov.br\/index.php\/apos-parecer-do-mpc-pr-prestacao-de-contas-de-2020-do-municipio-de-candido-de-abreu-e-julgada-regular\/#primaryimage"},"image":{"@id":"https:\/\/www.mpc.pr.gov.br\/index.php\/apos-parecer-do-mpc-pr-prestacao-de-contas-de-2020-do-municipio-de-candido-de-abreu-e-julgada-regular\/#primaryimage"},"thumbnailUrl":"https:\/\/www.mpc.pr.gov.br\/wp-content\/uploads\/2023\/11\/CANDIDO-DE-ABREU.jpg","datePublished":"2023-11-13T17:32:18+00:00","dateModified":"2023-11-30T17:27:24+00:00","breadcrumb":{"@id":"https:\/\/www.mpc.pr.gov.br\/index.php\/apos-parecer-do-mpc-pr-prestacao-de-contas-de-2020-do-municipio-de-candido-de-abreu-e-julgada-regular\/#breadcrumb"},"inLanguage":"pt-BR","potentialAction":[{"@type":"ReadAction","target":["https:\/\/www.mpc.pr.gov.br\/index.php\/apos-parecer-do-mpc-pr-prestacao-de-contas-de-2020-do-municipio-de-candido-de-abreu-e-julgada-regular\/"]}]},{"@type":"ImageObject","inLanguage":"pt-BR","@id":"https:\/\/www.mpc.pr.gov.br\/index.php\/apos-parecer-do-mpc-pr-prestacao-de-contas-de-2020-do-municipio-de-candido-de-abreu-e-julgada-regular\/#primaryimage","url":"https:\/\/www.mpc.pr.gov.br\/wp-content\/uploads\/2023\/11\/CANDIDO-DE-ABREU.jpg","contentUrl":"https:\/\/www.mpc.pr.gov.br\/wp-content\/uploads\/2023\/11\/CANDIDO-DE-ABREU.jpg","width":1024,"height":678,"caption":"Vista a\u00e9rea do Munic\u00edpio de C\u00e2ndido de Abreu no Estado Paran\u00e1, conhecido como \"Para\u00edso das Serras\". Foto: divulga\u00e7\u00e3o."},{"@type":"BreadcrumbList","@id":"https:\/\/www.mpc.pr.gov.br\/index.php\/apos-parecer-do-mpc-pr-prestacao-de-contas-de-2020-do-municipio-de-candido-de-abreu-e-julgada-regular\/#breadcrumb","itemListElement":[{"@type":"ListItem","position":1,"name":"In\u00edcio","item":"https:\/\/www.mpc.pr.gov.br\/"},{"@type":"ListItem","position":2,"name":"Ap\u00f3s parecer do MPC-PR, presta\u00e7\u00e3o de contas de 2020 do Munic\u00edpio de C\u00e2ndido de Abreu \u00e9 julgada regular"}]},{"@type":"WebSite","@id":"https:\/\/www.mpc.pr.gov.br\/#website","url":"https:\/\/www.mpc.pr.gov.br\/","name":"Minist\u00e9rio P\u00fablico de Contas do Estado do Paran\u00e1","description":"","publisher":{"@id":"https:\/\/www.mpc.pr.gov.br\/#organization"},"potentialAction":[{"@type":"SearchAction","target":{"@type":"EntryPoint","urlTemplate":"https:\/\/www.mpc.pr.gov.br\/?s={search_term_string}"},"query-input":{"@type":"PropertyValueSpecification","valueRequired":true,"valueName":"search_term_string"}}],"inLanguage":"pt-BR"},{"@type":"Organization","@id":"https:\/\/www.mpc.pr.gov.br\/#organization","name":"Minist\u00e9rio P\u00fablico de Contas do Estado do Paran\u00e1","url":"https:\/\/www.mpc.pr.gov.br\/","logo":{"@type":"ImageObject","inLanguage":"pt-BR","@id":"https:\/\/www.mpc.pr.gov.br\/#\/schema\/logo\/image\/","url":"https:\/\/www.mpc.pr.gov.br\/wp-content\/uploads\/2020\/06\/99423647_1593460364143890_6706793420720963584_n-1-e1591387983167.png","contentUrl":"https:\/\/www.mpc.pr.gov.br\/wp-content\/uploads\/2020\/06\/99423647_1593460364143890_6706793420720963584_n-1-e1591387983167.png","width":243,"height":73,"caption":"Minist\u00e9rio P\u00fablico de Contas do Estado do Paran\u00e1"},"image":{"@id":"https:\/\/www.mpc.pr.gov.br\/#\/schema\/logo\/image\/"},"sameAs":["https:\/\/www.facebook.com\/mpc.pr","https:\/\/www.instagram.com\/mpc.pr\/?hl=pt-br","https:\/\/www.youtube.com\/channel\/UCHri5oEM8DV0ztX57E0sBSw"]},{"@type":"Person","@id":"https:\/\/www.mpc.pr.gov.br\/#\/schema\/person\/2d83cb8980538d0ec174e8a6284f5e11","name":"mpcontaspr","image":{"@type":"ImageObject","inLanguage":"pt-BR","@id":"https:\/\/secure.gravatar.com\/avatar\/1aef51541db7622e05fd639336c9c9f312c2a618396e2b6ca96846362fc5403f?s=96&d=mm&r=g","url":"https:\/\/secure.gravatar.com\/avatar\/1aef51541db7622e05fd639336c9c9f312c2a618396e2b6ca96846362fc5403f?s=96&d=mm&r=g","contentUrl":"https:\/\/secure.gravatar.com\/avatar\/1aef51541db7622e05fd639336c9c9f312c2a618396e2b6ca96846362fc5403f?s=96&d=mm&r=g","caption":"mpcontaspr"},"sameAs":["http:\/\/www.mpc.pr.gov.br"]}]}},"rttpg_featured_image_url":{"full":["https:\/\/www.mpc.pr.gov.br\/wp-content\/uploads\/2023\/11\/CANDIDO-DE-ABREU.jpg",1024,678,false],"landscape":["https:\/\/www.mpc.pr.gov.br\/wp-content\/uploads\/2023\/11\/CANDIDO-DE-ABREU.jpg",1024,678,false],"portraits":["https:\/\/www.mpc.pr.gov.br\/wp-content\/uploads\/2023\/11\/CANDIDO-DE-ABREU.jpg",1024,678,false],"thumbnail":["https:\/\/www.mpc.pr.gov.br\/wp-content\/uploads\/2023\/11\/CANDIDO-DE-ABREU-150x150.jpg",150,150,true],"medium":["https:\/\/www.mpc.pr.gov.br\/wp-content\/uploads\/2023\/11\/CANDIDO-DE-ABREU-300x199.jpg",300,199,true],"large":["https:\/\/www.mpc.pr.gov.br\/wp-content\/uploads\/2023\/11\/CANDIDO-DE-ABREU.jpg",1024,678,false],"1536x1536":["https:\/\/www.mpc.pr.gov.br\/wp-content\/uploads\/2023\/11\/CANDIDO-DE-ABREU.jpg",1024,678,false],"2048x2048":["https:\/\/www.mpc.pr.gov.br\/wp-content\/uploads\/2023\/11\/CANDIDO-DE-ABREU.jpg",1024,678,false],"ocean-thumb-m":["https:\/\/www.mpc.pr.gov.br\/wp-content\/uploads\/2023\/11\/CANDIDO-DE-ABREU-600x600.jpg",600,600,true],"ocean-thumb-ml":["https:\/\/www.mpc.pr.gov.br\/wp-content\/uploads\/2023\/11\/CANDIDO-DE-ABREU-800x450.jpg",800,450,true],"ocean-thumb-l":["https:\/\/www.mpc.pr.gov.br\/wp-content\/uploads\/2023\/11\/CANDIDO-DE-ABREU.jpg",1024,678,false]},"rttpg_author":{"display_name":"mpcontaspr","author_link":"https:\/\/www.mpc.pr.gov.br\/index.php\/author\/mpcontaspr\/"},"rttpg_comment":0,"rttpg_category":"<a href=\"https:\/\/www.mpc.pr.gov.br\/index.php\/category\/todas-as-noticias\/\" rel=\"category tag\">Todas as not\u00edcias<\/a>","rttpg_excerpt":"A Primeira C\u00e2mara do Tribunal de Contas do Paran\u00e1 (TCE-PR) emitiu o Ac\u00f3rd\u00e3o de Parecer Pr\u00e9vio n\u00b0 464\/23 recomendando o julgamento pela regularidade com ressalvas das contas do Munic\u00edpio de C\u00e2ndido de Abreu, relativas ao exerc\u00edcio financeiro de 2020, de responsabilidade do ex-Prefeito Jos\u00e9 Maria Reis Junior (gest\u00f5es 2013-2016 e 2017-2020).\u00a0 Na decis\u00e3o, o relator&hellip;","_links":{"self":[{"href":"https:\/\/www.mpc.pr.gov.br\/index.php\/wp-json\/wp\/v2\/posts\/16758","targetHints":{"allow":["GET"]}}],"collection":[{"href":"https:\/\/www.mpc.pr.gov.br\/index.php\/wp-json\/wp\/v2\/posts"}],"about":[{"href":"https:\/\/www.mpc.pr.gov.br\/index.php\/wp-json\/wp\/v2\/types\/post"}],"author":[{"embeddable":true,"href":"https:\/\/www.mpc.pr.gov.br\/index.php\/wp-json\/wp\/v2\/users\/1"}],"replies":[{"embeddable":true,"href":"https:\/\/www.mpc.pr.gov.br\/index.php\/wp-json\/wp\/v2\/comments?post=16758"}],"version-history":[{"count":3,"href":"https:\/\/www.mpc.pr.gov.br\/index.php\/wp-json\/wp\/v2\/posts\/16758\/revisions"}],"predecessor-version":[{"id":16776,"href":"https:\/\/www.mpc.pr.gov.br\/index.php\/wp-json\/wp\/v2\/posts\/16758\/revisions\/16776"}],"wp:featuredmedia":[{"embeddable":true,"href":"https:\/\/www.mpc.pr.gov.br\/index.php\/wp-json\/wp\/v2\/media\/16760"}],"wp:attachment":[{"href":"https:\/\/www.mpc.pr.gov.br\/index.php\/wp-json\/wp\/v2\/media?parent=16758"}],"wp:term":[{"taxonomy":"category","embeddable":true,"href":"https:\/\/www.mpc.pr.gov.br\/index.php\/wp-json\/wp\/v2\/categories?post=16758"},{"taxonomy":"post_tag","embeddable":true,"href":"https:\/\/www.mpc.pr.gov.br\/index.php\/wp-json\/wp\/v2\/tags?post=16758"}],"curies":[{"name":"wp","href":"https:\/\/api.w.org\/{rel}","templated":true}]}}