{"id":17284,"date":"2024-01-23T10:19:50","date_gmt":"2024-01-23T13:19:50","guid":{"rendered":"https:\/\/www.mpc.pr.gov.br\/?p=17284"},"modified":"2024-02-08T10:26:56","modified_gmt":"2024-02-08T13:26:56","slug":"cafezal-do-sul-deve-promover-concurso-publico-dentro-do-prazo-de-dez-meses","status":"publish","type":"post","link":"https:\/\/www.mpc.pr.gov.br\/index.php\/cafezal-do-sul-deve-promover-concurso-publico-dentro-do-prazo-de-dez-meses\/","title":{"rendered":"Cafezal do Sul deve promover concurso p\u00fablico dentro do prazo de dez meses"},"content":{"rendered":"<figure id=\"attachment_17287\" aria-describedby=\"caption-attachment-17287\" style=\"width: 300px\" class=\"wp-caption alignleft\"><img fetchpriority=\"high\" decoding=\"async\" class=\"size-medium wp-image-17287\" src=\"https:\/\/www.mpc.pr.gov.br\/wp-content\/uploads\/2024\/01\/CAFEZAL-DO-SUL-300x198.jpg\" alt=\"\" width=\"300\" height=\"198\" srcset=\"https:\/\/www.mpc.pr.gov.br\/wp-content\/uploads\/2024\/01\/CAFEZAL-DO-SUL-300x198.jpg 300w, https:\/\/www.mpc.pr.gov.br\/wp-content\/uploads\/2024\/01\/CAFEZAL-DO-SUL.jpg 496w\" sizes=\"(max-width: 300px) 100vw, 300px\" \/><figcaption id=\"caption-attachment-17287\" class=\"wp-caption-text\">Cafezal do Sul recebeu status de Munic\u00edpio por meio da Lei Estadual n\u00ba 9345 de 20 de julho de 1990, com territ\u00f3rio desmembrado de Ipor\u00e3. Foto: divulga\u00e7\u00e3o.<\/figcaption><\/figure>\n<p><span data-contrast=\"auto\">A Segunda C\u00e2mara do Tribunal de Contas do Estado (TCE-PR) aplicou ao Prefeito Municipal de <a href=\"http:\/\/www.cafezaldosul.pr.gov.br\/\">Cafezal do Sul<\/a>, M\u00e1rio Junio Kazuo da Silva, a multa a prevista no art. 87, II, \u201ca\u201d, da Lei Complementar 113\/2005. O motivo da multa foi o atraso, de quase dois anos, no encaminhamento de informa\u00e7\u00f5es e documentos referentes ao Teste Seletivo previsto no Edital n\u00b0 32\/2019, destinado a contrata\u00e7\u00e3o tempor\u00e1ria de professor de Educa\u00e7\u00e3o F\u00edsica, fato que acabou prejudicando a fiscaliza\u00e7\u00e3o das contrata\u00e7\u00f5es realizadas pelo Munic\u00edpio.\u00a0\u00a0<\/span><span data-ccp-props=\"{&quot;201341983&quot;:0,&quot;335551550&quot;:6,&quot;335551620&quot;:6,&quot;335559739&quot;:160,&quot;335559740&quot;:360}\">\u00a0<\/span><\/p>\n<p><span data-contrast=\"auto\">Conforme apontado nos autos pelo Minist\u00e9rio P\u00fablico de Contas do Paran\u00e1 (MPC-PR) e pela unidade t\u00e9cnica, ao analisar a regularidade do ato de admiss\u00e3o de pessoal decorrente do citado teste seletivo, verificou-se que a mesma n\u00e3o se encontra em condi\u00e7\u00f5es de registro, por afrontar o car\u00e1ter excepcional de contrata\u00e7\u00e3o tempor\u00e1ria, prevista no <a href=\"https:\/\/www.planalto.gov.br\/ccivil_03\/constituicao\/constituicaocompilado.htm\">art. 37, IX da Constitui\u00e7\u00e3o Federal<\/a>. Ademais, tal contrata\u00e7\u00e3o tamb\u00e9m viola o disposto no art. 27, IX, \u2018b\u2019, da Constitui\u00e7\u00e3o Estadual, tendo em vista que a admiss\u00e3o ocorrida em agosto de 2019, ainda estava vigente na data de 19 de setembro de 2023, superando assim o prazo m\u00e1ximo de dois anos de contrata\u00e7\u00e3o previsto na legisla\u00e7\u00e3o estadual.\u00a0<\/span><span data-ccp-props=\"{&quot;201341983&quot;:0,&quot;335551550&quot;:6,&quot;335551620&quot;:6,&quot;335559739&quot;:160,&quot;335559740&quot;:360}\">\u00a0<\/span><\/p>\n<p><span data-contrast=\"auto\">Diante das irregularidades constadas, o Relator Conselheiro Ivan Lelis Bonilha determinou a expedi\u00e7\u00e3o de uma s\u00e9rie de recomenda\u00e7\u00f5es e determina\u00e7\u00f5es, dentre elas que o Munic\u00edpio realize concurso p\u00fablico no prazo m\u00e1ximo de dez meses, a fim de que seja regularizado o problema das contrata\u00e7\u00f5es de pessoal que vem ocorrendo no Munic\u00edpio.<\/span><span data-ccp-props=\"{&quot;201341983&quot;:0,&quot;335551550&quot;:6,&quot;335551620&quot;:6,&quot;335559739&quot;:160,&quot;335559740&quot;:360}\">\u00a0<\/span><\/p>\n<h4><b><span data-contrast=\"auto\">Instru\u00e7\u00e3o do processo<\/span><\/b><span data-ccp-props=\"{&quot;201341983&quot;:0,&quot;335551550&quot;:6,&quot;335551620&quot;:6,&quot;335559739&quot;:160,&quot;335559740&quot;:360}\">\u00a0<\/span><\/h4>\n<p><span data-contrast=\"auto\">Ao analisar a 4\u00aa fase do processo de admiss\u00e3o, a Coordenadoria de Acompanhamento de Atos de Gest\u00e3o (CAGE) opinou pela negativa do registro, em raz\u00e3o da contrata\u00e7\u00e3o ter ocorrido por prazo superior \u00e0quele estipulado no processo de sele\u00e7\u00e3o, que era de um ano. Al\u00e9m disso, observou que tamb\u00e9m houve atraso no encaminhamento de dados referentes a fase 4 do processo de sele\u00e7\u00e3o de pessoal, que n\u00e3o respeitou o prazo de 5 dias \u00fateis contados da data do fim do prazo de 60 dias corridos.<\/span><span data-ccp-props=\"{&quot;134233117&quot;:false,&quot;134233118&quot;:false,&quot;201341983&quot;:0,&quot;335551550&quot;:6,&quot;335551620&quot;:6,&quot;335559685&quot;:0,&quot;335559737&quot;:0,&quot;335559738&quot;:0,&quot;335559739&quot;:160,&quot;335559740&quot;:360}\">\u00a0<\/span><\/p>\n<p><span data-contrast=\"auto\">Ap\u00f3s diversas tentativas de dilig\u00eancias \u00e0 municipalidade, com prorroga\u00e7\u00f5es de prazo concedidas por duas vezes e quatro decursos de prazo, o Munic\u00edpio enfim prestou esclarecimentos. Em s\u00edntese, alegou que por conta da fiscaliza\u00e7\u00e3o realizada pelo TCE-PR houve a constata\u00e7\u00e3o de que o Munic\u00edpio de Cafezal do Sul n\u00e3o estava submetendo as contrata\u00e7\u00f5es tempor\u00e1rias ao competente registro, uma vez que a servidora lotada no setor de Recursos Humanos desconhecia de tal obriga\u00e7\u00e3o legal. Por essa raz\u00e3o, afirmou que foi providenciada uma for\u00e7a tarefa com o objetivo de protocolar todos os processos de contrata\u00e7\u00e3o tempor\u00e1ria de forma regressiva, desde o ano de 2021 at\u00e9 o presente momento, como \u00e9 o caso do presente protocolado, o que veio a ocasionar uma sobrecarga de atividades nos servidores municipais.\u00a0<\/span><span data-ccp-props=\"{&quot;134233117&quot;:false,&quot;134233118&quot;:false,&quot;201341983&quot;:0,&quot;335551550&quot;:6,&quot;335551620&quot;:6,&quot;335559685&quot;:0,&quot;335559737&quot;:0,&quot;335559738&quot;:0,&quot;335559739&quot;:160,&quot;335559740&quot;:360}\">\u00a0<\/span><\/p>\n<p><span data-contrast=\"auto\">J\u00e1 no que tange ao prazo superior exercido pelo servidor admitido, justificou que a prorroga\u00e7\u00e3o do prazo contratual se deu com base na Lei Complementar Municipal n\u00ba 20\/2015, que permite a prorroga\u00e7\u00e3o por at\u00e9 48 meses.<\/span><span data-ccp-props=\"{&quot;134233117&quot;:false,&quot;134233118&quot;:false,&quot;201341983&quot;:0,&quot;335551550&quot;:6,&quot;335551620&quot;:6,&quot;335559685&quot;:0,&quot;335559737&quot;:0,&quot;335559738&quot;:0,&quot;335559739&quot;:160,&quot;335559740&quot;:360}\">\u00a0<\/span><\/p>\n<p><span data-contrast=\"auto\">Em nova manifesta\u00e7\u00e3o, a CAGE comunicou o encerramento da fiscaliza\u00e7\u00e3o que teve por objeto o diagn\u00f3stico sobre planejamento e execu\u00e7\u00e3o das contrata\u00e7\u00f5es tempor\u00e1rias do Munic\u00edpio. Em complemento, destacou um resumo dos resultados apurados no Relat\u00f3rio de Fiscaliza\u00e7\u00e3o n\u00ba 944\/20, observando que restou caracterizada a falta de planejamento eficaz para as contrata\u00e7\u00f5es de pessoal, o que tem provocado a realiza\u00e7\u00e3o de in\u00fameras contrata\u00e7\u00f5es tempor\u00e1rias irregulares, sem a presen\u00e7a de devido concurso p\u00fablico. Assim, sugeriu a aplica\u00e7\u00e3o de recomenda\u00e7\u00f5es e determina\u00e7\u00f5es ao Munic\u00edpio.\u00a0<\/span><span data-ccp-props=\"{&quot;134233117&quot;:false,&quot;134233118&quot;:false,&quot;201341983&quot;:0,&quot;335551550&quot;:6,&quot;335551620&quot;:6,&quot;335559685&quot;:0,&quot;335559737&quot;:0,&quot;335559738&quot;:0,&quot;335559739&quot;:160,&quot;335559740&quot;:360}\">\u00a0<\/span><\/p>\n<p><span data-contrast=\"auto\">Instado a se manifestar, o Minist\u00e9rio P\u00fablico de Contas, destacou que a lei municipal que prev\u00ea a extens\u00e3o de contratos tempor\u00e1rios por at\u00e9 quatro anos ofende o prazo previsto no art. 27, IX, \u201cb\u201d da Constitui\u00e7\u00e3o do Estado do Paran\u00e1, assim como afronta o car\u00e1ter excepcional de contrata\u00e7\u00e3o tempor\u00e1ria, prevista no art. 37, IX da Constitui\u00e7\u00e3o Federal, decorrente do tempo estendido e desmoderado da contrata\u00e7\u00e3o. Ao final, conforme fundamenta\u00e7\u00e3o contida no <a href=\"https:\/\/www.mpc.pr.gov.br\/wp-content\/uploads\/2024\/01\/CAFEZAL-DO-SUL-PAR-838_23-3PC.pdf\">Parecer n\u00b0 838\/23<\/a>, acompanhou o opinativo t\u00e9cnico pela negativa do registro, aplica\u00e7\u00e3o de multa ao gestor, e envio de recomenda\u00e7\u00f5es e determina\u00e7\u00f5es ao Munic\u00edpio.<\/span><span data-ccp-props=\"{&quot;134233117&quot;:false,&quot;134233118&quot;:false,&quot;201341983&quot;:0,&quot;335551550&quot;:6,&quot;335551620&quot;:6,&quot;335559685&quot;:0,&quot;335559737&quot;:0,&quot;335559738&quot;:0,&quot;335559739&quot;:160,&quot;335559740&quot;:360}\">\u00a0<\/span><\/p>\n<h4><b><span data-contrast=\"auto\">Decis\u00e3o<\/span><\/b><span data-ccp-props=\"{&quot;134233117&quot;:false,&quot;134233118&quot;:false,&quot;201341983&quot;:0,&quot;335551550&quot;:6,&quot;335551620&quot;:6,&quot;335559685&quot;:0,&quot;335559737&quot;:0,&quot;335559738&quot;:0,&quot;335559739&quot;:160,&quot;335559740&quot;:360}\">\u00a0<\/span><\/h4>\n<p><span data-contrast=\"auto\">Em sede de julgamento, mediante <a href=\"https:\/\/www.mpc.pr.gov.br\/wp-content\/uploads\/2024\/01\/CAFEZAL-DO-SUL-ACO-3839_23-S2C.pdf\">Ac\u00f3rd\u00e3o n\u00b0 3839\/23<\/a>, o Relator acolheu integralmente as manifesta\u00e7\u00f5es da CAGE e MPC-PR, determinando a emiss\u00e3o das seguintes medidas apontadas no Relat\u00f3rio de Fiscaliza\u00e7\u00e3o por acompanhamento n\u00ba 944\/20, inclu\u00eddo nos Requerimentos de An\u00e1lise T\u00e9cnica de Testes Seletivos do Munic\u00edpio de Cafezal do Sul:<\/span><\/p>\n<p><i><span data-contrast=\"auto\"><strong>1.a)<\/strong> emiss\u00e3o de determina\u00e7\u00e3o para que o Munic\u00edpio conclua no prazo m\u00e1ximo de 15 dias a autua\u00e7\u00e3o dos atos de admiss\u00e3o constantes no Anexo I do relat\u00f3rio, bem como de outros testes seletivos que venham a ser abertos no per\u00edodo), perpassando por todas as fases exigidas pelo sistema, com vistas ao cumprimento das obriga\u00e7\u00f5es previstas na IN n\u00ba 142\/2018, sob pena de aplica\u00e7\u00e3o de multa ao gestor, nos termos dos artigos 86 e 87, III, \u2018f\u2019, da Lei Complementar n\u00ba 113\/2005 e \u00f3bice \u00e0 obten\u00e7\u00e3o de certid\u00e3o liberat\u00f3ria;<\/span><\/i><\/p>\n<p><i><span data-contrast=\"auto\"><strong>2.b)<\/strong> emiss\u00e3o de determina\u00e7\u00e3o para que o Munic\u00edpio de Cafezal do Sul realize levantamento sobre os cargos efetivos vagos com demanda permanente que vem sendo preenchidos reiteradamente por contrata\u00e7\u00f5es tempor\u00e1rias e realize concurso p\u00fablico dentro do prazo m\u00e1ximo de 10 meses, sob pena de aplica\u00e7\u00e3o de multa ao gestor, nos termos dos arts. 86 e 87, III, \u2018f\u2019, da Lei Complementar n\u00ba 113\/2005;<\/span><\/i><\/p>\n<p><i><span data-contrast=\"auto\"><strong>3.c)<\/strong> emiss\u00e3o de recomenda\u00e7\u00e3o para que o munic\u00edpio implemente o planejamento como pr\u00e1tica da administra\u00e7\u00e3o para fins de contrata\u00e7\u00e3o de pessoal, adotando medidas como:\u00a0<\/span><\/i><\/p>\n<p><i><span data-contrast=\"auto\"><strong>c.1)<\/strong> levantamentos pr\u00e9vios e peri\u00f3dicos de dados quantitativos das demandas para atender <\/span><\/i> <i><span data-contrast=\"auto\">aos servi\u00e7os\/atividades que desempenha e da quantidade e modalidades de m\u00e3o-de-obra <\/span><\/i> <i><span data-contrast=\"auto\">necess\u00e1ria, vagas, tipos de fun\u00e7\u00e3o e necessidade tempor\u00e1ria envolvida;\u00a0<\/span><\/i><\/p>\n<p><i><span data-contrast=\"auto\"><strong>c.2)<\/strong> levantamentos pr\u00e9vios e peri\u00f3dicos de dados sobre a quantidade e carga hor\u00e1ria de servidores alocados para atender \u00e0s demandas da atividade\/servi\u00e7o p\u00fablico;\u00a0<\/span><\/i><\/p>\n<p><i><span data-contrast=\"auto\"><strong>c.3)<\/strong> cria\u00e7\u00e3o de um fluxo interno para subsidiar a decis\u00e3o de contrata\u00e7\u00e3o mediante indica\u00e7\u00e3o de etapas, periodicidade e as \u00e1reas envolvidas em cada uma delas, com atribui\u00e7\u00e3o de um setor encarregado pelo respectivo gerenciamento que fa\u00e7a a documenta\u00e7\u00e3o de tal fluxo de trabalho;\u00a0<\/span><\/i><\/p>\n<p><i><span data-contrast=\"auto\"><strong>c.4)<\/strong> levantamentos pr\u00e9vios e peri\u00f3dicos de dados sobre a previs\u00e3o de afastamentos tempor\u00e1rios ou permanentes de servidores como a licen\u00e7a sa\u00fade, licen\u00e7a maternidade, licen\u00e7a pr\u00eamio, aposentadorias, entre outros.<\/span><\/i><\/p>\n<p>&nbsp;<\/p>\n<blockquote><p><span style=\"color: #820007;\"><strong><u>Informa\u00e7\u00e3o para consulta processual<\/u><\/strong><\/span><\/p>\n<table style=\"height: 183px;\" border=\"0\" width=\"478\" cellspacing=\"0\" cellpadding=\"0\">\n<tbody>\n<tr>\n<td><strong>Processo n\u00ba<\/strong>:<\/td>\n<td>473099\/21<\/td>\n<\/tr>\n<tr>\n<td><strong>Ac\u00f3rd\u00e3o n\u00ba<\/strong>:<\/td>\n<td><span class=\"NormalTextRun SCXW188288879 BCX0\">Ac\u00f3rd\u00e3o n\u00b0 3839<\/span>\/23 &#8211; Tribunal Pleno<\/td>\n<\/tr>\n<tr>\n<td><strong>Assunto<\/strong>:<\/td>\n<td>Admiss\u00e3o de Pessoal<\/td>\n<\/tr>\n<tr>\n<td><strong>Entidade<\/strong>:<\/td>\n<td>Munic\u00edpio de Cafezal do Sul<\/td>\n<\/tr>\n<tr>\n<td><strong>Relator<\/strong>:<\/td>\n<td><span data-contrast=\"auto\">Conselheiro Ivan Lelis Bonilha<\/span><\/td>\n<\/tr>\n<\/tbody>\n<\/table>\n<\/blockquote>\n","protected":false},"excerpt":{"rendered":"<p>A Segunda C\u00e2mara do Tribunal de Contas do Estado (TCE-PR) aplicou ao Prefeito Municipal de Cafezal do Sul, M\u00e1rio Junio Kazuo da Silva, a multa a prevista no art. 87, II, \u201ca\u201d, da Lei Complementar 113\/2005. O motivo da multa foi o atraso, de quase dois anos, no encaminhamento de informa\u00e7\u00f5es e documentos referentes ao [&hellip;]<\/p>\n","protected":false},"author":1,"featured_media":17287,"comment_status":"open","ping_status":"open","sticky":false,"template":"","format":"standard","meta":{"_monsterinsights_skip_tracking":false,"_monsterinsights_sitenote_active":false,"_monsterinsights_sitenote_note":"","_monsterinsights_sitenote_category":0,"footnotes":""},"categories":[7],"tags":[223,388,13,88,39],"class_list":["post-17284","post","type-post","status-publish","format-standard","has-post-thumbnail","hentry","category-todas-as-noticias","tag-admissao-de-pessoal","tag-cafezal-do-sul","tag-mpc-pr","tag-segunda-camara","tag-tce-pr","entry","has-media"],"yoast_head":"<!-- This site is optimized with the Yoast SEO plugin v27.3 - https:\/\/yoast.com\/product\/yoast-seo-wordpress\/ -->\n<title>Cafezal do Sul deve promover concurso p\u00fablico dentro do prazo de dez meses - Minist\u00e9rio P\u00fablico de Contas do Estado do Paran\u00e1<\/title>\n<meta name=\"robots\" content=\"index, follow, max-snippet:-1, max-image-preview:large, max-video-preview:-1\" \/>\n<link rel=\"canonical\" href=\"https:\/\/www.mpc.pr.gov.br\/index.php\/cafezal-do-sul-deve-promover-concurso-publico-dentro-do-prazo-de-dez-meses\/\" \/>\n<meta property=\"og:locale\" content=\"pt_BR\" \/>\n<meta property=\"og:type\" content=\"article\" \/>\n<meta property=\"og:title\" content=\"Cafezal do Sul deve promover concurso p\u00fablico dentro do prazo de dez meses - Minist\u00e9rio P\u00fablico de Contas do Estado do Paran\u00e1\" \/>\n<meta property=\"og:description\" content=\"A Segunda C\u00e2mara do Tribunal de Contas do Estado (TCE-PR) aplicou ao Prefeito Municipal de Cafezal do Sul, M\u00e1rio Junio Kazuo da Silva, a multa a prevista no art. 87, II, \u201ca\u201d, da Lei Complementar 113\/2005. O motivo da multa foi o atraso, de quase dois anos, no encaminhamento de informa\u00e7\u00f5es e documentos referentes ao [&hellip;]\" \/>\n<meta property=\"og:url\" content=\"https:\/\/www.mpc.pr.gov.br\/index.php\/cafezal-do-sul-deve-promover-concurso-publico-dentro-do-prazo-de-dez-meses\/\" \/>\n<meta property=\"og:site_name\" content=\"Minist\u00e9rio P\u00fablico de Contas do Estado do Paran\u00e1\" \/>\n<meta property=\"article:publisher\" content=\"https:\/\/www.facebook.com\/mpc.pr\" \/>\n<meta property=\"article:published_time\" content=\"2024-01-23T13:19:50+00:00\" \/>\n<meta property=\"article:modified_time\" content=\"2024-02-08T13:26:56+00:00\" \/>\n<meta property=\"og:image\" content=\"https:\/\/www.mpc.pr.gov.br\/wp-content\/uploads\/2024\/01\/CAFEZAL-DO-SUL.jpg\" \/>\n\t<meta property=\"og:image:width\" content=\"496\" \/>\n\t<meta property=\"og:image:height\" content=\"327\" \/>\n\t<meta property=\"og:image:type\" content=\"image\/jpeg\" \/>\n<meta name=\"author\" content=\"mpcontaspr\" \/>\n<meta name=\"twitter:card\" content=\"summary_large_image\" \/>\n<meta name=\"twitter:label1\" content=\"Escrito por\" \/>\n\t<meta name=\"twitter:data1\" content=\"mpcontaspr\" \/>\n\t<meta name=\"twitter:label2\" content=\"Est. tempo de leitura\" \/>\n\t<meta name=\"twitter:data2\" content=\"7 minutos\" \/>\n<script type=\"application\/ld+json\" class=\"yoast-schema-graph\">{\"@context\":\"https:\\\/\\\/schema.org\",\"@graph\":[{\"@type\":\"Article\",\"@id\":\"https:\\\/\\\/www.mpc.pr.gov.br\\\/index.php\\\/cafezal-do-sul-deve-promover-concurso-publico-dentro-do-prazo-de-dez-meses\\\/#article\",\"isPartOf\":{\"@id\":\"https:\\\/\\\/www.mpc.pr.gov.br\\\/index.php\\\/cafezal-do-sul-deve-promover-concurso-publico-dentro-do-prazo-de-dez-meses\\\/\"},\"author\":{\"name\":\"mpcontaspr\",\"@id\":\"https:\\\/\\\/www.mpc.pr.gov.br\\\/#\\\/schema\\\/person\\\/2d83cb8980538d0ec174e8a6284f5e11\"},\"headline\":\"Cafezal do Sul deve promover concurso p\u00fablico dentro do prazo de dez meses\",\"datePublished\":\"2024-01-23T13:19:50+00:00\",\"dateModified\":\"2024-02-08T13:26:56+00:00\",\"mainEntityOfPage\":{\"@id\":\"https:\\\/\\\/www.mpc.pr.gov.br\\\/index.php\\\/cafezal-do-sul-deve-promover-concurso-publico-dentro-do-prazo-de-dez-meses\\\/\"},\"wordCount\":1234,\"commentCount\":0,\"publisher\":{\"@id\":\"https:\\\/\\\/www.mpc.pr.gov.br\\\/#organization\"},\"image\":{\"@id\":\"https:\\\/\\\/www.mpc.pr.gov.br\\\/index.php\\\/cafezal-do-sul-deve-promover-concurso-publico-dentro-do-prazo-de-dez-meses\\\/#primaryimage\"},\"thumbnailUrl\":\"https:\\\/\\\/www.mpc.pr.gov.br\\\/wp-content\\\/uploads\\\/2024\\\/01\\\/CAFEZAL-DO-SUL.jpg\",\"keywords\":[\"Admiss\u00e3o de Pessoal\",\"Cafezal do Sul\",\"MPC-PR\",\"Segunda C\u00e2mara\",\"TCE-PR\"],\"articleSection\":[\"Todas as not\u00edcias\"],\"inLanguage\":\"pt-BR\",\"potentialAction\":[{\"@type\":\"CommentAction\",\"name\":\"Comment\",\"target\":[\"https:\\\/\\\/www.mpc.pr.gov.br\\\/index.php\\\/cafezal-do-sul-deve-promover-concurso-publico-dentro-do-prazo-de-dez-meses\\\/#respond\"]}]},{\"@type\":\"WebPage\",\"@id\":\"https:\\\/\\\/www.mpc.pr.gov.br\\\/index.php\\\/cafezal-do-sul-deve-promover-concurso-publico-dentro-do-prazo-de-dez-meses\\\/\",\"url\":\"https:\\\/\\\/www.mpc.pr.gov.br\\\/index.php\\\/cafezal-do-sul-deve-promover-concurso-publico-dentro-do-prazo-de-dez-meses\\\/\",\"name\":\"Cafezal do Sul deve promover concurso p\u00fablico dentro do prazo de dez meses - Minist\u00e9rio P\u00fablico de Contas do Estado do Paran\u00e1\",\"isPartOf\":{\"@id\":\"https:\\\/\\\/www.mpc.pr.gov.br\\\/#website\"},\"primaryImageOfPage\":{\"@id\":\"https:\\\/\\\/www.mpc.pr.gov.br\\\/index.php\\\/cafezal-do-sul-deve-promover-concurso-publico-dentro-do-prazo-de-dez-meses\\\/#primaryimage\"},\"image\":{\"@id\":\"https:\\\/\\\/www.mpc.pr.gov.br\\\/index.php\\\/cafezal-do-sul-deve-promover-concurso-publico-dentro-do-prazo-de-dez-meses\\\/#primaryimage\"},\"thumbnailUrl\":\"https:\\\/\\\/www.mpc.pr.gov.br\\\/wp-content\\\/uploads\\\/2024\\\/01\\\/CAFEZAL-DO-SUL.jpg\",\"datePublished\":\"2024-01-23T13:19:50+00:00\",\"dateModified\":\"2024-02-08T13:26:56+00:00\",\"breadcrumb\":{\"@id\":\"https:\\\/\\\/www.mpc.pr.gov.br\\\/index.php\\\/cafezal-do-sul-deve-promover-concurso-publico-dentro-do-prazo-de-dez-meses\\\/#breadcrumb\"},\"inLanguage\":\"pt-BR\",\"potentialAction\":[{\"@type\":\"ReadAction\",\"target\":[\"https:\\\/\\\/www.mpc.pr.gov.br\\\/index.php\\\/cafezal-do-sul-deve-promover-concurso-publico-dentro-do-prazo-de-dez-meses\\\/\"]}]},{\"@type\":\"ImageObject\",\"inLanguage\":\"pt-BR\",\"@id\":\"https:\\\/\\\/www.mpc.pr.gov.br\\\/index.php\\\/cafezal-do-sul-deve-promover-concurso-publico-dentro-do-prazo-de-dez-meses\\\/#primaryimage\",\"url\":\"https:\\\/\\\/www.mpc.pr.gov.br\\\/wp-content\\\/uploads\\\/2024\\\/01\\\/CAFEZAL-DO-SUL.jpg\",\"contentUrl\":\"https:\\\/\\\/www.mpc.pr.gov.br\\\/wp-content\\\/uploads\\\/2024\\\/01\\\/CAFEZAL-DO-SUL.jpg\",\"width\":496,\"height\":327,\"caption\":\"Cafezal do Sul recebeu status de Munic\u00edpio por meio da Lei Estadual n\u00ba 9345 de 20 de julho de 1990, com territ\u00f3rio desmembrado de Ipor\u00e3. Foto: divulga\u00e7\u00e3o.\"},{\"@type\":\"BreadcrumbList\",\"@id\":\"https:\\\/\\\/www.mpc.pr.gov.br\\\/index.php\\\/cafezal-do-sul-deve-promover-concurso-publico-dentro-do-prazo-de-dez-meses\\\/#breadcrumb\",\"itemListElement\":[{\"@type\":\"ListItem\",\"position\":1,\"name\":\"In\u00edcio\",\"item\":\"https:\\\/\\\/www.mpc.pr.gov.br\\\/\"},{\"@type\":\"ListItem\",\"position\":2,\"name\":\"Cafezal do Sul deve promover concurso p\u00fablico dentro do prazo de dez meses\"}]},{\"@type\":\"WebSite\",\"@id\":\"https:\\\/\\\/www.mpc.pr.gov.br\\\/#website\",\"url\":\"https:\\\/\\\/www.mpc.pr.gov.br\\\/\",\"name\":\"Minist\u00e9rio P\u00fablico de Contas do Estado do Paran\u00e1\",\"description\":\"\",\"publisher\":{\"@id\":\"https:\\\/\\\/www.mpc.pr.gov.br\\\/#organization\"},\"potentialAction\":[{\"@type\":\"SearchAction\",\"target\":{\"@type\":\"EntryPoint\",\"urlTemplate\":\"https:\\\/\\\/www.mpc.pr.gov.br\\\/?s={search_term_string}\"},\"query-input\":{\"@type\":\"PropertyValueSpecification\",\"valueRequired\":true,\"valueName\":\"search_term_string\"}}],\"inLanguage\":\"pt-BR\"},{\"@type\":\"Organization\",\"@id\":\"https:\\\/\\\/www.mpc.pr.gov.br\\\/#organization\",\"name\":\"Minist\u00e9rio P\u00fablico de Contas do Estado do Paran\u00e1\",\"url\":\"https:\\\/\\\/www.mpc.pr.gov.br\\\/\",\"logo\":{\"@type\":\"ImageObject\",\"inLanguage\":\"pt-BR\",\"@id\":\"https:\\\/\\\/www.mpc.pr.gov.br\\\/#\\\/schema\\\/logo\\\/image\\\/\",\"url\":\"https:\\\/\\\/www.mpc.pr.gov.br\\\/wp-content\\\/uploads\\\/2020\\\/06\\\/99423647_1593460364143890_6706793420720963584_n-1-e1591387983167.png\",\"contentUrl\":\"https:\\\/\\\/www.mpc.pr.gov.br\\\/wp-content\\\/uploads\\\/2020\\\/06\\\/99423647_1593460364143890_6706793420720963584_n-1-e1591387983167.png\",\"width\":243,\"height\":73,\"caption\":\"Minist\u00e9rio P\u00fablico de Contas do Estado do Paran\u00e1\"},\"image\":{\"@id\":\"https:\\\/\\\/www.mpc.pr.gov.br\\\/#\\\/schema\\\/logo\\\/image\\\/\"},\"sameAs\":[\"https:\\\/\\\/www.facebook.com\\\/mpc.pr\",\"https:\\\/\\\/www.instagram.com\\\/mpc.pr\\\/?hl=pt-br\",\"https:\\\/\\\/www.youtube.com\\\/channel\\\/UCHri5oEM8DV0ztX57E0sBSw\"]},{\"@type\":\"Person\",\"@id\":\"https:\\\/\\\/www.mpc.pr.gov.br\\\/#\\\/schema\\\/person\\\/2d83cb8980538d0ec174e8a6284f5e11\",\"name\":\"mpcontaspr\",\"image\":{\"@type\":\"ImageObject\",\"inLanguage\":\"pt-BR\",\"@id\":\"https:\\\/\\\/secure.gravatar.com\\\/avatar\\\/1aef51541db7622e05fd639336c9c9f312c2a618396e2b6ca96846362fc5403f?s=96&d=mm&r=g\",\"url\":\"https:\\\/\\\/secure.gravatar.com\\\/avatar\\\/1aef51541db7622e05fd639336c9c9f312c2a618396e2b6ca96846362fc5403f?s=96&d=mm&r=g\",\"contentUrl\":\"https:\\\/\\\/secure.gravatar.com\\\/avatar\\\/1aef51541db7622e05fd639336c9c9f312c2a618396e2b6ca96846362fc5403f?s=96&d=mm&r=g\",\"caption\":\"mpcontaspr\"},\"sameAs\":[\"http:\\\/\\\/www.mpc.pr.gov.br\"]}]}<\/script>\n<!-- \/ Yoast SEO plugin. -->","yoast_head_json":{"title":"Cafezal do Sul deve promover concurso p\u00fablico dentro do prazo de dez meses - Minist\u00e9rio P\u00fablico de Contas do Estado do Paran\u00e1","robots":{"index":"index","follow":"follow","max-snippet":"max-snippet:-1","max-image-preview":"max-image-preview:large","max-video-preview":"max-video-preview:-1"},"canonical":"https:\/\/www.mpc.pr.gov.br\/index.php\/cafezal-do-sul-deve-promover-concurso-publico-dentro-do-prazo-de-dez-meses\/","og_locale":"pt_BR","og_type":"article","og_title":"Cafezal do Sul deve promover concurso p\u00fablico dentro do prazo de dez meses - Minist\u00e9rio P\u00fablico de Contas do Estado do Paran\u00e1","og_description":"A Segunda C\u00e2mara do Tribunal de Contas do Estado (TCE-PR) aplicou ao Prefeito Municipal de Cafezal do Sul, M\u00e1rio Junio Kazuo da Silva, a multa a prevista no art. 87, II, \u201ca\u201d, da Lei Complementar 113\/2005. O motivo da multa foi o atraso, de quase dois anos, no encaminhamento de informa\u00e7\u00f5es e documentos referentes ao [&hellip;]","og_url":"https:\/\/www.mpc.pr.gov.br\/index.php\/cafezal-do-sul-deve-promover-concurso-publico-dentro-do-prazo-de-dez-meses\/","og_site_name":"Minist\u00e9rio P\u00fablico de Contas do Estado do Paran\u00e1","article_publisher":"https:\/\/www.facebook.com\/mpc.pr","article_published_time":"2024-01-23T13:19:50+00:00","article_modified_time":"2024-02-08T13:26:56+00:00","og_image":[{"width":496,"height":327,"url":"https:\/\/www.mpc.pr.gov.br\/wp-content\/uploads\/2024\/01\/CAFEZAL-DO-SUL.jpg","type":"image\/jpeg"}],"author":"mpcontaspr","twitter_card":"summary_large_image","twitter_misc":{"Escrito por":"mpcontaspr","Est. tempo de leitura":"7 minutos"},"schema":{"@context":"https:\/\/schema.org","@graph":[{"@type":"Article","@id":"https:\/\/www.mpc.pr.gov.br\/index.php\/cafezal-do-sul-deve-promover-concurso-publico-dentro-do-prazo-de-dez-meses\/#article","isPartOf":{"@id":"https:\/\/www.mpc.pr.gov.br\/index.php\/cafezal-do-sul-deve-promover-concurso-publico-dentro-do-prazo-de-dez-meses\/"},"author":{"name":"mpcontaspr","@id":"https:\/\/www.mpc.pr.gov.br\/#\/schema\/person\/2d83cb8980538d0ec174e8a6284f5e11"},"headline":"Cafezal do Sul deve promover concurso p\u00fablico dentro do prazo de dez meses","datePublished":"2024-01-23T13:19:50+00:00","dateModified":"2024-02-08T13:26:56+00:00","mainEntityOfPage":{"@id":"https:\/\/www.mpc.pr.gov.br\/index.php\/cafezal-do-sul-deve-promover-concurso-publico-dentro-do-prazo-de-dez-meses\/"},"wordCount":1234,"commentCount":0,"publisher":{"@id":"https:\/\/www.mpc.pr.gov.br\/#organization"},"image":{"@id":"https:\/\/www.mpc.pr.gov.br\/index.php\/cafezal-do-sul-deve-promover-concurso-publico-dentro-do-prazo-de-dez-meses\/#primaryimage"},"thumbnailUrl":"https:\/\/www.mpc.pr.gov.br\/wp-content\/uploads\/2024\/01\/CAFEZAL-DO-SUL.jpg","keywords":["Admiss\u00e3o de Pessoal","Cafezal do Sul","MPC-PR","Segunda C\u00e2mara","TCE-PR"],"articleSection":["Todas as not\u00edcias"],"inLanguage":"pt-BR","potentialAction":[{"@type":"CommentAction","name":"Comment","target":["https:\/\/www.mpc.pr.gov.br\/index.php\/cafezal-do-sul-deve-promover-concurso-publico-dentro-do-prazo-de-dez-meses\/#respond"]}]},{"@type":"WebPage","@id":"https:\/\/www.mpc.pr.gov.br\/index.php\/cafezal-do-sul-deve-promover-concurso-publico-dentro-do-prazo-de-dez-meses\/","url":"https:\/\/www.mpc.pr.gov.br\/index.php\/cafezal-do-sul-deve-promover-concurso-publico-dentro-do-prazo-de-dez-meses\/","name":"Cafezal do Sul deve promover concurso p\u00fablico dentro do prazo de dez meses - Minist\u00e9rio P\u00fablico de Contas do Estado do Paran\u00e1","isPartOf":{"@id":"https:\/\/www.mpc.pr.gov.br\/#website"},"primaryImageOfPage":{"@id":"https:\/\/www.mpc.pr.gov.br\/index.php\/cafezal-do-sul-deve-promover-concurso-publico-dentro-do-prazo-de-dez-meses\/#primaryimage"},"image":{"@id":"https:\/\/www.mpc.pr.gov.br\/index.php\/cafezal-do-sul-deve-promover-concurso-publico-dentro-do-prazo-de-dez-meses\/#primaryimage"},"thumbnailUrl":"https:\/\/www.mpc.pr.gov.br\/wp-content\/uploads\/2024\/01\/CAFEZAL-DO-SUL.jpg","datePublished":"2024-01-23T13:19:50+00:00","dateModified":"2024-02-08T13:26:56+00:00","breadcrumb":{"@id":"https:\/\/www.mpc.pr.gov.br\/index.php\/cafezal-do-sul-deve-promover-concurso-publico-dentro-do-prazo-de-dez-meses\/#breadcrumb"},"inLanguage":"pt-BR","potentialAction":[{"@type":"ReadAction","target":["https:\/\/www.mpc.pr.gov.br\/index.php\/cafezal-do-sul-deve-promover-concurso-publico-dentro-do-prazo-de-dez-meses\/"]}]},{"@type":"ImageObject","inLanguage":"pt-BR","@id":"https:\/\/www.mpc.pr.gov.br\/index.php\/cafezal-do-sul-deve-promover-concurso-publico-dentro-do-prazo-de-dez-meses\/#primaryimage","url":"https:\/\/www.mpc.pr.gov.br\/wp-content\/uploads\/2024\/01\/CAFEZAL-DO-SUL.jpg","contentUrl":"https:\/\/www.mpc.pr.gov.br\/wp-content\/uploads\/2024\/01\/CAFEZAL-DO-SUL.jpg","width":496,"height":327,"caption":"Cafezal do Sul recebeu status de Munic\u00edpio por meio da Lei Estadual n\u00ba 9345 de 20 de julho de 1990, com territ\u00f3rio desmembrado de Ipor\u00e3. Foto: divulga\u00e7\u00e3o."},{"@type":"BreadcrumbList","@id":"https:\/\/www.mpc.pr.gov.br\/index.php\/cafezal-do-sul-deve-promover-concurso-publico-dentro-do-prazo-de-dez-meses\/#breadcrumb","itemListElement":[{"@type":"ListItem","position":1,"name":"In\u00edcio","item":"https:\/\/www.mpc.pr.gov.br\/"},{"@type":"ListItem","position":2,"name":"Cafezal do Sul deve promover concurso p\u00fablico dentro do prazo de dez meses"}]},{"@type":"WebSite","@id":"https:\/\/www.mpc.pr.gov.br\/#website","url":"https:\/\/www.mpc.pr.gov.br\/","name":"Minist\u00e9rio P\u00fablico de Contas do Estado do Paran\u00e1","description":"","publisher":{"@id":"https:\/\/www.mpc.pr.gov.br\/#organization"},"potentialAction":[{"@type":"SearchAction","target":{"@type":"EntryPoint","urlTemplate":"https:\/\/www.mpc.pr.gov.br\/?s={search_term_string}"},"query-input":{"@type":"PropertyValueSpecification","valueRequired":true,"valueName":"search_term_string"}}],"inLanguage":"pt-BR"},{"@type":"Organization","@id":"https:\/\/www.mpc.pr.gov.br\/#organization","name":"Minist\u00e9rio P\u00fablico de Contas do Estado do Paran\u00e1","url":"https:\/\/www.mpc.pr.gov.br\/","logo":{"@type":"ImageObject","inLanguage":"pt-BR","@id":"https:\/\/www.mpc.pr.gov.br\/#\/schema\/logo\/image\/","url":"https:\/\/www.mpc.pr.gov.br\/wp-content\/uploads\/2020\/06\/99423647_1593460364143890_6706793420720963584_n-1-e1591387983167.png","contentUrl":"https:\/\/www.mpc.pr.gov.br\/wp-content\/uploads\/2020\/06\/99423647_1593460364143890_6706793420720963584_n-1-e1591387983167.png","width":243,"height":73,"caption":"Minist\u00e9rio P\u00fablico de Contas do Estado do Paran\u00e1"},"image":{"@id":"https:\/\/www.mpc.pr.gov.br\/#\/schema\/logo\/image\/"},"sameAs":["https:\/\/www.facebook.com\/mpc.pr","https:\/\/www.instagram.com\/mpc.pr\/?hl=pt-br","https:\/\/www.youtube.com\/channel\/UCHri5oEM8DV0ztX57E0sBSw"]},{"@type":"Person","@id":"https:\/\/www.mpc.pr.gov.br\/#\/schema\/person\/2d83cb8980538d0ec174e8a6284f5e11","name":"mpcontaspr","image":{"@type":"ImageObject","inLanguage":"pt-BR","@id":"https:\/\/secure.gravatar.com\/avatar\/1aef51541db7622e05fd639336c9c9f312c2a618396e2b6ca96846362fc5403f?s=96&d=mm&r=g","url":"https:\/\/secure.gravatar.com\/avatar\/1aef51541db7622e05fd639336c9c9f312c2a618396e2b6ca96846362fc5403f?s=96&d=mm&r=g","contentUrl":"https:\/\/secure.gravatar.com\/avatar\/1aef51541db7622e05fd639336c9c9f312c2a618396e2b6ca96846362fc5403f?s=96&d=mm&r=g","caption":"mpcontaspr"},"sameAs":["http:\/\/www.mpc.pr.gov.br"]}]}},"rttpg_featured_image_url":{"full":["https:\/\/www.mpc.pr.gov.br\/wp-content\/uploads\/2024\/01\/CAFEZAL-DO-SUL.jpg",496,327,false],"landscape":["https:\/\/www.mpc.pr.gov.br\/wp-content\/uploads\/2024\/01\/CAFEZAL-DO-SUL.jpg",496,327,false],"portraits":["https:\/\/www.mpc.pr.gov.br\/wp-content\/uploads\/2024\/01\/CAFEZAL-DO-SUL.jpg",496,327,false],"thumbnail":["https:\/\/www.mpc.pr.gov.br\/wp-content\/uploads\/2024\/01\/CAFEZAL-DO-SUL-150x150.jpg",150,150,true],"medium":["https:\/\/www.mpc.pr.gov.br\/wp-content\/uploads\/2024\/01\/CAFEZAL-DO-SUL-300x198.jpg",300,198,true],"large":["https:\/\/www.mpc.pr.gov.br\/wp-content\/uploads\/2024\/01\/CAFEZAL-DO-SUL.jpg",496,327,false],"1536x1536":["https:\/\/www.mpc.pr.gov.br\/wp-content\/uploads\/2024\/01\/CAFEZAL-DO-SUL.jpg",496,327,false],"2048x2048":["https:\/\/www.mpc.pr.gov.br\/wp-content\/uploads\/2024\/01\/CAFEZAL-DO-SUL.jpg",496,327,false],"ocean-thumb-m":["https:\/\/www.mpc.pr.gov.br\/wp-content\/uploads\/2024\/01\/CAFEZAL-DO-SUL.jpg",496,327,false],"ocean-thumb-ml":["https:\/\/www.mpc.pr.gov.br\/wp-content\/uploads\/2024\/01\/CAFEZAL-DO-SUL.jpg",496,327,false],"ocean-thumb-l":["https:\/\/www.mpc.pr.gov.br\/wp-content\/uploads\/2024\/01\/CAFEZAL-DO-SUL.jpg",496,327,false]},"rttpg_author":{"display_name":"mpcontaspr","author_link":"https:\/\/www.mpc.pr.gov.br\/index.php\/author\/mpcontaspr\/"},"rttpg_comment":0,"rttpg_category":"<a href=\"https:\/\/www.mpc.pr.gov.br\/index.php\/category\/todas-as-noticias\/\" rel=\"category tag\">Todas as not\u00edcias<\/a>","rttpg_excerpt":"A Segunda C\u00e2mara do Tribunal de Contas do Estado (TCE-PR) aplicou ao Prefeito Municipal de Cafezal do Sul, M\u00e1rio Junio Kazuo da Silva, a multa a prevista no art. 87, II, \u201ca\u201d, da Lei Complementar 113\/2005. O motivo da multa foi o atraso, de quase dois anos, no encaminhamento de informa\u00e7\u00f5es e documentos referentes ao&hellip;","_links":{"self":[{"href":"https:\/\/www.mpc.pr.gov.br\/index.php\/wp-json\/wp\/v2\/posts\/17284","targetHints":{"allow":["GET"]}}],"collection":[{"href":"https:\/\/www.mpc.pr.gov.br\/index.php\/wp-json\/wp\/v2\/posts"}],"about":[{"href":"https:\/\/www.mpc.pr.gov.br\/index.php\/wp-json\/wp\/v2\/types\/post"}],"author":[{"embeddable":true,"href":"https:\/\/www.mpc.pr.gov.br\/index.php\/wp-json\/wp\/v2\/users\/1"}],"replies":[{"embeddable":true,"href":"https:\/\/www.mpc.pr.gov.br\/index.php\/wp-json\/wp\/v2\/comments?post=17284"}],"version-history":[{"count":6,"href":"https:\/\/www.mpc.pr.gov.br\/index.php\/wp-json\/wp\/v2\/posts\/17284\/revisions"}],"predecessor-version":[{"id":17306,"href":"https:\/\/www.mpc.pr.gov.br\/index.php\/wp-json\/wp\/v2\/posts\/17284\/revisions\/17306"}],"wp:featuredmedia":[{"embeddable":true,"href":"https:\/\/www.mpc.pr.gov.br\/index.php\/wp-json\/wp\/v2\/media\/17287"}],"wp:attachment":[{"href":"https:\/\/www.mpc.pr.gov.br\/index.php\/wp-json\/wp\/v2\/media?parent=17284"}],"wp:term":[{"taxonomy":"category","embeddable":true,"href":"https:\/\/www.mpc.pr.gov.br\/index.php\/wp-json\/wp\/v2\/categories?post=17284"},{"taxonomy":"post_tag","embeddable":true,"href":"https:\/\/www.mpc.pr.gov.br\/index.php\/wp-json\/wp\/v2\/tags?post=17284"}],"curies":[{"name":"wp","href":"https:\/\/api.w.org\/{rel}","templated":true}]}}