{"id":18370,"date":"2024-02-06T10:00:59","date_gmt":"2024-02-06T13:00:59","guid":{"rendered":"https:\/\/www.mpc.pr.gov.br\/?p=18370"},"modified":"2024-02-20T10:05:08","modified_gmt":"2024-02-20T13:05:08","slug":"municipio-deve-apresentar-projeto-de-lei-a-fim-de-regularizar-a-nomeacao-de-cargos-comissionados","status":"publish","type":"post","link":"https:\/\/www.mpc.pr.gov.br\/index.php\/municipio-deve-apresentar-projeto-de-lei-a-fim-de-regularizar-a-nomeacao-de-cargos-comissionados\/","title":{"rendered":"Munic\u00edpio deve apresentar Projeto de Lei a fim de regularizar a nomea\u00e7\u00e3o de cargos comissionados"},"content":{"rendered":"<figure id=\"attachment_18372\" aria-describedby=\"caption-attachment-18372\" style=\"width: 300px\" class=\"wp-caption alignleft\"><img fetchpriority=\"high\" decoding=\"async\" class=\"size-medium wp-image-18372\" src=\"https:\/\/www.mpc.pr.gov.br\/wp-content\/uploads\/2024\/02\/MANDAGUARI-300x225.jpeg\" alt=\"\" width=\"300\" height=\"225\" srcset=\"https:\/\/www.mpc.pr.gov.br\/wp-content\/uploads\/2024\/02\/MANDAGUARI-300x225.jpeg 300w, https:\/\/www.mpc.pr.gov.br\/wp-content\/uploads\/2024\/02\/MANDAGUARI.jpeg 500w\" sizes=\"(max-width: 300px) 100vw, 300px\" \/><figcaption id=\"caption-attachment-18372\" class=\"wp-caption-text\">Sede da Prefeitura do Munic\u00edpio de Mandaguari. Foto: divulga\u00e7\u00e3o.<\/figcaption><\/figure>\n<p><span data-contrast=\"auto\">O Munic\u00edpio de Mandaguari deve, no prazo de 60 dias, encaminhar ao Poder Legislativo Projeto de Lei que disponha expressamente sobre as atribui\u00e7\u00f5es e qualifica\u00e7\u00f5es acad\u00eamico-profissionais para investidura nos cargos em comiss\u00e3o e fun\u00e7\u00f5es de confian\u00e7a do Munic\u00edpio. Essa foi a determina\u00e7\u00e3o imposta pela Primeira C\u00e2mara do Tribunal de Contas do Paran\u00e1 (TCE-PR), ao julgar parcialmente procedente o objeto da Tomada de Contas Extraordin\u00e1ria formulada pela Coordenadoria de Monitoramento e Execu\u00e7\u00f5es (CMEX).<\/span><span data-ccp-props=\"{&quot;201341983&quot;:0,&quot;335551550&quot;:6,&quot;335551620&quot;:6,&quot;335559739&quot;:160,&quot;335559740&quot;:360}\">\u00a0<\/span><\/p>\n<p><span data-contrast=\"auto\">O processo foi instaurado em decorr\u00eancia do monitoramento de irregularidades apontadas em auditoria em folha de pagamentos realizada no Poder Executivo do Munic\u00edpio, em cumprimento do Plano Anual de Fiscaliza\u00e7\u00e3o (PAF) de 2017, nos exerc\u00edcios de 2019 e 2020, as quais n\u00e3o foram solucionados pelo jurisdicionado.<\/span><span data-ccp-props=\"{&quot;201341983&quot;:0,&quot;335551550&quot;:6,&quot;335551620&quot;:6,&quot;335559739&quot;:160,&quot;335559740&quot;:360}\">\u00a0<\/span><\/p>\n<p><span data-contrast=\"auto\">Na decis\u00e3o, acompanhando as manifesta\u00e7\u00f5es uniformes da unidade t\u00e9cnica e Minist\u00e9rio P\u00fablico de Contas do Paran\u00e1 (MPC-PR), os Conselheiros do Tribunal de Contas determinaram a aplica\u00e7\u00e3o de multas ao ex-Prefeito Romualdo Batista (gest\u00f5es 2013-2016 e 2017-2020) e a atual gestora Ivoneia de Andrade Furtado (gest\u00e3o 2021-2024), bem como a inclus\u00e3o de seus nomes no cadastro de agentes com contas irregulares, nos termos dos artigos 515 a 520 do Regimento Interno do TCE-PR, conforme decis\u00e3o contida no <a href=\"https:\/\/www.mpc.pr.gov.br\/wp-content\/uploads\/2024\/02\/MANDAGUARI-ACO-3878_23-S1C.pdf\">Ac\u00f3rd\u00e3o n\u00ba 3878\/23 da Primeira C\u00e2mara<\/a>.<\/span><span data-ccp-props=\"{&quot;201341983&quot;:0,&quot;335551550&quot;:6,&quot;335551620&quot;:6,&quot;335559739&quot;:160,&quot;335559740&quot;:360}\">\u00a0<\/span><\/p>\n<h4><b><span data-contrast=\"auto\">Defesa<\/span><\/b><span data-ccp-props=\"{&quot;134233117&quot;:false,&quot;134233118&quot;:false,&quot;201341983&quot;:0,&quot;335551550&quot;:6,&quot;335551620&quot;:6,&quot;335559685&quot;:0,&quot;335559737&quot;:0,&quot;335559738&quot;:0,&quot;335559739&quot;:160,&quot;335559740&quot;:360}\">\u00a0<\/span><\/h4>\n<p><span data-contrast=\"auto\">Na inicial, a CMEX indicou a aus\u00eancia de regulariza\u00e7\u00e3o e\/ou implementa\u00e7\u00e3o das recomenda\u00e7\u00f5es relativas aos Achados de n\u00b0 3, 4 e 5, que referem-se a: aus\u00eancia de previs\u00e3o legal sobre as atribui\u00e7\u00f5es e qualifica\u00e7\u00e3o exigida para os cargos em comiss\u00e3o e fun\u00e7\u00f5es de confian\u00e7a; aus\u00eancia de previs\u00e3o legal de cargos em comiss\u00e3o; e exist\u00eancia de cargos em comiss\u00e3o n\u00e3o destinados \u00e0 chefia, dire\u00e7\u00e3o ou assessoramento, em desacordo com o artigo 37, inciso V, da Constitui\u00e7\u00e3o Federal e ao Prejulgado n\u00b0 25 do TCE-PR.<\/span><span data-ccp-props=\"{&quot;134233117&quot;:false,&quot;134233118&quot;:false,&quot;201341983&quot;:0,&quot;335551550&quot;:6,&quot;335551620&quot;:6,&quot;335559685&quot;:0,&quot;335559737&quot;:0,&quot;335559738&quot;:0,&quot;335559739&quot;:160,&quot;335559740&quot;:360}\">\u00a0<\/span><\/p>\n<p><span data-contrast=\"auto\">Em sede de contradit\u00f3rio, o Controlador Interno do Munic\u00edpio de Mandaguari informou que foi encaminhado projeto de lei \u00e0 C\u00e2mara Legislativa a fim de regularizar a falta de previs\u00e3o legal das atribui\u00e7\u00f5es e qualifica\u00e7\u00f5es para os cargos em comiss\u00e3o. Ademais, afirmou que foi expedida comunica\u00e7\u00e3o \u00e0 Secretaria de Planejamento, Finan\u00e7as e Gest\u00e3o e \u00e0 Procuradoria Jur\u00eddica para a regulariza\u00e7\u00e3o dessa situa\u00e7\u00e3o, assim como houve a notifica\u00e7\u00e3o da controladoria interna acerca da exist\u00eancia de cargos comissionados n\u00e3o destinados \u00e0 chefia, dire\u00e7\u00e3o ou assessoramento. Por fim, asseverou que no que tange \u00e0 falta de previs\u00e3o legal do cargo de \u201cAssessor Assuntos Institucionais\u201d, foi realizada a exonera\u00e7\u00e3o do ocupante do cargo citado e exclu\u00eddo o cargo no sistema SIAP.<\/span><span data-ccp-props=\"{&quot;134233117&quot;:false,&quot;134233118&quot;:false,&quot;201341983&quot;:0,&quot;335551550&quot;:6,&quot;335551620&quot;:6,&quot;335559685&quot;:0,&quot;335559737&quot;:0,&quot;335559738&quot;:0,&quot;335559739&quot;:160,&quot;335559740&quot;:360}\">\u00a0<\/span><\/p>\n<p><span data-contrast=\"auto\">No mesmo sentido se manifestou o ex-Prefeito Romualdo Batista, o qual ressaltou ter atuado de forma proativa e de boa-f\u00e9 visando o saneamento das irregularidades apontadas.<\/span><span data-ccp-props=\"{&quot;134233117&quot;:false,&quot;134233118&quot;:false,&quot;201341983&quot;:0,&quot;335551550&quot;:6,&quot;335551620&quot;:6,&quot;335559685&quot;:0,&quot;335559737&quot;:0,&quot;335559738&quot;:0,&quot;335559739&quot;:160,&quot;335559740&quot;:360}\">\u00a0<\/span><\/p>\n<p><span data-contrast=\"auto\">Por sua vez, a atual gestora Ivoneia de Andrade Aparecida Furtado alegou que requereu da C\u00e2mara a devolu\u00e7\u00e3o do Projeto de Lei n\u00ba 106\/2020, dada a necessidade de diversas adequa\u00e7\u00f5es nas atribui\u00e7\u00f5es dos cargos e nas estruturas das respectivas secretarias com vistas a melhorar a efici\u00eancia da gest\u00e3o administrativa. Assim, posteriormente foi protocolado na C\u00e2mara um novo Projeto de Lei com as altera\u00e7\u00f5es necess\u00e1rias, de n\u00ba 78\/2022.<\/span><span data-ccp-props=\"{&quot;134233117&quot;:false,&quot;134233118&quot;:false,&quot;201341983&quot;:0,&quot;335551550&quot;:6,&quot;335551620&quot;:6,&quot;335559685&quot;:0,&quot;335559737&quot;:0,&quot;335559738&quot;:0,&quot;335559739&quot;:160,&quot;335559740&quot;:360}\">\u00a0<\/span><\/p>\n<h4><b><span data-contrast=\"auto\">Instru\u00e7\u00e3o do Processo<\/span><\/b><span data-ccp-props=\"{&quot;134233117&quot;:false,&quot;134233118&quot;:false,&quot;201341983&quot;:0,&quot;335551550&quot;:6,&quot;335551620&quot;:6,&quot;335559685&quot;:0,&quot;335559737&quot;:0,&quot;335559738&quot;:0,&quot;335559739&quot;:160,&quot;335559740&quot;:360}\">\u00a0<\/span><\/h4>\n<p><span data-contrast=\"auto\">Em manifesta\u00e7\u00e3o conclusiva, a Coordenadoria de Gest\u00e3o Municipal (CGM) considerou regularizado o Achado n\u00ba 4, dada a extin\u00e7\u00e3o do cargo comissionado sem previs\u00e3o legal. No entanto, opinou pela proced\u00eancia parcial da Tomada de Contas Extraordin\u00e1ria quanto aos demais apontamentos, eis que o novo projeto de lei municipal, ainda em tr\u00e2mite, n\u00e3o resolveu as quest\u00f5es relativas \u00e0 falta de descri\u00e7\u00e3o das atribui\u00e7\u00f5es e qualifica\u00e7\u00f5es dos cargos comissionados, bem como a exist\u00eancia de cargos em comiss\u00e3o para fun\u00e7\u00f5es que n\u00e3o de dire\u00e7\u00e3o, chefia e assessoramento. Ao final sugeriu a aplica\u00e7\u00e3o de san\u00e7\u00f5es aos gestores respons\u00e1veis pelas irregularidades.\u00a0<\/span><span data-ccp-props=\"{&quot;134233117&quot;:false,&quot;134233118&quot;:false,&quot;201341983&quot;:0,&quot;335551550&quot;:6,&quot;335551620&quot;:6,&quot;335559685&quot;:0,&quot;335559737&quot;:0,&quot;335559738&quot;:0,&quot;335559739&quot;:160,&quot;335559740&quot;:360}\">\u00a0<\/span><\/p>\n<p><span data-contrast=\"auto\">Ap\u00f3s detida an\u00e1lise dos autos, mediante o <a href=\"https:\/\/www.mpc.pr.gov.br\/wp-content\/uploads\/2024\/02\/MANDAGUARI-PAR-262_23-5PC.pdf\">Parecer n\u00b0 262\/23<\/a>, o Minist\u00e9rio P\u00fablico de Contas corroborou integralmente a conclus\u00e3o da unidade t\u00e9cnica pela proced\u00eancia parcial da tomada de contas, com a aplica\u00e7\u00e3o de multas a Romualdo Batista e Ivoneia de Andrade Aparecida Furtado.<\/span><span data-ccp-props=\"{&quot;134233117&quot;:false,&quot;134233118&quot;:false,&quot;201341983&quot;:0,&quot;335551550&quot;:6,&quot;335551620&quot;:6,&quot;335559685&quot;:0,&quot;335559737&quot;:0,&quot;335559738&quot;:0,&quot;335559739&quot;:160,&quot;335559740&quot;:360}\">\u00a0<\/span><\/p>\n<h4><b><span data-contrast=\"auto\">Decis\u00e3o<\/span><\/b><span data-ccp-props=\"{&quot;134233117&quot;:false,&quot;134233118&quot;:false,&quot;201341983&quot;:0,&quot;335551550&quot;:6,&quot;335551620&quot;:6,&quot;335559685&quot;:0,&quot;335559737&quot;:0,&quot;335559738&quot;:0,&quot;335559739&quot;:160,&quot;335559740&quot;:360}\">\u00a0<\/span><\/h4>\n<p><span data-contrast=\"auto\">Em sede de julgamento, o Relator Conselheiro Jose Durval Mattos do Amaral observou que a Lei Municipal n\u00ba 2.637\/2015, que institu\u00eda os cargos em comiss\u00e3o, e a Lei Municipal n\u00ba 2.295\/2014, que previa fun\u00e7\u00f5es gratificadas, n\u00e3o estabeleciam quais seriam as respectivas atribui\u00e7\u00f5es e qualifica\u00e7\u00f5es acad\u00eamico-profissionais exigidas para seu exerc\u00edcio. No decorrer do monitoramento que deu origem \u00e0 tomada de contas, ambas as normas foram revogadas e substitu\u00eddas. No entanto, o regramento vigente, Leis Complementares Municipais n\u00ba 2.942\/2017 e n\u00ba 3.208\/2018, n\u00e3o inovaram a legisla\u00e7\u00e3o anterior, estando ainda ausentes as atribui\u00e7\u00f5es relativas a cada cargo em comiss\u00e3o e fun\u00e7\u00e3o de confian\u00e7a, bem como a qualifica\u00e7\u00e3o profissional compat\u00edvel exigida para a sua investidura.<\/span><span data-ccp-props=\"{&quot;134233117&quot;:false,&quot;134233118&quot;:false,&quot;201341983&quot;:0,&quot;335551550&quot;:6,&quot;335551620&quot;:6,&quot;335559685&quot;:0,&quot;335559737&quot;:0,&quot;335559738&quot;:0,&quot;335559739&quot;:160,&quot;335559740&quot;:360}\">\u00a0<\/span><\/p>\n<p><span data-contrast=\"auto\">Dessa forma, diante da persist\u00eancia das irregularidades apontadas, o Relator votou pela proced\u00eancia parcial da Tomada de Contas Extraordin\u00e1ria, com a aplica\u00e7\u00e3o da multa prevista no artigo 87, inciso IV, al\u00ednea \u2018g\u2019 e da multa prevista no artigo 87, inciso II, al\u00ednea \u2018c\u2019, ambas da Lei Complementar n\u00ba 113\/2005, ao ex-Prefeito Romualdo Batistae a atual gestora Ivoneia de Andrade Furtado; assim como a inclus\u00e3o do nome dos gestores no cadastro dos agentes com contas irregulares.<\/span><span data-ccp-props=\"{&quot;134233117&quot;:false,&quot;134233118&quot;:false,&quot;201341983&quot;:0,&quot;335551550&quot;:6,&quot;335551620&quot;:6,&quot;335559685&quot;:0,&quot;335559737&quot;:0,&quot;335559738&quot;:0,&quot;335559739&quot;:160,&quot;335559740&quot;:360}\">\u00a0<\/span><\/p>\n<p><span data-contrast=\"auto\">Os membros da Primeira C\u00e2mara acompanharam, por unanimidade, o voto do Relator, determinando que, no prazo de dois meses, o Munic\u00edpio de Mandaguari proponha ao Poder Legislativo um novo Projeto de Lei visando solucionar as quest\u00f5es apontadas no processo (<a href=\"https:\/\/www.mpc.pr.gov.br\/wp-content\/uploads\/2024\/02\/MANDAGUARI-ACO-3878_23-S1C.pdf\">Ac\u00f3rd\u00e3o n\u00ba 3878\/23 &#8211; Primeira C\u00e2mara<\/a>). <\/span><span data-ccp-props=\"{&quot;134233117&quot;:false,&quot;134233118&quot;:false,&quot;201341983&quot;:0,&quot;335551550&quot;:6,&quot;335551620&quot;:6,&quot;335559685&quot;:0,&quot;335559737&quot;:0,&quot;335559738&quot;:0,&quot;335559739&quot;:160,&quot;335559740&quot;:360}\">\u00a0<\/span><\/p>\n<blockquote><p><span style=\"color: #820007;\"><strong><u>Informa\u00e7\u00e3o para consulta processual<\/u><\/strong><\/span><\/p>\n<table style=\"height: 183px;\" border=\"0\" width=\"478\" cellspacing=\"0\" cellpadding=\"0\">\n<tbody>\n<tr>\n<td><strong>Processo n\u00ba<\/strong>:<\/td>\n<td>492278\/20<\/td>\n<\/tr>\n<tr>\n<td><strong>Ac\u00f3rd\u00e3o n\u00ba<\/strong>:<\/td>\n<td><span class=\"NormalTextRun SCXW188288879 BCX0\">Ac\u00f3rd\u00e3o n\u00b0 3878\/23<\/span> &#8211; Primeira C\u00e2mara<\/td>\n<\/tr>\n<tr>\n<td><strong>Assunto<\/strong>:<\/td>\n<td>Tomada de Contas Extraordin\u00e1ria<\/td>\n<\/tr>\n<tr>\n<td><strong>Entidade<\/strong>:<\/td>\n<td><span data-contrast=\"auto\"><span class=\"TextRun SCXW232698456 BCX0\" lang=\"PT-BR\" xml:lang=\"PT-BR\" data-contrast=\"auto\"><span class=\"NormalTextRun SCXW232698456 BCX0\">Munic\u00edpio de Mandaguari<\/span><\/span><\/span><\/td>\n<\/tr>\n<tr>\n<td><strong>Relator<\/strong>:<\/td>\n<td><span data-contrast=\"auto\">Conselheiro Jose Durval Mattos do Amaral <\/span><\/td>\n<\/tr>\n<\/tbody>\n<\/table>\n<\/blockquote>\n","protected":false},"excerpt":{"rendered":"<p>O Munic\u00edpio de Mandaguari deve, no prazo de 60 dias, encaminhar ao Poder Legislativo Projeto de Lei que disponha expressamente sobre as atribui\u00e7\u00f5es e qualifica\u00e7\u00f5es acad\u00eamico-profissionais para investidura nos cargos em comiss\u00e3o e fun\u00e7\u00f5es de confian\u00e7a do Munic\u00edpio. Essa foi a determina\u00e7\u00e3o imposta pela Primeira C\u00e2mara do Tribunal de Contas do Paran\u00e1 (TCE-PR), ao julgar [&hellip;]<\/p>\n","protected":false},"author":1,"featured_media":18372,"comment_status":"open","ping_status":"open","sticky":false,"template":"","format":"standard","meta":{"_monsterinsights_skip_tracking":false,"_monsterinsights_sitenote_active":false,"_monsterinsights_sitenote_note":"","_monsterinsights_sitenote_category":0,"footnotes":""},"categories":[7],"tags":[365,509,13,149,39,201],"class_list":["post-18370","post","type-post","status-publish","format-standard","has-post-thumbnail","hentry","category-todas-as-noticias","tag-cargos-comissionados","tag-mandaguari","tag-mpc-pr","tag-primeira-camara","tag-tce-pr","tag-tomada-de-contas-extraordinaria","entry","has-media"],"yoast_head":"<!-- This site is optimized with the Yoast SEO plugin v27.3 - https:\/\/yoast.com\/product\/yoast-seo-wordpress\/ -->\n<title>Munic\u00edpio deve apresentar Projeto de Lei a fim de regularizar a nomea\u00e7\u00e3o de cargos comissionados - Minist\u00e9rio P\u00fablico de Contas do Estado do Paran\u00e1<\/title>\n<meta name=\"robots\" content=\"index, follow, max-snippet:-1, max-image-preview:large, max-video-preview:-1\" \/>\n<link rel=\"canonical\" href=\"https:\/\/www.mpc.pr.gov.br\/index.php\/municipio-deve-apresentar-projeto-de-lei-a-fim-de-regularizar-a-nomeacao-de-cargos-comissionados\/\" \/>\n<meta property=\"og:locale\" content=\"pt_BR\" \/>\n<meta property=\"og:type\" content=\"article\" \/>\n<meta property=\"og:title\" content=\"Munic\u00edpio deve apresentar Projeto de Lei a fim de regularizar a nomea\u00e7\u00e3o de cargos comissionados - Minist\u00e9rio P\u00fablico de Contas do Estado do Paran\u00e1\" \/>\n<meta property=\"og:description\" content=\"O Munic\u00edpio de Mandaguari deve, no prazo de 60 dias, encaminhar ao Poder Legislativo Projeto de Lei que disponha expressamente sobre as atribui\u00e7\u00f5es e qualifica\u00e7\u00f5es acad\u00eamico-profissionais para investidura nos cargos em comiss\u00e3o e fun\u00e7\u00f5es de confian\u00e7a do Munic\u00edpio. Essa foi a determina\u00e7\u00e3o imposta pela Primeira C\u00e2mara do Tribunal de Contas do Paran\u00e1 (TCE-PR), ao julgar [&hellip;]\" \/>\n<meta property=\"og:url\" content=\"https:\/\/www.mpc.pr.gov.br\/index.php\/municipio-deve-apresentar-projeto-de-lei-a-fim-de-regularizar-a-nomeacao-de-cargos-comissionados\/\" \/>\n<meta property=\"og:site_name\" content=\"Minist\u00e9rio P\u00fablico de Contas do Estado do Paran\u00e1\" \/>\n<meta property=\"article:publisher\" content=\"https:\/\/www.facebook.com\/mpc.pr\" \/>\n<meta property=\"article:published_time\" content=\"2024-02-06T13:00:59+00:00\" \/>\n<meta property=\"article:modified_time\" content=\"2024-02-20T13:05:08+00:00\" \/>\n<meta property=\"og:image\" content=\"https:\/\/www.mpc.pr.gov.br\/wp-content\/uploads\/2024\/02\/MANDAGUARI.jpeg\" \/>\n\t<meta property=\"og:image:width\" content=\"500\" \/>\n\t<meta property=\"og:image:height\" content=\"375\" \/>\n\t<meta property=\"og:image:type\" content=\"image\/jpeg\" \/>\n<meta name=\"author\" content=\"mpcontaspr\" \/>\n<meta name=\"twitter:card\" content=\"summary_large_image\" \/>\n<meta name=\"twitter:label1\" content=\"Escrito por\" \/>\n\t<meta name=\"twitter:data1\" content=\"mpcontaspr\" \/>\n\t<meta name=\"twitter:label2\" content=\"Est. tempo de leitura\" \/>\n\t<meta name=\"twitter:data2\" content=\"6 minutos\" \/>\n<script type=\"application\/ld+json\" class=\"yoast-schema-graph\">{\"@context\":\"https:\\\/\\\/schema.org\",\"@graph\":[{\"@type\":\"Article\",\"@id\":\"https:\\\/\\\/www.mpc.pr.gov.br\\\/index.php\\\/municipio-deve-apresentar-projeto-de-lei-a-fim-de-regularizar-a-nomeacao-de-cargos-comissionados\\\/#article\",\"isPartOf\":{\"@id\":\"https:\\\/\\\/www.mpc.pr.gov.br\\\/index.php\\\/municipio-deve-apresentar-projeto-de-lei-a-fim-de-regularizar-a-nomeacao-de-cargos-comissionados\\\/\"},\"author\":{\"name\":\"mpcontaspr\",\"@id\":\"https:\\\/\\\/www.mpc.pr.gov.br\\\/#\\\/schema\\\/person\\\/2d83cb8980538d0ec174e8a6284f5e11\"},\"headline\":\"Munic\u00edpio deve apresentar Projeto de Lei a fim de regularizar a nomea\u00e7\u00e3o de cargos comissionados\",\"datePublished\":\"2024-02-06T13:00:59+00:00\",\"dateModified\":\"2024-02-20T13:05:08+00:00\",\"mainEntityOfPage\":{\"@id\":\"https:\\\/\\\/www.mpc.pr.gov.br\\\/index.php\\\/municipio-deve-apresentar-projeto-de-lei-a-fim-de-regularizar-a-nomeacao-de-cargos-comissionados\\\/\"},\"wordCount\":1045,\"commentCount\":0,\"publisher\":{\"@id\":\"https:\\\/\\\/www.mpc.pr.gov.br\\\/#organization\"},\"image\":{\"@id\":\"https:\\\/\\\/www.mpc.pr.gov.br\\\/index.php\\\/municipio-deve-apresentar-projeto-de-lei-a-fim-de-regularizar-a-nomeacao-de-cargos-comissionados\\\/#primaryimage\"},\"thumbnailUrl\":\"https:\\\/\\\/www.mpc.pr.gov.br\\\/wp-content\\\/uploads\\\/2024\\\/02\\\/MANDAGUARI.jpeg\",\"keywords\":[\"Cargos comissionados\",\"Mandaguari\",\"MPC-PR\",\"Primeira C\u00e2mara\",\"TCE-PR\",\"Tomada de Contas Extraordin\u00e1ria\"],\"articleSection\":[\"Todas as not\u00edcias\"],\"inLanguage\":\"pt-BR\",\"potentialAction\":[{\"@type\":\"CommentAction\",\"name\":\"Comment\",\"target\":[\"https:\\\/\\\/www.mpc.pr.gov.br\\\/index.php\\\/municipio-deve-apresentar-projeto-de-lei-a-fim-de-regularizar-a-nomeacao-de-cargos-comissionados\\\/#respond\"]}]},{\"@type\":\"WebPage\",\"@id\":\"https:\\\/\\\/www.mpc.pr.gov.br\\\/index.php\\\/municipio-deve-apresentar-projeto-de-lei-a-fim-de-regularizar-a-nomeacao-de-cargos-comissionados\\\/\",\"url\":\"https:\\\/\\\/www.mpc.pr.gov.br\\\/index.php\\\/municipio-deve-apresentar-projeto-de-lei-a-fim-de-regularizar-a-nomeacao-de-cargos-comissionados\\\/\",\"name\":\"Munic\u00edpio deve apresentar Projeto de Lei a fim de regularizar a nomea\u00e7\u00e3o de cargos comissionados - Minist\u00e9rio P\u00fablico de Contas do Estado do Paran\u00e1\",\"isPartOf\":{\"@id\":\"https:\\\/\\\/www.mpc.pr.gov.br\\\/#website\"},\"primaryImageOfPage\":{\"@id\":\"https:\\\/\\\/www.mpc.pr.gov.br\\\/index.php\\\/municipio-deve-apresentar-projeto-de-lei-a-fim-de-regularizar-a-nomeacao-de-cargos-comissionados\\\/#primaryimage\"},\"image\":{\"@id\":\"https:\\\/\\\/www.mpc.pr.gov.br\\\/index.php\\\/municipio-deve-apresentar-projeto-de-lei-a-fim-de-regularizar-a-nomeacao-de-cargos-comissionados\\\/#primaryimage\"},\"thumbnailUrl\":\"https:\\\/\\\/www.mpc.pr.gov.br\\\/wp-content\\\/uploads\\\/2024\\\/02\\\/MANDAGUARI.jpeg\",\"datePublished\":\"2024-02-06T13:00:59+00:00\",\"dateModified\":\"2024-02-20T13:05:08+00:00\",\"breadcrumb\":{\"@id\":\"https:\\\/\\\/www.mpc.pr.gov.br\\\/index.php\\\/municipio-deve-apresentar-projeto-de-lei-a-fim-de-regularizar-a-nomeacao-de-cargos-comissionados\\\/#breadcrumb\"},\"inLanguage\":\"pt-BR\",\"potentialAction\":[{\"@type\":\"ReadAction\",\"target\":[\"https:\\\/\\\/www.mpc.pr.gov.br\\\/index.php\\\/municipio-deve-apresentar-projeto-de-lei-a-fim-de-regularizar-a-nomeacao-de-cargos-comissionados\\\/\"]}]},{\"@type\":\"ImageObject\",\"inLanguage\":\"pt-BR\",\"@id\":\"https:\\\/\\\/www.mpc.pr.gov.br\\\/index.php\\\/municipio-deve-apresentar-projeto-de-lei-a-fim-de-regularizar-a-nomeacao-de-cargos-comissionados\\\/#primaryimage\",\"url\":\"https:\\\/\\\/www.mpc.pr.gov.br\\\/wp-content\\\/uploads\\\/2024\\\/02\\\/MANDAGUARI.jpeg\",\"contentUrl\":\"https:\\\/\\\/www.mpc.pr.gov.br\\\/wp-content\\\/uploads\\\/2024\\\/02\\\/MANDAGUARI.jpeg\",\"width\":500,\"height\":375,\"caption\":\"Sede da Prefeitura do Munic\u00edpio de Mandaguari. Foto: divulga\u00e7\u00e3o.\"},{\"@type\":\"BreadcrumbList\",\"@id\":\"https:\\\/\\\/www.mpc.pr.gov.br\\\/index.php\\\/municipio-deve-apresentar-projeto-de-lei-a-fim-de-regularizar-a-nomeacao-de-cargos-comissionados\\\/#breadcrumb\",\"itemListElement\":[{\"@type\":\"ListItem\",\"position\":1,\"name\":\"In\u00edcio\",\"item\":\"https:\\\/\\\/www.mpc.pr.gov.br\\\/\"},{\"@type\":\"ListItem\",\"position\":2,\"name\":\"Munic\u00edpio deve apresentar Projeto de Lei a fim de regularizar a nomea\u00e7\u00e3o de cargos comissionados\"}]},{\"@type\":\"WebSite\",\"@id\":\"https:\\\/\\\/www.mpc.pr.gov.br\\\/#website\",\"url\":\"https:\\\/\\\/www.mpc.pr.gov.br\\\/\",\"name\":\"Minist\u00e9rio P\u00fablico de Contas do Estado do Paran\u00e1\",\"description\":\"\",\"publisher\":{\"@id\":\"https:\\\/\\\/www.mpc.pr.gov.br\\\/#organization\"},\"potentialAction\":[{\"@type\":\"SearchAction\",\"target\":{\"@type\":\"EntryPoint\",\"urlTemplate\":\"https:\\\/\\\/www.mpc.pr.gov.br\\\/?s={search_term_string}\"},\"query-input\":{\"@type\":\"PropertyValueSpecification\",\"valueRequired\":true,\"valueName\":\"search_term_string\"}}],\"inLanguage\":\"pt-BR\"},{\"@type\":\"Organization\",\"@id\":\"https:\\\/\\\/www.mpc.pr.gov.br\\\/#organization\",\"name\":\"Minist\u00e9rio P\u00fablico de Contas do Estado do Paran\u00e1\",\"url\":\"https:\\\/\\\/www.mpc.pr.gov.br\\\/\",\"logo\":{\"@type\":\"ImageObject\",\"inLanguage\":\"pt-BR\",\"@id\":\"https:\\\/\\\/www.mpc.pr.gov.br\\\/#\\\/schema\\\/logo\\\/image\\\/\",\"url\":\"https:\\\/\\\/www.mpc.pr.gov.br\\\/wp-content\\\/uploads\\\/2020\\\/06\\\/99423647_1593460364143890_6706793420720963584_n-1-e1591387983167.png\",\"contentUrl\":\"https:\\\/\\\/www.mpc.pr.gov.br\\\/wp-content\\\/uploads\\\/2020\\\/06\\\/99423647_1593460364143890_6706793420720963584_n-1-e1591387983167.png\",\"width\":243,\"height\":73,\"caption\":\"Minist\u00e9rio P\u00fablico de Contas do Estado do Paran\u00e1\"},\"image\":{\"@id\":\"https:\\\/\\\/www.mpc.pr.gov.br\\\/#\\\/schema\\\/logo\\\/image\\\/\"},\"sameAs\":[\"https:\\\/\\\/www.facebook.com\\\/mpc.pr\",\"https:\\\/\\\/www.instagram.com\\\/mpc.pr\\\/?hl=pt-br\",\"https:\\\/\\\/www.youtube.com\\\/channel\\\/UCHri5oEM8DV0ztX57E0sBSw\"]},{\"@type\":\"Person\",\"@id\":\"https:\\\/\\\/www.mpc.pr.gov.br\\\/#\\\/schema\\\/person\\\/2d83cb8980538d0ec174e8a6284f5e11\",\"name\":\"mpcontaspr\",\"image\":{\"@type\":\"ImageObject\",\"inLanguage\":\"pt-BR\",\"@id\":\"https:\\\/\\\/secure.gravatar.com\\\/avatar\\\/1aef51541db7622e05fd639336c9c9f312c2a618396e2b6ca96846362fc5403f?s=96&d=mm&r=g\",\"url\":\"https:\\\/\\\/secure.gravatar.com\\\/avatar\\\/1aef51541db7622e05fd639336c9c9f312c2a618396e2b6ca96846362fc5403f?s=96&d=mm&r=g\",\"contentUrl\":\"https:\\\/\\\/secure.gravatar.com\\\/avatar\\\/1aef51541db7622e05fd639336c9c9f312c2a618396e2b6ca96846362fc5403f?s=96&d=mm&r=g\",\"caption\":\"mpcontaspr\"},\"sameAs\":[\"http:\\\/\\\/www.mpc.pr.gov.br\"]}]}<\/script>\n<!-- \/ Yoast SEO plugin. -->","yoast_head_json":{"title":"Munic\u00edpio deve apresentar Projeto de Lei a fim de regularizar a nomea\u00e7\u00e3o de cargos comissionados - Minist\u00e9rio P\u00fablico de Contas do Estado do Paran\u00e1","robots":{"index":"index","follow":"follow","max-snippet":"max-snippet:-1","max-image-preview":"max-image-preview:large","max-video-preview":"max-video-preview:-1"},"canonical":"https:\/\/www.mpc.pr.gov.br\/index.php\/municipio-deve-apresentar-projeto-de-lei-a-fim-de-regularizar-a-nomeacao-de-cargos-comissionados\/","og_locale":"pt_BR","og_type":"article","og_title":"Munic\u00edpio deve apresentar Projeto de Lei a fim de regularizar a nomea\u00e7\u00e3o de cargos comissionados - Minist\u00e9rio P\u00fablico de Contas do Estado do Paran\u00e1","og_description":"O Munic\u00edpio de Mandaguari deve, no prazo de 60 dias, encaminhar ao Poder Legislativo Projeto de Lei que disponha expressamente sobre as atribui\u00e7\u00f5es e qualifica\u00e7\u00f5es acad\u00eamico-profissionais para investidura nos cargos em comiss\u00e3o e fun\u00e7\u00f5es de confian\u00e7a do Munic\u00edpio. Essa foi a determina\u00e7\u00e3o imposta pela Primeira C\u00e2mara do Tribunal de Contas do Paran\u00e1 (TCE-PR), ao julgar [&hellip;]","og_url":"https:\/\/www.mpc.pr.gov.br\/index.php\/municipio-deve-apresentar-projeto-de-lei-a-fim-de-regularizar-a-nomeacao-de-cargos-comissionados\/","og_site_name":"Minist\u00e9rio P\u00fablico de Contas do Estado do Paran\u00e1","article_publisher":"https:\/\/www.facebook.com\/mpc.pr","article_published_time":"2024-02-06T13:00:59+00:00","article_modified_time":"2024-02-20T13:05:08+00:00","og_image":[{"width":500,"height":375,"url":"https:\/\/www.mpc.pr.gov.br\/wp-content\/uploads\/2024\/02\/MANDAGUARI.jpeg","type":"image\/jpeg"}],"author":"mpcontaspr","twitter_card":"summary_large_image","twitter_misc":{"Escrito por":"mpcontaspr","Est. tempo de leitura":"6 minutos"},"schema":{"@context":"https:\/\/schema.org","@graph":[{"@type":"Article","@id":"https:\/\/www.mpc.pr.gov.br\/index.php\/municipio-deve-apresentar-projeto-de-lei-a-fim-de-regularizar-a-nomeacao-de-cargos-comissionados\/#article","isPartOf":{"@id":"https:\/\/www.mpc.pr.gov.br\/index.php\/municipio-deve-apresentar-projeto-de-lei-a-fim-de-regularizar-a-nomeacao-de-cargos-comissionados\/"},"author":{"name":"mpcontaspr","@id":"https:\/\/www.mpc.pr.gov.br\/#\/schema\/person\/2d83cb8980538d0ec174e8a6284f5e11"},"headline":"Munic\u00edpio deve apresentar Projeto de Lei a fim de regularizar a nomea\u00e7\u00e3o de cargos comissionados","datePublished":"2024-02-06T13:00:59+00:00","dateModified":"2024-02-20T13:05:08+00:00","mainEntityOfPage":{"@id":"https:\/\/www.mpc.pr.gov.br\/index.php\/municipio-deve-apresentar-projeto-de-lei-a-fim-de-regularizar-a-nomeacao-de-cargos-comissionados\/"},"wordCount":1045,"commentCount":0,"publisher":{"@id":"https:\/\/www.mpc.pr.gov.br\/#organization"},"image":{"@id":"https:\/\/www.mpc.pr.gov.br\/index.php\/municipio-deve-apresentar-projeto-de-lei-a-fim-de-regularizar-a-nomeacao-de-cargos-comissionados\/#primaryimage"},"thumbnailUrl":"https:\/\/www.mpc.pr.gov.br\/wp-content\/uploads\/2024\/02\/MANDAGUARI.jpeg","keywords":["Cargos comissionados","Mandaguari","MPC-PR","Primeira C\u00e2mara","TCE-PR","Tomada de Contas Extraordin\u00e1ria"],"articleSection":["Todas as not\u00edcias"],"inLanguage":"pt-BR","potentialAction":[{"@type":"CommentAction","name":"Comment","target":["https:\/\/www.mpc.pr.gov.br\/index.php\/municipio-deve-apresentar-projeto-de-lei-a-fim-de-regularizar-a-nomeacao-de-cargos-comissionados\/#respond"]}]},{"@type":"WebPage","@id":"https:\/\/www.mpc.pr.gov.br\/index.php\/municipio-deve-apresentar-projeto-de-lei-a-fim-de-regularizar-a-nomeacao-de-cargos-comissionados\/","url":"https:\/\/www.mpc.pr.gov.br\/index.php\/municipio-deve-apresentar-projeto-de-lei-a-fim-de-regularizar-a-nomeacao-de-cargos-comissionados\/","name":"Munic\u00edpio deve apresentar Projeto de Lei a fim de regularizar a nomea\u00e7\u00e3o de cargos comissionados - Minist\u00e9rio P\u00fablico de Contas do Estado do Paran\u00e1","isPartOf":{"@id":"https:\/\/www.mpc.pr.gov.br\/#website"},"primaryImageOfPage":{"@id":"https:\/\/www.mpc.pr.gov.br\/index.php\/municipio-deve-apresentar-projeto-de-lei-a-fim-de-regularizar-a-nomeacao-de-cargos-comissionados\/#primaryimage"},"image":{"@id":"https:\/\/www.mpc.pr.gov.br\/index.php\/municipio-deve-apresentar-projeto-de-lei-a-fim-de-regularizar-a-nomeacao-de-cargos-comissionados\/#primaryimage"},"thumbnailUrl":"https:\/\/www.mpc.pr.gov.br\/wp-content\/uploads\/2024\/02\/MANDAGUARI.jpeg","datePublished":"2024-02-06T13:00:59+00:00","dateModified":"2024-02-20T13:05:08+00:00","breadcrumb":{"@id":"https:\/\/www.mpc.pr.gov.br\/index.php\/municipio-deve-apresentar-projeto-de-lei-a-fim-de-regularizar-a-nomeacao-de-cargos-comissionados\/#breadcrumb"},"inLanguage":"pt-BR","potentialAction":[{"@type":"ReadAction","target":["https:\/\/www.mpc.pr.gov.br\/index.php\/municipio-deve-apresentar-projeto-de-lei-a-fim-de-regularizar-a-nomeacao-de-cargos-comissionados\/"]}]},{"@type":"ImageObject","inLanguage":"pt-BR","@id":"https:\/\/www.mpc.pr.gov.br\/index.php\/municipio-deve-apresentar-projeto-de-lei-a-fim-de-regularizar-a-nomeacao-de-cargos-comissionados\/#primaryimage","url":"https:\/\/www.mpc.pr.gov.br\/wp-content\/uploads\/2024\/02\/MANDAGUARI.jpeg","contentUrl":"https:\/\/www.mpc.pr.gov.br\/wp-content\/uploads\/2024\/02\/MANDAGUARI.jpeg","width":500,"height":375,"caption":"Sede da Prefeitura do Munic\u00edpio de Mandaguari. Foto: divulga\u00e7\u00e3o."},{"@type":"BreadcrumbList","@id":"https:\/\/www.mpc.pr.gov.br\/index.php\/municipio-deve-apresentar-projeto-de-lei-a-fim-de-regularizar-a-nomeacao-de-cargos-comissionados\/#breadcrumb","itemListElement":[{"@type":"ListItem","position":1,"name":"In\u00edcio","item":"https:\/\/www.mpc.pr.gov.br\/"},{"@type":"ListItem","position":2,"name":"Munic\u00edpio deve apresentar Projeto de Lei a fim de regularizar a nomea\u00e7\u00e3o de cargos comissionados"}]},{"@type":"WebSite","@id":"https:\/\/www.mpc.pr.gov.br\/#website","url":"https:\/\/www.mpc.pr.gov.br\/","name":"Minist\u00e9rio P\u00fablico de Contas do Estado do Paran\u00e1","description":"","publisher":{"@id":"https:\/\/www.mpc.pr.gov.br\/#organization"},"potentialAction":[{"@type":"SearchAction","target":{"@type":"EntryPoint","urlTemplate":"https:\/\/www.mpc.pr.gov.br\/?s={search_term_string}"},"query-input":{"@type":"PropertyValueSpecification","valueRequired":true,"valueName":"search_term_string"}}],"inLanguage":"pt-BR"},{"@type":"Organization","@id":"https:\/\/www.mpc.pr.gov.br\/#organization","name":"Minist\u00e9rio P\u00fablico de Contas do Estado do Paran\u00e1","url":"https:\/\/www.mpc.pr.gov.br\/","logo":{"@type":"ImageObject","inLanguage":"pt-BR","@id":"https:\/\/www.mpc.pr.gov.br\/#\/schema\/logo\/image\/","url":"https:\/\/www.mpc.pr.gov.br\/wp-content\/uploads\/2020\/06\/99423647_1593460364143890_6706793420720963584_n-1-e1591387983167.png","contentUrl":"https:\/\/www.mpc.pr.gov.br\/wp-content\/uploads\/2020\/06\/99423647_1593460364143890_6706793420720963584_n-1-e1591387983167.png","width":243,"height":73,"caption":"Minist\u00e9rio P\u00fablico de Contas do Estado do Paran\u00e1"},"image":{"@id":"https:\/\/www.mpc.pr.gov.br\/#\/schema\/logo\/image\/"},"sameAs":["https:\/\/www.facebook.com\/mpc.pr","https:\/\/www.instagram.com\/mpc.pr\/?hl=pt-br","https:\/\/www.youtube.com\/channel\/UCHri5oEM8DV0ztX57E0sBSw"]},{"@type":"Person","@id":"https:\/\/www.mpc.pr.gov.br\/#\/schema\/person\/2d83cb8980538d0ec174e8a6284f5e11","name":"mpcontaspr","image":{"@type":"ImageObject","inLanguage":"pt-BR","@id":"https:\/\/secure.gravatar.com\/avatar\/1aef51541db7622e05fd639336c9c9f312c2a618396e2b6ca96846362fc5403f?s=96&d=mm&r=g","url":"https:\/\/secure.gravatar.com\/avatar\/1aef51541db7622e05fd639336c9c9f312c2a618396e2b6ca96846362fc5403f?s=96&d=mm&r=g","contentUrl":"https:\/\/secure.gravatar.com\/avatar\/1aef51541db7622e05fd639336c9c9f312c2a618396e2b6ca96846362fc5403f?s=96&d=mm&r=g","caption":"mpcontaspr"},"sameAs":["http:\/\/www.mpc.pr.gov.br"]}]}},"rttpg_featured_image_url":{"full":["https:\/\/www.mpc.pr.gov.br\/wp-content\/uploads\/2024\/02\/MANDAGUARI.jpeg",500,375,false],"landscape":["https:\/\/www.mpc.pr.gov.br\/wp-content\/uploads\/2024\/02\/MANDAGUARI.jpeg",500,375,false],"portraits":["https:\/\/www.mpc.pr.gov.br\/wp-content\/uploads\/2024\/02\/MANDAGUARI.jpeg",500,375,false],"thumbnail":["https:\/\/www.mpc.pr.gov.br\/wp-content\/uploads\/2024\/02\/MANDAGUARI-150x150.jpeg",150,150,true],"medium":["https:\/\/www.mpc.pr.gov.br\/wp-content\/uploads\/2024\/02\/MANDAGUARI-300x225.jpeg",300,225,true],"large":["https:\/\/www.mpc.pr.gov.br\/wp-content\/uploads\/2024\/02\/MANDAGUARI.jpeg",500,375,false],"1536x1536":["https:\/\/www.mpc.pr.gov.br\/wp-content\/uploads\/2024\/02\/MANDAGUARI.jpeg",500,375,false],"2048x2048":["https:\/\/www.mpc.pr.gov.br\/wp-content\/uploads\/2024\/02\/MANDAGUARI.jpeg",500,375,false],"ocean-thumb-m":["https:\/\/www.mpc.pr.gov.br\/wp-content\/uploads\/2024\/02\/MANDAGUARI.jpeg",500,375,false],"ocean-thumb-ml":["https:\/\/www.mpc.pr.gov.br\/wp-content\/uploads\/2024\/02\/MANDAGUARI.jpeg",500,375,false],"ocean-thumb-l":["https:\/\/www.mpc.pr.gov.br\/wp-content\/uploads\/2024\/02\/MANDAGUARI.jpeg",500,375,false]},"rttpg_author":{"display_name":"mpcontaspr","author_link":"https:\/\/www.mpc.pr.gov.br\/index.php\/author\/mpcontaspr\/"},"rttpg_comment":0,"rttpg_category":"<a href=\"https:\/\/www.mpc.pr.gov.br\/index.php\/category\/todas-as-noticias\/\" rel=\"category tag\">Todas as not\u00edcias<\/a>","rttpg_excerpt":"O Munic\u00edpio de Mandaguari deve, no prazo de 60 dias, encaminhar ao Poder Legislativo Projeto de Lei que disponha expressamente sobre as atribui\u00e7\u00f5es e qualifica\u00e7\u00f5es acad\u00eamico-profissionais para investidura nos cargos em comiss\u00e3o e fun\u00e7\u00f5es de confian\u00e7a do Munic\u00edpio. Essa foi a determina\u00e7\u00e3o imposta pela Primeira C\u00e2mara do Tribunal de Contas do Paran\u00e1 (TCE-PR), ao julgar&hellip;","_links":{"self":[{"href":"https:\/\/www.mpc.pr.gov.br\/index.php\/wp-json\/wp\/v2\/posts\/18370","targetHints":{"allow":["GET"]}}],"collection":[{"href":"https:\/\/www.mpc.pr.gov.br\/index.php\/wp-json\/wp\/v2\/posts"}],"about":[{"href":"https:\/\/www.mpc.pr.gov.br\/index.php\/wp-json\/wp\/v2\/types\/post"}],"author":[{"embeddable":true,"href":"https:\/\/www.mpc.pr.gov.br\/index.php\/wp-json\/wp\/v2\/users\/1"}],"replies":[{"embeddable":true,"href":"https:\/\/www.mpc.pr.gov.br\/index.php\/wp-json\/wp\/v2\/comments?post=18370"}],"version-history":[{"count":1,"href":"https:\/\/www.mpc.pr.gov.br\/index.php\/wp-json\/wp\/v2\/posts\/18370\/revisions"}],"predecessor-version":[{"id":18374,"href":"https:\/\/www.mpc.pr.gov.br\/index.php\/wp-json\/wp\/v2\/posts\/18370\/revisions\/18374"}],"wp:featuredmedia":[{"embeddable":true,"href":"https:\/\/www.mpc.pr.gov.br\/index.php\/wp-json\/wp\/v2\/media\/18372"}],"wp:attachment":[{"href":"https:\/\/www.mpc.pr.gov.br\/index.php\/wp-json\/wp\/v2\/media?parent=18370"}],"wp:term":[{"taxonomy":"category","embeddable":true,"href":"https:\/\/www.mpc.pr.gov.br\/index.php\/wp-json\/wp\/v2\/categories?post=18370"},{"taxonomy":"post_tag","embeddable":true,"href":"https:\/\/www.mpc.pr.gov.br\/index.php\/wp-json\/wp\/v2\/tags?post=18370"}],"curies":[{"name":"wp","href":"https:\/\/api.w.org\/{rel}","templated":true}]}}