{"id":18412,"date":"2024-02-15T10:16:19","date_gmt":"2024-02-15T13:16:19","guid":{"rendered":"https:\/\/www.mpc.pr.gov.br\/?p=18412"},"modified":"2024-02-29T10:44:24","modified_gmt":"2024-02-29T13:44:24","slug":"simepar-deve-publicar-demonstrativos-contabeis-de-2022-no-prazo-de-30-dias","status":"publish","type":"post","link":"https:\/\/www.mpc.pr.gov.br\/index.php\/simepar-deve-publicar-demonstrativos-contabeis-de-2022-no-prazo-de-30-dias\/","title":{"rendered":"SIMEPAR deve publicar demonstrativos cont\u00e1beis de 2022 no prazo de 30 dias"},"content":{"rendered":"<figure id=\"attachment_18413\" aria-describedby=\"caption-attachment-18413\" style=\"width: 300px\" class=\"wp-caption alignleft\"><img fetchpriority=\"high\" decoding=\"async\" class=\"size-medium wp-image-18413\" src=\"https:\/\/www.mpc.pr.gov.br\/wp-content\/uploads\/2024\/02\/SIMEPAR-300x189.png\" alt=\"\" width=\"300\" height=\"189\" srcset=\"https:\/\/www.mpc.pr.gov.br\/wp-content\/uploads\/2024\/02\/SIMEPAR-300x189.png 300w, https:\/\/www.mpc.pr.gov.br\/wp-content\/uploads\/2024\/02\/SIMEPAR-768x483.png 768w, https:\/\/www.mpc.pr.gov.br\/wp-content\/uploads\/2024\/02\/SIMEPAR.png 871w\" sizes=\"(max-width: 300px) 100vw, 300px\" \/><figcaption id=\"caption-attachment-18413\" class=\"wp-caption-text\">Radar meteorol\u00f3gico dos Munic\u00edpios do Paran\u00e1, desenvolvido pelo SIMEPAR.<\/figcaption><\/figure>\n<p><span data-contrast=\"auto\">O Pleno do Tribunal de Contas do Paran\u00e1 (TCE-PR) recomendou ao <a href=\"http:\/\/www.simepar.org\/prognozweb\/simepar\">Sistema de Tecnologia e Monitoramento Ambiental do Paran\u00e1 (SIMEPAR)<\/a> que, nos pr\u00f3ximos exerc\u00edcios, promova a correta alimenta\u00e7\u00e3o do Sistema Estadual de Informa\u00e7\u00f5es &#8211; m\u00f3dulo Capta\u00e7\u00e3o Eletr\u00f4nica de Dados (SEI-CED) e efetue os ajustes necess\u00e1rios, sob pena de apontamento de irregularidade nas contas.\u00a0<\/span><span data-ccp-props=\"{&quot;201341983&quot;:0,&quot;335551550&quot;:6,&quot;335551620&quot;:6,&quot;335559739&quot;:160,&quot;335559740&quot;:360}\">\u00a0<\/span><\/p>\n<p><span data-contrast=\"auto\">A decis\u00e3o ocorreu em sede de an\u00e1lise da presta\u00e7\u00e3o de contas anual da entidade, referente ao exerc\u00edcio financeiro de 2022, a qual foi julgada regular com ressalvas, em raz\u00e3o do atraso no envio dos dados do 3\u00ba quadrimestre ao sistema SEICED, bem como pela aus\u00eancia de publica\u00e7\u00e3o das demonstra\u00e7\u00f5es cont\u00e1beis, conforme Lei Complementar n\u00ba 182\/2021.<\/span><span data-ccp-props=\"{&quot;201341983&quot;:0,&quot;335551550&quot;:6,&quot;335551620&quot;:6,&quot;335559739&quot;:160,&quot;335559740&quot;:360}\">\u00a0<\/span><\/p>\n<p><span data-contrast=\"auto\">Em seu voto, o Relator Conselheiro Augustinho Zucchi acompanhou as manifesta\u00e7\u00f5es uniformes da unidade t\u00e9cnica e Minist\u00e9rio P\u00fablico de Contas do Paran\u00e1 (MPC-PR), de modo que tamb\u00e9m determinou ao SIMEPAR que publique, no prazo de 30 dias, suas demonstra\u00e7\u00f5es cont\u00e1beis relativas ao exerc\u00edcio de 2022, em conson\u00e2ncia com a legisla\u00e7\u00e3o vigente.<\/span><span data-ccp-props=\"{&quot;201341983&quot;:0,&quot;335551550&quot;:6,&quot;335551620&quot;:6,&quot;335559739&quot;:160,&quot;335559740&quot;:360}\">\u00a0<\/span><\/p>\n<p><b><span data-contrast=\"auto\">Instru\u00e7\u00e3o do Processo<\/span><\/b><span data-ccp-props=\"{&quot;201341983&quot;:0,&quot;335551550&quot;:6,&quot;335551620&quot;:6,&quot;335559739&quot;:160,&quot;335559740&quot;:360}\">\u00a0<\/span><\/p>\n<p><span data-contrast=\"auto\">Ao examinar os documentos acostados nos autos, a 7\u00aa Inspetoria de Controle Externo (7\u00aa ICE) opinou pela regularidade das contas apresentadas, nos termos do Relat\u00f3rio de Fiscaliza\u00e7\u00e3o da unidade. Por sua vez, a Coordenadoria de Gest\u00e3o Estadual (CGE) apontou situa\u00e7\u00f5es que necessitava de maiores esclarecimentos pelos respons\u00e1veis.<\/span><span data-ccp-props=\"{&quot;201341983&quot;:0,&quot;335551550&quot;:6,&quot;335551620&quot;:6,&quot;335559739&quot;:160,&quot;335559740&quot;:360}\">\u00a0<\/span><\/p>\n<p><span data-contrast=\"auto\">Em aten\u00e7\u00e3o ao pedido da CGE, a entidade requereu a prorroga\u00e7\u00e3o do prazo de 10 dias para a formula\u00e7\u00e3o das devidas justificativas, al\u00e9m da reabertura do 3\u00ba quadrimestre de 2022 para fins de atendimento das solicita\u00e7\u00f5es. Contudo, essa possibilidade foi negada em virtude do art. 8\u00ba, da Instru\u00e7\u00e3o Normativa n\u00ba 113\/15, uma vez que j\u00e1 havia an\u00e1lise formal em presta\u00e7\u00e3o de contas do referente exerc\u00edcio, assim como j\u00e1 havia sido emitido relat\u00f3rio de fiscaliza\u00e7\u00e3o pela Inspetoria de Controle Externo que fiscaliza a Entidade.\u00a0<\/span><span data-ccp-props=\"{&quot;134233117&quot;:false,&quot;134233118&quot;:false,&quot;201341983&quot;:0,&quot;335551550&quot;:6,&quot;335551620&quot;:6,&quot;335559685&quot;:0,&quot;335559737&quot;:0,&quot;335559738&quot;:0,&quot;335559739&quot;:160,&quot;335559740&quot;:360}\">\u00a0<\/span><\/p>\n<p><span data-contrast=\"auto\">Ap\u00f3s o SIMEPAR por fim apresentar as devidas justificativas e documenta\u00e7\u00e3o complementar, a Coordenadoria de Gest\u00e3o Estadual manifestou-se novamente nos autos, opinando conclusivamente pela regularidade das contas, com a expedi\u00e7\u00e3o de ressalvas, determina\u00e7\u00e3o e recomenda\u00e7\u00e3o.<\/span><span data-ccp-props=\"{&quot;134233117&quot;:false,&quot;134233118&quot;:false,&quot;201341983&quot;:0,&quot;335551550&quot;:6,&quot;335551620&quot;:6,&quot;335559685&quot;:0,&quot;335559737&quot;:0,&quot;335559738&quot;:0,&quot;335559739&quot;:160,&quot;335559740&quot;:360}\">\u00a0<\/span><\/p>\n<p><span data-contrast=\"auto\">Instado a se manifestar, o MPC-PR acompanhou integralmente o entendimento da unidade t\u00e9cnica pela regularidade com ressalva das contas, em virtude do atraso no envio dos dados do 3\u00ba quadrimestre ao sistema SEICED e da aus\u00eancia de publica\u00e7\u00e3o das demonstra\u00e7\u00f5es cont\u00e1beis, conforme Lei Complementar n\u00ba 182\/2021.<\/span><span data-ccp-props=\"{&quot;134233117&quot;:false,&quot;134233118&quot;:false,&quot;201341983&quot;:0,&quot;335551550&quot;:6,&quot;335551620&quot;:6,&quot;335559685&quot;:0,&quot;335559737&quot;:0,&quot;335559738&quot;:0,&quot;335559739&quot;:160,&quot;335559740&quot;:360}\">\u00a0<\/span><\/p>\n<p><span data-contrast=\"auto\">Por fim, conforme o <a href=\"https:\/\/www.mpc.pr.gov.br\/wp-content\/uploads\/2024\/02\/SIMEPAR-PAR-930_23-5PC.pdf\">Parecer Ministerial n\u00b0 930\/23<\/a>, tamb\u00e9m pugnou pela expedi\u00e7\u00e3o de determina\u00e7\u00e3o para que o SIMEPAR publique suas demonstra\u00e7\u00f5es cont\u00e1beis relativas ao exerc\u00edcio de 2022, no prazo de 30 dias contados do Ac\u00f3rd\u00e3o desta presta\u00e7\u00e3o de contas; e de Recomenda\u00e7\u00e3o para que a entidade obede\u00e7a para os exerc\u00edcios subsequentes \u00e0 correta alimenta\u00e7\u00e3o do sistema e efetue os ajustes necess\u00e1rios, sob pena de apontamento de irregularidade nas contas se persistir tal situa\u00e7\u00e3o.<\/span><span data-ccp-props=\"{&quot;134233117&quot;:false,&quot;134233118&quot;:false,&quot;201341983&quot;:0,&quot;335551550&quot;:6,&quot;335551620&quot;:6,&quot;335559685&quot;:0,&quot;335559737&quot;:0,&quot;335559738&quot;:0,&quot;335559739&quot;:160,&quot;335559740&quot;:360}\">\u00a0<\/span><\/p>\n<p><b><span data-contrast=\"auto\">Decis\u00e3o<\/span><\/b><span data-ccp-props=\"{&quot;134233117&quot;:false,&quot;134233118&quot;:false,&quot;201341983&quot;:0,&quot;335551550&quot;:6,&quot;335551620&quot;:6,&quot;335559685&quot;:0,&quot;335559737&quot;:0,&quot;335559738&quot;:0,&quot;335559739&quot;:160,&quot;335559740&quot;:360}\">\u00a0<\/span><\/p>\n<p><span data-contrast=\"auto\">Em sede de julgamento, diante da conformidade nas manifesta\u00e7\u00f5es da CGE e MPC-PR, o Relator votou pela regularidade com ressalva das contas em exame, com a expedi\u00e7\u00e3o da determina\u00e7\u00e3o e recomenda\u00e7\u00e3o sugeridas pela unidade t\u00e9cnica.<\/span><span data-ccp-props=\"{&quot;134233117&quot;:false,&quot;134233118&quot;:false,&quot;201341983&quot;:0,&quot;335551550&quot;:6,&quot;335551620&quot;:6,&quot;335559685&quot;:0,&quot;335559737&quot;:0,&quot;335559738&quot;:0,&quot;335559739&quot;:160,&quot;335559740&quot;:360}\">\u00a0<\/span><\/p>\n<p><span data-contrast=\"auto\">Por meio do <a href=\"https:\/\/www.mpc.pr.gov.br\/wp-content\/uploads\/2024\/02\/SIMEPAR-ACO-101_24-STP.pdf\">Ac\u00f3rd\u00e3o n\u00b0 101\/24<\/a>, os membros do Tribunal Pleno acompanharam, por unanimidade, a decis\u00e3o do Relator, determinando que, ap\u00f3s o tr\u00e2nsito em julgado, os autos sejam encaminhados \u00e0 Coordenadoria de Monitoramento e Execu\u00e7\u00f5es (CMEX) para registro e provid\u00eancias necess\u00e1rias, nos termos do Regimento Interno e, posteriormente, \u00e0 Diretoria de Protocolo (DP) para o encerramento e arquivamento do processo.\u00a0<\/span><\/p>\n<div class=\"mceTemp\"><\/div>\n<p><span style=\"color: #820007;\"><strong><u>Informa\u00e7\u00e3o para consulta processual<\/u><\/strong><\/span><\/p>\n<table style=\"height: 183px;\" border=\"0\" width=\"478\" cellspacing=\"0\" cellpadding=\"0\">\n<tbody>\n<tr>\n<td><strong>Processo n\u00ba<\/strong>:<\/td>\n<td>290609\/23<\/td>\n<\/tr>\n<tr>\n<td><strong>Ac\u00f3rd\u00e3o n\u00ba<\/strong>:<\/td>\n<td><span class=\"NormalTextRun SCXW188288879 BCX0\">Ac\u00f3rd\u00e3o n\u00b0 101\/24<\/span>\u00a0&#8211; Tribunal Pleno<\/td>\n<\/tr>\n<tr>\n<td><strong>Assunto<\/strong>:<\/td>\n<td>Presta\u00e7\u00e3o de Contas Anual<\/td>\n<\/tr>\n<tr>\n<td><strong>Entidade<\/strong>:<\/td>\n<td>SIMEPAR<\/td>\n<\/tr>\n<tr>\n<td><strong>Relator<\/strong>:<\/td>\n<td><span data-contrast=\"none\">Conselheiro Augustinho Zucchi <\/span><\/td>\n<\/tr>\n<\/tbody>\n<\/table>\n","protected":false},"excerpt":{"rendered":"<p>O Pleno do Tribunal de Contas do Paran\u00e1 (TCE-PR) recomendou ao Sistema de Tecnologia e Monitoramento Ambiental do Paran\u00e1 (SIMEPAR) que, nos pr\u00f3ximos exerc\u00edcios, promova a correta alimenta\u00e7\u00e3o do Sistema Estadual de Informa\u00e7\u00f5es &#8211; m\u00f3dulo Capta\u00e7\u00e3o Eletr\u00f4nica de Dados (SEI-CED) e efetue os ajustes necess\u00e1rios, sob pena de apontamento de irregularidade nas contas.\u00a0\u00a0 A decis\u00e3o [&hellip;]<\/p>\n","protected":false},"author":1,"featured_media":18413,"comment_status":"open","ping_status":"open","sticky":false,"template":"","format":"standard","meta":{"_monsterinsights_skip_tracking":false,"_monsterinsights_sitenote_active":false,"_monsterinsights_sitenote_note":"","_monsterinsights_sitenote_category":0,"footnotes":""},"categories":[7],"tags":[513,13,502,512,39,71],"class_list":["post-18412","post","type-post","status-publish","format-standard","has-post-thumbnail","hentry","category-todas-as-noticias","tag-demonstracoes-contabeis","tag-mpc-pr","tag-prestacao-de-contas-anual","tag-simepar","tag-tce-pr","tag-tribunal-pleno","entry","has-media"],"yoast_head":"<!-- This site is optimized with the Yoast SEO plugin v27.3 - https:\/\/yoast.com\/product\/yoast-seo-wordpress\/ -->\n<title>SIMEPAR deve publicar demonstrativos cont\u00e1beis de 2022 no prazo de 30 dias - Minist\u00e9rio P\u00fablico de Contas do Estado do Paran\u00e1<\/title>\n<meta name=\"robots\" content=\"index, follow, max-snippet:-1, max-image-preview:large, max-video-preview:-1\" \/>\n<link rel=\"canonical\" href=\"https:\/\/www.mpc.pr.gov.br\/index.php\/simepar-deve-publicar-demonstrativos-contabeis-de-2022-no-prazo-de-30-dias\/\" \/>\n<meta property=\"og:locale\" content=\"pt_BR\" \/>\n<meta property=\"og:type\" content=\"article\" \/>\n<meta property=\"og:title\" content=\"SIMEPAR deve publicar demonstrativos cont\u00e1beis de 2022 no prazo de 30 dias - Minist\u00e9rio P\u00fablico de Contas do Estado do Paran\u00e1\" \/>\n<meta property=\"og:description\" content=\"O Pleno do Tribunal de Contas do Paran\u00e1 (TCE-PR) recomendou ao Sistema de Tecnologia e Monitoramento Ambiental do Paran\u00e1 (SIMEPAR) que, nos pr\u00f3ximos exerc\u00edcios, promova a correta alimenta\u00e7\u00e3o do Sistema Estadual de Informa\u00e7\u00f5es &#8211; m\u00f3dulo Capta\u00e7\u00e3o Eletr\u00f4nica de Dados (SEI-CED) e efetue os ajustes necess\u00e1rios, sob pena de apontamento de irregularidade nas contas.\u00a0\u00a0 A decis\u00e3o [&hellip;]\" \/>\n<meta property=\"og:url\" content=\"https:\/\/www.mpc.pr.gov.br\/index.php\/simepar-deve-publicar-demonstrativos-contabeis-de-2022-no-prazo-de-30-dias\/\" \/>\n<meta property=\"og:site_name\" content=\"Minist\u00e9rio P\u00fablico de Contas do Estado do Paran\u00e1\" \/>\n<meta property=\"article:publisher\" content=\"https:\/\/www.facebook.com\/mpc.pr\" \/>\n<meta property=\"article:published_time\" content=\"2024-02-15T13:16:19+00:00\" \/>\n<meta property=\"article:modified_time\" content=\"2024-02-29T13:44:24+00:00\" \/>\n<meta property=\"og:image\" content=\"https:\/\/www.mpc.pr.gov.br\/wp-content\/uploads\/2024\/02\/SIMEPAR.png\" \/>\n\t<meta property=\"og:image:width\" content=\"871\" \/>\n\t<meta property=\"og:image:height\" content=\"548\" \/>\n\t<meta property=\"og:image:type\" content=\"image\/png\" \/>\n<meta name=\"author\" content=\"mpcontaspr\" \/>\n<meta name=\"twitter:card\" content=\"summary_large_image\" \/>\n<meta name=\"twitter:label1\" content=\"Escrito por\" \/>\n\t<meta name=\"twitter:data1\" content=\"mpcontaspr\" \/>\n\t<meta name=\"twitter:label2\" content=\"Est. tempo de leitura\" \/>\n\t<meta name=\"twitter:data2\" content=\"4 minutos\" \/>\n<script type=\"application\/ld+json\" class=\"yoast-schema-graph\">{\"@context\":\"https:\\\/\\\/schema.org\",\"@graph\":[{\"@type\":\"Article\",\"@id\":\"https:\\\/\\\/www.mpc.pr.gov.br\\\/index.php\\\/simepar-deve-publicar-demonstrativos-contabeis-de-2022-no-prazo-de-30-dias\\\/#article\",\"isPartOf\":{\"@id\":\"https:\\\/\\\/www.mpc.pr.gov.br\\\/index.php\\\/simepar-deve-publicar-demonstrativos-contabeis-de-2022-no-prazo-de-30-dias\\\/\"},\"author\":{\"name\":\"mpcontaspr\",\"@id\":\"https:\\\/\\\/www.mpc.pr.gov.br\\\/#\\\/schema\\\/person\\\/2d83cb8980538d0ec174e8a6284f5e11\"},\"headline\":\"SIMEPAR deve publicar demonstrativos cont\u00e1beis de 2022 no prazo de 30 dias\",\"datePublished\":\"2024-02-15T13:16:19+00:00\",\"dateModified\":\"2024-02-29T13:44:24+00:00\",\"mainEntityOfPage\":{\"@id\":\"https:\\\/\\\/www.mpc.pr.gov.br\\\/index.php\\\/simepar-deve-publicar-demonstrativos-contabeis-de-2022-no-prazo-de-30-dias\\\/\"},\"wordCount\":664,\"commentCount\":0,\"publisher\":{\"@id\":\"https:\\\/\\\/www.mpc.pr.gov.br\\\/#organization\"},\"image\":{\"@id\":\"https:\\\/\\\/www.mpc.pr.gov.br\\\/index.php\\\/simepar-deve-publicar-demonstrativos-contabeis-de-2022-no-prazo-de-30-dias\\\/#primaryimage\"},\"thumbnailUrl\":\"https:\\\/\\\/www.mpc.pr.gov.br\\\/wp-content\\\/uploads\\\/2024\\\/02\\\/SIMEPAR.png\",\"keywords\":[\"Demonstra\u00e7\u00f5es Cont\u00e1beis\",\"MPC-PR\",\"Presta\u00e7\u00e3o de Contas Anual\",\"SIMEPAR\",\"TCE-PR\",\"Tribunal Pleno\"],\"articleSection\":[\"Todas as not\u00edcias\"],\"inLanguage\":\"pt-BR\",\"potentialAction\":[{\"@type\":\"CommentAction\",\"name\":\"Comment\",\"target\":[\"https:\\\/\\\/www.mpc.pr.gov.br\\\/index.php\\\/simepar-deve-publicar-demonstrativos-contabeis-de-2022-no-prazo-de-30-dias\\\/#respond\"]}]},{\"@type\":\"WebPage\",\"@id\":\"https:\\\/\\\/www.mpc.pr.gov.br\\\/index.php\\\/simepar-deve-publicar-demonstrativos-contabeis-de-2022-no-prazo-de-30-dias\\\/\",\"url\":\"https:\\\/\\\/www.mpc.pr.gov.br\\\/index.php\\\/simepar-deve-publicar-demonstrativos-contabeis-de-2022-no-prazo-de-30-dias\\\/\",\"name\":\"SIMEPAR deve publicar demonstrativos cont\u00e1beis de 2022 no prazo de 30 dias - Minist\u00e9rio P\u00fablico de Contas do Estado do Paran\u00e1\",\"isPartOf\":{\"@id\":\"https:\\\/\\\/www.mpc.pr.gov.br\\\/#website\"},\"primaryImageOfPage\":{\"@id\":\"https:\\\/\\\/www.mpc.pr.gov.br\\\/index.php\\\/simepar-deve-publicar-demonstrativos-contabeis-de-2022-no-prazo-de-30-dias\\\/#primaryimage\"},\"image\":{\"@id\":\"https:\\\/\\\/www.mpc.pr.gov.br\\\/index.php\\\/simepar-deve-publicar-demonstrativos-contabeis-de-2022-no-prazo-de-30-dias\\\/#primaryimage\"},\"thumbnailUrl\":\"https:\\\/\\\/www.mpc.pr.gov.br\\\/wp-content\\\/uploads\\\/2024\\\/02\\\/SIMEPAR.png\",\"datePublished\":\"2024-02-15T13:16:19+00:00\",\"dateModified\":\"2024-02-29T13:44:24+00:00\",\"breadcrumb\":{\"@id\":\"https:\\\/\\\/www.mpc.pr.gov.br\\\/index.php\\\/simepar-deve-publicar-demonstrativos-contabeis-de-2022-no-prazo-de-30-dias\\\/#breadcrumb\"},\"inLanguage\":\"pt-BR\",\"potentialAction\":[{\"@type\":\"ReadAction\",\"target\":[\"https:\\\/\\\/www.mpc.pr.gov.br\\\/index.php\\\/simepar-deve-publicar-demonstrativos-contabeis-de-2022-no-prazo-de-30-dias\\\/\"]}]},{\"@type\":\"ImageObject\",\"inLanguage\":\"pt-BR\",\"@id\":\"https:\\\/\\\/www.mpc.pr.gov.br\\\/index.php\\\/simepar-deve-publicar-demonstrativos-contabeis-de-2022-no-prazo-de-30-dias\\\/#primaryimage\",\"url\":\"https:\\\/\\\/www.mpc.pr.gov.br\\\/wp-content\\\/uploads\\\/2024\\\/02\\\/SIMEPAR.png\",\"contentUrl\":\"https:\\\/\\\/www.mpc.pr.gov.br\\\/wp-content\\\/uploads\\\/2024\\\/02\\\/SIMEPAR.png\",\"width\":871,\"height\":548,\"caption\":\"Radar meteorol\u00f3gico dos Munic\u00edpios do Paran\u00e1, desenvolvido pelo SIMEPAR.\"},{\"@type\":\"BreadcrumbList\",\"@id\":\"https:\\\/\\\/www.mpc.pr.gov.br\\\/index.php\\\/simepar-deve-publicar-demonstrativos-contabeis-de-2022-no-prazo-de-30-dias\\\/#breadcrumb\",\"itemListElement\":[{\"@type\":\"ListItem\",\"position\":1,\"name\":\"In\u00edcio\",\"item\":\"https:\\\/\\\/www.mpc.pr.gov.br\\\/\"},{\"@type\":\"ListItem\",\"position\":2,\"name\":\"SIMEPAR deve publicar demonstrativos cont\u00e1beis de 2022 no prazo de 30 dias\"}]},{\"@type\":\"WebSite\",\"@id\":\"https:\\\/\\\/www.mpc.pr.gov.br\\\/#website\",\"url\":\"https:\\\/\\\/www.mpc.pr.gov.br\\\/\",\"name\":\"Minist\u00e9rio P\u00fablico de Contas do Estado do Paran\u00e1\",\"description\":\"\",\"publisher\":{\"@id\":\"https:\\\/\\\/www.mpc.pr.gov.br\\\/#organization\"},\"potentialAction\":[{\"@type\":\"SearchAction\",\"target\":{\"@type\":\"EntryPoint\",\"urlTemplate\":\"https:\\\/\\\/www.mpc.pr.gov.br\\\/?s={search_term_string}\"},\"query-input\":{\"@type\":\"PropertyValueSpecification\",\"valueRequired\":true,\"valueName\":\"search_term_string\"}}],\"inLanguage\":\"pt-BR\"},{\"@type\":\"Organization\",\"@id\":\"https:\\\/\\\/www.mpc.pr.gov.br\\\/#organization\",\"name\":\"Minist\u00e9rio P\u00fablico de Contas do Estado do Paran\u00e1\",\"url\":\"https:\\\/\\\/www.mpc.pr.gov.br\\\/\",\"logo\":{\"@type\":\"ImageObject\",\"inLanguage\":\"pt-BR\",\"@id\":\"https:\\\/\\\/www.mpc.pr.gov.br\\\/#\\\/schema\\\/logo\\\/image\\\/\",\"url\":\"https:\\\/\\\/www.mpc.pr.gov.br\\\/wp-content\\\/uploads\\\/2020\\\/06\\\/99423647_1593460364143890_6706793420720963584_n-1-e1591387983167.png\",\"contentUrl\":\"https:\\\/\\\/www.mpc.pr.gov.br\\\/wp-content\\\/uploads\\\/2020\\\/06\\\/99423647_1593460364143890_6706793420720963584_n-1-e1591387983167.png\",\"width\":243,\"height\":73,\"caption\":\"Minist\u00e9rio P\u00fablico de Contas do Estado do Paran\u00e1\"},\"image\":{\"@id\":\"https:\\\/\\\/www.mpc.pr.gov.br\\\/#\\\/schema\\\/logo\\\/image\\\/\"},\"sameAs\":[\"https:\\\/\\\/www.facebook.com\\\/mpc.pr\",\"https:\\\/\\\/www.instagram.com\\\/mpc.pr\\\/?hl=pt-br\",\"https:\\\/\\\/www.youtube.com\\\/channel\\\/UCHri5oEM8DV0ztX57E0sBSw\"]},{\"@type\":\"Person\",\"@id\":\"https:\\\/\\\/www.mpc.pr.gov.br\\\/#\\\/schema\\\/person\\\/2d83cb8980538d0ec174e8a6284f5e11\",\"name\":\"mpcontaspr\",\"image\":{\"@type\":\"ImageObject\",\"inLanguage\":\"pt-BR\",\"@id\":\"https:\\\/\\\/secure.gravatar.com\\\/avatar\\\/1aef51541db7622e05fd639336c9c9f312c2a618396e2b6ca96846362fc5403f?s=96&d=mm&r=g\",\"url\":\"https:\\\/\\\/secure.gravatar.com\\\/avatar\\\/1aef51541db7622e05fd639336c9c9f312c2a618396e2b6ca96846362fc5403f?s=96&d=mm&r=g\",\"contentUrl\":\"https:\\\/\\\/secure.gravatar.com\\\/avatar\\\/1aef51541db7622e05fd639336c9c9f312c2a618396e2b6ca96846362fc5403f?s=96&d=mm&r=g\",\"caption\":\"mpcontaspr\"},\"sameAs\":[\"http:\\\/\\\/www.mpc.pr.gov.br\"]}]}<\/script>\n<!-- \/ Yoast SEO plugin. -->","yoast_head_json":{"title":"SIMEPAR deve publicar demonstrativos cont\u00e1beis de 2022 no prazo de 30 dias - Minist\u00e9rio P\u00fablico de Contas do Estado do Paran\u00e1","robots":{"index":"index","follow":"follow","max-snippet":"max-snippet:-1","max-image-preview":"max-image-preview:large","max-video-preview":"max-video-preview:-1"},"canonical":"https:\/\/www.mpc.pr.gov.br\/index.php\/simepar-deve-publicar-demonstrativos-contabeis-de-2022-no-prazo-de-30-dias\/","og_locale":"pt_BR","og_type":"article","og_title":"SIMEPAR deve publicar demonstrativos cont\u00e1beis de 2022 no prazo de 30 dias - Minist\u00e9rio P\u00fablico de Contas do Estado do Paran\u00e1","og_description":"O Pleno do Tribunal de Contas do Paran\u00e1 (TCE-PR) recomendou ao Sistema de Tecnologia e Monitoramento Ambiental do Paran\u00e1 (SIMEPAR) que, nos pr\u00f3ximos exerc\u00edcios, promova a correta alimenta\u00e7\u00e3o do Sistema Estadual de Informa\u00e7\u00f5es &#8211; m\u00f3dulo Capta\u00e7\u00e3o Eletr\u00f4nica de Dados (SEI-CED) e efetue os ajustes necess\u00e1rios, sob pena de apontamento de irregularidade nas contas.\u00a0\u00a0 A decis\u00e3o [&hellip;]","og_url":"https:\/\/www.mpc.pr.gov.br\/index.php\/simepar-deve-publicar-demonstrativos-contabeis-de-2022-no-prazo-de-30-dias\/","og_site_name":"Minist\u00e9rio P\u00fablico de Contas do Estado do Paran\u00e1","article_publisher":"https:\/\/www.facebook.com\/mpc.pr","article_published_time":"2024-02-15T13:16:19+00:00","article_modified_time":"2024-02-29T13:44:24+00:00","og_image":[{"width":871,"height":548,"url":"https:\/\/www.mpc.pr.gov.br\/wp-content\/uploads\/2024\/02\/SIMEPAR.png","type":"image\/png"}],"author":"mpcontaspr","twitter_card":"summary_large_image","twitter_misc":{"Escrito por":"mpcontaspr","Est. tempo de leitura":"4 minutos"},"schema":{"@context":"https:\/\/schema.org","@graph":[{"@type":"Article","@id":"https:\/\/www.mpc.pr.gov.br\/index.php\/simepar-deve-publicar-demonstrativos-contabeis-de-2022-no-prazo-de-30-dias\/#article","isPartOf":{"@id":"https:\/\/www.mpc.pr.gov.br\/index.php\/simepar-deve-publicar-demonstrativos-contabeis-de-2022-no-prazo-de-30-dias\/"},"author":{"name":"mpcontaspr","@id":"https:\/\/www.mpc.pr.gov.br\/#\/schema\/person\/2d83cb8980538d0ec174e8a6284f5e11"},"headline":"SIMEPAR deve publicar demonstrativos cont\u00e1beis de 2022 no prazo de 30 dias","datePublished":"2024-02-15T13:16:19+00:00","dateModified":"2024-02-29T13:44:24+00:00","mainEntityOfPage":{"@id":"https:\/\/www.mpc.pr.gov.br\/index.php\/simepar-deve-publicar-demonstrativos-contabeis-de-2022-no-prazo-de-30-dias\/"},"wordCount":664,"commentCount":0,"publisher":{"@id":"https:\/\/www.mpc.pr.gov.br\/#organization"},"image":{"@id":"https:\/\/www.mpc.pr.gov.br\/index.php\/simepar-deve-publicar-demonstrativos-contabeis-de-2022-no-prazo-de-30-dias\/#primaryimage"},"thumbnailUrl":"https:\/\/www.mpc.pr.gov.br\/wp-content\/uploads\/2024\/02\/SIMEPAR.png","keywords":["Demonstra\u00e7\u00f5es Cont\u00e1beis","MPC-PR","Presta\u00e7\u00e3o de Contas Anual","SIMEPAR","TCE-PR","Tribunal Pleno"],"articleSection":["Todas as not\u00edcias"],"inLanguage":"pt-BR","potentialAction":[{"@type":"CommentAction","name":"Comment","target":["https:\/\/www.mpc.pr.gov.br\/index.php\/simepar-deve-publicar-demonstrativos-contabeis-de-2022-no-prazo-de-30-dias\/#respond"]}]},{"@type":"WebPage","@id":"https:\/\/www.mpc.pr.gov.br\/index.php\/simepar-deve-publicar-demonstrativos-contabeis-de-2022-no-prazo-de-30-dias\/","url":"https:\/\/www.mpc.pr.gov.br\/index.php\/simepar-deve-publicar-demonstrativos-contabeis-de-2022-no-prazo-de-30-dias\/","name":"SIMEPAR deve publicar demonstrativos cont\u00e1beis de 2022 no prazo de 30 dias - Minist\u00e9rio P\u00fablico de Contas do Estado do Paran\u00e1","isPartOf":{"@id":"https:\/\/www.mpc.pr.gov.br\/#website"},"primaryImageOfPage":{"@id":"https:\/\/www.mpc.pr.gov.br\/index.php\/simepar-deve-publicar-demonstrativos-contabeis-de-2022-no-prazo-de-30-dias\/#primaryimage"},"image":{"@id":"https:\/\/www.mpc.pr.gov.br\/index.php\/simepar-deve-publicar-demonstrativos-contabeis-de-2022-no-prazo-de-30-dias\/#primaryimage"},"thumbnailUrl":"https:\/\/www.mpc.pr.gov.br\/wp-content\/uploads\/2024\/02\/SIMEPAR.png","datePublished":"2024-02-15T13:16:19+00:00","dateModified":"2024-02-29T13:44:24+00:00","breadcrumb":{"@id":"https:\/\/www.mpc.pr.gov.br\/index.php\/simepar-deve-publicar-demonstrativos-contabeis-de-2022-no-prazo-de-30-dias\/#breadcrumb"},"inLanguage":"pt-BR","potentialAction":[{"@type":"ReadAction","target":["https:\/\/www.mpc.pr.gov.br\/index.php\/simepar-deve-publicar-demonstrativos-contabeis-de-2022-no-prazo-de-30-dias\/"]}]},{"@type":"ImageObject","inLanguage":"pt-BR","@id":"https:\/\/www.mpc.pr.gov.br\/index.php\/simepar-deve-publicar-demonstrativos-contabeis-de-2022-no-prazo-de-30-dias\/#primaryimage","url":"https:\/\/www.mpc.pr.gov.br\/wp-content\/uploads\/2024\/02\/SIMEPAR.png","contentUrl":"https:\/\/www.mpc.pr.gov.br\/wp-content\/uploads\/2024\/02\/SIMEPAR.png","width":871,"height":548,"caption":"Radar meteorol\u00f3gico dos Munic\u00edpios do Paran\u00e1, desenvolvido pelo SIMEPAR."},{"@type":"BreadcrumbList","@id":"https:\/\/www.mpc.pr.gov.br\/index.php\/simepar-deve-publicar-demonstrativos-contabeis-de-2022-no-prazo-de-30-dias\/#breadcrumb","itemListElement":[{"@type":"ListItem","position":1,"name":"In\u00edcio","item":"https:\/\/www.mpc.pr.gov.br\/"},{"@type":"ListItem","position":2,"name":"SIMEPAR deve publicar demonstrativos cont\u00e1beis de 2022 no prazo de 30 dias"}]},{"@type":"WebSite","@id":"https:\/\/www.mpc.pr.gov.br\/#website","url":"https:\/\/www.mpc.pr.gov.br\/","name":"Minist\u00e9rio P\u00fablico de Contas do Estado do Paran\u00e1","description":"","publisher":{"@id":"https:\/\/www.mpc.pr.gov.br\/#organization"},"potentialAction":[{"@type":"SearchAction","target":{"@type":"EntryPoint","urlTemplate":"https:\/\/www.mpc.pr.gov.br\/?s={search_term_string}"},"query-input":{"@type":"PropertyValueSpecification","valueRequired":true,"valueName":"search_term_string"}}],"inLanguage":"pt-BR"},{"@type":"Organization","@id":"https:\/\/www.mpc.pr.gov.br\/#organization","name":"Minist\u00e9rio P\u00fablico de Contas do Estado do Paran\u00e1","url":"https:\/\/www.mpc.pr.gov.br\/","logo":{"@type":"ImageObject","inLanguage":"pt-BR","@id":"https:\/\/www.mpc.pr.gov.br\/#\/schema\/logo\/image\/","url":"https:\/\/www.mpc.pr.gov.br\/wp-content\/uploads\/2020\/06\/99423647_1593460364143890_6706793420720963584_n-1-e1591387983167.png","contentUrl":"https:\/\/www.mpc.pr.gov.br\/wp-content\/uploads\/2020\/06\/99423647_1593460364143890_6706793420720963584_n-1-e1591387983167.png","width":243,"height":73,"caption":"Minist\u00e9rio P\u00fablico de Contas do Estado do Paran\u00e1"},"image":{"@id":"https:\/\/www.mpc.pr.gov.br\/#\/schema\/logo\/image\/"},"sameAs":["https:\/\/www.facebook.com\/mpc.pr","https:\/\/www.instagram.com\/mpc.pr\/?hl=pt-br","https:\/\/www.youtube.com\/channel\/UCHri5oEM8DV0ztX57E0sBSw"]},{"@type":"Person","@id":"https:\/\/www.mpc.pr.gov.br\/#\/schema\/person\/2d83cb8980538d0ec174e8a6284f5e11","name":"mpcontaspr","image":{"@type":"ImageObject","inLanguage":"pt-BR","@id":"https:\/\/secure.gravatar.com\/avatar\/1aef51541db7622e05fd639336c9c9f312c2a618396e2b6ca96846362fc5403f?s=96&d=mm&r=g","url":"https:\/\/secure.gravatar.com\/avatar\/1aef51541db7622e05fd639336c9c9f312c2a618396e2b6ca96846362fc5403f?s=96&d=mm&r=g","contentUrl":"https:\/\/secure.gravatar.com\/avatar\/1aef51541db7622e05fd639336c9c9f312c2a618396e2b6ca96846362fc5403f?s=96&d=mm&r=g","caption":"mpcontaspr"},"sameAs":["http:\/\/www.mpc.pr.gov.br"]}]}},"rttpg_featured_image_url":{"full":["https:\/\/www.mpc.pr.gov.br\/wp-content\/uploads\/2024\/02\/SIMEPAR.png",871,548,false],"landscape":["https:\/\/www.mpc.pr.gov.br\/wp-content\/uploads\/2024\/02\/SIMEPAR.png",871,548,false],"portraits":["https:\/\/www.mpc.pr.gov.br\/wp-content\/uploads\/2024\/02\/SIMEPAR.png",871,548,false],"thumbnail":["https:\/\/www.mpc.pr.gov.br\/wp-content\/uploads\/2024\/02\/SIMEPAR-150x150.png",150,150,true],"medium":["https:\/\/www.mpc.pr.gov.br\/wp-content\/uploads\/2024\/02\/SIMEPAR-300x189.png",300,189,true],"large":["https:\/\/www.mpc.pr.gov.br\/wp-content\/uploads\/2024\/02\/SIMEPAR.png",871,548,false],"1536x1536":["https:\/\/www.mpc.pr.gov.br\/wp-content\/uploads\/2024\/02\/SIMEPAR.png",871,548,false],"2048x2048":["https:\/\/www.mpc.pr.gov.br\/wp-content\/uploads\/2024\/02\/SIMEPAR.png",871,548,false],"ocean-thumb-m":["https:\/\/www.mpc.pr.gov.br\/wp-content\/uploads\/2024\/02\/SIMEPAR-600x548.png",600,548,true],"ocean-thumb-ml":["https:\/\/www.mpc.pr.gov.br\/wp-content\/uploads\/2024\/02\/SIMEPAR-800x450.png",800,450,true],"ocean-thumb-l":["https:\/\/www.mpc.pr.gov.br\/wp-content\/uploads\/2024\/02\/SIMEPAR.png",871,548,false]},"rttpg_author":{"display_name":"mpcontaspr","author_link":"https:\/\/www.mpc.pr.gov.br\/index.php\/author\/mpcontaspr\/"},"rttpg_comment":0,"rttpg_category":"<a href=\"https:\/\/www.mpc.pr.gov.br\/index.php\/category\/todas-as-noticias\/\" rel=\"category tag\">Todas as not\u00edcias<\/a>","rttpg_excerpt":"O Pleno do Tribunal de Contas do Paran\u00e1 (TCE-PR) recomendou ao Sistema de Tecnologia e Monitoramento Ambiental do Paran\u00e1 (SIMEPAR) que, nos pr\u00f3ximos exerc\u00edcios, promova a correta alimenta\u00e7\u00e3o do Sistema Estadual de Informa\u00e7\u00f5es &#8211; m\u00f3dulo Capta\u00e7\u00e3o Eletr\u00f4nica de Dados (SEI-CED) e efetue os ajustes necess\u00e1rios, sob pena de apontamento de irregularidade nas contas.\u00a0\u00a0 A decis\u00e3o&hellip;","_links":{"self":[{"href":"https:\/\/www.mpc.pr.gov.br\/index.php\/wp-json\/wp\/v2\/posts\/18412","targetHints":{"allow":["GET"]}}],"collection":[{"href":"https:\/\/www.mpc.pr.gov.br\/index.php\/wp-json\/wp\/v2\/posts"}],"about":[{"href":"https:\/\/www.mpc.pr.gov.br\/index.php\/wp-json\/wp\/v2\/types\/post"}],"author":[{"embeddable":true,"href":"https:\/\/www.mpc.pr.gov.br\/index.php\/wp-json\/wp\/v2\/users\/1"}],"replies":[{"embeddable":true,"href":"https:\/\/www.mpc.pr.gov.br\/index.php\/wp-json\/wp\/v2\/comments?post=18412"}],"version-history":[{"count":2,"href":"https:\/\/www.mpc.pr.gov.br\/index.php\/wp-json\/wp\/v2\/posts\/18412\/revisions"}],"predecessor-version":[{"id":18417,"href":"https:\/\/www.mpc.pr.gov.br\/index.php\/wp-json\/wp\/v2\/posts\/18412\/revisions\/18417"}],"wp:featuredmedia":[{"embeddable":true,"href":"https:\/\/www.mpc.pr.gov.br\/index.php\/wp-json\/wp\/v2\/media\/18413"}],"wp:attachment":[{"href":"https:\/\/www.mpc.pr.gov.br\/index.php\/wp-json\/wp\/v2\/media?parent=18412"}],"wp:term":[{"taxonomy":"category","embeddable":true,"href":"https:\/\/www.mpc.pr.gov.br\/index.php\/wp-json\/wp\/v2\/categories?post=18412"},{"taxonomy":"post_tag","embeddable":true,"href":"https:\/\/www.mpc.pr.gov.br\/index.php\/wp-json\/wp\/v2\/tags?post=18412"}],"curies":[{"name":"wp","href":"https:\/\/api.w.org\/{rel}","templated":true}]}}