{"id":18425,"date":"2024-02-20T10:06:16","date_gmt":"2024-02-20T13:06:16","guid":{"rendered":"https:\/\/www.mpc.pr.gov.br\/?p=18425"},"modified":"2024-03-07T14:46:55","modified_gmt":"2024-03-07T17:46:55","slug":"prefeito-e-controlador-interno-de-boa-vista-da-aparecida-sao-multados-em-razao-de-desvio-de-finalidade-de-bem-publico","status":"publish","type":"post","link":"https:\/\/www.mpc.pr.gov.br\/index.php\/prefeito-e-controlador-interno-de-boa-vista-da-aparecida-sao-multados-em-razao-de-desvio-de-finalidade-de-bem-publico\/","title":{"rendered":"Prefeito e Controlador Interno de Boa Vista da Aparecida s\u00e3o multados em raz\u00e3o de desvio de finalidade de bem p\u00fablico"},"content":{"rendered":"<figure id=\"attachment_18426\" aria-describedby=\"caption-attachment-18426\" style=\"width: 300px\" class=\"wp-caption alignleft\"><img fetchpriority=\"high\" decoding=\"async\" class=\"size-medium wp-image-18426\" src=\"https:\/\/www.mpc.pr.gov.br\/wp-content\/uploads\/2024\/02\/BOA-VISTA-DA-APARECIDA-300x169.jpg\" alt=\"\" width=\"300\" height=\"169\" srcset=\"https:\/\/www.mpc.pr.gov.br\/wp-content\/uploads\/2024\/02\/BOA-VISTA-DA-APARECIDA-300x169.jpg 300w, https:\/\/www.mpc.pr.gov.br\/wp-content\/uploads\/2024\/02\/BOA-VISTA-DA-APARECIDA-1024x576.jpg 1024w, https:\/\/www.mpc.pr.gov.br\/wp-content\/uploads\/2024\/02\/BOA-VISTA-DA-APARECIDA-768x432.jpg 768w, https:\/\/www.mpc.pr.gov.br\/wp-content\/uploads\/2024\/02\/BOA-VISTA-DA-APARECIDA-1536x864.jpg 1536w, https:\/\/www.mpc.pr.gov.br\/wp-content\/uploads\/2024\/02\/BOA-VISTA-DA-APARECIDA-800x450.jpg 800w, https:\/\/www.mpc.pr.gov.br\/wp-content\/uploads\/2024\/02\/BOA-VISTA-DA-APARECIDA.jpg 1920w\" sizes=\"(max-width: 300px) 100vw, 300px\" \/><figcaption id=\"caption-attachment-18426\" class=\"wp-caption-text\">Lago formado pela Usina Hidrel\u00e9trica Jos\u00e9 Richa, conhecido como Marinas de Boa Vista. Foto: C\u00e2mara Municipal de Boa Vista da Aparecida.<\/figcaption><\/figure>\n<p><span data-contrast=\"auto\">O Pleno do Tribunal de Contas do Estado (TCE-PR) decidiu pela proced\u00eancia parcial da Representa\u00e7\u00e3o proposta pelo Minist\u00e9rio P\u00fablico de Contas do Paran\u00e1 (MPC-PR), em face do <a href=\"https:\/\/www.boavistadaaparecida.pr.gov.br\/\">Munic\u00edpio de Boa Vista da Aparecida<\/a>. O processo foi motivado por irregularidades quanto ao uso indevido dos ve\u00edculos da frota municipal, que configurou desvio de finalidade do bem p\u00fablico e improbidade administrativa. <\/span><span data-ccp-props=\"{&quot;201341983&quot;:0,&quot;335551550&quot;:6,&quot;335551620&quot;:6,&quot;335559740&quot;:360}\">\u00a0<\/span><\/p>\n<p><span data-contrast=\"auto\">Na decis\u00e3o, tamb\u00e9m foi determinada a aplica\u00e7\u00e3o de multa ao Prefeito Leonir Antunes dos Santos e ao Controlador Interno do Munic\u00edpio, pela afronta direta ao artigo 37 da Constitui\u00e7\u00e3o Federal e aos artigos 9\u00ba, caput, XII, artigo 10, caput, II, e artigo 11, caput, todos da Lei 8.429\/1992.\u00a0<\/span><span data-ccp-props=\"{&quot;201341983&quot;:0,&quot;335551550&quot;:6,&quot;335551620&quot;:6,&quot;335559740&quot;:360}\">\u00a0<\/span><\/p>\n<h4><b><span data-contrast=\"auto\">Representa\u00e7\u00e3o<\/span><\/b><span data-contrast=\"auto\">\u00a0<\/span><span data-ccp-props=\"{&quot;201341983&quot;:0,&quot;335551550&quot;:6,&quot;335551620&quot;:6,&quot;335559740&quot;:360}\">\u00a0<\/span><\/h4>\n<p><span data-contrast=\"auto\">Na \u00e9poca, abril de 2021, o MPC-PR tomou conhecimento dos fatos por meio de mat\u00e9ria jornal\u00edstica que noticiava que o ent\u00e3o Prefeito Leonir Antunes dos Santos havia sido abordado pela Pol\u00edcia Rodovi\u00e1ria Federal ap\u00f3s realizar uma ultrapassagem proibida, oportunidade em que se descobriu que o mesmo carregava consigo (no porta-malas do ve\u00edculo oficial) animais em situa\u00e7\u00e3o de maus tratos. <\/span><span data-contrast=\"auto\">A partir de ent\u00e3o, os ind\u00edcios de irregularidade apontavam para a ocorr\u00eancia de desvio de finalidade, tendo em vista que o ve\u00edculo oficial do Munic\u00edpio estava sendo utilizado para interesses particulares. Nesta toada, foram identificadas 71 infra\u00e7\u00f5es de tr\u00e2nsito referentes ao ve\u00edculo VW Jetta BBT-9639, 22 das quais foram cometidas durante o per\u00edodo da madrugada por excesso de velocidade, ultrapassagens proibidas, manuseio de celular durante a condu\u00e7\u00e3o, avan\u00e7o de sinal vermelho e evas\u00e3o de ped\u00e1gio.<\/span><span data-ccp-props=\"{&quot;201341983&quot;:0,&quot;335551550&quot;:6,&quot;335551620&quot;:6,&quot;335559740&quot;:360}\">\u00a0<\/span><\/p>\n<p><span data-contrast=\"auto\">Diante de tais irregularidades, o \u00f3rg\u00e3o ministerial requereu a proced\u00eancia da <a href=\"https:\/\/www.mpc.pr.gov.br\/wp-content\/uploads\/2024\/02\/BOA-VISTA-Peticao-inicial-mpc-representacao.pdf\">Representa\u00e7\u00e3o<\/a> e concess\u00e3o de medida cautelar <\/span><span data-contrast=\"auto\">para que se determinasse o impedimento do uso de carros oficiais pelo Prefeito Municipal Leonir Antunes dos Santos.<\/span><span data-ccp-props=\"{&quot;134233117&quot;:false,&quot;134233118&quot;:false,&quot;201341983&quot;:0,&quot;335551550&quot;:6,&quot;335551620&quot;:6,&quot;335559685&quot;:0,&quot;335559737&quot;:0,&quot;335559738&quot;:0,&quot;335559739&quot;:160,&quot;335559740&quot;:360}\">\u00a0<\/span><\/p>\n<h4><b><span data-contrast=\"auto\">Contradit\u00f3rio<\/span><\/b><span data-ccp-props=\"{&quot;134233117&quot;:false,&quot;134233118&quot;:false,&quot;201341983&quot;:0,&quot;335551550&quot;:6,&quot;335551620&quot;:6,&quot;335559685&quot;:0,&quot;335559737&quot;:0,&quot;335559738&quot;:0,&quot;335559739&quot;:160,&quot;335559740&quot;:360}\">\u00a0<\/span><\/h4>\n<p><span data-contrast=\"auto\">A Representa\u00e7\u00e3o foi recebida por interm\u00e9dio do Despacho n\u00ba 463\/21, de Relatoria do Conselheiro Artag\u00e3o de Mattos Le\u00e3o, o qual indeferiu a medida cautelar, pois, embora irrefut\u00e1vel a configura\u00e7\u00e3o de les\u00e3o aos cofres municipais, somente com a an\u00e1lise do m\u00e9rito seria poss\u00edvel determinar a culpabilidade e responsabiliza\u00e7\u00e3o direta pelas infra\u00e7\u00f5es. Assim, determinou a cita\u00e7\u00e3o do Munic\u00edpio de Boa Vista da Aparecida, por meio de seu representante legal, o Prefeito Leonir Antunes dos Santos, bem como do Controlador Interno do Munic\u00edpio e do Secret\u00e1rio da Administra\u00e7\u00e3o \u00e0 \u00e9poca.<\/span><span data-ccp-props=\"{&quot;134233117&quot;:false,&quot;134233118&quot;:false,&quot;201341983&quot;:0,&quot;335551550&quot;:6,&quot;335551620&quot;:6,&quot;335559685&quot;:0,&quot;335559737&quot;:0,&quot;335559738&quot;:0,&quot;335559739&quot;:160,&quot;335559740&quot;:360}\">\u00a0<\/span><\/p>\n<p><span data-contrast=\"auto\">Em sede de contradit\u00f3rio, Leonir Antunes dos Santos informou que o ve\u00edculo em quest\u00e3o n\u00e3o era usado unicamente por ele e que os servidores que cometeram as infra\u00e7\u00f5es de tr\u00e2nsito foram responsabilizados. Em acr\u00e9scimo, forneceu o nome de 5 servidores p\u00fablicos que utilizaram o ve\u00edculo, afirmando que cada um pagou a multa que lhe competia. Alegou tamb\u00e9m que n\u00e3o houve dano ao er\u00e1rio, uma vez que todas as multas foram pagas e ressarcidas em sua integralidade, por meio de processo administrativo.\u00a0<\/span><span data-ccp-props=\"{&quot;134233117&quot;:false,&quot;134233118&quot;:false,&quot;201341983&quot;:0,&quot;335551550&quot;:6,&quot;335551620&quot;:6,&quot;335559685&quot;:0,&quot;335559737&quot;:0,&quot;335559738&quot;:0,&quot;335559739&quot;:160,&quot;335559740&quot;:360}\">\u00a0<\/span><\/p>\n<p><span data-contrast=\"auto\">No mesmo sentido, o Controlador Interno afirmou que n\u00e3o houve dano aos cofres p\u00fablicos, pois o Prefeito teria reembolsado o Munic\u00edpio pelo pagamento das multas. Quanto a sua atua\u00e7\u00e3o como controlador, para fins de conhecimento e resolu\u00e7\u00e3o do caso, informou que a mesma restou prejudicada por conta da r\u00e1pida atua\u00e7\u00e3o do Minist\u00e9rio P\u00fablico de Contas.<\/span><span data-ccp-props=\"{&quot;134233117&quot;:false,&quot;134233118&quot;:false,&quot;201341983&quot;:0,&quot;335551550&quot;:6,&quot;335551620&quot;:6,&quot;335559685&quot;:0,&quot;335559737&quot;:0,&quot;335559738&quot;:0,&quot;335559739&quot;:160,&quot;335559740&quot;:360}\">\u00a0<\/span><\/p>\n<h4><b><span data-contrast=\"auto\">Instru\u00e7\u00e3o t\u00e9cnica<\/span><\/b><span data-ccp-props=\"{&quot;134233117&quot;:false,&quot;134233118&quot;:false,&quot;201341983&quot;:0,&quot;335551550&quot;:6,&quot;335551620&quot;:6,&quot;335559685&quot;:0,&quot;335559737&quot;:0,&quot;335559738&quot;:0,&quot;335559739&quot;:160,&quot;335559740&quot;:360}\">\u00a0<\/span><\/h4>\n<p><span data-contrast=\"auto\">Instada a se manifestar, a Coordenadoria de Gest\u00e3o Municipal (CGM) opinou pela parcial proced\u00eancia da Representa\u00e7\u00e3o, propondo a aplica\u00e7\u00e3o da multa prevista no artigo 87, IV, \u201cg\u201d, da Lei Complementar n\u00b0 113\/2005.\u00a0<\/span><span data-ccp-props=\"{&quot;134233117&quot;:false,&quot;134233118&quot;:false,&quot;201341983&quot;:0,&quot;335551550&quot;:6,&quot;335551620&quot;:6,&quot;335559685&quot;:0,&quot;335559737&quot;:0,&quot;335559738&quot;:0,&quot;335559739&quot;:160,&quot;335559740&quot;:360}\">\u00a0<\/span><\/p>\n<p><span data-contrast=\"auto\">Em s\u00edntese, fundamentou que o<\/span><span data-contrast=\"auto\">utro fato que evidenciou as ilegalidades praticadas, principalmente pela falta de interesse p\u00fablico do ato, foi o uso constante do ve\u00edculo oficial durante o per\u00edodo da madrugada. Nesse sentido, destacou que durante a madrugada n\u00e3o h\u00e1 reparti\u00e7\u00f5es p\u00fablicas em funcionamento, n\u00e3o sendo poss\u00edvel haver reuni\u00f5es ou atos que buscassem atender o interesse do Munic\u00edpio, motivo pelo qual o uso do ve\u00edculo n\u00e3o \u00e9 necess\u00e1rio. Dessa forma, considerou que n\u00e3o merecia prosperar a alega\u00e7\u00e3o de defesa de que haveria outros funcion\u00e1rios e agentes p\u00fablicos fazendo uso do carro em quest\u00e3o, pois quem responde pelos fatos ocorridos pelo ve\u00edculo \u00e9 o Prefeito, independente de quem fosse o condutor. A an\u00e1lise da quest\u00e3o de improbidade levou em considera\u00e7\u00e3o momentos antes do pr\u00f3prio dano ao er\u00e1rio ser concretizado, isto \u00e9, a improbidade surgiu no pr\u00f3prio uso do ve\u00edculo em proveito pr\u00f3prio. Logo, pela pr\u00e1tica reiterada de multas, bem como das demais pr\u00e1ticas ilegais, entendeu ser necess\u00e1ria a imputa\u00e7\u00e3o da multa do artigo 87, IV, \u201cg\u201d, da Lei Complementar n\u00ba 113 ao Prefeito do Munic\u00edpio de Boa Vista da Aparecida.<\/span><span data-ccp-props=\"{&quot;134233117&quot;:false,&quot;134233118&quot;:false,&quot;201341983&quot;:0,&quot;335551550&quot;:6,&quot;335551620&quot;:6,&quot;335559685&quot;:0,&quot;335559737&quot;:0,&quot;335559738&quot;:0,&quot;335559739&quot;:160,&quot;335559740&quot;:360}\">\u00a0<\/span><\/p>\n<p><span data-contrast=\"auto\">Com rela\u00e7\u00e3o \u00e0 devolu\u00e7\u00e3o dos valores, ante aos documentos anexos pelos Representados, entendeu n\u00e3o ser necess\u00e1ria, vez que j\u00e1 houve a restitui\u00e7\u00e3o \u00e0 Prefeitura Municipal, cabendo, portanto, somente determina\u00e7\u00e3o de multa.<\/span><span data-ccp-props=\"{&quot;134233117&quot;:false,&quot;134233118&quot;:false,&quot;201341983&quot;:0,&quot;335551550&quot;:6,&quot;335551620&quot;:6,&quot;335559685&quot;:0,&quot;335559737&quot;:0,&quot;335559738&quot;:0,&quot;335559739&quot;:160,&quot;335559740&quot;:360}\">\u00a0<\/span><\/p>\n<h4><b><span data-contrast=\"auto\">Julgamento<\/span><\/b><span data-ccp-props=\"{&quot;134233117&quot;:false,&quot;134233118&quot;:false,&quot;201341983&quot;:0,&quot;335551550&quot;:6,&quot;335551620&quot;:6,&quot;335559685&quot;:0,&quot;335559737&quot;:0,&quot;335559738&quot;:0,&quot;335559739&quot;:160,&quot;335559740&quot;:360}\">\u00a0<\/span><\/h4>\n<p><span data-contrast=\"auto\">Conforme decis\u00e3o contida no <a href=\"https:\/\/www.mpc.pr.gov.br\/wp-content\/uploads\/2024\/02\/BOA-VISTA-ACO-90_24-STP.pdf\">Ac\u00f3rd\u00e3o n\u00ba 90\/24<\/a>, os membros do Pleno do TCE-PR votaram, em unanimidade, pela proced\u00eancia parcial da Representa\u00e7\u00e3o e aplica\u00e7\u00e3o de multa ao Prefeito e Controlador Interno. Em sua fundamenta\u00e7\u00e3o, o Relator Conselheiro Maur\u00edcio Requi\u00e3o de Mello e Silva destacou que as condutas identificadas nos autos refletem atos de improbidade administrativa, tendo sido violado os princ\u00edpios da administra\u00e7\u00e3o p\u00fablica (artigo 37 da Constitui\u00e7\u00e3o Federal), em especial, os princ\u00edpios da legalidade, impessoalidade e moralidade, na forma do artigo 11, caput, da Lei 8.429\/1992.<\/span><span data-ccp-props=\"{&quot;134233117&quot;:false,&quot;134233118&quot;:false,&quot;201341983&quot;:0,&quot;335551550&quot;:6,&quot;335551620&quot;:6,&quot;335559685&quot;:0,&quot;335559737&quot;:0,&quot;335559738&quot;:0,&quot;335559739&quot;:160,&quot;335559740&quot;:360}\">\u00a0<\/span><\/p>\n<p><span data-contrast=\"auto\">De igual modo, pontuou que o Prefeito reiteradamente omitiu-se na presta\u00e7\u00e3o de informa\u00e7\u00f5es indispens\u00e1veis acerca do uso do ve\u00edculo, visto que deliberadamente deixou de registrar sua utiliza\u00e7\u00e3o em boletins di\u00e1rios (di\u00e1rio de bordo), de modo a dificultar a identifica\u00e7\u00e3o do condutor do ve\u00edculo, acabando o Munic\u00edpio por arcar com o pagamento de in\u00fameras multas por falta de apresenta\u00e7\u00e3o do condutor, resultando em dano ao er\u00e1rio. Tamb\u00e9m restou demonstrada a utiliza\u00e7\u00e3o de recursos p\u00fablicos para quita\u00e7\u00e3o das multas, caracterizando-se o pagamento irregular. Ainda, embora noticiada a exist\u00eancia de processos administrativos e o ressarcimento de algumas multas, n\u00e3o se desincumbiu a administra\u00e7\u00e3o municipal de apresentar a conclus\u00e3o dos processos administrativos e o ressarcimento dos valores.<\/span><span data-ccp-props=\"{&quot;134233117&quot;:false,&quot;134233118&quot;:false,&quot;201341983&quot;:0,&quot;335551550&quot;:6,&quot;335551620&quot;:6,&quot;335559685&quot;:0,&quot;335559737&quot;:0,&quot;335559738&quot;:0,&quot;335559739&quot;:160,&quot;335559740&quot;:360}\">\u00a0<\/span><\/p>\n<h4><b><span data-contrast=\"auto\">Fase Recursal<\/span><\/b><span data-ccp-props=\"{&quot;134233117&quot;:false,&quot;134233118&quot;:false,&quot;201341983&quot;:0,&quot;335551550&quot;:6,&quot;335551620&quot;:6,&quot;335559685&quot;:0,&quot;335559737&quot;:0,&quot;335559738&quot;:0,&quot;335559739&quot;:160,&quot;335559740&quot;:360}\">\u00a0<\/span><\/h4>\n<p><span data-contrast=\"auto\">O MPC-PR apresentou <a href=\"https:\/\/www.mpc.pr.gov.br\/wp-content\/uploads\/2024\/02\/BOA-VISTA-Recurso-MPC.pdf\">Embargos de Declara\u00e7\u00e3o<\/a> contra a decis\u00e3o do Tribunal Pleno, a fim de que sejam supridas duas omiss\u00f5es: uma em rela\u00e7\u00e3o a aplica\u00e7\u00e3o da multa administrativa do art. 87, IV, \u2018g\u2019 da LOTC aumentada em seu d\u00e9cuplo e, sobre a determina\u00e7\u00e3o de restitui\u00e7\u00e3o de valores pelos respons\u00e1veis com a correspondente fixa\u00e7\u00e3o de multas proporcionais aos danos.<\/span><span data-ccp-props=\"{&quot;134233117&quot;:false,&quot;134233118&quot;:false,&quot;201341983&quot;:0,&quot;335551550&quot;:6,&quot;335551620&quot;:6,&quot;335559685&quot;:0,&quot;335559737&quot;:0,&quot;335559738&quot;:0,&quot;335559739&quot;:160,&quot;335559740&quot;:360}\">\u00a0<\/span><\/p>\n<p><span data-contrast=\"auto\">N\u00e3o obstante, o Prefeito Leonir Antunes dos Santos tamb\u00e9m apresentou Embargos de Declara\u00e7\u00e3o no intuito de que a decis\u00e3o seja corrigida quanto \u00e0 aplicabilidade do artigo 11 caput, uma vez que para as condutas serem enquadradas como improbidade elas precisam, necessariamente, estar relacionadas com alguns dos incisos, conforme Tema de Repercuss\u00e3o Geral n\u00ba 1.119 do Supremo Tribunal Federal (STF).<\/span><span data-ccp-props=\"{&quot;134233117&quot;:false,&quot;134233118&quot;:false,&quot;201341983&quot;:0,&quot;335551550&quot;:6,&quot;335551620&quot;:6,&quot;335559685&quot;:0,&quot;335559737&quot;:0,&quot;335559738&quot;:0,&quot;335559739&quot;:160,&quot;335559740&quot;:360}\">\u00a0<\/span><\/p>\n<p><span data-contrast=\"auto\">No momento os autos aguardam novo julgamento.\u00a0<\/span><span data-ccp-props=\"{&quot;134233117&quot;:false,&quot;134233118&quot;:false,&quot;201341983&quot;:0,&quot;335551550&quot;:6,&quot;335551620&quot;:6,&quot;335559685&quot;:0,&quot;335559737&quot;:0,&quot;335559738&quot;:0,&quot;335559739&quot;:160,&quot;335559740&quot;:360}\">\u00a0<\/span><\/p>\n<blockquote><p><span style=\"color: #820007;\"><strong><u>Informa\u00e7\u00e3o para consulta processual<\/u><\/strong><\/span><\/p>\n<table style=\"height: 183px;\" border=\"0\" width=\"478\" cellspacing=\"0\" cellpadding=\"0\">\n<tbody>\n<tr>\n<td><strong>Processo n\u00ba<\/strong>:<\/td>\n<td>227756\/21<\/td>\n<\/tr>\n<tr>\n<td><strong>Ac\u00f3rd\u00e3o n\u00ba<\/strong>:<\/td>\n<td><span class=\"NormalTextRun SCXW188288879 BCX0\">Ac\u00f3rd\u00e3o n\u00b0 90\/24<\/span>\u00a0&#8211; Tribunal Pleno<\/td>\n<\/tr>\n<tr>\n<td><strong>Assunto<\/strong>:<\/td>\n<td>Representa\u00e7\u00e3o<\/td>\n<\/tr>\n<tr>\n<td><strong>Entidade<\/strong>:<\/td>\n<td>Munic\u00edpio de Boa Vista da Aparecida<\/td>\n<\/tr>\n<tr>\n<td><strong>Relator<\/strong>:<\/td>\n<td><span data-contrast=\"none\">Conselheiro Maur\u00edcio Requi\u00e3o de Mello e Silva<\/span><\/td>\n<\/tr>\n<\/tbody>\n<\/table>\n<\/blockquote>\n","protected":false},"excerpt":{"rendered":"<p>O Pleno do Tribunal de Contas do Estado (TCE-PR) decidiu pela proced\u00eancia parcial da Representa\u00e7\u00e3o proposta pelo Minist\u00e9rio P\u00fablico de Contas do Paran\u00e1 (MPC-PR), em face do Munic\u00edpio de Boa Vista da Aparecida. O processo foi motivado por irregularidades quanto ao uso indevido dos ve\u00edculos da frota municipal, que configurou desvio de finalidade do bem [&hellip;]<\/p>\n","protected":false},"author":1,"featured_media":18426,"comment_status":"open","ping_status":"open","sticky":false,"template":"","format":"standard","meta":{"_monsterinsights_skip_tracking":false,"_monsterinsights_sitenote_active":false,"_monsterinsights_sitenote_note":"","_monsterinsights_sitenote_category":0,"footnotes":""},"categories":[7],"tags":[199,514,444,13,49,39,71],"class_list":["post-18425","post","type-post","status-publish","format-standard","has-post-thumbnail","hentry","category-todas-as-noticias","tag-boa-vista-da-aparecida","tag-desvio-de-finalidade","tag-improbidade-administrativa","tag-mpc-pr","tag-representacao","tag-tce-pr","tag-tribunal-pleno","entry","has-media"],"yoast_head":"<!-- This site is optimized with the Yoast SEO plugin v27.3 - https:\/\/yoast.com\/product\/yoast-seo-wordpress\/ -->\n<title>Prefeito e Controlador Interno de Boa Vista da Aparecida s\u00e3o multados em raz\u00e3o de desvio de finalidade de bem p\u00fablico - Minist\u00e9rio P\u00fablico de Contas do Estado do Paran\u00e1<\/title>\n<meta name=\"robots\" content=\"index, follow, max-snippet:-1, max-image-preview:large, max-video-preview:-1\" \/>\n<link rel=\"canonical\" href=\"https:\/\/www.mpc.pr.gov.br\/index.php\/prefeito-e-controlador-interno-de-boa-vista-da-aparecida-sao-multados-em-razao-de-desvio-de-finalidade-de-bem-publico\/\" \/>\n<meta property=\"og:locale\" content=\"pt_BR\" \/>\n<meta property=\"og:type\" content=\"article\" \/>\n<meta property=\"og:title\" content=\"Prefeito e Controlador Interno de Boa Vista da Aparecida s\u00e3o multados em raz\u00e3o de desvio de finalidade de bem p\u00fablico - Minist\u00e9rio P\u00fablico de Contas do Estado do Paran\u00e1\" \/>\n<meta property=\"og:description\" content=\"O Pleno do Tribunal de Contas do Estado (TCE-PR) decidiu pela proced\u00eancia parcial da Representa\u00e7\u00e3o proposta pelo Minist\u00e9rio P\u00fablico de Contas do Paran\u00e1 (MPC-PR), em face do Munic\u00edpio de Boa Vista da Aparecida. O processo foi motivado por irregularidades quanto ao uso indevido dos ve\u00edculos da frota municipal, que configurou desvio de finalidade do bem [&hellip;]\" \/>\n<meta property=\"og:url\" content=\"https:\/\/www.mpc.pr.gov.br\/index.php\/prefeito-e-controlador-interno-de-boa-vista-da-aparecida-sao-multados-em-razao-de-desvio-de-finalidade-de-bem-publico\/\" \/>\n<meta property=\"og:site_name\" content=\"Minist\u00e9rio P\u00fablico de Contas do Estado do Paran\u00e1\" \/>\n<meta property=\"article:publisher\" content=\"https:\/\/www.facebook.com\/mpc.pr\" \/>\n<meta property=\"article:published_time\" content=\"2024-02-20T13:06:16+00:00\" \/>\n<meta property=\"article:modified_time\" content=\"2024-03-07T17:46:55+00:00\" \/>\n<meta property=\"og:image\" content=\"https:\/\/www.mpc.pr.gov.br\/wp-content\/uploads\/2024\/02\/BOA-VISTA-DA-APARECIDA.jpg\" \/>\n\t<meta property=\"og:image:width\" content=\"1920\" \/>\n\t<meta property=\"og:image:height\" content=\"1080\" \/>\n\t<meta property=\"og:image:type\" content=\"image\/jpeg\" \/>\n<meta name=\"author\" content=\"mpcontaspr\" \/>\n<meta name=\"twitter:card\" content=\"summary_large_image\" \/>\n<meta name=\"twitter:label1\" content=\"Escrito por\" \/>\n\t<meta name=\"twitter:data1\" content=\"mpcontaspr\" \/>\n\t<meta name=\"twitter:label2\" content=\"Est. tempo de leitura\" \/>\n\t<meta name=\"twitter:data2\" content=\"7 minutos\" \/>\n<script type=\"application\/ld+json\" class=\"yoast-schema-graph\">{\"@context\":\"https:\\\/\\\/schema.org\",\"@graph\":[{\"@type\":\"Article\",\"@id\":\"https:\\\/\\\/www.mpc.pr.gov.br\\\/index.php\\\/prefeito-e-controlador-interno-de-boa-vista-da-aparecida-sao-multados-em-razao-de-desvio-de-finalidade-de-bem-publico\\\/#article\",\"isPartOf\":{\"@id\":\"https:\\\/\\\/www.mpc.pr.gov.br\\\/index.php\\\/prefeito-e-controlador-interno-de-boa-vista-da-aparecida-sao-multados-em-razao-de-desvio-de-finalidade-de-bem-publico\\\/\"},\"author\":{\"name\":\"mpcontaspr\",\"@id\":\"https:\\\/\\\/www.mpc.pr.gov.br\\\/#\\\/schema\\\/person\\\/2d83cb8980538d0ec174e8a6284f5e11\"},\"headline\":\"Prefeito e Controlador Interno de Boa Vista da Aparecida s\u00e3o multados em raz\u00e3o de desvio de finalidade de bem p\u00fablico\",\"datePublished\":\"2024-02-20T13:06:16+00:00\",\"dateModified\":\"2024-03-07T17:46:55+00:00\",\"mainEntityOfPage\":{\"@id\":\"https:\\\/\\\/www.mpc.pr.gov.br\\\/index.php\\\/prefeito-e-controlador-interno-de-boa-vista-da-aparecida-sao-multados-em-razao-de-desvio-de-finalidade-de-bem-publico\\\/\"},\"wordCount\":1307,\"commentCount\":0,\"publisher\":{\"@id\":\"https:\\\/\\\/www.mpc.pr.gov.br\\\/#organization\"},\"image\":{\"@id\":\"https:\\\/\\\/www.mpc.pr.gov.br\\\/index.php\\\/prefeito-e-controlador-interno-de-boa-vista-da-aparecida-sao-multados-em-razao-de-desvio-de-finalidade-de-bem-publico\\\/#primaryimage\"},\"thumbnailUrl\":\"https:\\\/\\\/www.mpc.pr.gov.br\\\/wp-content\\\/uploads\\\/2024\\\/02\\\/BOA-VISTA-DA-APARECIDA.jpg\",\"keywords\":[\"Boa Vista da Aparecida\",\"Desvio de finalidade\",\"Improbidade Administrativa\",\"MPC-PR\",\"Representa\u00e7\u00e3o\",\"TCE-PR\",\"Tribunal Pleno\"],\"articleSection\":[\"Todas as not\u00edcias\"],\"inLanguage\":\"pt-BR\",\"potentialAction\":[{\"@type\":\"CommentAction\",\"name\":\"Comment\",\"target\":[\"https:\\\/\\\/www.mpc.pr.gov.br\\\/index.php\\\/prefeito-e-controlador-interno-de-boa-vista-da-aparecida-sao-multados-em-razao-de-desvio-de-finalidade-de-bem-publico\\\/#respond\"]}]},{\"@type\":\"WebPage\",\"@id\":\"https:\\\/\\\/www.mpc.pr.gov.br\\\/index.php\\\/prefeito-e-controlador-interno-de-boa-vista-da-aparecida-sao-multados-em-razao-de-desvio-de-finalidade-de-bem-publico\\\/\",\"url\":\"https:\\\/\\\/www.mpc.pr.gov.br\\\/index.php\\\/prefeito-e-controlador-interno-de-boa-vista-da-aparecida-sao-multados-em-razao-de-desvio-de-finalidade-de-bem-publico\\\/\",\"name\":\"Prefeito e Controlador Interno de Boa Vista da Aparecida s\u00e3o multados em raz\u00e3o de desvio de finalidade de bem p\u00fablico - Minist\u00e9rio P\u00fablico de Contas do Estado do Paran\u00e1\",\"isPartOf\":{\"@id\":\"https:\\\/\\\/www.mpc.pr.gov.br\\\/#website\"},\"primaryImageOfPage\":{\"@id\":\"https:\\\/\\\/www.mpc.pr.gov.br\\\/index.php\\\/prefeito-e-controlador-interno-de-boa-vista-da-aparecida-sao-multados-em-razao-de-desvio-de-finalidade-de-bem-publico\\\/#primaryimage\"},\"image\":{\"@id\":\"https:\\\/\\\/www.mpc.pr.gov.br\\\/index.php\\\/prefeito-e-controlador-interno-de-boa-vista-da-aparecida-sao-multados-em-razao-de-desvio-de-finalidade-de-bem-publico\\\/#primaryimage\"},\"thumbnailUrl\":\"https:\\\/\\\/www.mpc.pr.gov.br\\\/wp-content\\\/uploads\\\/2024\\\/02\\\/BOA-VISTA-DA-APARECIDA.jpg\",\"datePublished\":\"2024-02-20T13:06:16+00:00\",\"dateModified\":\"2024-03-07T17:46:55+00:00\",\"breadcrumb\":{\"@id\":\"https:\\\/\\\/www.mpc.pr.gov.br\\\/index.php\\\/prefeito-e-controlador-interno-de-boa-vista-da-aparecida-sao-multados-em-razao-de-desvio-de-finalidade-de-bem-publico\\\/#breadcrumb\"},\"inLanguage\":\"pt-BR\",\"potentialAction\":[{\"@type\":\"ReadAction\",\"target\":[\"https:\\\/\\\/www.mpc.pr.gov.br\\\/index.php\\\/prefeito-e-controlador-interno-de-boa-vista-da-aparecida-sao-multados-em-razao-de-desvio-de-finalidade-de-bem-publico\\\/\"]}]},{\"@type\":\"ImageObject\",\"inLanguage\":\"pt-BR\",\"@id\":\"https:\\\/\\\/www.mpc.pr.gov.br\\\/index.php\\\/prefeito-e-controlador-interno-de-boa-vista-da-aparecida-sao-multados-em-razao-de-desvio-de-finalidade-de-bem-publico\\\/#primaryimage\",\"url\":\"https:\\\/\\\/www.mpc.pr.gov.br\\\/wp-content\\\/uploads\\\/2024\\\/02\\\/BOA-VISTA-DA-APARECIDA.jpg\",\"contentUrl\":\"https:\\\/\\\/www.mpc.pr.gov.br\\\/wp-content\\\/uploads\\\/2024\\\/02\\\/BOA-VISTA-DA-APARECIDA.jpg\",\"width\":1920,\"height\":1080,\"caption\":\"Lago formado pela Usina Hidrel\u00e9trica Jos\u00e9 Richa, conhecido como Marinas de Boa Vista. Foto: C\u00e2mara Municipal de Boa Vista da Aparecida.\"},{\"@type\":\"BreadcrumbList\",\"@id\":\"https:\\\/\\\/www.mpc.pr.gov.br\\\/index.php\\\/prefeito-e-controlador-interno-de-boa-vista-da-aparecida-sao-multados-em-razao-de-desvio-de-finalidade-de-bem-publico\\\/#breadcrumb\",\"itemListElement\":[{\"@type\":\"ListItem\",\"position\":1,\"name\":\"In\u00edcio\",\"item\":\"https:\\\/\\\/www.mpc.pr.gov.br\\\/\"},{\"@type\":\"ListItem\",\"position\":2,\"name\":\"Prefeito e Controlador Interno de Boa Vista da Aparecida s\u00e3o multados em raz\u00e3o de desvio de finalidade de bem p\u00fablico\"}]},{\"@type\":\"WebSite\",\"@id\":\"https:\\\/\\\/www.mpc.pr.gov.br\\\/#website\",\"url\":\"https:\\\/\\\/www.mpc.pr.gov.br\\\/\",\"name\":\"Minist\u00e9rio P\u00fablico de Contas do Estado do Paran\u00e1\",\"description\":\"\",\"publisher\":{\"@id\":\"https:\\\/\\\/www.mpc.pr.gov.br\\\/#organization\"},\"potentialAction\":[{\"@type\":\"SearchAction\",\"target\":{\"@type\":\"EntryPoint\",\"urlTemplate\":\"https:\\\/\\\/www.mpc.pr.gov.br\\\/?s={search_term_string}\"},\"query-input\":{\"@type\":\"PropertyValueSpecification\",\"valueRequired\":true,\"valueName\":\"search_term_string\"}}],\"inLanguage\":\"pt-BR\"},{\"@type\":\"Organization\",\"@id\":\"https:\\\/\\\/www.mpc.pr.gov.br\\\/#organization\",\"name\":\"Minist\u00e9rio P\u00fablico de Contas do Estado do Paran\u00e1\",\"url\":\"https:\\\/\\\/www.mpc.pr.gov.br\\\/\",\"logo\":{\"@type\":\"ImageObject\",\"inLanguage\":\"pt-BR\",\"@id\":\"https:\\\/\\\/www.mpc.pr.gov.br\\\/#\\\/schema\\\/logo\\\/image\\\/\",\"url\":\"https:\\\/\\\/www.mpc.pr.gov.br\\\/wp-content\\\/uploads\\\/2020\\\/06\\\/99423647_1593460364143890_6706793420720963584_n-1-e1591387983167.png\",\"contentUrl\":\"https:\\\/\\\/www.mpc.pr.gov.br\\\/wp-content\\\/uploads\\\/2020\\\/06\\\/99423647_1593460364143890_6706793420720963584_n-1-e1591387983167.png\",\"width\":243,\"height\":73,\"caption\":\"Minist\u00e9rio P\u00fablico de Contas do Estado do Paran\u00e1\"},\"image\":{\"@id\":\"https:\\\/\\\/www.mpc.pr.gov.br\\\/#\\\/schema\\\/logo\\\/image\\\/\"},\"sameAs\":[\"https:\\\/\\\/www.facebook.com\\\/mpc.pr\",\"https:\\\/\\\/www.instagram.com\\\/mpc.pr\\\/?hl=pt-br\",\"https:\\\/\\\/www.youtube.com\\\/channel\\\/UCHri5oEM8DV0ztX57E0sBSw\"]},{\"@type\":\"Person\",\"@id\":\"https:\\\/\\\/www.mpc.pr.gov.br\\\/#\\\/schema\\\/person\\\/2d83cb8980538d0ec174e8a6284f5e11\",\"name\":\"mpcontaspr\",\"image\":{\"@type\":\"ImageObject\",\"inLanguage\":\"pt-BR\",\"@id\":\"https:\\\/\\\/secure.gravatar.com\\\/avatar\\\/1aef51541db7622e05fd639336c9c9f312c2a618396e2b6ca96846362fc5403f?s=96&d=mm&r=g\",\"url\":\"https:\\\/\\\/secure.gravatar.com\\\/avatar\\\/1aef51541db7622e05fd639336c9c9f312c2a618396e2b6ca96846362fc5403f?s=96&d=mm&r=g\",\"contentUrl\":\"https:\\\/\\\/secure.gravatar.com\\\/avatar\\\/1aef51541db7622e05fd639336c9c9f312c2a618396e2b6ca96846362fc5403f?s=96&d=mm&r=g\",\"caption\":\"mpcontaspr\"},\"sameAs\":[\"http:\\\/\\\/www.mpc.pr.gov.br\"]}]}<\/script>\n<!-- \/ Yoast SEO plugin. -->","yoast_head_json":{"title":"Prefeito e Controlador Interno de Boa Vista da Aparecida s\u00e3o multados em raz\u00e3o de desvio de finalidade de bem p\u00fablico - Minist\u00e9rio P\u00fablico de Contas do Estado do Paran\u00e1","robots":{"index":"index","follow":"follow","max-snippet":"max-snippet:-1","max-image-preview":"max-image-preview:large","max-video-preview":"max-video-preview:-1"},"canonical":"https:\/\/www.mpc.pr.gov.br\/index.php\/prefeito-e-controlador-interno-de-boa-vista-da-aparecida-sao-multados-em-razao-de-desvio-de-finalidade-de-bem-publico\/","og_locale":"pt_BR","og_type":"article","og_title":"Prefeito e Controlador Interno de Boa Vista da Aparecida s\u00e3o multados em raz\u00e3o de desvio de finalidade de bem p\u00fablico - Minist\u00e9rio P\u00fablico de Contas do Estado do Paran\u00e1","og_description":"O Pleno do Tribunal de Contas do Estado (TCE-PR) decidiu pela proced\u00eancia parcial da Representa\u00e7\u00e3o proposta pelo Minist\u00e9rio P\u00fablico de Contas do Paran\u00e1 (MPC-PR), em face do Munic\u00edpio de Boa Vista da Aparecida. O processo foi motivado por irregularidades quanto ao uso indevido dos ve\u00edculos da frota municipal, que configurou desvio de finalidade do bem [&hellip;]","og_url":"https:\/\/www.mpc.pr.gov.br\/index.php\/prefeito-e-controlador-interno-de-boa-vista-da-aparecida-sao-multados-em-razao-de-desvio-de-finalidade-de-bem-publico\/","og_site_name":"Minist\u00e9rio P\u00fablico de Contas do Estado do Paran\u00e1","article_publisher":"https:\/\/www.facebook.com\/mpc.pr","article_published_time":"2024-02-20T13:06:16+00:00","article_modified_time":"2024-03-07T17:46:55+00:00","og_image":[{"width":1920,"height":1080,"url":"https:\/\/www.mpc.pr.gov.br\/wp-content\/uploads\/2024\/02\/BOA-VISTA-DA-APARECIDA.jpg","type":"image\/jpeg"}],"author":"mpcontaspr","twitter_card":"summary_large_image","twitter_misc":{"Escrito por":"mpcontaspr","Est. tempo de leitura":"7 minutos"},"schema":{"@context":"https:\/\/schema.org","@graph":[{"@type":"Article","@id":"https:\/\/www.mpc.pr.gov.br\/index.php\/prefeito-e-controlador-interno-de-boa-vista-da-aparecida-sao-multados-em-razao-de-desvio-de-finalidade-de-bem-publico\/#article","isPartOf":{"@id":"https:\/\/www.mpc.pr.gov.br\/index.php\/prefeito-e-controlador-interno-de-boa-vista-da-aparecida-sao-multados-em-razao-de-desvio-de-finalidade-de-bem-publico\/"},"author":{"name":"mpcontaspr","@id":"https:\/\/www.mpc.pr.gov.br\/#\/schema\/person\/2d83cb8980538d0ec174e8a6284f5e11"},"headline":"Prefeito e Controlador Interno de Boa Vista da Aparecida s\u00e3o multados em raz\u00e3o de desvio de finalidade de bem p\u00fablico","datePublished":"2024-02-20T13:06:16+00:00","dateModified":"2024-03-07T17:46:55+00:00","mainEntityOfPage":{"@id":"https:\/\/www.mpc.pr.gov.br\/index.php\/prefeito-e-controlador-interno-de-boa-vista-da-aparecida-sao-multados-em-razao-de-desvio-de-finalidade-de-bem-publico\/"},"wordCount":1307,"commentCount":0,"publisher":{"@id":"https:\/\/www.mpc.pr.gov.br\/#organization"},"image":{"@id":"https:\/\/www.mpc.pr.gov.br\/index.php\/prefeito-e-controlador-interno-de-boa-vista-da-aparecida-sao-multados-em-razao-de-desvio-de-finalidade-de-bem-publico\/#primaryimage"},"thumbnailUrl":"https:\/\/www.mpc.pr.gov.br\/wp-content\/uploads\/2024\/02\/BOA-VISTA-DA-APARECIDA.jpg","keywords":["Boa Vista da Aparecida","Desvio de finalidade","Improbidade Administrativa","MPC-PR","Representa\u00e7\u00e3o","TCE-PR","Tribunal Pleno"],"articleSection":["Todas as not\u00edcias"],"inLanguage":"pt-BR","potentialAction":[{"@type":"CommentAction","name":"Comment","target":["https:\/\/www.mpc.pr.gov.br\/index.php\/prefeito-e-controlador-interno-de-boa-vista-da-aparecida-sao-multados-em-razao-de-desvio-de-finalidade-de-bem-publico\/#respond"]}]},{"@type":"WebPage","@id":"https:\/\/www.mpc.pr.gov.br\/index.php\/prefeito-e-controlador-interno-de-boa-vista-da-aparecida-sao-multados-em-razao-de-desvio-de-finalidade-de-bem-publico\/","url":"https:\/\/www.mpc.pr.gov.br\/index.php\/prefeito-e-controlador-interno-de-boa-vista-da-aparecida-sao-multados-em-razao-de-desvio-de-finalidade-de-bem-publico\/","name":"Prefeito e Controlador Interno de Boa Vista da Aparecida s\u00e3o multados em raz\u00e3o de desvio de finalidade de bem p\u00fablico - Minist\u00e9rio P\u00fablico de Contas do Estado do Paran\u00e1","isPartOf":{"@id":"https:\/\/www.mpc.pr.gov.br\/#website"},"primaryImageOfPage":{"@id":"https:\/\/www.mpc.pr.gov.br\/index.php\/prefeito-e-controlador-interno-de-boa-vista-da-aparecida-sao-multados-em-razao-de-desvio-de-finalidade-de-bem-publico\/#primaryimage"},"image":{"@id":"https:\/\/www.mpc.pr.gov.br\/index.php\/prefeito-e-controlador-interno-de-boa-vista-da-aparecida-sao-multados-em-razao-de-desvio-de-finalidade-de-bem-publico\/#primaryimage"},"thumbnailUrl":"https:\/\/www.mpc.pr.gov.br\/wp-content\/uploads\/2024\/02\/BOA-VISTA-DA-APARECIDA.jpg","datePublished":"2024-02-20T13:06:16+00:00","dateModified":"2024-03-07T17:46:55+00:00","breadcrumb":{"@id":"https:\/\/www.mpc.pr.gov.br\/index.php\/prefeito-e-controlador-interno-de-boa-vista-da-aparecida-sao-multados-em-razao-de-desvio-de-finalidade-de-bem-publico\/#breadcrumb"},"inLanguage":"pt-BR","potentialAction":[{"@type":"ReadAction","target":["https:\/\/www.mpc.pr.gov.br\/index.php\/prefeito-e-controlador-interno-de-boa-vista-da-aparecida-sao-multados-em-razao-de-desvio-de-finalidade-de-bem-publico\/"]}]},{"@type":"ImageObject","inLanguage":"pt-BR","@id":"https:\/\/www.mpc.pr.gov.br\/index.php\/prefeito-e-controlador-interno-de-boa-vista-da-aparecida-sao-multados-em-razao-de-desvio-de-finalidade-de-bem-publico\/#primaryimage","url":"https:\/\/www.mpc.pr.gov.br\/wp-content\/uploads\/2024\/02\/BOA-VISTA-DA-APARECIDA.jpg","contentUrl":"https:\/\/www.mpc.pr.gov.br\/wp-content\/uploads\/2024\/02\/BOA-VISTA-DA-APARECIDA.jpg","width":1920,"height":1080,"caption":"Lago formado pela Usina Hidrel\u00e9trica Jos\u00e9 Richa, conhecido como Marinas de Boa Vista. Foto: C\u00e2mara Municipal de Boa Vista da Aparecida."},{"@type":"BreadcrumbList","@id":"https:\/\/www.mpc.pr.gov.br\/index.php\/prefeito-e-controlador-interno-de-boa-vista-da-aparecida-sao-multados-em-razao-de-desvio-de-finalidade-de-bem-publico\/#breadcrumb","itemListElement":[{"@type":"ListItem","position":1,"name":"In\u00edcio","item":"https:\/\/www.mpc.pr.gov.br\/"},{"@type":"ListItem","position":2,"name":"Prefeito e Controlador Interno de Boa Vista da Aparecida s\u00e3o multados em raz\u00e3o de desvio de finalidade de bem p\u00fablico"}]},{"@type":"WebSite","@id":"https:\/\/www.mpc.pr.gov.br\/#website","url":"https:\/\/www.mpc.pr.gov.br\/","name":"Minist\u00e9rio P\u00fablico de Contas do Estado do Paran\u00e1","description":"","publisher":{"@id":"https:\/\/www.mpc.pr.gov.br\/#organization"},"potentialAction":[{"@type":"SearchAction","target":{"@type":"EntryPoint","urlTemplate":"https:\/\/www.mpc.pr.gov.br\/?s={search_term_string}"},"query-input":{"@type":"PropertyValueSpecification","valueRequired":true,"valueName":"search_term_string"}}],"inLanguage":"pt-BR"},{"@type":"Organization","@id":"https:\/\/www.mpc.pr.gov.br\/#organization","name":"Minist\u00e9rio P\u00fablico de Contas do Estado do Paran\u00e1","url":"https:\/\/www.mpc.pr.gov.br\/","logo":{"@type":"ImageObject","inLanguage":"pt-BR","@id":"https:\/\/www.mpc.pr.gov.br\/#\/schema\/logo\/image\/","url":"https:\/\/www.mpc.pr.gov.br\/wp-content\/uploads\/2020\/06\/99423647_1593460364143890_6706793420720963584_n-1-e1591387983167.png","contentUrl":"https:\/\/www.mpc.pr.gov.br\/wp-content\/uploads\/2020\/06\/99423647_1593460364143890_6706793420720963584_n-1-e1591387983167.png","width":243,"height":73,"caption":"Minist\u00e9rio P\u00fablico de Contas do Estado do Paran\u00e1"},"image":{"@id":"https:\/\/www.mpc.pr.gov.br\/#\/schema\/logo\/image\/"},"sameAs":["https:\/\/www.facebook.com\/mpc.pr","https:\/\/www.instagram.com\/mpc.pr\/?hl=pt-br","https:\/\/www.youtube.com\/channel\/UCHri5oEM8DV0ztX57E0sBSw"]},{"@type":"Person","@id":"https:\/\/www.mpc.pr.gov.br\/#\/schema\/person\/2d83cb8980538d0ec174e8a6284f5e11","name":"mpcontaspr","image":{"@type":"ImageObject","inLanguage":"pt-BR","@id":"https:\/\/secure.gravatar.com\/avatar\/1aef51541db7622e05fd639336c9c9f312c2a618396e2b6ca96846362fc5403f?s=96&d=mm&r=g","url":"https:\/\/secure.gravatar.com\/avatar\/1aef51541db7622e05fd639336c9c9f312c2a618396e2b6ca96846362fc5403f?s=96&d=mm&r=g","contentUrl":"https:\/\/secure.gravatar.com\/avatar\/1aef51541db7622e05fd639336c9c9f312c2a618396e2b6ca96846362fc5403f?s=96&d=mm&r=g","caption":"mpcontaspr"},"sameAs":["http:\/\/www.mpc.pr.gov.br"]}]}},"rttpg_featured_image_url":{"full":["https:\/\/www.mpc.pr.gov.br\/wp-content\/uploads\/2024\/02\/BOA-VISTA-DA-APARECIDA.jpg",1920,1080,false],"landscape":["https:\/\/www.mpc.pr.gov.br\/wp-content\/uploads\/2024\/02\/BOA-VISTA-DA-APARECIDA.jpg",1920,1080,false],"portraits":["https:\/\/www.mpc.pr.gov.br\/wp-content\/uploads\/2024\/02\/BOA-VISTA-DA-APARECIDA.jpg",1920,1080,false],"thumbnail":["https:\/\/www.mpc.pr.gov.br\/wp-content\/uploads\/2024\/02\/BOA-VISTA-DA-APARECIDA-150x150.jpg",150,150,true],"medium":["https:\/\/www.mpc.pr.gov.br\/wp-content\/uploads\/2024\/02\/BOA-VISTA-DA-APARECIDA-300x169.jpg",300,169,true],"large":["https:\/\/www.mpc.pr.gov.br\/wp-content\/uploads\/2024\/02\/BOA-VISTA-DA-APARECIDA-1024x576.jpg",1024,576,true],"1536x1536":["https:\/\/www.mpc.pr.gov.br\/wp-content\/uploads\/2024\/02\/BOA-VISTA-DA-APARECIDA-1536x864.jpg",1536,864,true],"2048x2048":["https:\/\/www.mpc.pr.gov.br\/wp-content\/uploads\/2024\/02\/BOA-VISTA-DA-APARECIDA.jpg",1920,1080,false],"ocean-thumb-m":["https:\/\/www.mpc.pr.gov.br\/wp-content\/uploads\/2024\/02\/BOA-VISTA-DA-APARECIDA-600x600.jpg",600,600,true],"ocean-thumb-ml":["https:\/\/www.mpc.pr.gov.br\/wp-content\/uploads\/2024\/02\/BOA-VISTA-DA-APARECIDA-800x450.jpg",800,450,true],"ocean-thumb-l":["https:\/\/www.mpc.pr.gov.br\/wp-content\/uploads\/2024\/02\/BOA-VISTA-DA-APARECIDA-1200x700.jpg",1200,700,true]},"rttpg_author":{"display_name":"mpcontaspr","author_link":"https:\/\/www.mpc.pr.gov.br\/index.php\/author\/mpcontaspr\/"},"rttpg_comment":0,"rttpg_category":"<a href=\"https:\/\/www.mpc.pr.gov.br\/index.php\/category\/todas-as-noticias\/\" rel=\"category tag\">Todas as not\u00edcias<\/a>","rttpg_excerpt":"O Pleno do Tribunal de Contas do Estado (TCE-PR) decidiu pela proced\u00eancia parcial da Representa\u00e7\u00e3o proposta pelo Minist\u00e9rio P\u00fablico de Contas do Paran\u00e1 (MPC-PR), em face do Munic\u00edpio de Boa Vista da Aparecida. O processo foi motivado por irregularidades quanto ao uso indevido dos ve\u00edculos da frota municipal, que configurou desvio de finalidade do bem&hellip;","_links":{"self":[{"href":"https:\/\/www.mpc.pr.gov.br\/index.php\/wp-json\/wp\/v2\/posts\/18425","targetHints":{"allow":["GET"]}}],"collection":[{"href":"https:\/\/www.mpc.pr.gov.br\/index.php\/wp-json\/wp\/v2\/posts"}],"about":[{"href":"https:\/\/www.mpc.pr.gov.br\/index.php\/wp-json\/wp\/v2\/types\/post"}],"author":[{"embeddable":true,"href":"https:\/\/www.mpc.pr.gov.br\/index.php\/wp-json\/wp\/v2\/users\/1"}],"replies":[{"embeddable":true,"href":"https:\/\/www.mpc.pr.gov.br\/index.php\/wp-json\/wp\/v2\/comments?post=18425"}],"version-history":[{"count":5,"href":"https:\/\/www.mpc.pr.gov.br\/index.php\/wp-json\/wp\/v2\/posts\/18425\/revisions"}],"predecessor-version":[{"id":18444,"href":"https:\/\/www.mpc.pr.gov.br\/index.php\/wp-json\/wp\/v2\/posts\/18425\/revisions\/18444"}],"wp:featuredmedia":[{"embeddable":true,"href":"https:\/\/www.mpc.pr.gov.br\/index.php\/wp-json\/wp\/v2\/media\/18426"}],"wp:attachment":[{"href":"https:\/\/www.mpc.pr.gov.br\/index.php\/wp-json\/wp\/v2\/media?parent=18425"}],"wp:term":[{"taxonomy":"category","embeddable":true,"href":"https:\/\/www.mpc.pr.gov.br\/index.php\/wp-json\/wp\/v2\/categories?post=18425"},{"taxonomy":"post_tag","embeddable":true,"href":"https:\/\/www.mpc.pr.gov.br\/index.php\/wp-json\/wp\/v2\/tags?post=18425"}],"curies":[{"name":"wp","href":"https:\/\/api.w.org\/{rel}","templated":true}]}}