{"id":18456,"date":"2024-02-27T10:18:16","date_gmt":"2024-02-27T13:18:16","guid":{"rendered":"https:\/\/www.mpc.pr.gov.br\/?p=18456"},"modified":"2024-03-14T13:43:17","modified_gmt":"2024-03-14T16:43:17","slug":"camara-de-rio-branco-do-ivai-deve-promover-concurso-para-contratacao-de-contador","status":"publish","type":"post","link":"https:\/\/www.mpc.pr.gov.br\/index.php\/camara-de-rio-branco-do-ivai-deve-promover-concurso-para-contratacao-de-contador\/","title":{"rendered":"C\u00e2mara de Rio Branco do Iva\u00ed deve promover concurso para contrata\u00e7\u00e3o de contador"},"content":{"rendered":"<figure id=\"attachment_18463\" aria-describedby=\"caption-attachment-18463\" style=\"width: 300px\" class=\"wp-caption alignleft\"><img fetchpriority=\"high\" decoding=\"async\" class=\"size-medium wp-image-18463\" src=\"https:\/\/www.mpc.pr.gov.br\/wp-content\/uploads\/2024\/02\/RIO-BRANCO-DO-IVAI-300x169.jpg\" alt=\"\" width=\"300\" height=\"169\" srcset=\"https:\/\/www.mpc.pr.gov.br\/wp-content\/uploads\/2024\/02\/RIO-BRANCO-DO-IVAI-300x169.jpg 300w, https:\/\/www.mpc.pr.gov.br\/wp-content\/uploads\/2024\/02\/RIO-BRANCO-DO-IVAI-768x432.jpg 768w, https:\/\/www.mpc.pr.gov.br\/wp-content\/uploads\/2024\/02\/RIO-BRANCO-DO-IVAI-800x450.jpg 800w, https:\/\/www.mpc.pr.gov.br\/wp-content\/uploads\/2024\/02\/RIO-BRANCO-DO-IVAI.jpg 1024w\" sizes=\"(max-width: 300px) 100vw, 300px\" \/><figcaption id=\"caption-attachment-18463\" class=\"wp-caption-text\">Munic\u00edpio de Rio Branco do Iva\u00ed. Foto: Prefeitura Municipal.<\/figcaption><\/figure>\n<p><span data-contrast=\"auto\">No prazo de 90 dias, a <a href=\"http:\/\/cmriobrancodoivai.pr.gov.br\/\">C\u00e2mara Municipal de Rio Branco do Iva\u00ed<\/a> deve comprovar a efetiva publica\u00e7\u00e3o do edital referente ao Concurso P\u00fablico que visa a contrata\u00e7\u00e3o de servidor efetivo para o cargo de Contador. A decis\u00e3o ocorreu em sede de an\u00e1lise de processo de Tomada de Contas Extraordin\u00e1ria instaurado pelo Tribunal de Contas do Paran\u00e1 (TCE-PR), a fim de verificar a legalidade no exerc\u00edcio das fun\u00e7\u00f5es cont\u00e1beis por servidor aposentado e\/ou pessoa sem v\u00ednculo funcional com a administra\u00e7\u00e3o, bem como para aferir os motivos da in\u00e9rcia dos gestores em prover o cargo efetivo de contador ap\u00f3s a demiss\u00e3o do servidor efetivo, ocorrida em agosto de 2015.<\/span><span data-ccp-props=\"{&quot;201341983&quot;:0,&quot;335551550&quot;:6,&quot;335551620&quot;:6,&quot;335559739&quot;:160,&quot;335559740&quot;:360}\">\u00a0<\/span><\/p>\n<p><span data-contrast=\"auto\">Ap\u00f3s a an\u00e1lise dos autos, o Relator Conselheiro Fabio de Souza Camargo acompanhou parcialmente a manifesta\u00e7\u00e3o do Minist\u00e9rio P\u00fablico de Contas do Paran\u00e1 (MPC-PR), concluindo pela improced\u00eancia da Tomada de Contas Extraordin\u00e1ria. De acordo com o MPC-PR, a terceiriza\u00e7\u00e3o dos servi\u00e7os at\u00e9 o corrente ano se deu por motivo justific\u00e1vel, tendo em vista demandas judiciais em andamento, de modo que n\u00e3o restou caracterizada ofensa ao <a href=\"https:\/\/www.mpc.pr.gov.br\/wp-content\/uploads\/2023\/07\/Prejulgado-no-6-TCE-PR.pdf\">Prejulgado n\u00b0 6<\/a> do TCE-PR.<\/span><span data-ccp-props=\"{&quot;134233117&quot;:false,&quot;134233118&quot;:false,&quot;201341983&quot;:0,&quot;335551550&quot;:6,&quot;335551620&quot;:6,&quot;335559685&quot;:0,&quot;335559737&quot;:0,&quot;335559738&quot;:0,&quot;335559739&quot;:160,&quot;335559740&quot;:360}\">\u00a0<\/span><\/p>\n<h4><b><span data-contrast=\"auto\">Instru\u00e7\u00e3o do processo<\/span><\/b><span data-ccp-props=\"{&quot;134233117&quot;:false,&quot;134233118&quot;:false,&quot;201341983&quot;:0,&quot;335551550&quot;:6,&quot;335551620&quot;:6,&quot;335559685&quot;:0,&quot;335559737&quot;:0,&quot;335559738&quot;:0,&quot;335559739&quot;:160,&quot;335559740&quot;:360}\">\u00a0<\/span><\/h4>\n<p><span data-contrast=\"auto\">Determinada a cita\u00e7\u00e3o dos interessados, houve apenas a manifesta\u00e7\u00e3o da C\u00e2mara Municipal atrav\u00e9s de seu ent\u00e3o presidente, Edini Gomes (gest\u00e3o 2017 a 2020), o qual comunicou o afastamento do contador efetivo do \u00f3rg\u00e3o em decorr\u00eancia de den\u00fancia de irregularidades praticadas no exerc\u00edcio de sua fun\u00e7\u00e3o, a qual motivou a instaura\u00e7\u00e3o de processo administrativo disciplinar.<\/span><span data-ccp-props=\"{&quot;134233117&quot;:false,&quot;134233118&quot;:false,&quot;201341983&quot;:0,&quot;335551550&quot;:6,&quot;335551620&quot;:6,&quot;335559685&quot;:0,&quot;335559737&quot;:0,&quot;335559738&quot;:0,&quot;335559739&quot;:160,&quot;335559740&quot;:360}\">\u00a0<\/span><\/p>\n<p><span data-contrast=\"auto\">Em raz\u00e3o desses fatos, informou que teria sido procedida a contrata\u00e7\u00e3o de servi\u00e7os terceirizados, nos moldes previstos no <a href=\"https:\/\/www.mpc.pr.gov.br\/wp-content\/uploads\/2023\/07\/Prejulgado-no-6-TCE-PR.pdf\">Prejulgado n\u00ba 6<\/a>, alegando, ainda, que n\u00e3o seria poss\u00edvel a abertura de novo concurso p\u00fablico enquanto n\u00e3o decidido em definitivo o processo judicial movido pelo ex-servidor contra a decis\u00e3o que o exonerou do cargo efetivo o contador.<\/span><span data-ccp-props=\"{&quot;134233117&quot;:false,&quot;134233118&quot;:false,&quot;201341983&quot;:0,&quot;335551550&quot;:6,&quot;335551620&quot;:6,&quot;335559685&quot;:0,&quot;335559737&quot;:0,&quot;335559738&quot;:0,&quot;335559739&quot;:160,&quot;335559740&quot;:360}\">\u00a0<\/span><\/p>\n<p><span data-contrast=\"auto\">Posteriormente, o atual Presidente da C\u00e2mara Municipal Jos\u00e9 dos Santos (gest\u00e3o 2021 a 2024), tamb\u00e9m se manifestou nos autos, comunicando que as fun\u00e7\u00f5es t\u00e9cnicas de contabilidade s\u00e3o, atualmente, exercidas pelos profissionais da empresa Organiza\u00e7\u00e3o Cont\u00e1bil e Empresarial J. C. Campos Ltda \u2013 EPP, a qual foi contratada por procedimento licitat\u00f3rio ap\u00f3s o afastamento do ent\u00e3o contador. Acrescentou que o referido servidor ingressou com a\u00e7\u00e3o judicial para reintegra\u00e7\u00e3o ao cargo e por isso a C\u00e2mara Municipal havia decidido aguardar a conclus\u00e3o da demanda.<\/span><span data-ccp-props=\"{&quot;134233117&quot;:false,&quot;134233118&quot;:false,&quot;201341983&quot;:0,&quot;335551550&quot;:6,&quot;335551620&quot;:6,&quot;335559685&quot;:0,&quot;335559737&quot;:0,&quot;335559738&quot;:0,&quot;335559739&quot;:160,&quot;335559740&quot;:360}\">\u00a0<\/span><\/p>\n<p><span data-contrast=\"auto\">Por fim, ap\u00f3s solicita\u00e7\u00e3o da unidade t\u00e9cnica, o atual Presidente juntou aos autos os documentos referentes \u00e0 contrata\u00e7\u00e3o de empresa para a realiza\u00e7\u00e3o do concurso e afirmou que assim que o mesmo fosse realizado encaminharia a documenta\u00e7\u00e3o complementar relativa ao provimento do cargo.<\/span><span data-ccp-props=\"{&quot;134233117&quot;:false,&quot;134233118&quot;:false,&quot;201341983&quot;:0,&quot;335551550&quot;:6,&quot;335551620&quot;:6,&quot;335559685&quot;:0,&quot;335559737&quot;:0,&quot;335559738&quot;:0,&quot;335559739&quot;:160,&quot;335559740&quot;:360}\">\u00a0<\/span><\/p>\n<p><span data-contrast=\"auto\">Em nova manifesta\u00e7\u00e3o, a CGM destacou a aus\u00eancia de qualquer tentativa de realiza\u00e7\u00e3o de concurso p\u00fablico pelo ente nos anos subsequentes a exonera\u00e7\u00e3o do servidor efetivo, ocorrida em 2015, de modo que concluiu que a contrata\u00e7\u00e3o da empresa terceirizada para a realiza\u00e7\u00e3o de servi\u00e7os cont\u00e1beis ocorreu em desacordo com o Prejulgado n\u00ba 6.<\/span><span data-ccp-props=\"{&quot;134233117&quot;:false,&quot;134233118&quot;:false,&quot;201341983&quot;:0,&quot;335551550&quot;:6,&quot;335551620&quot;:6,&quot;335559685&quot;:0,&quot;335559737&quot;:0,&quot;335559738&quot;:0,&quot;335559739&quot;:160,&quot;335559740&quot;:360}\">\u00a0<\/span><\/p>\n<p><span data-contrast=\"auto\">Contudo, ressaltou que apesar do valor m\u00e1ximo pago \u00e0 terceirizada ser superior ao valor a ser pago a servidor efetivo, n\u00e3o cabe a aplica\u00e7\u00e3o da san\u00e7\u00e3o de restitui\u00e7\u00e3o de valores e multa proporcional ao dano aos gestores do per\u00edodo, haja vista que a diferen\u00e7a n\u00e3o seria significativa e teria que considerar outras vari\u00e1veis, a exemplo das progress\u00f5es no plano de carreira.\u00a0<\/span><span data-ccp-props=\"{&quot;134233117&quot;:false,&quot;134233118&quot;:false,&quot;201341983&quot;:0,&quot;335551550&quot;:6,&quot;335551620&quot;:6,&quot;335559685&quot;:0,&quot;335559737&quot;:0,&quot;335559738&quot;:0,&quot;335559739&quot;:160,&quot;335559740&quot;:360}\">\u00a0<\/span><\/p>\n<p><span data-contrast=\"auto\">Al\u00e9m disso, a unidade t\u00e9cnica tamb\u00e9m constatou que durante o per\u00edodo de 01\/01\/2015 a 31\/12\/2022 as despesas com a terceiriza\u00e7\u00e3o de servi\u00e7os de contabilidade n\u00e3o foram devidamente contabilizadas no elemento 34 da despesa (outras despesas de pessoal decorrentes de contratos de terceiriza\u00e7\u00e3o), em afronta ao \u00a71\u00ba do <a href=\"https:\/\/www.jusbrasil.com.br\/topicos\/11248133\/artigo-18-lc-n-101-de-04-de-maio-de-2000\">artigo 18 da Lei de Responsabilidade Fiscal n\u00ba 101\/2000<\/a>. <\/span><span data-ccp-props=\"{&quot;134233117&quot;:false,&quot;134233118&quot;:false,&quot;201341983&quot;:0,&quot;335551550&quot;:6,&quot;335551620&quot;:6,&quot;335559685&quot;:0,&quot;335559737&quot;:0,&quot;335559738&quot;:0,&quot;335559739&quot;:160,&quot;335559740&quot;:360}\">\u00a0<\/span><\/p>\n<p><span data-contrast=\"auto\">Por tais motivos, opinou pela proced\u00eancia da Tomada de Contas Extraordin\u00e1ria e pela irregularidade das contas, de responsabilidade de Valdir Correia de Morais, Presidente da C\u00e2mara no per\u00edodo de 2015 a 2016, Edini Gomes, Presidente da C\u00e2mara no per\u00edodo de 2017 a 2020 e, Jos\u00e9 dos Santos, Presidente da C\u00e2mara no per\u00edodo de 2021 a 2024, cabendo a aplica\u00e7\u00e3o das san\u00e7\u00f5es previstas no art. 87, IV, g da Lei Complementar n\u00ba 113\/2005, bem como o envio de determina\u00e7\u00f5es.\u00a0<\/span><span data-ccp-props=\"{&quot;134233117&quot;:false,&quot;134233118&quot;:false,&quot;201341983&quot;:0,&quot;335551550&quot;:6,&quot;335551620&quot;:6,&quot;335559685&quot;:0,&quot;335559737&quot;:0,&quot;335559738&quot;:0,&quot;335559739&quot;:160,&quot;335559740&quot;:360}\">\u00a0<\/span><\/p>\n<p><span data-contrast=\"auto\">Por sua vez, o Minist\u00e9rio P\u00fablico de Contas corroborou parcialmente com o opinativo da CGM, pela proced\u00eancia da Tomada de Contas Extraordin\u00e1ria para t\u00e3o somente reconhecer a n\u00e3o observ\u00e2ncia do preceito do artigo 18 da LRF, assim como concordou com a necessidade de emiss\u00e3o de determina\u00e7\u00e3o para que a C\u00e2mara Municipal comprove a efetiva publica\u00e7\u00e3o do edital de concurso p\u00fablico para provimento da vaga do contador, em que se sugeriu o prazo de 60 dias para tanto.<\/span><span data-ccp-props=\"{&quot;134233117&quot;:false,&quot;134233118&quot;:false,&quot;201341983&quot;:0,&quot;335551550&quot;:6,&quot;335551620&quot;:6,&quot;335559685&quot;:0,&quot;335559737&quot;:0,&quot;335559738&quot;:0,&quot;335559739&quot;:160,&quot;335559740&quot;:360}\">\u00a0<\/span><\/p>\n<p><span data-contrast=\"auto\">Conforme termos do <a href=\"https:\/\/www.mpc.pr.gov.br\/wp-content\/uploads\/2024\/02\/RIO-BRANCO-DO-IVAI-PAR-937_23-4PC.pdf\">Parecer n\u00b0 937\/23<\/a>, o \u00f3rg\u00e3o ministerial n\u00e3o vislumbrou ofensa ao Prejulgado n\u00ba 6, pois considerou pertinente a cautela da administra\u00e7\u00e3o em n\u00e3o prover o cargo enquanto pendente de tr\u00e2nsito em julgado as a\u00e7\u00f5es judiciais que almejavam a reintegra\u00e7\u00e3o do servidor afastado do cargo de contador.<\/span><span data-ccp-props=\"{&quot;134233117&quot;:false,&quot;134233118&quot;:false,&quot;201341983&quot;:0,&quot;335551550&quot;:6,&quot;335551620&quot;:6,&quot;335559685&quot;:0,&quot;335559737&quot;:0,&quot;335559738&quot;:0,&quot;335559739&quot;:160,&quot;335559740&quot;:360}\">\u00a0<\/span><\/p>\n<p><span data-contrast=\"auto\">Em acr\u00e9scimo, acerca da aplica\u00e7\u00e3o das medidas sancionat\u00f3rias relativas \u00e0 inobserv\u00e2ncia do artigo 18 da LRF, opinou pela exclus\u00e3o de responsabiliza\u00e7\u00e3o de Valdir Correia de Morais, gestor em 2015 e 2016, pois o mesmo n\u00e3o foi citado e, portanto, n\u00e3o exerceu direito ao contradit\u00f3rio. Ademais, destacou que seria in\u00f3cua sua cita\u00e7\u00e3o neste momento, diante da prescri\u00e7\u00e3o da pretens\u00e3o punitiva e ressarcit\u00f3ria estabelecida no <a href=\"https:\/\/www.mpc.pr.gov.br\/wp-content\/uploads\/2023\/08\/Prejulgado-no-26-TCE-PR.pdf\">Prejulgado n\u00ba 26 do TCE-PR<\/a>.\u00a0<\/span><span data-ccp-props=\"{&quot;134233117&quot;:false,&quot;134233118&quot;:false,&quot;201341983&quot;:0,&quot;335551550&quot;:6,&quot;335551620&quot;:6,&quot;335559685&quot;:0,&quot;335559737&quot;:0,&quot;335559738&quot;:0,&quot;335559739&quot;:160,&quot;335559740&quot;:360}\">\u00a0<\/span><\/p>\n<h4><b><span data-contrast=\"auto\">Decis\u00e3o<\/span><\/b><span data-ccp-props=\"{&quot;134233117&quot;:false,&quot;134233118&quot;:false,&quot;201341983&quot;:0,&quot;335551550&quot;:6,&quot;335551620&quot;:6,&quot;335559685&quot;:0,&quot;335559737&quot;:0,&quot;335559738&quot;:0,&quot;335559739&quot;:160,&quot;335559740&quot;:360}\">\u00a0<\/span><\/h4>\n<p><span data-contrast=\"auto\">Em sede de julgamento, o Relator divergiu da manifesta\u00e7\u00e3o da unidade t\u00e9cnica tendo, por sua vez, acolhido parcialmente o entendimento do MPC-PR. Nesse sentido, votou pela improced\u00eancia da Tomada de Contas Extraordin\u00e1ria e pela regularidade com ressalva das Contas da C\u00e2mara Municipal, em raz\u00e3o da contabiliza\u00e7\u00e3o irregular das despesas.\u00a0<\/span><span data-ccp-props=\"{&quot;134233117&quot;:false,&quot;134233118&quot;:false,&quot;201341983&quot;:0,&quot;335551550&quot;:6,&quot;335551620&quot;:6,&quot;335559685&quot;:0,&quot;335559737&quot;:0,&quot;335559738&quot;:0,&quot;335559739&quot;:160,&quot;335559740&quot;:360}\">\u00a0<\/span><\/p>\n<p><span data-contrast=\"auto\">Mediante o <a href=\"https:\/\/www.mpc.pr.gov.br\/wp-content\/uploads\/2024\/02\/RIO-BRANCO-DO-IVAI-ACO-122_24-S2C.pdf\">Ac\u00f3rd\u00e3o n\u00b0 122\/44<\/a>, os membros da Segunda C\u00e2mara acompanharam o voto do Relator, determinando \u00e0 C\u00e2mara a efetiva comprova\u00e7\u00e3o da publica\u00e7\u00e3o do edital referente ao Concurso P\u00fablico para a contrata\u00e7\u00e3o de servidor efetivo para o cargo de Contador, no prazo de 90 dias.<\/span><span data-ccp-props=\"{&quot;134233117&quot;:false,&quot;134233118&quot;:false,&quot;201341983&quot;:0,&quot;335551550&quot;:6,&quot;335551620&quot;:6,&quot;335559685&quot;:0,&quot;335559737&quot;:0,&quot;335559738&quot;:0,&quot;335559739&quot;:160,&quot;335559740&quot;:360}\">\u00a0<\/span><\/p>\n<blockquote><p><span style=\"color: #820007;\"><strong><u>Informa\u00e7\u00e3o para consulta processual<\/u><\/strong><\/span><\/p>\n<table style=\"height: 183px;\" border=\"0\" width=\"478\" cellspacing=\"0\" cellpadding=\"0\">\n<tbody>\n<tr>\n<td><strong>Processo n\u00ba<\/strong>:<\/td>\n<td>60955\/19<\/td>\n<\/tr>\n<tr>\n<td><strong>Ac\u00f3rd\u00e3o n\u00ba<\/strong>:<\/td>\n<td><span class=\"NormalTextRun SCXW188288879 BCX0\">Ac\u00f3rd\u00e3o n\u00b0 122\/24<\/span> &#8211; Segunda C\u00e2mara<\/td>\n<\/tr>\n<tr>\n<td><strong>Assunto<\/strong>:<\/td>\n<td>Tomada de Contas Extraordin\u00e1ria<\/td>\n<\/tr>\n<tr>\n<td><strong>Entidade<\/strong>:<\/td>\n<td>C\u00e2mara de Rio Branco do Iva\u00ed<\/td>\n<\/tr>\n<tr>\n<td><strong>Relator<\/strong>:<\/td>\n<td>Conselheiro Fabio de Souza Camargo<\/td>\n<\/tr>\n<\/tbody>\n<\/table>\n<\/blockquote>\n","protected":false},"excerpt":{"rendered":"<p>No prazo de 90 dias, a C\u00e2mara Municipal de Rio Branco do Iva\u00ed deve comprovar a efetiva publica\u00e7\u00e3o do edital referente ao Concurso P\u00fablico que visa a contrata\u00e7\u00e3o de servidor efetivo para o cargo de Contador. A decis\u00e3o ocorreu em sede de an\u00e1lise de processo de Tomada de Contas Extraordin\u00e1ria instaurado pelo Tribunal de Contas [&hellip;]<\/p>\n","protected":false},"author":1,"featured_media":18463,"comment_status":"open","ping_status":"open","sticky":false,"template":"","format":"standard","meta":{"_monsterinsights_skip_tracking":false,"_monsterinsights_sitenote_active":false,"_monsterinsights_sitenote_note":"","_monsterinsights_sitenote_category":0,"footnotes":""},"categories":[7],"tags":[122,13,220,268,88,39,201],"class_list":["post-18456","post","type-post","status-publish","format-standard","has-post-thumbnail","hentry","category-todas-as-noticias","tag-concurso-publico","tag-mpc-pr","tag-prejulgado-no-6","tag-rio-branco-do-ivai","tag-segunda-camara","tag-tce-pr","tag-tomada-de-contas-extraordinaria","entry","has-media"],"yoast_head":"<!-- This site is optimized with the Yoast SEO plugin v27.3 - https:\/\/yoast.com\/product\/yoast-seo-wordpress\/ -->\n<title>C\u00e2mara de Rio Branco do Iva\u00ed deve promover concurso para contrata\u00e7\u00e3o de contador - Minist\u00e9rio P\u00fablico de Contas do Estado do Paran\u00e1<\/title>\n<meta name=\"robots\" content=\"index, follow, max-snippet:-1, max-image-preview:large, max-video-preview:-1\" \/>\n<link rel=\"canonical\" href=\"https:\/\/www.mpc.pr.gov.br\/index.php\/camara-de-rio-branco-do-ivai-deve-promover-concurso-para-contratacao-de-contador\/\" \/>\n<meta property=\"og:locale\" content=\"pt_BR\" \/>\n<meta property=\"og:type\" content=\"article\" \/>\n<meta property=\"og:title\" content=\"C\u00e2mara de Rio Branco do Iva\u00ed deve promover concurso para contrata\u00e7\u00e3o de contador - Minist\u00e9rio P\u00fablico de Contas do Estado do Paran\u00e1\" \/>\n<meta property=\"og:description\" content=\"No prazo de 90 dias, a C\u00e2mara Municipal de Rio Branco do Iva\u00ed deve comprovar a efetiva publica\u00e7\u00e3o do edital referente ao Concurso P\u00fablico que visa a contrata\u00e7\u00e3o de servidor efetivo para o cargo de Contador. A decis\u00e3o ocorreu em sede de an\u00e1lise de processo de Tomada de Contas Extraordin\u00e1ria instaurado pelo Tribunal de Contas [&hellip;]\" \/>\n<meta property=\"og:url\" content=\"https:\/\/www.mpc.pr.gov.br\/index.php\/camara-de-rio-branco-do-ivai-deve-promover-concurso-para-contratacao-de-contador\/\" \/>\n<meta property=\"og:site_name\" content=\"Minist\u00e9rio P\u00fablico de Contas do Estado do Paran\u00e1\" \/>\n<meta property=\"article:publisher\" content=\"https:\/\/www.facebook.com\/mpc.pr\" \/>\n<meta property=\"article:published_time\" content=\"2024-02-27T13:18:16+00:00\" \/>\n<meta property=\"article:modified_time\" content=\"2024-03-14T16:43:17+00:00\" \/>\n<meta property=\"og:image\" content=\"https:\/\/www.mpc.pr.gov.br\/wp-content\/uploads\/2024\/02\/RIO-BRANCO-DO-IVAI.jpg\" \/>\n\t<meta property=\"og:image:width\" content=\"1024\" \/>\n\t<meta property=\"og:image:height\" content=\"576\" \/>\n\t<meta property=\"og:image:type\" content=\"image\/jpeg\" \/>\n<meta name=\"author\" content=\"mpcontaspr\" \/>\n<meta name=\"twitter:card\" content=\"summary_large_image\" \/>\n<meta name=\"twitter:label1\" content=\"Escrito por\" \/>\n\t<meta name=\"twitter:data1\" content=\"mpcontaspr\" \/>\n\t<meta name=\"twitter:label2\" content=\"Est. tempo de leitura\" \/>\n\t<meta name=\"twitter:data2\" content=\"6 minutos\" \/>\n<script type=\"application\/ld+json\" class=\"yoast-schema-graph\">{\"@context\":\"https:\\\/\\\/schema.org\",\"@graph\":[{\"@type\":\"Article\",\"@id\":\"https:\\\/\\\/www.mpc.pr.gov.br\\\/index.php\\\/camara-de-rio-branco-do-ivai-deve-promover-concurso-para-contratacao-de-contador\\\/#article\",\"isPartOf\":{\"@id\":\"https:\\\/\\\/www.mpc.pr.gov.br\\\/index.php\\\/camara-de-rio-branco-do-ivai-deve-promover-concurso-para-contratacao-de-contador\\\/\"},\"author\":{\"name\":\"mpcontaspr\",\"@id\":\"https:\\\/\\\/www.mpc.pr.gov.br\\\/#\\\/schema\\\/person\\\/2d83cb8980538d0ec174e8a6284f5e11\"},\"headline\":\"C\u00e2mara de Rio Branco do Iva\u00ed deve promover concurso para contrata\u00e7\u00e3o de contador\",\"datePublished\":\"2024-02-27T13:18:16+00:00\",\"dateModified\":\"2024-03-14T16:43:17+00:00\",\"mainEntityOfPage\":{\"@id\":\"https:\\\/\\\/www.mpc.pr.gov.br\\\/index.php\\\/camara-de-rio-branco-do-ivai-deve-promover-concurso-para-contratacao-de-contador\\\/\"},\"wordCount\":1139,\"commentCount\":0,\"publisher\":{\"@id\":\"https:\\\/\\\/www.mpc.pr.gov.br\\\/#organization\"},\"image\":{\"@id\":\"https:\\\/\\\/www.mpc.pr.gov.br\\\/index.php\\\/camara-de-rio-branco-do-ivai-deve-promover-concurso-para-contratacao-de-contador\\\/#primaryimage\"},\"thumbnailUrl\":\"https:\\\/\\\/www.mpc.pr.gov.br\\\/wp-content\\\/uploads\\\/2024\\\/02\\\/RIO-BRANCO-DO-IVAI.jpg\",\"keywords\":[\"Concurso P\u00fablico\",\"MPC-PR\",\"Prejulgado n\u00ba 6\",\"Rio Branco do Iva\u00ed\",\"Segunda C\u00e2mara\",\"TCE-PR\",\"Tomada de Contas Extraordin\u00e1ria\"],\"articleSection\":[\"Todas as not\u00edcias\"],\"inLanguage\":\"pt-BR\",\"potentialAction\":[{\"@type\":\"CommentAction\",\"name\":\"Comment\",\"target\":[\"https:\\\/\\\/www.mpc.pr.gov.br\\\/index.php\\\/camara-de-rio-branco-do-ivai-deve-promover-concurso-para-contratacao-de-contador\\\/#respond\"]}]},{\"@type\":\"WebPage\",\"@id\":\"https:\\\/\\\/www.mpc.pr.gov.br\\\/index.php\\\/camara-de-rio-branco-do-ivai-deve-promover-concurso-para-contratacao-de-contador\\\/\",\"url\":\"https:\\\/\\\/www.mpc.pr.gov.br\\\/index.php\\\/camara-de-rio-branco-do-ivai-deve-promover-concurso-para-contratacao-de-contador\\\/\",\"name\":\"C\u00e2mara de Rio Branco do Iva\u00ed deve promover concurso para contrata\u00e7\u00e3o de contador - Minist\u00e9rio P\u00fablico de Contas do Estado do Paran\u00e1\",\"isPartOf\":{\"@id\":\"https:\\\/\\\/www.mpc.pr.gov.br\\\/#website\"},\"primaryImageOfPage\":{\"@id\":\"https:\\\/\\\/www.mpc.pr.gov.br\\\/index.php\\\/camara-de-rio-branco-do-ivai-deve-promover-concurso-para-contratacao-de-contador\\\/#primaryimage\"},\"image\":{\"@id\":\"https:\\\/\\\/www.mpc.pr.gov.br\\\/index.php\\\/camara-de-rio-branco-do-ivai-deve-promover-concurso-para-contratacao-de-contador\\\/#primaryimage\"},\"thumbnailUrl\":\"https:\\\/\\\/www.mpc.pr.gov.br\\\/wp-content\\\/uploads\\\/2024\\\/02\\\/RIO-BRANCO-DO-IVAI.jpg\",\"datePublished\":\"2024-02-27T13:18:16+00:00\",\"dateModified\":\"2024-03-14T16:43:17+00:00\",\"breadcrumb\":{\"@id\":\"https:\\\/\\\/www.mpc.pr.gov.br\\\/index.php\\\/camara-de-rio-branco-do-ivai-deve-promover-concurso-para-contratacao-de-contador\\\/#breadcrumb\"},\"inLanguage\":\"pt-BR\",\"potentialAction\":[{\"@type\":\"ReadAction\",\"target\":[\"https:\\\/\\\/www.mpc.pr.gov.br\\\/index.php\\\/camara-de-rio-branco-do-ivai-deve-promover-concurso-para-contratacao-de-contador\\\/\"]}]},{\"@type\":\"ImageObject\",\"inLanguage\":\"pt-BR\",\"@id\":\"https:\\\/\\\/www.mpc.pr.gov.br\\\/index.php\\\/camara-de-rio-branco-do-ivai-deve-promover-concurso-para-contratacao-de-contador\\\/#primaryimage\",\"url\":\"https:\\\/\\\/www.mpc.pr.gov.br\\\/wp-content\\\/uploads\\\/2024\\\/02\\\/RIO-BRANCO-DO-IVAI.jpg\",\"contentUrl\":\"https:\\\/\\\/www.mpc.pr.gov.br\\\/wp-content\\\/uploads\\\/2024\\\/02\\\/RIO-BRANCO-DO-IVAI.jpg\",\"width\":1024,\"height\":576,\"caption\":\"Munic\u00edpio de Rio Branco do Iva\u00ed. Foto: Prefeitura Municipal.\"},{\"@type\":\"BreadcrumbList\",\"@id\":\"https:\\\/\\\/www.mpc.pr.gov.br\\\/index.php\\\/camara-de-rio-branco-do-ivai-deve-promover-concurso-para-contratacao-de-contador\\\/#breadcrumb\",\"itemListElement\":[{\"@type\":\"ListItem\",\"position\":1,\"name\":\"In\u00edcio\",\"item\":\"https:\\\/\\\/www.mpc.pr.gov.br\\\/\"},{\"@type\":\"ListItem\",\"position\":2,\"name\":\"C\u00e2mara de Rio Branco do Iva\u00ed deve promover concurso para contrata\u00e7\u00e3o de contador\"}]},{\"@type\":\"WebSite\",\"@id\":\"https:\\\/\\\/www.mpc.pr.gov.br\\\/#website\",\"url\":\"https:\\\/\\\/www.mpc.pr.gov.br\\\/\",\"name\":\"Minist\u00e9rio P\u00fablico de Contas do Estado do Paran\u00e1\",\"description\":\"\",\"publisher\":{\"@id\":\"https:\\\/\\\/www.mpc.pr.gov.br\\\/#organization\"},\"potentialAction\":[{\"@type\":\"SearchAction\",\"target\":{\"@type\":\"EntryPoint\",\"urlTemplate\":\"https:\\\/\\\/www.mpc.pr.gov.br\\\/?s={search_term_string}\"},\"query-input\":{\"@type\":\"PropertyValueSpecification\",\"valueRequired\":true,\"valueName\":\"search_term_string\"}}],\"inLanguage\":\"pt-BR\"},{\"@type\":\"Organization\",\"@id\":\"https:\\\/\\\/www.mpc.pr.gov.br\\\/#organization\",\"name\":\"Minist\u00e9rio P\u00fablico de Contas do Estado do Paran\u00e1\",\"url\":\"https:\\\/\\\/www.mpc.pr.gov.br\\\/\",\"logo\":{\"@type\":\"ImageObject\",\"inLanguage\":\"pt-BR\",\"@id\":\"https:\\\/\\\/www.mpc.pr.gov.br\\\/#\\\/schema\\\/logo\\\/image\\\/\",\"url\":\"https:\\\/\\\/www.mpc.pr.gov.br\\\/wp-content\\\/uploads\\\/2020\\\/06\\\/99423647_1593460364143890_6706793420720963584_n-1-e1591387983167.png\",\"contentUrl\":\"https:\\\/\\\/www.mpc.pr.gov.br\\\/wp-content\\\/uploads\\\/2020\\\/06\\\/99423647_1593460364143890_6706793420720963584_n-1-e1591387983167.png\",\"width\":243,\"height\":73,\"caption\":\"Minist\u00e9rio P\u00fablico de Contas do Estado do Paran\u00e1\"},\"image\":{\"@id\":\"https:\\\/\\\/www.mpc.pr.gov.br\\\/#\\\/schema\\\/logo\\\/image\\\/\"},\"sameAs\":[\"https:\\\/\\\/www.facebook.com\\\/mpc.pr\",\"https:\\\/\\\/www.instagram.com\\\/mpc.pr\\\/?hl=pt-br\",\"https:\\\/\\\/www.youtube.com\\\/channel\\\/UCHri5oEM8DV0ztX57E0sBSw\"]},{\"@type\":\"Person\",\"@id\":\"https:\\\/\\\/www.mpc.pr.gov.br\\\/#\\\/schema\\\/person\\\/2d83cb8980538d0ec174e8a6284f5e11\",\"name\":\"mpcontaspr\",\"image\":{\"@type\":\"ImageObject\",\"inLanguage\":\"pt-BR\",\"@id\":\"https:\\\/\\\/secure.gravatar.com\\\/avatar\\\/1aef51541db7622e05fd639336c9c9f312c2a618396e2b6ca96846362fc5403f?s=96&d=mm&r=g\",\"url\":\"https:\\\/\\\/secure.gravatar.com\\\/avatar\\\/1aef51541db7622e05fd639336c9c9f312c2a618396e2b6ca96846362fc5403f?s=96&d=mm&r=g\",\"contentUrl\":\"https:\\\/\\\/secure.gravatar.com\\\/avatar\\\/1aef51541db7622e05fd639336c9c9f312c2a618396e2b6ca96846362fc5403f?s=96&d=mm&r=g\",\"caption\":\"mpcontaspr\"},\"sameAs\":[\"http:\\\/\\\/www.mpc.pr.gov.br\"]}]}<\/script>\n<!-- \/ Yoast SEO plugin. -->","yoast_head_json":{"title":"C\u00e2mara de Rio Branco do Iva\u00ed deve promover concurso para contrata\u00e7\u00e3o de contador - Minist\u00e9rio P\u00fablico de Contas do Estado do Paran\u00e1","robots":{"index":"index","follow":"follow","max-snippet":"max-snippet:-1","max-image-preview":"max-image-preview:large","max-video-preview":"max-video-preview:-1"},"canonical":"https:\/\/www.mpc.pr.gov.br\/index.php\/camara-de-rio-branco-do-ivai-deve-promover-concurso-para-contratacao-de-contador\/","og_locale":"pt_BR","og_type":"article","og_title":"C\u00e2mara de Rio Branco do Iva\u00ed deve promover concurso para contrata\u00e7\u00e3o de contador - Minist\u00e9rio P\u00fablico de Contas do Estado do Paran\u00e1","og_description":"No prazo de 90 dias, a C\u00e2mara Municipal de Rio Branco do Iva\u00ed deve comprovar a efetiva publica\u00e7\u00e3o do edital referente ao Concurso P\u00fablico que visa a contrata\u00e7\u00e3o de servidor efetivo para o cargo de Contador. A decis\u00e3o ocorreu em sede de an\u00e1lise de processo de Tomada de Contas Extraordin\u00e1ria instaurado pelo Tribunal de Contas [&hellip;]","og_url":"https:\/\/www.mpc.pr.gov.br\/index.php\/camara-de-rio-branco-do-ivai-deve-promover-concurso-para-contratacao-de-contador\/","og_site_name":"Minist\u00e9rio P\u00fablico de Contas do Estado do Paran\u00e1","article_publisher":"https:\/\/www.facebook.com\/mpc.pr","article_published_time":"2024-02-27T13:18:16+00:00","article_modified_time":"2024-03-14T16:43:17+00:00","og_image":[{"width":1024,"height":576,"url":"https:\/\/www.mpc.pr.gov.br\/wp-content\/uploads\/2024\/02\/RIO-BRANCO-DO-IVAI.jpg","type":"image\/jpeg"}],"author":"mpcontaspr","twitter_card":"summary_large_image","twitter_misc":{"Escrito por":"mpcontaspr","Est. tempo de leitura":"6 minutos"},"schema":{"@context":"https:\/\/schema.org","@graph":[{"@type":"Article","@id":"https:\/\/www.mpc.pr.gov.br\/index.php\/camara-de-rio-branco-do-ivai-deve-promover-concurso-para-contratacao-de-contador\/#article","isPartOf":{"@id":"https:\/\/www.mpc.pr.gov.br\/index.php\/camara-de-rio-branco-do-ivai-deve-promover-concurso-para-contratacao-de-contador\/"},"author":{"name":"mpcontaspr","@id":"https:\/\/www.mpc.pr.gov.br\/#\/schema\/person\/2d83cb8980538d0ec174e8a6284f5e11"},"headline":"C\u00e2mara de Rio Branco do Iva\u00ed deve promover concurso para contrata\u00e7\u00e3o de contador","datePublished":"2024-02-27T13:18:16+00:00","dateModified":"2024-03-14T16:43:17+00:00","mainEntityOfPage":{"@id":"https:\/\/www.mpc.pr.gov.br\/index.php\/camara-de-rio-branco-do-ivai-deve-promover-concurso-para-contratacao-de-contador\/"},"wordCount":1139,"commentCount":0,"publisher":{"@id":"https:\/\/www.mpc.pr.gov.br\/#organization"},"image":{"@id":"https:\/\/www.mpc.pr.gov.br\/index.php\/camara-de-rio-branco-do-ivai-deve-promover-concurso-para-contratacao-de-contador\/#primaryimage"},"thumbnailUrl":"https:\/\/www.mpc.pr.gov.br\/wp-content\/uploads\/2024\/02\/RIO-BRANCO-DO-IVAI.jpg","keywords":["Concurso P\u00fablico","MPC-PR","Prejulgado n\u00ba 6","Rio Branco do Iva\u00ed","Segunda C\u00e2mara","TCE-PR","Tomada de Contas Extraordin\u00e1ria"],"articleSection":["Todas as not\u00edcias"],"inLanguage":"pt-BR","potentialAction":[{"@type":"CommentAction","name":"Comment","target":["https:\/\/www.mpc.pr.gov.br\/index.php\/camara-de-rio-branco-do-ivai-deve-promover-concurso-para-contratacao-de-contador\/#respond"]}]},{"@type":"WebPage","@id":"https:\/\/www.mpc.pr.gov.br\/index.php\/camara-de-rio-branco-do-ivai-deve-promover-concurso-para-contratacao-de-contador\/","url":"https:\/\/www.mpc.pr.gov.br\/index.php\/camara-de-rio-branco-do-ivai-deve-promover-concurso-para-contratacao-de-contador\/","name":"C\u00e2mara de Rio Branco do Iva\u00ed deve promover concurso para contrata\u00e7\u00e3o de contador - Minist\u00e9rio P\u00fablico de Contas do Estado do Paran\u00e1","isPartOf":{"@id":"https:\/\/www.mpc.pr.gov.br\/#website"},"primaryImageOfPage":{"@id":"https:\/\/www.mpc.pr.gov.br\/index.php\/camara-de-rio-branco-do-ivai-deve-promover-concurso-para-contratacao-de-contador\/#primaryimage"},"image":{"@id":"https:\/\/www.mpc.pr.gov.br\/index.php\/camara-de-rio-branco-do-ivai-deve-promover-concurso-para-contratacao-de-contador\/#primaryimage"},"thumbnailUrl":"https:\/\/www.mpc.pr.gov.br\/wp-content\/uploads\/2024\/02\/RIO-BRANCO-DO-IVAI.jpg","datePublished":"2024-02-27T13:18:16+00:00","dateModified":"2024-03-14T16:43:17+00:00","breadcrumb":{"@id":"https:\/\/www.mpc.pr.gov.br\/index.php\/camara-de-rio-branco-do-ivai-deve-promover-concurso-para-contratacao-de-contador\/#breadcrumb"},"inLanguage":"pt-BR","potentialAction":[{"@type":"ReadAction","target":["https:\/\/www.mpc.pr.gov.br\/index.php\/camara-de-rio-branco-do-ivai-deve-promover-concurso-para-contratacao-de-contador\/"]}]},{"@type":"ImageObject","inLanguage":"pt-BR","@id":"https:\/\/www.mpc.pr.gov.br\/index.php\/camara-de-rio-branco-do-ivai-deve-promover-concurso-para-contratacao-de-contador\/#primaryimage","url":"https:\/\/www.mpc.pr.gov.br\/wp-content\/uploads\/2024\/02\/RIO-BRANCO-DO-IVAI.jpg","contentUrl":"https:\/\/www.mpc.pr.gov.br\/wp-content\/uploads\/2024\/02\/RIO-BRANCO-DO-IVAI.jpg","width":1024,"height":576,"caption":"Munic\u00edpio de Rio Branco do Iva\u00ed. Foto: Prefeitura Municipal."},{"@type":"BreadcrumbList","@id":"https:\/\/www.mpc.pr.gov.br\/index.php\/camara-de-rio-branco-do-ivai-deve-promover-concurso-para-contratacao-de-contador\/#breadcrumb","itemListElement":[{"@type":"ListItem","position":1,"name":"In\u00edcio","item":"https:\/\/www.mpc.pr.gov.br\/"},{"@type":"ListItem","position":2,"name":"C\u00e2mara de Rio Branco do Iva\u00ed deve promover concurso para contrata\u00e7\u00e3o de contador"}]},{"@type":"WebSite","@id":"https:\/\/www.mpc.pr.gov.br\/#website","url":"https:\/\/www.mpc.pr.gov.br\/","name":"Minist\u00e9rio P\u00fablico de Contas do Estado do Paran\u00e1","description":"","publisher":{"@id":"https:\/\/www.mpc.pr.gov.br\/#organization"},"potentialAction":[{"@type":"SearchAction","target":{"@type":"EntryPoint","urlTemplate":"https:\/\/www.mpc.pr.gov.br\/?s={search_term_string}"},"query-input":{"@type":"PropertyValueSpecification","valueRequired":true,"valueName":"search_term_string"}}],"inLanguage":"pt-BR"},{"@type":"Organization","@id":"https:\/\/www.mpc.pr.gov.br\/#organization","name":"Minist\u00e9rio P\u00fablico de Contas do Estado do Paran\u00e1","url":"https:\/\/www.mpc.pr.gov.br\/","logo":{"@type":"ImageObject","inLanguage":"pt-BR","@id":"https:\/\/www.mpc.pr.gov.br\/#\/schema\/logo\/image\/","url":"https:\/\/www.mpc.pr.gov.br\/wp-content\/uploads\/2020\/06\/99423647_1593460364143890_6706793420720963584_n-1-e1591387983167.png","contentUrl":"https:\/\/www.mpc.pr.gov.br\/wp-content\/uploads\/2020\/06\/99423647_1593460364143890_6706793420720963584_n-1-e1591387983167.png","width":243,"height":73,"caption":"Minist\u00e9rio P\u00fablico de Contas do Estado do Paran\u00e1"},"image":{"@id":"https:\/\/www.mpc.pr.gov.br\/#\/schema\/logo\/image\/"},"sameAs":["https:\/\/www.facebook.com\/mpc.pr","https:\/\/www.instagram.com\/mpc.pr\/?hl=pt-br","https:\/\/www.youtube.com\/channel\/UCHri5oEM8DV0ztX57E0sBSw"]},{"@type":"Person","@id":"https:\/\/www.mpc.pr.gov.br\/#\/schema\/person\/2d83cb8980538d0ec174e8a6284f5e11","name":"mpcontaspr","image":{"@type":"ImageObject","inLanguage":"pt-BR","@id":"https:\/\/secure.gravatar.com\/avatar\/1aef51541db7622e05fd639336c9c9f312c2a618396e2b6ca96846362fc5403f?s=96&d=mm&r=g","url":"https:\/\/secure.gravatar.com\/avatar\/1aef51541db7622e05fd639336c9c9f312c2a618396e2b6ca96846362fc5403f?s=96&d=mm&r=g","contentUrl":"https:\/\/secure.gravatar.com\/avatar\/1aef51541db7622e05fd639336c9c9f312c2a618396e2b6ca96846362fc5403f?s=96&d=mm&r=g","caption":"mpcontaspr"},"sameAs":["http:\/\/www.mpc.pr.gov.br"]}]}},"rttpg_featured_image_url":{"full":["https:\/\/www.mpc.pr.gov.br\/wp-content\/uploads\/2024\/02\/RIO-BRANCO-DO-IVAI.jpg",1024,576,false],"landscape":["https:\/\/www.mpc.pr.gov.br\/wp-content\/uploads\/2024\/02\/RIO-BRANCO-DO-IVAI.jpg",1024,576,false],"portraits":["https:\/\/www.mpc.pr.gov.br\/wp-content\/uploads\/2024\/02\/RIO-BRANCO-DO-IVAI.jpg",1024,576,false],"thumbnail":["https:\/\/www.mpc.pr.gov.br\/wp-content\/uploads\/2024\/02\/RIO-BRANCO-DO-IVAI-150x150.jpg",150,150,true],"medium":["https:\/\/www.mpc.pr.gov.br\/wp-content\/uploads\/2024\/02\/RIO-BRANCO-DO-IVAI-300x169.jpg",300,169,true],"large":["https:\/\/www.mpc.pr.gov.br\/wp-content\/uploads\/2024\/02\/RIO-BRANCO-DO-IVAI.jpg",1024,576,false],"1536x1536":["https:\/\/www.mpc.pr.gov.br\/wp-content\/uploads\/2024\/02\/RIO-BRANCO-DO-IVAI.jpg",1024,576,false],"2048x2048":["https:\/\/www.mpc.pr.gov.br\/wp-content\/uploads\/2024\/02\/RIO-BRANCO-DO-IVAI.jpg",1024,576,false],"ocean-thumb-m":["https:\/\/www.mpc.pr.gov.br\/wp-content\/uploads\/2024\/02\/RIO-BRANCO-DO-IVAI-600x576.jpg",600,576,true],"ocean-thumb-ml":["https:\/\/www.mpc.pr.gov.br\/wp-content\/uploads\/2024\/02\/RIO-BRANCO-DO-IVAI-800x450.jpg",800,450,true],"ocean-thumb-l":["https:\/\/www.mpc.pr.gov.br\/wp-content\/uploads\/2024\/02\/RIO-BRANCO-DO-IVAI.jpg",1024,576,false]},"rttpg_author":{"display_name":"mpcontaspr","author_link":"https:\/\/www.mpc.pr.gov.br\/index.php\/author\/mpcontaspr\/"},"rttpg_comment":0,"rttpg_category":"<a href=\"https:\/\/www.mpc.pr.gov.br\/index.php\/category\/todas-as-noticias\/\" rel=\"category tag\">Todas as not\u00edcias<\/a>","rttpg_excerpt":"No prazo de 90 dias, a C\u00e2mara Municipal de Rio Branco do Iva\u00ed deve comprovar a efetiva publica\u00e7\u00e3o do edital referente ao Concurso P\u00fablico que visa a contrata\u00e7\u00e3o de servidor efetivo para o cargo de Contador. A decis\u00e3o ocorreu em sede de an\u00e1lise de processo de Tomada de Contas Extraordin\u00e1ria instaurado pelo Tribunal de Contas&hellip;","_links":{"self":[{"href":"https:\/\/www.mpc.pr.gov.br\/index.php\/wp-json\/wp\/v2\/posts\/18456","targetHints":{"allow":["GET"]}}],"collection":[{"href":"https:\/\/www.mpc.pr.gov.br\/index.php\/wp-json\/wp\/v2\/posts"}],"about":[{"href":"https:\/\/www.mpc.pr.gov.br\/index.php\/wp-json\/wp\/v2\/types\/post"}],"author":[{"embeddable":true,"href":"https:\/\/www.mpc.pr.gov.br\/index.php\/wp-json\/wp\/v2\/users\/1"}],"replies":[{"embeddable":true,"href":"https:\/\/www.mpc.pr.gov.br\/index.php\/wp-json\/wp\/v2\/comments?post=18456"}],"version-history":[{"count":3,"href":"https:\/\/www.mpc.pr.gov.br\/index.php\/wp-json\/wp\/v2\/posts\/18456\/revisions"}],"predecessor-version":[{"id":18468,"href":"https:\/\/www.mpc.pr.gov.br\/index.php\/wp-json\/wp\/v2\/posts\/18456\/revisions\/18468"}],"wp:featuredmedia":[{"embeddable":true,"href":"https:\/\/www.mpc.pr.gov.br\/index.php\/wp-json\/wp\/v2\/media\/18463"}],"wp:attachment":[{"href":"https:\/\/www.mpc.pr.gov.br\/index.php\/wp-json\/wp\/v2\/media?parent=18456"}],"wp:term":[{"taxonomy":"category","embeddable":true,"href":"https:\/\/www.mpc.pr.gov.br\/index.php\/wp-json\/wp\/v2\/categories?post=18456"},{"taxonomy":"post_tag","embeddable":true,"href":"https:\/\/www.mpc.pr.gov.br\/index.php\/wp-json\/wp\/v2\/tags?post=18456"}],"curies":[{"name":"wp","href":"https:\/\/api.w.org\/{rel}","templated":true}]}}