{"id":18658,"date":"2024-03-05T10:27:15","date_gmt":"2024-03-05T13:27:15","guid":{"rendered":"https:\/\/www.mpc.pr.gov.br\/?p=18658"},"modified":"2024-03-22T10:55:31","modified_gmt":"2024-03-22T13:55:31","slug":"e-vedada-a-contratacao-temporaria-de-agentes-comunitarios-de-saude-exceto-em-casos-de-surtos-endemicos","status":"publish","type":"post","link":"https:\/\/www.mpc.pr.gov.br\/index.php\/e-vedada-a-contratacao-temporaria-de-agentes-comunitarios-de-saude-exceto-em-casos-de-surtos-endemicos\/","title":{"rendered":"\u00c9 vedada a contrata\u00e7\u00e3o tempor\u00e1ria de agentes comunit\u00e1rios de sa\u00fade, exceto em casos de surtos end\u00eamicos"},"content":{"rendered":"<figure id=\"attachment_18662\" aria-describedby=\"caption-attachment-18662\" style=\"width: 300px\" class=\"wp-caption alignleft\"><img decoding=\"async\" class=\"size-medium wp-image-18662\" src=\"https:\/\/www.mpc.pr.gov.br\/wp-content\/uploads\/2024\/03\/JAGUARIAIVA-Praca-Getulio-Vargas-300x160.png\" alt=\"\" width=\"300\" height=\"160\" srcset=\"https:\/\/www.mpc.pr.gov.br\/wp-content\/uploads\/2024\/03\/JAGUARIAIVA-Praca-Getulio-Vargas-300x160.png 300w, https:\/\/www.mpc.pr.gov.br\/wp-content\/uploads\/2024\/03\/JAGUARIAIVA-Praca-Getulio-Vargas-768x409.png 768w, https:\/\/www.mpc.pr.gov.br\/wp-content\/uploads\/2024\/03\/JAGUARIAIVA-Praca-Getulio-Vargas.png 842w\" sizes=\"(max-width: 300px) 100vw, 300px\" \/><figcaption id=\"caption-attachment-18662\" class=\"wp-caption-text\">Munic\u00edpio de Jaguaria\u00edva, em destaque a Pra\u00e7a Get\u00falio Vargas. Foto: divulga\u00e7\u00e3o.<\/figcaption><\/figure>\n<p><span data-contrast=\"auto\">Os membros da Segunda C\u00e2mara do Tribunal de Contas do Paran\u00e1 (TCE-PR) votaram pela negativa de registro da admiss\u00e3o de pessoal realizada pelo Munic\u00edpio de Jaguaria\u00edva, a qual tinha por objetivo a contrata\u00e7\u00e3o, por prazo determinado, de agentes comunit\u00e1rios de sa\u00fade para cumprimento do programa nacional de sa\u00fade de fam\u00edlia.\u00a0<\/span><span data-ccp-props=\"{&quot;201341983&quot;:0,&quot;335551550&quot;:6,&quot;335551620&quot;:6,&quot;335559685&quot;:0,&quot;335559740&quot;:360}\">\u00a0<\/span><\/p>\n<p><span data-contrast=\"auto\">O processo de admiss\u00e3o de pessoal \u00e9 referente ao Edital de Teste Seletivo n\u00ba 02\/2018, o qual j\u00e1 havia sido analisado pela Corte de Contas no processo n\u00ba 755950\/18, oportunidade em que foram identificadas irregularidades que levaram os membros do Pleno a decidir pela negativa de registro dos admitidos, de forma que o mesmo entendimento foi mantido vistas \u00e0 an\u00e1lise do novo processo (n\u00ba 141009\/20).<\/span><span data-ccp-props=\"{&quot;134233117&quot;:false,&quot;134233118&quot;:false,&quot;201341983&quot;:0,&quot;335551550&quot;:6,&quot;335551620&quot;:6,&quot;335559685&quot;:0,&quot;335559737&quot;:0,&quot;335559738&quot;:0,&quot;335559739&quot;:160,&quot;335559740&quot;:360}\">\u00a0<\/span><\/p>\n<h4><b><span data-contrast=\"auto\">Entenda o caso<\/span><\/b><span data-ccp-props=\"{&quot;201341983&quot;:0,&quot;335551550&quot;:6,&quot;335551620&quot;:6,&quot;335559685&quot;:0,&quot;335559740&quot;:360}\">\u00a0<\/span><\/h4>\n<p><span data-contrast=\"auto\">Em 2018, o Munic\u00edpio de Jaguaria\u00edva publicou o Edital n\u00ba 02\/2018 para contrata\u00e7\u00e3o de pessoal visando compor o quadro tempor\u00e1rio de agentes comunit\u00e1rios de sa\u00fade, destinado ao Programa Mais M\u00e9dicos. Em manifesta\u00e7\u00e3o conclusiva, o Minist\u00e9rio P\u00fablico de Contas do Paran\u00e1 (MPC-PR), conforme <a href=\"https:\/\/www.mpc.pr.gov.br\/wp-content\/uploads\/2024\/03\/JAGUARIAIVA-proc-755-2020_4PC_PAR_283.pdf\">Parecer n\u00ba 283\/20<\/a>, destacou que desde o in\u00edcio de sua elabora\u00e7\u00e3o o referido processo seletivo encontrava-se em desconformidade com a legisla\u00e7\u00e3o vigente. Isto porque, conforme preconiza a <a href=\"https:\/\/www.planalto.gov.br\/ccivil_03\/_ato2004-2006\/2006\/lei\/l11350.htm\">Lei Federal n\u00ba 11.350\/06<\/a>, \u00e9 vedada a contrata\u00e7\u00e3o tempor\u00e1ria de agentes comunit\u00e1rios de sa\u00fade, exceto nos casos de surtos end\u00eamicos, realidade que n\u00e3o se verificava em Jaguaria\u00edva na \u00e9poca dos fatos.\u00a0<\/span><span data-ccp-props=\"{&quot;134233117&quot;:false,&quot;134233118&quot;:false,&quot;201341983&quot;:0,&quot;335551550&quot;:6,&quot;335551620&quot;:6,&quot;335559685&quot;:0,&quot;335559737&quot;:0,&quot;335559738&quot;:0,&quot;335559739&quot;:160,&quot;335559740&quot;:360}\">\u00a0<\/span><\/p>\n<p><span data-contrast=\"auto\">Logo, por n\u00e3o ter sido comprovado nos autos a situa\u00e7\u00e3o de surto end\u00eamico e, consequentemente, por ofensa \u00e0 legisla\u00e7\u00e3o vigente, o Munic\u00edpio n\u00e3o poderia contratar agentes em car\u00e1ter tempor\u00e1rio. Ainda, conforme justificativa apresentada nos autos pelo ent\u00e3o Prefeito Jos\u00e9 Sloboda, as contrata\u00e7\u00f5es visavam fortalecer os servi\u00e7os essenciais de sa\u00fade.\u00a0<\/span><span data-ccp-props=\"{&quot;134233117&quot;:false,&quot;134233118&quot;:false,&quot;201341983&quot;:0,&quot;335551550&quot;:6,&quot;335551620&quot;:6,&quot;335559685&quot;:0,&quot;335559737&quot;:0,&quot;335559738&quot;:0,&quot;335559739&quot;:160,&quot;335559740&quot;:360}\">\u00a0<\/span><\/p>\n<p><span data-contrast=\"auto\">Por este motivo, o MPC-PR opinou pela negativa de registro das contrata\u00e7\u00f5es, com aplica\u00e7\u00e3o <\/span><span data-contrast=\"auto\">da multa prevista no art. 87, IV, g, da Lei Org\u00e2nica do TCE-PR ao Prefeito Jos\u00e9 Sloboda para cada ato de admiss\u00e3o irregular. N\u00e3o obstante, a o \u00f3rg\u00e3o ministerial entendeu que a responsabilidade sancionat\u00f3ria deveria ser solidariamente imputada aos subscritores do Decreto n\u00ba 336\/2018 que nomeou a Comiss\u00e3o Permanente do Teste Seletivo Simplificado, sendo: o Secret\u00e1rio Municipal de Administra\u00e7\u00e3o de Recursos Humanos, o Secret\u00e1rio de Finan\u00e7as e a Procuradora-Geral do Munic\u00edpio, esta \u00faltima por ter incorrido em erro grosseiro ao chancelar contrata\u00e7\u00f5es em evidente infra\u00e7\u00e3o \u00e0 Lei.<\/span><span data-ccp-props=\"{&quot;134233117&quot;:false,&quot;134233118&quot;:false,&quot;201341983&quot;:0,&quot;335551550&quot;:6,&quot;335551620&quot;:6,&quot;335559685&quot;:0,&quot;335559737&quot;:0,&quot;335559738&quot;:0,&quot;335559739&quot;:160,&quot;335559740&quot;:360}\">\u00a0<\/span><\/p>\n<p><span data-contrast=\"auto\">Em sede de julgamento pela Primeira C\u00e2mara do TCE-PR (<a href=\"https:\/\/www.mpc.pr.gov.br\/wp-content\/uploads\/2024\/03\/JAGUARIAIVA-proc-755-2020_S1C_ACO_1528.pdf\">Ac\u00f3rd\u00e3o n\u00ba 1528\/20<\/a>), os membros votaram, inicialmente, pelo registro das admiss\u00f5es e expedi\u00e7\u00e3o de determina\u00e7\u00e3o ao Munic\u00edpio. Por\u00e9m, ap\u00f3s an\u00e1lise de Recurso de Revista interposto pelo MPC-PR, o julgamento do feito foi convertido em negativa de registro (<a href=\"https:\/\/www.mpc.pr.gov.br\/wp-content\/uploads\/2024\/03\/JAGUARIAIVA-proc-755-ACO-1015_21-STP-recurso.pdf\">Ac\u00f3rd\u00e3o n\u00ba 1015\/21<\/a>), visto a evidente viola\u00e7\u00e3o das Leis vigentes, sem preju\u00edzo da aplica\u00e7\u00e3o da multa sugerida pelo \u00f3rg\u00e3o ministerial ao ex-Prefeito Jos\u00e9 Sloboda, al\u00e9m da expedi\u00e7\u00e3o de determina\u00e7\u00e3o e abertura de Tomada de Contas Extraordin\u00e1ria para apura\u00e7\u00e3o de poss\u00edveis pr\u00e1ticas de atos ilegais, com a consequente responsabiliza\u00e7\u00e3o dos agentes p\u00fablicos ent\u00e3o citados pelo Parquet.<\/span><span data-ccp-props=\"{&quot;134233117&quot;:false,&quot;134233118&quot;:false,&quot;201341983&quot;:0,&quot;335551550&quot;:6,&quot;335551620&quot;:6,&quot;335559685&quot;:0,&quot;335559737&quot;:0,&quot;335559738&quot;:0,&quot;335559739&quot;:160,&quot;335559740&quot;:360}\">\u00a0<\/span><\/p>\n<h4><b><span data-contrast=\"auto\">Nova admiss\u00e3o<\/span><\/b><span data-ccp-props=\"{&quot;134233117&quot;:false,&quot;134233118&quot;:false,&quot;201341983&quot;:0,&quot;335551550&quot;:6,&quot;335551620&quot;:6,&quot;335559685&quot;:0,&quot;335559737&quot;:0,&quot;335559738&quot;:0,&quot;335559739&quot;:160,&quot;335559740&quot;:360}\">\u00a0<\/span><\/h4>\n<p><span data-contrast=\"auto\">N\u00e3o obstante, nova admiss\u00e3o foi promovida pelo Munic\u00edpio de Jaguaria\u00edva, decorrente do mesmo Edital de Teste Seletivo n\u00ba 02\/2018, originando um novo processo a ser analisado pelas C\u00e2maras do TCE-PR (n\u00ba 141009\/20).<\/span><span data-ccp-props=\"{&quot;134233117&quot;:false,&quot;134233118&quot;:false,&quot;201341983&quot;:0,&quot;335551550&quot;:6,&quot;335551620&quot;:6,&quot;335559685&quot;:0,&quot;335559737&quot;:0,&quot;335559738&quot;:0,&quot;335559739&quot;:160,&quot;335559740&quot;:360}\">\u00a0<\/span><\/p>\n<p><span data-contrast=\"auto\">Durante a instru\u00e7\u00e3o do processo, a Coordenadoria de Gest\u00e3o Municipal (CGM), conforme Instru\u00e7\u00e3o n\u00ba 4630\/23, considerando a irregularidade do processo inicial e, embora tenha se verificado que o Munic\u00edpio promoveu a rescis\u00e3o do contrato de trabalho do interessado, manteve seu opinativo pela negativa de registro do novo ato de admiss\u00e3o.\u00a0 <\/span><span data-contrast=\"auto\">O Minist\u00e9rio P\u00fablico de Contas, por meio do <a href=\"https:\/\/www.mpc.pr.gov.br\/wp-content\/uploads\/2024\/03\/JAGUARIAIVA-proc-141-PAR-1008_23-4PC.pdf\">Parecer n\u00ba 1008\/23<\/a>, pronunciou-se no mesmo sentido.<\/span><span data-ccp-props=\"{&quot;134233117&quot;:false,&quot;134233118&quot;:false,&quot;201341983&quot;:0,&quot;335551550&quot;:6,&quot;335551620&quot;:6,&quot;335559685&quot;:0,&quot;335559737&quot;:0,&quot;335559738&quot;:0,&quot;335559739&quot;:160,&quot;335559740&quot;:360}\">\u00a0<\/span><\/p>\n<h4><b><span data-contrast=\"auto\">Julgamento<\/span><\/b><span data-ccp-props=\"{&quot;134233117&quot;:false,&quot;134233118&quot;:false,&quot;201341983&quot;:0,&quot;335551550&quot;:6,&quot;335551620&quot;:6,&quot;335559685&quot;:0,&quot;335559737&quot;:0,&quot;335559738&quot;:0,&quot;335559739&quot;:160,&quot;335559740&quot;:360}\">\u00a0<\/span><\/h4>\n<p><span data-contrast=\"auto\">Considerando que se trata de an\u00e1lise de admiss\u00e3o complementar aos autos de origem n\u00ba 755950\/18, no qual prevaleceu o entendimento pela ilegalidade das admiss\u00f5es iniciais na forma tempor\u00e1ria, em desacordo com a Lei n\u00ba 11.350\/2016, com a consequente negativa de registro, o Auditor Tiago Alvarez Pedroso acompanhou os opinativos da CGM e do MPC-PR pela negativa de registro da nova admiss\u00e3o advinda do Edital de Teste Seletivo n\u00ba 02\/2018.<\/span><span data-ccp-props=\"{&quot;134233117&quot;:false,&quot;134233118&quot;:false,&quot;201341983&quot;:0,&quot;335551550&quot;:6,&quot;335551620&quot;:6,&quot;335559685&quot;:0,&quot;335559737&quot;:0,&quot;335559738&quot;:0,&quot;335559739&quot;:160,&quot;335559740&quot;:360}\">\u00a0<\/span><\/p>\n<p><span data-contrast=\"auto\">Al\u00e9m da decis\u00e3o de m\u00e9rito, conforme fundamenta\u00e7\u00e3o contida no <a href=\"https:\/\/www.mpc.pr.gov.br\/wp-content\/uploads\/2024\/03\/JAGUARIAIVA-proc-141-ACO-155_24-S2C.pdf\">Ac\u00f3rd\u00e3o n\u00ba 155\/24 &#8211; Segunda C\u00e2mara<\/a>, o Relator destacou trecho da decis\u00e3o anterior em que foi determinado ao Munic\u00edpio para que promova concurso p\u00fablico visando o preenchimento dos cargos que demandam necessidade cont\u00ednua\/permanente de agentes de sa\u00fade, por meio de provimento de cargos efetivos.\u00a0<\/span><span data-ccp-props=\"{&quot;134233117&quot;:false,&quot;134233118&quot;:false,&quot;201341983&quot;:0,&quot;335551550&quot;:6,&quot;335551620&quot;:6,&quot;335559685&quot;:0,&quot;335559737&quot;:0,&quot;335559738&quot;:0,&quot;335559739&quot;:160,&quot;335559740&quot;:360}\">\u00a0<\/span><\/p>\n<blockquote><p><span style=\"color: #820007;\"><strong><u>Informa\u00e7\u00e3o para consulta processual<\/u><\/strong><\/span><\/p>\n<table style=\"height: 183px;\" border=\"0\" width=\"478\" cellspacing=\"0\" cellpadding=\"0\">\n<tbody>\n<tr>\n<td><strong>Processo n\u00ba<\/strong>:<\/td>\n<td>141009\/20<\/td>\n<\/tr>\n<tr>\n<td><strong>Ac\u00f3rd\u00e3o n\u00ba<\/strong>:<\/td>\n<td><span class=\"NormalTextRun SCXW188288879 BCX0\">Ac\u00f3rd\u00e3o n\u00b0 155\/24<\/span> &#8211; Segunda C\u00e2mara<\/td>\n<\/tr>\n<tr>\n<td><strong>Assunto<\/strong>:<\/td>\n<td>Admiss\u00e3o de Pessoal<\/td>\n<\/tr>\n<tr>\n<td><strong>Entidade<\/strong>:<\/td>\n<td>Munic\u00edpio de Jaguaria\u00edva<\/td>\n<\/tr>\n<tr>\n<td><strong>Relator<\/strong>:<\/td>\n<td><span class=\"TextRun SCXW255857151 BCX0\" lang=\"PT-BR\" xml:lang=\"PT-BR\" data-contrast=\"auto\"><span class=\"NormalTextRun SCXW255857151 BCX0\">Auditor Tiago Alvarez Pedroso<\/span><\/span><\/td>\n<\/tr>\n<\/tbody>\n<\/table>\n<\/blockquote>\n","protected":false},"excerpt":{"rendered":"<p>Os membros da Segunda C\u00e2mara do Tribunal de Contas do Paran\u00e1 (TCE-PR) votaram pela negativa de registro da admiss\u00e3o de pessoal realizada pelo Munic\u00edpio de Jaguaria\u00edva, a qual tinha por objetivo a contrata\u00e7\u00e3o, por prazo determinado, de agentes comunit\u00e1rios de sa\u00fade para cumprimento do programa nacional de sa\u00fade de fam\u00edlia.\u00a0\u00a0 O processo de admiss\u00e3o de [&hellip;]<\/p>\n","protected":false},"author":1,"featured_media":18662,"comment_status":"open","ping_status":"open","sticky":false,"template":"","format":"standard","meta":{"_monsterinsights_skip_tracking":false,"_monsterinsights_sitenote_active":false,"_monsterinsights_sitenote_note":"","_monsterinsights_sitenote_category":0,"footnotes":""},"categories":[7],"tags":[223,122,267,13,88,39],"class_list":["post-18658","post","type-post","status-publish","format-standard","has-post-thumbnail","hentry","category-todas-as-noticias","tag-admissao-de-pessoal","tag-concurso-publico","tag-jaguariaiva","tag-mpc-pr","tag-segunda-camara","tag-tce-pr","entry","has-media"],"yoast_head":"<!-- This site is optimized with the Yoast SEO plugin v27.3 - https:\/\/yoast.com\/product\/yoast-seo-wordpress\/ -->\n<title>\u00c9 vedada a contrata\u00e7\u00e3o tempor\u00e1ria de agentes comunit\u00e1rios de sa\u00fade, exceto em casos de surtos end\u00eamicos - Minist\u00e9rio P\u00fablico de Contas do Estado do Paran\u00e1<\/title>\n<meta name=\"robots\" content=\"index, follow, max-snippet:-1, max-image-preview:large, max-video-preview:-1\" \/>\n<link rel=\"canonical\" href=\"https:\/\/www.mpc.pr.gov.br\/index.php\/e-vedada-a-contratacao-temporaria-de-agentes-comunitarios-de-saude-exceto-em-casos-de-surtos-endemicos\/\" \/>\n<meta property=\"og:locale\" content=\"pt_BR\" \/>\n<meta property=\"og:type\" content=\"article\" \/>\n<meta property=\"og:title\" content=\"\u00c9 vedada a contrata\u00e7\u00e3o tempor\u00e1ria de agentes comunit\u00e1rios de sa\u00fade, exceto em casos de surtos end\u00eamicos - Minist\u00e9rio P\u00fablico de Contas do Estado do Paran\u00e1\" \/>\n<meta property=\"og:description\" content=\"Os membros da Segunda C\u00e2mara do Tribunal de Contas do Paran\u00e1 (TCE-PR) votaram pela negativa de registro da admiss\u00e3o de pessoal realizada pelo Munic\u00edpio de Jaguaria\u00edva, a qual tinha por objetivo a contrata\u00e7\u00e3o, por prazo determinado, de agentes comunit\u00e1rios de sa\u00fade para cumprimento do programa nacional de sa\u00fade de fam\u00edlia.\u00a0\u00a0 O processo de admiss\u00e3o de [&hellip;]\" \/>\n<meta property=\"og:url\" content=\"https:\/\/www.mpc.pr.gov.br\/index.php\/e-vedada-a-contratacao-temporaria-de-agentes-comunitarios-de-saude-exceto-em-casos-de-surtos-endemicos\/\" \/>\n<meta property=\"og:site_name\" content=\"Minist\u00e9rio P\u00fablico de Contas do Estado do Paran\u00e1\" \/>\n<meta property=\"article:publisher\" content=\"https:\/\/www.facebook.com\/mpc.pr\" \/>\n<meta property=\"article:published_time\" content=\"2024-03-05T13:27:15+00:00\" \/>\n<meta property=\"article:modified_time\" content=\"2024-03-22T13:55:31+00:00\" \/>\n<meta property=\"og:image\" content=\"https:\/\/www.mpc.pr.gov.br\/wp-content\/uploads\/2024\/03\/JAGUARIAIVA-Praca-Getulio-Vargas.png\" \/>\n\t<meta property=\"og:image:width\" content=\"842\" \/>\n\t<meta property=\"og:image:height\" content=\"448\" \/>\n\t<meta property=\"og:image:type\" content=\"image\/png\" \/>\n<meta name=\"author\" content=\"mpcontaspr\" \/>\n<meta name=\"twitter:card\" content=\"summary_large_image\" \/>\n<meta name=\"twitter:label1\" content=\"Escrito por\" \/>\n\t<meta name=\"twitter:data1\" content=\"mpcontaspr\" \/>\n\t<meta name=\"twitter:label2\" content=\"Est. tempo de leitura\" \/>\n\t<meta name=\"twitter:data2\" content=\"5 minutos\" \/>\n<script type=\"application\/ld+json\" class=\"yoast-schema-graph\">{\"@context\":\"https:\\\/\\\/schema.org\",\"@graph\":[{\"@type\":\"Article\",\"@id\":\"https:\\\/\\\/www.mpc.pr.gov.br\\\/index.php\\\/e-vedada-a-contratacao-temporaria-de-agentes-comunitarios-de-saude-exceto-em-casos-de-surtos-endemicos\\\/#article\",\"isPartOf\":{\"@id\":\"https:\\\/\\\/www.mpc.pr.gov.br\\\/index.php\\\/e-vedada-a-contratacao-temporaria-de-agentes-comunitarios-de-saude-exceto-em-casos-de-surtos-endemicos\\\/\"},\"author\":{\"name\":\"mpcontaspr\",\"@id\":\"https:\\\/\\\/www.mpc.pr.gov.br\\\/#\\\/schema\\\/person\\\/2d83cb8980538d0ec174e8a6284f5e11\"},\"headline\":\"\u00c9 vedada a contrata\u00e7\u00e3o tempor\u00e1ria de agentes comunit\u00e1rios de sa\u00fade, exceto em casos de surtos end\u00eamicos\",\"datePublished\":\"2024-03-05T13:27:15+00:00\",\"dateModified\":\"2024-03-22T13:55:31+00:00\",\"mainEntityOfPage\":{\"@id\":\"https:\\\/\\\/www.mpc.pr.gov.br\\\/index.php\\\/e-vedada-a-contratacao-temporaria-de-agentes-comunitarios-de-saude-exceto-em-casos-de-surtos-endemicos\\\/\"},\"wordCount\":861,\"commentCount\":0,\"publisher\":{\"@id\":\"https:\\\/\\\/www.mpc.pr.gov.br\\\/#organization\"},\"image\":{\"@id\":\"https:\\\/\\\/www.mpc.pr.gov.br\\\/index.php\\\/e-vedada-a-contratacao-temporaria-de-agentes-comunitarios-de-saude-exceto-em-casos-de-surtos-endemicos\\\/#primaryimage\"},\"thumbnailUrl\":\"https:\\\/\\\/www.mpc.pr.gov.br\\\/wp-content\\\/uploads\\\/2024\\\/03\\\/JAGUARIAIVA-Praca-Getulio-Vargas.png\",\"keywords\":[\"Admiss\u00e3o de Pessoal\",\"Concurso P\u00fablico\",\"Jaguaria\u00edva\",\"MPC-PR\",\"Segunda C\u00e2mara\",\"TCE-PR\"],\"articleSection\":[\"Todas as not\u00edcias\"],\"inLanguage\":\"pt-BR\",\"potentialAction\":[{\"@type\":\"CommentAction\",\"name\":\"Comment\",\"target\":[\"https:\\\/\\\/www.mpc.pr.gov.br\\\/index.php\\\/e-vedada-a-contratacao-temporaria-de-agentes-comunitarios-de-saude-exceto-em-casos-de-surtos-endemicos\\\/#respond\"]}]},{\"@type\":\"WebPage\",\"@id\":\"https:\\\/\\\/www.mpc.pr.gov.br\\\/index.php\\\/e-vedada-a-contratacao-temporaria-de-agentes-comunitarios-de-saude-exceto-em-casos-de-surtos-endemicos\\\/\",\"url\":\"https:\\\/\\\/www.mpc.pr.gov.br\\\/index.php\\\/e-vedada-a-contratacao-temporaria-de-agentes-comunitarios-de-saude-exceto-em-casos-de-surtos-endemicos\\\/\",\"name\":\"\u00c9 vedada a contrata\u00e7\u00e3o tempor\u00e1ria de agentes comunit\u00e1rios de sa\u00fade, exceto em casos de surtos end\u00eamicos - Minist\u00e9rio P\u00fablico de Contas do Estado do Paran\u00e1\",\"isPartOf\":{\"@id\":\"https:\\\/\\\/www.mpc.pr.gov.br\\\/#website\"},\"primaryImageOfPage\":{\"@id\":\"https:\\\/\\\/www.mpc.pr.gov.br\\\/index.php\\\/e-vedada-a-contratacao-temporaria-de-agentes-comunitarios-de-saude-exceto-em-casos-de-surtos-endemicos\\\/#primaryimage\"},\"image\":{\"@id\":\"https:\\\/\\\/www.mpc.pr.gov.br\\\/index.php\\\/e-vedada-a-contratacao-temporaria-de-agentes-comunitarios-de-saude-exceto-em-casos-de-surtos-endemicos\\\/#primaryimage\"},\"thumbnailUrl\":\"https:\\\/\\\/www.mpc.pr.gov.br\\\/wp-content\\\/uploads\\\/2024\\\/03\\\/JAGUARIAIVA-Praca-Getulio-Vargas.png\",\"datePublished\":\"2024-03-05T13:27:15+00:00\",\"dateModified\":\"2024-03-22T13:55:31+00:00\",\"breadcrumb\":{\"@id\":\"https:\\\/\\\/www.mpc.pr.gov.br\\\/index.php\\\/e-vedada-a-contratacao-temporaria-de-agentes-comunitarios-de-saude-exceto-em-casos-de-surtos-endemicos\\\/#breadcrumb\"},\"inLanguage\":\"pt-BR\",\"potentialAction\":[{\"@type\":\"ReadAction\",\"target\":[\"https:\\\/\\\/www.mpc.pr.gov.br\\\/index.php\\\/e-vedada-a-contratacao-temporaria-de-agentes-comunitarios-de-saude-exceto-em-casos-de-surtos-endemicos\\\/\"]}]},{\"@type\":\"ImageObject\",\"inLanguage\":\"pt-BR\",\"@id\":\"https:\\\/\\\/www.mpc.pr.gov.br\\\/index.php\\\/e-vedada-a-contratacao-temporaria-de-agentes-comunitarios-de-saude-exceto-em-casos-de-surtos-endemicos\\\/#primaryimage\",\"url\":\"https:\\\/\\\/www.mpc.pr.gov.br\\\/wp-content\\\/uploads\\\/2024\\\/03\\\/JAGUARIAIVA-Praca-Getulio-Vargas.png\",\"contentUrl\":\"https:\\\/\\\/www.mpc.pr.gov.br\\\/wp-content\\\/uploads\\\/2024\\\/03\\\/JAGUARIAIVA-Praca-Getulio-Vargas.png\",\"width\":842,\"height\":448,\"caption\":\"Munic\u00edpio de Jaguaria\u00edva, em destaque a Pra\u00e7a Get\u00falio Vargas. Foto: divulga\u00e7\u00e3o.\"},{\"@type\":\"BreadcrumbList\",\"@id\":\"https:\\\/\\\/www.mpc.pr.gov.br\\\/index.php\\\/e-vedada-a-contratacao-temporaria-de-agentes-comunitarios-de-saude-exceto-em-casos-de-surtos-endemicos\\\/#breadcrumb\",\"itemListElement\":[{\"@type\":\"ListItem\",\"position\":1,\"name\":\"In\u00edcio\",\"item\":\"https:\\\/\\\/www.mpc.pr.gov.br\\\/\"},{\"@type\":\"ListItem\",\"position\":2,\"name\":\"\u00c9 vedada a contrata\u00e7\u00e3o tempor\u00e1ria de agentes comunit\u00e1rios de sa\u00fade, exceto em casos de surtos end\u00eamicos\"}]},{\"@type\":\"WebSite\",\"@id\":\"https:\\\/\\\/www.mpc.pr.gov.br\\\/#website\",\"url\":\"https:\\\/\\\/www.mpc.pr.gov.br\\\/\",\"name\":\"Minist\u00e9rio P\u00fablico de Contas do Estado do Paran\u00e1\",\"description\":\"\",\"publisher\":{\"@id\":\"https:\\\/\\\/www.mpc.pr.gov.br\\\/#organization\"},\"potentialAction\":[{\"@type\":\"SearchAction\",\"target\":{\"@type\":\"EntryPoint\",\"urlTemplate\":\"https:\\\/\\\/www.mpc.pr.gov.br\\\/?s={search_term_string}\"},\"query-input\":{\"@type\":\"PropertyValueSpecification\",\"valueRequired\":true,\"valueName\":\"search_term_string\"}}],\"inLanguage\":\"pt-BR\"},{\"@type\":\"Organization\",\"@id\":\"https:\\\/\\\/www.mpc.pr.gov.br\\\/#organization\",\"name\":\"Minist\u00e9rio P\u00fablico de Contas do Estado do Paran\u00e1\",\"url\":\"https:\\\/\\\/www.mpc.pr.gov.br\\\/\",\"logo\":{\"@type\":\"ImageObject\",\"inLanguage\":\"pt-BR\",\"@id\":\"https:\\\/\\\/www.mpc.pr.gov.br\\\/#\\\/schema\\\/logo\\\/image\\\/\",\"url\":\"https:\\\/\\\/www.mpc.pr.gov.br\\\/wp-content\\\/uploads\\\/2020\\\/06\\\/99423647_1593460364143890_6706793420720963584_n-1-e1591387983167.png\",\"contentUrl\":\"https:\\\/\\\/www.mpc.pr.gov.br\\\/wp-content\\\/uploads\\\/2020\\\/06\\\/99423647_1593460364143890_6706793420720963584_n-1-e1591387983167.png\",\"width\":243,\"height\":73,\"caption\":\"Minist\u00e9rio P\u00fablico de Contas do Estado do Paran\u00e1\"},\"image\":{\"@id\":\"https:\\\/\\\/www.mpc.pr.gov.br\\\/#\\\/schema\\\/logo\\\/image\\\/\"},\"sameAs\":[\"https:\\\/\\\/www.facebook.com\\\/mpc.pr\",\"https:\\\/\\\/www.instagram.com\\\/mpc.pr\\\/?hl=pt-br\",\"https:\\\/\\\/www.youtube.com\\\/channel\\\/UCHri5oEM8DV0ztX57E0sBSw\"]},{\"@type\":\"Person\",\"@id\":\"https:\\\/\\\/www.mpc.pr.gov.br\\\/#\\\/schema\\\/person\\\/2d83cb8980538d0ec174e8a6284f5e11\",\"name\":\"mpcontaspr\",\"image\":{\"@type\":\"ImageObject\",\"inLanguage\":\"pt-BR\",\"@id\":\"https:\\\/\\\/secure.gravatar.com\\\/avatar\\\/1aef51541db7622e05fd639336c9c9f312c2a618396e2b6ca96846362fc5403f?s=96&d=mm&r=g\",\"url\":\"https:\\\/\\\/secure.gravatar.com\\\/avatar\\\/1aef51541db7622e05fd639336c9c9f312c2a618396e2b6ca96846362fc5403f?s=96&d=mm&r=g\",\"contentUrl\":\"https:\\\/\\\/secure.gravatar.com\\\/avatar\\\/1aef51541db7622e05fd639336c9c9f312c2a618396e2b6ca96846362fc5403f?s=96&d=mm&r=g\",\"caption\":\"mpcontaspr\"},\"sameAs\":[\"http:\\\/\\\/www.mpc.pr.gov.br\"]}]}<\/script>\n<!-- \/ Yoast SEO plugin. -->","yoast_head_json":{"title":"\u00c9 vedada a contrata\u00e7\u00e3o tempor\u00e1ria de agentes comunit\u00e1rios de sa\u00fade, exceto em casos de surtos end\u00eamicos - Minist\u00e9rio P\u00fablico de Contas do Estado do Paran\u00e1","robots":{"index":"index","follow":"follow","max-snippet":"max-snippet:-1","max-image-preview":"max-image-preview:large","max-video-preview":"max-video-preview:-1"},"canonical":"https:\/\/www.mpc.pr.gov.br\/index.php\/e-vedada-a-contratacao-temporaria-de-agentes-comunitarios-de-saude-exceto-em-casos-de-surtos-endemicos\/","og_locale":"pt_BR","og_type":"article","og_title":"\u00c9 vedada a contrata\u00e7\u00e3o tempor\u00e1ria de agentes comunit\u00e1rios de sa\u00fade, exceto em casos de surtos end\u00eamicos - Minist\u00e9rio P\u00fablico de Contas do Estado do Paran\u00e1","og_description":"Os membros da Segunda C\u00e2mara do Tribunal de Contas do Paran\u00e1 (TCE-PR) votaram pela negativa de registro da admiss\u00e3o de pessoal realizada pelo Munic\u00edpio de Jaguaria\u00edva, a qual tinha por objetivo a contrata\u00e7\u00e3o, por prazo determinado, de agentes comunit\u00e1rios de sa\u00fade para cumprimento do programa nacional de sa\u00fade de fam\u00edlia.\u00a0\u00a0 O processo de admiss\u00e3o de [&hellip;]","og_url":"https:\/\/www.mpc.pr.gov.br\/index.php\/e-vedada-a-contratacao-temporaria-de-agentes-comunitarios-de-saude-exceto-em-casos-de-surtos-endemicos\/","og_site_name":"Minist\u00e9rio P\u00fablico de Contas do Estado do Paran\u00e1","article_publisher":"https:\/\/www.facebook.com\/mpc.pr","article_published_time":"2024-03-05T13:27:15+00:00","article_modified_time":"2024-03-22T13:55:31+00:00","og_image":[{"width":842,"height":448,"url":"https:\/\/www.mpc.pr.gov.br\/wp-content\/uploads\/2024\/03\/JAGUARIAIVA-Praca-Getulio-Vargas.png","type":"image\/png"}],"author":"mpcontaspr","twitter_card":"summary_large_image","twitter_misc":{"Escrito por":"mpcontaspr","Est. tempo de leitura":"5 minutos"},"schema":{"@context":"https:\/\/schema.org","@graph":[{"@type":"Article","@id":"https:\/\/www.mpc.pr.gov.br\/index.php\/e-vedada-a-contratacao-temporaria-de-agentes-comunitarios-de-saude-exceto-em-casos-de-surtos-endemicos\/#article","isPartOf":{"@id":"https:\/\/www.mpc.pr.gov.br\/index.php\/e-vedada-a-contratacao-temporaria-de-agentes-comunitarios-de-saude-exceto-em-casos-de-surtos-endemicos\/"},"author":{"name":"mpcontaspr","@id":"https:\/\/www.mpc.pr.gov.br\/#\/schema\/person\/2d83cb8980538d0ec174e8a6284f5e11"},"headline":"\u00c9 vedada a contrata\u00e7\u00e3o tempor\u00e1ria de agentes comunit\u00e1rios de sa\u00fade, exceto em casos de surtos end\u00eamicos","datePublished":"2024-03-05T13:27:15+00:00","dateModified":"2024-03-22T13:55:31+00:00","mainEntityOfPage":{"@id":"https:\/\/www.mpc.pr.gov.br\/index.php\/e-vedada-a-contratacao-temporaria-de-agentes-comunitarios-de-saude-exceto-em-casos-de-surtos-endemicos\/"},"wordCount":861,"commentCount":0,"publisher":{"@id":"https:\/\/www.mpc.pr.gov.br\/#organization"},"image":{"@id":"https:\/\/www.mpc.pr.gov.br\/index.php\/e-vedada-a-contratacao-temporaria-de-agentes-comunitarios-de-saude-exceto-em-casos-de-surtos-endemicos\/#primaryimage"},"thumbnailUrl":"https:\/\/www.mpc.pr.gov.br\/wp-content\/uploads\/2024\/03\/JAGUARIAIVA-Praca-Getulio-Vargas.png","keywords":["Admiss\u00e3o de Pessoal","Concurso P\u00fablico","Jaguaria\u00edva","MPC-PR","Segunda C\u00e2mara","TCE-PR"],"articleSection":["Todas as not\u00edcias"],"inLanguage":"pt-BR","potentialAction":[{"@type":"CommentAction","name":"Comment","target":["https:\/\/www.mpc.pr.gov.br\/index.php\/e-vedada-a-contratacao-temporaria-de-agentes-comunitarios-de-saude-exceto-em-casos-de-surtos-endemicos\/#respond"]}]},{"@type":"WebPage","@id":"https:\/\/www.mpc.pr.gov.br\/index.php\/e-vedada-a-contratacao-temporaria-de-agentes-comunitarios-de-saude-exceto-em-casos-de-surtos-endemicos\/","url":"https:\/\/www.mpc.pr.gov.br\/index.php\/e-vedada-a-contratacao-temporaria-de-agentes-comunitarios-de-saude-exceto-em-casos-de-surtos-endemicos\/","name":"\u00c9 vedada a contrata\u00e7\u00e3o tempor\u00e1ria de agentes comunit\u00e1rios de sa\u00fade, exceto em casos de surtos end\u00eamicos - Minist\u00e9rio P\u00fablico de Contas do Estado do Paran\u00e1","isPartOf":{"@id":"https:\/\/www.mpc.pr.gov.br\/#website"},"primaryImageOfPage":{"@id":"https:\/\/www.mpc.pr.gov.br\/index.php\/e-vedada-a-contratacao-temporaria-de-agentes-comunitarios-de-saude-exceto-em-casos-de-surtos-endemicos\/#primaryimage"},"image":{"@id":"https:\/\/www.mpc.pr.gov.br\/index.php\/e-vedada-a-contratacao-temporaria-de-agentes-comunitarios-de-saude-exceto-em-casos-de-surtos-endemicos\/#primaryimage"},"thumbnailUrl":"https:\/\/www.mpc.pr.gov.br\/wp-content\/uploads\/2024\/03\/JAGUARIAIVA-Praca-Getulio-Vargas.png","datePublished":"2024-03-05T13:27:15+00:00","dateModified":"2024-03-22T13:55:31+00:00","breadcrumb":{"@id":"https:\/\/www.mpc.pr.gov.br\/index.php\/e-vedada-a-contratacao-temporaria-de-agentes-comunitarios-de-saude-exceto-em-casos-de-surtos-endemicos\/#breadcrumb"},"inLanguage":"pt-BR","potentialAction":[{"@type":"ReadAction","target":["https:\/\/www.mpc.pr.gov.br\/index.php\/e-vedada-a-contratacao-temporaria-de-agentes-comunitarios-de-saude-exceto-em-casos-de-surtos-endemicos\/"]}]},{"@type":"ImageObject","inLanguage":"pt-BR","@id":"https:\/\/www.mpc.pr.gov.br\/index.php\/e-vedada-a-contratacao-temporaria-de-agentes-comunitarios-de-saude-exceto-em-casos-de-surtos-endemicos\/#primaryimage","url":"https:\/\/www.mpc.pr.gov.br\/wp-content\/uploads\/2024\/03\/JAGUARIAIVA-Praca-Getulio-Vargas.png","contentUrl":"https:\/\/www.mpc.pr.gov.br\/wp-content\/uploads\/2024\/03\/JAGUARIAIVA-Praca-Getulio-Vargas.png","width":842,"height":448,"caption":"Munic\u00edpio de Jaguaria\u00edva, em destaque a Pra\u00e7a Get\u00falio Vargas. Foto: divulga\u00e7\u00e3o."},{"@type":"BreadcrumbList","@id":"https:\/\/www.mpc.pr.gov.br\/index.php\/e-vedada-a-contratacao-temporaria-de-agentes-comunitarios-de-saude-exceto-em-casos-de-surtos-endemicos\/#breadcrumb","itemListElement":[{"@type":"ListItem","position":1,"name":"In\u00edcio","item":"https:\/\/www.mpc.pr.gov.br\/"},{"@type":"ListItem","position":2,"name":"\u00c9 vedada a contrata\u00e7\u00e3o tempor\u00e1ria de agentes comunit\u00e1rios de sa\u00fade, exceto em casos de surtos end\u00eamicos"}]},{"@type":"WebSite","@id":"https:\/\/www.mpc.pr.gov.br\/#website","url":"https:\/\/www.mpc.pr.gov.br\/","name":"Minist\u00e9rio P\u00fablico de Contas do Estado do Paran\u00e1","description":"","publisher":{"@id":"https:\/\/www.mpc.pr.gov.br\/#organization"},"potentialAction":[{"@type":"SearchAction","target":{"@type":"EntryPoint","urlTemplate":"https:\/\/www.mpc.pr.gov.br\/?s={search_term_string}"},"query-input":{"@type":"PropertyValueSpecification","valueRequired":true,"valueName":"search_term_string"}}],"inLanguage":"pt-BR"},{"@type":"Organization","@id":"https:\/\/www.mpc.pr.gov.br\/#organization","name":"Minist\u00e9rio P\u00fablico de Contas do Estado do Paran\u00e1","url":"https:\/\/www.mpc.pr.gov.br\/","logo":{"@type":"ImageObject","inLanguage":"pt-BR","@id":"https:\/\/www.mpc.pr.gov.br\/#\/schema\/logo\/image\/","url":"https:\/\/www.mpc.pr.gov.br\/wp-content\/uploads\/2020\/06\/99423647_1593460364143890_6706793420720963584_n-1-e1591387983167.png","contentUrl":"https:\/\/www.mpc.pr.gov.br\/wp-content\/uploads\/2020\/06\/99423647_1593460364143890_6706793420720963584_n-1-e1591387983167.png","width":243,"height":73,"caption":"Minist\u00e9rio P\u00fablico de Contas do Estado do Paran\u00e1"},"image":{"@id":"https:\/\/www.mpc.pr.gov.br\/#\/schema\/logo\/image\/"},"sameAs":["https:\/\/www.facebook.com\/mpc.pr","https:\/\/www.instagram.com\/mpc.pr\/?hl=pt-br","https:\/\/www.youtube.com\/channel\/UCHri5oEM8DV0ztX57E0sBSw"]},{"@type":"Person","@id":"https:\/\/www.mpc.pr.gov.br\/#\/schema\/person\/2d83cb8980538d0ec174e8a6284f5e11","name":"mpcontaspr","image":{"@type":"ImageObject","inLanguage":"pt-BR","@id":"https:\/\/secure.gravatar.com\/avatar\/1aef51541db7622e05fd639336c9c9f312c2a618396e2b6ca96846362fc5403f?s=96&d=mm&r=g","url":"https:\/\/secure.gravatar.com\/avatar\/1aef51541db7622e05fd639336c9c9f312c2a618396e2b6ca96846362fc5403f?s=96&d=mm&r=g","contentUrl":"https:\/\/secure.gravatar.com\/avatar\/1aef51541db7622e05fd639336c9c9f312c2a618396e2b6ca96846362fc5403f?s=96&d=mm&r=g","caption":"mpcontaspr"},"sameAs":["http:\/\/www.mpc.pr.gov.br"]}]}},"rttpg_featured_image_url":{"full":["https:\/\/www.mpc.pr.gov.br\/wp-content\/uploads\/2024\/03\/JAGUARIAIVA-Praca-Getulio-Vargas.png",842,448,false],"landscape":["https:\/\/www.mpc.pr.gov.br\/wp-content\/uploads\/2024\/03\/JAGUARIAIVA-Praca-Getulio-Vargas.png",842,448,false],"portraits":["https:\/\/www.mpc.pr.gov.br\/wp-content\/uploads\/2024\/03\/JAGUARIAIVA-Praca-Getulio-Vargas.png",842,448,false],"thumbnail":["https:\/\/www.mpc.pr.gov.br\/wp-content\/uploads\/2024\/03\/JAGUARIAIVA-Praca-Getulio-Vargas-150x150.png",150,150,true],"medium":["https:\/\/www.mpc.pr.gov.br\/wp-content\/uploads\/2024\/03\/JAGUARIAIVA-Praca-Getulio-Vargas-300x160.png",300,160,true],"large":["https:\/\/www.mpc.pr.gov.br\/wp-content\/uploads\/2024\/03\/JAGUARIAIVA-Praca-Getulio-Vargas.png",842,448,false],"1536x1536":["https:\/\/www.mpc.pr.gov.br\/wp-content\/uploads\/2024\/03\/JAGUARIAIVA-Praca-Getulio-Vargas.png",842,448,false],"2048x2048":["https:\/\/www.mpc.pr.gov.br\/wp-content\/uploads\/2024\/03\/JAGUARIAIVA-Praca-Getulio-Vargas.png",842,448,false],"ocean-thumb-m":["https:\/\/www.mpc.pr.gov.br\/wp-content\/uploads\/2024\/03\/JAGUARIAIVA-Praca-Getulio-Vargas-600x448.png",600,448,true],"ocean-thumb-ml":["https:\/\/www.mpc.pr.gov.br\/wp-content\/uploads\/2024\/03\/JAGUARIAIVA-Praca-Getulio-Vargas-800x448.png",800,448,true],"ocean-thumb-l":["https:\/\/www.mpc.pr.gov.br\/wp-content\/uploads\/2024\/03\/JAGUARIAIVA-Praca-Getulio-Vargas.png",842,448,false]},"rttpg_author":{"display_name":"mpcontaspr","author_link":"https:\/\/www.mpc.pr.gov.br\/index.php\/author\/mpcontaspr\/"},"rttpg_comment":0,"rttpg_category":"<a href=\"https:\/\/www.mpc.pr.gov.br\/index.php\/category\/todas-as-noticias\/\" rel=\"category tag\">Todas as not\u00edcias<\/a>","rttpg_excerpt":"Os membros da Segunda C\u00e2mara do Tribunal de Contas do Paran\u00e1 (TCE-PR) votaram pela negativa de registro da admiss\u00e3o de pessoal realizada pelo Munic\u00edpio de Jaguaria\u00edva, a qual tinha por objetivo a contrata\u00e7\u00e3o, por prazo determinado, de agentes comunit\u00e1rios de sa\u00fade para cumprimento do programa nacional de sa\u00fade de fam\u00edlia.\u00a0\u00a0 O processo de admiss\u00e3o de&hellip;","_links":{"self":[{"href":"https:\/\/www.mpc.pr.gov.br\/index.php\/wp-json\/wp\/v2\/posts\/18658","targetHints":{"allow":["GET"]}}],"collection":[{"href":"https:\/\/www.mpc.pr.gov.br\/index.php\/wp-json\/wp\/v2\/posts"}],"about":[{"href":"https:\/\/www.mpc.pr.gov.br\/index.php\/wp-json\/wp\/v2\/types\/post"}],"author":[{"embeddable":true,"href":"https:\/\/www.mpc.pr.gov.br\/index.php\/wp-json\/wp\/v2\/users\/1"}],"replies":[{"embeddable":true,"href":"https:\/\/www.mpc.pr.gov.br\/index.php\/wp-json\/wp\/v2\/comments?post=18658"}],"version-history":[{"count":1,"href":"https:\/\/www.mpc.pr.gov.br\/index.php\/wp-json\/wp\/v2\/posts\/18658\/revisions"}],"predecessor-version":[{"id":18669,"href":"https:\/\/www.mpc.pr.gov.br\/index.php\/wp-json\/wp\/v2\/posts\/18658\/revisions\/18669"}],"wp:featuredmedia":[{"embeddable":true,"href":"https:\/\/www.mpc.pr.gov.br\/index.php\/wp-json\/wp\/v2\/media\/18662"}],"wp:attachment":[{"href":"https:\/\/www.mpc.pr.gov.br\/index.php\/wp-json\/wp\/v2\/media?parent=18658"}],"wp:term":[{"taxonomy":"category","embeddable":true,"href":"https:\/\/www.mpc.pr.gov.br\/index.php\/wp-json\/wp\/v2\/categories?post=18658"},{"taxonomy":"post_tag","embeddable":true,"href":"https:\/\/www.mpc.pr.gov.br\/index.php\/wp-json\/wp\/v2\/tags?post=18658"}],"curies":[{"name":"wp","href":"https:\/\/api.w.org\/{rel}","templated":true}]}}