{"id":18809,"date":"2024-03-12T10:21:23","date_gmt":"2024-03-12T13:21:23","guid":{"rendered":"https:\/\/www.mpc.pr.gov.br\/?p=18809"},"modified":"2024-03-26T10:03:08","modified_gmt":"2024-03-26T13:03:08","slug":"municipio-deve-realizar-concurso-publico-para-provimento-de-cargos-efetivos-de-necessidade-permanente","status":"publish","type":"post","link":"https:\/\/www.mpc.pr.gov.br\/index.php\/municipio-deve-realizar-concurso-publico-para-provimento-de-cargos-efetivos-de-necessidade-permanente\/","title":{"rendered":"Munic\u00edpio deve realizar concurso p\u00fablico para provimento de cargos efetivos de necessidade permanente"},"content":{"rendered":"<figure id=\"attachment_18812\" aria-describedby=\"caption-attachment-18812\" style=\"width: 300px\" class=\"wp-caption alignleft\"><img fetchpriority=\"high\" decoding=\"async\" class=\"size-medium wp-image-18812\" src=\"https:\/\/www.mpc.pr.gov.br\/wp-content\/uploads\/2024\/03\/SAO-MATEUS-DO-SUL-300x225.jpg\" alt=\"\" width=\"300\" height=\"225\" srcset=\"https:\/\/www.mpc.pr.gov.br\/wp-content\/uploads\/2024\/03\/SAO-MATEUS-DO-SUL-300x225.jpg 300w, https:\/\/www.mpc.pr.gov.br\/wp-content\/uploads\/2024\/03\/SAO-MATEUS-DO-SUL-1024x768.jpg 1024w, https:\/\/www.mpc.pr.gov.br\/wp-content\/uploads\/2024\/03\/SAO-MATEUS-DO-SUL-768x576.jpg 768w, https:\/\/www.mpc.pr.gov.br\/wp-content\/uploads\/2024\/03\/SAO-MATEUS-DO-SUL.jpg 1280w\" sizes=\"(max-width: 300px) 100vw, 300px\" \/><figcaption id=\"caption-attachment-18812\" class=\"wp-caption-text\">Munic\u00edpio de S\u00e3o Mateus do Sul, conhecido por ser a terra da erva mate e capital da coloniza\u00e7\u00e3o polonesa no Estado do Paran\u00e1. Foto: Divulga\u00e7\u00e3o.<\/figcaption><\/figure>\n<p><span data-contrast=\"auto\">Os membros da Primeira C\u00e2mara do Tribunal de Contas do Paran\u00e1 (TCE-PR) expediram recomenda\u00e7\u00e3o ao <a href=\"https:\/\/www.saomateusdosul.pr.gov.br\/\">Munic\u00edpio de S\u00e3o Mateus do Sul<\/a> para que seja realizado concurso <\/span><span data-contrast=\"auto\">p\u00fablico para o provimento dos cargos vagos de necessidade permanente.\u00a0<\/span><span data-ccp-props=\"{&quot;201341983&quot;:0,&quot;335551550&quot;:6,&quot;335551620&quot;:6,&quot;335559739&quot;:160,&quot;335559740&quot;:360}\">\u00a0<\/span><\/p>\n<p><span data-contrast=\"auto\">A decis\u00e3o ocorreu em sede de julgamento pela legalidade da admiss\u00e3o de pessoal promovida pelo ente municipal, referente ao Processo Seletivo Simplificado n\u00b0 04\/2022, regulamentado pelo Edital n\u00ba 01\/2022, destinado a contrata\u00e7\u00e3o por tempo determinado de profissionais para os cargos de Psic\u00f3logo, Assistente Social e Secret\u00e1rio Escolar.<\/span><span data-ccp-props=\"{&quot;201341983&quot;:0,&quot;335551550&quot;:6,&quot;335551620&quot;:6,&quot;335559739&quot;:160,&quot;335559740&quot;:360}\">\u00a0<\/span><\/p>\n<p><span data-contrast=\"auto\">Conforme o <a href=\"https:\/\/www.mpc.pr.gov.br\/wp-content\/uploads\/2024\/03\/SAO-MATEUS-DO-SUL-ACO-355_24-S1C.pdf\">Ac\u00f3rd\u00e3o n\u00b0 355\/24<\/a>, o Relator Conselheiro Jose Durval Mattos do Amaral acompanhou as manifesta\u00e7\u00f5es uniformes da unidade t\u00e9cnica e do Minist\u00e9rio P\u00fablico de Contas do Paran\u00e1 (MPC-PR), ao tamb\u00e9m recomendar que o Munic\u00edpio, em futuros certames, atente-se aos prazos de envio das informa\u00e7\u00f5es e documentos referentes aos processos de sele\u00e7\u00e3o de pessoal, contidos na Instru\u00e7\u00e3o Normativa n\u00b0 142\/2018 do TCE-PR.<\/span><span data-ccp-props=\"{&quot;201341983&quot;:0,&quot;335551550&quot;:6,&quot;335551620&quot;:6,&quot;335559739&quot;:160,&quot;335559740&quot;:360}\">\u00a0<\/span><\/p>\n<h4><b><span data-contrast=\"auto\">Instru\u00e7\u00e3o do processo<\/span><\/b><span data-ccp-props=\"{&quot;201341983&quot;:0,&quot;335551550&quot;:6,&quot;335551620&quot;:6,&quot;335559739&quot;:160,&quot;335559740&quot;:360}\">\u00a0<\/span><\/h4>\n<p><span data-contrast=\"auto\">Ap\u00f3s a an\u00e1lise inicial dos autos, a Coordenadoria de Acompanhamento de Atos de Gest\u00e3o (CAGE) expediu comunica\u00e7\u00e3o \u00e0 gestora municipal para presta\u00e7\u00e3o de esclarecimentos. O motivo, foi a identifica\u00e7\u00e3o de irregularidades referentes ao atraso no encaminhamento dos dados referentes \u00e0s fases 1 e 3 do processo de sele\u00e7\u00e3o de pessoal, em desrespeito aos prazos previstos na Instru\u00e7\u00e3o Normativa n.\u00ba 142\/2018; e \u00e0 aus\u00eancia de amparo legal para abertura do processo seletivo simplificado para contrata\u00e7\u00f5es tempor\u00e1rias.\u00a0<\/span><span data-ccp-props=\"{&quot;201341983&quot;:0,&quot;335551550&quot;:6,&quot;335551620&quot;:6,&quot;335559739&quot;:160,&quot;335559740&quot;:360}\">\u00a0<\/span><\/p>\n<p><span data-contrast=\"auto\">Atendendo a solicita\u00e7\u00e3o, a Prefeita Fernanda Garcia Sardanha apresentou defesa alegando que o atraso no envio de dados referentes ao processo de admiss\u00e3o ocorreu devido \u00e0 migra\u00e7\u00e3o do sistema de folha de pagamento do Munic\u00edpio, concomitante \u00e0s altas demandas existentes no setor. Contudo, asseverou que as dificuldades mencionadas foram devidamente solucionadas e que atualmente as demandas estavam dentro do prazo.\u00a0<\/span><span data-ccp-props=\"{&quot;201341983&quot;:0,&quot;335551550&quot;:6,&quot;335551620&quot;:6,&quot;335559739&quot;:160,&quot;335559740&quot;:360}\">\u00a0<\/span><\/p>\n<p><span data-contrast=\"auto\">No que se refere \u00e0s justificativas para a contrata\u00e7\u00e3o tempor\u00e1ria dos profissionais, informou que o Munic\u00edpio possui apenas um Psic\u00f3logo, o qual se encontra em Licen\u00e7a Classista, para Presid\u00eancia de Sindicato, de modo que o servi\u00e7o de atendimento Psicol\u00f3gico n\u00e3o estava sendo ofertado. Dessa forma, verificou-se a necessidade de contrata\u00e7\u00e3o de pessoal para os cargos de assistente social e psic\u00f3logo, visando a oferta de servi\u00e7os de Psicologia e Servi\u00e7o Social nas redes p\u00fablicas de educa\u00e7\u00e3o b\u00e1sica, em cumprimento a <a href=\"https:\/\/www.planalto.gov.br\/ccivil_03\/_ato2019-2022\/2019\/lei\/l13935.htm\">Lei Federal n\u00ba 13.935\/2019<\/a> e ao Procedimento Administrativo do Minist\u00e9rio P\u00fablico do Paran\u00e1 (MPPR) de agosto de 2021, que orienta a implanta\u00e7\u00e3o de tais servi\u00e7os.<\/span><span data-ccp-props=\"{&quot;134233117&quot;:false,&quot;134233118&quot;:false,&quot;201341983&quot;:0,&quot;335551550&quot;:6,&quot;335551620&quot;:6,&quot;335559685&quot;:0,&quot;335559737&quot;:0,&quot;335559738&quot;:0,&quot;335559739&quot;:160,&quot;335559740&quot;:360}\">\u00a0<\/span><\/p>\n<p><span data-contrast=\"auto\">Quanto ao cargo de secret\u00e1rio escolar, informou que das 20 vagas existentes, apenas 14 estavam preenchidas, em virtude de exonera\u00e7\u00f5es e aposentadorias. Tendo em vista que n\u00e3o havia concurso p\u00fablico em andamento e que o referido cargo \u00e9 fundamental para o bom desempenho das atividades do setor administrativo das institui\u00e7\u00f5es de ensino, restou necess\u00e1ria a contrata\u00e7\u00e3o para cargo tempor\u00e1rio. Por fim, comunicou que esta em andamento processo para realiza\u00e7\u00e3o de concurso p\u00fablico para atender a demanda dos cargos existentes, com perspectiva de lan\u00e7amento do edital em janeiro de 2024.<\/span><span data-ccp-props=\"{&quot;201341983&quot;:0,&quot;335551550&quot;:6,&quot;335551620&quot;:6,&quot;335559739&quot;:160,&quot;335559740&quot;:360}\">\u00a0<\/span><\/p>\n<p><span data-contrast=\"auto\">Instada a se manifestar, a CAGE concluiu pelo registro das admiss\u00f5es, com a emiss\u00e3o de determina\u00e7\u00e3o para que o ente observe os prazos do TCE-PR para envio das informa\u00e7\u00f5es referentes aos processos seletivos, bem como conclu\u00edsse o concurso p\u00fablico para provimento dos cargos efetivos, no prazo de seis meses.\u00a0<\/span><span data-ccp-props=\"{&quot;201341983&quot;:0,&quot;335551550&quot;:6,&quot;335551620&quot;:6,&quot;335559739&quot;:160,&quot;335559740&quot;:360}\">\u00a0<\/span><\/p>\n<p><span data-contrast=\"auto\">Mediante o <a href=\"https:\/\/www.mpc.pr.gov.br\/wp-content\/uploads\/2024\/03\/SAO-MATEUS-DO-SUL-PAR-1140_23-4PC.pdf\">Parecer n\u00b0 1140\/23<\/a>, o Minist\u00e9rio P\u00fablico de Contas n\u00e3o se op\u00f4s ao envio da determina\u00e7\u00e3o e recomenda\u00e7\u00e3o, de modo que acompanhou integralmente o opinativo da unidade t\u00e9cnica.<\/span><span data-ccp-props=\"{&quot;201341983&quot;:0,&quot;335551550&quot;:6,&quot;335551620&quot;:6,&quot;335559739&quot;:160,&quot;335559740&quot;:360}\">\u00a0<\/span><\/p>\n<h4><b><span data-contrast=\"auto\">Decis\u00e3o<\/span><\/b><span data-ccp-props=\"{&quot;201341983&quot;:0,&quot;335551550&quot;:6,&quot;335551620&quot;:6,&quot;335559739&quot;:160,&quot;335559740&quot;:360}\">\u00a0<\/span><\/h4>\n<p><span data-contrast=\"auto\">Em sede de julgamento, o Relator discordou, somente, da expedi\u00e7\u00e3o da determina\u00e7\u00e3o para que o Munic\u00edpio se atente aos prazos para envio das informa\u00e7\u00f5es e documentos referentes aos processos de sele\u00e7\u00e3o de pessoal, visto que, tal medida depende da fixa\u00e7\u00e3o de prazo para a sua correta implementa\u00e7\u00e3o e, principalmente, para efetivo controle de cumprimento. Nesse sentido, pontuou que por se tratar de quest\u00e3o prevista em normativa interna do Tribunal de Contas, a ser concretizada em futuro incerto, considera mais apropriada a convers\u00e3o da proposta em recomenda\u00e7\u00e3o.\u00a0<\/span><span data-ccp-props=\"{&quot;201341983&quot;:0,&quot;335551550&quot;:6,&quot;335551620&quot;:6,&quot;335559739&quot;:160,&quot;335559740&quot;:360}\">\u00a0<\/span><\/p>\n<p><span data-contrast=\"auto\">Por unanimidade, os membros da Primeira C\u00e2mara acompanharam o voto do Relator, e determinaram o registro das admiss\u00f5es em an\u00e1lise, assim como o envio de recomenda\u00e7\u00f5es, conforme expresso no <a href=\"https:\/\/www.mpc.pr.gov.br\/wp-content\/uploads\/2024\/03\/SAO-MATEUS-DO-SUL-ACO-355_24-S1C.pdf\">Ac\u00f3rd\u00e3o n\u00b0 355\/24<\/a>. <\/span><span data-ccp-props=\"{&quot;201341983&quot;:0,&quot;335551550&quot;:6,&quot;335551620&quot;:6,&quot;335559739&quot;:160,&quot;335559740&quot;:360}\">\u00a0<\/span><\/p>\n<blockquote><p><span style=\"color: #820007;\"><strong><u>Informa\u00e7\u00e3o para consulta processual<\/u><\/strong><\/span><\/p>\n<table style=\"height: 183px;\" border=\"0\" width=\"478\" cellspacing=\"0\" cellpadding=\"0\">\n<tbody>\n<tr>\n<td><strong>Processo n\u00ba<\/strong>:<\/td>\n<td>456511\/22<\/td>\n<\/tr>\n<tr>\n<td><strong>Ac\u00f3rd\u00e3o n\u00ba<\/strong>:<\/td>\n<td><span class=\"NormalTextRun SCXW188288879 BCX0\">Ac\u00f3rd\u00e3o n\u00b0 355\/24<\/span> &#8211; Primeira C\u00e2mara<\/td>\n<\/tr>\n<tr>\n<td><strong>Assunto<\/strong>:<\/td>\n<td>Admiss\u00e3o de Pessoal<\/td>\n<\/tr>\n<tr>\n<td><strong>Entidade<\/strong>:<\/td>\n<td>Munic\u00edpio de S\u00e3o Mateus do Sul<\/td>\n<\/tr>\n<tr>\n<td><strong>Relator<\/strong>:<\/td>\n<td>Conselheiro Jose Durval Mattos do Amaral<\/td>\n<\/tr>\n<\/tbody>\n<\/table>\n<\/blockquote>\n","protected":false},"excerpt":{"rendered":"<p>Os membros da Primeira C\u00e2mara do Tribunal de Contas do Paran\u00e1 (TCE-PR) expediram recomenda\u00e7\u00e3o ao Munic\u00edpio de S\u00e3o Mateus do Sul para que seja realizado concurso p\u00fablico para o provimento dos cargos vagos de necessidade permanente.\u00a0\u00a0 A decis\u00e3o ocorreu em sede de julgamento pela legalidade da admiss\u00e3o de pessoal promovida pelo ente municipal, referente ao [&hellip;]<\/p>\n","protected":false},"author":1,"featured_media":18812,"comment_status":"open","ping_status":"open","sticky":false,"template":"","format":"standard","meta":{"_monsterinsights_skip_tracking":false,"_monsterinsights_sitenote_active":false,"_monsterinsights_sitenote_note":"","_monsterinsights_sitenote_category":0,"footnotes":""},"categories":[7],"tags":[223,122,13,149,227,39],"class_list":["post-18809","post","type-post","status-publish","format-standard","has-post-thumbnail","hentry","category-todas-as-noticias","tag-admissao-de-pessoal","tag-concurso-publico","tag-mpc-pr","tag-primeira-camara","tag-sao-mateus-do-sul","tag-tce-pr","entry","has-media"],"yoast_head":"<!-- This site is optimized with the Yoast SEO plugin v27.3 - https:\/\/yoast.com\/product\/yoast-seo-wordpress\/ -->\n<title>Munic\u00edpio deve realizar concurso p\u00fablico para provimento de cargos efetivos de necessidade permanente - Minist\u00e9rio P\u00fablico de Contas do Estado do Paran\u00e1<\/title>\n<meta name=\"robots\" content=\"index, follow, max-snippet:-1, max-image-preview:large, max-video-preview:-1\" \/>\n<link rel=\"canonical\" href=\"https:\/\/www.mpc.pr.gov.br\/index.php\/municipio-deve-realizar-concurso-publico-para-provimento-de-cargos-efetivos-de-necessidade-permanente\/\" \/>\n<meta property=\"og:locale\" content=\"pt_BR\" \/>\n<meta property=\"og:type\" content=\"article\" \/>\n<meta property=\"og:title\" content=\"Munic\u00edpio deve realizar concurso p\u00fablico para provimento de cargos efetivos de necessidade permanente - Minist\u00e9rio P\u00fablico de Contas do Estado do Paran\u00e1\" \/>\n<meta property=\"og:description\" content=\"Os membros da Primeira C\u00e2mara do Tribunal de Contas do Paran\u00e1 (TCE-PR) expediram recomenda\u00e7\u00e3o ao Munic\u00edpio de S\u00e3o Mateus do Sul para que seja realizado concurso p\u00fablico para o provimento dos cargos vagos de necessidade permanente.\u00a0\u00a0 A decis\u00e3o ocorreu em sede de julgamento pela legalidade da admiss\u00e3o de pessoal promovida pelo ente municipal, referente ao [&hellip;]\" \/>\n<meta property=\"og:url\" content=\"https:\/\/www.mpc.pr.gov.br\/index.php\/municipio-deve-realizar-concurso-publico-para-provimento-de-cargos-efetivos-de-necessidade-permanente\/\" \/>\n<meta property=\"og:site_name\" content=\"Minist\u00e9rio P\u00fablico de Contas do Estado do Paran\u00e1\" \/>\n<meta property=\"article:publisher\" content=\"https:\/\/www.facebook.com\/mpc.pr\" \/>\n<meta property=\"article:published_time\" content=\"2024-03-12T13:21:23+00:00\" \/>\n<meta property=\"article:modified_time\" content=\"2024-03-26T13:03:08+00:00\" \/>\n<meta property=\"og:image\" content=\"https:\/\/www.mpc.pr.gov.br\/wp-content\/uploads\/2024\/03\/SAO-MATEUS-DO-SUL.jpg\" \/>\n\t<meta property=\"og:image:width\" content=\"1280\" \/>\n\t<meta property=\"og:image:height\" content=\"960\" \/>\n\t<meta property=\"og:image:type\" content=\"image\/jpeg\" \/>\n<meta name=\"author\" content=\"mpcontaspr\" \/>\n<meta name=\"twitter:card\" content=\"summary_large_image\" \/>\n<meta name=\"twitter:label1\" content=\"Escrito por\" \/>\n\t<meta name=\"twitter:data1\" content=\"mpcontaspr\" \/>\n\t<meta name=\"twitter:label2\" content=\"Est. tempo de leitura\" \/>\n\t<meta name=\"twitter:data2\" content=\"5 minutos\" \/>\n<script type=\"application\/ld+json\" class=\"yoast-schema-graph\">{\"@context\":\"https:\\\/\\\/schema.org\",\"@graph\":[{\"@type\":\"Article\",\"@id\":\"https:\\\/\\\/www.mpc.pr.gov.br\\\/index.php\\\/municipio-deve-realizar-concurso-publico-para-provimento-de-cargos-efetivos-de-necessidade-permanente\\\/#article\",\"isPartOf\":{\"@id\":\"https:\\\/\\\/www.mpc.pr.gov.br\\\/index.php\\\/municipio-deve-realizar-concurso-publico-para-provimento-de-cargos-efetivos-de-necessidade-permanente\\\/\"},\"author\":{\"name\":\"mpcontaspr\",\"@id\":\"https:\\\/\\\/www.mpc.pr.gov.br\\\/#\\\/schema\\\/person\\\/2d83cb8980538d0ec174e8a6284f5e11\"},\"headline\":\"Munic\u00edpio deve realizar concurso p\u00fablico para provimento de cargos efetivos de necessidade permanente\",\"datePublished\":\"2024-03-12T13:21:23+00:00\",\"dateModified\":\"2024-03-26T13:03:08+00:00\",\"mainEntityOfPage\":{\"@id\":\"https:\\\/\\\/www.mpc.pr.gov.br\\\/index.php\\\/municipio-deve-realizar-concurso-publico-para-provimento-de-cargos-efetivos-de-necessidade-permanente\\\/\"},\"wordCount\":844,\"commentCount\":0,\"publisher\":{\"@id\":\"https:\\\/\\\/www.mpc.pr.gov.br\\\/#organization\"},\"image\":{\"@id\":\"https:\\\/\\\/www.mpc.pr.gov.br\\\/index.php\\\/municipio-deve-realizar-concurso-publico-para-provimento-de-cargos-efetivos-de-necessidade-permanente\\\/#primaryimage\"},\"thumbnailUrl\":\"https:\\\/\\\/www.mpc.pr.gov.br\\\/wp-content\\\/uploads\\\/2024\\\/03\\\/SAO-MATEUS-DO-SUL.jpg\",\"keywords\":[\"Admiss\u00e3o de Pessoal\",\"Concurso P\u00fablico\",\"MPC-PR\",\"Primeira C\u00e2mara\",\"S\u00e3o Mateus do Sul\",\"TCE-PR\"],\"articleSection\":[\"Todas as not\u00edcias\"],\"inLanguage\":\"pt-BR\",\"potentialAction\":[{\"@type\":\"CommentAction\",\"name\":\"Comment\",\"target\":[\"https:\\\/\\\/www.mpc.pr.gov.br\\\/index.php\\\/municipio-deve-realizar-concurso-publico-para-provimento-de-cargos-efetivos-de-necessidade-permanente\\\/#respond\"]}]},{\"@type\":\"WebPage\",\"@id\":\"https:\\\/\\\/www.mpc.pr.gov.br\\\/index.php\\\/municipio-deve-realizar-concurso-publico-para-provimento-de-cargos-efetivos-de-necessidade-permanente\\\/\",\"url\":\"https:\\\/\\\/www.mpc.pr.gov.br\\\/index.php\\\/municipio-deve-realizar-concurso-publico-para-provimento-de-cargos-efetivos-de-necessidade-permanente\\\/\",\"name\":\"Munic\u00edpio deve realizar concurso p\u00fablico para provimento de cargos efetivos de necessidade permanente - Minist\u00e9rio P\u00fablico de Contas do Estado do Paran\u00e1\",\"isPartOf\":{\"@id\":\"https:\\\/\\\/www.mpc.pr.gov.br\\\/#website\"},\"primaryImageOfPage\":{\"@id\":\"https:\\\/\\\/www.mpc.pr.gov.br\\\/index.php\\\/municipio-deve-realizar-concurso-publico-para-provimento-de-cargos-efetivos-de-necessidade-permanente\\\/#primaryimage\"},\"image\":{\"@id\":\"https:\\\/\\\/www.mpc.pr.gov.br\\\/index.php\\\/municipio-deve-realizar-concurso-publico-para-provimento-de-cargos-efetivos-de-necessidade-permanente\\\/#primaryimage\"},\"thumbnailUrl\":\"https:\\\/\\\/www.mpc.pr.gov.br\\\/wp-content\\\/uploads\\\/2024\\\/03\\\/SAO-MATEUS-DO-SUL.jpg\",\"datePublished\":\"2024-03-12T13:21:23+00:00\",\"dateModified\":\"2024-03-26T13:03:08+00:00\",\"breadcrumb\":{\"@id\":\"https:\\\/\\\/www.mpc.pr.gov.br\\\/index.php\\\/municipio-deve-realizar-concurso-publico-para-provimento-de-cargos-efetivos-de-necessidade-permanente\\\/#breadcrumb\"},\"inLanguage\":\"pt-BR\",\"potentialAction\":[{\"@type\":\"ReadAction\",\"target\":[\"https:\\\/\\\/www.mpc.pr.gov.br\\\/index.php\\\/municipio-deve-realizar-concurso-publico-para-provimento-de-cargos-efetivos-de-necessidade-permanente\\\/\"]}]},{\"@type\":\"ImageObject\",\"inLanguage\":\"pt-BR\",\"@id\":\"https:\\\/\\\/www.mpc.pr.gov.br\\\/index.php\\\/municipio-deve-realizar-concurso-publico-para-provimento-de-cargos-efetivos-de-necessidade-permanente\\\/#primaryimage\",\"url\":\"https:\\\/\\\/www.mpc.pr.gov.br\\\/wp-content\\\/uploads\\\/2024\\\/03\\\/SAO-MATEUS-DO-SUL.jpg\",\"contentUrl\":\"https:\\\/\\\/www.mpc.pr.gov.br\\\/wp-content\\\/uploads\\\/2024\\\/03\\\/SAO-MATEUS-DO-SUL.jpg\",\"width\":1280,\"height\":960,\"caption\":\"Munic\u00edpio de S\u00e3o Mateus do Sul, conhecido por ser a terra da erva mata e capital da coloniza\u00e7\u00e3o polonesa no Estado do Paran\u00e1.\"},{\"@type\":\"BreadcrumbList\",\"@id\":\"https:\\\/\\\/www.mpc.pr.gov.br\\\/index.php\\\/municipio-deve-realizar-concurso-publico-para-provimento-de-cargos-efetivos-de-necessidade-permanente\\\/#breadcrumb\",\"itemListElement\":[{\"@type\":\"ListItem\",\"position\":1,\"name\":\"In\u00edcio\",\"item\":\"https:\\\/\\\/www.mpc.pr.gov.br\\\/\"},{\"@type\":\"ListItem\",\"position\":2,\"name\":\"Munic\u00edpio deve realizar concurso p\u00fablico para provimento de cargos efetivos de necessidade permanente\"}]},{\"@type\":\"WebSite\",\"@id\":\"https:\\\/\\\/www.mpc.pr.gov.br\\\/#website\",\"url\":\"https:\\\/\\\/www.mpc.pr.gov.br\\\/\",\"name\":\"Minist\u00e9rio P\u00fablico de Contas do Estado do Paran\u00e1\",\"description\":\"\",\"publisher\":{\"@id\":\"https:\\\/\\\/www.mpc.pr.gov.br\\\/#organization\"},\"potentialAction\":[{\"@type\":\"SearchAction\",\"target\":{\"@type\":\"EntryPoint\",\"urlTemplate\":\"https:\\\/\\\/www.mpc.pr.gov.br\\\/?s={search_term_string}\"},\"query-input\":{\"@type\":\"PropertyValueSpecification\",\"valueRequired\":true,\"valueName\":\"search_term_string\"}}],\"inLanguage\":\"pt-BR\"},{\"@type\":\"Organization\",\"@id\":\"https:\\\/\\\/www.mpc.pr.gov.br\\\/#organization\",\"name\":\"Minist\u00e9rio P\u00fablico de Contas do Estado do Paran\u00e1\",\"url\":\"https:\\\/\\\/www.mpc.pr.gov.br\\\/\",\"logo\":{\"@type\":\"ImageObject\",\"inLanguage\":\"pt-BR\",\"@id\":\"https:\\\/\\\/www.mpc.pr.gov.br\\\/#\\\/schema\\\/logo\\\/image\\\/\",\"url\":\"https:\\\/\\\/www.mpc.pr.gov.br\\\/wp-content\\\/uploads\\\/2020\\\/06\\\/99423647_1593460364143890_6706793420720963584_n-1-e1591387983167.png\",\"contentUrl\":\"https:\\\/\\\/www.mpc.pr.gov.br\\\/wp-content\\\/uploads\\\/2020\\\/06\\\/99423647_1593460364143890_6706793420720963584_n-1-e1591387983167.png\",\"width\":243,\"height\":73,\"caption\":\"Minist\u00e9rio P\u00fablico de Contas do Estado do Paran\u00e1\"},\"image\":{\"@id\":\"https:\\\/\\\/www.mpc.pr.gov.br\\\/#\\\/schema\\\/logo\\\/image\\\/\"},\"sameAs\":[\"https:\\\/\\\/www.facebook.com\\\/mpc.pr\",\"https:\\\/\\\/www.instagram.com\\\/mpc.pr\\\/?hl=pt-br\",\"https:\\\/\\\/www.youtube.com\\\/channel\\\/UCHri5oEM8DV0ztX57E0sBSw\"]},{\"@type\":\"Person\",\"@id\":\"https:\\\/\\\/www.mpc.pr.gov.br\\\/#\\\/schema\\\/person\\\/2d83cb8980538d0ec174e8a6284f5e11\",\"name\":\"mpcontaspr\",\"image\":{\"@type\":\"ImageObject\",\"inLanguage\":\"pt-BR\",\"@id\":\"https:\\\/\\\/secure.gravatar.com\\\/avatar\\\/1aef51541db7622e05fd639336c9c9f312c2a618396e2b6ca96846362fc5403f?s=96&d=mm&r=g\",\"url\":\"https:\\\/\\\/secure.gravatar.com\\\/avatar\\\/1aef51541db7622e05fd639336c9c9f312c2a618396e2b6ca96846362fc5403f?s=96&d=mm&r=g\",\"contentUrl\":\"https:\\\/\\\/secure.gravatar.com\\\/avatar\\\/1aef51541db7622e05fd639336c9c9f312c2a618396e2b6ca96846362fc5403f?s=96&d=mm&r=g\",\"caption\":\"mpcontaspr\"},\"sameAs\":[\"http:\\\/\\\/www.mpc.pr.gov.br\"]}]}<\/script>\n<!-- \/ Yoast SEO plugin. -->","yoast_head_json":{"title":"Munic\u00edpio deve realizar concurso p\u00fablico para provimento de cargos efetivos de necessidade permanente - Minist\u00e9rio P\u00fablico de Contas do Estado do Paran\u00e1","robots":{"index":"index","follow":"follow","max-snippet":"max-snippet:-1","max-image-preview":"max-image-preview:large","max-video-preview":"max-video-preview:-1"},"canonical":"https:\/\/www.mpc.pr.gov.br\/index.php\/municipio-deve-realizar-concurso-publico-para-provimento-de-cargos-efetivos-de-necessidade-permanente\/","og_locale":"pt_BR","og_type":"article","og_title":"Munic\u00edpio deve realizar concurso p\u00fablico para provimento de cargos efetivos de necessidade permanente - Minist\u00e9rio P\u00fablico de Contas do Estado do Paran\u00e1","og_description":"Os membros da Primeira C\u00e2mara do Tribunal de Contas do Paran\u00e1 (TCE-PR) expediram recomenda\u00e7\u00e3o ao Munic\u00edpio de S\u00e3o Mateus do Sul para que seja realizado concurso p\u00fablico para o provimento dos cargos vagos de necessidade permanente.\u00a0\u00a0 A decis\u00e3o ocorreu em sede de julgamento pela legalidade da admiss\u00e3o de pessoal promovida pelo ente municipal, referente ao [&hellip;]","og_url":"https:\/\/www.mpc.pr.gov.br\/index.php\/municipio-deve-realizar-concurso-publico-para-provimento-de-cargos-efetivos-de-necessidade-permanente\/","og_site_name":"Minist\u00e9rio P\u00fablico de Contas do Estado do Paran\u00e1","article_publisher":"https:\/\/www.facebook.com\/mpc.pr","article_published_time":"2024-03-12T13:21:23+00:00","article_modified_time":"2024-03-26T13:03:08+00:00","og_image":[{"width":1280,"height":960,"url":"https:\/\/www.mpc.pr.gov.br\/wp-content\/uploads\/2024\/03\/SAO-MATEUS-DO-SUL.jpg","type":"image\/jpeg"}],"author":"mpcontaspr","twitter_card":"summary_large_image","twitter_misc":{"Escrito por":"mpcontaspr","Est. tempo de leitura":"5 minutos"},"schema":{"@context":"https:\/\/schema.org","@graph":[{"@type":"Article","@id":"https:\/\/www.mpc.pr.gov.br\/index.php\/municipio-deve-realizar-concurso-publico-para-provimento-de-cargos-efetivos-de-necessidade-permanente\/#article","isPartOf":{"@id":"https:\/\/www.mpc.pr.gov.br\/index.php\/municipio-deve-realizar-concurso-publico-para-provimento-de-cargos-efetivos-de-necessidade-permanente\/"},"author":{"name":"mpcontaspr","@id":"https:\/\/www.mpc.pr.gov.br\/#\/schema\/person\/2d83cb8980538d0ec174e8a6284f5e11"},"headline":"Munic\u00edpio deve realizar concurso p\u00fablico para provimento de cargos efetivos de necessidade permanente","datePublished":"2024-03-12T13:21:23+00:00","dateModified":"2024-03-26T13:03:08+00:00","mainEntityOfPage":{"@id":"https:\/\/www.mpc.pr.gov.br\/index.php\/municipio-deve-realizar-concurso-publico-para-provimento-de-cargos-efetivos-de-necessidade-permanente\/"},"wordCount":844,"commentCount":0,"publisher":{"@id":"https:\/\/www.mpc.pr.gov.br\/#organization"},"image":{"@id":"https:\/\/www.mpc.pr.gov.br\/index.php\/municipio-deve-realizar-concurso-publico-para-provimento-de-cargos-efetivos-de-necessidade-permanente\/#primaryimage"},"thumbnailUrl":"https:\/\/www.mpc.pr.gov.br\/wp-content\/uploads\/2024\/03\/SAO-MATEUS-DO-SUL.jpg","keywords":["Admiss\u00e3o de Pessoal","Concurso P\u00fablico","MPC-PR","Primeira C\u00e2mara","S\u00e3o Mateus do Sul","TCE-PR"],"articleSection":["Todas as not\u00edcias"],"inLanguage":"pt-BR","potentialAction":[{"@type":"CommentAction","name":"Comment","target":["https:\/\/www.mpc.pr.gov.br\/index.php\/municipio-deve-realizar-concurso-publico-para-provimento-de-cargos-efetivos-de-necessidade-permanente\/#respond"]}]},{"@type":"WebPage","@id":"https:\/\/www.mpc.pr.gov.br\/index.php\/municipio-deve-realizar-concurso-publico-para-provimento-de-cargos-efetivos-de-necessidade-permanente\/","url":"https:\/\/www.mpc.pr.gov.br\/index.php\/municipio-deve-realizar-concurso-publico-para-provimento-de-cargos-efetivos-de-necessidade-permanente\/","name":"Munic\u00edpio deve realizar concurso p\u00fablico para provimento de cargos efetivos de necessidade permanente - Minist\u00e9rio P\u00fablico de Contas do Estado do Paran\u00e1","isPartOf":{"@id":"https:\/\/www.mpc.pr.gov.br\/#website"},"primaryImageOfPage":{"@id":"https:\/\/www.mpc.pr.gov.br\/index.php\/municipio-deve-realizar-concurso-publico-para-provimento-de-cargos-efetivos-de-necessidade-permanente\/#primaryimage"},"image":{"@id":"https:\/\/www.mpc.pr.gov.br\/index.php\/municipio-deve-realizar-concurso-publico-para-provimento-de-cargos-efetivos-de-necessidade-permanente\/#primaryimage"},"thumbnailUrl":"https:\/\/www.mpc.pr.gov.br\/wp-content\/uploads\/2024\/03\/SAO-MATEUS-DO-SUL.jpg","datePublished":"2024-03-12T13:21:23+00:00","dateModified":"2024-03-26T13:03:08+00:00","breadcrumb":{"@id":"https:\/\/www.mpc.pr.gov.br\/index.php\/municipio-deve-realizar-concurso-publico-para-provimento-de-cargos-efetivos-de-necessidade-permanente\/#breadcrumb"},"inLanguage":"pt-BR","potentialAction":[{"@type":"ReadAction","target":["https:\/\/www.mpc.pr.gov.br\/index.php\/municipio-deve-realizar-concurso-publico-para-provimento-de-cargos-efetivos-de-necessidade-permanente\/"]}]},{"@type":"ImageObject","inLanguage":"pt-BR","@id":"https:\/\/www.mpc.pr.gov.br\/index.php\/municipio-deve-realizar-concurso-publico-para-provimento-de-cargos-efetivos-de-necessidade-permanente\/#primaryimage","url":"https:\/\/www.mpc.pr.gov.br\/wp-content\/uploads\/2024\/03\/SAO-MATEUS-DO-SUL.jpg","contentUrl":"https:\/\/www.mpc.pr.gov.br\/wp-content\/uploads\/2024\/03\/SAO-MATEUS-DO-SUL.jpg","width":1280,"height":960,"caption":"Munic\u00edpio de S\u00e3o Mateus do Sul, conhecido por ser a terra da erva mata e capital da coloniza\u00e7\u00e3o polonesa no Estado do Paran\u00e1."},{"@type":"BreadcrumbList","@id":"https:\/\/www.mpc.pr.gov.br\/index.php\/municipio-deve-realizar-concurso-publico-para-provimento-de-cargos-efetivos-de-necessidade-permanente\/#breadcrumb","itemListElement":[{"@type":"ListItem","position":1,"name":"In\u00edcio","item":"https:\/\/www.mpc.pr.gov.br\/"},{"@type":"ListItem","position":2,"name":"Munic\u00edpio deve realizar concurso p\u00fablico para provimento de cargos efetivos de necessidade permanente"}]},{"@type":"WebSite","@id":"https:\/\/www.mpc.pr.gov.br\/#website","url":"https:\/\/www.mpc.pr.gov.br\/","name":"Minist\u00e9rio P\u00fablico de Contas do Estado do Paran\u00e1","description":"","publisher":{"@id":"https:\/\/www.mpc.pr.gov.br\/#organization"},"potentialAction":[{"@type":"SearchAction","target":{"@type":"EntryPoint","urlTemplate":"https:\/\/www.mpc.pr.gov.br\/?s={search_term_string}"},"query-input":{"@type":"PropertyValueSpecification","valueRequired":true,"valueName":"search_term_string"}}],"inLanguage":"pt-BR"},{"@type":"Organization","@id":"https:\/\/www.mpc.pr.gov.br\/#organization","name":"Minist\u00e9rio P\u00fablico de Contas do Estado do Paran\u00e1","url":"https:\/\/www.mpc.pr.gov.br\/","logo":{"@type":"ImageObject","inLanguage":"pt-BR","@id":"https:\/\/www.mpc.pr.gov.br\/#\/schema\/logo\/image\/","url":"https:\/\/www.mpc.pr.gov.br\/wp-content\/uploads\/2020\/06\/99423647_1593460364143890_6706793420720963584_n-1-e1591387983167.png","contentUrl":"https:\/\/www.mpc.pr.gov.br\/wp-content\/uploads\/2020\/06\/99423647_1593460364143890_6706793420720963584_n-1-e1591387983167.png","width":243,"height":73,"caption":"Minist\u00e9rio P\u00fablico de Contas do Estado do Paran\u00e1"},"image":{"@id":"https:\/\/www.mpc.pr.gov.br\/#\/schema\/logo\/image\/"},"sameAs":["https:\/\/www.facebook.com\/mpc.pr","https:\/\/www.instagram.com\/mpc.pr\/?hl=pt-br","https:\/\/www.youtube.com\/channel\/UCHri5oEM8DV0ztX57E0sBSw"]},{"@type":"Person","@id":"https:\/\/www.mpc.pr.gov.br\/#\/schema\/person\/2d83cb8980538d0ec174e8a6284f5e11","name":"mpcontaspr","image":{"@type":"ImageObject","inLanguage":"pt-BR","@id":"https:\/\/secure.gravatar.com\/avatar\/1aef51541db7622e05fd639336c9c9f312c2a618396e2b6ca96846362fc5403f?s=96&d=mm&r=g","url":"https:\/\/secure.gravatar.com\/avatar\/1aef51541db7622e05fd639336c9c9f312c2a618396e2b6ca96846362fc5403f?s=96&d=mm&r=g","contentUrl":"https:\/\/secure.gravatar.com\/avatar\/1aef51541db7622e05fd639336c9c9f312c2a618396e2b6ca96846362fc5403f?s=96&d=mm&r=g","caption":"mpcontaspr"},"sameAs":["http:\/\/www.mpc.pr.gov.br"]}]}},"rttpg_featured_image_url":{"full":["https:\/\/www.mpc.pr.gov.br\/wp-content\/uploads\/2024\/03\/SAO-MATEUS-DO-SUL.jpg",1280,960,false],"landscape":["https:\/\/www.mpc.pr.gov.br\/wp-content\/uploads\/2024\/03\/SAO-MATEUS-DO-SUL.jpg",1280,960,false],"portraits":["https:\/\/www.mpc.pr.gov.br\/wp-content\/uploads\/2024\/03\/SAO-MATEUS-DO-SUL.jpg",1280,960,false],"thumbnail":["https:\/\/www.mpc.pr.gov.br\/wp-content\/uploads\/2024\/03\/SAO-MATEUS-DO-SUL-150x150.jpg",150,150,true],"medium":["https:\/\/www.mpc.pr.gov.br\/wp-content\/uploads\/2024\/03\/SAO-MATEUS-DO-SUL-300x225.jpg",300,225,true],"large":["https:\/\/www.mpc.pr.gov.br\/wp-content\/uploads\/2024\/03\/SAO-MATEUS-DO-SUL-1024x768.jpg",1024,768,true],"1536x1536":["https:\/\/www.mpc.pr.gov.br\/wp-content\/uploads\/2024\/03\/SAO-MATEUS-DO-SUL.jpg",1280,960,false],"2048x2048":["https:\/\/www.mpc.pr.gov.br\/wp-content\/uploads\/2024\/03\/SAO-MATEUS-DO-SUL.jpg",1280,960,false],"ocean-thumb-m":["https:\/\/www.mpc.pr.gov.br\/wp-content\/uploads\/2024\/03\/SAO-MATEUS-DO-SUL-600x600.jpg",600,600,true],"ocean-thumb-ml":["https:\/\/www.mpc.pr.gov.br\/wp-content\/uploads\/2024\/03\/SAO-MATEUS-DO-SUL-800x450.jpg",800,450,true],"ocean-thumb-l":["https:\/\/www.mpc.pr.gov.br\/wp-content\/uploads\/2024\/03\/SAO-MATEUS-DO-SUL-1200x700.jpg",1200,700,true]},"rttpg_author":{"display_name":"mpcontaspr","author_link":"https:\/\/www.mpc.pr.gov.br\/index.php\/author\/mpcontaspr\/"},"rttpg_comment":0,"rttpg_category":"<a href=\"https:\/\/www.mpc.pr.gov.br\/index.php\/category\/todas-as-noticias\/\" rel=\"category tag\">Todas as not\u00edcias<\/a>","rttpg_excerpt":"Os membros da Primeira C\u00e2mara do Tribunal de Contas do Paran\u00e1 (TCE-PR) expediram recomenda\u00e7\u00e3o ao Munic\u00edpio de S\u00e3o Mateus do Sul para que seja realizado concurso p\u00fablico para o provimento dos cargos vagos de necessidade permanente.\u00a0\u00a0 A decis\u00e3o ocorreu em sede de julgamento pela legalidade da admiss\u00e3o de pessoal promovida pelo ente municipal, referente ao&hellip;","_links":{"self":[{"href":"https:\/\/www.mpc.pr.gov.br\/index.php\/wp-json\/wp\/v2\/posts\/18809","targetHints":{"allow":["GET"]}}],"collection":[{"href":"https:\/\/www.mpc.pr.gov.br\/index.php\/wp-json\/wp\/v2\/posts"}],"about":[{"href":"https:\/\/www.mpc.pr.gov.br\/index.php\/wp-json\/wp\/v2\/types\/post"}],"author":[{"embeddable":true,"href":"https:\/\/www.mpc.pr.gov.br\/index.php\/wp-json\/wp\/v2\/users\/1"}],"replies":[{"embeddable":true,"href":"https:\/\/www.mpc.pr.gov.br\/index.php\/wp-json\/wp\/v2\/comments?post=18809"}],"version-history":[{"count":2,"href":"https:\/\/www.mpc.pr.gov.br\/index.php\/wp-json\/wp\/v2\/posts\/18809\/revisions"}],"predecessor-version":[{"id":18819,"href":"https:\/\/www.mpc.pr.gov.br\/index.php\/wp-json\/wp\/v2\/posts\/18809\/revisions\/18819"}],"wp:featuredmedia":[{"embeddable":true,"href":"https:\/\/www.mpc.pr.gov.br\/index.php\/wp-json\/wp\/v2\/media\/18812"}],"wp:attachment":[{"href":"https:\/\/www.mpc.pr.gov.br\/index.php\/wp-json\/wp\/v2\/media?parent=18809"}],"wp:term":[{"taxonomy":"category","embeddable":true,"href":"https:\/\/www.mpc.pr.gov.br\/index.php\/wp-json\/wp\/v2\/categories?post=18809"},{"taxonomy":"post_tag","embeddable":true,"href":"https:\/\/www.mpc.pr.gov.br\/index.php\/wp-json\/wp\/v2\/tags?post=18809"}],"curies":[{"name":"wp","href":"https:\/\/api.w.org\/{rel}","templated":true}]}}