{"id":18941,"date":"2024-03-26T10:02:46","date_gmt":"2024-03-26T13:02:46","guid":{"rendered":"https:\/\/www.mpc.pr.gov.br\/?p=18941"},"modified":"2024-04-09T10:00:52","modified_gmt":"2024-04-09T13:00:52","slug":"municipio-deve-promover-a-participacao-periodica-dos-servidores-em-cursos-de-capacitacao","status":"publish","type":"post","link":"https:\/\/www.mpc.pr.gov.br\/index.php\/municipio-deve-promover-a-participacao-periodica-dos-servidores-em-cursos-de-capacitacao\/","title":{"rendered":"Munic\u00edpio deve promover a participa\u00e7\u00e3o peri\u00f3dica dos servidores em cursos de capacita\u00e7\u00e3o"},"content":{"rendered":"<figure id=\"attachment_18942\" aria-describedby=\"caption-attachment-18942\" style=\"width: 300px\" class=\"wp-caption alignleft\"><img fetchpriority=\"high\" decoding=\"async\" class=\"size-medium wp-image-18942\" src=\"https:\/\/www.mpc.pr.gov.br\/wp-content\/uploads\/2024\/03\/NOVA-OLIMPIA-300x225.jpg\" alt=\"\" width=\"300\" height=\"225\" srcset=\"https:\/\/www.mpc.pr.gov.br\/wp-content\/uploads\/2024\/03\/NOVA-OLIMPIA-300x225.jpg 300w, https:\/\/www.mpc.pr.gov.br\/wp-content\/uploads\/2024\/03\/NOVA-OLIMPIA.jpg 640w\" sizes=\"(max-width: 300px) 100vw, 300px\" \/><figcaption id=\"caption-attachment-18942\" class=\"wp-caption-text\">Vis\u00e3o a\u00e9rea do Munic\u00edpio de Nova Ol\u00edmpia, localizado na regi\u00e3o Oeste do Estado do Paran\u00e1.<\/figcaption><\/figure>\n<p><span data-contrast=\"auto\">Acolhendo a proposta do Minist\u00e9rio P\u00fablico de Contas do Paran\u00e1 (MPC-PR), a Primeira C\u00e2mara do Tribunal de Contas do Estado (TCE-PR) recomendou ao <a href=\"https:\/\/novaolimpia.pr.gov.br\/\">Munic\u00edpio de Nova Ol\u00edmpia<\/a> que promova a participa\u00e7\u00e3o peri\u00f3dica dos servidores, em especial da servidora respons\u00e1vel pelo Controle Interno da entidade, em cursos de capacita\u00e7\u00e3o, notadamente aqueles oferecidos pela Escola de Gest\u00e3o P\u00fablica (EGP\/TCE-PR) na modalidade online.<\/span><span data-ccp-props=\"{&quot;201341983&quot;:0,&quot;335551550&quot;:6,&quot;335551620&quot;:6,&quot;335559739&quot;:160,&quot;335559740&quot;:360}\">\u00a0<\/span><\/p>\n<p><span data-contrast=\"auto\">A decis\u00e3o ocorreu em sede de julgamento pela irregularidade da presta\u00e7\u00e3o de contas do Munic\u00edpio, de responsabilidade do ex-Prefeito Luiz L\u00e1zaro Sorvos, relativas ao exerc\u00edcio financeiro de 2021, em raz\u00e3o do \u201cResultado or\u00e7ament\u00e1rio\/financeiro de fontes n\u00e3o vinculadas a programas, conv\u00eanios, opera\u00e7\u00f5es de cr\u00e9ditos e RPPS\u201d, com aplica\u00e7\u00e3o da multa prevista no artigo 87, inciso IV, al\u00ednea g, da Lei Complementar Estadual n\u00ba 113\/2005.<\/span><span data-ccp-props=\"{&quot;201341983&quot;:0,&quot;335551550&quot;:6,&quot;335551620&quot;:6,&quot;335559739&quot;:160,&quot;335559740&quot;:360}\">\u00a0<\/span><\/p>\n<p><b><span data-contrast=\"auto\">Instru\u00e7\u00e3o do processo<\/span><\/b><span data-ccp-props=\"{&quot;201341983&quot;:0,&quot;335551550&quot;:6,&quot;335551620&quot;:6,&quot;335559739&quot;:160,&quot;335559740&quot;:360}\">\u00a0<\/span><\/p>\n<p><span data-contrast=\"auto\">Em sede de contradit\u00f3rio, o ente municipal alegou que o d\u00e9ficit or\u00e7ament\u00e1rio sucedeu da gest\u00e3o anterior, tendo a administra\u00e7\u00e3o do atual exerc\u00edcio trabalhado para sua redu\u00e7\u00e3o. Apontou, ainda, que o Munic\u00edpio de Nova Ol\u00edmpia terminou o exerc\u00edcio de 2022 com super\u00e1vit no valor de R$ 2.448.887,09, o que demonstraria a devida aplica\u00e7\u00e3o dos princ\u00edpios do planejamento econ\u00f4mico e financeiro e o equil\u00edbrio das contas p\u00fablicas.<\/span><span data-ccp-props=\"{&quot;201341983&quot;:0,&quot;335551550&quot;:6,&quot;335551620&quot;:6,&quot;335559739&quot;:160,&quot;335559740&quot;:360}\">\u00a0<\/span><\/p>\n<p><span data-contrast=\"auto\">Instada a se manifestar, a Coordenadoria de Gest\u00e3o Municipal (CGM) constatou que o super\u00e1vit de execu\u00e7\u00e3o na fonte livre no transcorrer do exerc\u00edcio, no montante de R$ 2.226.309,69, correspondente a 10,82% das receitas arrecadadas em 2021 pelo Munic\u00edpio. Ocorre que o valor foi absorvido pelo resultado negativo que a entidade possu\u00eda ao t\u00e9rmino do exerc\u00edcio de 2020, resultando, ao final do exerc\u00edcio de 2021, no d\u00e9ficit financeiro de R$ 3.352.625,88, que representou 16,30%.<\/span><span data-ccp-props=\"{&quot;134233117&quot;:false,&quot;134233118&quot;:false,&quot;201341983&quot;:0,&quot;335551550&quot;:6,&quot;335551620&quot;:6,&quot;335559685&quot;:0,&quot;335559737&quot;:0,&quot;335559738&quot;:0,&quot;335559739&quot;:160,&quot;335559740&quot;:360}\">\u00a0<\/span><\/p>\n<p><span data-contrast=\"auto\">Nesse sentido, destacou que tal situa\u00e7\u00e3o caracteriza inobserv\u00e2ncia \u00e0 gest\u00e3o fiscal respons\u00e1vel, estabelecida pela <a href=\"https:\/\/www.planalto.gov.br\/ccivil_03\/leis\/lcp\/lcp101.htm\">Lei de Responsabilidade Fiscal<\/a> (Lei Complementar n\u00b0 101\/2000), em que pressup\u00f5e a\u00e7\u00e3o planejada e transparente, com a preven\u00e7\u00e3o de riscos e a corre\u00e7\u00e3o de desvios capazes de afetar o equil\u00edbrio das contas p\u00fablicas.<\/span><span data-ccp-props=\"{&quot;134233117&quot;:false,&quot;134233118&quot;:false,&quot;201341983&quot;:0,&quot;335551550&quot;:6,&quot;335551620&quot;:6,&quot;335559685&quot;:0,&quot;335559737&quot;:0,&quot;335559738&quot;:0,&quot;335559739&quot;:160,&quot;335559740&quot;:360}\">\u00a0<\/span><\/p>\n<p><span data-contrast=\"auto\">Dessa forma, a unidade t\u00e9cnica concluiu seu opinativo pela irregularidade das contas ante o \u201cResultado or\u00e7ament\u00e1rio\/financeiro de fontes n\u00e3o vinculadas a programas, conv\u00eanios, opera\u00e7\u00f5es de cr\u00e9ditos e RPPS\u201d, com aplica\u00e7\u00e3o de multa. Por fim, sugeriu a ressalva dos seguintes itens: a) O Relat\u00f3rio do Controle Interno encaminhado n\u00e3o apresenta os conte\u00fados m\u00ednimos prescritos pelo Tribunal. b) Aus\u00eancia de Pagamento de aportes para cobertura do d\u00e9ficit atuarial na forma apurada no Laudo Atuarial.<\/span><span data-ccp-props=\"{&quot;201341983&quot;:0,&quot;335551550&quot;:6,&quot;335551620&quot;:6,&quot;335559739&quot;:160,&quot;335559740&quot;:360}\">\u00a0<\/span><\/p>\n<p><span data-contrast=\"auto\">Mediante o <a href=\"https:\/\/www.mpc.pr.gov.br\/wp-content\/uploads\/2024\/03\/NOVA-OLIMPIA-PAR-781_23-7PC.pdf\">Parecer n\u00b0 781\/23<\/a>, o Minist\u00e9rio P\u00fablico de Contas acompanhou a manifesta\u00e7\u00e3o da CGM, divergindo apenas da ressalva quanto ao \u201cRelat\u00f3rio do Controle Interno encaminhado n\u00e3o apresentar conte\u00fados m\u00ednimos prescritos pelo Tribunal\u201d, uma vez que o Munic\u00edpio comprovou a forma\u00e7\u00e3o na \u00e1rea jur\u00eddica da servidora respons\u00e1vel pelo Controle Interno.<\/span><span data-ccp-props=\"{&quot;201341983&quot;:0,&quot;335551550&quot;:6,&quot;335551620&quot;:6,&quot;335559739&quot;:160,&quot;335559740&quot;:360}\">\u00a0<\/span><\/p>\n<p><span data-contrast=\"auto\">Al\u00e9m disso, o MPC-PR tamb\u00e9m prop\u00f4s a emiss\u00e3o de recomenda\u00e7\u00e3o quanto \u00e0 necessidade da participa\u00e7\u00e3o peri\u00f3dica da Controladora Interna em curos de capacita\u00e7\u00e3o, notadamente aqueles oferecidos pelo Tribunal de Contas na modalidade online, por interm\u00e9dio da Escola de Gest\u00e3o.\u00a0<\/span><span data-ccp-props=\"{&quot;201341983&quot;:0,&quot;335551550&quot;:6,&quot;335551620&quot;:6,&quot;335559739&quot;:160,&quot;335559740&quot;:360}\">\u00a0<\/span><\/p>\n<p><b><span data-contrast=\"auto\">Decis\u00e3o<\/span><\/b><span data-ccp-props=\"{&quot;201341983&quot;:0,&quot;335551550&quot;:6,&quot;335551620&quot;:6,&quot;335559739&quot;:160,&quot;335559740&quot;:360}\">\u00a0<\/span><\/p>\n<p><span data-contrast=\"auto\">Em fase de julgamento, o Relator Conselheiro Maur\u00edcio Requi\u00e3o de Mello e Silva observou que a jurisprud\u00eancia do TCE-PR possui uma margem de toler\u00e2ncia, \u00e0 luz dos princ\u00edpios da razoabilidade e proporcionalidade, de 5% quando da an\u00e1lise do resultado or\u00e7ament\u00e1rio\/financeiro de fontes n\u00e3o vinculadas.\u00a0<\/span><span data-ccp-props=\"{&quot;134233117&quot;:false,&quot;134233118&quot;:false,&quot;201341983&quot;:0,&quot;335551550&quot;:6,&quot;335551620&quot;:6,&quot;335559685&quot;:0,&quot;335559737&quot;:0,&quot;335559738&quot;:0,&quot;335559739&quot;:160,&quot;335559740&quot;:360}\">\u00a0<\/span><\/p>\n<p><span data-contrast=\"auto\">Por\u00e9m, no caso em an\u00e1lise, n\u00e3o \u00e9 poss\u00edvel afastar a impropriedade, tendo em vista o expressivo valor deficit\u00e1rio de 16,30%. Assim, com fundamento do art. 1\u00ba, \u00a7 1\u00ba, da Lei de Responsabilidade Fiscal, o Relator votou pela emiss\u00e3o de recomenda\u00e7\u00e3o ao Munic\u00edpio, em raz\u00e3o das irregularidades contatadas na presta\u00e7\u00e3o de contas, sem preju\u00edzo da aplica\u00e7\u00e3o da multa e expedi\u00e7\u00e3o das ressalvas sugeridas pela unidade t\u00e9cnica.\u00a0<\/span><span data-ccp-props=\"{&quot;134233117&quot;:false,&quot;134233118&quot;:false,&quot;201341983&quot;:0,&quot;335551550&quot;:6,&quot;335551620&quot;:6,&quot;335559685&quot;:0,&quot;335559737&quot;:0,&quot;335559738&quot;:0,&quot;335559739&quot;:160,&quot;335559740&quot;:360}\">\u00a0<\/span><\/p>\n<p><span data-contrast=\"auto\">Ao final, mediante o <a href=\"https:\/\/www.mpc.pr.gov.br\/wp-content\/uploads\/2024\/03\/NOVA-OLIMPIA-ACORDAO-PARECER-PREVIO-27_24-S1C.pdf\">Ac\u00f3rd\u00e3o de Parecer Pr\u00e9vio n\u00b0 27\/24<\/a>, os membros da Primeira C\u00e2mara acompanharam o voto do relator e, considerando que o papel do controle interno vai al\u00e9m da fiscaliza\u00e7\u00e3o, servindo de ferramenta de apoio do gestor na execu\u00e7\u00e3o da administra\u00e7\u00e3o p\u00fablica, acompanharam a proposta do MPC-PR, a fim de recomendar ao Munic\u00edpio que promova a participa\u00e7\u00e3o peri\u00f3dica dos servidores, em especial da servidora respons\u00e1vel pelo Controle Interno da entidade, ocupante do cargo efetivo de Assistente Social \u2013 na \u00e1rea jur\u00eddica, em cursos de capacita\u00e7\u00e3o.<\/span><span data-ccp-props=\"{&quot;134233117&quot;:false,&quot;134233118&quot;:false,&quot;201341983&quot;:0,&quot;335551550&quot;:6,&quot;335551620&quot;:6,&quot;335559685&quot;:0,&quot;335559737&quot;:0,&quot;335559738&quot;:0,&quot;335559739&quot;:160,&quot;335559740&quot;:360}\">\u00a0<\/span><\/p>\n<p><b><span data-contrast=\"auto\">Presta\u00e7\u00e3o de Contas do Chefe do Poder Executivo<\/span><\/b><span data-ccp-props=\"{&quot;134233117&quot;:false,&quot;134233118&quot;:false,&quot;201341983&quot;:0,&quot;335551550&quot;:6,&quot;335551620&quot;:6,&quot;335559685&quot;:0,&quot;335559737&quot;:0,&quot;335559738&quot;:0,&quot;335559739&quot;:160,&quot;335559740&quot;:360}\">\u00a0<\/span><\/p>\n<p><span data-contrast=\"auto\">A presta\u00e7\u00e3o de contas de governo \u00e9 o meio pelo qual, anualmente, o Governador do Estado e os Prefeitos Municipais mostram os resultados da atua\u00e7\u00e3o governamental, no exerc\u00edcio das fun\u00e7\u00f5es pol\u00edticas de planejamento, organiza\u00e7\u00e3o, dire\u00e7\u00e3o e controle das pol\u00edticas p\u00fablicas contidas nas leis or\u00e7ament\u00e1rias, correspondente a um exerc\u00edcio financeiro.<\/span><span data-ccp-props=\"{&quot;134233117&quot;:false,&quot;134233118&quot;:false,&quot;201341983&quot;:0,&quot;335551550&quot;:6,&quot;335551620&quot;:6,&quot;335559685&quot;:0,&quot;335559737&quot;:0,&quot;335559738&quot;:0,&quot;335559739&quot;:160,&quot;335559740&quot;:360}\">\u00a0<\/span><\/p>\n<p><span data-contrast=\"auto\">Importante destacar que diferentemente das contas de gest\u00e3o, as contas do governo s\u00e3o julgadas pelo Poder Legislativo, ou seja, pela Assembleia Legislativa quando na esfera Estadual e pela C\u00e2mara de Vereadores quando na esfera municipal, ap\u00f3s a emiss\u00e3o de Parecer Pr\u00e9vio, de car\u00e1ter opinativo, pelo Tribunal de Contas, que pode ou n\u00e3o ser acolhido.<\/span><span data-ccp-props=\"{&quot;134233117&quot;:false,&quot;134233118&quot;:false,&quot;201341983&quot;:0,&quot;335551550&quot;:6,&quot;335551620&quot;:6,&quot;335559685&quot;:0,&quot;335559737&quot;:0,&quot;335559738&quot;:0,&quot;335559739&quot;:160,&quot;335559740&quot;:360}\">\u00a0<\/span><\/p>\n<p><span data-contrast=\"auto\">Se voc\u00ea quiser saber mais sobre esse assunto, confira abaixo a v\u00eddeo aula produzida pelo MPC-PR a respeito do tema. <\/span><span data-ccp-props=\"{&quot;134233117&quot;:false,&quot;134233118&quot;:false,&quot;201341983&quot;:0,&quot;335551550&quot;:6,&quot;335551620&quot;:6,&quot;335559685&quot;:0,&quot;335559737&quot;:0,&quot;335559738&quot;:0,&quot;335559739&quot;:160,&quot;335559740&quot;:360}\">\u00a0<\/span><\/p>\n<p class=\"responsive-video-wrap clr\"><iframe title=\"Presta\u00e7\u00e3o de Contas do Chefe do Poder Executivo\" width=\"1200\" height=\"675\" src=\"https:\/\/www.youtube.com\/embed\/soanbglUJe4?feature=oembed\" frameborder=\"0\" allow=\"accelerometer; autoplay; clipboard-write; encrypted-media; gyroscope; picture-in-picture; web-share\" allowfullscreen><\/iframe><\/p>\n<p>&nbsp;<\/p>\n<blockquote><p><span style=\"color: #820007;\"><strong><u>Informa\u00e7\u00e3o para consulta processual<\/u><\/strong><\/span><\/p>\n<table style=\"height: 183px;\" border=\"0\" width=\"478\" cellspacing=\"0\" cellpadding=\"0\">\n<tbody>\n<tr>\n<td><strong>Processo n\u00ba<\/strong>:<\/td>\n<td>214895\/22<\/td>\n<\/tr>\n<tr>\n<td><strong>Ac\u00f3rd\u00e3o n\u00ba<\/strong>:<\/td>\n<td><span class=\"NormalTextRun SCXW188288879 BCX0\">Ac\u00f3rd\u00e3o de Parecer Pr\u00e9vio n\u00ba 27\/24<\/span> &#8211; Primeira C\u00e2mara<\/td>\n<\/tr>\n<tr>\n<td><strong>Assunto<\/strong>:<\/td>\n<td>Presta\u00e7\u00e3o de Contas Municipal<\/td>\n<\/tr>\n<tr>\n<td><strong>Entidade<\/strong>:<\/td>\n<td>Munic\u00edpio de Nova Ol\u00edmpia<\/td>\n<\/tr>\n<tr>\n<td><strong>Relator<\/strong>:<\/td>\n<td>Conselheiro Maur\u00edcio Requi\u00e3o de Mello e Silva<\/td>\n<\/tr>\n<\/tbody>\n<\/table>\n<\/blockquote>\n","protected":false},"excerpt":{"rendered":"<p>Acolhendo a proposta do Minist\u00e9rio P\u00fablico de Contas do Paran\u00e1 (MPC-PR), a Primeira C\u00e2mara do Tribunal de Contas do Estado (TCE-PR) recomendou ao Munic\u00edpio de Nova Ol\u00edmpia que promova a participa\u00e7\u00e3o peri\u00f3dica dos servidores, em especial da servidora respons\u00e1vel pelo Controle Interno da entidade, em cursos de capacita\u00e7\u00e3o, notadamente aqueles oferecidos pela Escola de Gest\u00e3o [&hellip;]<\/p>\n","protected":false},"author":1,"featured_media":18942,"comment_status":"open","ping_status":"open","sticky":false,"template":"","format":"standard","meta":{"_monsterinsights_skip_tracking":false,"_monsterinsights_sitenote_active":false,"_monsterinsights_sitenote_note":"","_monsterinsights_sitenote_category":0,"footnotes":""},"categories":[7],"tags":[475,13,527,51,149,39],"class_list":["post-18941","post","type-post","status-publish","format-standard","has-post-thumbnail","hentry","category-todas-as-noticias","tag-capacitacao","tag-mpc-pr","tag-nova-olimpia","tag-prestacao-de-contas","tag-primeira-camara","tag-tce-pr","entry","has-media"],"yoast_head":"<!-- This site is optimized with the Yoast SEO plugin v27.3 - https:\/\/yoast.com\/product\/yoast-seo-wordpress\/ -->\n<title>Munic\u00edpio deve promover a participa\u00e7\u00e3o peri\u00f3dica dos servidores em cursos de capacita\u00e7\u00e3o - Minist\u00e9rio P\u00fablico de Contas do Estado do Paran\u00e1<\/title>\n<meta name=\"robots\" content=\"index, follow, max-snippet:-1, max-image-preview:large, max-video-preview:-1\" \/>\n<link rel=\"canonical\" href=\"https:\/\/www.mpc.pr.gov.br\/index.php\/municipio-deve-promover-a-participacao-periodica-dos-servidores-em-cursos-de-capacitacao\/\" \/>\n<meta property=\"og:locale\" content=\"pt_BR\" \/>\n<meta property=\"og:type\" content=\"article\" \/>\n<meta property=\"og:title\" content=\"Munic\u00edpio deve promover a participa\u00e7\u00e3o peri\u00f3dica dos servidores em cursos de capacita\u00e7\u00e3o - Minist\u00e9rio P\u00fablico de Contas do Estado do Paran\u00e1\" \/>\n<meta property=\"og:description\" content=\"Acolhendo a proposta do Minist\u00e9rio P\u00fablico de Contas do Paran\u00e1 (MPC-PR), a Primeira C\u00e2mara do Tribunal de Contas do Estado (TCE-PR) recomendou ao Munic\u00edpio de Nova Ol\u00edmpia que promova a participa\u00e7\u00e3o peri\u00f3dica dos servidores, em especial da servidora respons\u00e1vel pelo Controle Interno da entidade, em cursos de capacita\u00e7\u00e3o, notadamente aqueles oferecidos pela Escola de Gest\u00e3o [&hellip;]\" \/>\n<meta property=\"og:url\" content=\"https:\/\/www.mpc.pr.gov.br\/index.php\/municipio-deve-promover-a-participacao-periodica-dos-servidores-em-cursos-de-capacitacao\/\" \/>\n<meta property=\"og:site_name\" content=\"Minist\u00e9rio P\u00fablico de Contas do Estado do Paran\u00e1\" \/>\n<meta property=\"article:publisher\" content=\"https:\/\/www.facebook.com\/mpc.pr\" \/>\n<meta property=\"article:published_time\" content=\"2024-03-26T13:02:46+00:00\" \/>\n<meta property=\"article:modified_time\" content=\"2024-04-09T13:00:52+00:00\" \/>\n<meta property=\"og:image\" content=\"https:\/\/www.mpc.pr.gov.br\/wp-content\/uploads\/2024\/03\/NOVA-OLIMPIA.jpg\" \/>\n\t<meta property=\"og:image:width\" content=\"640\" \/>\n\t<meta property=\"og:image:height\" content=\"480\" \/>\n\t<meta property=\"og:image:type\" content=\"image\/jpeg\" \/>\n<meta name=\"author\" content=\"mpcontaspr\" \/>\n<meta name=\"twitter:card\" content=\"summary_large_image\" \/>\n<meta name=\"twitter:label1\" content=\"Escrito por\" \/>\n\t<meta name=\"twitter:data1\" content=\"mpcontaspr\" \/>\n\t<meta name=\"twitter:label2\" content=\"Est. tempo de leitura\" \/>\n\t<meta name=\"twitter:data2\" content=\"5 minutos\" \/>\n<script type=\"application\/ld+json\" class=\"yoast-schema-graph\">{\"@context\":\"https:\\\/\\\/schema.org\",\"@graph\":[{\"@type\":\"Article\",\"@id\":\"https:\\\/\\\/www.mpc.pr.gov.br\\\/index.php\\\/municipio-deve-promover-a-participacao-periodica-dos-servidores-em-cursos-de-capacitacao\\\/#article\",\"isPartOf\":{\"@id\":\"https:\\\/\\\/www.mpc.pr.gov.br\\\/index.php\\\/municipio-deve-promover-a-participacao-periodica-dos-servidores-em-cursos-de-capacitacao\\\/\"},\"author\":{\"name\":\"mpcontaspr\",\"@id\":\"https:\\\/\\\/www.mpc.pr.gov.br\\\/#\\\/schema\\\/person\\\/2d83cb8980538d0ec174e8a6284f5e11\"},\"headline\":\"Munic\u00edpio deve promover a participa\u00e7\u00e3o peri\u00f3dica dos servidores em cursos de capacita\u00e7\u00e3o\",\"datePublished\":\"2024-03-26T13:02:46+00:00\",\"dateModified\":\"2024-04-09T13:00:52+00:00\",\"mainEntityOfPage\":{\"@id\":\"https:\\\/\\\/www.mpc.pr.gov.br\\\/index.php\\\/municipio-deve-promover-a-participacao-periodica-dos-servidores-em-cursos-de-capacitacao\\\/\"},\"wordCount\":1031,\"commentCount\":0,\"publisher\":{\"@id\":\"https:\\\/\\\/www.mpc.pr.gov.br\\\/#organization\"},\"image\":{\"@id\":\"https:\\\/\\\/www.mpc.pr.gov.br\\\/index.php\\\/municipio-deve-promover-a-participacao-periodica-dos-servidores-em-cursos-de-capacitacao\\\/#primaryimage\"},\"thumbnailUrl\":\"https:\\\/\\\/www.mpc.pr.gov.br\\\/wp-content\\\/uploads\\\/2024\\\/03\\\/NOVA-OLIMPIA.jpg\",\"keywords\":[\"Capacita\u00e7\u00e3o\",\"MPC-PR\",\"Nova Ol\u00edmpia\",\"Presta\u00e7\u00e3o de Contas\",\"Primeira C\u00e2mara\",\"TCE-PR\"],\"articleSection\":[\"Todas as not\u00edcias\"],\"inLanguage\":\"pt-BR\",\"potentialAction\":[{\"@type\":\"CommentAction\",\"name\":\"Comment\",\"target\":[\"https:\\\/\\\/www.mpc.pr.gov.br\\\/index.php\\\/municipio-deve-promover-a-participacao-periodica-dos-servidores-em-cursos-de-capacitacao\\\/#respond\"]}]},{\"@type\":\"WebPage\",\"@id\":\"https:\\\/\\\/www.mpc.pr.gov.br\\\/index.php\\\/municipio-deve-promover-a-participacao-periodica-dos-servidores-em-cursos-de-capacitacao\\\/\",\"url\":\"https:\\\/\\\/www.mpc.pr.gov.br\\\/index.php\\\/municipio-deve-promover-a-participacao-periodica-dos-servidores-em-cursos-de-capacitacao\\\/\",\"name\":\"Munic\u00edpio deve promover a participa\u00e7\u00e3o peri\u00f3dica dos servidores em cursos de capacita\u00e7\u00e3o - Minist\u00e9rio P\u00fablico de Contas do Estado do Paran\u00e1\",\"isPartOf\":{\"@id\":\"https:\\\/\\\/www.mpc.pr.gov.br\\\/#website\"},\"primaryImageOfPage\":{\"@id\":\"https:\\\/\\\/www.mpc.pr.gov.br\\\/index.php\\\/municipio-deve-promover-a-participacao-periodica-dos-servidores-em-cursos-de-capacitacao\\\/#primaryimage\"},\"image\":{\"@id\":\"https:\\\/\\\/www.mpc.pr.gov.br\\\/index.php\\\/municipio-deve-promover-a-participacao-periodica-dos-servidores-em-cursos-de-capacitacao\\\/#primaryimage\"},\"thumbnailUrl\":\"https:\\\/\\\/www.mpc.pr.gov.br\\\/wp-content\\\/uploads\\\/2024\\\/03\\\/NOVA-OLIMPIA.jpg\",\"datePublished\":\"2024-03-26T13:02:46+00:00\",\"dateModified\":\"2024-04-09T13:00:52+00:00\",\"breadcrumb\":{\"@id\":\"https:\\\/\\\/www.mpc.pr.gov.br\\\/index.php\\\/municipio-deve-promover-a-participacao-periodica-dos-servidores-em-cursos-de-capacitacao\\\/#breadcrumb\"},\"inLanguage\":\"pt-BR\",\"potentialAction\":[{\"@type\":\"ReadAction\",\"target\":[\"https:\\\/\\\/www.mpc.pr.gov.br\\\/index.php\\\/municipio-deve-promover-a-participacao-periodica-dos-servidores-em-cursos-de-capacitacao\\\/\"]}]},{\"@type\":\"ImageObject\",\"inLanguage\":\"pt-BR\",\"@id\":\"https:\\\/\\\/www.mpc.pr.gov.br\\\/index.php\\\/municipio-deve-promover-a-participacao-periodica-dos-servidores-em-cursos-de-capacitacao\\\/#primaryimage\",\"url\":\"https:\\\/\\\/www.mpc.pr.gov.br\\\/wp-content\\\/uploads\\\/2024\\\/03\\\/NOVA-OLIMPIA.jpg\",\"contentUrl\":\"https:\\\/\\\/www.mpc.pr.gov.br\\\/wp-content\\\/uploads\\\/2024\\\/03\\\/NOVA-OLIMPIA.jpg\",\"width\":640,\"height\":480,\"caption\":\"Vis\u00e3o a\u00e9rea do Munic\u00edpio de Nova Ol\u00edmpia, localizado na regi\u00e3o Oeste do Estado do Paran\u00e1.\"},{\"@type\":\"BreadcrumbList\",\"@id\":\"https:\\\/\\\/www.mpc.pr.gov.br\\\/index.php\\\/municipio-deve-promover-a-participacao-periodica-dos-servidores-em-cursos-de-capacitacao\\\/#breadcrumb\",\"itemListElement\":[{\"@type\":\"ListItem\",\"position\":1,\"name\":\"In\u00edcio\",\"item\":\"https:\\\/\\\/www.mpc.pr.gov.br\\\/\"},{\"@type\":\"ListItem\",\"position\":2,\"name\":\"Munic\u00edpio deve promover a participa\u00e7\u00e3o peri\u00f3dica dos servidores em cursos de capacita\u00e7\u00e3o\"}]},{\"@type\":\"WebSite\",\"@id\":\"https:\\\/\\\/www.mpc.pr.gov.br\\\/#website\",\"url\":\"https:\\\/\\\/www.mpc.pr.gov.br\\\/\",\"name\":\"Minist\u00e9rio P\u00fablico de Contas do Estado do Paran\u00e1\",\"description\":\"\",\"publisher\":{\"@id\":\"https:\\\/\\\/www.mpc.pr.gov.br\\\/#organization\"},\"potentialAction\":[{\"@type\":\"SearchAction\",\"target\":{\"@type\":\"EntryPoint\",\"urlTemplate\":\"https:\\\/\\\/www.mpc.pr.gov.br\\\/?s={search_term_string}\"},\"query-input\":{\"@type\":\"PropertyValueSpecification\",\"valueRequired\":true,\"valueName\":\"search_term_string\"}}],\"inLanguage\":\"pt-BR\"},{\"@type\":\"Organization\",\"@id\":\"https:\\\/\\\/www.mpc.pr.gov.br\\\/#organization\",\"name\":\"Minist\u00e9rio P\u00fablico de Contas do Estado do Paran\u00e1\",\"url\":\"https:\\\/\\\/www.mpc.pr.gov.br\\\/\",\"logo\":{\"@type\":\"ImageObject\",\"inLanguage\":\"pt-BR\",\"@id\":\"https:\\\/\\\/www.mpc.pr.gov.br\\\/#\\\/schema\\\/logo\\\/image\\\/\",\"url\":\"https:\\\/\\\/www.mpc.pr.gov.br\\\/wp-content\\\/uploads\\\/2020\\\/06\\\/99423647_1593460364143890_6706793420720963584_n-1-e1591387983167.png\",\"contentUrl\":\"https:\\\/\\\/www.mpc.pr.gov.br\\\/wp-content\\\/uploads\\\/2020\\\/06\\\/99423647_1593460364143890_6706793420720963584_n-1-e1591387983167.png\",\"width\":243,\"height\":73,\"caption\":\"Minist\u00e9rio P\u00fablico de Contas do Estado do Paran\u00e1\"},\"image\":{\"@id\":\"https:\\\/\\\/www.mpc.pr.gov.br\\\/#\\\/schema\\\/logo\\\/image\\\/\"},\"sameAs\":[\"https:\\\/\\\/www.facebook.com\\\/mpc.pr\",\"https:\\\/\\\/www.instagram.com\\\/mpc.pr\\\/?hl=pt-br\",\"https:\\\/\\\/www.youtube.com\\\/channel\\\/UCHri5oEM8DV0ztX57E0sBSw\"]},{\"@type\":\"Person\",\"@id\":\"https:\\\/\\\/www.mpc.pr.gov.br\\\/#\\\/schema\\\/person\\\/2d83cb8980538d0ec174e8a6284f5e11\",\"name\":\"mpcontaspr\",\"image\":{\"@type\":\"ImageObject\",\"inLanguage\":\"pt-BR\",\"@id\":\"https:\\\/\\\/secure.gravatar.com\\\/avatar\\\/1aef51541db7622e05fd639336c9c9f312c2a618396e2b6ca96846362fc5403f?s=96&d=mm&r=g\",\"url\":\"https:\\\/\\\/secure.gravatar.com\\\/avatar\\\/1aef51541db7622e05fd639336c9c9f312c2a618396e2b6ca96846362fc5403f?s=96&d=mm&r=g\",\"contentUrl\":\"https:\\\/\\\/secure.gravatar.com\\\/avatar\\\/1aef51541db7622e05fd639336c9c9f312c2a618396e2b6ca96846362fc5403f?s=96&d=mm&r=g\",\"caption\":\"mpcontaspr\"},\"sameAs\":[\"http:\\\/\\\/www.mpc.pr.gov.br\"]}]}<\/script>\n<!-- \/ Yoast SEO plugin. -->","yoast_head_json":{"title":"Munic\u00edpio deve promover a participa\u00e7\u00e3o peri\u00f3dica dos servidores em cursos de capacita\u00e7\u00e3o - Minist\u00e9rio P\u00fablico de Contas do Estado do Paran\u00e1","robots":{"index":"index","follow":"follow","max-snippet":"max-snippet:-1","max-image-preview":"max-image-preview:large","max-video-preview":"max-video-preview:-1"},"canonical":"https:\/\/www.mpc.pr.gov.br\/index.php\/municipio-deve-promover-a-participacao-periodica-dos-servidores-em-cursos-de-capacitacao\/","og_locale":"pt_BR","og_type":"article","og_title":"Munic\u00edpio deve promover a participa\u00e7\u00e3o peri\u00f3dica dos servidores em cursos de capacita\u00e7\u00e3o - Minist\u00e9rio P\u00fablico de Contas do Estado do Paran\u00e1","og_description":"Acolhendo a proposta do Minist\u00e9rio P\u00fablico de Contas do Paran\u00e1 (MPC-PR), a Primeira C\u00e2mara do Tribunal de Contas do Estado (TCE-PR) recomendou ao Munic\u00edpio de Nova Ol\u00edmpia que promova a participa\u00e7\u00e3o peri\u00f3dica dos servidores, em especial da servidora respons\u00e1vel pelo Controle Interno da entidade, em cursos de capacita\u00e7\u00e3o, notadamente aqueles oferecidos pela Escola de Gest\u00e3o [&hellip;]","og_url":"https:\/\/www.mpc.pr.gov.br\/index.php\/municipio-deve-promover-a-participacao-periodica-dos-servidores-em-cursos-de-capacitacao\/","og_site_name":"Minist\u00e9rio P\u00fablico de Contas do Estado do Paran\u00e1","article_publisher":"https:\/\/www.facebook.com\/mpc.pr","article_published_time":"2024-03-26T13:02:46+00:00","article_modified_time":"2024-04-09T13:00:52+00:00","og_image":[{"width":640,"height":480,"url":"https:\/\/www.mpc.pr.gov.br\/wp-content\/uploads\/2024\/03\/NOVA-OLIMPIA.jpg","type":"image\/jpeg"}],"author":"mpcontaspr","twitter_card":"summary_large_image","twitter_misc":{"Escrito por":"mpcontaspr","Est. tempo de leitura":"5 minutos"},"schema":{"@context":"https:\/\/schema.org","@graph":[{"@type":"Article","@id":"https:\/\/www.mpc.pr.gov.br\/index.php\/municipio-deve-promover-a-participacao-periodica-dos-servidores-em-cursos-de-capacitacao\/#article","isPartOf":{"@id":"https:\/\/www.mpc.pr.gov.br\/index.php\/municipio-deve-promover-a-participacao-periodica-dos-servidores-em-cursos-de-capacitacao\/"},"author":{"name":"mpcontaspr","@id":"https:\/\/www.mpc.pr.gov.br\/#\/schema\/person\/2d83cb8980538d0ec174e8a6284f5e11"},"headline":"Munic\u00edpio deve promover a participa\u00e7\u00e3o peri\u00f3dica dos servidores em cursos de capacita\u00e7\u00e3o","datePublished":"2024-03-26T13:02:46+00:00","dateModified":"2024-04-09T13:00:52+00:00","mainEntityOfPage":{"@id":"https:\/\/www.mpc.pr.gov.br\/index.php\/municipio-deve-promover-a-participacao-periodica-dos-servidores-em-cursos-de-capacitacao\/"},"wordCount":1031,"commentCount":0,"publisher":{"@id":"https:\/\/www.mpc.pr.gov.br\/#organization"},"image":{"@id":"https:\/\/www.mpc.pr.gov.br\/index.php\/municipio-deve-promover-a-participacao-periodica-dos-servidores-em-cursos-de-capacitacao\/#primaryimage"},"thumbnailUrl":"https:\/\/www.mpc.pr.gov.br\/wp-content\/uploads\/2024\/03\/NOVA-OLIMPIA.jpg","keywords":["Capacita\u00e7\u00e3o","MPC-PR","Nova Ol\u00edmpia","Presta\u00e7\u00e3o de Contas","Primeira C\u00e2mara","TCE-PR"],"articleSection":["Todas as not\u00edcias"],"inLanguage":"pt-BR","potentialAction":[{"@type":"CommentAction","name":"Comment","target":["https:\/\/www.mpc.pr.gov.br\/index.php\/municipio-deve-promover-a-participacao-periodica-dos-servidores-em-cursos-de-capacitacao\/#respond"]}]},{"@type":"WebPage","@id":"https:\/\/www.mpc.pr.gov.br\/index.php\/municipio-deve-promover-a-participacao-periodica-dos-servidores-em-cursos-de-capacitacao\/","url":"https:\/\/www.mpc.pr.gov.br\/index.php\/municipio-deve-promover-a-participacao-periodica-dos-servidores-em-cursos-de-capacitacao\/","name":"Munic\u00edpio deve promover a participa\u00e7\u00e3o peri\u00f3dica dos servidores em cursos de capacita\u00e7\u00e3o - Minist\u00e9rio P\u00fablico de Contas do Estado do Paran\u00e1","isPartOf":{"@id":"https:\/\/www.mpc.pr.gov.br\/#website"},"primaryImageOfPage":{"@id":"https:\/\/www.mpc.pr.gov.br\/index.php\/municipio-deve-promover-a-participacao-periodica-dos-servidores-em-cursos-de-capacitacao\/#primaryimage"},"image":{"@id":"https:\/\/www.mpc.pr.gov.br\/index.php\/municipio-deve-promover-a-participacao-periodica-dos-servidores-em-cursos-de-capacitacao\/#primaryimage"},"thumbnailUrl":"https:\/\/www.mpc.pr.gov.br\/wp-content\/uploads\/2024\/03\/NOVA-OLIMPIA.jpg","datePublished":"2024-03-26T13:02:46+00:00","dateModified":"2024-04-09T13:00:52+00:00","breadcrumb":{"@id":"https:\/\/www.mpc.pr.gov.br\/index.php\/municipio-deve-promover-a-participacao-periodica-dos-servidores-em-cursos-de-capacitacao\/#breadcrumb"},"inLanguage":"pt-BR","potentialAction":[{"@type":"ReadAction","target":["https:\/\/www.mpc.pr.gov.br\/index.php\/municipio-deve-promover-a-participacao-periodica-dos-servidores-em-cursos-de-capacitacao\/"]}]},{"@type":"ImageObject","inLanguage":"pt-BR","@id":"https:\/\/www.mpc.pr.gov.br\/index.php\/municipio-deve-promover-a-participacao-periodica-dos-servidores-em-cursos-de-capacitacao\/#primaryimage","url":"https:\/\/www.mpc.pr.gov.br\/wp-content\/uploads\/2024\/03\/NOVA-OLIMPIA.jpg","contentUrl":"https:\/\/www.mpc.pr.gov.br\/wp-content\/uploads\/2024\/03\/NOVA-OLIMPIA.jpg","width":640,"height":480,"caption":"Vis\u00e3o a\u00e9rea do Munic\u00edpio de Nova Ol\u00edmpia, localizado na regi\u00e3o Oeste do Estado do Paran\u00e1."},{"@type":"BreadcrumbList","@id":"https:\/\/www.mpc.pr.gov.br\/index.php\/municipio-deve-promover-a-participacao-periodica-dos-servidores-em-cursos-de-capacitacao\/#breadcrumb","itemListElement":[{"@type":"ListItem","position":1,"name":"In\u00edcio","item":"https:\/\/www.mpc.pr.gov.br\/"},{"@type":"ListItem","position":2,"name":"Munic\u00edpio deve promover a participa\u00e7\u00e3o peri\u00f3dica dos servidores em cursos de capacita\u00e7\u00e3o"}]},{"@type":"WebSite","@id":"https:\/\/www.mpc.pr.gov.br\/#website","url":"https:\/\/www.mpc.pr.gov.br\/","name":"Minist\u00e9rio P\u00fablico de Contas do Estado do Paran\u00e1","description":"","publisher":{"@id":"https:\/\/www.mpc.pr.gov.br\/#organization"},"potentialAction":[{"@type":"SearchAction","target":{"@type":"EntryPoint","urlTemplate":"https:\/\/www.mpc.pr.gov.br\/?s={search_term_string}"},"query-input":{"@type":"PropertyValueSpecification","valueRequired":true,"valueName":"search_term_string"}}],"inLanguage":"pt-BR"},{"@type":"Organization","@id":"https:\/\/www.mpc.pr.gov.br\/#organization","name":"Minist\u00e9rio P\u00fablico de Contas do Estado do Paran\u00e1","url":"https:\/\/www.mpc.pr.gov.br\/","logo":{"@type":"ImageObject","inLanguage":"pt-BR","@id":"https:\/\/www.mpc.pr.gov.br\/#\/schema\/logo\/image\/","url":"https:\/\/www.mpc.pr.gov.br\/wp-content\/uploads\/2020\/06\/99423647_1593460364143890_6706793420720963584_n-1-e1591387983167.png","contentUrl":"https:\/\/www.mpc.pr.gov.br\/wp-content\/uploads\/2020\/06\/99423647_1593460364143890_6706793420720963584_n-1-e1591387983167.png","width":243,"height":73,"caption":"Minist\u00e9rio P\u00fablico de Contas do Estado do Paran\u00e1"},"image":{"@id":"https:\/\/www.mpc.pr.gov.br\/#\/schema\/logo\/image\/"},"sameAs":["https:\/\/www.facebook.com\/mpc.pr","https:\/\/www.instagram.com\/mpc.pr\/?hl=pt-br","https:\/\/www.youtube.com\/channel\/UCHri5oEM8DV0ztX57E0sBSw"]},{"@type":"Person","@id":"https:\/\/www.mpc.pr.gov.br\/#\/schema\/person\/2d83cb8980538d0ec174e8a6284f5e11","name":"mpcontaspr","image":{"@type":"ImageObject","inLanguage":"pt-BR","@id":"https:\/\/secure.gravatar.com\/avatar\/1aef51541db7622e05fd639336c9c9f312c2a618396e2b6ca96846362fc5403f?s=96&d=mm&r=g","url":"https:\/\/secure.gravatar.com\/avatar\/1aef51541db7622e05fd639336c9c9f312c2a618396e2b6ca96846362fc5403f?s=96&d=mm&r=g","contentUrl":"https:\/\/secure.gravatar.com\/avatar\/1aef51541db7622e05fd639336c9c9f312c2a618396e2b6ca96846362fc5403f?s=96&d=mm&r=g","caption":"mpcontaspr"},"sameAs":["http:\/\/www.mpc.pr.gov.br"]}]}},"rttpg_featured_image_url":{"full":["https:\/\/www.mpc.pr.gov.br\/wp-content\/uploads\/2024\/03\/NOVA-OLIMPIA.jpg",640,480,false],"landscape":["https:\/\/www.mpc.pr.gov.br\/wp-content\/uploads\/2024\/03\/NOVA-OLIMPIA.jpg",640,480,false],"portraits":["https:\/\/www.mpc.pr.gov.br\/wp-content\/uploads\/2024\/03\/NOVA-OLIMPIA.jpg",640,480,false],"thumbnail":["https:\/\/www.mpc.pr.gov.br\/wp-content\/uploads\/2024\/03\/NOVA-OLIMPIA-150x150.jpg",150,150,true],"medium":["https:\/\/www.mpc.pr.gov.br\/wp-content\/uploads\/2024\/03\/NOVA-OLIMPIA-300x225.jpg",300,225,true],"large":["https:\/\/www.mpc.pr.gov.br\/wp-content\/uploads\/2024\/03\/NOVA-OLIMPIA.jpg",640,480,false],"1536x1536":["https:\/\/www.mpc.pr.gov.br\/wp-content\/uploads\/2024\/03\/NOVA-OLIMPIA.jpg",640,480,false],"2048x2048":["https:\/\/www.mpc.pr.gov.br\/wp-content\/uploads\/2024\/03\/NOVA-OLIMPIA.jpg",640,480,false],"ocean-thumb-m":["https:\/\/www.mpc.pr.gov.br\/wp-content\/uploads\/2024\/03\/NOVA-OLIMPIA-600x480.jpg",600,480,true],"ocean-thumb-ml":["https:\/\/www.mpc.pr.gov.br\/wp-content\/uploads\/2024\/03\/NOVA-OLIMPIA-640x450.jpg",640,450,true],"ocean-thumb-l":["https:\/\/www.mpc.pr.gov.br\/wp-content\/uploads\/2024\/03\/NOVA-OLIMPIA.jpg",640,480,false]},"rttpg_author":{"display_name":"mpcontaspr","author_link":"https:\/\/www.mpc.pr.gov.br\/index.php\/author\/mpcontaspr\/"},"rttpg_comment":0,"rttpg_category":"<a href=\"https:\/\/www.mpc.pr.gov.br\/index.php\/category\/todas-as-noticias\/\" rel=\"category tag\">Todas as not\u00edcias<\/a>","rttpg_excerpt":"Acolhendo a proposta do Minist\u00e9rio P\u00fablico de Contas do Paran\u00e1 (MPC-PR), a Primeira C\u00e2mara do Tribunal de Contas do Estado (TCE-PR) recomendou ao Munic\u00edpio de Nova Ol\u00edmpia que promova a participa\u00e7\u00e3o peri\u00f3dica dos servidores, em especial da servidora respons\u00e1vel pelo Controle Interno da entidade, em cursos de capacita\u00e7\u00e3o, notadamente aqueles oferecidos pela Escola de Gest\u00e3o&hellip;","_links":{"self":[{"href":"https:\/\/www.mpc.pr.gov.br\/index.php\/wp-json\/wp\/v2\/posts\/18941","targetHints":{"allow":["GET"]}}],"collection":[{"href":"https:\/\/www.mpc.pr.gov.br\/index.php\/wp-json\/wp\/v2\/posts"}],"about":[{"href":"https:\/\/www.mpc.pr.gov.br\/index.php\/wp-json\/wp\/v2\/types\/post"}],"author":[{"embeddable":true,"href":"https:\/\/www.mpc.pr.gov.br\/index.php\/wp-json\/wp\/v2\/users\/1"}],"replies":[{"embeddable":true,"href":"https:\/\/www.mpc.pr.gov.br\/index.php\/wp-json\/wp\/v2\/comments?post=18941"}],"version-history":[{"count":1,"href":"https:\/\/www.mpc.pr.gov.br\/index.php\/wp-json\/wp\/v2\/posts\/18941\/revisions"}],"predecessor-version":[{"id":18945,"href":"https:\/\/www.mpc.pr.gov.br\/index.php\/wp-json\/wp\/v2\/posts\/18941\/revisions\/18945"}],"wp:featuredmedia":[{"embeddable":true,"href":"https:\/\/www.mpc.pr.gov.br\/index.php\/wp-json\/wp\/v2\/media\/18942"}],"wp:attachment":[{"href":"https:\/\/www.mpc.pr.gov.br\/index.php\/wp-json\/wp\/v2\/media?parent=18941"}],"wp:term":[{"taxonomy":"category","embeddable":true,"href":"https:\/\/www.mpc.pr.gov.br\/index.php\/wp-json\/wp\/v2\/categories?post=18941"},{"taxonomy":"post_tag","embeddable":true,"href":"https:\/\/www.mpc.pr.gov.br\/index.php\/wp-json\/wp\/v2\/tags?post=18941"}],"curies":[{"name":"wp","href":"https:\/\/api.w.org\/{rel}","templated":true}]}}