{"id":18974,"date":"2024-04-02T14:07:49","date_gmt":"2024-04-02T17:07:49","guid":{"rendered":"https:\/\/www.mpc.pr.gov.br\/?p=18974"},"modified":"2024-04-11T10:02:16","modified_gmt":"2024-04-11T13:02:16","slug":"lancada-19a-edicao-da-revista-do-ministerio-publico-de-contas-do-parana","status":"publish","type":"post","link":"https:\/\/www.mpc.pr.gov.br\/index.php\/lancada-19a-edicao-da-revista-do-ministerio-publico-de-contas-do-parana\/","title":{"rendered":"Lan\u00e7ada 19\u00aa edi\u00e7\u00e3o da Revista do Minist\u00e9rio P\u00fablico de Contas do Paran\u00e1"},"content":{"rendered":"<p><span data-contrast=\"auto\"><a href=\"http:\/\/revista.mpc.pr.gov.br\/\" target=\"_blank\" rel=\"noopener\"><img fetchpriority=\"high\" decoding=\"async\" class=\"alignleft wp-image-18975 size-medium\" src=\"https:\/\/www.mpc.pr.gov.br\/wp-content\/uploads\/2024\/04\/19a-ed.-revista-mpc-pr-212x300.jpg\" alt=\"\" width=\"212\" height=\"300\" srcset=\"https:\/\/www.mpc.pr.gov.br\/wp-content\/uploads\/2024\/04\/19a-ed.-revista-mpc-pr-212x300.jpg 212w, https:\/\/www.mpc.pr.gov.br\/wp-content\/uploads\/2024\/04\/19a-ed.-revista-mpc-pr-725x1024.jpg 725w, https:\/\/www.mpc.pr.gov.br\/wp-content\/uploads\/2024\/04\/19a-ed.-revista-mpc-pr-768x1085.jpg 768w, https:\/\/www.mpc.pr.gov.br\/wp-content\/uploads\/2024\/04\/19a-ed.-revista-mpc-pr-1087x1536.jpg 1087w, https:\/\/www.mpc.pr.gov.br\/wp-content\/uploads\/2024\/04\/19a-ed.-revista-mpc-pr.jpg 1241w\" sizes=\"(max-width: 212px) 100vw, 212px\" \/><\/a>J\u00e1 est\u00e1 dispon\u00edvel a edi\u00e7\u00e3o de n\u00famero 19 (volume 10) da Revista institucional do Minist\u00e9rio P\u00fablico de Contas do Paran\u00e1 (MPC-PR) (<\/span><b><span data-contrast=\"auto\">estrato B3 \u2013 Qualis Peri\u00f3dicos<\/span><\/b><span data-contrast=\"auto\">). A publica\u00e7\u00e3o semestral, referente ao per\u00edodo de julho a dezembro de 2023, pode ser acessada <\/span><i><span data-contrast=\"auto\">online<\/span><\/i><span data-contrast=\"auto\"> na plataforma exclusiva da <a href=\"https:\/\/revista.mpc.pr.gov.br\/index.php\/RMPCPR\/issue\/view\/21\">Revista<\/a>. <\/span><\/p>\n<p><span data-contrast=\"auto\">A publica\u00e7\u00e3o, mantendo seu compromisso de publicar textos relevantes, apresenta \u00e0 comunidade jur\u00eddica oito artigos acad\u00eamicos in\u00e9ditos, de autoria de pesquisadores de diversas regi\u00f5es do Brasil, que abordam temas relacionados ao direito p\u00fablico, em especial, ao controle externo da Administra\u00e7\u00e3o P\u00fablica.<\/span><span data-ccp-props=\"{&quot;134233117&quot;:false,&quot;134233118&quot;:false,&quot;201341983&quot;:0,&quot;335551550&quot;:6,&quot;335551620&quot;:6,&quot;335559738&quot;:240,&quot;335559739&quot;:0,&quot;335559740&quot;:360}\">\u00a0<\/span><\/p>\n<p><span data-contrast=\"auto\">Todos os textos foram aprovados por ao menos dois pareceristas independentes, seguindo a sistem\u00e1tica da dupla revis\u00e3o cega por pares (d<\/span><i><span data-contrast=\"auto\">ouble blind peer review<\/span><\/i><span data-contrast=\"auto\">),\u00a0sendo este um requisito essencial para habilitar o texto \u00e0 publica\u00e7\u00e3o.<\/span><span data-ccp-props=\"{&quot;134233117&quot;:false,&quot;134233118&quot;:false,&quot;201341983&quot;:0,&quot;335551550&quot;:6,&quot;335551620&quot;:6,&quot;335559738&quot;:240,&quot;335559739&quot;:0,&quot;335559740&quot;:360}\">\u00a0<\/span><\/p>\n<p><span data-contrast=\"auto\">Confira abaixo a lista com os artigos que integram a 19\u00aa edi\u00e7\u00e3o Revista do MPC-PR:<\/span><span data-ccp-props=\"{&quot;134233117&quot;:false,&quot;134233118&quot;:false,&quot;201341983&quot;:0,&quot;335551550&quot;:6,&quot;335551620&quot;:6,&quot;335559738&quot;:240,&quot;335559739&quot;:0,&quot;335559740&quot;:360}\">\u00a0<\/span><\/p>\n<ul>\n<li data-leveltext=\"\uf0b7\" data-font=\"Symbol\" data-listid=\"3\" data-list-defn-props=\"{&quot;335552541&quot;:1,&quot;335559683&quot;:0,&quot;335559684&quot;:-2,&quot;335559685&quot;:720,&quot;335559991&quot;:360,&quot;469769226&quot;:&quot;Symbol&quot;,&quot;469769242&quot;:[8226],&quot;469777803&quot;:&quot;left&quot;,&quot;469777804&quot;:&quot;\uf0b7&quot;,&quot;469777815&quot;:&quot;hybridMultilevel&quot;}\" aria-setsize=\"-1\" data-aria-posinset=\"1\" data-aria-level=\"1\"><i><span data-contrast=\"auto\">Interesse de quem? Medidas\u00a0inconstitucionais\u00a0com fulcro\u00a0na\u00a0supremacia do interesse p\u00fablico x\u00a0individual<\/span><\/i><span data-contrast=\"auto\">,\u00a0de\u00a0<\/span><b><span data-contrast=\"auto\">Lucas\u00a0Mateus\u00a0Rodrigues\u00a0de Freitas e Giovanni\u00a0Amaral Cosenza<\/span><\/b><span data-contrast=\"auto\">;<\/span><span data-ccp-props=\"{&quot;134233117&quot;:false,&quot;134233118&quot;:false,&quot;201341983&quot;:0,&quot;335551550&quot;:6,&quot;335551620&quot;:6,&quot;335559738&quot;:240,&quot;335559739&quot;:0,&quot;335559740&quot;:360}\">\u00a0<\/span><\/li>\n<li data-leveltext=\"\uf0b7\" data-font=\"Symbol\" data-listid=\"3\" data-list-defn-props=\"{&quot;335552541&quot;:1,&quot;335559683&quot;:0,&quot;335559684&quot;:-2,&quot;335559685&quot;:720,&quot;335559991&quot;:360,&quot;469769226&quot;:&quot;Symbol&quot;,&quot;469769242&quot;:[8226],&quot;469777803&quot;:&quot;left&quot;,&quot;469777804&quot;:&quot;\uf0b7&quot;,&quot;469777815&quot;:&quot;hybridMultilevel&quot;}\" aria-setsize=\"-1\" data-aria-posinset=\"1\" data-aria-level=\"1\"><i><span data-contrast=\"auto\">As\u00a0leis\u00a0or\u00e7ament\u00e1rias\u00a0nos\u00a0Munic\u00edpio para a efetiva\u00a0garantia dos direitos\u00a0sociais<\/span><\/i><span data-contrast=\"auto\">, de <\/span><b><span data-contrast=\"auto\">Mario Galavoti<\/span><\/b><span data-contrast=\"auto\">;<\/span><span data-ccp-props=\"{&quot;134233117&quot;:false,&quot;134233118&quot;:false,&quot;201341983&quot;:0,&quot;335551550&quot;:6,&quot;335551620&quot;:6,&quot;335559738&quot;:240,&quot;335559739&quot;:0,&quot;335559740&quot;:360}\">\u00a0<\/span><\/li>\n<li data-leveltext=\"\uf0b7\" data-font=\"Symbol\" data-listid=\"3\" data-list-defn-props=\"{&quot;335552541&quot;:1,&quot;335559683&quot;:0,&quot;335559684&quot;:-2,&quot;335559685&quot;:720,&quot;335559991&quot;:360,&quot;469769226&quot;:&quot;Symbol&quot;,&quot;469769242&quot;:[8226],&quot;469777803&quot;:&quot;left&quot;,&quot;469777804&quot;:&quot;\uf0b7&quot;,&quot;469777815&quot;:&quot;hybridMultilevel&quot;}\" aria-setsize=\"-1\" data-aria-posinset=\"1\" data-aria-level=\"1\"><i><span data-contrast=\"auto\">O\u00a0art.\u00a020 da\u00a0LINDB\u00a0e\u00a0o\u00a0Direito Ambiental: um\u00a0estudo\u00a0sobre o princ\u00edpio da proibi\u00e7\u00e3o do retrocesso ambiental<\/span><\/i><span data-contrast=\"auto\">, de <\/span><b><span data-contrast=\"auto\">Nelson Tonon Neto<\/span><\/b><span data-contrast=\"auto\">;<\/span><span data-ccp-props=\"{&quot;134233117&quot;:false,&quot;134233118&quot;:false,&quot;201341983&quot;:0,&quot;335551550&quot;:6,&quot;335551620&quot;:6,&quot;335559738&quot;:240,&quot;335559739&quot;:0,&quot;335559740&quot;:360}\">\u00a0<\/span><\/li>\n<li data-leveltext=\"\uf0b7\" data-font=\"Symbol\" data-listid=\"3\" data-list-defn-props=\"{&quot;335552541&quot;:1,&quot;335559683&quot;:0,&quot;335559684&quot;:-2,&quot;335559685&quot;:720,&quot;335559991&quot;:360,&quot;469769226&quot;:&quot;Symbol&quot;,&quot;469769242&quot;:[8226],&quot;469777803&quot;:&quot;left&quot;,&quot;469777804&quot;:&quot;\uf0b7&quot;,&quot;469777815&quot;:&quot;hybridMultilevel&quot;}\" aria-setsize=\"-1\" data-aria-posinset=\"1\" data-aria-level=\"1\"><i><span data-contrast=\"auto\">Ag\u00eancias reguladoras segundo a Lei 13.848: an\u00e1lise do impacto regulat\u00f3rio (air) na judicializa\u00e7\u00e3o da sa\u00fade<\/span><\/i><span data-contrast=\"auto\">, de <\/span><b><span data-contrast=\"auto\">Luciano Nascimento Silva e Nycole Maia Pereira<\/span><\/b><span data-contrast=\"auto\">;<\/span><span data-ccp-props=\"{&quot;134233117&quot;:false,&quot;134233118&quot;:false,&quot;201341983&quot;:0,&quot;335551550&quot;:6,&quot;335551620&quot;:6,&quot;335559738&quot;:240,&quot;335559739&quot;:0,&quot;335559740&quot;:360}\">\u00a0<\/span><\/li>\n<li data-leveltext=\"\uf0b7\" data-font=\"Symbol\" data-listid=\"3\" data-list-defn-props=\"{&quot;335552541&quot;:1,&quot;335559683&quot;:0,&quot;335559684&quot;:-2,&quot;335559685&quot;:720,&quot;335559991&quot;:360,&quot;469769226&quot;:&quot;Symbol&quot;,&quot;469769242&quot;:[8226],&quot;469777803&quot;:&quot;left&quot;,&quot;469777804&quot;:&quot;\uf0b7&quot;,&quot;469777815&quot;:&quot;hybridMultilevel&quot;}\" aria-setsize=\"-1\" data-aria-posinset=\"1\" data-aria-level=\"1\"><i><span data-contrast=\"auto\">O\u00a0benef\u00edcio\u00a0da\u00a0presta\u00e7\u00e3o\u00a0continuada\u00a0e a\u00a0inclus\u00e3o\u00a0social da\u00a0pessoa\u00a0com\u00a0defici\u00eancia: uma an\u00e1lise dos requisitos legais e da assist\u00eancia social<\/span><\/i><span data-contrast=\"auto\">, de <\/span><b><span data-contrast=\"auto\">Murilo Muniz Fuzetto e Giovana Vit\u00f3ria Fernandes M\u00e1rmore<\/span><\/b><span data-contrast=\"auto\">;<\/span><span data-ccp-props=\"{&quot;134233117&quot;:false,&quot;134233118&quot;:false,&quot;201341983&quot;:0,&quot;335551550&quot;:6,&quot;335551620&quot;:6,&quot;335559738&quot;:240,&quot;335559739&quot;:0,&quot;335559740&quot;:360}\">\u00a0<\/span><\/li>\n<li data-leveltext=\"\uf0b7\" data-font=\"Symbol\" data-listid=\"3\" data-list-defn-props=\"{&quot;335552541&quot;:1,&quot;335559683&quot;:0,&quot;335559684&quot;:-2,&quot;335559685&quot;:720,&quot;335559991&quot;:360,&quot;469769226&quot;:&quot;Symbol&quot;,&quot;469769242&quot;:[8226],&quot;469777803&quot;:&quot;left&quot;,&quot;469777804&quot;:&quot;\uf0b7&quot;,&quot;469777815&quot;:&quot;hybridMultilevel&quot;}\" aria-setsize=\"-1\" data-aria-posinset=\"1\" data-aria-level=\"1\"><i><span data-contrast=\"auto\">Captura\u00a0de imagens durante\u00a0o exerc\u00edcio\u00a0da\u00a0atividade policial: uma an\u00e1lise\u00a0sob a perspectiva da instru\u00e7\u00e3o processual penal e a necessidade da regulamenta\u00e7\u00e3o do uso desse dispositivo durante as ocorr\u00eancias policiais<\/span><\/i><span data-contrast=\"auto\">, de <\/span><b><span data-contrast=\"auto\">Bruno Roberto de Lima e Ant\u00f4nio Marloves Gomes Vieira J\u00fanior<\/span><\/b><span data-contrast=\"auto\">;<\/span><span data-ccp-props=\"{&quot;134233117&quot;:false,&quot;134233118&quot;:false,&quot;201341983&quot;:0,&quot;335551550&quot;:6,&quot;335551620&quot;:6,&quot;335559738&quot;:240,&quot;335559739&quot;:0,&quot;335559740&quot;:360}\">\u00a0<\/span><\/li>\n<li data-leveltext=\"\uf0b7\" data-font=\"Symbol\" data-listid=\"3\" data-list-defn-props=\"{&quot;335552541&quot;:1,&quot;335559683&quot;:0,&quot;335559684&quot;:-2,&quot;335559685&quot;:720,&quot;335559991&quot;:360,&quot;469769226&quot;:&quot;Symbol&quot;,&quot;469769242&quot;:[8226],&quot;469777803&quot;:&quot;left&quot;,&quot;469777804&quot;:&quot;\uf0b7&quot;,&quot;469777815&quot;:&quot;hybridMultilevel&quot;}\" aria-setsize=\"-1\" data-aria-posinset=\"1\" data-aria-level=\"1\"><i><span data-contrast=\"auto\">Solu\u00e7\u00f5es consensuais no \u00e2mbito do Tribunal de Contas da Uni\u00e3o: secexconsenso e a Instru\u00e7\u00e3o Normativa n. 91\/2022<\/span><\/i><span data-contrast=\"auto\">, de <\/span><b><span data-contrast=\"auto\">Ta\u00eds Fernanda Kusma<\/span><\/b><span data-contrast=\"auto\">;<\/span><span data-ccp-props=\"{&quot;134233117&quot;:false,&quot;134233118&quot;:false,&quot;201341983&quot;:0,&quot;335551550&quot;:6,&quot;335551620&quot;:6,&quot;335559738&quot;:240,&quot;335559739&quot;:0,&quot;335559740&quot;:360}\">\u00a0<\/span><\/li>\n<li data-leveltext=\"\uf0b7\" data-font=\"Symbol\" data-listid=\"3\" data-list-defn-props=\"{&quot;335552541&quot;:1,&quot;335559683&quot;:0,&quot;335559684&quot;:-2,&quot;335559685&quot;:720,&quot;335559991&quot;:360,&quot;469769226&quot;:&quot;Symbol&quot;,&quot;469769242&quot;:[8226],&quot;469777803&quot;:&quot;left&quot;,&quot;469777804&quot;:&quot;\uf0b7&quot;,&quot;469777815&quot;:&quot;hybridMultilevel&quot;}\" aria-setsize=\"-1\" data-aria-posinset=\"1\" data-aria-level=\"1\"><i><span data-contrast=\"auto\">Sustentabilidade\u00a0e genoma\u00a0humano:\u00a0debates \u00e9ticos e jur\u00eddicos sobre\u00a0a\u00a0terapia g\u00eanica germinativa<\/span><\/i><span data-contrast=\"auto\">, de <\/span><b><span data-contrast=\"auto\">Beatriz Andrade Gontijo da Cunha, Cl\u00e1udia Regina de Oliveira Magalh\u00e3es da Silva Loureiro e Isadora Machado Pereira<\/span><\/b><span data-contrast=\"auto\">.<\/span><span data-ccp-props=\"{&quot;134233117&quot;:false,&quot;134233118&quot;:false,&quot;201341983&quot;:0,&quot;335551550&quot;:6,&quot;335551620&quot;:6,&quot;335559738&quot;:240,&quot;335559739&quot;:0,&quot;335559740&quot;:360}\">\u00a0<\/span><\/li>\n<\/ul>\n<p><span data-contrast=\"auto\">A \u00edntegra da edi\u00e7\u00e3o est\u00e1 dispon\u00edvel no link <a href=\"http:\/\/revista.mpc.pr.gov.br\/\">revista.mpc.pr.gov.br\/<\/a>.<\/span><\/p>\n","protected":false},"excerpt":{"rendered":"<p>J\u00e1 est\u00e1 dispon\u00edvel a edi\u00e7\u00e3o de n\u00famero 19 (volume 10) da Revista institucional do Minist\u00e9rio P\u00fablico de Contas do Paran\u00e1 (MPC-PR) (estrato B3 \u2013 Qualis Peri\u00f3dicos). A publica\u00e7\u00e3o semestral, referente ao per\u00edodo de julho a dezembro de 2023, pode ser acessada online na plataforma exclusiva da Revista. A publica\u00e7\u00e3o, mantendo seu compromisso de publicar textos [&hellip;]<\/p>\n","protected":false},"author":1,"featured_media":12133,"comment_status":"open","ping_status":"open","sticky":false,"template":"","format":"standard","meta":{"_monsterinsights_skip_tracking":false,"_monsterinsights_sitenote_active":false,"_monsterinsights_sitenote_note":"","_monsterinsights_sitenote_category":0,"footnotes":""},"categories":[7],"tags":[129,24,128,134,110,13,341,105,54],"class_list":["post-18974","post","type-post","status-publish","format-standard","has-post-thumbnail","hentry","category-todas-as-noticias","tag-administracao-publica","tag-centro-de-estudos","tag-controle-externo","tag-direito","tag-direito-administrativo","tag-mpc-pr","tag-periodico","tag-publicacao","tag-revista-mpc-pr","entry","has-media"],"yoast_head":"<!-- This site is optimized with the Yoast SEO plugin v27.3 - https:\/\/yoast.com\/product\/yoast-seo-wordpress\/ -->\n<title>Lan\u00e7ada 19\u00aa edi\u00e7\u00e3o da Revista do Minist\u00e9rio P\u00fablico de Contas do Paran\u00e1 - Minist\u00e9rio P\u00fablico de Contas do Estado do Paran\u00e1<\/title>\n<meta name=\"robots\" content=\"index, follow, max-snippet:-1, max-image-preview:large, max-video-preview:-1\" \/>\n<link rel=\"canonical\" href=\"https:\/\/www.mpc.pr.gov.br\/index.php\/lancada-19a-edicao-da-revista-do-ministerio-publico-de-contas-do-parana\/\" \/>\n<meta property=\"og:locale\" content=\"pt_BR\" \/>\n<meta property=\"og:type\" content=\"article\" \/>\n<meta property=\"og:title\" content=\"Lan\u00e7ada 19\u00aa edi\u00e7\u00e3o da Revista do Minist\u00e9rio P\u00fablico de Contas do Paran\u00e1 - Minist\u00e9rio P\u00fablico de Contas do Estado do Paran\u00e1\" \/>\n<meta property=\"og:description\" content=\"J\u00e1 est\u00e1 dispon\u00edvel a edi\u00e7\u00e3o de n\u00famero 19 (volume 10) da Revista institucional do Minist\u00e9rio P\u00fablico de Contas do Paran\u00e1 (MPC-PR) (estrato B3 \u2013 Qualis Peri\u00f3dicos). A publica\u00e7\u00e3o semestral, referente ao per\u00edodo de julho a dezembro de 2023, pode ser acessada online na plataforma exclusiva da Revista. A publica\u00e7\u00e3o, mantendo seu compromisso de publicar textos [&hellip;]\" \/>\n<meta property=\"og:url\" content=\"https:\/\/www.mpc.pr.gov.br\/index.php\/lancada-19a-edicao-da-revista-do-ministerio-publico-de-contas-do-parana\/\" \/>\n<meta property=\"og:site_name\" content=\"Minist\u00e9rio P\u00fablico de Contas do Estado do Paran\u00e1\" \/>\n<meta property=\"article:publisher\" content=\"https:\/\/www.facebook.com\/mpc.pr\" \/>\n<meta property=\"article:published_time\" content=\"2024-04-02T17:07:49+00:00\" \/>\n<meta property=\"article:modified_time\" content=\"2024-04-11T13:02:16+00:00\" \/>\n<meta property=\"og:image\" content=\"https:\/\/www.mpc.pr.gov.br\/wp-content\/uploads\/2021\/05\/Imagem-Destaque-Revista-MPC-PR.png\" \/>\n\t<meta property=\"og:image:width\" content=\"560\" \/>\n\t<meta property=\"og:image:height\" content=\"315\" \/>\n\t<meta property=\"og:image:type\" content=\"image\/png\" \/>\n<meta name=\"author\" content=\"mpcontaspr\" \/>\n<meta name=\"twitter:card\" content=\"summary_large_image\" \/>\n<meta name=\"twitter:label1\" content=\"Escrito por\" \/>\n\t<meta name=\"twitter:data1\" content=\"mpcontaspr\" \/>\n\t<meta name=\"twitter:label2\" content=\"Est. tempo de leitura\" \/>\n\t<meta name=\"twitter:data2\" content=\"3 minutos\" \/>\n<script type=\"application\/ld+json\" class=\"yoast-schema-graph\">{\"@context\":\"https:\\\/\\\/schema.org\",\"@graph\":[{\"@type\":\"Article\",\"@id\":\"https:\\\/\\\/www.mpc.pr.gov.br\\\/index.php\\\/lancada-19a-edicao-da-revista-do-ministerio-publico-de-contas-do-parana\\\/#article\",\"isPartOf\":{\"@id\":\"https:\\\/\\\/www.mpc.pr.gov.br\\\/index.php\\\/lancada-19a-edicao-da-revista-do-ministerio-publico-de-contas-do-parana\\\/\"},\"author\":{\"name\":\"mpcontaspr\",\"@id\":\"https:\\\/\\\/www.mpc.pr.gov.br\\\/#\\\/schema\\\/person\\\/2d83cb8980538d0ec174e8a6284f5e11\"},\"headline\":\"Lan\u00e7ada 19\u00aa edi\u00e7\u00e3o da Revista do Minist\u00e9rio P\u00fablico de Contas do Paran\u00e1\",\"datePublished\":\"2024-04-02T17:07:49+00:00\",\"dateModified\":\"2024-04-11T13:02:16+00:00\",\"mainEntityOfPage\":{\"@id\":\"https:\\\/\\\/www.mpc.pr.gov.br\\\/index.php\\\/lancada-19a-edicao-da-revista-do-ministerio-publico-de-contas-do-parana\\\/\"},\"wordCount\":423,\"commentCount\":0,\"publisher\":{\"@id\":\"https:\\\/\\\/www.mpc.pr.gov.br\\\/#organization\"},\"image\":{\"@id\":\"https:\\\/\\\/www.mpc.pr.gov.br\\\/index.php\\\/lancada-19a-edicao-da-revista-do-ministerio-publico-de-contas-do-parana\\\/#primaryimage\"},\"thumbnailUrl\":\"https:\\\/\\\/www.mpc.pr.gov.br\\\/wp-content\\\/uploads\\\/2021\\\/05\\\/Imagem-Destaque-Revista-MPC-PR.png\",\"keywords\":[\"Administra\u00e7\u00e3o P\u00fablica\",\"Centro de Estudos\",\"Controle Externo\",\"Direito\",\"Direito Administrativo\u00b4\",\"MPC-PR\",\"Peri\u00f3dico\",\"Publica\u00e7\u00e3o\",\"Revista MPC-PR\"],\"articleSection\":[\"Todas as not\u00edcias\"],\"inLanguage\":\"pt-BR\",\"potentialAction\":[{\"@type\":\"CommentAction\",\"name\":\"Comment\",\"target\":[\"https:\\\/\\\/www.mpc.pr.gov.br\\\/index.php\\\/lancada-19a-edicao-da-revista-do-ministerio-publico-de-contas-do-parana\\\/#respond\"]}]},{\"@type\":\"WebPage\",\"@id\":\"https:\\\/\\\/www.mpc.pr.gov.br\\\/index.php\\\/lancada-19a-edicao-da-revista-do-ministerio-publico-de-contas-do-parana\\\/\",\"url\":\"https:\\\/\\\/www.mpc.pr.gov.br\\\/index.php\\\/lancada-19a-edicao-da-revista-do-ministerio-publico-de-contas-do-parana\\\/\",\"name\":\"Lan\u00e7ada 19\u00aa edi\u00e7\u00e3o da Revista do Minist\u00e9rio P\u00fablico de Contas do Paran\u00e1 - Minist\u00e9rio P\u00fablico de Contas do Estado do Paran\u00e1\",\"isPartOf\":{\"@id\":\"https:\\\/\\\/www.mpc.pr.gov.br\\\/#website\"},\"primaryImageOfPage\":{\"@id\":\"https:\\\/\\\/www.mpc.pr.gov.br\\\/index.php\\\/lancada-19a-edicao-da-revista-do-ministerio-publico-de-contas-do-parana\\\/#primaryimage\"},\"image\":{\"@id\":\"https:\\\/\\\/www.mpc.pr.gov.br\\\/index.php\\\/lancada-19a-edicao-da-revista-do-ministerio-publico-de-contas-do-parana\\\/#primaryimage\"},\"thumbnailUrl\":\"https:\\\/\\\/www.mpc.pr.gov.br\\\/wp-content\\\/uploads\\\/2021\\\/05\\\/Imagem-Destaque-Revista-MPC-PR.png\",\"datePublished\":\"2024-04-02T17:07:49+00:00\",\"dateModified\":\"2024-04-11T13:02:16+00:00\",\"breadcrumb\":{\"@id\":\"https:\\\/\\\/www.mpc.pr.gov.br\\\/index.php\\\/lancada-19a-edicao-da-revista-do-ministerio-publico-de-contas-do-parana\\\/#breadcrumb\"},\"inLanguage\":\"pt-BR\",\"potentialAction\":[{\"@type\":\"ReadAction\",\"target\":[\"https:\\\/\\\/www.mpc.pr.gov.br\\\/index.php\\\/lancada-19a-edicao-da-revista-do-ministerio-publico-de-contas-do-parana\\\/\"]}]},{\"@type\":\"ImageObject\",\"inLanguage\":\"pt-BR\",\"@id\":\"https:\\\/\\\/www.mpc.pr.gov.br\\\/index.php\\\/lancada-19a-edicao-da-revista-do-ministerio-publico-de-contas-do-parana\\\/#primaryimage\",\"url\":\"https:\\\/\\\/www.mpc.pr.gov.br\\\/wp-content\\\/uploads\\\/2021\\\/05\\\/Imagem-Destaque-Revista-MPC-PR.png\",\"contentUrl\":\"https:\\\/\\\/www.mpc.pr.gov.br\\\/wp-content\\\/uploads\\\/2021\\\/05\\\/Imagem-Destaque-Revista-MPC-PR.png\",\"width\":560,\"height\":315},{\"@type\":\"BreadcrumbList\",\"@id\":\"https:\\\/\\\/www.mpc.pr.gov.br\\\/index.php\\\/lancada-19a-edicao-da-revista-do-ministerio-publico-de-contas-do-parana\\\/#breadcrumb\",\"itemListElement\":[{\"@type\":\"ListItem\",\"position\":1,\"name\":\"In\u00edcio\",\"item\":\"https:\\\/\\\/www.mpc.pr.gov.br\\\/\"},{\"@type\":\"ListItem\",\"position\":2,\"name\":\"Lan\u00e7ada 19\u00aa edi\u00e7\u00e3o da Revista do Minist\u00e9rio P\u00fablico de Contas do Paran\u00e1\"}]},{\"@type\":\"WebSite\",\"@id\":\"https:\\\/\\\/www.mpc.pr.gov.br\\\/#website\",\"url\":\"https:\\\/\\\/www.mpc.pr.gov.br\\\/\",\"name\":\"Minist\u00e9rio P\u00fablico de Contas do Estado do Paran\u00e1\",\"description\":\"\",\"publisher\":{\"@id\":\"https:\\\/\\\/www.mpc.pr.gov.br\\\/#organization\"},\"potentialAction\":[{\"@type\":\"SearchAction\",\"target\":{\"@type\":\"EntryPoint\",\"urlTemplate\":\"https:\\\/\\\/www.mpc.pr.gov.br\\\/?s={search_term_string}\"},\"query-input\":{\"@type\":\"PropertyValueSpecification\",\"valueRequired\":true,\"valueName\":\"search_term_string\"}}],\"inLanguage\":\"pt-BR\"},{\"@type\":\"Organization\",\"@id\":\"https:\\\/\\\/www.mpc.pr.gov.br\\\/#organization\",\"name\":\"Minist\u00e9rio P\u00fablico de Contas do Estado do Paran\u00e1\",\"url\":\"https:\\\/\\\/www.mpc.pr.gov.br\\\/\",\"logo\":{\"@type\":\"ImageObject\",\"inLanguage\":\"pt-BR\",\"@id\":\"https:\\\/\\\/www.mpc.pr.gov.br\\\/#\\\/schema\\\/logo\\\/image\\\/\",\"url\":\"https:\\\/\\\/www.mpc.pr.gov.br\\\/wp-content\\\/uploads\\\/2020\\\/06\\\/99423647_1593460364143890_6706793420720963584_n-1-e1591387983167.png\",\"contentUrl\":\"https:\\\/\\\/www.mpc.pr.gov.br\\\/wp-content\\\/uploads\\\/2020\\\/06\\\/99423647_1593460364143890_6706793420720963584_n-1-e1591387983167.png\",\"width\":243,\"height\":73,\"caption\":\"Minist\u00e9rio P\u00fablico de Contas do Estado do Paran\u00e1\"},\"image\":{\"@id\":\"https:\\\/\\\/www.mpc.pr.gov.br\\\/#\\\/schema\\\/logo\\\/image\\\/\"},\"sameAs\":[\"https:\\\/\\\/www.facebook.com\\\/mpc.pr\",\"https:\\\/\\\/www.instagram.com\\\/mpc.pr\\\/?hl=pt-br\",\"https:\\\/\\\/www.youtube.com\\\/channel\\\/UCHri5oEM8DV0ztX57E0sBSw\"]},{\"@type\":\"Person\",\"@id\":\"https:\\\/\\\/www.mpc.pr.gov.br\\\/#\\\/schema\\\/person\\\/2d83cb8980538d0ec174e8a6284f5e11\",\"name\":\"mpcontaspr\",\"image\":{\"@type\":\"ImageObject\",\"inLanguage\":\"pt-BR\",\"@id\":\"https:\\\/\\\/secure.gravatar.com\\\/avatar\\\/1aef51541db7622e05fd639336c9c9f312c2a618396e2b6ca96846362fc5403f?s=96&d=mm&r=g\",\"url\":\"https:\\\/\\\/secure.gravatar.com\\\/avatar\\\/1aef51541db7622e05fd639336c9c9f312c2a618396e2b6ca96846362fc5403f?s=96&d=mm&r=g\",\"contentUrl\":\"https:\\\/\\\/secure.gravatar.com\\\/avatar\\\/1aef51541db7622e05fd639336c9c9f312c2a618396e2b6ca96846362fc5403f?s=96&d=mm&r=g\",\"caption\":\"mpcontaspr\"},\"sameAs\":[\"http:\\\/\\\/www.mpc.pr.gov.br\"]}]}<\/script>\n<!-- \/ Yoast SEO plugin. -->","yoast_head_json":{"title":"Lan\u00e7ada 19\u00aa edi\u00e7\u00e3o da Revista do Minist\u00e9rio P\u00fablico de Contas do Paran\u00e1 - Minist\u00e9rio P\u00fablico de Contas do Estado do Paran\u00e1","robots":{"index":"index","follow":"follow","max-snippet":"max-snippet:-1","max-image-preview":"max-image-preview:large","max-video-preview":"max-video-preview:-1"},"canonical":"https:\/\/www.mpc.pr.gov.br\/index.php\/lancada-19a-edicao-da-revista-do-ministerio-publico-de-contas-do-parana\/","og_locale":"pt_BR","og_type":"article","og_title":"Lan\u00e7ada 19\u00aa edi\u00e7\u00e3o da Revista do Minist\u00e9rio P\u00fablico de Contas do Paran\u00e1 - Minist\u00e9rio P\u00fablico de Contas do Estado do Paran\u00e1","og_description":"J\u00e1 est\u00e1 dispon\u00edvel a edi\u00e7\u00e3o de n\u00famero 19 (volume 10) da Revista institucional do Minist\u00e9rio P\u00fablico de Contas do Paran\u00e1 (MPC-PR) (estrato B3 \u2013 Qualis Peri\u00f3dicos). A publica\u00e7\u00e3o semestral, referente ao per\u00edodo de julho a dezembro de 2023, pode ser acessada online na plataforma exclusiva da Revista. A publica\u00e7\u00e3o, mantendo seu compromisso de publicar textos [&hellip;]","og_url":"https:\/\/www.mpc.pr.gov.br\/index.php\/lancada-19a-edicao-da-revista-do-ministerio-publico-de-contas-do-parana\/","og_site_name":"Minist\u00e9rio P\u00fablico de Contas do Estado do Paran\u00e1","article_publisher":"https:\/\/www.facebook.com\/mpc.pr","article_published_time":"2024-04-02T17:07:49+00:00","article_modified_time":"2024-04-11T13:02:16+00:00","og_image":[{"width":560,"height":315,"url":"https:\/\/www.mpc.pr.gov.br\/wp-content\/uploads\/2021\/05\/Imagem-Destaque-Revista-MPC-PR.png","type":"image\/png"}],"author":"mpcontaspr","twitter_card":"summary_large_image","twitter_misc":{"Escrito por":"mpcontaspr","Est. tempo de leitura":"3 minutos"},"schema":{"@context":"https:\/\/schema.org","@graph":[{"@type":"Article","@id":"https:\/\/www.mpc.pr.gov.br\/index.php\/lancada-19a-edicao-da-revista-do-ministerio-publico-de-contas-do-parana\/#article","isPartOf":{"@id":"https:\/\/www.mpc.pr.gov.br\/index.php\/lancada-19a-edicao-da-revista-do-ministerio-publico-de-contas-do-parana\/"},"author":{"name":"mpcontaspr","@id":"https:\/\/www.mpc.pr.gov.br\/#\/schema\/person\/2d83cb8980538d0ec174e8a6284f5e11"},"headline":"Lan\u00e7ada 19\u00aa edi\u00e7\u00e3o da Revista do Minist\u00e9rio P\u00fablico de Contas do Paran\u00e1","datePublished":"2024-04-02T17:07:49+00:00","dateModified":"2024-04-11T13:02:16+00:00","mainEntityOfPage":{"@id":"https:\/\/www.mpc.pr.gov.br\/index.php\/lancada-19a-edicao-da-revista-do-ministerio-publico-de-contas-do-parana\/"},"wordCount":423,"commentCount":0,"publisher":{"@id":"https:\/\/www.mpc.pr.gov.br\/#organization"},"image":{"@id":"https:\/\/www.mpc.pr.gov.br\/index.php\/lancada-19a-edicao-da-revista-do-ministerio-publico-de-contas-do-parana\/#primaryimage"},"thumbnailUrl":"https:\/\/www.mpc.pr.gov.br\/wp-content\/uploads\/2021\/05\/Imagem-Destaque-Revista-MPC-PR.png","keywords":["Administra\u00e7\u00e3o P\u00fablica","Centro de Estudos","Controle Externo","Direito","Direito Administrativo\u00b4","MPC-PR","Peri\u00f3dico","Publica\u00e7\u00e3o","Revista MPC-PR"],"articleSection":["Todas as not\u00edcias"],"inLanguage":"pt-BR","potentialAction":[{"@type":"CommentAction","name":"Comment","target":["https:\/\/www.mpc.pr.gov.br\/index.php\/lancada-19a-edicao-da-revista-do-ministerio-publico-de-contas-do-parana\/#respond"]}]},{"@type":"WebPage","@id":"https:\/\/www.mpc.pr.gov.br\/index.php\/lancada-19a-edicao-da-revista-do-ministerio-publico-de-contas-do-parana\/","url":"https:\/\/www.mpc.pr.gov.br\/index.php\/lancada-19a-edicao-da-revista-do-ministerio-publico-de-contas-do-parana\/","name":"Lan\u00e7ada 19\u00aa edi\u00e7\u00e3o da Revista do Minist\u00e9rio P\u00fablico de Contas do Paran\u00e1 - Minist\u00e9rio P\u00fablico de Contas do Estado do Paran\u00e1","isPartOf":{"@id":"https:\/\/www.mpc.pr.gov.br\/#website"},"primaryImageOfPage":{"@id":"https:\/\/www.mpc.pr.gov.br\/index.php\/lancada-19a-edicao-da-revista-do-ministerio-publico-de-contas-do-parana\/#primaryimage"},"image":{"@id":"https:\/\/www.mpc.pr.gov.br\/index.php\/lancada-19a-edicao-da-revista-do-ministerio-publico-de-contas-do-parana\/#primaryimage"},"thumbnailUrl":"https:\/\/www.mpc.pr.gov.br\/wp-content\/uploads\/2021\/05\/Imagem-Destaque-Revista-MPC-PR.png","datePublished":"2024-04-02T17:07:49+00:00","dateModified":"2024-04-11T13:02:16+00:00","breadcrumb":{"@id":"https:\/\/www.mpc.pr.gov.br\/index.php\/lancada-19a-edicao-da-revista-do-ministerio-publico-de-contas-do-parana\/#breadcrumb"},"inLanguage":"pt-BR","potentialAction":[{"@type":"ReadAction","target":["https:\/\/www.mpc.pr.gov.br\/index.php\/lancada-19a-edicao-da-revista-do-ministerio-publico-de-contas-do-parana\/"]}]},{"@type":"ImageObject","inLanguage":"pt-BR","@id":"https:\/\/www.mpc.pr.gov.br\/index.php\/lancada-19a-edicao-da-revista-do-ministerio-publico-de-contas-do-parana\/#primaryimage","url":"https:\/\/www.mpc.pr.gov.br\/wp-content\/uploads\/2021\/05\/Imagem-Destaque-Revista-MPC-PR.png","contentUrl":"https:\/\/www.mpc.pr.gov.br\/wp-content\/uploads\/2021\/05\/Imagem-Destaque-Revista-MPC-PR.png","width":560,"height":315},{"@type":"BreadcrumbList","@id":"https:\/\/www.mpc.pr.gov.br\/index.php\/lancada-19a-edicao-da-revista-do-ministerio-publico-de-contas-do-parana\/#breadcrumb","itemListElement":[{"@type":"ListItem","position":1,"name":"In\u00edcio","item":"https:\/\/www.mpc.pr.gov.br\/"},{"@type":"ListItem","position":2,"name":"Lan\u00e7ada 19\u00aa edi\u00e7\u00e3o da Revista do Minist\u00e9rio P\u00fablico de Contas do Paran\u00e1"}]},{"@type":"WebSite","@id":"https:\/\/www.mpc.pr.gov.br\/#website","url":"https:\/\/www.mpc.pr.gov.br\/","name":"Minist\u00e9rio P\u00fablico de Contas do Estado do Paran\u00e1","description":"","publisher":{"@id":"https:\/\/www.mpc.pr.gov.br\/#organization"},"potentialAction":[{"@type":"SearchAction","target":{"@type":"EntryPoint","urlTemplate":"https:\/\/www.mpc.pr.gov.br\/?s={search_term_string}"},"query-input":{"@type":"PropertyValueSpecification","valueRequired":true,"valueName":"search_term_string"}}],"inLanguage":"pt-BR"},{"@type":"Organization","@id":"https:\/\/www.mpc.pr.gov.br\/#organization","name":"Minist\u00e9rio P\u00fablico de Contas do Estado do Paran\u00e1","url":"https:\/\/www.mpc.pr.gov.br\/","logo":{"@type":"ImageObject","inLanguage":"pt-BR","@id":"https:\/\/www.mpc.pr.gov.br\/#\/schema\/logo\/image\/","url":"https:\/\/www.mpc.pr.gov.br\/wp-content\/uploads\/2020\/06\/99423647_1593460364143890_6706793420720963584_n-1-e1591387983167.png","contentUrl":"https:\/\/www.mpc.pr.gov.br\/wp-content\/uploads\/2020\/06\/99423647_1593460364143890_6706793420720963584_n-1-e1591387983167.png","width":243,"height":73,"caption":"Minist\u00e9rio P\u00fablico de Contas do Estado do Paran\u00e1"},"image":{"@id":"https:\/\/www.mpc.pr.gov.br\/#\/schema\/logo\/image\/"},"sameAs":["https:\/\/www.facebook.com\/mpc.pr","https:\/\/www.instagram.com\/mpc.pr\/?hl=pt-br","https:\/\/www.youtube.com\/channel\/UCHri5oEM8DV0ztX57E0sBSw"]},{"@type":"Person","@id":"https:\/\/www.mpc.pr.gov.br\/#\/schema\/person\/2d83cb8980538d0ec174e8a6284f5e11","name":"mpcontaspr","image":{"@type":"ImageObject","inLanguage":"pt-BR","@id":"https:\/\/secure.gravatar.com\/avatar\/1aef51541db7622e05fd639336c9c9f312c2a618396e2b6ca96846362fc5403f?s=96&d=mm&r=g","url":"https:\/\/secure.gravatar.com\/avatar\/1aef51541db7622e05fd639336c9c9f312c2a618396e2b6ca96846362fc5403f?s=96&d=mm&r=g","contentUrl":"https:\/\/secure.gravatar.com\/avatar\/1aef51541db7622e05fd639336c9c9f312c2a618396e2b6ca96846362fc5403f?s=96&d=mm&r=g","caption":"mpcontaspr"},"sameAs":["http:\/\/www.mpc.pr.gov.br"]}]}},"rttpg_featured_image_url":{"full":["https:\/\/www.mpc.pr.gov.br\/wp-content\/uploads\/2021\/05\/Imagem-Destaque-Revista-MPC-PR.png",560,315,false],"landscape":["https:\/\/www.mpc.pr.gov.br\/wp-content\/uploads\/2021\/05\/Imagem-Destaque-Revista-MPC-PR.png",560,315,false],"portraits":["https:\/\/www.mpc.pr.gov.br\/wp-content\/uploads\/2021\/05\/Imagem-Destaque-Revista-MPC-PR.png",560,315,false],"thumbnail":["https:\/\/www.mpc.pr.gov.br\/wp-content\/uploads\/2021\/05\/Imagem-Destaque-Revista-MPC-PR-150x150.png",150,150,true],"medium":["https:\/\/www.mpc.pr.gov.br\/wp-content\/uploads\/2021\/05\/Imagem-Destaque-Revista-MPC-PR-300x169.png",300,169,true],"large":["https:\/\/www.mpc.pr.gov.br\/wp-content\/uploads\/2021\/05\/Imagem-Destaque-Revista-MPC-PR.png",560,315,false],"1536x1536":["https:\/\/www.mpc.pr.gov.br\/wp-content\/uploads\/2021\/05\/Imagem-Destaque-Revista-MPC-PR.png",560,315,false],"2048x2048":["https:\/\/www.mpc.pr.gov.br\/wp-content\/uploads\/2021\/05\/Imagem-Destaque-Revista-MPC-PR.png",560,315,false],"ocean-thumb-m":["https:\/\/www.mpc.pr.gov.br\/wp-content\/uploads\/2021\/05\/Imagem-Destaque-Revista-MPC-PR.png",560,315,false],"ocean-thumb-ml":["https:\/\/www.mpc.pr.gov.br\/wp-content\/uploads\/2021\/05\/Imagem-Destaque-Revista-MPC-PR.png",560,315,false],"ocean-thumb-l":["https:\/\/www.mpc.pr.gov.br\/wp-content\/uploads\/2021\/05\/Imagem-Destaque-Revista-MPC-PR.png",560,315,false]},"rttpg_author":{"display_name":"mpcontaspr","author_link":"https:\/\/www.mpc.pr.gov.br\/index.php\/author\/mpcontaspr\/"},"rttpg_comment":0,"rttpg_category":"<a href=\"https:\/\/www.mpc.pr.gov.br\/index.php\/category\/todas-as-noticias\/\" rel=\"category tag\">Todas as not\u00edcias<\/a>","rttpg_excerpt":"J\u00e1 est\u00e1 dispon\u00edvel a edi\u00e7\u00e3o de n\u00famero 19 (volume 10) da Revista institucional do Minist\u00e9rio P\u00fablico de Contas do Paran\u00e1 (MPC-PR) (estrato B3 \u2013 Qualis Peri\u00f3dicos). A publica\u00e7\u00e3o semestral, referente ao per\u00edodo de julho a dezembro de 2023, pode ser acessada online na plataforma exclusiva da Revista. A publica\u00e7\u00e3o, mantendo seu compromisso de publicar textos&hellip;","_links":{"self":[{"href":"https:\/\/www.mpc.pr.gov.br\/index.php\/wp-json\/wp\/v2\/posts\/18974","targetHints":{"allow":["GET"]}}],"collection":[{"href":"https:\/\/www.mpc.pr.gov.br\/index.php\/wp-json\/wp\/v2\/posts"}],"about":[{"href":"https:\/\/www.mpc.pr.gov.br\/index.php\/wp-json\/wp\/v2\/types\/post"}],"author":[{"embeddable":true,"href":"https:\/\/www.mpc.pr.gov.br\/index.php\/wp-json\/wp\/v2\/users\/1"}],"replies":[{"embeddable":true,"href":"https:\/\/www.mpc.pr.gov.br\/index.php\/wp-json\/wp\/v2\/comments?post=18974"}],"version-history":[{"count":1,"href":"https:\/\/www.mpc.pr.gov.br\/index.php\/wp-json\/wp\/v2\/posts\/18974\/revisions"}],"predecessor-version":[{"id":18976,"href":"https:\/\/www.mpc.pr.gov.br\/index.php\/wp-json\/wp\/v2\/posts\/18974\/revisions\/18976"}],"wp:featuredmedia":[{"embeddable":true,"href":"https:\/\/www.mpc.pr.gov.br\/index.php\/wp-json\/wp\/v2\/media\/12133"}],"wp:attachment":[{"href":"https:\/\/www.mpc.pr.gov.br\/index.php\/wp-json\/wp\/v2\/media?parent=18974"}],"wp:term":[{"taxonomy":"category","embeddable":true,"href":"https:\/\/www.mpc.pr.gov.br\/index.php\/wp-json\/wp\/v2\/categories?post=18974"},{"taxonomy":"post_tag","embeddable":true,"href":"https:\/\/www.mpc.pr.gov.br\/index.php\/wp-json\/wp\/v2\/tags?post=18974"}],"curies":[{"name":"wp","href":"https:\/\/api.w.org\/{rel}","templated":true}]}}