{"id":19089,"date":"2024-04-26T14:31:51","date_gmt":"2024-04-26T17:31:51","guid":{"rendered":"https:\/\/www.mpc.pr.gov.br\/?p=19089"},"modified":"2024-05-08T16:07:01","modified_gmt":"2024-05-08T19:07:01","slug":"novo-procurador-geral-do-mpc-pr-toma-posse-no-dia-8-de-maio","status":"publish","type":"post","link":"https:\/\/www.mpc.pr.gov.br\/index.php\/novo-procurador-geral-do-mpc-pr-toma-posse-no-dia-8-de-maio\/","title":{"rendered":"Novo Procurador-Geral do MPC-PR toma posse no dia 8 de maio"},"content":{"rendered":"<p><span data-contrast=\"auto\"><img fetchpriority=\"high\" decoding=\"async\" class=\"size-medium wp-image-18938 alignleft\" src=\"https:\/\/www.mpc.pr.gov.br\/wp-content\/uploads\/2024\/03\/Procurador-Gabriel-Guy-Leger-2024-e1712753939424-300x298.jpg\" alt=\"\" width=\"300\" height=\"298\" srcset=\"https:\/\/www.mpc.pr.gov.br\/wp-content\/uploads\/2024\/03\/Procurador-Gabriel-Guy-Leger-2024-e1712753939424-300x298.jpg 300w, https:\/\/www.mpc.pr.gov.br\/wp-content\/uploads\/2024\/03\/Procurador-Gabriel-Guy-Leger-2024-e1712753939424-150x150.jpg 150w, https:\/\/www.mpc.pr.gov.br\/wp-content\/uploads\/2024\/03\/Procurador-Gabriel-Guy-Leger-2024-e1712753939424.jpg 500w\" sizes=\"(max-width: 300px) 100vw, 300px\" \/>O Procurador Gabriel Guy L\u00e9ger chefiar\u00e1 o Minist\u00e9rio P\u00fablico de Contas do Paran\u00e1 (MPC-PR) nos pr\u00f3ximos dois anos (bi\u00eanio 2024-2026). A cerim\u00f4nia de posse ao cargo de Procurador-Geral ser\u00e1 realizada no dia 8 de maio, \u00e0s 14 horas, na sess\u00e3o do Pleno do Tribunal de Contas do Estado (TCE-PR). Logo ap\u00f3s a solenidade, ser\u00e1 dado in\u00edcio a sess\u00e3o ordin\u00e1ria agendada para a mesma data.\u00a0 <\/span><span data-ccp-props=\"{&quot;201341983&quot;:0,&quot;335551550&quot;:6,&quot;335551620&quot;:6,&quot;335559685&quot;:0,&quot;335559739&quot;:160,&quot;335559740&quot;:360}\">\u00a0<\/span><\/p>\n<p><span data-contrast=\"auto\">Eleito por unanimidade entre seus pares, o Procurador foi nomeado pelo Governador do Estado, Carlos Massa Ratinho Junior, por meio de Decreto n\u00b0 5395\/2024, publicado na edi\u00e7\u00e3o do Di\u00e1rio Oficial do Estado n\u00b0 11634, de 8 de abril de 2024.<\/span><span data-ccp-props=\"{&quot;201341983&quot;:0,&quot;335551550&quot;:6,&quot;335551620&quot;:6,&quot;335559685&quot;:0,&quot;335559739&quot;:160,&quot;335559740&quot;:360}\">\u00a0<\/span><\/p>\n<p><span data-contrast=\"auto\">Pela segunda vez \u00e0 frente da institui\u00e7\u00e3o \u2014 tendo seu primeiro mandato ocorrido no bi\u00eanio 2005-2006 \u2014, L\u00e9ger ir\u00e1 suceder a Procuradora Val\u00e9ria Borba, que ocupou o cargo de Procuradora-Geral durante os bi\u00eanios 2020-2022 e 2022-2024. <\/span><span data-ccp-props=\"{&quot;201341983&quot;:0,&quot;335551550&quot;:6,&quot;335551620&quot;:6,&quot;335559685&quot;:0,&quot;335559739&quot;:160,&quot;335559740&quot;:360}\">\u00a0<\/span><\/p>\n<p><b><span data-contrast=\"auto\">Gabriel Guy L\u00e9ger <\/span><\/b><span data-ccp-props=\"{&quot;201341983&quot;:0,&quot;335551550&quot;:6,&quot;335551620&quot;:6,&quot;335559685&quot;:0,&quot;335559739&quot;:160,&quot;335559740&quot;:360}\">\u00a0<\/span><\/p>\n<p><span data-contrast=\"auto\">Natural de Curitiba, Gabriel Guy L\u00e9ger foi nomeado Procurador do MPC-PR em 1998 (Decreto n\u00b0 4.361\/1998). Formado em Direito pela Faculdade de Direito Curitiba, possui especializa\u00e7\u00f5es em Direito pela \u00c9cole Nacional de la Magistrature (ENM) e pela \u00c9cole Nationale d\u2019Administration (ENA), cursadas na Fran\u00e7a. Foi Procurador-Geral do MPC-PR no bi\u00eanio 2005-2006 e integrou o Conselho Superior na institui\u00e7\u00e3o no bi\u00eanio 2014-2015.<\/span><span data-ccp-props=\"{&quot;201341983&quot;:0,&quot;335551550&quot;:6,&quot;335551620&quot;:6,&quot;335559685&quot;:0,&quot;335559739&quot;:160,&quot;335559740&quot;:360}\">\u00a0<\/span><\/p>\n","protected":false},"excerpt":{"rendered":"<p>O Procurador Gabriel Guy L\u00e9ger chefiar\u00e1 o Minist\u00e9rio P\u00fablico de Contas do Paran\u00e1 (MPC-PR) nos pr\u00f3ximos dois anos (bi\u00eanio 2024-2026). A cerim\u00f4nia de posse ao cargo de Procurador-Geral ser\u00e1 realizada no dia 8 de maio, \u00e0s 14 horas, na sess\u00e3o do Pleno do Tribunal de Contas do Estado (TCE-PR). Logo ap\u00f3s a solenidade, ser\u00e1 dado [&hellip;]<\/p>\n","protected":false},"author":1,"featured_media":18938,"comment_status":"open","ping_status":"open","sticky":false,"template":"","format":"standard","meta":{"_monsterinsights_skip_tracking":false,"_monsterinsights_sitenote_active":false,"_monsterinsights_sitenote_note":"","_monsterinsights_sitenote_category":0,"footnotes":""},"categories":[7],"tags":[],"class_list":["post-19089","post","type-post","status-publish","format-standard","has-post-thumbnail","hentry","category-todas-as-noticias","entry","has-media"],"yoast_head":"<!-- This site is optimized with the Yoast SEO plugin v27.3 - https:\/\/yoast.com\/product\/yoast-seo-wordpress\/ -->\n<title>Novo Procurador-Geral do MPC-PR toma posse no dia 8 de maio - Minist\u00e9rio P\u00fablico de Contas do Estado do Paran\u00e1<\/title>\n<meta name=\"robots\" content=\"index, follow, max-snippet:-1, max-image-preview:large, max-video-preview:-1\" \/>\n<link rel=\"canonical\" href=\"https:\/\/www.mpc.pr.gov.br\/index.php\/novo-procurador-geral-do-mpc-pr-toma-posse-no-dia-8-de-maio\/\" \/>\n<meta property=\"og:locale\" content=\"pt_BR\" \/>\n<meta property=\"og:type\" content=\"article\" \/>\n<meta property=\"og:title\" content=\"Novo Procurador-Geral do MPC-PR toma posse no dia 8 de maio - Minist\u00e9rio P\u00fablico de Contas do Estado do Paran\u00e1\" \/>\n<meta property=\"og:description\" content=\"O Procurador Gabriel Guy L\u00e9ger chefiar\u00e1 o Minist\u00e9rio P\u00fablico de Contas do Paran\u00e1 (MPC-PR) nos pr\u00f3ximos dois anos (bi\u00eanio 2024-2026). A cerim\u00f4nia de posse ao cargo de Procurador-Geral ser\u00e1 realizada no dia 8 de maio, \u00e0s 14 horas, na sess\u00e3o do Pleno do Tribunal de Contas do Estado (TCE-PR). Logo ap\u00f3s a solenidade, ser\u00e1 dado [&hellip;]\" \/>\n<meta property=\"og:url\" content=\"https:\/\/www.mpc.pr.gov.br\/index.php\/novo-procurador-geral-do-mpc-pr-toma-posse-no-dia-8-de-maio\/\" \/>\n<meta property=\"og:site_name\" content=\"Minist\u00e9rio P\u00fablico de Contas do Estado do Paran\u00e1\" \/>\n<meta property=\"article:publisher\" content=\"https:\/\/www.facebook.com\/mpc.pr\" \/>\n<meta property=\"article:published_time\" content=\"2024-04-26T17:31:51+00:00\" \/>\n<meta property=\"article:modified_time\" content=\"2024-05-08T19:07:01+00:00\" \/>\n<meta property=\"og:image\" content=\"https:\/\/www.mpc.pr.gov.br\/wp-content\/uploads\/2024\/03\/Procurador-Gabriel-Guy-Leger-2024-e1712753939424.jpg\" \/>\n\t<meta property=\"og:image:width\" content=\"500\" \/>\n\t<meta property=\"og:image:height\" content=\"497\" \/>\n\t<meta property=\"og:image:type\" content=\"image\/jpeg\" \/>\n<meta name=\"author\" content=\"mpcontaspr\" \/>\n<meta name=\"twitter:card\" content=\"summary_large_image\" \/>\n<meta name=\"twitter:label1\" content=\"Escrito por\" \/>\n\t<meta name=\"twitter:data1\" content=\"mpcontaspr\" \/>\n\t<meta name=\"twitter:label2\" content=\"Est. tempo de leitura\" \/>\n\t<meta name=\"twitter:data2\" content=\"2 minutos\" \/>\n<script type=\"application\/ld+json\" class=\"yoast-schema-graph\">{\"@context\":\"https:\\\/\\\/schema.org\",\"@graph\":[{\"@type\":\"Article\",\"@id\":\"https:\\\/\\\/www.mpc.pr.gov.br\\\/index.php\\\/novo-procurador-geral-do-mpc-pr-toma-posse-no-dia-8-de-maio\\\/#article\",\"isPartOf\":{\"@id\":\"https:\\\/\\\/www.mpc.pr.gov.br\\\/index.php\\\/novo-procurador-geral-do-mpc-pr-toma-posse-no-dia-8-de-maio\\\/\"},\"author\":{\"name\":\"mpcontaspr\",\"@id\":\"https:\\\/\\\/www.mpc.pr.gov.br\\\/#\\\/schema\\\/person\\\/2d83cb8980538d0ec174e8a6284f5e11\"},\"headline\":\"Novo Procurador-Geral do MPC-PR toma posse no dia 8 de maio\",\"datePublished\":\"2024-04-26T17:31:51+00:00\",\"dateModified\":\"2024-05-08T19:07:01+00:00\",\"mainEntityOfPage\":{\"@id\":\"https:\\\/\\\/www.mpc.pr.gov.br\\\/index.php\\\/novo-procurador-geral-do-mpc-pr-toma-posse-no-dia-8-de-maio\\\/\"},\"wordCount\":229,\"commentCount\":0,\"publisher\":{\"@id\":\"https:\\\/\\\/www.mpc.pr.gov.br\\\/#organization\"},\"image\":{\"@id\":\"https:\\\/\\\/www.mpc.pr.gov.br\\\/index.php\\\/novo-procurador-geral-do-mpc-pr-toma-posse-no-dia-8-de-maio\\\/#primaryimage\"},\"thumbnailUrl\":\"https:\\\/\\\/www.mpc.pr.gov.br\\\/wp-content\\\/uploads\\\/2024\\\/03\\\/Procurador-Gabriel-Guy-Leger-2024-e1712753939424.jpg\",\"articleSection\":[\"Todas as not\u00edcias\"],\"inLanguage\":\"pt-BR\",\"potentialAction\":[{\"@type\":\"CommentAction\",\"name\":\"Comment\",\"target\":[\"https:\\\/\\\/www.mpc.pr.gov.br\\\/index.php\\\/novo-procurador-geral-do-mpc-pr-toma-posse-no-dia-8-de-maio\\\/#respond\"]}]},{\"@type\":\"WebPage\",\"@id\":\"https:\\\/\\\/www.mpc.pr.gov.br\\\/index.php\\\/novo-procurador-geral-do-mpc-pr-toma-posse-no-dia-8-de-maio\\\/\",\"url\":\"https:\\\/\\\/www.mpc.pr.gov.br\\\/index.php\\\/novo-procurador-geral-do-mpc-pr-toma-posse-no-dia-8-de-maio\\\/\",\"name\":\"Novo Procurador-Geral do MPC-PR toma posse no dia 8 de maio - Minist\u00e9rio P\u00fablico de Contas do Estado do Paran\u00e1\",\"isPartOf\":{\"@id\":\"https:\\\/\\\/www.mpc.pr.gov.br\\\/#website\"},\"primaryImageOfPage\":{\"@id\":\"https:\\\/\\\/www.mpc.pr.gov.br\\\/index.php\\\/novo-procurador-geral-do-mpc-pr-toma-posse-no-dia-8-de-maio\\\/#primaryimage\"},\"image\":{\"@id\":\"https:\\\/\\\/www.mpc.pr.gov.br\\\/index.php\\\/novo-procurador-geral-do-mpc-pr-toma-posse-no-dia-8-de-maio\\\/#primaryimage\"},\"thumbnailUrl\":\"https:\\\/\\\/www.mpc.pr.gov.br\\\/wp-content\\\/uploads\\\/2024\\\/03\\\/Procurador-Gabriel-Guy-Leger-2024-e1712753939424.jpg\",\"datePublished\":\"2024-04-26T17:31:51+00:00\",\"dateModified\":\"2024-05-08T19:07:01+00:00\",\"breadcrumb\":{\"@id\":\"https:\\\/\\\/www.mpc.pr.gov.br\\\/index.php\\\/novo-procurador-geral-do-mpc-pr-toma-posse-no-dia-8-de-maio\\\/#breadcrumb\"},\"inLanguage\":\"pt-BR\",\"potentialAction\":[{\"@type\":\"ReadAction\",\"target\":[\"https:\\\/\\\/www.mpc.pr.gov.br\\\/index.php\\\/novo-procurador-geral-do-mpc-pr-toma-posse-no-dia-8-de-maio\\\/\"]}]},{\"@type\":\"ImageObject\",\"inLanguage\":\"pt-BR\",\"@id\":\"https:\\\/\\\/www.mpc.pr.gov.br\\\/index.php\\\/novo-procurador-geral-do-mpc-pr-toma-posse-no-dia-8-de-maio\\\/#primaryimage\",\"url\":\"https:\\\/\\\/www.mpc.pr.gov.br\\\/wp-content\\\/uploads\\\/2024\\\/03\\\/Procurador-Gabriel-Guy-Leger-2024-e1712753939424.jpg\",\"contentUrl\":\"https:\\\/\\\/www.mpc.pr.gov.br\\\/wp-content\\\/uploads\\\/2024\\\/03\\\/Procurador-Gabriel-Guy-Leger-2024-e1712753939424.jpg\",\"width\":500,\"height\":497},{\"@type\":\"BreadcrumbList\",\"@id\":\"https:\\\/\\\/www.mpc.pr.gov.br\\\/index.php\\\/novo-procurador-geral-do-mpc-pr-toma-posse-no-dia-8-de-maio\\\/#breadcrumb\",\"itemListElement\":[{\"@type\":\"ListItem\",\"position\":1,\"name\":\"In\u00edcio\",\"item\":\"https:\\\/\\\/www.mpc.pr.gov.br\\\/\"},{\"@type\":\"ListItem\",\"position\":2,\"name\":\"Novo Procurador-Geral do MPC-PR toma posse no dia 8 de maio\"}]},{\"@type\":\"WebSite\",\"@id\":\"https:\\\/\\\/www.mpc.pr.gov.br\\\/#website\",\"url\":\"https:\\\/\\\/www.mpc.pr.gov.br\\\/\",\"name\":\"Minist\u00e9rio P\u00fablico de Contas do Estado do Paran\u00e1\",\"description\":\"\",\"publisher\":{\"@id\":\"https:\\\/\\\/www.mpc.pr.gov.br\\\/#organization\"},\"potentialAction\":[{\"@type\":\"SearchAction\",\"target\":{\"@type\":\"EntryPoint\",\"urlTemplate\":\"https:\\\/\\\/www.mpc.pr.gov.br\\\/?s={search_term_string}\"},\"query-input\":{\"@type\":\"PropertyValueSpecification\",\"valueRequired\":true,\"valueName\":\"search_term_string\"}}],\"inLanguage\":\"pt-BR\"},{\"@type\":\"Organization\",\"@id\":\"https:\\\/\\\/www.mpc.pr.gov.br\\\/#organization\",\"name\":\"Minist\u00e9rio P\u00fablico de Contas do Estado do Paran\u00e1\",\"url\":\"https:\\\/\\\/www.mpc.pr.gov.br\\\/\",\"logo\":{\"@type\":\"ImageObject\",\"inLanguage\":\"pt-BR\",\"@id\":\"https:\\\/\\\/www.mpc.pr.gov.br\\\/#\\\/schema\\\/logo\\\/image\\\/\",\"url\":\"https:\\\/\\\/www.mpc.pr.gov.br\\\/wp-content\\\/uploads\\\/2020\\\/06\\\/99423647_1593460364143890_6706793420720963584_n-1-e1591387983167.png\",\"contentUrl\":\"https:\\\/\\\/www.mpc.pr.gov.br\\\/wp-content\\\/uploads\\\/2020\\\/06\\\/99423647_1593460364143890_6706793420720963584_n-1-e1591387983167.png\",\"width\":243,\"height\":73,\"caption\":\"Minist\u00e9rio P\u00fablico de Contas do Estado do Paran\u00e1\"},\"image\":{\"@id\":\"https:\\\/\\\/www.mpc.pr.gov.br\\\/#\\\/schema\\\/logo\\\/image\\\/\"},\"sameAs\":[\"https:\\\/\\\/www.facebook.com\\\/mpc.pr\",\"https:\\\/\\\/www.instagram.com\\\/mpc.pr\\\/?hl=pt-br\",\"https:\\\/\\\/www.youtube.com\\\/channel\\\/UCHri5oEM8DV0ztX57E0sBSw\"]},{\"@type\":\"Person\",\"@id\":\"https:\\\/\\\/www.mpc.pr.gov.br\\\/#\\\/schema\\\/person\\\/2d83cb8980538d0ec174e8a6284f5e11\",\"name\":\"mpcontaspr\",\"image\":{\"@type\":\"ImageObject\",\"inLanguage\":\"pt-BR\",\"@id\":\"https:\\\/\\\/secure.gravatar.com\\\/avatar\\\/1aef51541db7622e05fd639336c9c9f312c2a618396e2b6ca96846362fc5403f?s=96&d=mm&r=g\",\"url\":\"https:\\\/\\\/secure.gravatar.com\\\/avatar\\\/1aef51541db7622e05fd639336c9c9f312c2a618396e2b6ca96846362fc5403f?s=96&d=mm&r=g\",\"contentUrl\":\"https:\\\/\\\/secure.gravatar.com\\\/avatar\\\/1aef51541db7622e05fd639336c9c9f312c2a618396e2b6ca96846362fc5403f?s=96&d=mm&r=g\",\"caption\":\"mpcontaspr\"},\"sameAs\":[\"http:\\\/\\\/www.mpc.pr.gov.br\"]}]}<\/script>\n<!-- \/ Yoast SEO plugin. -->","yoast_head_json":{"title":"Novo Procurador-Geral do MPC-PR toma posse no dia 8 de maio - Minist\u00e9rio P\u00fablico de Contas do Estado do Paran\u00e1","robots":{"index":"index","follow":"follow","max-snippet":"max-snippet:-1","max-image-preview":"max-image-preview:large","max-video-preview":"max-video-preview:-1"},"canonical":"https:\/\/www.mpc.pr.gov.br\/index.php\/novo-procurador-geral-do-mpc-pr-toma-posse-no-dia-8-de-maio\/","og_locale":"pt_BR","og_type":"article","og_title":"Novo Procurador-Geral do MPC-PR toma posse no dia 8 de maio - Minist\u00e9rio P\u00fablico de Contas do Estado do Paran\u00e1","og_description":"O Procurador Gabriel Guy L\u00e9ger chefiar\u00e1 o Minist\u00e9rio P\u00fablico de Contas do Paran\u00e1 (MPC-PR) nos pr\u00f3ximos dois anos (bi\u00eanio 2024-2026). A cerim\u00f4nia de posse ao cargo de Procurador-Geral ser\u00e1 realizada no dia 8 de maio, \u00e0s 14 horas, na sess\u00e3o do Pleno do Tribunal de Contas do Estado (TCE-PR). Logo ap\u00f3s a solenidade, ser\u00e1 dado [&hellip;]","og_url":"https:\/\/www.mpc.pr.gov.br\/index.php\/novo-procurador-geral-do-mpc-pr-toma-posse-no-dia-8-de-maio\/","og_site_name":"Minist\u00e9rio P\u00fablico de Contas do Estado do Paran\u00e1","article_publisher":"https:\/\/www.facebook.com\/mpc.pr","article_published_time":"2024-04-26T17:31:51+00:00","article_modified_time":"2024-05-08T19:07:01+00:00","og_image":[{"width":500,"height":497,"url":"https:\/\/www.mpc.pr.gov.br\/wp-content\/uploads\/2024\/03\/Procurador-Gabriel-Guy-Leger-2024-e1712753939424.jpg","type":"image\/jpeg"}],"author":"mpcontaspr","twitter_card":"summary_large_image","twitter_misc":{"Escrito por":"mpcontaspr","Est. tempo de leitura":"2 minutos"},"schema":{"@context":"https:\/\/schema.org","@graph":[{"@type":"Article","@id":"https:\/\/www.mpc.pr.gov.br\/index.php\/novo-procurador-geral-do-mpc-pr-toma-posse-no-dia-8-de-maio\/#article","isPartOf":{"@id":"https:\/\/www.mpc.pr.gov.br\/index.php\/novo-procurador-geral-do-mpc-pr-toma-posse-no-dia-8-de-maio\/"},"author":{"name":"mpcontaspr","@id":"https:\/\/www.mpc.pr.gov.br\/#\/schema\/person\/2d83cb8980538d0ec174e8a6284f5e11"},"headline":"Novo Procurador-Geral do MPC-PR toma posse no dia 8 de maio","datePublished":"2024-04-26T17:31:51+00:00","dateModified":"2024-05-08T19:07:01+00:00","mainEntityOfPage":{"@id":"https:\/\/www.mpc.pr.gov.br\/index.php\/novo-procurador-geral-do-mpc-pr-toma-posse-no-dia-8-de-maio\/"},"wordCount":229,"commentCount":0,"publisher":{"@id":"https:\/\/www.mpc.pr.gov.br\/#organization"},"image":{"@id":"https:\/\/www.mpc.pr.gov.br\/index.php\/novo-procurador-geral-do-mpc-pr-toma-posse-no-dia-8-de-maio\/#primaryimage"},"thumbnailUrl":"https:\/\/www.mpc.pr.gov.br\/wp-content\/uploads\/2024\/03\/Procurador-Gabriel-Guy-Leger-2024-e1712753939424.jpg","articleSection":["Todas as not\u00edcias"],"inLanguage":"pt-BR","potentialAction":[{"@type":"CommentAction","name":"Comment","target":["https:\/\/www.mpc.pr.gov.br\/index.php\/novo-procurador-geral-do-mpc-pr-toma-posse-no-dia-8-de-maio\/#respond"]}]},{"@type":"WebPage","@id":"https:\/\/www.mpc.pr.gov.br\/index.php\/novo-procurador-geral-do-mpc-pr-toma-posse-no-dia-8-de-maio\/","url":"https:\/\/www.mpc.pr.gov.br\/index.php\/novo-procurador-geral-do-mpc-pr-toma-posse-no-dia-8-de-maio\/","name":"Novo Procurador-Geral do MPC-PR toma posse no dia 8 de maio - Minist\u00e9rio P\u00fablico de Contas do Estado do Paran\u00e1","isPartOf":{"@id":"https:\/\/www.mpc.pr.gov.br\/#website"},"primaryImageOfPage":{"@id":"https:\/\/www.mpc.pr.gov.br\/index.php\/novo-procurador-geral-do-mpc-pr-toma-posse-no-dia-8-de-maio\/#primaryimage"},"image":{"@id":"https:\/\/www.mpc.pr.gov.br\/index.php\/novo-procurador-geral-do-mpc-pr-toma-posse-no-dia-8-de-maio\/#primaryimage"},"thumbnailUrl":"https:\/\/www.mpc.pr.gov.br\/wp-content\/uploads\/2024\/03\/Procurador-Gabriel-Guy-Leger-2024-e1712753939424.jpg","datePublished":"2024-04-26T17:31:51+00:00","dateModified":"2024-05-08T19:07:01+00:00","breadcrumb":{"@id":"https:\/\/www.mpc.pr.gov.br\/index.php\/novo-procurador-geral-do-mpc-pr-toma-posse-no-dia-8-de-maio\/#breadcrumb"},"inLanguage":"pt-BR","potentialAction":[{"@type":"ReadAction","target":["https:\/\/www.mpc.pr.gov.br\/index.php\/novo-procurador-geral-do-mpc-pr-toma-posse-no-dia-8-de-maio\/"]}]},{"@type":"ImageObject","inLanguage":"pt-BR","@id":"https:\/\/www.mpc.pr.gov.br\/index.php\/novo-procurador-geral-do-mpc-pr-toma-posse-no-dia-8-de-maio\/#primaryimage","url":"https:\/\/www.mpc.pr.gov.br\/wp-content\/uploads\/2024\/03\/Procurador-Gabriel-Guy-Leger-2024-e1712753939424.jpg","contentUrl":"https:\/\/www.mpc.pr.gov.br\/wp-content\/uploads\/2024\/03\/Procurador-Gabriel-Guy-Leger-2024-e1712753939424.jpg","width":500,"height":497},{"@type":"BreadcrumbList","@id":"https:\/\/www.mpc.pr.gov.br\/index.php\/novo-procurador-geral-do-mpc-pr-toma-posse-no-dia-8-de-maio\/#breadcrumb","itemListElement":[{"@type":"ListItem","position":1,"name":"In\u00edcio","item":"https:\/\/www.mpc.pr.gov.br\/"},{"@type":"ListItem","position":2,"name":"Novo Procurador-Geral do MPC-PR toma posse no dia 8 de maio"}]},{"@type":"WebSite","@id":"https:\/\/www.mpc.pr.gov.br\/#website","url":"https:\/\/www.mpc.pr.gov.br\/","name":"Minist\u00e9rio P\u00fablico de Contas do Estado do Paran\u00e1","description":"","publisher":{"@id":"https:\/\/www.mpc.pr.gov.br\/#organization"},"potentialAction":[{"@type":"SearchAction","target":{"@type":"EntryPoint","urlTemplate":"https:\/\/www.mpc.pr.gov.br\/?s={search_term_string}"},"query-input":{"@type":"PropertyValueSpecification","valueRequired":true,"valueName":"search_term_string"}}],"inLanguage":"pt-BR"},{"@type":"Organization","@id":"https:\/\/www.mpc.pr.gov.br\/#organization","name":"Minist\u00e9rio P\u00fablico de Contas do Estado do Paran\u00e1","url":"https:\/\/www.mpc.pr.gov.br\/","logo":{"@type":"ImageObject","inLanguage":"pt-BR","@id":"https:\/\/www.mpc.pr.gov.br\/#\/schema\/logo\/image\/","url":"https:\/\/www.mpc.pr.gov.br\/wp-content\/uploads\/2020\/06\/99423647_1593460364143890_6706793420720963584_n-1-e1591387983167.png","contentUrl":"https:\/\/www.mpc.pr.gov.br\/wp-content\/uploads\/2020\/06\/99423647_1593460364143890_6706793420720963584_n-1-e1591387983167.png","width":243,"height":73,"caption":"Minist\u00e9rio P\u00fablico de Contas do Estado do Paran\u00e1"},"image":{"@id":"https:\/\/www.mpc.pr.gov.br\/#\/schema\/logo\/image\/"},"sameAs":["https:\/\/www.facebook.com\/mpc.pr","https:\/\/www.instagram.com\/mpc.pr\/?hl=pt-br","https:\/\/www.youtube.com\/channel\/UCHri5oEM8DV0ztX57E0sBSw"]},{"@type":"Person","@id":"https:\/\/www.mpc.pr.gov.br\/#\/schema\/person\/2d83cb8980538d0ec174e8a6284f5e11","name":"mpcontaspr","image":{"@type":"ImageObject","inLanguage":"pt-BR","@id":"https:\/\/secure.gravatar.com\/avatar\/1aef51541db7622e05fd639336c9c9f312c2a618396e2b6ca96846362fc5403f?s=96&d=mm&r=g","url":"https:\/\/secure.gravatar.com\/avatar\/1aef51541db7622e05fd639336c9c9f312c2a618396e2b6ca96846362fc5403f?s=96&d=mm&r=g","contentUrl":"https:\/\/secure.gravatar.com\/avatar\/1aef51541db7622e05fd639336c9c9f312c2a618396e2b6ca96846362fc5403f?s=96&d=mm&r=g","caption":"mpcontaspr"},"sameAs":["http:\/\/www.mpc.pr.gov.br"]}]}},"rttpg_featured_image_url":{"full":["https:\/\/www.mpc.pr.gov.br\/wp-content\/uploads\/2024\/03\/Procurador-Gabriel-Guy-Leger-2024-e1712753939424.jpg",500,497,false],"landscape":["https:\/\/www.mpc.pr.gov.br\/wp-content\/uploads\/2024\/03\/Procurador-Gabriel-Guy-Leger-2024-e1712753939424.jpg",500,497,false],"portraits":["https:\/\/www.mpc.pr.gov.br\/wp-content\/uploads\/2024\/03\/Procurador-Gabriel-Guy-Leger-2024-e1712753939424.jpg",500,497,false],"thumbnail":["https:\/\/www.mpc.pr.gov.br\/wp-content\/uploads\/2024\/03\/Procurador-Gabriel-Guy-Leger-2024-e1712753939424-150x150.jpg",150,150,true],"medium":["https:\/\/www.mpc.pr.gov.br\/wp-content\/uploads\/2024\/03\/Procurador-Gabriel-Guy-Leger-2024-e1712753939424-300x298.jpg",300,298,true],"large":["https:\/\/www.mpc.pr.gov.br\/wp-content\/uploads\/2024\/03\/Procurador-Gabriel-Guy-Leger-2024-e1712753939424.jpg",500,497,false],"1536x1536":["https:\/\/www.mpc.pr.gov.br\/wp-content\/uploads\/2024\/03\/Procurador-Gabriel-Guy-Leger-2024-e1712753939424.jpg",500,497,false],"2048x2048":["https:\/\/www.mpc.pr.gov.br\/wp-content\/uploads\/2024\/03\/Procurador-Gabriel-Guy-Leger-2024-e1712753939424.jpg",500,497,false],"ocean-thumb-m":["https:\/\/www.mpc.pr.gov.br\/wp-content\/uploads\/2024\/03\/Procurador-Gabriel-Guy-Leger-2024-500x600.jpg",500,600,true],"ocean-thumb-ml":["https:\/\/www.mpc.pr.gov.br\/wp-content\/uploads\/2024\/03\/Procurador-Gabriel-Guy-Leger-2024-e1712753939424-500x450.jpg",500,450,true],"ocean-thumb-l":["https:\/\/www.mpc.pr.gov.br\/wp-content\/uploads\/2024\/03\/Procurador-Gabriel-Guy-Leger-2024-e1712753939424.jpg",500,497,false]},"rttpg_author":{"display_name":"mpcontaspr","author_link":"https:\/\/www.mpc.pr.gov.br\/index.php\/author\/mpcontaspr\/"},"rttpg_comment":0,"rttpg_category":"<a href=\"https:\/\/www.mpc.pr.gov.br\/index.php\/category\/todas-as-noticias\/\" rel=\"category tag\">Todas as not\u00edcias<\/a>","rttpg_excerpt":"O Procurador Gabriel Guy L\u00e9ger chefiar\u00e1 o Minist\u00e9rio P\u00fablico de Contas do Paran\u00e1 (MPC-PR) nos pr\u00f3ximos dois anos (bi\u00eanio 2024-2026). A cerim\u00f4nia de posse ao cargo de Procurador-Geral ser\u00e1 realizada no dia 8 de maio, \u00e0s 14 horas, na sess\u00e3o do Pleno do Tribunal de Contas do Estado (TCE-PR). Logo ap\u00f3s a solenidade, ser\u00e1 dado&hellip;","_links":{"self":[{"href":"https:\/\/www.mpc.pr.gov.br\/index.php\/wp-json\/wp\/v2\/posts\/19089","targetHints":{"allow":["GET"]}}],"collection":[{"href":"https:\/\/www.mpc.pr.gov.br\/index.php\/wp-json\/wp\/v2\/posts"}],"about":[{"href":"https:\/\/www.mpc.pr.gov.br\/index.php\/wp-json\/wp\/v2\/types\/post"}],"author":[{"embeddable":true,"href":"https:\/\/www.mpc.pr.gov.br\/index.php\/wp-json\/wp\/v2\/users\/1"}],"replies":[{"embeddable":true,"href":"https:\/\/www.mpc.pr.gov.br\/index.php\/wp-json\/wp\/v2\/comments?post=19089"}],"version-history":[{"count":4,"href":"https:\/\/www.mpc.pr.gov.br\/index.php\/wp-json\/wp\/v2\/posts\/19089\/revisions"}],"predecessor-version":[{"id":19093,"href":"https:\/\/www.mpc.pr.gov.br\/index.php\/wp-json\/wp\/v2\/posts\/19089\/revisions\/19093"}],"wp:featuredmedia":[{"embeddable":true,"href":"https:\/\/www.mpc.pr.gov.br\/index.php\/wp-json\/wp\/v2\/media\/18938"}],"wp:attachment":[{"href":"https:\/\/www.mpc.pr.gov.br\/index.php\/wp-json\/wp\/v2\/media?parent=19089"}],"wp:term":[{"taxonomy":"category","embeddable":true,"href":"https:\/\/www.mpc.pr.gov.br\/index.php\/wp-json\/wp\/v2\/categories?post=19089"},{"taxonomy":"post_tag","embeddable":true,"href":"https:\/\/www.mpc.pr.gov.br\/index.php\/wp-json\/wp\/v2\/tags?post=19089"}],"curies":[{"name":"wp","href":"https:\/\/api.w.org\/{rel}","templated":true}]}}