{"id":19133,"date":"2024-05-07T10:02:45","date_gmt":"2024-05-07T13:02:45","guid":{"rendered":"https:\/\/www.mpc.pr.gov.br\/?p=19133"},"modified":"2024-05-15T15:23:55","modified_gmt":"2024-05-15T18:23:55","slug":"municipio-deve-cumprir-prazos-da-lei-de-acesso-a-informacao","status":"publish","type":"post","link":"https:\/\/www.mpc.pr.gov.br\/index.php\/municipio-deve-cumprir-prazos-da-lei-de-acesso-a-informacao\/","title":{"rendered":"Munic\u00edpio deve cumprir prazos da Lei de Acesso \u00e0 Informa\u00e7\u00e3o"},"content":{"rendered":"<figure id=\"attachment_19136\" aria-describedby=\"caption-attachment-19136\" style=\"width: 300px\" class=\"wp-caption alignleft\"><img fetchpriority=\"high\" decoding=\"async\" class=\"size-medium wp-image-19136\" src=\"https:\/\/www.mpc.pr.gov.br\/wp-content\/uploads\/2024\/05\/TERRA-RICA-300x200.jpg\" alt=\"\" width=\"300\" height=\"200\" srcset=\"https:\/\/www.mpc.pr.gov.br\/wp-content\/uploads\/2024\/05\/TERRA-RICA-300x200.jpg 300w, https:\/\/www.mpc.pr.gov.br\/wp-content\/uploads\/2024\/05\/TERRA-RICA.jpg 560w\" sizes=\"(max-width: 300px) 100vw, 300px\" \/><figcaption id=\"caption-attachment-19136\" class=\"wp-caption-text\">Vista a\u00e9rea de Terra Rica, Munic\u00edpio da regi\u00e3o Noroeste do Paran\u00e1. Foto: divulga\u00e7\u00e3o.<\/figcaption><\/figure>\n<p><span data-contrast=\"auto\">O <a href=\"http:\/\/www.terrarica.pr.gov.br\/\">Munic\u00edpio de Terra Rica<\/a> deve adotar provid\u00eancias a fim de corrigir falhas ou defici\u00eancias nos procedimentos necess\u00e1rios para atendimento ao prazo de 20 dias fixado no art. 11, \u00a71\u00ba, da <a href=\"https:\/\/www.planalto.gov.br\/ccivil_03\/_ato2011-2014\/2011\/lei\/l12527.htm\">Lei de Acesso \u00e0 Informa\u00e7\u00f5es &#8211; LAI (Lei 12.527\/2011)<\/a>. Essa foi a determina\u00e7\u00e3o do Pleno do Tribunal de Contas do Estado (TCE-PR), ao acompanhar o entendimento do Minist\u00e9rio P\u00fablico de Contas do Paran\u00e1 (MPC-PR) pela proced\u00eancia de den\u00fancia em face do ente municipal.\u00a0\u00a0<\/span><span data-ccp-props=\"{&quot;201341983&quot;:0,&quot;335551550&quot;:6,&quot;335551620&quot;:6,&quot;335559739&quot;:160,&quot;335559740&quot;:360}\">\u00a0<\/span><\/p>\n<p><span data-contrast=\"auto\">Na pe\u00e7a inicial, o denunciante alegou um suposto descumprimento da Lei de Acesso \u00e0 Informa\u00e7\u00e3o pela Prefeitura e pelo Servi\u00e7o Aut\u00f4nomo de \u00c1gua e Esgoto (SAMAE). Nesse sentido, informou que protocolou requerimento junto \u00e0 Prefeitura em 11 de fevereiro de 2021 solicitando c\u00f3pia dos di\u00e1rios de bordo de tratores que seriam utilizados pelo ente e, posteriormente, pela SAMAE. Contudo, at\u00e9 a data de 16 de agosto de 2022, n\u00e3o teria recebido nenhuma resposta.\u00a0<\/span><span data-ccp-props=\"{&quot;134233117&quot;:false,&quot;134233118&quot;:false,&quot;201341983&quot;:0,&quot;335551550&quot;:6,&quot;335551620&quot;:6,&quot;335559685&quot;:0,&quot;335559737&quot;:0,&quot;335559738&quot;:0,&quot;335559739&quot;:160,&quot;335559740&quot;:360}\">\u00a0<\/span><\/p>\n<p><span data-contrast=\"auto\">No decorrer da instru\u00e7\u00e3o do processo restou evidenciado que tanto a Prefeitura quanto a autarquia Municipal efetivamente n\u00e3o observaram os prazos estipulados pela legisla\u00e7\u00e3o para acesso \u00e0 informa\u00e7\u00e3o. Sendo assim, o Relator Conselheiro Maur\u00edcio Requi\u00e3o de Mello e Silva votou pela proced\u00eancia da Den\u00fancia, com o envio de determina\u00e7\u00e3o ao Munic\u00edpio.\u00a0<\/span><span data-ccp-props=\"{&quot;134233117&quot;:false,&quot;134233118&quot;:false,&quot;201341983&quot;:0,&quot;335551550&quot;:6,&quot;335551620&quot;:6,&quot;335559685&quot;:0,&quot;335559737&quot;:0,&quot;335559738&quot;:0,&quot;335559739&quot;:160,&quot;335559740&quot;:360}\">\u00a0<\/span><\/p>\n<h4><b><span data-contrast=\"auto\">Instru\u00e7\u00e3o do Processo<\/span><\/b><span data-ccp-props=\"{&quot;134233117&quot;:false,&quot;134233118&quot;:false,&quot;201341983&quot;:0,&quot;335551550&quot;:6,&quot;335551620&quot;:6,&quot;335559685&quot;:0,&quot;335559737&quot;:0,&quot;335559738&quot;:0,&quot;335559739&quot;:160,&quot;335559740&quot;:360}\">\u00a0<\/span><\/h4>\n<p><span data-contrast=\"auto\">Antes de exercer o ju\u00edzo de admissibilidade da den\u00fancia, o ent\u00e3o Relator, Conselheiro Artag\u00e3o de Mattos Le\u00e3o, intimou o Munic\u00edpio para se manifestar sobre os fatos, por\u00e9m o prazo transcorreu sem resposta.<\/span><span data-ccp-props=\"{&quot;134233117&quot;:false,&quot;134233118&quot;:false,&quot;201341983&quot;:0,&quot;335551550&quot;:6,&quot;335551620&quot;:6,&quot;335559685&quot;:0,&quot;335559737&quot;:0,&quot;335559738&quot;:0,&quot;335559739&quot;:160,&quot;335559740&quot;:360}\">\u00a0<\/span><\/p>\n<p><span data-contrast=\"auto\">Na sequ\u00eancia, os autos foram redistribu\u00eddos para o Conselheiro Maur\u00edcio Requi\u00e3o de Mello e Silva, o qual determinou nova cita\u00e7\u00e3o apenas do representante legal do Munic\u00edpio de Terra Rica.<\/span><span data-ccp-props=\"{&quot;134233117&quot;:false,&quot;134233118&quot;:false,&quot;201341983&quot;:0,&quot;335551550&quot;:6,&quot;335551620&quot;:6,&quot;335559685&quot;:0,&quot;335559737&quot;:0,&quot;335559738&quot;:0,&quot;335559739&quot;:160,&quot;335559740&quot;:360}\">\u00a0<\/span><\/p>\n<p><span data-contrast=\"auto\">Em resposta, o Prefeito J\u00falio Cesar da Silva Leite apresentou peti\u00e7\u00e3o, informando que a Controlaria Interna do Munic\u00edpio prontamente apresentou todas as informa\u00e7\u00f5es solicitadas pelo requerente, conforme documentos juntados nos autos. Al\u00e9m disso, em contato com a SAMAE, a mesma esclareceu que as informa\u00e7\u00f5es requeridas ficaram \u00e0 disposi\u00e7\u00e3o na sede da autarquia e, diante da omiss\u00e3o do requerente em retir\u00e1-las, foi providenciado o envio dos documentos pelo correio em novembro de 2022.<\/span><span data-ccp-props=\"{&quot;134233117&quot;:false,&quot;134233118&quot;:false,&quot;201341983&quot;:0,&quot;335551550&quot;:6,&quot;335551620&quot;:6,&quot;335559685&quot;:0,&quot;335559737&quot;:0,&quot;335559738&quot;:0,&quot;335559739&quot;:160,&quot;335559740&quot;:360}\">\u00a0<\/span><\/p>\n<p><span data-contrast=\"auto\">Instada a se manifestar, a Coordenadoria de Gest\u00e3o Municipal (CGM) pontuou que as respostas encaminhadas ao denunciante tanto pela Ouvidoria como pela Controladoria Interna n\u00e3o cumpriram os prazos fixados no art. 11 da Lei Federal n\u00ba 12.527\/2011, sem que fosse apresentada qualquer justificativa quanto \u00e0 inobserv\u00e2ncia do prazo legal de resposta. Sendo assim, opinou conclusivamente pela proced\u00eancia da Den\u00fancia em rela\u00e7\u00e3o ao Munic\u00edpio de Terra Rica, com aplica\u00e7\u00e3o da multa prevista no art. 87, IV, \u2018g\u2019 da LOTC ao Prefeito.<\/span><span data-ccp-props=\"{&quot;134233117&quot;:false,&quot;134233118&quot;:false,&quot;201341983&quot;:0,&quot;335551550&quot;:6,&quot;335551620&quot;:6,&quot;335559685&quot;:0,&quot;335559737&quot;:0,&quot;335559738&quot;:0,&quot;335559739&quot;:160,&quot;335559740&quot;:360}\">\u00a0<\/span><\/p>\n<p><span data-contrast=\"auto\">Por sua vez, o Minist\u00e9rio P\u00fablico de Contas considerou que a despeito do descumprimento do prazo de 20 dias para envio dos documentos, conforme determina a LAI, a informa\u00e7\u00e3o foi disponibilizada ao denunciante na sede do SAMAE e, posteriormente, encaminhada via correio. Ademais, corrobora tal alega\u00e7\u00e3o, o fato de o denunciante ter enviado e-mail ao SAMAE pleiteando informa\u00e7\u00f5es complementares, o que restou prontamente atendido pela autarquia.<\/span><span data-ccp-props=\"{&quot;134233117&quot;:false,&quot;134233118&quot;:false,&quot;201341983&quot;:0,&quot;335551550&quot;:6,&quot;335551620&quot;:6,&quot;335559685&quot;:0,&quot;335559737&quot;:0,&quot;335559738&quot;:0,&quot;335559739&quot;:160,&quot;335559740&quot;:360}\">\u00a0<\/span><\/p>\n<p><span data-contrast=\"auto\">Nesse contexto, em aten\u00e7\u00e3o aos princ\u00edpios da proporcionalidade e razoabilidade, o MPC-PR entende que a den\u00fancia deve ser julgada procedente, mas sem a aplica\u00e7\u00e3o da multa pela inobserv\u00e2ncia aos prazos fixados na lei federal. Contudo, conforme fundamentado no <a href=\"https:\/\/www.mpc.pr.gov.br\/wp-content\/uploads\/2024\/05\/TERRA-RICA-PAR-733_23-4PC.pdf\">Parecer n\u00b0 733\/23<\/a>, considera necess\u00e1ria a emiss\u00e3o de determina\u00e7\u00e3o, a fim de que o Munic\u00edpio adote provid\u00eancias visando corrigir falhas e defici\u00eancias no atendimento ao prazo fixado no art. 11 da LAI.<\/span><span data-ccp-props=\"{&quot;134233117&quot;:false,&quot;134233118&quot;:false,&quot;201341983&quot;:0,&quot;335551550&quot;:6,&quot;335551620&quot;:6,&quot;335559685&quot;:0,&quot;335559737&quot;:0,&quot;335559738&quot;:0,&quot;335559739&quot;:160,&quot;335559740&quot;:360}\">\u00a0<\/span><\/p>\n<h4><b><span data-contrast=\"auto\">Decis\u00e3o<\/span><\/b><span data-ccp-props=\"{&quot;134233117&quot;:false,&quot;134233118&quot;:false,&quot;201341983&quot;:0,&quot;335551550&quot;:6,&quot;335551620&quot;:6,&quot;335559685&quot;:0,&quot;335559737&quot;:0,&quot;335559738&quot;:0,&quot;335559739&quot;:160,&quot;335559740&quot;:360}\">\u00a0<\/span><\/h4>\n<p><span data-contrast=\"auto\">Em sede de julgamento, o Relator acolheu integralmente a manifesta\u00e7\u00e3o do Minist\u00e9rio P\u00fablico de Contas, uma vez que, ainda que o prazo tenha sido extrapolado, o acesso \u00e0 informa\u00e7\u00e3o foi garantido, demonstrando boa-f\u00e9 da municipalidade, raz\u00e3o pela qual n\u00e3o vislumbrou a necessidade de multar os gestores nesse caso. Por outro lado, considera necess\u00e1rio e importante que a prefeitura e os demais \u00f3rg\u00e3os p\u00fablicos municipais se esforcem para cumprir o prazo de 20 dias determinado pelo art. 11, \u00a71\u00ba, da Lei de Acesso \u00e0 Informa\u00e7\u00e3o.<\/span><span data-ccp-props=\"{&quot;134233117&quot;:false,&quot;134233118&quot;:false,&quot;201341983&quot;:0,&quot;335551550&quot;:6,&quot;335551620&quot;:6,&quot;335559685&quot;:0,&quot;335559737&quot;:0,&quot;335559738&quot;:0,&quot;335559739&quot;:160,&quot;335559740&quot;:360}\">\u00a0<\/span><\/p>\n<p><span data-contrast=\"auto\">Diante do exposto, por meio do <a href=\"https:\/\/www.mpc.pr.gov.br\/wp-content\/uploads\/2024\/05\/TERRA-RICA-ACO-1058_24-STP.pdf\">Ac\u00f3rd\u00e3o n\u00b0 1058\/24<\/a>, os membros do Tribunal Pleno acompanharam, por unanimidade, o voto do Relator pela proced\u00eancia da den\u00fancia e envio de determina\u00e7\u00e3o ao Munic\u00edpio nos termos propostos pelo MPC-PR.<\/span><span data-ccp-props=\"{&quot;134233117&quot;:false,&quot;134233118&quot;:false,&quot;201341983&quot;:0,&quot;335551550&quot;:6,&quot;335551620&quot;:6,&quot;335559685&quot;:0,&quot;335559737&quot;:0,&quot;335559738&quot;:0,&quot;335559739&quot;:160,&quot;335559740&quot;:360}\">\u00a0<\/span><\/p>\n<blockquote><p><span data-ccp-props=\"{&quot;134233117&quot;:false,&quot;134233118&quot;:false,&quot;201341983&quot;:0,&quot;335551550&quot;:6,&quot;335551620&quot;:6,&quot;335559685&quot;:0,&quot;335559737&quot;:0,&quot;335559738&quot;:0,&quot;335559739&quot;:160,&quot;335559740&quot;:360}\">\u00a0<\/span><span style=\"color: #820007;\"><strong><u>Informa\u00e7\u00e3o para consulta processual<\/u><\/strong><\/span><\/p>\n<table style=\"height: 183px;\" border=\"0\" width=\"478\" cellspacing=\"0\" cellpadding=\"0\">\n<tbody>\n<tr>\n<td><strong>Processo n\u00ba<\/strong>:<\/td>\n<td>492399\/22<\/td>\n<\/tr>\n<tr>\n<td><strong>Ac\u00f3rd\u00e3o n\u00ba<\/strong>:<\/td>\n<td><span class=\"NormalTextRun SCXW188288879 BCX0\">Ac\u00f3rd\u00e3o\u00a0 n\u00ba 1058\/24<\/span> &#8211; Tribunal Pleno<\/td>\n<\/tr>\n<tr>\n<td><strong>Assunto<\/strong>:<\/td>\n<td>Den\u00fancia<\/td>\n<\/tr>\n<tr>\n<td><strong>Entidade<\/strong>:<\/td>\n<td>Munic\u00edpio de Terra Rica<\/td>\n<\/tr>\n<tr>\n<td><strong>Relator<\/strong>:<\/td>\n<td>Conselheiro Maur\u00edcio Requi\u00e3o de Mello e Silva<\/td>\n<\/tr>\n<\/tbody>\n<\/table>\n<\/blockquote>\n","protected":false},"excerpt":{"rendered":"<p>O Munic\u00edpio de Terra Rica deve adotar provid\u00eancias a fim de corrigir falhas ou defici\u00eancias nos procedimentos necess\u00e1rios para atendimento ao prazo de 20 dias fixado no art. 11, \u00a71\u00ba, da Lei de Acesso \u00e0 Informa\u00e7\u00f5es &#8211; LAI (Lei 12.527\/2011). Essa foi a determina\u00e7\u00e3o do Pleno do Tribunal de Contas do Estado (TCE-PR), ao acompanhar [&hellip;]<\/p>\n","protected":false},"author":1,"featured_media":19136,"comment_status":"open","ping_status":"open","sticky":false,"template":"","format":"standard","meta":{"_monsterinsights_skip_tracking":false,"_monsterinsights_sitenote_active":false,"_monsterinsights_sitenote_note":"","_monsterinsights_sitenote_category":0,"footnotes":""},"categories":[7],"tags":[141,203,13,538,39,545],"class_list":["post-19133","post","type-post","status-publish","format-standard","has-post-thumbnail","hentry","category-todas-as-noticias","tag-denuncia","tag-lei-de-acesso-a-informacao","tag-mpc-pr","tag-pleno","tag-tce-pr","tag-terra-rica","entry","has-media"],"yoast_head":"<!-- This site is optimized with the Yoast SEO plugin v27.3 - https:\/\/yoast.com\/product\/yoast-seo-wordpress\/ -->\n<title>Munic\u00edpio deve cumprir prazos da Lei de Acesso \u00e0 Informa\u00e7\u00e3o - Minist\u00e9rio P\u00fablico de Contas do Estado do Paran\u00e1<\/title>\n<meta name=\"robots\" content=\"index, follow, max-snippet:-1, max-image-preview:large, max-video-preview:-1\" \/>\n<link rel=\"canonical\" href=\"https:\/\/www.mpc.pr.gov.br\/index.php\/municipio-deve-cumprir-prazos-da-lei-de-acesso-a-informacao\/\" \/>\n<meta property=\"og:locale\" content=\"pt_BR\" \/>\n<meta property=\"og:type\" content=\"article\" \/>\n<meta property=\"og:title\" content=\"Munic\u00edpio deve cumprir prazos da Lei de Acesso \u00e0 Informa\u00e7\u00e3o - Minist\u00e9rio P\u00fablico de Contas do Estado do Paran\u00e1\" \/>\n<meta property=\"og:description\" content=\"O Munic\u00edpio de Terra Rica deve adotar provid\u00eancias a fim de corrigir falhas ou defici\u00eancias nos procedimentos necess\u00e1rios para atendimento ao prazo de 20 dias fixado no art. 11, \u00a71\u00ba, da Lei de Acesso \u00e0 Informa\u00e7\u00f5es &#8211; LAI (Lei 12.527\/2011). Essa foi a determina\u00e7\u00e3o do Pleno do Tribunal de Contas do Estado (TCE-PR), ao acompanhar [&hellip;]\" \/>\n<meta property=\"og:url\" content=\"https:\/\/www.mpc.pr.gov.br\/index.php\/municipio-deve-cumprir-prazos-da-lei-de-acesso-a-informacao\/\" \/>\n<meta property=\"og:site_name\" content=\"Minist\u00e9rio P\u00fablico de Contas do Estado do Paran\u00e1\" \/>\n<meta property=\"article:publisher\" content=\"https:\/\/www.facebook.com\/mpc.pr\" \/>\n<meta property=\"article:published_time\" content=\"2024-05-07T13:02:45+00:00\" \/>\n<meta property=\"article:modified_time\" content=\"2024-05-15T18:23:55+00:00\" \/>\n<meta property=\"og:image\" content=\"https:\/\/www.mpc.pr.gov.br\/wp-content\/uploads\/2024\/05\/TERRA-RICA.jpg\" \/>\n\t<meta property=\"og:image:width\" content=\"560\" \/>\n\t<meta property=\"og:image:height\" content=\"374\" \/>\n\t<meta property=\"og:image:type\" content=\"image\/jpeg\" \/>\n<meta name=\"author\" content=\"mpcontaspr\" \/>\n<meta name=\"twitter:card\" content=\"summary_large_image\" \/>\n<meta name=\"twitter:label1\" content=\"Escrito por\" \/>\n\t<meta name=\"twitter:data1\" content=\"mpcontaspr\" \/>\n\t<meta name=\"twitter:label2\" content=\"Est. tempo de leitura\" \/>\n\t<meta name=\"twitter:data2\" content=\"5 minutos\" \/>\n<script type=\"application\/ld+json\" class=\"yoast-schema-graph\">{\"@context\":\"https:\\\/\\\/schema.org\",\"@graph\":[{\"@type\":\"Article\",\"@id\":\"https:\\\/\\\/www.mpc.pr.gov.br\\\/index.php\\\/municipio-deve-cumprir-prazos-da-lei-de-acesso-a-informacao\\\/#article\",\"isPartOf\":{\"@id\":\"https:\\\/\\\/www.mpc.pr.gov.br\\\/index.php\\\/municipio-deve-cumprir-prazos-da-lei-de-acesso-a-informacao\\\/\"},\"author\":{\"name\":\"mpcontaspr\",\"@id\":\"https:\\\/\\\/www.mpc.pr.gov.br\\\/#\\\/schema\\\/person\\\/2d83cb8980538d0ec174e8a6284f5e11\"},\"headline\":\"Munic\u00edpio deve cumprir prazos da Lei de Acesso \u00e0 Informa\u00e7\u00e3o\",\"datePublished\":\"2024-05-07T13:02:45+00:00\",\"dateModified\":\"2024-05-15T18:23:55+00:00\",\"mainEntityOfPage\":{\"@id\":\"https:\\\/\\\/www.mpc.pr.gov.br\\\/index.php\\\/municipio-deve-cumprir-prazos-da-lei-de-acesso-a-informacao\\\/\"},\"wordCount\":807,\"commentCount\":0,\"publisher\":{\"@id\":\"https:\\\/\\\/www.mpc.pr.gov.br\\\/#organization\"},\"image\":{\"@id\":\"https:\\\/\\\/www.mpc.pr.gov.br\\\/index.php\\\/municipio-deve-cumprir-prazos-da-lei-de-acesso-a-informacao\\\/#primaryimage\"},\"thumbnailUrl\":\"https:\\\/\\\/www.mpc.pr.gov.br\\\/wp-content\\\/uploads\\\/2024\\\/05\\\/TERRA-RICA.jpg\",\"keywords\":[\"Den\u00fancia\",\"Lei de Acesso \u00e0 Informa\u00e7\u00e3o\",\"MPC-PR\",\"Pleno\",\"TCE-PR\",\"Terra Rica\"],\"articleSection\":[\"Todas as not\u00edcias\"],\"inLanguage\":\"pt-BR\",\"potentialAction\":[{\"@type\":\"CommentAction\",\"name\":\"Comment\",\"target\":[\"https:\\\/\\\/www.mpc.pr.gov.br\\\/index.php\\\/municipio-deve-cumprir-prazos-da-lei-de-acesso-a-informacao\\\/#respond\"]}]},{\"@type\":\"WebPage\",\"@id\":\"https:\\\/\\\/www.mpc.pr.gov.br\\\/index.php\\\/municipio-deve-cumprir-prazos-da-lei-de-acesso-a-informacao\\\/\",\"url\":\"https:\\\/\\\/www.mpc.pr.gov.br\\\/index.php\\\/municipio-deve-cumprir-prazos-da-lei-de-acesso-a-informacao\\\/\",\"name\":\"Munic\u00edpio deve cumprir prazos da Lei de Acesso \u00e0 Informa\u00e7\u00e3o - Minist\u00e9rio P\u00fablico de Contas do Estado do Paran\u00e1\",\"isPartOf\":{\"@id\":\"https:\\\/\\\/www.mpc.pr.gov.br\\\/#website\"},\"primaryImageOfPage\":{\"@id\":\"https:\\\/\\\/www.mpc.pr.gov.br\\\/index.php\\\/municipio-deve-cumprir-prazos-da-lei-de-acesso-a-informacao\\\/#primaryimage\"},\"image\":{\"@id\":\"https:\\\/\\\/www.mpc.pr.gov.br\\\/index.php\\\/municipio-deve-cumprir-prazos-da-lei-de-acesso-a-informacao\\\/#primaryimage\"},\"thumbnailUrl\":\"https:\\\/\\\/www.mpc.pr.gov.br\\\/wp-content\\\/uploads\\\/2024\\\/05\\\/TERRA-RICA.jpg\",\"datePublished\":\"2024-05-07T13:02:45+00:00\",\"dateModified\":\"2024-05-15T18:23:55+00:00\",\"breadcrumb\":{\"@id\":\"https:\\\/\\\/www.mpc.pr.gov.br\\\/index.php\\\/municipio-deve-cumprir-prazos-da-lei-de-acesso-a-informacao\\\/#breadcrumb\"},\"inLanguage\":\"pt-BR\",\"potentialAction\":[{\"@type\":\"ReadAction\",\"target\":[\"https:\\\/\\\/www.mpc.pr.gov.br\\\/index.php\\\/municipio-deve-cumprir-prazos-da-lei-de-acesso-a-informacao\\\/\"]}]},{\"@type\":\"ImageObject\",\"inLanguage\":\"pt-BR\",\"@id\":\"https:\\\/\\\/www.mpc.pr.gov.br\\\/index.php\\\/municipio-deve-cumprir-prazos-da-lei-de-acesso-a-informacao\\\/#primaryimage\",\"url\":\"https:\\\/\\\/www.mpc.pr.gov.br\\\/wp-content\\\/uploads\\\/2024\\\/05\\\/TERRA-RICA.jpg\",\"contentUrl\":\"https:\\\/\\\/www.mpc.pr.gov.br\\\/wp-content\\\/uploads\\\/2024\\\/05\\\/TERRA-RICA.jpg\",\"width\":560,\"height\":374,\"caption\":\"Vista a\u00e9rea de Terra Rica, Munic\u00edpio da regi\u00e3o Noroeste do Paran\u00e1. Foto: divulga\u00e7\u00e3o.\"},{\"@type\":\"BreadcrumbList\",\"@id\":\"https:\\\/\\\/www.mpc.pr.gov.br\\\/index.php\\\/municipio-deve-cumprir-prazos-da-lei-de-acesso-a-informacao\\\/#breadcrumb\",\"itemListElement\":[{\"@type\":\"ListItem\",\"position\":1,\"name\":\"In\u00edcio\",\"item\":\"https:\\\/\\\/www.mpc.pr.gov.br\\\/\"},{\"@type\":\"ListItem\",\"position\":2,\"name\":\"Munic\u00edpio deve cumprir prazos da Lei de Acesso \u00e0 Informa\u00e7\u00e3o\"}]},{\"@type\":\"WebSite\",\"@id\":\"https:\\\/\\\/www.mpc.pr.gov.br\\\/#website\",\"url\":\"https:\\\/\\\/www.mpc.pr.gov.br\\\/\",\"name\":\"Minist\u00e9rio P\u00fablico de Contas do Estado do Paran\u00e1\",\"description\":\"\",\"publisher\":{\"@id\":\"https:\\\/\\\/www.mpc.pr.gov.br\\\/#organization\"},\"potentialAction\":[{\"@type\":\"SearchAction\",\"target\":{\"@type\":\"EntryPoint\",\"urlTemplate\":\"https:\\\/\\\/www.mpc.pr.gov.br\\\/?s={search_term_string}\"},\"query-input\":{\"@type\":\"PropertyValueSpecification\",\"valueRequired\":true,\"valueName\":\"search_term_string\"}}],\"inLanguage\":\"pt-BR\"},{\"@type\":\"Organization\",\"@id\":\"https:\\\/\\\/www.mpc.pr.gov.br\\\/#organization\",\"name\":\"Minist\u00e9rio P\u00fablico de Contas do Estado do Paran\u00e1\",\"url\":\"https:\\\/\\\/www.mpc.pr.gov.br\\\/\",\"logo\":{\"@type\":\"ImageObject\",\"inLanguage\":\"pt-BR\",\"@id\":\"https:\\\/\\\/www.mpc.pr.gov.br\\\/#\\\/schema\\\/logo\\\/image\\\/\",\"url\":\"https:\\\/\\\/www.mpc.pr.gov.br\\\/wp-content\\\/uploads\\\/2020\\\/06\\\/99423647_1593460364143890_6706793420720963584_n-1-e1591387983167.png\",\"contentUrl\":\"https:\\\/\\\/www.mpc.pr.gov.br\\\/wp-content\\\/uploads\\\/2020\\\/06\\\/99423647_1593460364143890_6706793420720963584_n-1-e1591387983167.png\",\"width\":243,\"height\":73,\"caption\":\"Minist\u00e9rio P\u00fablico de Contas do Estado do Paran\u00e1\"},\"image\":{\"@id\":\"https:\\\/\\\/www.mpc.pr.gov.br\\\/#\\\/schema\\\/logo\\\/image\\\/\"},\"sameAs\":[\"https:\\\/\\\/www.facebook.com\\\/mpc.pr\",\"https:\\\/\\\/www.instagram.com\\\/mpc.pr\\\/?hl=pt-br\",\"https:\\\/\\\/www.youtube.com\\\/channel\\\/UCHri5oEM8DV0ztX57E0sBSw\"]},{\"@type\":\"Person\",\"@id\":\"https:\\\/\\\/www.mpc.pr.gov.br\\\/#\\\/schema\\\/person\\\/2d83cb8980538d0ec174e8a6284f5e11\",\"name\":\"mpcontaspr\",\"image\":{\"@type\":\"ImageObject\",\"inLanguage\":\"pt-BR\",\"@id\":\"https:\\\/\\\/secure.gravatar.com\\\/avatar\\\/1aef51541db7622e05fd639336c9c9f312c2a618396e2b6ca96846362fc5403f?s=96&d=mm&r=g\",\"url\":\"https:\\\/\\\/secure.gravatar.com\\\/avatar\\\/1aef51541db7622e05fd639336c9c9f312c2a618396e2b6ca96846362fc5403f?s=96&d=mm&r=g\",\"contentUrl\":\"https:\\\/\\\/secure.gravatar.com\\\/avatar\\\/1aef51541db7622e05fd639336c9c9f312c2a618396e2b6ca96846362fc5403f?s=96&d=mm&r=g\",\"caption\":\"mpcontaspr\"},\"sameAs\":[\"http:\\\/\\\/www.mpc.pr.gov.br\"]}]}<\/script>\n<!-- \/ Yoast SEO plugin. -->","yoast_head_json":{"title":"Munic\u00edpio deve cumprir prazos da Lei de Acesso \u00e0 Informa\u00e7\u00e3o - Minist\u00e9rio P\u00fablico de Contas do Estado do Paran\u00e1","robots":{"index":"index","follow":"follow","max-snippet":"max-snippet:-1","max-image-preview":"max-image-preview:large","max-video-preview":"max-video-preview:-1"},"canonical":"https:\/\/www.mpc.pr.gov.br\/index.php\/municipio-deve-cumprir-prazos-da-lei-de-acesso-a-informacao\/","og_locale":"pt_BR","og_type":"article","og_title":"Munic\u00edpio deve cumprir prazos da Lei de Acesso \u00e0 Informa\u00e7\u00e3o - Minist\u00e9rio P\u00fablico de Contas do Estado do Paran\u00e1","og_description":"O Munic\u00edpio de Terra Rica deve adotar provid\u00eancias a fim de corrigir falhas ou defici\u00eancias nos procedimentos necess\u00e1rios para atendimento ao prazo de 20 dias fixado no art. 11, \u00a71\u00ba, da Lei de Acesso \u00e0 Informa\u00e7\u00f5es &#8211; LAI (Lei 12.527\/2011). Essa foi a determina\u00e7\u00e3o do Pleno do Tribunal de Contas do Estado (TCE-PR), ao acompanhar [&hellip;]","og_url":"https:\/\/www.mpc.pr.gov.br\/index.php\/municipio-deve-cumprir-prazos-da-lei-de-acesso-a-informacao\/","og_site_name":"Minist\u00e9rio P\u00fablico de Contas do Estado do Paran\u00e1","article_publisher":"https:\/\/www.facebook.com\/mpc.pr","article_published_time":"2024-05-07T13:02:45+00:00","article_modified_time":"2024-05-15T18:23:55+00:00","og_image":[{"width":560,"height":374,"url":"https:\/\/www.mpc.pr.gov.br\/wp-content\/uploads\/2024\/05\/TERRA-RICA.jpg","type":"image\/jpeg"}],"author":"mpcontaspr","twitter_card":"summary_large_image","twitter_misc":{"Escrito por":"mpcontaspr","Est. tempo de leitura":"5 minutos"},"schema":{"@context":"https:\/\/schema.org","@graph":[{"@type":"Article","@id":"https:\/\/www.mpc.pr.gov.br\/index.php\/municipio-deve-cumprir-prazos-da-lei-de-acesso-a-informacao\/#article","isPartOf":{"@id":"https:\/\/www.mpc.pr.gov.br\/index.php\/municipio-deve-cumprir-prazos-da-lei-de-acesso-a-informacao\/"},"author":{"name":"mpcontaspr","@id":"https:\/\/www.mpc.pr.gov.br\/#\/schema\/person\/2d83cb8980538d0ec174e8a6284f5e11"},"headline":"Munic\u00edpio deve cumprir prazos da Lei de Acesso \u00e0 Informa\u00e7\u00e3o","datePublished":"2024-05-07T13:02:45+00:00","dateModified":"2024-05-15T18:23:55+00:00","mainEntityOfPage":{"@id":"https:\/\/www.mpc.pr.gov.br\/index.php\/municipio-deve-cumprir-prazos-da-lei-de-acesso-a-informacao\/"},"wordCount":807,"commentCount":0,"publisher":{"@id":"https:\/\/www.mpc.pr.gov.br\/#organization"},"image":{"@id":"https:\/\/www.mpc.pr.gov.br\/index.php\/municipio-deve-cumprir-prazos-da-lei-de-acesso-a-informacao\/#primaryimage"},"thumbnailUrl":"https:\/\/www.mpc.pr.gov.br\/wp-content\/uploads\/2024\/05\/TERRA-RICA.jpg","keywords":["Den\u00fancia","Lei de Acesso \u00e0 Informa\u00e7\u00e3o","MPC-PR","Pleno","TCE-PR","Terra Rica"],"articleSection":["Todas as not\u00edcias"],"inLanguage":"pt-BR","potentialAction":[{"@type":"CommentAction","name":"Comment","target":["https:\/\/www.mpc.pr.gov.br\/index.php\/municipio-deve-cumprir-prazos-da-lei-de-acesso-a-informacao\/#respond"]}]},{"@type":"WebPage","@id":"https:\/\/www.mpc.pr.gov.br\/index.php\/municipio-deve-cumprir-prazos-da-lei-de-acesso-a-informacao\/","url":"https:\/\/www.mpc.pr.gov.br\/index.php\/municipio-deve-cumprir-prazos-da-lei-de-acesso-a-informacao\/","name":"Munic\u00edpio deve cumprir prazos da Lei de Acesso \u00e0 Informa\u00e7\u00e3o - Minist\u00e9rio P\u00fablico de Contas do Estado do Paran\u00e1","isPartOf":{"@id":"https:\/\/www.mpc.pr.gov.br\/#website"},"primaryImageOfPage":{"@id":"https:\/\/www.mpc.pr.gov.br\/index.php\/municipio-deve-cumprir-prazos-da-lei-de-acesso-a-informacao\/#primaryimage"},"image":{"@id":"https:\/\/www.mpc.pr.gov.br\/index.php\/municipio-deve-cumprir-prazos-da-lei-de-acesso-a-informacao\/#primaryimage"},"thumbnailUrl":"https:\/\/www.mpc.pr.gov.br\/wp-content\/uploads\/2024\/05\/TERRA-RICA.jpg","datePublished":"2024-05-07T13:02:45+00:00","dateModified":"2024-05-15T18:23:55+00:00","breadcrumb":{"@id":"https:\/\/www.mpc.pr.gov.br\/index.php\/municipio-deve-cumprir-prazos-da-lei-de-acesso-a-informacao\/#breadcrumb"},"inLanguage":"pt-BR","potentialAction":[{"@type":"ReadAction","target":["https:\/\/www.mpc.pr.gov.br\/index.php\/municipio-deve-cumprir-prazos-da-lei-de-acesso-a-informacao\/"]}]},{"@type":"ImageObject","inLanguage":"pt-BR","@id":"https:\/\/www.mpc.pr.gov.br\/index.php\/municipio-deve-cumprir-prazos-da-lei-de-acesso-a-informacao\/#primaryimage","url":"https:\/\/www.mpc.pr.gov.br\/wp-content\/uploads\/2024\/05\/TERRA-RICA.jpg","contentUrl":"https:\/\/www.mpc.pr.gov.br\/wp-content\/uploads\/2024\/05\/TERRA-RICA.jpg","width":560,"height":374,"caption":"Vista a\u00e9rea de Terra Rica, Munic\u00edpio da regi\u00e3o Noroeste do Paran\u00e1. Foto: divulga\u00e7\u00e3o."},{"@type":"BreadcrumbList","@id":"https:\/\/www.mpc.pr.gov.br\/index.php\/municipio-deve-cumprir-prazos-da-lei-de-acesso-a-informacao\/#breadcrumb","itemListElement":[{"@type":"ListItem","position":1,"name":"In\u00edcio","item":"https:\/\/www.mpc.pr.gov.br\/"},{"@type":"ListItem","position":2,"name":"Munic\u00edpio deve cumprir prazos da Lei de Acesso \u00e0 Informa\u00e7\u00e3o"}]},{"@type":"WebSite","@id":"https:\/\/www.mpc.pr.gov.br\/#website","url":"https:\/\/www.mpc.pr.gov.br\/","name":"Minist\u00e9rio P\u00fablico de Contas do Estado do Paran\u00e1","description":"","publisher":{"@id":"https:\/\/www.mpc.pr.gov.br\/#organization"},"potentialAction":[{"@type":"SearchAction","target":{"@type":"EntryPoint","urlTemplate":"https:\/\/www.mpc.pr.gov.br\/?s={search_term_string}"},"query-input":{"@type":"PropertyValueSpecification","valueRequired":true,"valueName":"search_term_string"}}],"inLanguage":"pt-BR"},{"@type":"Organization","@id":"https:\/\/www.mpc.pr.gov.br\/#organization","name":"Minist\u00e9rio P\u00fablico de Contas do Estado do Paran\u00e1","url":"https:\/\/www.mpc.pr.gov.br\/","logo":{"@type":"ImageObject","inLanguage":"pt-BR","@id":"https:\/\/www.mpc.pr.gov.br\/#\/schema\/logo\/image\/","url":"https:\/\/www.mpc.pr.gov.br\/wp-content\/uploads\/2020\/06\/99423647_1593460364143890_6706793420720963584_n-1-e1591387983167.png","contentUrl":"https:\/\/www.mpc.pr.gov.br\/wp-content\/uploads\/2020\/06\/99423647_1593460364143890_6706793420720963584_n-1-e1591387983167.png","width":243,"height":73,"caption":"Minist\u00e9rio P\u00fablico de Contas do Estado do Paran\u00e1"},"image":{"@id":"https:\/\/www.mpc.pr.gov.br\/#\/schema\/logo\/image\/"},"sameAs":["https:\/\/www.facebook.com\/mpc.pr","https:\/\/www.instagram.com\/mpc.pr\/?hl=pt-br","https:\/\/www.youtube.com\/channel\/UCHri5oEM8DV0ztX57E0sBSw"]},{"@type":"Person","@id":"https:\/\/www.mpc.pr.gov.br\/#\/schema\/person\/2d83cb8980538d0ec174e8a6284f5e11","name":"mpcontaspr","image":{"@type":"ImageObject","inLanguage":"pt-BR","@id":"https:\/\/secure.gravatar.com\/avatar\/1aef51541db7622e05fd639336c9c9f312c2a618396e2b6ca96846362fc5403f?s=96&d=mm&r=g","url":"https:\/\/secure.gravatar.com\/avatar\/1aef51541db7622e05fd639336c9c9f312c2a618396e2b6ca96846362fc5403f?s=96&d=mm&r=g","contentUrl":"https:\/\/secure.gravatar.com\/avatar\/1aef51541db7622e05fd639336c9c9f312c2a618396e2b6ca96846362fc5403f?s=96&d=mm&r=g","caption":"mpcontaspr"},"sameAs":["http:\/\/www.mpc.pr.gov.br"]}]}},"rttpg_featured_image_url":{"full":["https:\/\/www.mpc.pr.gov.br\/wp-content\/uploads\/2024\/05\/TERRA-RICA.jpg",560,374,false],"landscape":["https:\/\/www.mpc.pr.gov.br\/wp-content\/uploads\/2024\/05\/TERRA-RICA.jpg",560,374,false],"portraits":["https:\/\/www.mpc.pr.gov.br\/wp-content\/uploads\/2024\/05\/TERRA-RICA.jpg",560,374,false],"thumbnail":["https:\/\/www.mpc.pr.gov.br\/wp-content\/uploads\/2024\/05\/TERRA-RICA-150x150.jpg",150,150,true],"medium":["https:\/\/www.mpc.pr.gov.br\/wp-content\/uploads\/2024\/05\/TERRA-RICA-300x200.jpg",300,200,true],"large":["https:\/\/www.mpc.pr.gov.br\/wp-content\/uploads\/2024\/05\/TERRA-RICA.jpg",560,374,false],"1536x1536":["https:\/\/www.mpc.pr.gov.br\/wp-content\/uploads\/2024\/05\/TERRA-RICA.jpg",560,374,false],"2048x2048":["https:\/\/www.mpc.pr.gov.br\/wp-content\/uploads\/2024\/05\/TERRA-RICA.jpg",560,374,false],"ocean-thumb-m":["https:\/\/www.mpc.pr.gov.br\/wp-content\/uploads\/2024\/05\/TERRA-RICA.jpg",560,374,false],"ocean-thumb-ml":["https:\/\/www.mpc.pr.gov.br\/wp-content\/uploads\/2024\/05\/TERRA-RICA.jpg",560,374,false],"ocean-thumb-l":["https:\/\/www.mpc.pr.gov.br\/wp-content\/uploads\/2024\/05\/TERRA-RICA.jpg",560,374,false]},"rttpg_author":{"display_name":"mpcontaspr","author_link":"https:\/\/www.mpc.pr.gov.br\/index.php\/author\/mpcontaspr\/"},"rttpg_comment":0,"rttpg_category":"<a href=\"https:\/\/www.mpc.pr.gov.br\/index.php\/category\/todas-as-noticias\/\" rel=\"category tag\">Todas as not\u00edcias<\/a>","rttpg_excerpt":"O Munic\u00edpio de Terra Rica deve adotar provid\u00eancias a fim de corrigir falhas ou defici\u00eancias nos procedimentos necess\u00e1rios para atendimento ao prazo de 20 dias fixado no art. 11, \u00a71\u00ba, da Lei de Acesso \u00e0 Informa\u00e7\u00f5es &#8211; LAI (Lei 12.527\/2011). Essa foi a determina\u00e7\u00e3o do Pleno do Tribunal de Contas do Estado (TCE-PR), ao acompanhar&hellip;","_links":{"self":[{"href":"https:\/\/www.mpc.pr.gov.br\/index.php\/wp-json\/wp\/v2\/posts\/19133","targetHints":{"allow":["GET"]}}],"collection":[{"href":"https:\/\/www.mpc.pr.gov.br\/index.php\/wp-json\/wp\/v2\/posts"}],"about":[{"href":"https:\/\/www.mpc.pr.gov.br\/index.php\/wp-json\/wp\/v2\/types\/post"}],"author":[{"embeddable":true,"href":"https:\/\/www.mpc.pr.gov.br\/index.php\/wp-json\/wp\/v2\/users\/1"}],"replies":[{"embeddable":true,"href":"https:\/\/www.mpc.pr.gov.br\/index.php\/wp-json\/wp\/v2\/comments?post=19133"}],"version-history":[{"count":2,"href":"https:\/\/www.mpc.pr.gov.br\/index.php\/wp-json\/wp\/v2\/posts\/19133\/revisions"}],"predecessor-version":[{"id":19162,"href":"https:\/\/www.mpc.pr.gov.br\/index.php\/wp-json\/wp\/v2\/posts\/19133\/revisions\/19162"}],"wp:featuredmedia":[{"embeddable":true,"href":"https:\/\/www.mpc.pr.gov.br\/index.php\/wp-json\/wp\/v2\/media\/19136"}],"wp:attachment":[{"href":"https:\/\/www.mpc.pr.gov.br\/index.php\/wp-json\/wp\/v2\/media?parent=19133"}],"wp:term":[{"taxonomy":"category","embeddable":true,"href":"https:\/\/www.mpc.pr.gov.br\/index.php\/wp-json\/wp\/v2\/categories?post=19133"},{"taxonomy":"post_tag","embeddable":true,"href":"https:\/\/www.mpc.pr.gov.br\/index.php\/wp-json\/wp\/v2\/tags?post=19133"}],"curies":[{"name":"wp","href":"https:\/\/api.w.org\/{rel}","templated":true}]}}