{"id":19311,"date":"2024-05-15T15:23:35","date_gmt":"2024-05-15T18:23:35","guid":{"rendered":"https:\/\/www.mpc.pr.gov.br\/?p=19311"},"modified":"2024-12-03T08:27:03","modified_gmt":"2024-12-03T11:27:03","slug":"mpc-pr-promove-capacitacao-para-estudantes-de-direito-da-univel","status":"publish","type":"post","link":"https:\/\/www.mpc.pr.gov.br\/index.php\/mpc-pr-promove-capacitacao-para-estudantes-de-direito-da-univel\/","title":{"rendered":"MPC-PR promove capacita\u00e7\u00e3o para estudantes de Direito da Univel"},"content":{"rendered":"<p><span data-contrast=\"auto\"><img fetchpriority=\"high\" decoding=\"async\" class=\"size-medium wp-image-19312 alignleft\" src=\"https:\/\/www.mpc.pr.gov.br\/wp-content\/uploads\/2024\/05\/Dialogos-com-o-MPC-PR-Univel-300x169.jpeg\" alt=\"\" width=\"300\" height=\"169\" srcset=\"https:\/\/www.mpc.pr.gov.br\/wp-content\/uploads\/2024\/05\/Dialogos-com-o-MPC-PR-Univel-300x169.jpeg 300w, https:\/\/www.mpc.pr.gov.br\/wp-content\/uploads\/2024\/05\/Dialogos-com-o-MPC-PR-Univel-1024x578.jpeg 1024w, https:\/\/www.mpc.pr.gov.br\/wp-content\/uploads\/2024\/05\/Dialogos-com-o-MPC-PR-Univel-768x433.jpeg 768w, https:\/\/www.mpc.pr.gov.br\/wp-content\/uploads\/2024\/05\/Dialogos-com-o-MPC-PR-Univel-1536x866.jpeg 1536w, https:\/\/www.mpc.pr.gov.br\/wp-content\/uploads\/2024\/05\/Dialogos-com-o-MPC-PR-Univel-2048x1155.jpeg 2048w, https:\/\/www.mpc.pr.gov.br\/wp-content\/uploads\/2024\/05\/Dialogos-com-o-MPC-PR-Univel-800x450.jpeg 800w\" sizes=\"(max-width: 300px) 100vw, 300px\" \/>Na manh\u00e3 desta quarta-feira (15 de maio), o Minist\u00e9rio P\u00fablico de Contas do Paran\u00e1 (MPC-PR) recebeu um grupo de 36 estudantes de gradua\u00e7\u00e3o do Curso de Direito do Centro Universit\u00e1rio de Cascavel (Univel). Os universit\u00e1rios, de v\u00e1rios per\u00edodos, participaram da primeira edi\u00e7\u00e3o de 2024 do evento \u201cDi\u00e1logos com o MPC-PR\u201d, que teve como <\/span><span data-contrast=\"auto\">objetivo apresentar detalhes sobre a institui\u00e7\u00e3o e seu \u00e2mbito de atua\u00e7\u00e3o.<\/span><span data-ccp-props=\"{&quot;201341983&quot;:0,&quot;335551550&quot;:6,&quot;335551620&quot;:6,&quot;335559740&quot;:360}\">\u00a0<\/span><\/p>\n<p><span data-contrast=\"auto\">A iniciativa se somou \u00e0s atividades acad\u00eamicas desenvolvidas pela Univel em parceria com o Tribunal de Justi\u00e7a do Paran\u00e1 (TJ-PR), projeto intitulado como \u201cRol\u00ea C\u00edvico Paranaense\u201d, em que os alunos t\u00eam a oportunidade de conhecer o funcionamento dos Poderes Judici\u00e1rio, Legislativo e Executivo em visitas nas depend\u00eancias das institui\u00e7\u00f5es.<\/span><span data-ccp-props=\"{&quot;201341983&quot;:0,&quot;335551550&quot;:6,&quot;335551620&quot;:6,&quot;335559740&quot;:360}\">\u00a0<\/span><\/p>\n<p><span data-contrast=\"auto\">Entre os palestrantes, participaram do evento a assessora jur\u00eddica Renata Brindaroli Zelinski e o Diretor de Gabinete da Procuradoria-Geral do MPC-PR Carlos Volchan de Carvalho, que apresentaram um panorama geral sobre o funcionamento e principais atribui\u00e7\u00f5es do MPC-PR e Tribunal de Contas, bem como compartilharam suas experi\u00eancias profissionais na institui\u00e7\u00e3o. <\/span><span data-ccp-props=\"{&quot;201341983&quot;:0,&quot;335551550&quot;:6,&quot;335551620&quot;:6,&quot;335559740&quot;:360}\">\u00a0<\/span><\/p>\n<p><span data-contrast=\"auto\">Ambos destacaram a import\u00e2ncia da participa\u00e7\u00e3o dos universit\u00e1rios em eventos como este, pois, al\u00e9m de proporcionarem a aproxima\u00e7\u00e3o da sociedade com os \u00f3rg\u00e3os p\u00fablicos, tamb\u00e9m abrem oportunidades de trabalho no que diz respeito aos est\u00e1gios de gradua\u00e7\u00e3o.\u00a0<\/span><span data-ccp-props=\"{&quot;201341983&quot;:0,&quot;335551550&quot;:6,&quot;335551620&quot;:6,&quot;335559740&quot;:360}\">\u00a0<\/span><\/p>\n<p><span data-contrast=\"auto\">Al\u00e9m disso, as assessoras do N\u00facleo de Comunica\u00e7\u00e3o (NuCom), Giovanna Menezes Faria e Mykaella Ribeiro Mello, detalharam o funcionamento dos n\u00facleos auxiliares do MPC-PR, dentre eles N\u00facleo de An\u00e1lise T\u00e9cnica (NAT), N\u00facleo de Apoio Estrat\u00e9gico (NAE) e o pr\u00f3prio NuCom, os quais foram institu\u00eddos pela ex-Procuradora-Geral Val\u00e9ria Borba (bi\u00eanio 2020-2022 e 2022-2024). Mais detalhes sobre essas a\u00e7\u00f5es est\u00e3o dispon\u00edveis no rec\u00e9m-publicado Relat\u00f3rio de Gest\u00e3o (INCLUIR LINK).<\/span><span data-ccp-props=\"{&quot;201341983&quot;:0,&quot;335551550&quot;:6,&quot;335551620&quot;:6,&quot;335559740&quot;:360}\">\u00a0<\/span><\/p>\n<p><span data-contrast=\"auto\">No \u00e2mbito da comunica\u00e7\u00e3o institucional, foi apresentado aos alunos o trabalho que \u00e9 realizado pelo NuCom desde a cria\u00e7\u00e3o de conte\u00fado at\u00e9 o atendimento do p\u00fablico realizado por meio das redes sociais do MPC-PR. Destacou-se, tamb\u00e9m, a produ\u00e7\u00e3o de conte\u00fados de car\u00e1ter educativo e orientativo, como os manuais e cartilhas disponibilizados no portal, assim como a promo\u00e7\u00e3o da transpar\u00eancia ativa da institui\u00e7\u00e3o, quando da divulga\u00e7\u00e3o de suas atividades e atos normativos.\u00a0<\/span><span data-ccp-props=\"{&quot;201341983&quot;:0,&quot;335551550&quot;:6,&quot;335551620&quot;:6,&quot;335559740&quot;:360}\">\u00a0<\/span><\/p>\n<p><span data-contrast=\"auto\">A Editora-Chefe da <a href=\"https:\/\/revista.mpc.pr.gov.br\/index.php\/RMPCPR\/index\">Revista do MPC-PR<\/a>, Amanda Gabriely Santos Pereira, conversou com os estudantes sobre a publica\u00e7\u00e3o, que \u00e9 destinada a divulga\u00e7\u00e3o de artigos acad\u00eamicos de bachar\u00e9is em Direito, bem como de estudantes de cursos de especializa\u00e7\u00e3o, mestrado e doutorado, alinhados \u00e0s disciplinas de direito administrativo, direito constitucional, direito financeiro, direito econ\u00f4mico, pol\u00edticas p\u00fablicas e planejamento.<\/span><span data-ccp-props=\"{&quot;201341983&quot;:0,&quot;335551550&quot;:6,&quot;335551620&quot;:6,&quot;335559740&quot;:360}\">\u00a0<\/span><\/p>\n<p><span data-contrast=\"auto\">A Revista possui estrato B3 do <\/span><i><span data-contrast=\"auto\">Qualis<\/span><\/i><span data-contrast=\"auto\"> Peri\u00f3dicos, conforme classifica\u00e7\u00e3o da Coordena\u00e7\u00e3o de Aperfei\u00e7oamento de Pessoal de N\u00edvel Superior (CAPES), e est\u00e1 com a chamada para submiss\u00e3o de artigos cient\u00edficos para a sua 20\u00aa (volume 11), referente ao primeiro semestre de 2024. O prazo final para envio dos trabalhos \u00e9 30 de maio.\u00a0\u00a0<\/span><span data-ccp-props=\"{&quot;201341983&quot;:0,&quot;335551550&quot;:6,&quot;335551620&quot;:6,&quot;335559740&quot;:360}\">\u00a0<\/span><\/p>\n<p><span data-contrast=\"auto\">O evento contou ainda com a participa\u00e7\u00e3o do Diretor da Coordenadoria de Atendimento ao Jurisdicionado e Controle Social (CACS) do Tribunal de Contas do Paran\u00e1 (TCE-PR), Ricardo Alpendre, que falou dos projetos da Corte de Contas em parceria com as universidades, que visam aproximar os futuros profissionais das atividades de fiscaliza\u00e7\u00e3o promovidas pelo TCE-PR.<\/span><span data-ccp-props=\"{&quot;201341983&quot;:0,&quot;335551550&quot;:6,&quot;335551620&quot;:6,&quot;335559740&quot;:360}\">\u00a0<\/span><\/p>\n<p><span data-contrast=\"auto\">Alpendre tamb\u00e9m comentou sobre o sistema Avia &#8211; Atendimento Virtual por Intelig\u00eancia Artificial, ferramenta que est\u00e1 sendo desenvolvida por meio do Projeto Inova\u00e7\u00e3o e Comunica\u00e7\u00e3o Institucional, uma parceria entre a CACS e a Diretoria de Tecnologia da Informa\u00e7\u00e3o (DTI) &#8211; no \u00e2mbito do programa Salto Tecnol\u00f3gico. Tal iniciativa \u00e9 in\u00e9dita entre os \u00f3rg\u00e3os de controle externo brasileiros e ter\u00e1 como objetivo atender os jurisdicionados da Corte com maior efici\u00eancia e efetividade.<\/span><span data-ccp-props=\"{&quot;201341983&quot;:0,&quot;335551550&quot;:6,&quot;335551620&quot;:6,&quot;335559740&quot;:360}\">\u00a0<\/span><\/p>\n<p><span data-contrast=\"auto\">Para o Coordenador do Curso de Direito da Univel, Fausto Alencar Irschlinger, e a professora Antonella Marques Neves, o encontro foi uma \u00f3tima oportunidade para os alunos compreenderem, na pr\u00e1tica, o papel do Minist\u00e9rio P\u00fablico de Contas e do Tribunal de Contas na fiscaliza\u00e7\u00e3o dos gastos p\u00fablicos.<\/span><span data-ccp-props=\"{&quot;201341983&quot;:0,&quot;335551550&quot;:6,&quot;335551620&quot;:6,&quot;335559740&quot;:360}\">\u00a0<\/span><\/p>\n<p><b><span data-contrast=\"auto\">\u201cDi\u00e1logos com o MPC-PR\u201d<\/span><\/b><span data-ccp-props=\"{&quot;201341983&quot;:0,&quot;335551550&quot;:6,&quot;335551620&quot;:6,&quot;335559740&quot;:360}\">\u00a0<\/span><\/p>\n<p><span data-contrast=\"auto\">O encontro desta quarta-feira marcou a iniciativa do novo Procurador-Geral, Gabriel Guy L\u00e9ger, em retomar o projeto \u201cDi\u00e1logos com o MPC-PR\u201d, criado pelo ex-Procurador Elizeu de Moraes Corr\u00eaa, que tem como objetivo aproximar da institui\u00e7\u00e3o a comunidade acad\u00eamica das faculdades de Direito do Paran\u00e1 e a sociedade como um todo, levando informa\u00e7\u00f5es acerca das atividades exercidas pelo Tribunal de Contas no controle dos recursos p\u00fablicos e do desempenho do Minist\u00e9rio P\u00fablico que atua junto a essa Corte especializada.<\/span><span data-ccp-props=\"{&quot;201341983&quot;:0,&quot;335551550&quot;:6,&quot;335551620&quot;:6,&quot;335559740&quot;:360}\">\u00a0<\/span><\/p>\n","protected":false},"excerpt":{"rendered":"<p>Na manh\u00e3 desta quarta-feira (15 de maio), o Minist\u00e9rio P\u00fablico de Contas do Paran\u00e1 (MPC-PR) recebeu um grupo de 36 estudantes de gradua\u00e7\u00e3o do Curso de Direito do Centro Universit\u00e1rio de Cascavel (Univel). Os universit\u00e1rios, de v\u00e1rios per\u00edodos, participaram da primeira edi\u00e7\u00e3o de 2024 do evento \u201cDi\u00e1logos com o MPC-PR\u201d, que teve como objetivo apresentar [&hellip;]<\/p>\n","protected":false},"author":1,"featured_media":19312,"comment_status":"open","ping_status":"open","sticky":false,"template":"","format":"standard","meta":{"_monsterinsights_skip_tracking":false,"_monsterinsights_sitenote_active":false,"_monsterinsights_sitenote_note":"","_monsterinsights_sitenote_category":0,"footnotes":""},"categories":[7],"tags":[237,128,118,550,58,13,39,551],"class_list":["post-19311","post","type-post","status-publish","format-standard","has-post-thumbnail","hentry","category-todas-as-noticias","tag-cascavel","tag-controle-externo","tag-controle-social","tag-dialogos-com-o-mpc-pr","tag-evento","tag-mpc-pr","tag-tce-pr","tag-univel","entry","has-media"],"yoast_head":"<!-- This site is optimized with the Yoast SEO plugin v27.3 - https:\/\/yoast.com\/product\/yoast-seo-wordpress\/ -->\n<title>MPC-PR promove capacita\u00e7\u00e3o para estudantes de Direito da Univel - Minist\u00e9rio P\u00fablico de Contas do Estado do Paran\u00e1<\/title>\n<meta name=\"robots\" content=\"index, follow, max-snippet:-1, max-image-preview:large, max-video-preview:-1\" \/>\n<link rel=\"canonical\" href=\"https:\/\/www.mpc.pr.gov.br\/index.php\/mpc-pr-promove-capacitacao-para-estudantes-de-direito-da-univel\/\" \/>\n<meta property=\"og:locale\" content=\"pt_BR\" \/>\n<meta property=\"og:type\" content=\"article\" \/>\n<meta property=\"og:title\" content=\"MPC-PR promove capacita\u00e7\u00e3o para estudantes de Direito da Univel - Minist\u00e9rio P\u00fablico de Contas do Estado do Paran\u00e1\" \/>\n<meta property=\"og:description\" content=\"Na manh\u00e3 desta quarta-feira (15 de maio), o Minist\u00e9rio P\u00fablico de Contas do Paran\u00e1 (MPC-PR) recebeu um grupo de 36 estudantes de gradua\u00e7\u00e3o do Curso de Direito do Centro Universit\u00e1rio de Cascavel (Univel). Os universit\u00e1rios, de v\u00e1rios per\u00edodos, participaram da primeira edi\u00e7\u00e3o de 2024 do evento \u201cDi\u00e1logos com o MPC-PR\u201d, que teve como objetivo apresentar [&hellip;]\" \/>\n<meta property=\"og:url\" content=\"https:\/\/www.mpc.pr.gov.br\/index.php\/mpc-pr-promove-capacitacao-para-estudantes-de-direito-da-univel\/\" \/>\n<meta property=\"og:site_name\" content=\"Minist\u00e9rio P\u00fablico de Contas do Estado do Paran\u00e1\" \/>\n<meta property=\"article:publisher\" content=\"https:\/\/www.facebook.com\/mpc.pr\" \/>\n<meta property=\"article:published_time\" content=\"2024-05-15T18:23:35+00:00\" \/>\n<meta property=\"article:modified_time\" content=\"2024-12-03T11:27:03+00:00\" \/>\n<meta property=\"og:image\" content=\"https:\/\/www.mpc.pr.gov.br\/wp-content\/uploads\/2024\/05\/Dialogos-com-o-MPC-PR-Univel-scaled.jpeg\" \/>\n\t<meta property=\"og:image:width\" content=\"2560\" \/>\n\t<meta property=\"og:image:height\" content=\"1444\" \/>\n\t<meta property=\"og:image:type\" content=\"image\/jpeg\" \/>\n<meta name=\"author\" content=\"mpcontaspr\" \/>\n<meta name=\"twitter:card\" content=\"summary_large_image\" \/>\n<meta name=\"twitter:label1\" content=\"Escrito por\" \/>\n\t<meta name=\"twitter:data1\" content=\"mpcontaspr\" \/>\n\t<meta name=\"twitter:label2\" content=\"Est. tempo de leitura\" \/>\n\t<meta name=\"twitter:data2\" content=\"5 minutos\" \/>\n<script type=\"application\/ld+json\" class=\"yoast-schema-graph\">{\"@context\":\"https:\\\/\\\/schema.org\",\"@graph\":[{\"@type\":\"Article\",\"@id\":\"https:\\\/\\\/www.mpc.pr.gov.br\\\/index.php\\\/mpc-pr-promove-capacitacao-para-estudantes-de-direito-da-univel\\\/#article\",\"isPartOf\":{\"@id\":\"https:\\\/\\\/www.mpc.pr.gov.br\\\/index.php\\\/mpc-pr-promove-capacitacao-para-estudantes-de-direito-da-univel\\\/\"},\"author\":{\"name\":\"mpcontaspr\",\"@id\":\"https:\\\/\\\/www.mpc.pr.gov.br\\\/#\\\/schema\\\/person\\\/2d83cb8980538d0ec174e8a6284f5e11\"},\"headline\":\"MPC-PR promove capacita\u00e7\u00e3o para estudantes de Direito da Univel\",\"datePublished\":\"2024-05-15T18:23:35+00:00\",\"dateModified\":\"2024-12-03T11:27:03+00:00\",\"mainEntityOfPage\":{\"@id\":\"https:\\\/\\\/www.mpc.pr.gov.br\\\/index.php\\\/mpc-pr-promove-capacitacao-para-estudantes-de-direito-da-univel\\\/\"},\"wordCount\":803,\"commentCount\":0,\"publisher\":{\"@id\":\"https:\\\/\\\/www.mpc.pr.gov.br\\\/#organization\"},\"image\":{\"@id\":\"https:\\\/\\\/www.mpc.pr.gov.br\\\/index.php\\\/mpc-pr-promove-capacitacao-para-estudantes-de-direito-da-univel\\\/#primaryimage\"},\"thumbnailUrl\":\"https:\\\/\\\/www.mpc.pr.gov.br\\\/wp-content\\\/uploads\\\/2024\\\/05\\\/Dialogos-com-o-MPC-PR-Univel-scaled.jpeg\",\"keywords\":[\"Cascavel\",\"Controle Externo\",\"Controle Social\",\"Di\u00e1logos com o MPC-PR\",\"Evento\",\"MPC-PR\",\"TCE-PR\",\"Univel\"],\"articleSection\":[\"Todas as not\u00edcias\"],\"inLanguage\":\"pt-BR\",\"potentialAction\":[{\"@type\":\"CommentAction\",\"name\":\"Comment\",\"target\":[\"https:\\\/\\\/www.mpc.pr.gov.br\\\/index.php\\\/mpc-pr-promove-capacitacao-para-estudantes-de-direito-da-univel\\\/#respond\"]}]},{\"@type\":\"WebPage\",\"@id\":\"https:\\\/\\\/www.mpc.pr.gov.br\\\/index.php\\\/mpc-pr-promove-capacitacao-para-estudantes-de-direito-da-univel\\\/\",\"url\":\"https:\\\/\\\/www.mpc.pr.gov.br\\\/index.php\\\/mpc-pr-promove-capacitacao-para-estudantes-de-direito-da-univel\\\/\",\"name\":\"MPC-PR promove capacita\u00e7\u00e3o para estudantes de Direito da Univel - Minist\u00e9rio P\u00fablico de Contas do Estado do Paran\u00e1\",\"isPartOf\":{\"@id\":\"https:\\\/\\\/www.mpc.pr.gov.br\\\/#website\"},\"primaryImageOfPage\":{\"@id\":\"https:\\\/\\\/www.mpc.pr.gov.br\\\/index.php\\\/mpc-pr-promove-capacitacao-para-estudantes-de-direito-da-univel\\\/#primaryimage\"},\"image\":{\"@id\":\"https:\\\/\\\/www.mpc.pr.gov.br\\\/index.php\\\/mpc-pr-promove-capacitacao-para-estudantes-de-direito-da-univel\\\/#primaryimage\"},\"thumbnailUrl\":\"https:\\\/\\\/www.mpc.pr.gov.br\\\/wp-content\\\/uploads\\\/2024\\\/05\\\/Dialogos-com-o-MPC-PR-Univel-scaled.jpeg\",\"datePublished\":\"2024-05-15T18:23:35+00:00\",\"dateModified\":\"2024-12-03T11:27:03+00:00\",\"breadcrumb\":{\"@id\":\"https:\\\/\\\/www.mpc.pr.gov.br\\\/index.php\\\/mpc-pr-promove-capacitacao-para-estudantes-de-direito-da-univel\\\/#breadcrumb\"},\"inLanguage\":\"pt-BR\",\"potentialAction\":[{\"@type\":\"ReadAction\",\"target\":[\"https:\\\/\\\/www.mpc.pr.gov.br\\\/index.php\\\/mpc-pr-promove-capacitacao-para-estudantes-de-direito-da-univel\\\/\"]}]},{\"@type\":\"ImageObject\",\"inLanguage\":\"pt-BR\",\"@id\":\"https:\\\/\\\/www.mpc.pr.gov.br\\\/index.php\\\/mpc-pr-promove-capacitacao-para-estudantes-de-direito-da-univel\\\/#primaryimage\",\"url\":\"https:\\\/\\\/www.mpc.pr.gov.br\\\/wp-content\\\/uploads\\\/2024\\\/05\\\/Dialogos-com-o-MPC-PR-Univel-scaled.jpeg\",\"contentUrl\":\"https:\\\/\\\/www.mpc.pr.gov.br\\\/wp-content\\\/uploads\\\/2024\\\/05\\\/Dialogos-com-o-MPC-PR-Univel-scaled.jpeg\",\"width\":2560,\"height\":1444},{\"@type\":\"BreadcrumbList\",\"@id\":\"https:\\\/\\\/www.mpc.pr.gov.br\\\/index.php\\\/mpc-pr-promove-capacitacao-para-estudantes-de-direito-da-univel\\\/#breadcrumb\",\"itemListElement\":[{\"@type\":\"ListItem\",\"position\":1,\"name\":\"In\u00edcio\",\"item\":\"https:\\\/\\\/www.mpc.pr.gov.br\\\/\"},{\"@type\":\"ListItem\",\"position\":2,\"name\":\"MPC-PR promove capacita\u00e7\u00e3o para estudantes de Direito da Univel\"}]},{\"@type\":\"WebSite\",\"@id\":\"https:\\\/\\\/www.mpc.pr.gov.br\\\/#website\",\"url\":\"https:\\\/\\\/www.mpc.pr.gov.br\\\/\",\"name\":\"Minist\u00e9rio P\u00fablico de Contas do Estado do Paran\u00e1\",\"description\":\"\",\"publisher\":{\"@id\":\"https:\\\/\\\/www.mpc.pr.gov.br\\\/#organization\"},\"potentialAction\":[{\"@type\":\"SearchAction\",\"target\":{\"@type\":\"EntryPoint\",\"urlTemplate\":\"https:\\\/\\\/www.mpc.pr.gov.br\\\/?s={search_term_string}\"},\"query-input\":{\"@type\":\"PropertyValueSpecification\",\"valueRequired\":true,\"valueName\":\"search_term_string\"}}],\"inLanguage\":\"pt-BR\"},{\"@type\":\"Organization\",\"@id\":\"https:\\\/\\\/www.mpc.pr.gov.br\\\/#organization\",\"name\":\"Minist\u00e9rio P\u00fablico de Contas do Estado do Paran\u00e1\",\"url\":\"https:\\\/\\\/www.mpc.pr.gov.br\\\/\",\"logo\":{\"@type\":\"ImageObject\",\"inLanguage\":\"pt-BR\",\"@id\":\"https:\\\/\\\/www.mpc.pr.gov.br\\\/#\\\/schema\\\/logo\\\/image\\\/\",\"url\":\"https:\\\/\\\/www.mpc.pr.gov.br\\\/wp-content\\\/uploads\\\/2020\\\/06\\\/99423647_1593460364143890_6706793420720963584_n-1-e1591387983167.png\",\"contentUrl\":\"https:\\\/\\\/www.mpc.pr.gov.br\\\/wp-content\\\/uploads\\\/2020\\\/06\\\/99423647_1593460364143890_6706793420720963584_n-1-e1591387983167.png\",\"width\":243,\"height\":73,\"caption\":\"Minist\u00e9rio P\u00fablico de Contas do Estado do Paran\u00e1\"},\"image\":{\"@id\":\"https:\\\/\\\/www.mpc.pr.gov.br\\\/#\\\/schema\\\/logo\\\/image\\\/\"},\"sameAs\":[\"https:\\\/\\\/www.facebook.com\\\/mpc.pr\",\"https:\\\/\\\/www.instagram.com\\\/mpc.pr\\\/?hl=pt-br\",\"https:\\\/\\\/www.youtube.com\\\/channel\\\/UCHri5oEM8DV0ztX57E0sBSw\"]},{\"@type\":\"Person\",\"@id\":\"https:\\\/\\\/www.mpc.pr.gov.br\\\/#\\\/schema\\\/person\\\/2d83cb8980538d0ec174e8a6284f5e11\",\"name\":\"mpcontaspr\",\"image\":{\"@type\":\"ImageObject\",\"inLanguage\":\"pt-BR\",\"@id\":\"https:\\\/\\\/secure.gravatar.com\\\/avatar\\\/1aef51541db7622e05fd639336c9c9f312c2a618396e2b6ca96846362fc5403f?s=96&d=mm&r=g\",\"url\":\"https:\\\/\\\/secure.gravatar.com\\\/avatar\\\/1aef51541db7622e05fd639336c9c9f312c2a618396e2b6ca96846362fc5403f?s=96&d=mm&r=g\",\"contentUrl\":\"https:\\\/\\\/secure.gravatar.com\\\/avatar\\\/1aef51541db7622e05fd639336c9c9f312c2a618396e2b6ca96846362fc5403f?s=96&d=mm&r=g\",\"caption\":\"mpcontaspr\"},\"sameAs\":[\"http:\\\/\\\/www.mpc.pr.gov.br\"]}]}<\/script>\n<!-- \/ Yoast SEO plugin. -->","yoast_head_json":{"title":"MPC-PR promove capacita\u00e7\u00e3o para estudantes de Direito da Univel - Minist\u00e9rio P\u00fablico de Contas do Estado do Paran\u00e1","robots":{"index":"index","follow":"follow","max-snippet":"max-snippet:-1","max-image-preview":"max-image-preview:large","max-video-preview":"max-video-preview:-1"},"canonical":"https:\/\/www.mpc.pr.gov.br\/index.php\/mpc-pr-promove-capacitacao-para-estudantes-de-direito-da-univel\/","og_locale":"pt_BR","og_type":"article","og_title":"MPC-PR promove capacita\u00e7\u00e3o para estudantes de Direito da Univel - Minist\u00e9rio P\u00fablico de Contas do Estado do Paran\u00e1","og_description":"Na manh\u00e3 desta quarta-feira (15 de maio), o Minist\u00e9rio P\u00fablico de Contas do Paran\u00e1 (MPC-PR) recebeu um grupo de 36 estudantes de gradua\u00e7\u00e3o do Curso de Direito do Centro Universit\u00e1rio de Cascavel (Univel). Os universit\u00e1rios, de v\u00e1rios per\u00edodos, participaram da primeira edi\u00e7\u00e3o de 2024 do evento \u201cDi\u00e1logos com o MPC-PR\u201d, que teve como objetivo apresentar [&hellip;]","og_url":"https:\/\/www.mpc.pr.gov.br\/index.php\/mpc-pr-promove-capacitacao-para-estudantes-de-direito-da-univel\/","og_site_name":"Minist\u00e9rio P\u00fablico de Contas do Estado do Paran\u00e1","article_publisher":"https:\/\/www.facebook.com\/mpc.pr","article_published_time":"2024-05-15T18:23:35+00:00","article_modified_time":"2024-12-03T11:27:03+00:00","og_image":[{"width":2560,"height":1444,"url":"https:\/\/www.mpc.pr.gov.br\/wp-content\/uploads\/2024\/05\/Dialogos-com-o-MPC-PR-Univel-scaled.jpeg","type":"image\/jpeg"}],"author":"mpcontaspr","twitter_card":"summary_large_image","twitter_misc":{"Escrito por":"mpcontaspr","Est. tempo de leitura":"5 minutos"},"schema":{"@context":"https:\/\/schema.org","@graph":[{"@type":"Article","@id":"https:\/\/www.mpc.pr.gov.br\/index.php\/mpc-pr-promove-capacitacao-para-estudantes-de-direito-da-univel\/#article","isPartOf":{"@id":"https:\/\/www.mpc.pr.gov.br\/index.php\/mpc-pr-promove-capacitacao-para-estudantes-de-direito-da-univel\/"},"author":{"name":"mpcontaspr","@id":"https:\/\/www.mpc.pr.gov.br\/#\/schema\/person\/2d83cb8980538d0ec174e8a6284f5e11"},"headline":"MPC-PR promove capacita\u00e7\u00e3o para estudantes de Direito da Univel","datePublished":"2024-05-15T18:23:35+00:00","dateModified":"2024-12-03T11:27:03+00:00","mainEntityOfPage":{"@id":"https:\/\/www.mpc.pr.gov.br\/index.php\/mpc-pr-promove-capacitacao-para-estudantes-de-direito-da-univel\/"},"wordCount":803,"commentCount":0,"publisher":{"@id":"https:\/\/www.mpc.pr.gov.br\/#organization"},"image":{"@id":"https:\/\/www.mpc.pr.gov.br\/index.php\/mpc-pr-promove-capacitacao-para-estudantes-de-direito-da-univel\/#primaryimage"},"thumbnailUrl":"https:\/\/www.mpc.pr.gov.br\/wp-content\/uploads\/2024\/05\/Dialogos-com-o-MPC-PR-Univel-scaled.jpeg","keywords":["Cascavel","Controle Externo","Controle Social","Di\u00e1logos com o MPC-PR","Evento","MPC-PR","TCE-PR","Univel"],"articleSection":["Todas as not\u00edcias"],"inLanguage":"pt-BR","potentialAction":[{"@type":"CommentAction","name":"Comment","target":["https:\/\/www.mpc.pr.gov.br\/index.php\/mpc-pr-promove-capacitacao-para-estudantes-de-direito-da-univel\/#respond"]}]},{"@type":"WebPage","@id":"https:\/\/www.mpc.pr.gov.br\/index.php\/mpc-pr-promove-capacitacao-para-estudantes-de-direito-da-univel\/","url":"https:\/\/www.mpc.pr.gov.br\/index.php\/mpc-pr-promove-capacitacao-para-estudantes-de-direito-da-univel\/","name":"MPC-PR promove capacita\u00e7\u00e3o para estudantes de Direito da Univel - Minist\u00e9rio P\u00fablico de Contas do Estado do Paran\u00e1","isPartOf":{"@id":"https:\/\/www.mpc.pr.gov.br\/#website"},"primaryImageOfPage":{"@id":"https:\/\/www.mpc.pr.gov.br\/index.php\/mpc-pr-promove-capacitacao-para-estudantes-de-direito-da-univel\/#primaryimage"},"image":{"@id":"https:\/\/www.mpc.pr.gov.br\/index.php\/mpc-pr-promove-capacitacao-para-estudantes-de-direito-da-univel\/#primaryimage"},"thumbnailUrl":"https:\/\/www.mpc.pr.gov.br\/wp-content\/uploads\/2024\/05\/Dialogos-com-o-MPC-PR-Univel-scaled.jpeg","datePublished":"2024-05-15T18:23:35+00:00","dateModified":"2024-12-03T11:27:03+00:00","breadcrumb":{"@id":"https:\/\/www.mpc.pr.gov.br\/index.php\/mpc-pr-promove-capacitacao-para-estudantes-de-direito-da-univel\/#breadcrumb"},"inLanguage":"pt-BR","potentialAction":[{"@type":"ReadAction","target":["https:\/\/www.mpc.pr.gov.br\/index.php\/mpc-pr-promove-capacitacao-para-estudantes-de-direito-da-univel\/"]}]},{"@type":"ImageObject","inLanguage":"pt-BR","@id":"https:\/\/www.mpc.pr.gov.br\/index.php\/mpc-pr-promove-capacitacao-para-estudantes-de-direito-da-univel\/#primaryimage","url":"https:\/\/www.mpc.pr.gov.br\/wp-content\/uploads\/2024\/05\/Dialogos-com-o-MPC-PR-Univel-scaled.jpeg","contentUrl":"https:\/\/www.mpc.pr.gov.br\/wp-content\/uploads\/2024\/05\/Dialogos-com-o-MPC-PR-Univel-scaled.jpeg","width":2560,"height":1444},{"@type":"BreadcrumbList","@id":"https:\/\/www.mpc.pr.gov.br\/index.php\/mpc-pr-promove-capacitacao-para-estudantes-de-direito-da-univel\/#breadcrumb","itemListElement":[{"@type":"ListItem","position":1,"name":"In\u00edcio","item":"https:\/\/www.mpc.pr.gov.br\/"},{"@type":"ListItem","position":2,"name":"MPC-PR promove capacita\u00e7\u00e3o para estudantes de Direito da Univel"}]},{"@type":"WebSite","@id":"https:\/\/www.mpc.pr.gov.br\/#website","url":"https:\/\/www.mpc.pr.gov.br\/","name":"Minist\u00e9rio P\u00fablico de Contas do Estado do Paran\u00e1","description":"","publisher":{"@id":"https:\/\/www.mpc.pr.gov.br\/#organization"},"potentialAction":[{"@type":"SearchAction","target":{"@type":"EntryPoint","urlTemplate":"https:\/\/www.mpc.pr.gov.br\/?s={search_term_string}"},"query-input":{"@type":"PropertyValueSpecification","valueRequired":true,"valueName":"search_term_string"}}],"inLanguage":"pt-BR"},{"@type":"Organization","@id":"https:\/\/www.mpc.pr.gov.br\/#organization","name":"Minist\u00e9rio P\u00fablico de Contas do Estado do Paran\u00e1","url":"https:\/\/www.mpc.pr.gov.br\/","logo":{"@type":"ImageObject","inLanguage":"pt-BR","@id":"https:\/\/www.mpc.pr.gov.br\/#\/schema\/logo\/image\/","url":"https:\/\/www.mpc.pr.gov.br\/wp-content\/uploads\/2020\/06\/99423647_1593460364143890_6706793420720963584_n-1-e1591387983167.png","contentUrl":"https:\/\/www.mpc.pr.gov.br\/wp-content\/uploads\/2020\/06\/99423647_1593460364143890_6706793420720963584_n-1-e1591387983167.png","width":243,"height":73,"caption":"Minist\u00e9rio P\u00fablico de Contas do Estado do Paran\u00e1"},"image":{"@id":"https:\/\/www.mpc.pr.gov.br\/#\/schema\/logo\/image\/"},"sameAs":["https:\/\/www.facebook.com\/mpc.pr","https:\/\/www.instagram.com\/mpc.pr\/?hl=pt-br","https:\/\/www.youtube.com\/channel\/UCHri5oEM8DV0ztX57E0sBSw"]},{"@type":"Person","@id":"https:\/\/www.mpc.pr.gov.br\/#\/schema\/person\/2d83cb8980538d0ec174e8a6284f5e11","name":"mpcontaspr","image":{"@type":"ImageObject","inLanguage":"pt-BR","@id":"https:\/\/secure.gravatar.com\/avatar\/1aef51541db7622e05fd639336c9c9f312c2a618396e2b6ca96846362fc5403f?s=96&d=mm&r=g","url":"https:\/\/secure.gravatar.com\/avatar\/1aef51541db7622e05fd639336c9c9f312c2a618396e2b6ca96846362fc5403f?s=96&d=mm&r=g","contentUrl":"https:\/\/secure.gravatar.com\/avatar\/1aef51541db7622e05fd639336c9c9f312c2a618396e2b6ca96846362fc5403f?s=96&d=mm&r=g","caption":"mpcontaspr"},"sameAs":["http:\/\/www.mpc.pr.gov.br"]}]}},"rttpg_featured_image_url":{"full":["https:\/\/www.mpc.pr.gov.br\/wp-content\/uploads\/2024\/05\/Dialogos-com-o-MPC-PR-Univel-scaled.jpeg",2560,1444,false],"landscape":["https:\/\/www.mpc.pr.gov.br\/wp-content\/uploads\/2024\/05\/Dialogos-com-o-MPC-PR-Univel-scaled.jpeg",2560,1444,false],"portraits":["https:\/\/www.mpc.pr.gov.br\/wp-content\/uploads\/2024\/05\/Dialogos-com-o-MPC-PR-Univel-scaled.jpeg",2560,1444,false],"thumbnail":["https:\/\/www.mpc.pr.gov.br\/wp-content\/uploads\/2024\/05\/Dialogos-com-o-MPC-PR-Univel-150x150.jpeg",150,150,true],"medium":["https:\/\/www.mpc.pr.gov.br\/wp-content\/uploads\/2024\/05\/Dialogos-com-o-MPC-PR-Univel-300x169.jpeg",300,169,true],"large":["https:\/\/www.mpc.pr.gov.br\/wp-content\/uploads\/2024\/05\/Dialogos-com-o-MPC-PR-Univel-1024x578.jpeg",1024,578,true],"1536x1536":["https:\/\/www.mpc.pr.gov.br\/wp-content\/uploads\/2024\/05\/Dialogos-com-o-MPC-PR-Univel-1536x866.jpeg",1536,866,true],"2048x2048":["https:\/\/www.mpc.pr.gov.br\/wp-content\/uploads\/2024\/05\/Dialogos-com-o-MPC-PR-Univel-2048x1155.jpeg",2048,1155,true],"ocean-thumb-m":["https:\/\/www.mpc.pr.gov.br\/wp-content\/uploads\/2024\/05\/Dialogos-com-o-MPC-PR-Univel-600x600.jpeg",600,600,true],"ocean-thumb-ml":["https:\/\/www.mpc.pr.gov.br\/wp-content\/uploads\/2024\/05\/Dialogos-com-o-MPC-PR-Univel-800x450.jpeg",800,450,true],"ocean-thumb-l":["https:\/\/www.mpc.pr.gov.br\/wp-content\/uploads\/2024\/05\/Dialogos-com-o-MPC-PR-Univel-1200x700.jpeg",1200,700,true]},"rttpg_author":{"display_name":"mpcontaspr","author_link":"https:\/\/www.mpc.pr.gov.br\/index.php\/author\/mpcontaspr\/"},"rttpg_comment":0,"rttpg_category":"<a href=\"https:\/\/www.mpc.pr.gov.br\/index.php\/category\/todas-as-noticias\/\" rel=\"category tag\">Todas as not\u00edcias<\/a>","rttpg_excerpt":"Na manh\u00e3 desta quarta-feira (15 de maio), o Minist\u00e9rio P\u00fablico de Contas do Paran\u00e1 (MPC-PR) recebeu um grupo de 36 estudantes de gradua\u00e7\u00e3o do Curso de Direito do Centro Universit\u00e1rio de Cascavel (Univel). Os universit\u00e1rios, de v\u00e1rios per\u00edodos, participaram da primeira edi\u00e7\u00e3o de 2024 do evento \u201cDi\u00e1logos com o MPC-PR\u201d, que teve como objetivo apresentar&hellip;","_links":{"self":[{"href":"https:\/\/www.mpc.pr.gov.br\/index.php\/wp-json\/wp\/v2\/posts\/19311","targetHints":{"allow":["GET"]}}],"collection":[{"href":"https:\/\/www.mpc.pr.gov.br\/index.php\/wp-json\/wp\/v2\/posts"}],"about":[{"href":"https:\/\/www.mpc.pr.gov.br\/index.php\/wp-json\/wp\/v2\/types\/post"}],"author":[{"embeddable":true,"href":"https:\/\/www.mpc.pr.gov.br\/index.php\/wp-json\/wp\/v2\/users\/1"}],"replies":[{"embeddable":true,"href":"https:\/\/www.mpc.pr.gov.br\/index.php\/wp-json\/wp\/v2\/comments?post=19311"}],"version-history":[{"count":6,"href":"https:\/\/www.mpc.pr.gov.br\/index.php\/wp-json\/wp\/v2\/posts\/19311\/revisions"}],"predecessor-version":[{"id":21862,"href":"https:\/\/www.mpc.pr.gov.br\/index.php\/wp-json\/wp\/v2\/posts\/19311\/revisions\/21862"}],"wp:featuredmedia":[{"embeddable":true,"href":"https:\/\/www.mpc.pr.gov.br\/index.php\/wp-json\/wp\/v2\/media\/19312"}],"wp:attachment":[{"href":"https:\/\/www.mpc.pr.gov.br\/index.php\/wp-json\/wp\/v2\/media?parent=19311"}],"wp:term":[{"taxonomy":"category","embeddable":true,"href":"https:\/\/www.mpc.pr.gov.br\/index.php\/wp-json\/wp\/v2\/categories?post=19311"},{"taxonomy":"post_tag","embeddable":true,"href":"https:\/\/www.mpc.pr.gov.br\/index.php\/wp-json\/wp\/v2\/tags?post=19311"}],"curies":[{"name":"wp","href":"https:\/\/api.w.org\/{rel}","templated":true}]}}