{"id":19329,"date":"2024-05-20T14:43:59","date_gmt":"2024-05-20T17:43:59","guid":{"rendered":"https:\/\/www.mpc.pr.gov.br\/?p=19329"},"modified":"2024-06-06T13:58:21","modified_gmt":"2024-06-06T16:58:21","slug":"ivaipora-deve-aprimorar-fiscalizacao-da-terceirizacao-de-servicos-medicos","status":"publish","type":"post","link":"https:\/\/www.mpc.pr.gov.br\/index.php\/ivaipora-deve-aprimorar-fiscalizacao-da-terceirizacao-de-servicos-medicos\/","title":{"rendered":"Ivaipor\u00e3 deve aprimorar fiscaliza\u00e7\u00e3o da terceiriza\u00e7\u00e3o de servi\u00e7os m\u00e9dicos"},"content":{"rendered":"<figure id=\"attachment_16011\" aria-describedby=\"caption-attachment-16011\" style=\"width: 300px\" class=\"wp-caption alignleft\"><img fetchpriority=\"high\" decoding=\"async\" class=\"size-medium wp-image-16011\" src=\"https:\/\/www.mpc.pr.gov.br\/wp-content\/uploads\/2023\/07\/saude-000000-300x270.jpg\" alt=\"\" width=\"300\" height=\"270\" srcset=\"https:\/\/www.mpc.pr.gov.br\/wp-content\/uploads\/2023\/07\/saude-000000-300x270.jpg 300w, https:\/\/www.mpc.pr.gov.br\/wp-content\/uploads\/2023\/07\/saude-000000.jpg 321w\" sizes=\"(max-width: 300px) 100vw, 300px\" \/><figcaption id=\"caption-attachment-16011\" class=\"wp-caption-text\">Sa\u00fade \u00e9 um servi\u00e7o essencial que a administra\u00e7\u00e3o p\u00fablica deve oferecer \u00e0 popula\u00e7\u00e3o. Imagem: Divulga\u00e7\u00e3o.<\/figcaption><\/figure>\n<p>O Tribunal de Contas do Estado do Paran\u00e1 (TCE-PR) determinou ao Munic\u00edpio de Ivaipor\u00e3 (Regi\u00e3o Central) que comprove, no prazo de 180 dias, a tomada de a\u00e7\u00f5es e a efetiva melhoria dos procedimentos de fiscaliza\u00e7\u00e3o dos contratos de terceiriza\u00e7\u00e3o de servi\u00e7os m\u00e9dicos. O prazo passar\u00e1 a contar a partir do tr\u00e2nsito em julgado da decis\u00e3o, que foi alvo de recurso.<\/p>\n<p>Os conselheiros tamb\u00e9m recomendaram que o munic\u00edpio aprimore os crit\u00e9rios de classifica\u00e7\u00e3o e contabiliza\u00e7\u00e3o dos gastos decorrentes de contratos de terceiriza\u00e7\u00e3o de m\u00e3o de obra vinculados \u00e0 Aten\u00e7\u00e3o B\u00e1sica de Sa\u00fade, para inclu\u00ed-los nos c\u00e1lculos de despesa total de pessoal para apura\u00e7\u00e3o dos \u00edndices da Lei Complementar n\u00ba 101\/00 (Lei de Responsabilidade Fiscal &#8211; LRF).<\/p>\n<p>Em raz\u00e3o da decis\u00e3o, que foi tomada no processo em que o TCE-PR julgou parcialmente procedente Representa\u00e7\u00e3o formulada pelo Minist\u00e9rio P\u00fablico de Contas do Paran\u00e1 (MPC-PR) em face do Poder Executivo de Ivaipor\u00e3, o ex-prefeito Miguel Roberto do Amaral (gest\u00e3o 2017-2020) recebeu duas multas de R$ 5.471,60, que somam R$ 10.943,20.<\/p>\n<p>O Tribunal julgou irregulares a inobserv\u00e2ncia inciso III do artigo 9\u00ba da Lei Federal n\u00ba 8.666\/93, Lei de Licita\u00e7\u00f5es e Contratos vigente \u00e0 \u00e9poca, em decorr\u00eancia da celebra\u00e7\u00e3o de contrato administrativo com empresa cujos s\u00f3cios s\u00e3o servidores p\u00fablicos; e o desrespeito \u00e0s regras dos artigos 66 e 67 da Lei Federal n\u00ba 8.666\/93, devido \u00e0 insufici\u00eancia das rotinas de fiscaliza\u00e7\u00e3o de contratos de presta\u00e7\u00e3o de servi\u00e7os m\u00e9dicos.<\/p>\n<p><strong>Decis\u00e3o<\/strong><\/p>\n<p>Na instru\u00e7\u00e3o do processo, a Coordenadoria de Gest\u00e3o Municipal (CGM) do TCE-PR opinou pela proced\u00eancia da Representa\u00e7\u00e3o, com aplica\u00e7\u00e3o de multas. Em seu parecer, o MPC-PR concordou com o posicionamento da unidade t\u00e9cnica.<\/p>\n<p>O relator do processo, conselheiro Augustinho Zucchi, afirmou que a gest\u00e3o do Munic\u00edpio de Ivaipor\u00e3 infringiu, entre 2017 e 2020, as disposi\u00e7\u00f5es dos artigos 37, inciso II, e 199, par\u00e1grafo 1\u00ba, da Constitui\u00e7\u00e3o Federal, em decorr\u00eancia da celebra\u00e7\u00e3o de contratos administrativos cujos objetos envolviam terceiriza\u00e7\u00e3o de servi\u00e7os m\u00e9dicos em desacordo com os pressupostos dos artigos 24 a 26 da Lei Federal n\u00ba 8.090\/90 e com a jurisprud\u00eancia do TCE-PR.<\/p>\n<p>Zucchi destacou que tamb\u00e9m houve ofensa \u00e0s disposi\u00e7\u00f5es do artigo 18, par\u00e1grafo 1\u00ba, da LRF, devido \u00e0 incorreta contabiliza\u00e7\u00e3o de contratos administrativos envolvendo substitui\u00e7\u00e3o de servidores na \u00e1rea de sa\u00fade no elemento de despesa 3.3.90.39.50.<\/p>\n<p>O conselheiro ressaltou, ainda, que houve a infring\u00eancia do disposto no inciso III do artigo 9\u00ba da Lei Federal n\u00ba 8.666\/93, em raz\u00e3o da celebra\u00e7\u00e3o do Contrato n\u00ba 1569\/17 com a empresa Cl\u00ednica M\u00e9dica Paschoal, cujos s\u00f3cios s\u00e3o servidores p\u00fablicos do Munic\u00edpio de Ivaipor\u00e3. Portanto, ele entendeu que houve afronta aos princ\u00edpios da moralidade e da impessoalidade, previstos no artigo 37 da Constitui\u00e7\u00e3o Federal.<\/p>\n<p>Assim, o relator aplicou ao ex-prefeito, por duas vezes, a san\u00e7\u00e3o prevista no artigo 87, inciso IV, da Lei Org\u00e2nica do TCE-PR (Lei Complementar n\u00ba 113\/2005). A multa corresponde a 40 vezes o valor da Unidade Padr\u00e3o Fiscal do Estado do Paran\u00e1 (UPF-PR), indexador das multas do TCE-PR que valia R$ 136,79 em abril, m\u00eas em que o processo foi julgado.<\/p>\n<p>Os conselheiros aprovaram o voto do relator por voto de desempate do presidente, na Sess\u00e3o de Plen\u00e1rio Virtual n\u00ba 6\/24 do Plen\u00e1rio Virtual do Tribunal Pleno do TCE-PR, conclu\u00edda em 11 de abril, ap\u00f3s a apresenta\u00e7\u00e3o de voto parcialmente divergente do conselheiro Maur\u00edcio Requi\u00e3o.<\/p>\n<p>Miguel Roberto do Amaral ingressou com Recurso de Revista da decis\u00e3o expressa no Ac\u00f3rd\u00e3o n\u00ba 932\/24 &#8211; Tribunal Pleno, disponibilizado em 22 de abril, na\u00a0<a href=\"https:\/\/www1.tce.pr.gov.br\/multimidia\/2024\/4\/pdf\/00383734.pdf\">edi\u00e7\u00e3o n\u00ba 3.193 do Di\u00e1rio Eletr\u00f4nico\u00a0do TCE-PR (DETC).<\/a>\u00a0Enquanto o recurso tramita, fica suspensa a execu\u00e7\u00e3o das san\u00e7\u00f5es impostas na decis\u00e3o contestada.<\/p>\n<blockquote><p><span style=\"color: #820007;\"><strong><u>Informa\u00e7\u00e3o para consulta processual<\/u><\/strong><\/span><\/p>\n<table border=\"0\" width=\"629\" cellspacing=\"0\" cellpadding=\"0\">\n<tbody>\n<tr>\n<td><strong>Processo<\/strong>\u00a0<strong>n\u00ba<\/strong>:<\/td>\n<td>497822\/19<\/td>\n<\/tr>\n<tr>\n<td><strong>Ac\u00f3rd\u00e3o n\u00ba<\/strong><\/td>\n<td>932\/24 &#8211; Tribunal Pleno<\/td>\n<\/tr>\n<tr>\n<td><strong>Assunto<\/strong>:<\/td>\n<td>Representa\u00e7\u00e3o<\/td>\n<\/tr>\n<tr>\n<td><strong>Entidade<\/strong>:<\/td>\n<td>Munic\u00edpio de Ivaipor\u00e3<\/td>\n<\/tr>\n<tr>\n<td><strong>Interessados:<\/strong><\/td>\n<td>Cl\u00ednica M\u00e9dica Paschoal, Miguel Roberto do Amaral, Minist\u00e9rio P\u00fablico de Contas do Paran\u00e1 e outros<\/td>\n<\/tr>\n<tr>\n<td><strong>Relator<\/strong>:<\/td>\n<td>Conselheiro Augustinho Zucchi<\/td>\n<\/tr>\n<\/tbody>\n<\/table>\n<\/blockquote>\n<blockquote><p><em><strong>Fonte: Diretoria de Comunica\u00e7\u00e3o Social do TCE-PR.<\/strong><\/em><\/p><\/blockquote>\n","protected":false},"excerpt":{"rendered":"<p>O Tribunal de Contas do Estado do Paran\u00e1 (TCE-PR) determinou ao Munic\u00edpio de Ivaipor\u00e3 (Regi\u00e3o Central) que comprove, no prazo de 180 dias, a tomada de a\u00e7\u00f5es e a efetiva melhoria dos procedimentos de fiscaliza\u00e7\u00e3o dos contratos de terceiriza\u00e7\u00e3o de servi\u00e7os m\u00e9dicos. O prazo passar\u00e1 a contar a partir do tr\u00e2nsito em julgado da decis\u00e3o, [&hellip;]<\/p>\n","protected":false},"author":1,"featured_media":16011,"comment_status":"open","ping_status":"open","sticky":false,"template":"","format":"standard","meta":{"_monsterinsights_skip_tracking":false,"_monsterinsights_sitenote_active":false,"_monsterinsights_sitenote_note":"","_monsterinsights_sitenote_category":0,"footnotes":""},"categories":[7],"tags":[552,158,13,125,123,39,124],"class_list":["post-19329","post","type-post","status-publish","format-standard","has-post-thumbnail","hentry","category-todas-as-noticias","tag-ivaipora","tag-medicos","tag-mpc-pr","tag-projeto-de-fiscalizacao-das-terceirizacoes-de-medicos-plantonistas","tag-saude","tag-tce-pr","tag-terceirizacao","entry","has-media"],"yoast_head":"<!-- This site is optimized with the Yoast SEO plugin v27.3 - https:\/\/yoast.com\/product\/yoast-seo-wordpress\/ -->\n<title>Ivaipor\u00e3 deve aprimorar fiscaliza\u00e7\u00e3o da terceiriza\u00e7\u00e3o de servi\u00e7os m\u00e9dicos - Minist\u00e9rio P\u00fablico de Contas do Estado do Paran\u00e1<\/title>\n<meta name=\"robots\" content=\"index, follow, max-snippet:-1, max-image-preview:large, max-video-preview:-1\" \/>\n<link rel=\"canonical\" href=\"https:\/\/www.mpc.pr.gov.br\/index.php\/ivaipora-deve-aprimorar-fiscalizacao-da-terceirizacao-de-servicos-medicos\/\" \/>\n<meta property=\"og:locale\" content=\"pt_BR\" \/>\n<meta property=\"og:type\" content=\"article\" \/>\n<meta property=\"og:title\" content=\"Ivaipor\u00e3 deve aprimorar fiscaliza\u00e7\u00e3o da terceiriza\u00e7\u00e3o de servi\u00e7os m\u00e9dicos - Minist\u00e9rio P\u00fablico de Contas do Estado do Paran\u00e1\" \/>\n<meta property=\"og:description\" content=\"O Tribunal de Contas do Estado do Paran\u00e1 (TCE-PR) determinou ao Munic\u00edpio de Ivaipor\u00e3 (Regi\u00e3o Central) que comprove, no prazo de 180 dias, a tomada de a\u00e7\u00f5es e a efetiva melhoria dos procedimentos de fiscaliza\u00e7\u00e3o dos contratos de terceiriza\u00e7\u00e3o de servi\u00e7os m\u00e9dicos. O prazo passar\u00e1 a contar a partir do tr\u00e2nsito em julgado da decis\u00e3o, [&hellip;]\" \/>\n<meta property=\"og:url\" content=\"https:\/\/www.mpc.pr.gov.br\/index.php\/ivaipora-deve-aprimorar-fiscalizacao-da-terceirizacao-de-servicos-medicos\/\" \/>\n<meta property=\"og:site_name\" content=\"Minist\u00e9rio P\u00fablico de Contas do Estado do Paran\u00e1\" \/>\n<meta property=\"article:publisher\" content=\"https:\/\/www.facebook.com\/mpc.pr\" \/>\n<meta property=\"article:published_time\" content=\"2024-05-20T17:43:59+00:00\" \/>\n<meta property=\"article:modified_time\" content=\"2024-06-06T16:58:21+00:00\" \/>\n<meta property=\"og:image\" content=\"https:\/\/www.mpc.pr.gov.br\/wp-content\/uploads\/2023\/07\/saude-000000.jpg\" \/>\n\t<meta property=\"og:image:width\" content=\"321\" \/>\n\t<meta property=\"og:image:height\" content=\"289\" \/>\n\t<meta property=\"og:image:type\" content=\"image\/jpeg\" \/>\n<meta name=\"author\" content=\"mpcontaspr\" \/>\n<meta name=\"twitter:card\" content=\"summary_large_image\" \/>\n<meta name=\"twitter:label1\" content=\"Escrito por\" \/>\n\t<meta name=\"twitter:data1\" content=\"mpcontaspr\" \/>\n\t<meta name=\"twitter:label2\" content=\"Est. tempo de leitura\" \/>\n\t<meta name=\"twitter:data2\" content=\"4 minutos\" \/>\n<script type=\"application\/ld+json\" class=\"yoast-schema-graph\">{\"@context\":\"https:\\\/\\\/schema.org\",\"@graph\":[{\"@type\":\"Article\",\"@id\":\"https:\\\/\\\/www.mpc.pr.gov.br\\\/index.php\\\/ivaipora-deve-aprimorar-fiscalizacao-da-terceirizacao-de-servicos-medicos\\\/#article\",\"isPartOf\":{\"@id\":\"https:\\\/\\\/www.mpc.pr.gov.br\\\/index.php\\\/ivaipora-deve-aprimorar-fiscalizacao-da-terceirizacao-de-servicos-medicos\\\/\"},\"author\":{\"name\":\"mpcontaspr\",\"@id\":\"https:\\\/\\\/www.mpc.pr.gov.br\\\/#\\\/schema\\\/person\\\/2d83cb8980538d0ec174e8a6284f5e11\"},\"headline\":\"Ivaipor\u00e3 deve aprimorar fiscaliza\u00e7\u00e3o da terceiriza\u00e7\u00e3o de servi\u00e7os m\u00e9dicos\",\"datePublished\":\"2024-05-20T17:43:59+00:00\",\"dateModified\":\"2024-06-06T16:58:21+00:00\",\"mainEntityOfPage\":{\"@id\":\"https:\\\/\\\/www.mpc.pr.gov.br\\\/index.php\\\/ivaipora-deve-aprimorar-fiscalizacao-da-terceirizacao-de-servicos-medicos\\\/\"},\"wordCount\":740,\"commentCount\":0,\"publisher\":{\"@id\":\"https:\\\/\\\/www.mpc.pr.gov.br\\\/#organization\"},\"image\":{\"@id\":\"https:\\\/\\\/www.mpc.pr.gov.br\\\/index.php\\\/ivaipora-deve-aprimorar-fiscalizacao-da-terceirizacao-de-servicos-medicos\\\/#primaryimage\"},\"thumbnailUrl\":\"https:\\\/\\\/www.mpc.pr.gov.br\\\/wp-content\\\/uploads\\\/2023\\\/07\\\/saude-000000.jpg\",\"keywords\":[\"Ivaipor\u00e3\",\"M\u00e9dicos\",\"MPC-PR\",\"Projeto de Fiscaliza\u00e7\u00e3o das Terceiriza\u00e7\u00f5es de M\u00e9dicos Plantonistas\",\"Sa\u00fade\",\"TCE-PR\",\"Terceiriza\u00e7\u00e3o\"],\"articleSection\":[\"Todas as not\u00edcias\"],\"inLanguage\":\"pt-BR\",\"potentialAction\":[{\"@type\":\"CommentAction\",\"name\":\"Comment\",\"target\":[\"https:\\\/\\\/www.mpc.pr.gov.br\\\/index.php\\\/ivaipora-deve-aprimorar-fiscalizacao-da-terceirizacao-de-servicos-medicos\\\/#respond\"]}]},{\"@type\":\"WebPage\",\"@id\":\"https:\\\/\\\/www.mpc.pr.gov.br\\\/index.php\\\/ivaipora-deve-aprimorar-fiscalizacao-da-terceirizacao-de-servicos-medicos\\\/\",\"url\":\"https:\\\/\\\/www.mpc.pr.gov.br\\\/index.php\\\/ivaipora-deve-aprimorar-fiscalizacao-da-terceirizacao-de-servicos-medicos\\\/\",\"name\":\"Ivaipor\u00e3 deve aprimorar fiscaliza\u00e7\u00e3o da terceiriza\u00e7\u00e3o de servi\u00e7os m\u00e9dicos - Minist\u00e9rio P\u00fablico de Contas do Estado do Paran\u00e1\",\"isPartOf\":{\"@id\":\"https:\\\/\\\/www.mpc.pr.gov.br\\\/#website\"},\"primaryImageOfPage\":{\"@id\":\"https:\\\/\\\/www.mpc.pr.gov.br\\\/index.php\\\/ivaipora-deve-aprimorar-fiscalizacao-da-terceirizacao-de-servicos-medicos\\\/#primaryimage\"},\"image\":{\"@id\":\"https:\\\/\\\/www.mpc.pr.gov.br\\\/index.php\\\/ivaipora-deve-aprimorar-fiscalizacao-da-terceirizacao-de-servicos-medicos\\\/#primaryimage\"},\"thumbnailUrl\":\"https:\\\/\\\/www.mpc.pr.gov.br\\\/wp-content\\\/uploads\\\/2023\\\/07\\\/saude-000000.jpg\",\"datePublished\":\"2024-05-20T17:43:59+00:00\",\"dateModified\":\"2024-06-06T16:58:21+00:00\",\"breadcrumb\":{\"@id\":\"https:\\\/\\\/www.mpc.pr.gov.br\\\/index.php\\\/ivaipora-deve-aprimorar-fiscalizacao-da-terceirizacao-de-servicos-medicos\\\/#breadcrumb\"},\"inLanguage\":\"pt-BR\",\"potentialAction\":[{\"@type\":\"ReadAction\",\"target\":[\"https:\\\/\\\/www.mpc.pr.gov.br\\\/index.php\\\/ivaipora-deve-aprimorar-fiscalizacao-da-terceirizacao-de-servicos-medicos\\\/\"]}]},{\"@type\":\"ImageObject\",\"inLanguage\":\"pt-BR\",\"@id\":\"https:\\\/\\\/www.mpc.pr.gov.br\\\/index.php\\\/ivaipora-deve-aprimorar-fiscalizacao-da-terceirizacao-de-servicos-medicos\\\/#primaryimage\",\"url\":\"https:\\\/\\\/www.mpc.pr.gov.br\\\/wp-content\\\/uploads\\\/2023\\\/07\\\/saude-000000.jpg\",\"contentUrl\":\"https:\\\/\\\/www.mpc.pr.gov.br\\\/wp-content\\\/uploads\\\/2023\\\/07\\\/saude-000000.jpg\",\"width\":321,\"height\":289,\"caption\":\"Sa\u00fade \u00e9 um servi\u00e7o essencial que a administra\u00e7\u00e3o p\u00fablica deve oferecer \u00e0 popula\u00e7\u00e3o. Imagem: Divulga\u00e7\u00e3o.\"},{\"@type\":\"BreadcrumbList\",\"@id\":\"https:\\\/\\\/www.mpc.pr.gov.br\\\/index.php\\\/ivaipora-deve-aprimorar-fiscalizacao-da-terceirizacao-de-servicos-medicos\\\/#breadcrumb\",\"itemListElement\":[{\"@type\":\"ListItem\",\"position\":1,\"name\":\"In\u00edcio\",\"item\":\"https:\\\/\\\/www.mpc.pr.gov.br\\\/\"},{\"@type\":\"ListItem\",\"position\":2,\"name\":\"Ivaipor\u00e3 deve aprimorar fiscaliza\u00e7\u00e3o da terceiriza\u00e7\u00e3o de servi\u00e7os m\u00e9dicos\"}]},{\"@type\":\"WebSite\",\"@id\":\"https:\\\/\\\/www.mpc.pr.gov.br\\\/#website\",\"url\":\"https:\\\/\\\/www.mpc.pr.gov.br\\\/\",\"name\":\"Minist\u00e9rio P\u00fablico de Contas do Estado do Paran\u00e1\",\"description\":\"\",\"publisher\":{\"@id\":\"https:\\\/\\\/www.mpc.pr.gov.br\\\/#organization\"},\"potentialAction\":[{\"@type\":\"SearchAction\",\"target\":{\"@type\":\"EntryPoint\",\"urlTemplate\":\"https:\\\/\\\/www.mpc.pr.gov.br\\\/?s={search_term_string}\"},\"query-input\":{\"@type\":\"PropertyValueSpecification\",\"valueRequired\":true,\"valueName\":\"search_term_string\"}}],\"inLanguage\":\"pt-BR\"},{\"@type\":\"Organization\",\"@id\":\"https:\\\/\\\/www.mpc.pr.gov.br\\\/#organization\",\"name\":\"Minist\u00e9rio P\u00fablico de Contas do Estado do Paran\u00e1\",\"url\":\"https:\\\/\\\/www.mpc.pr.gov.br\\\/\",\"logo\":{\"@type\":\"ImageObject\",\"inLanguage\":\"pt-BR\",\"@id\":\"https:\\\/\\\/www.mpc.pr.gov.br\\\/#\\\/schema\\\/logo\\\/image\\\/\",\"url\":\"https:\\\/\\\/www.mpc.pr.gov.br\\\/wp-content\\\/uploads\\\/2020\\\/06\\\/99423647_1593460364143890_6706793420720963584_n-1-e1591387983167.png\",\"contentUrl\":\"https:\\\/\\\/www.mpc.pr.gov.br\\\/wp-content\\\/uploads\\\/2020\\\/06\\\/99423647_1593460364143890_6706793420720963584_n-1-e1591387983167.png\",\"width\":243,\"height\":73,\"caption\":\"Minist\u00e9rio P\u00fablico de Contas do Estado do Paran\u00e1\"},\"image\":{\"@id\":\"https:\\\/\\\/www.mpc.pr.gov.br\\\/#\\\/schema\\\/logo\\\/image\\\/\"},\"sameAs\":[\"https:\\\/\\\/www.facebook.com\\\/mpc.pr\",\"https:\\\/\\\/www.instagram.com\\\/mpc.pr\\\/?hl=pt-br\",\"https:\\\/\\\/www.youtube.com\\\/channel\\\/UCHri5oEM8DV0ztX57E0sBSw\"]},{\"@type\":\"Person\",\"@id\":\"https:\\\/\\\/www.mpc.pr.gov.br\\\/#\\\/schema\\\/person\\\/2d83cb8980538d0ec174e8a6284f5e11\",\"name\":\"mpcontaspr\",\"image\":{\"@type\":\"ImageObject\",\"inLanguage\":\"pt-BR\",\"@id\":\"https:\\\/\\\/secure.gravatar.com\\\/avatar\\\/1aef51541db7622e05fd639336c9c9f312c2a618396e2b6ca96846362fc5403f?s=96&d=mm&r=g\",\"url\":\"https:\\\/\\\/secure.gravatar.com\\\/avatar\\\/1aef51541db7622e05fd639336c9c9f312c2a618396e2b6ca96846362fc5403f?s=96&d=mm&r=g\",\"contentUrl\":\"https:\\\/\\\/secure.gravatar.com\\\/avatar\\\/1aef51541db7622e05fd639336c9c9f312c2a618396e2b6ca96846362fc5403f?s=96&d=mm&r=g\",\"caption\":\"mpcontaspr\"},\"sameAs\":[\"http:\\\/\\\/www.mpc.pr.gov.br\"]}]}<\/script>\n<!-- \/ Yoast SEO plugin. -->","yoast_head_json":{"title":"Ivaipor\u00e3 deve aprimorar fiscaliza\u00e7\u00e3o da terceiriza\u00e7\u00e3o de servi\u00e7os m\u00e9dicos - Minist\u00e9rio P\u00fablico de Contas do Estado do Paran\u00e1","robots":{"index":"index","follow":"follow","max-snippet":"max-snippet:-1","max-image-preview":"max-image-preview:large","max-video-preview":"max-video-preview:-1"},"canonical":"https:\/\/www.mpc.pr.gov.br\/index.php\/ivaipora-deve-aprimorar-fiscalizacao-da-terceirizacao-de-servicos-medicos\/","og_locale":"pt_BR","og_type":"article","og_title":"Ivaipor\u00e3 deve aprimorar fiscaliza\u00e7\u00e3o da terceiriza\u00e7\u00e3o de servi\u00e7os m\u00e9dicos - Minist\u00e9rio P\u00fablico de Contas do Estado do Paran\u00e1","og_description":"O Tribunal de Contas do Estado do Paran\u00e1 (TCE-PR) determinou ao Munic\u00edpio de Ivaipor\u00e3 (Regi\u00e3o Central) que comprove, no prazo de 180 dias, a tomada de a\u00e7\u00f5es e a efetiva melhoria dos procedimentos de fiscaliza\u00e7\u00e3o dos contratos de terceiriza\u00e7\u00e3o de servi\u00e7os m\u00e9dicos. O prazo passar\u00e1 a contar a partir do tr\u00e2nsito em julgado da decis\u00e3o, [&hellip;]","og_url":"https:\/\/www.mpc.pr.gov.br\/index.php\/ivaipora-deve-aprimorar-fiscalizacao-da-terceirizacao-de-servicos-medicos\/","og_site_name":"Minist\u00e9rio P\u00fablico de Contas do Estado do Paran\u00e1","article_publisher":"https:\/\/www.facebook.com\/mpc.pr","article_published_time":"2024-05-20T17:43:59+00:00","article_modified_time":"2024-06-06T16:58:21+00:00","og_image":[{"width":321,"height":289,"url":"https:\/\/www.mpc.pr.gov.br\/wp-content\/uploads\/2023\/07\/saude-000000.jpg","type":"image\/jpeg"}],"author":"mpcontaspr","twitter_card":"summary_large_image","twitter_misc":{"Escrito por":"mpcontaspr","Est. tempo de leitura":"4 minutos"},"schema":{"@context":"https:\/\/schema.org","@graph":[{"@type":"Article","@id":"https:\/\/www.mpc.pr.gov.br\/index.php\/ivaipora-deve-aprimorar-fiscalizacao-da-terceirizacao-de-servicos-medicos\/#article","isPartOf":{"@id":"https:\/\/www.mpc.pr.gov.br\/index.php\/ivaipora-deve-aprimorar-fiscalizacao-da-terceirizacao-de-servicos-medicos\/"},"author":{"name":"mpcontaspr","@id":"https:\/\/www.mpc.pr.gov.br\/#\/schema\/person\/2d83cb8980538d0ec174e8a6284f5e11"},"headline":"Ivaipor\u00e3 deve aprimorar fiscaliza\u00e7\u00e3o da terceiriza\u00e7\u00e3o de servi\u00e7os m\u00e9dicos","datePublished":"2024-05-20T17:43:59+00:00","dateModified":"2024-06-06T16:58:21+00:00","mainEntityOfPage":{"@id":"https:\/\/www.mpc.pr.gov.br\/index.php\/ivaipora-deve-aprimorar-fiscalizacao-da-terceirizacao-de-servicos-medicos\/"},"wordCount":740,"commentCount":0,"publisher":{"@id":"https:\/\/www.mpc.pr.gov.br\/#organization"},"image":{"@id":"https:\/\/www.mpc.pr.gov.br\/index.php\/ivaipora-deve-aprimorar-fiscalizacao-da-terceirizacao-de-servicos-medicos\/#primaryimage"},"thumbnailUrl":"https:\/\/www.mpc.pr.gov.br\/wp-content\/uploads\/2023\/07\/saude-000000.jpg","keywords":["Ivaipor\u00e3","M\u00e9dicos","MPC-PR","Projeto de Fiscaliza\u00e7\u00e3o das Terceiriza\u00e7\u00f5es de M\u00e9dicos Plantonistas","Sa\u00fade","TCE-PR","Terceiriza\u00e7\u00e3o"],"articleSection":["Todas as not\u00edcias"],"inLanguage":"pt-BR","potentialAction":[{"@type":"CommentAction","name":"Comment","target":["https:\/\/www.mpc.pr.gov.br\/index.php\/ivaipora-deve-aprimorar-fiscalizacao-da-terceirizacao-de-servicos-medicos\/#respond"]}]},{"@type":"WebPage","@id":"https:\/\/www.mpc.pr.gov.br\/index.php\/ivaipora-deve-aprimorar-fiscalizacao-da-terceirizacao-de-servicos-medicos\/","url":"https:\/\/www.mpc.pr.gov.br\/index.php\/ivaipora-deve-aprimorar-fiscalizacao-da-terceirizacao-de-servicos-medicos\/","name":"Ivaipor\u00e3 deve aprimorar fiscaliza\u00e7\u00e3o da terceiriza\u00e7\u00e3o de servi\u00e7os m\u00e9dicos - Minist\u00e9rio P\u00fablico de Contas do Estado do Paran\u00e1","isPartOf":{"@id":"https:\/\/www.mpc.pr.gov.br\/#website"},"primaryImageOfPage":{"@id":"https:\/\/www.mpc.pr.gov.br\/index.php\/ivaipora-deve-aprimorar-fiscalizacao-da-terceirizacao-de-servicos-medicos\/#primaryimage"},"image":{"@id":"https:\/\/www.mpc.pr.gov.br\/index.php\/ivaipora-deve-aprimorar-fiscalizacao-da-terceirizacao-de-servicos-medicos\/#primaryimage"},"thumbnailUrl":"https:\/\/www.mpc.pr.gov.br\/wp-content\/uploads\/2023\/07\/saude-000000.jpg","datePublished":"2024-05-20T17:43:59+00:00","dateModified":"2024-06-06T16:58:21+00:00","breadcrumb":{"@id":"https:\/\/www.mpc.pr.gov.br\/index.php\/ivaipora-deve-aprimorar-fiscalizacao-da-terceirizacao-de-servicos-medicos\/#breadcrumb"},"inLanguage":"pt-BR","potentialAction":[{"@type":"ReadAction","target":["https:\/\/www.mpc.pr.gov.br\/index.php\/ivaipora-deve-aprimorar-fiscalizacao-da-terceirizacao-de-servicos-medicos\/"]}]},{"@type":"ImageObject","inLanguage":"pt-BR","@id":"https:\/\/www.mpc.pr.gov.br\/index.php\/ivaipora-deve-aprimorar-fiscalizacao-da-terceirizacao-de-servicos-medicos\/#primaryimage","url":"https:\/\/www.mpc.pr.gov.br\/wp-content\/uploads\/2023\/07\/saude-000000.jpg","contentUrl":"https:\/\/www.mpc.pr.gov.br\/wp-content\/uploads\/2023\/07\/saude-000000.jpg","width":321,"height":289,"caption":"Sa\u00fade \u00e9 um servi\u00e7o essencial que a administra\u00e7\u00e3o p\u00fablica deve oferecer \u00e0 popula\u00e7\u00e3o. Imagem: Divulga\u00e7\u00e3o."},{"@type":"BreadcrumbList","@id":"https:\/\/www.mpc.pr.gov.br\/index.php\/ivaipora-deve-aprimorar-fiscalizacao-da-terceirizacao-de-servicos-medicos\/#breadcrumb","itemListElement":[{"@type":"ListItem","position":1,"name":"In\u00edcio","item":"https:\/\/www.mpc.pr.gov.br\/"},{"@type":"ListItem","position":2,"name":"Ivaipor\u00e3 deve aprimorar fiscaliza\u00e7\u00e3o da terceiriza\u00e7\u00e3o de servi\u00e7os m\u00e9dicos"}]},{"@type":"WebSite","@id":"https:\/\/www.mpc.pr.gov.br\/#website","url":"https:\/\/www.mpc.pr.gov.br\/","name":"Minist\u00e9rio P\u00fablico de Contas do Estado do Paran\u00e1","description":"","publisher":{"@id":"https:\/\/www.mpc.pr.gov.br\/#organization"},"potentialAction":[{"@type":"SearchAction","target":{"@type":"EntryPoint","urlTemplate":"https:\/\/www.mpc.pr.gov.br\/?s={search_term_string}"},"query-input":{"@type":"PropertyValueSpecification","valueRequired":true,"valueName":"search_term_string"}}],"inLanguage":"pt-BR"},{"@type":"Organization","@id":"https:\/\/www.mpc.pr.gov.br\/#organization","name":"Minist\u00e9rio P\u00fablico de Contas do Estado do Paran\u00e1","url":"https:\/\/www.mpc.pr.gov.br\/","logo":{"@type":"ImageObject","inLanguage":"pt-BR","@id":"https:\/\/www.mpc.pr.gov.br\/#\/schema\/logo\/image\/","url":"https:\/\/www.mpc.pr.gov.br\/wp-content\/uploads\/2020\/06\/99423647_1593460364143890_6706793420720963584_n-1-e1591387983167.png","contentUrl":"https:\/\/www.mpc.pr.gov.br\/wp-content\/uploads\/2020\/06\/99423647_1593460364143890_6706793420720963584_n-1-e1591387983167.png","width":243,"height":73,"caption":"Minist\u00e9rio P\u00fablico de Contas do Estado do Paran\u00e1"},"image":{"@id":"https:\/\/www.mpc.pr.gov.br\/#\/schema\/logo\/image\/"},"sameAs":["https:\/\/www.facebook.com\/mpc.pr","https:\/\/www.instagram.com\/mpc.pr\/?hl=pt-br","https:\/\/www.youtube.com\/channel\/UCHri5oEM8DV0ztX57E0sBSw"]},{"@type":"Person","@id":"https:\/\/www.mpc.pr.gov.br\/#\/schema\/person\/2d83cb8980538d0ec174e8a6284f5e11","name":"mpcontaspr","image":{"@type":"ImageObject","inLanguage":"pt-BR","@id":"https:\/\/secure.gravatar.com\/avatar\/1aef51541db7622e05fd639336c9c9f312c2a618396e2b6ca96846362fc5403f?s=96&d=mm&r=g","url":"https:\/\/secure.gravatar.com\/avatar\/1aef51541db7622e05fd639336c9c9f312c2a618396e2b6ca96846362fc5403f?s=96&d=mm&r=g","contentUrl":"https:\/\/secure.gravatar.com\/avatar\/1aef51541db7622e05fd639336c9c9f312c2a618396e2b6ca96846362fc5403f?s=96&d=mm&r=g","caption":"mpcontaspr"},"sameAs":["http:\/\/www.mpc.pr.gov.br"]}]}},"rttpg_featured_image_url":{"full":["https:\/\/www.mpc.pr.gov.br\/wp-content\/uploads\/2023\/07\/saude-000000.jpg",321,289,false],"landscape":["https:\/\/www.mpc.pr.gov.br\/wp-content\/uploads\/2023\/07\/saude-000000.jpg",321,289,false],"portraits":["https:\/\/www.mpc.pr.gov.br\/wp-content\/uploads\/2023\/07\/saude-000000.jpg",321,289,false],"thumbnail":["https:\/\/www.mpc.pr.gov.br\/wp-content\/uploads\/2023\/07\/saude-000000-150x150.jpg",150,150,true],"medium":["https:\/\/www.mpc.pr.gov.br\/wp-content\/uploads\/2023\/07\/saude-000000-300x270.jpg",300,270,true],"large":["https:\/\/www.mpc.pr.gov.br\/wp-content\/uploads\/2023\/07\/saude-000000.jpg",321,289,false],"1536x1536":["https:\/\/www.mpc.pr.gov.br\/wp-content\/uploads\/2023\/07\/saude-000000.jpg",321,289,false],"2048x2048":["https:\/\/www.mpc.pr.gov.br\/wp-content\/uploads\/2023\/07\/saude-000000.jpg",321,289,false],"ocean-thumb-m":["https:\/\/www.mpc.pr.gov.br\/wp-content\/uploads\/2023\/07\/saude-000000.jpg",321,289,false],"ocean-thumb-ml":["https:\/\/www.mpc.pr.gov.br\/wp-content\/uploads\/2023\/07\/saude-000000.jpg",321,289,false],"ocean-thumb-l":["https:\/\/www.mpc.pr.gov.br\/wp-content\/uploads\/2023\/07\/saude-000000.jpg",321,289,false]},"rttpg_author":{"display_name":"mpcontaspr","author_link":"https:\/\/www.mpc.pr.gov.br\/index.php\/author\/mpcontaspr\/"},"rttpg_comment":0,"rttpg_category":"<a href=\"https:\/\/www.mpc.pr.gov.br\/index.php\/category\/todas-as-noticias\/\" rel=\"category tag\">Todas as not\u00edcias<\/a>","rttpg_excerpt":"O Tribunal de Contas do Estado do Paran\u00e1 (TCE-PR) determinou ao Munic\u00edpio de Ivaipor\u00e3 (Regi\u00e3o Central) que comprove, no prazo de 180 dias, a tomada de a\u00e7\u00f5es e a efetiva melhoria dos procedimentos de fiscaliza\u00e7\u00e3o dos contratos de terceiriza\u00e7\u00e3o de servi\u00e7os m\u00e9dicos. O prazo passar\u00e1 a contar a partir do tr\u00e2nsito em julgado da decis\u00e3o,&hellip;","_links":{"self":[{"href":"https:\/\/www.mpc.pr.gov.br\/index.php\/wp-json\/wp\/v2\/posts\/19329","targetHints":{"allow":["GET"]}}],"collection":[{"href":"https:\/\/www.mpc.pr.gov.br\/index.php\/wp-json\/wp\/v2\/posts"}],"about":[{"href":"https:\/\/www.mpc.pr.gov.br\/index.php\/wp-json\/wp\/v2\/types\/post"}],"author":[{"embeddable":true,"href":"https:\/\/www.mpc.pr.gov.br\/index.php\/wp-json\/wp\/v2\/users\/1"}],"replies":[{"embeddable":true,"href":"https:\/\/www.mpc.pr.gov.br\/index.php\/wp-json\/wp\/v2\/comments?post=19329"}],"version-history":[{"count":2,"href":"https:\/\/www.mpc.pr.gov.br\/index.php\/wp-json\/wp\/v2\/posts\/19329\/revisions"}],"predecessor-version":[{"id":19331,"href":"https:\/\/www.mpc.pr.gov.br\/index.php\/wp-json\/wp\/v2\/posts\/19329\/revisions\/19331"}],"wp:featuredmedia":[{"embeddable":true,"href":"https:\/\/www.mpc.pr.gov.br\/index.php\/wp-json\/wp\/v2\/media\/16011"}],"wp:attachment":[{"href":"https:\/\/www.mpc.pr.gov.br\/index.php\/wp-json\/wp\/v2\/media?parent=19329"}],"wp:term":[{"taxonomy":"category","embeddable":true,"href":"https:\/\/www.mpc.pr.gov.br\/index.php\/wp-json\/wp\/v2\/categories?post=19329"},{"taxonomy":"post_tag","embeddable":true,"href":"https:\/\/www.mpc.pr.gov.br\/index.php\/wp-json\/wp\/v2\/tags?post=19329"}],"curies":[{"name":"wp","href":"https:\/\/api.w.org\/{rel}","templated":true}]}}