{"id":19642,"date":"2024-06-07T14:24:29","date_gmt":"2024-06-07T17:24:29","guid":{"rendered":"https:\/\/www.mpc.pr.gov.br\/?p=19642"},"modified":"2024-06-20T09:57:27","modified_gmt":"2024-06-20T12:57:27","slug":"agenda-institucional-procurador-geral-realiza-visita-ao-prefeito-em-exercicio-de-curitiba-herivelto-oliveira","status":"publish","type":"post","link":"https:\/\/www.mpc.pr.gov.br\/index.php\/agenda-institucional-procurador-geral-realiza-visita-ao-prefeito-em-exercicio-de-curitiba-herivelto-oliveira\/","title":{"rendered":"Agenda institucional: Procurador-Geral realiza visita ao Prefeito em exerc\u00edcio de Curitiba, Herivelto Oliveira"},"content":{"rendered":"<figure id=\"attachment_19641\" aria-describedby=\"caption-attachment-19641\" style=\"width: 300px\" class=\"wp-caption alignleft\"><img fetchpriority=\"high\" decoding=\"async\" class=\"size-medium wp-image-19641\" src=\"https:\/\/www.mpc.pr.gov.br\/wp-content\/uploads\/2024\/06\/00451282-300x200.jpg\" alt=\"\" width=\"300\" height=\"200\" srcset=\"https:\/\/www.mpc.pr.gov.br\/wp-content\/uploads\/2024\/06\/00451282-300x200.jpg 300w, https:\/\/www.mpc.pr.gov.br\/wp-content\/uploads\/2024\/06\/00451282-768x512.jpg 768w, https:\/\/www.mpc.pr.gov.br\/wp-content\/uploads\/2024\/06\/00451282.jpg 800w\" sizes=\"(max-width: 300px) 100vw, 300px\" \/><figcaption id=\"caption-attachment-19641\" class=\"wp-caption-text\">O prefeito de Curitiba em exerc\u00edcio, Herivelto Oliveira, recebe no Pal\u00e1cio Solar 29 de Mar\u00e7o, o Procurador-Geral do MPC-PR, Gabriel Guy L\u00e9ger. Curitiba, 06\/06\/2024. Foto: Ricardo Maraj\u00f3\/SMCS.<\/figcaption><\/figure>\n<figure id=\"attachment_19640\" aria-describedby=\"caption-attachment-19640\" style=\"width: 300px\" class=\"wp-caption alignright\"><img decoding=\"async\" class=\"wp-image-19640 size-medium\" src=\"https:\/\/www.mpc.pr.gov.br\/wp-content\/uploads\/2024\/06\/00451277-300x200.jpg\" alt=\"\" width=\"300\" height=\"200\" srcset=\"https:\/\/www.mpc.pr.gov.br\/wp-content\/uploads\/2024\/06\/00451277-300x200.jpg 300w, https:\/\/www.mpc.pr.gov.br\/wp-content\/uploads\/2024\/06\/00451277-768x512.jpg 768w, https:\/\/www.mpc.pr.gov.br\/wp-content\/uploads\/2024\/06\/00451277.jpg 800w\" sizes=\"(max-width: 300px) 100vw, 300px\" \/><figcaption id=\"caption-attachment-19640\" class=\"wp-caption-text\">Na foto, o prefeito de Curitiba em exerc\u00edcio, Herivelto Oliveira, aparece ao lado do presidente da Associa\u00e7\u00e3o dos Procuradores do Munic\u00edpio de Curitiba (APMC), Paulo Salamuni (esq.) e do Procurador-Geral do MPC-PR, Gabriel Guy L\u00e9ger (dir). Curitiba, 06\/06\/2024. Foto: Ricardo Maraj\u00f3\/SMCS.<\/figcaption><\/figure>\n<p>Na tarde desta quinta-feira (6 de junho), o Procurador-Geral do MPC-PR Gabriel Guy L\u00e9ger realizou uma visita ao Prefeito em exerc\u00edcio de Curitiba, o Vereador Herivelto Oliveira, que est\u00e1 substituindo o Prefeito Rafael Greca.<\/p>\n<p>Durante o encontro, o Procurador-Geral participou junto com o ex-vereador, que tamb\u00e9m foi ex-prefeito interino, e atual presidente da Associa\u00e7\u00e3o dos Procuradores do Munic\u00edpio de Curitiba (APMC), Paulo Salamuni, da apresenta\u00e7\u00e3o das cinco novas procuradoras municipais, que foram aprovadas no concurso p\u00fablico realizado em 2019. Tamb\u00e9m estavam presentes a Procuradora-Geral do Munic\u00edpio, Vanessa Volpi, a Subprocuradora-Geral de Curitiba, Rosa Maria Alves Pedroso, a assessora especial do prefeito, Cibele Fernandes Dias, assim como diretores e outros procuradores de carreira.<\/p>\n<p>Na mesma tarde, o Prefeito em exerc\u00edcio, Herivelto Oliveira, ainda recebeu integrantes do Grupo DEACO, grupo de jovens que existe desde o in\u00edcio dos anos 80, do qual o Prefeito e Gabriel L\u00e9ger participaram naquela d\u00e9cada.<\/p>\n","protected":false},"excerpt":{"rendered":"<p>Na tarde desta quinta-feira (6 de junho), o Procurador-Geral do MPC-PR Gabriel Guy L\u00e9ger realizou uma visita ao Prefeito em exerc\u00edcio de Curitiba, o Vereador Herivelto Oliveira, que est\u00e1 substituindo o Prefeito Rafael Greca. Durante o encontro, o Procurador-Geral participou junto com o ex-vereador, que tamb\u00e9m foi ex-prefeito interino, e atual presidente da Associa\u00e7\u00e3o dos [&hellip;]<\/p>\n","protected":false},"author":1,"featured_media":19640,"comment_status":"open","ping_status":"open","sticky":false,"template":"","format":"standard","meta":{"_monsterinsights_skip_tracking":false,"_monsterinsights_sitenote_active":false,"_monsterinsights_sitenote_note":"","_monsterinsights_sitenote_category":0,"footnotes":""},"categories":[7],"tags":[561,249,13,560,562],"class_list":["post-19642","post","type-post","status-publish","format-standard","has-post-thumbnail","hentry","category-todas-as-noticias","tag-agenda-institucional","tag-curitiba","tag-mpc-pr","tag-prefeitura-de-curitiba","tag-procuradores-municipais","entry","has-media"],"yoast_head":"<!-- This site is optimized with the Yoast SEO plugin v27.3 - https:\/\/yoast.com\/product\/yoast-seo-wordpress\/ -->\n<title>Agenda institucional: Procurador-Geral realiza visita ao Prefeito em exerc\u00edcio de Curitiba, Herivelto Oliveira - Minist\u00e9rio P\u00fablico de Contas do Estado do Paran\u00e1<\/title>\n<meta name=\"robots\" content=\"index, follow, max-snippet:-1, max-image-preview:large, max-video-preview:-1\" \/>\n<link rel=\"canonical\" href=\"https:\/\/www.mpc.pr.gov.br\/index.php\/agenda-institucional-procurador-geral-realiza-visita-ao-prefeito-em-exercicio-de-curitiba-herivelto-oliveira\/\" \/>\n<meta property=\"og:locale\" content=\"pt_BR\" \/>\n<meta property=\"og:type\" content=\"article\" \/>\n<meta property=\"og:title\" content=\"Agenda institucional: Procurador-Geral realiza visita ao Prefeito em exerc\u00edcio de Curitiba, Herivelto Oliveira - Minist\u00e9rio P\u00fablico de Contas do Estado do Paran\u00e1\" \/>\n<meta property=\"og:description\" content=\"Na tarde desta quinta-feira (6 de junho), o Procurador-Geral do MPC-PR Gabriel Guy L\u00e9ger realizou uma visita ao Prefeito em exerc\u00edcio de Curitiba, o Vereador Herivelto Oliveira, que est\u00e1 substituindo o Prefeito Rafael Greca. Durante o encontro, o Procurador-Geral participou junto com o ex-vereador, que tamb\u00e9m foi ex-prefeito interino, e atual presidente da Associa\u00e7\u00e3o dos [&hellip;]\" \/>\n<meta property=\"og:url\" content=\"https:\/\/www.mpc.pr.gov.br\/index.php\/agenda-institucional-procurador-geral-realiza-visita-ao-prefeito-em-exercicio-de-curitiba-herivelto-oliveira\/\" \/>\n<meta property=\"og:site_name\" content=\"Minist\u00e9rio P\u00fablico de Contas do Estado do Paran\u00e1\" \/>\n<meta property=\"article:publisher\" content=\"https:\/\/www.facebook.com\/mpc.pr\" \/>\n<meta property=\"article:published_time\" content=\"2024-06-07T17:24:29+00:00\" \/>\n<meta property=\"article:modified_time\" content=\"2024-06-20T12:57:27+00:00\" \/>\n<meta property=\"og:image\" content=\"https:\/\/www.mpc.pr.gov.br\/wp-content\/uploads\/2024\/06\/00451277.jpg\" \/>\n\t<meta property=\"og:image:width\" content=\"800\" \/>\n\t<meta property=\"og:image:height\" content=\"533\" \/>\n\t<meta property=\"og:image:type\" content=\"image\/jpeg\" \/>\n<meta name=\"author\" content=\"mpcontaspr\" \/>\n<meta name=\"twitter:card\" content=\"summary_large_image\" \/>\n<meta name=\"twitter:label1\" content=\"Escrito por\" \/>\n\t<meta name=\"twitter:data1\" content=\"mpcontaspr\" \/>\n\t<meta name=\"twitter:label2\" content=\"Est. tempo de leitura\" \/>\n\t<meta name=\"twitter:data2\" content=\"2 minutos\" \/>\n<script type=\"application\/ld+json\" class=\"yoast-schema-graph\">{\"@context\":\"https:\\\/\\\/schema.org\",\"@graph\":[{\"@type\":\"Article\",\"@id\":\"https:\\\/\\\/www.mpc.pr.gov.br\\\/index.php\\\/agenda-institucional-procurador-geral-realiza-visita-ao-prefeito-em-exercicio-de-curitiba-herivelto-oliveira\\\/#article\",\"isPartOf\":{\"@id\":\"https:\\\/\\\/www.mpc.pr.gov.br\\\/index.php\\\/agenda-institucional-procurador-geral-realiza-visita-ao-prefeito-em-exercicio-de-curitiba-herivelto-oliveira\\\/\"},\"author\":{\"name\":\"mpcontaspr\",\"@id\":\"https:\\\/\\\/www.mpc.pr.gov.br\\\/#\\\/schema\\\/person\\\/2d83cb8980538d0ec174e8a6284f5e11\"},\"headline\":\"Agenda institucional: Procurador-Geral realiza visita ao Prefeito em exerc\u00edcio de Curitiba, Herivelto Oliveira\",\"datePublished\":\"2024-06-07T17:24:29+00:00\",\"dateModified\":\"2024-06-20T12:57:27+00:00\",\"mainEntityOfPage\":{\"@id\":\"https:\\\/\\\/www.mpc.pr.gov.br\\\/index.php\\\/agenda-institucional-procurador-geral-realiza-visita-ao-prefeito-em-exercicio-de-curitiba-herivelto-oliveira\\\/\"},\"wordCount\":261,\"commentCount\":1,\"publisher\":{\"@id\":\"https:\\\/\\\/www.mpc.pr.gov.br\\\/#organization\"},\"image\":{\"@id\":\"https:\\\/\\\/www.mpc.pr.gov.br\\\/index.php\\\/agenda-institucional-procurador-geral-realiza-visita-ao-prefeito-em-exercicio-de-curitiba-herivelto-oliveira\\\/#primaryimage\"},\"thumbnailUrl\":\"https:\\\/\\\/www.mpc.pr.gov.br\\\/wp-content\\\/uploads\\\/2024\\\/06\\\/00451277.jpg\",\"keywords\":[\"Agenda institucional\",\"Curitiba\",\"MPC-PR\",\"Prefeitura de Curitiba\",\"Procuradores Municipais\"],\"articleSection\":[\"Todas as not\u00edcias\"],\"inLanguage\":\"pt-BR\",\"potentialAction\":[{\"@type\":\"CommentAction\",\"name\":\"Comment\",\"target\":[\"https:\\\/\\\/www.mpc.pr.gov.br\\\/index.php\\\/agenda-institucional-procurador-geral-realiza-visita-ao-prefeito-em-exercicio-de-curitiba-herivelto-oliveira\\\/#respond\"]}]},{\"@type\":\"WebPage\",\"@id\":\"https:\\\/\\\/www.mpc.pr.gov.br\\\/index.php\\\/agenda-institucional-procurador-geral-realiza-visita-ao-prefeito-em-exercicio-de-curitiba-herivelto-oliveira\\\/\",\"url\":\"https:\\\/\\\/www.mpc.pr.gov.br\\\/index.php\\\/agenda-institucional-procurador-geral-realiza-visita-ao-prefeito-em-exercicio-de-curitiba-herivelto-oliveira\\\/\",\"name\":\"Agenda institucional: Procurador-Geral realiza visita ao Prefeito em exerc\u00edcio de Curitiba, Herivelto Oliveira - Minist\u00e9rio P\u00fablico de Contas do Estado do Paran\u00e1\",\"isPartOf\":{\"@id\":\"https:\\\/\\\/www.mpc.pr.gov.br\\\/#website\"},\"primaryImageOfPage\":{\"@id\":\"https:\\\/\\\/www.mpc.pr.gov.br\\\/index.php\\\/agenda-institucional-procurador-geral-realiza-visita-ao-prefeito-em-exercicio-de-curitiba-herivelto-oliveira\\\/#primaryimage\"},\"image\":{\"@id\":\"https:\\\/\\\/www.mpc.pr.gov.br\\\/index.php\\\/agenda-institucional-procurador-geral-realiza-visita-ao-prefeito-em-exercicio-de-curitiba-herivelto-oliveira\\\/#primaryimage\"},\"thumbnailUrl\":\"https:\\\/\\\/www.mpc.pr.gov.br\\\/wp-content\\\/uploads\\\/2024\\\/06\\\/00451277.jpg\",\"datePublished\":\"2024-06-07T17:24:29+00:00\",\"dateModified\":\"2024-06-20T12:57:27+00:00\",\"breadcrumb\":{\"@id\":\"https:\\\/\\\/www.mpc.pr.gov.br\\\/index.php\\\/agenda-institucional-procurador-geral-realiza-visita-ao-prefeito-em-exercicio-de-curitiba-herivelto-oliveira\\\/#breadcrumb\"},\"inLanguage\":\"pt-BR\",\"potentialAction\":[{\"@type\":\"ReadAction\",\"target\":[\"https:\\\/\\\/www.mpc.pr.gov.br\\\/index.php\\\/agenda-institucional-procurador-geral-realiza-visita-ao-prefeito-em-exercicio-de-curitiba-herivelto-oliveira\\\/\"]}]},{\"@type\":\"ImageObject\",\"inLanguage\":\"pt-BR\",\"@id\":\"https:\\\/\\\/www.mpc.pr.gov.br\\\/index.php\\\/agenda-institucional-procurador-geral-realiza-visita-ao-prefeito-em-exercicio-de-curitiba-herivelto-oliveira\\\/#primaryimage\",\"url\":\"https:\\\/\\\/www.mpc.pr.gov.br\\\/wp-content\\\/uploads\\\/2024\\\/06\\\/00451277.jpg\",\"contentUrl\":\"https:\\\/\\\/www.mpc.pr.gov.br\\\/wp-content\\\/uploads\\\/2024\\\/06\\\/00451277.jpg\",\"width\":800,\"height\":533},{\"@type\":\"BreadcrumbList\",\"@id\":\"https:\\\/\\\/www.mpc.pr.gov.br\\\/index.php\\\/agenda-institucional-procurador-geral-realiza-visita-ao-prefeito-em-exercicio-de-curitiba-herivelto-oliveira\\\/#breadcrumb\",\"itemListElement\":[{\"@type\":\"ListItem\",\"position\":1,\"name\":\"In\u00edcio\",\"item\":\"https:\\\/\\\/www.mpc.pr.gov.br\\\/\"},{\"@type\":\"ListItem\",\"position\":2,\"name\":\"Agenda institucional: Procurador-Geral realiza visita ao Prefeito em exerc\u00edcio de Curitiba, Herivelto Oliveira\"}]},{\"@type\":\"WebSite\",\"@id\":\"https:\\\/\\\/www.mpc.pr.gov.br\\\/#website\",\"url\":\"https:\\\/\\\/www.mpc.pr.gov.br\\\/\",\"name\":\"Minist\u00e9rio P\u00fablico de Contas do Estado do Paran\u00e1\",\"description\":\"\",\"publisher\":{\"@id\":\"https:\\\/\\\/www.mpc.pr.gov.br\\\/#organization\"},\"potentialAction\":[{\"@type\":\"SearchAction\",\"target\":{\"@type\":\"EntryPoint\",\"urlTemplate\":\"https:\\\/\\\/www.mpc.pr.gov.br\\\/?s={search_term_string}\"},\"query-input\":{\"@type\":\"PropertyValueSpecification\",\"valueRequired\":true,\"valueName\":\"search_term_string\"}}],\"inLanguage\":\"pt-BR\"},{\"@type\":\"Organization\",\"@id\":\"https:\\\/\\\/www.mpc.pr.gov.br\\\/#organization\",\"name\":\"Minist\u00e9rio P\u00fablico de Contas do Estado do Paran\u00e1\",\"url\":\"https:\\\/\\\/www.mpc.pr.gov.br\\\/\",\"logo\":{\"@type\":\"ImageObject\",\"inLanguage\":\"pt-BR\",\"@id\":\"https:\\\/\\\/www.mpc.pr.gov.br\\\/#\\\/schema\\\/logo\\\/image\\\/\",\"url\":\"https:\\\/\\\/www.mpc.pr.gov.br\\\/wp-content\\\/uploads\\\/2020\\\/06\\\/99423647_1593460364143890_6706793420720963584_n-1-e1591387983167.png\",\"contentUrl\":\"https:\\\/\\\/www.mpc.pr.gov.br\\\/wp-content\\\/uploads\\\/2020\\\/06\\\/99423647_1593460364143890_6706793420720963584_n-1-e1591387983167.png\",\"width\":243,\"height\":73,\"caption\":\"Minist\u00e9rio P\u00fablico de Contas do Estado do Paran\u00e1\"},\"image\":{\"@id\":\"https:\\\/\\\/www.mpc.pr.gov.br\\\/#\\\/schema\\\/logo\\\/image\\\/\"},\"sameAs\":[\"https:\\\/\\\/www.facebook.com\\\/mpc.pr\",\"https:\\\/\\\/www.instagram.com\\\/mpc.pr\\\/?hl=pt-br\",\"https:\\\/\\\/www.youtube.com\\\/channel\\\/UCHri5oEM8DV0ztX57E0sBSw\"]},{\"@type\":\"Person\",\"@id\":\"https:\\\/\\\/www.mpc.pr.gov.br\\\/#\\\/schema\\\/person\\\/2d83cb8980538d0ec174e8a6284f5e11\",\"name\":\"mpcontaspr\",\"image\":{\"@type\":\"ImageObject\",\"inLanguage\":\"pt-BR\",\"@id\":\"https:\\\/\\\/secure.gravatar.com\\\/avatar\\\/1aef51541db7622e05fd639336c9c9f312c2a618396e2b6ca96846362fc5403f?s=96&d=mm&r=g\",\"url\":\"https:\\\/\\\/secure.gravatar.com\\\/avatar\\\/1aef51541db7622e05fd639336c9c9f312c2a618396e2b6ca96846362fc5403f?s=96&d=mm&r=g\",\"contentUrl\":\"https:\\\/\\\/secure.gravatar.com\\\/avatar\\\/1aef51541db7622e05fd639336c9c9f312c2a618396e2b6ca96846362fc5403f?s=96&d=mm&r=g\",\"caption\":\"mpcontaspr\"},\"sameAs\":[\"http:\\\/\\\/www.mpc.pr.gov.br\"]}]}<\/script>\n<!-- \/ Yoast SEO plugin. -->","yoast_head_json":{"title":"Agenda institucional: Procurador-Geral realiza visita ao Prefeito em exerc\u00edcio de Curitiba, Herivelto Oliveira - Minist\u00e9rio P\u00fablico de Contas do Estado do Paran\u00e1","robots":{"index":"index","follow":"follow","max-snippet":"max-snippet:-1","max-image-preview":"max-image-preview:large","max-video-preview":"max-video-preview:-1"},"canonical":"https:\/\/www.mpc.pr.gov.br\/index.php\/agenda-institucional-procurador-geral-realiza-visita-ao-prefeito-em-exercicio-de-curitiba-herivelto-oliveira\/","og_locale":"pt_BR","og_type":"article","og_title":"Agenda institucional: Procurador-Geral realiza visita ao Prefeito em exerc\u00edcio de Curitiba, Herivelto Oliveira - Minist\u00e9rio P\u00fablico de Contas do Estado do Paran\u00e1","og_description":"Na tarde desta quinta-feira (6 de junho), o Procurador-Geral do MPC-PR Gabriel Guy L\u00e9ger realizou uma visita ao Prefeito em exerc\u00edcio de Curitiba, o Vereador Herivelto Oliveira, que est\u00e1 substituindo o Prefeito Rafael Greca. Durante o encontro, o Procurador-Geral participou junto com o ex-vereador, que tamb\u00e9m foi ex-prefeito interino, e atual presidente da Associa\u00e7\u00e3o dos [&hellip;]","og_url":"https:\/\/www.mpc.pr.gov.br\/index.php\/agenda-institucional-procurador-geral-realiza-visita-ao-prefeito-em-exercicio-de-curitiba-herivelto-oliveira\/","og_site_name":"Minist\u00e9rio P\u00fablico de Contas do Estado do Paran\u00e1","article_publisher":"https:\/\/www.facebook.com\/mpc.pr","article_published_time":"2024-06-07T17:24:29+00:00","article_modified_time":"2024-06-20T12:57:27+00:00","og_image":[{"width":800,"height":533,"url":"https:\/\/www.mpc.pr.gov.br\/wp-content\/uploads\/2024\/06\/00451277.jpg","type":"image\/jpeg"}],"author":"mpcontaspr","twitter_card":"summary_large_image","twitter_misc":{"Escrito por":"mpcontaspr","Est. tempo de leitura":"2 minutos"},"schema":{"@context":"https:\/\/schema.org","@graph":[{"@type":"Article","@id":"https:\/\/www.mpc.pr.gov.br\/index.php\/agenda-institucional-procurador-geral-realiza-visita-ao-prefeito-em-exercicio-de-curitiba-herivelto-oliveira\/#article","isPartOf":{"@id":"https:\/\/www.mpc.pr.gov.br\/index.php\/agenda-institucional-procurador-geral-realiza-visita-ao-prefeito-em-exercicio-de-curitiba-herivelto-oliveira\/"},"author":{"name":"mpcontaspr","@id":"https:\/\/www.mpc.pr.gov.br\/#\/schema\/person\/2d83cb8980538d0ec174e8a6284f5e11"},"headline":"Agenda institucional: Procurador-Geral realiza visita ao Prefeito em exerc\u00edcio de Curitiba, Herivelto Oliveira","datePublished":"2024-06-07T17:24:29+00:00","dateModified":"2024-06-20T12:57:27+00:00","mainEntityOfPage":{"@id":"https:\/\/www.mpc.pr.gov.br\/index.php\/agenda-institucional-procurador-geral-realiza-visita-ao-prefeito-em-exercicio-de-curitiba-herivelto-oliveira\/"},"wordCount":261,"commentCount":1,"publisher":{"@id":"https:\/\/www.mpc.pr.gov.br\/#organization"},"image":{"@id":"https:\/\/www.mpc.pr.gov.br\/index.php\/agenda-institucional-procurador-geral-realiza-visita-ao-prefeito-em-exercicio-de-curitiba-herivelto-oliveira\/#primaryimage"},"thumbnailUrl":"https:\/\/www.mpc.pr.gov.br\/wp-content\/uploads\/2024\/06\/00451277.jpg","keywords":["Agenda institucional","Curitiba","MPC-PR","Prefeitura de Curitiba","Procuradores Municipais"],"articleSection":["Todas as not\u00edcias"],"inLanguage":"pt-BR","potentialAction":[{"@type":"CommentAction","name":"Comment","target":["https:\/\/www.mpc.pr.gov.br\/index.php\/agenda-institucional-procurador-geral-realiza-visita-ao-prefeito-em-exercicio-de-curitiba-herivelto-oliveira\/#respond"]}]},{"@type":"WebPage","@id":"https:\/\/www.mpc.pr.gov.br\/index.php\/agenda-institucional-procurador-geral-realiza-visita-ao-prefeito-em-exercicio-de-curitiba-herivelto-oliveira\/","url":"https:\/\/www.mpc.pr.gov.br\/index.php\/agenda-institucional-procurador-geral-realiza-visita-ao-prefeito-em-exercicio-de-curitiba-herivelto-oliveira\/","name":"Agenda institucional: Procurador-Geral realiza visita ao Prefeito em exerc\u00edcio de Curitiba, Herivelto Oliveira - Minist\u00e9rio P\u00fablico de Contas do Estado do Paran\u00e1","isPartOf":{"@id":"https:\/\/www.mpc.pr.gov.br\/#website"},"primaryImageOfPage":{"@id":"https:\/\/www.mpc.pr.gov.br\/index.php\/agenda-institucional-procurador-geral-realiza-visita-ao-prefeito-em-exercicio-de-curitiba-herivelto-oliveira\/#primaryimage"},"image":{"@id":"https:\/\/www.mpc.pr.gov.br\/index.php\/agenda-institucional-procurador-geral-realiza-visita-ao-prefeito-em-exercicio-de-curitiba-herivelto-oliveira\/#primaryimage"},"thumbnailUrl":"https:\/\/www.mpc.pr.gov.br\/wp-content\/uploads\/2024\/06\/00451277.jpg","datePublished":"2024-06-07T17:24:29+00:00","dateModified":"2024-06-20T12:57:27+00:00","breadcrumb":{"@id":"https:\/\/www.mpc.pr.gov.br\/index.php\/agenda-institucional-procurador-geral-realiza-visita-ao-prefeito-em-exercicio-de-curitiba-herivelto-oliveira\/#breadcrumb"},"inLanguage":"pt-BR","potentialAction":[{"@type":"ReadAction","target":["https:\/\/www.mpc.pr.gov.br\/index.php\/agenda-institucional-procurador-geral-realiza-visita-ao-prefeito-em-exercicio-de-curitiba-herivelto-oliveira\/"]}]},{"@type":"ImageObject","inLanguage":"pt-BR","@id":"https:\/\/www.mpc.pr.gov.br\/index.php\/agenda-institucional-procurador-geral-realiza-visita-ao-prefeito-em-exercicio-de-curitiba-herivelto-oliveira\/#primaryimage","url":"https:\/\/www.mpc.pr.gov.br\/wp-content\/uploads\/2024\/06\/00451277.jpg","contentUrl":"https:\/\/www.mpc.pr.gov.br\/wp-content\/uploads\/2024\/06\/00451277.jpg","width":800,"height":533},{"@type":"BreadcrumbList","@id":"https:\/\/www.mpc.pr.gov.br\/index.php\/agenda-institucional-procurador-geral-realiza-visita-ao-prefeito-em-exercicio-de-curitiba-herivelto-oliveira\/#breadcrumb","itemListElement":[{"@type":"ListItem","position":1,"name":"In\u00edcio","item":"https:\/\/www.mpc.pr.gov.br\/"},{"@type":"ListItem","position":2,"name":"Agenda institucional: Procurador-Geral realiza visita ao Prefeito em exerc\u00edcio de Curitiba, Herivelto Oliveira"}]},{"@type":"WebSite","@id":"https:\/\/www.mpc.pr.gov.br\/#website","url":"https:\/\/www.mpc.pr.gov.br\/","name":"Minist\u00e9rio P\u00fablico de Contas do Estado do Paran\u00e1","description":"","publisher":{"@id":"https:\/\/www.mpc.pr.gov.br\/#organization"},"potentialAction":[{"@type":"SearchAction","target":{"@type":"EntryPoint","urlTemplate":"https:\/\/www.mpc.pr.gov.br\/?s={search_term_string}"},"query-input":{"@type":"PropertyValueSpecification","valueRequired":true,"valueName":"search_term_string"}}],"inLanguage":"pt-BR"},{"@type":"Organization","@id":"https:\/\/www.mpc.pr.gov.br\/#organization","name":"Minist\u00e9rio P\u00fablico de Contas do Estado do Paran\u00e1","url":"https:\/\/www.mpc.pr.gov.br\/","logo":{"@type":"ImageObject","inLanguage":"pt-BR","@id":"https:\/\/www.mpc.pr.gov.br\/#\/schema\/logo\/image\/","url":"https:\/\/www.mpc.pr.gov.br\/wp-content\/uploads\/2020\/06\/99423647_1593460364143890_6706793420720963584_n-1-e1591387983167.png","contentUrl":"https:\/\/www.mpc.pr.gov.br\/wp-content\/uploads\/2020\/06\/99423647_1593460364143890_6706793420720963584_n-1-e1591387983167.png","width":243,"height":73,"caption":"Minist\u00e9rio P\u00fablico de Contas do Estado do Paran\u00e1"},"image":{"@id":"https:\/\/www.mpc.pr.gov.br\/#\/schema\/logo\/image\/"},"sameAs":["https:\/\/www.facebook.com\/mpc.pr","https:\/\/www.instagram.com\/mpc.pr\/?hl=pt-br","https:\/\/www.youtube.com\/channel\/UCHri5oEM8DV0ztX57E0sBSw"]},{"@type":"Person","@id":"https:\/\/www.mpc.pr.gov.br\/#\/schema\/person\/2d83cb8980538d0ec174e8a6284f5e11","name":"mpcontaspr","image":{"@type":"ImageObject","inLanguage":"pt-BR","@id":"https:\/\/secure.gravatar.com\/avatar\/1aef51541db7622e05fd639336c9c9f312c2a618396e2b6ca96846362fc5403f?s=96&d=mm&r=g","url":"https:\/\/secure.gravatar.com\/avatar\/1aef51541db7622e05fd639336c9c9f312c2a618396e2b6ca96846362fc5403f?s=96&d=mm&r=g","contentUrl":"https:\/\/secure.gravatar.com\/avatar\/1aef51541db7622e05fd639336c9c9f312c2a618396e2b6ca96846362fc5403f?s=96&d=mm&r=g","caption":"mpcontaspr"},"sameAs":["http:\/\/www.mpc.pr.gov.br"]}]}},"rttpg_featured_image_url":{"full":["https:\/\/www.mpc.pr.gov.br\/wp-content\/uploads\/2024\/06\/00451277.jpg",800,533,false],"landscape":["https:\/\/www.mpc.pr.gov.br\/wp-content\/uploads\/2024\/06\/00451277.jpg",800,533,false],"portraits":["https:\/\/www.mpc.pr.gov.br\/wp-content\/uploads\/2024\/06\/00451277.jpg",800,533,false],"thumbnail":["https:\/\/www.mpc.pr.gov.br\/wp-content\/uploads\/2024\/06\/00451277-150x150.jpg",150,150,true],"medium":["https:\/\/www.mpc.pr.gov.br\/wp-content\/uploads\/2024\/06\/00451277-300x200.jpg",300,200,true],"large":["https:\/\/www.mpc.pr.gov.br\/wp-content\/uploads\/2024\/06\/00451277.jpg",800,533,false],"1536x1536":["https:\/\/www.mpc.pr.gov.br\/wp-content\/uploads\/2024\/06\/00451277.jpg",800,533,false],"2048x2048":["https:\/\/www.mpc.pr.gov.br\/wp-content\/uploads\/2024\/06\/00451277.jpg",800,533,false],"ocean-thumb-m":["https:\/\/www.mpc.pr.gov.br\/wp-content\/uploads\/2024\/06\/00451277-600x533.jpg",600,533,true],"ocean-thumb-ml":["https:\/\/www.mpc.pr.gov.br\/wp-content\/uploads\/2024\/06\/00451277-800x450.jpg",800,450,true],"ocean-thumb-l":["https:\/\/www.mpc.pr.gov.br\/wp-content\/uploads\/2024\/06\/00451277.jpg",800,533,false]},"rttpg_author":{"display_name":"mpcontaspr","author_link":"https:\/\/www.mpc.pr.gov.br\/index.php\/author\/mpcontaspr\/"},"rttpg_comment":1,"rttpg_category":"<a href=\"https:\/\/www.mpc.pr.gov.br\/index.php\/category\/todas-as-noticias\/\" rel=\"category tag\">Todas as not\u00edcias<\/a>","rttpg_excerpt":"Na tarde desta quinta-feira (6 de junho), o Procurador-Geral do MPC-PR Gabriel Guy L\u00e9ger realizou uma visita ao Prefeito em exerc\u00edcio de Curitiba, o Vereador Herivelto Oliveira, que est\u00e1 substituindo o Prefeito Rafael Greca. Durante o encontro, o Procurador-Geral participou junto com o ex-vereador, que tamb\u00e9m foi ex-prefeito interino, e atual presidente da Associa\u00e7\u00e3o dos&hellip;","_links":{"self":[{"href":"https:\/\/www.mpc.pr.gov.br\/index.php\/wp-json\/wp\/v2\/posts\/19642","targetHints":{"allow":["GET"]}}],"collection":[{"href":"https:\/\/www.mpc.pr.gov.br\/index.php\/wp-json\/wp\/v2\/posts"}],"about":[{"href":"https:\/\/www.mpc.pr.gov.br\/index.php\/wp-json\/wp\/v2\/types\/post"}],"author":[{"embeddable":true,"href":"https:\/\/www.mpc.pr.gov.br\/index.php\/wp-json\/wp\/v2\/users\/1"}],"replies":[{"embeddable":true,"href":"https:\/\/www.mpc.pr.gov.br\/index.php\/wp-json\/wp\/v2\/comments?post=19642"}],"version-history":[{"count":3,"href":"https:\/\/www.mpc.pr.gov.br\/index.php\/wp-json\/wp\/v2\/posts\/19642\/revisions"}],"predecessor-version":[{"id":19645,"href":"https:\/\/www.mpc.pr.gov.br\/index.php\/wp-json\/wp\/v2\/posts\/19642\/revisions\/19645"}],"wp:featuredmedia":[{"embeddable":true,"href":"https:\/\/www.mpc.pr.gov.br\/index.php\/wp-json\/wp\/v2\/media\/19640"}],"wp:attachment":[{"href":"https:\/\/www.mpc.pr.gov.br\/index.php\/wp-json\/wp\/v2\/media?parent=19642"}],"wp:term":[{"taxonomy":"category","embeddable":true,"href":"https:\/\/www.mpc.pr.gov.br\/index.php\/wp-json\/wp\/v2\/categories?post=19642"},{"taxonomy":"post_tag","embeddable":true,"href":"https:\/\/www.mpc.pr.gov.br\/index.php\/wp-json\/wp\/v2\/tags?post=19642"}],"curies":[{"name":"wp","href":"https:\/\/api.w.org\/{rel}","templated":true}]}}