{"id":20035,"date":"2024-06-11T14:08:35","date_gmt":"2024-06-11T17:08:35","guid":{"rendered":"https:\/\/www.mpc.pr.gov.br\/?p=20035"},"modified":"2024-06-28T09:16:22","modified_gmt":"2024-06-28T12:16:22","slug":"admissoes-feitas-pelo-municipio-de-nova-esperanca-sao-julgadas-regulares","status":"publish","type":"post","link":"https:\/\/www.mpc.pr.gov.br\/index.php\/admissoes-feitas-pelo-municipio-de-nova-esperanca-sao-julgadas-regulares\/","title":{"rendered":"Admiss\u00f5es feitas pelo Munic\u00edpio de Nova Esperan\u00e7a s\u00e3o julgadas regulares"},"content":{"rendered":"<figure id=\"attachment_20037\" aria-describedby=\"caption-attachment-20037\" style=\"width: 300px\" class=\"wp-caption alignleft\"><img fetchpriority=\"high\" decoding=\"async\" class=\"size-medium wp-image-20037\" src=\"https:\/\/www.mpc.pr.gov.br\/wp-content\/uploads\/2024\/06\/NOVA-ESPERANCA-300x249.jpg\" alt=\"\" width=\"300\" height=\"249\" srcset=\"https:\/\/www.mpc.pr.gov.br\/wp-content\/uploads\/2024\/06\/NOVA-ESPERANCA-300x249.jpg 300w, https:\/\/www.mpc.pr.gov.br\/wp-content\/uploads\/2024\/06\/NOVA-ESPERANCA.jpg 640w\" sizes=\"(max-width: 300px) 100vw, 300px\" \/><figcaption id=\"caption-attachment-20037\" class=\"wp-caption-text\">O Munic\u00edpio de Nova Esperan\u00e7a est\u00e1 localizado na regi\u00e3o noroeste do Estado do Paran\u00e1. Conhecida como a &#8220;capital da seda&#8221;, sua popula\u00e7\u00e3o foi estimada pelo IBGE, em 2018, com 27.821 habitantes. Foto: divulga\u00e7\u00e3o.<\/figcaption><\/figure>\n<p><span data-contrast=\"auto\">Acompanhando opinativo do Minist\u00e9rio P\u00fablico de Contas do Paran\u00e1 (MPC-PR), os membros da Primeira C\u00e2mara do Tribunal de Contas do Estado (TCE-PR) julgaram legais as admiss\u00f5es de pessoal realizadas pelo <a href=\"https:\/\/novaesperanca.pr.gov.br\/\">Munic\u00edpio de Nova Esperan\u00e7a<\/a> para os cargos de agente de servi\u00e7os operacionais (04 vagas), assistente administrativo (01 vaga), educador social (01 vaga), enfermeiro (05 vagas) e professor (02 vagas), relativas ao Edital de Concurso P\u00fablico n\u00ba 02\/2016.<\/span><span data-ccp-props=\"{&quot;201341983&quot;:0,&quot;335551550&quot;:6,&quot;335551620&quot;:6,&quot;335559739&quot;:160,&quot;335559740&quot;:360}\">\u00a0<\/span><\/p>\n<p><span data-contrast=\"auto\">Com a decis\u00e3o proferida no <a href=\"https:\/\/www.mpc.pr.gov.br\/wp-content\/uploads\/2024\/06\/NOVA-ESPERANCA-ACO-1334_24-S1C.pdf\">Ac\u00f3rd\u00e3o \u00b0 1334\/24<\/a>, foi determinado o registro de todas as admiss\u00f5es, as quais ocorreram de forma complementar ao Processo n\u00ba 803124\/16, cujo registro inicial foi concedido pelo Ac\u00f3rd\u00e3o n\u00ba 813\/21 da Segunda C\u00e2mara do TCE-PR.\u00a0<\/span><span data-ccp-props=\"{&quot;201341983&quot;:0,&quot;335551550&quot;:6,&quot;335551620&quot;:6,&quot;335559739&quot;:160,&quot;335559740&quot;:360}\">\u00a0<\/span><\/p>\n<h4><b><span data-contrast=\"auto\">Instru\u00e7\u00e3o do Processo<\/span><\/b><span data-ccp-props=\"{&quot;201341983&quot;:0,&quot;335551550&quot;:6,&quot;335551620&quot;:6,&quot;335559739&quot;:160,&quot;335559740&quot;:360}\">\u00a0<\/span><\/h4>\n<p><span data-contrast=\"auto\">Ap\u00f3s realiza\u00e7\u00e3o de dilig\u00eancias para complementa\u00e7\u00e3o documental, a Coordenadoria de Atos de Gest\u00e3o (CAGE) verificou a regularidade dos documentos encaminhados pelo Munic\u00edpio, opinando conclusivamente pela legalidade e registro das admiss\u00f5es, com exce\u00e7\u00e3o da admiss\u00e3o de uma candidata ao cargo de educador social.\u00a0<\/span><span data-ccp-props=\"{&quot;134233117&quot;:false,&quot;134233118&quot;:false,&quot;201341983&quot;:0,&quot;335551550&quot;:6,&quot;335551620&quot;:6,&quot;335559685&quot;:0,&quot;335559737&quot;:0,&quot;335559738&quot;:0,&quot;335559739&quot;:160,&quot;335559740&quot;:360}\">\u00a0<\/span><\/p>\n<p><span data-contrast=\"auto\">Ocorre que a unidade t\u00e9cnica considerou que n\u00e3o foi comprovada que a respectiva admiss\u00e3o ocorreu para reposi\u00e7\u00e3o de vac\u00e2ncia ocorrida em 2020, em desatendimento ao art. 21, incisos II e IV e \u00a7 2\u00ba, da <a href=\"https:\/\/www.planalto.gov.br\/ccivil_03\/leis\/lcp\/lcp101.htm\">Lei Complementar n\u00ba 101\/200 (Lei de Responsabilidade Fiscal)<\/a> com a reda\u00e7\u00e3o dada pela Lei Complementar Federal n\u00ba 173, de 2020.<\/span><span data-ccp-props=\"{&quot;134233117&quot;:false,&quot;134233118&quot;:false,&quot;201341983&quot;:0,&quot;335551550&quot;:6,&quot;335551620&quot;:6,&quot;335559685&quot;:0,&quot;335559737&quot;:0,&quot;335559738&quot;:0,&quot;335559739&quot;:160,&quot;335559740&quot;:360}\">\u00a0<\/span><\/p>\n<p><span data-contrast=\"auto\">Por sua vez, o Minist\u00e9rio P\u00fablico de Contas divergiu da interpreta\u00e7\u00e3o dada pela CAGE, apenas no que diz respeito do art. 21 da Lei de Responsabilidade Fiscal, que resultou no opinativo pela negativa de registro da candidata ao cargo de educador social.\u00a0<\/span><span data-ccp-props=\"{&quot;201341983&quot;:0,&quot;335551550&quot;:6,&quot;335551620&quot;:6,&quot;335559739&quot;:160,&quot;335559740&quot;:360}\">\u00a0<\/span><\/p>\n<p><span data-contrast=\"auto\">Conforme fundamentado no <a href=\"https:\/\/www.mpc.pr.gov.br\/wp-content\/uploads\/2024\/06\/NOVA-ESPERANCA-PAR-278_24-4PC.pdf\">Parecer Ministerial n\u00b0 278\/24<\/a>, o citado dispositivo disp\u00f5e sobre a veda\u00e7\u00e3o de expedi\u00e7\u00e3o de ato que resulte em aumento de despesas de pessoal nos 180 dias que antecedem o fim do mandato. Sendo assim, o MPC-PR considera err\u00f4nea a interpreta\u00e7\u00e3o de que a restri\u00e7\u00e3o do art. 21 \u00e9 vinculada nominalmente ao cargo espec\u00edfico, pois o intuito da norma \u00e9 restringir a cria\u00e7\u00e3o de um novo tipo de despesa obrigat\u00f3ria ou o aumento de gastos num determinado grupo de despesa obrigat\u00f3ria j\u00e1 existente, como \u00e9 o caso das despesas com pessoal.<\/span><span data-ccp-props=\"{&quot;201341983&quot;:0,&quot;335551550&quot;:6,&quot;335551620&quot;:6,&quot;335559739&quot;:160,&quot;335559740&quot;:360}\">\u00a0<\/span><\/p>\n<p><span data-contrast=\"auto\">Ao final, uma vez que tamb\u00e9m n\u00e3o foi demonstrado que o Munic\u00edpio havia ultrapassado o limite de despesas com pessoal no momento da admiss\u00e3o, o MPC-PR opinou pelo registro das admiss\u00f5es, incluindo o registro da candidata ao cargo de educador social.<\/span><span data-ccp-props=\"{&quot;201341983&quot;:0,&quot;335551550&quot;:6,&quot;335551620&quot;:6,&quot;335559739&quot;:160,&quot;335559740&quot;:360}\">\u00a0<\/span><\/p>\n<h4><b><span data-contrast=\"auto\">Decis\u00e3o<\/span><\/b><span data-ccp-props=\"{&quot;201341983&quot;:0,&quot;335551550&quot;:6,&quot;335551620&quot;:6,&quot;335559739&quot;:160,&quot;335559740&quot;:360}\">\u00a0<\/span><\/h4>\n<p><span data-contrast=\"auto\">Em sede de julgamento, conforme decis\u00e3o proferida no <a href=\"https:\/\/www.mpc.pr.gov.br\/wp-content\/uploads\/2024\/06\/NOVA-ESPERANCA-ACO-1334_24-S1C.pdf\">Ac\u00f3rd\u00e3o \u00b0 1334\/24, <\/a>o Relator Conselheiro Substituto Cl\u00e1u<\/span><span data-contrast=\"auto\">dio Augusto Kania observou que a unidade t\u00e9cnica opinou pela negativa de registro com fundamento em uma interpreta\u00e7\u00e3o restritiva do art. 21 da Lei de Responsabilidade Fiscal. Como forma de decidir, concordou integralmente com o opinativo do MPC-PR, entendendo que a veda\u00e7\u00e3o de expedi\u00e7\u00e3o de ato que resulte em aumento de despesas de pessoal nos 180 dias que antecedem o fim do mandato visa restringir aumento de gastos num determinado grupo de despesa obrigat\u00f3ria j\u00e1 existente, no caso, despesas com pessoal.<\/span><span data-ccp-props=\"{&quot;201341983&quot;:0,&quot;335551550&quot;:6,&quot;335551620&quot;:6,&quot;335559739&quot;:160,&quot;335559740&quot;:360}\">\u00a0<\/span><\/p>\n<div class=\"mceTemp\"><\/div>\n<p><span data-contrast=\"auto\">Os membros da Primeira C\u00e2mara acompanharam, por unanimidade, o voto do Relator, a fim de conceder os registros das admiss\u00f5es realizadas pelo Munic\u00edpio de Nova Esperan\u00e7a.<\/span><span data-ccp-props=\"{&quot;201341983&quot;:0,&quot;335551550&quot;:6,&quot;335551620&quot;:6,&quot;335559739&quot;:160,&quot;335559740&quot;:360}\">\u00a0<\/span><\/p>\n<blockquote><p><span data-ccp-props=\"{&quot;201341983&quot;:0,&quot;335551550&quot;:6,&quot;335551620&quot;:6,&quot;335559739&quot;:160,&quot;335559740&quot;:360}\">\u00a0<\/span><span style=\"color: #820007;\"><strong><u>Informa\u00e7\u00e3o para consulta processual<\/u><\/strong><\/span><\/p>\n<table style=\"height: 183px;\" border=\"0\" width=\"478\" cellspacing=\"0\" cellpadding=\"0\">\n<tbody>\n<tr>\n<td><strong>Processo n\u00ba<\/strong>:<\/td>\n<td>657625\/20<\/td>\n<\/tr>\n<tr>\n<td><strong>Ac\u00f3rd\u00e3o n\u00ba<\/strong>:<\/td>\n<td><span class=\"NormalTextRun SCXW188288879 BCX0\">Ac\u00f3rd\u00e3o\u00a0 n\u00ba 1334\/24 &#8211; Primeira C\u00e2mara<\/span><\/td>\n<\/tr>\n<tr>\n<td><strong>Assunto<\/strong>:<\/td>\n<td>Admiss\u00e3o de Pessoal<\/td>\n<\/tr>\n<tr>\n<td><strong>Entidade<\/strong>:<\/td>\n<td>Munic\u00edpio de Nova Esperan\u00e7a<\/td>\n<\/tr>\n<tr>\n<td><strong>Relator<\/strong>:<\/td>\n<td><span class=\"TextRun SCXW16801794 BCX0\" lang=\"PT-BR\" xml:lang=\"PT-BR\" data-contrast=\"auto\"><span class=\"NormalTextRun SCXW16801794 BCX0\"><span class=\"TextRun SCXW115550179 BCX0\" lang=\"PT-BR\" xml:lang=\"PT-BR\" data-contrast=\"auto\"><span class=\"NormalTextRun SCXW115550179 BCX0\">Conselheiro Substituto Cl\u00e1udio Augusto Kania<\/span><\/span><\/span><\/span><\/td>\n<\/tr>\n<\/tbody>\n<\/table>\n<\/blockquote>\n","protected":false},"excerpt":{"rendered":"<p>Acompanhando opinativo do Minist\u00e9rio P\u00fablico de Contas do Paran\u00e1 (MPC-PR), os membros da Primeira C\u00e2mara do Tribunal de Contas do Estado (TCE-PR) julgaram legais as admiss\u00f5es de pessoal realizadas pelo Munic\u00edpio de Nova Esperan\u00e7a para os cargos de agente de servi\u00e7os operacionais (04 vagas), assistente administrativo (01 vaga), educador social (01 vaga), enfermeiro (05 vagas) [&hellip;]<\/p>\n","protected":false},"author":1,"featured_media":20037,"comment_status":"open","ping_status":"open","sticky":false,"template":"","format":"standard","meta":{"_monsterinsights_skip_tracking":false,"_monsterinsights_sitenote_active":false,"_monsterinsights_sitenote_note":"","_monsterinsights_sitenote_category":0,"footnotes":""},"categories":[7],"tags":[223,567,195,13,566,149,39],"class_list":["post-20035","post","type-post","status-publish","format-standard","has-post-thumbnail","hentry","category-todas-as-noticias","tag-admissao-de-pessoal","tag-despesas-de-pessoal","tag-lei-de-responsabilidade-fiscal","tag-mpc-pr","tag-nova-esperanca","tag-primeira-camara","tag-tce-pr","entry","has-media"],"yoast_head":"<!-- This site is optimized with the Yoast SEO plugin v27.3 - https:\/\/yoast.com\/product\/yoast-seo-wordpress\/ -->\n<title>Admiss\u00f5es feitas pelo Munic\u00edpio de Nova Esperan\u00e7a s\u00e3o julgadas regulares - Minist\u00e9rio P\u00fablico de Contas do Estado do Paran\u00e1<\/title>\n<meta name=\"robots\" content=\"index, follow, max-snippet:-1, max-image-preview:large, max-video-preview:-1\" \/>\n<link rel=\"canonical\" href=\"https:\/\/www.mpc.pr.gov.br\/index.php\/admissoes-feitas-pelo-municipio-de-nova-esperanca-sao-julgadas-regulares\/\" \/>\n<meta property=\"og:locale\" content=\"pt_BR\" \/>\n<meta property=\"og:type\" content=\"article\" \/>\n<meta property=\"og:title\" content=\"Admiss\u00f5es feitas pelo Munic\u00edpio de Nova Esperan\u00e7a s\u00e3o julgadas regulares - Minist\u00e9rio P\u00fablico de Contas do Estado do Paran\u00e1\" \/>\n<meta property=\"og:description\" content=\"Acompanhando opinativo do Minist\u00e9rio P\u00fablico de Contas do Paran\u00e1 (MPC-PR), os membros da Primeira C\u00e2mara do Tribunal de Contas do Estado (TCE-PR) julgaram legais as admiss\u00f5es de pessoal realizadas pelo Munic\u00edpio de Nova Esperan\u00e7a para os cargos de agente de servi\u00e7os operacionais (04 vagas), assistente administrativo (01 vaga), educador social (01 vaga), enfermeiro (05 vagas) [&hellip;]\" \/>\n<meta property=\"og:url\" content=\"https:\/\/www.mpc.pr.gov.br\/index.php\/admissoes-feitas-pelo-municipio-de-nova-esperanca-sao-julgadas-regulares\/\" \/>\n<meta property=\"og:site_name\" content=\"Minist\u00e9rio P\u00fablico de Contas do Estado do Paran\u00e1\" \/>\n<meta property=\"article:publisher\" content=\"https:\/\/www.facebook.com\/mpc.pr\" \/>\n<meta property=\"article:published_time\" content=\"2024-06-11T17:08:35+00:00\" \/>\n<meta property=\"article:modified_time\" content=\"2024-06-28T12:16:22+00:00\" \/>\n<meta property=\"og:image\" content=\"https:\/\/www.mpc.pr.gov.br\/wp-content\/uploads\/2024\/06\/NOVA-ESPERANCA.jpg\" \/>\n\t<meta property=\"og:image:width\" content=\"640\" \/>\n\t<meta property=\"og:image:height\" content=\"531\" \/>\n\t<meta property=\"og:image:type\" content=\"image\/jpeg\" \/>\n<meta name=\"author\" content=\"mpcontaspr\" \/>\n<meta name=\"twitter:card\" content=\"summary_large_image\" \/>\n<meta name=\"twitter:label1\" content=\"Escrito por\" \/>\n\t<meta name=\"twitter:data1\" content=\"mpcontaspr\" \/>\n\t<meta name=\"twitter:label2\" content=\"Est. tempo de leitura\" \/>\n\t<meta name=\"twitter:data2\" content=\"4 minutos\" \/>\n<script type=\"application\/ld+json\" class=\"yoast-schema-graph\">{\"@context\":\"https:\\\/\\\/schema.org\",\"@graph\":[{\"@type\":\"Article\",\"@id\":\"https:\\\/\\\/www.mpc.pr.gov.br\\\/index.php\\\/admissoes-feitas-pelo-municipio-de-nova-esperanca-sao-julgadas-regulares\\\/#article\",\"isPartOf\":{\"@id\":\"https:\\\/\\\/www.mpc.pr.gov.br\\\/index.php\\\/admissoes-feitas-pelo-municipio-de-nova-esperanca-sao-julgadas-regulares\\\/\"},\"author\":{\"name\":\"mpcontaspr\",\"@id\":\"https:\\\/\\\/www.mpc.pr.gov.br\\\/#\\\/schema\\\/person\\\/2d83cb8980538d0ec174e8a6284f5e11\"},\"headline\":\"Admiss\u00f5es feitas pelo Munic\u00edpio de Nova Esperan\u00e7a s\u00e3o julgadas regulares\",\"datePublished\":\"2024-06-11T17:08:35+00:00\",\"dateModified\":\"2024-06-28T12:16:22+00:00\",\"mainEntityOfPage\":{\"@id\":\"https:\\\/\\\/www.mpc.pr.gov.br\\\/index.php\\\/admissoes-feitas-pelo-municipio-de-nova-esperanca-sao-julgadas-regulares\\\/\"},\"wordCount\":637,\"commentCount\":1,\"publisher\":{\"@id\":\"https:\\\/\\\/www.mpc.pr.gov.br\\\/#organization\"},\"image\":{\"@id\":\"https:\\\/\\\/www.mpc.pr.gov.br\\\/index.php\\\/admissoes-feitas-pelo-municipio-de-nova-esperanca-sao-julgadas-regulares\\\/#primaryimage\"},\"thumbnailUrl\":\"https:\\\/\\\/www.mpc.pr.gov.br\\\/wp-content\\\/uploads\\\/2024\\\/06\\\/NOVA-ESPERANCA.jpg\",\"keywords\":[\"Admiss\u00e3o de Pessoal\",\"Despesas de pessoal\",\"Lei de Responsabilidade Fiscal\",\"MPC-PR\",\"Nova Esperan\u00e7a\",\"Primeira C\u00e2mara\",\"TCE-PR\"],\"articleSection\":[\"Todas as not\u00edcias\"],\"inLanguage\":\"pt-BR\",\"potentialAction\":[{\"@type\":\"CommentAction\",\"name\":\"Comment\",\"target\":[\"https:\\\/\\\/www.mpc.pr.gov.br\\\/index.php\\\/admissoes-feitas-pelo-municipio-de-nova-esperanca-sao-julgadas-regulares\\\/#respond\"]}]},{\"@type\":\"WebPage\",\"@id\":\"https:\\\/\\\/www.mpc.pr.gov.br\\\/index.php\\\/admissoes-feitas-pelo-municipio-de-nova-esperanca-sao-julgadas-regulares\\\/\",\"url\":\"https:\\\/\\\/www.mpc.pr.gov.br\\\/index.php\\\/admissoes-feitas-pelo-municipio-de-nova-esperanca-sao-julgadas-regulares\\\/\",\"name\":\"Admiss\u00f5es feitas pelo Munic\u00edpio de Nova Esperan\u00e7a s\u00e3o julgadas regulares - Minist\u00e9rio P\u00fablico de Contas do Estado do Paran\u00e1\",\"isPartOf\":{\"@id\":\"https:\\\/\\\/www.mpc.pr.gov.br\\\/#website\"},\"primaryImageOfPage\":{\"@id\":\"https:\\\/\\\/www.mpc.pr.gov.br\\\/index.php\\\/admissoes-feitas-pelo-municipio-de-nova-esperanca-sao-julgadas-regulares\\\/#primaryimage\"},\"image\":{\"@id\":\"https:\\\/\\\/www.mpc.pr.gov.br\\\/index.php\\\/admissoes-feitas-pelo-municipio-de-nova-esperanca-sao-julgadas-regulares\\\/#primaryimage\"},\"thumbnailUrl\":\"https:\\\/\\\/www.mpc.pr.gov.br\\\/wp-content\\\/uploads\\\/2024\\\/06\\\/NOVA-ESPERANCA.jpg\",\"datePublished\":\"2024-06-11T17:08:35+00:00\",\"dateModified\":\"2024-06-28T12:16:22+00:00\",\"breadcrumb\":{\"@id\":\"https:\\\/\\\/www.mpc.pr.gov.br\\\/index.php\\\/admissoes-feitas-pelo-municipio-de-nova-esperanca-sao-julgadas-regulares\\\/#breadcrumb\"},\"inLanguage\":\"pt-BR\",\"potentialAction\":[{\"@type\":\"ReadAction\",\"target\":[\"https:\\\/\\\/www.mpc.pr.gov.br\\\/index.php\\\/admissoes-feitas-pelo-municipio-de-nova-esperanca-sao-julgadas-regulares\\\/\"]}]},{\"@type\":\"ImageObject\",\"inLanguage\":\"pt-BR\",\"@id\":\"https:\\\/\\\/www.mpc.pr.gov.br\\\/index.php\\\/admissoes-feitas-pelo-municipio-de-nova-esperanca-sao-julgadas-regulares\\\/#primaryimage\",\"url\":\"https:\\\/\\\/www.mpc.pr.gov.br\\\/wp-content\\\/uploads\\\/2024\\\/06\\\/NOVA-ESPERANCA.jpg\",\"contentUrl\":\"https:\\\/\\\/www.mpc.pr.gov.br\\\/wp-content\\\/uploads\\\/2024\\\/06\\\/NOVA-ESPERANCA.jpg\",\"width\":640,\"height\":531,\"caption\":\"O Munic\u00edpio de Nova Esperan\u00e7a est\u00e1 localizado na regi\u00e3o noroeste do Estado do Paran\u00e1. Conhecida como a \\\"capital da seda\\\", sua popula\u00e7\u00e3o foi estimada pelo IBGE, em 2018, com 27 821 habitantes. Foto: divulga\u00e7\u00e3o.\"},{\"@type\":\"BreadcrumbList\",\"@id\":\"https:\\\/\\\/www.mpc.pr.gov.br\\\/index.php\\\/admissoes-feitas-pelo-municipio-de-nova-esperanca-sao-julgadas-regulares\\\/#breadcrumb\",\"itemListElement\":[{\"@type\":\"ListItem\",\"position\":1,\"name\":\"In\u00edcio\",\"item\":\"https:\\\/\\\/www.mpc.pr.gov.br\\\/\"},{\"@type\":\"ListItem\",\"position\":2,\"name\":\"Admiss\u00f5es feitas pelo Munic\u00edpio de Nova Esperan\u00e7a s\u00e3o julgadas regulares\"}]},{\"@type\":\"WebSite\",\"@id\":\"https:\\\/\\\/www.mpc.pr.gov.br\\\/#website\",\"url\":\"https:\\\/\\\/www.mpc.pr.gov.br\\\/\",\"name\":\"Minist\u00e9rio P\u00fablico de Contas do Estado do Paran\u00e1\",\"description\":\"\",\"publisher\":{\"@id\":\"https:\\\/\\\/www.mpc.pr.gov.br\\\/#organization\"},\"potentialAction\":[{\"@type\":\"SearchAction\",\"target\":{\"@type\":\"EntryPoint\",\"urlTemplate\":\"https:\\\/\\\/www.mpc.pr.gov.br\\\/?s={search_term_string}\"},\"query-input\":{\"@type\":\"PropertyValueSpecification\",\"valueRequired\":true,\"valueName\":\"search_term_string\"}}],\"inLanguage\":\"pt-BR\"},{\"@type\":\"Organization\",\"@id\":\"https:\\\/\\\/www.mpc.pr.gov.br\\\/#organization\",\"name\":\"Minist\u00e9rio P\u00fablico de Contas do Estado do Paran\u00e1\",\"url\":\"https:\\\/\\\/www.mpc.pr.gov.br\\\/\",\"logo\":{\"@type\":\"ImageObject\",\"inLanguage\":\"pt-BR\",\"@id\":\"https:\\\/\\\/www.mpc.pr.gov.br\\\/#\\\/schema\\\/logo\\\/image\\\/\",\"url\":\"https:\\\/\\\/www.mpc.pr.gov.br\\\/wp-content\\\/uploads\\\/2020\\\/06\\\/99423647_1593460364143890_6706793420720963584_n-1-e1591387983167.png\",\"contentUrl\":\"https:\\\/\\\/www.mpc.pr.gov.br\\\/wp-content\\\/uploads\\\/2020\\\/06\\\/99423647_1593460364143890_6706793420720963584_n-1-e1591387983167.png\",\"width\":243,\"height\":73,\"caption\":\"Minist\u00e9rio P\u00fablico de Contas do Estado do Paran\u00e1\"},\"image\":{\"@id\":\"https:\\\/\\\/www.mpc.pr.gov.br\\\/#\\\/schema\\\/logo\\\/image\\\/\"},\"sameAs\":[\"https:\\\/\\\/www.facebook.com\\\/mpc.pr\",\"https:\\\/\\\/www.instagram.com\\\/mpc.pr\\\/?hl=pt-br\",\"https:\\\/\\\/www.youtube.com\\\/channel\\\/UCHri5oEM8DV0ztX57E0sBSw\"]},{\"@type\":\"Person\",\"@id\":\"https:\\\/\\\/www.mpc.pr.gov.br\\\/#\\\/schema\\\/person\\\/2d83cb8980538d0ec174e8a6284f5e11\",\"name\":\"mpcontaspr\",\"image\":{\"@type\":\"ImageObject\",\"inLanguage\":\"pt-BR\",\"@id\":\"https:\\\/\\\/secure.gravatar.com\\\/avatar\\\/1aef51541db7622e05fd639336c9c9f312c2a618396e2b6ca96846362fc5403f?s=96&d=mm&r=g\",\"url\":\"https:\\\/\\\/secure.gravatar.com\\\/avatar\\\/1aef51541db7622e05fd639336c9c9f312c2a618396e2b6ca96846362fc5403f?s=96&d=mm&r=g\",\"contentUrl\":\"https:\\\/\\\/secure.gravatar.com\\\/avatar\\\/1aef51541db7622e05fd639336c9c9f312c2a618396e2b6ca96846362fc5403f?s=96&d=mm&r=g\",\"caption\":\"mpcontaspr\"},\"sameAs\":[\"http:\\\/\\\/www.mpc.pr.gov.br\"]}]}<\/script>\n<!-- \/ Yoast SEO plugin. -->","yoast_head_json":{"title":"Admiss\u00f5es feitas pelo Munic\u00edpio de Nova Esperan\u00e7a s\u00e3o julgadas regulares - Minist\u00e9rio P\u00fablico de Contas do Estado do Paran\u00e1","robots":{"index":"index","follow":"follow","max-snippet":"max-snippet:-1","max-image-preview":"max-image-preview:large","max-video-preview":"max-video-preview:-1"},"canonical":"https:\/\/www.mpc.pr.gov.br\/index.php\/admissoes-feitas-pelo-municipio-de-nova-esperanca-sao-julgadas-regulares\/","og_locale":"pt_BR","og_type":"article","og_title":"Admiss\u00f5es feitas pelo Munic\u00edpio de Nova Esperan\u00e7a s\u00e3o julgadas regulares - Minist\u00e9rio P\u00fablico de Contas do Estado do Paran\u00e1","og_description":"Acompanhando opinativo do Minist\u00e9rio P\u00fablico de Contas do Paran\u00e1 (MPC-PR), os membros da Primeira C\u00e2mara do Tribunal de Contas do Estado (TCE-PR) julgaram legais as admiss\u00f5es de pessoal realizadas pelo Munic\u00edpio de Nova Esperan\u00e7a para os cargos de agente de servi\u00e7os operacionais (04 vagas), assistente administrativo (01 vaga), educador social (01 vaga), enfermeiro (05 vagas) [&hellip;]","og_url":"https:\/\/www.mpc.pr.gov.br\/index.php\/admissoes-feitas-pelo-municipio-de-nova-esperanca-sao-julgadas-regulares\/","og_site_name":"Minist\u00e9rio P\u00fablico de Contas do Estado do Paran\u00e1","article_publisher":"https:\/\/www.facebook.com\/mpc.pr","article_published_time":"2024-06-11T17:08:35+00:00","article_modified_time":"2024-06-28T12:16:22+00:00","og_image":[{"width":640,"height":531,"url":"https:\/\/www.mpc.pr.gov.br\/wp-content\/uploads\/2024\/06\/NOVA-ESPERANCA.jpg","type":"image\/jpeg"}],"author":"mpcontaspr","twitter_card":"summary_large_image","twitter_misc":{"Escrito por":"mpcontaspr","Est. tempo de leitura":"4 minutos"},"schema":{"@context":"https:\/\/schema.org","@graph":[{"@type":"Article","@id":"https:\/\/www.mpc.pr.gov.br\/index.php\/admissoes-feitas-pelo-municipio-de-nova-esperanca-sao-julgadas-regulares\/#article","isPartOf":{"@id":"https:\/\/www.mpc.pr.gov.br\/index.php\/admissoes-feitas-pelo-municipio-de-nova-esperanca-sao-julgadas-regulares\/"},"author":{"name":"mpcontaspr","@id":"https:\/\/www.mpc.pr.gov.br\/#\/schema\/person\/2d83cb8980538d0ec174e8a6284f5e11"},"headline":"Admiss\u00f5es feitas pelo Munic\u00edpio de Nova Esperan\u00e7a s\u00e3o julgadas regulares","datePublished":"2024-06-11T17:08:35+00:00","dateModified":"2024-06-28T12:16:22+00:00","mainEntityOfPage":{"@id":"https:\/\/www.mpc.pr.gov.br\/index.php\/admissoes-feitas-pelo-municipio-de-nova-esperanca-sao-julgadas-regulares\/"},"wordCount":637,"commentCount":1,"publisher":{"@id":"https:\/\/www.mpc.pr.gov.br\/#organization"},"image":{"@id":"https:\/\/www.mpc.pr.gov.br\/index.php\/admissoes-feitas-pelo-municipio-de-nova-esperanca-sao-julgadas-regulares\/#primaryimage"},"thumbnailUrl":"https:\/\/www.mpc.pr.gov.br\/wp-content\/uploads\/2024\/06\/NOVA-ESPERANCA.jpg","keywords":["Admiss\u00e3o de Pessoal","Despesas de pessoal","Lei de Responsabilidade Fiscal","MPC-PR","Nova Esperan\u00e7a","Primeira C\u00e2mara","TCE-PR"],"articleSection":["Todas as not\u00edcias"],"inLanguage":"pt-BR","potentialAction":[{"@type":"CommentAction","name":"Comment","target":["https:\/\/www.mpc.pr.gov.br\/index.php\/admissoes-feitas-pelo-municipio-de-nova-esperanca-sao-julgadas-regulares\/#respond"]}]},{"@type":"WebPage","@id":"https:\/\/www.mpc.pr.gov.br\/index.php\/admissoes-feitas-pelo-municipio-de-nova-esperanca-sao-julgadas-regulares\/","url":"https:\/\/www.mpc.pr.gov.br\/index.php\/admissoes-feitas-pelo-municipio-de-nova-esperanca-sao-julgadas-regulares\/","name":"Admiss\u00f5es feitas pelo Munic\u00edpio de Nova Esperan\u00e7a s\u00e3o julgadas regulares - Minist\u00e9rio P\u00fablico de Contas do Estado do Paran\u00e1","isPartOf":{"@id":"https:\/\/www.mpc.pr.gov.br\/#website"},"primaryImageOfPage":{"@id":"https:\/\/www.mpc.pr.gov.br\/index.php\/admissoes-feitas-pelo-municipio-de-nova-esperanca-sao-julgadas-regulares\/#primaryimage"},"image":{"@id":"https:\/\/www.mpc.pr.gov.br\/index.php\/admissoes-feitas-pelo-municipio-de-nova-esperanca-sao-julgadas-regulares\/#primaryimage"},"thumbnailUrl":"https:\/\/www.mpc.pr.gov.br\/wp-content\/uploads\/2024\/06\/NOVA-ESPERANCA.jpg","datePublished":"2024-06-11T17:08:35+00:00","dateModified":"2024-06-28T12:16:22+00:00","breadcrumb":{"@id":"https:\/\/www.mpc.pr.gov.br\/index.php\/admissoes-feitas-pelo-municipio-de-nova-esperanca-sao-julgadas-regulares\/#breadcrumb"},"inLanguage":"pt-BR","potentialAction":[{"@type":"ReadAction","target":["https:\/\/www.mpc.pr.gov.br\/index.php\/admissoes-feitas-pelo-municipio-de-nova-esperanca-sao-julgadas-regulares\/"]}]},{"@type":"ImageObject","inLanguage":"pt-BR","@id":"https:\/\/www.mpc.pr.gov.br\/index.php\/admissoes-feitas-pelo-municipio-de-nova-esperanca-sao-julgadas-regulares\/#primaryimage","url":"https:\/\/www.mpc.pr.gov.br\/wp-content\/uploads\/2024\/06\/NOVA-ESPERANCA.jpg","contentUrl":"https:\/\/www.mpc.pr.gov.br\/wp-content\/uploads\/2024\/06\/NOVA-ESPERANCA.jpg","width":640,"height":531,"caption":"O Munic\u00edpio de Nova Esperan\u00e7a est\u00e1 localizado na regi\u00e3o noroeste do Estado do Paran\u00e1. Conhecida como a \"capital da seda\", sua popula\u00e7\u00e3o foi estimada pelo IBGE, em 2018, com 27 821 habitantes. Foto: divulga\u00e7\u00e3o."},{"@type":"BreadcrumbList","@id":"https:\/\/www.mpc.pr.gov.br\/index.php\/admissoes-feitas-pelo-municipio-de-nova-esperanca-sao-julgadas-regulares\/#breadcrumb","itemListElement":[{"@type":"ListItem","position":1,"name":"In\u00edcio","item":"https:\/\/www.mpc.pr.gov.br\/"},{"@type":"ListItem","position":2,"name":"Admiss\u00f5es feitas pelo Munic\u00edpio de Nova Esperan\u00e7a s\u00e3o julgadas regulares"}]},{"@type":"WebSite","@id":"https:\/\/www.mpc.pr.gov.br\/#website","url":"https:\/\/www.mpc.pr.gov.br\/","name":"Minist\u00e9rio P\u00fablico de Contas do Estado do Paran\u00e1","description":"","publisher":{"@id":"https:\/\/www.mpc.pr.gov.br\/#organization"},"potentialAction":[{"@type":"SearchAction","target":{"@type":"EntryPoint","urlTemplate":"https:\/\/www.mpc.pr.gov.br\/?s={search_term_string}"},"query-input":{"@type":"PropertyValueSpecification","valueRequired":true,"valueName":"search_term_string"}}],"inLanguage":"pt-BR"},{"@type":"Organization","@id":"https:\/\/www.mpc.pr.gov.br\/#organization","name":"Minist\u00e9rio P\u00fablico de Contas do Estado do Paran\u00e1","url":"https:\/\/www.mpc.pr.gov.br\/","logo":{"@type":"ImageObject","inLanguage":"pt-BR","@id":"https:\/\/www.mpc.pr.gov.br\/#\/schema\/logo\/image\/","url":"https:\/\/www.mpc.pr.gov.br\/wp-content\/uploads\/2020\/06\/99423647_1593460364143890_6706793420720963584_n-1-e1591387983167.png","contentUrl":"https:\/\/www.mpc.pr.gov.br\/wp-content\/uploads\/2020\/06\/99423647_1593460364143890_6706793420720963584_n-1-e1591387983167.png","width":243,"height":73,"caption":"Minist\u00e9rio P\u00fablico de Contas do Estado do Paran\u00e1"},"image":{"@id":"https:\/\/www.mpc.pr.gov.br\/#\/schema\/logo\/image\/"},"sameAs":["https:\/\/www.facebook.com\/mpc.pr","https:\/\/www.instagram.com\/mpc.pr\/?hl=pt-br","https:\/\/www.youtube.com\/channel\/UCHri5oEM8DV0ztX57E0sBSw"]},{"@type":"Person","@id":"https:\/\/www.mpc.pr.gov.br\/#\/schema\/person\/2d83cb8980538d0ec174e8a6284f5e11","name":"mpcontaspr","image":{"@type":"ImageObject","inLanguage":"pt-BR","@id":"https:\/\/secure.gravatar.com\/avatar\/1aef51541db7622e05fd639336c9c9f312c2a618396e2b6ca96846362fc5403f?s=96&d=mm&r=g","url":"https:\/\/secure.gravatar.com\/avatar\/1aef51541db7622e05fd639336c9c9f312c2a618396e2b6ca96846362fc5403f?s=96&d=mm&r=g","contentUrl":"https:\/\/secure.gravatar.com\/avatar\/1aef51541db7622e05fd639336c9c9f312c2a618396e2b6ca96846362fc5403f?s=96&d=mm&r=g","caption":"mpcontaspr"},"sameAs":["http:\/\/www.mpc.pr.gov.br"]}]}},"rttpg_featured_image_url":{"full":["https:\/\/www.mpc.pr.gov.br\/wp-content\/uploads\/2024\/06\/NOVA-ESPERANCA.jpg",640,531,false],"landscape":["https:\/\/www.mpc.pr.gov.br\/wp-content\/uploads\/2024\/06\/NOVA-ESPERANCA.jpg",640,531,false],"portraits":["https:\/\/www.mpc.pr.gov.br\/wp-content\/uploads\/2024\/06\/NOVA-ESPERANCA.jpg",640,531,false],"thumbnail":["https:\/\/www.mpc.pr.gov.br\/wp-content\/uploads\/2024\/06\/NOVA-ESPERANCA-150x150.jpg",150,150,true],"medium":["https:\/\/www.mpc.pr.gov.br\/wp-content\/uploads\/2024\/06\/NOVA-ESPERANCA-300x249.jpg",300,249,true],"large":["https:\/\/www.mpc.pr.gov.br\/wp-content\/uploads\/2024\/06\/NOVA-ESPERANCA.jpg",640,531,false],"1536x1536":["https:\/\/www.mpc.pr.gov.br\/wp-content\/uploads\/2024\/06\/NOVA-ESPERANCA.jpg",640,531,false],"2048x2048":["https:\/\/www.mpc.pr.gov.br\/wp-content\/uploads\/2024\/06\/NOVA-ESPERANCA.jpg",640,531,false],"ocean-thumb-m":["https:\/\/www.mpc.pr.gov.br\/wp-content\/uploads\/2024\/06\/NOVA-ESPERANCA-600x531.jpg",600,531,true],"ocean-thumb-ml":["https:\/\/www.mpc.pr.gov.br\/wp-content\/uploads\/2024\/06\/NOVA-ESPERANCA-640x450.jpg",640,450,true],"ocean-thumb-l":["https:\/\/www.mpc.pr.gov.br\/wp-content\/uploads\/2024\/06\/NOVA-ESPERANCA.jpg",640,531,false]},"rttpg_author":{"display_name":"mpcontaspr","author_link":"https:\/\/www.mpc.pr.gov.br\/index.php\/author\/mpcontaspr\/"},"rttpg_comment":1,"rttpg_category":"<a href=\"https:\/\/www.mpc.pr.gov.br\/index.php\/category\/todas-as-noticias\/\" rel=\"category tag\">Todas as not\u00edcias<\/a>","rttpg_excerpt":"Acompanhando opinativo do Minist\u00e9rio P\u00fablico de Contas do Paran\u00e1 (MPC-PR), os membros da Primeira C\u00e2mara do Tribunal de Contas do Estado (TCE-PR) julgaram legais as admiss\u00f5es de pessoal realizadas pelo Munic\u00edpio de Nova Esperan\u00e7a para os cargos de agente de servi\u00e7os operacionais (04 vagas), assistente administrativo (01 vaga), educador social (01 vaga), enfermeiro (05 vagas)&hellip;","_links":{"self":[{"href":"https:\/\/www.mpc.pr.gov.br\/index.php\/wp-json\/wp\/v2\/posts\/20035","targetHints":{"allow":["GET"]}}],"collection":[{"href":"https:\/\/www.mpc.pr.gov.br\/index.php\/wp-json\/wp\/v2\/posts"}],"about":[{"href":"https:\/\/www.mpc.pr.gov.br\/index.php\/wp-json\/wp\/v2\/types\/post"}],"author":[{"embeddable":true,"href":"https:\/\/www.mpc.pr.gov.br\/index.php\/wp-json\/wp\/v2\/users\/1"}],"replies":[{"embeddable":true,"href":"https:\/\/www.mpc.pr.gov.br\/index.php\/wp-json\/wp\/v2\/comments?post=20035"}],"version-history":[{"count":2,"href":"https:\/\/www.mpc.pr.gov.br\/index.php\/wp-json\/wp\/v2\/posts\/20035\/revisions"}],"predecessor-version":[{"id":20040,"href":"https:\/\/www.mpc.pr.gov.br\/index.php\/wp-json\/wp\/v2\/posts\/20035\/revisions\/20040"}],"wp:featuredmedia":[{"embeddable":true,"href":"https:\/\/www.mpc.pr.gov.br\/index.php\/wp-json\/wp\/v2\/media\/20037"}],"wp:attachment":[{"href":"https:\/\/www.mpc.pr.gov.br\/index.php\/wp-json\/wp\/v2\/media?parent=20035"}],"wp:term":[{"taxonomy":"category","embeddable":true,"href":"https:\/\/www.mpc.pr.gov.br\/index.php\/wp-json\/wp\/v2\/categories?post=20035"},{"taxonomy":"post_tag","embeddable":true,"href":"https:\/\/www.mpc.pr.gov.br\/index.php\/wp-json\/wp\/v2\/tags?post=20035"}],"curies":[{"name":"wp","href":"https:\/\/api.w.org\/{rel}","templated":true}]}}