{"id":20533,"date":"2024-06-27T09:20:09","date_gmt":"2024-06-27T12:20:09","guid":{"rendered":"https:\/\/www.mpc.pr.gov.br\/?p=20533"},"modified":"2024-07-08T15:37:04","modified_gmt":"2024-07-08T18:37:04","slug":"ministerio-publico-de-contas-do-parana-lanca-boletim-especial-em-comemoracao-aos-seus-62-anos-de-historia","status":"publish","type":"post","link":"https:\/\/www.mpc.pr.gov.br\/index.php\/ministerio-publico-de-contas-do-parana-lanca-boletim-especial-em-comemoracao-aos-seus-62-anos-de-historia\/","title":{"rendered":"Minist\u00e9rio P\u00fablico de Contas do Paran\u00e1 lan\u00e7a &#8220;Boletim Especial&#8221; em comemora\u00e7\u00e3o aos seus 62 anos de hist\u00f3ria"},"content":{"rendered":"<p><a href=\"https:\/\/www.mpc.pr.gov.br\/wp-content\/uploads\/2024\/06\/Boletim-Especial-62-anos-do-MPC-PR.pdf\"><img fetchpriority=\"high\" decoding=\"async\" class=\"alignleft wp-image-20552 size-medium\" src=\"https:\/\/www.mpc.pr.gov.br\/wp-content\/uploads\/2024\/06\/Capa-Boletim-Especial-62-anos-do-MPC-PR-212x300.png\" alt=\"\" width=\"212\" height=\"300\" \/><\/a>Nesta quinta-feira (27 de junho), o Minist\u00e9rio P\u00fablico de Contas do Estado do Paran\u00e1 (MPC-PR) celebra 62 anos de hist\u00f3ria, reafirmando seu papel fundamental na fiscaliza\u00e7\u00e3o do bom uso de recursos p\u00fablicos e como aliado dos cidad\u00e3os na promo\u00e7\u00e3o da transpar\u00eancia e efici\u00eancia na gest\u00e3o p\u00fablica.<\/p>\n<p>Ao longo de mais de seis d\u00e9cadas, a institui\u00e7\u00e3o evoluiu e se adaptou \u00e0s novas exig\u00eancias e desafios da gest\u00e3o p\u00fablica, aprimorando continuamente sua estrutura organizacional e desenvolvendo novas frentes de atua\u00e7\u00e3o.<\/p>\n<p>Somada a essa comemora\u00e7\u00e3o, o m\u00eas de junho tamb\u00e9m marca os 30 anos da posse das Procuradoras e Procuradores de Contas paranaenses que foram aprovados no primeiro concurso p\u00fablico para o provimento de cargos na carreira (1994).<\/p>\n<p><span class=\"TextRun SCXW80144165 BCX0\" lang=\"PT-BR\" xml:lang=\"PT-BR\" data-contrast=\"auto\"><span class=\"NormalTextRun SCXW80144165 BCX0\">Para relembrar um pouco dessa trajet\u00f3ria, o MPC-PR lan\u00e7ou o \u201c<a href=\"https:\/\/www.mpc.pr.gov.br\/wp-content\/uploads\/2024\/06\/Boletim-Especial-62-anos-do-MPC-PR.pdf\"><strong>Boletim Especial de Anivers\u00e1rio: 62 anos do MPC-PR<\/strong><\/a>\u201d, no qual foram reunidos alguns recortes da hist\u00f3ria da institui\u00e7\u00e3o.\u00a0<\/span><\/span><\/p>\n<p>Acesse a edi\u00e7\u00e3o e conhe\u00e7a um pouco mais sobre a atua\u00e7\u00e3o do MPC-PR!<\/p>\n<p><embed src=\"https:\/\/www.mpc.pr.gov.br\/wp-content\/uploads\/2024\/06\/Boletim-Especial-62-anos-do-MPC-PR.pdf\" type=\"application\/pdf\" width=\"100\" height=\"950\"><\/embed><\/p>\n","protected":false},"excerpt":{"rendered":"<p>Nesta quinta-feira (27 de junho), o Minist\u00e9rio P\u00fablico de Contas do Estado do Paran\u00e1 (MPC-PR) celebra 62 anos de hist\u00f3ria, reafirmando seu papel fundamental na fiscaliza\u00e7\u00e3o do bom uso de recursos p\u00fablicos e como aliado dos cidad\u00e3os na promo\u00e7\u00e3o da transpar\u00eancia e efici\u00eancia na gest\u00e3o p\u00fablica. Ao longo de mais de seis d\u00e9cadas, a institui\u00e7\u00e3o [&hellip;]<\/p>\n","protected":false},"author":1,"featured_media":20552,"comment_status":"open","ping_status":"open","sticky":false,"template":"","format":"standard","meta":{"_monsterinsights_skip_tracking":false,"_monsterinsights_sitenote_active":false,"_monsterinsights_sitenote_note":"","_monsterinsights_sitenote_category":0,"footnotes":""},"categories":[7],"tags":[279,12,13],"class_list":["post-20533","post","type-post","status-publish","format-standard","has-post-thumbnail","hentry","category-todas-as-noticias","tag-aniversario-mpc-pr","tag-boletim-informativo","tag-mpc-pr","entry","has-media"],"yoast_head":"<!-- This site is optimized with the Yoast SEO plugin v27.3 - https:\/\/yoast.com\/product\/yoast-seo-wordpress\/ -->\n<title>Minist\u00e9rio P\u00fablico de Contas do Paran\u00e1 lan\u00e7a &quot;Boletim Especial&quot; em comemora\u00e7\u00e3o aos seus 62 anos de hist\u00f3ria - Minist\u00e9rio P\u00fablico de Contas do Estado do Paran\u00e1<\/title>\n<meta name=\"robots\" content=\"index, follow, max-snippet:-1, max-image-preview:large, max-video-preview:-1\" \/>\n<link rel=\"canonical\" href=\"https:\/\/www.mpc.pr.gov.br\/index.php\/ministerio-publico-de-contas-do-parana-lanca-boletim-especial-em-comemoracao-aos-seus-62-anos-de-historia\/\" \/>\n<meta property=\"og:locale\" content=\"pt_BR\" \/>\n<meta property=\"og:type\" content=\"article\" \/>\n<meta property=\"og:title\" content=\"Minist\u00e9rio P\u00fablico de Contas do Paran\u00e1 lan\u00e7a &quot;Boletim Especial&quot; em comemora\u00e7\u00e3o aos seus 62 anos de hist\u00f3ria - Minist\u00e9rio P\u00fablico de Contas do Estado do Paran\u00e1\" \/>\n<meta property=\"og:description\" content=\"Nesta quinta-feira (27 de junho), o Minist\u00e9rio P\u00fablico de Contas do Estado do Paran\u00e1 (MPC-PR) celebra 62 anos de hist\u00f3ria, reafirmando seu papel fundamental na fiscaliza\u00e7\u00e3o do bom uso de recursos p\u00fablicos e como aliado dos cidad\u00e3os na promo\u00e7\u00e3o da transpar\u00eancia e efici\u00eancia na gest\u00e3o p\u00fablica. Ao longo de mais de seis d\u00e9cadas, a institui\u00e7\u00e3o [&hellip;]\" \/>\n<meta property=\"og:url\" content=\"https:\/\/www.mpc.pr.gov.br\/index.php\/ministerio-publico-de-contas-do-parana-lanca-boletim-especial-em-comemoracao-aos-seus-62-anos-de-historia\/\" \/>\n<meta property=\"og:site_name\" content=\"Minist\u00e9rio P\u00fablico de Contas do Estado do Paran\u00e1\" \/>\n<meta property=\"article:publisher\" content=\"https:\/\/www.facebook.com\/mpc.pr\" \/>\n<meta property=\"article:published_time\" content=\"2024-06-27T12:20:09+00:00\" \/>\n<meta property=\"article:modified_time\" content=\"2024-07-08T18:37:04+00:00\" \/>\n<meta property=\"og:image\" content=\"https:\/\/www.mpc.pr.gov.br\/wp-content\/uploads\/2024\/06\/Capa-Boletim-Especial-62-anos-do-MPC-PR-e1719490871605.png\" \/>\n\t<meta property=\"og:image:width\" content=\"1413\" \/>\n\t<meta property=\"og:image:height\" content=\"1236\" \/>\n\t<meta property=\"og:image:type\" content=\"image\/png\" \/>\n<meta name=\"author\" content=\"mpcontaspr\" \/>\n<meta name=\"twitter:card\" content=\"summary_large_image\" \/>\n<meta name=\"twitter:label1\" content=\"Escrito por\" \/>\n\t<meta name=\"twitter:data1\" content=\"mpcontaspr\" \/>\n\t<meta name=\"twitter:label2\" content=\"Est. tempo de leitura\" \/>\n\t<meta name=\"twitter:data2\" content=\"2 minutos\" \/>\n<script type=\"application\/ld+json\" class=\"yoast-schema-graph\">{\"@context\":\"https:\\\/\\\/schema.org\",\"@graph\":[{\"@type\":\"Article\",\"@id\":\"https:\\\/\\\/www.mpc.pr.gov.br\\\/index.php\\\/ministerio-publico-de-contas-do-parana-lanca-boletim-especial-em-comemoracao-aos-seus-62-anos-de-historia\\\/#article\",\"isPartOf\":{\"@id\":\"https:\\\/\\\/www.mpc.pr.gov.br\\\/index.php\\\/ministerio-publico-de-contas-do-parana-lanca-boletim-especial-em-comemoracao-aos-seus-62-anos-de-historia\\\/\"},\"author\":{\"name\":\"mpcontaspr\",\"@id\":\"https:\\\/\\\/www.mpc.pr.gov.br\\\/#\\\/schema\\\/person\\\/2d83cb8980538d0ec174e8a6284f5e11\"},\"headline\":\"Minist\u00e9rio P\u00fablico de Contas do Paran\u00e1 lan\u00e7a &#8220;Boletim Especial&#8221; em comemora\u00e7\u00e3o aos seus 62 anos de hist\u00f3ria\",\"datePublished\":\"2024-06-27T12:20:09+00:00\",\"dateModified\":\"2024-07-08T18:37:04+00:00\",\"mainEntityOfPage\":{\"@id\":\"https:\\\/\\\/www.mpc.pr.gov.br\\\/index.php\\\/ministerio-publico-de-contas-do-parana-lanca-boletim-especial-em-comemoracao-aos-seus-62-anos-de-historia\\\/\"},\"wordCount\":201,\"commentCount\":0,\"publisher\":{\"@id\":\"https:\\\/\\\/www.mpc.pr.gov.br\\\/#organization\"},\"image\":{\"@id\":\"https:\\\/\\\/www.mpc.pr.gov.br\\\/index.php\\\/ministerio-publico-de-contas-do-parana-lanca-boletim-especial-em-comemoracao-aos-seus-62-anos-de-historia\\\/#primaryimage\"},\"thumbnailUrl\":\"https:\\\/\\\/www.mpc.pr.gov.br\\\/wp-content\\\/uploads\\\/2024\\\/06\\\/Capa-Boletim-Especial-62-anos-do-MPC-PR-e1719490871605.png\",\"keywords\":[\"Anivers\u00e1rio MPC-PR\",\"Boletim Informativo\",\"MPC-PR\"],\"articleSection\":[\"Todas as not\u00edcias\"],\"inLanguage\":\"pt-BR\",\"potentialAction\":[{\"@type\":\"CommentAction\",\"name\":\"Comment\",\"target\":[\"https:\\\/\\\/www.mpc.pr.gov.br\\\/index.php\\\/ministerio-publico-de-contas-do-parana-lanca-boletim-especial-em-comemoracao-aos-seus-62-anos-de-historia\\\/#respond\"]}]},{\"@type\":\"WebPage\",\"@id\":\"https:\\\/\\\/www.mpc.pr.gov.br\\\/index.php\\\/ministerio-publico-de-contas-do-parana-lanca-boletim-especial-em-comemoracao-aos-seus-62-anos-de-historia\\\/\",\"url\":\"https:\\\/\\\/www.mpc.pr.gov.br\\\/index.php\\\/ministerio-publico-de-contas-do-parana-lanca-boletim-especial-em-comemoracao-aos-seus-62-anos-de-historia\\\/\",\"name\":\"Minist\u00e9rio P\u00fablico de Contas do Paran\u00e1 lan\u00e7a \\\"Boletim Especial\\\" em comemora\u00e7\u00e3o aos seus 62 anos de hist\u00f3ria - Minist\u00e9rio P\u00fablico de Contas do Estado do Paran\u00e1\",\"isPartOf\":{\"@id\":\"https:\\\/\\\/www.mpc.pr.gov.br\\\/#website\"},\"primaryImageOfPage\":{\"@id\":\"https:\\\/\\\/www.mpc.pr.gov.br\\\/index.php\\\/ministerio-publico-de-contas-do-parana-lanca-boletim-especial-em-comemoracao-aos-seus-62-anos-de-historia\\\/#primaryimage\"},\"image\":{\"@id\":\"https:\\\/\\\/www.mpc.pr.gov.br\\\/index.php\\\/ministerio-publico-de-contas-do-parana-lanca-boletim-especial-em-comemoracao-aos-seus-62-anos-de-historia\\\/#primaryimage\"},\"thumbnailUrl\":\"https:\\\/\\\/www.mpc.pr.gov.br\\\/wp-content\\\/uploads\\\/2024\\\/06\\\/Capa-Boletim-Especial-62-anos-do-MPC-PR-e1719490871605.png\",\"datePublished\":\"2024-06-27T12:20:09+00:00\",\"dateModified\":\"2024-07-08T18:37:04+00:00\",\"breadcrumb\":{\"@id\":\"https:\\\/\\\/www.mpc.pr.gov.br\\\/index.php\\\/ministerio-publico-de-contas-do-parana-lanca-boletim-especial-em-comemoracao-aos-seus-62-anos-de-historia\\\/#breadcrumb\"},\"inLanguage\":\"pt-BR\",\"potentialAction\":[{\"@type\":\"ReadAction\",\"target\":[\"https:\\\/\\\/www.mpc.pr.gov.br\\\/index.php\\\/ministerio-publico-de-contas-do-parana-lanca-boletim-especial-em-comemoracao-aos-seus-62-anos-de-historia\\\/\"]}]},{\"@type\":\"ImageObject\",\"inLanguage\":\"pt-BR\",\"@id\":\"https:\\\/\\\/www.mpc.pr.gov.br\\\/index.php\\\/ministerio-publico-de-contas-do-parana-lanca-boletim-especial-em-comemoracao-aos-seus-62-anos-de-historia\\\/#primaryimage\",\"url\":\"https:\\\/\\\/www.mpc.pr.gov.br\\\/wp-content\\\/uploads\\\/2024\\\/06\\\/Capa-Boletim-Especial-62-anos-do-MPC-PR-e1719490871605.png\",\"contentUrl\":\"https:\\\/\\\/www.mpc.pr.gov.br\\\/wp-content\\\/uploads\\\/2024\\\/06\\\/Capa-Boletim-Especial-62-anos-do-MPC-PR-e1719490871605.png\",\"width\":1413,\"height\":1236},{\"@type\":\"BreadcrumbList\",\"@id\":\"https:\\\/\\\/www.mpc.pr.gov.br\\\/index.php\\\/ministerio-publico-de-contas-do-parana-lanca-boletim-especial-em-comemoracao-aos-seus-62-anos-de-historia\\\/#breadcrumb\",\"itemListElement\":[{\"@type\":\"ListItem\",\"position\":1,\"name\":\"In\u00edcio\",\"item\":\"https:\\\/\\\/www.mpc.pr.gov.br\\\/\"},{\"@type\":\"ListItem\",\"position\":2,\"name\":\"Minist\u00e9rio P\u00fablico de Contas do Paran\u00e1 lan\u00e7a &#8220;Boletim Especial&#8221; em comemora\u00e7\u00e3o aos seus 62 anos de hist\u00f3ria\"}]},{\"@type\":\"WebSite\",\"@id\":\"https:\\\/\\\/www.mpc.pr.gov.br\\\/#website\",\"url\":\"https:\\\/\\\/www.mpc.pr.gov.br\\\/\",\"name\":\"Minist\u00e9rio P\u00fablico de Contas do Estado do Paran\u00e1\",\"description\":\"\",\"publisher\":{\"@id\":\"https:\\\/\\\/www.mpc.pr.gov.br\\\/#organization\"},\"potentialAction\":[{\"@type\":\"SearchAction\",\"target\":{\"@type\":\"EntryPoint\",\"urlTemplate\":\"https:\\\/\\\/www.mpc.pr.gov.br\\\/?s={search_term_string}\"},\"query-input\":{\"@type\":\"PropertyValueSpecification\",\"valueRequired\":true,\"valueName\":\"search_term_string\"}}],\"inLanguage\":\"pt-BR\"},{\"@type\":\"Organization\",\"@id\":\"https:\\\/\\\/www.mpc.pr.gov.br\\\/#organization\",\"name\":\"Minist\u00e9rio P\u00fablico de Contas do Estado do Paran\u00e1\",\"url\":\"https:\\\/\\\/www.mpc.pr.gov.br\\\/\",\"logo\":{\"@type\":\"ImageObject\",\"inLanguage\":\"pt-BR\",\"@id\":\"https:\\\/\\\/www.mpc.pr.gov.br\\\/#\\\/schema\\\/logo\\\/image\\\/\",\"url\":\"https:\\\/\\\/www.mpc.pr.gov.br\\\/wp-content\\\/uploads\\\/2020\\\/06\\\/99423647_1593460364143890_6706793420720963584_n-1-e1591387983167.png\",\"contentUrl\":\"https:\\\/\\\/www.mpc.pr.gov.br\\\/wp-content\\\/uploads\\\/2020\\\/06\\\/99423647_1593460364143890_6706793420720963584_n-1-e1591387983167.png\",\"width\":243,\"height\":73,\"caption\":\"Minist\u00e9rio P\u00fablico de Contas do Estado do Paran\u00e1\"},\"image\":{\"@id\":\"https:\\\/\\\/www.mpc.pr.gov.br\\\/#\\\/schema\\\/logo\\\/image\\\/\"},\"sameAs\":[\"https:\\\/\\\/www.facebook.com\\\/mpc.pr\",\"https:\\\/\\\/www.instagram.com\\\/mpc.pr\\\/?hl=pt-br\",\"https:\\\/\\\/www.youtube.com\\\/channel\\\/UCHri5oEM8DV0ztX57E0sBSw\"]},{\"@type\":\"Person\",\"@id\":\"https:\\\/\\\/www.mpc.pr.gov.br\\\/#\\\/schema\\\/person\\\/2d83cb8980538d0ec174e8a6284f5e11\",\"name\":\"mpcontaspr\",\"image\":{\"@type\":\"ImageObject\",\"inLanguage\":\"pt-BR\",\"@id\":\"https:\\\/\\\/secure.gravatar.com\\\/avatar\\\/1aef51541db7622e05fd639336c9c9f312c2a618396e2b6ca96846362fc5403f?s=96&d=mm&r=g\",\"url\":\"https:\\\/\\\/secure.gravatar.com\\\/avatar\\\/1aef51541db7622e05fd639336c9c9f312c2a618396e2b6ca96846362fc5403f?s=96&d=mm&r=g\",\"contentUrl\":\"https:\\\/\\\/secure.gravatar.com\\\/avatar\\\/1aef51541db7622e05fd639336c9c9f312c2a618396e2b6ca96846362fc5403f?s=96&d=mm&r=g\",\"caption\":\"mpcontaspr\"},\"sameAs\":[\"http:\\\/\\\/www.mpc.pr.gov.br\"]}]}<\/script>\n<!-- \/ Yoast SEO plugin. -->","yoast_head_json":{"title":"Minist\u00e9rio P\u00fablico de Contas do Paran\u00e1 lan\u00e7a \"Boletim Especial\" em comemora\u00e7\u00e3o aos seus 62 anos de hist\u00f3ria - Minist\u00e9rio P\u00fablico de Contas do Estado do Paran\u00e1","robots":{"index":"index","follow":"follow","max-snippet":"max-snippet:-1","max-image-preview":"max-image-preview:large","max-video-preview":"max-video-preview:-1"},"canonical":"https:\/\/www.mpc.pr.gov.br\/index.php\/ministerio-publico-de-contas-do-parana-lanca-boletim-especial-em-comemoracao-aos-seus-62-anos-de-historia\/","og_locale":"pt_BR","og_type":"article","og_title":"Minist\u00e9rio P\u00fablico de Contas do Paran\u00e1 lan\u00e7a \"Boletim Especial\" em comemora\u00e7\u00e3o aos seus 62 anos de hist\u00f3ria - Minist\u00e9rio P\u00fablico de Contas do Estado do Paran\u00e1","og_description":"Nesta quinta-feira (27 de junho), o Minist\u00e9rio P\u00fablico de Contas do Estado do Paran\u00e1 (MPC-PR) celebra 62 anos de hist\u00f3ria, reafirmando seu papel fundamental na fiscaliza\u00e7\u00e3o do bom uso de recursos p\u00fablicos e como aliado dos cidad\u00e3os na promo\u00e7\u00e3o da transpar\u00eancia e efici\u00eancia na gest\u00e3o p\u00fablica. Ao longo de mais de seis d\u00e9cadas, a institui\u00e7\u00e3o [&hellip;]","og_url":"https:\/\/www.mpc.pr.gov.br\/index.php\/ministerio-publico-de-contas-do-parana-lanca-boletim-especial-em-comemoracao-aos-seus-62-anos-de-historia\/","og_site_name":"Minist\u00e9rio P\u00fablico de Contas do Estado do Paran\u00e1","article_publisher":"https:\/\/www.facebook.com\/mpc.pr","article_published_time":"2024-06-27T12:20:09+00:00","article_modified_time":"2024-07-08T18:37:04+00:00","og_image":[{"width":1413,"height":1236,"url":"https:\/\/www.mpc.pr.gov.br\/wp-content\/uploads\/2024\/06\/Capa-Boletim-Especial-62-anos-do-MPC-PR-e1719490871605.png","type":"image\/png"}],"author":"mpcontaspr","twitter_card":"summary_large_image","twitter_misc":{"Escrito por":"mpcontaspr","Est. tempo de leitura":"2 minutos"},"schema":{"@context":"https:\/\/schema.org","@graph":[{"@type":"Article","@id":"https:\/\/www.mpc.pr.gov.br\/index.php\/ministerio-publico-de-contas-do-parana-lanca-boletim-especial-em-comemoracao-aos-seus-62-anos-de-historia\/#article","isPartOf":{"@id":"https:\/\/www.mpc.pr.gov.br\/index.php\/ministerio-publico-de-contas-do-parana-lanca-boletim-especial-em-comemoracao-aos-seus-62-anos-de-historia\/"},"author":{"name":"mpcontaspr","@id":"https:\/\/www.mpc.pr.gov.br\/#\/schema\/person\/2d83cb8980538d0ec174e8a6284f5e11"},"headline":"Minist\u00e9rio P\u00fablico de Contas do Paran\u00e1 lan\u00e7a &#8220;Boletim Especial&#8221; em comemora\u00e7\u00e3o aos seus 62 anos de hist\u00f3ria","datePublished":"2024-06-27T12:20:09+00:00","dateModified":"2024-07-08T18:37:04+00:00","mainEntityOfPage":{"@id":"https:\/\/www.mpc.pr.gov.br\/index.php\/ministerio-publico-de-contas-do-parana-lanca-boletim-especial-em-comemoracao-aos-seus-62-anos-de-historia\/"},"wordCount":201,"commentCount":0,"publisher":{"@id":"https:\/\/www.mpc.pr.gov.br\/#organization"},"image":{"@id":"https:\/\/www.mpc.pr.gov.br\/index.php\/ministerio-publico-de-contas-do-parana-lanca-boletim-especial-em-comemoracao-aos-seus-62-anos-de-historia\/#primaryimage"},"thumbnailUrl":"https:\/\/www.mpc.pr.gov.br\/wp-content\/uploads\/2024\/06\/Capa-Boletim-Especial-62-anos-do-MPC-PR-e1719490871605.png","keywords":["Anivers\u00e1rio MPC-PR","Boletim Informativo","MPC-PR"],"articleSection":["Todas as not\u00edcias"],"inLanguage":"pt-BR","potentialAction":[{"@type":"CommentAction","name":"Comment","target":["https:\/\/www.mpc.pr.gov.br\/index.php\/ministerio-publico-de-contas-do-parana-lanca-boletim-especial-em-comemoracao-aos-seus-62-anos-de-historia\/#respond"]}]},{"@type":"WebPage","@id":"https:\/\/www.mpc.pr.gov.br\/index.php\/ministerio-publico-de-contas-do-parana-lanca-boletim-especial-em-comemoracao-aos-seus-62-anos-de-historia\/","url":"https:\/\/www.mpc.pr.gov.br\/index.php\/ministerio-publico-de-contas-do-parana-lanca-boletim-especial-em-comemoracao-aos-seus-62-anos-de-historia\/","name":"Minist\u00e9rio P\u00fablico de Contas do Paran\u00e1 lan\u00e7a \"Boletim Especial\" em comemora\u00e7\u00e3o aos seus 62 anos de hist\u00f3ria - Minist\u00e9rio P\u00fablico de Contas do Estado do Paran\u00e1","isPartOf":{"@id":"https:\/\/www.mpc.pr.gov.br\/#website"},"primaryImageOfPage":{"@id":"https:\/\/www.mpc.pr.gov.br\/index.php\/ministerio-publico-de-contas-do-parana-lanca-boletim-especial-em-comemoracao-aos-seus-62-anos-de-historia\/#primaryimage"},"image":{"@id":"https:\/\/www.mpc.pr.gov.br\/index.php\/ministerio-publico-de-contas-do-parana-lanca-boletim-especial-em-comemoracao-aos-seus-62-anos-de-historia\/#primaryimage"},"thumbnailUrl":"https:\/\/www.mpc.pr.gov.br\/wp-content\/uploads\/2024\/06\/Capa-Boletim-Especial-62-anos-do-MPC-PR-e1719490871605.png","datePublished":"2024-06-27T12:20:09+00:00","dateModified":"2024-07-08T18:37:04+00:00","breadcrumb":{"@id":"https:\/\/www.mpc.pr.gov.br\/index.php\/ministerio-publico-de-contas-do-parana-lanca-boletim-especial-em-comemoracao-aos-seus-62-anos-de-historia\/#breadcrumb"},"inLanguage":"pt-BR","potentialAction":[{"@type":"ReadAction","target":["https:\/\/www.mpc.pr.gov.br\/index.php\/ministerio-publico-de-contas-do-parana-lanca-boletim-especial-em-comemoracao-aos-seus-62-anos-de-historia\/"]}]},{"@type":"ImageObject","inLanguage":"pt-BR","@id":"https:\/\/www.mpc.pr.gov.br\/index.php\/ministerio-publico-de-contas-do-parana-lanca-boletim-especial-em-comemoracao-aos-seus-62-anos-de-historia\/#primaryimage","url":"https:\/\/www.mpc.pr.gov.br\/wp-content\/uploads\/2024\/06\/Capa-Boletim-Especial-62-anos-do-MPC-PR-e1719490871605.png","contentUrl":"https:\/\/www.mpc.pr.gov.br\/wp-content\/uploads\/2024\/06\/Capa-Boletim-Especial-62-anos-do-MPC-PR-e1719490871605.png","width":1413,"height":1236},{"@type":"BreadcrumbList","@id":"https:\/\/www.mpc.pr.gov.br\/index.php\/ministerio-publico-de-contas-do-parana-lanca-boletim-especial-em-comemoracao-aos-seus-62-anos-de-historia\/#breadcrumb","itemListElement":[{"@type":"ListItem","position":1,"name":"In\u00edcio","item":"https:\/\/www.mpc.pr.gov.br\/"},{"@type":"ListItem","position":2,"name":"Minist\u00e9rio P\u00fablico de Contas do Paran\u00e1 lan\u00e7a &#8220;Boletim Especial&#8221; em comemora\u00e7\u00e3o aos seus 62 anos de hist\u00f3ria"}]},{"@type":"WebSite","@id":"https:\/\/www.mpc.pr.gov.br\/#website","url":"https:\/\/www.mpc.pr.gov.br\/","name":"Minist\u00e9rio P\u00fablico de Contas do Estado do Paran\u00e1","description":"","publisher":{"@id":"https:\/\/www.mpc.pr.gov.br\/#organization"},"potentialAction":[{"@type":"SearchAction","target":{"@type":"EntryPoint","urlTemplate":"https:\/\/www.mpc.pr.gov.br\/?s={search_term_string}"},"query-input":{"@type":"PropertyValueSpecification","valueRequired":true,"valueName":"search_term_string"}}],"inLanguage":"pt-BR"},{"@type":"Organization","@id":"https:\/\/www.mpc.pr.gov.br\/#organization","name":"Minist\u00e9rio P\u00fablico de Contas do Estado do Paran\u00e1","url":"https:\/\/www.mpc.pr.gov.br\/","logo":{"@type":"ImageObject","inLanguage":"pt-BR","@id":"https:\/\/www.mpc.pr.gov.br\/#\/schema\/logo\/image\/","url":"https:\/\/www.mpc.pr.gov.br\/wp-content\/uploads\/2020\/06\/99423647_1593460364143890_6706793420720963584_n-1-e1591387983167.png","contentUrl":"https:\/\/www.mpc.pr.gov.br\/wp-content\/uploads\/2020\/06\/99423647_1593460364143890_6706793420720963584_n-1-e1591387983167.png","width":243,"height":73,"caption":"Minist\u00e9rio P\u00fablico de Contas do Estado do Paran\u00e1"},"image":{"@id":"https:\/\/www.mpc.pr.gov.br\/#\/schema\/logo\/image\/"},"sameAs":["https:\/\/www.facebook.com\/mpc.pr","https:\/\/www.instagram.com\/mpc.pr\/?hl=pt-br","https:\/\/www.youtube.com\/channel\/UCHri5oEM8DV0ztX57E0sBSw"]},{"@type":"Person","@id":"https:\/\/www.mpc.pr.gov.br\/#\/schema\/person\/2d83cb8980538d0ec174e8a6284f5e11","name":"mpcontaspr","image":{"@type":"ImageObject","inLanguage":"pt-BR","@id":"https:\/\/secure.gravatar.com\/avatar\/1aef51541db7622e05fd639336c9c9f312c2a618396e2b6ca96846362fc5403f?s=96&d=mm&r=g","url":"https:\/\/secure.gravatar.com\/avatar\/1aef51541db7622e05fd639336c9c9f312c2a618396e2b6ca96846362fc5403f?s=96&d=mm&r=g","contentUrl":"https:\/\/secure.gravatar.com\/avatar\/1aef51541db7622e05fd639336c9c9f312c2a618396e2b6ca96846362fc5403f?s=96&d=mm&r=g","caption":"mpcontaspr"},"sameAs":["http:\/\/www.mpc.pr.gov.br"]}]}},"rttpg_featured_image_url":{"full":["https:\/\/www.mpc.pr.gov.br\/wp-content\/uploads\/2024\/06\/Capa-Boletim-Especial-62-anos-do-MPC-PR-e1719490871605.png",1413,1236,false],"landscape":["https:\/\/www.mpc.pr.gov.br\/wp-content\/uploads\/2024\/06\/Capa-Boletim-Especial-62-anos-do-MPC-PR-e1719490871605.png",1413,1236,false],"portraits":["https:\/\/www.mpc.pr.gov.br\/wp-content\/uploads\/2024\/06\/Capa-Boletim-Especial-62-anos-do-MPC-PR-e1719490871605.png",1413,1236,false],"thumbnail":["https:\/\/www.mpc.pr.gov.br\/wp-content\/uploads\/2024\/06\/Capa-Boletim-Especial-62-anos-do-MPC-PR-e1719490871605-150x150.png",150,150,true],"medium":["https:\/\/www.mpc.pr.gov.br\/wp-content\/uploads\/2024\/06\/Capa-Boletim-Especial-62-anos-do-MPC-PR-e1719490871605-300x262.png",300,262,true],"large":["https:\/\/www.mpc.pr.gov.br\/wp-content\/uploads\/2024\/06\/Capa-Boletim-Especial-62-anos-do-MPC-PR-e1719490871605-1024x896.png",1024,896,true],"1536x1536":["https:\/\/www.mpc.pr.gov.br\/wp-content\/uploads\/2024\/06\/Capa-Boletim-Especial-62-anos-do-MPC-PR-1086x1536.png",1086,1536,true],"2048x2048":["https:\/\/www.mpc.pr.gov.br\/wp-content\/uploads\/2024\/06\/Capa-Boletim-Especial-62-anos-do-MPC-PR-e1719490871605.png",1413,1236,false],"ocean-thumb-m":["https:\/\/www.mpc.pr.gov.br\/wp-content\/uploads\/2024\/06\/Capa-Boletim-Especial-62-anos-do-MPC-PR-e1719490871605-600x600.png",600,600,true],"ocean-thumb-ml":["https:\/\/www.mpc.pr.gov.br\/wp-content\/uploads\/2024\/06\/Capa-Boletim-Especial-62-anos-do-MPC-PR-e1719490871605-800x450.png",800,450,true],"ocean-thumb-l":["https:\/\/www.mpc.pr.gov.br\/wp-content\/uploads\/2024\/06\/Capa-Boletim-Especial-62-anos-do-MPC-PR-e1719490871605-1200x700.png",1200,700,true]},"rttpg_author":{"display_name":"mpcontaspr","author_link":"https:\/\/www.mpc.pr.gov.br\/index.php\/author\/mpcontaspr\/"},"rttpg_comment":1,"rttpg_category":"<a href=\"https:\/\/www.mpc.pr.gov.br\/index.php\/category\/todas-as-noticias\/\" rel=\"category tag\">Todas as not\u00edcias<\/a>","rttpg_excerpt":"Nesta quinta-feira (27 de junho), o Minist\u00e9rio P\u00fablico de Contas do Estado do Paran\u00e1 (MPC-PR) celebra 62 anos de hist\u00f3ria, reafirmando seu papel fundamental na fiscaliza\u00e7\u00e3o do bom uso de recursos p\u00fablicos e como aliado dos cidad\u00e3os na promo\u00e7\u00e3o da transpar\u00eancia e efici\u00eancia na gest\u00e3o p\u00fablica. Ao longo de mais de seis d\u00e9cadas, a institui\u00e7\u00e3o&hellip;","_links":{"self":[{"href":"https:\/\/www.mpc.pr.gov.br\/index.php\/wp-json\/wp\/v2\/posts\/20533","targetHints":{"allow":["GET"]}}],"collection":[{"href":"https:\/\/www.mpc.pr.gov.br\/index.php\/wp-json\/wp\/v2\/posts"}],"about":[{"href":"https:\/\/www.mpc.pr.gov.br\/index.php\/wp-json\/wp\/v2\/types\/post"}],"author":[{"embeddable":true,"href":"https:\/\/www.mpc.pr.gov.br\/index.php\/wp-json\/wp\/v2\/users\/1"}],"replies":[{"embeddable":true,"href":"https:\/\/www.mpc.pr.gov.br\/index.php\/wp-json\/wp\/v2\/comments?post=20533"}],"version-history":[{"count":11,"href":"https:\/\/www.mpc.pr.gov.br\/index.php\/wp-json\/wp\/v2\/posts\/20533\/revisions"}],"predecessor-version":[{"id":20560,"href":"https:\/\/www.mpc.pr.gov.br\/index.php\/wp-json\/wp\/v2\/posts\/20533\/revisions\/20560"}],"wp:featuredmedia":[{"embeddable":true,"href":"https:\/\/www.mpc.pr.gov.br\/index.php\/wp-json\/wp\/v2\/media\/20552"}],"wp:attachment":[{"href":"https:\/\/www.mpc.pr.gov.br\/index.php\/wp-json\/wp\/v2\/media?parent=20533"}],"wp:term":[{"taxonomy":"category","embeddable":true,"href":"https:\/\/www.mpc.pr.gov.br\/index.php\/wp-json\/wp\/v2\/categories?post=20533"},{"taxonomy":"post_tag","embeddable":true,"href":"https:\/\/www.mpc.pr.gov.br\/index.php\/wp-json\/wp\/v2\/tags?post=20533"}],"curies":[{"name":"wp","href":"https:\/\/api.w.org\/{rel}","templated":true}]}}