{"id":20960,"date":"2024-07-30T10:21:50","date_gmt":"2024-07-30T13:21:50","guid":{"rendered":"https:\/\/www.mpc.pr.gov.br\/?p=20960"},"modified":"2024-08-13T12:43:52","modified_gmt":"2024-08-13T15:43:52","slug":"apos-recurso-contas-do-iat-referentes-ao-contrato-de-recuperacao-da-orla-de-matinhos-sao-julgadas-regulares-com-ressalvas","status":"publish","type":"post","link":"https:\/\/www.mpc.pr.gov.br\/index.php\/apos-recurso-contas-do-iat-referentes-ao-contrato-de-recuperacao-da-orla-de-matinhos-sao-julgadas-regulares-com-ressalvas\/","title":{"rendered":"Ap\u00f3s Recurso, contas do IAT referentes ao contrato de recupera\u00e7\u00e3o da orla de Matinhos s\u00e3o julgadas regulares com ressalvas"},"content":{"rendered":"<figure id=\"attachment_20963\" aria-describedby=\"caption-attachment-20963\" style=\"width: 300px\" class=\"wp-caption alignleft\"><img fetchpriority=\"high\" decoding=\"async\" class=\"size-medium wp-image-20963\" src=\"https:\/\/www.mpc.pr.gov.br\/wp-content\/uploads\/2024\/07\/orla-de-matinhos-300x200.jpg\" alt=\"\" width=\"300\" height=\"200\" \/><figcaption id=\"caption-attachment-20963\" class=\"wp-caption-text\">Obras de engorda da orla de Matinhos, no Balne\u00e1rio Caiob\u00e1, no litoral paranaense. Foto: divulga\u00e7\u00e3o.<\/figcaption><\/figure>\n<p><span data-contrast=\"auto\">Acompanhando o opinativo do Minist\u00e9rio P\u00fablico de Contas do Paran\u00e1 (MPC-PR), os membros do Tribunal de Contas do Estado (TCE-PR) deram parcial provimento ao Recurso de Revista apresentado pelo Cons\u00f3rcio Sambaqui, contra o <a href=\"https:\/\/www.mpc.pr.gov.br\/wp-content\/uploads\/2024\/07\/maitnhoss-ACO-2442_23-STP.pdf\">Ac\u00f3rd\u00e3o n\u00b0 2442\/23 do Tribunal Pleno<\/a>, o qual julgou procedente Tomada de Contas Extraordin\u00e1ria.\u00a0<\/span><span data-ccp-props=\"{&quot;201341983&quot;:0,&quot;335551550&quot;:6,&quot;335551620&quot;:6,&quot;335559739&quot;:160,&quot;335559740&quot;:360}\">\u00a0<\/span><\/p>\n<p><span data-contrast=\"auto\">O processo de Tomada de Contas se refere ao Contrato n\u00ba 08\/22, firmado entre o Instituto \u00c1gua e Terra (IAT) e o Cons\u00f3rcio recorrente, tendo por objeto a recupera\u00e7\u00e3o da orla de Matinhos (no valor de R$ 314.898.549,90 e prazo de conclus\u00e3o de 32 meses).<\/span><span data-ccp-props=\"{&quot;201341983&quot;:0,&quot;335551550&quot;:6,&quot;335551620&quot;:6,&quot;335559739&quot;:160,&quot;335559740&quot;:360}\">\u00a0<\/span><\/p>\n<p><span data-contrast=\"auto\">Com a nova decis\u00e3o, as contas do Instituto, em rela\u00e7\u00e3o ao referido contrato, foram consideradas regulares, ressalvados os apontamentos quanto ao \u201cdescumprimento do projeto b\u00e1sico, memorial, especifica\u00e7\u00f5es t\u00e9cnicas e cronograma previstos no edital\u201d e \u201caus\u00eancia de Termo Aditivo que formalizasse as altera\u00e7\u00f5es realizadas no Plano de Trabalho que integram o contrato\u201d.<\/span><span data-ccp-props=\"{&quot;201341983&quot;:0,&quot;335551550&quot;:6,&quot;335551620&quot;:6,&quot;335559739&quot;:160,&quot;335559740&quot;:360}\">\u00a0<\/span><\/p>\n<h4><b><span data-contrast=\"auto\">Ent<\/span><\/b><b><span data-contrast=\"auto\">enda o caso<\/span><\/b><\/h4>\n<p><span data-contrast=\"auto\">A Tomada de Contas Extraordin\u00e1ria foi instaurada por solicita\u00e7\u00e3o da 3\u00aa Inspetoria de Controle Externo (3\u00aa ICE), a qual comunicou ter constatado modifica\u00e7\u00e3o nas etapas de execu\u00e7\u00e3o da obra para a recupera\u00e7\u00e3o da orla de Matinhos sem a pr\u00e9via anu\u00eancia do IAT e do engenheiro projetista.<\/span><span data-ccp-props=\"{&quot;201341983&quot;:0,&quot;335551550&quot;:6,&quot;335551620&quot;:6,&quot;335559739&quot;:160,&quot;335559740&quot;:360}\">\u00a0<\/span><\/p>\n<p><span data-contrast=\"auto\">Dentre os achados de fiscaliza\u00e7\u00e3o, verificou-se que houve o <\/span><b><span data-contrast=\"auto\">i)<\/span><\/b><span data-contrast=\"auto\"> descumprimento do projeto b\u00e1sico, memorial, especifica\u00e7\u00f5es t\u00e9cnicas e cronograma previstos no edital, <\/span><span data-contrast=\"none\">sem a previs\u00e3o das medidas mitigat\u00f3rias de danos para garantir a seguran\u00e7a e durabilidade da obra; <\/span><b><span data-contrast=\"none\">ii) <\/span><\/b><span data-contrast=\"none\">descumprimento do contrato por aus\u00eancia de Termo Aditivo que formalizasse as altera\u00e7\u00f5es realizadas no Plano de Trabalho que integram o contrato; e <\/span><b><span data-contrast=\"none\">iii)<\/span><\/b><span data-contrast=\"none\"> aus\u00eancia de an\u00e1lise de impacto econ\u00f4mico-financeiro pelo adiantamento em oito meses da maior parcela do contrato, referente a R$124.564.615,34, bem como pela diminui\u00e7\u00e3o do tempo de obra, nos termos do art. 65, II, d, da Lei 8.666\/1993.<\/span><span data-ccp-props=\"{&quot;201341983&quot;:0,&quot;335551550&quot;:6,&quot;335551620&quot;:6,&quot;335559739&quot;:160,&quot;335559740&quot;:360}\">\u00a0<\/span><\/p>\n<p><span data-contrast=\"none\">Em 17 de agosto, durante a Sess\u00e3o Ordin\u00e1ria Virtual n\u00b0 15, por maioria dos votos, os Membros do Tribunal Pleno julgaram procedente a Tomada de Contas Extraordin\u00e1ria, determinando a ado\u00e7\u00e3o, pelo Instituto \u00c1gua e Terra, de diversas medidas visando sanar as irregularidades apontadas.\u00a0<\/span><span data-ccp-props=\"{&quot;201341983&quot;:0,&quot;335551550&quot;:6,&quot;335551620&quot;:6,&quot;335559739&quot;:160,&quot;335559740&quot;:360}\">\u00a0<\/span><\/p>\n<h4><b><span data-contrast=\"none\">Recurso de Revista<\/span><\/b><span data-ccp-props=\"{&quot;201341983&quot;:0,&quot;335551550&quot;:6,&quot;335551620&quot;:6,&quot;335559739&quot;:160,&quot;335559740&quot;:360}\">\u00a0<\/span><\/h4>\n<p><span data-contrast=\"none\">Ao ingressar com o Recurso, o <\/span><span data-contrast=\"auto\">Cons\u00f3rcio Sambaqui, representado por sua empresa l\u00edder Castilho Engenharia e Empreendimentos S.A., alegou que todas as premissas do projeto foram mantidas intactas e que o adiantamento da obra somente foi iniciado ap\u00f3s a autoriza\u00e7\u00e3o do projetista respons\u00e1vel. Nesse aspecto, sustentou que a execu\u00e7\u00e3o da engorda e das estruturas semirr\u00edgidas, que antes era para ser feita de forma sucessiva, foi antecipada de modo a ocorrer concomitantemente, o que teria resultado em vantagens \u00e0 Administra\u00e7\u00e3o e \u00e0 popula\u00e7\u00e3o, como o aumento do fluxo do turismo no litoral e diminui\u00e7\u00e3o do valor do reajuste contratual.<\/span><span data-ccp-props=\"{&quot;134233117&quot;:false,&quot;134233118&quot;:false,&quot;201341983&quot;:0,&quot;335551550&quot;:6,&quot;335551620&quot;:6,&quot;335559685&quot;:0,&quot;335559737&quot;:0,&quot;335559738&quot;:0,&quot;335559739&quot;:160,&quot;335559740&quot;:360}\">\u00a0<\/span><\/p>\n<p><span data-contrast=\"auto\">Al\u00e9m disso, a empresa refor\u00e7ou que por iniciativa pr\u00f3pria iniciou os servi\u00e7os preliminares de mobiliza\u00e7\u00e3o, de modo que, caso o adiantamento n\u00e3o fosse aprovado pelo IAT e projetista, poder-se-ia exigir do Cons\u00f3rcio a desmobiliza\u00e7\u00e3o dos equipamentos, por sua conta.<\/span><span data-ccp-props=\"{&quot;201341983&quot;:0,&quot;335551550&quot;:6,&quot;335551620&quot;:6,&quot;335559739&quot;:160,&quot;335559740&quot;:360}\">\u00a0<\/span><\/p>\n<p><span data-contrast=\"auto\">No que se refere \u00e0s medidas mitigat\u00f3rias, apresentou a previs\u00e3o da manuten\u00e7\u00e3o das cotas previstas em projeto para execu\u00e7\u00e3o das estruturas semirr\u00edgidas; remo\u00e7\u00e3o de material por escavadeira e\/ou draga, para manuten\u00e7\u00e3o do caimento\/cota de projeto nos canais; a responsabilidade do Cons\u00f3rcio em caso de necessidade refazimento de servi\u00e7os em raz\u00e3o da antecipa\u00e7\u00e3o da engorda; e a melhoria do perfil da engorda, com base em experi\u00eancias de obras anteriores.\u00a0<\/span><span data-ccp-props=\"{&quot;201341983&quot;:0,&quot;335551550&quot;:6,&quot;335551620&quot;:6,&quot;335559739&quot;:160,&quot;335559740&quot;:360}\">\u00a0<\/span><\/p>\n<p><span data-contrast=\"auto\">Ao final, argumentou que a previs\u00e3o de vida \u00fatil da obra \u00e9 de dif\u00edcil estimativa e que o adiantamento em oito meses da etapa da engorda da faixa de areia n\u00e3o traria grande impacto \u00e0 vida \u00fatil do projeto. Sendo assim, entende que a inclus\u00e3o de responsabilidade do Cons\u00f3rcio por todo prazo de vida \u00fatil da obra seria injustific\u00e1vel, al\u00e9m de que jamais esteve tal medida prevista na licita\u00e7\u00e3o ou no contrato.<\/span><span data-ccp-props=\"{&quot;201341983&quot;:0,&quot;335551550&quot;:6,&quot;335551620&quot;:6,&quot;335559739&quot;:160,&quot;335559740&quot;:360}\">\u00a0<\/span><\/p>\n<p><span data-contrast=\"auto\">Diante do exposto, o recorrente pugnou pelo provimento do Recurso de Revista, a fim de que fossem afastadas quaisquer responsabiliza\u00e7\u00f5es ou amplia\u00e7\u00f5es das responsabilidades do Cons\u00f3rcio.\u00a0<\/span><span data-ccp-props=\"{&quot;201341983&quot;:0,&quot;335551550&quot;:6,&quot;335551620&quot;:6,&quot;335559739&quot;:160,&quot;335559740&quot;:360}\">\u00a0<\/span><\/p>\n<h4><b><span data-contrast=\"auto\">Instru\u00e7\u00e3o do Processo<\/span><\/b><span data-ccp-props=\"{&quot;201341983&quot;:0,&quot;335551550&quot;:6,&quot;335551620&quot;:6,&quot;335559739&quot;:160,&quot;335559740&quot;:360}\">\u00a0<\/span><\/h4>\n<p><span data-contrast=\"auto\">O Recurso de Revista foi recebido por meio do Despacho n\u00b0 1.498\/23 do Conselheiro Maur\u00edcio Requi\u00e3o de Mello e Silva, tendo sido encaminhado para manifesta\u00e7\u00e3o da Coordenadoria-Geral de Fiscaliza\u00e7\u00e3o (CGF), a qual se manifestou pela manuten\u00e7\u00e3o da decis\u00e3o pela irregularidade das contas do IAT e, consequentemente, pela proced\u00eancia da Tomada de Contas Extraordin\u00e1ria.\u00a0<\/span><span data-ccp-props=\"{&quot;201341983&quot;:0,&quot;335551550&quot;:6,&quot;335551620&quot;:6,&quot;335559739&quot;:160,&quot;335559740&quot;:360}\">\u00a0<\/span><\/p>\n<p><span data-contrast=\"auto\">Afirmou a unidade t\u00e9cnica que a movimenta\u00e7\u00e3o no canteiro de obras na orla de Matinhos ocorreu muitos antes da anu\u00eancia do projetista e do IAT, e que haveria o risco remanescente de tais altera\u00e7\u00f5es empreendidas pelo Cons\u00f3rcio, pois diversas estruturas semirr\u00edgidas ainda estavam em execu\u00e7\u00e3o, mesmo ap\u00f3s a conclus\u00e3o da engorda da faixa de areia da orla.<\/span><span data-ccp-props=\"{&quot;134233117&quot;:false,&quot;134233118&quot;:false,&quot;201341983&quot;:0,&quot;335551550&quot;:6,&quot;335551620&quot;:6,&quot;335559685&quot;:0,&quot;335559737&quot;:0,&quot;335559738&quot;:0,&quot;335559739&quot;:160,&quot;335559740&quot;:360}\">\u00a0<\/span><\/p>\n<p><span data-contrast=\"auto\">Relativamente \u00e0s determina\u00e7\u00f5es constantes na decis\u00e3o recorrida (<a href=\"https:\/\/www.mpc.pr.gov.br\/wp-content\/uploads\/2024\/07\/maitnhoss-ACO-2442_23-STP.pdf\">Ac\u00f3rd\u00e3o n\u00ba 2442\/23<\/a>), a CGF entendeu que as alega\u00e7\u00f5es do Cons\u00f3rcio n\u00e3o foram capazes de afastar as irregularidades apontadas. Contudo, apenas em rela\u00e7\u00e3o \u00e0 determina\u00e7\u00e3o que dizia respeito a realiza\u00e7\u00e3o de an\u00e1lise de impacto or\u00e7ament\u00e1rio-financeiro no contrato, devido ao adiantamento da engorda da praia e \u00e0 diminui\u00e7\u00e3o do tempo da obra, considerou que a mesma poderia ser suprimida, pois n\u00e3o haveria efeito material direto no objeto em an\u00e1lise.<\/span><span data-ccp-props=\"{&quot;201341983&quot;:0,&quot;335551550&quot;:6,&quot;335551620&quot;:6,&quot;335559739&quot;:160,&quot;335559740&quot;:360}\">\u00a0<\/span><\/p>\n<h4><b><span data-contrast=\"auto\">Minist\u00e9rio P\u00fablico de Contas<\/span><\/b><span data-ccp-props=\"{&quot;201341983&quot;:0,&quot;335551550&quot;:6,&quot;335551620&quot;:6,&quot;335559739&quot;:160,&quot;335559740&quot;:360}\">\u00a0<\/span><\/h4>\n<p><span data-contrast=\"auto\">Instado a se manifestar, o MPC-PR divergiu do entendimento da unidade t\u00e9cnica ao considerar que o Cons\u00f3rcio demonstrou que a antecipa\u00e7\u00e3o da etapa de engorda da faixa de areia, al\u00e9m de ser medida vantajosa para o interesse p\u00fablico, contou com a anu\u00eancia da autarquia contratante e do engenheiro projetista, assim como foi precedida de previs\u00e3o de a\u00e7\u00f5es mitigadoras, necess\u00e1rias a garantia da m\u00e1xima seguran\u00e7a da obra.<\/span><span data-ccp-props=\"{&quot;201341983&quot;:0,&quot;335551550&quot;:6,&quot;335551620&quot;:6,&quot;335559739&quot;:160,&quot;335559740&quot;:360}\">\u00a0<\/span><\/p>\n<p><span data-contrast=\"auto\">De igual forma, avaliou procedente a alega\u00e7\u00e3o recursal de que o Cons\u00f3rcio n\u00e3o se comprometeu a estender sua responsabilidade por todo o per\u00edodo de vida \u00fatil da obra, mas sim por eventual execu\u00e7\u00e3o de novos servi\u00e7os comprovadamente origin\u00e1rios da antecipa\u00e7\u00e3o da etapa de engorda. Ademais, ressaltou que, de acordo com a Cl\u00e1usula Quinta, item LVIII, do Contrato n\u00ba 08\/2022, ser\u00e1 de cinco anos, contados da emiss\u00e3o do Termo de Recebimento Definitivo, a responsabilidade do Cons\u00f3rcio em reparar qualquer defeito na execu\u00e7\u00e3o das obras.<\/span><span data-ccp-props=\"{&quot;201341983&quot;:0,&quot;335551550&quot;:6,&quot;335551620&quot;:6,&quot;335559739&quot;:160,&quot;335559740&quot;:360}\">\u00a0<\/span><\/p>\n<p><span data-contrast=\"auto\">Nesse sentido, em que pese a motiva\u00e7\u00e3o da louv\u00e1vel fiscaliza\u00e7\u00e3o empreendida pela 3\u00aa Inspetoria de Controle Externo, a antecipa\u00e7\u00e3o de etapa da execu\u00e7\u00e3o do contrato foi conclu\u00edda, sem que tenha havido qualquer apontamento concreto de preju\u00edzo \u00e0 solidez do resultado esperado da obra. De todo modo, como a finaliza\u00e7\u00e3o do Contrato n\u00ba 08\/2022 est\u00e1 prevista para o ano de 2024, compete \u00e0 atual Inspetoria de Controle Externo (1ICE), respons\u00e1vel pela fiscaliza\u00e7\u00e3o do IAT, acompanhar o restante da execu\u00e7\u00e3o dos servi\u00e7os contratados, podendo, se for o caso, adotar as medidas previstas no art. 157 do Regimento Interno, na hip\u00f3tese de constata\u00e7\u00e3o de irregularidade(s) superveniente(s).<\/span><span data-ccp-props=\"{&quot;201341983&quot;:0,&quot;335551550&quot;:6,&quot;335551620&quot;:6,&quot;335559739&quot;:160,&quot;335559740&quot;:360}\">\u00a0<\/span><\/p>\n<p><span data-contrast=\"auto\">O MPC-PR tamb\u00e9m pontuou que, diante da op\u00e7\u00e3o do IAT em n\u00e3o recorrer do Ac\u00f3rd\u00e3o n\u00ba 2442\/23, devem ser mantidas as obriga\u00e7\u00f5es de fazer indicadas no item II da decis\u00e3o recorrida, excetuada aquela indicada no item II subitem iv, consoante sugerido pela CGF. No mesmo sentido, n\u00e3o vislumbra motivo para afastamento das determina\u00e7\u00f5es constantes do item v, subitem v.1, item vi e item vii, competindo \u00e0quela autarquia demonstrar a atendimento de tais medidas na fase de cumprimento da decis\u00e3o.<\/span><span data-ccp-props=\"{&quot;201341983&quot;:0,&quot;335551550&quot;:6,&quot;335551620&quot;:6,&quot;335559739&quot;:160,&quot;335559740&quot;:360}\">\u00a0<\/span><\/p>\n<p><span data-contrast=\"auto\">Por essas raz\u00f5es, mediante o <a href=\"https:\/\/www.mpc.pr.gov.br\/wp-content\/uploads\/2024\/07\/matinhos-PAR-1055_23-4PC.pdf\">Parecer n\u00b0 1055\/23<\/a>, o Minist\u00e9rio P\u00fablico de Contas opinou pelo provimento parcial do recurso, propondo o julgamento pela regularidade das contas do IAT, com a convers\u00e3o em ressalva das irregularidades referentes a \u201caus\u00eancia da an\u00e1lise do impacto econ\u00f4mico-financeiro pelo adiantamento da obra\u201d, bem como da \u201caus\u00eancia do Termo Aditivo que formalizasse as altera\u00e7\u00f5es realizadas no Plano de Trabalho\u201d, assim como a manuten\u00e7\u00e3o de parte das obriga\u00e7\u00f5es de fazer dirigidas ao Instituto.<\/span><span data-ccp-props=\"{&quot;201341983&quot;:0,&quot;335551550&quot;:6,&quot;335551620&quot;:6,&quot;335559739&quot;:160,&quot;335559740&quot;:360}\">\u00a0<\/span><\/p>\n<h4><b><span data-contrast=\"auto\">Decis\u00e3o<\/span><\/b><span data-ccp-props=\"{&quot;201341983&quot;:0,&quot;335551550&quot;:6,&quot;335551620&quot;:6,&quot;335559739&quot;:160,&quot;335559740&quot;:360}\">\u00a0<\/span><\/h4>\n<p><span data-contrast=\"auto\">Em sede de julgamento, o Relator Conselheiro Fabio de Souza Camargo acolheu a manifesta\u00e7\u00e3o do MPC-PR como forma de decidir. Todavia, destacou que, a despeito do IAT n\u00e3o ter apresentado recurso contra a decis\u00e3o proferida no <a href=\"https:\/\/www.mpc.pr.gov.br\/wp-content\/uploads\/2024\/07\/matinhos-ACO-2053_24-STP.pdf\">Ac\u00f3rd\u00e3o n\u00b0 \u00ba 2053\/24<\/a>, os efeitos desse novo julgamento se estendem \u00e0 autarquia.<\/span><span data-ccp-props=\"{&quot;201341983&quot;:0,&quot;335551550&quot;:6,&quot;335551620&quot;:6,&quot;335559739&quot;:160,&quot;335559740&quot;:360}\">\u00a0<\/span><\/p>\n<p><span data-contrast=\"auto\">Quanto \u00e0s irregularidades apontadas pela 3\u00aa ICE, embora se compreenda pela exist\u00eancia de impropriedades, a Inspetoria n\u00e3o prop\u00f4s medidas ressarcit\u00f3rias ou sancionat\u00f3rias, bem como nenhum preju\u00edzo concreto foi identificado ou comprovado. Portanto, entendo que as determina\u00e7\u00f5es impostas s\u00e3o suficientes para que eventuais preju\u00edzos sejam prevenidos.\u00a0<\/span><span data-ccp-props=\"{&quot;201341983&quot;:0,&quot;335551550&quot;:6,&quot;335551620&quot;:6,&quot;335559739&quot;:160,&quot;335559740&quot;:360}\">\u00a0<\/span><\/p>\n<p><span data-contrast=\"auto\">Ante o exposto, os Membros do Tribunal Pleno acompanharam o voto do Relator, a fim de dar conhecimento e parcial provimento do Recurso de Revista apresentado contra o Ac\u00f3rd\u00e3o n\u00ba 2.442\/23 (STP), para que as contas do Instituto \u00c1gua e Terra, em rela\u00e7\u00e3o ao Contrato n\u00ba 08\/2022, sejam julgadas regulares, ressalvados os apontamentos propostos pelo MPC-PR, assim como afastadas as determina\u00e7\u00f5es indicadas no parecer ministerial, mantendo-se as seguintes determina\u00e7\u00f5es ao IAT:<\/span><span data-ccp-props=\"{&quot;201341983&quot;:0,&quot;335551550&quot;:6,&quot;335551620&quot;:6,&quot;335559739&quot;:160,&quot;335559740&quot;:360}\">\u00a0<\/span><\/p>\n<ol>\n<li><span data-contrast=\"auto\">Providencie a Anota\u00e7\u00e3o de Responsabilidade T\u00e9cnica (ART) do \u201cParecer sobre altera\u00e7\u00e3o do cronograma\u201d, de 23 de junho de 2022, elaborado pelo engenheiro Jo\u00e3o Claudio Martins Cassar (CREA\/RJ 199010444-D);<\/span><span data-ccp-props=\"{&quot;201341983&quot;:0,&quot;335551550&quot;:6,&quot;335551620&quot;:6,&quot;335559739&quot;:160,&quot;335559740&quot;:360}\">\u00a0<\/span><\/li>\n<li data-leveltext=\"%1)\" data-font=\"Arial\" data-listid=\"1\" data-list-defn-props=\"{&quot;335552541&quot;:0,&quot;335559685&quot;:720,&quot;335559991&quot;:360,&quot;469769242&quot;:[65533,2],&quot;469777803&quot;:&quot;right&quot;,&quot;469777804&quot;:&quot;%1)&quot;,&quot;469777815&quot;:&quot;hybridMultilevel&quot;}\" aria-setsize=\"-1\" data-aria-posinset=\"2\" data-aria-level=\"1\"><span data-contrast=\"auto\">Complemente o plano de trabalho para que conste a defini\u00e7\u00e3o do prazo de vida \u00fatil, condi\u00e7\u00f5es de manuten\u00e7\u00e3o das estruturas mar\u00edtimas e da faixa de areia, bem como a previs\u00e3o de levantamentos batim\u00e9tricos para avalia\u00e7\u00e3o da perda de sedimentos decorrentes da altera\u00e7\u00e3o proposta pela empresa, com a devida emiss\u00e3o de Anota\u00e7\u00e3o de Responsabilidade T\u00e9cnica (ART);<\/span><span data-ccp-props=\"{&quot;201341983&quot;:0,&quot;335551550&quot;:6,&quot;335551620&quot;:6,&quot;335559739&quot;:160,&quot;335559740&quot;:360}\">\u00a0<\/span><\/li>\n<li data-leveltext=\"%1)\" data-font=\"Arial\" data-listid=\"1\" data-list-defn-props=\"{&quot;335552541&quot;:0,&quot;335559685&quot;:720,&quot;335559991&quot;:360,&quot;469769242&quot;:[65533,2],&quot;469777803&quot;:&quot;right&quot;,&quot;469777804&quot;:&quot;%1)&quot;,&quot;469777815&quot;:&quot;hybridMultilevel&quot;}\" aria-setsize=\"-1\" data-aria-posinset=\"2\" data-aria-level=\"1\"><span data-contrast=\"auto\">Retifique os quantitativos relativos \u00e0s batimetrias atualizadas, validando adequadamente os resultados fornecidos pela contratada, sem preju\u00edzo de apura\u00e7\u00e3o de responsabilidade em caso de erros de planejamento e projeto;<\/span><span data-ccp-props=\"{&quot;201341983&quot;:0,&quot;335551550&quot;:6,&quot;335551620&quot;:6,&quot;335559739&quot;:160,&quot;335559740&quot;:360}\"> ]<\/span><\/li>\n<li data-leveltext=\"%1)\" data-font=\"Arial\" data-listid=\"1\" data-list-defn-props=\"{&quot;335552541&quot;:0,&quot;335559685&quot;:720,&quot;335559991&quot;:360,&quot;469769242&quot;:[65533,2],&quot;469777803&quot;:&quot;right&quot;,&quot;469777804&quot;:&quot;%1)&quot;,&quot;469777815&quot;:&quot;hybridMultilevel&quot;}\" aria-setsize=\"-1\" data-aria-posinset=\"2\" data-aria-level=\"1\"><span data-contrast=\"auto\">Edite Termo Aditivo para formalizar adequadamente as altera\u00e7\u00f5es no Plano de Trabalho, <\/span> <span data-contrast=\"auto\">nos termos do art. 65, II, b, da Lei 8.666\/1993.<\/span><\/li>\n<li data-leveltext=\"%1)\" data-font=\"Arial\" data-listid=\"1\" data-list-defn-props=\"{&quot;335552541&quot;:0,&quot;335559685&quot;:720,&quot;335559991&quot;:360,&quot;469769242&quot;:[65533,2],&quot;469777803&quot;:&quot;right&quot;,&quot;469777804&quot;:&quot;%1)&quot;,&quot;469777815&quot;:&quot;hybridMultilevel&quot;}\" aria-setsize=\"-1\" data-aria-posinset=\"2\" data-aria-level=\"1\"><span data-contrast=\"auto\">Notifique a seguradora do contrato, conforme previs\u00e3o da Cl\u00e1usula Quinta, LCIV, 1 e 3, informando-a das modifica\u00e7\u00f5es realizadas no projeto e na execu\u00e7\u00e3o da obra, aditando o contrato de seguro para que a informa\u00e7\u00e3o seja formalizada;<\/span><\/li>\n<li data-leveltext=\"%1)\" data-font=\"Arial\" data-listid=\"1\" data-list-defn-props=\"{&quot;335552541&quot;:0,&quot;335559685&quot;:720,&quot;335559991&quot;:360,&quot;469769242&quot;:[65533,2],&quot;469777803&quot;:&quot;right&quot;,&quot;469777804&quot;:&quot;%1)&quot;,&quot;469777815&quot;:&quot;hybridMultilevel&quot;}\" aria-setsize=\"-1\" data-aria-posinset=\"2\" data-aria-level=\"1\"><span data-contrast=\"auto\">Apresente relat\u00f3rio detalhado de como foram e tem sido realizadas as medidas mitigat\u00f3rias apresentadas pelo Cons\u00f3rcio Sambaqui na pe\u00e7a 44, ponto V, p. 15-19.<\/span><span data-ccp-props=\"{&quot;201341983&quot;:0,&quot;335551550&quot;:6,&quot;335551620&quot;:6,&quot;335559739&quot;:160,&quot;335559740&quot;:360}\">\u00a0<\/span><\/li>\n<\/ol>\n<p>&nbsp;<\/p>\n<blockquote><p><span style=\"color: #820007;\"><strong><u>Informa\u00e7\u00e3o para consulta processual<\/u><\/strong><\/span><\/p>\n<table style=\"height: 183px;\" border=\"0\" width=\"478\" cellspacing=\"0\" cellpadding=\"0\">\n<tbody>\n<tr>\n<td><strong>Processo n\u00ba<\/strong>:<\/td>\n<td>692827\/23<\/td>\n<\/tr>\n<tr>\n<td><strong>Ac\u00f3rd\u00e3o n\u00ba<\/strong>:<\/td>\n<td><span class=\"NormalTextRun SCXW188288879 BCX0\">Ac\u00f3rd\u00e3o\u00a0 n\u00ba 2053\/24 &#8211; Tribunal Pleno<\/span><\/td>\n<\/tr>\n<tr>\n<td><strong>Assunto<\/strong>:<\/td>\n<td>Recurso de Revista<\/td>\n<\/tr>\n<tr>\n<td><strong>Entidade<\/strong>:<\/td>\n<td><span class=\"TextRun SCXW158052481 BCX0\" lang=\"PT-BR\" xml:lang=\"PT-BR\" data-contrast=\"auto\"><span class=\"NormalTextRun SCXW158052481 BCX0\">Instituto \u00c1gua e Terra (IAT)<\/span><\/span><\/td>\n<\/tr>\n<tr>\n<td><strong>Relator<\/strong>:<\/td>\n<td><span class=\"TextRun SCXW72281638 BCX0\" lang=\"PT-BR\" xml:lang=\"PT-BR\" data-contrast=\"auto\"><span class=\"NormalTextRun SCXW72281638 BCX0\"><span class=\"TextRun SCXW49990095 BCX0\" lang=\"PT-BR\" xml:lang=\"PT-BR\" data-contrast=\"auto\"><span class=\"NormalTextRun SCXW49990095 BCX0\">Conselheiro Fabio de Souza Camargo\u00a0<\/span><\/span><\/span><\/span><\/td>\n<\/tr>\n<\/tbody>\n<\/table>\n<\/blockquote>\n","protected":false},"excerpt":{"rendered":"<p>Acompanhando o opinativo do Minist\u00e9rio P\u00fablico de Contas do Paran\u00e1 (MPC-PR), os membros do Tribunal de Contas do Estado (TCE-PR) deram parcial provimento ao Recurso de Revista apresentado pelo Cons\u00f3rcio Sambaqui, contra o Ac\u00f3rd\u00e3o n\u00b0 2442\/23 do Tribunal Pleno, o qual julgou procedente Tomada de Contas Extraordin\u00e1ria.\u00a0\u00a0 O processo de Tomada de Contas se refere [&hellip;]<\/p>\n","protected":false},"author":1,"featured_media":20963,"comment_status":"open","ping_status":"open","sticky":false,"template":"","format":"standard","meta":{"_monsterinsights_skip_tracking":false,"_monsterinsights_sitenote_active":false,"_monsterinsights_sitenote_note":"","_monsterinsights_sitenote_category":0,"footnotes":""},"categories":[7],"tags":[471,510,13,95,39,71],"class_list":["post-20960","post","type-post","status-publish","format-standard","has-post-thumbnail","hentry","category-todas-as-noticias","tag-iat","tag-matinhos","tag-mpc-pr","tag-recurso-de-revista","tag-tce-pr","tag-tribunal-pleno","entry","has-media"],"yoast_head":"<!-- This site is optimized with the Yoast SEO plugin v27.3 - https:\/\/yoast.com\/product\/yoast-seo-wordpress\/ -->\n<title>Ap\u00f3s Recurso, contas do IAT referentes ao contrato de recupera\u00e7\u00e3o da orla de Matinhos s\u00e3o julgadas regulares com ressalvas - Minist\u00e9rio P\u00fablico de Contas do Estado do Paran\u00e1<\/title>\n<meta name=\"robots\" content=\"index, follow, max-snippet:-1, max-image-preview:large, max-video-preview:-1\" \/>\n<link rel=\"canonical\" href=\"https:\/\/www.mpc.pr.gov.br\/index.php\/apos-recurso-contas-do-iat-referentes-ao-contrato-de-recuperacao-da-orla-de-matinhos-sao-julgadas-regulares-com-ressalvas\/\" \/>\n<meta property=\"og:locale\" content=\"pt_BR\" \/>\n<meta property=\"og:type\" content=\"article\" \/>\n<meta property=\"og:title\" content=\"Ap\u00f3s Recurso, contas do IAT referentes ao contrato de recupera\u00e7\u00e3o da orla de Matinhos s\u00e3o julgadas regulares com ressalvas - Minist\u00e9rio P\u00fablico de Contas do Estado do Paran\u00e1\" \/>\n<meta property=\"og:description\" content=\"Acompanhando o opinativo do Minist\u00e9rio P\u00fablico de Contas do Paran\u00e1 (MPC-PR), os membros do Tribunal de Contas do Estado (TCE-PR) deram parcial provimento ao Recurso de Revista apresentado pelo Cons\u00f3rcio Sambaqui, contra o Ac\u00f3rd\u00e3o n\u00b0 2442\/23 do Tribunal Pleno, o qual julgou procedente Tomada de Contas Extraordin\u00e1ria.\u00a0\u00a0 O processo de Tomada de Contas se refere [&hellip;]\" \/>\n<meta property=\"og:url\" content=\"https:\/\/www.mpc.pr.gov.br\/index.php\/apos-recurso-contas-do-iat-referentes-ao-contrato-de-recuperacao-da-orla-de-matinhos-sao-julgadas-regulares-com-ressalvas\/\" \/>\n<meta property=\"og:site_name\" content=\"Minist\u00e9rio P\u00fablico de Contas do Estado do Paran\u00e1\" \/>\n<meta property=\"article:publisher\" content=\"https:\/\/www.facebook.com\/mpc.pr\" \/>\n<meta property=\"article:published_time\" content=\"2024-07-30T13:21:50+00:00\" \/>\n<meta property=\"article:modified_time\" content=\"2024-08-13T15:43:52+00:00\" \/>\n<meta property=\"og:image\" content=\"https:\/\/www.mpc.pr.gov.br\/wp-content\/uploads\/2024\/07\/orla-de-matinhos-scaled-e1722280600863.jpg\" \/>\n\t<meta property=\"og:image:width\" content=\"580\" \/>\n\t<meta property=\"og:image:height\" content=\"387\" \/>\n\t<meta property=\"og:image:type\" content=\"image\/jpeg\" \/>\n<meta name=\"author\" content=\"mpcontaspr\" \/>\n<meta name=\"twitter:card\" content=\"summary_large_image\" \/>\n<meta name=\"twitter:label1\" content=\"Escrito por\" \/>\n\t<meta name=\"twitter:data1\" content=\"mpcontaspr\" \/>\n\t<meta name=\"twitter:label2\" content=\"Est. tempo de leitura\" \/>\n\t<meta name=\"twitter:data2\" content=\"10 minutos\" \/>\n<script type=\"application\/ld+json\" class=\"yoast-schema-graph\">{\"@context\":\"https:\\\/\\\/schema.org\",\"@graph\":[{\"@type\":\"Article\",\"@id\":\"https:\\\/\\\/www.mpc.pr.gov.br\\\/index.php\\\/apos-recurso-contas-do-iat-referentes-ao-contrato-de-recuperacao-da-orla-de-matinhos-sao-julgadas-regulares-com-ressalvas\\\/#article\",\"isPartOf\":{\"@id\":\"https:\\\/\\\/www.mpc.pr.gov.br\\\/index.php\\\/apos-recurso-contas-do-iat-referentes-ao-contrato-de-recuperacao-da-orla-de-matinhos-sao-julgadas-regulares-com-ressalvas\\\/\"},\"author\":{\"name\":\"mpcontaspr\",\"@id\":\"https:\\\/\\\/www.mpc.pr.gov.br\\\/#\\\/schema\\\/person\\\/2d83cb8980538d0ec174e8a6284f5e11\"},\"headline\":\"Ap\u00f3s Recurso, contas do IAT referentes ao contrato de recupera\u00e7\u00e3o da orla de Matinhos s\u00e3o julgadas regulares com ressalvas\",\"datePublished\":\"2024-07-30T13:21:50+00:00\",\"dateModified\":\"2024-08-13T15:43:52+00:00\",\"mainEntityOfPage\":{\"@id\":\"https:\\\/\\\/www.mpc.pr.gov.br\\\/index.php\\\/apos-recurso-contas-do-iat-referentes-ao-contrato-de-recuperacao-da-orla-de-matinhos-sao-julgadas-regulares-com-ressalvas\\\/\"},\"wordCount\":1868,\"commentCount\":1,\"publisher\":{\"@id\":\"https:\\\/\\\/www.mpc.pr.gov.br\\\/#organization\"},\"image\":{\"@id\":\"https:\\\/\\\/www.mpc.pr.gov.br\\\/index.php\\\/apos-recurso-contas-do-iat-referentes-ao-contrato-de-recuperacao-da-orla-de-matinhos-sao-julgadas-regulares-com-ressalvas\\\/#primaryimage\"},\"thumbnailUrl\":\"https:\\\/\\\/www.mpc.pr.gov.br\\\/wp-content\\\/uploads\\\/2024\\\/07\\\/orla-de-matinhos-scaled-e1722280600863.jpg\",\"keywords\":[\"IAT\",\"Matinhos\",\"MPC-PR\",\"Recurso de Revista\",\"TCE-PR\",\"Tribunal Pleno\"],\"articleSection\":[\"Todas as not\u00edcias\"],\"inLanguage\":\"pt-BR\",\"potentialAction\":[{\"@type\":\"CommentAction\",\"name\":\"Comment\",\"target\":[\"https:\\\/\\\/www.mpc.pr.gov.br\\\/index.php\\\/apos-recurso-contas-do-iat-referentes-ao-contrato-de-recuperacao-da-orla-de-matinhos-sao-julgadas-regulares-com-ressalvas\\\/#respond\"]}]},{\"@type\":\"WebPage\",\"@id\":\"https:\\\/\\\/www.mpc.pr.gov.br\\\/index.php\\\/apos-recurso-contas-do-iat-referentes-ao-contrato-de-recuperacao-da-orla-de-matinhos-sao-julgadas-regulares-com-ressalvas\\\/\",\"url\":\"https:\\\/\\\/www.mpc.pr.gov.br\\\/index.php\\\/apos-recurso-contas-do-iat-referentes-ao-contrato-de-recuperacao-da-orla-de-matinhos-sao-julgadas-regulares-com-ressalvas\\\/\",\"name\":\"Ap\u00f3s Recurso, contas do IAT referentes ao contrato de recupera\u00e7\u00e3o da orla de Matinhos s\u00e3o julgadas regulares com ressalvas - Minist\u00e9rio P\u00fablico de Contas do Estado do Paran\u00e1\",\"isPartOf\":{\"@id\":\"https:\\\/\\\/www.mpc.pr.gov.br\\\/#website\"},\"primaryImageOfPage\":{\"@id\":\"https:\\\/\\\/www.mpc.pr.gov.br\\\/index.php\\\/apos-recurso-contas-do-iat-referentes-ao-contrato-de-recuperacao-da-orla-de-matinhos-sao-julgadas-regulares-com-ressalvas\\\/#primaryimage\"},\"image\":{\"@id\":\"https:\\\/\\\/www.mpc.pr.gov.br\\\/index.php\\\/apos-recurso-contas-do-iat-referentes-ao-contrato-de-recuperacao-da-orla-de-matinhos-sao-julgadas-regulares-com-ressalvas\\\/#primaryimage\"},\"thumbnailUrl\":\"https:\\\/\\\/www.mpc.pr.gov.br\\\/wp-content\\\/uploads\\\/2024\\\/07\\\/orla-de-matinhos-scaled-e1722280600863.jpg\",\"datePublished\":\"2024-07-30T13:21:50+00:00\",\"dateModified\":\"2024-08-13T15:43:52+00:00\",\"breadcrumb\":{\"@id\":\"https:\\\/\\\/www.mpc.pr.gov.br\\\/index.php\\\/apos-recurso-contas-do-iat-referentes-ao-contrato-de-recuperacao-da-orla-de-matinhos-sao-julgadas-regulares-com-ressalvas\\\/#breadcrumb\"},\"inLanguage\":\"pt-BR\",\"potentialAction\":[{\"@type\":\"ReadAction\",\"target\":[\"https:\\\/\\\/www.mpc.pr.gov.br\\\/index.php\\\/apos-recurso-contas-do-iat-referentes-ao-contrato-de-recuperacao-da-orla-de-matinhos-sao-julgadas-regulares-com-ressalvas\\\/\"]}]},{\"@type\":\"ImageObject\",\"inLanguage\":\"pt-BR\",\"@id\":\"https:\\\/\\\/www.mpc.pr.gov.br\\\/index.php\\\/apos-recurso-contas-do-iat-referentes-ao-contrato-de-recuperacao-da-orla-de-matinhos-sao-julgadas-regulares-com-ressalvas\\\/#primaryimage\",\"url\":\"https:\\\/\\\/www.mpc.pr.gov.br\\\/wp-content\\\/uploads\\\/2024\\\/07\\\/orla-de-matinhos-scaled-e1722280600863.jpg\",\"contentUrl\":\"https:\\\/\\\/www.mpc.pr.gov.br\\\/wp-content\\\/uploads\\\/2024\\\/07\\\/orla-de-matinhos-scaled-e1722280600863.jpg\",\"width\":580,\"height\":387,\"caption\":\"Obras de engorda da orla de Matinhos, no Balne\u00e1ria Caiob\u00e1, no litoral paranaense. Foto: divulga\u00e7\u00e3o.\"},{\"@type\":\"BreadcrumbList\",\"@id\":\"https:\\\/\\\/www.mpc.pr.gov.br\\\/index.php\\\/apos-recurso-contas-do-iat-referentes-ao-contrato-de-recuperacao-da-orla-de-matinhos-sao-julgadas-regulares-com-ressalvas\\\/#breadcrumb\",\"itemListElement\":[{\"@type\":\"ListItem\",\"position\":1,\"name\":\"In\u00edcio\",\"item\":\"https:\\\/\\\/www.mpc.pr.gov.br\\\/\"},{\"@type\":\"ListItem\",\"position\":2,\"name\":\"Ap\u00f3s Recurso, contas do IAT referentes ao contrato de recupera\u00e7\u00e3o da orla de Matinhos s\u00e3o julgadas regulares com ressalvas\"}]},{\"@type\":\"WebSite\",\"@id\":\"https:\\\/\\\/www.mpc.pr.gov.br\\\/#website\",\"url\":\"https:\\\/\\\/www.mpc.pr.gov.br\\\/\",\"name\":\"Minist\u00e9rio P\u00fablico de Contas do Estado do Paran\u00e1\",\"description\":\"\",\"publisher\":{\"@id\":\"https:\\\/\\\/www.mpc.pr.gov.br\\\/#organization\"},\"potentialAction\":[{\"@type\":\"SearchAction\",\"target\":{\"@type\":\"EntryPoint\",\"urlTemplate\":\"https:\\\/\\\/www.mpc.pr.gov.br\\\/?s={search_term_string}\"},\"query-input\":{\"@type\":\"PropertyValueSpecification\",\"valueRequired\":true,\"valueName\":\"search_term_string\"}}],\"inLanguage\":\"pt-BR\"},{\"@type\":\"Organization\",\"@id\":\"https:\\\/\\\/www.mpc.pr.gov.br\\\/#organization\",\"name\":\"Minist\u00e9rio P\u00fablico de Contas do Estado do Paran\u00e1\",\"url\":\"https:\\\/\\\/www.mpc.pr.gov.br\\\/\",\"logo\":{\"@type\":\"ImageObject\",\"inLanguage\":\"pt-BR\",\"@id\":\"https:\\\/\\\/www.mpc.pr.gov.br\\\/#\\\/schema\\\/logo\\\/image\\\/\",\"url\":\"https:\\\/\\\/www.mpc.pr.gov.br\\\/wp-content\\\/uploads\\\/2020\\\/06\\\/99423647_1593460364143890_6706793420720963584_n-1-e1591387983167.png\",\"contentUrl\":\"https:\\\/\\\/www.mpc.pr.gov.br\\\/wp-content\\\/uploads\\\/2020\\\/06\\\/99423647_1593460364143890_6706793420720963584_n-1-e1591387983167.png\",\"width\":243,\"height\":73,\"caption\":\"Minist\u00e9rio P\u00fablico de Contas do Estado do Paran\u00e1\"},\"image\":{\"@id\":\"https:\\\/\\\/www.mpc.pr.gov.br\\\/#\\\/schema\\\/logo\\\/image\\\/\"},\"sameAs\":[\"https:\\\/\\\/www.facebook.com\\\/mpc.pr\",\"https:\\\/\\\/www.instagram.com\\\/mpc.pr\\\/?hl=pt-br\",\"https:\\\/\\\/www.youtube.com\\\/channel\\\/UCHri5oEM8DV0ztX57E0sBSw\"]},{\"@type\":\"Person\",\"@id\":\"https:\\\/\\\/www.mpc.pr.gov.br\\\/#\\\/schema\\\/person\\\/2d83cb8980538d0ec174e8a6284f5e11\",\"name\":\"mpcontaspr\",\"image\":{\"@type\":\"ImageObject\",\"inLanguage\":\"pt-BR\",\"@id\":\"https:\\\/\\\/secure.gravatar.com\\\/avatar\\\/1aef51541db7622e05fd639336c9c9f312c2a618396e2b6ca96846362fc5403f?s=96&d=mm&r=g\",\"url\":\"https:\\\/\\\/secure.gravatar.com\\\/avatar\\\/1aef51541db7622e05fd639336c9c9f312c2a618396e2b6ca96846362fc5403f?s=96&d=mm&r=g\",\"contentUrl\":\"https:\\\/\\\/secure.gravatar.com\\\/avatar\\\/1aef51541db7622e05fd639336c9c9f312c2a618396e2b6ca96846362fc5403f?s=96&d=mm&r=g\",\"caption\":\"mpcontaspr\"},\"sameAs\":[\"http:\\\/\\\/www.mpc.pr.gov.br\"]}]}<\/script>\n<!-- \/ Yoast SEO plugin. -->","yoast_head_json":{"title":"Ap\u00f3s Recurso, contas do IAT referentes ao contrato de recupera\u00e7\u00e3o da orla de Matinhos s\u00e3o julgadas regulares com ressalvas - Minist\u00e9rio P\u00fablico de Contas do Estado do Paran\u00e1","robots":{"index":"index","follow":"follow","max-snippet":"max-snippet:-1","max-image-preview":"max-image-preview:large","max-video-preview":"max-video-preview:-1"},"canonical":"https:\/\/www.mpc.pr.gov.br\/index.php\/apos-recurso-contas-do-iat-referentes-ao-contrato-de-recuperacao-da-orla-de-matinhos-sao-julgadas-regulares-com-ressalvas\/","og_locale":"pt_BR","og_type":"article","og_title":"Ap\u00f3s Recurso, contas do IAT referentes ao contrato de recupera\u00e7\u00e3o da orla de Matinhos s\u00e3o julgadas regulares com ressalvas - Minist\u00e9rio P\u00fablico de Contas do Estado do Paran\u00e1","og_description":"Acompanhando o opinativo do Minist\u00e9rio P\u00fablico de Contas do Paran\u00e1 (MPC-PR), os membros do Tribunal de Contas do Estado (TCE-PR) deram parcial provimento ao Recurso de Revista apresentado pelo Cons\u00f3rcio Sambaqui, contra o Ac\u00f3rd\u00e3o n\u00b0 2442\/23 do Tribunal Pleno, o qual julgou procedente Tomada de Contas Extraordin\u00e1ria.\u00a0\u00a0 O processo de Tomada de Contas se refere [&hellip;]","og_url":"https:\/\/www.mpc.pr.gov.br\/index.php\/apos-recurso-contas-do-iat-referentes-ao-contrato-de-recuperacao-da-orla-de-matinhos-sao-julgadas-regulares-com-ressalvas\/","og_site_name":"Minist\u00e9rio P\u00fablico de Contas do Estado do Paran\u00e1","article_publisher":"https:\/\/www.facebook.com\/mpc.pr","article_published_time":"2024-07-30T13:21:50+00:00","article_modified_time":"2024-08-13T15:43:52+00:00","og_image":[{"width":580,"height":387,"url":"https:\/\/www.mpc.pr.gov.br\/wp-content\/uploads\/2024\/07\/orla-de-matinhos-scaled-e1722280600863.jpg","type":"image\/jpeg"}],"author":"mpcontaspr","twitter_card":"summary_large_image","twitter_misc":{"Escrito por":"mpcontaspr","Est. tempo de leitura":"10 minutos"},"schema":{"@context":"https:\/\/schema.org","@graph":[{"@type":"Article","@id":"https:\/\/www.mpc.pr.gov.br\/index.php\/apos-recurso-contas-do-iat-referentes-ao-contrato-de-recuperacao-da-orla-de-matinhos-sao-julgadas-regulares-com-ressalvas\/#article","isPartOf":{"@id":"https:\/\/www.mpc.pr.gov.br\/index.php\/apos-recurso-contas-do-iat-referentes-ao-contrato-de-recuperacao-da-orla-de-matinhos-sao-julgadas-regulares-com-ressalvas\/"},"author":{"name":"mpcontaspr","@id":"https:\/\/www.mpc.pr.gov.br\/#\/schema\/person\/2d83cb8980538d0ec174e8a6284f5e11"},"headline":"Ap\u00f3s Recurso, contas do IAT referentes ao contrato de recupera\u00e7\u00e3o da orla de Matinhos s\u00e3o julgadas regulares com ressalvas","datePublished":"2024-07-30T13:21:50+00:00","dateModified":"2024-08-13T15:43:52+00:00","mainEntityOfPage":{"@id":"https:\/\/www.mpc.pr.gov.br\/index.php\/apos-recurso-contas-do-iat-referentes-ao-contrato-de-recuperacao-da-orla-de-matinhos-sao-julgadas-regulares-com-ressalvas\/"},"wordCount":1868,"commentCount":1,"publisher":{"@id":"https:\/\/www.mpc.pr.gov.br\/#organization"},"image":{"@id":"https:\/\/www.mpc.pr.gov.br\/index.php\/apos-recurso-contas-do-iat-referentes-ao-contrato-de-recuperacao-da-orla-de-matinhos-sao-julgadas-regulares-com-ressalvas\/#primaryimage"},"thumbnailUrl":"https:\/\/www.mpc.pr.gov.br\/wp-content\/uploads\/2024\/07\/orla-de-matinhos-scaled-e1722280600863.jpg","keywords":["IAT","Matinhos","MPC-PR","Recurso de Revista","TCE-PR","Tribunal Pleno"],"articleSection":["Todas as not\u00edcias"],"inLanguage":"pt-BR","potentialAction":[{"@type":"CommentAction","name":"Comment","target":["https:\/\/www.mpc.pr.gov.br\/index.php\/apos-recurso-contas-do-iat-referentes-ao-contrato-de-recuperacao-da-orla-de-matinhos-sao-julgadas-regulares-com-ressalvas\/#respond"]}]},{"@type":"WebPage","@id":"https:\/\/www.mpc.pr.gov.br\/index.php\/apos-recurso-contas-do-iat-referentes-ao-contrato-de-recuperacao-da-orla-de-matinhos-sao-julgadas-regulares-com-ressalvas\/","url":"https:\/\/www.mpc.pr.gov.br\/index.php\/apos-recurso-contas-do-iat-referentes-ao-contrato-de-recuperacao-da-orla-de-matinhos-sao-julgadas-regulares-com-ressalvas\/","name":"Ap\u00f3s Recurso, contas do IAT referentes ao contrato de recupera\u00e7\u00e3o da orla de Matinhos s\u00e3o julgadas regulares com ressalvas - Minist\u00e9rio P\u00fablico de Contas do Estado do Paran\u00e1","isPartOf":{"@id":"https:\/\/www.mpc.pr.gov.br\/#website"},"primaryImageOfPage":{"@id":"https:\/\/www.mpc.pr.gov.br\/index.php\/apos-recurso-contas-do-iat-referentes-ao-contrato-de-recuperacao-da-orla-de-matinhos-sao-julgadas-regulares-com-ressalvas\/#primaryimage"},"image":{"@id":"https:\/\/www.mpc.pr.gov.br\/index.php\/apos-recurso-contas-do-iat-referentes-ao-contrato-de-recuperacao-da-orla-de-matinhos-sao-julgadas-regulares-com-ressalvas\/#primaryimage"},"thumbnailUrl":"https:\/\/www.mpc.pr.gov.br\/wp-content\/uploads\/2024\/07\/orla-de-matinhos-scaled-e1722280600863.jpg","datePublished":"2024-07-30T13:21:50+00:00","dateModified":"2024-08-13T15:43:52+00:00","breadcrumb":{"@id":"https:\/\/www.mpc.pr.gov.br\/index.php\/apos-recurso-contas-do-iat-referentes-ao-contrato-de-recuperacao-da-orla-de-matinhos-sao-julgadas-regulares-com-ressalvas\/#breadcrumb"},"inLanguage":"pt-BR","potentialAction":[{"@type":"ReadAction","target":["https:\/\/www.mpc.pr.gov.br\/index.php\/apos-recurso-contas-do-iat-referentes-ao-contrato-de-recuperacao-da-orla-de-matinhos-sao-julgadas-regulares-com-ressalvas\/"]}]},{"@type":"ImageObject","inLanguage":"pt-BR","@id":"https:\/\/www.mpc.pr.gov.br\/index.php\/apos-recurso-contas-do-iat-referentes-ao-contrato-de-recuperacao-da-orla-de-matinhos-sao-julgadas-regulares-com-ressalvas\/#primaryimage","url":"https:\/\/www.mpc.pr.gov.br\/wp-content\/uploads\/2024\/07\/orla-de-matinhos-scaled-e1722280600863.jpg","contentUrl":"https:\/\/www.mpc.pr.gov.br\/wp-content\/uploads\/2024\/07\/orla-de-matinhos-scaled-e1722280600863.jpg","width":580,"height":387,"caption":"Obras de engorda da orla de Matinhos, no Balne\u00e1ria Caiob\u00e1, no litoral paranaense. Foto: divulga\u00e7\u00e3o."},{"@type":"BreadcrumbList","@id":"https:\/\/www.mpc.pr.gov.br\/index.php\/apos-recurso-contas-do-iat-referentes-ao-contrato-de-recuperacao-da-orla-de-matinhos-sao-julgadas-regulares-com-ressalvas\/#breadcrumb","itemListElement":[{"@type":"ListItem","position":1,"name":"In\u00edcio","item":"https:\/\/www.mpc.pr.gov.br\/"},{"@type":"ListItem","position":2,"name":"Ap\u00f3s Recurso, contas do IAT referentes ao contrato de recupera\u00e7\u00e3o da orla de Matinhos s\u00e3o julgadas regulares com ressalvas"}]},{"@type":"WebSite","@id":"https:\/\/www.mpc.pr.gov.br\/#website","url":"https:\/\/www.mpc.pr.gov.br\/","name":"Minist\u00e9rio P\u00fablico de Contas do Estado do Paran\u00e1","description":"","publisher":{"@id":"https:\/\/www.mpc.pr.gov.br\/#organization"},"potentialAction":[{"@type":"SearchAction","target":{"@type":"EntryPoint","urlTemplate":"https:\/\/www.mpc.pr.gov.br\/?s={search_term_string}"},"query-input":{"@type":"PropertyValueSpecification","valueRequired":true,"valueName":"search_term_string"}}],"inLanguage":"pt-BR"},{"@type":"Organization","@id":"https:\/\/www.mpc.pr.gov.br\/#organization","name":"Minist\u00e9rio P\u00fablico de Contas do Estado do Paran\u00e1","url":"https:\/\/www.mpc.pr.gov.br\/","logo":{"@type":"ImageObject","inLanguage":"pt-BR","@id":"https:\/\/www.mpc.pr.gov.br\/#\/schema\/logo\/image\/","url":"https:\/\/www.mpc.pr.gov.br\/wp-content\/uploads\/2020\/06\/99423647_1593460364143890_6706793420720963584_n-1-e1591387983167.png","contentUrl":"https:\/\/www.mpc.pr.gov.br\/wp-content\/uploads\/2020\/06\/99423647_1593460364143890_6706793420720963584_n-1-e1591387983167.png","width":243,"height":73,"caption":"Minist\u00e9rio P\u00fablico de Contas do Estado do Paran\u00e1"},"image":{"@id":"https:\/\/www.mpc.pr.gov.br\/#\/schema\/logo\/image\/"},"sameAs":["https:\/\/www.facebook.com\/mpc.pr","https:\/\/www.instagram.com\/mpc.pr\/?hl=pt-br","https:\/\/www.youtube.com\/channel\/UCHri5oEM8DV0ztX57E0sBSw"]},{"@type":"Person","@id":"https:\/\/www.mpc.pr.gov.br\/#\/schema\/person\/2d83cb8980538d0ec174e8a6284f5e11","name":"mpcontaspr","image":{"@type":"ImageObject","inLanguage":"pt-BR","@id":"https:\/\/secure.gravatar.com\/avatar\/1aef51541db7622e05fd639336c9c9f312c2a618396e2b6ca96846362fc5403f?s=96&d=mm&r=g","url":"https:\/\/secure.gravatar.com\/avatar\/1aef51541db7622e05fd639336c9c9f312c2a618396e2b6ca96846362fc5403f?s=96&d=mm&r=g","contentUrl":"https:\/\/secure.gravatar.com\/avatar\/1aef51541db7622e05fd639336c9c9f312c2a618396e2b6ca96846362fc5403f?s=96&d=mm&r=g","caption":"mpcontaspr"},"sameAs":["http:\/\/www.mpc.pr.gov.br"]}]}},"rttpg_featured_image_url":{"full":["https:\/\/www.mpc.pr.gov.br\/wp-content\/uploads\/2024\/07\/orla-de-matinhos-scaled-e1722280600863.jpg",580,387,false],"landscape":["https:\/\/www.mpc.pr.gov.br\/wp-content\/uploads\/2024\/07\/orla-de-matinhos-scaled-e1722280600863.jpg",580,387,false],"portraits":["https:\/\/www.mpc.pr.gov.br\/wp-content\/uploads\/2024\/07\/orla-de-matinhos-scaled-e1722280600863.jpg",580,387,false],"thumbnail":["https:\/\/www.mpc.pr.gov.br\/wp-content\/uploads\/2024\/07\/orla-de-matinhos-150x150.jpg",150,150,true],"medium":["https:\/\/www.mpc.pr.gov.br\/wp-content\/uploads\/2024\/07\/orla-de-matinhos-300x200.jpg",300,200,true],"large":["https:\/\/www.mpc.pr.gov.br\/wp-content\/uploads\/2024\/07\/orla-de-matinhos-1024x683.jpg",1024,683,true],"1536x1536":["https:\/\/www.mpc.pr.gov.br\/wp-content\/uploads\/2024\/07\/orla-de-matinhos-1536x1024.jpg",1536,1024,true],"2048x2048":["https:\/\/www.mpc.pr.gov.br\/wp-content\/uploads\/2024\/07\/orla-de-matinhos-2048x1365.jpg",2048,1365,true],"ocean-thumb-m":["https:\/\/www.mpc.pr.gov.br\/wp-content\/uploads\/2024\/07\/orla-de-matinhos-600x600.jpg",600,600,true],"ocean-thumb-ml":["https:\/\/www.mpc.pr.gov.br\/wp-content\/uploads\/2024\/07\/orla-de-matinhos-800x450.jpg",800,450,true],"ocean-thumb-l":["https:\/\/www.mpc.pr.gov.br\/wp-content\/uploads\/2024\/07\/orla-de-matinhos-1200x700.jpg",1200,700,true]},"rttpg_author":{"display_name":"mpcontaspr","author_link":"https:\/\/www.mpc.pr.gov.br\/index.php\/author\/mpcontaspr\/"},"rttpg_comment":1,"rttpg_category":"<a href=\"https:\/\/www.mpc.pr.gov.br\/index.php\/category\/todas-as-noticias\/\" rel=\"category tag\">Todas as not\u00edcias<\/a>","rttpg_excerpt":"Acompanhando o opinativo do Minist\u00e9rio P\u00fablico de Contas do Paran\u00e1 (MPC-PR), os membros do Tribunal de Contas do Estado (TCE-PR) deram parcial provimento ao Recurso de Revista apresentado pelo Cons\u00f3rcio Sambaqui, contra o Ac\u00f3rd\u00e3o n\u00b0 2442\/23 do Tribunal Pleno, o qual julgou procedente Tomada de Contas Extraordin\u00e1ria.\u00a0\u00a0 O processo de Tomada de Contas se refere&hellip;","_links":{"self":[{"href":"https:\/\/www.mpc.pr.gov.br\/index.php\/wp-json\/wp\/v2\/posts\/20960","targetHints":{"allow":["GET"]}}],"collection":[{"href":"https:\/\/www.mpc.pr.gov.br\/index.php\/wp-json\/wp\/v2\/posts"}],"about":[{"href":"https:\/\/www.mpc.pr.gov.br\/index.php\/wp-json\/wp\/v2\/types\/post"}],"author":[{"embeddable":true,"href":"https:\/\/www.mpc.pr.gov.br\/index.php\/wp-json\/wp\/v2\/users\/1"}],"replies":[{"embeddable":true,"href":"https:\/\/www.mpc.pr.gov.br\/index.php\/wp-json\/wp\/v2\/comments?post=20960"}],"version-history":[{"count":3,"href":"https:\/\/www.mpc.pr.gov.br\/index.php\/wp-json\/wp\/v2\/posts\/20960\/revisions"}],"predecessor-version":[{"id":20968,"href":"https:\/\/www.mpc.pr.gov.br\/index.php\/wp-json\/wp\/v2\/posts\/20960\/revisions\/20968"}],"wp:featuredmedia":[{"embeddable":true,"href":"https:\/\/www.mpc.pr.gov.br\/index.php\/wp-json\/wp\/v2\/media\/20963"}],"wp:attachment":[{"href":"https:\/\/www.mpc.pr.gov.br\/index.php\/wp-json\/wp\/v2\/media?parent=20960"}],"wp:term":[{"taxonomy":"category","embeddable":true,"href":"https:\/\/www.mpc.pr.gov.br\/index.php\/wp-json\/wp\/v2\/categories?post=20960"},{"taxonomy":"post_tag","embeddable":true,"href":"https:\/\/www.mpc.pr.gov.br\/index.php\/wp-json\/wp\/v2\/tags?post=20960"}],"curies":[{"name":"wp","href":"https:\/\/api.w.org\/{rel}","templated":true}]}}