{"id":20977,"date":"2024-07-31T16:33:47","date_gmt":"2024-07-31T19:33:47","guid":{"rendered":"https:\/\/www.mpc.pr.gov.br\/?p=20977"},"modified":"2024-08-20T08:46:05","modified_gmt":"2024-08-20T11:46:05","slug":"umuarama-transicao-em-prefeituras-e-destaque-de-oficina-sobre-fim-de-mandato","status":"publish","type":"post","link":"https:\/\/www.mpc.pr.gov.br\/index.php\/umuarama-transicao-em-prefeituras-e-destaque-de-oficina-sobre-fim-de-mandato\/","title":{"rendered":"Umuarama: transi\u00e7\u00e3o em prefeituras \u00e9 destaque de oficina sobre fim de mandato"},"content":{"rendered":"<figure id=\"attachment_20978\" aria-describedby=\"caption-attachment-20978\" style=\"width: 300px\" class=\"wp-caption alignleft\"><img fetchpriority=\"high\" decoding=\"async\" class=\"size-medium wp-image-20978\" src=\"https:\/\/www.mpc.pr.gov.br\/wp-content\/uploads\/2024\/07\/FOTO-OFICINA-UMUARAMA-JULHO-2024-300x230.jpg\" alt=\"\" width=\"300\" height=\"230\" srcset=\"https:\/\/www.mpc.pr.gov.br\/wp-content\/uploads\/2024\/07\/FOTO-OFICINA-UMUARAMA-JULHO-2024-300x230.jpg 300w, https:\/\/www.mpc.pr.gov.br\/wp-content\/uploads\/2024\/07\/FOTO-OFICINA-UMUARAMA-JULHO-2024.jpg 640w\" sizes=\"(max-width: 300px) 100vw, 300px\" \/><figcaption id=\"caption-attachment-20978\" class=\"wp-caption-text\">O Procurador-Geral do MPC-PR, Gabriel Guy L\u00e9ger, ministra a capacita\u00e7\u00e3o Veda\u00e7\u00f5es em Per\u00edodo Eleitoral e Encerramento de Mandato, em Umuarama. Foto: Marcelo Lancia\/TCE-PR<\/figcaption><\/figure>\n<p>Entre os diversos temas apresentados na capacita\u00e7\u00e3o sobre\u00a0<em>Veda\u00e7\u00f5es em Per\u00edodo Eleitoral e Encerramento de Mandato<\/em>, promovida pela Escola de Gest\u00e3o P\u00fablica do Tribunal de Contas do Estado do Paran\u00e1 (TCE-PR), em Umuarama (Regi\u00e3o Noroeste), nesta ter\u00e7a-feira (30 de julho), a transi\u00e7\u00e3o de gest\u00e3o no Executivo Municipal foi destacada como um dos principais atos do encerramento do mandato de prefeito. No pr\u00f3ximo m\u00eas de outubro ser\u00e3o realizadas elei\u00e7\u00f5es para prefeito e vereadores dos 399 munic\u00edpios paranaenses para o quadri\u00eanio 2025-2028.<\/p>\n<p>&#8220;Em muitas prefeituras pode haver uma altern\u00e2ncia de poder. Ent\u00e3o \u00e9 importante que a equipe que vem n\u00e3o tenha surpresas. Que tenha conhecimento da real situa\u00e7\u00e3o em que o munic\u00edpio se encontra. Que saiba os compromissos do munic\u00edpio nas \u00e1reas de sa\u00fade, educa\u00e7\u00e3o e assist\u00eancia social, por exemplo. Enfim, todo o planejamento necess\u00e1rio para ter uma gest\u00e3o voltada ao cidad\u00e3o&#8221;, explicou o Procurador-Geral do Minist\u00e9rio P\u00fablico de Contas (MPC-PR), Gabriel Guy L\u00e9ger. Ele ministrou palestra sobre o assunto para cerca de 330 gestores e servidores p\u00fablicos reunidos no Centro de Eventos Prefeito Alexandre Ceranto.<\/p>\n<p>L\u00e9ger tamb\u00e9m alertou os participantes para prestar aten\u00e7\u00e3o ao cumprimento do Plano Plurianual, aprovado neste ano, mas que ser\u00e1 posto em pr\u00e1tica somente na pr\u00f3xima gest\u00e3o, al\u00e9m da responsabilidade sobre a Presta\u00e7\u00e3o de Contas Municipal (PCA), um dos atos do administrador p\u00fablico que passa pela fiscaliza\u00e7\u00e3o do TCE-PR e do MPC-PR.<\/p>\n<p>Para o prefeito de Umuarama, Celso Pozzobom, a orienta\u00e7\u00e3o do TCE-PR traz seguran\u00e7a para os gestores p\u00fablicos atuarem neste final de mandato. &#8220;O Tribunal, com esse contato direto, permite que n\u00f3s, gestores, possamos interagir, esclarecendo d\u00favidas e sair das capacita\u00e7\u00f5es bem esclarecidos, assim encerrando a gest\u00e3o com tranquilidade&#8221;, frisou.<\/p>\n<p>J\u00e1 o controlador interno do Munic\u00edpio de Umuarama, Daniel Dutra de Souza, classificou a iniciativa da EGP como uma oportunidade de esclarecer as principais d\u00favidas sobre as normativas legais, al\u00e9m de ajudar a estruturar a transi\u00e7\u00e3o. &#8220;\u00c9 fundamental ter contato com esse \u00f3rg\u00e3o de controle externo, que nos passa as diretrizes fundamentadas na legisla\u00e7\u00e3o, visando orientar os gestores e sempre levar a administra\u00e7\u00e3o p\u00fablica para o caminho correto dos princ\u00edpios constitucionais&#8221;, afirmou Souza.<\/p>\n<p>Al\u00e9m da Lei Eleitoral (Lei n\u00ba 9.504\/1997), outro t\u00f3pico do evento foi a Lei de Responsabilidade Fiscal (Lei n\u00ba 101\/2000), cuja apresenta\u00e7\u00e3o ficou a cargo do auditor de controle externo do Tribunal Mario Ant\u00f4nio Cecato. \u00a0Durante sua palestra, Cecato destacou alguns artigos da LRF e falou da import\u00e2ncia da programa\u00e7\u00e3o financeira estruturada em tr\u00eas pilares: garantir recursos \u00e0 execu\u00e7\u00e3o da programa\u00e7\u00e3o or\u00e7ament\u00e1ria; equil\u00edbrio financeiro que n\u00e3o impacte no exerc\u00edcio seguinte; e ajuste do ritmo de execu\u00e7\u00e3o ao fluxo de caixa do tesouro municipal. &#8220;Seguindo essas diretrizes n\u00e3o haver\u00e1 problema em final de mandato&#8221;, assegurou.<\/p>\n<p>Desde o in\u00edcio deste ano, o curso\u00a0<em>Veda\u00e7\u00f5es em Per\u00edodo Eleitoral e Encerramento de Mandato<\/em>\u00a0j\u00e1 teve edi\u00e7\u00f5es em Curitiba, Foz do Igua\u00e7u e Londrina, al\u00e9m de Umuarama. Para os pr\u00f3ximos meses, h\u00e1 eventos do tipo programados para outras duas cidades: Francisco Beltr\u00e3o (setembro) e Maring\u00e1 (novembro).<\/p>\n<p>Al\u00e9m da oficina, o TCE-PR disponibilizou aos gestores municipais vers\u00e3o atualizada do\u00a0<a href=\"https:\/\/www1.tce.pr.gov.br\/multimidia\/2024\/4\/pdf\/00383320.pdf\">Manual de Encerramento de Mandato<\/a>. Ele re\u00fane as principais regras e veda\u00e7\u00f5es v\u00e1lidas neste per\u00edodo, impostas pela LRF e a Lei Eleitoral, normativas do TCE-PR e outros dispositivos legais.<\/p>\n<figure id=\"attachment_20979\" aria-describedby=\"caption-attachment-20979\" style=\"width: 300px\" class=\"wp-caption alignright\"><img decoding=\"async\" class=\"size-medium wp-image-20979\" src=\"https:\/\/www.mpc.pr.gov.br\/wp-content\/uploads\/2024\/07\/foto-2-oficina-umuarama-julho-2024-300x225.jpg\" alt=\"\" width=\"300\" height=\"225\" srcset=\"https:\/\/www.mpc.pr.gov.br\/wp-content\/uploads\/2024\/07\/foto-2-oficina-umuarama-julho-2024-300x225.jpg 300w, https:\/\/www.mpc.pr.gov.br\/wp-content\/uploads\/2024\/07\/foto-2-oficina-umuarama-julho-2024.jpg 640w\" sizes=\"(max-width: 300px) 100vw, 300px\" \/><figcaption id=\"caption-attachment-20979\" class=\"wp-caption-text\">O auditor de controle externo Marcel Pierezan ministra capacita\u00e7\u00e3o sobre contrata\u00e7\u00e3o de pequenos reparos em edifica\u00e7\u00f5es p\u00fablicas, em Umuarama.<\/figcaption><\/figure>\n<p><strong>Obras p\u00fablicas<\/strong><\/p>\n<p>Tamb\u00e9m nesta ter\u00e7a-feira, no audit\u00f3rio da Prefeitura de Umuarama, os auditores de controle externo Paulo Augusto Daschevi e Marcel Lanteri Pierezan capacitaram cerca de 130 participantes sobre obras p\u00fablicas voltadas para pequenos reparos. Trata-se de uma a\u00e7\u00e3o em parceira com o Sebrae, se\u00e7\u00e3o Paran\u00e1, que visa fomentar as micro e pequenas empresas a contratar com a administra\u00e7\u00e3o p\u00fablica e, assim, fomentar a economia regional.<\/p>\n<p>O encontro, al\u00e9m de conte\u00fado te\u00f3rico e exemplos pr\u00e1ticos apresentados pelos auditores, serviu para os participantes tirarem d\u00favidas, muitas vezes em situa\u00e7\u00f5es ocorridas nos \u00f3rg\u00e3os p\u00fablicos em que trabalham. &#8220;O principal do nosso encontro \u00e9 essa discuss\u00e3o, com as d\u00favidas trazidas pelos participantes. S\u00e3o muitos exemplos pr\u00e1ticos, com munic\u00edpios envolvidos em servi\u00e7os de obras e engenharia. E o caso pr\u00e1tico \u00e9 que enriquece o debate&#8221;, avaliou Pierezan.<\/p>\n<p>Exercendo o cargo de assessor jur\u00eddico no Cons\u00f3rcio Intermunicipal de Sa\u00fade da Amerios (Cisa), Lu\u00eds Ot\u00e1vio dos Santos Mazurek avaliou que a capacita\u00e7\u00e3o o auxilia a orientar os gestores da autarquia quando necessitam realizar alguma obra. &#8220;Sendo uma autarquia de sa\u00fade, foge do que estamos acostumados a trabalhar. Mas temos os pequenos reparos na estrutura f\u00edsica, como trocar um piso ou uma reforma no banheiro&#8221;, exemplificou.<\/p>\n<p><strong>Or\u00e7amento<\/strong><\/p>\n<p>Nesta quarta-feira (31 de julho) e quinta-feira (1\u00ba de agosto), ser\u00e1 realizada em Umuarama a capacita\u00e7\u00e3o\u00a0<em>Or\u00e7amenta\u00e7\u00e3o P\u00fablica, Lei Or\u00e7ament\u00e1ria Anual e Receitas Municipais<\/em>.<\/p>\n<blockquote><p><strong><cite><span id=\"cphMasterPortal_lblInicioAutor\">Fonte: <\/span><span id=\"cphMasterPortal_lblAutor\">Diretoria de Comunica\u00e7\u00e3o Social do TCE-PR.\u00a0<\/span><\/cite><\/strong><\/p><\/blockquote>\n","protected":false},"excerpt":{"rendered":"<p>Entre os diversos temas apresentados na capacita\u00e7\u00e3o sobre\u00a0Veda\u00e7\u00f5es em Per\u00edodo Eleitoral e Encerramento de Mandato, promovida pela Escola de Gest\u00e3o P\u00fablica do Tribunal de Contas do Estado do Paran\u00e1 (TCE-PR), em Umuarama (Regi\u00e3o Noroeste), nesta ter\u00e7a-feira (30 de julho), a transi\u00e7\u00e3o de gest\u00e3o no Executivo Municipal foi destacada como um dos principais atos do encerramento [&hellip;]<\/p>\n","protected":false},"author":1,"featured_media":20978,"comment_status":"open","ping_status":"open","sticky":false,"template":"","format":"standard","meta":{"_monsterinsights_skip_tracking":false,"_monsterinsights_sitenote_active":false,"_monsterinsights_sitenote_note":"","_monsterinsights_sitenote_category":0,"footnotes":""},"categories":[7],"tags":[475,593,13,604,596,120,39,603,594],"class_list":["post-20977","post","type-post","status-publish","format-standard","has-post-thumbnail","hentry","category-todas-as-noticias","tag-capacitacao","tag-escola-de-gestao-publica-do-tce-pr","tag-mpc-pr","tag-obras-publicas","tag-oficina","tag-orcamento-publico","tag-tce-pr","tag-umuarama","tag-vedacoes-em-periodo-eleitoral","entry","has-media"],"yoast_head":"<!-- This site is optimized with the Yoast SEO plugin v27.3 - https:\/\/yoast.com\/product\/yoast-seo-wordpress\/ -->\n<title>Umuarama: transi\u00e7\u00e3o em prefeituras \u00e9 destaque de oficina sobre fim de mandato - Minist\u00e9rio P\u00fablico de Contas do Estado do Paran\u00e1<\/title>\n<meta name=\"robots\" content=\"index, follow, max-snippet:-1, max-image-preview:large, max-video-preview:-1\" \/>\n<link rel=\"canonical\" href=\"https:\/\/www.mpc.pr.gov.br\/index.php\/umuarama-transicao-em-prefeituras-e-destaque-de-oficina-sobre-fim-de-mandato\/\" \/>\n<meta property=\"og:locale\" content=\"pt_BR\" \/>\n<meta property=\"og:type\" content=\"article\" \/>\n<meta property=\"og:title\" content=\"Umuarama: transi\u00e7\u00e3o em prefeituras \u00e9 destaque de oficina sobre fim de mandato - Minist\u00e9rio P\u00fablico de Contas do Estado do Paran\u00e1\" \/>\n<meta property=\"og:description\" content=\"Entre os diversos temas apresentados na capacita\u00e7\u00e3o sobre\u00a0Veda\u00e7\u00f5es em Per\u00edodo Eleitoral e Encerramento de Mandato, promovida pela Escola de Gest\u00e3o P\u00fablica do Tribunal de Contas do Estado do Paran\u00e1 (TCE-PR), em Umuarama (Regi\u00e3o Noroeste), nesta ter\u00e7a-feira (30 de julho), a transi\u00e7\u00e3o de gest\u00e3o no Executivo Municipal foi destacada como um dos principais atos do encerramento [&hellip;]\" \/>\n<meta property=\"og:url\" content=\"https:\/\/www.mpc.pr.gov.br\/index.php\/umuarama-transicao-em-prefeituras-e-destaque-de-oficina-sobre-fim-de-mandato\/\" \/>\n<meta property=\"og:site_name\" content=\"Minist\u00e9rio P\u00fablico de Contas do Estado do Paran\u00e1\" \/>\n<meta property=\"article:publisher\" content=\"https:\/\/www.facebook.com\/mpc.pr\" \/>\n<meta property=\"article:published_time\" content=\"2024-07-31T19:33:47+00:00\" \/>\n<meta property=\"article:modified_time\" content=\"2024-08-20T11:46:05+00:00\" \/>\n<meta property=\"og:image\" content=\"https:\/\/www.mpc.pr.gov.br\/wp-content\/uploads\/2024\/07\/FOTO-OFICINA-UMUARAMA-JULHO-2024.jpg\" \/>\n\t<meta property=\"og:image:width\" content=\"640\" \/>\n\t<meta property=\"og:image:height\" content=\"491\" \/>\n\t<meta property=\"og:image:type\" content=\"image\/jpeg\" \/>\n<meta name=\"author\" content=\"mpcontaspr\" \/>\n<meta name=\"twitter:card\" content=\"summary_large_image\" \/>\n<meta name=\"twitter:label1\" content=\"Escrito por\" \/>\n\t<meta name=\"twitter:data1\" content=\"mpcontaspr\" \/>\n\t<meta name=\"twitter:label2\" content=\"Est. tempo de leitura\" \/>\n\t<meta name=\"twitter:data2\" content=\"5 minutos\" \/>\n<script type=\"application\/ld+json\" class=\"yoast-schema-graph\">{\"@context\":\"https:\\\/\\\/schema.org\",\"@graph\":[{\"@type\":\"Article\",\"@id\":\"https:\\\/\\\/www.mpc.pr.gov.br\\\/index.php\\\/umuarama-transicao-em-prefeituras-e-destaque-de-oficina-sobre-fim-de-mandato\\\/#article\",\"isPartOf\":{\"@id\":\"https:\\\/\\\/www.mpc.pr.gov.br\\\/index.php\\\/umuarama-transicao-em-prefeituras-e-destaque-de-oficina-sobre-fim-de-mandato\\\/\"},\"author\":{\"name\":\"mpcontaspr\",\"@id\":\"https:\\\/\\\/www.mpc.pr.gov.br\\\/#\\\/schema\\\/person\\\/2d83cb8980538d0ec174e8a6284f5e11\"},\"headline\":\"Umuarama: transi\u00e7\u00e3o em prefeituras \u00e9 destaque de oficina sobre fim de mandato\",\"datePublished\":\"2024-07-31T19:33:47+00:00\",\"dateModified\":\"2024-08-20T11:46:05+00:00\",\"mainEntityOfPage\":{\"@id\":\"https:\\\/\\\/www.mpc.pr.gov.br\\\/index.php\\\/umuarama-transicao-em-prefeituras-e-destaque-de-oficina-sobre-fim-de-mandato\\\/\"},\"wordCount\":951,\"commentCount\":1,\"publisher\":{\"@id\":\"https:\\\/\\\/www.mpc.pr.gov.br\\\/#organization\"},\"image\":{\"@id\":\"https:\\\/\\\/www.mpc.pr.gov.br\\\/index.php\\\/umuarama-transicao-em-prefeituras-e-destaque-de-oficina-sobre-fim-de-mandato\\\/#primaryimage\"},\"thumbnailUrl\":\"https:\\\/\\\/www.mpc.pr.gov.br\\\/wp-content\\\/uploads\\\/2024\\\/07\\\/FOTO-OFICINA-UMUARAMA-JULHO-2024.jpg\",\"keywords\":[\"Capacita\u00e7\u00e3o\",\"Escola de Gest\u00e3o P\u00fablica do TCE-PR\",\"MPC-PR\",\"Obras P\u00fablicas\",\"Oficina\",\"Or\u00e7amento P\u00fablico\",\"TCE-PR\",\"Umuarama\",\"Veda\u00e7\u00f5es em per\u00edodo eleitoral\"],\"articleSection\":[\"Todas as not\u00edcias\"],\"inLanguage\":\"pt-BR\",\"potentialAction\":[{\"@type\":\"CommentAction\",\"name\":\"Comment\",\"target\":[\"https:\\\/\\\/www.mpc.pr.gov.br\\\/index.php\\\/umuarama-transicao-em-prefeituras-e-destaque-de-oficina-sobre-fim-de-mandato\\\/#respond\"]}]},{\"@type\":\"WebPage\",\"@id\":\"https:\\\/\\\/www.mpc.pr.gov.br\\\/index.php\\\/umuarama-transicao-em-prefeituras-e-destaque-de-oficina-sobre-fim-de-mandato\\\/\",\"url\":\"https:\\\/\\\/www.mpc.pr.gov.br\\\/index.php\\\/umuarama-transicao-em-prefeituras-e-destaque-de-oficina-sobre-fim-de-mandato\\\/\",\"name\":\"Umuarama: transi\u00e7\u00e3o em prefeituras \u00e9 destaque de oficina sobre fim de mandato - Minist\u00e9rio P\u00fablico de Contas do Estado do Paran\u00e1\",\"isPartOf\":{\"@id\":\"https:\\\/\\\/www.mpc.pr.gov.br\\\/#website\"},\"primaryImageOfPage\":{\"@id\":\"https:\\\/\\\/www.mpc.pr.gov.br\\\/index.php\\\/umuarama-transicao-em-prefeituras-e-destaque-de-oficina-sobre-fim-de-mandato\\\/#primaryimage\"},\"image\":{\"@id\":\"https:\\\/\\\/www.mpc.pr.gov.br\\\/index.php\\\/umuarama-transicao-em-prefeituras-e-destaque-de-oficina-sobre-fim-de-mandato\\\/#primaryimage\"},\"thumbnailUrl\":\"https:\\\/\\\/www.mpc.pr.gov.br\\\/wp-content\\\/uploads\\\/2024\\\/07\\\/FOTO-OFICINA-UMUARAMA-JULHO-2024.jpg\",\"datePublished\":\"2024-07-31T19:33:47+00:00\",\"dateModified\":\"2024-08-20T11:46:05+00:00\",\"breadcrumb\":{\"@id\":\"https:\\\/\\\/www.mpc.pr.gov.br\\\/index.php\\\/umuarama-transicao-em-prefeituras-e-destaque-de-oficina-sobre-fim-de-mandato\\\/#breadcrumb\"},\"inLanguage\":\"pt-BR\",\"potentialAction\":[{\"@type\":\"ReadAction\",\"target\":[\"https:\\\/\\\/www.mpc.pr.gov.br\\\/index.php\\\/umuarama-transicao-em-prefeituras-e-destaque-de-oficina-sobre-fim-de-mandato\\\/\"]}]},{\"@type\":\"ImageObject\",\"inLanguage\":\"pt-BR\",\"@id\":\"https:\\\/\\\/www.mpc.pr.gov.br\\\/index.php\\\/umuarama-transicao-em-prefeituras-e-destaque-de-oficina-sobre-fim-de-mandato\\\/#primaryimage\",\"url\":\"https:\\\/\\\/www.mpc.pr.gov.br\\\/wp-content\\\/uploads\\\/2024\\\/07\\\/FOTO-OFICINA-UMUARAMA-JULHO-2024.jpg\",\"contentUrl\":\"https:\\\/\\\/www.mpc.pr.gov.br\\\/wp-content\\\/uploads\\\/2024\\\/07\\\/FOTO-OFICINA-UMUARAMA-JULHO-2024.jpg\",\"width\":640,\"height\":491,\"caption\":\"O procurador-geral do MPC-PR, Gabriel Guy L\u00e9ger, ministra a capacita\u00e7\u00e3o Veda\u00e7\u00f5es em Per\u00edodo Eleitoral e Encerramento de Mandato, em Umuarama. Foto: Marcelo Lancia\\\/TCE-PR\"},{\"@type\":\"BreadcrumbList\",\"@id\":\"https:\\\/\\\/www.mpc.pr.gov.br\\\/index.php\\\/umuarama-transicao-em-prefeituras-e-destaque-de-oficina-sobre-fim-de-mandato\\\/#breadcrumb\",\"itemListElement\":[{\"@type\":\"ListItem\",\"position\":1,\"name\":\"In\u00edcio\",\"item\":\"https:\\\/\\\/www.mpc.pr.gov.br\\\/\"},{\"@type\":\"ListItem\",\"position\":2,\"name\":\"Umuarama: transi\u00e7\u00e3o em prefeituras \u00e9 destaque de oficina sobre fim de mandato\"}]},{\"@type\":\"WebSite\",\"@id\":\"https:\\\/\\\/www.mpc.pr.gov.br\\\/#website\",\"url\":\"https:\\\/\\\/www.mpc.pr.gov.br\\\/\",\"name\":\"Minist\u00e9rio P\u00fablico de Contas do Estado do Paran\u00e1\",\"description\":\"\",\"publisher\":{\"@id\":\"https:\\\/\\\/www.mpc.pr.gov.br\\\/#organization\"},\"potentialAction\":[{\"@type\":\"SearchAction\",\"target\":{\"@type\":\"EntryPoint\",\"urlTemplate\":\"https:\\\/\\\/www.mpc.pr.gov.br\\\/?s={search_term_string}\"},\"query-input\":{\"@type\":\"PropertyValueSpecification\",\"valueRequired\":true,\"valueName\":\"search_term_string\"}}],\"inLanguage\":\"pt-BR\"},{\"@type\":\"Organization\",\"@id\":\"https:\\\/\\\/www.mpc.pr.gov.br\\\/#organization\",\"name\":\"Minist\u00e9rio P\u00fablico de Contas do Estado do Paran\u00e1\",\"url\":\"https:\\\/\\\/www.mpc.pr.gov.br\\\/\",\"logo\":{\"@type\":\"ImageObject\",\"inLanguage\":\"pt-BR\",\"@id\":\"https:\\\/\\\/www.mpc.pr.gov.br\\\/#\\\/schema\\\/logo\\\/image\\\/\",\"url\":\"https:\\\/\\\/www.mpc.pr.gov.br\\\/wp-content\\\/uploads\\\/2020\\\/06\\\/99423647_1593460364143890_6706793420720963584_n-1-e1591387983167.png\",\"contentUrl\":\"https:\\\/\\\/www.mpc.pr.gov.br\\\/wp-content\\\/uploads\\\/2020\\\/06\\\/99423647_1593460364143890_6706793420720963584_n-1-e1591387983167.png\",\"width\":243,\"height\":73,\"caption\":\"Minist\u00e9rio P\u00fablico de Contas do Estado do Paran\u00e1\"},\"image\":{\"@id\":\"https:\\\/\\\/www.mpc.pr.gov.br\\\/#\\\/schema\\\/logo\\\/image\\\/\"},\"sameAs\":[\"https:\\\/\\\/www.facebook.com\\\/mpc.pr\",\"https:\\\/\\\/www.instagram.com\\\/mpc.pr\\\/?hl=pt-br\",\"https:\\\/\\\/www.youtube.com\\\/channel\\\/UCHri5oEM8DV0ztX57E0sBSw\"]},{\"@type\":\"Person\",\"@id\":\"https:\\\/\\\/www.mpc.pr.gov.br\\\/#\\\/schema\\\/person\\\/2d83cb8980538d0ec174e8a6284f5e11\",\"name\":\"mpcontaspr\",\"image\":{\"@type\":\"ImageObject\",\"inLanguage\":\"pt-BR\",\"@id\":\"https:\\\/\\\/secure.gravatar.com\\\/avatar\\\/1aef51541db7622e05fd639336c9c9f312c2a618396e2b6ca96846362fc5403f?s=96&d=mm&r=g\",\"url\":\"https:\\\/\\\/secure.gravatar.com\\\/avatar\\\/1aef51541db7622e05fd639336c9c9f312c2a618396e2b6ca96846362fc5403f?s=96&d=mm&r=g\",\"contentUrl\":\"https:\\\/\\\/secure.gravatar.com\\\/avatar\\\/1aef51541db7622e05fd639336c9c9f312c2a618396e2b6ca96846362fc5403f?s=96&d=mm&r=g\",\"caption\":\"mpcontaspr\"},\"sameAs\":[\"http:\\\/\\\/www.mpc.pr.gov.br\"]}]}<\/script>\n<!-- \/ Yoast SEO plugin. -->","yoast_head_json":{"title":"Umuarama: transi\u00e7\u00e3o em prefeituras \u00e9 destaque de oficina sobre fim de mandato - Minist\u00e9rio P\u00fablico de Contas do Estado do Paran\u00e1","robots":{"index":"index","follow":"follow","max-snippet":"max-snippet:-1","max-image-preview":"max-image-preview:large","max-video-preview":"max-video-preview:-1"},"canonical":"https:\/\/www.mpc.pr.gov.br\/index.php\/umuarama-transicao-em-prefeituras-e-destaque-de-oficina-sobre-fim-de-mandato\/","og_locale":"pt_BR","og_type":"article","og_title":"Umuarama: transi\u00e7\u00e3o em prefeituras \u00e9 destaque de oficina sobre fim de mandato - Minist\u00e9rio P\u00fablico de Contas do Estado do Paran\u00e1","og_description":"Entre os diversos temas apresentados na capacita\u00e7\u00e3o sobre\u00a0Veda\u00e7\u00f5es em Per\u00edodo Eleitoral e Encerramento de Mandato, promovida pela Escola de Gest\u00e3o P\u00fablica do Tribunal de Contas do Estado do Paran\u00e1 (TCE-PR), em Umuarama (Regi\u00e3o Noroeste), nesta ter\u00e7a-feira (30 de julho), a transi\u00e7\u00e3o de gest\u00e3o no Executivo Municipal foi destacada como um dos principais atos do encerramento [&hellip;]","og_url":"https:\/\/www.mpc.pr.gov.br\/index.php\/umuarama-transicao-em-prefeituras-e-destaque-de-oficina-sobre-fim-de-mandato\/","og_site_name":"Minist\u00e9rio P\u00fablico de Contas do Estado do Paran\u00e1","article_publisher":"https:\/\/www.facebook.com\/mpc.pr","article_published_time":"2024-07-31T19:33:47+00:00","article_modified_time":"2024-08-20T11:46:05+00:00","og_image":[{"width":640,"height":491,"url":"https:\/\/www.mpc.pr.gov.br\/wp-content\/uploads\/2024\/07\/FOTO-OFICINA-UMUARAMA-JULHO-2024.jpg","type":"image\/jpeg"}],"author":"mpcontaspr","twitter_card":"summary_large_image","twitter_misc":{"Escrito por":"mpcontaspr","Est. tempo de leitura":"5 minutos"},"schema":{"@context":"https:\/\/schema.org","@graph":[{"@type":"Article","@id":"https:\/\/www.mpc.pr.gov.br\/index.php\/umuarama-transicao-em-prefeituras-e-destaque-de-oficina-sobre-fim-de-mandato\/#article","isPartOf":{"@id":"https:\/\/www.mpc.pr.gov.br\/index.php\/umuarama-transicao-em-prefeituras-e-destaque-de-oficina-sobre-fim-de-mandato\/"},"author":{"name":"mpcontaspr","@id":"https:\/\/www.mpc.pr.gov.br\/#\/schema\/person\/2d83cb8980538d0ec174e8a6284f5e11"},"headline":"Umuarama: transi\u00e7\u00e3o em prefeituras \u00e9 destaque de oficina sobre fim de mandato","datePublished":"2024-07-31T19:33:47+00:00","dateModified":"2024-08-20T11:46:05+00:00","mainEntityOfPage":{"@id":"https:\/\/www.mpc.pr.gov.br\/index.php\/umuarama-transicao-em-prefeituras-e-destaque-de-oficina-sobre-fim-de-mandato\/"},"wordCount":951,"commentCount":1,"publisher":{"@id":"https:\/\/www.mpc.pr.gov.br\/#organization"},"image":{"@id":"https:\/\/www.mpc.pr.gov.br\/index.php\/umuarama-transicao-em-prefeituras-e-destaque-de-oficina-sobre-fim-de-mandato\/#primaryimage"},"thumbnailUrl":"https:\/\/www.mpc.pr.gov.br\/wp-content\/uploads\/2024\/07\/FOTO-OFICINA-UMUARAMA-JULHO-2024.jpg","keywords":["Capacita\u00e7\u00e3o","Escola de Gest\u00e3o P\u00fablica do TCE-PR","MPC-PR","Obras P\u00fablicas","Oficina","Or\u00e7amento P\u00fablico","TCE-PR","Umuarama","Veda\u00e7\u00f5es em per\u00edodo eleitoral"],"articleSection":["Todas as not\u00edcias"],"inLanguage":"pt-BR","potentialAction":[{"@type":"CommentAction","name":"Comment","target":["https:\/\/www.mpc.pr.gov.br\/index.php\/umuarama-transicao-em-prefeituras-e-destaque-de-oficina-sobre-fim-de-mandato\/#respond"]}]},{"@type":"WebPage","@id":"https:\/\/www.mpc.pr.gov.br\/index.php\/umuarama-transicao-em-prefeituras-e-destaque-de-oficina-sobre-fim-de-mandato\/","url":"https:\/\/www.mpc.pr.gov.br\/index.php\/umuarama-transicao-em-prefeituras-e-destaque-de-oficina-sobre-fim-de-mandato\/","name":"Umuarama: transi\u00e7\u00e3o em prefeituras \u00e9 destaque de oficina sobre fim de mandato - Minist\u00e9rio P\u00fablico de Contas do Estado do Paran\u00e1","isPartOf":{"@id":"https:\/\/www.mpc.pr.gov.br\/#website"},"primaryImageOfPage":{"@id":"https:\/\/www.mpc.pr.gov.br\/index.php\/umuarama-transicao-em-prefeituras-e-destaque-de-oficina-sobre-fim-de-mandato\/#primaryimage"},"image":{"@id":"https:\/\/www.mpc.pr.gov.br\/index.php\/umuarama-transicao-em-prefeituras-e-destaque-de-oficina-sobre-fim-de-mandato\/#primaryimage"},"thumbnailUrl":"https:\/\/www.mpc.pr.gov.br\/wp-content\/uploads\/2024\/07\/FOTO-OFICINA-UMUARAMA-JULHO-2024.jpg","datePublished":"2024-07-31T19:33:47+00:00","dateModified":"2024-08-20T11:46:05+00:00","breadcrumb":{"@id":"https:\/\/www.mpc.pr.gov.br\/index.php\/umuarama-transicao-em-prefeituras-e-destaque-de-oficina-sobre-fim-de-mandato\/#breadcrumb"},"inLanguage":"pt-BR","potentialAction":[{"@type":"ReadAction","target":["https:\/\/www.mpc.pr.gov.br\/index.php\/umuarama-transicao-em-prefeituras-e-destaque-de-oficina-sobre-fim-de-mandato\/"]}]},{"@type":"ImageObject","inLanguage":"pt-BR","@id":"https:\/\/www.mpc.pr.gov.br\/index.php\/umuarama-transicao-em-prefeituras-e-destaque-de-oficina-sobre-fim-de-mandato\/#primaryimage","url":"https:\/\/www.mpc.pr.gov.br\/wp-content\/uploads\/2024\/07\/FOTO-OFICINA-UMUARAMA-JULHO-2024.jpg","contentUrl":"https:\/\/www.mpc.pr.gov.br\/wp-content\/uploads\/2024\/07\/FOTO-OFICINA-UMUARAMA-JULHO-2024.jpg","width":640,"height":491,"caption":"O procurador-geral do MPC-PR, Gabriel Guy L\u00e9ger, ministra a capacita\u00e7\u00e3o Veda\u00e7\u00f5es em Per\u00edodo Eleitoral e Encerramento de Mandato, em Umuarama. Foto: Marcelo Lancia\/TCE-PR"},{"@type":"BreadcrumbList","@id":"https:\/\/www.mpc.pr.gov.br\/index.php\/umuarama-transicao-em-prefeituras-e-destaque-de-oficina-sobre-fim-de-mandato\/#breadcrumb","itemListElement":[{"@type":"ListItem","position":1,"name":"In\u00edcio","item":"https:\/\/www.mpc.pr.gov.br\/"},{"@type":"ListItem","position":2,"name":"Umuarama: transi\u00e7\u00e3o em prefeituras \u00e9 destaque de oficina sobre fim de mandato"}]},{"@type":"WebSite","@id":"https:\/\/www.mpc.pr.gov.br\/#website","url":"https:\/\/www.mpc.pr.gov.br\/","name":"Minist\u00e9rio P\u00fablico de Contas do Estado do Paran\u00e1","description":"","publisher":{"@id":"https:\/\/www.mpc.pr.gov.br\/#organization"},"potentialAction":[{"@type":"SearchAction","target":{"@type":"EntryPoint","urlTemplate":"https:\/\/www.mpc.pr.gov.br\/?s={search_term_string}"},"query-input":{"@type":"PropertyValueSpecification","valueRequired":true,"valueName":"search_term_string"}}],"inLanguage":"pt-BR"},{"@type":"Organization","@id":"https:\/\/www.mpc.pr.gov.br\/#organization","name":"Minist\u00e9rio P\u00fablico de Contas do Estado do Paran\u00e1","url":"https:\/\/www.mpc.pr.gov.br\/","logo":{"@type":"ImageObject","inLanguage":"pt-BR","@id":"https:\/\/www.mpc.pr.gov.br\/#\/schema\/logo\/image\/","url":"https:\/\/www.mpc.pr.gov.br\/wp-content\/uploads\/2020\/06\/99423647_1593460364143890_6706793420720963584_n-1-e1591387983167.png","contentUrl":"https:\/\/www.mpc.pr.gov.br\/wp-content\/uploads\/2020\/06\/99423647_1593460364143890_6706793420720963584_n-1-e1591387983167.png","width":243,"height":73,"caption":"Minist\u00e9rio P\u00fablico de Contas do Estado do Paran\u00e1"},"image":{"@id":"https:\/\/www.mpc.pr.gov.br\/#\/schema\/logo\/image\/"},"sameAs":["https:\/\/www.facebook.com\/mpc.pr","https:\/\/www.instagram.com\/mpc.pr\/?hl=pt-br","https:\/\/www.youtube.com\/channel\/UCHri5oEM8DV0ztX57E0sBSw"]},{"@type":"Person","@id":"https:\/\/www.mpc.pr.gov.br\/#\/schema\/person\/2d83cb8980538d0ec174e8a6284f5e11","name":"mpcontaspr","image":{"@type":"ImageObject","inLanguage":"pt-BR","@id":"https:\/\/secure.gravatar.com\/avatar\/1aef51541db7622e05fd639336c9c9f312c2a618396e2b6ca96846362fc5403f?s=96&d=mm&r=g","url":"https:\/\/secure.gravatar.com\/avatar\/1aef51541db7622e05fd639336c9c9f312c2a618396e2b6ca96846362fc5403f?s=96&d=mm&r=g","contentUrl":"https:\/\/secure.gravatar.com\/avatar\/1aef51541db7622e05fd639336c9c9f312c2a618396e2b6ca96846362fc5403f?s=96&d=mm&r=g","caption":"mpcontaspr"},"sameAs":["http:\/\/www.mpc.pr.gov.br"]}]}},"rttpg_featured_image_url":{"full":["https:\/\/www.mpc.pr.gov.br\/wp-content\/uploads\/2024\/07\/FOTO-OFICINA-UMUARAMA-JULHO-2024.jpg",640,491,false],"landscape":["https:\/\/www.mpc.pr.gov.br\/wp-content\/uploads\/2024\/07\/FOTO-OFICINA-UMUARAMA-JULHO-2024.jpg",640,491,false],"portraits":["https:\/\/www.mpc.pr.gov.br\/wp-content\/uploads\/2024\/07\/FOTO-OFICINA-UMUARAMA-JULHO-2024.jpg",640,491,false],"thumbnail":["https:\/\/www.mpc.pr.gov.br\/wp-content\/uploads\/2024\/07\/FOTO-OFICINA-UMUARAMA-JULHO-2024-150x150.jpg",150,150,true],"medium":["https:\/\/www.mpc.pr.gov.br\/wp-content\/uploads\/2024\/07\/FOTO-OFICINA-UMUARAMA-JULHO-2024-300x230.jpg",300,230,true],"large":["https:\/\/www.mpc.pr.gov.br\/wp-content\/uploads\/2024\/07\/FOTO-OFICINA-UMUARAMA-JULHO-2024.jpg",640,491,false],"1536x1536":["https:\/\/www.mpc.pr.gov.br\/wp-content\/uploads\/2024\/07\/FOTO-OFICINA-UMUARAMA-JULHO-2024.jpg",640,491,false],"2048x2048":["https:\/\/www.mpc.pr.gov.br\/wp-content\/uploads\/2024\/07\/FOTO-OFICINA-UMUARAMA-JULHO-2024.jpg",640,491,false],"ocean-thumb-m":["https:\/\/www.mpc.pr.gov.br\/wp-content\/uploads\/2024\/07\/FOTO-OFICINA-UMUARAMA-JULHO-2024-600x491.jpg",600,491,true],"ocean-thumb-ml":["https:\/\/www.mpc.pr.gov.br\/wp-content\/uploads\/2024\/07\/FOTO-OFICINA-UMUARAMA-JULHO-2024-640x450.jpg",640,450,true],"ocean-thumb-l":["https:\/\/www.mpc.pr.gov.br\/wp-content\/uploads\/2024\/07\/FOTO-OFICINA-UMUARAMA-JULHO-2024.jpg",640,491,false]},"rttpg_author":{"display_name":"mpcontaspr","author_link":"https:\/\/www.mpc.pr.gov.br\/index.php\/author\/mpcontaspr\/"},"rttpg_comment":1,"rttpg_category":"<a href=\"https:\/\/www.mpc.pr.gov.br\/index.php\/category\/todas-as-noticias\/\" rel=\"category tag\">Todas as not\u00edcias<\/a>","rttpg_excerpt":"Entre os diversos temas apresentados na capacita\u00e7\u00e3o sobre\u00a0Veda\u00e7\u00f5es em Per\u00edodo Eleitoral e Encerramento de Mandato, promovida pela Escola de Gest\u00e3o P\u00fablica do Tribunal de Contas do Estado do Paran\u00e1 (TCE-PR), em Umuarama (Regi\u00e3o Noroeste), nesta ter\u00e7a-feira (30 de julho), a transi\u00e7\u00e3o de gest\u00e3o no Executivo Municipal foi destacada como um dos principais atos do encerramento&hellip;","_links":{"self":[{"href":"https:\/\/www.mpc.pr.gov.br\/index.php\/wp-json\/wp\/v2\/posts\/20977","targetHints":{"allow":["GET"]}}],"collection":[{"href":"https:\/\/www.mpc.pr.gov.br\/index.php\/wp-json\/wp\/v2\/posts"}],"about":[{"href":"https:\/\/www.mpc.pr.gov.br\/index.php\/wp-json\/wp\/v2\/types\/post"}],"author":[{"embeddable":true,"href":"https:\/\/www.mpc.pr.gov.br\/index.php\/wp-json\/wp\/v2\/users\/1"}],"replies":[{"embeddable":true,"href":"https:\/\/www.mpc.pr.gov.br\/index.php\/wp-json\/wp\/v2\/comments?post=20977"}],"version-history":[{"count":1,"href":"https:\/\/www.mpc.pr.gov.br\/index.php\/wp-json\/wp\/v2\/posts\/20977\/revisions"}],"predecessor-version":[{"id":20980,"href":"https:\/\/www.mpc.pr.gov.br\/index.php\/wp-json\/wp\/v2\/posts\/20977\/revisions\/20980"}],"wp:featuredmedia":[{"embeddable":true,"href":"https:\/\/www.mpc.pr.gov.br\/index.php\/wp-json\/wp\/v2\/media\/20978"}],"wp:attachment":[{"href":"https:\/\/www.mpc.pr.gov.br\/index.php\/wp-json\/wp\/v2\/media?parent=20977"}],"wp:term":[{"taxonomy":"category","embeddable":true,"href":"https:\/\/www.mpc.pr.gov.br\/index.php\/wp-json\/wp\/v2\/categories?post=20977"},{"taxonomy":"post_tag","embeddable":true,"href":"https:\/\/www.mpc.pr.gov.br\/index.php\/wp-json\/wp\/v2\/tags?post=20977"}],"curies":[{"name":"wp","href":"https:\/\/api.w.org\/{rel}","templated":true}]}}