{"id":20984,"date":"2024-08-06T09:08:08","date_gmt":"2024-08-06T12:08:08","guid":{"rendered":"https:\/\/www.mpc.pr.gov.br\/?p=20984"},"modified":"2024-08-19T16:40:20","modified_gmt":"2024-08-19T19:40:20","slug":"municipio-de-nova-santa-barbara-deve-regularizar-informacoes-sobre-diarias-no-portal-da-transparencia","status":"publish","type":"post","link":"https:\/\/www.mpc.pr.gov.br\/index.php\/municipio-de-nova-santa-barbara-deve-regularizar-informacoes-sobre-diarias-no-portal-da-transparencia\/","title":{"rendered":"Munic\u00edpio de Nova Santa B\u00e1rbara deve regularizar informa\u00e7\u00f5es sobre di\u00e1rias no portal da transpar\u00eancia"},"content":{"rendered":"<figure id=\"attachment_20985\" aria-describedby=\"caption-attachment-20985\" style=\"width: 297px\" class=\"wp-caption alignleft\"><img fetchpriority=\"high\" decoding=\"async\" class=\"size-medium wp-image-20985\" src=\"https:\/\/www.mpc.pr.gov.br\/wp-content\/uploads\/2024\/08\/nova-santa-barbara--297x300.png\" alt=\"\" width=\"297\" height=\"300\" \/><figcaption id=\"caption-attachment-20985\" class=\"wp-caption-text\">Lupa pesquisando em frente ao computador. Foto: gerada por IA.<\/figcaption><\/figure>\n<p><span data-contrast=\"auto\">O Tribunal de Contas do Estado (TCE-PR) julgou procedente den\u00fancia apresentada conta o <a href=\"https:\/\/www.nsb.pr.gov.br\/\">Munic\u00edpio de Nova Santa B\u00e1rbara<\/a>, em raz\u00e3o da insufici\u00eancia de informa\u00e7\u00f5es relativas \u00e0s di\u00e1rias cadastradas no portal da transpar\u00eancia municipal. Na decis\u00e3o, tamb\u00e9m foi determinado que o ente promova a inclus\u00e3o, por interm\u00e9dio de Extrato de Empenho e de forma pormenorizada, de todos os dados das di\u00e1rias exigidos em lei, no prazo de 30 dias.<\/span><span data-ccp-props=\"{&quot;201341983&quot;:0,&quot;335551550&quot;:6,&quot;335551620&quot;:6,&quot;335559739&quot;:160,&quot;335559740&quot;:360}\">\u00a0<\/span><\/p>\n<p><span data-contrast=\"auto\">Segundo a den\u00fancia, os dados e documentos disponibilizados no portal de transpar\u00eancia do Munic\u00edpio s\u00e3o gen\u00e9ricos e n\u00e3o especificam os detalhes da atividade que ensejou o pagamento da di\u00e1ria, em viola\u00e7\u00e3o ao princ\u00edpio da publicidade e \u00e0 Lei Municipal n\u00ba 809\/2016.<\/span><span data-ccp-props=\"{&quot;201341983&quot;:0,&quot;335551550&quot;:6,&quot;335551620&quot;:6,&quot;335559739&quot;:160,&quot;335559740&quot;:360}\">\u00a0<\/span><\/p>\n<p><span data-contrast=\"auto\">Em seu voto, o Relator Conselheiro Ivan Lelis Bonilha acompanhou as manifesta\u00e7\u00f5es uniformes da unidade t\u00e9cnica e do Minist\u00e9rio P\u00fablico de Contas do Paran\u00e1 (MPC-PR), destacando que apesar das medidas adotadas pelo Munic\u00edpio para sanar as irregularidades, ainda h\u00e1 inconformidades no portal, de modo que a den\u00fancia foi procedente. <\/span><span data-ccp-props=\"{&quot;201341983&quot;:0,&quot;335551550&quot;:6,&quot;335551620&quot;:6,&quot;335559739&quot;:160,&quot;335559740&quot;:360}\">\u00a0<\/span><\/p>\n<h4><b><span data-contrast=\"auto\">Alega\u00e7\u00f5es iniciais<\/span><\/b><span data-ccp-props=\"{&quot;134233117&quot;:false,&quot;134233118&quot;:false,&quot;201341983&quot;:0,&quot;335551550&quot;:6,&quot;335551620&quot;:6,&quot;335559685&quot;:0,&quot;335559737&quot;:0,&quot;335559738&quot;:0,&quot;335559739&quot;:160,&quot;335559740&quot;:360}\">\u00a0<\/span><\/h4>\n<p><span data-contrast=\"auto\">Na pe\u00e7a inicial, o denunciante relatou que os dados disponibilizados est\u00e3o cadastrados de um modo resumido, n\u00e3o havendo especifica\u00e7\u00e3o de que tipo de servi\u00e7o exatamente foi prestado, bem como n\u00e3o constam quaisquer documentos que comprovem a efetiva\u00e7\u00e3o e os gastos oriundos da di\u00e1ria.\u00a0<\/span><span data-ccp-props=\"{&quot;134233117&quot;:false,&quot;134233118&quot;:false,&quot;201341983&quot;:0,&quot;335551550&quot;:6,&quot;335551620&quot;:6,&quot;335559685&quot;:0,&quot;335559737&quot;:0,&quot;335559738&quot;:0,&quot;335559739&quot;:160,&quot;335559740&quot;:360}\">\u00a0<\/span><\/p>\n<p><span data-contrast=\"auto\">Por fim, observou que a Lei Municipal n\u00ba 809\/2016, em seus artigos 3\u00ba e 9\u00ba, exige que a percep\u00e7\u00e3o de di\u00e1rias seja acompanhada de documentos que comprovem a presen\u00e7a do servidor no local de destino, al\u00e9m de um relat\u00f3rio detalhado das atividades realizadas no interesse da Administra\u00e7\u00e3o.<\/span><span data-ccp-props=\"{&quot;134233117&quot;:false,&quot;134233118&quot;:false,&quot;201341983&quot;:0,&quot;335551550&quot;:6,&quot;335551620&quot;:6,&quot;335559685&quot;:0,&quot;335559737&quot;:0,&quot;335559738&quot;:0,&quot;335559739&quot;:160,&quot;335559740&quot;:360}\">\u00a0<\/span><\/p>\n<p><span data-contrast=\"auto\">Intimado a prestar esclarecimentos, o Munic\u00edpio afirmou que tem observado as exig\u00eancias legais a respeito do tema, ressaltando que o Minist\u00e9rio P\u00fablico Estadual promoveu auditoria no portal de transpar\u00eancia do ente e n\u00e3o constatou irregularidades a respeito das informa\u00e7\u00f5es disponibilizadas acerca das di\u00e1rias.<\/span><span data-ccp-props=\"{&quot;201341983&quot;:0,&quot;335551550&quot;:6,&quot;335551620&quot;:6,&quot;335559739&quot;:160,&quot;335559740&quot;:360}\">\u00a0<\/span><\/p>\n<p><span data-contrast=\"auto\">Na sequ\u00eancia, o denunciante apresentou \u201caditamento e provas\u201d, pleiteando a concess\u00e3o de medida cautelar e o processamento da den\u00fancia. Contudo, ante a aus\u00eancia do preenchimento dos requisitos que autorizam a expedi\u00e7\u00e3o da cautelar, o Relator apenas recebeu a den\u00fancia e determinou nova cita\u00e7\u00e3o do Munic\u00edpio de Nova Santa B\u00e1rbara, bem como do Prefeito e do Secret\u00e1rio de Administra\u00e7\u00e3o Interna.<\/span><span data-ccp-props=\"{&quot;201341983&quot;:0,&quot;335551550&quot;:6,&quot;335551620&quot;:6,&quot;335559739&quot;:160,&quot;335559740&quot;:360}\">\u00a0<\/span><\/p>\n<p><span data-contrast=\"auto\">Em aten\u00e7\u00e3o a solicita\u00e7\u00e3o, o Munic\u00edpio alegou que passou pela unifica\u00e7\u00e3o dos dados disponibilizados no portal de transpar\u00eancia, conforme determinado pelo Sistema \u00danico e Integrado de Execu\u00e7\u00e3o Or\u00e7ament\u00e1ria, Administra\u00e7\u00e3o Financeira e Controle (SIAFIC), regulamentado pelo Decreto Federal n\u00ba 10.540\/2020, com o objetivo de assegurar a transpar\u00eancia da gest\u00e3o fiscal de todos os entes federativos. Esclareceu que a medida afetou temporariamente a disponibiliza\u00e7\u00e3o dos dados \u00e0 popula\u00e7\u00e3o, mas que teria adotado as dilig\u00eancias necess\u00e1rias \u00e0 regulariza\u00e7\u00e3o da situa\u00e7\u00e3o, conforme documentos apresentados. Na ocasi\u00e3o, apresentou c\u00f3pia das di\u00e1rias emitidas nos anos de 2019 a 2023.<\/span><span data-ccp-props=\"{&quot;201341983&quot;:0,&quot;335551550&quot;:6,&quot;335551620&quot;:6,&quot;335559739&quot;:160,&quot;335559740&quot;:360}\">\u00a0<\/span><\/p>\n<h4><b><span data-contrast=\"auto\">Instru\u00e7\u00e3o do processo<\/span><\/b><span data-ccp-props=\"{&quot;134233117&quot;:false,&quot;134233118&quot;:false,&quot;201341983&quot;:0,&quot;335551550&quot;:6,&quot;335551620&quot;:6,&quot;335559685&quot;:0,&quot;335559737&quot;:0,&quot;335559738&quot;:0,&quot;335559739&quot;:160,&quot;335559740&quot;:360}\">\u00a0<\/span><\/h4>\n<p><span data-contrast=\"auto\">Em manifesta\u00e7\u00e3o conclusiva, a Coordenadoria de Gest\u00e3o Municipal (CGM) verificou que <strong>a indisponibilidade tempor\u00e1ria das informa\u00e7\u00f5es no s\u00edtio eletr\u00f4nico do Munic\u00edpio foi solucionada<\/strong>, tendo sido inclu\u00eddas os dados referentes \u00e0s di\u00e1rias de 2019 a 2024. <strong>No entanto, apesar das altera\u00e7\u00f5es significativas no portal da transpar\u00eancia do ente, as irregularidades apontadas na den\u00fancia n\u00e3o foram integralmente sanadas.<\/strong> \u00c9 o caso, por exemplo, das informa\u00e7\u00f5es relativas \u00e0s di\u00e1rias de dezembro de 2023 da Secretaria Municipal de Sa\u00fade, que foram disponibilizadas com apenas o relat\u00f3rio de viagem, sem a publica\u00e7\u00e3o dos extratos de empenho, documento que seria mais adequado para a publicidade dos pagamentos.<\/span><span data-ccp-props=\"{&quot;201341983&quot;:0,&quot;335551550&quot;:6,&quot;335551620&quot;:6,&quot;335559739&quot;:160,&quot;335559740&quot;:360}\">\u00a0<\/span><\/p>\n<p><span data-contrast=\"auto\">Dessa forma, a CGM opinou pela proced\u00eancia da den\u00fancia, com expedi\u00e7\u00e3o de determina\u00e7\u00e3o ao Munic\u00edpio de Nova Santa B\u00e1rbara para que adote as provid\u00eancias necess\u00e1rias ao exato cumprimento da lei, qual seja: passe a incluir no portal da transpar\u00eancia, por interm\u00e9dio de Extrato de Empenho e de forma pormenorizada, todos os dados das di\u00e1rias exigidos em lei, observando o Princ\u00edpio da Publicidade (Art. 37, caput, da Constitui\u00e7\u00e3o Federal), o Princ\u00edpio da Transpar\u00eancia, a Lei de Acesso \u00e0 Informa\u00e7\u00e3o, as Leis Municipais n\u00ba 809\/2016 e n\u00ba 771\/2015 (alterada pela Lei n\u00b0 893\/2018) e, por fim, conforme estipulado pela Correspond\u00eancia Interna n.\u00ba 041\/2023, sob pena de multa.<\/span><span data-ccp-props=\"{&quot;134233117&quot;:false,&quot;134233118&quot;:false,&quot;201341983&quot;:0,&quot;335551550&quot;:6,&quot;335551620&quot;:6,&quot;335559685&quot;:0,&quot;335559737&quot;:0,&quot;335559738&quot;:0,&quot;335559739&quot;:160,&quot;335559740&quot;:360}\">\u00a0<\/span><\/p>\n<p><span data-contrast=\"auto\">Instado a se manifestar, por meio do <a href=\"https:\/\/www.mpc.pr.gov.br\/wp-content\/uploads\/2024\/08\/nova-santa-barbara-PAR-466_24-5PC.pdf\">Parecer n\u00b0 466\/24<\/a>, o Minist\u00e9rio P\u00fablico de Contas reconheceu os esfor\u00e7os do Munic\u00edpio para sanar as irregularidades. Por\u00e9m, uma vez que persistem falhas na disponibiliza\u00e7\u00e3o das informa\u00e7\u00f5es, entende que a den\u00fancia deve ser julgada procedente, com a expedi\u00e7\u00e3o de determina\u00e7\u00e3o proposta pela CGM.\u00a0<\/span><span data-ccp-props=\"{&quot;134233117&quot;:false,&quot;134233118&quot;:false,&quot;201341983&quot;:0,&quot;335551550&quot;:6,&quot;335551620&quot;:6,&quot;335559685&quot;:0,&quot;335559737&quot;:0,&quot;335559738&quot;:0,&quot;335559739&quot;:160,&quot;335559740&quot;:360}\">\u00a0<\/span><\/p>\n<h4><b><span data-contrast=\"auto\">Decis\u00e3o<\/span><\/b><span data-ccp-props=\"{&quot;134233117&quot;:false,&quot;134233118&quot;:false,&quot;201341983&quot;:0,&quot;335551550&quot;:6,&quot;335551620&quot;:6,&quot;335559685&quot;:0,&quot;335559737&quot;:0,&quot;335559738&quot;:0,&quot;335559739&quot;:160,&quot;335559740&quot;:360}\">\u00a0<\/span><\/h4>\n<p><span data-contrast=\"auto\">Diante da evid\u00eancia de falhas na disponibiliza\u00e7\u00e3o de informa\u00e7\u00f5es sobre di\u00e1rias no portal da transpar\u00eancia do Munic\u00edpio e das manifesta\u00e7\u00f5es uniformes do MPC-PR e da unidade t\u00e9cnica, o Relator votou pela proced\u00eancia da den\u00fancia.<\/span><span data-ccp-props=\"{&quot;134233117&quot;:false,&quot;134233118&quot;:false,&quot;201341983&quot;:0,&quot;335551550&quot;:6,&quot;335551620&quot;:6,&quot;335559685&quot;:0,&quot;335559737&quot;:0,&quot;335559738&quot;:0,&quot;335559739&quot;:160,&quot;335559740&quot;:360}\">\u00a0<\/span><\/p>\n<p><span data-contrast=\"auto\">Conforme a decis\u00e3o expressa no <a href=\"https:\/\/www.mpc.pr.gov.br\/wp-content\/uploads\/2024\/08\/nova-santa-barbaraACO-2057_24-STP.pdf\">Ac\u00f3rd\u00e3o n\u00b0 2057\/24<\/a>, os membros do Tribunal Pleno acompanharam o voto do Relator e acolheram integralmente a proposta da Coordenadoria de Gest\u00e3o Municipal pela expedi\u00e7\u00e3o de determina\u00e7\u00e3o ao Munic\u00edpio, visando a regulariza\u00e7\u00e3o da das informa\u00e7\u00f5es relativas \u00e0s di\u00e1rias no portal da transpar\u00eancia, sob pena de aplica\u00e7\u00e3o de multa ao agente respons\u00e1vel no caso de descumprimento da medida.\u00a0<\/span><span data-ccp-props=\"{&quot;134233117&quot;:false,&quot;134233118&quot;:false,&quot;201341983&quot;:0,&quot;335551550&quot;:6,&quot;335551620&quot;:6,&quot;335559685&quot;:0,&quot;335559737&quot;:0,&quot;335559738&quot;:0,&quot;335559739&quot;:160,&quot;335559740&quot;:360}\">\u00a0<\/span><\/p>\n<blockquote><p><span style=\"color: #820007;\"><strong><u>Informa\u00e7\u00e3o para consulta processual<\/u><\/strong><\/span><\/p>\n<table style=\"height: 183px;\" border=\"0\" width=\"478\" cellspacing=\"0\" cellpadding=\"0\">\n<tbody>\n<tr>\n<td><strong>Processo n\u00ba<\/strong>:<\/td>\n<td>116315\/23<\/td>\n<\/tr>\n<tr>\n<td><strong>Ac\u00f3rd\u00e3o n\u00ba<\/strong>:<\/td>\n<td><span class=\"NormalTextRun SCXW188288879 BCX0\">Ac\u00f3rd\u00e3o\u00a0 n\u00ba 2057\/24 &#8211; Tribunal Pleno<\/span><\/td>\n<\/tr>\n<tr>\n<td><strong>Assunto<\/strong>:<\/td>\n<td>Den\u00fancia<\/td>\n<\/tr>\n<tr>\n<td><strong>Entidade<\/strong>:<\/td>\n<td><span class=\"TextRun SCXW158052481 BCX0\" lang=\"PT-BR\" xml:lang=\"PT-BR\" data-contrast=\"auto\"><span class=\"NormalTextRun SCXW158052481 BCX0\">Munic\u00edpio de Nova Santa B\u00e1rbara<\/span><\/span><\/td>\n<\/tr>\n<tr>\n<td><strong>Relator<\/strong>:<\/td>\n<td><span class=\"TextRun SCXW72281638 BCX0\" lang=\"PT-BR\" xml:lang=\"PT-BR\" data-contrast=\"auto\"><span class=\"NormalTextRun SCXW72281638 BCX0\"><span class=\"TextRun SCXW49990095 BCX0\" lang=\"PT-BR\" xml:lang=\"PT-BR\" data-contrast=\"auto\"><span class=\"NormalTextRun SCXW49990095 BCX0\">Conselheiro Ivan Lelis Bonilha<\/span><\/span><\/span><\/span><\/td>\n<\/tr>\n<\/tbody>\n<\/table>\n<\/blockquote>\n","protected":false},"excerpt":{"rendered":"<p>O Tribunal de Contas do Estado (TCE-PR) julgou procedente den\u00fancia apresentada conta o Munic\u00edpio de Nova Santa B\u00e1rbara, em raz\u00e3o da insufici\u00eancia de informa\u00e7\u00f5es relativas \u00e0s di\u00e1rias cadastradas no portal da transpar\u00eancia municipal. Na decis\u00e3o, tamb\u00e9m foi determinado que o ente promova a inclus\u00e3o, por interm\u00e9dio de Extrato de Empenho e de forma pormenorizada, de [&hellip;]<\/p>\n","protected":false},"author":1,"featured_media":20985,"comment_status":"open","ping_status":"open","sticky":false,"template":"","format":"standard","meta":{"_monsterinsights_skip_tracking":false,"_monsterinsights_sitenote_active":false,"_monsterinsights_sitenote_note":"","_monsterinsights_sitenote_category":0,"footnotes":""},"categories":[7],"tags":[141,13,605,453,39],"class_list":["post-20984","post","type-post","status-publish","format-standard","has-post-thumbnail","hentry","category-todas-as-noticias","tag-denuncia","tag-mpc-pr","tag-nova-santa-barbara","tag-portal-de-transparencia","tag-tce-pr","entry","has-media"],"yoast_head":"<!-- This site is optimized with the Yoast SEO plugin v27.3 - https:\/\/yoast.com\/product\/yoast-seo-wordpress\/ -->\n<title>Munic\u00edpio de Nova Santa B\u00e1rbara deve regularizar informa\u00e7\u00f5es sobre di\u00e1rias no portal da transpar\u00eancia - Minist\u00e9rio P\u00fablico de Contas do Estado do Paran\u00e1<\/title>\n<meta name=\"robots\" content=\"index, follow, max-snippet:-1, max-image-preview:large, max-video-preview:-1\" \/>\n<link rel=\"canonical\" href=\"https:\/\/www.mpc.pr.gov.br\/index.php\/municipio-de-nova-santa-barbara-deve-regularizar-informacoes-sobre-diarias-no-portal-da-transparencia\/\" \/>\n<meta property=\"og:locale\" content=\"pt_BR\" \/>\n<meta property=\"og:type\" content=\"article\" \/>\n<meta property=\"og:title\" content=\"Munic\u00edpio de Nova Santa B\u00e1rbara deve regularizar informa\u00e7\u00f5es sobre di\u00e1rias no portal da transpar\u00eancia - Minist\u00e9rio P\u00fablico de Contas do Estado do Paran\u00e1\" \/>\n<meta property=\"og:description\" content=\"O Tribunal de Contas do Estado (TCE-PR) julgou procedente den\u00fancia apresentada conta o Munic\u00edpio de Nova Santa B\u00e1rbara, em raz\u00e3o da insufici\u00eancia de informa\u00e7\u00f5es relativas \u00e0s di\u00e1rias cadastradas no portal da transpar\u00eancia municipal. Na decis\u00e3o, tamb\u00e9m foi determinado que o ente promova a inclus\u00e3o, por interm\u00e9dio de Extrato de Empenho e de forma pormenorizada, de [&hellip;]\" \/>\n<meta property=\"og:url\" content=\"https:\/\/www.mpc.pr.gov.br\/index.php\/municipio-de-nova-santa-barbara-deve-regularizar-informacoes-sobre-diarias-no-portal-da-transparencia\/\" \/>\n<meta property=\"og:site_name\" content=\"Minist\u00e9rio P\u00fablico de Contas do Estado do Paran\u00e1\" \/>\n<meta property=\"article:publisher\" content=\"https:\/\/www.facebook.com\/mpc.pr\" \/>\n<meta property=\"article:published_time\" content=\"2024-08-06T12:08:08+00:00\" \/>\n<meta property=\"article:modified_time\" content=\"2024-08-19T19:40:20+00:00\" \/>\n<meta property=\"og:image\" content=\"https:\/\/www.mpc.pr.gov.br\/wp-content\/uploads\/2024\/08\/nova-santa-barbara-.png\" \/>\n\t<meta property=\"og:image:width\" content=\"353\" \/>\n\t<meta property=\"og:image:height\" content=\"357\" \/>\n\t<meta property=\"og:image:type\" content=\"image\/png\" \/>\n<meta name=\"author\" content=\"mpcontaspr\" \/>\n<meta name=\"twitter:card\" content=\"summary_large_image\" \/>\n<meta name=\"twitter:label1\" content=\"Escrito por\" \/>\n\t<meta name=\"twitter:data1\" content=\"mpcontaspr\" \/>\n\t<meta name=\"twitter:label2\" content=\"Est. tempo de leitura\" \/>\n\t<meta name=\"twitter:data2\" content=\"5 minutos\" \/>\n<script type=\"application\/ld+json\" class=\"yoast-schema-graph\">{\"@context\":\"https:\\\/\\\/schema.org\",\"@graph\":[{\"@type\":\"Article\",\"@id\":\"https:\\\/\\\/www.mpc.pr.gov.br\\\/index.php\\\/municipio-de-nova-santa-barbara-deve-regularizar-informacoes-sobre-diarias-no-portal-da-transparencia\\\/#article\",\"isPartOf\":{\"@id\":\"https:\\\/\\\/www.mpc.pr.gov.br\\\/index.php\\\/municipio-de-nova-santa-barbara-deve-regularizar-informacoes-sobre-diarias-no-portal-da-transparencia\\\/\"},\"author\":{\"name\":\"mpcontaspr\",\"@id\":\"https:\\\/\\\/www.mpc.pr.gov.br\\\/#\\\/schema\\\/person\\\/2d83cb8980538d0ec174e8a6284f5e11\"},\"headline\":\"Munic\u00edpio de Nova Santa B\u00e1rbara deve regularizar informa\u00e7\u00f5es sobre di\u00e1rias no portal da transpar\u00eancia\",\"datePublished\":\"2024-08-06T12:08:08+00:00\",\"dateModified\":\"2024-08-19T19:40:20+00:00\",\"mainEntityOfPage\":{\"@id\":\"https:\\\/\\\/www.mpc.pr.gov.br\\\/index.php\\\/municipio-de-nova-santa-barbara-deve-regularizar-informacoes-sobre-diarias-no-portal-da-transparencia\\\/\"},\"wordCount\":1000,\"commentCount\":1,\"publisher\":{\"@id\":\"https:\\\/\\\/www.mpc.pr.gov.br\\\/#organization\"},\"image\":{\"@id\":\"https:\\\/\\\/www.mpc.pr.gov.br\\\/index.php\\\/municipio-de-nova-santa-barbara-deve-regularizar-informacoes-sobre-diarias-no-portal-da-transparencia\\\/#primaryimage\"},\"thumbnailUrl\":\"https:\\\/\\\/www.mpc.pr.gov.br\\\/wp-content\\\/uploads\\\/2024\\\/08\\\/nova-santa-barbara-.png\",\"keywords\":[\"Den\u00fancia\",\"MPC-PR\",\"Nova Santa B\u00e1rbara\",\"Portal de Transpar\u00eancia\",\"TCE-PR\"],\"articleSection\":[\"Todas as not\u00edcias\"],\"inLanguage\":\"pt-BR\",\"potentialAction\":[{\"@type\":\"CommentAction\",\"name\":\"Comment\",\"target\":[\"https:\\\/\\\/www.mpc.pr.gov.br\\\/index.php\\\/municipio-de-nova-santa-barbara-deve-regularizar-informacoes-sobre-diarias-no-portal-da-transparencia\\\/#respond\"]}]},{\"@type\":\"WebPage\",\"@id\":\"https:\\\/\\\/www.mpc.pr.gov.br\\\/index.php\\\/municipio-de-nova-santa-barbara-deve-regularizar-informacoes-sobre-diarias-no-portal-da-transparencia\\\/\",\"url\":\"https:\\\/\\\/www.mpc.pr.gov.br\\\/index.php\\\/municipio-de-nova-santa-barbara-deve-regularizar-informacoes-sobre-diarias-no-portal-da-transparencia\\\/\",\"name\":\"Munic\u00edpio de Nova Santa B\u00e1rbara deve regularizar informa\u00e7\u00f5es sobre di\u00e1rias no portal da transpar\u00eancia - Minist\u00e9rio P\u00fablico de Contas do Estado do Paran\u00e1\",\"isPartOf\":{\"@id\":\"https:\\\/\\\/www.mpc.pr.gov.br\\\/#website\"},\"primaryImageOfPage\":{\"@id\":\"https:\\\/\\\/www.mpc.pr.gov.br\\\/index.php\\\/municipio-de-nova-santa-barbara-deve-regularizar-informacoes-sobre-diarias-no-portal-da-transparencia\\\/#primaryimage\"},\"image\":{\"@id\":\"https:\\\/\\\/www.mpc.pr.gov.br\\\/index.php\\\/municipio-de-nova-santa-barbara-deve-regularizar-informacoes-sobre-diarias-no-portal-da-transparencia\\\/#primaryimage\"},\"thumbnailUrl\":\"https:\\\/\\\/www.mpc.pr.gov.br\\\/wp-content\\\/uploads\\\/2024\\\/08\\\/nova-santa-barbara-.png\",\"datePublished\":\"2024-08-06T12:08:08+00:00\",\"dateModified\":\"2024-08-19T19:40:20+00:00\",\"breadcrumb\":{\"@id\":\"https:\\\/\\\/www.mpc.pr.gov.br\\\/index.php\\\/municipio-de-nova-santa-barbara-deve-regularizar-informacoes-sobre-diarias-no-portal-da-transparencia\\\/#breadcrumb\"},\"inLanguage\":\"pt-BR\",\"potentialAction\":[{\"@type\":\"ReadAction\",\"target\":[\"https:\\\/\\\/www.mpc.pr.gov.br\\\/index.php\\\/municipio-de-nova-santa-barbara-deve-regularizar-informacoes-sobre-diarias-no-portal-da-transparencia\\\/\"]}]},{\"@type\":\"ImageObject\",\"inLanguage\":\"pt-BR\",\"@id\":\"https:\\\/\\\/www.mpc.pr.gov.br\\\/index.php\\\/municipio-de-nova-santa-barbara-deve-regularizar-informacoes-sobre-diarias-no-portal-da-transparencia\\\/#primaryimage\",\"url\":\"https:\\\/\\\/www.mpc.pr.gov.br\\\/wp-content\\\/uploads\\\/2024\\\/08\\\/nova-santa-barbara-.png\",\"contentUrl\":\"https:\\\/\\\/www.mpc.pr.gov.br\\\/wp-content\\\/uploads\\\/2024\\\/08\\\/nova-santa-barbara-.png\",\"width\":353,\"height\":357,\"caption\":\"Lupa pesquisando em frente ao computador. Foto: gerada por IA.\"},{\"@type\":\"BreadcrumbList\",\"@id\":\"https:\\\/\\\/www.mpc.pr.gov.br\\\/index.php\\\/municipio-de-nova-santa-barbara-deve-regularizar-informacoes-sobre-diarias-no-portal-da-transparencia\\\/#breadcrumb\",\"itemListElement\":[{\"@type\":\"ListItem\",\"position\":1,\"name\":\"In\u00edcio\",\"item\":\"https:\\\/\\\/www.mpc.pr.gov.br\\\/\"},{\"@type\":\"ListItem\",\"position\":2,\"name\":\"Munic\u00edpio de Nova Santa B\u00e1rbara deve regularizar informa\u00e7\u00f5es sobre di\u00e1rias no portal da transpar\u00eancia\"}]},{\"@type\":\"WebSite\",\"@id\":\"https:\\\/\\\/www.mpc.pr.gov.br\\\/#website\",\"url\":\"https:\\\/\\\/www.mpc.pr.gov.br\\\/\",\"name\":\"Minist\u00e9rio P\u00fablico de Contas do Estado do Paran\u00e1\",\"description\":\"\",\"publisher\":{\"@id\":\"https:\\\/\\\/www.mpc.pr.gov.br\\\/#organization\"},\"potentialAction\":[{\"@type\":\"SearchAction\",\"target\":{\"@type\":\"EntryPoint\",\"urlTemplate\":\"https:\\\/\\\/www.mpc.pr.gov.br\\\/?s={search_term_string}\"},\"query-input\":{\"@type\":\"PropertyValueSpecification\",\"valueRequired\":true,\"valueName\":\"search_term_string\"}}],\"inLanguage\":\"pt-BR\"},{\"@type\":\"Organization\",\"@id\":\"https:\\\/\\\/www.mpc.pr.gov.br\\\/#organization\",\"name\":\"Minist\u00e9rio P\u00fablico de Contas do Estado do Paran\u00e1\",\"url\":\"https:\\\/\\\/www.mpc.pr.gov.br\\\/\",\"logo\":{\"@type\":\"ImageObject\",\"inLanguage\":\"pt-BR\",\"@id\":\"https:\\\/\\\/www.mpc.pr.gov.br\\\/#\\\/schema\\\/logo\\\/image\\\/\",\"url\":\"https:\\\/\\\/www.mpc.pr.gov.br\\\/wp-content\\\/uploads\\\/2020\\\/06\\\/99423647_1593460364143890_6706793420720963584_n-1-e1591387983167.png\",\"contentUrl\":\"https:\\\/\\\/www.mpc.pr.gov.br\\\/wp-content\\\/uploads\\\/2020\\\/06\\\/99423647_1593460364143890_6706793420720963584_n-1-e1591387983167.png\",\"width\":243,\"height\":73,\"caption\":\"Minist\u00e9rio P\u00fablico de Contas do Estado do Paran\u00e1\"},\"image\":{\"@id\":\"https:\\\/\\\/www.mpc.pr.gov.br\\\/#\\\/schema\\\/logo\\\/image\\\/\"},\"sameAs\":[\"https:\\\/\\\/www.facebook.com\\\/mpc.pr\",\"https:\\\/\\\/www.instagram.com\\\/mpc.pr\\\/?hl=pt-br\",\"https:\\\/\\\/www.youtube.com\\\/channel\\\/UCHri5oEM8DV0ztX57E0sBSw\"]},{\"@type\":\"Person\",\"@id\":\"https:\\\/\\\/www.mpc.pr.gov.br\\\/#\\\/schema\\\/person\\\/2d83cb8980538d0ec174e8a6284f5e11\",\"name\":\"mpcontaspr\",\"image\":{\"@type\":\"ImageObject\",\"inLanguage\":\"pt-BR\",\"@id\":\"https:\\\/\\\/secure.gravatar.com\\\/avatar\\\/1aef51541db7622e05fd639336c9c9f312c2a618396e2b6ca96846362fc5403f?s=96&d=mm&r=g\",\"url\":\"https:\\\/\\\/secure.gravatar.com\\\/avatar\\\/1aef51541db7622e05fd639336c9c9f312c2a618396e2b6ca96846362fc5403f?s=96&d=mm&r=g\",\"contentUrl\":\"https:\\\/\\\/secure.gravatar.com\\\/avatar\\\/1aef51541db7622e05fd639336c9c9f312c2a618396e2b6ca96846362fc5403f?s=96&d=mm&r=g\",\"caption\":\"mpcontaspr\"},\"sameAs\":[\"http:\\\/\\\/www.mpc.pr.gov.br\"]}]}<\/script>\n<!-- \/ Yoast SEO plugin. -->","yoast_head_json":{"title":"Munic\u00edpio de Nova Santa B\u00e1rbara deve regularizar informa\u00e7\u00f5es sobre di\u00e1rias no portal da transpar\u00eancia - Minist\u00e9rio P\u00fablico de Contas do Estado do Paran\u00e1","robots":{"index":"index","follow":"follow","max-snippet":"max-snippet:-1","max-image-preview":"max-image-preview:large","max-video-preview":"max-video-preview:-1"},"canonical":"https:\/\/www.mpc.pr.gov.br\/index.php\/municipio-de-nova-santa-barbara-deve-regularizar-informacoes-sobre-diarias-no-portal-da-transparencia\/","og_locale":"pt_BR","og_type":"article","og_title":"Munic\u00edpio de Nova Santa B\u00e1rbara deve regularizar informa\u00e7\u00f5es sobre di\u00e1rias no portal da transpar\u00eancia - Minist\u00e9rio P\u00fablico de Contas do Estado do Paran\u00e1","og_description":"O Tribunal de Contas do Estado (TCE-PR) julgou procedente den\u00fancia apresentada conta o Munic\u00edpio de Nova Santa B\u00e1rbara, em raz\u00e3o da insufici\u00eancia de informa\u00e7\u00f5es relativas \u00e0s di\u00e1rias cadastradas no portal da transpar\u00eancia municipal. Na decis\u00e3o, tamb\u00e9m foi determinado que o ente promova a inclus\u00e3o, por interm\u00e9dio de Extrato de Empenho e de forma pormenorizada, de [&hellip;]","og_url":"https:\/\/www.mpc.pr.gov.br\/index.php\/municipio-de-nova-santa-barbara-deve-regularizar-informacoes-sobre-diarias-no-portal-da-transparencia\/","og_site_name":"Minist\u00e9rio P\u00fablico de Contas do Estado do Paran\u00e1","article_publisher":"https:\/\/www.facebook.com\/mpc.pr","article_published_time":"2024-08-06T12:08:08+00:00","article_modified_time":"2024-08-19T19:40:20+00:00","og_image":[{"width":353,"height":357,"url":"https:\/\/www.mpc.pr.gov.br\/wp-content\/uploads\/2024\/08\/nova-santa-barbara-.png","type":"image\/png"}],"author":"mpcontaspr","twitter_card":"summary_large_image","twitter_misc":{"Escrito por":"mpcontaspr","Est. tempo de leitura":"5 minutos"},"schema":{"@context":"https:\/\/schema.org","@graph":[{"@type":"Article","@id":"https:\/\/www.mpc.pr.gov.br\/index.php\/municipio-de-nova-santa-barbara-deve-regularizar-informacoes-sobre-diarias-no-portal-da-transparencia\/#article","isPartOf":{"@id":"https:\/\/www.mpc.pr.gov.br\/index.php\/municipio-de-nova-santa-barbara-deve-regularizar-informacoes-sobre-diarias-no-portal-da-transparencia\/"},"author":{"name":"mpcontaspr","@id":"https:\/\/www.mpc.pr.gov.br\/#\/schema\/person\/2d83cb8980538d0ec174e8a6284f5e11"},"headline":"Munic\u00edpio de Nova Santa B\u00e1rbara deve regularizar informa\u00e7\u00f5es sobre di\u00e1rias no portal da transpar\u00eancia","datePublished":"2024-08-06T12:08:08+00:00","dateModified":"2024-08-19T19:40:20+00:00","mainEntityOfPage":{"@id":"https:\/\/www.mpc.pr.gov.br\/index.php\/municipio-de-nova-santa-barbara-deve-regularizar-informacoes-sobre-diarias-no-portal-da-transparencia\/"},"wordCount":1000,"commentCount":1,"publisher":{"@id":"https:\/\/www.mpc.pr.gov.br\/#organization"},"image":{"@id":"https:\/\/www.mpc.pr.gov.br\/index.php\/municipio-de-nova-santa-barbara-deve-regularizar-informacoes-sobre-diarias-no-portal-da-transparencia\/#primaryimage"},"thumbnailUrl":"https:\/\/www.mpc.pr.gov.br\/wp-content\/uploads\/2024\/08\/nova-santa-barbara-.png","keywords":["Den\u00fancia","MPC-PR","Nova Santa B\u00e1rbara","Portal de Transpar\u00eancia","TCE-PR"],"articleSection":["Todas as not\u00edcias"],"inLanguage":"pt-BR","potentialAction":[{"@type":"CommentAction","name":"Comment","target":["https:\/\/www.mpc.pr.gov.br\/index.php\/municipio-de-nova-santa-barbara-deve-regularizar-informacoes-sobre-diarias-no-portal-da-transparencia\/#respond"]}]},{"@type":"WebPage","@id":"https:\/\/www.mpc.pr.gov.br\/index.php\/municipio-de-nova-santa-barbara-deve-regularizar-informacoes-sobre-diarias-no-portal-da-transparencia\/","url":"https:\/\/www.mpc.pr.gov.br\/index.php\/municipio-de-nova-santa-barbara-deve-regularizar-informacoes-sobre-diarias-no-portal-da-transparencia\/","name":"Munic\u00edpio de Nova Santa B\u00e1rbara deve regularizar informa\u00e7\u00f5es sobre di\u00e1rias no portal da transpar\u00eancia - Minist\u00e9rio P\u00fablico de Contas do Estado do Paran\u00e1","isPartOf":{"@id":"https:\/\/www.mpc.pr.gov.br\/#website"},"primaryImageOfPage":{"@id":"https:\/\/www.mpc.pr.gov.br\/index.php\/municipio-de-nova-santa-barbara-deve-regularizar-informacoes-sobre-diarias-no-portal-da-transparencia\/#primaryimage"},"image":{"@id":"https:\/\/www.mpc.pr.gov.br\/index.php\/municipio-de-nova-santa-barbara-deve-regularizar-informacoes-sobre-diarias-no-portal-da-transparencia\/#primaryimage"},"thumbnailUrl":"https:\/\/www.mpc.pr.gov.br\/wp-content\/uploads\/2024\/08\/nova-santa-barbara-.png","datePublished":"2024-08-06T12:08:08+00:00","dateModified":"2024-08-19T19:40:20+00:00","breadcrumb":{"@id":"https:\/\/www.mpc.pr.gov.br\/index.php\/municipio-de-nova-santa-barbara-deve-regularizar-informacoes-sobre-diarias-no-portal-da-transparencia\/#breadcrumb"},"inLanguage":"pt-BR","potentialAction":[{"@type":"ReadAction","target":["https:\/\/www.mpc.pr.gov.br\/index.php\/municipio-de-nova-santa-barbara-deve-regularizar-informacoes-sobre-diarias-no-portal-da-transparencia\/"]}]},{"@type":"ImageObject","inLanguage":"pt-BR","@id":"https:\/\/www.mpc.pr.gov.br\/index.php\/municipio-de-nova-santa-barbara-deve-regularizar-informacoes-sobre-diarias-no-portal-da-transparencia\/#primaryimage","url":"https:\/\/www.mpc.pr.gov.br\/wp-content\/uploads\/2024\/08\/nova-santa-barbara-.png","contentUrl":"https:\/\/www.mpc.pr.gov.br\/wp-content\/uploads\/2024\/08\/nova-santa-barbara-.png","width":353,"height":357,"caption":"Lupa pesquisando em frente ao computador. Foto: gerada por IA."},{"@type":"BreadcrumbList","@id":"https:\/\/www.mpc.pr.gov.br\/index.php\/municipio-de-nova-santa-barbara-deve-regularizar-informacoes-sobre-diarias-no-portal-da-transparencia\/#breadcrumb","itemListElement":[{"@type":"ListItem","position":1,"name":"In\u00edcio","item":"https:\/\/www.mpc.pr.gov.br\/"},{"@type":"ListItem","position":2,"name":"Munic\u00edpio de Nova Santa B\u00e1rbara deve regularizar informa\u00e7\u00f5es sobre di\u00e1rias no portal da transpar\u00eancia"}]},{"@type":"WebSite","@id":"https:\/\/www.mpc.pr.gov.br\/#website","url":"https:\/\/www.mpc.pr.gov.br\/","name":"Minist\u00e9rio P\u00fablico de Contas do Estado do Paran\u00e1","description":"","publisher":{"@id":"https:\/\/www.mpc.pr.gov.br\/#organization"},"potentialAction":[{"@type":"SearchAction","target":{"@type":"EntryPoint","urlTemplate":"https:\/\/www.mpc.pr.gov.br\/?s={search_term_string}"},"query-input":{"@type":"PropertyValueSpecification","valueRequired":true,"valueName":"search_term_string"}}],"inLanguage":"pt-BR"},{"@type":"Organization","@id":"https:\/\/www.mpc.pr.gov.br\/#organization","name":"Minist\u00e9rio P\u00fablico de Contas do Estado do Paran\u00e1","url":"https:\/\/www.mpc.pr.gov.br\/","logo":{"@type":"ImageObject","inLanguage":"pt-BR","@id":"https:\/\/www.mpc.pr.gov.br\/#\/schema\/logo\/image\/","url":"https:\/\/www.mpc.pr.gov.br\/wp-content\/uploads\/2020\/06\/99423647_1593460364143890_6706793420720963584_n-1-e1591387983167.png","contentUrl":"https:\/\/www.mpc.pr.gov.br\/wp-content\/uploads\/2020\/06\/99423647_1593460364143890_6706793420720963584_n-1-e1591387983167.png","width":243,"height":73,"caption":"Minist\u00e9rio P\u00fablico de Contas do Estado do Paran\u00e1"},"image":{"@id":"https:\/\/www.mpc.pr.gov.br\/#\/schema\/logo\/image\/"},"sameAs":["https:\/\/www.facebook.com\/mpc.pr","https:\/\/www.instagram.com\/mpc.pr\/?hl=pt-br","https:\/\/www.youtube.com\/channel\/UCHri5oEM8DV0ztX57E0sBSw"]},{"@type":"Person","@id":"https:\/\/www.mpc.pr.gov.br\/#\/schema\/person\/2d83cb8980538d0ec174e8a6284f5e11","name":"mpcontaspr","image":{"@type":"ImageObject","inLanguage":"pt-BR","@id":"https:\/\/secure.gravatar.com\/avatar\/1aef51541db7622e05fd639336c9c9f312c2a618396e2b6ca96846362fc5403f?s=96&d=mm&r=g","url":"https:\/\/secure.gravatar.com\/avatar\/1aef51541db7622e05fd639336c9c9f312c2a618396e2b6ca96846362fc5403f?s=96&d=mm&r=g","contentUrl":"https:\/\/secure.gravatar.com\/avatar\/1aef51541db7622e05fd639336c9c9f312c2a618396e2b6ca96846362fc5403f?s=96&d=mm&r=g","caption":"mpcontaspr"},"sameAs":["http:\/\/www.mpc.pr.gov.br"]}]}},"rttpg_featured_image_url":{"full":["https:\/\/www.mpc.pr.gov.br\/wp-content\/uploads\/2024\/08\/nova-santa-barbara-.png",353,357,false],"landscape":["https:\/\/www.mpc.pr.gov.br\/wp-content\/uploads\/2024\/08\/nova-santa-barbara-.png",353,357,false],"portraits":["https:\/\/www.mpc.pr.gov.br\/wp-content\/uploads\/2024\/08\/nova-santa-barbara-.png",353,357,false],"thumbnail":["https:\/\/www.mpc.pr.gov.br\/wp-content\/uploads\/2024\/08\/nova-santa-barbara-.png",148,150,false],"medium":["https:\/\/www.mpc.pr.gov.br\/wp-content\/uploads\/2024\/08\/nova-santa-barbara-.png",297,300,false],"large":["https:\/\/www.mpc.pr.gov.br\/wp-content\/uploads\/2024\/08\/nova-santa-barbara-.png",353,357,false],"1536x1536":["https:\/\/www.mpc.pr.gov.br\/wp-content\/uploads\/2024\/08\/nova-santa-barbara-.png",353,357,false],"2048x2048":["https:\/\/www.mpc.pr.gov.br\/wp-content\/uploads\/2024\/08\/nova-santa-barbara-.png",353,357,false],"ocean-thumb-m":["https:\/\/www.mpc.pr.gov.br\/wp-content\/uploads\/2024\/08\/nova-santa-barbara-.png",353,357,false],"ocean-thumb-ml":["https:\/\/www.mpc.pr.gov.br\/wp-content\/uploads\/2024\/08\/nova-santa-barbara-.png",353,357,false],"ocean-thumb-l":["https:\/\/www.mpc.pr.gov.br\/wp-content\/uploads\/2024\/08\/nova-santa-barbara-.png",353,357,false]},"rttpg_author":{"display_name":"mpcontaspr","author_link":"https:\/\/www.mpc.pr.gov.br\/index.php\/author\/mpcontaspr\/"},"rttpg_comment":1,"rttpg_category":"<a href=\"https:\/\/www.mpc.pr.gov.br\/index.php\/category\/todas-as-noticias\/\" rel=\"category tag\">Todas as not\u00edcias<\/a>","rttpg_excerpt":"O Tribunal de Contas do Estado (TCE-PR) julgou procedente den\u00fancia apresentada conta o Munic\u00edpio de Nova Santa B\u00e1rbara, em raz\u00e3o da insufici\u00eancia de informa\u00e7\u00f5es relativas \u00e0s di\u00e1rias cadastradas no portal da transpar\u00eancia municipal. Na decis\u00e3o, tamb\u00e9m foi determinado que o ente promova a inclus\u00e3o, por interm\u00e9dio de Extrato de Empenho e de forma pormenorizada, de&hellip;","_links":{"self":[{"href":"https:\/\/www.mpc.pr.gov.br\/index.php\/wp-json\/wp\/v2\/posts\/20984","targetHints":{"allow":["GET"]}}],"collection":[{"href":"https:\/\/www.mpc.pr.gov.br\/index.php\/wp-json\/wp\/v2\/posts"}],"about":[{"href":"https:\/\/www.mpc.pr.gov.br\/index.php\/wp-json\/wp\/v2\/types\/post"}],"author":[{"embeddable":true,"href":"https:\/\/www.mpc.pr.gov.br\/index.php\/wp-json\/wp\/v2\/users\/1"}],"replies":[{"embeddable":true,"href":"https:\/\/www.mpc.pr.gov.br\/index.php\/wp-json\/wp\/v2\/comments?post=20984"}],"version-history":[{"count":2,"href":"https:\/\/www.mpc.pr.gov.br\/index.php\/wp-json\/wp\/v2\/posts\/20984\/revisions"}],"predecessor-version":[{"id":21004,"href":"https:\/\/www.mpc.pr.gov.br\/index.php\/wp-json\/wp\/v2\/posts\/20984\/revisions\/21004"}],"wp:featuredmedia":[{"embeddable":true,"href":"https:\/\/www.mpc.pr.gov.br\/index.php\/wp-json\/wp\/v2\/media\/20985"}],"wp:attachment":[{"href":"https:\/\/www.mpc.pr.gov.br\/index.php\/wp-json\/wp\/v2\/media?parent=20984"}],"wp:term":[{"taxonomy":"category","embeddable":true,"href":"https:\/\/www.mpc.pr.gov.br\/index.php\/wp-json\/wp\/v2\/categories?post=20984"},{"taxonomy":"post_tag","embeddable":true,"href":"https:\/\/www.mpc.pr.gov.br\/index.php\/wp-json\/wp\/v2\/tags?post=20984"}],"curies":[{"name":"wp","href":"https:\/\/api.w.org\/{rel}","templated":true}]}}